{"id":513,"date":"2014-08-21T21:50:48","date_gmt":"2014-08-21T19:50:48","guid":{"rendered":"http:\/\/wincentianie.pl\/?p=513"},"modified":"2016-08-26T11:03:53","modified_gmt":"2016-08-26T09:03:53","slug":"apel-o-wsparcie-pomocy-humanitarnej-dla-iraku","status":"publish","type":"post","link":"https:\/\/vincentians.com\/pl\/2014\/08\/apel-o-wsparcie-pomocy-humanitarnej-dla-iraku\/","title":{"rendered":"Apel o wsparcie pomocy humanitarnej dla Iraku"},"content":{"rendered":"<p style=\"text-align: right\"><a href=\"https:\/\/i0.wp.com\/wincentianie.pl\/wp-content\/uploads\/2014\/08\/vincentians4iraq-Thio-565-POL.jpg\"><img data-recalc-dims=\"1\" loading=\"lazy\" decoding=\"async\" class=\"aligncenter size-full wp-image-516\" src=\"https:\/\/i0.wp.com\/wincentianie.pl\/wp-content\/uploads\/2014\/08\/vincentians4iraq-Thio-565-POL.jpg?resize=565%2C190\" alt=\"vincentians4iraq Thio 565 POL\" width=\"565\" height=\"190\" \/><\/a>19 sierpnia 2014<\/p>\n<p style=\"padding-left: 30px\"><strong>Drodzy Wincentianie,<\/strong><\/p>\n<p style=\"padding-left: 30px\"><em>Niech Pok\u00f3j i Mi\u0142o\u015b\u0107 Chrystusa b\u0119d\u0105 z Wami.<\/em><\/p>\n<p style=\"text-align: justify\">Spojrzyjcie prosz\u0119 na Ok\u00f3lnik Ks. Gregory&#8217;ego Gay&#8217;a, Prze\u0142o\u017conego Generalnego Zgromadzenia Misji z 15 sierpnia 2014 szczeg\u00f3lnie w odniesieniu do okrucie\u0144stwa maj\u0105cego miejsce w p\u00f3\u0142nocnym Iraku, kt\u00f3re spowodowa\u0142o \u015bmier\u0107 i niedol\u0119 tysi\u0119cy ludzi i chrze\u015bcijan, kt\u00f3re dotkn\u0119\u0142y r\u00f3wnie\u017c cz\u0142onk\u00f3w Stowarzyszenia \u015bw. Wincentego a Paulo.<\/p>\n<p style=\"text-align: justify\">Komisja ds. Pomocy Mi\u0119dzynarodowej i Rozwoju (CIAD) CGI wsp\u00f3lnie z SSVP Liban i SSVP Palestyna zajmuje si\u0119 dostarczaniem pomocy humanitarnej uchod\u017acom i wysiedle\u0144com w Iraku jak r\u00f3wnie\u017c w Strefie Gazy ogarni\u0119tych wojennym kryzysem. Fundusze dost\u0119pne w CIAD za po\u015brednictwem Og\u00f3lnego Funduszu Katastrof i Solidarno\u015bci s\u0105 ograniczone o czym informowali\u015bmy Was w opublikowanym w ubieg\u0142ym miesi\u0105cu Ok\u00f3lniku. Mo\u017cemy dostarczy\u0107 ograniczon\u0105 ilo\u015b\u0107 pomocy. Dlatego pilnie apelujemy do Was o darowizny\/ofiary, aby\u015bmy mogli podj\u0105\u0107 si\u0119 udzieleniu pomocy humanitarnej cierpi\u0105cym i prze\u015bladowanym Irakijczykom. Oczekujemy waszego wsp\u00f3\u0142czucia i szczodro\u015bci w przekazywaniu darowizn do Mi\u0119dzynarodowej Konfederacji Generalnej (CGI) na rzecz &#8222;Og\u00f3lnego Funduszu Katastrof i Solidarno\u015bci&#8221;, aby\u015bmy mogli wi\u0119cej uczyni\u0107 dla ofiar tego straszliwego kryzysu.<\/p>\n<p>Ofiary i darowizny dla Rady Generalnej prosimy przesy\u0142a\u0107 na konto bankowe biura CGI w Pary\u017cu:<\/p>\n<p style=\"padding-left: 30px\">Nazwa Banku: <strong>CIC PARIS BAC<\/strong><br \/>\nnumer konta (IBAN): <strong>FR76 3006 6100 4100 0105 8120 129<\/strong><br \/>\nkod BIC\/SWIFT: <strong>CMCIFRPP<\/strong><br \/>\nPosiadacz rachunku: <strong>Conf\u00e9d\u00e9ration Internationale Soci\u00e9t\u00e9 de St Vincent de Paul Conseil G\u00e9n\u00e9ral<\/strong><br \/>\nTytu\u0142 p\u0142atno\u015bci: <strong>\u201cFonds G\u00e9n\u00e9ral Catastrophes et Solidarit\u00e9 du CGI\u201d<\/strong><\/p>\n<p>Z\u0142\u0105czmy si\u0119 w specjalnej modlitwie za ludno\u015b\u0107 Iraku oraz o to by ta przera\u017caj\u0105ca sytuacja, kt\u00f3r\u0105 prze\u017cywaj\u0105 ust\u0105pi\u0142a a zwyci\u0119\u017cy\u0142 pok\u00f3j i rozs\u0105dek.<\/p>\n<p><em>\u201cSzcz\u0119\u015bliwy ten, kto my\u015bli o biednym i o n\u0119dzarzu, w dniu nieszcz\u0119\u015bcia Pan go ocali&#8221;<\/em> (Psalm 41, 2 )<\/p>\n<p>M\u00f3dlmy si\u0119 o wstawiennictwo Maryi, naszej Matki, \u015bw. Wincentego i B\u0142ogos\u0142awionego Fryderyka. M\u00f3dlmy si\u0119 do cudownego imienia Jezusa. \u0141aska i b\u0142ogos\u0142awie\u0144stwo Bo\u017ce niech b\u0119d\u0105 z Wami wszystkimi.<\/p>\n<p>Szczerze Wam oddany<\/p>\n<p><strong>Dr. Michael Thio<\/strong><br \/>\n<strong> Przewodnicz\u0105cy Generalny<\/strong><\/p>\n<p><\/a><\/p>\n","protected":false},"excerpt":{"rendered":"<p>Dr Michael Thio, Prewodnicz\u0105cy Generalny Stowarzyszenia \u015bw. Wincentego a Paulo apeluje do Rodziny Wincenty\u0144skiej o wsparcie  pomocy humanitarnej dla prze\u015bladowanej ludno\u015bci Iraku organizowanej przez Stowarzyszenie. W swoim li\u015bcie prezentuje konkretne formy pomocy jakich mo\u017cemy udzieli\u0107 w tym celu<\/p>\n","protected":false},"author":6,"featured_media":514,"comment_status":"open","ping_status":"open","sticky":false,"template":"","format":"standard","meta":{"jetpack_post_was_ever_published":false,"_jetpack_newsletter_access":"","_jetpack_dont_email_post_to_subs":false,"_jetpack_newsletter_tier_id":0,"_jetpack_memberships_contains_paywalled_content":false,"_jetpack_memberships_contains_paid_content":false,"footnotes":"","jetpack_publicize_message":"","jetpack_publicize_feature_enabled":true,"jetpack_social_post_already_shared":true,"jetpack_social_options":{"image_generator_settings":{"template":"highway","default_image_id":0,"font":"","enabled":false},"version":2}},"categories":[160,161],"tags":[183,200,186,202,203,116,188,204,117],"class_list":["post-513","post","type-post","status-publish","format-standard","has-post-thumbnail","hentry","category-listyokolniki","category-rodzina-wincentynska","tag-famvin-org","tag-iraq","tag-letters","tag-michael-thio","tag-humanitarian-aid","tag-vincentian-family","tag-scribd","tag-ssvp","tag-vincentians"],"yoast_head":"<!-- This site is optimized with the Yoast SEO plugin v26.3 - https:\/\/yoast.com\/wordpress\/plugins\/seo\/ -->\n<title>Apel o wsparcie pomocy humanitarnej dla Iraku - Jeste\u015bmy Wincentianie<\/title>\n<meta name=\"robots\" content=\"index, follow, max-snippet:-1, max-image-preview:large, max-video-preview:-1\" \/>\n<link rel=\"canonical\" href=\"http:\/\/vincentians.com\/pl\/2014\/08\/apel-o-wsparcie-pomocy-humanitarnej-dla-iraku\/\" \/>\n<meta property=\"og:locale\" content=\"pl_PL\" \/>\n<meta property=\"og:type\" content=\"article\" \/>\n<meta property=\"og:title\" content=\"Apel o wsparcie pomocy humanitarnej dla Iraku - Jeste\u015bmy Wincentianie\" \/>\n<meta property=\"og:description\" content=\"Dr Michael Thio, Prewodnicz\u0105cy Generalny Stowarzyszenia \u015bw. Wincentego a Paulo apeluje do Rodziny Wincenty\u0144skiej o wsparcie pomocy humanitarnej dla prze\u015bladowanej ludno\u015bci Iraku organizowanej przez Stowarzyszenie. W swoim li\u015bcie prezentuje konkretne formy pomocy jakich mo\u017cemy udzieli\u0107 w tym celu\" \/>\n<meta property=\"og:url\" content=\"http:\/\/vincentians.com\/pl\/2014\/08\/apel-o-wsparcie-pomocy-humanitarnej-dla-iraku\/\" \/>\n<meta property=\"og:site_name\" content=\"Jeste\u015bmy Wincentianie\" \/>\n<meta property=\"article:publisher\" content=\"https:\/\/www.facebook.com\/WeAreVincentians\/\" \/>\n<meta property=\"article:published_time\" content=\"2014-08-21T19:50:48+00:00\" \/>\n<meta property=\"article:modified_time\" content=\"2016-08-26T09:03:53+00:00\" \/>\n<meta name=\"author\" content=\"Tomasz Zielinski\" \/>\n<meta name=\"twitter:card\" content=\"summary_large_image\" \/>\n<meta name=\"twitter:creator\" content=\"@tavzain\" \/>\n<meta name=\"twitter:site\" content=\"@WeVincentians\" \/>\n<meta name=\"twitter:label1\" content=\"Napisane przez\" \/>\n\t<meta name=\"twitter:data1\" content=\"Tomasz Zielinski\" \/>\n\t<meta name=\"twitter:label2\" content=\"Szacowany czas czytania\" \/>\n\t<meta name=\"twitter:data2\" content=\"2 minuty\" \/>\n<script type=\"application\/ld+json\" class=\"yoast-schema-graph\">{\"@context\":\"https:\/\/schema.org\",\"@graph\":[{\"@type\":\"Article\",\"@id\":\"http:\/\/vincentians.com\/pl\/2014\/08\/apel-o-wsparcie-pomocy-humanitarnej-dla-iraku\/#article\",\"isPartOf\":{\"@id\":\"http:\/\/vincentians.com\/pl\/2014\/08\/apel-o-wsparcie-pomocy-humanitarnej-dla-iraku\/\"},\"author\":{\"name\":\"Tomasz Zielinski\",\"@id\":\"http:\/\/vincentians.com\/pl\/#\/schema\/person\/3ba38c74ea62b2569034f2919b632749\"},\"headline\":\"Apel o wsparcie pomocy humanitarnej dla Iraku\",\"datePublished\":\"2014-08-21T19:50:48+00:00\",\"dateModified\":\"2016-08-26T09:03:53+00:00\",\"mainEntityOfPage\":{\"@id\":\"http:\/\/vincentians.com\/pl\/2014\/08\/apel-o-wsparcie-pomocy-humanitarnej-dla-iraku\/\"},\"wordCount\":370,\"commentCount\":0,\"publisher\":{\"@id\":\"http:\/\/vincentians.com\/pl\/#organization\"},\"image\":{\"@id\":\"http:\/\/vincentians.com\/pl\/2014\/08\/apel-o-wsparcie-pomocy-humanitarnej-dla-iraku\/#primaryimage\"},\"thumbnailUrl\":\"\",\"keywords\":[\"Famvin.org\",\"Irak\",\"listy\",\"Michael Thio\",\"pomoc humanitarna\",\"Rodzina Wincenty\u0144ska\",\"scribd\",\"SSVP\",\"wincentianie\"],\"articleSection\":[\"Listy\/Ok\u00f3lniki\",\"Rodzina Wincenty\u0144ska\"],\"inLanguage\":\"pl-PL\",\"potentialAction\":[{\"@type\":\"CommentAction\",\"name\":\"Comment\",\"target\":[\"http:\/\/vincentians.com\/pl\/2014\/08\/apel-o-wsparcie-pomocy-humanitarnej-dla-iraku\/#respond\"]}]},{\"@type\":\"WebPage\",\"@id\":\"http:\/\/vincentians.com\/pl\/2014\/08\/apel-o-wsparcie-pomocy-humanitarnej-dla-iraku\/\",\"url\":\"http:\/\/vincentians.com\/pl\/2014\/08\/apel-o-wsparcie-pomocy-humanitarnej-dla-iraku\/\",\"name\":\"Apel o wsparcie pomocy humanitarnej dla Iraku - Jeste\u015bmy Wincentianie\",\"isPartOf\":{\"@id\":\"http:\/\/vincentians.com\/pl\/#website\"},\"primaryImageOfPage\":{\"@id\":\"http:\/\/vincentians.com\/pl\/2014\/08\/apel-o-wsparcie-pomocy-humanitarnej-dla-iraku\/#primaryimage\"},\"image\":{\"@id\":\"http:\/\/vincentians.com\/pl\/2014\/08\/apel-o-wsparcie-pomocy-humanitarnej-dla-iraku\/#primaryimage\"},\"thumbnailUrl\":\"\",\"datePublished\":\"2014-08-21T19:50:48+00:00\",\"dateModified\":\"2016-08-26T09:03:53+00:00\",\"breadcrumb\":{\"@id\":\"http:\/\/vincentians.com\/pl\/2014\/08\/apel-o-wsparcie-pomocy-humanitarnej-dla-iraku\/#breadcrumb\"},\"inLanguage\":\"pl-PL\",\"potentialAction\":[{\"@type\":\"ReadAction\",\"target\":[\"http:\/\/vincentians.com\/pl\/2014\/08\/apel-o-wsparcie-pomocy-humanitarnej-dla-iraku\/\"]}]},{\"@type\":\"ImageObject\",\"inLanguage\":\"pl-PL\",\"@id\":\"http:\/\/vincentians.com\/pl\/2014\/08\/apel-o-wsparcie-pomocy-humanitarnej-dla-iraku\/#primaryimage\",\"url\":\"\",\"contentUrl\":\"\"},{\"@type\":\"BreadcrumbList\",\"@id\":\"http:\/\/vincentians.com\/pl\/2014\/08\/apel-o-wsparcie-pomocy-humanitarnej-dla-iraku\/#breadcrumb\",\"itemListElement\":[{\"@type\":\"ListItem\",\"position\":1,\"name\":\"Portada\",\"item\":\"http:\/\/vincentians.com\/pl\/\"},{\"@type\":\"ListItem\",\"position\":2,\"name\":\"Apel o wsparcie pomocy humanitarnej dla Iraku\"}]},{\"@type\":\"WebSite\",\"@id\":\"http:\/\/vincentians.com\/pl\/#website\",\"url\":\"http:\/\/vincentians.com\/pl\/\",\"name\":\"Jeste\u015bmy Wincentianie\",\"description\":\"Wiedzie\u0107 wi\u0119cej, aby s\u0142u\u017cy\u0107 lepiej\",\"publisher\":{\"@id\":\"http:\/\/vincentians.com\/pl\/#organization\"},\"potentialAction\":[{\"@type\":\"SearchAction\",\"target\":{\"@type\":\"EntryPoint\",\"urlTemplate\":\"http:\/\/vincentians.com\/pl\/?s={search_term_string}\"},\"query-input\":{\"@type\":\"PropertyValueSpecification\",\"valueRequired\":true,\"valueName\":\"search_term_string\"}}],\"inLanguage\":\"pl-PL\"},{\"@type\":\"Organization\",\"@id\":\"http:\/\/vincentians.com\/pl\/#organization\",\"name\":\"The Vincentian Network\",\"url\":\"http:\/\/vincentians.com\/pl\/\",\"logo\":{\"@type\":\"ImageObject\",\"inLanguage\":\"pl-PL\",\"@id\":\"http:\/\/vincentians.com\/pl\/#\/schema\/logo\/image\/\",\"url\":\"https:\/\/i2.wp.com\/vincentians.com\/pl\/wp-content\/uploads\/sites\/13\/2016\/06\/Vincentian-Network-logo-big.png?fit=778%2C778&ssl=1\",\"contentUrl\":\"https:\/\/i2.wp.com\/vincentians.com\/pl\/wp-content\/uploads\/sites\/13\/2016\/06\/Vincentian-Network-logo-big.png?fit=778%2C778&ssl=1\",\"width\":778,\"height\":778,\"caption\":\"The Vincentian Network\"},\"image\":{\"@id\":\"http:\/\/vincentians.com\/pl\/#\/schema\/logo\/image\/\"},\"sameAs\":[\"https:\/\/www.facebook.com\/WeAreVincentians\/\",\"https:\/\/x.com\/WeVincentians\"]},{\"@type\":\"Person\",\"@id\":\"http:\/\/vincentians.com\/pl\/#\/schema\/person\/3ba38c74ea62b2569034f2919b632749\",\"name\":\"Tomasz Zielinski\",\"image\":{\"@type\":\"ImageObject\",\"inLanguage\":\"pl-PL\",\"@id\":\"http:\/\/vincentians.com\/pl\/#\/schema\/person\/image\/\",\"url\":\"https:\/\/secure.gravatar.com\/avatar\/47614a85c1ffd7e67b4ea84c61c5607a8d5a1102ff54acdd9b5b8bc6c8e68e8a?s=96&d=mm&r=g\",\"contentUrl\":\"https:\/\/secure.gravatar.com\/avatar\/47614a85c1ffd7e67b4ea84c61c5607a8d5a1102ff54acdd9b5b8bc6c8e68e8a?s=96&d=mm&r=g\",\"caption\":\"Tomasz Zielinski\"},\"sameAs\":[\"https:\/\/x.com\/tavzain\"],\"url\":\"https:\/\/vincentians.com\/pl\/author\/toma\/\"}]}<\/script>\n<!-- \/ Yoast SEO plugin. -->","yoast_head_json":{"title":"Apel o wsparcie pomocy humanitarnej dla Iraku - Jeste\u015bmy Wincentianie","robots":{"index":"index","follow":"follow","max-snippet":"max-snippet:-1","max-image-preview":"max-image-preview:large","max-video-preview":"max-video-preview:-1"},"canonical":"http:\/\/vincentians.com\/pl\/2014\/08\/apel-o-wsparcie-pomocy-humanitarnej-dla-iraku\/","og_locale":"pl_PL","og_type":"article","og_title":"Apel o wsparcie pomocy humanitarnej dla Iraku - Jeste\u015bmy Wincentianie","og_description":"Dr Michael Thio, Prewodnicz\u0105cy Generalny Stowarzyszenia \u015bw. Wincentego a Paulo apeluje do Rodziny Wincenty\u0144skiej o wsparcie pomocy humanitarnej dla prze\u015bladowanej ludno\u015bci Iraku organizowanej przez Stowarzyszenie. W swoim li\u015bcie prezentuje konkretne formy pomocy jakich mo\u017cemy udzieli\u0107 w tym celu","og_url":"http:\/\/vincentians.com\/pl\/2014\/08\/apel-o-wsparcie-pomocy-humanitarnej-dla-iraku\/","og_site_name":"Jeste\u015bmy Wincentianie","article_publisher":"https:\/\/www.facebook.com\/WeAreVincentians\/","article_published_time":"2014-08-21T19:50:48+00:00","article_modified_time":"2016-08-26T09:03:53+00:00","author":"Tomasz Zielinski","twitter_card":"summary_large_image","twitter_creator":"@tavzain","twitter_site":"@WeVincentians","twitter_misc":{"Napisane przez":"Tomasz Zielinski","Szacowany czas czytania":"2 minuty"},"schema":{"@context":"https:\/\/schema.org","@graph":[{"@type":"Article","@id":"http:\/\/vincentians.com\/pl\/2014\/08\/apel-o-wsparcie-pomocy-humanitarnej-dla-iraku\/#article","isPartOf":{"@id":"http:\/\/vincentians.com\/pl\/2014\/08\/apel-o-wsparcie-pomocy-humanitarnej-dla-iraku\/"},"author":{"name":"Tomasz Zielinski","@id":"http:\/\/vincentians.com\/pl\/#\/schema\/person\/3ba38c74ea62b2569034f2919b632749"},"headline":"Apel o wsparcie pomocy humanitarnej dla Iraku","datePublished":"2014-08-21T19:50:48+00:00","dateModified":"2016-08-26T09:03:53+00:00","mainEntityOfPage":{"@id":"http:\/\/vincentians.com\/pl\/2014\/08\/apel-o-wsparcie-pomocy-humanitarnej-dla-iraku\/"},"wordCount":370,"commentCount":0,"publisher":{"@id":"http:\/\/vincentians.com\/pl\/#organization"},"image":{"@id":"http:\/\/vincentians.com\/pl\/2014\/08\/apel-o-wsparcie-pomocy-humanitarnej-dla-iraku\/#primaryimage"},"thumbnailUrl":"","keywords":["Famvin.org","Irak","listy","Michael Thio","pomoc humanitarna","Rodzina Wincenty\u0144ska","scribd","SSVP","wincentianie"],"articleSection":["Listy\/Ok\u00f3lniki","Rodzina Wincenty\u0144ska"],"inLanguage":"pl-PL","potentialAction":[{"@type":"CommentAction","name":"Comment","target":["http:\/\/vincentians.com\/pl\/2014\/08\/apel-o-wsparcie-pomocy-humanitarnej-dla-iraku\/#respond"]}]},{"@type":"WebPage","@id":"http:\/\/vincentians.com\/pl\/2014\/08\/apel-o-wsparcie-pomocy-humanitarnej-dla-iraku\/","url":"http:\/\/vincentians.com\/pl\/2014\/08\/apel-o-wsparcie-pomocy-humanitarnej-dla-iraku\/","name":"Apel o wsparcie pomocy humanitarnej dla Iraku - Jeste\u015bmy Wincentianie","isPartOf":{"@id":"http:\/\/vincentians.com\/pl\/#website"},"primaryImageOfPage":{"@id":"http:\/\/vincentians.com\/pl\/2014\/08\/apel-o-wsparcie-pomocy-humanitarnej-dla-iraku\/#primaryimage"},"image":{"@id":"http:\/\/vincentians.com\/pl\/2014\/08\/apel-o-wsparcie-pomocy-humanitarnej-dla-iraku\/#primaryimage"},"thumbnailUrl":"","datePublished":"2014-08-21T19:50:48+00:00","dateModified":"2016-08-26T09:03:53+00:00","breadcrumb":{"@id":"http:\/\/vincentians.com\/pl\/2014\/08\/apel-o-wsparcie-pomocy-humanitarnej-dla-iraku\/#breadcrumb"},"inLanguage":"pl-PL","potentialAction":[{"@type":"ReadAction","target":["http:\/\/vincentians.com\/pl\/2014\/08\/apel-o-wsparcie-pomocy-humanitarnej-dla-iraku\/"]}]},{"@type":"ImageObject","inLanguage":"pl-PL","@id":"http:\/\/vincentians.com\/pl\/2014\/08\/apel-o-wsparcie-pomocy-humanitarnej-dla-iraku\/#primaryimage","url":"","contentUrl":""},{"@type":"BreadcrumbList","@id":"http:\/\/vincentians.com\/pl\/2014\/08\/apel-o-wsparcie-pomocy-humanitarnej-dla-iraku\/#breadcrumb","itemListElement":[{"@type":"ListItem","position":1,"name":"Portada","item":"http:\/\/vincentians.com\/pl\/"},{"@type":"ListItem","position":2,"name":"Apel o wsparcie pomocy humanitarnej dla Iraku"}]},{"@type":"WebSite","@id":"http:\/\/vincentians.com\/pl\/#website","url":"http:\/\/vincentians.com\/pl\/","name":"Jeste\u015bmy Wincentianie","description":"Wiedzie\u0107 wi\u0119cej, aby s\u0142u\u017cy\u0107 lepiej","publisher":{"@id":"http:\/\/vincentians.com\/pl\/#organization"},"potentialAction":[{"@type":"SearchAction","target":{"@type":"EntryPoint","urlTemplate":"http:\/\/vincentians.com\/pl\/?s={search_term_string}"},"query-input":{"@type":"PropertyValueSpecification","valueRequired":true,"valueName":"search_term_string"}}],"inLanguage":"pl-PL"},{"@type":"Organization","@id":"http:\/\/vincentians.com\/pl\/#organization","name":"The Vincentian Network","url":"http:\/\/vincentians.com\/pl\/","logo":{"@type":"ImageObject","inLanguage":"pl-PL","@id":"http:\/\/vincentians.com\/pl\/#\/schema\/logo\/image\/","url":"https:\/\/i2.wp.com\/vincentians.com\/pl\/wp-content\/uploads\/sites\/13\/2016\/06\/Vincentian-Network-logo-big.png?fit=778%2C778&ssl=1","contentUrl":"https:\/\/i2.wp.com\/vincentians.com\/pl\/wp-content\/uploads\/sites\/13\/2016\/06\/Vincentian-Network-logo-big.png?fit=778%2C778&ssl=1","width":778,"height":778,"caption":"The Vincentian Network"},"image":{"@id":"http:\/\/vincentians.com\/pl\/#\/schema\/logo\/image\/"},"sameAs":["https:\/\/www.facebook.com\/WeAreVincentians\/","https:\/\/x.com\/WeVincentians"]},{"@type":"Person","@id":"http:\/\/vincentians.com\/pl\/#\/schema\/person\/3ba38c74ea62b2569034f2919b632749","name":"Tomasz Zielinski","image":{"@type":"ImageObject","inLanguage":"pl-PL","@id":"http:\/\/vincentians.com\/pl\/#\/schema\/person\/image\/","url":"https:\/\/secure.gravatar.com\/avatar\/47614a85c1ffd7e67b4ea84c61c5607a8d5a1102ff54acdd9b5b8bc6c8e68e8a?s=96&d=mm&r=g","contentUrl":"https:\/\/secure.gravatar.com\/avatar\/47614a85c1ffd7e67b4ea84c61c5607a8d5a1102ff54acdd9b5b8bc6c8e68e8a?s=96&d=mm&r=g","caption":"Tomasz Zielinski"},"sameAs":["https:\/\/x.com\/tavzain"],"url":"https:\/\/vincentians.com\/pl\/author\/toma\/"}]}},"jetpack_publicize_connections":[],"jetpack_featured_media_url":"","jetpack_sharing_enabled":true,"jetpack_shortlink":"https:\/\/wp.me\/p7K9ty-8h","jetpack-related-posts":[],"_links":{"self":[{"href":"https:\/\/vincentians.com\/pl\/wp-json\/wp\/v2\/posts\/513","targetHints":{"allow":["GET"]}}],"collection":[{"href":"https:\/\/vincentians.com\/pl\/wp-json\/wp\/v2\/posts"}],"about":[{"href":"https:\/\/vincentians.com\/pl\/wp-json\/wp\/v2\/types\/post"}],"author":[{"embeddable":true,"href":"https:\/\/vincentians.com\/pl\/wp-json\/wp\/v2\/users\/6"}],"replies":[{"embeddable":true,"href":"https:\/\/vincentians.com\/pl\/wp-json\/wp\/v2\/comments?post=513"}],"version-history":[{"count":0,"href":"https:\/\/vincentians.com\/pl\/wp-json\/wp\/v2\/posts\/513\/revisions"}],"wp:featuredmedia":[{"embeddable":true,"href":"https:\/\/vincentians.com\/pl\/wp-json\/"}],"wp:attachment":[{"href":"https:\/\/vincentians.com\/pl\/wp-json\/wp\/v2\/media?parent=513"}],"wp:term":[{"taxonomy":"category","embeddable":true,"href":"https:\/\/vincentians.com\/pl\/wp-json\/wp\/v2\/categories?post=513"},{"taxonomy":"post_tag","embeddable":true,"href":"https:\/\/vincentians.com\/pl\/wp-json\/wp\/v2\/tags?post=513"}],"curies":[{"name":"wp","href":"https:\/\/api.w.org\/{rel}","templated":true}]}}