{"id":214,"date":"2012-11-05T04:51:47","date_gmt":"2012-11-05T03:51:47","guid":{"rendered":"http:\/\/wincentianie.pl\/?p=214"},"modified":"2016-08-26T11:03:55","modified_gmt":"2016-08-26T09:03:55","slug":"svp-konferencja-98","status":"publish","type":"post","link":"https:\/\/vincentians.com\/pl\/2012\/11\/svp-konferencja-98\/","title":{"rendered":"\u015aw. Wincenty a Paulo: Konferencja 98 &#8211; o studiach"},"content":{"rendered":"<p style=\"text-align: justify\"><span style=\"text-decoration: underline\"><a href=\"https:\/\/i0.wp.com\/wincentianie.pl\/wp-content\/uploads\/2012\/10\/SVP-PeterBasilica-12-220x.jpg\"><img data-recalc-dims=\"1\" loading=\"lazy\" decoding=\"async\" class=\"alignright  wp-image-111\" title=\"SVP-PeterBasilica-12-220x\" src=\"https:\/\/i0.wp.com\/wincentianie.pl\/wp-content\/uploads\/2012\/10\/SVP-PeterBasilica-12-220x.jpg?resize=198%2C198\" alt=\"\" width=\"198\" height=\"198\" \/><\/a>\u00a0<em>(Powt\u00f3rzenie rozmy\u015blania z pa\u017adziernika 1643 r.)<\/em><\/span> W dniu, w kt\u00f3rym rozpoczynano studia, na powt\u00f3rzeniu rozmy\u015blania, Ksi\u0105dz Wincenty wykorzysta\u0142 okazj\u0119, aby poleci\u0107 modlitwom Zgromadzenia student\u00f3w, m\u00f3wi\u0105c \u017ce, je\u015bli mia\u0142o zawsze jak\u0105\u015b spraw\u0119 usilnie polecan\u0105, to zawsze by\u0142a ni\u0105 ta i przytoczy\u0142 kilka powod\u00f3w m\u00f3wi\u0105c:<\/p>\n<p style=\"text-align: justify\"><!--more--> 1. Chocia\u017c wszyscy kap\u0142ani s\u0105 zobowi\u0105zani do tego, aby by\u0107 wykszta\u0142conymi, jednak\u017ce my jeste\u015bmy do tego szczeg\u00f3lnie zobowi\u0105zani z powodu zaj\u0119\u0107 i \u0107wicze\u0144, do kt\u00f3rych Bo\u017ca Opatrzno\u015b\u0107 nas powo\u0142a\u0142a, takich jak rekolekcje ordynand\u00f3w, kierowanie seminariami duchownymi i misje. Jeszcze dobrze, \u017ce do\u015bwiadczenie pozwala zobaczy\u0107, \u017ce ci, kt\u00f3rzy m\u00f3wi\u0105 najbardziej zwyczajnie i popularnie, s\u0105 najowocniejsi. I rzeczywi\u015bcie, moi bracia \u2013 doda\u0142 \u2013 kiedykolwiek widzieli\u015bmy, \u017ceby ci, kt\u00f3rzy bior\u0105 sobie za punkt honoru, aby dobrze m\u00f3wi\u0107 kazania, sprawili dobry owoc? Jednak\u017ce potrzeba wiedzy. I doda\u0142 wi\u0119cej, \u017ce ci, kt\u00f3rzy s\u0105 m\u0105drzy i pokorni, s\u0105 skarbem Zgromadzenia, jak dobrzy i pobo\u017cni doktorzy byli skarbem Ko\u015bcio\u0142a.<\/p>\n<p style=\"text-align: justify\">Przytoczy\u0142 jeszcze inny pow\u00f3d, dla kt\u00f3rego poleci\u0142 to z delikatno\u015bci\u0105 i mi\u0142o\u015bci\u0105: to z tego powodu, i\u017c jest to najniebezpieczniejszy stan, nie tylko dla poszczeg\u00f3lnych student\u00f3w, ale nawet dla genera\u0142a Zgromadzenia, kt\u00f3re jest bardzo zainteresowane tym, aby cz\u0142onkowie studiowali, jak nale\u017cy, aby stali si\u0119 zdolnymi do zaj\u0119\u0107, kt\u00f3rymi si\u0119 b\u0119d\u0105 zajmowa\u0107. Zatem, jak naturalnie pragniemy wiedzie\u0107 co\u015b nowego, je\u015bli nie st\u0119pmy tego pragnienia i tej ciekawo\u015bci, nie b\u0119dzie strony lektury, kt\u00f3ra nie mog\u0142aby s\u0142u\u017cy\u0107 pr\u00f3\u017cno\u015bci. I zacz\u0105wszy duchem, sko\u0144czymy cia\u0142em. B\u0119dziemy pragn\u0105\u0107 pokaza\u0107 si\u0119, b\u0119dziemy si\u0119 karmi\u0107 dymem, b\u0119dziemy chcieli tym przewy\u017cszy\u0107 innych, by\u0107 delikatnie szanowani, rozs\u0105dni. I oto, dok\u0105d to zmierza! O, moi bracia, strze\u017cmy<br \/>\nsi\u0119 bardzo, \u017ceby ten duch nie w\u015blizgn\u0105\u0142 si\u0119 do Zgromadzenia! To sprawi\u0142o, \u017ce z\u0142y duch zst\u0105pi\u0142 do piek\u0142a.<br \/>\nPrzytoczy\u0142 tu przyk\u0142ad jednej z najbardziej kwitn\u0105cych wsp\u00f3lnot w Ko\u015bciele Bo\u017cym, , kt\u00f3ra upad\u0142a w mniej ni\u017c sze\u015b\u0107 lat z powodu, \u017ce duch wiedzy i gromadzenia wiedzy o wiedzy w\u015blizgn\u0105\u0142 si\u0119 tam i spowodowa\u0142 niebywa\u0142y nieporz\u0105dek. Doda\u0142 nast\u0119pnie kilka \u015brodk\u00f3w, aby studiowa\u0107 jak nale\u017cy:<br \/>\n1. To znaczy studiowa\u0107 umiarkowanie, chc\u0105c jedynie wiedzie\u0107 rzeczy, kt\u00f3re odpowiadaj\u0105 naszej kondycji.<br \/>\n2. Studiowa\u0107 pokornie, to znaczy nie pragn\u0105\u0107 tylko, \u017ceby si\u0119 wiedzia\u0142o, ani \u017ceby m\u00f3wiono, \u017ce jeste\u015bmy m\u0105drzy; nie chcie\u0107 przodowa\u0107 w tym, ale ust\u0119powa\u0107 wszystkim. O, Ksi\u0119\u017ca \u2013 m\u00f3wi\u0142 \u2013 kto nam da t\u0119 pokor\u0119, kt\u00f3ra nas zachowa! O!, jak trudno spotka\u0107 cz\u0142owieka bardzo m\u0105drego i bardzo pokornego! Jednak\u017ce to nie jest nie do po\u0142\u0105czenia. Widzia\u0142em \u015bwi\u0119tego cz\u0142owieka, ojca jezuit\u0119, nazywanego&#8230;, kt\u00f3ry by\u0142 bardzo wykszta\u0142cony. I z ca\u0142\u0105 swoj\u0105 wiedz\u0105, by\u0142 tak pokorny, \u017ce nie przypomina mi si\u0119, bym widzia\u0142 dusz\u0119 tak pokorn\u0105, jak ta. Widzieli\u015bmy jeszcze dobrego Ksi\u0119dza Duval, dobrego doktora, bardzo m\u0105drego i zarazem tak pokornego i tak prostego, \u017ce nie mo\u017cna bardziej.<br \/>\n3. Trzeba studiowa\u0107 w taki spos\u00f3b, \u017ceby mi\u0142o\u015b\u0107 by\u0142a odpowiednia do wiedzy, szczeg\u00f3lnie dla tych, kt\u00f3rzy studiuj\u0105 teologi\u0119 i w spos\u00f3b Ksi\u0119dza Kardyna\u0142a de B\u00e9rulle, kt\u00f3ry natychmiast, gdy pozna\u0142 jak\u0105\u015b prawd\u0119, oddawa\u0142 si\u0119 Bogu albo \u017ceby praktykowa\u0107 t\u0119 rzecz, albo aby wej\u015b\u0107 w te uczucia, albo aby wzbudza\u0107 jej akty. I przez te \u015brodki osi\u0105gn\u0105\u0142 \u015bwi\u0119to\u015b\u0107 i wiedz\u0119 tak mocne, \u017ce zaledwie mo\u017cna znale\u017a\u0107 podobn\u0105.<\/p>\n<p style=\"text-align: justify\">Wreszcie podsumowa\u0142 tak: Potrzeba wiedzy, moi Bracia, i biada tym, kt\u00f3rzy nie wykorzystaliby dobrze czasu! Ale b\u00f3jmy si\u0119, b\u00f3jmy si\u0119, moi Bracia, i, je\u015bli o\u015bmielam si\u0119 to m\u00f3wi\u0107, dr\u017cyjmy i dr\u017cyjmy tysi\u0105ckro\u0107 bardziej, ni\u017c potrafi\u0119 powiedzie\u0107. Poniewa\u017c ci, kt\u00f3rzy maj\u0105 zdolno\u015bci, maj\u0105 wi\u0119cej do obawiania si\u0119: <em>\u201escientia inflat\u201d<\/em> [1. 1Kor 8,1 Je\u017celi chodzi o pokarmy sk\u0142adane bo\u017ckom w ofierze, to oczywi\u015bcie wszyscy posiadamy \u201ewiedz\u0119\u201d. Lecz \u201ewiedza\u201d wbija w pych\u0119, mi\u0142o\u015b\u0107 za\u015b buduje]\u00a0i ci, kt\u00f3rzy maj\u0105 ich mniej, a jeszcze gorzej, je\u015bli si\u0119 nie upokarzaj\u0105!<\/p>\n<hr \/>\n<p><span style=\"color: #666699\"><strong>[*] Pouczenie 98.<\/strong> \u2013 Zbi\u00f3r r\u00f3\u017cnych zach\u0119t, str. 19. P. Coste, t. XI, str. 126-128. <em>Konferencye i przestrogi \u015bwi\u0119tego Wincentego<\/em>, Krak\u00f3w 1909, str. 20-22.<\/span><\/p>\n","protected":false},"excerpt":{"rendered":"<p>\u00a0(Powt\u00f3rzenie rozmy\u015blania z pa\u017adziernika 1643 r.) W dniu, w kt\u00f3rym rozpoczynano studia, na powt\u00f3rzeniu rozmy\u015blania, Ksi\u0105dz Wincenty wykorzysta\u0142 okazj\u0119, aby poleci\u0107 modlitwom Zgromadzenia student\u00f3w, m\u00f3wi\u0105c \u017ce, je\u015bli mia\u0142o zawsze jak\u0105\u015b spraw\u0119 usilnie polecan\u0105, to zawsze &#8230; <a href=\"https:\/\/vincentians.com\/pl\/2012\/11\/svp-konferencja-98\/\" class=\"more-link\">Read More<\/a><\/p>\n","protected":false},"author":6,"featured_media":0,"comment_status":"open","ping_status":"open","sticky":false,"template":"","format":"standard","meta":{"jetpack_post_was_ever_published":false,"_jetpack_newsletter_access":"","_jetpack_dont_email_post_to_subs":false,"_jetpack_newsletter_tier_id":0,"_jetpack_memberships_contains_paywalled_content":false,"_jetpack_memberships_contains_paid_content":false,"footnotes":"","jetpack_publicize_message":"","jetpack_publicize_feature_enabled":true,"jetpack_social_post_already_shared":true,"jetpack_social_options":{"image_generator_settings":{"template":"highway","default_image_id":0,"font":"","enabled":false},"version":2}},"categories":[129,131],"tags":[147,133,127,126,140,148,132],"class_list":["post-214","post","type-post","status-publish","format-standard","hentry","category-writings-of-vincent-de-paul","category-vincent-de-paul","tag-formation","tag-conferences","tag-conferences-and-cautions","tag-coste","tag-instruction","tag-studies","tag-wincenty-a-paulo","no-post-thumbnail"],"yoast_head":"<!-- This site is optimized with the Yoast SEO plugin v26.3 - https:\/\/yoast.com\/wordpress\/plugins\/seo\/ -->\n<title>\u015aw. Wincenty a Paulo: Konferencja 98 - o studiach - Jeste\u015bmy Wincentianie<\/title>\n<meta name=\"robots\" content=\"index, follow, max-snippet:-1, max-image-preview:large, max-video-preview:-1\" \/>\n<link rel=\"canonical\" href=\"https:\/\/vincentians.com\/pl\/2012\/11\/svp-konferencja-98\/\" \/>\n<meta property=\"og:locale\" content=\"pl_PL\" \/>\n<meta property=\"og:type\" content=\"article\" \/>\n<meta property=\"og:title\" content=\"\u015aw. Wincenty a Paulo: Konferencja 98 - o studiach - Jeste\u015bmy Wincentianie\" \/>\n<meta property=\"og:description\" content=\"\u00a0(Powt\u00f3rzenie rozmy\u015blania z pa\u017adziernika 1643 r.) W dniu, w kt\u00f3rym rozpoczynano studia, na powt\u00f3rzeniu rozmy\u015blania, Ksi\u0105dz Wincenty wykorzysta\u0142 okazj\u0119, aby poleci\u0107 modlitwom Zgromadzenia student\u00f3w, m\u00f3wi\u0105c \u017ce, je\u015bli mia\u0142o zawsze jak\u0105\u015b spraw\u0119 usilnie polecan\u0105, to zawsze ... Read More\" \/>\n<meta property=\"og:url\" content=\"https:\/\/vincentians.com\/pl\/2012\/11\/svp-konferencja-98\/\" \/>\n<meta property=\"og:site_name\" content=\"Jeste\u015bmy Wincentianie\" \/>\n<meta property=\"article:publisher\" content=\"https:\/\/www.facebook.com\/WeAreVincentians\/\" \/>\n<meta property=\"article:published_time\" content=\"2012-11-05T03:51:47+00:00\" \/>\n<meta property=\"article:modified_time\" content=\"2016-08-26T09:03:55+00:00\" \/>\n<meta property=\"og:image\" content=\"http:\/\/wincentianie.pl\/wp-content\/uploads\/2012\/10\/SVP-PeterBasilica-12-220x.jpg\" \/>\n<meta name=\"author\" content=\"Tomasz Zielinski\" \/>\n<meta name=\"twitter:card\" content=\"summary_large_image\" \/>\n<meta name=\"twitter:creator\" content=\"@tavzain\" \/>\n<meta name=\"twitter:site\" content=\"@WeVincentians\" \/>\n<meta name=\"twitter:label1\" content=\"Napisane przez\" \/>\n\t<meta name=\"twitter:data1\" content=\"Tomasz Zielinski\" \/>\n\t<meta name=\"twitter:label2\" content=\"Szacowany czas czytania\" \/>\n\t<meta name=\"twitter:data2\" content=\"4 minuty\" \/>\n<script type=\"application\/ld+json\" class=\"yoast-schema-graph\">{\"@context\":\"https:\/\/schema.org\",\"@graph\":[{\"@type\":\"Article\",\"@id\":\"https:\/\/vincentians.com\/pl\/2012\/11\/svp-konferencja-98\/#article\",\"isPartOf\":{\"@id\":\"https:\/\/vincentians.com\/pl\/2012\/11\/svp-konferencja-98\/\"},\"author\":{\"name\":\"Tomasz Zielinski\",\"@id\":\"http:\/\/vincentians.com\/pl\/#\/schema\/person\/3ba38c74ea62b2569034f2919b632749\"},\"headline\":\"\u015aw. Wincenty a Paulo: Konferencja 98 &#8211; o studiach\",\"datePublished\":\"2012-11-05T03:51:47+00:00\",\"dateModified\":\"2016-08-26T09:03:55+00:00\",\"mainEntityOfPage\":{\"@id\":\"https:\/\/vincentians.com\/pl\/2012\/11\/svp-konferencja-98\/\"},\"wordCount\":749,\"commentCount\":0,\"publisher\":{\"@id\":\"http:\/\/vincentians.com\/pl\/#organization\"},\"image\":{\"@id\":\"https:\/\/vincentians.com\/pl\/2012\/11\/svp-konferencja-98\/#primaryimage\"},\"thumbnailUrl\":\"http:\/\/wincentianie.pl\/wp-content\/uploads\/2012\/10\/SVP-PeterBasilica-12-220x.jpg\",\"keywords\":[\"formacja\",\"konferencje\",\"Konferencje i Przestrogi\",\"Pierre Coste\",\"pouczenie\",\"studia\",\"Wincenty a Paulo\"],\"articleSection\":[\"Pisma Wincentego a Paulo\",\"Wincenty a Paulo\"],\"inLanguage\":\"pl-PL\",\"potentialAction\":[{\"@type\":\"CommentAction\",\"name\":\"Comment\",\"target\":[\"https:\/\/vincentians.com\/pl\/2012\/11\/svp-konferencja-98\/#respond\"]}]},{\"@type\":\"WebPage\",\"@id\":\"https:\/\/vincentians.com\/pl\/2012\/11\/svp-konferencja-98\/\",\"url\":\"https:\/\/vincentians.com\/pl\/2012\/11\/svp-konferencja-98\/\",\"name\":\"\u015aw. Wincenty a Paulo: Konferencja 98 - o studiach - Jeste\u015bmy Wincentianie\",\"isPartOf\":{\"@id\":\"http:\/\/vincentians.com\/pl\/#website\"},\"primaryImageOfPage\":{\"@id\":\"https:\/\/vincentians.com\/pl\/2012\/11\/svp-konferencja-98\/#primaryimage\"},\"image\":{\"@id\":\"https:\/\/vincentians.com\/pl\/2012\/11\/svp-konferencja-98\/#primaryimage\"},\"thumbnailUrl\":\"http:\/\/wincentianie.pl\/wp-content\/uploads\/2012\/10\/SVP-PeterBasilica-12-220x.jpg\",\"datePublished\":\"2012-11-05T03:51:47+00:00\",\"dateModified\":\"2016-08-26T09:03:55+00:00\",\"breadcrumb\":{\"@id\":\"https:\/\/vincentians.com\/pl\/2012\/11\/svp-konferencja-98\/#breadcrumb\"},\"inLanguage\":\"pl-PL\",\"potentialAction\":[{\"@type\":\"ReadAction\",\"target\":[\"https:\/\/vincentians.com\/pl\/2012\/11\/svp-konferencja-98\/\"]}]},{\"@type\":\"ImageObject\",\"inLanguage\":\"pl-PL\",\"@id\":\"https:\/\/vincentians.com\/pl\/2012\/11\/svp-konferencja-98\/#primaryimage\",\"url\":\"http:\/\/wincentianie.pl\/wp-content\/uploads\/2012\/10\/SVP-PeterBasilica-12-220x.jpg\",\"contentUrl\":\"http:\/\/wincentianie.pl\/wp-content\/uploads\/2012\/10\/SVP-PeterBasilica-12-220x.jpg\"},{\"@type\":\"BreadcrumbList\",\"@id\":\"https:\/\/vincentians.com\/pl\/2012\/11\/svp-konferencja-98\/#breadcrumb\",\"itemListElement\":[{\"@type\":\"ListItem\",\"position\":1,\"name\":\"Portada\",\"item\":\"http:\/\/vincentians.com\/pl\/\"},{\"@type\":\"ListItem\",\"position\":2,\"name\":\"\u015aw. Wincenty a Paulo: Konferencja 98 &#8211; o studiach\"}]},{\"@type\":\"WebSite\",\"@id\":\"http:\/\/vincentians.com\/pl\/#website\",\"url\":\"http:\/\/vincentians.com\/pl\/\",\"name\":\"Jeste\u015bmy Wincentianie\",\"description\":\"Wiedzie\u0107 wi\u0119cej, aby s\u0142u\u017cy\u0107 lepiej\",\"publisher\":{\"@id\":\"http:\/\/vincentians.com\/pl\/#organization\"},\"potentialAction\":[{\"@type\":\"SearchAction\",\"target\":{\"@type\":\"EntryPoint\",\"urlTemplate\":\"http:\/\/vincentians.com\/pl\/?s={search_term_string}\"},\"query-input\":{\"@type\":\"PropertyValueSpecification\",\"valueRequired\":true,\"valueName\":\"search_term_string\"}}],\"inLanguage\":\"pl-PL\"},{\"@type\":\"Organization\",\"@id\":\"http:\/\/vincentians.com\/pl\/#organization\",\"name\":\"The Vincentian Network\",\"url\":\"http:\/\/vincentians.com\/pl\/\",\"logo\":{\"@type\":\"ImageObject\",\"inLanguage\":\"pl-PL\",\"@id\":\"http:\/\/vincentians.com\/pl\/#\/schema\/logo\/image\/\",\"url\":\"https:\/\/i2.wp.com\/vincentians.com\/pl\/wp-content\/uploads\/sites\/13\/2016\/06\/Vincentian-Network-logo-big.png?fit=778%2C778&ssl=1\",\"contentUrl\":\"https:\/\/i2.wp.com\/vincentians.com\/pl\/wp-content\/uploads\/sites\/13\/2016\/06\/Vincentian-Network-logo-big.png?fit=778%2C778&ssl=1\",\"width\":778,\"height\":778,\"caption\":\"The Vincentian Network\"},\"image\":{\"@id\":\"http:\/\/vincentians.com\/pl\/#\/schema\/logo\/image\/\"},\"sameAs\":[\"https:\/\/www.facebook.com\/WeAreVincentians\/\",\"https:\/\/x.com\/WeVincentians\"]},{\"@type\":\"Person\",\"@id\":\"http:\/\/vincentians.com\/pl\/#\/schema\/person\/3ba38c74ea62b2569034f2919b632749\",\"name\":\"Tomasz Zielinski\",\"image\":{\"@type\":\"ImageObject\",\"inLanguage\":\"pl-PL\",\"@id\":\"http:\/\/vincentians.com\/pl\/#\/schema\/person\/image\/\",\"url\":\"https:\/\/secure.gravatar.com\/avatar\/47614a85c1ffd7e67b4ea84c61c5607a8d5a1102ff54acdd9b5b8bc6c8e68e8a?s=96&d=mm&r=g\",\"contentUrl\":\"https:\/\/secure.gravatar.com\/avatar\/47614a85c1ffd7e67b4ea84c61c5607a8d5a1102ff54acdd9b5b8bc6c8e68e8a?s=96&d=mm&r=g\",\"caption\":\"Tomasz Zielinski\"},\"sameAs\":[\"https:\/\/x.com\/tavzain\"],\"url\":\"https:\/\/vincentians.com\/pl\/author\/toma\/\"}]}<\/script>\n<!-- \/ Yoast SEO plugin. -->","yoast_head_json":{"title":"\u015aw. Wincenty a Paulo: Konferencja 98 - o studiach - Jeste\u015bmy Wincentianie","robots":{"index":"index","follow":"follow","max-snippet":"max-snippet:-1","max-image-preview":"max-image-preview:large","max-video-preview":"max-video-preview:-1"},"canonical":"https:\/\/vincentians.com\/pl\/2012\/11\/svp-konferencja-98\/","og_locale":"pl_PL","og_type":"article","og_title":"\u015aw. Wincenty a Paulo: Konferencja 98 - o studiach - Jeste\u015bmy Wincentianie","og_description":"\u00a0(Powt\u00f3rzenie rozmy\u015blania z pa\u017adziernika 1643 r.) W dniu, w kt\u00f3rym rozpoczynano studia, na powt\u00f3rzeniu rozmy\u015blania, Ksi\u0105dz Wincenty wykorzysta\u0142 okazj\u0119, aby poleci\u0107 modlitwom Zgromadzenia student\u00f3w, m\u00f3wi\u0105c \u017ce, je\u015bli mia\u0142o zawsze jak\u0105\u015b spraw\u0119 usilnie polecan\u0105, to zawsze ... Read More","og_url":"https:\/\/vincentians.com\/pl\/2012\/11\/svp-konferencja-98\/","og_site_name":"Jeste\u015bmy Wincentianie","article_publisher":"https:\/\/www.facebook.com\/WeAreVincentians\/","article_published_time":"2012-11-05T03:51:47+00:00","article_modified_time":"2016-08-26T09:03:55+00:00","og_image":[{"url":"http:\/\/wincentianie.pl\/wp-content\/uploads\/2012\/10\/SVP-PeterBasilica-12-220x.jpg","type":"","width":"","height":""}],"author":"Tomasz Zielinski","twitter_card":"summary_large_image","twitter_creator":"@tavzain","twitter_site":"@WeVincentians","twitter_misc":{"Napisane przez":"Tomasz Zielinski","Szacowany czas czytania":"4 minuty"},"schema":{"@context":"https:\/\/schema.org","@graph":[{"@type":"Article","@id":"https:\/\/vincentians.com\/pl\/2012\/11\/svp-konferencja-98\/#article","isPartOf":{"@id":"https:\/\/vincentians.com\/pl\/2012\/11\/svp-konferencja-98\/"},"author":{"name":"Tomasz Zielinski","@id":"http:\/\/vincentians.com\/pl\/#\/schema\/person\/3ba38c74ea62b2569034f2919b632749"},"headline":"\u015aw. Wincenty a Paulo: Konferencja 98 &#8211; o studiach","datePublished":"2012-11-05T03:51:47+00:00","dateModified":"2016-08-26T09:03:55+00:00","mainEntityOfPage":{"@id":"https:\/\/vincentians.com\/pl\/2012\/11\/svp-konferencja-98\/"},"wordCount":749,"commentCount":0,"publisher":{"@id":"http:\/\/vincentians.com\/pl\/#organization"},"image":{"@id":"https:\/\/vincentians.com\/pl\/2012\/11\/svp-konferencja-98\/#primaryimage"},"thumbnailUrl":"http:\/\/wincentianie.pl\/wp-content\/uploads\/2012\/10\/SVP-PeterBasilica-12-220x.jpg","keywords":["formacja","konferencje","Konferencje i Przestrogi","Pierre Coste","pouczenie","studia","Wincenty a Paulo"],"articleSection":["Pisma Wincentego a Paulo","Wincenty a Paulo"],"inLanguage":"pl-PL","potentialAction":[{"@type":"CommentAction","name":"Comment","target":["https:\/\/vincentians.com\/pl\/2012\/11\/svp-konferencja-98\/#respond"]}]},{"@type":"WebPage","@id":"https:\/\/vincentians.com\/pl\/2012\/11\/svp-konferencja-98\/","url":"https:\/\/vincentians.com\/pl\/2012\/11\/svp-konferencja-98\/","name":"\u015aw. Wincenty a Paulo: Konferencja 98 - o studiach - Jeste\u015bmy Wincentianie","isPartOf":{"@id":"http:\/\/vincentians.com\/pl\/#website"},"primaryImageOfPage":{"@id":"https:\/\/vincentians.com\/pl\/2012\/11\/svp-konferencja-98\/#primaryimage"},"image":{"@id":"https:\/\/vincentians.com\/pl\/2012\/11\/svp-konferencja-98\/#primaryimage"},"thumbnailUrl":"http:\/\/wincentianie.pl\/wp-content\/uploads\/2012\/10\/SVP-PeterBasilica-12-220x.jpg","datePublished":"2012-11-05T03:51:47+00:00","dateModified":"2016-08-26T09:03:55+00:00","breadcrumb":{"@id":"https:\/\/vincentians.com\/pl\/2012\/11\/svp-konferencja-98\/#breadcrumb"},"inLanguage":"pl-PL","potentialAction":[{"@type":"ReadAction","target":["https:\/\/vincentians.com\/pl\/2012\/11\/svp-konferencja-98\/"]}]},{"@type":"ImageObject","inLanguage":"pl-PL","@id":"https:\/\/vincentians.com\/pl\/2012\/11\/svp-konferencja-98\/#primaryimage","url":"http:\/\/wincentianie.pl\/wp-content\/uploads\/2012\/10\/SVP-PeterBasilica-12-220x.jpg","contentUrl":"http:\/\/wincentianie.pl\/wp-content\/uploads\/2012\/10\/SVP-PeterBasilica-12-220x.jpg"},{"@type":"BreadcrumbList","@id":"https:\/\/vincentians.com\/pl\/2012\/11\/svp-konferencja-98\/#breadcrumb","itemListElement":[{"@type":"ListItem","position":1,"name":"Portada","item":"http:\/\/vincentians.com\/pl\/"},{"@type":"ListItem","position":2,"name":"\u015aw. Wincenty a Paulo: Konferencja 98 &#8211; o studiach"}]},{"@type":"WebSite","@id":"http:\/\/vincentians.com\/pl\/#website","url":"http:\/\/vincentians.com\/pl\/","name":"Jeste\u015bmy Wincentianie","description":"Wiedzie\u0107 wi\u0119cej, aby s\u0142u\u017cy\u0107 lepiej","publisher":{"@id":"http:\/\/vincentians.com\/pl\/#organization"},"potentialAction":[{"@type":"SearchAction","target":{"@type":"EntryPoint","urlTemplate":"http:\/\/vincentians.com\/pl\/?s={search_term_string}"},"query-input":{"@type":"PropertyValueSpecification","valueRequired":true,"valueName":"search_term_string"}}],"inLanguage":"pl-PL"},{"@type":"Organization","@id":"http:\/\/vincentians.com\/pl\/#organization","name":"The Vincentian Network","url":"http:\/\/vincentians.com\/pl\/","logo":{"@type":"ImageObject","inLanguage":"pl-PL","@id":"http:\/\/vincentians.com\/pl\/#\/schema\/logo\/image\/","url":"https:\/\/i2.wp.com\/vincentians.com\/pl\/wp-content\/uploads\/sites\/13\/2016\/06\/Vincentian-Network-logo-big.png?fit=778%2C778&ssl=1","contentUrl":"https:\/\/i2.wp.com\/vincentians.com\/pl\/wp-content\/uploads\/sites\/13\/2016\/06\/Vincentian-Network-logo-big.png?fit=778%2C778&ssl=1","width":778,"height":778,"caption":"The Vincentian Network"},"image":{"@id":"http:\/\/vincentians.com\/pl\/#\/schema\/logo\/image\/"},"sameAs":["https:\/\/www.facebook.com\/WeAreVincentians\/","https:\/\/x.com\/WeVincentians"]},{"@type":"Person","@id":"http:\/\/vincentians.com\/pl\/#\/schema\/person\/3ba38c74ea62b2569034f2919b632749","name":"Tomasz Zielinski","image":{"@type":"ImageObject","inLanguage":"pl-PL","@id":"http:\/\/vincentians.com\/pl\/#\/schema\/person\/image\/","url":"https:\/\/secure.gravatar.com\/avatar\/47614a85c1ffd7e67b4ea84c61c5607a8d5a1102ff54acdd9b5b8bc6c8e68e8a?s=96&d=mm&r=g","contentUrl":"https:\/\/secure.gravatar.com\/avatar\/47614a85c1ffd7e67b4ea84c61c5607a8d5a1102ff54acdd9b5b8bc6c8e68e8a?s=96&d=mm&r=g","caption":"Tomasz Zielinski"},"sameAs":["https:\/\/x.com\/tavzain"],"url":"https:\/\/vincentians.com\/pl\/author\/toma\/"}]}},"jetpack_publicize_connections":[],"jetpack_featured_media_url":"","jetpack_sharing_enabled":true,"jetpack_shortlink":"https:\/\/wp.me\/p7K9ty-3s","jetpack-related-posts":[],"_links":{"self":[{"href":"https:\/\/vincentians.com\/pl\/wp-json\/wp\/v2\/posts\/214","targetHints":{"allow":["GET"]}}],"collection":[{"href":"https:\/\/vincentians.com\/pl\/wp-json\/wp\/v2\/posts"}],"about":[{"href":"https:\/\/vincentians.com\/pl\/wp-json\/wp\/v2\/types\/post"}],"author":[{"embeddable":true,"href":"https:\/\/vincentians.com\/pl\/wp-json\/wp\/v2\/users\/6"}],"replies":[{"embeddable":true,"href":"https:\/\/vincentians.com\/pl\/wp-json\/wp\/v2\/comments?post=214"}],"version-history":[{"count":0,"href":"https:\/\/vincentians.com\/pl\/wp-json\/wp\/v2\/posts\/214\/revisions"}],"wp:attachment":[{"href":"https:\/\/vincentians.com\/pl\/wp-json\/wp\/v2\/media?parent=214"}],"wp:term":[{"taxonomy":"category","embeddable":true,"href":"https:\/\/vincentians.com\/pl\/wp-json\/wp\/v2\/categories?post=214"},{"taxonomy":"post_tag","embeddable":true,"href":"https:\/\/vincentians.com\/pl\/wp-json\/wp\/v2\/tags?post=214"}],"curies":[{"name":"wp","href":"https:\/\/api.w.org\/{rel}","templated":true}]}}