{"id":48995,"date":"2016-08-25T14:00:02","date_gmt":"2016-08-25T12:00:02","guid":{"rendered":"http:\/\/somos.vicencianos.org\/blog\/2011\/09\/il-cristiano-guidato-alla-virtu-ed-alla-civilta-secondo-lo-spirito-di-san-vincenzo-de-paoli-giorno-trentesmiprimo\/"},"modified":"2016-07-25T07:45:49","modified_gmt":"2016-07-25T05:45:49","slug":"il-cristiano-guidato-alla-virtu-ed-alla-civilta-secondo-lo-spirito-di-san-vincenzo-de-paoli-giorno-trentesmiprimo","status":"publish","type":"post","link":"https:\/\/vincentians.com\/it\/il-cristiano-guidato-alla-virtu-ed-alla-civilta-secondo-lo-spirito-di-san-vincenzo-de-paoli-giorno-trentesmiprimo\/","title":{"rendered":"Il cristiano guidato alla virt\u00f9 ed alla civilt\u00e0 secondo lo spirito di San Vincenzo De&#8217; Paoli. Giorno trentesmiprimo"},"content":{"rendered":"<p><strong><strong><strong>Giorno trentesmiprimo. Elogio per la festa del Santo.<\/strong><\/strong><\/strong><\/p>\n<p><em>Dilectus Deo et hominibus<\/em>. Pare difficil cosa il piacere a Dio ed agli uomini; perciocch\u00e8 mentre uno studiasi di piacere a Dio per lo pi\u00f9 incontra l\u2019indignazione dei mondani, i quali punto non capiscono le cose che al Signore riguardano. Tuttavia Vincenzo ebbe il doppio vantaggio di essere amato da Dio e dagli uomini. Il Dator d&#8217;ogni lume ricolmo avevalo de&#8217;suoi pi\u00f9 preziosi favori: Una vita immacolata, una divozione sublime, una fede inconcussa, una prudenza consumata, una pazienza superiore alle malattie le pi\u00f9 acerbe, un coraggio infaticabile tra i santi rigori della penitenza, un&#8217; umilt\u00e0 nemica d&#8217;ogni ambizione, una mirabile facilit\u00e0 a perdonare le ingiurie, e uno zelo per la salvezza delle anime, cui ninna difficolt\u00e0 poteva n\u00e8 rimuovere, n\u00e8 disanimare; ecco alcuni tratti caratteristici di Vincenzo. A, queste doti agiunger conviene l&#8217;amabile sua franchezza, l&#8217;ingenua semplicit\u00e0 ognor guidata in lui dallo spirito di saviezza, la modestia accompagnata da una santa giocondit\u00e0, la tenera compassione verso de&#8217; poveri, l&#8217;attenta ed incessante applicazione per restituire il primiero suo fervore alla religione ed al clero l&#8217;antico splendore. Tal fu Vincenzo: <em>Dilectus Deo<\/em>.<\/p>\n<p>Nato per riparare a grandi inali, ci visse in un tempo in cui l\u2019 eresia e le guerre intestine coperto avevano d&#8217;orrore o di desolazione la Francia intera. Da una parte scosso erasi il giogo della religione, dall&#8217;altra pi\u00f9 non rispettavisi l&#8217;autorit\u00e0 regia. I principi stessi che dovevano frenare la moltitudine davanle il funesto esempio della rivolta. Le provincie divise in vario fazioni stavansi armate le une contro alle altre. Laddove il calvinismo era riuscito a rendersi preponderante, vedevansi rovinato le chiese, rovesciati gli altari, fugati i sacerdoti, oppure barbaramente scannati, vilipesi e indegnamente calpestati i nostri pi\u00f9 santi misteri, abolito il santo sacrifizio degli altari. Qual non fu mai il rammarico di Vincenzo non trovando pi\u00f9 la verit\u00e0 sulle labbra ingannatrici de&#8217;figli degli uomini, e veggendo poltrire ma maggior parte dei pastori in una colpevole inerzia, ed i popoli in una profonda ignoranza? Ma non si stette gi\u00e0 egli ozioso spettatore di mali cotanto gravi, ch\u00e8 anzi ardentemente applicossi a scuotere lo zelo de&#8217; pastori, ad illuminare i popoli, a ristabilire la caduta disciplina. <em>Dilectus Deo<\/em>. Il primo mezzo da lui impiegato fu quello delle missioni. Animato dallo spirito degli Apostoli egli sparse il Vangelo ovunque guidavamo la Provvidenza, autorizzate dai principali pastori. Il successo corrispose ai suoi lavori; riaccese lo zelo del devo, e dove non ali riusc\u00ec di risvegliarlo, vi suppliva per se stesso, e per mezzo di degni operai da lui chiamati a compagni. Per rendere pi\u00f9 fecondo il suo ministero associo a quello gli uffizi tutti della carit\u00e0: credevasi risponsabile di tutto il bene che si trascurasse di fare,e di tutto il male che si commettesse. Osserv\u00f2 che spesso le popolazioni della campagna non erano coltivate n\u00e8 istruite; che gli stessi loro pastori lasciavanle languire nell&#8217;ignoranza e nel disordine. Infiammossi lo zelo di lui a pro di quelle; si cred\u00e8 appositamente spedito por annunziar moro il Vangelo, ed annunziammo con gioia tanto maggiore, quanto che trov\u00f2 presso di loro pi\u00f9 semplice la fede, im cuore pi\u00f9 docile. Percorse con incredibile fatica me borgate, i villaggi, i pi\u00f9 rimoti casali, i pi\u00f9 inaccessibili luoghi. Col\u00e0 penetr\u00f2 in cerca delle anime, vili bensi agli occhi degli nomini ma preziose a quelli di Ges\u00f9 Cristo. Insegn\u00f2 loro i misteri di nostra santa religione, le regole della cristiana morale, e ricondusse alla casa paterna quei figli prodighi. <em>Dilectus Deo et hominibus<\/em>.<\/p>\n<p>Stabilitosi in Parigi, occupato io importanti incumbenze, non gli sfuggirono giammai di mira i suoi amici, vale e dire i poveri. La tenerezza per loro parve nata con lui, rendevasi ad ogni ora pi\u00f9 attiva e pi\u00f9 ingegnosa per iscoprire e sollevare i loro bisogni. Noti havvi maniera di opere di carit\u00e0, per la quale non rinvenisse inesauribili mezzi. I vecchi curvi sotto il peso degli anni, gli orfani, i trovatelli, i condannati alla galera, le intere provincie dalle querre intestine ed estere ridotte alla pi\u00f9 orribile miseria, tutti trovarono in Vincenzo un padre, un liberatore. Agli uni procur\u00f2 la salute, la libert\u00e0 agli altri, a questi una cristiana educazione, a quelli. un onesto ritiro. Per cura di lui sorsero in Parigi magnifici ospedali per servire di ricovero ai poveri che ingombravano la vie di quella citt\u00e0. Non e&#8217; era bisogno che sfuggisse alla immensa carit\u00e0 dei sant&#8217; Uomo, ed affinch\u00e8 non mancasse cosa alcuna all&#8217; eroismo di opere cos\u00ec grandi, alla cura delle anime quella ancora riuniva de&#8217; corpi. <em>Dilectus Deo et hominibus<\/em>.<\/p>\n<p>Fu per tal modo Vincenzo uno di quegli uomini di misericordia, la cui divozione vivr\u00e0 mai sempre nei fasti della Chiesa. \u00c8 Esso cui i re, i principi, i ministri, i vescovi i magistrati, la nobilt\u00e0, il popolo, riguardarono come il Santo del secolo: Egli fu il modello de&#8217; pastori, il padre de&#8217; miseri, l\u2019 appoggio de&#8217; vescovi, il consigliere dei re, il riformatore del clero, il difensore della Chiesa, l\u2019 anima di tutto ci\u00f2 che durante la sua vita si fece di grande per la gloria di Dio. Malgrado la povert\u00e0 di cui faceva professione ha distribuito in vent&#8217;anni elemosine straordinarie. Il suo zelo non conobbe confini tranne quelli imposti all&#8217;universo. Senza uscire di Parigi in movimento metteva la Francia, la Gran Brettagna, l&#8217; Italia e la Polonia. Dopo aver saziato soli&#8217; ogni aspetto gli abitatori delle fredde Ebridi apport\u00f2 nuove fiamme nei caldi climi, e si sforz\u00f2 di santificare ad un tratto e lo schiavo d&#8217;Algeri, e l&#8217;indigeno del Madagascar. Egli \u00e8, le coi virt\u00f9 eressero i propri trofei dell&#8217; uno e dell&#8217; altro popolo; che in tempi ne&#8217;quali la moltitudine de&#8217; peccatori sembrava minacciare la religione di totale rovina seppe sostenerla ad onta de&#8217; loro sforzi. Apr\u00ec alla medesima le case della sua congregazione come altrettanti asili, ed in quelle essa non solamente acquist\u00f2 nuove forze, ma fece innumerabili conquiste. I cristiani, e cui l&#8217;imbarazzo degli affari ed ancor pi\u00f9 le proprio passioni, avevano chiuso gli occhi sulla gloria della celeste loro origine, rinvennero in Vincenzo e ne&#8217; suoi figli altrettante guide illuminale, altrettanti medici caritatevoli, che insegnarono loro a porre In non cote i beni caduchi della terra, ad apprezzare quelli del cielo. Coloro stessi che, apportando un cuore innocente in quei santi ritiri, vi andavano a formare il piano di un&#8217; alta perfezione, trovavano in Vincenzo mirabili esempi d&#8217;ogni virt\u00f9. `Tali furono i frutti degli esercizi spirituali di dieci giorni che Vincenzo stabili nello sue case. Merc\u00e8 della solitudine, del silenzio, degli spirituali colloqui, della preghiera, delle sante letture, la divozione vi rianim\u00f2 e continuamente prosegue a vie pi\u00f9 rinvigorirsi. <em>Dilectus Deo et hominibus<\/em>.<\/p>\n<p>Ma principale cura del santo Sacerdote fu l&#8217;affaticarsi per la riforma del clero, persuase essere questo la sorgente, da cui la religione e la divozione si diffondono sui,popoli onde contribuire a questa grande opera. Vincenzo s&#8217; incaric\u00f2 di preparare, e seconda delle disposizioni dei vescovi, gli ordinandi al santo ministero. A tal fine non risparmi\u00f2 spese n\u00e8 fatiche per metterli alla prova. Istruzioni, preghiere, tutto fu impiegato per animare gli aspiranti a&#8217; sacri ordini e prepararli ad ascender all&#8217; altare coli&#8217; innocenza de&#8217; costumi e col profonde rispetto dovuto alle sante funzioni. Degnossi Iddio di porre il nostro Santo in grado di fare qualche cosa di pi\u00f9, preparando cio\u00e8 dei degni vescovi per le chiese. Chiamato dalla regina madre Anna d&#8217;Austria reggente del regno al consiglio di coscienza contribu\u00ec moltissimo a far innalzare degli uomini apostolici alle primarie dignit\u00e0 della Chiesa: e si pu\u00f2 asserire che il clero di trancia fu a lui debitore del lustro, di&#8217; cui risplendette. Che diremo poi delle conferenze sulla sacra Scrittura, sulla disciplina ecclesiastica, sui costumi de&#8217; pastori, delle quali Vincenzo fu il promotore&#8217; Che diremo della moltitudine do&#8217; seminari di cui forni lo stabilimento, cui diede dei regolamenti ed arricch\u00ec di saggi direttori? <em>Dilectus Deo et hominibus<\/em>.<\/p>\n<p>Le caritatevoli, premure di lui tutto abbracciavano; la salute del corpo egualmente che la salvezza dell anima formavano del pari l&#8217;oggetto di sue vigili cure. Si vedeva abbassarsi alle pi\u00f9 umili funzioni verso i poveri, ed esortare i moribondi con quella eloquenza dolce, insinuante, persuasiva, che animata dalla carit\u00e0 per lo pi\u00f9 trova la ricompensa nel buon successo. Alle riunite loro fatiche sono appunto dovuti quegli stabilimenti che servono d&#8217; asilo alla miseria. Si videro essi posteriormente crescere in gran numero, e mediante la beneficenza de&#8217; popoli, lo zelo de&#8217; ministri e la tenera piet\u00e0 de&#8217; pastori, si moltiplicano eziandio ai giorni nostri sotto la denominazione di ospizi di carit\u00e0. Nell&#8217;Italia, nella Francia, in tutta l\u2019 Europa sonori di tali pii stabilimenti, dove innumerevole quantit\u00e0 di poveri abbandonati trovano scampo alla loro miseria spirituale e temporale. Per tacer di tante altre citt\u00e0, la sola Torino conta due ospedali per fanciulli infermi; una casa pesi trovatelli; un ricovero di mendici; parecchi ospizi di carit\u00e0 per le persone adulte, sane od inferme; infine a&#8217; nostri giorni rediamo gloriosamente trionfare l\u2019 opera colossale della <em>Piccola casa della Divina Provvidenza sotto gli auspizi di S. Vincenzo de&#8217;Paoli<\/em>, dove ogni sorta di miseria umana trova rifugio e sollievo. Tali sono i frutti della semenza sparsa da s. Vincenzo de&#8217;Paoli, di quel grand&#8217; Uomo raro a Dio ed agli uomini. <em>Dilectus Deo et hominibus.<\/em><\/p>\n<p>Mentre noi ammiriamo le sante sue opere, adopriamoci anche per imitar te sue virt\u00f9, e saremo sicuri di venir anche noi cari agli uomini; ma quello che pi\u00f9 importa diverremo cari a Dio, il quale sapr\u00e0 largamente ricompensare ogni nostra azione col ricolmarci di benedizioni in terra per renderci un di partecipi della gloria che i beati, in compagnia di Vincenzo, godono in Cielo per tutti i secoli de&#8217; secoli.<\/p>\n<p><em>Frutto<\/em>. Facciamo del bene mentre siamo in tempo; siccome poi l&#8217;ozio \u00e8 sorgente funesta di tutti i mali: <em>omnem malitiam docet otiositas<\/em>; cos\u00ec la fuga dell&#8217;ozio, l&#8217;occuparsi in cose che tornar possano gradevoli al Signore, conduce alla virt\u00f9, al paradiso. Cos\u00ec sia.<\/p>\n","protected":false},"excerpt":{"rendered":"<p>Giorno trentesmiprimo. Elogio per la festa del Santo. Dilectus Deo et hominibus. Pare difficil cosa il piacere a Dio ed agli uomini; perciocch\u00e8 mentre uno studiasi di piacere a Dio per lo pi\u00f9 incontra l\u2019indignazione &#8230; <a href=\"https:\/\/vincentians.com\/it\/il-cristiano-guidato-alla-virtu-ed-alla-civilta-secondo-lo-spirito-di-san-vincenzo-de-paoli-giorno-trentesmiprimo\/\" class=\"more-link\">Read More<\/a><\/p>\n","protected":false},"author":4,"featured_media":153784,"comment_status":"open","ping_status":"open","sticky":false,"template":"","format":"standard","meta":{"jetpack_post_was_ever_published":false,"_jetpack_newsletter_access":"","_jetpack_dont_email_post_to_subs":false,"_jetpack_newsletter_tier_id":0,"_jetpack_memberships_contains_paywalled_content":false,"_jetpack_memberships_contains_paid_content":false,"footnotes":"","jetpack_publicize_message":"","jetpack_publicize_feature_enabled":true,"jetpack_social_post_already_shared":true,"jetpack_social_options":{"image_generator_settings":{"template":"highway","default_image_id":0,"font":"","enabled":false},"version":2}},"categories":[119],"tags":[],"class_list":["post-48995","post","type-post","status-publish","format-standard","has-post-thumbnail","hentry","category-vincenzo-de-paoli"],"yoast_head":"<!-- This site is optimized with the Yoast SEO plugin v26.3 - https:\/\/yoast.com\/wordpress\/plugins\/seo\/ -->\n<title>Il cristiano guidato alla virt\u00f9 ed alla civilt\u00e0 secondo lo spirito di San Vincenzo De&#039; Paoli. Giorno trentesmiprimo - Siamo Vincenziani<\/title>\n<meta name=\"robots\" content=\"index, follow, max-snippet:-1, max-image-preview:large, max-video-preview:-1\" \/>\n<link rel=\"canonical\" href=\"https:\/\/vincentians.com\/it\/il-cristiano-guidato-alla-virtu-ed-alla-civilta-secondo-lo-spirito-di-san-vincenzo-de-paoli-giorno-trentesmiprimo\/\" \/>\n<meta property=\"og:locale\" content=\"it_IT\" \/>\n<meta property=\"og:type\" content=\"article\" \/>\n<meta property=\"og:title\" content=\"Il cristiano guidato alla virt\u00f9 ed alla civilt\u00e0 secondo lo spirito di San Vincenzo De&#039; Paoli. Giorno trentesmiprimo - Siamo Vincenziani\" \/>\n<meta property=\"og:description\" content=\"Giorno trentesmiprimo. Elogio per la festa del Santo. Dilectus Deo et hominibus. Pare difficil cosa il piacere a Dio ed agli uomini; perciocch\u00e8 mentre uno studiasi di piacere a Dio per lo pi\u00f9 incontra l\u2019indignazione ... Read More\" \/>\n<meta property=\"og:url\" content=\"https:\/\/vincentians.com\/it\/il-cristiano-guidato-alla-virtu-ed-alla-civilta-secondo-lo-spirito-di-san-vincenzo-de-paoli-giorno-trentesmiprimo\/\" \/>\n<meta property=\"og:site_name\" content=\"Siamo Vincenziani\" \/>\n<meta property=\"article:publisher\" content=\"https:\/\/www.facebook.com\/WeAreVincentians\/\" \/>\n<meta property=\"article:author\" content=\"https:\/\/www.facebook.com\/JavierChento\" \/>\n<meta property=\"article:published_time\" content=\"2016-08-25T12:00:02+00:00\" \/>\n<meta property=\"og:image\" content=\"https:\/\/i0.wp.com\/vincentians.com\/it\/wp-content\/uploads\/sites\/12\/2016\/07\/don-bosco-y-san-vicente-de-paul.jpg?fit=1200%2C630&ssl=1\" \/>\n\t<meta property=\"og:image:width\" content=\"1200\" \/>\n\t<meta property=\"og:image:height\" content=\"630\" \/>\n\t<meta property=\"og:image:type\" content=\"image\/jpeg\" \/>\n<meta name=\"author\" content=\"Francisco Javier Fern\u00e1ndez Chento\" \/>\n<meta name=\"twitter:card\" content=\"summary_large_image\" \/>\n<meta name=\"twitter:creator\" content=\"@https:\/\/twitter.com\/javierchento\" \/>\n<meta name=\"twitter:site\" content=\"@WeVincentians\" \/>\n<meta name=\"twitter:label1\" content=\"Scritto da\" \/>\n\t<meta name=\"twitter:data1\" content=\"Francisco Javier Fern\u00e1ndez Chento\" \/>\n\t<meta name=\"twitter:label2\" content=\"Tempo di lettura stimato\" \/>\n\t<meta name=\"twitter:data2\" content=\"8 minuti\" \/>\n<script type=\"application\/ld+json\" class=\"yoast-schema-graph\">{\"@context\":\"https:\/\/schema.org\",\"@graph\":[{\"@type\":\"Article\",\"@id\":\"https:\/\/vincentians.com\/it\/il-cristiano-guidato-alla-virtu-ed-alla-civilta-secondo-lo-spirito-di-san-vincenzo-de-paoli-giorno-trentesmiprimo\/#article\",\"isPartOf\":{\"@id\":\"https:\/\/vincentians.com\/it\/il-cristiano-guidato-alla-virtu-ed-alla-civilta-secondo-lo-spirito-di-san-vincenzo-de-paoli-giorno-trentesmiprimo\/\"},\"author\":{\"name\":\"Francisco Javier Fern\u00e1ndez Chento\",\"@id\":\"https:\/\/vincentians.com\/it\/#\/schema\/person\/9623ef4d9aa3b2dfb8c061f1499288f2\"},\"headline\":\"Il cristiano guidato alla virt\u00f9 ed alla civilt\u00e0 secondo lo spirito di San Vincenzo De&#8217; Paoli. Giorno trentesmiprimo\",\"datePublished\":\"2016-08-25T12:00:02+00:00\",\"mainEntityOfPage\":{\"@id\":\"https:\/\/vincentians.com\/it\/il-cristiano-guidato-alla-virtu-ed-alla-civilta-secondo-lo-spirito-di-san-vincenzo-de-paoli-giorno-trentesmiprimo\/\"},\"wordCount\":1665,\"commentCount\":0,\"publisher\":{\"@id\":\"https:\/\/vincentians.com\/it\/#organization\"},\"image\":{\"@id\":\"https:\/\/vincentians.com\/it\/il-cristiano-guidato-alla-virtu-ed-alla-civilta-secondo-lo-spirito-di-san-vincenzo-de-paoli-giorno-trentesmiprimo\/#primaryimage\"},\"thumbnailUrl\":\"https:\/\/i0.wp.com\/vincentians.com\/it\/wp-content\/uploads\/sites\/12\/2016\/07\/don-bosco-y-san-vicente-de-paul.jpg?fit=1200%2C630&ssl=1\",\"articleSection\":[\"Vincenzo de' Paoli\"],\"inLanguage\":\"it-IT\",\"potentialAction\":[{\"@type\":\"CommentAction\",\"name\":\"Comment\",\"target\":[\"https:\/\/vincentians.com\/it\/il-cristiano-guidato-alla-virtu-ed-alla-civilta-secondo-lo-spirito-di-san-vincenzo-de-paoli-giorno-trentesmiprimo\/#respond\"]}]},{\"@type\":\"WebPage\",\"@id\":\"https:\/\/vincentians.com\/it\/il-cristiano-guidato-alla-virtu-ed-alla-civilta-secondo-lo-spirito-di-san-vincenzo-de-paoli-giorno-trentesmiprimo\/\",\"url\":\"https:\/\/vincentians.com\/it\/il-cristiano-guidato-alla-virtu-ed-alla-civilta-secondo-lo-spirito-di-san-vincenzo-de-paoli-giorno-trentesmiprimo\/\",\"name\":\"Il cristiano guidato alla virt\u00f9 ed alla civilt\u00e0 secondo lo spirito di San Vincenzo De' Paoli. Giorno trentesmiprimo - Siamo Vincenziani\",\"isPartOf\":{\"@id\":\"https:\/\/vincentians.com\/it\/#website\"},\"primaryImageOfPage\":{\"@id\":\"https:\/\/vincentians.com\/it\/il-cristiano-guidato-alla-virtu-ed-alla-civilta-secondo-lo-spirito-di-san-vincenzo-de-paoli-giorno-trentesmiprimo\/#primaryimage\"},\"image\":{\"@id\":\"https:\/\/vincentians.com\/it\/il-cristiano-guidato-alla-virtu-ed-alla-civilta-secondo-lo-spirito-di-san-vincenzo-de-paoli-giorno-trentesmiprimo\/#primaryimage\"},\"thumbnailUrl\":\"https:\/\/i0.wp.com\/vincentians.com\/it\/wp-content\/uploads\/sites\/12\/2016\/07\/don-bosco-y-san-vicente-de-paul.jpg?fit=1200%2C630&ssl=1\",\"datePublished\":\"2016-08-25T12:00:02+00:00\",\"breadcrumb\":{\"@id\":\"https:\/\/vincentians.com\/it\/il-cristiano-guidato-alla-virtu-ed-alla-civilta-secondo-lo-spirito-di-san-vincenzo-de-paoli-giorno-trentesmiprimo\/#breadcrumb\"},\"inLanguage\":\"it-IT\",\"potentialAction\":[{\"@type\":\"ReadAction\",\"target\":[\"https:\/\/vincentians.com\/it\/il-cristiano-guidato-alla-virtu-ed-alla-civilta-secondo-lo-spirito-di-san-vincenzo-de-paoli-giorno-trentesmiprimo\/\"]}]},{\"@type\":\"ImageObject\",\"inLanguage\":\"it-IT\",\"@id\":\"https:\/\/vincentians.com\/it\/il-cristiano-guidato-alla-virtu-ed-alla-civilta-secondo-lo-spirito-di-san-vincenzo-de-paoli-giorno-trentesmiprimo\/#primaryimage\",\"url\":\"https:\/\/i0.wp.com\/vincentians.com\/it\/wp-content\/uploads\/sites\/12\/2016\/07\/don-bosco-y-san-vicente-de-paul.jpg?fit=1200%2C630&ssl=1\",\"contentUrl\":\"https:\/\/i0.wp.com\/vincentians.com\/it\/wp-content\/uploads\/sites\/12\/2016\/07\/don-bosco-y-san-vicente-de-paul.jpg?fit=1200%2C630&ssl=1\",\"width\":1200,\"height\":630},{\"@type\":\"BreadcrumbList\",\"@id\":\"https:\/\/vincentians.com\/it\/il-cristiano-guidato-alla-virtu-ed-alla-civilta-secondo-lo-spirito-di-san-vincenzo-de-paoli-giorno-trentesmiprimo\/#breadcrumb\",\"itemListElement\":[{\"@type\":\"ListItem\",\"position\":1,\"name\":\"Portada\",\"item\":\"https:\/\/vincentians.com\/it\/\"},{\"@type\":\"ListItem\",\"position\":2,\"name\":\"Il cristiano guidato alla virt\u00f9 ed alla civilt\u00e0 secondo lo spirito di San Vincenzo De&#8217; Paoli. Giorno trentesmiprimo\"}]},{\"@type\":\"WebSite\",\"@id\":\"https:\/\/vincentians.com\/it\/#website\",\"url\":\"https:\/\/vincentians.com\/it\/\",\"name\":\"Siamo Vincenziani\",\"description\":\"Know more to serve more\",\"publisher\":{\"@id\":\"https:\/\/vincentians.com\/it\/#organization\"},\"potentialAction\":[{\"@type\":\"SearchAction\",\"target\":{\"@type\":\"EntryPoint\",\"urlTemplate\":\"https:\/\/vincentians.com\/it\/?s={search_term_string}\"},\"query-input\":{\"@type\":\"PropertyValueSpecification\",\"valueRequired\":true,\"valueName\":\"search_term_string\"}}],\"inLanguage\":\"it-IT\"},{\"@type\":\"Organization\",\"@id\":\"https:\/\/vincentians.com\/it\/#organization\",\"name\":\"The Vincentian Network\",\"url\":\"https:\/\/vincentians.com\/it\/\",\"logo\":{\"@type\":\"ImageObject\",\"inLanguage\":\"it-IT\",\"@id\":\"https:\/\/vincentians.com\/it\/#\/schema\/logo\/image\/\",\"url\":\"https:\/\/i0.wp.com\/vincentians.com\/it\/wp-content\/uploads\/sites\/12\/2016\/06\/Vincentian-Network-logo-big.png?fit=778%2C778\",\"contentUrl\":\"https:\/\/i0.wp.com\/vincentians.com\/it\/wp-content\/uploads\/sites\/12\/2016\/06\/Vincentian-Network-logo-big.png?fit=778%2C778\",\"width\":778,\"height\":778,\"caption\":\"The Vincentian Network\"},\"image\":{\"@id\":\"https:\/\/vincentians.com\/it\/#\/schema\/logo\/image\/\"},\"sameAs\":[\"https:\/\/www.facebook.com\/WeAreVincentians\/\",\"https:\/\/x.com\/WeVincentians\"]},{\"@type\":\"Person\",\"@id\":\"https:\/\/vincentians.com\/it\/#\/schema\/person\/9623ef4d9aa3b2dfb8c061f1499288f2\",\"name\":\"Francisco Javier Fern\u00e1ndez Chento\",\"image\":{\"@type\":\"ImageObject\",\"inLanguage\":\"it-IT\",\"@id\":\"https:\/\/vincentians.com\/it\/#\/schema\/person\/image\/\",\"url\":\"https:\/\/secure.gravatar.com\/avatar\/497d5cde87b4c3d097d0315953521681ba2cd523ee66e5077c3711f7021e65de?s=96&d=mm&r=g\",\"contentUrl\":\"https:\/\/secure.gravatar.com\/avatar\/497d5cde87b4c3d097d0315953521681ba2cd523ee66e5077c3711f7021e65de?s=96&d=mm&r=g\",\"caption\":\"Francisco Javier Fern\u00e1ndez Chento\"},\"description\":\"Director General y cofundador de La Red de Formaci\u00f3n Vicenciana. Javier es laico vicenciano, afiliado a la Congregaci\u00f3n de la Misi\u00f3n y miembro del Equipo de Misiones Populares de la provincia can\u00f3nica de Zaragoza (Espa\u00f1a) de la Congregaci\u00f3n de la Misi\u00f3n. Graduado en la Universidad Oberta de Catalunya con cuatro grados (Asistente de direcci\u00f3n, Gesti\u00f3n Administrativa, Recursos Humanos y Contabilidad Avanzada). Bil\u00edng\u00fce Espa\u00f1ol\/Ingl\u00e9s. gestiona y mantiene varias p\u00e1ginas web cristianas y vicencianas, incluida including La Red de Formaci\u00f3n Vicenciana, de la que es cofundador. Actualmente es responsable del \u00e1rea de Espa\u00f1ol de .famvin, la Red de Noticias de la Familia Vicenciana. Tambi\u00e9n es m\u00fasico cat\u00f3lico y ha editado varios discos. Es Director General y cofundador de Trovador, una reconocida compa\u00f1\u00eda discogr\u00e1fica critiana de Espa\u00f1a. Trabaja en las Tecnolog\u00edas de la Informaci\u00f3n, ofreciendo servicios de alojamiento, dise\u00f1o y mantenimiento Web, as\u00ed como asesoramiento, formaci\u00f3n y soluciones inform\u00e1ticas, gesti\u00f3n documental y digitalizaci\u00f3n de textos, edici\u00f3n y maquetaci\u00f3n de libros, revistas, flyers, etc.\",\"sameAs\":[\"http:\/\/chento.org\",\"https:\/\/www.facebook.com\/JavierChento\",\"https:\/\/x.com\/https:\/\/twitter.com\/javierchento\"],\"url\":\"https:\/\/vincentians.com\/it\/author\/chento\/\"}]}<\/script>\n<!-- \/ Yoast SEO plugin. -->","yoast_head_json":{"title":"Il cristiano guidato alla virt\u00f9 ed alla civilt\u00e0 secondo lo spirito di San Vincenzo De' Paoli. Giorno trentesmiprimo - Siamo Vincenziani","robots":{"index":"index","follow":"follow","max-snippet":"max-snippet:-1","max-image-preview":"max-image-preview:large","max-video-preview":"max-video-preview:-1"},"canonical":"https:\/\/vincentians.com\/it\/il-cristiano-guidato-alla-virtu-ed-alla-civilta-secondo-lo-spirito-di-san-vincenzo-de-paoli-giorno-trentesmiprimo\/","og_locale":"it_IT","og_type":"article","og_title":"Il cristiano guidato alla virt\u00f9 ed alla civilt\u00e0 secondo lo spirito di San Vincenzo De' Paoli. Giorno trentesmiprimo - Siamo Vincenziani","og_description":"Giorno trentesmiprimo. Elogio per la festa del Santo. Dilectus Deo et hominibus. Pare difficil cosa il piacere a Dio ed agli uomini; perciocch\u00e8 mentre uno studiasi di piacere a Dio per lo pi\u00f9 incontra l\u2019indignazione ... Read More","og_url":"https:\/\/vincentians.com\/it\/il-cristiano-guidato-alla-virtu-ed-alla-civilta-secondo-lo-spirito-di-san-vincenzo-de-paoli-giorno-trentesmiprimo\/","og_site_name":"Siamo Vincenziani","article_publisher":"https:\/\/www.facebook.com\/WeAreVincentians\/","article_author":"https:\/\/www.facebook.com\/JavierChento","article_published_time":"2016-08-25T12:00:02+00:00","og_image":[{"width":1200,"height":630,"url":"https:\/\/i0.wp.com\/vincentians.com\/it\/wp-content\/uploads\/sites\/12\/2016\/07\/don-bosco-y-san-vicente-de-paul.jpg?fit=1200%2C630&ssl=1","type":"image\/jpeg"}],"author":"Francisco Javier Fern\u00e1ndez Chento","twitter_card":"summary_large_image","twitter_creator":"@https:\/\/twitter.com\/javierchento","twitter_site":"@WeVincentians","twitter_misc":{"Scritto da":"Francisco Javier Fern\u00e1ndez Chento","Tempo di lettura stimato":"8 minuti"},"schema":{"@context":"https:\/\/schema.org","@graph":[{"@type":"Article","@id":"https:\/\/vincentians.com\/it\/il-cristiano-guidato-alla-virtu-ed-alla-civilta-secondo-lo-spirito-di-san-vincenzo-de-paoli-giorno-trentesmiprimo\/#article","isPartOf":{"@id":"https:\/\/vincentians.com\/it\/il-cristiano-guidato-alla-virtu-ed-alla-civilta-secondo-lo-spirito-di-san-vincenzo-de-paoli-giorno-trentesmiprimo\/"},"author":{"name":"Francisco Javier Fern\u00e1ndez Chento","@id":"https:\/\/vincentians.com\/it\/#\/schema\/person\/9623ef4d9aa3b2dfb8c061f1499288f2"},"headline":"Il cristiano guidato alla virt\u00f9 ed alla civilt\u00e0 secondo lo spirito di San Vincenzo De&#8217; Paoli. Giorno trentesmiprimo","datePublished":"2016-08-25T12:00:02+00:00","mainEntityOfPage":{"@id":"https:\/\/vincentians.com\/it\/il-cristiano-guidato-alla-virtu-ed-alla-civilta-secondo-lo-spirito-di-san-vincenzo-de-paoli-giorno-trentesmiprimo\/"},"wordCount":1665,"commentCount":0,"publisher":{"@id":"https:\/\/vincentians.com\/it\/#organization"},"image":{"@id":"https:\/\/vincentians.com\/it\/il-cristiano-guidato-alla-virtu-ed-alla-civilta-secondo-lo-spirito-di-san-vincenzo-de-paoli-giorno-trentesmiprimo\/#primaryimage"},"thumbnailUrl":"https:\/\/i0.wp.com\/vincentians.com\/it\/wp-content\/uploads\/sites\/12\/2016\/07\/don-bosco-y-san-vicente-de-paul.jpg?fit=1200%2C630&ssl=1","articleSection":["Vincenzo de' Paoli"],"inLanguage":"it-IT","potentialAction":[{"@type":"CommentAction","name":"Comment","target":["https:\/\/vincentians.com\/it\/il-cristiano-guidato-alla-virtu-ed-alla-civilta-secondo-lo-spirito-di-san-vincenzo-de-paoli-giorno-trentesmiprimo\/#respond"]}]},{"@type":"WebPage","@id":"https:\/\/vincentians.com\/it\/il-cristiano-guidato-alla-virtu-ed-alla-civilta-secondo-lo-spirito-di-san-vincenzo-de-paoli-giorno-trentesmiprimo\/","url":"https:\/\/vincentians.com\/it\/il-cristiano-guidato-alla-virtu-ed-alla-civilta-secondo-lo-spirito-di-san-vincenzo-de-paoli-giorno-trentesmiprimo\/","name":"Il cristiano guidato alla virt\u00f9 ed alla civilt\u00e0 secondo lo spirito di San Vincenzo De' Paoli. Giorno trentesmiprimo - Siamo Vincenziani","isPartOf":{"@id":"https:\/\/vincentians.com\/it\/#website"},"primaryImageOfPage":{"@id":"https:\/\/vincentians.com\/it\/il-cristiano-guidato-alla-virtu-ed-alla-civilta-secondo-lo-spirito-di-san-vincenzo-de-paoli-giorno-trentesmiprimo\/#primaryimage"},"image":{"@id":"https:\/\/vincentians.com\/it\/il-cristiano-guidato-alla-virtu-ed-alla-civilta-secondo-lo-spirito-di-san-vincenzo-de-paoli-giorno-trentesmiprimo\/#primaryimage"},"thumbnailUrl":"https:\/\/i0.wp.com\/vincentians.com\/it\/wp-content\/uploads\/sites\/12\/2016\/07\/don-bosco-y-san-vicente-de-paul.jpg?fit=1200%2C630&ssl=1","datePublished":"2016-08-25T12:00:02+00:00","breadcrumb":{"@id":"https:\/\/vincentians.com\/it\/il-cristiano-guidato-alla-virtu-ed-alla-civilta-secondo-lo-spirito-di-san-vincenzo-de-paoli-giorno-trentesmiprimo\/#breadcrumb"},"inLanguage":"it-IT","potentialAction":[{"@type":"ReadAction","target":["https:\/\/vincentians.com\/it\/il-cristiano-guidato-alla-virtu-ed-alla-civilta-secondo-lo-spirito-di-san-vincenzo-de-paoli-giorno-trentesmiprimo\/"]}]},{"@type":"ImageObject","inLanguage":"it-IT","@id":"https:\/\/vincentians.com\/it\/il-cristiano-guidato-alla-virtu-ed-alla-civilta-secondo-lo-spirito-di-san-vincenzo-de-paoli-giorno-trentesmiprimo\/#primaryimage","url":"https:\/\/i0.wp.com\/vincentians.com\/it\/wp-content\/uploads\/sites\/12\/2016\/07\/don-bosco-y-san-vicente-de-paul.jpg?fit=1200%2C630&ssl=1","contentUrl":"https:\/\/i0.wp.com\/vincentians.com\/it\/wp-content\/uploads\/sites\/12\/2016\/07\/don-bosco-y-san-vicente-de-paul.jpg?fit=1200%2C630&ssl=1","width":1200,"height":630},{"@type":"BreadcrumbList","@id":"https:\/\/vincentians.com\/it\/il-cristiano-guidato-alla-virtu-ed-alla-civilta-secondo-lo-spirito-di-san-vincenzo-de-paoli-giorno-trentesmiprimo\/#breadcrumb","itemListElement":[{"@type":"ListItem","position":1,"name":"Portada","item":"https:\/\/vincentians.com\/it\/"},{"@type":"ListItem","position":2,"name":"Il cristiano guidato alla virt\u00f9 ed alla civilt\u00e0 secondo lo spirito di San Vincenzo De&#8217; Paoli. Giorno trentesmiprimo"}]},{"@type":"WebSite","@id":"https:\/\/vincentians.com\/it\/#website","url":"https:\/\/vincentians.com\/it\/","name":"Siamo Vincenziani","description":"Know more to serve more","publisher":{"@id":"https:\/\/vincentians.com\/it\/#organization"},"potentialAction":[{"@type":"SearchAction","target":{"@type":"EntryPoint","urlTemplate":"https:\/\/vincentians.com\/it\/?s={search_term_string}"},"query-input":{"@type":"PropertyValueSpecification","valueRequired":true,"valueName":"search_term_string"}}],"inLanguage":"it-IT"},{"@type":"Organization","@id":"https:\/\/vincentians.com\/it\/#organization","name":"The Vincentian Network","url":"https:\/\/vincentians.com\/it\/","logo":{"@type":"ImageObject","inLanguage":"it-IT","@id":"https:\/\/vincentians.com\/it\/#\/schema\/logo\/image\/","url":"https:\/\/i0.wp.com\/vincentians.com\/it\/wp-content\/uploads\/sites\/12\/2016\/06\/Vincentian-Network-logo-big.png?fit=778%2C778","contentUrl":"https:\/\/i0.wp.com\/vincentians.com\/it\/wp-content\/uploads\/sites\/12\/2016\/06\/Vincentian-Network-logo-big.png?fit=778%2C778","width":778,"height":778,"caption":"The Vincentian Network"},"image":{"@id":"https:\/\/vincentians.com\/it\/#\/schema\/logo\/image\/"},"sameAs":["https:\/\/www.facebook.com\/WeAreVincentians\/","https:\/\/x.com\/WeVincentians"]},{"@type":"Person","@id":"https:\/\/vincentians.com\/it\/#\/schema\/person\/9623ef4d9aa3b2dfb8c061f1499288f2","name":"Francisco Javier Fern\u00e1ndez Chento","image":{"@type":"ImageObject","inLanguage":"it-IT","@id":"https:\/\/vincentians.com\/it\/#\/schema\/person\/image\/","url":"https:\/\/secure.gravatar.com\/avatar\/497d5cde87b4c3d097d0315953521681ba2cd523ee66e5077c3711f7021e65de?s=96&d=mm&r=g","contentUrl":"https:\/\/secure.gravatar.com\/avatar\/497d5cde87b4c3d097d0315953521681ba2cd523ee66e5077c3711f7021e65de?s=96&d=mm&r=g","caption":"Francisco Javier Fern\u00e1ndez Chento"},"description":"Director General y cofundador de La Red de Formaci\u00f3n Vicenciana. Javier es laico vicenciano, afiliado a la Congregaci\u00f3n de la Misi\u00f3n y miembro del Equipo de Misiones Populares de la provincia can\u00f3nica de Zaragoza (Espa\u00f1a) de la Congregaci\u00f3n de la Misi\u00f3n. Graduado en la Universidad Oberta de Catalunya con cuatro grados (Asistente de direcci\u00f3n, Gesti\u00f3n Administrativa, Recursos Humanos y Contabilidad Avanzada). Bil\u00edng\u00fce Espa\u00f1ol\/Ingl\u00e9s. gestiona y mantiene varias p\u00e1ginas web cristianas y vicencianas, incluida including La Red de Formaci\u00f3n Vicenciana, de la que es cofundador. Actualmente es responsable del \u00e1rea de Espa\u00f1ol de .famvin, la Red de Noticias de la Familia Vicenciana. Tambi\u00e9n es m\u00fasico cat\u00f3lico y ha editado varios discos. Es Director General y cofundador de Trovador, una reconocida compa\u00f1\u00eda discogr\u00e1fica critiana de Espa\u00f1a. Trabaja en las Tecnolog\u00edas de la Informaci\u00f3n, ofreciendo servicios de alojamiento, dise\u00f1o y mantenimiento Web, as\u00ed como asesoramiento, formaci\u00f3n y soluciones inform\u00e1ticas, gesti\u00f3n documental y digitalizaci\u00f3n de textos, edici\u00f3n y maquetaci\u00f3n de libros, revistas, flyers, etc.","sameAs":["http:\/\/chento.org","https:\/\/www.facebook.com\/JavierChento","https:\/\/x.com\/https:\/\/twitter.com\/javierchento"],"url":"https:\/\/vincentians.com\/it\/author\/chento\/"}]}},"jetpack_publicize_connections":[],"jetpack_featured_media_url":"https:\/\/i0.wp.com\/vincentians.com\/it\/wp-content\/uploads\/sites\/12\/2016\/07\/don-bosco-y-san-vicente-de-paul.jpg?fit=1200%2C630&ssl=1","jetpack_sharing_enabled":true,"jetpack_shortlink":"https:\/\/wp.me\/p7ETFo-cKf","jetpack-related-posts":[{"id":45891,"url":"https:\/\/vincentians.com\/it\/il-cristiano-guidato-alla-virtu-ed-alla-civilta-secondo-lo-spirito-di-san-vincenzo-de-paoli-giorno-quarto\/","url_meta":{"origin":48995,"position":0},"title":"Il cristiano guidato alla virt\u00f9 ed alla civilt\u00e0 secondo lo spirito di San Vincenzo De&#8217; Paoli. Giorno quarto","author":"Francisco Javier Fern\u00e1ndez Chento","date":"29\/07\/2016","format":false,"excerpt":"Giorno quarto. Amore del Santo per Dio. Per bene apprezzare qual sia stato l\u2019 amore di s. Vincenzo verso Dio, sarebbe mestieri conoscere tutta l'influenza dello Spirito Salito sul cuore di lui, e la fedele sua cooperazione a' lumi che ne riceveva. Questa manifestazione cui Dio ha dato principio sulla\u2026","rel":"","context":"In &quot;Vincenzo de' Paoli&quot;","block_context":{"text":"Vincenzo de' Paoli","link":"https:\/\/vincentians.com\/it\/category\/vincenzo-de-paoli\/"},"img":{"alt_text":"","src":"https:\/\/i0.wp.com\/vincentians.com\/it\/wp-content\/uploads\/sites\/12\/2016\/07\/don-bosco-y-san-vicente-de-paul.jpg?fit=1200%2C630&ssl=1&resize=350%2C200","width":350,"height":200,"srcset":"https:\/\/i0.wp.com\/vincentians.com\/it\/wp-content\/uploads\/sites\/12\/2016\/07\/don-bosco-y-san-vicente-de-paul.jpg?fit=1200%2C630&ssl=1&resize=350%2C200 1x, https:\/\/i0.wp.com\/vincentians.com\/it\/wp-content\/uploads\/sites\/12\/2016\/07\/don-bosco-y-san-vicente-de-paul.jpg?fit=1200%2C630&ssl=1&resize=525%2C300 1.5x, https:\/\/i0.wp.com\/vincentians.com\/it\/wp-content\/uploads\/sites\/12\/2016\/07\/don-bosco-y-san-vicente-de-paul.jpg?fit=1200%2C630&ssl=1&resize=700%2C400 2x, https:\/\/i0.wp.com\/vincentians.com\/it\/wp-content\/uploads\/sites\/12\/2016\/07\/don-bosco-y-san-vicente-de-paul.jpg?fit=1200%2C630&ssl=1&resize=1050%2C600 3x"},"classes":[]},{"id":48987,"url":"https:\/\/vincentians.com\/it\/il-cristiano-guidato-alla-virtu-ed-alla-civilta-secondo-lo-spirito-di-san-vincenzo-de-paoli-giorno-vigesimoterzo\/","url_meta":{"origin":48995,"position":1},"title":"Il cristiano guidato alla virt\u00f9 ed alla civilt\u00e0 secondo lo spirito di San Vincenzo De&#8217; Paoli. Giorno vigesimoterzo","author":"Francisco Javier Fern\u00e1ndez Chento","date":"17\/08\/2016","format":false,"excerpt":"Giorno vigesimoterzo. Sua semplicit\u00e0. La semplicit\u00e0, che molti tengono cotte un difetto o tutto al pi\u00f9 come il retaggio degli spiriti deboli, \u00e8 nondimeno la virtu delle anime grandi, e ad esse sole appai, tiene di calpestare gli umani rispetti, dire le cose come si pensano; disprezzare gli artifizi del\u2026","rel":"","context":"In &quot;Vincenzo de' Paoli&quot;","block_context":{"text":"Vincenzo de' Paoli","link":"https:\/\/vincentians.com\/it\/category\/vincenzo-de-paoli\/"},"img":{"alt_text":"","src":"https:\/\/i0.wp.com\/vincentians.com\/it\/wp-content\/uploads\/sites\/12\/2016\/07\/don-bosco-y-san-vicente-de-paul.jpg?fit=1200%2C630&ssl=1&resize=350%2C200","width":350,"height":200,"srcset":"https:\/\/i0.wp.com\/vincentians.com\/it\/wp-content\/uploads\/sites\/12\/2016\/07\/don-bosco-y-san-vicente-de-paul.jpg?fit=1200%2C630&ssl=1&resize=350%2C200 1x, https:\/\/i0.wp.com\/vincentians.com\/it\/wp-content\/uploads\/sites\/12\/2016\/07\/don-bosco-y-san-vicente-de-paul.jpg?fit=1200%2C630&ssl=1&resize=525%2C300 1.5x, https:\/\/i0.wp.com\/vincentians.com\/it\/wp-content\/uploads\/sites\/12\/2016\/07\/don-bosco-y-san-vicente-de-paul.jpg?fit=1200%2C630&ssl=1&resize=700%2C400 2x, https:\/\/i0.wp.com\/vincentians.com\/it\/wp-content\/uploads\/sites\/12\/2016\/07\/don-bosco-y-san-vicente-de-paul.jpg?fit=1200%2C630&ssl=1&resize=1050%2C600 3x"},"classes":[]},{"id":47745,"url":"https:\/\/vincentians.com\/it\/il-cristiano-guidato-alla-virtu-ed-alla-civilta-secondo-lo-spirito-di-san-vincenzo-de-paoli-giorno-decimoprimo\/","url_meta":{"origin":48995,"position":2},"title":"Il cristiano guidato alla virt\u00f9 ed alla civilt\u00e0 secondo lo spirito di San Vincenzo De&#8217; Paoli. Giorno decimoprimo","author":"Francisco Javier Fern\u00e1ndez Chento","date":"05\/08\/2016","format":false,"excerpt":"Giorno decimoprimo. Dell' umilt\u00e0 di S. Vincenzo de' Paoli. Sono pochi i Santi che abbiano spinto l'umilt\u00e0 s\u00ec oltre come Vincenzo. \u00abUn virtuoso ecclesiastico disse, che giammai si \u00e8 trovato sulla terra ambizioso, che abbia avuto tanta frenesia per conseguire la stima e l'innalzamento o la gloria, quanto ardore ebbe\u2026","rel":"","context":"In &quot;Vincenzo de' Paoli&quot;","block_context":{"text":"Vincenzo de' Paoli","link":"https:\/\/vincentians.com\/it\/category\/vincenzo-de-paoli\/"},"img":{"alt_text":"","src":"https:\/\/i0.wp.com\/vincentians.com\/it\/wp-content\/uploads\/sites\/12\/2016\/07\/don-bosco-y-san-vicente-de-paul.jpg?fit=1200%2C630&ssl=1&resize=350%2C200","width":350,"height":200,"srcset":"https:\/\/i0.wp.com\/vincentians.com\/it\/wp-content\/uploads\/sites\/12\/2016\/07\/don-bosco-y-san-vicente-de-paul.jpg?fit=1200%2C630&ssl=1&resize=350%2C200 1x, https:\/\/i0.wp.com\/vincentians.com\/it\/wp-content\/uploads\/sites\/12\/2016\/07\/don-bosco-y-san-vicente-de-paul.jpg?fit=1200%2C630&ssl=1&resize=525%2C300 1.5x, https:\/\/i0.wp.com\/vincentians.com\/it\/wp-content\/uploads\/sites\/12\/2016\/07\/don-bosco-y-san-vicente-de-paul.jpg?fit=1200%2C630&ssl=1&resize=700%2C400 2x, https:\/\/i0.wp.com\/vincentians.com\/it\/wp-content\/uploads\/sites\/12\/2016\/07\/don-bosco-y-san-vicente-de-paul.jpg?fit=1200%2C630&ssl=1&resize=1050%2C600 3x"},"classes":[]},{"id":48994,"url":"https:\/\/vincentians.com\/it\/il-cristiano-guidato-alla-virtu-ed-alla-civilta-secondo-lo-spirito-di-san-vincenzo-de-paoli-giorno-trentesimo\/","url_meta":{"origin":48995,"position":3},"title":"Il cristiano guidato alla virt\u00f9 ed alla civilt\u00e0 secondo lo spirito di San Vincenzo De&#8217; Paoli. Giorno trentesimo","author":"Francisco Javier Fern\u00e1ndez Chento","date":"24\/08\/2016","format":false,"excerpt":"Giorno trentesimo. Sua preziosa morte. Due sono le cose che sogliono turbare in punto di morte; i peccati della vita passata, e il dover comparire davanti al Divin giudice. voi spesso vediamo uomini ridersi della morte e burlare chi con opere buone ci si prepara. Ma costoro medesimi trovandosi in\u2026","rel":"","context":"In &quot;Vincenzo de' Paoli&quot;","block_context":{"text":"Vincenzo de' Paoli","link":"https:\/\/vincentians.com\/it\/category\/vincenzo-de-paoli\/"},"img":{"alt_text":"","src":"https:\/\/i0.wp.com\/vincentians.com\/it\/wp-content\/uploads\/sites\/12\/2016\/07\/don-bosco-y-san-vicente-de-paul.jpg?fit=1200%2C630&ssl=1&resize=350%2C200","width":350,"height":200,"srcset":"https:\/\/i0.wp.com\/vincentians.com\/it\/wp-content\/uploads\/sites\/12\/2016\/07\/don-bosco-y-san-vicente-de-paul.jpg?fit=1200%2C630&ssl=1&resize=350%2C200 1x, https:\/\/i0.wp.com\/vincentians.com\/it\/wp-content\/uploads\/sites\/12\/2016\/07\/don-bosco-y-san-vicente-de-paul.jpg?fit=1200%2C630&ssl=1&resize=525%2C300 1.5x, https:\/\/i0.wp.com\/vincentians.com\/it\/wp-content\/uploads\/sites\/12\/2016\/07\/don-bosco-y-san-vicente-de-paul.jpg?fit=1200%2C630&ssl=1&resize=700%2C400 2x, https:\/\/i0.wp.com\/vincentians.com\/it\/wp-content\/uploads\/sites\/12\/2016\/07\/don-bosco-y-san-vicente-de-paul.jpg?fit=1200%2C630&ssl=1&resize=1050%2C600 3x"},"classes":[]},{"id":45889,"url":"https:\/\/vincentians.com\/it\/il-cristiano-guidato-alla-virtu-ed-alla-civilta-secondo-lo-spirito-di-san-vincenzo-de-paoli-giorno-secondo\/","url_meta":{"origin":48995,"position":4},"title":"Il cristiano guidato alla virt\u00f9 ed alla civilt\u00e0 secondo lo spirito di San Vincenzo De&#8217; Paoli. Giorno secondo","author":"Francisco Javier Fern\u00e1ndez Chento","date":"27\/07\/2016","format":false,"excerpt":"Giorno secondo. Sua imitazione di Ges\u00f9 Cristo. Il nostro divin Salvatore aveva detto a tutti i fedeli cristiani, che colui il quale cammina dietro a' suoi passi non cammina nelle tenebre, ed \u00e8 sicuro di avere un giorno il lume di vita eterna. Perci\u00f2 invitava tutti a seguirlo, proporselo per\u2026","rel":"","context":"In &quot;Vincenzo de' Paoli&quot;","block_context":{"text":"Vincenzo de' Paoli","link":"https:\/\/vincentians.com\/it\/category\/vincenzo-de-paoli\/"},"img":{"alt_text":"","src":"https:\/\/i0.wp.com\/vincentians.com\/it\/wp-content\/uploads\/sites\/12\/2016\/07\/don-bosco-y-san-vicente-de-paul.jpg?fit=1200%2C630&ssl=1&resize=350%2C200","width":350,"height":200,"srcset":"https:\/\/i0.wp.com\/vincentians.com\/it\/wp-content\/uploads\/sites\/12\/2016\/07\/don-bosco-y-san-vicente-de-paul.jpg?fit=1200%2C630&ssl=1&resize=350%2C200 1x, https:\/\/i0.wp.com\/vincentians.com\/it\/wp-content\/uploads\/sites\/12\/2016\/07\/don-bosco-y-san-vicente-de-paul.jpg?fit=1200%2C630&ssl=1&resize=525%2C300 1.5x, https:\/\/i0.wp.com\/vincentians.com\/it\/wp-content\/uploads\/sites\/12\/2016\/07\/don-bosco-y-san-vicente-de-paul.jpg?fit=1200%2C630&ssl=1&resize=700%2C400 2x, https:\/\/i0.wp.com\/vincentians.com\/it\/wp-content\/uploads\/sites\/12\/2016\/07\/don-bosco-y-san-vicente-de-paul.jpg?fit=1200%2C630&ssl=1&resize=1050%2C600 3x"},"classes":[]},{"id":48993,"url":"https:\/\/vincentians.com\/it\/il-cristiano-guidato-alla-virtu-ed-alla-civilta-secondo-lo-spirito-di-san-vincenzo-de-paoli-giorno-vigesimonono\/","url_meta":{"origin":48995,"position":5},"title":"Il cristiano guidato alla virt\u00f9 ed alla civilt\u00e0 secondo lo spirito di San Vincenzo De&#8217; Paoli. Giorno vigesimonono","author":"Francisco Javier Fern\u00e1ndez Chento","date":"23\/08\/2016","format":false,"excerpt":"Giorno vigesimonono. Del sito disinteresse e del suo disfanno dai beni della terra. Un uomo particolare che aveva dato un fondo di quattromila lire per le missioni. cadde nel bisogno; come Vincenzo ne fu informato, gli scrisse di prenderne la rendita, aggiungendo che se quello non bastava, gli avrebbe novellamente\u2026","rel":"","context":"In &quot;Vincenzo de' Paoli&quot;","block_context":{"text":"Vincenzo de' Paoli","link":"https:\/\/vincentians.com\/it\/category\/vincenzo-de-paoli\/"},"img":{"alt_text":"","src":"https:\/\/i0.wp.com\/vincentians.com\/it\/wp-content\/uploads\/sites\/12\/2016\/07\/don-bosco-y-san-vicente-de-paul.jpg?fit=1200%2C630&ssl=1&resize=350%2C200","width":350,"height":200,"srcset":"https:\/\/i0.wp.com\/vincentians.com\/it\/wp-content\/uploads\/sites\/12\/2016\/07\/don-bosco-y-san-vicente-de-paul.jpg?fit=1200%2C630&ssl=1&resize=350%2C200 1x, https:\/\/i0.wp.com\/vincentians.com\/it\/wp-content\/uploads\/sites\/12\/2016\/07\/don-bosco-y-san-vicente-de-paul.jpg?fit=1200%2C630&ssl=1&resize=525%2C300 1.5x, https:\/\/i0.wp.com\/vincentians.com\/it\/wp-content\/uploads\/sites\/12\/2016\/07\/don-bosco-y-san-vicente-de-paul.jpg?fit=1200%2C630&ssl=1&resize=700%2C400 2x, https:\/\/i0.wp.com\/vincentians.com\/it\/wp-content\/uploads\/sites\/12\/2016\/07\/don-bosco-y-san-vicente-de-paul.jpg?fit=1200%2C630&ssl=1&resize=1050%2C600 3x"},"classes":[]}],"_links":{"self":[{"href":"https:\/\/vincentians.com\/it\/wp-json\/wp\/v2\/posts\/48995","targetHints":{"allow":["GET"]}}],"collection":[{"href":"https:\/\/vincentians.com\/it\/wp-json\/wp\/v2\/posts"}],"about":[{"href":"https:\/\/vincentians.com\/it\/wp-json\/wp\/v2\/types\/post"}],"author":[{"embeddable":true,"href":"https:\/\/vincentians.com\/it\/wp-json\/wp\/v2\/users\/4"}],"replies":[{"embeddable":true,"href":"https:\/\/vincentians.com\/it\/wp-json\/wp\/v2\/comments?post=48995"}],"version-history":[{"count":0,"href":"https:\/\/vincentians.com\/it\/wp-json\/wp\/v2\/posts\/48995\/revisions"}],"wp:featuredmedia":[{"embeddable":true,"href":"https:\/\/vincentians.com\/it\/wp-json\/wp\/v2\/media\/153784"}],"wp:attachment":[{"href":"https:\/\/vincentians.com\/it\/wp-json\/wp\/v2\/media?parent=48995"}],"wp:term":[{"taxonomy":"category","embeddable":true,"href":"https:\/\/vincentians.com\/it\/wp-json\/wp\/v2\/categories?post=48995"},{"taxonomy":"post_tag","embeddable":true,"href":"https:\/\/vincentians.com\/it\/wp-json\/wp\/v2\/tags?post=48995"}],"curies":[{"name":"wp","href":"https:\/\/api.w.org\/{rel}","templated":true}]}}