{"id":46003,"date":"2016-09-03T14:00:59","date_gmt":"2016-09-03T12:00:59","guid":{"rendered":"http:\/\/somos.vicencianos.org\/?p=46003"},"modified":"2016-07-25T07:51:58","modified_gmt":"2016-07-25T05:51:58","slug":"la-vocazione-sacerdotale-di-san-vincenzo-de-paoli","status":"publish","type":"post","link":"https:\/\/vincentians.com\/it\/la-vocazione-sacerdotale-di-san-vincenzo-de-paoli\/","title":{"rendered":"La Vocazione Sacerdotale Di San Vincenzo De Paoli"},"content":{"rendered":"<p>Vocazione sacerdotale o dignit\u00e1 della vocazione sacerdotale? L&#8217;epoca berulliana non lascia dubbi a riguardo: sviluppava una dot\u00adtrina del sacerdozio che accentuava la sovraeminenza di questa vo\u00adcazione, rispetto a tutte le altre, inclusa la stessa vocazione religiosa. Questa appunto non appariva pi\u00fa perfetta di quella sacedotale. E Pietro di B\u00e9rulle, maestro della Scuola Francese, dominava con il suo pensiero il movimento di riforma e di rinnovamento della vita sacedotale della prima met\u00e1 del sec. XVII. Non si trattava semplice\u00admente di restituire il prestigio religioso, morale e culturale al prete nella societ\u00e1, ma si tendeva a elevare il prete a un livello sovrumano, secondo la concezione dionisiana.<\/p>\n<p>Negli anni della sua prima formazione (1581-1597), Vincenzo de&#8217; Paoli \u00e9 completamente estraneo a questa problematica di scuola e a queste dotte discussioni sulla teologia del sacerdozio, com&#8217;era conce\u00adpita dallo Pseudo-Dionigi e com&#8217;era divulgata dal B\u00e9rulle (1575\u00ad-1629). Egli \u00e9 parso veramente, dapprima, un uomo di \u00abpiccola peri\u00adferia\u00bb.<\/p>\n<p style=\"padding-left: 30px;\"><em>\u00abSpero tanto nella grazia di Dio \u2014 <\/em>scrive alta madre il 7 febbraio 1610 <em>\u2014 che egli benedir\u00e1 la mia fatica e mi dar\u00e1 presto il modo di ritirarmi onorata\u00ad<\/em><em>mente e passare il resto dei miei giorni con voi\u00bb.<\/em><\/p>\n<h2><strong>Prete onesto, puro e profondo<\/strong><\/h2>\n<p>Tutto avviene in fretta in quest anni: la sua ordinazione sacerdo\u00adtale (1600), la nomina a parroco di Tilh \u2014 di cui per\u00f3 non prende possesso, per un improvviso viaggio a Roma. \u00c9 preso da var\u00ede atti\u00advit\u00e1, dagli studi di teologia, dai viaggi, dagli affari e dai soldi. \u201c<em>Que\u00ad<\/em><em>sto Vincenzo di vent&#8217;anni \u00e9 abile: ma sar\u00e1 proprio l&#8217;abilit\u00e1 che gli servir\u00e1, guando dovr\u00e1 difendere la sua opera contro tutti i pericoli. \u00c9 astuto: ma anche l&#8217;astuzia pub essere santa&#8230; E attivo, inquieto, ambizioso; ma nessuno ha la\u00advorato quanto lui n\u00e9 portato a termine con maggiore acume delle imprese che su\u00adperavano la forza comune.&#8217;.. Vincenzo fu questo prete pieno di iniziative, rivol\u00adto alle scoperte del suo secolo; prete onesto, puro, profondamente attaccato al suo ministero\u00bb. <\/em><\/p>\n<p>Egli \u00e9 cosciente di essere preso, in questi anni, \u00abnei fili della ragnatela\u00bb; ma ne sa uscire, a piccoli passi, gradualmente. A conside\u00adrare la santit\u00e1 di Vincenzo, ci si convince in maniera molto chiara che \u00e9 cos\u00ed graduale ogni impegno di santificazione. La sua paura \u00e9 stata di fare, scavalcando la Provvidenza: le cose di Dio invece si fanno nella calma, bisogna lasciar fare a Dio, \u00e9 lui che conduce men\u00adtre noi non siamo che semplici strumenti.<\/p>\n<h2><strong>Grandi maestri<\/strong><\/h2>\n<p>Il secondo periodo della formazione sacerdotale vincenziana \u00e9 ric\u00adco di insegnamenti. Vincenzo \u00e9 vicino a vari maestri: Benedetto de Canfeld (1562-1619), Andrea Duval (1564-1638), Francesco di Sa\u00adles (1567-1622), Pietro di B\u00e9rulle. Specialmente quest&#8217;ultimo influi\u00adsce sull&#8217;animo di Vincenzo, che si trova in uno stato di ricerca e de\u00adfinizione del suo sacerdozio. B\u00e9rulle diventa il direttore spirituale, e in primo tempo presterit all&#8217;umile prete delle Lande consigli e cure di grandissima utilit\u00e1. Il grande Cardinale del rinnovamento sacer\u00addotale esercita su Vincenzo un fascino straordinario, meno per la sua dottrina forse che per l&#8217;ansia pastorale che lo ispira. La loro col\u00adlaborazione dur\u00f3 fino al 1617: come sacerdote Vincenzo ebbe dal B\u00e9rulle alcune felici occasioni per rivelarsi, ma anche per decidersi definitivamente.<\/p>\n<h2><strong>Una vita per i poveri<\/strong><\/h2>\n<p>Il 1617 segna \u00abl&#8217;atto di consacrazione\u00bb di Vincenzo ai poveri. E mentre prima egli si era appassionato a un&#8217;opera immediata di rin\u00adnovamento del clero, accanto a B\u00e9rulle, ora lascia tutto per dedicarsi ai poveri, alle organizzazioni della carit\u00e1. Tra il 1618-19 si incontra \u2014 forse pi\u00f3 di una volta \u2014 con Francesco di Sales. II suo spirito si arricchisce di una esperienza nuova: l&#8217;amore effettivo, I&#8217;estasi delle opere, il dono totale della propria vita a Dio e al prossimo. Questo processo di vera umanizzazione porta Vincenzo sulla via di tutte le miserie umane per redimerle. Anche come parroco, egli non ha mai tralasciato di predicare le missioni in mezzo ai poveri campagnoli, e soprattutto sulle galere.<\/p>\n<p>Fonda le grandi opere: la Congregazione della Missione (1625) e la Compagnia delle Figlie della Carit\u00e1 (1633).<\/p>\n<p>L&#8217;esperienza interrotta con B\u00e9rulle non \u00e9 stata un male.<\/p>\n<p>Nel 1633 Vincenzo ha superato di poco i cinquant&#8217;anni: 1 vera- mente l&#8217;uomo di Dio, con una esperienza pastorale matura, con una fecondit\u00e1 spirituale prodigiosa, con una sua dottrina fondata sul vangelo e sulla vita. La sua vocazione sacerdotale, ora, ha raggiunto non solo maggiore evidenza ma \u00e9 diventata fondamento di una vera e benefica riforma, tra gli ecclesiastici.<\/p>\n<p>Giovanissimo, egli ha avvertito le carenze della formazione eccle\u00adsiastica dell&#8217;epoca; ma non era ancora la sua ora.<\/p>\n<p>Poi, guando \u00e9 giunto il suo momento, ha pensato ai poveri, perch\u00e9 ha ritenuto tale opera degna e importante, perch\u00e9 \u00e9 stata l&#8217;opera che ha svolto il Figlio di Dio sulla terra. II servizio dei poveri rappresen\u00adta per lui l&#8217;opera delle opere, l&#8217;arte delle arti: \u00e9 l&#8217;opera stessa di Ge\u00ads\u00fa Cristo, \u00e9 il vangelo effettivo \u2014 oggi diciamo: rendere contempo\u00adraneo il vangelo.<\/p>\n<h2><strong>Che cosa fu il sacerdozio per Vincenzo<\/strong><\/h2>\n<p>La liturgia nel presentare la memoria di questo uomo di Dio, dice semplicemente: \u00abSan Vincenzo de&#8217; Paoli, sacerdote\u00bb. \u00c9 tutto qui il suo riconoscimento, il suo elogio. Perci\u00f3 uno studio sulla vocazione sacerdotale di Vincenzo si presenta estremamente benefico e attua\u00adle, mentre qui il nostro proposito \u00e9 solo di indicarne l&#8217;urgenza, con pochi dati, secondo il limite di queste pagine.<\/p>\n<p>Vincenzo, accanto ai poveri, fa maturare il suo sacerdozio. Le condizioni del tempo, la sensibilit\u00e1 di B\u00e9rulle, l&#8217;umanit\u00e1 di France\u00adsco di Sales, gli esempi di alcuni vescovi suoi contemporanei \u2014 Alain de Solminihac, per ricordarne uno \u2014 fanno ridestare in lui una immensa cura e preoccupazione pastorale, che si rivela anche come servizio reso al clero. Pare abbastanza esatto pensare che una comprensione della vocazione sacerdotale di Vincenzo la si pu\u00f3 co\u00adgliere non all&#8217;inizio, ma quasi alla fine di questa sua vita complessa, di uomo e di pastore.<\/p>\n<p>Egli si \u00e9 dato interamente per la santificazione della Chiesa; la creazione dei seminari fu, si pu\u00f3 dire, la preoccupazione principale della Compagnia dei Preti della Missione. Scuole di catechisti \u2014 nota Siiri Juva \u2014 ci sono state dai tempi antichi nella Chiesa: San Agostino si form\u00f3 in seminario; il Medioevo ebbe scuole per la for\u00admazione del clero, ma in Francia si erano estinte e da parecchio tem\u00adpo non esistevano pi\u00fa seminari. Nelle Universit\u00e1 si badava pi\u00fa alla scienza che alla virt\u00fa. Per il piccolo clero non c&#8217;era niente. L&#8217;idea di rinascita, lanciata da Trento, stava nell&#8217;aria.<\/p>\n<h2><strong>La ripresa dei Seminari<\/strong><\/h2>\n<p>Due nomi vengono messi insieme, nella fase di ripresa dei semi\u00adnari, Gian Giacomo Olier e Vincenzo de&#8217; Paoli. E nel 1642 che si fissano gli inizi in Francia: Olier a Vaugirard e Vincenzo ai Bons\u00adEnfants \u2014 anche se l&#8217;idea e i primi esperimenti di Vincenzo si nota- no giit nel 1636. Alcuni vescovi in Francia avevano provato sia nel 1633 sia nel 1638.<\/p>\n<p>I Lazzaristi \u2014 cio\u00e9 i preti della Missione \u2014 furono richiesti do- yunque per la direzione dei seminari: il Regno \u2014 come dice Vin\u00adcenzo stesso \u2014 era infiammato da questo zelo. A questa bella testi\u00admonianza si aggiungeva a conquistare Parigi la predicazione appas\u00adsionata di Olier, la fondazione dei suoi seminari.<\/p>\n<p>Scrive Ren\u00e9 Coste:<\/p>\n<p style=\"padding-left: 30px;\"><em>\u00abIn Francia i seminari presero slancio a partire dal <\/em><em>secolo XVII, sotto la spinta di due uomini audaci, Vincenzo de&#8217; Paoli e JJ. <\/em><em>Olier&#8230;<\/em><\/p>\n<p style=\"padding-left: 30px;\"><em>Grazie all&#8217;istituzione dei seminari, il livello medio spirituale e intellettuale del <\/em><em>clero diocesano si elev\u00f3 considerevolmente\u00bb.<\/em><\/p>\n<p>I primi seminari in Italia, dopo Trento,: 1564 Larino e Rieti, Ca\u00admerino, Montelpulciano e Milano; 1565 Roma (1 febbraio); 1566 Orvieto, Cremona, Pavia, Parma, Modena; 1567 Imola, Verona, Ravenna, Benevento, Bergamo e Spoleto; 1568 Brescia, Bologna e Rimini; 1570 Cesena; 1571 Padova, Giaveno; 1575 Torino; 1576 Faenza; 1584 Ferrara.<\/p>\n<p>Per il tipo di esperienza che ne aveva fatto in Francia, Vincenzo necessariamente dovette applicarsi alla riforma del clero \u2014 rimasta incompleta dopo B\u00e9rulle. Preti ce n&#8217;erano anche molti nella sua epo\u00adca, ma la qualit\u00e1 era scarsa.Invent\u00f3 le conferenze del Martedi (la prima si tenne il 19 luglio 1633) per i sacerdoti di Parigi. E pens\u00f3 anche ad altri mezzi: ritiri, missioni, seminari. Una cosa oggi ci sor\u00adprende, ma a Vincenzo parve naturale, \u00e9 questa: egli favor) i semi\u00adnari maggiori ma non acett\u00f3 di aprire seminari minori. Egli, che per tante cose si \u00e9 dimostrato indipendente, lo \u00e9 soprattutto in questa questione. II Deffrennes chiama Vincenzo \u00abuno dei grandi indipendenti della sua epoca\u00bb.<\/p>\n<h2><strong>Al servizio del clero secolare<\/strong><\/h2>\n<p>Il suo scopo \u00e9 stato di formare il clero secolare all&#8217;esercizio delle virt\u00fa del prOprio stato, dare i mezzi della santificazione, lanciare sulle vie dell&#8217;apostolato diretto e dell&#8217;assistenza.<\/p>\n<p>E Vincenzo nel 1658 comunicava la sua pena: \u00ab<em>Si dubita se tutti i <\/em><em>disordini che vediamo nel mondo non debbano essere attribuiti ai preti.\u00a0\u00a0 Ci\u00f3 po\u00ad<\/em><em>ir\u00e1 scandalizzare alcuni&#8230; Ma i peggiori nemici della Chiesa sono i preti\u00bb.<\/em><\/p>\n<p>Impressiona piuttosto questa mentalit\u00e1 che si rifaceva a B\u00e9rulle: prete diocesano \u00e9 pi\u00fa perfetto del religioso.<\/p>\n<p>E si spiega perch\u00e9 B\u00e9rulle creando l&#8217;Oratorio, non voleva che i suoi emettessero i voti canonici, ma facevano solamente il voto di obbe\u00addienza ai vescovi.<\/p>\n<p>Per Vincenzo, il prete dev&#8217;essere pi\u00fa perfetto del religioso, e il ve\u00adscovo pi\u00fa perfetto e del prete e del religioso. Egli raccomanda che i preti aderiscano alla vita concreta, abbiano molto buon senso, e ri\u00adflettano sulla dimensione salvifica dell&#8217;Incarnazione e del Sacerdo\u00adzio.<\/p>\n<p>Gli stati del Verbo Incarnato sono visti da lui in funzione della mis\u00adsione redentrice, che \u00e9 la missione storica dell&#8217;Uomo-Dio. I sacerdo\u00adti sono strumenti di Ges\u00fa Cristo per continuare la sua opera, sono uomini del vangelo e della esperienza.<\/p>\n<h2><strong>Due epoche uguali e diverse<\/strong><\/h2>\n<p>Dopo tutto, questa breve ricerca \u00e9 benefica se lascia aperti certi problemi, in cui siamo oggi. La vocazione sacerdotale in Vincenzo de&#8217; Paoli aiuta a considerare la nostra epoca, uguale e diversa nello stesso tempo, a confronto della sua: il problema vocazionale \u00e9 pere&gt; il pi\u00fa assillante, perch\u00e9 le vocazioni sembrano finire senza rinnovarsi o crescere, nella comunit\u00e1 cristiana in cui viviamo. E asnillo mon\u00addiale, quasi. Abbiamo questa preghiera di Vincenzo: <em>\u00abO Signore, da\u00ad<\/em><em>teci lo spirito del rostro sacerdozio, come lo avevano gli apostoli e i primi preti che vi seguirono; dateci il yero spirito di quel sacro carattere che metteste in po\u00adveri pescatori, poveri operai e povera gente di quel tempo, ai quali comunicaste quel grande e divino spiritou.<\/em><\/p>\n<p>E ci pare opportuno accostarla a una testimonianza moderna, che indica molto bene il mistero di redenzione in cui i preti silenziosa\u00admente vivono:<\/p>\n<p style=\"padding-left: 30px;\"><em>\u00abLe anime ci assediano. La nostra presenza \u00e9 Pena per ciascuno. Senza fami\u00adglia, siamo nell&#8217;intimo di morte famiglie. Stanchi force, dobbiamo consolare la vecchietta che piange per la noia di vivere. La grazia che \u00e9 per tutti passa per noi, dividendoci e distribuendoci senza consumarci. Gli uomini se ne vanno da noi con qualcosa di nostra e ci dimenticano: come gli agnelli lasciamo la nostra lana a tutti i rovi\u00bb.<\/em><\/p>\n","protected":false},"excerpt":{"rendered":"<p>Vocazione sacerdotale o dignit\u00e1 della vocazione sacerdotale? L&#8217;epoca berulliana non lascia dubbi a riguardo: sviluppava una dot\u00adtrina del sacerdozio che accentuava la sovraeminenza di questa vo\u00adcazione, rispetto a tutte le altre, inclusa la stessa vocazione &#8230; <a href=\"https:\/\/vincentians.com\/it\/la-vocazione-sacerdotale-di-san-vincenzo-de-paoli\/\" class=\"more-link\">Read More<\/a><\/p>\n","protected":false},"author":4,"featured_media":150239,"comment_status":"open","ping_status":"open","sticky":false,"template":"","format":"standard","meta":{"jetpack_post_was_ever_published":false,"_jetpack_newsletter_access":"","_jetpack_dont_email_post_to_subs":false,"_jetpack_newsletter_tier_id":0,"_jetpack_memberships_contains_paywalled_content":false,"_jetpack_memberships_contains_paid_content":false,"footnotes":"","jetpack_publicize_message":"","jetpack_publicize_feature_enabled":true,"jetpack_social_post_already_shared":true,"jetpack_social_options":{"image_generator_settings":{"template":"highway","default_image_id":0,"font":"","enabled":false},"version":2}},"categories":[119],"tags":[],"class_list":["post-46003","post","type-post","status-publish","format-standard","has-post-thumbnail","hentry","category-vincenzo-de-paoli"],"yoast_head":"<!-- This site is optimized with the Yoast SEO plugin v26.3 - https:\/\/yoast.com\/wordpress\/plugins\/seo\/ -->\n<title>La Vocazione Sacerdotale Di San Vincenzo De Paoli - Siamo Vincenziani<\/title>\n<meta name=\"robots\" content=\"index, follow, max-snippet:-1, max-image-preview:large, max-video-preview:-1\" \/>\n<link rel=\"canonical\" href=\"https:\/\/vincentians.com\/it\/la-vocazione-sacerdotale-di-san-vincenzo-de-paoli\/\" \/>\n<meta property=\"og:locale\" content=\"it_IT\" \/>\n<meta property=\"og:type\" content=\"article\" \/>\n<meta property=\"og:title\" content=\"La Vocazione Sacerdotale Di San Vincenzo De Paoli - Siamo Vincenziani\" \/>\n<meta property=\"og:description\" content=\"Vocazione sacerdotale o dignit\u00e1 della vocazione sacerdotale? L&#8217;epoca berulliana non lascia dubbi a riguardo: sviluppava una dot\u00adtrina del sacerdozio che accentuava la sovraeminenza di questa vo\u00adcazione, rispetto a tutte le altre, inclusa la stessa vocazione ... Read More\" \/>\n<meta property=\"og:url\" content=\"https:\/\/vincentians.com\/it\/la-vocazione-sacerdotale-di-san-vincenzo-de-paoli\/\" \/>\n<meta property=\"og:site_name\" content=\"Siamo Vincenziani\" \/>\n<meta property=\"article:publisher\" content=\"https:\/\/www.facebook.com\/WeAreVincentians\/\" \/>\n<meta property=\"article:author\" content=\"https:\/\/www.facebook.com\/JavierChento\" \/>\n<meta property=\"article:published_time\" content=\"2016-09-03T12:00:59+00:00\" \/>\n<meta property=\"og:image\" content=\"https:\/\/i0.wp.com\/vincentians.com\/it\/wp-content\/uploads\/sites\/12\/2013\/11\/Saint-Vincent-and-Discernment.jpg?fit=1200%2C630&ssl=1\" \/>\n\t<meta property=\"og:image:width\" content=\"1200\" \/>\n\t<meta property=\"og:image:height\" content=\"630\" \/>\n\t<meta property=\"og:image:type\" content=\"image\/jpeg\" \/>\n<meta name=\"author\" content=\"Francisco Javier Fern\u00e1ndez Chento\" \/>\n<meta name=\"twitter:card\" content=\"summary_large_image\" \/>\n<meta name=\"twitter:creator\" content=\"@https:\/\/twitter.com\/javierchento\" \/>\n<meta name=\"twitter:site\" content=\"@WeVincentians\" \/>\n<meta name=\"twitter:label1\" content=\"Scritto da\" \/>\n\t<meta name=\"twitter:data1\" content=\"Francisco Javier Fern\u00e1ndez Chento\" \/>\n\t<meta name=\"twitter:label2\" content=\"Tempo di lettura stimato\" \/>\n\t<meta name=\"twitter:data2\" content=\"9 minuti\" \/>\n<script type=\"application\/ld+json\" class=\"yoast-schema-graph\">{\"@context\":\"https:\/\/schema.org\",\"@graph\":[{\"@type\":\"Article\",\"@id\":\"https:\/\/vincentians.com\/it\/la-vocazione-sacerdotale-di-san-vincenzo-de-paoli\/#article\",\"isPartOf\":{\"@id\":\"https:\/\/vincentians.com\/it\/la-vocazione-sacerdotale-di-san-vincenzo-de-paoli\/\"},\"author\":{\"name\":\"Francisco Javier Fern\u00e1ndez Chento\",\"@id\":\"https:\/\/vincentians.com\/it\/#\/schema\/person\/9623ef4d9aa3b2dfb8c061f1499288f2\"},\"headline\":\"La Vocazione Sacerdotale Di San Vincenzo De Paoli\",\"datePublished\":\"2016-09-03T12:00:59+00:00\",\"mainEntityOfPage\":{\"@id\":\"https:\/\/vincentians.com\/it\/la-vocazione-sacerdotale-di-san-vincenzo-de-paoli\/\"},\"wordCount\":1786,\"commentCount\":0,\"publisher\":{\"@id\":\"https:\/\/vincentians.com\/it\/#organization\"},\"image\":{\"@id\":\"https:\/\/vincentians.com\/it\/la-vocazione-sacerdotale-di-san-vincenzo-de-paoli\/#primaryimage\"},\"thumbnailUrl\":\"https:\/\/i0.wp.com\/vincentians.com\/it\/wp-content\/uploads\/sites\/12\/2013\/11\/Saint-Vincent-and-Discernment.jpg?fit=1200%2C630&ssl=1\",\"articleSection\":[\"Vincenzo de' Paoli\"],\"inLanguage\":\"it-IT\",\"potentialAction\":[{\"@type\":\"CommentAction\",\"name\":\"Comment\",\"target\":[\"https:\/\/vincentians.com\/it\/la-vocazione-sacerdotale-di-san-vincenzo-de-paoli\/#respond\"]}]},{\"@type\":\"WebPage\",\"@id\":\"https:\/\/vincentians.com\/it\/la-vocazione-sacerdotale-di-san-vincenzo-de-paoli\/\",\"url\":\"https:\/\/vincentians.com\/it\/la-vocazione-sacerdotale-di-san-vincenzo-de-paoli\/\",\"name\":\"La Vocazione Sacerdotale Di San Vincenzo De Paoli - Siamo Vincenziani\",\"isPartOf\":{\"@id\":\"https:\/\/vincentians.com\/it\/#website\"},\"primaryImageOfPage\":{\"@id\":\"https:\/\/vincentians.com\/it\/la-vocazione-sacerdotale-di-san-vincenzo-de-paoli\/#primaryimage\"},\"image\":{\"@id\":\"https:\/\/vincentians.com\/it\/la-vocazione-sacerdotale-di-san-vincenzo-de-paoli\/#primaryimage\"},\"thumbnailUrl\":\"https:\/\/i0.wp.com\/vincentians.com\/it\/wp-content\/uploads\/sites\/12\/2013\/11\/Saint-Vincent-and-Discernment.jpg?fit=1200%2C630&ssl=1\",\"datePublished\":\"2016-09-03T12:00:59+00:00\",\"breadcrumb\":{\"@id\":\"https:\/\/vincentians.com\/it\/la-vocazione-sacerdotale-di-san-vincenzo-de-paoli\/#breadcrumb\"},\"inLanguage\":\"it-IT\",\"potentialAction\":[{\"@type\":\"ReadAction\",\"target\":[\"https:\/\/vincentians.com\/it\/la-vocazione-sacerdotale-di-san-vincenzo-de-paoli\/\"]}]},{\"@type\":\"ImageObject\",\"inLanguage\":\"it-IT\",\"@id\":\"https:\/\/vincentians.com\/it\/la-vocazione-sacerdotale-di-san-vincenzo-de-paoli\/#primaryimage\",\"url\":\"https:\/\/i0.wp.com\/vincentians.com\/it\/wp-content\/uploads\/sites\/12\/2013\/11\/Saint-Vincent-and-Discernment.jpg?fit=1200%2C630&ssl=1\",\"contentUrl\":\"https:\/\/i0.wp.com\/vincentians.com\/it\/wp-content\/uploads\/sites\/12\/2013\/11\/Saint-Vincent-and-Discernment.jpg?fit=1200%2C630&ssl=1\",\"width\":1200,\"height\":630},{\"@type\":\"BreadcrumbList\",\"@id\":\"https:\/\/vincentians.com\/it\/la-vocazione-sacerdotale-di-san-vincenzo-de-paoli\/#breadcrumb\",\"itemListElement\":[{\"@type\":\"ListItem\",\"position\":1,\"name\":\"Portada\",\"item\":\"https:\/\/vincentians.com\/it\/\"},{\"@type\":\"ListItem\",\"position\":2,\"name\":\"La Vocazione Sacerdotale Di San Vincenzo De Paoli\"}]},{\"@type\":\"WebSite\",\"@id\":\"https:\/\/vincentians.com\/it\/#website\",\"url\":\"https:\/\/vincentians.com\/it\/\",\"name\":\"Siamo Vincenziani\",\"description\":\"Know more to serve more\",\"publisher\":{\"@id\":\"https:\/\/vincentians.com\/it\/#organization\"},\"potentialAction\":[{\"@type\":\"SearchAction\",\"target\":{\"@type\":\"EntryPoint\",\"urlTemplate\":\"https:\/\/vincentians.com\/it\/?s={search_term_string}\"},\"query-input\":{\"@type\":\"PropertyValueSpecification\",\"valueRequired\":true,\"valueName\":\"search_term_string\"}}],\"inLanguage\":\"it-IT\"},{\"@type\":\"Organization\",\"@id\":\"https:\/\/vincentians.com\/it\/#organization\",\"name\":\"The Vincentian Network\",\"url\":\"https:\/\/vincentians.com\/it\/\",\"logo\":{\"@type\":\"ImageObject\",\"inLanguage\":\"it-IT\",\"@id\":\"https:\/\/vincentians.com\/it\/#\/schema\/logo\/image\/\",\"url\":\"https:\/\/i0.wp.com\/vincentians.com\/it\/wp-content\/uploads\/sites\/12\/2016\/06\/Vincentian-Network-logo-big.png?fit=778%2C778\",\"contentUrl\":\"https:\/\/i0.wp.com\/vincentians.com\/it\/wp-content\/uploads\/sites\/12\/2016\/06\/Vincentian-Network-logo-big.png?fit=778%2C778\",\"width\":778,\"height\":778,\"caption\":\"The Vincentian Network\"},\"image\":{\"@id\":\"https:\/\/vincentians.com\/it\/#\/schema\/logo\/image\/\"},\"sameAs\":[\"https:\/\/www.facebook.com\/WeAreVincentians\/\",\"https:\/\/x.com\/WeVincentians\"]},{\"@type\":\"Person\",\"@id\":\"https:\/\/vincentians.com\/it\/#\/schema\/person\/9623ef4d9aa3b2dfb8c061f1499288f2\",\"name\":\"Francisco Javier Fern\u00e1ndez Chento\",\"image\":{\"@type\":\"ImageObject\",\"inLanguage\":\"it-IT\",\"@id\":\"https:\/\/vincentians.com\/it\/#\/schema\/person\/image\/\",\"url\":\"https:\/\/secure.gravatar.com\/avatar\/497d5cde87b4c3d097d0315953521681ba2cd523ee66e5077c3711f7021e65de?s=96&d=mm&r=g\",\"contentUrl\":\"https:\/\/secure.gravatar.com\/avatar\/497d5cde87b4c3d097d0315953521681ba2cd523ee66e5077c3711f7021e65de?s=96&d=mm&r=g\",\"caption\":\"Francisco Javier Fern\u00e1ndez Chento\"},\"description\":\"Director General y cofundador de La Red de Formaci\u00f3n Vicenciana. Javier es laico vicenciano, afiliado a la Congregaci\u00f3n de la Misi\u00f3n y miembro del Equipo de Misiones Populares de la provincia can\u00f3nica de Zaragoza (Espa\u00f1a) de la Congregaci\u00f3n de la Misi\u00f3n. Graduado en la Universidad Oberta de Catalunya con cuatro grados (Asistente de direcci\u00f3n, Gesti\u00f3n Administrativa, Recursos Humanos y Contabilidad Avanzada). Bil\u00edng\u00fce Espa\u00f1ol\/Ingl\u00e9s. gestiona y mantiene varias p\u00e1ginas web cristianas y vicencianas, incluida including La Red de Formaci\u00f3n Vicenciana, de la que es cofundador. Actualmente es responsable del \u00e1rea de Espa\u00f1ol de .famvin, la Red de Noticias de la Familia Vicenciana. Tambi\u00e9n es m\u00fasico cat\u00f3lico y ha editado varios discos. Es Director General y cofundador de Trovador, una reconocida compa\u00f1\u00eda discogr\u00e1fica critiana de Espa\u00f1a. Trabaja en las Tecnolog\u00edas de la Informaci\u00f3n, ofreciendo servicios de alojamiento, dise\u00f1o y mantenimiento Web, as\u00ed como asesoramiento, formaci\u00f3n y soluciones inform\u00e1ticas, gesti\u00f3n documental y digitalizaci\u00f3n de textos, edici\u00f3n y maquetaci\u00f3n de libros, revistas, flyers, etc.\",\"sameAs\":[\"http:\/\/chento.org\",\"https:\/\/www.facebook.com\/JavierChento\",\"https:\/\/x.com\/https:\/\/twitter.com\/javierchento\"],\"url\":\"https:\/\/vincentians.com\/it\/author\/chento\/\"}]}<\/script>\n<!-- \/ Yoast SEO plugin. -->","yoast_head_json":{"title":"La Vocazione Sacerdotale Di San Vincenzo De Paoli - Siamo Vincenziani","robots":{"index":"index","follow":"follow","max-snippet":"max-snippet:-1","max-image-preview":"max-image-preview:large","max-video-preview":"max-video-preview:-1"},"canonical":"https:\/\/vincentians.com\/it\/la-vocazione-sacerdotale-di-san-vincenzo-de-paoli\/","og_locale":"it_IT","og_type":"article","og_title":"La Vocazione Sacerdotale Di San Vincenzo De Paoli - Siamo Vincenziani","og_description":"Vocazione sacerdotale o dignit\u00e1 della vocazione sacerdotale? L&#8217;epoca berulliana non lascia dubbi a riguardo: sviluppava una dot\u00adtrina del sacerdozio che accentuava la sovraeminenza di questa vo\u00adcazione, rispetto a tutte le altre, inclusa la stessa vocazione ... Read More","og_url":"https:\/\/vincentians.com\/it\/la-vocazione-sacerdotale-di-san-vincenzo-de-paoli\/","og_site_name":"Siamo Vincenziani","article_publisher":"https:\/\/www.facebook.com\/WeAreVincentians\/","article_author":"https:\/\/www.facebook.com\/JavierChento","article_published_time":"2016-09-03T12:00:59+00:00","og_image":[{"width":1200,"height":630,"url":"https:\/\/i0.wp.com\/vincentians.com\/it\/wp-content\/uploads\/sites\/12\/2013\/11\/Saint-Vincent-and-Discernment.jpg?fit=1200%2C630&ssl=1","type":"image\/jpeg"}],"author":"Francisco Javier Fern\u00e1ndez Chento","twitter_card":"summary_large_image","twitter_creator":"@https:\/\/twitter.com\/javierchento","twitter_site":"@WeVincentians","twitter_misc":{"Scritto da":"Francisco Javier Fern\u00e1ndez Chento","Tempo di lettura stimato":"9 minuti"},"schema":{"@context":"https:\/\/schema.org","@graph":[{"@type":"Article","@id":"https:\/\/vincentians.com\/it\/la-vocazione-sacerdotale-di-san-vincenzo-de-paoli\/#article","isPartOf":{"@id":"https:\/\/vincentians.com\/it\/la-vocazione-sacerdotale-di-san-vincenzo-de-paoli\/"},"author":{"name":"Francisco Javier Fern\u00e1ndez Chento","@id":"https:\/\/vincentians.com\/it\/#\/schema\/person\/9623ef4d9aa3b2dfb8c061f1499288f2"},"headline":"La Vocazione Sacerdotale Di San Vincenzo De Paoli","datePublished":"2016-09-03T12:00:59+00:00","mainEntityOfPage":{"@id":"https:\/\/vincentians.com\/it\/la-vocazione-sacerdotale-di-san-vincenzo-de-paoli\/"},"wordCount":1786,"commentCount":0,"publisher":{"@id":"https:\/\/vincentians.com\/it\/#organization"},"image":{"@id":"https:\/\/vincentians.com\/it\/la-vocazione-sacerdotale-di-san-vincenzo-de-paoli\/#primaryimage"},"thumbnailUrl":"https:\/\/i0.wp.com\/vincentians.com\/it\/wp-content\/uploads\/sites\/12\/2013\/11\/Saint-Vincent-and-Discernment.jpg?fit=1200%2C630&ssl=1","articleSection":["Vincenzo de' Paoli"],"inLanguage":"it-IT","potentialAction":[{"@type":"CommentAction","name":"Comment","target":["https:\/\/vincentians.com\/it\/la-vocazione-sacerdotale-di-san-vincenzo-de-paoli\/#respond"]}]},{"@type":"WebPage","@id":"https:\/\/vincentians.com\/it\/la-vocazione-sacerdotale-di-san-vincenzo-de-paoli\/","url":"https:\/\/vincentians.com\/it\/la-vocazione-sacerdotale-di-san-vincenzo-de-paoli\/","name":"La Vocazione Sacerdotale Di San Vincenzo De Paoli - Siamo Vincenziani","isPartOf":{"@id":"https:\/\/vincentians.com\/it\/#website"},"primaryImageOfPage":{"@id":"https:\/\/vincentians.com\/it\/la-vocazione-sacerdotale-di-san-vincenzo-de-paoli\/#primaryimage"},"image":{"@id":"https:\/\/vincentians.com\/it\/la-vocazione-sacerdotale-di-san-vincenzo-de-paoli\/#primaryimage"},"thumbnailUrl":"https:\/\/i0.wp.com\/vincentians.com\/it\/wp-content\/uploads\/sites\/12\/2013\/11\/Saint-Vincent-and-Discernment.jpg?fit=1200%2C630&ssl=1","datePublished":"2016-09-03T12:00:59+00:00","breadcrumb":{"@id":"https:\/\/vincentians.com\/it\/la-vocazione-sacerdotale-di-san-vincenzo-de-paoli\/#breadcrumb"},"inLanguage":"it-IT","potentialAction":[{"@type":"ReadAction","target":["https:\/\/vincentians.com\/it\/la-vocazione-sacerdotale-di-san-vincenzo-de-paoli\/"]}]},{"@type":"ImageObject","inLanguage":"it-IT","@id":"https:\/\/vincentians.com\/it\/la-vocazione-sacerdotale-di-san-vincenzo-de-paoli\/#primaryimage","url":"https:\/\/i0.wp.com\/vincentians.com\/it\/wp-content\/uploads\/sites\/12\/2013\/11\/Saint-Vincent-and-Discernment.jpg?fit=1200%2C630&ssl=1","contentUrl":"https:\/\/i0.wp.com\/vincentians.com\/it\/wp-content\/uploads\/sites\/12\/2013\/11\/Saint-Vincent-and-Discernment.jpg?fit=1200%2C630&ssl=1","width":1200,"height":630},{"@type":"BreadcrumbList","@id":"https:\/\/vincentians.com\/it\/la-vocazione-sacerdotale-di-san-vincenzo-de-paoli\/#breadcrumb","itemListElement":[{"@type":"ListItem","position":1,"name":"Portada","item":"https:\/\/vincentians.com\/it\/"},{"@type":"ListItem","position":2,"name":"La Vocazione Sacerdotale Di San Vincenzo De Paoli"}]},{"@type":"WebSite","@id":"https:\/\/vincentians.com\/it\/#website","url":"https:\/\/vincentians.com\/it\/","name":"Siamo Vincenziani","description":"Know more to serve more","publisher":{"@id":"https:\/\/vincentians.com\/it\/#organization"},"potentialAction":[{"@type":"SearchAction","target":{"@type":"EntryPoint","urlTemplate":"https:\/\/vincentians.com\/it\/?s={search_term_string}"},"query-input":{"@type":"PropertyValueSpecification","valueRequired":true,"valueName":"search_term_string"}}],"inLanguage":"it-IT"},{"@type":"Organization","@id":"https:\/\/vincentians.com\/it\/#organization","name":"The Vincentian Network","url":"https:\/\/vincentians.com\/it\/","logo":{"@type":"ImageObject","inLanguage":"it-IT","@id":"https:\/\/vincentians.com\/it\/#\/schema\/logo\/image\/","url":"https:\/\/i0.wp.com\/vincentians.com\/it\/wp-content\/uploads\/sites\/12\/2016\/06\/Vincentian-Network-logo-big.png?fit=778%2C778","contentUrl":"https:\/\/i0.wp.com\/vincentians.com\/it\/wp-content\/uploads\/sites\/12\/2016\/06\/Vincentian-Network-logo-big.png?fit=778%2C778","width":778,"height":778,"caption":"The Vincentian Network"},"image":{"@id":"https:\/\/vincentians.com\/it\/#\/schema\/logo\/image\/"},"sameAs":["https:\/\/www.facebook.com\/WeAreVincentians\/","https:\/\/x.com\/WeVincentians"]},{"@type":"Person","@id":"https:\/\/vincentians.com\/it\/#\/schema\/person\/9623ef4d9aa3b2dfb8c061f1499288f2","name":"Francisco Javier Fern\u00e1ndez Chento","image":{"@type":"ImageObject","inLanguage":"it-IT","@id":"https:\/\/vincentians.com\/it\/#\/schema\/person\/image\/","url":"https:\/\/secure.gravatar.com\/avatar\/497d5cde87b4c3d097d0315953521681ba2cd523ee66e5077c3711f7021e65de?s=96&d=mm&r=g","contentUrl":"https:\/\/secure.gravatar.com\/avatar\/497d5cde87b4c3d097d0315953521681ba2cd523ee66e5077c3711f7021e65de?s=96&d=mm&r=g","caption":"Francisco Javier Fern\u00e1ndez Chento"},"description":"Director General y cofundador de La Red de Formaci\u00f3n Vicenciana. Javier es laico vicenciano, afiliado a la Congregaci\u00f3n de la Misi\u00f3n y miembro del Equipo de Misiones Populares de la provincia can\u00f3nica de Zaragoza (Espa\u00f1a) de la Congregaci\u00f3n de la Misi\u00f3n. Graduado en la Universidad Oberta de Catalunya con cuatro grados (Asistente de direcci\u00f3n, Gesti\u00f3n Administrativa, Recursos Humanos y Contabilidad Avanzada). Bil\u00edng\u00fce Espa\u00f1ol\/Ingl\u00e9s. gestiona y mantiene varias p\u00e1ginas web cristianas y vicencianas, incluida including La Red de Formaci\u00f3n Vicenciana, de la que es cofundador. Actualmente es responsable del \u00e1rea de Espa\u00f1ol de .famvin, la Red de Noticias de la Familia Vicenciana. Tambi\u00e9n es m\u00fasico cat\u00f3lico y ha editado varios discos. Es Director General y cofundador de Trovador, una reconocida compa\u00f1\u00eda discogr\u00e1fica critiana de Espa\u00f1a. Trabaja en las Tecnolog\u00edas de la Informaci\u00f3n, ofreciendo servicios de alojamiento, dise\u00f1o y mantenimiento Web, as\u00ed como asesoramiento, formaci\u00f3n y soluciones inform\u00e1ticas, gesti\u00f3n documental y digitalizaci\u00f3n de textos, edici\u00f3n y maquetaci\u00f3n de libros, revistas, flyers, etc.","sameAs":["http:\/\/chento.org","https:\/\/www.facebook.com\/JavierChento","https:\/\/x.com\/https:\/\/twitter.com\/javierchento"],"url":"https:\/\/vincentians.com\/it\/author\/chento\/"}]}},"jetpack_publicize_connections":[],"jetpack_featured_media_url":"https:\/\/i0.wp.com\/vincentians.com\/it\/wp-content\/uploads\/sites\/12\/2013\/11\/Saint-Vincent-and-Discernment.jpg?fit=1200%2C630&ssl=1","jetpack_sharing_enabled":true,"jetpack_shortlink":"https:\/\/wp.me\/p7ETFo-bXZ","jetpack-related-posts":[{"id":38841,"url":"https:\/\/vincentians.com\/it\/san-vincenzo-de-paoli-sacerdote-e-fondatore\/","url_meta":{"origin":46003,"position":0},"title":"San Vincenzo de&#8217; Paoli Sacerdote e fondatore","author":"Francisco Javier Fern\u00e1ndez Chento","date":"05\/09\/2016","format":false,"excerpt":"Nato a Pouy in Guascogna il 24 aprile 1581, fino a quindici anni fece il guardiano di porci per poter pagarsi gli studi. Ordinato sacerdote a 19 anni, nel 1605 mentre viaggiava da Marsiglia a Narbona fu fatto prigioniero dai pirati turchi e venduto come schiavo a Tunisi. Venne liberato\u2026","rel":"","context":"In &quot;Vincenzo de' Paoli&quot;","block_context":{"text":"Vincenzo de' Paoli","link":"https:\/\/vincentians.com\/it\/category\/vincenzo-de-paoli\/"},"img":{"alt_text":"","src":"https:\/\/i0.wp.com\/vincentians.com\/it\/wp-content\/uploads\/sites\/12\/2016\/07\/st-vincent-de-paul.jpg?fit=1200%2C630&ssl=1&resize=350%2C200","width":350,"height":200,"srcset":"https:\/\/i0.wp.com\/vincentians.com\/it\/wp-content\/uploads\/sites\/12\/2016\/07\/st-vincent-de-paul.jpg?fit=1200%2C630&ssl=1&resize=350%2C200 1x, https:\/\/i0.wp.com\/vincentians.com\/it\/wp-content\/uploads\/sites\/12\/2016\/07\/st-vincent-de-paul.jpg?fit=1200%2C630&ssl=1&resize=525%2C300 1.5x, https:\/\/i0.wp.com\/vincentians.com\/it\/wp-content\/uploads\/sites\/12\/2016\/07\/st-vincent-de-paul.jpg?fit=1200%2C630&ssl=1&resize=700%2C400 2x, https:\/\/i0.wp.com\/vincentians.com\/it\/wp-content\/uploads\/sites\/12\/2016\/07\/st-vincent-de-paul.jpg?fit=1200%2C630&ssl=1&resize=1050%2C600 3x"},"classes":[]},{"id":48984,"url":"https:\/\/vincentians.com\/it\/il-cristiano-guidato-alla-virtu-ed-alla-civilta-secondo-lo-spirito-di-san-vincenzo-de-paoli-giorno-vigesimo\/","url_meta":{"origin":46003,"position":1},"title":"Il cristiano guidato alla virt\u00f9 ed alla civilt\u00e0 secondo lo spirito di San Vincenzo De&#8217; Paoli. Giorno vigesimo","author":"Francisco Javier Fern\u00e1ndez Chento","date":"14\/08\/2016","format":false,"excerpt":"Giorno vigesimo. Sua Gratitudine La mancanza di gratitudine, abbench\u00e8 vizio comune, oltraggia e la Divinit\u00e0, ch'\u00e8 il principio d' ogni bene, e gli nomini di cui essa si serve per ispargere su di noi le sue liberalit\u00e0. Vincenzo ebbe per questo sciagurato vizio tutto l'orrore che ne deve avere un\u2026","rel":"","context":"In &quot;Vincenzo de' Paoli&quot;","block_context":{"text":"Vincenzo de' Paoli","link":"https:\/\/vincentians.com\/it\/category\/vincenzo-de-paoli\/"},"img":{"alt_text":"","src":"https:\/\/i0.wp.com\/vincentians.com\/it\/wp-content\/uploads\/sites\/12\/2016\/07\/don-bosco-y-san-vicente-de-paul.jpg?fit=1200%2C630&ssl=1&resize=350%2C200","width":350,"height":200,"srcset":"https:\/\/i0.wp.com\/vincentians.com\/it\/wp-content\/uploads\/sites\/12\/2016\/07\/don-bosco-y-san-vicente-de-paul.jpg?fit=1200%2C630&ssl=1&resize=350%2C200 1x, https:\/\/i0.wp.com\/vincentians.com\/it\/wp-content\/uploads\/sites\/12\/2016\/07\/don-bosco-y-san-vicente-de-paul.jpg?fit=1200%2C630&ssl=1&resize=525%2C300 1.5x, https:\/\/i0.wp.com\/vincentians.com\/it\/wp-content\/uploads\/sites\/12\/2016\/07\/don-bosco-y-san-vicente-de-paul.jpg?fit=1200%2C630&ssl=1&resize=700%2C400 2x, https:\/\/i0.wp.com\/vincentians.com\/it\/wp-content\/uploads\/sites\/12\/2016\/07\/don-bosco-y-san-vicente-de-paul.jpg?fit=1200%2C630&ssl=1&resize=1050%2C600 3x"},"classes":[]},{"id":45893,"url":"https:\/\/vincentians.com\/it\/il-cristiano-guidato-alla-virtu-ed-alla-civilta-secondo-lo-spirito-di-san-vincenzo-de-paoli-giorno-sesto\/","url_meta":{"origin":46003,"position":2},"title":"Il cristiano guidato alla virt\u00f9 ed alla civilt\u00e0 secondo lo spirito di San Vincenzo De&#8217; Paoli. Giorno sesto","author":"Francisco Javier Fern\u00e1ndez Chento","date":"31\/07\/2016","format":false,"excerpt":"Giorno sesto. Servigi resi dal Santo ad ogni grado di persone. VINCENZO non ebbe minor amore per i religiosi, di quello che aveva per gli ecclesiastici secolari. Ben lontano dal credere che l' umile loro stato fosse una ragione di stimarli meno, trovava in esso de'motivi di una perfetta venerazione.\u2026","rel":"","context":"In &quot;Vincenzo de' Paoli&quot;","block_context":{"text":"Vincenzo de' Paoli","link":"https:\/\/vincentians.com\/it\/category\/vincenzo-de-paoli\/"},"img":{"alt_text":"","src":"https:\/\/i0.wp.com\/vincentians.com\/it\/wp-content\/uploads\/sites\/12\/2016\/07\/don-bosco-y-san-vicente-de-paul.jpg?fit=1200%2C630&ssl=1&resize=350%2C200","width":350,"height":200,"srcset":"https:\/\/i0.wp.com\/vincentians.com\/it\/wp-content\/uploads\/sites\/12\/2016\/07\/don-bosco-y-san-vicente-de-paul.jpg?fit=1200%2C630&ssl=1&resize=350%2C200 1x, https:\/\/i0.wp.com\/vincentians.com\/it\/wp-content\/uploads\/sites\/12\/2016\/07\/don-bosco-y-san-vicente-de-paul.jpg?fit=1200%2C630&ssl=1&resize=525%2C300 1.5x, https:\/\/i0.wp.com\/vincentians.com\/it\/wp-content\/uploads\/sites\/12\/2016\/07\/don-bosco-y-san-vicente-de-paul.jpg?fit=1200%2C630&ssl=1&resize=700%2C400 2x, https:\/\/i0.wp.com\/vincentians.com\/it\/wp-content\/uploads\/sites\/12\/2016\/07\/don-bosco-y-san-vicente-de-paul.jpg?fit=1200%2C630&ssl=1&resize=1050%2C600 3x"},"classes":[]},{"id":48985,"url":"https:\/\/vincentians.com\/it\/il-cristiano-guidato-alla-virtu-ed-alla-civilta-secondo-lo-spirito-di-san-vincenzo-de-paoli-giorno-vigesimoprimo\/","url_meta":{"origin":46003,"position":3},"title":"Il cristiano guidato alla virt\u00f9 ed alla civilt\u00e0 secondo lo spirito di San Vincenzo De&#8217; Paoli. Giorno vigesimoprimo","author":"Francisco Javier Fern\u00e1ndez Chento","date":"15\/08\/2016","format":false,"excerpt":"Giorno vigesimoprimo. Suo rispetto Terso i superiori ecclesiastici. VINCENZO amava ed onorava lo stato ecclesiastico in ogni sua parto. Rispettava Ges\u00f9 Cristo nella persona del primo de' Pastori, che lo rappresenta sulla terra. Quando la Sede apostolica era vacante non cessava di chiedere e di far chiedere a Dio che\u2026","rel":"","context":"In &quot;Vincenzo de' Paoli&quot;","block_context":{"text":"Vincenzo de' Paoli","link":"https:\/\/vincentians.com\/it\/category\/vincenzo-de-paoli\/"},"img":{"alt_text":"","src":"https:\/\/i0.wp.com\/vincentians.com\/it\/wp-content\/uploads\/sites\/12\/2016\/07\/don-bosco-y-san-vicente-de-paul.jpg?fit=1200%2C630&ssl=1&resize=350%2C200","width":350,"height":200,"srcset":"https:\/\/i0.wp.com\/vincentians.com\/it\/wp-content\/uploads\/sites\/12\/2016\/07\/don-bosco-y-san-vicente-de-paul.jpg?fit=1200%2C630&ssl=1&resize=350%2C200 1x, https:\/\/i0.wp.com\/vincentians.com\/it\/wp-content\/uploads\/sites\/12\/2016\/07\/don-bosco-y-san-vicente-de-paul.jpg?fit=1200%2C630&ssl=1&resize=525%2C300 1.5x, https:\/\/i0.wp.com\/vincentians.com\/it\/wp-content\/uploads\/sites\/12\/2016\/07\/don-bosco-y-san-vicente-de-paul.jpg?fit=1200%2C630&ssl=1&resize=700%2C400 2x, https:\/\/i0.wp.com\/vincentians.com\/it\/wp-content\/uploads\/sites\/12\/2016\/07\/don-bosco-y-san-vicente-de-paul.jpg?fit=1200%2C630&ssl=1&resize=1050%2C600 3x"},"classes":[]},{"id":47747,"url":"https:\/\/vincentians.com\/it\/il-cristiano-guidato-alla-virtu-ed-alla-civilta-secondo-lo-spirito-di-san-vincenzo-de-paoli-giorno-decimoterzo\/","url_meta":{"origin":46003,"position":4},"title":"Il cristiano guidato alla virt\u00f9 ed alla civilt\u00e0 secondo lo spirito di San Vincenzo De&#8217; Paoli. Giorno decimoterzo","author":"Francisco Javier Fern\u00e1ndez Chento","date":"07\/08\/2016","format":false,"excerpt":"Giorno decimoterzo. Delle sue massime. Il pensiero della morte \u00e8 il mezzo pi\u00f9 efficace per farci fuggire il male ed animarci al bene. Questo pensiero suggeriva Vincenzo per sostegno della virt\u00f9; tuttavia non voleva che tale pensiero occupasse la mente sino al pericolo d'alterare la confidenza cristiana. \u00ab\u00c8 cosa molto\u2026","rel":"","context":"In &quot;Vincenzo de' Paoli&quot;","block_context":{"text":"Vincenzo de' Paoli","link":"https:\/\/vincentians.com\/it\/category\/vincenzo-de-paoli\/"},"img":{"alt_text":"","src":"https:\/\/i0.wp.com\/vincentians.com\/it\/wp-content\/uploads\/sites\/12\/2016\/07\/don-bosco-y-san-vicente-de-paul.jpg?fit=1200%2C630&ssl=1&resize=350%2C200","width":350,"height":200,"srcset":"https:\/\/i0.wp.com\/vincentians.com\/it\/wp-content\/uploads\/sites\/12\/2016\/07\/don-bosco-y-san-vicente-de-paul.jpg?fit=1200%2C630&ssl=1&resize=350%2C200 1x, https:\/\/i0.wp.com\/vincentians.com\/it\/wp-content\/uploads\/sites\/12\/2016\/07\/don-bosco-y-san-vicente-de-paul.jpg?fit=1200%2C630&ssl=1&resize=525%2C300 1.5x, https:\/\/i0.wp.com\/vincentians.com\/it\/wp-content\/uploads\/sites\/12\/2016\/07\/don-bosco-y-san-vicente-de-paul.jpg?fit=1200%2C630&ssl=1&resize=700%2C400 2x, https:\/\/i0.wp.com\/vincentians.com\/it\/wp-content\/uploads\/sites\/12\/2016\/07\/don-bosco-y-san-vicente-de-paul.jpg?fit=1200%2C630&ssl=1&resize=1050%2C600 3x"},"classes":[]},{"id":48996,"url":"https:\/\/vincentians.com\/it\/il-cristiano-guidato-alla-virtu-ed-alla-civilta-secondo-lo-spirito-di-san-vincenzo-de-paoli-al-glorioso-s-vincenzo-de-paoli\/","url_meta":{"origin":46003,"position":5},"title":"Il cristiano guidato alla virt\u00f9 ed alla civilt\u00e0 secondo lo spirito di San Vincenzo De&#8217; Paoli. Al glorioso S. Vincenzo de&#8217; Paoli","author":"Francisco Javier Fern\u00e1ndez Chento","date":"26\/08\/2016","format":false,"excerpt":"Al glorioso S. Vincenzo de' Paoli Che nato in Francia l'anno 1676, sedendo sopra la Cattedra di s. Pietro Gregorio XIII, destinato alla custodia della paterna greggia, applicato agli studi, laureato in teologia, ordinato sacerdote, fatto schiavo da' Barbari, venduto a tre padroni, l\u2019 ultimo apostata riconduce alla fede, riceve\u2026","rel":"","context":"In &quot;Vincenzo de' Paoli&quot;","block_context":{"text":"Vincenzo de' Paoli","link":"https:\/\/vincentians.com\/it\/category\/vincenzo-de-paoli\/"},"img":{"alt_text":"","src":"https:\/\/i0.wp.com\/vincentians.com\/it\/wp-content\/uploads\/sites\/12\/2016\/07\/don-bosco-y-san-vicente-de-paul.jpg?fit=1200%2C630&ssl=1&resize=350%2C200","width":350,"height":200,"srcset":"https:\/\/i0.wp.com\/vincentians.com\/it\/wp-content\/uploads\/sites\/12\/2016\/07\/don-bosco-y-san-vicente-de-paul.jpg?fit=1200%2C630&ssl=1&resize=350%2C200 1x, https:\/\/i0.wp.com\/vincentians.com\/it\/wp-content\/uploads\/sites\/12\/2016\/07\/don-bosco-y-san-vicente-de-paul.jpg?fit=1200%2C630&ssl=1&resize=525%2C300 1.5x, https:\/\/i0.wp.com\/vincentians.com\/it\/wp-content\/uploads\/sites\/12\/2016\/07\/don-bosco-y-san-vicente-de-paul.jpg?fit=1200%2C630&ssl=1&resize=700%2C400 2x, https:\/\/i0.wp.com\/vincentians.com\/it\/wp-content\/uploads\/sites\/12\/2016\/07\/don-bosco-y-san-vicente-de-paul.jpg?fit=1200%2C630&ssl=1&resize=1050%2C600 3x"},"classes":[]}],"_links":{"self":[{"href":"https:\/\/vincentians.com\/it\/wp-json\/wp\/v2\/posts\/46003","targetHints":{"allow":["GET"]}}],"collection":[{"href":"https:\/\/vincentians.com\/it\/wp-json\/wp\/v2\/posts"}],"about":[{"href":"https:\/\/vincentians.com\/it\/wp-json\/wp\/v2\/types\/post"}],"author":[{"embeddable":true,"href":"https:\/\/vincentians.com\/it\/wp-json\/wp\/v2\/users\/4"}],"replies":[{"embeddable":true,"href":"https:\/\/vincentians.com\/it\/wp-json\/wp\/v2\/comments?post=46003"}],"version-history":[{"count":0,"href":"https:\/\/vincentians.com\/it\/wp-json\/wp\/v2\/posts\/46003\/revisions"}],"wp:featuredmedia":[{"embeddable":true,"href":"https:\/\/vincentians.com\/it\/wp-json\/wp\/v2\/media\/150239"}],"wp:attachment":[{"href":"https:\/\/vincentians.com\/it\/wp-json\/wp\/v2\/media?parent=46003"}],"wp:term":[{"taxonomy":"category","embeddable":true,"href":"https:\/\/vincentians.com\/it\/wp-json\/wp\/v2\/categories?post=46003"},{"taxonomy":"post_tag","embeddable":true,"href":"https:\/\/vincentians.com\/it\/wp-json\/wp\/v2\/tags?post=46003"}],"curies":[{"name":"wp","href":"https:\/\/api.w.org\/{rel}","templated":true}]}}