{"id":38791,"date":"2016-09-04T14:00:36","date_gmt":"2016-09-04T12:00:36","guid":{"rendered":"http:\/\/somos.vicencianos.org\/?p=38791"},"modified":"2016-07-25T07:52:18","modified_gmt":"2016-07-25T05:52:18","slug":"il-volto-materno-di-gesu-una-nota-su-vincenzo-de-paoli","status":"publish","type":"post","link":"https:\/\/vincentians.com\/it\/il-volto-materno-di-gesu-una-nota-su-vincenzo-de-paoli\/","title":{"rendered":"Il volto materno di Ges\u00f9: una nota su Vincenzo de Paoli"},"content":{"rendered":"<p>C\u2019\u00e8 molto da dire sulla relazione di Vincenzo de Paoli con le donne. Tra gli amici e i collaboratori pi\u00f9 stretti vi erano due donne sante, Giovanna Francesca di Chantal e Luisa di Marillac. Altre donne svolsero un ruolo molto significativo nella sua vita e lui nella loro: dalla giovane contadina analfabeta, Margherita Naseau, alla Regina di Francia, Anna d\u2019Austria.<\/p>\n<p>Alcuni hanno anche suggerito, a titolo di ipotesi di lavoro, che nel suo ruolo di leader, San Vincenzo era riuscito a stabilire rapporti migliori e a svolgere un\u2019influenza pi\u00f9 significativa sulle donne che non sugli uomini<span id='easy-footnote-1-38791' class='easy-footnote-margin-adjust'><\/span><span class='easy-footnote'><a href='https:\/\/vincentians.com\/it\/il-volto-materno-di-gesu-una-nota-su-vincenzo-de-paoli\/#easy-footnote-bottom-1-38791' title='Cfr.Jaime Corera, &amp;#8220;St. Vincent and Human Formation&amp;#8221;, Vincentian Heritage 9 (\u00a7 1, 1988) 79.'><sup>1<\/sup><\/a><\/span>. Mentre questa ipotesi sembra difficile da sostenere, data la formidabile schiera di amici e consiglieri che San Vincenzo aveva tra gli uomini, sicuramente ebbe un impressionante numero di ammiratori e collaboratori tra le donne: Madame de Gondi, Giovanna Francesca di Chantal, Luisa di Marillac, Madame Goussault, Madame du Fay, Anna d\u2019Austria, Maria di Gonzaga, tanto per citarne alcune.<\/p>\n<p>Sarebbe un errore affermare che le sue relazioni con queste donne fosse \u201csolo per affari\u201d. Era con loro in relazione cordiale e affettuosa, senza, per dirla con le sue stesse parole, \u201cil minimo sospetto di impudicizia\u201d (RC IV, 1).<\/p>\n<p>Le sue lettere contengono alcuni bei passaggi pieni di calore umano. Nell\u2019ottobre 1627 dice a Luisa di Marillac: \u201cVi scrivo che \u00e8 mezzanotte e sono alquanto stanco. Perdonate il mio cuore se non \u00e8 un po&#8217; pi\u00f9 espansivo in questa lettera. Siate fedele al vostro fedele innamorato che \u00e8 Nostro Signore. Siate anche molto semplice ed umile. E io sar&#8221; nell\u2019amore di Nostro Signore e della sua santa madre&#8230;\u201d (SV I, 30). A Capodanno del 1638, conclude la sua lettera alla stessa: \u201cDesidero per voi un cuore giovane ed un amore nel suo primo sbocciare per colui che ci ama sempre e cos\u00ec teneramente come se stesse appena innamorandosi di noi. Poich\u00e9 tutte le gioie di Dio sono sempre nuove e piene di variet\u00e0, anche se lui \u00e8 immutabile. Sono nel suo amore, con un affetto come la sua bont\u00e0 desidera e che gli devo per amore a lui, Madamigella, il vostro pi\u00f9 umile servo&#8230;\u201d (SV I, 417-18).<\/p>\n<p>A Giovanna Francesca di Chantal scrive: \u201cE ora, mia cara Madre, permettetemi di chiedervi se la vostra incomparabile gentilezza mi concede ancora la felicit\u00e0 di godere il posto che mi avete dato nel vostro caro e amabilissimo cuore! Spero certamente di s\u00ec, anche se le mie miserie non mene rendono degno\u201d (SV I, 566). In un&#8217;altra lettera alla stessa, descrive Santa Giovanna Francesca come una che \u00e8 \u201ctalmente la nostra onorata Madre da essere solo mia e che io onoro e amo pi\u00f9 teneramente che qualsiasi figlio abbia mai onorato e amato la propria madre, dopo Nostro Signore; e mi sembra che lo faccia a tal punto da avere tanta stima e amore da poterli condividere con il mondo intero; e questo, in verit\u00e0, senza esagerazione\u201d (SV II, 86-87).<\/p>\n<p>Dai suoi scritti \u00e8 evidente che la stima di Vincenzo per le donne era molto alta. Propendeva a pensare, per esempio, che le donne sono capaci di essere migliori amministratrici che gli uomini (cfr. SV IV, 71). Non aveva dubbi che Dio voleva che avessero un ruolo uguale nel servizio dei poveri. Nella sua famosa conferenza su &#8220;Il fine della Congregazione della Missione\u201d del 6 dicembre 1658, afferma: &#8220;Non ha voluto il Signore che le donne entrassero nella sua compagnia? S\u201c. Non le ha condotte alla perfezione e al servizio dei poveri? S\u00ec. Se, dunque, Nostro Signore ha fatto questo, Lui che ha fatto tutto per la nostra istruzione, non dovremmo noi fare la stessa cosa? &#8230; Cos\u201c Dio viene servito ugualmente da ambo i sessi\u201d (SV XII, 86-87).<\/p>\n<p>Ma lo scopo di questa breve nota non \u00e8 tanto quello di focalizzare la nostra attenzione sul modo con cui San Vincenzo si relazionava alle donne, quanto su un o dei modi con cui San Vincenzo si relazionava a Ges\u00f9. Per esprimersi in termini pi\u00f9 semplici: Per San Vincenzo, quando Ges\u00f9 viene in mezzo a noi come uomo, ha anche un volto materno.<\/p>\n<p>San Vincenzo scrive a Nicola Etienne, un chierico, il 30 gennaio 1656: \u201cPossa piacere a Dio di concedere alla Compagnia, a cui appartenete, la grazia&#8230;di avere un profondo amore per Ges\u00f9 Cristo, che \u00e8 nostro padre, nostra madre e nostro tutto\u201d (SV V, 5 34).<\/p>\n<p>L&#8217;anno dopo scrive a un prete della Missione, a cui era morta la madre, dicendo che ha raccomandato alle preghiere della comunit\u00e0 &#8220;non solo la mamma deceduta, ma anche il figlio cos\u00ec che il Signore stesso possa prendere il posto di suo padre e di sua madre e possa essere la sua consolazione\u201d (SV VI, 444).<\/p>\n<p>Nel 1659, alla morte della madre di Marin Baucher, un fratello della Congregazione, scrive: &#8221; Chiedo a Nostro Signore di prendere il posto di vostro padre e vostra madre\u201d (SV VI II, 5 5).<\/p>\n<p>Il passaggio pi\u00f9 toccante di tutti si trova in una lettera a Mathurine Gu\u00e9rin, scritta il 3 marzo 1660, subito dopo la morte del Signor Portail e poco prima di quella di Luisa di Marillac:<\/p>\n<p>Certamente \u00e8 il grande segreto della vita spirituale quello di abbandonare al Signore tutti quelli che amiamo, mentre abbandoniamo noi stessi a tutto ci\u02dc che egli vuole, con la perfetta fiducia che tutto andr\u00e0 meglio cos\u00ec. E&#8217; per questa ragione che si dice che tutto coopera al bene di coloro che servono Dio. Serviamolo, allora, sorella mia, ma serviamolo come a lui piace, permettendogli di fare come lui vuole. Sar\u00e0 per noi padre e madre. Sar\u00e0 la vostra consolazione e la vostra forza e alla fine la ricompensa del vostro amore (SV VIII, 256).<\/p>\n<p>Due idee emergono da questi testi:<\/p>\n<h2>1. Vincenzo vede il volto materno di Ges\u00f9<\/h2>\n<p>San Vincenzo scrisse ai Missionari e alle Figlie della Carit\u00e0, con la sua semplicit\u00e0 caratteristica, sulla paternit\u00e0 e maternit\u00e0 nella personalit\u00e0 umana di Ges\u00f9. Nel fare ci\u02dc, mette in evidenza di essersi appropriato nella sua spiritualit\u00e0 personale di una verit\u00e0 basilare delle Scritture.<\/p>\n<p>Il vecchio Testamento senza mezzi termini dipinge Dio come una madre. &#8220;Si dimentica forse una donna del suo bambino, cos\u00ec da non commuoversi per il figlio del suo seno? Anche se ci fosse una donna che si dimenticasse, io invece non ti dimenticher&#8221; mai&#8221; (Is 49, 15). Yahweh si lamenta: &#8220;Per molto tempo ho taciuto, ho fatto silenzio. Ma ora grider&#8221; come una partoriente, mi affanner&#8221; e sbuffer&#8221; insieme\u201d (Is 42, 14). Il salmista riposa in Dio con profonda fiducia: &#8220;Io sono tranquillo e sereno come bimbo svezzato in braccio a sua madre, come un bimbo svezzato \u00e8 l\u2019anima mia&#8221; (Sal 131, 2).<\/p>\n<p>Similmente nel Nuovo Testamento, il vangelo di Luca non esita a far uso dell\u2019immagine di una madre per descrivere il profondo dolore di Ges\u00f9 riguardo all\u2019infedelt\u00e0 di Gerusalemme. Ges\u00f9 si lamenta: \u201cQuante volte ho voluto raccogliere i tuoi figli come una gallina la sua covata sotto le ali e voi non avete voluto!\u201d (Lc 13,34).<\/p>\n<p>Riflettendo sulle Scritture e vedendo Ges\u00f9 come una madre, San Vincenzo non fu certamente il solo tra i santi. Vengono a mente le parole di Anselmo di Canterbury:<\/p>\n<p>Ma anche tu, o buon Ges\u00f9, non sei pure tu una madre?<br \/>\nNon sei una madre che come una gallina raduna i suoi pulcini<br \/>\nsotto le sue ali?&#8230;<br \/>\nE tu, anima mia, morta in te stessa, Corri sotto le ali di Ges\u00f9 tua madre<br \/>\nE gli parli dei tuoi dolori sotto le sue penne. Chiedi che le tue ferite siano rimarginate<br \/>\nE che, confortato, tu possa ancora vivere.<br \/>\nCristo, madre mia, tu raduni i tuoi pulcini sotto le tue ali;<br \/>\nQuesto tuo pollastro, morto, si mette sotto quelle ali&#8230;.<br \/>\nRiscalda il tuo pollo, dai vita al tuo morticino,<br \/>\nGiustifica il tuo peccatore.<span id='easy-footnote-2-38791' class='easy-footnote-margin-adjust'><\/span><span class='easy-footnote'><a href='https:\/\/vincentians.com\/it\/il-volto-materno-di-gesu-una-nota-su-vincenzo-de-paoli\/#easy-footnote-bottom-2-38791' title='Cfr. The Prayers an d Meditations of Saint Anselm, (New York, Penguin, 1973), 153-56, come citato in Elisabeth Johnson, She Who Is (New York, Crossroad, 1992), 150.'><sup>2<\/sup><\/a><\/span>\n<p>In questi tempi, quando, sotto l\u2019influenza junghiana, si parla spesso dell\u2019animus e dell\u2019anima dentro di noi<span id='easy-footnote-3-38791' class='easy-footnote-margin-adjust'><\/span><span class='easy-footnote'><a href='https:\/\/vincentians.com\/it\/il-volto-materno-di-gesu-una-nota-su-vincenzo-de-paoli\/#easy-footnote-bottom-3-38791' title='Anche se comunemente usata, l&amp;#8217;analisi dello Jung \u00e8 molto discussa oggi. Cfr. Sandra Schneiders, Beyond Patching (Mahwah, Paulist Press, 1991), 85-89; anche, John Carmody, Toward a Male Spirituality (Mystic, twenty -Third Publications, 1989) 94-108. Carmody giustamente commenta che &amp;#8221; non esiste nessuna formula per sistemare i sessi secondo sistematici modelli di attivit\u00e0\u201d (p. 94). Finora, mi sembra, non abbiamo trovato uno strumento analitico appropriato per parlare di qualit\u00e0 maschili e femminili, poich\u00e9 \u00e8 difficile discernere ci&amp;#8221; che in noi \u00e8 &amp;#8220;per natura\u201d e ci&amp;#8221; che \u00e8 \u201cappreso\u201d. Tuttavia, quasi tutti continuano ad usare una qualche struttura concettuale per discutere questa questione. Le strutture non-scientifiche si basano in genere sulla nostra concreta esperienza delle persone che conosciamo. Per una discussione molto interessante di questo problema, cfr. E. Johson, Consider Jesus 47-57.'><sup>3<\/sup><\/a><\/span>, e quando \u00e8 stato scritto in maniera considerevole sulla spiritualit\u00e0 al maschile e al femminile,<span id='easy-footnote-4-38791' class='easy-footnote-margin-adjust'><\/span><span class='easy-footnote'><a href='https:\/\/vincentians.com\/it\/il-volto-materno-di-gesu-una-nota-su-vincenzo-de-paoli\/#easy-footnote-bottom-4-38791' title='In aggiunta alle opere citate nella nota precedente, cfr. anche William O&amp;#8217;Malley, &amp;#8220;The Grail Quest: Male Spirituality&amp;#8221;, America, vol. 166, n. 16 (May 9,1992), 402-06; O&amp;#8217;Malley, &amp;#8220;A Male&amp;#8217;s view of Female Spirituality&amp;#8221;, Human Development, vol. 14, n. 3 (Fall 1993), 33-38; Sally Cuneen, &amp;#8220;What if the Church is a Mother&amp;#8221;, America, vol. 165, n. 17 (November 30, 1991), 407-10. Cfr. anche Patrick Arnold, Wildmen, Warriors, and Kings. Masculine Spirituality and Bible (New York, Crossroad, 1992).'><sup>4<\/sup><\/a><\/span> \u00e8 interessante notare come San Vincenzo parlasse con naturalezza di Ges\u00f9, padre e madre.<\/p>\n<h2>2. La visione della provvidenza in San Vincenzo ha un volto materno<\/h2>\n<p>Tutte le lettere che abbiamo citato sopra, nelle quali San Vincenzo descrive Ges\u00f9 come madre, trattano di eventi tragici. In alcune fa esplicitamente appello al bisogno della fiducia nella provvidenza; in altre, l\u2019appello \u00e8 implicito. In ogni caso, dice fondamentalmente al suo corrispondente: Dio rivela, in Cristo, che Ti ama come un padre, ma anche come una madre &#8211; come la tua propria madre o come Luisa di Marillac, la \u201cmadre\u201d delle Figlie della Carit\u00e0.<\/p>\n<p>Si preoccupa di assicurare i lettori di queste lettere che Dio li accompagna in Cristo, come una madre accompagna suo figlio, che si preoccupa del loro futuro, e che il suo amore \u00e8 caldo e onnipresente.<\/p>\n<p>In una conferenza data il 9 giugno 1658, dice alle Figlie della Carit\u00e0: \u201cAver fiducia nella provvidenza significa sperare che Dio si preoccupi di coloro che lo servono, come un marito si preoccupa della propria moglie o un padre del suo bambino. Ecco come &#8211; e molto pi\u00f9 realmente &#8211; Dio si prende cura di noi. Dobbiamo solo abbandonarci alla sua guida, come dice la Regola, proprio come \u201cun bimbo fa con la sua nutrice\u201d. Se lo porta sul braccio destro, il bambino \u00e8 tutto contento; se lo sposta su quello di sinistra, non si preoccupa, \u00e8 tutto soddisfatto purch\u00e9 stia sul suo seno.. Noi dovremmo avere la stessa fiducia nella divina provvidenza, vedendo come egli si prende cura di tutto ci&#8221; che ci riguarda, proprio come una mamma si prende cura del suo bambino\u201d (SV X, 503).<\/p>\n<p>Riflettendo sui testi citati in questa breve nota, si pu&#8221; intuire che il riconoscimento di san Vincenzo della paternit\u00e0 e della maternit\u00e0 in Ges\u00f9 lo spingano a sviluppare in se stesso ambedue questi valori della paternit\u00e0 e della maternit\u00e0. Come il Ges\u00f9 su quale meditava, egli ebbe una piena partecipazione delle qualit\u00e0 normalmente associate<span id='easy-footnote-5-38791' class='easy-footnote-margin-adjust'><\/span><span class='easy-footnote'><a href='https:\/\/vincentians.com\/it\/il-volto-materno-di-gesu-una-nota-su-vincenzo-de-paoli\/#easy-footnote-bottom-5-38791' title='Come si afferma nella nota 4, uso di proposito la terminologia \u201cqualit\u00e0 normalmente associate\u201d con l\u2019essere maschio o femmina, poich\u00e9 tale attribuzione \u00e8 del tutto culturalmente condizionata.'><sup>5<\/sup><\/a><\/span> con l&#8217;aspetto paterno della personalit\u00e0 umana (mostrando rabbia dinanzi alle ingiustizie, dimostrando una formidabile abilit\u00e0 organizzativa nel servizio dei poveri), ma come Ges\u00f9, anche lui mostrava un volto materno, caldo, compassionevole, provvidente verso i membri delle sue congregazioni e verso i poveri.<\/p>\n","protected":false},"excerpt":{"rendered":"<p>C\u2019\u00e8 molto da dire sulla relazione di Vincenzo de Paoli con le donne. Tra gli amici e i collaboratori pi\u00f9 stretti vi erano due donne sante, Giovanna Francesca di Chantal e Luisa di Marillac. Altre &#8230; <a href=\"https:\/\/vincentians.com\/it\/il-volto-materno-di-gesu-una-nota-su-vincenzo-de-paoli\/\" class=\"more-link\">Read More<\/a><\/p>\n","protected":false},"author":4,"featured_media":150184,"comment_status":"open","ping_status":"open","sticky":false,"template":"","format":"standard","meta":{"jetpack_post_was_ever_published":false,"_jetpack_newsletter_access":"","_jetpack_dont_email_post_to_subs":false,"_jetpack_newsletter_tier_id":0,"_jetpack_memberships_contains_paywalled_content":false,"_jetpack_memberships_contains_paid_content":false,"footnotes":"","jetpack_publicize_message":"","jetpack_publicize_feature_enabled":true,"jetpack_social_post_already_shared":true,"jetpack_social_options":{"image_generator_settings":{"template":"highway","default_image_id":0,"font":"","enabled":false},"version":2}},"categories":[119],"tags":[],"class_list":["post-38791","post","type-post","status-publish","format-standard","has-post-thumbnail","hentry","category-vincenzo-de-paoli"],"yoast_head":"<!-- This site is optimized with the Yoast SEO plugin v26.3 - https:\/\/yoast.com\/wordpress\/plugins\/seo\/ -->\n<title>Il volto materno di Ges\u00f9: una nota su Vincenzo de Paoli - Siamo Vincenziani<\/title>\n<meta name=\"robots\" content=\"index, follow, max-snippet:-1, max-image-preview:large, max-video-preview:-1\" \/>\n<link rel=\"canonical\" href=\"https:\/\/vincentians.com\/it\/il-volto-materno-di-gesu-una-nota-su-vincenzo-de-paoli\/\" \/>\n<meta property=\"og:locale\" content=\"it_IT\" \/>\n<meta property=\"og:type\" content=\"article\" \/>\n<meta property=\"og:title\" content=\"Il volto materno di Ges\u00f9: una nota su Vincenzo de Paoli - Siamo Vincenziani\" \/>\n<meta property=\"og:description\" content=\"C\u2019\u00e8 molto da dire sulla relazione di Vincenzo de Paoli con le donne. Tra gli amici e i collaboratori pi\u00f9 stretti vi erano due donne sante, Giovanna Francesca di Chantal e Luisa di Marillac. Altre ... Read More\" \/>\n<meta property=\"og:url\" content=\"https:\/\/vincentians.com\/it\/il-volto-materno-di-gesu-una-nota-su-vincenzo-de-paoli\/\" \/>\n<meta property=\"og:site_name\" content=\"Siamo Vincenziani\" \/>\n<meta property=\"article:publisher\" content=\"https:\/\/www.facebook.com\/WeAreVincentians\/\" \/>\n<meta property=\"article:author\" content=\"https:\/\/www.facebook.com\/JavierChento\" \/>\n<meta property=\"article:published_time\" content=\"2016-09-04T12:00:36+00:00\" \/>\n<meta property=\"og:image\" content=\"https:\/\/i0.wp.com\/vincentians.com\/it\/wp-content\/uploads\/sites\/12\/2016\/07\/life-of-st-vincent-de-paul.jpg?fit=1200%2C630&ssl=1\" \/>\n\t<meta property=\"og:image:width\" content=\"1200\" \/>\n\t<meta property=\"og:image:height\" content=\"630\" \/>\n\t<meta property=\"og:image:type\" content=\"image\/jpeg\" \/>\n<meta name=\"author\" content=\"Francisco Javier Fern\u00e1ndez Chento\" \/>\n<meta name=\"twitter:card\" content=\"summary_large_image\" \/>\n<meta name=\"twitter:creator\" content=\"@https:\/\/twitter.com\/javierchento\" \/>\n<meta name=\"twitter:site\" content=\"@WeVincentians\" \/>\n<meta name=\"twitter:label1\" content=\"Scritto da\" \/>\n\t<meta name=\"twitter:data1\" content=\"Francisco Javier Fern\u00e1ndez Chento\" \/>\n\t<meta name=\"twitter:label2\" content=\"Tempo di lettura stimato\" \/>\n\t<meta name=\"twitter:data2\" content=\"10 minuti\" \/>\n<script type=\"application\/ld+json\" class=\"yoast-schema-graph\">{\"@context\":\"https:\/\/schema.org\",\"@graph\":[{\"@type\":\"Article\",\"@id\":\"https:\/\/vincentians.com\/it\/il-volto-materno-di-gesu-una-nota-su-vincenzo-de-paoli\/#article\",\"isPartOf\":{\"@id\":\"https:\/\/vincentians.com\/it\/il-volto-materno-di-gesu-una-nota-su-vincenzo-de-paoli\/\"},\"author\":{\"name\":\"Francisco Javier Fern\u00e1ndez Chento\",\"@id\":\"https:\/\/vincentians.com\/it\/#\/schema\/person\/9623ef4d9aa3b2dfb8c061f1499288f2\"},\"headline\":\"Il volto materno di Ges\u00f9: una nota su Vincenzo de Paoli\",\"datePublished\":\"2016-09-04T12:00:36+00:00\",\"mainEntityOfPage\":{\"@id\":\"https:\/\/vincentians.com\/it\/il-volto-materno-di-gesu-una-nota-su-vincenzo-de-paoli\/\"},\"wordCount\":1915,\"commentCount\":0,\"publisher\":{\"@id\":\"https:\/\/vincentians.com\/it\/#organization\"},\"image\":{\"@id\":\"https:\/\/vincentians.com\/it\/il-volto-materno-di-gesu-una-nota-su-vincenzo-de-paoli\/#primaryimage\"},\"thumbnailUrl\":\"https:\/\/i0.wp.com\/vincentians.com\/it\/wp-content\/uploads\/sites\/12\/2016\/07\/life-of-st-vincent-de-paul.jpg?fit=1200%2C630&ssl=1\",\"articleSection\":[\"Vincenzo de' Paoli\"],\"inLanguage\":\"it-IT\",\"potentialAction\":[{\"@type\":\"CommentAction\",\"name\":\"Comment\",\"target\":[\"https:\/\/vincentians.com\/it\/il-volto-materno-di-gesu-una-nota-su-vincenzo-de-paoli\/#respond\"]}]},{\"@type\":\"WebPage\",\"@id\":\"https:\/\/vincentians.com\/it\/il-volto-materno-di-gesu-una-nota-su-vincenzo-de-paoli\/\",\"url\":\"https:\/\/vincentians.com\/it\/il-volto-materno-di-gesu-una-nota-su-vincenzo-de-paoli\/\",\"name\":\"Il volto materno di Ges\u00f9: una nota su Vincenzo de Paoli - Siamo Vincenziani\",\"isPartOf\":{\"@id\":\"https:\/\/vincentians.com\/it\/#website\"},\"primaryImageOfPage\":{\"@id\":\"https:\/\/vincentians.com\/it\/il-volto-materno-di-gesu-una-nota-su-vincenzo-de-paoli\/#primaryimage\"},\"image\":{\"@id\":\"https:\/\/vincentians.com\/it\/il-volto-materno-di-gesu-una-nota-su-vincenzo-de-paoli\/#primaryimage\"},\"thumbnailUrl\":\"https:\/\/i0.wp.com\/vincentians.com\/it\/wp-content\/uploads\/sites\/12\/2016\/07\/life-of-st-vincent-de-paul.jpg?fit=1200%2C630&ssl=1\",\"datePublished\":\"2016-09-04T12:00:36+00:00\",\"breadcrumb\":{\"@id\":\"https:\/\/vincentians.com\/it\/il-volto-materno-di-gesu-una-nota-su-vincenzo-de-paoli\/#breadcrumb\"},\"inLanguage\":\"it-IT\",\"potentialAction\":[{\"@type\":\"ReadAction\",\"target\":[\"https:\/\/vincentians.com\/it\/il-volto-materno-di-gesu-una-nota-su-vincenzo-de-paoli\/\"]}]},{\"@type\":\"ImageObject\",\"inLanguage\":\"it-IT\",\"@id\":\"https:\/\/vincentians.com\/it\/il-volto-materno-di-gesu-una-nota-su-vincenzo-de-paoli\/#primaryimage\",\"url\":\"https:\/\/i0.wp.com\/vincentians.com\/it\/wp-content\/uploads\/sites\/12\/2016\/07\/life-of-st-vincent-de-paul.jpg?fit=1200%2C630&ssl=1\",\"contentUrl\":\"https:\/\/i0.wp.com\/vincentians.com\/it\/wp-content\/uploads\/sites\/12\/2016\/07\/life-of-st-vincent-de-paul.jpg?fit=1200%2C630&ssl=1\",\"width\":1200,\"height\":630},{\"@type\":\"BreadcrumbList\",\"@id\":\"https:\/\/vincentians.com\/it\/il-volto-materno-di-gesu-una-nota-su-vincenzo-de-paoli\/#breadcrumb\",\"itemListElement\":[{\"@type\":\"ListItem\",\"position\":1,\"name\":\"Portada\",\"item\":\"https:\/\/vincentians.com\/it\/\"},{\"@type\":\"ListItem\",\"position\":2,\"name\":\"Il volto materno di Ges\u00f9: una nota su Vincenzo de Paoli\"}]},{\"@type\":\"WebSite\",\"@id\":\"https:\/\/vincentians.com\/it\/#website\",\"url\":\"https:\/\/vincentians.com\/it\/\",\"name\":\"Siamo Vincenziani\",\"description\":\"Know more to serve more\",\"publisher\":{\"@id\":\"https:\/\/vincentians.com\/it\/#organization\"},\"potentialAction\":[{\"@type\":\"SearchAction\",\"target\":{\"@type\":\"EntryPoint\",\"urlTemplate\":\"https:\/\/vincentians.com\/it\/?s={search_term_string}\"},\"query-input\":{\"@type\":\"PropertyValueSpecification\",\"valueRequired\":true,\"valueName\":\"search_term_string\"}}],\"inLanguage\":\"it-IT\"},{\"@type\":\"Organization\",\"@id\":\"https:\/\/vincentians.com\/it\/#organization\",\"name\":\"The Vincentian Network\",\"url\":\"https:\/\/vincentians.com\/it\/\",\"logo\":{\"@type\":\"ImageObject\",\"inLanguage\":\"it-IT\",\"@id\":\"https:\/\/vincentians.com\/it\/#\/schema\/logo\/image\/\",\"url\":\"https:\/\/i0.wp.com\/vincentians.com\/it\/wp-content\/uploads\/sites\/12\/2016\/06\/Vincentian-Network-logo-big.png?fit=778%2C778\",\"contentUrl\":\"https:\/\/i0.wp.com\/vincentians.com\/it\/wp-content\/uploads\/sites\/12\/2016\/06\/Vincentian-Network-logo-big.png?fit=778%2C778\",\"width\":778,\"height\":778,\"caption\":\"The Vincentian Network\"},\"image\":{\"@id\":\"https:\/\/vincentians.com\/it\/#\/schema\/logo\/image\/\"},\"sameAs\":[\"https:\/\/www.facebook.com\/WeAreVincentians\/\",\"https:\/\/x.com\/WeVincentians\"]},{\"@type\":\"Person\",\"@id\":\"https:\/\/vincentians.com\/it\/#\/schema\/person\/9623ef4d9aa3b2dfb8c061f1499288f2\",\"name\":\"Francisco Javier Fern\u00e1ndez Chento\",\"image\":{\"@type\":\"ImageObject\",\"inLanguage\":\"it-IT\",\"@id\":\"https:\/\/vincentians.com\/it\/#\/schema\/person\/image\/\",\"url\":\"https:\/\/secure.gravatar.com\/avatar\/497d5cde87b4c3d097d0315953521681ba2cd523ee66e5077c3711f7021e65de?s=96&d=mm&r=g\",\"contentUrl\":\"https:\/\/secure.gravatar.com\/avatar\/497d5cde87b4c3d097d0315953521681ba2cd523ee66e5077c3711f7021e65de?s=96&d=mm&r=g\",\"caption\":\"Francisco Javier Fern\u00e1ndez Chento\"},\"description\":\"Director General y cofundador de La Red de Formaci\u00f3n Vicenciana. Javier es laico vicenciano, afiliado a la Congregaci\u00f3n de la Misi\u00f3n y miembro del Equipo de Misiones Populares de la provincia can\u00f3nica de Zaragoza (Espa\u00f1a) de la Congregaci\u00f3n de la Misi\u00f3n. Graduado en la Universidad Oberta de Catalunya con cuatro grados (Asistente de direcci\u00f3n, Gesti\u00f3n Administrativa, Recursos Humanos y Contabilidad Avanzada). Bil\u00edng\u00fce Espa\u00f1ol\/Ingl\u00e9s. gestiona y mantiene varias p\u00e1ginas web cristianas y vicencianas, incluida including La Red de Formaci\u00f3n Vicenciana, de la que es cofundador. Actualmente es responsable del \u00e1rea de Espa\u00f1ol de .famvin, la Red de Noticias de la Familia Vicenciana. Tambi\u00e9n es m\u00fasico cat\u00f3lico y ha editado varios discos. Es Director General y cofundador de Trovador, una reconocida compa\u00f1\u00eda discogr\u00e1fica critiana de Espa\u00f1a. Trabaja en las Tecnolog\u00edas de la Informaci\u00f3n, ofreciendo servicios de alojamiento, dise\u00f1o y mantenimiento Web, as\u00ed como asesoramiento, formaci\u00f3n y soluciones inform\u00e1ticas, gesti\u00f3n documental y digitalizaci\u00f3n de textos, edici\u00f3n y maquetaci\u00f3n de libros, revistas, flyers, etc.\",\"sameAs\":[\"http:\/\/chento.org\",\"https:\/\/www.facebook.com\/JavierChento\",\"https:\/\/x.com\/https:\/\/twitter.com\/javierchento\"],\"url\":\"https:\/\/vincentians.com\/it\/author\/chento\/\"}]}<\/script>\n<!-- \/ Yoast SEO plugin. -->","yoast_head_json":{"title":"Il volto materno di Ges\u00f9: una nota su Vincenzo de Paoli - Siamo Vincenziani","robots":{"index":"index","follow":"follow","max-snippet":"max-snippet:-1","max-image-preview":"max-image-preview:large","max-video-preview":"max-video-preview:-1"},"canonical":"https:\/\/vincentians.com\/it\/il-volto-materno-di-gesu-una-nota-su-vincenzo-de-paoli\/","og_locale":"it_IT","og_type":"article","og_title":"Il volto materno di Ges\u00f9: una nota su Vincenzo de Paoli - Siamo Vincenziani","og_description":"C\u2019\u00e8 molto da dire sulla relazione di Vincenzo de Paoli con le donne. Tra gli amici e i collaboratori pi\u00f9 stretti vi erano due donne sante, Giovanna Francesca di Chantal e Luisa di Marillac. Altre ... Read More","og_url":"https:\/\/vincentians.com\/it\/il-volto-materno-di-gesu-una-nota-su-vincenzo-de-paoli\/","og_site_name":"Siamo Vincenziani","article_publisher":"https:\/\/www.facebook.com\/WeAreVincentians\/","article_author":"https:\/\/www.facebook.com\/JavierChento","article_published_time":"2016-09-04T12:00:36+00:00","og_image":[{"width":1200,"height":630,"url":"https:\/\/i0.wp.com\/vincentians.com\/it\/wp-content\/uploads\/sites\/12\/2016\/07\/life-of-st-vincent-de-paul.jpg?fit=1200%2C630&ssl=1","type":"image\/jpeg"}],"author":"Francisco Javier Fern\u00e1ndez Chento","twitter_card":"summary_large_image","twitter_creator":"@https:\/\/twitter.com\/javierchento","twitter_site":"@WeVincentians","twitter_misc":{"Scritto da":"Francisco Javier Fern\u00e1ndez Chento","Tempo di lettura stimato":"10 minuti"},"schema":{"@context":"https:\/\/schema.org","@graph":[{"@type":"Article","@id":"https:\/\/vincentians.com\/it\/il-volto-materno-di-gesu-una-nota-su-vincenzo-de-paoli\/#article","isPartOf":{"@id":"https:\/\/vincentians.com\/it\/il-volto-materno-di-gesu-una-nota-su-vincenzo-de-paoli\/"},"author":{"name":"Francisco Javier Fern\u00e1ndez Chento","@id":"https:\/\/vincentians.com\/it\/#\/schema\/person\/9623ef4d9aa3b2dfb8c061f1499288f2"},"headline":"Il volto materno di Ges\u00f9: una nota su Vincenzo de Paoli","datePublished":"2016-09-04T12:00:36+00:00","mainEntityOfPage":{"@id":"https:\/\/vincentians.com\/it\/il-volto-materno-di-gesu-una-nota-su-vincenzo-de-paoli\/"},"wordCount":1915,"commentCount":0,"publisher":{"@id":"https:\/\/vincentians.com\/it\/#organization"},"image":{"@id":"https:\/\/vincentians.com\/it\/il-volto-materno-di-gesu-una-nota-su-vincenzo-de-paoli\/#primaryimage"},"thumbnailUrl":"https:\/\/i0.wp.com\/vincentians.com\/it\/wp-content\/uploads\/sites\/12\/2016\/07\/life-of-st-vincent-de-paul.jpg?fit=1200%2C630&ssl=1","articleSection":["Vincenzo de' Paoli"],"inLanguage":"it-IT","potentialAction":[{"@type":"CommentAction","name":"Comment","target":["https:\/\/vincentians.com\/it\/il-volto-materno-di-gesu-una-nota-su-vincenzo-de-paoli\/#respond"]}]},{"@type":"WebPage","@id":"https:\/\/vincentians.com\/it\/il-volto-materno-di-gesu-una-nota-su-vincenzo-de-paoli\/","url":"https:\/\/vincentians.com\/it\/il-volto-materno-di-gesu-una-nota-su-vincenzo-de-paoli\/","name":"Il volto materno di Ges\u00f9: una nota su Vincenzo de Paoli - Siamo Vincenziani","isPartOf":{"@id":"https:\/\/vincentians.com\/it\/#website"},"primaryImageOfPage":{"@id":"https:\/\/vincentians.com\/it\/il-volto-materno-di-gesu-una-nota-su-vincenzo-de-paoli\/#primaryimage"},"image":{"@id":"https:\/\/vincentians.com\/it\/il-volto-materno-di-gesu-una-nota-su-vincenzo-de-paoli\/#primaryimage"},"thumbnailUrl":"https:\/\/i0.wp.com\/vincentians.com\/it\/wp-content\/uploads\/sites\/12\/2016\/07\/life-of-st-vincent-de-paul.jpg?fit=1200%2C630&ssl=1","datePublished":"2016-09-04T12:00:36+00:00","breadcrumb":{"@id":"https:\/\/vincentians.com\/it\/il-volto-materno-di-gesu-una-nota-su-vincenzo-de-paoli\/#breadcrumb"},"inLanguage":"it-IT","potentialAction":[{"@type":"ReadAction","target":["https:\/\/vincentians.com\/it\/il-volto-materno-di-gesu-una-nota-su-vincenzo-de-paoli\/"]}]},{"@type":"ImageObject","inLanguage":"it-IT","@id":"https:\/\/vincentians.com\/it\/il-volto-materno-di-gesu-una-nota-su-vincenzo-de-paoli\/#primaryimage","url":"https:\/\/i0.wp.com\/vincentians.com\/it\/wp-content\/uploads\/sites\/12\/2016\/07\/life-of-st-vincent-de-paul.jpg?fit=1200%2C630&ssl=1","contentUrl":"https:\/\/i0.wp.com\/vincentians.com\/it\/wp-content\/uploads\/sites\/12\/2016\/07\/life-of-st-vincent-de-paul.jpg?fit=1200%2C630&ssl=1","width":1200,"height":630},{"@type":"BreadcrumbList","@id":"https:\/\/vincentians.com\/it\/il-volto-materno-di-gesu-una-nota-su-vincenzo-de-paoli\/#breadcrumb","itemListElement":[{"@type":"ListItem","position":1,"name":"Portada","item":"https:\/\/vincentians.com\/it\/"},{"@type":"ListItem","position":2,"name":"Il volto materno di Ges\u00f9: una nota su Vincenzo de Paoli"}]},{"@type":"WebSite","@id":"https:\/\/vincentians.com\/it\/#website","url":"https:\/\/vincentians.com\/it\/","name":"Siamo Vincenziani","description":"Know more to serve more","publisher":{"@id":"https:\/\/vincentians.com\/it\/#organization"},"potentialAction":[{"@type":"SearchAction","target":{"@type":"EntryPoint","urlTemplate":"https:\/\/vincentians.com\/it\/?s={search_term_string}"},"query-input":{"@type":"PropertyValueSpecification","valueRequired":true,"valueName":"search_term_string"}}],"inLanguage":"it-IT"},{"@type":"Organization","@id":"https:\/\/vincentians.com\/it\/#organization","name":"The Vincentian Network","url":"https:\/\/vincentians.com\/it\/","logo":{"@type":"ImageObject","inLanguage":"it-IT","@id":"https:\/\/vincentians.com\/it\/#\/schema\/logo\/image\/","url":"https:\/\/i0.wp.com\/vincentians.com\/it\/wp-content\/uploads\/sites\/12\/2016\/06\/Vincentian-Network-logo-big.png?fit=778%2C778","contentUrl":"https:\/\/i0.wp.com\/vincentians.com\/it\/wp-content\/uploads\/sites\/12\/2016\/06\/Vincentian-Network-logo-big.png?fit=778%2C778","width":778,"height":778,"caption":"The Vincentian Network"},"image":{"@id":"https:\/\/vincentians.com\/it\/#\/schema\/logo\/image\/"},"sameAs":["https:\/\/www.facebook.com\/WeAreVincentians\/","https:\/\/x.com\/WeVincentians"]},{"@type":"Person","@id":"https:\/\/vincentians.com\/it\/#\/schema\/person\/9623ef4d9aa3b2dfb8c061f1499288f2","name":"Francisco Javier Fern\u00e1ndez Chento","image":{"@type":"ImageObject","inLanguage":"it-IT","@id":"https:\/\/vincentians.com\/it\/#\/schema\/person\/image\/","url":"https:\/\/secure.gravatar.com\/avatar\/497d5cde87b4c3d097d0315953521681ba2cd523ee66e5077c3711f7021e65de?s=96&d=mm&r=g","contentUrl":"https:\/\/secure.gravatar.com\/avatar\/497d5cde87b4c3d097d0315953521681ba2cd523ee66e5077c3711f7021e65de?s=96&d=mm&r=g","caption":"Francisco Javier Fern\u00e1ndez Chento"},"description":"Director General y cofundador de La Red de Formaci\u00f3n Vicenciana. Javier es laico vicenciano, afiliado a la Congregaci\u00f3n de la Misi\u00f3n y miembro del Equipo de Misiones Populares de la provincia can\u00f3nica de Zaragoza (Espa\u00f1a) de la Congregaci\u00f3n de la Misi\u00f3n. Graduado en la Universidad Oberta de Catalunya con cuatro grados (Asistente de direcci\u00f3n, Gesti\u00f3n Administrativa, Recursos Humanos y Contabilidad Avanzada). Bil\u00edng\u00fce Espa\u00f1ol\/Ingl\u00e9s. gestiona y mantiene varias p\u00e1ginas web cristianas y vicencianas, incluida including La Red de Formaci\u00f3n Vicenciana, de la que es cofundador. Actualmente es responsable del \u00e1rea de Espa\u00f1ol de .famvin, la Red de Noticias de la Familia Vicenciana. Tambi\u00e9n es m\u00fasico cat\u00f3lico y ha editado varios discos. Es Director General y cofundador de Trovador, una reconocida compa\u00f1\u00eda discogr\u00e1fica critiana de Espa\u00f1a. Trabaja en las Tecnolog\u00edas de la Informaci\u00f3n, ofreciendo servicios de alojamiento, dise\u00f1o y mantenimiento Web, as\u00ed como asesoramiento, formaci\u00f3n y soluciones inform\u00e1ticas, gesti\u00f3n documental y digitalizaci\u00f3n de textos, edici\u00f3n y maquetaci\u00f3n de libros, revistas, flyers, etc.","sameAs":["http:\/\/chento.org","https:\/\/www.facebook.com\/JavierChento","https:\/\/x.com\/https:\/\/twitter.com\/javierchento"],"url":"https:\/\/vincentians.com\/it\/author\/chento\/"}]}},"jetpack_publicize_connections":[],"jetpack_featured_media_url":"https:\/\/i0.wp.com\/vincentians.com\/it\/wp-content\/uploads\/sites\/12\/2016\/07\/life-of-st-vincent-de-paul.jpg?fit=1200%2C630&ssl=1","jetpack_sharing_enabled":true,"jetpack_shortlink":"https:\/\/wp.me\/p7ETFo-a5F","jetpack-related-posts":[{"id":48996,"url":"https:\/\/vincentians.com\/it\/il-cristiano-guidato-alla-virtu-ed-alla-civilta-secondo-lo-spirito-di-san-vincenzo-de-paoli-al-glorioso-s-vincenzo-de-paoli\/","url_meta":{"origin":38791,"position":0},"title":"Il cristiano guidato alla virt\u00f9 ed alla civilt\u00e0 secondo lo spirito di San Vincenzo De&#8217; Paoli. Al glorioso S. Vincenzo de&#8217; Paoli","author":"Francisco Javier Fern\u00e1ndez Chento","date":"26\/08\/2016","format":false,"excerpt":"Al glorioso S. Vincenzo de' Paoli Che nato in Francia l'anno 1676, sedendo sopra la Cattedra di s. Pietro Gregorio XIII, destinato alla custodia della paterna greggia, applicato agli studi, laureato in teologia, ordinato sacerdote, fatto schiavo da' Barbari, venduto a tre padroni, l\u2019 ultimo apostata riconduce alla fede, riceve\u2026","rel":"","context":"In &quot;Vincenzo de' Paoli&quot;","block_context":{"text":"Vincenzo de' Paoli","link":"https:\/\/vincentians.com\/it\/category\/vincenzo-de-paoli\/"},"img":{"alt_text":"","src":"https:\/\/i0.wp.com\/vincentians.com\/it\/wp-content\/uploads\/sites\/12\/2016\/07\/don-bosco-y-san-vicente-de-paul.jpg?fit=1200%2C630&ssl=1&resize=350%2C200","width":350,"height":200,"srcset":"https:\/\/i0.wp.com\/vincentians.com\/it\/wp-content\/uploads\/sites\/12\/2016\/07\/don-bosco-y-san-vicente-de-paul.jpg?fit=1200%2C630&ssl=1&resize=350%2C200 1x, https:\/\/i0.wp.com\/vincentians.com\/it\/wp-content\/uploads\/sites\/12\/2016\/07\/don-bosco-y-san-vicente-de-paul.jpg?fit=1200%2C630&ssl=1&resize=525%2C300 1.5x, https:\/\/i0.wp.com\/vincentians.com\/it\/wp-content\/uploads\/sites\/12\/2016\/07\/don-bosco-y-san-vicente-de-paul.jpg?fit=1200%2C630&ssl=1&resize=700%2C400 2x, https:\/\/i0.wp.com\/vincentians.com\/it\/wp-content\/uploads\/sites\/12\/2016\/07\/don-bosco-y-san-vicente-de-paul.jpg?fit=1200%2C630&ssl=1&resize=1050%2C600 3x"},"classes":[]},{"id":38841,"url":"https:\/\/vincentians.com\/it\/san-vincenzo-de-paoli-sacerdote-e-fondatore\/","url_meta":{"origin":38791,"position":1},"title":"San Vincenzo de&#8217; Paoli Sacerdote e fondatore","author":"Francisco Javier Fern\u00e1ndez Chento","date":"05\/09\/2016","format":false,"excerpt":"Nato a Pouy in Guascogna il 24 aprile 1581, fino a quindici anni fece il guardiano di porci per poter pagarsi gli studi. Ordinato sacerdote a 19 anni, nel 1605 mentre viaggiava da Marsiglia a Narbona fu fatto prigioniero dai pirati turchi e venduto come schiavo a Tunisi. Venne liberato\u2026","rel":"","context":"In &quot;Vincenzo de' Paoli&quot;","block_context":{"text":"Vincenzo de' Paoli","link":"https:\/\/vincentians.com\/it\/category\/vincenzo-de-paoli\/"},"img":{"alt_text":"","src":"https:\/\/i0.wp.com\/vincentians.com\/it\/wp-content\/uploads\/sites\/12\/2016\/07\/st-vincent-de-paul.jpg?fit=1200%2C630&ssl=1&resize=350%2C200","width":350,"height":200,"srcset":"https:\/\/i0.wp.com\/vincentians.com\/it\/wp-content\/uploads\/sites\/12\/2016\/07\/st-vincent-de-paul.jpg?fit=1200%2C630&ssl=1&resize=350%2C200 1x, https:\/\/i0.wp.com\/vincentians.com\/it\/wp-content\/uploads\/sites\/12\/2016\/07\/st-vincent-de-paul.jpg?fit=1200%2C630&ssl=1&resize=525%2C300 1.5x, https:\/\/i0.wp.com\/vincentians.com\/it\/wp-content\/uploads\/sites\/12\/2016\/07\/st-vincent-de-paul.jpg?fit=1200%2C630&ssl=1&resize=700%2C400 2x, https:\/\/i0.wp.com\/vincentians.com\/it\/wp-content\/uploads\/sites\/12\/2016\/07\/st-vincent-de-paul.jpg?fit=1200%2C630&ssl=1&resize=1050%2C600 3x"},"classes":[]},{"id":45890,"url":"https:\/\/vincentians.com\/it\/il-cristiano-guidato-alla-virtu-ed-alla-civilta-secondo-lo-spirito-di-san-vincenzo-de-paoli-giorno-terzo\/","url_meta":{"origin":38791,"position":2},"title":"Il cristiano guidato alla virt\u00f9 ed alla civilt\u00e0 secondo lo spirito di San Vincenzo De&#8217; Paoli. Giorno terzo","author":"Francisco Javier Fern\u00e1ndez Chento","date":"28\/07\/2016","format":false,"excerpt":"Giorno terzo. Sua carit\u00e0 verso de'mendici. La virt\u00f9 che caratterizza essenzialmente il cristiano \u00e8 la carit\u00e0. L'uomo privo di questa virt\u00f9, dice s. Gioanni, \u00e8 come un corpo morto incapace di agire. Motivo per cui S. Paolo la chiama la pi\u00f9 bella e la maggiore di tutte, la quale solleva\u2026","rel":"","context":"In &quot;Vincenzo de' Paoli&quot;","block_context":{"text":"Vincenzo de' Paoli","link":"https:\/\/vincentians.com\/it\/category\/vincenzo-de-paoli\/"},"img":{"alt_text":"","src":"https:\/\/i0.wp.com\/vincentians.com\/it\/wp-content\/uploads\/sites\/12\/2016\/07\/don-bosco-y-san-vicente-de-paul.jpg?fit=1200%2C630&ssl=1&resize=350%2C200","width":350,"height":200,"srcset":"https:\/\/i0.wp.com\/vincentians.com\/it\/wp-content\/uploads\/sites\/12\/2016\/07\/don-bosco-y-san-vicente-de-paul.jpg?fit=1200%2C630&ssl=1&resize=350%2C200 1x, https:\/\/i0.wp.com\/vincentians.com\/it\/wp-content\/uploads\/sites\/12\/2016\/07\/don-bosco-y-san-vicente-de-paul.jpg?fit=1200%2C630&ssl=1&resize=525%2C300 1.5x, https:\/\/i0.wp.com\/vincentians.com\/it\/wp-content\/uploads\/sites\/12\/2016\/07\/don-bosco-y-san-vicente-de-paul.jpg?fit=1200%2C630&ssl=1&resize=700%2C400 2x, https:\/\/i0.wp.com\/vincentians.com\/it\/wp-content\/uploads\/sites\/12\/2016\/07\/don-bosco-y-san-vicente-de-paul.jpg?fit=1200%2C630&ssl=1&resize=1050%2C600 3x"},"classes":[]},{"id":45877,"url":"https:\/\/vincentians.com\/it\/il-cristiano-guidato-alla-virtu-ed-alla-civilta-secondo-lo-spirito-di-san-vincenzo-de-paoli-introduzione\/","url_meta":{"origin":38791,"position":3},"title":"Il cristiano guidato alla virt\u00f9 ed alla civilt\u00e0 secondo lo spirito di San Vincenzo De&#8217; Paoli. Introduzione","author":"Francisco Javier Fern\u00e1ndez Chento","date":"25\/07\/2016","format":false,"excerpt":"Il cristiano guidato alla virtu ed alla civilt\u00e0 secondo lo spirito di San Vincenzo De' Paoli Opera che pu\u00f2 servire a consacrare il mese di luglio in onore del medesimo Santo TORINO MDCCCXLVIII TIPOGRAFIA PARAVIA E COMPAGNIA L'Autore intende di godere dei privilegi accordati dalle Regie Leggi, avendo adempito a\u2026","rel":"","context":"In &quot;Vincenzo de' Paoli&quot;","block_context":{"text":"Vincenzo de' Paoli","link":"https:\/\/vincentians.com\/it\/category\/vincenzo-de-paoli\/"},"img":{"alt_text":"","src":"https:\/\/i0.wp.com\/vincentians.com\/it\/wp-content\/uploads\/sites\/12\/2016\/07\/don-bosco-y-san-vicente-de-paul.jpg?fit=1200%2C630&ssl=1&resize=350%2C200","width":350,"height":200,"srcset":"https:\/\/i0.wp.com\/vincentians.com\/it\/wp-content\/uploads\/sites\/12\/2016\/07\/don-bosco-y-san-vicente-de-paul.jpg?fit=1200%2C630&ssl=1&resize=350%2C200 1x, https:\/\/i0.wp.com\/vincentians.com\/it\/wp-content\/uploads\/sites\/12\/2016\/07\/don-bosco-y-san-vicente-de-paul.jpg?fit=1200%2C630&ssl=1&resize=525%2C300 1.5x, https:\/\/i0.wp.com\/vincentians.com\/it\/wp-content\/uploads\/sites\/12\/2016\/07\/don-bosco-y-san-vicente-de-paul.jpg?fit=1200%2C630&ssl=1&resize=700%2C400 2x, https:\/\/i0.wp.com\/vincentians.com\/it\/wp-content\/uploads\/sites\/12\/2016\/07\/don-bosco-y-san-vicente-de-paul.jpg?fit=1200%2C630&ssl=1&resize=1050%2C600 3x"},"classes":[]},{"id":46003,"url":"https:\/\/vincentians.com\/it\/la-vocazione-sacerdotale-di-san-vincenzo-de-paoli\/","url_meta":{"origin":38791,"position":4},"title":"La Vocazione Sacerdotale Di San Vincenzo De Paoli","author":"Francisco Javier Fern\u00e1ndez Chento","date":"03\/09\/2016","format":false,"excerpt":"Vocazione sacerdotale o dignit\u00e1 della vocazione sacerdotale? L'epoca berulliana non lascia dubbi a riguardo: sviluppava una dot\u00adtrina del sacerdozio che accentuava la sovraeminenza di questa vo\u00adcazione, rispetto a tutte le altre, inclusa la stessa vocazione religiosa. Questa appunto non appariva pi\u00fa perfetta di quella sacedotale. E Pietro di B\u00e9rulle, maestro\u2026","rel":"","context":"In &quot;Vincenzo de' Paoli&quot;","block_context":{"text":"Vincenzo de' Paoli","link":"https:\/\/vincentians.com\/it\/category\/vincenzo-de-paoli\/"},"img":{"alt_text":"","src":"https:\/\/i0.wp.com\/vincentians.com\/it\/wp-content\/uploads\/sites\/12\/2013\/11\/Saint-Vincent-and-Discernment.jpg?fit=1200%2C630&ssl=1&resize=350%2C200","width":350,"height":200,"srcset":"https:\/\/i0.wp.com\/vincentians.com\/it\/wp-content\/uploads\/sites\/12\/2013\/11\/Saint-Vincent-and-Discernment.jpg?fit=1200%2C630&ssl=1&resize=350%2C200 1x, https:\/\/i0.wp.com\/vincentians.com\/it\/wp-content\/uploads\/sites\/12\/2013\/11\/Saint-Vincent-and-Discernment.jpg?fit=1200%2C630&ssl=1&resize=525%2C300 1.5x, https:\/\/i0.wp.com\/vincentians.com\/it\/wp-content\/uploads\/sites\/12\/2013\/11\/Saint-Vincent-and-Discernment.jpg?fit=1200%2C630&ssl=1&resize=700%2C400 2x, https:\/\/i0.wp.com\/vincentians.com\/it\/wp-content\/uploads\/sites\/12\/2013\/11\/Saint-Vincent-and-Discernment.jpg?fit=1200%2C630&ssl=1&resize=1050%2C600 3x"},"classes":[]},{"id":45893,"url":"https:\/\/vincentians.com\/it\/il-cristiano-guidato-alla-virtu-ed-alla-civilta-secondo-lo-spirito-di-san-vincenzo-de-paoli-giorno-sesto\/","url_meta":{"origin":38791,"position":5},"title":"Il cristiano guidato alla virt\u00f9 ed alla civilt\u00e0 secondo lo spirito di San Vincenzo De&#8217; Paoli. Giorno sesto","author":"Francisco Javier Fern\u00e1ndez Chento","date":"31\/07\/2016","format":false,"excerpt":"Giorno sesto. Servigi resi dal Santo ad ogni grado di persone. VINCENZO non ebbe minor amore per i religiosi, di quello che aveva per gli ecclesiastici secolari. Ben lontano dal credere che l' umile loro stato fosse una ragione di stimarli meno, trovava in esso de'motivi di una perfetta venerazione.\u2026","rel":"","context":"In &quot;Vincenzo de' Paoli&quot;","block_context":{"text":"Vincenzo de' Paoli","link":"https:\/\/vincentians.com\/it\/category\/vincenzo-de-paoli\/"},"img":{"alt_text":"","src":"https:\/\/i0.wp.com\/vincentians.com\/it\/wp-content\/uploads\/sites\/12\/2016\/07\/don-bosco-y-san-vicente-de-paul.jpg?fit=1200%2C630&ssl=1&resize=350%2C200","width":350,"height":200,"srcset":"https:\/\/i0.wp.com\/vincentians.com\/it\/wp-content\/uploads\/sites\/12\/2016\/07\/don-bosco-y-san-vicente-de-paul.jpg?fit=1200%2C630&ssl=1&resize=350%2C200 1x, https:\/\/i0.wp.com\/vincentians.com\/it\/wp-content\/uploads\/sites\/12\/2016\/07\/don-bosco-y-san-vicente-de-paul.jpg?fit=1200%2C630&ssl=1&resize=525%2C300 1.5x, https:\/\/i0.wp.com\/vincentians.com\/it\/wp-content\/uploads\/sites\/12\/2016\/07\/don-bosco-y-san-vicente-de-paul.jpg?fit=1200%2C630&ssl=1&resize=700%2C400 2x, https:\/\/i0.wp.com\/vincentians.com\/it\/wp-content\/uploads\/sites\/12\/2016\/07\/don-bosco-y-san-vicente-de-paul.jpg?fit=1200%2C630&ssl=1&resize=1050%2C600 3x"},"classes":[]}],"_links":{"self":[{"href":"https:\/\/vincentians.com\/it\/wp-json\/wp\/v2\/posts\/38791","targetHints":{"allow":["GET"]}}],"collection":[{"href":"https:\/\/vincentians.com\/it\/wp-json\/wp\/v2\/posts"}],"about":[{"href":"https:\/\/vincentians.com\/it\/wp-json\/wp\/v2\/types\/post"}],"author":[{"embeddable":true,"href":"https:\/\/vincentians.com\/it\/wp-json\/wp\/v2\/users\/4"}],"replies":[{"embeddable":true,"href":"https:\/\/vincentians.com\/it\/wp-json\/wp\/v2\/comments?post=38791"}],"version-history":[{"count":0,"href":"https:\/\/vincentians.com\/it\/wp-json\/wp\/v2\/posts\/38791\/revisions"}],"wp:featuredmedia":[{"embeddable":true,"href":"https:\/\/vincentians.com\/it\/wp-json\/wp\/v2\/media\/150184"}],"wp:attachment":[{"href":"https:\/\/vincentians.com\/it\/wp-json\/wp\/v2\/media?parent=38791"}],"wp:term":[{"taxonomy":"category","embeddable":true,"href":"https:\/\/vincentians.com\/it\/wp-json\/wp\/v2\/categories?post=38791"},{"taxonomy":"post_tag","embeddable":true,"href":"https:\/\/vincentians.com\/it\/wp-json\/wp\/v2\/tags?post=38791"}],"curies":[{"name":"wp","href":"https:\/\/api.w.org\/{rel}","templated":true}]}}