{"id":154011,"date":"2019-04-02T06:00:26","date_gmt":"2019-04-02T04:00:26","guid":{"rendered":"http:\/\/vincentians.com\/it\/?p=154011"},"modified":"2019-04-01T19:18:24","modified_gmt":"2019-04-01T17:18:24","slug":"dichiarazione-della-famiglia-vincenziana-in-solidarieta-con-il-popolo-del-venezuela","status":"publish","type":"post","link":"https:\/\/vincentians.com\/it\/dichiarazione-della-famiglia-vincenziana-in-solidarieta-con-il-popolo-del-venezuela\/","title":{"rendered":"Dichiarazione della Famiglia Vincenziana in Solidariet\u00e0 con il Popolo del Venezuela"},"content":{"rendered":"<p><em>A tutti i membri della Famiglia Vincenziana (VF) nel mondo e specialmente ai nostri fratelli e sorelle in Venezuela: esprimiamo la nostra preoccupazione e la nostra solidariet\u00e0 di fronte alla drammatica situazione che stanno vivendo nel paese.<\/em><\/p>\n<p>&nbsp;<\/p>\n<div style=\"padding: 2px 6px 4px 6px; color: #555555; background-color: #eeeeee; border: #dddddd 2px solid;\">\n<p>Siamo consapevoli della dolorosa situazione di ingiustizia e sofferenza vissuta dal popolo venezuelano, per la mancanza di quanto \u00e8 necessario a condurre una vita dignitosa e produttiva, e della loro impotenza di fronte alla crescente ingiustizia. Preghiamo affinch\u00e9 il popolo venezuelano mantenga la speranza nella ricerca di un cambiamento socio-politico ed economico pacifico e trasparente. Preghiamo inoltre che questo cambiamento porti il paese a recuperare la piena democrazia, a ristabilire lo stato di diritto, a ricostruire il tessuto sociale, a liberare la produzione economica e a riconciliare questa nazione sempre pacifica.<\/p>\n<p>In questi tempi difficili, chiediamo il rispetto dei diritti individuali e collettivi, protetti dalla costituzione nazionale, e il rispetto dei protocolli internazionali. Siamo profondamente commossi dall\u2019insopportabile situazione dei poveri: la crescente carestia, l\u2019impossibilit\u00e0 di accesso ai medicinali, i salari ridotti da un\u2019inflazione incontrollabile, l\u2019insicurezza e la violenza diffusa, la mancanza di accesso al lavoro e ad alloggi adeguati, ecc. Di fronte a questa crisi umanitaria, la Famiglia Vincenziana vuole essere presente non solo manifestando la nostra solidariet\u00e0 con la preghiera e l\u2019accompagnamento spirituale, ma anche offrendo aiuto per alleviare parte delle sofferenze dei pi\u00f9 abbandonati.<\/p>\n<p>Come persone di fede, fratelli e sorelle accomunati dal nostro carisma, vogliamo accompagnare da vicino il popolo venezuelano su questa lunga e dolorosa via della croce, verso la pienezza della vita (Gv 10, 10). Vorremmo aiutarli a sentirsi vicini al Dio della vita, attraverso il nostro abbraccio compassionevole, la nostra preghiera continua e una campagna internazionale vincenziana di aiuto a favore dei pi\u00f9 poveri del paese, cos\u00ec come a favore dei programmi che la nostra Famiglia Vincenziana ha gi\u00e0 in Venezuela.<\/p>\n<p>Ringraziamo tutti i membri della Famiglia Vincenziana che svolgono la loro vita e la loro missione nel paese. Sappiamo che questa realt\u00e0 li ha costretti ad aumentare al massimo la loro creativit\u00e0 al servizio del carisma. Vogliamo unirci umilmente alle numerose reti di solidariet\u00e0 e compassione che sono incentrate sul crescente dolore del popolo venezuelano.<\/p>\n<p>In questo momento cruciale della storia di questo paese fratello, invitiamo tutti i membri della Famiglia Vincenziana ad unirsi a noi in questo gesto di comunione e solidariet\u00e0, all\u2019interno delle proprie possibilit\u00e0 e delle proprie esperienze.<\/p>\n<p>Invitiamo anche le nostre reti della Famiglia Vincenziana ad accogliere, proteggere e sostenere tutti i venezuelani che sono emigrati in diverse parti del mondo. Oggi circa 5 milioni di venezuelani sono rifugiati che vivono condizioni molto drammatiche in Colombia, Per\u00f9, Ecuador, Brasile, cos\u00ec come in altri paesi, specialmente in America e in Europa.<\/p>\n<p>Ci uniamo al desiderio e all\u2019appello che Papa Francesco ha fatto per una trasformazione del paese senza spargimento di sangue, che porti ad una riconciliazione totale del paese e alla guarigione dei tessuti rotti della societ\u00e0, dalla promozione di opportunit\u00e0 di sviluppo umano integrale e la riattivazione dei valori della pace e della giustizia.<\/p>\n<p>Confidiamo nel Dio della storia. \u00c8 il Dio della salvezza e confidiamo in Ges\u00f9 Salvatore che ci dice: \u201cNon temere, sar\u00f2 con te tutti i giorni fino alla fine del mondo\u201d (Mt 28,20). Che Maria di Coromoto, patrona della nazione, protegga sempre il Venezuela, mentre noi esprimiamo la pi\u00f9 sincera vicinanza al paese! San Vincenzo de\u2019 Paoli e tutti i santi e beati della Famiglia Vincenziana, pregate per noi!<\/p>\n<\/div>\n<p>&nbsp;<\/p>\n<h2>Messaggio di padre Toma\u017e Mavri\u010d, presidente del Comitato Esecutivo della Famiglia Vincenziana:<\/h2>\n<div class=\"x-embed x-is-unknown x-is-unknown\"><span class=\"embed-youtube\" style=\"text-align:center; display: block;\"><iframe loading=\"lazy\" class=\"youtube-player\" width=\"846\" height=\"476\" src=\"https:\/\/www.youtube.com\/embed\/5L3oqy21WWk?version=3&#038;rel=1&#038;showsearch=0&#038;showinfo=1&#038;iv_load_policy=1&#038;fs=1&#038;hl=it-IT&#038;autohide=2&#038;cc_load_policy=1&#038;cc_lang_pref=it&#038;wmode=transparent\" allowfullscreen=\"true\" style=\"border:0;\" sandbox=\"allow-scripts allow-same-origin allow-popups allow-presentation allow-popups-to-escape-sandbox\"><\/iframe><\/span><\/div>\n<blockquote><p><em>Il Venezuela sta attraversando una crisi umanitaria di dimensioni incredibili. Il popolo venezuelano sta soffrendo e non possiamo rimanere impassibili di fronte a tanto dolore. I membri della Famiglia Vincenziana, pi\u00f9 di due milioni di cristiani che servono i poveri seguendo l&#8217;esempio di San Vincenzo de&#8217; Paoli, chiedono a tutti voi di unirci insieme e di collaborare in ogni modo possibile per far s\u00ec che nessun venezuelano soffra la fame o viva nel bisogno. Vi preghiamo di aiutarci ad aiutarli<\/em><\/p><\/blockquote>\n<div style=\"padding: 2px 6px 4px 6px; color: #555555; background-color: #eeeeee; border: #dddddd 2px solid;\">\n<h2>Alcune indicazioni su cosa fare:<\/h2>\n<ol>\n<li><strong>Diffondi tramite il passaparola<\/strong>: Condividi la dichiarazione sui tuoi social network, stampala e distribuiscila.<\/li>\n<li><strong>Prega per il Venezuela<\/strong>: in privato e in comunit\u00e0.<\/li>\n<li><strong>Contribuisci con una donazione<\/strong>: personale o comunitaria (con il tuo gruppo, ramo, scuola, parrocchia).<\/li>\n<\/ol>\n<h3>Le donazioni possono essere inviate a (scegli qualsiasi):<\/h3>\n<h3>Titolare del conto: CONGREGACI\u00d3N DE LA MISI\u00d3N &#8211; PADRES VICENTINOS<br \/>\nEntit\u00e0 bancaria: BANCOLOMBIA<br \/>\nFiliale bancaria 219, Calle 26 #32-61, Bogot\u00e1 (Colombia)<br \/>\nNumero di conto: 219-000127-25<br \/>\nSWIFT: COLOCOBM<br \/>\nValuta del conto: pesos colombiani<br \/>\nTipo di transazione: OUR o SHA<\/h3>\n<h3>Titolare del conto: HIJAS DE LA CARIDAD DE SAN VICENTE DE PA\u00daL<br \/>\nEntit\u00e0 bancaria: BANCOLOMBIA<br \/>\nFiliale bancaria219, Calle 26 #32-61, Bogot\u00e1 (Colombia)<br \/>\nNumero di conto: 219-000126-82<br \/>\nSWIFT: COLOCOBM<br \/>\nValuta del conto: pesos colombiani<br \/>\nTipo di transazione: OUR o SHA<\/h3>\n<h3>Questi conti bancari sono gestiti dalla Famiglia Vincenziana della Colombia e le donazioni saranno inviate ai nostri fratelli in Venezuela.<\/h3>\n<\/div>\n<p>&nbsp;<\/p>\n<div style=\"padding: 2px 6px 4px 6px; color: #555555; background-color: #eeeeee; border: #dddddd 2px solid;\">\n<h3>Scarica questa dichiarazione in formato PDF:<\/h3>\n<table>\n<colgroup>\n<col \/>\n<col \/><\/colgroup>\n<tbody>\n<tr>\n<td><strong>Folder<\/strong><\/td>\n<td><a href=\"https:\/\/famv.in\/VENEZUELA\" target=\"_blank\" rel=\"noopener noreferrer\" data-saferedirecturl=\"https:\/\/www.google.com\/url?q=https:\/\/famv.in\/VENEZUELA&amp;source=gmail&amp;ust=1553844238805000&amp;usg=AFQjCNEVLaOuEJ5dg2KWw6Ln5lsc7LoLFw\">https:\/\/famv.in\/VENEZUELA<\/a><\/td>\n<\/tr>\n<tr>\n<td><strong>English<\/strong><\/td>\n<td><a href=\"https:\/\/famv.in\/Venezuela_EN\" target=\"_blank\" rel=\"noopener noreferrer\" data-saferedirecturl=\"https:\/\/www.google.com\/url?q=https:\/\/famv.in\/Venezuela_EN&amp;source=gmail&amp;ust=1553844238805000&amp;usg=AFQjCNEl56uA1XqxMTF6w-PqgErEEbmMTA\">https:\/\/famv.in\/Venezuela_EN<\/a><\/td>\n<\/tr>\n<tr>\n<td><strong>Fran\u00e7ais<\/strong><\/td>\n<td><a href=\"https:\/\/famv.in\/Venezuela_FR\" target=\"_blank\" rel=\"noopener noreferrer\" data-saferedirecturl=\"https:\/\/www.google.com\/url?q=https:\/\/famv.in\/Venezuela_FR&amp;source=gmail&amp;ust=1553844238805000&amp;usg=AFQjCNGtX-aS6yHwenrVJ0zF7eAi8PpO9A\">https:\/\/famv.in\/Venezuela_FR<\/a><\/td>\n<\/tr>\n<tr>\n<td><strong>Espa\u00f1ol<\/strong><\/td>\n<td><a href=\"https:\/\/famv.in\/Venezuela_ES\" target=\"_blank\" rel=\"noopener noreferrer\" data-saferedirecturl=\"https:\/\/www.google.com\/url?q=https:\/\/famv.in\/Venezuela_ES&amp;source=gmail&amp;ust=1553844238805000&amp;usg=AFQjCNFKKSe6zH8gq6yzCS-SRsiVxgJtkw\">https:\/\/famv.in\/Venezuela_ES<\/a><\/td>\n<\/tr>\n<tr>\n<td><strong>Polski<\/strong><\/td>\n<td><a href=\"https:\/\/famv.in\/Venezuela_PL\" target=\"_blank\" rel=\"noopener noreferrer\" data-saferedirecturl=\"https:\/\/www.google.com\/url?q=https:\/\/famv.in\/Venezuela_PL&amp;source=gmail&amp;ust=1553844238805000&amp;usg=AFQjCNGd1GXFbSmuopQzG9eF8DmuAxuLlQ\">https:\/\/famv.in\/Venezuela_PL<\/a><\/td>\n<\/tr>\n<tr>\n<td><strong>Portugu\u00eas<\/strong><\/td>\n<td><a href=\"https:\/\/famv.in\/Venezuela_PT\" target=\"_blank\" rel=\"noopener noreferrer\" data-saferedirecturl=\"https:\/\/www.google.com\/url?q=https:\/\/famv.in\/Venezuela_PT&amp;source=gmail&amp;ust=1553844238805000&amp;usg=AFQjCNHqnDtC3BCDAigi9y-Mpa10uQdwJQ\">https:\/\/famv.in\/Venezuela_PT<\/a><\/td>\n<\/tr>\n<tr>\n<td><strong>Italiano<\/strong><\/td>\n<td><a href=\"https:\/\/famv.in\/Venezuela_IT\" target=\"_blank\" rel=\"noopener noreferrer\" data-saferedirecturl=\"https:\/\/www.google.com\/url?q=https:\/\/famv.in\/Venezuela_IT&amp;source=gmail&amp;ust=1553844238805000&amp;usg=AFQjCNFGwrSfJ4vsIGXaAb9MIfDgm2XpMQ\">https:\/\/famv.in\/Venezuela_IT<\/a><\/td>\n<\/tr>\n<\/tbody>\n<\/table>\n<\/div>\n","protected":false},"excerpt":{"rendered":"<p>A tutti i membri della Famiglia Vincenziana (VF) nel mondo e specialmente ai nostri fratelli e sorelle in Venezuela: esprimiamo la nostra preoccupazione e la nostra solidariet\u00e0 di fronte alla drammatica situazione che stanno vivendo &#8230; <a href=\"https:\/\/vincentians.com\/it\/dichiarazione-della-famiglia-vincenziana-in-solidarieta-con-il-popolo-del-venezuela\/\" class=\"more-link\">Read More<\/a><\/p>\n","protected":false},"author":4,"featured_media":154012,"comment_status":"open","ping_status":"open","sticky":false,"template":"","format":"standard","meta":{"jetpack_post_was_ever_published":false,"_jetpack_newsletter_access":"","_jetpack_dont_email_post_to_subs":false,"_jetpack_newsletter_tier_id":0,"_jetpack_memberships_contains_paywalled_content":false,"_jetpack_memberships_contains_paid_content":false,"footnotes":"","jetpack_publicize_message":"","jetpack_publicize_feature_enabled":true,"jetpack_social_post_already_shared":true,"jetpack_social_options":{"image_generator_settings":{"template":"highway","default_image_id":0,"font":"","enabled":false},"version":2}},"categories":[86],"tags":[],"class_list":["post-154011","post","type-post","status-publish","format-standard","has-post-thumbnail","hentry","category-the-vincentian-family"],"yoast_head":"<!-- This site is optimized with the Yoast SEO plugin v26.3 - https:\/\/yoast.com\/wordpress\/plugins\/seo\/ -->\n<title>Dichiarazione della Famiglia Vincenziana in Solidariet\u00e0 con il Popolo del Venezuela - Siamo Vincenziani<\/title>\n<meta name=\"robots\" content=\"index, follow, max-snippet:-1, max-image-preview:large, max-video-preview:-1\" \/>\n<link rel=\"canonical\" href=\"http:\/\/vincentians.com\/it\/dichiarazione-della-famiglia-vincenziana-in-solidarieta-con-il-popolo-del-venezuela\/\" \/>\n<meta property=\"og:locale\" content=\"it_IT\" \/>\n<meta property=\"og:type\" content=\"article\" \/>\n<meta property=\"og:title\" content=\"Dichiarazione della Famiglia Vincenziana in Solidariet\u00e0 con il Popolo del Venezuela - Siamo Vincenziani\" \/>\n<meta property=\"og:description\" content=\"A tutti i membri della Famiglia Vincenziana (VF) nel mondo e specialmente ai nostri fratelli e sorelle in Venezuela: esprimiamo la nostra preoccupazione e la nostra solidariet\u00e0 di fronte alla drammatica situazione che stanno vivendo ... Read More\" \/>\n<meta property=\"og:url\" content=\"http:\/\/vincentians.com\/it\/dichiarazione-della-famiglia-vincenziana-in-solidarieta-con-il-popolo-del-venezuela\/\" \/>\n<meta property=\"og:site_name\" content=\"Siamo Vincenziani\" \/>\n<meta property=\"article:publisher\" content=\"https:\/\/www.facebook.com\/WeAreVincentians\/\" \/>\n<meta property=\"article:author\" content=\"https:\/\/www.facebook.com\/JavierChento\" \/>\n<meta property=\"article:published_time\" content=\"2019-04-02T04:00:26+00:00\" \/>\n<meta property=\"og:image\" content=\"https:\/\/i0.wp.com\/vincentians.com\/it\/wp-content\/uploads\/sites\/12\/2019\/04\/201904VF-venezuela-statement.jpg?fit=1200%2C630\" \/>\n\t<meta property=\"og:image:width\" content=\"1200\" \/>\n\t<meta property=\"og:image:height\" content=\"630\" \/>\n\t<meta property=\"og:image:type\" content=\"image\/jpeg\" \/>\n<meta name=\"author\" content=\"Francisco Javier Fern\u00e1ndez Chento\" \/>\n<meta name=\"twitter:card\" content=\"summary_large_image\" \/>\n<meta name=\"twitter:creator\" content=\"@https:\/\/twitter.com\/javierchento\" \/>\n<meta name=\"twitter:site\" content=\"@WeVincentians\" \/>\n<meta name=\"twitter:label1\" content=\"Scritto da\" \/>\n\t<meta name=\"twitter:data1\" content=\"Francisco Javier Fern\u00e1ndez Chento\" \/>\n\t<meta name=\"twitter:label2\" content=\"Tempo di lettura stimato\" \/>\n\t<meta name=\"twitter:data2\" content=\"4 minuti\" \/>\n<script type=\"application\/ld+json\" class=\"yoast-schema-graph\">{\"@context\":\"https:\/\/schema.org\",\"@graph\":[{\"@type\":\"Article\",\"@id\":\"http:\/\/vincentians.com\/it\/dichiarazione-della-famiglia-vincenziana-in-solidarieta-con-il-popolo-del-venezuela\/#article\",\"isPartOf\":{\"@id\":\"http:\/\/vincentians.com\/it\/dichiarazione-della-famiglia-vincenziana-in-solidarieta-con-il-popolo-del-venezuela\/\"},\"author\":{\"name\":\"Francisco Javier Fern\u00e1ndez Chento\",\"@id\":\"https:\/\/vincentians.com\/it\/#\/schema\/person\/9623ef4d9aa3b2dfb8c061f1499288f2\"},\"headline\":\"Dichiarazione della Famiglia Vincenziana in Solidariet\u00e0 con il Popolo del Venezuela\",\"datePublished\":\"2019-04-02T04:00:26+00:00\",\"mainEntityOfPage\":{\"@id\":\"http:\/\/vincentians.com\/it\/dichiarazione-della-famiglia-vincenziana-in-solidarieta-con-il-popolo-del-venezuela\/\"},\"wordCount\":897,\"commentCount\":0,\"publisher\":{\"@id\":\"https:\/\/vincentians.com\/it\/#organization\"},\"image\":{\"@id\":\"http:\/\/vincentians.com\/it\/dichiarazione-della-famiglia-vincenziana-in-solidarieta-con-il-popolo-del-venezuela\/#primaryimage\"},\"thumbnailUrl\":\"https:\/\/i0.wp.com\/vincentians.com\/it\/wp-content\/uploads\/sites\/12\/2019\/04\/201904VF-venezuela-statement.jpg?fit=1200%2C630&ssl=1\",\"articleSection\":[\"The Vincentian Family\"],\"inLanguage\":\"it-IT\",\"potentialAction\":[{\"@type\":\"CommentAction\",\"name\":\"Comment\",\"target\":[\"http:\/\/vincentians.com\/it\/dichiarazione-della-famiglia-vincenziana-in-solidarieta-con-il-popolo-del-venezuela\/#respond\"]}]},{\"@type\":\"WebPage\",\"@id\":\"http:\/\/vincentians.com\/it\/dichiarazione-della-famiglia-vincenziana-in-solidarieta-con-il-popolo-del-venezuela\/\",\"url\":\"http:\/\/vincentians.com\/it\/dichiarazione-della-famiglia-vincenziana-in-solidarieta-con-il-popolo-del-venezuela\/\",\"name\":\"Dichiarazione della Famiglia Vincenziana in Solidariet\u00e0 con il Popolo del Venezuela - Siamo Vincenziani\",\"isPartOf\":{\"@id\":\"https:\/\/vincentians.com\/it\/#website\"},\"primaryImageOfPage\":{\"@id\":\"http:\/\/vincentians.com\/it\/dichiarazione-della-famiglia-vincenziana-in-solidarieta-con-il-popolo-del-venezuela\/#primaryimage\"},\"image\":{\"@id\":\"http:\/\/vincentians.com\/it\/dichiarazione-della-famiglia-vincenziana-in-solidarieta-con-il-popolo-del-venezuela\/#primaryimage\"},\"thumbnailUrl\":\"https:\/\/i0.wp.com\/vincentians.com\/it\/wp-content\/uploads\/sites\/12\/2019\/04\/201904VF-venezuela-statement.jpg?fit=1200%2C630&ssl=1\",\"datePublished\":\"2019-04-02T04:00:26+00:00\",\"breadcrumb\":{\"@id\":\"http:\/\/vincentians.com\/it\/dichiarazione-della-famiglia-vincenziana-in-solidarieta-con-il-popolo-del-venezuela\/#breadcrumb\"},\"inLanguage\":\"it-IT\",\"potentialAction\":[{\"@type\":\"ReadAction\",\"target\":[\"http:\/\/vincentians.com\/it\/dichiarazione-della-famiglia-vincenziana-in-solidarieta-con-il-popolo-del-venezuela\/\"]}]},{\"@type\":\"ImageObject\",\"inLanguage\":\"it-IT\",\"@id\":\"http:\/\/vincentians.com\/it\/dichiarazione-della-famiglia-vincenziana-in-solidarieta-con-il-popolo-del-venezuela\/#primaryimage\",\"url\":\"https:\/\/i0.wp.com\/vincentians.com\/it\/wp-content\/uploads\/sites\/12\/2019\/04\/201904VF-venezuela-statement.jpg?fit=1200%2C630&ssl=1\",\"contentUrl\":\"https:\/\/i0.wp.com\/vincentians.com\/it\/wp-content\/uploads\/sites\/12\/2019\/04\/201904VF-venezuela-statement.jpg?fit=1200%2C630&ssl=1\",\"width\":1200,\"height\":630},{\"@type\":\"BreadcrumbList\",\"@id\":\"http:\/\/vincentians.com\/it\/dichiarazione-della-famiglia-vincenziana-in-solidarieta-con-il-popolo-del-venezuela\/#breadcrumb\",\"itemListElement\":[{\"@type\":\"ListItem\",\"position\":1,\"name\":\"Portada\",\"item\":\"https:\/\/vincentians.com\/it\/\"},{\"@type\":\"ListItem\",\"position\":2,\"name\":\"Dichiarazione della Famiglia Vincenziana in Solidariet\u00e0 con il Popolo del Venezuela\"}]},{\"@type\":\"WebSite\",\"@id\":\"https:\/\/vincentians.com\/it\/#website\",\"url\":\"https:\/\/vincentians.com\/it\/\",\"name\":\"Siamo Vincenziani\",\"description\":\"Know more to serve more\",\"publisher\":{\"@id\":\"https:\/\/vincentians.com\/it\/#organization\"},\"potentialAction\":[{\"@type\":\"SearchAction\",\"target\":{\"@type\":\"EntryPoint\",\"urlTemplate\":\"https:\/\/vincentians.com\/it\/?s={search_term_string}\"},\"query-input\":{\"@type\":\"PropertyValueSpecification\",\"valueRequired\":true,\"valueName\":\"search_term_string\"}}],\"inLanguage\":\"it-IT\"},{\"@type\":\"Organization\",\"@id\":\"https:\/\/vincentians.com\/it\/#organization\",\"name\":\"The Vincentian Network\",\"url\":\"https:\/\/vincentians.com\/it\/\",\"logo\":{\"@type\":\"ImageObject\",\"inLanguage\":\"it-IT\",\"@id\":\"https:\/\/vincentians.com\/it\/#\/schema\/logo\/image\/\",\"url\":\"https:\/\/i0.wp.com\/vincentians.com\/it\/wp-content\/uploads\/sites\/12\/2016\/06\/Vincentian-Network-logo-big.png?fit=778%2C778\",\"contentUrl\":\"https:\/\/i0.wp.com\/vincentians.com\/it\/wp-content\/uploads\/sites\/12\/2016\/06\/Vincentian-Network-logo-big.png?fit=778%2C778\",\"width\":778,\"height\":778,\"caption\":\"The Vincentian Network\"},\"image\":{\"@id\":\"https:\/\/vincentians.com\/it\/#\/schema\/logo\/image\/\"},\"sameAs\":[\"https:\/\/www.facebook.com\/WeAreVincentians\/\",\"https:\/\/x.com\/WeVincentians\"]},{\"@type\":\"Person\",\"@id\":\"https:\/\/vincentians.com\/it\/#\/schema\/person\/9623ef4d9aa3b2dfb8c061f1499288f2\",\"name\":\"Francisco Javier Fern\u00e1ndez Chento\",\"image\":{\"@type\":\"ImageObject\",\"inLanguage\":\"it-IT\",\"@id\":\"https:\/\/vincentians.com\/it\/#\/schema\/person\/image\/\",\"url\":\"https:\/\/secure.gravatar.com\/avatar\/497d5cde87b4c3d097d0315953521681ba2cd523ee66e5077c3711f7021e65de?s=96&d=mm&r=g\",\"contentUrl\":\"https:\/\/secure.gravatar.com\/avatar\/497d5cde87b4c3d097d0315953521681ba2cd523ee66e5077c3711f7021e65de?s=96&d=mm&r=g\",\"caption\":\"Francisco Javier Fern\u00e1ndez Chento\"},\"description\":\"Director General y cofundador de La Red de Formaci\u00f3n Vicenciana. Javier es laico vicenciano, afiliado a la Congregaci\u00f3n de la Misi\u00f3n y miembro del Equipo de Misiones Populares de la provincia can\u00f3nica de Zaragoza (Espa\u00f1a) de la Congregaci\u00f3n de la Misi\u00f3n. Graduado en la Universidad Oberta de Catalunya con cuatro grados (Asistente de direcci\u00f3n, Gesti\u00f3n Administrativa, Recursos Humanos y Contabilidad Avanzada). Bil\u00edng\u00fce Espa\u00f1ol\/Ingl\u00e9s. gestiona y mantiene varias p\u00e1ginas web cristianas y vicencianas, incluida including La Red de Formaci\u00f3n Vicenciana, de la que es cofundador. Actualmente es responsable del \u00e1rea de Espa\u00f1ol de .famvin, la Red de Noticias de la Familia Vicenciana. Tambi\u00e9n es m\u00fasico cat\u00f3lico y ha editado varios discos. Es Director General y cofundador de Trovador, una reconocida compa\u00f1\u00eda discogr\u00e1fica critiana de Espa\u00f1a. Trabaja en las Tecnolog\u00edas de la Informaci\u00f3n, ofreciendo servicios de alojamiento, dise\u00f1o y mantenimiento Web, as\u00ed como asesoramiento, formaci\u00f3n y soluciones inform\u00e1ticas, gesti\u00f3n documental y digitalizaci\u00f3n de textos, edici\u00f3n y maquetaci\u00f3n de libros, revistas, flyers, etc.\",\"sameAs\":[\"http:\/\/chento.org\",\"https:\/\/www.facebook.com\/JavierChento\",\"https:\/\/x.com\/https:\/\/twitter.com\/javierchento\"],\"url\":\"https:\/\/vincentians.com\/it\/author\/chento\/\"}]}<\/script>\n<!-- \/ Yoast SEO plugin. -->","yoast_head_json":{"title":"Dichiarazione della Famiglia Vincenziana in Solidariet\u00e0 con il Popolo del Venezuela - Siamo Vincenziani","robots":{"index":"index","follow":"follow","max-snippet":"max-snippet:-1","max-image-preview":"max-image-preview:large","max-video-preview":"max-video-preview:-1"},"canonical":"http:\/\/vincentians.com\/it\/dichiarazione-della-famiglia-vincenziana-in-solidarieta-con-il-popolo-del-venezuela\/","og_locale":"it_IT","og_type":"article","og_title":"Dichiarazione della Famiglia Vincenziana in Solidariet\u00e0 con il Popolo del Venezuela - Siamo Vincenziani","og_description":"A tutti i membri della Famiglia Vincenziana (VF) nel mondo e specialmente ai nostri fratelli e sorelle in Venezuela: esprimiamo la nostra preoccupazione e la nostra solidariet\u00e0 di fronte alla drammatica situazione che stanno vivendo ... Read More","og_url":"http:\/\/vincentians.com\/it\/dichiarazione-della-famiglia-vincenziana-in-solidarieta-con-il-popolo-del-venezuela\/","og_site_name":"Siamo Vincenziani","article_publisher":"https:\/\/www.facebook.com\/WeAreVincentians\/","article_author":"https:\/\/www.facebook.com\/JavierChento","article_published_time":"2019-04-02T04:00:26+00:00","og_image":[{"width":1200,"height":630,"url":"https:\/\/i0.wp.com\/vincentians.com\/it\/wp-content\/uploads\/sites\/12\/2019\/04\/201904VF-venezuela-statement.jpg?fit=1200%2C630","type":"image\/jpeg"}],"author":"Francisco Javier Fern\u00e1ndez Chento","twitter_card":"summary_large_image","twitter_creator":"@https:\/\/twitter.com\/javierchento","twitter_site":"@WeVincentians","twitter_misc":{"Scritto da":"Francisco Javier Fern\u00e1ndez Chento","Tempo di lettura stimato":"4 minuti"},"schema":{"@context":"https:\/\/schema.org","@graph":[{"@type":"Article","@id":"http:\/\/vincentians.com\/it\/dichiarazione-della-famiglia-vincenziana-in-solidarieta-con-il-popolo-del-venezuela\/#article","isPartOf":{"@id":"http:\/\/vincentians.com\/it\/dichiarazione-della-famiglia-vincenziana-in-solidarieta-con-il-popolo-del-venezuela\/"},"author":{"name":"Francisco Javier Fern\u00e1ndez Chento","@id":"https:\/\/vincentians.com\/it\/#\/schema\/person\/9623ef4d9aa3b2dfb8c061f1499288f2"},"headline":"Dichiarazione della Famiglia Vincenziana in Solidariet\u00e0 con il Popolo del Venezuela","datePublished":"2019-04-02T04:00:26+00:00","mainEntityOfPage":{"@id":"http:\/\/vincentians.com\/it\/dichiarazione-della-famiglia-vincenziana-in-solidarieta-con-il-popolo-del-venezuela\/"},"wordCount":897,"commentCount":0,"publisher":{"@id":"https:\/\/vincentians.com\/it\/#organization"},"image":{"@id":"http:\/\/vincentians.com\/it\/dichiarazione-della-famiglia-vincenziana-in-solidarieta-con-il-popolo-del-venezuela\/#primaryimage"},"thumbnailUrl":"https:\/\/i0.wp.com\/vincentians.com\/it\/wp-content\/uploads\/sites\/12\/2019\/04\/201904VF-venezuela-statement.jpg?fit=1200%2C630&ssl=1","articleSection":["The Vincentian Family"],"inLanguage":"it-IT","potentialAction":[{"@type":"CommentAction","name":"Comment","target":["http:\/\/vincentians.com\/it\/dichiarazione-della-famiglia-vincenziana-in-solidarieta-con-il-popolo-del-venezuela\/#respond"]}]},{"@type":"WebPage","@id":"http:\/\/vincentians.com\/it\/dichiarazione-della-famiglia-vincenziana-in-solidarieta-con-il-popolo-del-venezuela\/","url":"http:\/\/vincentians.com\/it\/dichiarazione-della-famiglia-vincenziana-in-solidarieta-con-il-popolo-del-venezuela\/","name":"Dichiarazione della Famiglia Vincenziana in Solidariet\u00e0 con il Popolo del Venezuela - Siamo Vincenziani","isPartOf":{"@id":"https:\/\/vincentians.com\/it\/#website"},"primaryImageOfPage":{"@id":"http:\/\/vincentians.com\/it\/dichiarazione-della-famiglia-vincenziana-in-solidarieta-con-il-popolo-del-venezuela\/#primaryimage"},"image":{"@id":"http:\/\/vincentians.com\/it\/dichiarazione-della-famiglia-vincenziana-in-solidarieta-con-il-popolo-del-venezuela\/#primaryimage"},"thumbnailUrl":"https:\/\/i0.wp.com\/vincentians.com\/it\/wp-content\/uploads\/sites\/12\/2019\/04\/201904VF-venezuela-statement.jpg?fit=1200%2C630&ssl=1","datePublished":"2019-04-02T04:00:26+00:00","breadcrumb":{"@id":"http:\/\/vincentians.com\/it\/dichiarazione-della-famiglia-vincenziana-in-solidarieta-con-il-popolo-del-venezuela\/#breadcrumb"},"inLanguage":"it-IT","potentialAction":[{"@type":"ReadAction","target":["http:\/\/vincentians.com\/it\/dichiarazione-della-famiglia-vincenziana-in-solidarieta-con-il-popolo-del-venezuela\/"]}]},{"@type":"ImageObject","inLanguage":"it-IT","@id":"http:\/\/vincentians.com\/it\/dichiarazione-della-famiglia-vincenziana-in-solidarieta-con-il-popolo-del-venezuela\/#primaryimage","url":"https:\/\/i0.wp.com\/vincentians.com\/it\/wp-content\/uploads\/sites\/12\/2019\/04\/201904VF-venezuela-statement.jpg?fit=1200%2C630&ssl=1","contentUrl":"https:\/\/i0.wp.com\/vincentians.com\/it\/wp-content\/uploads\/sites\/12\/2019\/04\/201904VF-venezuela-statement.jpg?fit=1200%2C630&ssl=1","width":1200,"height":630},{"@type":"BreadcrumbList","@id":"http:\/\/vincentians.com\/it\/dichiarazione-della-famiglia-vincenziana-in-solidarieta-con-il-popolo-del-venezuela\/#breadcrumb","itemListElement":[{"@type":"ListItem","position":1,"name":"Portada","item":"https:\/\/vincentians.com\/it\/"},{"@type":"ListItem","position":2,"name":"Dichiarazione della Famiglia Vincenziana in Solidariet\u00e0 con il Popolo del Venezuela"}]},{"@type":"WebSite","@id":"https:\/\/vincentians.com\/it\/#website","url":"https:\/\/vincentians.com\/it\/","name":"Siamo Vincenziani","description":"Know more to serve more","publisher":{"@id":"https:\/\/vincentians.com\/it\/#organization"},"potentialAction":[{"@type":"SearchAction","target":{"@type":"EntryPoint","urlTemplate":"https:\/\/vincentians.com\/it\/?s={search_term_string}"},"query-input":{"@type":"PropertyValueSpecification","valueRequired":true,"valueName":"search_term_string"}}],"inLanguage":"it-IT"},{"@type":"Organization","@id":"https:\/\/vincentians.com\/it\/#organization","name":"The Vincentian Network","url":"https:\/\/vincentians.com\/it\/","logo":{"@type":"ImageObject","inLanguage":"it-IT","@id":"https:\/\/vincentians.com\/it\/#\/schema\/logo\/image\/","url":"https:\/\/i0.wp.com\/vincentians.com\/it\/wp-content\/uploads\/sites\/12\/2016\/06\/Vincentian-Network-logo-big.png?fit=778%2C778","contentUrl":"https:\/\/i0.wp.com\/vincentians.com\/it\/wp-content\/uploads\/sites\/12\/2016\/06\/Vincentian-Network-logo-big.png?fit=778%2C778","width":778,"height":778,"caption":"The Vincentian Network"},"image":{"@id":"https:\/\/vincentians.com\/it\/#\/schema\/logo\/image\/"},"sameAs":["https:\/\/www.facebook.com\/WeAreVincentians\/","https:\/\/x.com\/WeVincentians"]},{"@type":"Person","@id":"https:\/\/vincentians.com\/it\/#\/schema\/person\/9623ef4d9aa3b2dfb8c061f1499288f2","name":"Francisco Javier Fern\u00e1ndez Chento","image":{"@type":"ImageObject","inLanguage":"it-IT","@id":"https:\/\/vincentians.com\/it\/#\/schema\/person\/image\/","url":"https:\/\/secure.gravatar.com\/avatar\/497d5cde87b4c3d097d0315953521681ba2cd523ee66e5077c3711f7021e65de?s=96&d=mm&r=g","contentUrl":"https:\/\/secure.gravatar.com\/avatar\/497d5cde87b4c3d097d0315953521681ba2cd523ee66e5077c3711f7021e65de?s=96&d=mm&r=g","caption":"Francisco Javier Fern\u00e1ndez Chento"},"description":"Director General y cofundador de La Red de Formaci\u00f3n Vicenciana. Javier es laico vicenciano, afiliado a la Congregaci\u00f3n de la Misi\u00f3n y miembro del Equipo de Misiones Populares de la provincia can\u00f3nica de Zaragoza (Espa\u00f1a) de la Congregaci\u00f3n de la Misi\u00f3n. Graduado en la Universidad Oberta de Catalunya con cuatro grados (Asistente de direcci\u00f3n, Gesti\u00f3n Administrativa, Recursos Humanos y Contabilidad Avanzada). Bil\u00edng\u00fce Espa\u00f1ol\/Ingl\u00e9s. gestiona y mantiene varias p\u00e1ginas web cristianas y vicencianas, incluida including La Red de Formaci\u00f3n Vicenciana, de la que es cofundador. Actualmente es responsable del \u00e1rea de Espa\u00f1ol de .famvin, la Red de Noticias de la Familia Vicenciana. Tambi\u00e9n es m\u00fasico cat\u00f3lico y ha editado varios discos. Es Director General y cofundador de Trovador, una reconocida compa\u00f1\u00eda discogr\u00e1fica critiana de Espa\u00f1a. Trabaja en las Tecnolog\u00edas de la Informaci\u00f3n, ofreciendo servicios de alojamiento, dise\u00f1o y mantenimiento Web, as\u00ed como asesoramiento, formaci\u00f3n y soluciones inform\u00e1ticas, gesti\u00f3n documental y digitalizaci\u00f3n de textos, edici\u00f3n y maquetaci\u00f3n de libros, revistas, flyers, etc.","sameAs":["http:\/\/chento.org","https:\/\/www.facebook.com\/JavierChento","https:\/\/x.com\/https:\/\/twitter.com\/javierchento"],"url":"https:\/\/vincentians.com\/it\/author\/chento\/"}]}},"jetpack_publicize_connections":[],"jetpack_featured_media_url":"https:\/\/i0.wp.com\/vincentians.com\/it\/wp-content\/uploads\/sites\/12\/2019\/04\/201904VF-venezuela-statement.jpg?fit=1200%2C630&ssl=1","jetpack_sharing_enabled":true,"jetpack_shortlink":"https:\/\/wp.me\/p7ETFo-E43","jetpack-related-posts":[{"id":73495,"url":"https:\/\/vincentians.com\/it\/storiografia-delle-missioni-5\/","url_meta":{"origin":154011,"position":0},"title":"Storiografia delle missioni (5)","author":"Francisco Javier Fern\u00e1ndez Chento","date":"29\/07\/2016","format":false,"excerpt":"5. Congregazione della missione La comunit\u00e0 fondata da S. Vincenzo Depaul (o de Paul, 1581\u00ad-1660) fu espressamente voluta per le missioni. Fu la \"Missione\" tanto che il santo ottenne che Christophe Authier de Sisgaud non usasse per i suoi confratelli la dizione \"preti missionari\". La caratteristica di questa comunit\u00e0, che\u2026","rel":"","context":"In &quot;I tempi di San Vincenzo de Paoli&quot;","block_context":{"text":"I tempi di San Vincenzo de Paoli","link":"https:\/\/vincentians.com\/it\/category\/i-tempi-di-san-vincenzo-de-paoli\/"},"img":{"alt_text":"","src":"https:\/\/i0.wp.com\/vincentians.com\/it\/wp-content\/uploads\/sites\/12\/2016\/07\/Storiografia-delle-missioni.jpg?fit=1200%2C630&ssl=1&resize=350%2C200","width":350,"height":200,"srcset":"https:\/\/i0.wp.com\/vincentians.com\/it\/wp-content\/uploads\/sites\/12\/2016\/07\/Storiografia-delle-missioni.jpg?fit=1200%2C630&ssl=1&resize=350%2C200 1x, https:\/\/i0.wp.com\/vincentians.com\/it\/wp-content\/uploads\/sites\/12\/2016\/07\/Storiografia-delle-missioni.jpg?fit=1200%2C630&ssl=1&resize=525%2C300 1.5x, https:\/\/i0.wp.com\/vincentians.com\/it\/wp-content\/uploads\/sites\/12\/2016\/07\/Storiografia-delle-missioni.jpg?fit=1200%2C630&ssl=1&resize=700%2C400 2x, https:\/\/i0.wp.com\/vincentians.com\/it\/wp-content\/uploads\/sites\/12\/2016\/07\/Storiografia-delle-missioni.jpg?fit=1200%2C630&ssl=1&resize=1050%2C600 3x"},"classes":[]},{"id":53821,"url":"https:\/\/vincentians.com\/it\/de-spiritualitate-actuositatis-sancti-vincentii-a-paulo\/","url_meta":{"origin":154011,"position":1},"title":"De Spiritualitate Actuositatis Sancti Vincentii A Paulo","author":"Francisco Javier Fern\u00e1ndez Chento","date":"01\/09\/2016","format":false,"excerpt":"L'Idea centrale In Spiritualit\u00e1 vincenziana spiritualit\u00e1 dell'azione si racco\u00adglie il frutto di una ricerca che durava da qualche anno, relativa alla sistemazione ed elaborazione del pensiero di M. VINCENT. Vengono approfonditi non aspetti della spiritualit\u00e1 vincenziana, ma la sua situazione globale, il suo mondo, per cos\u00ed dire. C'\u00e9 appunto un\u2026","rel":"","context":"In &quot;Vincenzo de' Paoli&quot;","block_context":{"text":"Vincenzo de' Paoli","link":"https:\/\/vincentians.com\/it\/category\/vincenzo-de-paoli\/"},"img":{"alt_text":"","src":"https:\/\/i0.wp.com\/vincentians.com\/it\/wp-content\/uploads\/sites\/12\/2013\/01\/vincent-de-paul.jpg?fit=1200%2C630&ssl=1&resize=350%2C200","width":350,"height":200,"srcset":"https:\/\/i0.wp.com\/vincentians.com\/it\/wp-content\/uploads\/sites\/12\/2013\/01\/vincent-de-paul.jpg?fit=1200%2C630&ssl=1&resize=350%2C200 1x, https:\/\/i0.wp.com\/vincentians.com\/it\/wp-content\/uploads\/sites\/12\/2013\/01\/vincent-de-paul.jpg?fit=1200%2C630&ssl=1&resize=525%2C300 1.5x, https:\/\/i0.wp.com\/vincentians.com\/it\/wp-content\/uploads\/sites\/12\/2013\/01\/vincent-de-paul.jpg?fit=1200%2C630&ssl=1&resize=700%2C400 2x, https:\/\/i0.wp.com\/vincentians.com\/it\/wp-content\/uploads\/sites\/12\/2013\/01\/vincent-de-paul.jpg?fit=1200%2C630&ssl=1&resize=1050%2C600 3x"},"classes":[]},{"id":153962,"url":"https:\/\/vincentians.com\/it\/ventunesima-domenica-del-tempo-ordinario-c\/","url_meta":{"origin":154011,"position":2},"title":"Ventunesima domenica del Tempo Ordinario C","author":"Francisco Javier Fern\u00e1ndez Chento","date":"21\/08\/2016","format":false,"excerpt":"Isaia 66,18-21; Salmo 116; Ebrei 12,5-7.11-13; Luca 13,22-30 Lectio In Israele i rabbini si ponevano le grandi domande: chi siamo, da dove veniamo, dove andiamo, quanti sono quelli che si salvano, perch\u00e9 nel mondo c\u2019\u00e8 il male? Solo Dio poteva rispondere a tali quesiti. Ora, se Ges\u00f9 di Nazareth riesce\u2026","rel":"","context":"In &quot;Homilies and reflections, Year C&quot;","block_context":{"text":"Homilies and reflections, Year C","link":"https:\/\/vincentians.com\/it\/category\/homilies-and-reflections-on-the-word-of-god\/homilies-and-reflections-year-c\/"},"img":{"alt_text":"","src":"https:\/\/i0.wp.com\/vincentians.com\/it\/wp-content\/uploads\/sites\/12\/2016\/08\/Giorgio-Bontempi-cm.jpg?fit=1200%2C630&ssl=1&resize=350%2C200","width":350,"height":200,"srcset":"https:\/\/i0.wp.com\/vincentians.com\/it\/wp-content\/uploads\/sites\/12\/2016\/08\/Giorgio-Bontempi-cm.jpg?fit=1200%2C630&ssl=1&resize=350%2C200 1x, https:\/\/i0.wp.com\/vincentians.com\/it\/wp-content\/uploads\/sites\/12\/2016\/08\/Giorgio-Bontempi-cm.jpg?fit=1200%2C630&ssl=1&resize=525%2C300 1.5x, https:\/\/i0.wp.com\/vincentians.com\/it\/wp-content\/uploads\/sites\/12\/2016\/08\/Giorgio-Bontempi-cm.jpg?fit=1200%2C630&ssl=1&resize=700%2C400 2x, https:\/\/i0.wp.com\/vincentians.com\/it\/wp-content\/uploads\/sites\/12\/2016\/08\/Giorgio-Bontempi-cm.jpg?fit=1200%2C630&ssl=1&resize=1050%2C600 3x"},"classes":[]},{"id":48986,"url":"https:\/\/vincentians.com\/it\/il-cristiano-guidato-alla-virtu-ed-alla-civilta-secondo-lo-spirito-di-san-vincenzo-de-paoli-giorno-vigesimosecondo\/","url_meta":{"origin":154011,"position":3},"title":"Il cristiano guidato alla virt\u00f9 ed alla civilt\u00e0 secondo lo spirito di San Vincenzo De&#8217; Paoli. Giorno vigesimosecondo","author":"Francisco Javier Fern\u00e1ndez Chento","date":"16\/08\/2016","format":false,"excerpt":"Giorno vigesimosecondo. Suoi ritiri spirituali. Niuno aveva fino allora intrapreso in questo genere ci\u00f2 che Vincenzo esegu\u00ec. I pi\u00f9 gran Santi degli ultimi secoli avevano dovuto gemere sulla corruzione che regnava nel cristianesimo. Esortavano i fedeli a pesare tutte le loro azioni sulla bilancia della verit\u00e0 ed a riflettere profondamente\u2026","rel":"","context":"In &quot;Vincenzo de' Paoli&quot;","block_context":{"text":"Vincenzo de' Paoli","link":"https:\/\/vincentians.com\/it\/category\/vincenzo-de-paoli\/"},"img":{"alt_text":"","src":"https:\/\/i0.wp.com\/vincentians.com\/it\/wp-content\/uploads\/sites\/12\/2016\/07\/don-bosco-y-san-vicente-de-paul.jpg?fit=1200%2C630&ssl=1&resize=350%2C200","width":350,"height":200,"srcset":"https:\/\/i0.wp.com\/vincentians.com\/it\/wp-content\/uploads\/sites\/12\/2016\/07\/don-bosco-y-san-vicente-de-paul.jpg?fit=1200%2C630&ssl=1&resize=350%2C200 1x, https:\/\/i0.wp.com\/vincentians.com\/it\/wp-content\/uploads\/sites\/12\/2016\/07\/don-bosco-y-san-vicente-de-paul.jpg?fit=1200%2C630&ssl=1&resize=525%2C300 1.5x, https:\/\/i0.wp.com\/vincentians.com\/it\/wp-content\/uploads\/sites\/12\/2016\/07\/don-bosco-y-san-vicente-de-paul.jpg?fit=1200%2C630&ssl=1&resize=700%2C400 2x, https:\/\/i0.wp.com\/vincentians.com\/it\/wp-content\/uploads\/sites\/12\/2016\/07\/don-bosco-y-san-vicente-de-paul.jpg?fit=1200%2C630&ssl=1&resize=1050%2C600 3x"},"classes":[]},{"id":53929,"url":"https:\/\/vincentians.com\/it\/linee-della-pastorale-missionaria-di-abuna-yaqob\/","url_meta":{"origin":154011,"position":4},"title":"Linee della pastorale missionaria di Abuna Yaqob","author":"Francisco Javier Fern\u00e1ndez Chento","date":"25\/07\/2016","format":false,"excerpt":"In alcuni documenti del 1868, atto anni dopo la morte del\u00adl apostolo Giustino De Jacobis, si troyano g\u00edudizi autorevoli dei superiori maggiori sulla sua attivit\u00e1 missionaria che lasciano per lo mena molto perpless\u00ed, anche se bisogna tener canta delle av\u00adversit\u00e1 e dei contrasti che in quegli anni avevano provato tremen\u00addamente\u2026","rel":"","context":"In &quot;Giustino De Jacobis&quot;","block_context":{"text":"Giustino De Jacobis","link":"https:\/\/vincentians.com\/it\/category\/justino-de-jacobis\/"},"img":{"alt_text":"","src":"https:\/\/i0.wp.com\/vincentians.com\/it\/wp-content\/uploads\/sites\/12\/2012\/10\/Abuna-Yaqob.jpg?fit=1200%2C630&ssl=1&resize=350%2C200","width":350,"height":200,"srcset":"https:\/\/i0.wp.com\/vincentians.com\/it\/wp-content\/uploads\/sites\/12\/2012\/10\/Abuna-Yaqob.jpg?fit=1200%2C630&ssl=1&resize=350%2C200 1x, https:\/\/i0.wp.com\/vincentians.com\/it\/wp-content\/uploads\/sites\/12\/2012\/10\/Abuna-Yaqob.jpg?fit=1200%2C630&ssl=1&resize=525%2C300 1.5x, https:\/\/i0.wp.com\/vincentians.com\/it\/wp-content\/uploads\/sites\/12\/2012\/10\/Abuna-Yaqob.jpg?fit=1200%2C630&ssl=1&resize=700%2C400 2x, https:\/\/i0.wp.com\/vincentians.com\/it\/wp-content\/uploads\/sites\/12\/2012\/10\/Abuna-Yaqob.jpg?fit=1200%2C630&ssl=1&resize=1050%2C600 3x"},"classes":[]},{"id":72603,"url":"https:\/\/vincentians.com\/it\/federico-ozanam-1813-1853-e-viii\/","url_meta":{"origin":154011,"position":5},"title":"Federico Ozanam (1813-1853) (e VIII)","author":"Francisco Javier Fern\u00e1ndez Chento","date":"21\/07\/2016","format":false,"excerpt":"VIII - Ed \u00e9 subito sera... Federico usci dal periodo di impegno sociale e politico del 1848 estenuato fisicamente e psicologicamente. Perci\u00f3, dietro insistenza dei medici, dovette lasciare di nuovo Pari\u00adgi, la sua casa, la scuola, e iniziare un pellegrinaggio multi\u00adforme in cerca di salute. Eccolo dapprima, con la moglie\u2026","rel":"","context":"In &quot;Federico Ozanam&quot;","block_context":{"text":"Federico Ozanam","link":"https:\/\/vincentians.com\/it\/category\/federico-ozanam\/"},"img":{"alt_text":"","src":"https:\/\/i0.wp.com\/vincentians.com\/it\/wp-content\/uploads\/sites\/12\/2016\/07\/ozanam-brazil.jpg?fit=1200%2C630&ssl=1&resize=350%2C200","width":350,"height":200,"srcset":"https:\/\/i0.wp.com\/vincentians.com\/it\/wp-content\/uploads\/sites\/12\/2016\/07\/ozanam-brazil.jpg?fit=1200%2C630&ssl=1&resize=350%2C200 1x, https:\/\/i0.wp.com\/vincentians.com\/it\/wp-content\/uploads\/sites\/12\/2016\/07\/ozanam-brazil.jpg?fit=1200%2C630&ssl=1&resize=525%2C300 1.5x, https:\/\/i0.wp.com\/vincentians.com\/it\/wp-content\/uploads\/sites\/12\/2016\/07\/ozanam-brazil.jpg?fit=1200%2C630&ssl=1&resize=700%2C400 2x, https:\/\/i0.wp.com\/vincentians.com\/it\/wp-content\/uploads\/sites\/12\/2016\/07\/ozanam-brazil.jpg?fit=1200%2C630&ssl=1&resize=1050%2C600 3x"},"classes":[]}],"_links":{"self":[{"href":"https:\/\/vincentians.com\/it\/wp-json\/wp\/v2\/posts\/154011","targetHints":{"allow":["GET"]}}],"collection":[{"href":"https:\/\/vincentians.com\/it\/wp-json\/wp\/v2\/posts"}],"about":[{"href":"https:\/\/vincentians.com\/it\/wp-json\/wp\/v2\/types\/post"}],"author":[{"embeddable":true,"href":"https:\/\/vincentians.com\/it\/wp-json\/wp\/v2\/users\/4"}],"replies":[{"embeddable":true,"href":"https:\/\/vincentians.com\/it\/wp-json\/wp\/v2\/comments?post=154011"}],"version-history":[{"count":4,"href":"https:\/\/vincentians.com\/it\/wp-json\/wp\/v2\/posts\/154011\/revisions"}],"predecessor-version":[{"id":154019,"href":"https:\/\/vincentians.com\/it\/wp-json\/wp\/v2\/posts\/154011\/revisions\/154019"}],"wp:featuredmedia":[{"embeddable":true,"href":"https:\/\/vincentians.com\/it\/wp-json\/wp\/v2\/media\/154012"}],"wp:attachment":[{"href":"https:\/\/vincentians.com\/it\/wp-json\/wp\/v2\/media?parent=154011"}],"wp:term":[{"taxonomy":"category","embeddable":true,"href":"https:\/\/vincentians.com\/it\/wp-json\/wp\/v2\/categories?post=154011"},{"taxonomy":"post_tag","embeddable":true,"href":"https:\/\/vincentians.com\/it\/wp-json\/wp\/v2\/tags?post=154011"}],"curies":[{"name":"wp","href":"https:\/\/api.w.org\/{rel}","templated":true}]}}