{"id":153898,"date":"2016-07-28T12:00:47","date_gmt":"2016-07-28T10:00:47","guid":{"rendered":"http:\/\/vincentians.com\/it\/?p=153898"},"modified":"2016-08-14T10:51:27","modified_gmt":"2016-08-14T08:51:27","slug":"ai-soci-del-circolo-milites-mariae-30-ottobre-1922","status":"publish","type":"post","link":"https:\/\/vincentians.com\/it\/ai-soci-del-circolo-milites-mariae-30-ottobre-1922\/","title":{"rendered":"Frassati: Ai soci del Circolo \u00abMilites Mariae\u00bb, 30 ottobre 1922"},"content":{"rendered":"<p><em>Torino, 30 ottobre 1922.<\/em><\/p>\n<p>Cari soci,<\/p>\n<p>In questo momento grave\u00a0 attraversato dalla nostra Patria, noi cattolici e specialmente noi studenti<strong>\u00a0 <\/strong>abbiamo un grave dovere da compiere: la formazione di noi stessi.<\/p>\n<p>Noi,che per grazia di Dio siamo cattolici, non dobbiamo sciupare i pi\u00f9 belli anni della nostra vita, come purtroppo fa tanta infelice giovent\u00f9, che si preoccupa di godere di quei beni, che non arrecano bene, ma che portano per frutto l\u2019immoralit\u00e0 della nostra societ\u00e0 moderna. Noi dobbiamo temprarci per esser pronti a sostenere\u00a0 le lotte che dovremo certamente combattere per il compimento del nostro programma e per dare cos\u00ec in un non lontano avvenire alla nostra Patria\u00a0 giorni pi\u00f9 lieti ed una societ\u00e0 moralmente sana. ma per tutto ci\u00f2 occorre: la preghiera continua per ottenere da Dio quella grazia senza della quale le nostre forze sono vane;\u00a0 organizzazione e disciplina\u00a0 per essere pronti all\u2019azione al momento opportuno ed infine sacrificio delle nostre passioni e di noi stessi, perch\u00e9 senza di esso non si pu\u00f2 raggiungere lo scopo.<\/p>\n<p>Mentre vi ringrazio di quanto farete,certo che sarete ricompensati largamente nella vita, vi saluto cristianamente. Evviva Ges\u00f9.<\/p>\n<p>Il delegato studenti: Pier Giorgio Frassati<\/p>\n","protected":false},"excerpt":{"rendered":"<p>Torino, 30 ottobre 1922. Cari soci, In questo momento grave\u00a0 attraversato dalla nostra Patria, noi cattolici e specialmente noi studenti\u00a0 abbiamo un grave dovere da compiere: la formazione di noi stessi. Noi,che per grazia di &#8230; <a href=\"https:\/\/vincentians.com\/it\/ai-soci-del-circolo-milites-mariae-30-ottobre-1922\/\" class=\"more-link\">Read More<\/a><\/p>\n","protected":false},"author":4,"featured_media":153842,"comment_status":"open","ping_status":"open","sticky":false,"template":"","format":"standard","meta":{"jetpack_post_was_ever_published":false,"_jetpack_newsletter_access":"","_jetpack_dont_email_post_to_subs":false,"_jetpack_newsletter_tier_id":0,"_jetpack_memberships_contains_paywalled_content":false,"_jetpack_memberships_contains_paid_content":false,"footnotes":"","jetpack_publicize_message":"","jetpack_publicize_feature_enabled":true,"jetpack_social_post_already_shared":true,"jetpack_social_options":{"image_generator_settings":{"template":"highway","default_image_id":0,"font":"","enabled":false},"version":2}},"categories":[140],"tags":[],"class_list":["post-153898","post","type-post","status-publish","format-standard","has-post-thumbnail","hentry","category-testi-di-pier-giorgio-frassati"],"yoast_head":"<!-- This site is optimized with the Yoast SEO plugin v26.3 - https:\/\/yoast.com\/wordpress\/plugins\/seo\/ -->\n<title>Frassati: Ai soci del Circolo \u00abMilites Mariae\u00bb, 30 ottobre 1922 - Siamo Vincenziani<\/title>\n<meta name=\"robots\" content=\"index, follow, max-snippet:-1, max-image-preview:large, max-video-preview:-1\" \/>\n<link rel=\"canonical\" href=\"https:\/\/vincentians.com\/it\/ai-soci-del-circolo-milites-mariae-30-ottobre-1922\/\" \/>\n<meta property=\"og:locale\" content=\"it_IT\" \/>\n<meta property=\"og:type\" content=\"article\" \/>\n<meta property=\"og:title\" content=\"Frassati: Ai soci del Circolo \u00abMilites Mariae\u00bb, 30 ottobre 1922 - Siamo Vincenziani\" \/>\n<meta property=\"og:description\" content=\"Torino, 30 ottobre 1922. Cari soci, In questo momento grave\u00a0 attraversato dalla nostra Patria, noi cattolici e specialmente noi studenti\u00a0 abbiamo un grave dovere da compiere: la formazione di noi stessi. Noi,che per grazia di ... Read More\" \/>\n<meta property=\"og:url\" content=\"https:\/\/vincentians.com\/it\/ai-soci-del-circolo-milites-mariae-30-ottobre-1922\/\" \/>\n<meta property=\"og:site_name\" content=\"Siamo Vincenziani\" \/>\n<meta property=\"article:publisher\" content=\"https:\/\/www.facebook.com\/WeAreVincentians\/\" \/>\n<meta property=\"article:author\" content=\"https:\/\/www.facebook.com\/JavierChento\" \/>\n<meta property=\"article:published_time\" content=\"2016-07-28T10:00:47+00:00\" \/>\n<meta property=\"article:modified_time\" content=\"2016-08-14T08:51:27+00:00\" \/>\n<meta property=\"og:image\" content=\"https:\/\/i0.wp.com\/vincentians.com\/it\/wp-content\/uploads\/sites\/12\/2016\/07\/testi-pier-giorgio-frassati.jpg?fit=1200%2C630&ssl=1\" \/>\n\t<meta property=\"og:image:width\" content=\"1200\" \/>\n\t<meta property=\"og:image:height\" content=\"630\" \/>\n\t<meta property=\"og:image:type\" content=\"image\/jpeg\" \/>\n<meta name=\"author\" content=\"Francisco Javier Fern\u00e1ndez Chento\" \/>\n<meta name=\"twitter:card\" content=\"summary_large_image\" \/>\n<meta name=\"twitter:creator\" content=\"@https:\/\/twitter.com\/javierchento\" \/>\n<meta name=\"twitter:site\" content=\"@WeVincentians\" \/>\n<meta name=\"twitter:label1\" content=\"Scritto da\" \/>\n\t<meta name=\"twitter:data1\" content=\"Francisco Javier Fern\u00e1ndez Chento\" \/>\n\t<meta name=\"twitter:label2\" content=\"Tempo di lettura stimato\" \/>\n\t<meta name=\"twitter:data2\" content=\"1 minuto\" \/>\n<script type=\"application\/ld+json\" class=\"yoast-schema-graph\">{\"@context\":\"https:\/\/schema.org\",\"@graph\":[{\"@type\":\"Article\",\"@id\":\"https:\/\/vincentians.com\/it\/ai-soci-del-circolo-milites-mariae-30-ottobre-1922\/#article\",\"isPartOf\":{\"@id\":\"https:\/\/vincentians.com\/it\/ai-soci-del-circolo-milites-mariae-30-ottobre-1922\/\"},\"author\":{\"name\":\"Francisco Javier Fern\u00e1ndez Chento\",\"@id\":\"http:\/\/vincentians.com\/it\/#\/schema\/person\/9623ef4d9aa3b2dfb8c061f1499288f2\"},\"headline\":\"Frassati: Ai soci del Circolo \u00abMilites Mariae\u00bb, 30 ottobre 1922\",\"datePublished\":\"2016-07-28T10:00:47+00:00\",\"dateModified\":\"2016-08-14T08:51:27+00:00\",\"mainEntityOfPage\":{\"@id\":\"https:\/\/vincentians.com\/it\/ai-soci-del-circolo-milites-mariae-30-ottobre-1922\/\"},\"wordCount\":201,\"commentCount\":0,\"publisher\":{\"@id\":\"http:\/\/vincentians.com\/it\/#organization\"},\"image\":{\"@id\":\"https:\/\/vincentians.com\/it\/ai-soci-del-circolo-milites-mariae-30-ottobre-1922\/#primaryimage\"},\"thumbnailUrl\":\"https:\/\/i0.wp.com\/vincentians.com\/it\/wp-content\/uploads\/sites\/12\/2016\/07\/testi-pier-giorgio-frassati.jpg?fit=1200%2C630&ssl=1\",\"articleSection\":[\"Testi di Pier Giorgio Frassati\"],\"inLanguage\":\"it-IT\",\"potentialAction\":[{\"@type\":\"CommentAction\",\"name\":\"Comment\",\"target\":[\"https:\/\/vincentians.com\/it\/ai-soci-del-circolo-milites-mariae-30-ottobre-1922\/#respond\"]}]},{\"@type\":\"WebPage\",\"@id\":\"https:\/\/vincentians.com\/it\/ai-soci-del-circolo-milites-mariae-30-ottobre-1922\/\",\"url\":\"https:\/\/vincentians.com\/it\/ai-soci-del-circolo-milites-mariae-30-ottobre-1922\/\",\"name\":\"Frassati: Ai soci del Circolo \u00abMilites Mariae\u00bb, 30 ottobre 1922 - Siamo Vincenziani\",\"isPartOf\":{\"@id\":\"http:\/\/vincentians.com\/it\/#website\"},\"primaryImageOfPage\":{\"@id\":\"https:\/\/vincentians.com\/it\/ai-soci-del-circolo-milites-mariae-30-ottobre-1922\/#primaryimage\"},\"image\":{\"@id\":\"https:\/\/vincentians.com\/it\/ai-soci-del-circolo-milites-mariae-30-ottobre-1922\/#primaryimage\"},\"thumbnailUrl\":\"https:\/\/i0.wp.com\/vincentians.com\/it\/wp-content\/uploads\/sites\/12\/2016\/07\/testi-pier-giorgio-frassati.jpg?fit=1200%2C630&ssl=1\",\"datePublished\":\"2016-07-28T10:00:47+00:00\",\"dateModified\":\"2016-08-14T08:51:27+00:00\",\"breadcrumb\":{\"@id\":\"https:\/\/vincentians.com\/it\/ai-soci-del-circolo-milites-mariae-30-ottobre-1922\/#breadcrumb\"},\"inLanguage\":\"it-IT\",\"potentialAction\":[{\"@type\":\"ReadAction\",\"target\":[\"https:\/\/vincentians.com\/it\/ai-soci-del-circolo-milites-mariae-30-ottobre-1922\/\"]}]},{\"@type\":\"ImageObject\",\"inLanguage\":\"it-IT\",\"@id\":\"https:\/\/vincentians.com\/it\/ai-soci-del-circolo-milites-mariae-30-ottobre-1922\/#primaryimage\",\"url\":\"https:\/\/i0.wp.com\/vincentians.com\/it\/wp-content\/uploads\/sites\/12\/2016\/07\/testi-pier-giorgio-frassati.jpg?fit=1200%2C630&ssl=1\",\"contentUrl\":\"https:\/\/i0.wp.com\/vincentians.com\/it\/wp-content\/uploads\/sites\/12\/2016\/07\/testi-pier-giorgio-frassati.jpg?fit=1200%2C630&ssl=1\",\"width\":1200,\"height\":630},{\"@type\":\"BreadcrumbList\",\"@id\":\"https:\/\/vincentians.com\/it\/ai-soci-del-circolo-milites-mariae-30-ottobre-1922\/#breadcrumb\",\"itemListElement\":[{\"@type\":\"ListItem\",\"position\":1,\"name\":\"Portada\",\"item\":\"http:\/\/vincentians.com\/it\/\"},{\"@type\":\"ListItem\",\"position\":2,\"name\":\"Frassati: Ai soci del Circolo \u00abMilites Mariae\u00bb, 30 ottobre 1922\"}]},{\"@type\":\"WebSite\",\"@id\":\"http:\/\/vincentians.com\/it\/#website\",\"url\":\"http:\/\/vincentians.com\/it\/\",\"name\":\"Siamo Vincenziani\",\"description\":\"Know more to serve more\",\"publisher\":{\"@id\":\"http:\/\/vincentians.com\/it\/#organization\"},\"potentialAction\":[{\"@type\":\"SearchAction\",\"target\":{\"@type\":\"EntryPoint\",\"urlTemplate\":\"http:\/\/vincentians.com\/it\/?s={search_term_string}\"},\"query-input\":{\"@type\":\"PropertyValueSpecification\",\"valueRequired\":true,\"valueName\":\"search_term_string\"}}],\"inLanguage\":\"it-IT\"},{\"@type\":\"Organization\",\"@id\":\"http:\/\/vincentians.com\/it\/#organization\",\"name\":\"The Vincentian Network\",\"url\":\"http:\/\/vincentians.com\/it\/\",\"logo\":{\"@type\":\"ImageObject\",\"inLanguage\":\"it-IT\",\"@id\":\"http:\/\/vincentians.com\/it\/#\/schema\/logo\/image\/\",\"url\":\"https:\/\/i0.wp.com\/vincentians.com\/it\/wp-content\/uploads\/sites\/12\/2016\/06\/Vincentian-Network-logo-big.png?fit=778%2C778\",\"contentUrl\":\"https:\/\/i0.wp.com\/vincentians.com\/it\/wp-content\/uploads\/sites\/12\/2016\/06\/Vincentian-Network-logo-big.png?fit=778%2C778\",\"width\":778,\"height\":778,\"caption\":\"The Vincentian Network\"},\"image\":{\"@id\":\"http:\/\/vincentians.com\/it\/#\/schema\/logo\/image\/\"},\"sameAs\":[\"https:\/\/www.facebook.com\/WeAreVincentians\/\",\"https:\/\/x.com\/WeVincentians\"]},{\"@type\":\"Person\",\"@id\":\"http:\/\/vincentians.com\/it\/#\/schema\/person\/9623ef4d9aa3b2dfb8c061f1499288f2\",\"name\":\"Francisco Javier Fern\u00e1ndez Chento\",\"image\":{\"@type\":\"ImageObject\",\"inLanguage\":\"it-IT\",\"@id\":\"http:\/\/vincentians.com\/it\/#\/schema\/person\/image\/\",\"url\":\"https:\/\/secure.gravatar.com\/avatar\/497d5cde87b4c3d097d0315953521681ba2cd523ee66e5077c3711f7021e65de?s=96&d=mm&r=g\",\"contentUrl\":\"https:\/\/secure.gravatar.com\/avatar\/497d5cde87b4c3d097d0315953521681ba2cd523ee66e5077c3711f7021e65de?s=96&d=mm&r=g\",\"caption\":\"Francisco Javier Fern\u00e1ndez Chento\"},\"description\":\"Director General y cofundador de La Red de Formaci\u00f3n Vicenciana. Javier es laico vicenciano, afiliado a la Congregaci\u00f3n de la Misi\u00f3n y miembro del Equipo de Misiones Populares de la provincia can\u00f3nica de Zaragoza (Espa\u00f1a) de la Congregaci\u00f3n de la Misi\u00f3n. Graduado en la Universidad Oberta de Catalunya con cuatro grados (Asistente de direcci\u00f3n, Gesti\u00f3n Administrativa, Recursos Humanos y Contabilidad Avanzada). Bil\u00edng\u00fce Espa\u00f1ol\/Ingl\u00e9s. gestiona y mantiene varias p\u00e1ginas web cristianas y vicencianas, incluida including La Red de Formaci\u00f3n Vicenciana, de la que es cofundador. Actualmente es responsable del \u00e1rea de Espa\u00f1ol de .famvin, la Red de Noticias de la Familia Vicenciana. Tambi\u00e9n es m\u00fasico cat\u00f3lico y ha editado varios discos. Es Director General y cofundador de Trovador, una reconocida compa\u00f1\u00eda discogr\u00e1fica critiana de Espa\u00f1a. Trabaja en las Tecnolog\u00edas de la Informaci\u00f3n, ofreciendo servicios de alojamiento, dise\u00f1o y mantenimiento Web, as\u00ed como asesoramiento, formaci\u00f3n y soluciones inform\u00e1ticas, gesti\u00f3n documental y digitalizaci\u00f3n de textos, edici\u00f3n y maquetaci\u00f3n de libros, revistas, flyers, etc.\",\"sameAs\":[\"http:\/\/chento.org\",\"https:\/\/www.facebook.com\/JavierChento\",\"https:\/\/x.com\/https:\/\/twitter.com\/javierchento\"],\"url\":\"https:\/\/vincentians.com\/it\/author\/chento\/\"}]}<\/script>\n<!-- \/ Yoast SEO plugin. -->","yoast_head_json":{"title":"Frassati: Ai soci del Circolo \u00abMilites Mariae\u00bb, 30 ottobre 1922 - Siamo Vincenziani","robots":{"index":"index","follow":"follow","max-snippet":"max-snippet:-1","max-image-preview":"max-image-preview:large","max-video-preview":"max-video-preview:-1"},"canonical":"https:\/\/vincentians.com\/it\/ai-soci-del-circolo-milites-mariae-30-ottobre-1922\/","og_locale":"it_IT","og_type":"article","og_title":"Frassati: Ai soci del Circolo \u00abMilites Mariae\u00bb, 30 ottobre 1922 - Siamo Vincenziani","og_description":"Torino, 30 ottobre 1922. Cari soci, In questo momento grave\u00a0 attraversato dalla nostra Patria, noi cattolici e specialmente noi studenti\u00a0 abbiamo un grave dovere da compiere: la formazione di noi stessi. Noi,che per grazia di ... Read More","og_url":"https:\/\/vincentians.com\/it\/ai-soci-del-circolo-milites-mariae-30-ottobre-1922\/","og_site_name":"Siamo Vincenziani","article_publisher":"https:\/\/www.facebook.com\/WeAreVincentians\/","article_author":"https:\/\/www.facebook.com\/JavierChento","article_published_time":"2016-07-28T10:00:47+00:00","article_modified_time":"2016-08-14T08:51:27+00:00","og_image":[{"width":1200,"height":630,"url":"https:\/\/i0.wp.com\/vincentians.com\/it\/wp-content\/uploads\/sites\/12\/2016\/07\/testi-pier-giorgio-frassati.jpg?fit=1200%2C630&ssl=1","type":"image\/jpeg"}],"author":"Francisco Javier Fern\u00e1ndez Chento","twitter_card":"summary_large_image","twitter_creator":"@https:\/\/twitter.com\/javierchento","twitter_site":"@WeVincentians","twitter_misc":{"Scritto da":"Francisco Javier Fern\u00e1ndez Chento","Tempo di lettura stimato":"1 minuto"},"schema":{"@context":"https:\/\/schema.org","@graph":[{"@type":"Article","@id":"https:\/\/vincentians.com\/it\/ai-soci-del-circolo-milites-mariae-30-ottobre-1922\/#article","isPartOf":{"@id":"https:\/\/vincentians.com\/it\/ai-soci-del-circolo-milites-mariae-30-ottobre-1922\/"},"author":{"name":"Francisco Javier Fern\u00e1ndez Chento","@id":"http:\/\/vincentians.com\/it\/#\/schema\/person\/9623ef4d9aa3b2dfb8c061f1499288f2"},"headline":"Frassati: Ai soci del Circolo \u00abMilites Mariae\u00bb, 30 ottobre 1922","datePublished":"2016-07-28T10:00:47+00:00","dateModified":"2016-08-14T08:51:27+00:00","mainEntityOfPage":{"@id":"https:\/\/vincentians.com\/it\/ai-soci-del-circolo-milites-mariae-30-ottobre-1922\/"},"wordCount":201,"commentCount":0,"publisher":{"@id":"http:\/\/vincentians.com\/it\/#organization"},"image":{"@id":"https:\/\/vincentians.com\/it\/ai-soci-del-circolo-milites-mariae-30-ottobre-1922\/#primaryimage"},"thumbnailUrl":"https:\/\/i0.wp.com\/vincentians.com\/it\/wp-content\/uploads\/sites\/12\/2016\/07\/testi-pier-giorgio-frassati.jpg?fit=1200%2C630&ssl=1","articleSection":["Testi di Pier Giorgio Frassati"],"inLanguage":"it-IT","potentialAction":[{"@type":"CommentAction","name":"Comment","target":["https:\/\/vincentians.com\/it\/ai-soci-del-circolo-milites-mariae-30-ottobre-1922\/#respond"]}]},{"@type":"WebPage","@id":"https:\/\/vincentians.com\/it\/ai-soci-del-circolo-milites-mariae-30-ottobre-1922\/","url":"https:\/\/vincentians.com\/it\/ai-soci-del-circolo-milites-mariae-30-ottobre-1922\/","name":"Frassati: Ai soci del Circolo \u00abMilites Mariae\u00bb, 30 ottobre 1922 - Siamo Vincenziani","isPartOf":{"@id":"http:\/\/vincentians.com\/it\/#website"},"primaryImageOfPage":{"@id":"https:\/\/vincentians.com\/it\/ai-soci-del-circolo-milites-mariae-30-ottobre-1922\/#primaryimage"},"image":{"@id":"https:\/\/vincentians.com\/it\/ai-soci-del-circolo-milites-mariae-30-ottobre-1922\/#primaryimage"},"thumbnailUrl":"https:\/\/i0.wp.com\/vincentians.com\/it\/wp-content\/uploads\/sites\/12\/2016\/07\/testi-pier-giorgio-frassati.jpg?fit=1200%2C630&ssl=1","datePublished":"2016-07-28T10:00:47+00:00","dateModified":"2016-08-14T08:51:27+00:00","breadcrumb":{"@id":"https:\/\/vincentians.com\/it\/ai-soci-del-circolo-milites-mariae-30-ottobre-1922\/#breadcrumb"},"inLanguage":"it-IT","potentialAction":[{"@type":"ReadAction","target":["https:\/\/vincentians.com\/it\/ai-soci-del-circolo-milites-mariae-30-ottobre-1922\/"]}]},{"@type":"ImageObject","inLanguage":"it-IT","@id":"https:\/\/vincentians.com\/it\/ai-soci-del-circolo-milites-mariae-30-ottobre-1922\/#primaryimage","url":"https:\/\/i0.wp.com\/vincentians.com\/it\/wp-content\/uploads\/sites\/12\/2016\/07\/testi-pier-giorgio-frassati.jpg?fit=1200%2C630&ssl=1","contentUrl":"https:\/\/i0.wp.com\/vincentians.com\/it\/wp-content\/uploads\/sites\/12\/2016\/07\/testi-pier-giorgio-frassati.jpg?fit=1200%2C630&ssl=1","width":1200,"height":630},{"@type":"BreadcrumbList","@id":"https:\/\/vincentians.com\/it\/ai-soci-del-circolo-milites-mariae-30-ottobre-1922\/#breadcrumb","itemListElement":[{"@type":"ListItem","position":1,"name":"Portada","item":"http:\/\/vincentians.com\/it\/"},{"@type":"ListItem","position":2,"name":"Frassati: Ai soci del Circolo \u00abMilites Mariae\u00bb, 30 ottobre 1922"}]},{"@type":"WebSite","@id":"http:\/\/vincentians.com\/it\/#website","url":"http:\/\/vincentians.com\/it\/","name":"Siamo Vincenziani","description":"Know more to serve more","publisher":{"@id":"http:\/\/vincentians.com\/it\/#organization"},"potentialAction":[{"@type":"SearchAction","target":{"@type":"EntryPoint","urlTemplate":"http:\/\/vincentians.com\/it\/?s={search_term_string}"},"query-input":{"@type":"PropertyValueSpecification","valueRequired":true,"valueName":"search_term_string"}}],"inLanguage":"it-IT"},{"@type":"Organization","@id":"http:\/\/vincentians.com\/it\/#organization","name":"The Vincentian Network","url":"http:\/\/vincentians.com\/it\/","logo":{"@type":"ImageObject","inLanguage":"it-IT","@id":"http:\/\/vincentians.com\/it\/#\/schema\/logo\/image\/","url":"https:\/\/i0.wp.com\/vincentians.com\/it\/wp-content\/uploads\/sites\/12\/2016\/06\/Vincentian-Network-logo-big.png?fit=778%2C778","contentUrl":"https:\/\/i0.wp.com\/vincentians.com\/it\/wp-content\/uploads\/sites\/12\/2016\/06\/Vincentian-Network-logo-big.png?fit=778%2C778","width":778,"height":778,"caption":"The Vincentian Network"},"image":{"@id":"http:\/\/vincentians.com\/it\/#\/schema\/logo\/image\/"},"sameAs":["https:\/\/www.facebook.com\/WeAreVincentians\/","https:\/\/x.com\/WeVincentians"]},{"@type":"Person","@id":"http:\/\/vincentians.com\/it\/#\/schema\/person\/9623ef4d9aa3b2dfb8c061f1499288f2","name":"Francisco Javier Fern\u00e1ndez Chento","image":{"@type":"ImageObject","inLanguage":"it-IT","@id":"http:\/\/vincentians.com\/it\/#\/schema\/person\/image\/","url":"https:\/\/secure.gravatar.com\/avatar\/497d5cde87b4c3d097d0315953521681ba2cd523ee66e5077c3711f7021e65de?s=96&d=mm&r=g","contentUrl":"https:\/\/secure.gravatar.com\/avatar\/497d5cde87b4c3d097d0315953521681ba2cd523ee66e5077c3711f7021e65de?s=96&d=mm&r=g","caption":"Francisco Javier Fern\u00e1ndez Chento"},"description":"Director General y cofundador de La Red de Formaci\u00f3n Vicenciana. Javier es laico vicenciano, afiliado a la Congregaci\u00f3n de la Misi\u00f3n y miembro del Equipo de Misiones Populares de la provincia can\u00f3nica de Zaragoza (Espa\u00f1a) de la Congregaci\u00f3n de la Misi\u00f3n. Graduado en la Universidad Oberta de Catalunya con cuatro grados (Asistente de direcci\u00f3n, Gesti\u00f3n Administrativa, Recursos Humanos y Contabilidad Avanzada). Bil\u00edng\u00fce Espa\u00f1ol\/Ingl\u00e9s. gestiona y mantiene varias p\u00e1ginas web cristianas y vicencianas, incluida including La Red de Formaci\u00f3n Vicenciana, de la que es cofundador. Actualmente es responsable del \u00e1rea de Espa\u00f1ol de .famvin, la Red de Noticias de la Familia Vicenciana. Tambi\u00e9n es m\u00fasico cat\u00f3lico y ha editado varios discos. Es Director General y cofundador de Trovador, una reconocida compa\u00f1\u00eda discogr\u00e1fica critiana de Espa\u00f1a. Trabaja en las Tecnolog\u00edas de la Informaci\u00f3n, ofreciendo servicios de alojamiento, dise\u00f1o y mantenimiento Web, as\u00ed como asesoramiento, formaci\u00f3n y soluciones inform\u00e1ticas, gesti\u00f3n documental y digitalizaci\u00f3n de textos, edici\u00f3n y maquetaci\u00f3n de libros, revistas, flyers, etc.","sameAs":["http:\/\/chento.org","https:\/\/www.facebook.com\/JavierChento","https:\/\/x.com\/https:\/\/twitter.com\/javierchento"],"url":"https:\/\/vincentians.com\/it\/author\/chento\/"}]}},"jetpack_publicize_connections":[],"jetpack_featured_media_url":"https:\/\/i0.wp.com\/vincentians.com\/it\/wp-content\/uploads\/sites\/12\/2016\/07\/testi-pier-giorgio-frassati.jpg?fit=1200%2C630&ssl=1","jetpack_sharing_enabled":true,"jetpack_shortlink":"https:\/\/wp.me\/p7ETFo-E2e","jetpack-related-posts":[{"id":153919,"url":"https:\/\/vincentians.com\/it\/lettera-isidoro-bonini-27-febbraio-1925\/","url_meta":{"origin":153898,"position":0},"title":"Frassati: Lettera a Isidoro Bonini, 27 febbraio 1925","author":"Francisco Javier Fern\u00e1ndez Chento","date":"13\/08\/2016","format":false,"excerpt":"Carissimo, ...Ogni giorno pi\u00f9 comprendo qual Grazia sia esser Cattolici. Poveri disgraziati quelli che non hanno una Fede: vivere senza una Fede, senza un patrimonio da difendere, senza sostenere in una lotta continua la Verit\u00e0 non \u00e8 vivere ma \u00e8 vivacchiare. Noi non dobbiamo mai vivacchiare ma vivere perch\u00e9 anche\u2026","rel":"","context":"In &quot;Testi di Pier Giorgio Frassati&quot;","block_context":{"text":"Testi di Pier Giorgio Frassati","link":"https:\/\/vincentians.com\/it\/category\/writings\/testi-di-pier-giorgio-frassati\/"},"img":{"alt_text":"","src":"https:\/\/i0.wp.com\/vincentians.com\/it\/wp-content\/uploads\/sites\/12\/2016\/07\/testi-pier-giorgio-frassati.jpg?fit=1200%2C630&ssl=1&resize=350%2C200","width":350,"height":200,"srcset":"https:\/\/i0.wp.com\/vincentians.com\/it\/wp-content\/uploads\/sites\/12\/2016\/07\/testi-pier-giorgio-frassati.jpg?fit=1200%2C630&ssl=1&resize=350%2C200 1x, https:\/\/i0.wp.com\/vincentians.com\/it\/wp-content\/uploads\/sites\/12\/2016\/07\/testi-pier-giorgio-frassati.jpg?fit=1200%2C630&ssl=1&resize=525%2C300 1.5x, https:\/\/i0.wp.com\/vincentians.com\/it\/wp-content\/uploads\/sites\/12\/2016\/07\/testi-pier-giorgio-frassati.jpg?fit=1200%2C630&ssl=1&resize=700%2C400 2x, https:\/\/i0.wp.com\/vincentians.com\/it\/wp-content\/uploads\/sites\/12\/2016\/07\/testi-pier-giorgio-frassati.jpg?fit=1200%2C630&ssl=1&resize=1050%2C600 3x"},"classes":[]},{"id":153877,"url":"https:\/\/vincentians.com\/it\/lettera-alla-madre-19-luglio-1922\/","url_meta":{"origin":153898,"position":1},"title":"Frassati: Lettera alla madre, 19 luglio 1922","author":"Francisco Javier Fern\u00e1ndez Chento","date":"26\/07\/2016","format":false,"excerpt":"Cara mamma, mi rincresce anzi mi ha fatto molta pena che tu pensi simili cose non vere. I consigli della Mamma sono sempre i pi\u00f9 saggi e sono sempre buoni anche quando uno \u00e9 gi\u00e0 vecchio. Quest\u2019anno tu sei stata molto lontana da me ed io ho potuto apprezzare cosa\u2026","rel":"","context":"In &quot;Testi di Pier Giorgio Frassati&quot;","block_context":{"text":"Testi di Pier Giorgio Frassati","link":"https:\/\/vincentians.com\/it\/category\/writings\/testi-di-pier-giorgio-frassati\/"},"img":{"alt_text":"","src":"https:\/\/i0.wp.com\/vincentians.com\/it\/wp-content\/uploads\/sites\/12\/2016\/07\/testi-pier-giorgio-frassati.jpg?fit=1200%2C630&ssl=1&resize=350%2C200","width":350,"height":200,"srcset":"https:\/\/i0.wp.com\/vincentians.com\/it\/wp-content\/uploads\/sites\/12\/2016\/07\/testi-pier-giorgio-frassati.jpg?fit=1200%2C630&ssl=1&resize=350%2C200 1x, https:\/\/i0.wp.com\/vincentians.com\/it\/wp-content\/uploads\/sites\/12\/2016\/07\/testi-pier-giorgio-frassati.jpg?fit=1200%2C630&ssl=1&resize=525%2C300 1.5x, https:\/\/i0.wp.com\/vincentians.com\/it\/wp-content\/uploads\/sites\/12\/2016\/07\/testi-pier-giorgio-frassati.jpg?fit=1200%2C630&ssl=1&resize=700%2C400 2x, https:\/\/i0.wp.com\/vincentians.com\/it\/wp-content\/uploads\/sites\/12\/2016\/07\/testi-pier-giorgio-frassati.jpg?fit=1200%2C630&ssl=1&resize=1050%2C600 3x"},"classes":[]},{"id":153899,"url":"https:\/\/vincentians.com\/it\/lettera-antonio-severi-2-agosto-1923\/","url_meta":{"origin":153898,"position":2},"title":"Frassati: Lettera a Antonio Severi, 2 agosto 1923","author":"Francisco Javier Fern\u00e1ndez Chento","date":"03\/08\/2016","format":false,"excerpt":"Molto entusiasmo regnava nei petti dei bravi giovani e pi\u00f9 di mille fratelli e sorelle erano accorsi qui a Pollone per fare onore a queste nuove bandiere. Credo che a Pollone non vi era stato un entusiasmo cos\u00ec da parecchi anni: ora i 2 circoli sono abbastanza fiorenti. Ora resta\u2026","rel":"","context":"In &quot;Testi di Pier Giorgio Frassati&quot;","block_context":{"text":"Testi di Pier Giorgio Frassati","link":"https:\/\/vincentians.com\/it\/category\/writings\/testi-di-pier-giorgio-frassati\/"},"img":{"alt_text":"","src":"https:\/\/i0.wp.com\/vincentians.com\/it\/wp-content\/uploads\/sites\/12\/2016\/07\/testi-pier-giorgio-frassati.jpg?fit=1200%2C630&ssl=1&resize=350%2C200","width":350,"height":200,"srcset":"https:\/\/i0.wp.com\/vincentians.com\/it\/wp-content\/uploads\/sites\/12\/2016\/07\/testi-pier-giorgio-frassati.jpg?fit=1200%2C630&ssl=1&resize=350%2C200 1x, https:\/\/i0.wp.com\/vincentians.com\/it\/wp-content\/uploads\/sites\/12\/2016\/07\/testi-pier-giorgio-frassati.jpg?fit=1200%2C630&ssl=1&resize=525%2C300 1.5x, https:\/\/i0.wp.com\/vincentians.com\/it\/wp-content\/uploads\/sites\/12\/2016\/07\/testi-pier-giorgio-frassati.jpg?fit=1200%2C630&ssl=1&resize=700%2C400 2x, https:\/\/i0.wp.com\/vincentians.com\/it\/wp-content\/uploads\/sites\/12\/2016\/07\/testi-pier-giorgio-frassati.jpg?fit=1200%2C630&ssl=1&resize=1050%2C600 3x"},"classes":[]},{"id":153875,"url":"https:\/\/vincentians.com\/it\/lettera-agli-studenti-tedeschi-in-seguito-alloccupazione-della-ruhr-da-parte-dei-francesi-gennaio-1923\/","url_meta":{"origin":153898,"position":3},"title":"Frassati: Lettera agli studenti tedeschi in seguito all&#8217;occupazione della Ruhr da parte dei francesi, gennaio 1923","author":"Francisco Javier Fern\u00e1ndez Chento","date":"30\/07\/2016","format":false,"excerpt":"Gennaio 1923 In questi tragici, dolorosi momenti nei quali la vostra Patria \u00e8 calpestata dal piede straniero, mentre il vostro antagonista occupa i vostri focolari come nemico della Patria, vi mandiamo noi studenti cattolici, l'espressione del nostro fraterno amore. Non abbiamo la possibilit\u00e0 di mutare la triste situazione, ma sentiamo\u2026","rel":"","context":"In &quot;Testi di Pier Giorgio Frassati&quot;","block_context":{"text":"Testi di Pier Giorgio Frassati","link":"https:\/\/vincentians.com\/it\/category\/writings\/testi-di-pier-giorgio-frassati\/"},"img":{"alt_text":"","src":"https:\/\/i0.wp.com\/vincentians.com\/it\/wp-content\/uploads\/sites\/12\/2016\/07\/testi-pier-giorgio-frassati.jpg?fit=1200%2C630&ssl=1&resize=350%2C200","width":350,"height":200,"srcset":"https:\/\/i0.wp.com\/vincentians.com\/it\/wp-content\/uploads\/sites\/12\/2016\/07\/testi-pier-giorgio-frassati.jpg?fit=1200%2C630&ssl=1&resize=350%2C200 1x, https:\/\/i0.wp.com\/vincentians.com\/it\/wp-content\/uploads\/sites\/12\/2016\/07\/testi-pier-giorgio-frassati.jpg?fit=1200%2C630&ssl=1&resize=525%2C300 1.5x, https:\/\/i0.wp.com\/vincentians.com\/it\/wp-content\/uploads\/sites\/12\/2016\/07\/testi-pier-giorgio-frassati.jpg?fit=1200%2C630&ssl=1&resize=700%2C400 2x, https:\/\/i0.wp.com\/vincentians.com\/it\/wp-content\/uploads\/sites\/12\/2016\/07\/testi-pier-giorgio-frassati.jpg?fit=1200%2C630&ssl=1&resize=1050%2C600 3x"},"classes":[]},{"id":153879,"url":"https:\/\/vincentians.com\/it\/lettera-antonio-severi-9-ottobre-1922\/","url_meta":{"origin":153898,"position":4},"title":"Frassati: Lettera a Antonio Severi, 9 ottobre 1922","author":"Francisco Javier Fern\u00e1ndez Chento","date":"27\/07\/2016","format":false,"excerpt":"Ieri sono stato insieme con Bertini Delpiano e altri del circolo \u00abCesare Balbo\u00bb al convegno di Novara. E' stata una manifestazione che veramente mi ha colpito: sono passati per le vie di Novara, recentemente funestate da sangue fraterno, migliaia e migliaia di giovani entusiasti e pieni di Fede. [...] V'\u2026","rel":"","context":"In &quot;Testi di Pier Giorgio Frassati&quot;","block_context":{"text":"Testi di Pier Giorgio Frassati","link":"https:\/\/vincentians.com\/it\/category\/writings\/testi-di-pier-giorgio-frassati\/"},"img":{"alt_text":"","src":"https:\/\/i0.wp.com\/vincentians.com\/it\/wp-content\/uploads\/sites\/12\/2016\/07\/testi-pier-giorgio-frassati.jpg?fit=1200%2C630&ssl=1&resize=350%2C200","width":350,"height":200,"srcset":"https:\/\/i0.wp.com\/vincentians.com\/it\/wp-content\/uploads\/sites\/12\/2016\/07\/testi-pier-giorgio-frassati.jpg?fit=1200%2C630&ssl=1&resize=350%2C200 1x, https:\/\/i0.wp.com\/vincentians.com\/it\/wp-content\/uploads\/sites\/12\/2016\/07\/testi-pier-giorgio-frassati.jpg?fit=1200%2C630&ssl=1&resize=525%2C300 1.5x, https:\/\/i0.wp.com\/vincentians.com\/it\/wp-content\/uploads\/sites\/12\/2016\/07\/testi-pier-giorgio-frassati.jpg?fit=1200%2C630&ssl=1&resize=700%2C400 2x, https:\/\/i0.wp.com\/vincentians.com\/it\/wp-content\/uploads\/sites\/12\/2016\/07\/testi-pier-giorgio-frassati.jpg?fit=1200%2C630&ssl=1&resize=1050%2C600 3x"},"classes":[]},{"id":153909,"url":"https:\/\/vincentians.com\/it\/lettera-ad-antonio-villani-16-novembre-1922\/","url_meta":{"origin":153898,"position":5},"title":"Frassati: Lettera ad Antonio Villani, 16 novembre 1922","author":"Francisco Javier Fern\u00e1ndez Chento","date":"29\/07\/2016","format":false,"excerpt":"Berlino, 16\/11\/1922 Carissimo Tonino, sono arrivato da qualche giorno in questa bella citt\u00e0; il cielo \u00e8 sempre bigio per\u00f2 Berlino mi piace sempre pi\u00f9. Fa proprio pena vedere magnifici negozi con ogni sorta di roba, che per\u00f2 i Tedeschi non possono pi\u00f9 comprare, perch\u00e9 la vita qui, \u00e8 carissima. Oggi\u2026","rel":"","context":"In &quot;Testi di Pier Giorgio Frassati&quot;","block_context":{"text":"Testi di Pier Giorgio Frassati","link":"https:\/\/vincentians.com\/it\/category\/writings\/testi-di-pier-giorgio-frassati\/"},"img":{"alt_text":"","src":"https:\/\/i0.wp.com\/vincentians.com\/it\/wp-content\/uploads\/sites\/12\/2016\/07\/testi-pier-giorgio-frassati.jpg?fit=1200%2C630&ssl=1&resize=350%2C200","width":350,"height":200,"srcset":"https:\/\/i0.wp.com\/vincentians.com\/it\/wp-content\/uploads\/sites\/12\/2016\/07\/testi-pier-giorgio-frassati.jpg?fit=1200%2C630&ssl=1&resize=350%2C200 1x, https:\/\/i0.wp.com\/vincentians.com\/it\/wp-content\/uploads\/sites\/12\/2016\/07\/testi-pier-giorgio-frassati.jpg?fit=1200%2C630&ssl=1&resize=525%2C300 1.5x, https:\/\/i0.wp.com\/vincentians.com\/it\/wp-content\/uploads\/sites\/12\/2016\/07\/testi-pier-giorgio-frassati.jpg?fit=1200%2C630&ssl=1&resize=700%2C400 2x, https:\/\/i0.wp.com\/vincentians.com\/it\/wp-content\/uploads\/sites\/12\/2016\/07\/testi-pier-giorgio-frassati.jpg?fit=1200%2C630&ssl=1&resize=1050%2C600 3x"},"classes":[]}],"_links":{"self":[{"href":"https:\/\/vincentians.com\/it\/wp-json\/wp\/v2\/posts\/153898","targetHints":{"allow":["GET"]}}],"collection":[{"href":"https:\/\/vincentians.com\/it\/wp-json\/wp\/v2\/posts"}],"about":[{"href":"https:\/\/vincentians.com\/it\/wp-json\/wp\/v2\/types\/post"}],"author":[{"embeddable":true,"href":"https:\/\/vincentians.com\/it\/wp-json\/wp\/v2\/users\/4"}],"replies":[{"embeddable":true,"href":"https:\/\/vincentians.com\/it\/wp-json\/wp\/v2\/comments?post=153898"}],"version-history":[{"count":0,"href":"https:\/\/vincentians.com\/it\/wp-json\/wp\/v2\/posts\/153898\/revisions"}],"wp:featuredmedia":[{"embeddable":true,"href":"https:\/\/vincentians.com\/it\/wp-json\/wp\/v2\/media\/153842"}],"wp:attachment":[{"href":"https:\/\/vincentians.com\/it\/wp-json\/wp\/v2\/media?parent=153898"}],"wp:term":[{"taxonomy":"category","embeddable":true,"href":"https:\/\/vincentians.com\/it\/wp-json\/wp\/v2\/categories?post=153898"},{"taxonomy":"post_tag","embeddable":true,"href":"https:\/\/vincentians.com\/it\/wp-json\/wp\/v2\/tags?post=153898"}],"curies":[{"name":"wp","href":"https:\/\/api.w.org\/{rel}","templated":true}]}}