{"id":153877,"date":"2016-07-26T12:00:06","date_gmt":"2016-07-26T10:00:06","guid":{"rendered":"http:\/\/vincentians.com\/it\/?p=153877"},"modified":"2016-08-14T10:51:10","modified_gmt":"2016-08-14T08:51:10","slug":"lettera-alla-madre-19-luglio-1922","status":"publish","type":"post","link":"https:\/\/vincentians.com\/it\/lettera-alla-madre-19-luglio-1922\/","title":{"rendered":"Frassati: Lettera alla madre, 19 luglio 1922"},"content":{"rendered":"<p>Cara mamma,<\/p>\n<p>mi rincresce anzi mi ha fatto molta pena che tu pensi simili cose non vere. I consigli della Mamma sono sempre i pi\u00f9 saggi e sono sempre buoni anche quando uno \u00e9 gi\u00e0 vecchio. Quest\u2019anno tu sei stata molto lontana da me ed io ho potuto apprezzare cosa vuol dire non avere la Mamma vicina che ci sgrida ogni tanto, ma che alla sera ci d\u00e0 il bacio e la sua benedizione.<\/p>\n<p>Purtroppo, cara Mamma, non posso essere con voi a Pollone; un po&#8217; \u00e9 colpa mia per il grave difetto di essere un po\u2019 troppo lungo, ma un po\u2019 colpa degli studi che sono assai seri.<\/p>\n<p>Cara Mamma, scusami ancora di tutti i piccoli dispiaceri che ti ho dato, ma sta pur certa che, se qualche volta ho mancato verso di te, in avvenire cercher\u00f2 di far meglio, perch\u00e9 a te penso sovente e prego sempre Iddio, perch\u00e9 ti dia\u00a0 quelle consolazioni che io per i miei difetti non posso darti pur volendoti un gran bene. Baci.<\/p>\n<p>Pier Giorgio<\/p>\n","protected":false},"excerpt":{"rendered":"<p>Cara mamma, mi rincresce anzi mi ha fatto molta pena che tu pensi simili cose non vere. I consigli della Mamma sono sempre i pi\u00f9 saggi e sono sempre buoni anche quando uno \u00e9 gi\u00e0 &#8230; <a href=\"https:\/\/vincentians.com\/it\/lettera-alla-madre-19-luglio-1922\/\" class=\"more-link\">Read More<\/a><\/p>\n","protected":false},"author":4,"featured_media":153842,"comment_status":"open","ping_status":"open","sticky":false,"template":"","format":"standard","meta":{"jetpack_post_was_ever_published":false,"_jetpack_newsletter_access":"","_jetpack_dont_email_post_to_subs":false,"_jetpack_newsletter_tier_id":0,"_jetpack_memberships_contains_paywalled_content":false,"_jetpack_memberships_contains_paid_content":false,"footnotes":"","jetpack_publicize_message":"","jetpack_publicize_feature_enabled":true,"jetpack_social_post_already_shared":true,"jetpack_social_options":{"image_generator_settings":{"template":"highway","default_image_id":0,"font":"","enabled":false},"version":2}},"categories":[140],"tags":[],"class_list":["post-153877","post","type-post","status-publish","format-standard","has-post-thumbnail","hentry","category-testi-di-pier-giorgio-frassati"],"yoast_head":"<!-- This site is optimized with the Yoast SEO plugin v26.3 - https:\/\/yoast.com\/wordpress\/plugins\/seo\/ -->\n<title>Frassati: Lettera alla madre, 19 luglio 1922 - Siamo Vincenziani<\/title>\n<meta name=\"robots\" content=\"index, follow, max-snippet:-1, max-image-preview:large, max-video-preview:-1\" \/>\n<link rel=\"canonical\" href=\"https:\/\/vincentians.com\/it\/lettera-alla-madre-19-luglio-1922\/\" \/>\n<meta property=\"og:locale\" content=\"it_IT\" \/>\n<meta property=\"og:type\" content=\"article\" \/>\n<meta property=\"og:title\" content=\"Frassati: Lettera alla madre, 19 luglio 1922 - Siamo Vincenziani\" \/>\n<meta property=\"og:description\" content=\"Cara mamma, mi rincresce anzi mi ha fatto molta pena che tu pensi simili cose non vere. I consigli della Mamma sono sempre i pi\u00f9 saggi e sono sempre buoni anche quando uno \u00e9 gi\u00e0 ... Read More\" \/>\n<meta property=\"og:url\" content=\"https:\/\/vincentians.com\/it\/lettera-alla-madre-19-luglio-1922\/\" \/>\n<meta property=\"og:site_name\" content=\"Siamo Vincenziani\" \/>\n<meta property=\"article:publisher\" content=\"https:\/\/www.facebook.com\/WeAreVincentians\/\" \/>\n<meta property=\"article:author\" content=\"https:\/\/www.facebook.com\/JavierChento\" \/>\n<meta property=\"article:published_time\" content=\"2016-07-26T10:00:06+00:00\" \/>\n<meta property=\"article:modified_time\" content=\"2016-08-14T08:51:10+00:00\" \/>\n<meta property=\"og:image\" content=\"https:\/\/i0.wp.com\/vincentians.com\/it\/wp-content\/uploads\/sites\/12\/2016\/07\/testi-pier-giorgio-frassati.jpg?fit=1200%2C630&ssl=1\" \/>\n\t<meta property=\"og:image:width\" content=\"1200\" \/>\n\t<meta property=\"og:image:height\" content=\"630\" \/>\n\t<meta property=\"og:image:type\" content=\"image\/jpeg\" \/>\n<meta name=\"author\" content=\"Francisco Javier Fern\u00e1ndez Chento\" \/>\n<meta name=\"twitter:card\" content=\"summary_large_image\" \/>\n<meta name=\"twitter:creator\" content=\"@https:\/\/twitter.com\/javierchento\" \/>\n<meta name=\"twitter:site\" content=\"@WeVincentians\" \/>\n<meta name=\"twitter:label1\" content=\"Scritto da\" \/>\n\t<meta name=\"twitter:data1\" content=\"Francisco Javier Fern\u00e1ndez Chento\" \/>\n\t<meta name=\"twitter:label2\" content=\"Tempo di lettura stimato\" \/>\n\t<meta name=\"twitter:data2\" content=\"1 minuto\" \/>\n<script type=\"application\/ld+json\" class=\"yoast-schema-graph\">{\"@context\":\"https:\/\/schema.org\",\"@graph\":[{\"@type\":\"Article\",\"@id\":\"https:\/\/vincentians.com\/it\/lettera-alla-madre-19-luglio-1922\/#article\",\"isPartOf\":{\"@id\":\"https:\/\/vincentians.com\/it\/lettera-alla-madre-19-luglio-1922\/\"},\"author\":{\"name\":\"Francisco Javier Fern\u00e1ndez Chento\",\"@id\":\"http:\/\/vincentians.com\/it\/#\/schema\/person\/9623ef4d9aa3b2dfb8c061f1499288f2\"},\"headline\":\"Frassati: Lettera alla madre, 19 luglio 1922\",\"datePublished\":\"2016-07-26T10:00:06+00:00\",\"dateModified\":\"2016-08-14T08:51:10+00:00\",\"mainEntityOfPage\":{\"@id\":\"https:\/\/vincentians.com\/it\/lettera-alla-madre-19-luglio-1922\/\"},\"wordCount\":176,\"commentCount\":0,\"publisher\":{\"@id\":\"http:\/\/vincentians.com\/it\/#organization\"},\"image\":{\"@id\":\"https:\/\/vincentians.com\/it\/lettera-alla-madre-19-luglio-1922\/#primaryimage\"},\"thumbnailUrl\":\"https:\/\/i0.wp.com\/vincentians.com\/it\/wp-content\/uploads\/sites\/12\/2016\/07\/testi-pier-giorgio-frassati.jpg?fit=1200%2C630&ssl=1\",\"articleSection\":[\"Testi di Pier Giorgio Frassati\"],\"inLanguage\":\"it-IT\",\"potentialAction\":[{\"@type\":\"CommentAction\",\"name\":\"Comment\",\"target\":[\"https:\/\/vincentians.com\/it\/lettera-alla-madre-19-luglio-1922\/#respond\"]}]},{\"@type\":\"WebPage\",\"@id\":\"https:\/\/vincentians.com\/it\/lettera-alla-madre-19-luglio-1922\/\",\"url\":\"https:\/\/vincentians.com\/it\/lettera-alla-madre-19-luglio-1922\/\",\"name\":\"Frassati: Lettera alla madre, 19 luglio 1922 - Siamo Vincenziani\",\"isPartOf\":{\"@id\":\"http:\/\/vincentians.com\/it\/#website\"},\"primaryImageOfPage\":{\"@id\":\"https:\/\/vincentians.com\/it\/lettera-alla-madre-19-luglio-1922\/#primaryimage\"},\"image\":{\"@id\":\"https:\/\/vincentians.com\/it\/lettera-alla-madre-19-luglio-1922\/#primaryimage\"},\"thumbnailUrl\":\"https:\/\/i0.wp.com\/vincentians.com\/it\/wp-content\/uploads\/sites\/12\/2016\/07\/testi-pier-giorgio-frassati.jpg?fit=1200%2C630&ssl=1\",\"datePublished\":\"2016-07-26T10:00:06+00:00\",\"dateModified\":\"2016-08-14T08:51:10+00:00\",\"breadcrumb\":{\"@id\":\"https:\/\/vincentians.com\/it\/lettera-alla-madre-19-luglio-1922\/#breadcrumb\"},\"inLanguage\":\"it-IT\",\"potentialAction\":[{\"@type\":\"ReadAction\",\"target\":[\"https:\/\/vincentians.com\/it\/lettera-alla-madre-19-luglio-1922\/\"]}]},{\"@type\":\"ImageObject\",\"inLanguage\":\"it-IT\",\"@id\":\"https:\/\/vincentians.com\/it\/lettera-alla-madre-19-luglio-1922\/#primaryimage\",\"url\":\"https:\/\/i0.wp.com\/vincentians.com\/it\/wp-content\/uploads\/sites\/12\/2016\/07\/testi-pier-giorgio-frassati.jpg?fit=1200%2C630&ssl=1\",\"contentUrl\":\"https:\/\/i0.wp.com\/vincentians.com\/it\/wp-content\/uploads\/sites\/12\/2016\/07\/testi-pier-giorgio-frassati.jpg?fit=1200%2C630&ssl=1\",\"width\":1200,\"height\":630},{\"@type\":\"BreadcrumbList\",\"@id\":\"https:\/\/vincentians.com\/it\/lettera-alla-madre-19-luglio-1922\/#breadcrumb\",\"itemListElement\":[{\"@type\":\"ListItem\",\"position\":1,\"name\":\"Portada\",\"item\":\"http:\/\/vincentians.com\/it\/\"},{\"@type\":\"ListItem\",\"position\":2,\"name\":\"Frassati: Lettera alla madre, 19 luglio 1922\"}]},{\"@type\":\"WebSite\",\"@id\":\"http:\/\/vincentians.com\/it\/#website\",\"url\":\"http:\/\/vincentians.com\/it\/\",\"name\":\"Siamo Vincenziani\",\"description\":\"Know more to serve more\",\"publisher\":{\"@id\":\"http:\/\/vincentians.com\/it\/#organization\"},\"potentialAction\":[{\"@type\":\"SearchAction\",\"target\":{\"@type\":\"EntryPoint\",\"urlTemplate\":\"http:\/\/vincentians.com\/it\/?s={search_term_string}\"},\"query-input\":{\"@type\":\"PropertyValueSpecification\",\"valueRequired\":true,\"valueName\":\"search_term_string\"}}],\"inLanguage\":\"it-IT\"},{\"@type\":\"Organization\",\"@id\":\"http:\/\/vincentians.com\/it\/#organization\",\"name\":\"The Vincentian Network\",\"url\":\"http:\/\/vincentians.com\/it\/\",\"logo\":{\"@type\":\"ImageObject\",\"inLanguage\":\"it-IT\",\"@id\":\"http:\/\/vincentians.com\/it\/#\/schema\/logo\/image\/\",\"url\":\"https:\/\/i0.wp.com\/vincentians.com\/it\/wp-content\/uploads\/sites\/12\/2016\/06\/Vincentian-Network-logo-big.png?fit=778%2C778\",\"contentUrl\":\"https:\/\/i0.wp.com\/vincentians.com\/it\/wp-content\/uploads\/sites\/12\/2016\/06\/Vincentian-Network-logo-big.png?fit=778%2C778\",\"width\":778,\"height\":778,\"caption\":\"The Vincentian Network\"},\"image\":{\"@id\":\"http:\/\/vincentians.com\/it\/#\/schema\/logo\/image\/\"},\"sameAs\":[\"https:\/\/www.facebook.com\/WeAreVincentians\/\",\"https:\/\/x.com\/WeVincentians\"]},{\"@type\":\"Person\",\"@id\":\"http:\/\/vincentians.com\/it\/#\/schema\/person\/9623ef4d9aa3b2dfb8c061f1499288f2\",\"name\":\"Francisco Javier Fern\u00e1ndez Chento\",\"image\":{\"@type\":\"ImageObject\",\"inLanguage\":\"it-IT\",\"@id\":\"http:\/\/vincentians.com\/it\/#\/schema\/person\/image\/\",\"url\":\"https:\/\/secure.gravatar.com\/avatar\/497d5cde87b4c3d097d0315953521681ba2cd523ee66e5077c3711f7021e65de?s=96&d=mm&r=g\",\"contentUrl\":\"https:\/\/secure.gravatar.com\/avatar\/497d5cde87b4c3d097d0315953521681ba2cd523ee66e5077c3711f7021e65de?s=96&d=mm&r=g\",\"caption\":\"Francisco Javier Fern\u00e1ndez Chento\"},\"description\":\"Director General y cofundador de La Red de Formaci\u00f3n Vicenciana. Javier es laico vicenciano, afiliado a la Congregaci\u00f3n de la Misi\u00f3n y miembro del Equipo de Misiones Populares de la provincia can\u00f3nica de Zaragoza (Espa\u00f1a) de la Congregaci\u00f3n de la Misi\u00f3n. Graduado en la Universidad Oberta de Catalunya con cuatro grados (Asistente de direcci\u00f3n, Gesti\u00f3n Administrativa, Recursos Humanos y Contabilidad Avanzada). Bil\u00edng\u00fce Espa\u00f1ol\/Ingl\u00e9s. gestiona y mantiene varias p\u00e1ginas web cristianas y vicencianas, incluida including La Red de Formaci\u00f3n Vicenciana, de la que es cofundador. Actualmente es responsable del \u00e1rea de Espa\u00f1ol de .famvin, la Red de Noticias de la Familia Vicenciana. Tambi\u00e9n es m\u00fasico cat\u00f3lico y ha editado varios discos. Es Director General y cofundador de Trovador, una reconocida compa\u00f1\u00eda discogr\u00e1fica critiana de Espa\u00f1a. Trabaja en las Tecnolog\u00edas de la Informaci\u00f3n, ofreciendo servicios de alojamiento, dise\u00f1o y mantenimiento Web, as\u00ed como asesoramiento, formaci\u00f3n y soluciones inform\u00e1ticas, gesti\u00f3n documental y digitalizaci\u00f3n de textos, edici\u00f3n y maquetaci\u00f3n de libros, revistas, flyers, etc.\",\"sameAs\":[\"http:\/\/chento.org\",\"https:\/\/www.facebook.com\/JavierChento\",\"https:\/\/x.com\/https:\/\/twitter.com\/javierchento\"],\"url\":\"https:\/\/vincentians.com\/it\/author\/chento\/\"}]}<\/script>\n<!-- \/ Yoast SEO plugin. -->","yoast_head_json":{"title":"Frassati: Lettera alla madre, 19 luglio 1922 - Siamo Vincenziani","robots":{"index":"index","follow":"follow","max-snippet":"max-snippet:-1","max-image-preview":"max-image-preview:large","max-video-preview":"max-video-preview:-1"},"canonical":"https:\/\/vincentians.com\/it\/lettera-alla-madre-19-luglio-1922\/","og_locale":"it_IT","og_type":"article","og_title":"Frassati: Lettera alla madre, 19 luglio 1922 - Siamo Vincenziani","og_description":"Cara mamma, mi rincresce anzi mi ha fatto molta pena che tu pensi simili cose non vere. I consigli della Mamma sono sempre i pi\u00f9 saggi e sono sempre buoni anche quando uno \u00e9 gi\u00e0 ... Read More","og_url":"https:\/\/vincentians.com\/it\/lettera-alla-madre-19-luglio-1922\/","og_site_name":"Siamo Vincenziani","article_publisher":"https:\/\/www.facebook.com\/WeAreVincentians\/","article_author":"https:\/\/www.facebook.com\/JavierChento","article_published_time":"2016-07-26T10:00:06+00:00","article_modified_time":"2016-08-14T08:51:10+00:00","og_image":[{"width":1200,"height":630,"url":"https:\/\/i0.wp.com\/vincentians.com\/it\/wp-content\/uploads\/sites\/12\/2016\/07\/testi-pier-giorgio-frassati.jpg?fit=1200%2C630&ssl=1","type":"image\/jpeg"}],"author":"Francisco Javier Fern\u00e1ndez Chento","twitter_card":"summary_large_image","twitter_creator":"@https:\/\/twitter.com\/javierchento","twitter_site":"@WeVincentians","twitter_misc":{"Scritto da":"Francisco Javier Fern\u00e1ndez Chento","Tempo di lettura stimato":"1 minuto"},"schema":{"@context":"https:\/\/schema.org","@graph":[{"@type":"Article","@id":"https:\/\/vincentians.com\/it\/lettera-alla-madre-19-luglio-1922\/#article","isPartOf":{"@id":"https:\/\/vincentians.com\/it\/lettera-alla-madre-19-luglio-1922\/"},"author":{"name":"Francisco Javier Fern\u00e1ndez Chento","@id":"http:\/\/vincentians.com\/it\/#\/schema\/person\/9623ef4d9aa3b2dfb8c061f1499288f2"},"headline":"Frassati: Lettera alla madre, 19 luglio 1922","datePublished":"2016-07-26T10:00:06+00:00","dateModified":"2016-08-14T08:51:10+00:00","mainEntityOfPage":{"@id":"https:\/\/vincentians.com\/it\/lettera-alla-madre-19-luglio-1922\/"},"wordCount":176,"commentCount":0,"publisher":{"@id":"http:\/\/vincentians.com\/it\/#organization"},"image":{"@id":"https:\/\/vincentians.com\/it\/lettera-alla-madre-19-luglio-1922\/#primaryimage"},"thumbnailUrl":"https:\/\/i0.wp.com\/vincentians.com\/it\/wp-content\/uploads\/sites\/12\/2016\/07\/testi-pier-giorgio-frassati.jpg?fit=1200%2C630&ssl=1","articleSection":["Testi di Pier Giorgio Frassati"],"inLanguage":"it-IT","potentialAction":[{"@type":"CommentAction","name":"Comment","target":["https:\/\/vincentians.com\/it\/lettera-alla-madre-19-luglio-1922\/#respond"]}]},{"@type":"WebPage","@id":"https:\/\/vincentians.com\/it\/lettera-alla-madre-19-luglio-1922\/","url":"https:\/\/vincentians.com\/it\/lettera-alla-madre-19-luglio-1922\/","name":"Frassati: Lettera alla madre, 19 luglio 1922 - Siamo Vincenziani","isPartOf":{"@id":"http:\/\/vincentians.com\/it\/#website"},"primaryImageOfPage":{"@id":"https:\/\/vincentians.com\/it\/lettera-alla-madre-19-luglio-1922\/#primaryimage"},"image":{"@id":"https:\/\/vincentians.com\/it\/lettera-alla-madre-19-luglio-1922\/#primaryimage"},"thumbnailUrl":"https:\/\/i0.wp.com\/vincentians.com\/it\/wp-content\/uploads\/sites\/12\/2016\/07\/testi-pier-giorgio-frassati.jpg?fit=1200%2C630&ssl=1","datePublished":"2016-07-26T10:00:06+00:00","dateModified":"2016-08-14T08:51:10+00:00","breadcrumb":{"@id":"https:\/\/vincentians.com\/it\/lettera-alla-madre-19-luglio-1922\/#breadcrumb"},"inLanguage":"it-IT","potentialAction":[{"@type":"ReadAction","target":["https:\/\/vincentians.com\/it\/lettera-alla-madre-19-luglio-1922\/"]}]},{"@type":"ImageObject","inLanguage":"it-IT","@id":"https:\/\/vincentians.com\/it\/lettera-alla-madre-19-luglio-1922\/#primaryimage","url":"https:\/\/i0.wp.com\/vincentians.com\/it\/wp-content\/uploads\/sites\/12\/2016\/07\/testi-pier-giorgio-frassati.jpg?fit=1200%2C630&ssl=1","contentUrl":"https:\/\/i0.wp.com\/vincentians.com\/it\/wp-content\/uploads\/sites\/12\/2016\/07\/testi-pier-giorgio-frassati.jpg?fit=1200%2C630&ssl=1","width":1200,"height":630},{"@type":"BreadcrumbList","@id":"https:\/\/vincentians.com\/it\/lettera-alla-madre-19-luglio-1922\/#breadcrumb","itemListElement":[{"@type":"ListItem","position":1,"name":"Portada","item":"http:\/\/vincentians.com\/it\/"},{"@type":"ListItem","position":2,"name":"Frassati: Lettera alla madre, 19 luglio 1922"}]},{"@type":"WebSite","@id":"http:\/\/vincentians.com\/it\/#website","url":"http:\/\/vincentians.com\/it\/","name":"Siamo Vincenziani","description":"Know more to serve more","publisher":{"@id":"http:\/\/vincentians.com\/it\/#organization"},"potentialAction":[{"@type":"SearchAction","target":{"@type":"EntryPoint","urlTemplate":"http:\/\/vincentians.com\/it\/?s={search_term_string}"},"query-input":{"@type":"PropertyValueSpecification","valueRequired":true,"valueName":"search_term_string"}}],"inLanguage":"it-IT"},{"@type":"Organization","@id":"http:\/\/vincentians.com\/it\/#organization","name":"The Vincentian Network","url":"http:\/\/vincentians.com\/it\/","logo":{"@type":"ImageObject","inLanguage":"it-IT","@id":"http:\/\/vincentians.com\/it\/#\/schema\/logo\/image\/","url":"https:\/\/i0.wp.com\/vincentians.com\/it\/wp-content\/uploads\/sites\/12\/2016\/06\/Vincentian-Network-logo-big.png?fit=778%2C778","contentUrl":"https:\/\/i0.wp.com\/vincentians.com\/it\/wp-content\/uploads\/sites\/12\/2016\/06\/Vincentian-Network-logo-big.png?fit=778%2C778","width":778,"height":778,"caption":"The Vincentian Network"},"image":{"@id":"http:\/\/vincentians.com\/it\/#\/schema\/logo\/image\/"},"sameAs":["https:\/\/www.facebook.com\/WeAreVincentians\/","https:\/\/x.com\/WeVincentians"]},{"@type":"Person","@id":"http:\/\/vincentians.com\/it\/#\/schema\/person\/9623ef4d9aa3b2dfb8c061f1499288f2","name":"Francisco Javier Fern\u00e1ndez Chento","image":{"@type":"ImageObject","inLanguage":"it-IT","@id":"http:\/\/vincentians.com\/it\/#\/schema\/person\/image\/","url":"https:\/\/secure.gravatar.com\/avatar\/497d5cde87b4c3d097d0315953521681ba2cd523ee66e5077c3711f7021e65de?s=96&d=mm&r=g","contentUrl":"https:\/\/secure.gravatar.com\/avatar\/497d5cde87b4c3d097d0315953521681ba2cd523ee66e5077c3711f7021e65de?s=96&d=mm&r=g","caption":"Francisco Javier Fern\u00e1ndez Chento"},"description":"Director General y cofundador de La Red de Formaci\u00f3n Vicenciana. Javier es laico vicenciano, afiliado a la Congregaci\u00f3n de la Misi\u00f3n y miembro del Equipo de Misiones Populares de la provincia can\u00f3nica de Zaragoza (Espa\u00f1a) de la Congregaci\u00f3n de la Misi\u00f3n. Graduado en la Universidad Oberta de Catalunya con cuatro grados (Asistente de direcci\u00f3n, Gesti\u00f3n Administrativa, Recursos Humanos y Contabilidad Avanzada). Bil\u00edng\u00fce Espa\u00f1ol\/Ingl\u00e9s. gestiona y mantiene varias p\u00e1ginas web cristianas y vicencianas, incluida including La Red de Formaci\u00f3n Vicenciana, de la que es cofundador. Actualmente es responsable del \u00e1rea de Espa\u00f1ol de .famvin, la Red de Noticias de la Familia Vicenciana. Tambi\u00e9n es m\u00fasico cat\u00f3lico y ha editado varios discos. Es Director General y cofundador de Trovador, una reconocida compa\u00f1\u00eda discogr\u00e1fica critiana de Espa\u00f1a. Trabaja en las Tecnolog\u00edas de la Informaci\u00f3n, ofreciendo servicios de alojamiento, dise\u00f1o y mantenimiento Web, as\u00ed como asesoramiento, formaci\u00f3n y soluciones inform\u00e1ticas, gesti\u00f3n documental y digitalizaci\u00f3n de textos, edici\u00f3n y maquetaci\u00f3n de libros, revistas, flyers, etc.","sameAs":["http:\/\/chento.org","https:\/\/www.facebook.com\/JavierChento","https:\/\/x.com\/https:\/\/twitter.com\/javierchento"],"url":"https:\/\/vincentians.com\/it\/author\/chento\/"}]}},"jetpack_publicize_connections":[],"jetpack_featured_media_url":"https:\/\/i0.wp.com\/vincentians.com\/it\/wp-content\/uploads\/sites\/12\/2016\/07\/testi-pier-giorgio-frassati.jpg?fit=1200%2C630&ssl=1","jetpack_sharing_enabled":true,"jetpack_shortlink":"https:\/\/wp.me\/p7ETFo-E1T","jetpack-related-posts":[{"id":153878,"url":"https:\/\/vincentians.com\/it\/frassati-lettera-alla-sorella-13-marzo-1925\/","url_meta":{"origin":153877,"position":0},"title":"Frassati: Lettera alla sorella, 13 marzo 1925","author":"Francisco Javier Fern\u00e1ndez Chento","date":"15\/08\/2016","format":false,"excerpt":"So da mamma che fai la donna di casa e ci\u00f2 ti procura le lodi del tuo fratello lontano. Una raccomandazione vorrei farti adatta specialmente a questi tempi di quaresima ed \u00e8 questa che tu in questi tempi che sono di lutto per la Chiesa ti prepari con qualche piccolo\u2026","rel":"","context":"In &quot;Testi di Pier Giorgio Frassati&quot;","block_context":{"text":"Testi di Pier Giorgio Frassati","link":"https:\/\/vincentians.com\/it\/category\/writings\/testi-di-pier-giorgio-frassati\/"},"img":{"alt_text":"","src":"https:\/\/i0.wp.com\/vincentians.com\/it\/wp-content\/uploads\/sites\/12\/2016\/07\/testi-pier-giorgio-frassati.jpg?fit=1200%2C630&ssl=1&resize=350%2C200","width":350,"height":200,"srcset":"https:\/\/i0.wp.com\/vincentians.com\/it\/wp-content\/uploads\/sites\/12\/2016\/07\/testi-pier-giorgio-frassati.jpg?fit=1200%2C630&ssl=1&resize=350%2C200 1x, https:\/\/i0.wp.com\/vincentians.com\/it\/wp-content\/uploads\/sites\/12\/2016\/07\/testi-pier-giorgio-frassati.jpg?fit=1200%2C630&ssl=1&resize=525%2C300 1.5x, https:\/\/i0.wp.com\/vincentians.com\/it\/wp-content\/uploads\/sites\/12\/2016\/07\/testi-pier-giorgio-frassati.jpg?fit=1200%2C630&ssl=1&resize=700%2C400 2x, https:\/\/i0.wp.com\/vincentians.com\/it\/wp-content\/uploads\/sites\/12\/2016\/07\/testi-pier-giorgio-frassati.jpg?fit=1200%2C630&ssl=1&resize=1050%2C600 3x"},"classes":[]},{"id":153908,"url":"https:\/\/vincentians.com\/it\/lettera-ad-antonio-villani-31-agosto-1923\/","url_meta":{"origin":153877,"position":1},"title":"Frassati: Lettera ad Antonio Villani, 31 agosto 1923","author":"Francisco Javier Fern\u00e1ndez Chento","date":"04\/08\/2016","format":false,"excerpt":"Pollone, 31\/8\/1923 Mi piacerebbe molto che tu assumessi il nome di Fra Girolamo, non perch\u00e9 \u00e8 il nome che io ho come figlio di San Domenico, ma perch\u00e9 mi ricorda una figura a me cara e certamente anche a te, che hai comune a me gli stessi sentimenti contro i\u2026","rel":"","context":"In &quot;Testi di Pier Giorgio Frassati&quot;","block_context":{"text":"Testi di Pier Giorgio Frassati","link":"https:\/\/vincentians.com\/it\/category\/writings\/testi-di-pier-giorgio-frassati\/"},"img":{"alt_text":"","src":"https:\/\/i0.wp.com\/vincentians.com\/it\/wp-content\/uploads\/sites\/12\/2016\/07\/testi-pier-giorgio-frassati.jpg?fit=1200%2C630&ssl=1&resize=350%2C200","width":350,"height":200,"srcset":"https:\/\/i0.wp.com\/vincentians.com\/it\/wp-content\/uploads\/sites\/12\/2016\/07\/testi-pier-giorgio-frassati.jpg?fit=1200%2C630&ssl=1&resize=350%2C200 1x, https:\/\/i0.wp.com\/vincentians.com\/it\/wp-content\/uploads\/sites\/12\/2016\/07\/testi-pier-giorgio-frassati.jpg?fit=1200%2C630&ssl=1&resize=525%2C300 1.5x, https:\/\/i0.wp.com\/vincentians.com\/it\/wp-content\/uploads\/sites\/12\/2016\/07\/testi-pier-giorgio-frassati.jpg?fit=1200%2C630&ssl=1&resize=700%2C400 2x, https:\/\/i0.wp.com\/vincentians.com\/it\/wp-content\/uploads\/sites\/12\/2016\/07\/testi-pier-giorgio-frassati.jpg?fit=1200%2C630&ssl=1&resize=1050%2C600 3x"},"classes":[]},{"id":153894,"url":"https:\/\/vincentians.com\/it\/frassati-lettera-isidoro-bonini-15-aprile-1925\/","url_meta":{"origin":153877,"position":2},"title":"Frassati: Lettera a Isidoro Bonini, 15 aprile 1925","author":"Francisco Javier Fern\u00e1ndez Chento","date":"17\/08\/2016","format":false,"excerpt":"Pollone, 15\/4\/1925 L'altro giorno sfogliando il calendario ho fatto una terribile constatazione: che ci avvicinavamo alla met\u00e0 del mese ed allora mi sono detto fra di me qui \u00e8 ora di intensificare lo studio ed allora ho deciso che appena giunto a Torino sar\u00f2 morto a tutti tranne alla conferenza\u2026","rel":"","context":"In &quot;Testi di Pier Giorgio Frassati&quot;","block_context":{"text":"Testi di Pier Giorgio Frassati","link":"https:\/\/vincentians.com\/it\/category\/writings\/testi-di-pier-giorgio-frassati\/"},"img":{"alt_text":"","src":"https:\/\/i0.wp.com\/vincentians.com\/it\/wp-content\/uploads\/sites\/12\/2016\/07\/testi-pier-giorgio-frassati.jpg?fit=1200%2C630&ssl=1&resize=350%2C200","width":350,"height":200,"srcset":"https:\/\/i0.wp.com\/vincentians.com\/it\/wp-content\/uploads\/sites\/12\/2016\/07\/testi-pier-giorgio-frassati.jpg?fit=1200%2C630&ssl=1&resize=350%2C200 1x, https:\/\/i0.wp.com\/vincentians.com\/it\/wp-content\/uploads\/sites\/12\/2016\/07\/testi-pier-giorgio-frassati.jpg?fit=1200%2C630&ssl=1&resize=525%2C300 1.5x, https:\/\/i0.wp.com\/vincentians.com\/it\/wp-content\/uploads\/sites\/12\/2016\/07\/testi-pier-giorgio-frassati.jpg?fit=1200%2C630&ssl=1&resize=700%2C400 2x, https:\/\/i0.wp.com\/vincentians.com\/it\/wp-content\/uploads\/sites\/12\/2016\/07\/testi-pier-giorgio-frassati.jpg?fit=1200%2C630&ssl=1&resize=1050%2C600 3x"},"classes":[]},{"id":153895,"url":"https:\/\/vincentians.com\/it\/frassati-lettera-isidoro-bonini-29-aprile-1925\/","url_meta":{"origin":153877,"position":3},"title":"Frassati: Lettera a Isidoro Bonini, 29 aprile 1925","author":"Francisco Javier Fern\u00e1ndez Chento","date":"18\/08\/2016","format":false,"excerpt":"Torino, 29\/4\/1925 Io passo la vita dedicata allo studio, sono come un naufrago che lotta disperatamente con i marosi sempre sperando in una ancora di salvezza, ed io sono cos\u00ec tuffato nelle dispense che esse quasi mi circondano tentando di affogarmi in questa lotta per poter giungere al porto che\u2026","rel":"","context":"In &quot;Testi di Pier Giorgio Frassati&quot;","block_context":{"text":"Testi di Pier Giorgio Frassati","link":"https:\/\/vincentians.com\/it\/category\/writings\/testi-di-pier-giorgio-frassati\/"},"img":{"alt_text":"","src":"https:\/\/i0.wp.com\/vincentians.com\/it\/wp-content\/uploads\/sites\/12\/2016\/07\/testi-pier-giorgio-frassati.jpg?fit=1200%2C630&ssl=1&resize=350%2C200","width":350,"height":200,"srcset":"https:\/\/i0.wp.com\/vincentians.com\/it\/wp-content\/uploads\/sites\/12\/2016\/07\/testi-pier-giorgio-frassati.jpg?fit=1200%2C630&ssl=1&resize=350%2C200 1x, https:\/\/i0.wp.com\/vincentians.com\/it\/wp-content\/uploads\/sites\/12\/2016\/07\/testi-pier-giorgio-frassati.jpg?fit=1200%2C630&ssl=1&resize=525%2C300 1.5x, https:\/\/i0.wp.com\/vincentians.com\/it\/wp-content\/uploads\/sites\/12\/2016\/07\/testi-pier-giorgio-frassati.jpg?fit=1200%2C630&ssl=1&resize=700%2C400 2x, https:\/\/i0.wp.com\/vincentians.com\/it\/wp-content\/uploads\/sites\/12\/2016\/07\/testi-pier-giorgio-frassati.jpg?fit=1200%2C630&ssl=1&resize=1050%2C600 3x"},"classes":[]},{"id":153893,"url":"https:\/\/vincentians.com\/it\/frassati-lettera-ad-antonio-villani-26-marzo-1923\/","url_meta":{"origin":153877,"position":4},"title":"Frassati: Lettera ad Antonio Villani, 26 marzo 1923","author":"Francisco Javier Fern\u00e1ndez Chento","date":"01\/08\/2016","format":false,"excerpt":"Ti scrivo mentre ho dinanzi aperto quel bel libro di S. Tommaso d'Aquino e quando leggo quei sublimi concetti, penso sempre a te che sei stato il primo ad infondere in me il desiderio di conoscere le grandi verit\u00e0 contenute in questa opera scritta per esaltare, glorificare la Divina Provvidenza.\u2026","rel":"","context":"In &quot;Testi di Pier Giorgio Frassati&quot;","block_context":{"text":"Testi di Pier Giorgio Frassati","link":"https:\/\/vincentians.com\/it\/category\/writings\/testi-di-pier-giorgio-frassati\/"},"img":{"alt_text":"","src":"https:\/\/i0.wp.com\/vincentians.com\/it\/wp-content\/uploads\/sites\/12\/2016\/07\/testi-pier-giorgio-frassati.jpg?fit=1200%2C630&ssl=1&resize=350%2C200","width":350,"height":200,"srcset":"https:\/\/i0.wp.com\/vincentians.com\/it\/wp-content\/uploads\/sites\/12\/2016\/07\/testi-pier-giorgio-frassati.jpg?fit=1200%2C630&ssl=1&resize=350%2C200 1x, https:\/\/i0.wp.com\/vincentians.com\/it\/wp-content\/uploads\/sites\/12\/2016\/07\/testi-pier-giorgio-frassati.jpg?fit=1200%2C630&ssl=1&resize=525%2C300 1.5x, https:\/\/i0.wp.com\/vincentians.com\/it\/wp-content\/uploads\/sites\/12\/2016\/07\/testi-pier-giorgio-frassati.jpg?fit=1200%2C630&ssl=1&resize=700%2C400 2x, https:\/\/i0.wp.com\/vincentians.com\/it\/wp-content\/uploads\/sites\/12\/2016\/07\/testi-pier-giorgio-frassati.jpg?fit=1200%2C630&ssl=1&resize=1050%2C600 3x"},"classes":[]},{"id":72591,"url":"https:\/\/vincentians.com\/it\/federico-ozanam-1813-1853-vi\/","url_meta":{"origin":153877,"position":5},"title":"Federico Ozanam (1813-1853) (VI)","author":"Francisco Javier Fern\u00e1ndez Chento","date":"19\/07\/2016","format":false,"excerpt":"VI - Poi venne la piccola Maria: amore fatto vivo. Mi sono fermato sul capitolo dell' amore coniugale e della famiglia pi\u00fa di quanto ordinariamente si usi fare in campo agiografico, perch\u00e9 spesso l'agiografia si occupa di figure di anime \u00abconsacrate\u00bb, senza una vera e propria fa\u00admiglia terrena. Ozanam l'ebbe,\u2026","rel":"","context":"In &quot;Federico Ozanam&quot;","block_context":{"text":"Federico Ozanam","link":"https:\/\/vincentians.com\/it\/category\/federico-ozanam\/"},"img":{"alt_text":"","src":"https:\/\/i0.wp.com\/vincentians.com\/it\/wp-content\/uploads\/sites\/12\/2016\/07\/ozanam-brazil.jpg?fit=1200%2C630&ssl=1&resize=350%2C200","width":350,"height":200,"srcset":"https:\/\/i0.wp.com\/vincentians.com\/it\/wp-content\/uploads\/sites\/12\/2016\/07\/ozanam-brazil.jpg?fit=1200%2C630&ssl=1&resize=350%2C200 1x, https:\/\/i0.wp.com\/vincentians.com\/it\/wp-content\/uploads\/sites\/12\/2016\/07\/ozanam-brazil.jpg?fit=1200%2C630&ssl=1&resize=525%2C300 1.5x, https:\/\/i0.wp.com\/vincentians.com\/it\/wp-content\/uploads\/sites\/12\/2016\/07\/ozanam-brazil.jpg?fit=1200%2C630&ssl=1&resize=700%2C400 2x, https:\/\/i0.wp.com\/vincentians.com\/it\/wp-content\/uploads\/sites\/12\/2016\/07\/ozanam-brazil.jpg?fit=1200%2C630&ssl=1&resize=1050%2C600 3x"},"classes":[]}],"_links":{"self":[{"href":"https:\/\/vincentians.com\/it\/wp-json\/wp\/v2\/posts\/153877","targetHints":{"allow":["GET"]}}],"collection":[{"href":"https:\/\/vincentians.com\/it\/wp-json\/wp\/v2\/posts"}],"about":[{"href":"https:\/\/vincentians.com\/it\/wp-json\/wp\/v2\/types\/post"}],"author":[{"embeddable":true,"href":"https:\/\/vincentians.com\/it\/wp-json\/wp\/v2\/users\/4"}],"replies":[{"embeddable":true,"href":"https:\/\/vincentians.com\/it\/wp-json\/wp\/v2\/comments?post=153877"}],"version-history":[{"count":0,"href":"https:\/\/vincentians.com\/it\/wp-json\/wp\/v2\/posts\/153877\/revisions"}],"wp:featuredmedia":[{"embeddable":true,"href":"https:\/\/vincentians.com\/it\/wp-json\/wp\/v2\/media\/153842"}],"wp:attachment":[{"href":"https:\/\/vincentians.com\/it\/wp-json\/wp\/v2\/media?parent=153877"}],"wp:term":[{"taxonomy":"category","embeddable":true,"href":"https:\/\/vincentians.com\/it\/wp-json\/wp\/v2\/categories?post=153877"},{"taxonomy":"post_tag","embeddable":true,"href":"https:\/\/vincentians.com\/it\/wp-json\/wp\/v2\/tags?post=153877"}],"curies":[{"name":"wp","href":"https:\/\/api.w.org\/{rel}","templated":true}]}}