{"id":99264,"date":"2015-05-13T05:26:26","date_gmt":"2015-05-13T03:26:26","guid":{"rendered":"http:\/\/somos.vicencianos.org\/?p=99264"},"modified":"2015-05-13T05:26:26","modified_gmt":"2015-05-13T03:26:26","slug":"itineraire-de-monsieur-vincent-des-malheurs-du-temps-a-la-mission-ii","status":"publish","type":"post","link":"https:\/\/vincentians.com\/fr\/itineraire-de-monsieur-vincent-des-malheurs-du-temps-a-la-mission-ii\/","title":{"rendered":"Itin\u00e9raire de Monsieur Vincent. Des Malheurs du temps \u00e1 la Mission (II)"},"content":{"rendered":"<p><strong>C &#8211; LES GRANDES MIS\u00c9RES, <\/strong><strong>ET LES REM\u00c9DES<\/strong><\/p>\n<p><strong>1. Un T\u00c9MOIGNAGE GLOBAL: <\/strong><strong>la lettre au Pape Innocent X, le 16 ao\u00fbt 1652<\/strong><\/p>\n<p>Au plus fort des guerres de la Fronde, M. Vincent, apr\u00e8s \u00eatre intervenu en vain aupr\u00e8s de la Reine et de Mazarin, finit par s&rsquo;adres\u00adser au Pape: IV 458.<\/p>\n<p>Prostern\u00e9 tr\u00e8s humblement aux pieds de Votre Saintet\u00e9, oserais-je aussi, plein de confiance&#8230; lui exposer <strong>l&rsquo;\u00e9tat lamentable et certes <\/strong><strong>bien digne de piti\u00e9 de notre France? <\/strong>La maison royale divis\u00e9e par les dissensions; les peuples partag\u00e9s en factions; <strong>les villes et les provinces <\/strong><strong>afflig\u00e9es par les guerres civiles: <\/strong>les villages, les bourgades, les cit\u00e9s, renvers\u00e9es, ruin\u00e9es, br\u00fbl\u00e9es; les laboureurs mis dans l&rsquo;impossibilit\u00e9 de r\u00e9colter ce qu&rsquo;ils ont sem\u00e9, et n&rsquo;ensemen\u00e7ant plus pour les ann\u00e9es sui\u00advantes. Les soldats se livrent impun\u00e9ment \u00e1 tous les exc\u00e8s. Les peuples sont expos\u00e9s, de leur part, non seulement aux rapines et aux briganda\u00adges, mais encore aux meurtres et \u00e1 toutes sortes de tortures; ceux des habitants des campagnes qui ne sont pas frapp\u00e9s par le glaive meurent presque tous de faim; les pr\u00eatres, que les soldats n&rsquo;\u00e9pargnent pas plus que les autres, sont inhumainement et cruellement trait\u00e9s, tortur\u00e9s et mis \u00e1 mort; les vierges sont d\u00e9shonor\u00e9es, les religieuses elles-m\u00eames expos\u00e9es \u00e1 leur libertinage et \u00e1 leur fureur, les temples profan\u00e9s, pill\u00e9s ou d\u00e9truits; ceux qui restent debout sont le plus souvent abandonn\u00e9s par leurs pasteurs, en sorte que les peuples sont presque priv\u00e9s de sacre\u00adments, de messes et de tout autre secours spirituel.<\/p>\n<p>Enfin, chose horrible \u00e1 penser et plus encore \u00e1 dire, le tr\u00e8s auguste Sacrement du Corps du Seigneur est trait\u00e9 avec la derni\u00e8re indignit\u00e9, m\u00e9m\u00e9 par les catholiques; car pour s\u2019emparer des vases sacr\u00e9s, ils jet\u00adtent \u00e1 terre et foulent aux pieds la Sainte Eucharistie. Or que font les h\u00e9r\u00e9tiques qui n\u2019ont pas la foi en ces myst\u00e8res? Je n&rsquo;ose ni ne puis l&rsquo;exprimer.<\/p>\n<p>C&rsquo;est peu d&rsquo;entendre et de lire ces choses: IL FAUT <strong>LES VOIR <\/strong>ET LES CONSTATER DE SES YEUX&#8230;.<\/p>\n<p>Et la lettre se termine par un appel pour que le Pape agisse: le malheur est un appel et un envoi, il pousse \u00e1 s&rsquo;engager.<\/p>\n<p><strong>2. T\u00e9moignages ou indications sur QUELQUES POINTS EN PARTICULIER<\/strong><\/p>\n<p><strong>a &#8211; Gal\u00e9riens<\/strong><\/p>\n<p><a href=\"https:\/\/i0.wp.com\/vincentiens.org\/wp-content\/uploads\/2012\/11\/vicent2.jpg\"><img data-recalc-dims=\"1\" loading=\"lazy\" decoding=\"async\" class=\"alignright size-medium wp-image-104114\" title=\"vicent2\" src=\"https:\/\/i0.wp.com\/vincentiens.org\/wp-content\/uploads\/2012\/11\/vicent2-212x300.jpg?resize=212%2C300\" alt=\"\" width=\"212\" height=\"300\" \/><\/a>Il ne manque pas de livres pour exposer la cruaut\u00e9 avec laquelle \u00e9taient trait\u00e9s les gal\u00e9riens, d\u00e8s la prison, riv\u00e9s \u00e1 demi accroupis \u00e1 une esp\u00e8ce de banquette, puis au long de la chaine, sur les routes, riv\u00e9s deux par deux par le cou, les colliers attach\u00e9s par une chaine avec un anneau au milieu, et reli\u00e9s par cent ou deux cents par une longue chaine qui passait \u00e1 travers ces anneaux m\u00e9dians, et enfin sur les gal\u00e8res, riv\u00e9s a encore jour et nuit au banc, sous la pluie et le soleil, et les coups des gardes.<em><\/em><\/p>\n<p>M. Vincent avait d\u00fb voir ces tristes cort\u00e8ges, en passant \u00e1 Mar\u00adseille et Avignon. Ce ne fut pas son premier stimulant \u00e1 la Mission, mais assez vite, cela y contribua. <strong>Il <\/strong>en entendait parler par M. de Gondi \u00e1 partir de 1613. Une fois aum\u00f4nier des Gal\u00e8res, en 1619 <strong>(XIII, <\/strong>55), il a vu de pr\u00e9s leur sort, et nous avons encore des confidences qui nous r\u00e9v\u00e8lent comment cela le met en branle.<\/p>\n<p>Une exhortation \u00e1 la douceur envoy\u00e9e \u00e1 un pr\u00eatre de la Mission, entre 1630 et 1650, nous montre comment son exp\u00e9rience commande et le z\u00e9l\u00e9 pour la mission, et le style humain, simple et cordial, qu&rsquo;elle doit avoir: IV, 53<\/p>\n<p><em>Si Dieu a donn\u00e9 quelque b\u00e9n\u00e9diction \u00e1 nos premi\u00e8res mis\u00ad<\/em><em>sions, on a remarqu\u00e9 que c&rsquo;\u00e9tait pour avoir agi amiablement, <\/em><em>humblement et sinc\u00e8rement envers toutes sortes de personnes; et <\/em><em>s&rsquo;il a plu \u00e1 Dieu de se servir du plus mis\u00e9rable pour la conversion des quelques h\u00e9r\u00e9tiques, ils ont avou\u00e9 eux-m\u00eames que c&rsquo;\u00e9tait par la patience et par la cordialit\u00e9 qu&rsquo;il avait eues pour eux. Les for-vat mam, avec lesquels j&rsquo;ai demeur\u00e9, ne se gagnera pas autrement; et lorsqu&rsquo;il m&rsquo;est arriv\u00e9 de leur parler s\u00e8chement, j&rsquo;ai tout g\u00e2t\u00e9; et, au contraire, lorsque je les ai lou\u00e9s de leur r\u00e9signation, que je les ai plaints en leurs souffrances, que je leur ai dit qu&rsquo;ils \u00e9taient heureux de faire leur purgatoire en ce monde, que j&rsquo;ai bais\u00e9 leurs chaines, compati \u00e1 leurs douleurs et t\u00e9moi\u00adgn\u00e9 affliction pour leurs disgr\u00e2ces, c&rsquo;est alors qu&rsquo;ils m&rsquo;ont \u00e9cout\u00e9, qu&rsquo;ils ont donn\u00e9 gloire \u00e1 Dieu et qu&rsquo;ils se sont mis en \u00e9tat de salut.<\/em><\/p>\n<p>Et surtout, avec les Filles de la Charit\u00e9, le 18 octobre 1655: X, 125; F. Ch. 550.<\/p>\n<p><em>Ah! Mes scieurs, quel bonheur de servir ces pauvres for\u00e7ats, aban\u00addonn\u00e9s entre les mains des personnes qui n\u2019en ont point de piti\u00e9! Je les ai vus, ces pauvres gens, trait\u00e9s comme des b\u00e9t\u00e9s; ce qui a fait que Dieu a \u00e9t\u00e9 touch\u00e9 de compassion. Ils lui ont fait piti\u00e9; en suite de quoi sa bont\u00e9 a fait deux choses en leur faveur: premi\u00e8rement, il leur a fait acheter une maison; secondement, il a voulu disposer les choses de telle sorte qu&rsquo;ils fussent servis par ses propres files, puisque dire une Filies de la Charit\u00e9, c&rsquo;est dire une filie de Dieu.<\/em><\/p>\n<p><strong>b &#8211; Prostitution<\/strong><\/p>\n<p>C&rsquo;est un aspect assez ignor\u00e9 de neuve de M. Vincent, et pour\u00adtant, trois Instituts fond\u00e9s par lui ou avec lui s&rsquo;en sont occup\u00e9s!<\/p>\n<p>D\u00e8s 1630, 3 ans avant les Filles de la Charit\u00e9, Marie Lamage, dame Pollalion, fonde avec lui, en plusieurs \u00e9tapes, les Filles de la Providence, pour la protection des jeunes filles en danger, puis l&rsquo;ac\u00adcueil des repenties. Il confia assez vite la direction spirituelle de l&rsquo;Ins\u00adtitut \u00e1 un pr\u00eatre pieux, et nous n&rsquo;avons presque plus de lettres et pas du tout d&rsquo;entretiens de lui touchant cette couvre.<\/p>\n<p>Sup\u00e9rieur de la Visitation de Paris, il participa \u00e1 l&rsquo;\u00e9rection de deux autres monast\u00e8res, puis \u00e1 la mise sur pied d&rsquo;un quatri\u00e8me, la Visitation Sainte-Madeleine, dans lequel un groupe de Visitandines accueillait et encadrait les files repenties, dont celles qui le d\u00e9siraient menaient une vie religieuse: les Filles de Sainte-Madeleine. Ici \u00e9gale\u00adment, il ne nous reste quasi pas de texte direct. Il est vrai que les Visitandines n&rsquo;ont jusqu&rsquo;ici communiqu\u00e9 aucun texte de saint Vin\u00adcent, si elles en ont gard\u00e9.<\/p>\n<p>Enfin, une fois les Filles de la Charit\u00e9 fond\u00e9es, avec Louise de Marillac, elle eurent plus d&rsquo;une fois \u00e1 accueillir des files repenties, mais cela ne devint pas une Evre principale chez elles, et il ne nous est quasi pas parvenu de texte directement de M. Vincent.<\/p>\n<p><strong>c &#8211; Enfants trouv\u00e9s<\/strong><\/p>\n<p>Cette couvre, par contre, est la plus connue dans le peuple, source de l&rsquo;image courante du P\u00e8re Vincent portant un b\u00e9b\u00e9 aban\u00addonn\u00e9 dans ses tiras. Et ici, les textes, lettres et conf\u00e9rences, sont trash nombreux et, comme tous les textes de M. Vincent, fort passionn\u00e9s et \u00e9loquents. Il faut nous limiter \u00e1 quelques phrases typiques.<\/p>\n<p>Son canevas de l&rsquo;entretien du 12 janvier 1640, outre qu&rsquo;il nous montre comment il savait pr\u00e9voir \u00e1 la fois les arguments et les objec\u00adtions, nous livre un bon expos\u00e9 sur notre sujet: la description du mal\u00adheur d&rsquo;une cat\u00e9gorie d&rsquo;\u00eatres humains, leur lecture dans la foi, qui sert aussi \u00e1 r\u00e9pondre aux objections venant d&rsquo;un esprit humain et non chr\u00e9tien: XIII, 775-776.<\/p>\n<p><strong>Motifs<\/strong><\/p>\n<p><em>Que les louanges de vos petits enfants plaisent \u00e1 Dieu. Ex ore <\/em><em>infantium et lactentium perfecisti laudem (de la bouche des enfants et <\/em><em>des nourrissons tu tires une louange parfaite) (Psaume 8,3).<\/em><\/p>\n<p><em>Qu&rsquo;ils sont en n\u00e9cessit\u00e9 extr\u00eame, \u00e1 laquelle ceux qui le <\/em><em>savent sont oblig\u00e9s de subvenir, sur peine de damnation. <\/em><em>Non pavisti, occidisti (tu ne les a pas nourries [les brebis], tu les as tu\u00e9es) (Ez\u00e9ch.). Leur n\u00e9cessit\u00e9 (est) extr\u00eame, en ce qu&rsquo;as sont aban\u00ad<\/em><em>donn\u00e9s de p\u00e8re et de m\u00e8re; et si le public (l&rsquo;assistance publique, la Mai\u00adson de la Couche) en prend soin, ils ne laissent pas d&rsquo;\u00eatre en pareille n\u00e9cessit\u00e9 extr\u00eame:<\/em><\/p>\n<p>1\u00b0 pource que, ny ayant pas assez de fonds pour leur entre\u00adtien, l&rsquo;on est contraint de les donner au premier venu, qui les font mourir ou de faim ou de mal;<\/p>\n<p>2\u00b0 pource qu &lsquo;ils meurent tous;<\/p>\n<p>3\u00b0 que c&rsquo;est \u00eatre un opprobre \u00e1 Paris que nous bl\u00e1mons dans les turcs, qui est de vendre les hommes comme les b\u00eates; car l&rsquo;on vend ces enfants \u00e1 qui en veut, pour 30 livres;<\/p>\n<p>4\u00b0 que c&rsquo;est (les) lib\u00e9rer (par) la m\u00e9m\u00e9 de la cruaut\u00e9 exerc\u00e9e par H\u00e9rode sur les saints Innocents, car l&rsquo;on exerce la m\u00e9m\u00e9 cruaut\u00e9 contre ces petites cr\u00e9atures, puisque l&rsquo;on les baille \u00e1 des mis\u00e9rables cr\u00e9atures, qui les font mourir, les unes de male\u00adfaim, et les autres leur rompant les bras et les jambes (pour les exponer sur les foires);<\/p>\n<p>5\u00b0 que Notre-Seigneur a voulu qu&rsquo;il soit dit de lui qu&rsquo;il est venu au monde pour relever pauperem vociferantem et pupil\u00adlum cui non erat adjutor (le pauvre qui burle et l&rsquo;orphelin qui n&rsquo;avait personne pour l&rsquo;aider) (Psaume 71,12).<\/p>\n<p><strong>Objections<\/strong><\/p>\n<p>Que c&rsquo;est affaire aux hauts justiciers et non \u00e1 des personnes par\u00adticuli\u00e9res, notamment \u00e1 des femmes.<\/p>\n<p>Il est vrai. Mais que fera-t-on? C\u2019est un proc\u00e8s. Qui l&rsquo;entreprendra? Dependan ces pavuras petates creaturas mueren.<\/p>\n<p>Que Dieu a damn\u00e9 beaucoup de ces petites cr\u00e9atures \u00e1 cause de la naissance, et que c&rsquo;est pour cela peut-\u00eatre qu&rsquo;il ne permet pas qu&rsquo;on y donne ordre.<\/p>\n<p>Je r\u00e9ponds deux choses:<\/p>\n<p>1\u00b0 Que <strong>c&rsquo;est parce que l&rsquo;homme a \u00e9t\u00e9 maudit de Dieu<\/strong><strong> \u00e1 cause du p\u00e9ch\u00e9 d&rsquo;Adam, que Notre-Seigneur s&rsquo;est <\/strong><strong>incarn\u00e9 et est mort, <\/strong>et que c&rsquo;est faire un couvre de J\u00e9sus-Christ que de prendre soin de ces petites cr\u00e9atures, quoique maudites de Dieu.<\/p>\n<p>2\u00b0 Que peut-\u00eatre entre ceux-l\u00e0 s&rsquo;en trouvera-t-il quelques-uns qui seront grands personnages et grands saints. Remus et Romulus \u00e9taient des enfants trouv\u00e9s et furent nourris par une louve. Melchis\u00e9dech, pr\u00eatre, \u00e9tait, selon saint Paul, sans g\u00e9n\u00e9a\u00adlogie, c&rsquo;est-\u00e1-dire sans p\u00e8re et sans m\u00e8re, qui est \u00e1 dire enfant trouv\u00e9. Moise \u00e9tait un enfant trouv\u00e9 par le scieur de Pharaon.<\/p>\n<p>Jean Anouilh a su magnifiquement traduire ce \u00ab\u00a01\u00b0\u00a0\u00bb dans le film de Maurice Cloche.<\/p>\n<p>Monsieur Vincent redira plusieurs fois ces m\u00e9m\u00e9s motifs. Insiste aussi sur les moyens, et la mani\u00e8re.<\/p>\n<p>En 1647, la fortune des Dames, qui doivent aussi depuis 10 ans subvenir aux populations de la Lorraine, est s\u00e9rieusement entam\u00e9e, et l&rsquo;entretien des Enfants trouv\u00e9s devient un probl\u00e8me crucial. Elles nous ont conserv\u00e9 le r\u00e9sum\u00e9 de cette r\u00e9union path\u00e9tique: XIII, 801.<\/p>\n<p>M. Vincent se pose la question: les dames de la Charit\u00e9 doivent-elles continuer ou abandonner l&rsquo;couvre des enfants trouv\u00e9s? Il examine les raisons pour et contre et rappelle aux dames le bien qui &lsquo;elles ont fait jusque-l\u00e0: cinq ou six cents enfants arrach\u00e9s \u00e1 la mort et \u00e9lev\u00e9s chr\u00e9\u00adtiennement; les plus grands places en apprentissage, ou sur le point de l&rsquo;\u00eatre. Si tels sont les commencements, que ne promet pas l&rsquo;avenir? Puis, \u00e9levant la voix, il conclut par ces mots:<\/p>\n<p>Or sus, Mesdames, la compassion et la charit\u00e9 vous sont fait adop\u00adter ces petites cr\u00e9atures pour vos enfants; vous avez \u00e9t\u00e9 leurs m\u00e8res selon la gr\u00e2ce depuis que leurs m\u00e8res selon la nature les ont abandon\u00adn\u00e9s; voyez maintenant si vous voulez aussi les abandonner.<\/p>\n<p>Cessez d&rsquo;\u00eatre leurs m\u00e8res pour devenir \u00e1 pr\u00e9sent leurs juges; leur vie et leur mort sont entre vos mains; je m&rsquo;en vais prendre les voix et les suffrages; il est temps de prononcer leur arr\u00eat et de savoir si vous ne voulez plus avoir de mis\u00e9ricorde pour eux. Ils vivront si vous continuez d&rsquo;en prendre un charitable soin; et, au contraire, ils mourront et p\u00e9riront infailliblement si vous les abandon\u00adnez; l&rsquo;exp\u00e9rience ne vous permet pas d&rsquo;en douter.<\/p>\n<p>Et les Dames vot\u00e8rent pour continuer l&rsquo;couvre, allant jusqu&rsquo;\u00e1 ven\u00addre leurs \u00ab\u00a0minoteries\u00a0\u00bb&#8230;<\/p>\n<p><strong>D &#8211; La mis\u00e8re spirituelle du peuple, du clerg\u00e9, et m\u00e9m\u00e9 des <\/strong><strong>Ev\u00eaques<\/strong><\/p>\n<p>Elle est bien connue. Je me contenterai d&rsquo;une remarque un peu surprenante:<\/p>\n<p>Il faut noter que c&rsquo;est surtout l&rsquo;ignorance que d\u00e9plorent les pre\u00admiers textes. Ce n&rsquo;est que bien plus tard, et davantage de la part des correspondants, qu&rsquo;apparait la d\u00e9nonciation des vices, comme l&rsquo;ivro\u00adgnerie ou le concubinage.<\/p>\n<p>Ainsi, vers 1643, un Ev\u00eaque \u00e9crit \u00e1 Saint Vincent: II, 428.<\/p>\n<p>Je travaille au bien de mon dioc\u00e8se, \u00ab\u00a0mais c&rsquo;est avec peu de succ\u00e8s, pour le grand et inexplicable nombre de pr\u00eatres ignorants et vicieux qui composent mon clerg\u00e9, qui ne peuvent se corriger ni par paroles ni par exemples. J&rsquo;ai horreur quand je pense que dans mon dioc\u00e8se il y a pres\u00adque sept mille pr\u00eatres ivrognes ou impudiques qui montent tous les jours \u00e1 l&rsquo;autel et qui n&rsquo;ont aucune vocation\u00a0\u00bb.<\/p>\n<p>Il est vrai que ses \u00e9crits ont \u00e9t\u00e9 peu conserv\u00e9s avant les ann\u00e9es 1640.<\/p>\n<p><strong>e &#8211; Les guerres<\/strong><\/p>\n<p>Son action en faveur des populations des Provinces ravag\u00e9es par la guerre, de la Lorraine \u00e1 l&rsquo;\u00e2ne-de-France, n&rsquo;est tr\u00e8s connue du public, et pourtant, c&rsquo;est peut-\u00eatre sur elle qu&rsquo;il nous reste le plus de texte, et c&rsquo;est \u00e1 son propos qu&rsquo;il fut le plus hardi, intervenant plus d&rsquo;une fois aupr\u00e8s de Richelieu puis d&rsquo;Anne d&rsquo;Autriche et de Mazarin, et le plus inventif, utilisant, comme les J\u00e9suites du Canada, les \u00ab\u00a0Relations\u00a0\u00bb imprim\u00e9es, sur une grande feuille pli\u00e9e en deux <strong>(4 <\/strong>pages) publi\u00e9es et largement diffus\u00e9es chaque mois.<\/p>\n<p>Il nous faudra nous contenter de l&rsquo;extrait de la lettre au Pape cit\u00e9 plus haut.<\/p>\n<p><strong>f &#8211; Les calomnies et les men\u00e9es adverses<\/strong><\/p>\n<p>Elles n&rsquo;ont pas manqu\u00e9, en particulier de la part de ceux qui se sentaient \u00e9cart\u00e9s de l&rsquo;\u00e9piscopat ou de postes d&rsquo;enseignement \u00e1 cause de son influence sur la Reine, ainsi que de la part des jans\u00e9nistes.<\/p>\n<p>Tout cela le marquait, car c&rsquo;\u00e9tait un grand affectif, mais stimulait plut\u00f4t son z\u00e9l\u00e9 pour le R\u00e9gn\u00e9 de Dieu. Citer des textes nous emm\u00e8nerait trop loin&#8230;<\/p>\n","protected":false},"excerpt":{"rendered":"<p>C &#8211; LES GRANDES MIS\u00c9RES, ET LES REM\u00c9DES 1. Un T\u00c9MOIGNAGE GLOBAL: la lettre au Pape Innocent X, le 16 ao\u00fbt 1652 Au plus fort des guerres de la Fronde, M. Vincent, apr\u00e8s \u00eatre intervenu &#8230; <a href=\"https:\/\/vincentians.com\/fr\/itineraire-de-monsieur-vincent-des-malheurs-du-temps-a-la-mission-ii\/\" class=\"more-link\">Read More<\/a><\/p>\n","protected":false},"author":4,"featured_media":104114,"comment_status":"open","ping_status":"open","sticky":false,"template":"","format":"standard","meta":{"jetpack_post_was_ever_published":false,"_jetpack_newsletter_access":"","_jetpack_dont_email_post_to_subs":false,"_jetpack_newsletter_tier_id":0,"_jetpack_memberships_contains_paywalled_content":false,"_jetpack_memberships_contains_paid_content":false,"footnotes":"","jetpack_publicize_message":"","jetpack_publicize_feature_enabled":true,"jetpack_social_post_already_shared":true,"jetpack_social_options":{"image_generator_settings":{"template":"highway","default_image_id":0,"font":"","enabled":false},"version":2}},"categories":[128],"tags":[],"class_list":["post-99264","post","type-post","status-publish","format-standard","has-post-thumbnail","hentry","category-au-temps-de-vincent-de-paul"],"yoast_head":"<!-- This site is optimized with the Yoast SEO plugin v26.3 - https:\/\/yoast.com\/wordpress\/plugins\/seo\/ -->\n<title>Itin\u00e9raire de Monsieur Vincent. Des Malheurs du temps \u00e1 la Mission (II) - Nous Sommes Vincentiens<\/title>\n<meta name=\"robots\" content=\"index, follow, max-snippet:-1, max-image-preview:large, max-video-preview:-1\" \/>\n<link rel=\"canonical\" href=\"https:\/\/vincentians.com\/fr\/itineraire-de-monsieur-vincent-des-malheurs-du-temps-a-la-mission-ii\/\" \/>\n<meta property=\"og:locale\" content=\"fr_FR\" \/>\n<meta property=\"og:type\" content=\"article\" \/>\n<meta property=\"og:title\" content=\"Itin\u00e9raire de Monsieur Vincent. Des Malheurs du temps \u00e1 la Mission (II) - Nous Sommes Vincentiens\" \/>\n<meta property=\"og:description\" content=\"C &#8211; LES GRANDES MIS\u00c9RES, ET LES REM\u00c9DES 1. Un T\u00c9MOIGNAGE GLOBAL: la lettre au Pape Innocent X, le 16 ao\u00fbt 1652 Au plus fort des guerres de la Fronde, M. Vincent, apr\u00e8s \u00eatre intervenu ... Read More\" \/>\n<meta property=\"og:url\" content=\"https:\/\/vincentians.com\/fr\/itineraire-de-monsieur-vincent-des-malheurs-du-temps-a-la-mission-ii\/\" \/>\n<meta property=\"og:site_name\" content=\"Nous Sommes Vincentiens\" \/>\n<meta property=\"article:publisher\" content=\"https:\/\/www.facebook.com\/WeAreVincentians\/\" \/>\n<meta property=\"article:author\" content=\"https:\/\/www.facebook.com\/JavierChento\" \/>\n<meta property=\"article:published_time\" content=\"2015-05-13T03:26:26+00:00\" \/>\n<meta name=\"author\" content=\"Francisco Javier Fern\u00e1ndez Chento\" \/>\n<meta name=\"twitter:card\" content=\"summary_large_image\" \/>\n<meta name=\"twitter:creator\" content=\"@https:\/\/twitter.com\/javierchento\" \/>\n<meta name=\"twitter:site\" content=\"@WeVincentians\" \/>\n<meta name=\"twitter:label1\" content=\"\u00c9crit par\" \/>\n\t<meta name=\"twitter:data1\" content=\"Francisco Javier Fern\u00e1ndez Chento\" \/>\n\t<meta name=\"twitter:label2\" content=\"Dur\u00e9e de lecture estim\u00e9e\" \/>\n\t<meta name=\"twitter:data2\" content=\"12 minutes\" \/>\n<script type=\"application\/ld+json\" class=\"yoast-schema-graph\">{\"@context\":\"https:\/\/schema.org\",\"@graph\":[{\"@type\":\"WebPage\",\"@id\":\"https:\/\/vincentians.com\/fr\/itineraire-de-monsieur-vincent-des-malheurs-du-temps-a-la-mission-ii\/\",\"url\":\"https:\/\/vincentians.com\/fr\/itineraire-de-monsieur-vincent-des-malheurs-du-temps-a-la-mission-ii\/\",\"name\":\"Itin\u00e9raire de Monsieur Vincent. Des Malheurs du temps \u00e1 la Mission (II) - Nous Sommes Vincentiens\",\"isPartOf\":{\"@id\":\"https:\/\/vincentians.com\/fr\/#website\"},\"primaryImageOfPage\":{\"@id\":\"https:\/\/vincentians.com\/fr\/itineraire-de-monsieur-vincent-des-malheurs-du-temps-a-la-mission-ii\/#primaryimage\"},\"image\":{\"@id\":\"https:\/\/vincentians.com\/fr\/itineraire-de-monsieur-vincent-des-malheurs-du-temps-a-la-mission-ii\/#primaryimage\"},\"thumbnailUrl\":\"\",\"datePublished\":\"2015-05-13T03:26:26+00:00\",\"author\":{\"@id\":\"https:\/\/vincentians.com\/fr\/#\/schema\/person\/9623ef4d9aa3b2dfb8c061f1499288f2\"},\"breadcrumb\":{\"@id\":\"https:\/\/vincentians.com\/fr\/itineraire-de-monsieur-vincent-des-malheurs-du-temps-a-la-mission-ii\/#breadcrumb\"},\"inLanguage\":\"fr-FR\",\"potentialAction\":[{\"@type\":\"ReadAction\",\"target\":[\"https:\/\/vincentians.com\/fr\/itineraire-de-monsieur-vincent-des-malheurs-du-temps-a-la-mission-ii\/\"]}]},{\"@type\":\"ImageObject\",\"inLanguage\":\"fr-FR\",\"@id\":\"https:\/\/vincentians.com\/fr\/itineraire-de-monsieur-vincent-des-malheurs-du-temps-a-la-mission-ii\/#primaryimage\",\"url\":\"\",\"contentUrl\":\"\"},{\"@type\":\"BreadcrumbList\",\"@id\":\"https:\/\/vincentians.com\/fr\/itineraire-de-monsieur-vincent-des-malheurs-du-temps-a-la-mission-ii\/#breadcrumb\",\"itemListElement\":[{\"@type\":\"ListItem\",\"position\":1,\"name\":\"Portada\",\"item\":\"https:\/\/vincentians.com\/fr\/\"},{\"@type\":\"ListItem\",\"position\":2,\"name\":\"Itin\u00e9raire de Monsieur Vincent. Des Malheurs du temps \u00e1 la Mission (II)\"}]},{\"@type\":\"WebSite\",\"@id\":\"https:\/\/vincentians.com\/fr\/#website\",\"url\":\"https:\/\/vincentians.com\/fr\/\",\"name\":\"Nous Sommes Vincentiens\",\"description\":\"Know more to serve more\",\"potentialAction\":[{\"@type\":\"SearchAction\",\"target\":{\"@type\":\"EntryPoint\",\"urlTemplate\":\"https:\/\/vincentians.com\/fr\/?s={search_term_string}\"},\"query-input\":{\"@type\":\"PropertyValueSpecification\",\"valueRequired\":true,\"valueName\":\"search_term_string\"}}],\"inLanguage\":\"fr-FR\"},{\"@type\":\"Person\",\"@id\":\"https:\/\/vincentians.com\/fr\/#\/schema\/person\/9623ef4d9aa3b2dfb8c061f1499288f2\",\"name\":\"Francisco Javier Fern\u00e1ndez Chento\",\"image\":{\"@type\":\"ImageObject\",\"inLanguage\":\"fr-FR\",\"@id\":\"https:\/\/vincentians.com\/fr\/#\/schema\/person\/image\/\",\"url\":\"https:\/\/secure.gravatar.com\/avatar\/497d5cde87b4c3d097d0315953521681ba2cd523ee66e5077c3711f7021e65de?s=96&d=mm&r=g\",\"contentUrl\":\"https:\/\/secure.gravatar.com\/avatar\/497d5cde87b4c3d097d0315953521681ba2cd523ee66e5077c3711f7021e65de?s=96&d=mm&r=g\",\"caption\":\"Francisco Javier Fern\u00e1ndez Chento\"},\"description\":\"Director General y cofundador de La Red de Formaci\u00f3n Vicenciana. Javier es laico vicenciano, afiliado a la Congregaci\u00f3n de la Misi\u00f3n y miembro del Equipo de Misiones Populares de la provincia can\u00f3nica de Zaragoza (Espa\u00f1a) de la Congregaci\u00f3n de la Misi\u00f3n. Graduado en la Universidad Oberta de Catalunya con cuatro grados (Asistente de direcci\u00f3n, Gesti\u00f3n Administrativa, Recursos Humanos y Contabilidad Avanzada). Bil\u00edng\u00fce Espa\u00f1ol\/Ingl\u00e9s. gestiona y mantiene varias p\u00e1ginas web cristianas y vicencianas, incluida including La Red de Formaci\u00f3n Vicenciana, de la que es cofundador. Actualmente es responsable del \u00e1rea de Espa\u00f1ol de .famvin, la Red de Noticias de la Familia Vicenciana. Tambi\u00e9n es m\u00fasico cat\u00f3lico y ha editado varios discos. Es Director General y cofundador de Trovador, una reconocida compa\u00f1\u00eda discogr\u00e1fica critiana de Espa\u00f1a. Trabaja en las Tecnolog\u00edas de la Informaci\u00f3n, ofreciendo servicios de alojamiento, dise\u00f1o y mantenimiento Web, as\u00ed como asesoramiento, formaci\u00f3n y soluciones inform\u00e1ticas, gesti\u00f3n documental y digitalizaci\u00f3n de textos, edici\u00f3n y maquetaci\u00f3n de libros, revistas, flyers, etc.\",\"sameAs\":[\"http:\/\/chento.org\",\"https:\/\/www.facebook.com\/JavierChento\",\"https:\/\/x.com\/https:\/\/twitter.com\/javierchento\"],\"url\":\"https:\/\/vincentians.com\/fr\/author\/chento\/\"}]}<\/script>\n<!-- \/ Yoast SEO plugin. -->","yoast_head_json":{"title":"Itin\u00e9raire de Monsieur Vincent. Des Malheurs du temps \u00e1 la Mission (II) - Nous Sommes Vincentiens","robots":{"index":"index","follow":"follow","max-snippet":"max-snippet:-1","max-image-preview":"max-image-preview:large","max-video-preview":"max-video-preview:-1"},"canonical":"https:\/\/vincentians.com\/fr\/itineraire-de-monsieur-vincent-des-malheurs-du-temps-a-la-mission-ii\/","og_locale":"fr_FR","og_type":"article","og_title":"Itin\u00e9raire de Monsieur Vincent. Des Malheurs du temps \u00e1 la Mission (II) - Nous Sommes Vincentiens","og_description":"C &#8211; LES GRANDES MIS\u00c9RES, ET LES REM\u00c9DES 1. Un T\u00c9MOIGNAGE GLOBAL: la lettre au Pape Innocent X, le 16 ao\u00fbt 1652 Au plus fort des guerres de la Fronde, M. Vincent, apr\u00e8s \u00eatre intervenu ... Read More","og_url":"https:\/\/vincentians.com\/fr\/itineraire-de-monsieur-vincent-des-malheurs-du-temps-a-la-mission-ii\/","og_site_name":"Nous Sommes Vincentiens","article_publisher":"https:\/\/www.facebook.com\/WeAreVincentians\/","article_author":"https:\/\/www.facebook.com\/JavierChento","article_published_time":"2015-05-13T03:26:26+00:00","author":"Francisco Javier Fern\u00e1ndez Chento","twitter_card":"summary_large_image","twitter_creator":"@https:\/\/twitter.com\/javierchento","twitter_site":"@WeVincentians","twitter_misc":{"\u00c9crit par":"Francisco Javier Fern\u00e1ndez Chento","Dur\u00e9e de lecture estim\u00e9e":"12 minutes"},"schema":{"@context":"https:\/\/schema.org","@graph":[{"@type":"WebPage","@id":"https:\/\/vincentians.com\/fr\/itineraire-de-monsieur-vincent-des-malheurs-du-temps-a-la-mission-ii\/","url":"https:\/\/vincentians.com\/fr\/itineraire-de-monsieur-vincent-des-malheurs-du-temps-a-la-mission-ii\/","name":"Itin\u00e9raire de Monsieur Vincent. Des Malheurs du temps \u00e1 la Mission (II) - Nous Sommes Vincentiens","isPartOf":{"@id":"https:\/\/vincentians.com\/fr\/#website"},"primaryImageOfPage":{"@id":"https:\/\/vincentians.com\/fr\/itineraire-de-monsieur-vincent-des-malheurs-du-temps-a-la-mission-ii\/#primaryimage"},"image":{"@id":"https:\/\/vincentians.com\/fr\/itineraire-de-monsieur-vincent-des-malheurs-du-temps-a-la-mission-ii\/#primaryimage"},"thumbnailUrl":"","datePublished":"2015-05-13T03:26:26+00:00","author":{"@id":"https:\/\/vincentians.com\/fr\/#\/schema\/person\/9623ef4d9aa3b2dfb8c061f1499288f2"},"breadcrumb":{"@id":"https:\/\/vincentians.com\/fr\/itineraire-de-monsieur-vincent-des-malheurs-du-temps-a-la-mission-ii\/#breadcrumb"},"inLanguage":"fr-FR","potentialAction":[{"@type":"ReadAction","target":["https:\/\/vincentians.com\/fr\/itineraire-de-monsieur-vincent-des-malheurs-du-temps-a-la-mission-ii\/"]}]},{"@type":"ImageObject","inLanguage":"fr-FR","@id":"https:\/\/vincentians.com\/fr\/itineraire-de-monsieur-vincent-des-malheurs-du-temps-a-la-mission-ii\/#primaryimage","url":"","contentUrl":""},{"@type":"BreadcrumbList","@id":"https:\/\/vincentians.com\/fr\/itineraire-de-monsieur-vincent-des-malheurs-du-temps-a-la-mission-ii\/#breadcrumb","itemListElement":[{"@type":"ListItem","position":1,"name":"Portada","item":"https:\/\/vincentians.com\/fr\/"},{"@type":"ListItem","position":2,"name":"Itin\u00e9raire de Monsieur Vincent. Des Malheurs du temps \u00e1 la Mission (II)"}]},{"@type":"WebSite","@id":"https:\/\/vincentians.com\/fr\/#website","url":"https:\/\/vincentians.com\/fr\/","name":"Nous Sommes Vincentiens","description":"Know more to serve more","potentialAction":[{"@type":"SearchAction","target":{"@type":"EntryPoint","urlTemplate":"https:\/\/vincentians.com\/fr\/?s={search_term_string}"},"query-input":{"@type":"PropertyValueSpecification","valueRequired":true,"valueName":"search_term_string"}}],"inLanguage":"fr-FR"},{"@type":"Person","@id":"https:\/\/vincentians.com\/fr\/#\/schema\/person\/9623ef4d9aa3b2dfb8c061f1499288f2","name":"Francisco Javier Fern\u00e1ndez Chento","image":{"@type":"ImageObject","inLanguage":"fr-FR","@id":"https:\/\/vincentians.com\/fr\/#\/schema\/person\/image\/","url":"https:\/\/secure.gravatar.com\/avatar\/497d5cde87b4c3d097d0315953521681ba2cd523ee66e5077c3711f7021e65de?s=96&d=mm&r=g","contentUrl":"https:\/\/secure.gravatar.com\/avatar\/497d5cde87b4c3d097d0315953521681ba2cd523ee66e5077c3711f7021e65de?s=96&d=mm&r=g","caption":"Francisco Javier Fern\u00e1ndez Chento"},"description":"Director General y cofundador de La Red de Formaci\u00f3n Vicenciana. Javier es laico vicenciano, afiliado a la Congregaci\u00f3n de la Misi\u00f3n y miembro del Equipo de Misiones Populares de la provincia can\u00f3nica de Zaragoza (Espa\u00f1a) de la Congregaci\u00f3n de la Misi\u00f3n. Graduado en la Universidad Oberta de Catalunya con cuatro grados (Asistente de direcci\u00f3n, Gesti\u00f3n Administrativa, Recursos Humanos y Contabilidad Avanzada). Bil\u00edng\u00fce Espa\u00f1ol\/Ingl\u00e9s. gestiona y mantiene varias p\u00e1ginas web cristianas y vicencianas, incluida including La Red de Formaci\u00f3n Vicenciana, de la que es cofundador. Actualmente es responsable del \u00e1rea de Espa\u00f1ol de .famvin, la Red de Noticias de la Familia Vicenciana. Tambi\u00e9n es m\u00fasico cat\u00f3lico y ha editado varios discos. Es Director General y cofundador de Trovador, una reconocida compa\u00f1\u00eda discogr\u00e1fica critiana de Espa\u00f1a. Trabaja en las Tecnolog\u00edas de la Informaci\u00f3n, ofreciendo servicios de alojamiento, dise\u00f1o y mantenimiento Web, as\u00ed como asesoramiento, formaci\u00f3n y soluciones inform\u00e1ticas, gesti\u00f3n documental y digitalizaci\u00f3n de textos, edici\u00f3n y maquetaci\u00f3n de libros, revistas, flyers, etc.","sameAs":["http:\/\/chento.org","https:\/\/www.facebook.com\/JavierChento","https:\/\/x.com\/https:\/\/twitter.com\/javierchento"],"url":"https:\/\/vincentians.com\/fr\/author\/chento\/"}]}},"jetpack_publicize_connections":[],"jetpack_featured_media_url":"","jetpack_sharing_enabled":true,"jetpack_shortlink":"https:\/\/wp.me\/p7ETMP-pP2","jetpack-related-posts":[{"id":52057,"url":"https:\/\/vincentians.com\/fr\/saint-vincent-de-paul-et-sa-mission-sociale-iii-laction-3\/","url_meta":{"origin":99264,"position":0},"title":"Saint Vincent De Paul Et Sa Mission Sociale. III &#8211; L\u2019action (3)","author":"Francisco Javier Fern\u00e1ndez Chento","date":"27\/12\/2014","format":false,"excerpt":"LA POLITIQUE ET LA CHARIT\u00c9. \u2014 La charit\u00e9 dans l\u2019\u00c9tat. \u2014 La guerre en Lorraine. \u2014 Vincent de Paul vient au secours de cette malheureuse province. \u2014 Les r\u00e9fugi\u00e9s lorrains \u00e0 Paris. \u2014 Vincent de Paul et Richelieu. \u2014 Les deux politiques. \u2014 Vincent au lit de mort de Louis\u2026","rel":"","context":"Dans &quot;Vincent de Paul&quot;","block_context":{"text":"Vincent de Paul","link":"https:\/\/vincentians.com\/fr\/category\/the-vincentian-family\/founders\/vincent-de-paul\/"},"img":{"alt_text":"","src":"https:\/\/i0.wp.com\/vincentians.com\/fr\/wp-content\/uploads\/sites\/10\/2016\/07\/vincent-et-sa-action-sociale.jpg?fit=1160%2C630&ssl=1&resize=350%2C200","width":350,"height":200,"srcset":"https:\/\/i0.wp.com\/vincentians.com\/fr\/wp-content\/uploads\/sites\/10\/2016\/07\/vincent-et-sa-action-sociale.jpg?fit=1160%2C630&ssl=1&resize=350%2C200 1x, https:\/\/i0.wp.com\/vincentians.com\/fr\/wp-content\/uploads\/sites\/10\/2016\/07\/vincent-et-sa-action-sociale.jpg?fit=1160%2C630&ssl=1&resize=525%2C300 1.5x, https:\/\/i0.wp.com\/vincentians.com\/fr\/wp-content\/uploads\/sites\/10\/2016\/07\/vincent-et-sa-action-sociale.jpg?fit=1160%2C630&ssl=1&resize=700%2C400 2x, https:\/\/i0.wp.com\/vincentians.com\/fr\/wp-content\/uploads\/sites\/10\/2016\/07\/vincent-et-sa-action-sociale.jpg?fit=1160%2C630&ssl=1&resize=1050%2C600 3x"},"classes":[]},{"id":52020,"url":"https:\/\/vincentians.com\/fr\/saint-vincent-de-paul-et-sa-mission-sociale-i-la-vocation-1\/","url_meta":{"origin":99264,"position":1},"title":"Saint Vincent De Paul Et Sa Mission Sociale. I &#8211; La vocation (1)","author":"Francisco Javier Fern\u00e1ndez Chento","date":"18\/12\/2014","format":false,"excerpt":"L\u2019HOMME ET L\u2019\u0152UVRE \u2014 Le seizi\u00e8me si\u00e8cle et le protestantisme en France. \u2014 Ravages caus\u00e9s par les guerres de religion. \u2014 Changements dans la soci\u00e9t\u00e9. \u2014 Accroissement de la mis\u00e8re. \u2014 L\u2019\u0153uvre nouvelle de la Charit\u00e9. \u2014 Saint Vincent de Paul. \u2014 Sa mission. \u2014 Naissance et premi\u00e8res ann\u00e9es. \u2014\u2026","rel":"","context":"Dans &quot;Vincent de Paul&quot;","block_context":{"text":"Vincent de Paul","link":"https:\/\/vincentians.com\/fr\/category\/the-vincentian-family\/founders\/vincent-de-paul\/"},"img":{"alt_text":"","src":"https:\/\/i0.wp.com\/vincentians.com\/fr\/wp-content\/uploads\/sites\/10\/2016\/07\/vincent-et-sa-action-sociale.jpg?fit=1160%2C630&ssl=1&resize=350%2C200","width":350,"height":200,"srcset":"https:\/\/i0.wp.com\/vincentians.com\/fr\/wp-content\/uploads\/sites\/10\/2016\/07\/vincent-et-sa-action-sociale.jpg?fit=1160%2C630&ssl=1&resize=350%2C200 1x, https:\/\/i0.wp.com\/vincentians.com\/fr\/wp-content\/uploads\/sites\/10\/2016\/07\/vincent-et-sa-action-sociale.jpg?fit=1160%2C630&ssl=1&resize=525%2C300 1.5x, https:\/\/i0.wp.com\/vincentians.com\/fr\/wp-content\/uploads\/sites\/10\/2016\/07\/vincent-et-sa-action-sociale.jpg?fit=1160%2C630&ssl=1&resize=700%2C400 2x, https:\/\/i0.wp.com\/vincentians.com\/fr\/wp-content\/uploads\/sites\/10\/2016\/07\/vincent-et-sa-action-sociale.jpg?fit=1160%2C630&ssl=1&resize=1050%2C600 3x"},"classes":[]},{"id":52016,"url":"https:\/\/vincentians.com\/fr\/saint-vincent-de-paul-et-sa-mission-sociale-introduction\/","url_meta":{"origin":99264,"position":2},"title":"Saint Vincent De Paul Et Sa Mission Sociale. Introduction","author":"Francisco Javier Fern\u00e1ndez Chento","date":"17\/12\/2014","format":false,"excerpt":"Les antiennes que l\u2019on chante aux premi\u00e8res v\u00eapres de saint Vincent de Paul sont le portrait et l\u2019\u00e9loge le plus exact que l\u2019on puisse faire de ce h\u00e9ros de la charit\u00e9 : Les indigents et les pauvres cherchent de l\u2019eau et n\u2019en trouvent pas ; moi, dit le Seigneur, je\u2026","rel":"","context":"Dans &quot;Vincent de Paul&quot;","block_context":{"text":"Vincent de Paul","link":"https:\/\/vincentians.com\/fr\/category\/the-vincentian-family\/founders\/vincent-de-paul\/"},"img":{"alt_text":"","src":"https:\/\/i0.wp.com\/vincentians.com\/fr\/wp-content\/uploads\/sites\/10\/2016\/07\/vincent-et-sa-action-sociale.jpg?fit=1160%2C630&ssl=1&resize=350%2C200","width":350,"height":200,"srcset":"https:\/\/i0.wp.com\/vincentians.com\/fr\/wp-content\/uploads\/sites\/10\/2016\/07\/vincent-et-sa-action-sociale.jpg?fit=1160%2C630&ssl=1&resize=350%2C200 1x, https:\/\/i0.wp.com\/vincentians.com\/fr\/wp-content\/uploads\/sites\/10\/2016\/07\/vincent-et-sa-action-sociale.jpg?fit=1160%2C630&ssl=1&resize=525%2C300 1.5x, https:\/\/i0.wp.com\/vincentians.com\/fr\/wp-content\/uploads\/sites\/10\/2016\/07\/vincent-et-sa-action-sociale.jpg?fit=1160%2C630&ssl=1&resize=700%2C400 2x, https:\/\/i0.wp.com\/vincentians.com\/fr\/wp-content\/uploads\/sites\/10\/2016\/07\/vincent-et-sa-action-sociale.jpg?fit=1160%2C630&ssl=1&resize=1050%2C600 3x"},"classes":[]},{"id":57593,"url":"https:\/\/vincentians.com\/fr\/lexpansion-de-la-congregation-de-la-mission-pendant-la-vie-de-st-vincent\/","url_meta":{"origin":99264,"position":3},"title":"L&rsquo;expansion de la Congregation de la Mission pendant la vie de St. Vincent","author":"Francisco Javier Fern\u00e1ndez Chento","date":"20\/05\/2015","format":false,"excerpt":"Pierre Collet (\"La Vie de St. Vincent de Paul\", Nancy 1748, II, 325) a constat\u00e9 que les biographies des grands fondateurs d'ordres sont concentr\u00e9es sur la personne elle-m\u00eame du fondateur. On n'y trouve pas le r\u00e9cit des travaux de leurs premiers disciples.En suivant cet exemple Collet voulut supprimer dans sa\u2026","rel":"","context":"Dans &quot;Au temps de Vincent de Paul&quot;","block_context":{"text":"Au temps de Vincent de Paul","link":"https:\/\/vincentians.com\/fr\/category\/au-temps-de-vincent-de-paul\/"},"img":{"alt_text":"","src":"https:\/\/i0.wp.com\/vincentians.com\/fr\/wp-content\/uploads\/sites\/10\/2015\/05\/congregation-de-la-mission-lazaristes.jpg?fit=1200%2C630&ssl=1&resize=350%2C200","width":350,"height":200,"srcset":"https:\/\/i0.wp.com\/vincentians.com\/fr\/wp-content\/uploads\/sites\/10\/2015\/05\/congregation-de-la-mission-lazaristes.jpg?fit=1200%2C630&ssl=1&resize=350%2C200 1x, https:\/\/i0.wp.com\/vincentians.com\/fr\/wp-content\/uploads\/sites\/10\/2015\/05\/congregation-de-la-mission-lazaristes.jpg?fit=1200%2C630&ssl=1&resize=525%2C300 1.5x, https:\/\/i0.wp.com\/vincentians.com\/fr\/wp-content\/uploads\/sites\/10\/2015\/05\/congregation-de-la-mission-lazaristes.jpg?fit=1200%2C630&ssl=1&resize=700%2C400 2x, https:\/\/i0.wp.com\/vincentians.com\/fr\/wp-content\/uploads\/sites\/10\/2015\/05\/congregation-de-la-mission-lazaristes.jpg?fit=1200%2C630&ssl=1&resize=1050%2C600 3x"},"classes":[]},{"id":99260,"url":"https:\/\/vincentians.com\/fr\/itineraire-de-monsieur-vincent-des-malheurs-du-temps-a-la-mission-i\/","url_meta":{"origin":99264,"position":4},"title":"Itin\u00e9raire de Monsieur Vincent. Des Malheurs du temps \u00e1 la Mission (I)","author":"Francisco Javier Fern\u00e1ndez Chento","date":"12\/05\/2015","format":false,"excerpt":"Introduction Le but de cette session est de montrer l'actualit\u00e9 de la vis\u00e9e de l'Institut en retrouvant ce qui a dynamis\u00e9 les fondateurs, ce qui les a pouss\u00e9s \u00e1 la mission. Et l'on me demande de montrer comment les blessures des hommes ont contribu\u00e9 \u00e1 envoyer Monsieur Vincent en mission.\u2026","rel":"","context":"Dans &quot;Au temps de Vincent de Paul&quot;","block_context":{"text":"Au temps de Vincent de Paul","link":"https:\/\/vincentians.com\/fr\/category\/au-temps-de-vincent-de-paul\/"},"img":{"alt_text":"","src":"https:\/\/i0.wp.com\/vincentiens.org\/wp-content\/uploads\/2012\/11\/vincent1.jpg?resize=350%2C200","width":350,"height":200},"classes":[]},{"id":58748,"url":"https:\/\/vincentians.com\/fr\/de-la-devotion-a-lanalyse-historique\/","url_meta":{"origin":99264,"position":5},"title":"De la devotion a l&rsquo;analyse historique","author":"Francisco Javier Fern\u00e1ndez Chento","date":"27\/12\/2012","format":false,"excerpt":"Cette causerie est programm\u00e9e en fin de premi\u00e8re semaine, la semaine consacr\u00e9e \u00e0 la m\u00e9thodologie. Je me trouve donc en situa\u00adtion de transition et cela \u2014 je l'avoue \u2014 me s\u00e9curise un peu. Je ne suis pas, en effet, un sp\u00e9cialiste du niveau de ceux qui m'ont pr\u00e9c\u00e9d\u00e9 et \u2014\u2026","rel":"","context":"Dans &quot;Formation Vincentienne&quot;","block_context":{"text":"Formation Vincentienne","link":"https:\/\/vincentians.com\/fr\/category\/formation-vincentienne\/"},"img":{"alt_text":"","src":"https:\/\/i0.wp.com\/vincentiens.org\/wp-content\/uploads\/2011\/12\/abelly-198x300.jpg?resize=350%2C200","width":350,"height":200},"classes":[]}],"_links":{"self":[{"href":"https:\/\/vincentians.com\/fr\/wp-json\/wp\/v2\/posts\/99264","targetHints":{"allow":["GET"]}}],"collection":[{"href":"https:\/\/vincentians.com\/fr\/wp-json\/wp\/v2\/posts"}],"about":[{"href":"https:\/\/vincentians.com\/fr\/wp-json\/wp\/v2\/types\/post"}],"author":[{"embeddable":true,"href":"https:\/\/vincentians.com\/fr\/wp-json\/wp\/v2\/users\/4"}],"replies":[{"embeddable":true,"href":"https:\/\/vincentians.com\/fr\/wp-json\/wp\/v2\/comments?post=99264"}],"version-history":[{"count":0,"href":"https:\/\/vincentians.com\/fr\/wp-json\/wp\/v2\/posts\/99264\/revisions"}],"wp:featuredmedia":[{"embeddable":true,"href":"https:\/\/vincentians.com\/fr\/wp-json\/"}],"wp:attachment":[{"href":"https:\/\/vincentians.com\/fr\/wp-json\/wp\/v2\/media?parent=99264"}],"wp:term":[{"taxonomy":"category","embeddable":true,"href":"https:\/\/vincentians.com\/fr\/wp-json\/wp\/v2\/categories?post=99264"},{"taxonomy":"post_tag","embeddable":true,"href":"https:\/\/vincentians.com\/fr\/wp-json\/wp\/v2\/tags?post=99264"}],"curies":[{"name":"wp","href":"https:\/\/api.w.org\/{rel}","templated":true}]}}