{"id":99260,"date":"2015-05-12T12:26:26","date_gmt":"2015-05-12T10:26:26","guid":{"rendered":"http:\/\/somos.vicencianos.org\/?p=99260"},"modified":"2015-05-12T12:26:26","modified_gmt":"2015-05-12T10:26:26","slug":"itineraire-de-monsieur-vincent-des-malheurs-du-temps-a-la-mission-i","status":"publish","type":"post","link":"https:\/\/vincentians.com\/fr\/itineraire-de-monsieur-vincent-des-malheurs-du-temps-a-la-mission-i\/","title":{"rendered":"Itin\u00e9raire de Monsieur Vincent. Des Malheurs du temps \u00e1 la Mission (I)"},"content":{"rendered":"<p><strong>Introduction<\/strong><\/p>\n<p>Le but de cette session est de montrer l&rsquo;actualit\u00e9 de la vis\u00e9e de l&rsquo;Institut en retrouvant ce qui a dynamis\u00e9 les fondateurs, ce qui les a pouss\u00e9s \u00e1 la mission. Et l&rsquo;on me demande de montrer comment les blessures des hommes ont contribu\u00e9 \u00e1 envoyer Monsieur Vincent en mission. Mon projet sera de montrer les ressorts de ce dynamisme: comment la sensibilit\u00e9 s&rsquo;y conjugue avec les vues de foi. A vous de voir si ces pages y r\u00e9pondent&#8230;<\/p>\n<p>4 parties: Les d\u00e9buts de S.V.; ses principes; les grands moments; les derni\u00e8res ann\u00e9es.<\/p>\n<p><strong>A &#8211; Son Itin\u00e9raire<\/strong><\/p>\n<p>Citer des textes nous emm\u00e8nerait trop loin; il faut au moins r\u00e9su\u00admer cet itin\u00e9raire, car plusieurs textes cit\u00e9s plus loin s&rsquo;enracinent dans ces exp\u00e9riences.<\/p>\n<p><strong>Sa naissance <\/strong>le situe dans une r\u00e9gion et une \u00e9poque de foi et de malheurs: \u00e9poque de foi, dans la conscience vive de la pr\u00e9sence de Dieu \u00e1 toute la vie; mais c&rsquo;est aussi l&rsquo;\u00e9poque des sauvageries des guer\u00adres de religion, tout sp\u00e9cialement en B\u00e9arn et Gascogne, ravag\u00e9s sys\u00adt\u00e9matiquement par les bandes protestantes du Baron des Adrets et d&rsquo;autres, aux ordres de Jeanne d&rsquo;Albret, m\u00e8re du futur Henri IV, contre lesquelles les catholiques, avec Montluc, furent souvent im\u00adpuissants. M. Vincent n&rsquo;en gardera pourtant pas rancune, et pr\u00eachera toujours le dialogue paisible avec les R\u00e9form\u00e9s.<\/p>\n<p><strong>Sa trajectoire: <\/strong>d\u00e9sir d&rsquo;arriver \u00e1 assurer l&rsquo;avenir de sa famille, gr\u00e2ce \u00e1 l&rsquo;\u00e9tat eccl\u00e9siastique; puis ce d\u00e9sir sera lentement purifi\u00e9 et m\u00fbri par les \u00e9checs et le contact avec la mis\u00e8re, peut-\u00eatre comme esclave, pr\u00e8s de Tunis, de 1605 \u00e1 1607, puis lors de ses visites aux h\u00f4pitaux, \u00e1 Rome, en 1607-1608, et \u00e1 Paris \u00e1 partir de 1608.<\/p>\n<p><strong>Paris, il <\/strong>vit longtemps au milieu du tout-venant, dans le quartier des Gascons&#8230; <strong>II <\/strong>se lie \u00e1 des bons pr\u00eatres, dont M. de B\u00e9rulle, qui lui trouve une meilleure situation. En fin 1611 et sans doute d\u00e9but 1612 il s\u00e9journe \u00e1 l&rsquo;Oratoire naissant, puis B\u00e9rulle le fait nommer cur\u00e9 de Clichy pour remplacent Bourgoing, en 1612-1613, enfin il lui obtient la place de pr\u00e9cepteur d&rsquo;une des plus grandes familles de France, les Gondi, en 1613. Bref, on constate chez Vincent \u00e1 la fois l&rsquo;exp\u00e9rience de la pauvret\u00e9, et l&rsquo;habilet\u00e9 pour s&rsquo;en sortir, gr\u00e2ce \u00e1 une aptitude peu ordinaire aux relations avec des gens de tout milieu.<\/p>\n<p><strong>Suivant les Gondi dans leurs diverses terres, il <\/strong>red\u00e9couvre les campagnes, et une pauvret\u00e9 spirituelle qu&rsquo;il n&rsquo;avait sans doute pas constat\u00e9e dans son enfance: l&rsquo;ignorance, les p\u00e9ch\u00e9s cach\u00e9s. Pour y rem\u00e9dier, il pr\u00eache, cat\u00e9chise et fait faire des confessions g\u00e9n\u00e9rales, d&rsquo;abord seul, puis il d\u00e9couvre, en fin janvier 1617, l&rsquo;importance du travail en \u00e9quipe.<\/p>\n<p>Il a repris contact en m\u00e9m\u00e9 temps avec la d\u00e9tresse mat\u00e9rielle dans les campagnes, et pour y faire front, il d\u00e9couvre, en \u00e9t\u00e9 1617, les ressources de l&rsquo;association, avec la fondation de la premi\u00e8re Confr\u00e9\u00adrie de Charit\u00e9, diff\u00e9rente des confr\u00e9ries existantes, tant par l&rsquo;autono\u00admie enti\u00e8re laiss\u00e9e aux la\u00efcs dans la gestion, que par la prise en compte de tous les milieux, et pas seulement d&rsquo;une cat\u00e9gorie sociale ou pieuse.<\/p>\n<p><strong>B &#8211; M. Vincent \u2014\u00e0 lui-m\u00eame exprim\u00e9 les principes qu&rsquo;il en tire pour la Mission, et qui le dynamisent: le lien entre la vue des mis\u00e8res, la vue de la foi, et la mission<\/strong><\/p>\n<p><a href=\"https:\/\/i0.wp.com\/vincentiens.org\/wp-content\/uploads\/2012\/11\/vincent1.jpg\"><img data-recalc-dims=\"1\" loading=\"lazy\" decoding=\"async\" class=\"alignright size-full wp-image-104112\" title=\"vincent1\" src=\"https:\/\/i0.wp.com\/vincentiens.org\/wp-content\/uploads\/2012\/11\/vincent1.jpg?resize=194%2C260\" alt=\"\" width=\"194\" height=\"260\" \/><\/a>Le fondement de ses convictions et de son dynamisme est double:<\/p>\n<p><strong>1\u00b0 <\/strong>&#8211; Le premier stimulant, c&rsquo;est les vues de Foi et le feu de la Charit\u00e9:<\/p>\n<p>a &#8211; <strong>Sa foi profonde <\/strong>lui fait \u00e1 la fois contempler la Mission dans la Sainte Trinit\u00e9, et approfondir l&rsquo;\u00c9vangile.<\/p>\n<p>&#8211; Sa <strong>contemplation de la Sainte Trinit\u00e9 <\/strong>lui fait voir que les relations des Personnes divines entrainent leur Mission. Il sait m\u00e9m\u00e9 le dire aux simples, il l&rsquo;exprime, une fois, d&rsquo;une mani\u00e9r\u00e9 tr\u00e8s imag\u00e9e, aux Filies de la Charit\u00e9, le 23 mai 1655: X, 85.<\/p>\n<p><em>\u00ab\u00a0Quand le P\u00e8re \u00e9ternel voulut envoyer son Fils en terre, il lui pro- <\/em><em>posa toutes les choses qu&rsquo;il devait faire et souffrir. Vous savez la vie de <\/em>Notre-Seigneur, combien elle a \u00e9t\u00e9 pleine de sou rances\u00a0\u00bb. Son P\u00e8re lui dit: \u00ab\u00a0Je permettrai que vous soyez m\u00e9pris\u00e9 et rejet\u00e9 de tout le monde, qu&rsquo;un H\u00e9rode vous fasse fuir d\u00e8s votre bas \u00e2ge, que vous soyez tenu pour un idiot, que vous receviez des mal\u00e9dictions pour vos couvres miraculeuses; bref je permettrai que toutes les cr\u00e9atures se r\u00e9voltent contre vous\u00a0\u00bb. Voil\u00e0 ce que le P\u00e8re \u00e9ternel proposa \u00e1 son Fils, qui lui dit: \u00ab\u00a0Mon P\u00e8re, je ferai tout ce que vous me commandez. Ce qui nous mon\u00adtre qu&rsquo;il faut ob\u00e9ir en toutes choses g\u00e9n\u00e9ralement\u00a0\u00bb.<\/p>\n<p>&#8211; Sa <strong>m\u00e9ditation de l&rsquo;\u00c9vangile et du Notre P\u00e8re <\/strong>lui fait d\u00e9sirer par-dessus tout et avant tout le Royaume de Dieu, comme il le d\u00e9ve\u00adloppe dans un long entretien, le 21 f\u00e9vrier 1659: XII 137-138; E. 554.<\/p>\n<p>Il faut savoir que, par ces mots: \u00ab\u00a0Cherchez premi\u00e8rement le royau\u00adme de Dieu et sa justice\u00a0\u00bb, Notre-Seigneur ne demande pas de nous seu\u00adlement que nous cherchions premi\u00e8rement le royaume de Dieu et sa justice en la mani\u00e8re que nous venons de l&rsquo;expliquer; je veux dire qu&rsquo;il ne suffit pas de faire en sorte que Dieu r\u00e9gn\u00e9 en nous, cherchant ainsi son royaume et sa justice, mais qu&rsquo;il faut de plus <strong>que nous d\u00e9si\u00adrions et procurions que le royaume de Dieu soit port\u00e9 et \u00e9tendu partout, que Dieu r\u00e9gn\u00e9 en toutes les \u00e2mes, <\/strong>qu&rsquo;il n&rsquo;y ait qu&rsquo;une vraie religion sur la terre et que le monde vive autrement qu&rsquo;il ne vit, par la force de la vertu de Dieu et par les moyens \u00e9tablis en son \u00c9glise, enfin que sa justice soit si bien recherch\u00e9e et imit\u00e9e de tous par une sainte vie, qu&rsquo;il en soit parfaitement glorifi\u00e9 et dans le temps et dans l&rsquo;\u00e9ternit\u00e9.<\/p>\n<p><strong>b &#8211; L&rsquo;amour de Dieu <\/strong>le brille, comme saint Paul, et il veut le r\u00e9pandre, il s&rsquo;exclame le 30 mai 1659: XII 262 en bas; E. 681 II ne me suffit pas d&rsquo;aimer Dieu si mon prochain ne l&rsquo;aime.<\/p>\n<p><strong>2\u00b0 &#8211; <\/strong><strong>Le deuxi\u00e8me stimulant, c&rsquo;est la vue de la mis\u00e8re des hom\u00ad<\/strong><strong>mes, <\/strong>c&rsquo;est l&rsquo;exp\u00e9rience concr\u00e8te, actuelle, de la mis\u00e8re totale des hom\u00admes, spirituelle et corporelle, en m\u00e9m\u00e9 temps qu&rsquo;il voit les pauvres remplis de foi, m\u00e9m\u00e9 au fond de leur mis\u00e8re et de leurs p\u00e9ch\u00e9s.<\/p>\n<p><strong>a &#8211; La mis\u00e8re spirituelle: <\/strong>un des textes le plus frappants est ce passage d&rsquo;une lettre de 1631 \u00e1 Fran\u00e7ois du Coudray, missionnaire, \u00e1 Rome pour obtenir une approbation du Pape: <strong>I, <\/strong>115-116.<\/p>\n<p><strong>Vous devez faire entendre que le pauvre peuple se damne, faute <\/strong><strong>de savoir les choses n\u00e9cessaires \u00e1 salut et faute de se confesser. <\/strong>Que si Sa Saintet\u00e9 savait cette n\u00e9cessit\u00e9, elle n&rsquo;aurait point de repos qu&rsquo;elle n&rsquo;eut fait son possible pour y mettre ordre; et <strong>que c\u2019est la <\/strong><strong>connaissance qu&rsquo;on en a eue qui a fait \u00e9riger la compagnie pour, en quelque fa\u00e7on, y rem\u00e9dier; <\/strong>que, pour ce faire, il <strong>faut vivre en<\/strong><strong> <\/strong><strong>congr\u00e9gation <\/strong>(c&rsquo;est-\u00e1-dire en regroupement) [&#8230;]\n<p>(116) [&#8230;] et faites entendre qu&rsquo;il y a longues ann\u00e9es que l&rsquo;on pense \u00e1 cela et <strong>qu&rsquo;on en a l&rsquo;exp\u00e9rience.<\/strong><\/p>\n<p>Comme toute son \u00e9poque, il croit au p\u00e9ch\u00e9 et \u00e1 la possibilit\u00e9 d&rsquo;al\u00adler en enfer, et c&rsquo;est une des choses qui le stimule le plus \u00e1 la Mission.<\/p>\n<p>Il le dit plusieurs fois; ainsi dans une conf\u00e9rence, non dat\u00e9e, sur les d\u00e9buts de la Congr\u00e9gation de la Mission (XI 2-3; E. 861):<\/p>\n<p>La honte emp\u00eache plusieurs de ces bonnes gens des champs de se confesser de tous leurs p\u00e9ch\u00e9s \u00e1 leurs cur\u00e9s; ce qui les tient dans un \u00e9tat de damnation. Et sur ce sujet, on demanda, il y a quelque temps, \u00e1 l&rsquo;un des plus grands hommes de ce temps si ces gens-l\u00e0 pouvaient se sauver avec cette honte, qui leur \u00f4te le courage de se confesser de certains p\u00e9ch\u00e9s. A quoi il r\u00e9pondit qu&rsquo;il ne fallait pas douter que, mourant en cet \u00e9tat, ils ne fussent damn\u00e9s.<\/p>\n<p>H\u00e9las! Mon Dieu! (dis-je alors en moi-m\u00eame), combien s&rsquo;en perd-il donc! Et combien est important l&rsquo;usage des confessions g\u00e9n\u00e9rales, qui rem\u00e9die \u00e1 ce malheur, \u00e9tant accompagn\u00e9 d&rsquo;une vraie contrition, comme il est pour l&rsquo;ordinaire! Cet homme (un paysan de bonne r\u00e9putation, confess\u00e9 avant de mourir, et qui raconta comment il en fut lib\u00e9r\u00e9) disait tout haut qu&rsquo;il e\u00fbt \u00e9t\u00e9 damn\u00e9, parce qu&rsquo;il \u00e9tait vraiment touch\u00e9 de l&rsquo;es\u00adprit de p\u00e9nitence; car, quand une \u00e2me en est remplie, elle con\u00e7oit une telle horreur du p\u00e9ch\u00e9 que non seulement elle s&rsquo;en confesse au pr\u00eatre mais elle serait dispos\u00e9e de s&rsquo;en accuser publiquement, s&rsquo;il \u00e9tait n\u00e9ces\u00adsaire pour son salut.<\/p>\n<p><strong>B &#8211; La mis\u00e8re mat\u00e9rielle et corporelle: <\/strong>la pauvret\u00e9 extr\u00eame, les maladies et toutes les blessures corporelles et spirituelles des hom\u00admes Vont puissamment dynamiser \u00e1 laisser voir \u00e1 travers lui que Dieu est bon et leur envoie des \u00ab\u00a0m\u00e8res et m\u00e8res\u00a0\u00bb comme il dit plus d&rsquo;une fois. Nous n&rsquo;y toucherons pas ici, puisque ce sera l&rsquo;objet de la partie centrale.<\/p>\n<p><strong>3\u00b0 &#8211; <\/strong><strong>Ces vues recevront, au long de ses exp\u00e9riences et de ses <\/strong><strong>oraisons, des d\u00e9veloppements progressifs: <\/strong>son exp\u00e9rience le fait approfondir, saisir, les v\u00e9rit\u00e9s de la foi:<\/p>\n<p><strong>a &#8211; Il <\/strong>m\u00e9dite les passages o\u00efl J\u00e9sus s&rsquo;identifie \u00e1 ses disciples, en<strong> <\/strong>particulier aux plus petits, et assez vite, il voit que Dieu, et sp\u00e9ciale\u00adment le Verbe Incarn\u00e9, <strong>J\u00e9sus, est litt\u00e9ralement dans le pauvre, <\/strong>qu&rsquo;il s&rsquo;identifie \u00e1 la pauvret\u00e9 et aux pauvres, qui expriment et conti\u00adnuent sa Passion. Les pauvres sont J\u00e9sus-Christ, et J\u00e9sus dans sa Pas\u00adsion.<\/p>\n<p>Voici un passage, non dat\u00e9, d&rsquo;un entretien aux Missionnaires. Nous y saisirons, comme dans bien d&rsquo;autres, la d\u00e9marche typique de M. Vincent: il observe, il regarde, il voit, on peut m\u00e9m\u00e9 dire qu&rsquo;il res\u00adsent vivement, puis il s&rsquo;\u00e9l\u00e9ve \u00e1 un regard de foi, qui orientera son action: XI, 32; E. 895-896.<\/p>\n<p>Je ne dois pas <strong>consid\u00e9rer <\/strong>un pauvre paysan ou une pauvre femme selon leur ext\u00e9rieur, ni selon ce qui parait de la port\u00e9e de leur esprit, d&rsquo;autant que bien souvent ils n&rsquo;ont pas presque la figure, ni l&rsquo;esprit de personnes raisonnables, tant ils sont grossiers et terrestres.<\/p>\n<p>Mais TOURNEZ LA M\u00c9DAILLE, ET <strong>VOUS VERREZ, PAR <\/strong>LES LUMI\u00c9RES DE LA FOI, que LE FILS <strong>DE <\/strong>DIEU, qui a voulu \u00eatre pau\u00advre, NOUS EST REPRESENTE <strong>PAR <\/strong>CES PAUVRES; qu&rsquo;il n&rsquo;avait presque pas la figure d&rsquo;un homme en sa passion, et qu&rsquo;il passait pour fou dans l&rsquo;esprit des Gentils, et pour pierre de scandale dans celui des Juifs, et avec tout cela, il se qualifie l&rsquo;\u00e9vang\u00e9liste des pauvres.<\/p>\n<p>O Dieu!, qu&rsquo;il fait beau voir les pauvres, si nous les consid\u00e9rons en Dieu et dans l&rsquo;estime que J\u00e9sus-Christ en a faite! Mais si nous les regardons selon les sentiments de la chair et de l&rsquo;esprit mondain, ils paraitront m\u00e9prisables.<\/p>\n<p><strong>B &#8211; Il contemple Dieu, le P\u00e8re de la mis\u00e9ricorde, de la com\u00ad<\/strong><strong>passion, et I \u2018Incarnation du Fils, dans un homme pauvre et souf\u00adfrant, <\/strong>par quoi il nous a montr\u00e9 \u00e1 l&rsquo;extr\u00eame son amour.<\/p>\n<p>Dans une longue conf\u00e9rence, non dat\u00e9e, il essaye de comprendre et d&rsquo;exprimer cette dimension \u00e1 partir de notre psychologie humaine: Xl, 23.<\/p>\n<p>Il faut avoir souffert pour comprendre ceux qui souffrent Quand on a ressenti en soi-m\u00eame des faiblesses et des tribulations, l&rsquo;on est plus sensible \u00e1 celles des autres. [&#8230;]\n<p>C&rsquo;est pourquoi J\u00e9sus a voulu partager notre sort, \u00eatre le prototype de la condition humaine: Vous n&rsquo;ignorez pas que Notre Seigneur a voulu \u00e9prouver sur lui toutes les mis\u00e8res. \u00ab\u00a0Nous avons un Pontife, dit saint Paul, qui sait compatir \u00e1 nos infirmit\u00e9s, parce qu&rsquo;il les a \u00e9prouv\u00e9es lui-m\u00eame\u00a0\u00bb (H\u00e9breux, 4,15). Oui, \u00f3 Sagesse \u00e9ternelle, vous avez voulu \u00e9prouver et prendre sur votre innocente personne toutes nos pauvret\u00e9s! Vous savez, Messieurs, qu&rsquo;il a fait cela pour sanctifier toutes les afflictions auxquelles nous sommes sujets, et POUR \u00c9TRE L&rsquo;ORI\u00adGINAL ET LE PROTOTYPE DE TOUS LES \u00c9TATS ET LES CONDI\u00adTIONS DES HOMMES.<\/p>\n<p><strong>c &#8211; <\/strong>Dans cette ligne, mais peut-\u00eatre un peu plus tard, il red\u00e9cou\u00advre que <strong>c&rsquo;est dans les pauvres qu&rsquo;II y a vraiment la foi, <\/strong>au milieu m\u00e9m\u00e9 de leurs malheurs et de leurs p\u00e9ch\u00e9s.<\/p>\n<p>Nous allons voir sur pi\u00e8ce combien la vue des mis\u00e8res stimulait le z\u00e9l\u00e9 missionnaire de M. Vincent, en m\u00e9m\u00e9 temps qu&rsquo;elle l&rsquo;interpel\u00adlait dans sa propre foi et le faisait interpeller les pr\u00eatres pour leur peu de z\u00e9l\u00e9. C&rsquo;\u00e9tait le 24 juillet 1655, en pleine Fronde, et en pleine offen\u00adsive du monde protestant contre les catholiques, de l&rsquo;Irlande \u00e1 la Pologne.<\/p>\n<p>Ce morceau de bravoure est savamment construit:<\/p>\n<ul>\n<li>description vive des malheurs du temps,<\/li>\n<li>interpellation \u00e1 la conscience des pr\u00eatres, dont la foi se contente de paroles,<\/li>\n<li>et stimulation \u00e1 l&rsquo;ardeur missionnaire. Il m\u00e9rite d&rsquo;\u00eatre cit\u00e9 en entier: XI, 200-203; E. 156-159.<\/li>\n<\/ul>\n<p>Je renouvelle la recommandation que j&rsquo;ai faite et qu&rsquo;on ne saurait assez faire, de prier pour la paix, afin qu&rsquo;il plaise \u00e1 Dieu r\u00e9unir les cacheurs des princes chr\u00e9tiens. La guerre est par tous les royaumes catholiques: guerre en France, en Espagne, en Italie, en Allemagne, en Su\u00e9d\u00e9, en Pologne, attaqu\u00e9e par trois endroits, en Hiberniez, jusque dans les pauvres montagnes et rochers presqu&rsquo;inhabitables. L&rsquo;\u00c9cosse n&rsquo;est gu\u00e8re mieux; l&rsquo;Angleterre, on sait l&rsquo;\u00e9tat d\u00e9plorable o6 elle est. Guerre partout, mis\u00e8re partout. En France, tant de gens souffrent! O Sauveur! O Sauveur! Si, pour quatre mois que nous avons eu ici la guerre, nous avons eu tant de mis\u00e8re au cacheur de la France, Oit les vivres abondaient de toutes parts, que peuvent faire ces pauvres gens des fronti\u00e8res, qui sont dans ces mis\u00e8res depuis vingt ans? Oui, il y a bien vingt ans qu &lsquo;ils ont toujours la guerre; s&rsquo;ils ont rem\u00e9, ils ne sont pas assur\u00e9s de recueillir; les arm\u00e9es viennent, qui pillent, qui enl\u00e9vent; et ce que le soldat n&rsquo;a pas pris, les sergents le prennent et l&#8217;emportent. Apr\u00e9s cela, que faire? Que devenir? Il faut mourir. S&rsquo;il y a une vraie religion&#8230; qu&rsquo;ai-je dit, mis\u00e9rable!&#8230; s&rsquo;il y a une vraie religion! Dieu me le par- darme! je parle mat\u00e9riellement. C&rsquo;est parmi eux, c&rsquo;est en ces pau\u00advres gens que se conserve la vraie religion, une foi vive; ils croient simplement, sans \u00e9plucher; soumission aux ordres, patience dans l&rsquo;ex\u00adtr\u00e9mit\u00e9 des mis\u00e8res \u00e1 souffrir tant qu&rsquo;il plait \u00e1 Dieu, les uns pour les guerres, les autres \u00e1 travailler le long du jour \u00e1 la grande ardeur du soleil; pauvres vignerons, qui nous donnent leur travail, qui s&rsquo;attendent \u00e1 ce que nous prierons pour eux, tandis qu &lsquo;ils se fatiguent pour nous no urrir !<\/p>\n<p>On cherche l&rsquo;ombre; on ne voudrait pas sortir au solea; nous aimons si fort nos aises! En mission du moins on est dans l&rsquo;\u00e9glise \u00e1 couvert des injures du temps, de l&rsquo;ardeur du soleil, de la pluie, auxquel\u00adles ces pauvres gens sont expos\u00e9s.<\/p>\n<p>Et nous crions \u00e1 l&rsquo;aide si l&rsquo;on nous donne un tant soit peu plus d&rsquo;occupation qu&rsquo;\u00e1 l&rsquo;ordinaire. Ma chambre, mes livres, ma messe! Encore pour cela, baste! Est-ce l\u00e1 \u00eatre missionnaire, d&rsquo;avoir tou\u00adtes ses aises? Dieu nous sert ici de pourvoyeur, il nous fournit tous nos besoins et plus que tous nos besoins, il nous donne la suffisance et au deld. Je ne sais si nous songeons assez \u00e1 le remercier. Nous vivons du patrimoine de J\u00e9sus-Christ, de la sueur des pauvres gens. Nous devrions toujours penser quand nous allons au r\u00e9fectoire: \u00ab\u00a0Ai-je gagn\u00e9 la nourriture que je vais prendre?\u00a0\u00bb. J&rsquo;ai souvent cette pens\u00e9e, qui me fait entrer en confusion: \u00ab\u00a0Miserable, as-tu gagn\u00e9 le pain que tu vas manger, ce pain qui te vient du travail des pauvres?\u00a0\u00bb. Au moins, si nous ne le gagnons pas comme eux, prions pour leurs besoins. Bos cognovit pos\u00adsessorem suum (Isaie 1,3): les b\u00e9t\u00e9s reconnaissent ceux qui les nour\u00adrissent. Les pauvres nous nourrissent; prions Dieu pour eux; et qui ne se passe pas de jour que nous ne les offrions \u00e1 Notre-Seigneur, afin qu&rsquo;il lui plaise leur faire la gr\u00e2ce de faire bon usage de leurs souffrances.<\/p>\n<p>Je disais&#8230; que dis-je, mis\u00e9rable! On disait derni\u00e8rement que Dieu s&rsquo;attend aux pr\u00eatres pour arr\u00eater sa col\u00e8re; i1 s&rsquo;attend \u00e1 ce qu&rsquo;ils se mettront entre lui et ces pauvres gens, comme d&rsquo;autres Moise, pour l&rsquo;obliger \u00e1 les d\u00e9livrer des maux caus\u00e9s par leur ignorance et par leurs p\u00e8ches, et qu&rsquo;ils ne souffriraient peut-\u00eatre pas, s&rsquo;ils \u00e9taient instruits et si l&rsquo;on travaillait \u00e1 leur conversion. C&rsquo;est aux pr\u00eatres \u00e1 le faire. Ces pauvres gens nous donnent leur bien pour cela; tandis qu&rsquo;ils travaillent; qu&rsquo;ils bataillent contre les mis\u00e8res, nous sommes les Moise qui devons continuellement lever les mains au ciel pour eux. Nous sommes les auteurs, s&rsquo;ils souffrent pour leur ignorance et pour leurs p\u00e9ch\u00e9s; c&rsquo;est donc nous qui sommes coupables de tout ce qu&rsquo;ils souf\u00adfrent, si nous ne sacrifions toute notre vie pour les instruire.<\/p>\n<p>M. Duval, grand docteur de l&rsquo;\u00c9glise, disait qu&rsquo;un eccl\u00e9siastique <strong>doit <\/strong><strong>avoir plus de besogne qu&rsquo;il n&rsquo;en peut faire; <\/strong>car, d\u00e8s que la b\u00e2tardise (fain\u00e9antise) et l&rsquo;oisivet\u00e9 s&#8217;emparent d&rsquo;un eccl\u00e9siastique, tous les vices accourent de tous c\u00f4t\u00e9s: tentations d&rsquo;impuret\u00e9 et tant d&rsquo;autres! Oserai-je dire? 11 y faut penser; cela se pr\u00e9sentera peut-\u00eatre quel qu\u2019autre fois. O <strong>Sauveur, 6 mon bon Sauveur, plaise \u00e1 votre divine bont\u00e9 d\u00e9livrer <\/strong><strong>la Mission de cet esprit de b\u00e2tardise, <\/strong>de recherche de ses propres aises, <strong>et lui donner un z\u00e9l\u00e9 ardent pour votre gloire, qui fera <\/strong><strong>embrasser tout avec joie et qui ne lui fasse jamais refuser Vocea\u00adsiorz de vous servir! <\/strong>Nous sommes faits pour cela; et un missionnaire, un vrai missionnaire, un homme de Dieu, un homme qui a l&rsquo;esprit de Dieu, tout lui doit \u00eatre bon et indiff\u00e9rent; il embrasse tout, il peut tout; \u00e1 plus forte raison, une Compagnie, une congr\u00e9gation peut tout, \u00e9tant anim\u00e9e et port\u00e9e par l&rsquo;esprit de Dieu.<\/p>\n<p>Ces lignes sont un peu longues, mais on y sent tout le souffle missionnaire qui ressort de la contemplation des mis\u00e8res des pauvres gens, en m\u00e9m\u00e9 temps que tout l&rsquo;art d&rsquo;un orateur.<\/p>\n<p><strong>\u00a0<\/strong><\/p>\n<p align=\"center\"><strong>Il nous a laiss\u00e9 lui-m\u00eame<\/strong><\/p>\n<p align=\"center\"><strong>DES R\u00c9SUM\u00c9S SYNTH\u00c9TIQUES DE SES VUES<\/strong><\/p>\n<p>Il savait les condenser et les synth\u00e9tiser lorsque, dans ses entre\u00adtiens aux Dames ou aux Filles de la Charit\u00e9, il exposait les motifs de leur vie de service. Citons le canevas d&rsquo;un entretien d&rsquo;avril 1640 aux Dames de la Charit\u00e9, sur le service des pauvres malades de FM<sup>&#8211;<\/sup>lel\u00adDieu et des Enfants Trouv\u00e9s: XIII 781.<\/p>\n<p><strong>Les motifs pour s&rsquo;affectiorzner \u00e1 ce bon ceuvre sont:<\/strong><\/p>\n<p>Que, visitant les pauvres de l&rsquo;H\u00f3tel-Dieu et ces pauvres<\/p>\n<p>(Enfants), <strong>vous visitez Dieu m\u00e9m\u00e9 en eux; <\/strong>et le service que vous leur rendez, c&rsquo;est \u00e1 Dieu m\u00e9m\u00e9. Cum ipso sum in tribu\u00adlatione (Je suis avec lui dans sa tribulation) (Ps 90[91115).<\/p>\n<p>Que <strong>vous faites voir et sentir la bont\u00e9 de Dieu par la v\u00f4tre \u00e1 ces bonnes gens, <\/strong>et le faites glorifier; et c&rsquo;est pour cela qu&rsquo;il vous recommande de visiter les pauvres; ut glorifient Patrem vestrum (pour Qu&rsquo;ils glorifient votre P\u00e8re) (Mt 5,16).<\/p>\n<p>3. <strong>Vous coop\u00e9rez au salut de ces pauvres am\u00e9s avec J\u00e9sus-<\/strong><strong>Christ, <\/strong>procurant qu&rsquo;ils soient instruits, fassent une confes\u00adsion g\u00e9n\u00e9rale et partent de ce monde en bon \u00e9tat, ou sortent gu\u00e9ris de l&rsquo;H\u00f4tel-Dieu en bon \u00e9tat.<\/p>\n<p>4. Vous \u00e9difiez toute l&rsquo;\u00c9glise en voyant que vous vous appli\u00adquez avec tant de bont\u00e9 \u00e1 l&rsquo;assistance des pauvres (etc.).<\/p>\n<p align=\"center\"><strong>Son disciple Bossuet proclamera<\/strong><\/p>\n<p align=\"center\"><strong>LA CONCLUSION: L&rsquo;\u00c9GLISE EST LA VILLE DES PAUVRES<\/strong><\/p>\n<p>Nous n&rsquo;avons apparemment plus de texte o\u00f9 M. Vincent dit cela explicitement. Mais fi reste un texte magnifique et tr\u00e8s fort <strong>de Bos\u00ad<\/strong><strong>suet, <\/strong>qui a \u00e9t\u00e9 Pr\u00eatre des Mardis, impr\u00e9gn\u00e9 de l&rsquo;esprit vicentine, qui a pr\u00each\u00e9 au pauvre peuple \u00e1 Metz, et qui, l&rsquo;ann\u00e9e de son arriv\u00e9e \u00e1 Paris, en 1659, a donn\u00e9 son c\u00e9l\u00e9br\u00e9 <strong>\u00ab\u00a0sermon sur l&rsquo;\u00e9minente dignit\u00e9 des pauvres dans l&rsquo;\u00c9glise\u00a0\u00bb&#8230;<\/strong><\/p>\n<p>Voici deux des passages les plus forts de ce sermon: (vers le milieu du I er point, et vers le d\u00e9but du 2\u00b0 tiers du 2\u00b0 point. Je les al cit\u00e9s dans le chapitre sur Saint Vincent du livre collectif \u00ab\u00a0Les pau\u00advres, un d\u00e9fi pour l&rsquo;Eglise\u00a0\u00bb). L&rsquo;\u00c9GLISE DE J\u00c9SUS-CHRIST EST VERI\u00adTABLEMENT LA VILLE DES PAUVRES. Les riches, je ne crains point de le dire, en cette qualit\u00e9 de riches, car il faut parler correctement, \u00e9tant de la suite du monde, \u00e9tant pour ainsi dire marqu\u00e9s \u00e1 son coin, n&rsquo;y sont soufferts que par tol\u00e9rance, et c&rsquo;est aux pauvres et aux indigents, qui portent la marque des fils de Dieu, qu&rsquo;il appartient proprement d&rsquo;y \u00eatre re\u00e7us&#8230;<\/p>\n<p>Venez donc, 6 riches, dans son \u00c9glise; la porte enfin vous en est ouverte; mais elle vous est ouverte en faveur des pauvres et \u00e1 conditions de les servir. C&rsquo;est pour l&rsquo;amour de ses enfants qu&rsquo;il permet l&rsquo;entr\u00e9e \u00e1 ces \u00e9trangers.<\/p>\n<p>Voyez le miracle de la pauvret\u00e9! LES RICHES \u00c9TAIENT \u00c9TRAN\u00adGERS, MAIS LE SERVICE DES PAUVRES LES NATURALISE et leur sert \u00e1 expier la contagion qu&rsquo;il contractent parmi leurs richesses. Par cons\u00e9quent, 6 riches du si\u00e8cle, prenez tant qu&rsquo;il vous plaira des titres superbes, vous les pouvez porter dans le monde: DANS L&rsquo;\u00c9GLISE DE JESUS-CHRIST, VOUS \u00c9TES SEULEMENT SERVITEURS DES PAU\u00adVRES.<\/p>\n<p>On y retrouve des mots de Saint Vincent: \u00ab\u00a0serviteurs des pau\u00advres\u00a0\u00bb, et m\u00e9m\u00e9 sa pens\u00e9e. Et nous venons de l&rsquo;entendre s&rsquo;exclamer, ce 24 juillet 1655: XI 200-201; E. 157.<\/p>\n<p>SIL Y A UNE VRAIE RELIGION&#8230; qu&rsquo;ai-je dit, mis\u00e9rable!&#8230; s&rsquo;il y a une vraie religion! Dieu me le pardonne! Je parle mat\u00e9riellement. C&rsquo;EST PARMI EUX, C&rsquo;EST EN CES PAUVRES GENS QUE SE CON\u00adSERVE LA VRAIE RELIGION, UNE FOI VIVE&#8230;<\/p>\n<p>Bref, nous pouvons croire que M. Vincent a trouv\u00e9 dans ce Bos\u00adsuet-l\u00e0 un porte-parole g\u00e9nial.<\/p>\n<p><strong>C&rsquo;EST TOUT CELA QUI LE STIMULE <\/strong><strong>POUR LA MISSION, et pour une Mission qu&rsquo;on ne peut faire qu&rsquo;ensemble, en \u00e9quipes de Pr\u00eatres en coop\u00e9ration avec les fid\u00e8les. En effet, ce service spirituel et corporel des pauvres, qui est la mission du Christ J\u00e9sus, nous avons \u00e1 le recevoir et \u00e1 Exercer en \u00c9glise<\/strong><\/p>\n<p>Ceci \u00e9galement est une conviction de M. Vincent. Toujours s&rsquo;est voulu reli\u00e9 aux Ev\u00eaques et il a r\u00e9p\u00e9t\u00e9 que nul ne peut s&rsquo;arroger un emploi, Toujours aussi il a voulu agir en concertation et en col\u00adlaboration. Pr\u00eatres ou la\u00efcs doivent recevoir mission, et agir en lien avec le Pape, les Ev\u00eaques, les cur\u00e9s, et ensemble.<\/p>\n<p>C&rsquo;est ici le lieu de citer la partie omise dans la lettre de 1631 \u00e1 Mr du Coudray: I, 1 15-1 1 6.<\/p>\n<p><strong>Pour ce faire, il faut vivre en congr\u00e9gation (= <\/strong>en association) et observer cinq choses comme fondamentales de ce dessein:<\/p>\n<p>1\u00b0 de <strong>laisser le pouvoir aux \u00e9v\u00eaques d&rsquo;envoyer les missionnai\u00adres <\/strong>(dans) la part de leur dioc\u00e8se qu&rsquo;il leur plaira;<\/p>\n<p>2\u00b0 que lesdits pr\u00eatres soient <strong>soumis aux cur\u00e9s o\u00f9 ils iront faire <\/strong><strong>la mission, <\/strong>pendant le temps d&rsquo;icelle;<\/p>\n<p>3\u00b0 qu&rsquo;ils ne prennent rien de ces pauvres gens, mais qu&rsquo;ils vivent \u00e1 leurs (propres) d\u00e9pens;<\/p>\n<p>4\u00b0 qu&rsquo;ils ne pr\u00eachent, ni cat\u00e9chisent, ni confessent dans les villes o\u00f9 il y a archev\u00each\u00e9, \u00e9v\u00each\u00e9 ou pr\u00e9sidial, except\u00e9 les ordinands et ceux qui feront les exercices dans la maison;<\/p>\n<p>5\u00b0 que le sup\u00e9rieur de la compagnie ait l&rsquo;enti\u00e8re direction d&rsquo;icelle; et que ces cinq maximes doivent \u00eatre comme fondamentales de cette congr\u00e9gation.<\/p>\n<p>Bien plus tard, lorsque l&rsquo;Europe envoie des ap\u00f4tres dans les conti\u00adnents o\u00f9 l&rsquo;Eglise n&rsquo;est pas encore organis\u00e9e, il \u00e9crira \u00e1 un confr\u00e8re, le 3 mai 1652, \u00e1 propos d&rsquo;un projet d&rsquo;envoi en Am\u00e9rique du Nord: (IV, 377).<\/p>\n<p>Il est bon [\u2026] d&rsquo;envoyer de nos pr\u00eatres pour la conversion des infid\u00e8les, mais cela s&rsquo;entend QUAND ILS ONT UNE L\u00c9GITIME MISSION.<\/p>\n","protected":false},"excerpt":{"rendered":"<p>Introduction Le but de cette session est de montrer l&rsquo;actualit\u00e9 de la vis\u00e9e de l&rsquo;Institut en retrouvant ce qui a dynamis\u00e9 les fondateurs, ce qui les a pouss\u00e9s \u00e1 la mission. Et l&rsquo;on me demande &#8230; <a href=\"https:\/\/vincentians.com\/fr\/itineraire-de-monsieur-vincent-des-malheurs-du-temps-a-la-mission-i\/\" class=\"more-link\">Read More<\/a><\/p>\n","protected":false},"author":4,"featured_media":104112,"comment_status":"open","ping_status":"open","sticky":false,"template":"","format":"standard","meta":{"jetpack_post_was_ever_published":false,"_jetpack_newsletter_access":"","_jetpack_dont_email_post_to_subs":false,"_jetpack_newsletter_tier_id":0,"_jetpack_memberships_contains_paywalled_content":false,"_jetpack_memberships_contains_paid_content":false,"footnotes":"","jetpack_publicize_message":"","jetpack_publicize_feature_enabled":true,"jetpack_social_post_already_shared":true,"jetpack_social_options":{"image_generator_settings":{"template":"highway","default_image_id":0,"font":"","enabled":false},"version":2}},"categories":[128],"tags":[],"class_list":["post-99260","post","type-post","status-publish","format-standard","has-post-thumbnail","hentry","category-au-temps-de-vincent-de-paul"],"yoast_head":"<!-- This site is optimized with the Yoast SEO plugin v26.3 - https:\/\/yoast.com\/wordpress\/plugins\/seo\/ -->\n<title>Itin\u00e9raire de Monsieur Vincent. Des Malheurs du temps \u00e1 la Mission (I) - Nous Sommes Vincentiens<\/title>\n<meta name=\"robots\" content=\"index, follow, max-snippet:-1, max-image-preview:large, max-video-preview:-1\" \/>\n<link rel=\"canonical\" href=\"https:\/\/vincentians.com\/fr\/itineraire-de-monsieur-vincent-des-malheurs-du-temps-a-la-mission-i\/\" \/>\n<meta property=\"og:locale\" content=\"fr_FR\" \/>\n<meta property=\"og:type\" content=\"article\" \/>\n<meta property=\"og:title\" content=\"Itin\u00e9raire de Monsieur Vincent. Des Malheurs du temps \u00e1 la Mission (I) - Nous Sommes Vincentiens\" \/>\n<meta property=\"og:description\" content=\"Introduction Le but de cette session est de montrer l&rsquo;actualit\u00e9 de la vis\u00e9e de l&rsquo;Institut en retrouvant ce qui a dynamis\u00e9 les fondateurs, ce qui les a pouss\u00e9s \u00e1 la mission. Et l&rsquo;on me demande ... Read More\" \/>\n<meta property=\"og:url\" content=\"https:\/\/vincentians.com\/fr\/itineraire-de-monsieur-vincent-des-malheurs-du-temps-a-la-mission-i\/\" \/>\n<meta property=\"og:site_name\" content=\"Nous Sommes Vincentiens\" \/>\n<meta property=\"article:publisher\" content=\"https:\/\/www.facebook.com\/WeAreVincentians\/\" \/>\n<meta property=\"article:author\" content=\"https:\/\/www.facebook.com\/JavierChento\" \/>\n<meta property=\"article:published_time\" content=\"2015-05-12T10:26:26+00:00\" \/>\n<meta name=\"author\" content=\"Francisco Javier Fern\u00e1ndez Chento\" \/>\n<meta name=\"twitter:card\" content=\"summary_large_image\" \/>\n<meta name=\"twitter:creator\" content=\"@https:\/\/twitter.com\/javierchento\" \/>\n<meta name=\"twitter:site\" content=\"@WeVincentians\" \/>\n<meta name=\"twitter:label1\" content=\"\u00c9crit par\" \/>\n\t<meta name=\"twitter:data1\" content=\"Francisco Javier Fern\u00e1ndez Chento\" \/>\n\t<meta name=\"twitter:label2\" content=\"Dur\u00e9e de lecture estim\u00e9e\" \/>\n\t<meta name=\"twitter:data2\" content=\"20 minutes\" \/>\n<script type=\"application\/ld+json\" class=\"yoast-schema-graph\">{\"@context\":\"https:\/\/schema.org\",\"@graph\":[{\"@type\":\"WebPage\",\"@id\":\"https:\/\/vincentians.com\/fr\/itineraire-de-monsieur-vincent-des-malheurs-du-temps-a-la-mission-i\/\",\"url\":\"https:\/\/vincentians.com\/fr\/itineraire-de-monsieur-vincent-des-malheurs-du-temps-a-la-mission-i\/\",\"name\":\"Itin\u00e9raire de Monsieur Vincent. Des Malheurs du temps \u00e1 la Mission (I) - Nous Sommes Vincentiens\",\"isPartOf\":{\"@id\":\"https:\/\/vincentians.com\/fr\/#website\"},\"primaryImageOfPage\":{\"@id\":\"https:\/\/vincentians.com\/fr\/itineraire-de-monsieur-vincent-des-malheurs-du-temps-a-la-mission-i\/#primaryimage\"},\"image\":{\"@id\":\"https:\/\/vincentians.com\/fr\/itineraire-de-monsieur-vincent-des-malheurs-du-temps-a-la-mission-i\/#primaryimage\"},\"thumbnailUrl\":\"\",\"datePublished\":\"2015-05-12T10:26:26+00:00\",\"author\":{\"@id\":\"https:\/\/vincentians.com\/fr\/#\/schema\/person\/9623ef4d9aa3b2dfb8c061f1499288f2\"},\"breadcrumb\":{\"@id\":\"https:\/\/vincentians.com\/fr\/itineraire-de-monsieur-vincent-des-malheurs-du-temps-a-la-mission-i\/#breadcrumb\"},\"inLanguage\":\"fr-FR\",\"potentialAction\":[{\"@type\":\"ReadAction\",\"target\":[\"https:\/\/vincentians.com\/fr\/itineraire-de-monsieur-vincent-des-malheurs-du-temps-a-la-mission-i\/\"]}]},{\"@type\":\"ImageObject\",\"inLanguage\":\"fr-FR\",\"@id\":\"https:\/\/vincentians.com\/fr\/itineraire-de-monsieur-vincent-des-malheurs-du-temps-a-la-mission-i\/#primaryimage\",\"url\":\"\",\"contentUrl\":\"\"},{\"@type\":\"BreadcrumbList\",\"@id\":\"https:\/\/vincentians.com\/fr\/itineraire-de-monsieur-vincent-des-malheurs-du-temps-a-la-mission-i\/#breadcrumb\",\"itemListElement\":[{\"@type\":\"ListItem\",\"position\":1,\"name\":\"Portada\",\"item\":\"https:\/\/vincentians.com\/fr\/\"},{\"@type\":\"ListItem\",\"position\":2,\"name\":\"Itin\u00e9raire de Monsieur Vincent. Des Malheurs du temps \u00e1 la Mission (I)\"}]},{\"@type\":\"WebSite\",\"@id\":\"https:\/\/vincentians.com\/fr\/#website\",\"url\":\"https:\/\/vincentians.com\/fr\/\",\"name\":\"Nous Sommes Vincentiens\",\"description\":\"Know more to serve more\",\"potentialAction\":[{\"@type\":\"SearchAction\",\"target\":{\"@type\":\"EntryPoint\",\"urlTemplate\":\"https:\/\/vincentians.com\/fr\/?s={search_term_string}\"},\"query-input\":{\"@type\":\"PropertyValueSpecification\",\"valueRequired\":true,\"valueName\":\"search_term_string\"}}],\"inLanguage\":\"fr-FR\"},{\"@type\":\"Person\",\"@id\":\"https:\/\/vincentians.com\/fr\/#\/schema\/person\/9623ef4d9aa3b2dfb8c061f1499288f2\",\"name\":\"Francisco Javier Fern\u00e1ndez Chento\",\"image\":{\"@type\":\"ImageObject\",\"inLanguage\":\"fr-FR\",\"@id\":\"https:\/\/vincentians.com\/fr\/#\/schema\/person\/image\/\",\"url\":\"https:\/\/secure.gravatar.com\/avatar\/497d5cde87b4c3d097d0315953521681ba2cd523ee66e5077c3711f7021e65de?s=96&d=mm&r=g\",\"contentUrl\":\"https:\/\/secure.gravatar.com\/avatar\/497d5cde87b4c3d097d0315953521681ba2cd523ee66e5077c3711f7021e65de?s=96&d=mm&r=g\",\"caption\":\"Francisco Javier Fern\u00e1ndez Chento\"},\"description\":\"Director General y cofundador de La Red de Formaci\u00f3n Vicenciana. Javier es laico vicenciano, afiliado a la Congregaci\u00f3n de la Misi\u00f3n y miembro del Equipo de Misiones Populares de la provincia can\u00f3nica de Zaragoza (Espa\u00f1a) de la Congregaci\u00f3n de la Misi\u00f3n. Graduado en la Universidad Oberta de Catalunya con cuatro grados (Asistente de direcci\u00f3n, Gesti\u00f3n Administrativa, Recursos Humanos y Contabilidad Avanzada). Bil\u00edng\u00fce Espa\u00f1ol\/Ingl\u00e9s. gestiona y mantiene varias p\u00e1ginas web cristianas y vicencianas, incluida including La Red de Formaci\u00f3n Vicenciana, de la que es cofundador. Actualmente es responsable del \u00e1rea de Espa\u00f1ol de .famvin, la Red de Noticias de la Familia Vicenciana. Tambi\u00e9n es m\u00fasico cat\u00f3lico y ha editado varios discos. Es Director General y cofundador de Trovador, una reconocida compa\u00f1\u00eda discogr\u00e1fica critiana de Espa\u00f1a. Trabaja en las Tecnolog\u00edas de la Informaci\u00f3n, ofreciendo servicios de alojamiento, dise\u00f1o y mantenimiento Web, as\u00ed como asesoramiento, formaci\u00f3n y soluciones inform\u00e1ticas, gesti\u00f3n documental y digitalizaci\u00f3n de textos, edici\u00f3n y maquetaci\u00f3n de libros, revistas, flyers, etc.\",\"sameAs\":[\"http:\/\/chento.org\",\"https:\/\/www.facebook.com\/JavierChento\",\"https:\/\/x.com\/https:\/\/twitter.com\/javierchento\"],\"url\":\"https:\/\/vincentians.com\/fr\/author\/chento\/\"}]}<\/script>\n<!-- \/ Yoast SEO plugin. -->","yoast_head_json":{"title":"Itin\u00e9raire de Monsieur Vincent. Des Malheurs du temps \u00e1 la Mission (I) - Nous Sommes Vincentiens","robots":{"index":"index","follow":"follow","max-snippet":"max-snippet:-1","max-image-preview":"max-image-preview:large","max-video-preview":"max-video-preview:-1"},"canonical":"https:\/\/vincentians.com\/fr\/itineraire-de-monsieur-vincent-des-malheurs-du-temps-a-la-mission-i\/","og_locale":"fr_FR","og_type":"article","og_title":"Itin\u00e9raire de Monsieur Vincent. Des Malheurs du temps \u00e1 la Mission (I) - Nous Sommes Vincentiens","og_description":"Introduction Le but de cette session est de montrer l&rsquo;actualit\u00e9 de la vis\u00e9e de l&rsquo;Institut en retrouvant ce qui a dynamis\u00e9 les fondateurs, ce qui les a pouss\u00e9s \u00e1 la mission. Et l&rsquo;on me demande ... Read More","og_url":"https:\/\/vincentians.com\/fr\/itineraire-de-monsieur-vincent-des-malheurs-du-temps-a-la-mission-i\/","og_site_name":"Nous Sommes Vincentiens","article_publisher":"https:\/\/www.facebook.com\/WeAreVincentians\/","article_author":"https:\/\/www.facebook.com\/JavierChento","article_published_time":"2015-05-12T10:26:26+00:00","author":"Francisco Javier Fern\u00e1ndez Chento","twitter_card":"summary_large_image","twitter_creator":"@https:\/\/twitter.com\/javierchento","twitter_site":"@WeVincentians","twitter_misc":{"\u00c9crit par":"Francisco Javier Fern\u00e1ndez Chento","Dur\u00e9e de lecture estim\u00e9e":"20 minutes"},"schema":{"@context":"https:\/\/schema.org","@graph":[{"@type":"WebPage","@id":"https:\/\/vincentians.com\/fr\/itineraire-de-monsieur-vincent-des-malheurs-du-temps-a-la-mission-i\/","url":"https:\/\/vincentians.com\/fr\/itineraire-de-monsieur-vincent-des-malheurs-du-temps-a-la-mission-i\/","name":"Itin\u00e9raire de Monsieur Vincent. Des Malheurs du temps \u00e1 la Mission (I) - Nous Sommes Vincentiens","isPartOf":{"@id":"https:\/\/vincentians.com\/fr\/#website"},"primaryImageOfPage":{"@id":"https:\/\/vincentians.com\/fr\/itineraire-de-monsieur-vincent-des-malheurs-du-temps-a-la-mission-i\/#primaryimage"},"image":{"@id":"https:\/\/vincentians.com\/fr\/itineraire-de-monsieur-vincent-des-malheurs-du-temps-a-la-mission-i\/#primaryimage"},"thumbnailUrl":"","datePublished":"2015-05-12T10:26:26+00:00","author":{"@id":"https:\/\/vincentians.com\/fr\/#\/schema\/person\/9623ef4d9aa3b2dfb8c061f1499288f2"},"breadcrumb":{"@id":"https:\/\/vincentians.com\/fr\/itineraire-de-monsieur-vincent-des-malheurs-du-temps-a-la-mission-i\/#breadcrumb"},"inLanguage":"fr-FR","potentialAction":[{"@type":"ReadAction","target":["https:\/\/vincentians.com\/fr\/itineraire-de-monsieur-vincent-des-malheurs-du-temps-a-la-mission-i\/"]}]},{"@type":"ImageObject","inLanguage":"fr-FR","@id":"https:\/\/vincentians.com\/fr\/itineraire-de-monsieur-vincent-des-malheurs-du-temps-a-la-mission-i\/#primaryimage","url":"","contentUrl":""},{"@type":"BreadcrumbList","@id":"https:\/\/vincentians.com\/fr\/itineraire-de-monsieur-vincent-des-malheurs-du-temps-a-la-mission-i\/#breadcrumb","itemListElement":[{"@type":"ListItem","position":1,"name":"Portada","item":"https:\/\/vincentians.com\/fr\/"},{"@type":"ListItem","position":2,"name":"Itin\u00e9raire de Monsieur Vincent. Des Malheurs du temps \u00e1 la Mission (I)"}]},{"@type":"WebSite","@id":"https:\/\/vincentians.com\/fr\/#website","url":"https:\/\/vincentians.com\/fr\/","name":"Nous Sommes Vincentiens","description":"Know more to serve more","potentialAction":[{"@type":"SearchAction","target":{"@type":"EntryPoint","urlTemplate":"https:\/\/vincentians.com\/fr\/?s={search_term_string}"},"query-input":{"@type":"PropertyValueSpecification","valueRequired":true,"valueName":"search_term_string"}}],"inLanguage":"fr-FR"},{"@type":"Person","@id":"https:\/\/vincentians.com\/fr\/#\/schema\/person\/9623ef4d9aa3b2dfb8c061f1499288f2","name":"Francisco Javier Fern\u00e1ndez Chento","image":{"@type":"ImageObject","inLanguage":"fr-FR","@id":"https:\/\/vincentians.com\/fr\/#\/schema\/person\/image\/","url":"https:\/\/secure.gravatar.com\/avatar\/497d5cde87b4c3d097d0315953521681ba2cd523ee66e5077c3711f7021e65de?s=96&d=mm&r=g","contentUrl":"https:\/\/secure.gravatar.com\/avatar\/497d5cde87b4c3d097d0315953521681ba2cd523ee66e5077c3711f7021e65de?s=96&d=mm&r=g","caption":"Francisco Javier Fern\u00e1ndez Chento"},"description":"Director General y cofundador de La Red de Formaci\u00f3n Vicenciana. Javier es laico vicenciano, afiliado a la Congregaci\u00f3n de la Misi\u00f3n y miembro del Equipo de Misiones Populares de la provincia can\u00f3nica de Zaragoza (Espa\u00f1a) de la Congregaci\u00f3n de la Misi\u00f3n. Graduado en la Universidad Oberta de Catalunya con cuatro grados (Asistente de direcci\u00f3n, Gesti\u00f3n Administrativa, Recursos Humanos y Contabilidad Avanzada). Bil\u00edng\u00fce Espa\u00f1ol\/Ingl\u00e9s. gestiona y mantiene varias p\u00e1ginas web cristianas y vicencianas, incluida including La Red de Formaci\u00f3n Vicenciana, de la que es cofundador. Actualmente es responsable del \u00e1rea de Espa\u00f1ol de .famvin, la Red de Noticias de la Familia Vicenciana. Tambi\u00e9n es m\u00fasico cat\u00f3lico y ha editado varios discos. Es Director General y cofundador de Trovador, una reconocida compa\u00f1\u00eda discogr\u00e1fica critiana de Espa\u00f1a. Trabaja en las Tecnolog\u00edas de la Informaci\u00f3n, ofreciendo servicios de alojamiento, dise\u00f1o y mantenimiento Web, as\u00ed como asesoramiento, formaci\u00f3n y soluciones inform\u00e1ticas, gesti\u00f3n documental y digitalizaci\u00f3n de textos, edici\u00f3n y maquetaci\u00f3n de libros, revistas, flyers, etc.","sameAs":["http:\/\/chento.org","https:\/\/www.facebook.com\/JavierChento","https:\/\/x.com\/https:\/\/twitter.com\/javierchento"],"url":"https:\/\/vincentians.com\/fr\/author\/chento\/"}]}},"jetpack_publicize_connections":[],"jetpack_featured_media_url":"","jetpack_sharing_enabled":true,"jetpack_shortlink":"https:\/\/wp.me\/p7ETMP-pOY","jetpack-related-posts":[{"id":99264,"url":"https:\/\/vincentians.com\/fr\/itineraire-de-monsieur-vincent-des-malheurs-du-temps-a-la-mission-ii\/","url_meta":{"origin":99260,"position":0},"title":"Itin\u00e9raire de Monsieur Vincent. Des Malheurs du temps \u00e1 la Mission (II)","author":"Francisco Javier Fern\u00e1ndez Chento","date":"13\/05\/2015","format":false,"excerpt":"C - LES GRANDES MIS\u00c9RES, ET LES REM\u00c9DES 1. Un T\u00c9MOIGNAGE GLOBAL: la lettre au Pape Innocent X, le 16 ao\u00fbt 1652 Au plus fort des guerres de la Fronde, M. Vincent, apr\u00e8s \u00eatre intervenu en vain aupr\u00e8s de la Reine et de Mazarin, finit par s'adres\u00adser au Pape: IV\u2026","rel":"","context":"Dans &quot;Au temps de Vincent de Paul&quot;","block_context":{"text":"Au temps de Vincent de Paul","link":"https:\/\/vincentians.com\/fr\/category\/au-temps-de-vincent-de-paul\/"},"img":{"alt_text":"","src":"https:\/\/i0.wp.com\/vincentiens.org\/wp-content\/uploads\/2012\/11\/vicent2-212x300.jpg?resize=350%2C200","width":350,"height":200},"classes":[]},{"id":74152,"url":"https:\/\/vincentians.com\/fr\/fernand-portal-fils-de-saint-vincent-de-paul\/","url_meta":{"origin":99260,"position":1},"title":"Fernand Portal, Fils de Saint Vincent de Paul","author":"Francisco Javier Fern\u00e1ndez Chento","date":"20\/02\/2015","format":false,"excerpt":"\u00abCelui que vous voyez devant vous est un pr\u00eatre fran\u00e7ais, humble fils de saint Vincent de Paul\u00bb. C'est ainsi que Fernand Portal se pr\u00e9sentait, le 13 juillet 1896, \u00e0 Londres, devant une assembl\u00e9e compos\u00e9e en majeure partie de pr\u00eatres anglicans. En mettant ainsi en avant sa carte d'identit\u00e9 vincentienne, recourait-il\u2026","rel":"","context":"Dans &quot;Biographies Lazaristes&quot;","block_context":{"text":"Biographies Lazaristes","link":"https:\/\/vincentians.com\/fr\/category\/biographies-lazaristes\/"},"img":{"alt_text":"","src":"https:\/\/i0.wp.com\/vincentians.com\/fr\/wp-content\/uploads\/sites\/10\/2016\/08\/bio-congregation-of-the-mission.jpg?fit=1200%2C630&ssl=1&resize=350%2C200","width":350,"height":200,"srcset":"https:\/\/i0.wp.com\/vincentians.com\/fr\/wp-content\/uploads\/sites\/10\/2016\/08\/bio-congregation-of-the-mission.jpg?fit=1200%2C630&ssl=1&resize=350%2C200 1x, https:\/\/i0.wp.com\/vincentians.com\/fr\/wp-content\/uploads\/sites\/10\/2016\/08\/bio-congregation-of-the-mission.jpg?fit=1200%2C630&ssl=1&resize=525%2C300 1.5x, https:\/\/i0.wp.com\/vincentians.com\/fr\/wp-content\/uploads\/sites\/10\/2016\/08\/bio-congregation-of-the-mission.jpg?fit=1200%2C630&ssl=1&resize=700%2C400 2x, https:\/\/i0.wp.com\/vincentians.com\/fr\/wp-content\/uploads\/sites\/10\/2016\/08\/bio-congregation-of-the-mission.jpg?fit=1200%2C630&ssl=1&resize=1050%2C600 3x"},"classes":[]},{"id":56454,"url":"https:\/\/vincentians.com\/fr\/saint-vincent-et-la-science\/","url_meta":{"origin":99260,"position":2},"title":"Saint Vincent Et La Science","author":"Francisco Javier Fern\u00e1ndez Chento","date":"12\/11\/2013","format":false,"excerpt":"Saint Vincent se disait volontiers \u00ab un pauvre \u00e9l\u00e8ve de quatri\u00e8me \u00bb, un ignorant. Mais, qui pouvait le croire? Qu'il le voul\u00fbt ou non, sa correspondance, ses entretiens, ses conseils, ses r\u00e9ponses aux questions doctrinales les plus ardues, sa mani\u00e9r\u00e9 d'\u00eatre et de parler, quoique tr\u00e8s simple, tout en lui\u2026","rel":"","context":"Dans &quot;Vincent de Paul&quot;","block_context":{"text":"Vincent de Paul","link":"https:\/\/vincentians.com\/fr\/category\/the-vincentian-family\/founders\/vincent-de-paul\/"},"img":{"alt_text":"","src":"https:\/\/i0.wp.com\/vincentiens.org\/wp-content\/uploads\/2011\/12\/stvincentdepaul_bust-236x300.jpg?resize=350%2C200","width":350,"height":200},"classes":[]},{"id":52020,"url":"https:\/\/vincentians.com\/fr\/saint-vincent-de-paul-et-sa-mission-sociale-i-la-vocation-1\/","url_meta":{"origin":99260,"position":3},"title":"Saint Vincent De Paul Et Sa Mission Sociale. I &#8211; La vocation (1)","author":"Francisco Javier Fern\u00e1ndez Chento","date":"18\/12\/2014","format":false,"excerpt":"L\u2019HOMME ET L\u2019\u0152UVRE \u2014 Le seizi\u00e8me si\u00e8cle et le protestantisme en France. \u2014 Ravages caus\u00e9s par les guerres de religion. \u2014 Changements dans la soci\u00e9t\u00e9. \u2014 Accroissement de la mis\u00e8re. \u2014 L\u2019\u0153uvre nouvelle de la Charit\u00e9. \u2014 Saint Vincent de Paul. \u2014 Sa mission. \u2014 Naissance et premi\u00e8res ann\u00e9es. \u2014\u2026","rel":"","context":"Dans &quot;Vincent de Paul&quot;","block_context":{"text":"Vincent de Paul","link":"https:\/\/vincentians.com\/fr\/category\/the-vincentian-family\/founders\/vincent-de-paul\/"},"img":{"alt_text":"","src":"https:\/\/i0.wp.com\/vincentians.com\/fr\/wp-content\/uploads\/sites\/10\/2016\/07\/vincent-et-sa-action-sociale.jpg?fit=1160%2C630&ssl=1&resize=350%2C200","width":350,"height":200,"srcset":"https:\/\/i0.wp.com\/vincentians.com\/fr\/wp-content\/uploads\/sites\/10\/2016\/07\/vincent-et-sa-action-sociale.jpg?fit=1160%2C630&ssl=1&resize=350%2C200 1x, https:\/\/i0.wp.com\/vincentians.com\/fr\/wp-content\/uploads\/sites\/10\/2016\/07\/vincent-et-sa-action-sociale.jpg?fit=1160%2C630&ssl=1&resize=525%2C300 1.5x, https:\/\/i0.wp.com\/vincentians.com\/fr\/wp-content\/uploads\/sites\/10\/2016\/07\/vincent-et-sa-action-sociale.jpg?fit=1160%2C630&ssl=1&resize=700%2C400 2x, https:\/\/i0.wp.com\/vincentians.com\/fr\/wp-content\/uploads\/sites\/10\/2016\/07\/vincent-et-sa-action-sociale.jpg?fit=1160%2C630&ssl=1&resize=1050%2C600 3x"},"classes":[]},{"id":45335,"url":"https:\/\/vincentians.com\/fr\/saint-vincent-et-les-missions\/","url_meta":{"origin":99260,"position":4},"title":"Saint Vincent et les Missions","author":"Francisco Javier Fern\u00e1ndez Chento","date":"14\/12\/2014","format":false,"excerpt":"Introduction A.- Lorsque nous essayons d'\u00e9tudier le travail missionnaire de Vincent de Paul et de ses premiers compagnons, nous trouvons une v\u00e9ritable mystique de la Mission; alors que nous d\u00e9sirerions que le Saint nous ait donn\u00e9 aussi une doctrine th\u00e9ologique sur ce qui constitue l'objectif de sa vie, sur ce\u2026","rel":"","context":"Dans &quot;Vincent de Paul&quot;","block_context":{"text":"Vincent de Paul","link":"https:\/\/vincentians.com\/fr\/category\/the-vincentian-family\/founders\/vincent-de-paul\/"},"img":{"alt_text":"Vincent de Paul portrait","src":"https:\/\/i0.wp.com\/vincentiens.org\/wp-content\/uploads\/2014\/12\/Vincent-de-Paul-portrait-300x300.jpg?resize=350%2C200","width":350,"height":200},"classes":[]},{"id":52068,"url":"https:\/\/vincentians.com\/fr\/saint-vincent-de-paul-et-sa-mission-sociale-vi-la-posterite-1\/","url_meta":{"origin":99260,"position":5},"title":"Saint Vincent De Paul Et Sa Mission Sociale. VI &#8211; La Post\u00e9rit\u00e9 (1)","author":"Francisco Javier Fern\u00e1ndez Chento","date":"30\/12\/2014","format":false,"excerpt":"L\u2019ACCROISSEMENT. \u2014 Extension des deux familles de saint Vincent de Paul. \u2014 Progr\u00e8s de leurs \u0153uvres. \u2014 Les missions \u00e9trang\u00e8res et les s\u00e9minaires. \u2014 Les successeurs de saint Vincent. \u2014 Congr\u00e9gations religieuses fond\u00e9es sur le mod\u00e8le de la Mission. \u2014 Les Filles de la Charit\u00e9 en France et \u00e0 l\u2019\u00e9tranger.\u2026","rel":"","context":"Dans &quot;Vincent de Paul&quot;","block_context":{"text":"Vincent de Paul","link":"https:\/\/vincentians.com\/fr\/category\/the-vincentian-family\/founders\/vincent-de-paul\/"},"img":{"alt_text":"","src":"https:\/\/i0.wp.com\/vincentians.com\/fr\/wp-content\/uploads\/sites\/10\/2016\/07\/vincent-et-sa-action-sociale.jpg?fit=1160%2C630&ssl=1&resize=350%2C200","width":350,"height":200,"srcset":"https:\/\/i0.wp.com\/vincentians.com\/fr\/wp-content\/uploads\/sites\/10\/2016\/07\/vincent-et-sa-action-sociale.jpg?fit=1160%2C630&ssl=1&resize=350%2C200 1x, https:\/\/i0.wp.com\/vincentians.com\/fr\/wp-content\/uploads\/sites\/10\/2016\/07\/vincent-et-sa-action-sociale.jpg?fit=1160%2C630&ssl=1&resize=525%2C300 1.5x, https:\/\/i0.wp.com\/vincentians.com\/fr\/wp-content\/uploads\/sites\/10\/2016\/07\/vincent-et-sa-action-sociale.jpg?fit=1160%2C630&ssl=1&resize=700%2C400 2x, https:\/\/i0.wp.com\/vincentians.com\/fr\/wp-content\/uploads\/sites\/10\/2016\/07\/vincent-et-sa-action-sociale.jpg?fit=1160%2C630&ssl=1&resize=1050%2C600 3x"},"classes":[]}],"_links":{"self":[{"href":"https:\/\/vincentians.com\/fr\/wp-json\/wp\/v2\/posts\/99260","targetHints":{"allow":["GET"]}}],"collection":[{"href":"https:\/\/vincentians.com\/fr\/wp-json\/wp\/v2\/posts"}],"about":[{"href":"https:\/\/vincentians.com\/fr\/wp-json\/wp\/v2\/types\/post"}],"author":[{"embeddable":true,"href":"https:\/\/vincentians.com\/fr\/wp-json\/wp\/v2\/users\/4"}],"replies":[{"embeddable":true,"href":"https:\/\/vincentians.com\/fr\/wp-json\/wp\/v2\/comments?post=99260"}],"version-history":[{"count":0,"href":"https:\/\/vincentians.com\/fr\/wp-json\/wp\/v2\/posts\/99260\/revisions"}],"wp:featuredmedia":[{"embeddable":true,"href":"https:\/\/vincentians.com\/fr\/wp-json\/"}],"wp:attachment":[{"href":"https:\/\/vincentians.com\/fr\/wp-json\/wp\/v2\/media?parent=99260"}],"wp:term":[{"taxonomy":"category","embeddable":true,"href":"https:\/\/vincentians.com\/fr\/wp-json\/wp\/v2\/categories?post=99260"},{"taxonomy":"post_tag","embeddable":true,"href":"https:\/\/vincentians.com\/fr\/wp-json\/wp\/v2\/tags?post=99260"}],"curies":[{"name":"wp","href":"https:\/\/api.w.org\/{rel}","templated":true}]}}