{"id":57182,"date":"2015-05-16T23:27:36","date_gmt":"2015-05-16T21:27:36","guid":{"rendered":"http:\/\/somos.vicencianos.org\/blog\/2011\/12\/lhistoriographie-vincentienne-selon-les-epoques-culturelles\/"},"modified":"2015-05-16T23:27:36","modified_gmt":"2015-05-16T21:27:36","slug":"lhistoriographie-vincentienne-selon-les-epoques-culturelles","status":"publish","type":"post","link":"https:\/\/vincentians.com\/fr\/lhistoriographie-vincentienne-selon-les-epoques-culturelles\/","title":{"rendered":"L&rsquo;historiographie vincentienne selon les epoques culturelles"},"content":{"rendered":"<p>Dans \u00ab\u00a0Les nouvelles consid\u00e9rations sur l&rsquo;histoire\u00a0\u00bb (1744) Vol\u00adtaire affirmait que l&rsquo;histoire n&rsquo;est pas un genre immuable. Elle d\u00e9pend du progr\u00e8s scientifique g\u00e9n\u00e9ral. C&rsquo;\u00e9tait \u00e0 une intuition trop en avance sur son temps. Et pourtant, cette intuition se trouve amplement con\u00adfirm\u00e9e, par la suite.<\/p>\n<p>Nous en trouvons une preuve \u00e9vidente dans l&rsquo;historiographie vincentienne. Depuis ABELLY jusqu&rsquo;\u00e1 aujourd&rsquo;hui, les biographies de S. Vincent se pr\u00e9sentent comme expression d&rsquo;une culture, d&rsquo;une fa\u00e7on de comprendre l&rsquo;histoire et d&rsquo;interpr\u00e9ter le saint.<\/p>\n<h2>1. <em>&#8211; Saint Vincent \u00e1 l&rsquo;\u00e9poque de l&rsquo;illuminisme: <\/em><strong>PIERRE COLLET<\/strong><\/h2>\n<p><a href=\"https:\/\/i0.wp.com\/vincentiens.org\/wp-content\/uploads\/2012\/12\/sanvicentemosaico.jpg\"><img data-recalc-dims=\"1\" loading=\"lazy\" decoding=\"async\" class=\"alignright size-medium wp-image-104091\" title=\"sanvicentemosaico\" src=\"https:\/\/i0.wp.com\/vincentiens.org\/wp-content\/uploads\/2012\/12\/sanvicentemosaico-213x300.jpg?resize=213%2C300\" alt=\"\" width=\"213\" height=\"300\" \/><\/a>Les Sup\u00e9rieurs de la Congr\u00e9gation, apr\u00e8s la mort de S. Vin\u00adcent, se sont toujours pr\u00e9occup\u00e9s de pr\u00e9server l&rsquo;image du Fondateur de lectures non conformes et d&rsquo;interpr\u00e9tations divergentes de la pens\u00e9e de la Communaut\u00e9.<\/p>\n<p>Vers 1738, on propose \u00e1 Pierre COLLET (1693-1770) mission\u00adnaire de grand renom \u00e1 l&rsquo;\u00e9poque pour son activit\u00e9 de publiciste, d&rsquo;\u00e9crire une biographie de S. Vincent.<\/p>\n<p>COLLET est n\u00e9 \u00e0 Ternay (Loir-et-Cher) le 13 ao\u00fbt 1693. II entre au S\u00e9minaire de Le Mans, confi\u00e9 depuis 1645 \u00e1 la Congr\u00e9ga\u00adtion. A la fin des \u00e9tudes cl\u00e9ricales, avant l&rsquo;ordination, il entra dans la Congr\u00e9gation de la Mission. Il y fit les Voeux le 7 septembre 1719 et fut encuite ordonn\u00e9 pratre. Aussit\u00f4t l&rsquo;ordination il fut charg\u00e9 d&rsquo;en\u00adseigner la th\u00e9ologie, se faisant remarquer, en un moment critique pour les missionnaires fran\u00e7ais, divis\u00e9s \u00e1 propos de l&rsquo;acceptation de la Bulle \u00ab\u00a0Unigenitus\u00a0\u00bb et l&rsquo;appel \u00e1 un Concile, par son z\u00e9l\u00e9 antijan\u00ads\u00e9niste. Il fut professeur de th\u00e9ologie \u00e1 Saint-Lazare, puis en Breta\u00adgne avant de revenir \u00e1 la Maison-M\u00e9r\u00e9, o\u00f9 fi \u00e9tait r\u00e9clam\u00e9 sous la pression de l&rsquo;archev\u00eaque de Paris, Charles de Vintimille. Il fut charg\u00e9, \u00e1 la demande du Cardinal Fleury, alors premier ministre, de mener \u00e1 terme le cours de th\u00e9ologie de Tournely. Il vint \u00e1 Paris en 1731 et acheva l&rsquo;\u0153uvre en 1761. Dans le m\u00eame temps il publia plusieurs ouvrages de th\u00e9ologie, del droit-canon, d&rsquo;histoire et de spiritualit\u00e9. Pour cela il est consid\u00e9r\u00e9 comme l&rsquo;un des formateurs du clerg\u00e9 du XVIII&rsquo; si\u00e8cle. Attaqu\u00e9 durement par la revue jans\u00e9niste \u00ab\u00a0Les nou\u00advelles eccl\u00e9siastiques\u00a0\u00bb il fut consid\u00e9r\u00e9 comme l&rsquo;un des th\u00e9ologiens les plus importants de son \u00e9poque.<\/p>\n<p><em>Bibliographie<\/em><\/p>\n<p>E. ROSSET, \u00ab\u00a0Notices bibliographiques sur les \u00e9crivains de la CM.\u00a0\u00bb 1\u00b0 s. Angou\u00adlbme 1878 pp. 33-81.<\/p>\n<p>P. COSTE, \u00ab\u00a0Monsieur Vincent\u00a0\u00bb T. III pp. 557-561 Paris 1934.<\/p>\n<p>M. SERNOS, \u00ab\u00a0La pastorale des la\u00efcs dans l&rsquo;\u0153uvre de P. COLLET, Lazariste\u00a0\u00bb in \u00ab\u00a0Vincent de Paul\u00a0\u00bb Roma E.L.V. pp. 289-309 (pr\u00e9sentation des \u0153uvres dans l&rsquo;ordre chronologique).<\/p>\n<p>Collet n&rsquo;avait pas beaucoup d&rsquo;aptitude pour le travail histori\u00adque, lui-m\u00eame le confesse: \u00ab\u00a0mon inclination me portait ailleurs\u00a0\u00bb (Pr\u00e9face 1). Fils de son \u00e9poque, il avait des pr\u00e9tentions vaguement encyclop\u00e9diques. Il \u00e9crivait trop et sur tous les sujets.<\/p>\n<p>En tant qu&rsquo;historien de S. Vincent, il a publi\u00e9 <em>\u00ab\u00a0La vie de S. Vin\u00ad<\/em><em>cent de Paul, instituteur de la Congr\u00e9gation de la Mission et des Filles de la Charit\u00e9\u00a0\u00bb \u00e1 <\/em>Nancy, chez A. Lescure, 2 tomes, 1748. Le tome I com\u00adporte (6)-XVIII-588 pages, le tome II, X-616 pages, Entre 1748 et 1899, il y eut 69 \u00e9ditions fran\u00e7aises dont 22 reproduisaient l&rsquo;\u00e9dition abr\u00e9g\u00e9e en un seul volume paru en 1762. Il y eut aussi des traduc\u00adtions italiennes (1761, 1774, 1854, 1856), des traductions espagno\u00adles (1786, 1849) et des traductions anglaises (1846).<\/p>\n<p>L&rsquo;ouvrage se divise en 9 livres;<\/p>\n<p>1 livre: La situation en France. S. Vincent, de sa naissance \u00e1 1617 (Ch\u00e2tillon), diffusion des Charit\u00e9s en France.<\/p>\n<p>2 livre: Du retour de Ch\u00e2tillon \u00e1 la mort de B\u00e9rulle (1629), fon\u00addation de la CM (1625), retraites aux ordinands, premi\u00e8res rencon\u00adtres avec Ste. Louise.<\/p>\n<p>3 livre: La maison de Saint-Lazare, les conf\u00e9rences eccl\u00e9siasti\u00adques: les s\u00e9minaires, la fondation des Filles de la Charit\u00e9, les rap\u00adports avec Saint-Cyran.<\/p>\n<p>4 livre: Les Provinces d\u00e9vast\u00e9es, les grands s\u00e9minaires, Ste Chantal et la Visitation, les diverses activit\u00e9s jusqu&rsquo;\u00e0 la fondation de G\u00e8nes.<\/p>\n<p>5 livre: Madagascar, la Pologne, le Jans\u00e9nisme.<\/p>\n<p>6 livre: Les Missions populaires, la mort de S. Vincent.<\/p>\n<p>7 livre: Les vertus du Saint.<\/p>\n<p>8 livre: L&rsquo;histoire des Missions populaires.<\/p>\n<p>9 livre: Le culte du Saint.<\/p>\n<p>La biographie de Collet est encore tributaire du genre hagio\u00adgraphique. Comme dans \u00ab\u00a0L&rsquo;Histoire de Charles XII\u00a0\u00bb de Voltaire (1731) et dans \u00ab\u00a0History of the Reign of the Emperor Charles the Fifth\u00a0\u00bb (1769) de W. Robertson ( + 1793) la personnalit\u00e9 est \u00e9tudi\u00e9e en fonction d&rsquo;une id\u00e9e. Par analogie avec \u00ab\u00a0Le si\u00e8cle de Louis XIV\u00a0\u00bb de Voltaire oie tout est \u00ab\u00a0sauvage\u00a0\u00bb, c&rsquo;est-\u00e1-dire t\u00e9n\u00e8bres, jusqu&rsquo;au moment oie survient le h\u00e9ros (le Roi Soleil pour Voltaire et, pour Collet, Saint Vincent).<\/p>\n<p>En ce temps, les historiens \u00e9taient encore prisonniers de la vision humaniste, selon laquelle les soci\u00e9t\u00e9s sont model\u00e9es par leurs guides. Pour cette raison, chez Voltaire comme chez Collet, les per\u00adsonnages principaux sont au premier plan, tandis que la foule est rang\u00e9e dans une esp\u00e8ce de tranch\u00e9e \u00e1 leurs pieds. La th\u00e8se de fond de Collet est de mettre en exergue l&rsquo;activit\u00e9 du saint \u00ab\u00a0qui ne s&rsquo;est jamais lass\u00e9 de faire du bien&#8230; qui n&rsquo;avait pas fini une bonne \u0153uvre, qu&rsquo;il en commen\u00e7ait dix autres&#8230; D&rsquo;un saint qui sans sortir de Paris, mettait en mouvement la France et la Grande-Bretagne, l&rsquo;Italie et la Pologne\u00a0\u00bb (Pr\u00e9face II). Pour le biographe, S. Vincent aurait fait plus d&rsquo;aum\u00f4nes dans les trente derni\u00e8res ann\u00e9es que de nombreux souverains ensemble dans un si\u00e8cle. Tandis que vers la fin du si\u00e8cle J. BOSWELL (+ 1795) \u00e9crira un chef-d\u2019\u0153uvre avec la biographie du Dr. JOHNSON dans laquelle il d\u00e9crit l&rsquo;homme vrai et vivant dans la complexit\u00e9 de l&rsquo;existence, dans le changement des attitudes et des sentiments, dans une croissance r\u00e9aliste, Collet nous pr\u00e9sente simplement le saint qui nait tel. Comme le Roi-Proph\u00e8te David, Vin\u00adcent tire de l&rsquo;exp\u00e9rience rurale deux vertus: la vigilance et l&rsquo;humilit\u00e9 (1,6). Mais dans le dernier livre, il suit pas \u00e1 pas Abelly. Sa fa\u00e7on de proc\u00e9der est p\u00e9nible, le projet improvis\u00e9 et le style mauvais. Le choix chronologique est forc\u00e9. Comme le fera remarquer tris juste\u00adment Coste, une vie aussi complexe que celle de M. Vincent ne peut pas \u00eatre \u00e9crite avec le proc\u00e9d\u00e9 d&rsquo;analyse d&rsquo;un L.A. Muratori.<\/p>\n<h2>2. &#8211; <em>Saint Vincent \u00e1 l&rsquo;\u00e9poque du romantisme<\/em><\/h2>\n<p>En 1804, parait une nouvelle \u00e9dition de Collet qui marque la reprise des \u00e9tudes vincentiennes et le renouveau des deux commu\u00adnaut\u00e9s. A la suite de cette \u00e9dition, de nombreux ouvrages viennent enrichir la production vincentienne. Parmi les nombreux auteurs qui publi\u00e8rent des ouvrages de vulgarisation, citons Emmanuel-Joseph BAILLY co-fondateur avec Ozanam des Conf\u00e9rences de S. Vincent (\u00ab\u00a0Vie de Saint Vincent de Paul\u00a0\u00bb en 1850), Louis VEUILLOT qui en 1854 publia une br\u00e8ve \u00ab\u00a0Etude sur Saint Vincent de Paul\u00a0\u00bb. Mais les deux ouvrages les plus significatifs de cette p\u00e9riode sont ceux de MAYNARD et de BOUGAUD.<\/p>\n<p>a) <strong>Michel-Ulysse MAYNARD <\/strong>(1814-1893)<\/p>\n<p>Chanoine honoraire de Poitiers, sa vie est celle d&rsquo;un chercheur. II a \u00e9crit 2 volumes sur Pascal (1850) et publia une \u00e9dition des \u00ab\u00a0Pro\u00advinciales\u00a0\u00bb (2 vol. 1851) dans laquelle il soutient, comme J. de Mais\u00adtre et Chateaubriand, la th\u00e8se du \u00ab\u00a0mensonge\u00a0\u00bb de Pascal. Il a aussi \u00e9crit sur Voltaire (2 vol. 1867), sur Cr\u00e9tineau-Joly (1875) et colla\u00adbora avec Veuillot \u00e1 \u00ab\u00a0L&rsquo;Univers\u00a0\u00bb.<\/p>\n<p>En 1860 sort <em>\u00ab\u00a0Saint Vincent de Paul, sa vie, son temps, ses \u0153uvres, <\/em><em>son influence\u201d, <\/em>4 volumes Paris chez Bray (I, XXIV-456 pages; II, 476 pages; III, 496 pages; IV, 488 pages).<\/p>\n<p>II avait pu travailler \u00e1 Saint-Lazare avec l&rsquo;aide de l&rsquo;archiviste d&rsquo;alors Gabriel Perboyre. Son plan est le suivant:<\/p>\n<p>Livre 1: jusqu&rsquo;en 1617<\/p>\n<p>Livre 2: les gal\u00e8res et la Barbarie<\/p>\n<p>Livre 3: la Congr\u00e9gation de la Mission<\/p>\n<p>Livre 4: le r\u00e9formateur du clerg\u00e9<\/p>\n<p>Livre 5: S. Vincent et le jans\u00e9nisme<\/p>\n<p>Livre 6: les Missions populaires<\/p>\n<p>Livre 7: les Filles et les Dames de la Charit\u00e9, les h\u00f4pitaux Livre 8: le Conseil de Conscience (o\u00f9 il parle de l&rsquo;activit\u00e9 poli\u00adtique et des Provinces d\u00e9vast\u00e9es).<\/p>\n<p>Livre 9: la mort (ce livre a un caract\u00e8re fort fun\u00e8bre car il y raconte la mort de tous ses amis et la maladie d&rsquo;Alm\u00e9ras)<\/p>\n<p>Livre 10: canonisation et vie posthume (il y raconte le sac de Saint-Lazare, l&rsquo;histoire des reliques et la translation de 1830).<\/p>\n<p>L&rsquo;ouvrage est \u00e9crit dans un syle plaisant, mais il lui manque le sens critique. II ne fut m\u00e9m\u00e9 pas au niveau de Sainte-Beuve, Michelet, Carlyle, Sabatier ou Renan dans le genre hagiographique.<\/p>\n<p>b) <strong>Louis-Victor-Emile BOUGAUD <\/strong>(1824-1888)<\/p>\n<p>Apr\u00e8s avoir enseign\u00e9 la dogmatique et l&rsquo;histoire de l&rsquo;Eglise, il fut secr\u00e9taire de Dupanloup. Il a publi\u00e9 une <em>\u00ab\u00a0Histoire de Sainte Chan\u00adtal\u00a0\u00bb <\/em>(2 vol. 1861) tr\u00e8s critiqu\u00e9e, une biographie de Sainte Monique, et son ouvrage le plus important <em>\u00ab\u00a0Le christianisme et les temps pr\u00e9sents\u00a0\u00bb <\/em>(5 vol. 1872-1874). II mourut alors qu&rsquo;il venait d&rsquo;are nomm\u00e9 \u00e9v\u00eaque de Laval.<\/p>\n<p><em>L\u00a0\u00bb` Histoire de Saint Vincent de Paul\u00a0\u00bb <\/em>fut \u00e9dit\u00e9e apr\u00e8s sa mort. 2 vol. Paris, Poussielgue, 1889 (I, XII-488 pages; II, 428 pages).<\/p>\n<p>Le plan de l&rsquo;ouvrage est fort clair et bien coh\u00e9rent: Livre 1: la pr\u00e9paration (jusqu&rsquo;en 1625)<\/p>\n<p>Livre 2: la r\u00e9forme du clerg\u00e9<\/p>\n<p>Livre 3: les arm\u00e9es de la charit\u00e9<\/p>\n<p>Livre 4: S. Vincent devant la mis\u00e8re (1642-1652)<\/p>\n<p>Livre 5: l&rsquo;expansion des deux communaut\u00e9s dans le monde (1652-1660)<\/p>\n<p>Livre 6: la mort, le culte et la post\u00e9rit\u00e9.<\/p>\n<p>Cette biographie eut pas mal de succ\u00e8s. Moins li\u00e9e aux sources que celle de Maynard, elle se caract\u00e9rise par sa recherche du drame. \u00ab\u00a0Le drame int\u00e9rieur attire nos contemporains\u00a0\u00bb voil\u00e0 ce qu&rsquo;il \u00e9cri\u00advait \u00e1 Monseigneur D&rsquo;Hulst en 1896. Bougaud y r\u00e9ussit parfaitement, m\u00eame si cela demandait le sacrifice de la rigueur historique.<\/p>\n<h2>3. &#8211; <em>Saint Vincent au temps de l&rsquo;\u00e9cole \u00ab\u00a0m\u00e9thodique\u00a0\u00bb ou \u00ab\u00a0positiviste\u00a0\u00bb<\/em><\/h2>\n<p>Avec la cr\u00e9ation de <em>\u00ab\u00a0La Revue historique\u00a0\u00bb <\/em>en 1876 nait en France une nouvelle conception de l&rsquo;histoire qui domina jusque dans les ann\u00e9es 1930. C&rsquo;est l&rsquo;\u00e9poque du r\u00eave de l&rsquo;objectivit\u00e9 totale, de l&rsquo;aveu\u00adgle confiance dans les documents et pour qui l&rsquo;\u0153uvre de l&rsquo;historien, selon l&rsquo;enseignement de Ch. V. LANGLOIS et CH. SEIGNOBOS, ne serait rien d&rsquo;autre que de rassembler les documents et les coudre ensemble.<\/p>\n<p>C&rsquo;est sur cette base que vont \u00eatre tent\u00e9es diverses initiatives, parmi lesquelles la premi\u00e8re fut <em>\u00ab\u00a0L&rsquo;Histoire de l&rsquo;Eglise\u00a0\u00bb <\/em>dirig\u00e9e par FLICHE et MARTIN. C&rsquo;est \u00e1 cette lumi\u00e8re que doit se compren\u00addre l&rsquo;\u0153uvre de COSTE comme aussi de quelques autres historiens de S. Vincent.<\/p>\n<p>a) <strong>Pierre COSTE<\/strong> (1873-1935)<\/p>\n<p>Il est n\u00e9 \u00e1 Tartas, dans les Landes, non loin du Berceau. Tout jeune il entre dans la Congr\u00e9gation, d&rsquo;abord au Berceau et ensuite \u00e1 Dax pour le S\u00e9minaire Interne. Malgr\u00e9 une sant\u00e9 toujours d\u00e9licate (l&rsquo;\u00e9conome d&rsquo;alors ne voulait pas lui acheter un br\u00e9viaire neuf&#8230;), apr\u00e8s son ordination sacerdotale en 1896, il se consacra \u00e1 l&rsquo;ensei\u00adgnement et \u00e1 la recherche. Autodidacte, il se met \u00e1 fr\u00e9quenter diver\u00adses archives. Ce furent alors les ann\u00e9es de pr\u00e9paration comme sp\u00e9\u00adcialiste. II notait ses d\u00e9couvertes en pas mal de champs qui l&rsquo;int\u00e9res\u00adsaient (Ecriture-Sainte, philosophie, sciences) sur des cahiers qui devinrent rapidement fort nombreux. Il \u00e9tudia diverses questions rela\u00adtives \u00e1 Saint Vincent. En 1908 l&rsquo;archiviste de Saint-Lazare meurt et en 1909 Coste occupe ce poste.<\/p>\n<p>A partir de 1911 il commence \u00e1 travailler sur la correspondance de S. Vincent, mais son but n&rsquo;\u00e9tait pas de la publier. Ce fut le P\u00e8re VERDIER qui d\u00e9passa cette peur ancienne de la communication aux externes. Apr\u00e8s cela il y eut <em>\u00ab\u00a0Les entretiens\u201d, \u00ab\u00a0Les Documents\u00a0\u00bb <\/em>et la <em>\u00ab\u00a0Table alphab\u00e9tique\u00a0\u00bb.<\/em><\/p>\n<p>Apr\u00e8s cela, Coste s&#8217;employa \u00e1 \u00e9crire la vie de S. Vincent. On trouve la bibliographie de Coste dans \u00ab\u00a0Annales\u00a0\u00bb 101 (1936) p. 227-232.<\/p>\n<p>L&rsquo;\u0153uvre majeure de Coste est sans aucun doute, <em>\u00ab\u00a0Le grand Saint du grand si\u00e8cle, Monsieur Vincent\u00a0\u00bb <\/em>3 vol, Paris, Descell\u00e9e de Brouwer, 1932 (I, 542 pages; II, 744 pages; III, 640 pages). Une seconde \u00e9dition suivit en 1934. Cette \u0153uvre a \u00e9t\u00e9 traduite en italien (Roma, 1934) et en anglais (Londres, 1934-1935).<\/p>\n<p>Le plan est ainsi:<\/p>\n<p><em>La pr\u00e9paration<\/em><\/p>\n<ul>\n<li>enfance, jeunesse jusqu&rsquo;en 1605<\/li>\n<li>la captivit\u00e9, Avignon, Rome<\/li>\n<li>de 1609 \u00e1 1613<\/li>\n<li>s\u00e9jour dans la famille de Gondi: Folleville<\/li>\n<\/ul>\n<p><em>Les fondations<\/em><\/p>\n<ul>\n<li>Ch\u00e1tillon<\/li>\n<li>confr\u00e9ries de la Charit\u00e9 et Missions<\/li>\n<li>rencontre avec S. Fran\u00e7ois de Sales et Ste. Chantal d\u00e9buts de la CM.<\/li>\n<li>le prieur\u00e9 de Saint-Lazare<\/li>\n<li>rencontre avec Louise de Marillac<\/li>\n<li>fondation d&rsquo;une \u00ab\u00a0Charit\u00e9\u00a0\u00bb \u00e1 l&rsquo;H6tel-Dieu de Paris<\/li>\n<li>la r\u00e9forme du clerg\u00e9<\/li>\n<\/ul>\n<p><em>Les institutions<\/em><\/p>\n<ul>\n<li>les Dames de la Charit\u00e9<\/li>\n<li>les Filles de la Charit\u00e9<\/li>\n<li>la Congr\u00e9gation de la Mission<\/li>\n<li>les Conferencies du Mardi<\/li>\n<\/ul>\n<p><em>Les oeuvres<\/em><\/p>\n<ul>\n<li>retraites aux ordinands<\/li>\n<li>les S\u00e9minaires<\/li>\n<li>les retraites eccl\u00e9siastiques<\/li>\n<li>la r\u00e9forme de la pr\u00e9dication<\/li>\n<li>l&rsquo;\u00e9piscopat<\/li>\n<li>la r\u00e9forme des Ordres monastiques<\/li>\n<li>les enfants trouv\u00e9s<\/li>\n<li>les mendiants les prisonniers les gal\u00e9riens les esclaves<\/li>\n<li>l&rsquo;assistance aux Provinces d\u00e9vast\u00e9es<\/li>\n<li>les malades, les ali\u00e9n\u00e9s, les orphelins<\/li>\n<\/ul>\n<p><em>Les oeuvres de sanctification<\/em><\/p>\n<ul>\n<li>les retraites spirituelles<\/li>\n<li>les Missions<\/li>\n<li>les petites Ecoles<\/li>\n<\/ul>\n<p><em>La Cour<\/em><\/p>\n<ul>\n<li>S. Vincent \u00e1 la Cour<\/li>\n<li>le Conseil de conscience<\/li>\n<\/ul>\n<p><em>Le jansenisme<\/em><\/p>\n<ul>\n<li>Saint-Cyran<\/li>\n<li>les pol\u00e9miques sur \u00ab\u00a0L&rsquo;Augustinus\u00a0\u00bb<\/li>\n<li>la lutte pour pr\u00e9venir les infiltrations jans\u00e9nistes<\/li>\n<\/ul>\n<p><em>La Visitation<\/em><\/p>\n<p><em>Relations avec certains Fondateurs et certaines Associations<\/em><\/p>\n<ul>\n<li>Bourdoise, d&rsquo;Authier, Olier<\/li>\n<li>la Compagnie du Tr\u00e8s-Saint-Sacrement<\/li>\n<li>la Soci\u00e9t\u00e9 des Missions Etrang\u00e9res<\/li>\n<\/ul>\n<p><em>La gr\u00e2ce et la nature<\/em><\/p>\n<ul>\n<li>le Saint<\/li>\n<li>l&rsquo;homme d&rsquo;action<\/li>\n<li>la journ\u00e9e de S. Vincent<\/li>\n<li>la doctrine spirituelle<\/li>\n<li>les portraits<\/li>\n<li>maladies et mort<\/li>\n<\/ul>\n<p><em>La vie posthume<\/em><\/p>\n<ul>\n<li>b\u00e9atification et canonisation<\/li>\n<li>les reliques<\/li>\n<li>le culte<\/li>\n<li>les biographes.<\/li>\n<\/ul>\n<p>Dans une \u0153uvre d&rsquo;une telle importance, ce qui frappe c&rsquo;est un \u00ab\u00a0Avant-propos\u00a0\u00bb fort bref. Mais pour qui connait les \u00e9coles historio\u00adgraphiques, les sous-entendus sont \u00e9vidents. Son intention est de publier une vie compl\u00e9t\u00e9e. Voil\u00e0 pourquoi \u00ab\u00a0ce ne sera donc pas une de ces biographies qui se contentent de raconter les faits les plus sail\u00adlants d&rsquo;une existence, effleurant \u00e1 peine les autres ou m\u00eame les lais\u00adsant enti\u00e8rement dans l&rsquo;ombre\u00a0\u00bb (p. 15). L&rsquo;\u00e9cole romantique con\u00e7oit l&rsquo;\u0153uvre d&rsquo;histoire et particuli\u00e8rement la biographie comme le r\u00e9cit de la valeur id\u00e9ale d&rsquo;une personne. Et en cela Voltaire avait \u00e9t\u00e9 le maitre quand il \u00e9crivait \u00ab\u00a0on est persuad\u00e9 que l&rsquo;histoire d&rsquo;un prince n&rsquo;est pas tout ce qu&rsquo;il a fait, mais ce qu&rsquo;il a fait de digne d&rsquo;\u00eatre transmis \u00e1 la post\u00e9rit\u00e9\u00a0\u00bb. On peut lire aussi un sentiment de r\u00e9pul\u00adsion devant ces biographies trop sectorielles et r\u00e9ductrices qui ten\u00adtent de recueillir la complexit\u00e9 d&rsquo;une existence aussi riche \u00e1 travers un aspect partiel.<\/p>\n<p>La pr\u00e9sentation avance avec une profession de foi dans l&rsquo;\u00e9cole \u00ab\u00a0m\u00e9thodique\u00a0\u00bb ou \u00ab\u00a0positiviste\u00a0\u00bb \u00ab\u00a0vie compl\u00e9t\u00e9, mais aussi vie criti\u00adque, c&rsquo;est-\u00e1-dire d\u00e9gag\u00e9e des l\u00e9gendes qui auraient pu s&rsquo;y glisser avec le temps, comme il s&rsquo;en glisse dans toutes les vies des saints\u00a0\u00bb. La tendance au pan\u00e9gyrique et l&rsquo;amour du merveilleux sont des d\u00e9fauts fr\u00e9quents chez les hagiographes, et cela rend difficile le devoir \u00ab\u00a0du v\u00e9ritable historien\u00a0\u00bb. Coste fut fid\u00e8le \u00e1 cette consigne. L&rsquo;exception\u00adnelle connaissance des documents, le sens critique toujours en \u00e9veil l&rsquo;ont amen\u00e9 \u00e1 faire table rase de beaucoup de lieux communs ou de l\u00e9gendes hagiographiques (de la date de naissance jusqu&rsquo;\u00e1 la substi\u00adtution \u00e1 la chaine du gal\u00e9rien). Pour les points particuliers comme pour l&rsquo;ensemble de l&rsquo;\u0153uvre il faut admirer la minutieuse reconstruc\u00adtion des faits \u00e1 travers un contr\u00f4le des sources, une critique interne et externe des documents et des conclusions toujours \u00e9quilibr\u00e9es. Un certain nombre de chapitres sont des essais d&rsquo;abord propos\u00e9s aux cher\u00adcheurs dans des revues et des monographies, v\u00e9rifi\u00e9s dans la con\u00adfrontation critique avec d&rsquo;autres sp\u00e9cialistes de l&rsquo;\u00e9poque. Et cepen\u00addant, Coste est un \u00e9rudit plus qu&rsquo;un historien. Cela a \u00e9t\u00e9 \u00e9crit par Paul RENAUDIN et il semble qu&rsquo;il faille souscrire \u00e1 ce jugement. Le but de l&rsquo;historien n&rsquo;est pas seulement de recueillir les documents, de les \u00e9tudier dans un esprit critique et une fois reconnue leur \u00ab\u00a0v\u00e9rit\u00e9\u00a0\u00bb les rassembler l&rsquo;un apr\u00e8s l&rsquo;autre. On demande beaucoup plus d&rsquo;un historien.<\/p>\n<p>Coste se sert de quatre adjectifs typiques de l&rsquo;\u00e9cole \u00ab\u00a0m\u00e9thodi\u00adque\u00a0\u00bb : son \u0153uvre devait \u00eatre \u00ab\u00a0une \u0153uvre compl\u00e8te, critique, m\u00e9tho\u00addique, solide\u00a0\u00bb (p. 16). Et cela est vrai. Mais certaines r\u00e9serves peu\u00advent \u00eatre faites:<\/p>\n<ul>\n<li>il dit \u00e9norm\u00e9ment de choses sur S. Vincent, mais il n&rsquo;a pas pris assez de soin pour montrer le d\u00e9veloppement et le dynamisme de son existence. Il dit tout sur les faits mais il ne lit pas au-del\u00e0 de ces faits. Il s&rsquo;agit plus d&rsquo;une photo que d&rsquo;un portrait;<\/li>\n<li>l&rsquo;\u00e9tude en premier plan de la plante empache de cueillir l&rsquo;en\u00adsemble. Son \u0153uvre est trop \u00ab\u00a0le grand saint\u00a0\u00bb et peu \u00ab\u00a0le grand si\u00e8cle\u00a0\u00bb;<\/li>\n<li>le m\u00eame projet d&rsquo;ensemble nous r\u00e9v\u00e9l\u00e9 un auteur qui sait tout de celui dont il parle, mais qui ne domine pas assez son sujet.<\/li>\n<\/ul>\n<p>Nonobstant ces remarques, il faut dire que le m\u00e9rite de Coste c&rsquo;est qu&rsquo;avec lui, finalement S. Vincent entre dans le domain de l&rsquo;his\u00adtoire en sortant de ce halo un peu vaporeux de l&rsquo;hagiographie du \u00ab\u00a0saint des pauvres\u00a0\u00bb. A partir de l\u00e0, on peut dire que si Abelly reste indispensable comme source, Coste reste un pilier solide et un point de r\u00e9f\u00e9rence d\u00e9finitif.<\/p>\n<p>b) <strong>Henri BR\u00c9MOND <\/strong>(1865-1933)<\/p>\n<p><em>\u00ab\u00a0B\u00e9rulle et Vincent de Paul\u00a0\u00bb, <\/em>dans <em>\u00ab\u00a0Histoire litt\u00e9raire du sentiment religieux en France depuis la fin des guerres de religion jusqu&rsquo;\u00e1 nos jours\u201d, <\/em>tome III\/I: <em>\u00ab\u00a0La conqu\u00eate mystique. L&rsquo;Ecole fran\u00e7aise, <\/em>Nouvelle \u00e9dition, Paris A. Colin 1967, pages 199-228.<\/p>\n<p>Ecrivain de valeur, dou\u00e9 d&rsquo;un talent exceptionnel et d&rsquo;un style s\u00e9duisant, capable d&rsquo;orchestrer des textes, de soulever des hypoth\u00e8ses, et gr\u00e2ce \u00e1 sa magie des mots, de tout transformer en sensations et en impressions, il fut un maitre de premi\u00e8re valeur. Apr\u00e8s la publi\u00adcation de ses travaux, on peut le discuter mais on ne peut plus l&rsquo;igno\u00adrer. Il a \u00e9t\u00e9 compar\u00e9 \u00e1 une abeille qui suce ce qu&rsquo;il y a de meilleur, mais aussi celui qui pique, non seulement les autres chercheurs mais les saints eux-m\u00eames et les auteurs faisant l&rsquo;objet de ses \u00e9tudes (toute sa vie fut une continuelle \u00ab\u00a0corrida\u00a0\u00bb de disputes enflamm\u00e9es). Sa bio\u00adgraphie de l&rsquo;abb\u00e9 de Ranc\u00e9, fondateur de la Trappe, a \u00e9t\u00e9 d\u00e9crite comme \u00ab\u00a0p\u00e9n\u00e9trante jusqu&rsquo;\u00e1 la cruaut\u00e9, pleine de verve jusqu&rsquo;\u00e1 l&rsquo;ir\u00adr\u00e9v\u00e9rence et vigoureuse comme un libelle\u00a0\u00bb (G. De Luca).<\/p>\n<p>Br\u00e9mond n&rsquo;\u00e9tait pas un th\u00e9ologien, c&rsquo;est un litt\u00e9raire. Pour lui, la mystique \u00e9tait po\u00e9sie mais il n&rsquo;est pas un esth\u00e8te vain. Certaines de ses approches nous coupent le souffle et ses analyses ont le tran\u00adchant pr\u00e9cis et s\u00fbr du chirurgien de classe qui taille dans les profon\u00addeurs et va jusqu&rsquo;\u00e1 l&rsquo;essence du probl\u00e8me.<\/p>\n<p>S. Vincent a \u00e9t\u00e9 \u00e9tudi\u00e9 dans le III&rsquo; volume. Apr\u00e8s l&rsquo;humanisme d\u00e9vot (Vol. I) et l&rsquo;invasion mystique (Vol. II), Bremond nous fait d\u00e9couvrir le panorama de la spiritualit\u00e9 fran\u00e7aise dans sa maturit\u00e9: l&rsquo;Ecole fran\u00e7aise. Selon lui, la spiritualit\u00e9 fran\u00e7aise est essentielle\u00adment b\u00e9rulienne, mais elle comprend aussi des \u00e9l\u00e9ments plus vastes et va jusqu&rsquo;\u00e1 se confondre, dans les volumes suivants, avec le meil\u00adleur de ce qui s&rsquo;est \u00e9crit au XVIIIe si\u00e8cle.<\/p>\n<p>Selon un choix qui nous laisse perplexes, ii situe S. Vincent dans le sillage direct de B\u00e9rulle, aussit6t apr\u00e8s l&rsquo;Oratoire, comme l&rsquo;h\u00e9ri\u00adtier le plus illustre du Cardinal. Br\u00e9mond a lu avec attention la bio\u00adgraphie de S. Vincent \u00e9crite par Abelly, et ses \u00e9crits dans l&rsquo;\u00e9dition de 1881 qui n&rsquo;\u00e9tait pas dans le domaine public. II trouve dans les \u00e9crits de S. Vincent \u00ab\u00a0riches de doctrine, \u00e9clatants d&rsquo;humour\u00a0\u00bb. Il n&rsquo;y a pas rencontr\u00e9 \u00ab\u00a0une seule ligne banale\u00a0\u00bb (III, 245). Les \u00e9l\u00e9ments qu&rsquo;il recueille se situent \u00e1 deux niveaux: psychologique et spirituel. En commen\u00e7ant \u00e1 parl\u00e9 de S. Vincent, il rectifie l&rsquo;image qu&rsquo;on s&rsquo;en soit fait de distributeur de soupe. Il critique aussi l&rsquo;id\u00e9e de la simpli\u00adcit\u00e9 du saint: il voit en lui une \u00e2me pleine d&rsquo;ambition et de souplesse (224), une \u00e2me vibrante, toute en nuances, un esprit curieux et com\u00adplexe (223). Vincent \u00e9tait un homme complet \u00ab\u00a0pour Itre vraiment charitable, il ne suffit pas d&rsquo;avoir bon c\u0153ur, il faut encore avoir une imagination vive et pr\u00e9cise\u00a0\u00bb (226). A travers quelque citations, s&rsquo;attache \u00e1 ciseler un S. Vincent tout en profondeur. Il en fait res\u00adsortir toute la tendresse et l&rsquo;exquise sensibilit\u00e9 \u00ab\u00a0souple comme celle d&rsquo;un enfant ou d&rsquo;une femme\u00a0\u00bb (234).<\/p>\n<p>Br\u00e9mond qui n&rsquo;a jamais aim\u00e9 les jans\u00e9nistes n&rsquo;a aucune diffi\u00adcult\u00e9 \u00e1 comparer S. Vincent avec eux. Pour lui, S. Vincent \u00ab\u00a0n&rsquo;\u00e9tait pas moins intelligent que le grand Arnauld, moins livresque sans doute, moins docteur en Sorbonne, mais plus s\u00e9rieux, plus fin et plus \u00e9lev\u00e9\u00a0\u00bb (236). Les critiques du livre \u00ab\u00a0De la fr\u00e9quente communion\u00a0\u00bb sont lou\u00e9es comme un chef d&rsquo;\u0153uvre de logique, de clairvoyance et d&rsquo;ironie (237). Chaque fois que S. Vincent aborde un sujet, il en exprime le sens et le replace dans une synth\u00e8se plus vaste (ib.). Cette intelligence aig\u00fce est \u00e1 la source de la bont\u00e9, car S. Vincent \u00ab\u00a0n&rsquo;a pas moins d&rsquo;esprit que de c\u0153ur, ou si on veut, le c\u0153ur en lui \u00e9l\u00e8ve l&rsquo;esprit tout comme l&rsquo;esprit \u00e9l\u00e8ve le c\u0153ur\u00a0\u00bb (241). Son humilit\u00e9 aussi \u00e9tait fille de son intelligence, il \u00e9tait en quelque sorte connaturel \u00e1 S. Vincent de percevoir ses propres limites \u00ab\u00a0\u00e1 l&rsquo;encontre d&rsquo;une suf\u00adfisance solennelle et tranquille\u00a0\u00bb (243).<\/p>\n<p>Apr\u00e8s \u00eatre all\u00e9 ainsi au fond des choses, Br\u00e9mond \u00e9tudie l&rsquo;asc\u00e8se spirituelle chez S. Vincent. La saintet\u00e9 de Vincent ne se pr\u00e9\u00adsente pas comme une ligne continue. Sa conversion n&rsquo;a pas \u00e9t\u00e9 d\u00e9ter\u00admin\u00e9e par des motifs philanthropiques \u00ab\u00a0ce n&rsquo;est pas l&rsquo;amour des hommes qui l&rsquo;a conduit \u00e1 la saintet\u00e9, mais c&rsquo;est plut\u00f4t la saintet\u00e9 qui l&rsquo;a rendu vraiment et efficacement charitable, ce ne sont pas les pau\u00advres qui l&rsquo;ont donn\u00e9 \u00e1 Dieu, mais Dieu qui l&rsquo;a donn\u00e9 aux pauvres\u00a0\u00bb (246).<\/p>\n<p>Dans cette conversion, la pr\u00e9sence d&rsquo;un \u00e9l\u00e9ment catalyseur a \u00e9t\u00e9 d\u00e9cisive: le milieu de la contre-r\u00e9forme fran\u00e7aise avec B\u00e9rulle et Fran\u00e7ois de Sales. Apr\u00e8s quelques citations de B\u00e9rulle, Br\u00e9mond con\u00adclut que chez S. Vincent, le th\u00e9ocentrisme est devenu principe d&rsquo;ac\u00adtion (251). S. Vincent s&rsquo;abandonne \u00e1 la volont\u00e9 divine, il a assimil\u00e9 l&rsquo;enseignement des maitres et il est devenu un des plus grands saints de l&rsquo;action, \u00ab\u00a0Le plus grand des hommes d&rsquo;action, c&rsquo;est le mysticisme qui nous l&rsquo;a donn\u00e9\u00a0\u00bb (257).<\/p>\n<p>c) <strong>Jean CALVET<\/strong> (1874-1965)<\/p>\n<p>Jean CALVET a \u00e9t\u00e9 l&rsquo;un des meilleurs sp\u00e9cialistes de la spiri\u00adtualit\u00e9 du XVII&rsquo; si\u00e8cle. D\u00e8s 1913 il publia un premier travail suivi d&rsquo;autres articles, le tout aboutit en 1948 \u00e1 son <em>\u00ab\u00a0Saint Vincent de Paul\u00a0\u00bb, <\/em>Paris. Selon Calvet, S. Vincent ne fut pas seulement un homme de charit\u00e9, mais un homme de g\u00e9nie, capable de comprendre son temps et d&rsquo;interpr\u00e9ter les exigences de la r\u00e9forme catholique.<\/p>\n<p>Il suit S. Vincent dans ses d\u00e9buts (jusqu&rsquo;en 1610), puis \u00e1 tra\u00advers les \u00e9tapes de la saintet\u00e9 (1610-1625) sous le r\u00e9gn\u00e9 de Louis XIII (1625-1643), puis vient la p\u00e9riode du r\u00f4le national (1643-1653) et enfin mondial, jusqu&rsquo;en 1660. Selon Calvet, S. Vincent fut un homme qui progressa lentement vers la saintet\u00e9. La rencontre avec B\u00e9rulle ce temp\u00e9rament dominateur\u00a0\u00bb fut pour Vincent d\u00e9cisive. Pour \u00eatre s\u00e9duit, il fallait que M. Vincent rencontr\u00e2t un saint, ce fut B\u00e9rulle (63). Mais le futur Cardinal, s&rsquo;il fut pour lui un guide ne devint pas un ami. Ces ann\u00e9es furent pour Vincent des ann\u00e9es de m\u00fbrissement, il progressait de jour en jour \u00ab\u00a0chaque jour est le disciple de la veille\u00a0\u00bb (104). Vers 1622 il fut gu\u00e9ri d&rsquo;une tentation d&rsquo;incr\u00e9dulit\u00e9 et il se trouva finalement libre d&rsquo;aller \u00ab\u00a0vers la terre et les hommes de la terre\u00a0\u00bb (110).<\/p>\n<p>Calvet met en relie l&rsquo;absence de syst\u00e8me dans la spiritualit\u00e9 de S. Vincent: ce n&rsquo;\u00e9tait pas un faiseur de syst\u00e8me \u00ab\u00a0il attendait, pour r\u00e9ussir une formule, que l&rsquo;exp\u00e9rience en fasse tomber ce qu&rsquo;elle avait d&rsquo;inutile et d&rsquo;inadapt\u00e9\u00a0\u00bb (67). Tout en \u00e9tant b\u00e9rulienne dans ses prin\u00adcipes et ses lignes fondamentales, la spiritualit\u00e9 de S. Vincent \u00e9tait moins nourrie de m\u00e9taphysique et davantage tourn\u00e9e vers l&rsquo;action (67). Alors que B\u00e9rulle \u00e9tait christocentrique, S. Vincent, lui est an\u00adthropocentrique, \u00ab\u00a0B\u00e9rulle aime Dieu en Dieu, S. Vincent aime Dieu dans les hommes\u00a0\u00bb (382). &#8211; 303 &#8211;<\/p>\n<p>Cette conqu\u00eate de la saintet\u00e9 se r\u00e9partit assez exactement en p\u00e9riodes. Deux dates constituent l&rsquo;axe de l&rsquo;\u00e9volution de la vie du Saint. Autour de 1620, sa spiritualit\u00e9 se tourne vers l&rsquo;action. Apr\u00e8s 1640, par contre, elle nait de l&rsquo;action; aussi pour Calvet, la spiritua\u00adlit\u00e9 de S. Vincent est une spiritualit\u00e9 de l&rsquo;action. Mais cette action n&rsquo;est pas une improvisation, elle nait d&rsquo;une id\u00e9e solide de Dieu: Dieu est tout, l&rsquo;homme n&rsquo;est rien. L&rsquo;homme ne peut pr\u00e9c\u00e9der la volont\u00e9 de Dieu, il ne peut que la suivre en se d\u00e9tachant de lui-m\u00eame, mais cet \u00e9tat d&rsquo;indiff\u00e9rence n&rsquo;est pourtant ni apathie, ni qui\u00e9tisme. Le chr\u00e9\u00adtien dans l&rsquo;\u00e9tat d&rsquo;indiff\u00e9rence est \u00ab\u00a0un homme aux aguets\u00a0\u00bb. Dans l&rsquo;amour et avec l&rsquo;amour, il se produit comme une concentration des forces.<\/p>\n<p>L&rsquo;oraison, chez S. Vincent, n&rsquo;a pas sa fin en elle-m\u00eame. On dirait, note Calvet, \u00ab\u00a0que S. Vincent se m\u00e9fie quelque peu des gr\u00e2ces exceptionnelles que re\u00e7oivent les grands mystiques dans l&rsquo;orai\u00adson\u00a0\u00bb (388). L&rsquo;oraison alimente les forces du chr\u00e9tien, elle devient \u00ab\u00a0plan d&rsquo;action et point de d\u00e9part de l&rsquo;action\u00a0\u00bb (387). Les modalit\u00e9s de cette action se d\u00e9duisent de la causalit\u00e9 instrumentale: les pr\u00eatres sont instrumenta de J\u00e9sus-Christ, ils sont rendus tels par la partici\u00adpation \u00e1 l&rsquo;unique sacerdoce du Christ. Cette participation ne vient pas de la communication d&rsquo;un pouvoir, mais d&rsquo;une certaine conti\u00adnuit\u00e9 de personnes. Aussi, doivent-ils adh\u00e9rer au Christ par la pri\u00e8re \u00ab\u00a0qui a sa source dans l&rsquo;amour et dans l&rsquo;action, dans l&rsquo;action par amour\u00a0\u00bb (389).<\/p>\n<p>Mais l&rsquo;amour doit s&rsquo;appuyer sur l&rsquo;humilit\u00e9: l&rsquo;humilit\u00e9 dans l&rsquo;ac\u00adtion puisque c&rsquo;est Dieu qui est l&rsquo;auteur de tout, l&rsquo;humilit\u00e9 de l&rsquo;intel\u00adligence qui exclut le d\u00e9sir immod\u00e9r\u00e9 de savoir et le d\u00e9sir des gr\u00e2ces mystiques, l&rsquo;humilit\u00e9 enfin de la communaut\u00e9. De l&rsquo;amour de Dieu et de l&rsquo;humilit\u00e9, nait l&rsquo;amour pour les fr\u00e8res. S. Vincent eut \u00ab\u00a0le don de l&rsquo;humanit\u00e9\u00a0\u00bb. Mais il n&rsquo;y a eu aucun saint comme lui pour aimer l&rsquo;homme, \u00ab\u00a0le visage de l&rsquo;homme\u00a0\u00bb et pour aimer Dieu dans ses fr\u00e8res.<\/p>\n<h2>4. &#8211; <em>Saint Vincent \u00e1 l&rsquo;\u00e9poque de l&rsquo;Ecole des \u00ab\u00a0ANNALES\u00a0\u00bb et de la \u00ab\u00a0Nou\u00ad<\/em><em>velle histoire\u00a0\u00bb<\/em><\/h2>\n<p>A la fin des ann\u00e9es 30 est n\u00e9e en France une vigoureuse r\u00e9ac\u00adtion contre \u00ab\u00a0l&rsquo;\u00e9cole positiviste\u00a0\u00bb. Les maitres de ces mouvements furent Lucien FEBVRE (1878-1956) et Marc BLOCH (1886-1944), les con\u00adtinuateurs sont aujourd&rsquo;hui Fernand BRAUDEL (n\u00e9 en 1902) et \u00ab\u00a0L&rsquo;Histoire Nouvelle\u00a0\u00bb de Jacques LE GOFF, Emmanuel LE ROY LADURIE et Marc FERRO. Les caract\u00e9ristiques de cette Ecole sont:<\/p>\n<p>\u2014 le refus des \u00ab\u00a0trois idoles de la tribu des historiens\u00a0\u00bb (F. SIMIAND) \u00e1 savoir: l&rsquo;idole individualiste (conception de l&rsquo;histoire comme histoire des individus, des \u00ab\u00a0grands hommes\u00a0\u00bb et non pas des faits, l&rsquo;idole chronologique (qui privil\u00e9gie les p\u00e9riodes et non les probl\u00e8mes);<\/p>\n<p>La victoire du \u00ab\u00a0temps long\u00a0\u00bb: un probl\u00e8me mesur\u00e9 en \u00ab\u00a0temps court\u00a0\u00bb est peu expliqu\u00e9 parce qu&rsquo;on ne fait pas attention aux r\u00e9sis\u00adtances, \u00e1 la force des habitudes et au rapport avec la force d&rsquo;inertie;<\/p>\n<p>L\u2019histoire devient alors presque la science synth\u00e9tique des sciences humaines, en tant qu&rsquo;elle use de l&rsquo;anthropologie, de la psychologie collective, de la sociologie et de la g\u00e9ographie;<\/p>\n<p>D\u2019o\u00f9 un nouveau concept du \u00ab\u00a0document\u00a0\u00bb qui n&rsquo;est plus constitu\u00e9 par un morceau de papier, mais est document la s\u00e9rie des prix, la l\u00e9gende populaire, les ustensiles de la vie quotidienne, la photo a\u00e9rienne d&rsquo;une campagne.<\/p>\n<p>a. <strong>Igino GIORDANI<\/strong> (1894-1980)<\/p>\n<p>M\u00eame s&rsquo;il est contemporain de la g\u00e9n\u00e9ration des \u00ab\u00a0Annales\u00a0\u00bb I. GIORDANI avait une toute autre pr\u00e9paration. Sa connaissance de la Patristique le rendait attentif \u00e1 cueillir la saveur de certaines cita\u00adtions et de certaines initiatives. Les 4 volumes de <em>\u00ab\u00a0Le message social <\/em><em>de J\u00e9sus\u00a0\u00bb <\/em>(1935-1947) l&rsquo;ont amen\u00e9 \u00e1 \u00e9tudier S. Vincent dans la ligne des maitres de la doctrine sociale de l&rsquo;Eglise.<\/p>\n<p><em>\u00ab\u00a0Saint Vincent de Paul, serviteur des pauvres\u00a0\u00bb <\/em>Rome 1959 avec une seconde \u00e9dition en 1981 et une traduction en espagnol, est davan\u00adtage organis\u00e9 selon le point de vue des \u0153uvres que de la chronolo\u00adgie. Le recours aux sources est irr\u00e9prochable, mais la mise \u00e1 jour historiographique laisse \u00e1 d\u00e9sirer. Une fois de plus, la lecture des sources n&rsquo;est pas accompagn\u00e9es ou pr\u00e9c\u00e9d\u00e9e d&rsquo;une description du milieu. Mais, lorsque Giordani \u00e9crit, l&rsquo;Ecole des \u00ab\u00a0Annales\u00a0\u00bb n&rsquo;\u00e9tait pas encore entr\u00e9e en Italie. Les parties les plus s\u00fbres de son \u0153uvre sont celles qui touchent \u00e1 la pens\u00e9e sociale. On y sent le maitre qui poss\u00e9d\u00e9 bien son sujet et avance dans les textes en toute s\u00e9curit\u00e9. Le cadre de la spiritualit\u00e9, avec pas mal d&rsquo;intuitions originales et heu\u00adreuses, est bon.<\/p>\n<p>b.<strong>Andr\u00e9 DODIN<\/strong> (n\u00e9 en 1911)<\/p>\n<p>Dodin, avec Collet et Coste, et maintenant Ib\u00e1\u00f1ez et Rom\u00e1n, fait partie du petit nombre des Lazaristes qui se soit attel\u00e9 \u00e1 \u00e9crire une biographie de S. Vincent. La Biographie \u00e9crite par Dodin a \u00e9t\u00e9 pr\u00e9c\u00e9d\u00e9e d&rsquo;\u00e9tudes fort importantes et d&rsquo;une connaissance de premi\u00e8re main de la pens\u00e9e vincentienne.<\/p>\n<p>Sa contribution n&rsquo;est pas du genre des \u00ab\u00a0Annales\u00a0\u00bb. Il se pr\u00e9\u00adsente plut\u00f4t comme un des meilleurs parmi ces chercheurs de l&rsquo;his\u00adtoire de la spiritualit\u00e9 qui ont fleuri en France apr\u00e8s les ann\u00e9es trente et qui se sont retrouv\u00e9s autour de la <em>\u00ab\u00a0Revue d&rsquo;Asc\u00e9tique et de Mystique\u00a0\u00bb <\/em>(depuis <em>\u00ab\u00a0Revue de Spiritualit\u00e9\u00a0\u00bb) <\/em>et du <em>\u00ab\u00a0Dictionnaire de la Spiritualit\u00e9\u00a0\u00bb <\/em>et qui ont produit des travaux de premi\u00e8re main.<em><\/em><\/p>\n<p>Le sommet de son activit\u00e9 historiographique a \u00e9t\u00e9 sa p\u00e9n\u00e9trante biographie <em>\u00ab\u00a0Saint Vincent de Paul et la Charit\u00e9\u00a0\u00bb <\/em>dans la Collection \u00ab\u00a0Mai\u00adtres spirituels\u00a0\u00bb, Paris, Le Seuil, 1960 (3e edition en 1976) et traduit en diverses langues.<\/p>\n<p>L&rsquo;ouvrage se divise en trois parties:<\/p>\n<ul>\n<li>l&rsquo;\u00e9volution du service terrestre de M. Vincent;<\/li>\n<li>la doctrine spirituelle;<\/li>\n<li>la tradition vincentienne.<\/li>\n<\/ul>\n<p>Le \u00ab\u00a0service terrestre\u00a0\u00bb r\u00e9sume la biographie et part des \u00ab\u00a0temps de la recherche\u00a0\u00bb. La mani\u00e8re dont M. DODIN con\u00e7oit la saintet\u00e9 n&rsquo;est pas fixiste, elle est \u00e9volutive. Il est contraire \u00e1 la th\u00e8se de l&rsquo;es\u00adclavage (144-148) et voit dans les deux ann\u00e9es couvertes par le r\u00e9cit de la p\u00e9riode tunisienne un moment \u00ab\u00a0qui \u00e9chappe au contr\u00f4le rigou\u00adreux de l&rsquo;histoire\u00a0\u00bb.<\/p>\n<p>Dans l&rsquo;\u00e9volution et la conversion qu&rsquo;il place entre 1613 et 1617, cette derni\u00e8re date constitue une ann\u00e9e d\u00e9cisive. Ce n&rsquo;est qu&rsquo;alors que M. Vincent comprend que sa vie doit \u00eatre un service des pau\u00advres. Mais il est n\u00e9cessaire que Dieu prenne possession de sa vie, qu&rsquo;il y r\u00e8gne et que lui, Vincent, ne se recherche pas mais s&rsquo;efforce en toutes choses de \u00ab\u00a0faire les affaires de Dieu\u00a0\u00bb (22). De cette fa\u00e7on, \u00ab\u00a0les consignes th\u00e9ocentriques de B\u00e9rulle prennent corps dans une mystique du service des pauvres\u00a0\u00bb (ib).<\/p>\n<p>De 1618 \u00e1 1633, c&rsquo;est l&rsquo;\u00e9poque des grandes fondations. Elles sont la continuation de la mission de J\u00e9sus vers les pauvres. Alors M. Vincent n&rsquo;est plus seul, il partage avec Fran\u00e7ois de Sales et Jeanne de Chantal \u00ab\u00a0les pr\u00e9occupations pour la vie religieuse, la sanctifica\u00adtion des la\u00efcs&#8230; la r\u00e9forme du clerg\u00e9, la simplification de la pr\u00e9dica\u00adtion\u201d. A la place de B\u00e9rulle qui se d\u00e9sint\u00e9resse de M. Vincent appa\u00adraissent deux autres conseillers: Duval et Saint-Cyran.<\/p>\n<p>Dans ses propos sur ce dernie M. DODIN tient compte du d\u00e9ve\u00adloppement des \u00e9tudes de d&rsquo;ORCIBAL, et c&rsquo;est la raison pour laquelle il ne s&rsquo;aventure pas dans les jugements excessifs.<\/p>\n<p>La partie la plus significative et la plus originale du livre est con\u00adsacr\u00e9e \u00e1 la doctrine spirituelle, c&rsquo;est dans ce champ que M. DODIN a creus\u00e9 le sillon le plus profond. Il circonscrit les ascendences spiri\u00adtuelles de M. Vincent: Benoit de Canfield, B\u00e9rulle, S. Fran\u00e7ois de Sales, Alphonse Rodr\u00edguez, Vincent Ferrier, Duval. Toutefois il d\u00e9fend l&rsquo;ind\u00e9pendance de M. Vincent qui, m\u00eame au point de vue litt\u00e9raire, conserve une parfaite autonomie.<\/p>\n<p>L&rsquo;originalit\u00e9 de M. Vincent ne se manifeste pas seulement au niveau doctrinal. Notre saint \u00ab\u00a0d\u00e9courage toutes les formules consa\u00adcr\u00e9es\u00a0\u00bb, il rejette \u00ab\u00a0les syst\u00e9matisations simplificatrices\u00a0\u00bb (73). Ce qui est typique, c&rsquo;est son orientation vers l&rsquo;action, une action qui nait de la foi et qui tire sa substance de la foi \u00ab\u00a0les actions humaines devien\u00adnent actions de Dieu quand elles sont faites en Lui et pour Lui\u00a0\u00bb (Coste XIII, 183). M. DODIN centre toute la spiritualit\u00e9 vincen\u00adtienne sur \u00ab\u00a0l&rsquo;accomplissement de la volont\u00e9 de Dieu\u00a0\u00bb (119 et suiv.). Cet enseignement, dont on remarquera la filiation canfieldiene, exclut tout horizontalisme: la charit\u00e9 pour le prochain adopte l&rsquo;attitude du Christ \u00e1 l&rsquo;\u00e9gard du monde et des pauvres (69), elle revit le myst\u00e8re de J\u00e9sus dans les pauvres (72) pour que cet amour ne reste pas seu\u00adlement \u00ab\u00a0affectif &lsquo; mais devienne \u00ab\u00a0effectif L&rsquo;humilit\u00e9, enfin, devient la condition de la pr\u00e9sence de toute vertu, elle est \u0153uvre de Dieu et ne se ram\u00e8ne pas \u00e1 un aspect purement passif, car elle est ouver\u00adture \u00e1 l&rsquo;action.<\/p>\n<p>c) <strong>Jos\u00e9-Mar\u00eda IBANEZ BURGOS <\/strong>(n\u00e9 en 1937)<\/p>\n<p>IB\u00c1NEZ appartient \u00e1 une autre g\u00e9n\u00e9ration et montre une pr\u00e9\u00adparation diff\u00e9rente.<\/p>\n<p>A son actif, deux \u0153uvres importantes:<\/p>\n<p>\u00ab\u00a0<em>Vicente de Pa\u00fal y los pobres de su tiempo\u00a0\u00bb, <\/em>Salamanque 1972 Edit. S\u00edgueme (468 pages).<\/p>\n<p>\u00a0\u00bb <em>Vicente de Pa\u00fal, realismo y encarnaci\u00f3n\u00a0\u00bb, <\/em>Salamanque 1982 Edit. S\u00edgueme (317 pages).<\/p>\n<p>Son premier ouvrage montre qu&rsquo;il a \u00e9t\u00e9 stimul\u00e9 en vue d&rsquo;une histoire globale, d&rsquo;un \u00e9largissement des horizons et de la volont\u00e9 de r\u00e9pondre \u00e1 certaines questions d&rsquo;aujourd&rsquo;hui. Le v\u00e9ritable historien est un homme de l&rsquo;aujourd&rsquo;hui.<\/p>\n<p>Son travail se divise en quatre parties:<\/p>\n<ul>\n<li>la France au temps de S. Vincent;<\/li>\n<li>la r\u00e9ponse de la France aux probl\u00e8mes de la mis\u00e8re, l&rsquo;action;<\/li>\n<li>le d\u00e9veloppement de l&rsquo;exp\u00e9rience religieuse de S. Vincent;<\/li>\n<li>l&rsquo;\u00e9vang\u00e9lisation des pauvres.<\/li>\n<\/ul>\n<p>Apr\u00e8s une description habile et bien inform\u00e9e de la situation \u00e9conomico-sociale de l&rsquo;\u00e9poque avec ses causes, l&rsquo;auteur examine la r\u00e9flexion conduite sur le paup\u00e9risme au XVIIe si\u00e8cle. On n&rsquo;analy\u00adsait pas alors les causes, mais on affrontait le probl\u00e8me au plan moral, th\u00e9ologique et id\u00e9ologique.<\/p>\n<p>La deuxi\u00e8me partie d\u00e9veloppe certains aspects de la pauvret\u00e9 pour en arriver \u00e1 interpr\u00e9ter l&rsquo;action de S. Vincent de la mani\u00e9r\u00e9 suivante: elle a \u00e9t\u00e9 la seule \u00e1 partir \u00ab\u00a0de l&rsquo;exp\u00e9rience d&rsquo;une charit\u00e9 mal organis\u00e9e\u00a0\u00bb pour en tirer motif de mettre en route \u00ab\u00a0un mouve\u00adment organis\u00e9 de mis\u00e9ricorde, de tendresse et d&rsquo;amour f\u00e9minins\u00a0\u00bb.<\/p>\n<p>Apr\u00e8s une analyse attentive des \u00e9tapes de l&rsquo;exp\u00e9rience de Mon\u00adsieur Vincent, le P. IB\u00c1\u00d1EZ explique dans la derni\u00e8re partie ce que signifie, l&rsquo;\u00e9vangelisation des pauvres qui, pour Vincent, \u00e9tait un signe, une pr\u00e9sence et un appel. Pour lui, la rencontre avec le pauvres fut le moment de la d\u00e9couverte de l&rsquo;Evangile de J\u00e9sus envoy\u00e9 aux pau\u00advres et de la d\u00e9couverte de l&rsquo;Eglise. Il s&rsquo;attache donc \u00ab\u00a0\u00e1 une recon\u00adversion radicale de l&rsquo;attitude de l&rsquo;Eglise\u00a0\u00bb de son temps. Ce furent les pauvres qui l&rsquo;\u00e9vang\u00e9lis\u00e8rent \u00ab\u00a0ce furent les pauvres qui marqu\u00e8rent le rythme de son existent, qui l&rsquo;aid\u00e8rent \u00e1 se vider de lui-m\u00eame et \u00e1 se remplir de Dieu\u00a0\u00bb.<\/p>\n<p>Nous ne parlerons pas du second ouvrage, car ce n&rsquo;est pas, \u00e1 proprement parler, une biografie de S. Vincent.<\/p>\n<p>d) <strong>Jos\u00e9-Mar\u00eda ROM\u00c1N <\/strong>(n\u00e9 en 1928)<\/p>\n<p>Son ouvrage a pour titre <em>\u00ab\u00a0San Vicente de Pa\u00fal. I. Biograf\u00eda\u00a0\u00bb <\/em>(Biblio\u00adteca de Autores Cristianos, 424) Madrid, BAC, 1981, XXIV &#8211; 707 pages.<\/p>\n<ul>\n<li>1\u00aa partie: l&rsquo;enfance sans histoire (1581-1600);<\/li>\n<li>2<sup>e<\/sup> partie: les ann\u00e9es d&rsquo;errance et d&rsquo;instruction (1601 &#8211; 1617):<\/li>\n<li>3e partie: la maturit\u00e9 cr\u00e9atrice (1618 &#8211; 1633);<\/li>\n<li>4e partie: vingt ann\u00e9es de r\u00e9alisations (1634-1653);<\/li>\n<li>5\u00aa partie: la vieillesse lucide (1653-1660); Epilogue.<\/li>\n<\/ul>\n<p>Nous n&rsquo;avons pas voulu recopier le sch\u00e9ma de ROM\u00c1N mais seulement en donner une traduction litt\u00e9rale en essayant de com\u00adprendre le sens des interpr\u00e9tations de l&rsquo;auteur (la diff\u00e9rence du titre de la 2e partie est \u00e9vidente). Le sch\u00e9ma chronologique n&rsquo;est pas une fa\u00e7on d&rsquo;ordonner les faits et les documents. On trouve \u00e1 la base un vrai et nouveau projet d&rsquo;interpr\u00e9tation qui essaie de reprendre le d\u00e9ve\u00adloppement de S. Vincent et son dynamisme. Le vide de S. Vincent n&rsquo;est pas une th\u00e8se \u00e1 d\u00e9montr\u00e9, c&rsquo;est un germe qui d\u00e9bouche et gran\u00addit. ROM\u00c1N avance \u00e1 petits pas. Il utilise beaucoup d&rsquo;extraits des \u00e9crits ou des conf\u00e9rences de S. Vincent. Il expose les derni\u00e8res criti\u00adques du probl\u00e8me et ensuite donne sa solution.<\/p>\n<p>II corrige souvent COSTE et le critique (ainsi p. 50 n. 25 \u00e1 pro- pos du voyage \u00e1 Saragosse; p. 255 n. 44 le nom du chancelier; p. 413 n. 75 le retour de M. Ozenne et pour la date du passage donn\u00e9 en SV <strong>I, <\/strong>166, cf. p. 502, n. 40). Il entre dans le d\u00e9tail dans les questions de nomenclature (ainsi pour le nom White-Le Blanc p. 400 n. 34 et p. 403 n. 44). Il se sert d&rsquo;articles et d&rsquo;\u00e9tudes r\u00e9centes pour pr\u00e9\u00adciser certains points (par exemple les travaux de COPPO, passim mais surtout p. 233 et suivantes; les paroles de Duval sur l&rsquo;origine de la vocation missionnaire de S. Vincent publi\u00e9es par IBANEZ, p. 167 et suivantes).<\/p>\n<p>ROMAN, qui est espagnol, tient compte de la \u00ab\u00a0tradition espa\u00adgnole\u00a0\u00bb. Si Abelly a voulu ajouter faire naitre S. Vincent quelques ann\u00e9es avant, certains historiens espagnols ont voulu transporter la maison natale de S. Vincent au-del\u00e0 des Pyr\u00e9n\u00e9es. ROM\u00c1N \u00e9carte la th\u00e8se de la naissance en Espagne \u00e1 Tamarite (p. 34) et aussi celle de l&rsquo;origine espagnole de la famille de S. Vincent (p. 36). Mais il n&rsquo;exclut pas que la date de naissance de M. Vincent pourrait are en 1580 (p. 30 et sq.). La condition du p\u00e8re \u00ab\u00a0paysan ind\u00e9pendant\u00a0\u00bb (p. 38) indique la connaissance d&rsquo;une cat\u00e9gorie sociale bien pr\u00e9cise que des \u00e9tudes r\u00e9centes ont bien mis en relief. ROM\u00c1N compare la foi de la famille de Vincent avec la \u00ab\u00a0foi \u00e9l\u00e9mentaire et robuste des vieilles \u00e9glises europ\u00e9ennes\u00a0\u00bb (p. 40). Mais sur ce point les th\u00e8ses de J. DELUMEAU devraient-nous rendre plus prudents (cf. DELUMEAU \u00ab\u00a0Un chemin d&rsquo;histoire. Chr\u00e9tient\u00e9 et christianisation\u00a0\u00bb Paris 1981). ROM\u00c1N apporte une contribution importante sur la chro\u00adnologie des \u00e9tudes (p. 44 sq.). Avec justesse il parle de la m\u00e9thode de Herrera (p. 51) mais les interrogations de L. CEYSSENS \u00e1 pro- pos des \u00e9tudes faites par S. Vincent demeurent. Au-del\u00e0 des titres acad\u00e9miques, les connaissances th\u00e9ologiques de S. Vincent sont modestes, au point que lorsqu&rsquo;il essaie d&rsquo;affronter les probl\u00e8mes dis\u00adcut\u00e9s, comme par exemple ceux inh\u00e9rents \u00e1 la querelle jans\u00e9niste, il ne d\u00e9passe pas la mentalit\u00e9 courante.<\/p>\n<p>ROM\u00c1N r\u00e9serve un large espace \u00e1 l&rsquo;examen du dossier de l&rsquo;es\u00adclavage. Le chapitre 4 (pp. 67-74) est tout entier consacr\u00e9 \u00e1 la nar\u00adration des faits tels qu&rsquo;ils apparaissent dans les lettres de S. Vincent, tandis que le chapitre suivant (pp. 74-88), apr\u00e8s une discussion des th\u00e8ses contraires, prend position avec d\u00e9cision pour la v\u00e9racit\u00e9 de ce que dit S. Vincent. Sans apporter des argumenta d\u00e9cisifs, ROM\u00c1N pr\u00e9sente des \u00e9l\u00e9ments nouveaux. Il tient compte des apports r\u00e9cents de R. S. POOLE et de G. TURBET-DELOF (sans oublier que ROMAN lui-m\u00eame avait d\u00e9j\u00e0 pris position sur ce point): il explique le silence de S. Vincent, par la suite, par la dissimulation de sa condi\u00adtion sacerdotale \u00ab\u00a0avec quelle autorit\u00e9 morale pouvait-il exhorter ses pr\u00eatres \u00e1 &lsquo;\u00eatre t\u00e9moins du Christ jusqu&rsquo;\u00e1 la mort, si cette histoire \u00e9tait connue?\u00a0\u00bb (p. 86). De plus, au m\u00eame moment, Vincent recueillait des fonds pour le rachat du Fr\u00e8re BARREAU, consul de France, d\u00e9tenu par les autorit\u00e9s turques. A propos de la prise de position de Coste, contre la v\u00e9racit\u00e9 de la lettre de S. Vincent, mais \u00ab\u00a0en secret\u00a0\u00bb comme Nathana\u00ebl, on a dit qu&rsquo;il \u00ab\u00a0sentait devant l&rsquo;extraordinaire, c&rsquo;est l&rsquo;expression de R. LAURENTIN, la r\u00e9pugnance du clerc, dans le double sens du mot, c&rsquo;est-\u00e1-dire eccl\u00e9siastique et universitaire, parce que le merveilleux touche \u00e1 la fois l&rsquo;esprit scientifique et la rigueur de la foi\u00a0\u00bb (cit. p. 75 n. 1). A REDIER, l&rsquo;auteur oppose un argument a contrario: dans ces lettres, l&rsquo;historien accepte tous les faits (la vente du cheval, etc. &#8230;) except\u00e9 l&rsquo;essentiel, \u00e1 savoir le r\u00e9cit de la captivit\u00e9 (pp. 86 sq,).<\/p>\n<p>La solution de ROMAN est bas\u00e9e sur le principe de la posses\u00adsion. Nier l&rsquo;historicit\u00e9 de la captivit\u00e9 serait ouvrir une p\u00e9riode d&rsquo;obs\u00adcurit\u00e9 dans la vie de S. Vincent sans savoir comment la combler. Ne croyons cependant pas que le probl\u00e8me soit d\u00e9finitivement r\u00e9solu tant que l&rsquo;on ne trouvera pas une confirmation venant d&rsquo;autres sour\u00adces. Reconnaissons que l&rsquo;opus negandi revient \u00e1 ceux qui rejettent la captivit\u00e9 et non \u00e1 ses d\u00e9fenseurs car, jusqu&rsquo;\u00e1 preuve du contraire, la reconstruction faite par ROM\u00c1N, reste la seule solution qui res\u00adpecte les documents que nous ayons.<\/p>\n<p>ROMAN n&rsquo;utilise pas la question de la captivit\u00e9 pour dessiner un itin\u00e9raire en crescendo de S. Vincent. Apr\u00e8s avoir tr\u00e8s justement rejet\u00e9 la th\u00e8se de la charge secr\u00e9t\u00e9e (p. 91), il admet une \u00ab\u00a0conver\u00adsion\u00a0\u00bb dans la vie de Vincent, conversion qui ne suppose pas Dieu sait quel p\u00e9ch\u00e9, mais une totale et radicale orientation vers Dieu (p. 95).<\/p>\n<p>Dans les pages suivantes, la reconstruction de la vie de Vincent repose sur des bases moins fragiles. Petit \u00e1 petit, au fil des ann\u00e9es, les traces du passage de M. Vincent vont augmentant. ROMAN relie toujours la micro-histoire \u00e1 la grande histoire qui aide \u00e1 comprendre la respiration profonde des \u00e9v\u00e9nements: ainsi l&rsquo;acquisition de l&rsquo;ab\u00adbaye de Saint-L\u00e9onard-des-Chaumes au moment m\u00eame de l&rsquo;assas\u00adsinat de Henri IV (p. 96) tandis que Folle ville est reli\u00e9 au d\u00e9roule\u00adment du coup d&rsquo;\u00e9tat qui \u00e9limina Concini (p. 121). Fort bien infor\u00adm\u00e9es les pages qui parlent des rapports avec B\u00e9rulle jusqu&rsquo;\u00e1 la rup\u00adture que ROMAN place en 1618.<\/p>\n<p>Les quinze ann\u00e9es, entre 1618 et 1633, objet de la troisi\u00e8me par\u00adtie, sont dites \u00ab\u00a0ann\u00e9es cr\u00e9atrices o\u00f9, par la m\u00e9ditation des tentatives, d&rsquo;indications de la Providence et de d\u00e9cisions personnelles, Vincent d\u00e9couvre, donne forme et met en mouvement les institutions par o\u00f9 se r\u00e9alise sa vocation personnelle. Ce sont aussi les ann\u00e9es o\u00f9, par un abandon progressif \u00e1 l&rsquo;action de la gr\u00e2ce, Vincent conquiert une maturit\u00e9 humaine qui l&rsquo;approche de la saintet\u00e9\u00a0\u00bb (p. 137). Le 25 jan\u00advier 1617, Vincent ne pensait pas \u00ab\u00a0\u00e1 une fuite mais \u00e1 une r\u00e9ponse\u00a0\u00bb (p. 121). Et cette r\u00e9ponse ne vient pas d&rsquo;une marche \u00e1 petits pas, sans imagination (\u00ab\u00a0c&rsquo;\u00e9tait l&rsquo;exp\u00e9rience jointe \u00e1 l&rsquo;imagination qui le faisait se mettre en route\u00a0\u00bb) comme dit RENAUDIN (cit. p. 138). ROM\u00c1N suit la lente mais vigoureuse expansion du petit groupe. Les Missions \u00ab\u00a0chacune d&rsquo;elles \u00e9tait comme une nouvelle fondation du christianisme\u00a0\u00bb (p. 139) \u00e9taient unies aux \u00ab\u00a0Charit\u00e9s\u00a0\u00bb comme une \u0153uvre unique (p. 129). Et tandis que s&rsquo;\u00e9largissait le cercle des r\u00e9ali\u00adsations s&rsquo;approfondissait le creusement de l&rsquo;action divine. La retraite de Soissons, en 1621, est r\u00e9v\u00e9latrice du travail int\u00e9rieur. Si elle ne fut pas comme celle de Verdun pr\u00each\u00e9e par B\u00e9rulle, elle eut une importance fondamentale car la fondation vincentienne ne pouvait pas naitre \u00ab\u00a0d&rsquo;un esprit dur et agressif\u00a0\u00bb (S. V. XI, 64).<\/p>\n<p>Mise en lumi\u00e8re, comme cela se doit, ROM\u00c1N \u00e1 propos de la rencontre avec Fran\u00e7ois de SALES, conclut que Vincent se serait ins\u00adpir\u00e9 de la Visitation pour la fondation des Filles de la Charit\u00e9 (cf. pp. 156, 230). C&rsquo;est l\u00e0 une th\u00e8se que, en v\u00e9rit\u00e9, je ne partage pas parce que la Visitation n&rsquo;avait pas pour fin \u00ab\u00a0la visite\u00a0\u00bb des pauvres mais seulement la pratique de \u00ab\u00a0la vie d\u00e9vote\u00a0\u00bb dans un cercle reli\u00adgieux, sans cependant toutes les impressionnantes structures tradi\u00adtionnelles (p\u00e9nitences rigoureuses, cl6ture absolue).<\/p>\n<p>Les pages, mais surtout le projet qui est \u00e1 la base, consacr\u00e9es au d\u00e9veloppement des deux communaut\u00e9s, sont indubitablement parmi les plus belles de l&rsquo;ouvrage. L&rsquo;auteur ne se perd pas dans les m\u00e9andres mais il domine magistralement les documents. Quand est venu le moment de \u00ab\u00a0br\u00fbler les vaisseaux\u00a0\u00bb (p. 183), Vincent proc\u00e9d\u00e9 avec grand courage (on voit les vicissitudes des tractations romai\u00adnes) et prudence. Il ne s&rsquo;est pas li\u00e9 aux Marillac, pas davantage aux ennemis de Richelieu, pas plus au \u00ab\u00a0parti d\u00e9vot\u00a0\u00bb. Je ne saurais dire si l&rsquo;on peut soutenir que le choix entre le \u00ab\u00a0parti d\u00e9vot\u00a0\u00bb et Richelieu \u00e9tait entre la paix ou la guerre. C&rsquo;est li un probl\u00e8me d\u00e9battu entre les historiens espagnols qui ne pardonnent pas l&rsquo;alliance de la France avec les protestants et les historiens fran\u00e7ais plus sensibles aux rai\u00adsons du Cardinal-Ministre. Il me semble aussi que le \u00ab\u00a0parti d\u00e9vot\u00a0\u00bb aurait amen\u00e9 \u00e1 la guerre. L&rsquo;alliance espagnole signifiait en fait la guerre sur tout le continent contre les protestants et donc en France contre les Huguenots (p. 208 sq).<\/p>\n<p>Quoiqu&rsquo;il en soit, Vincent avait d&rsquo;autres pr\u00e9occupations que celle de la politique des \u00ab\u00a0grands\u00a0\u00bb. M\u00e9m\u00e9 si lui et ses communaut\u00e9s avaient peu d&rsquo;importance, sa pr\u00e9sence, sa constante attention per\u00admettaient \u00ab\u00a0une osmose spirituelle directe que S. Vincent rendait la plus intense possible par sa parole, ses conf\u00e9rences, ses r\u00e9p\u00e9titions d&rsquo;oraison et ses lettres\u00a0\u00bb (p. 288).<\/p>\n<p>L&rsquo;ouvrage arrive ensuite \u00e1 \u00e9tudier les \u00ab\u00a0vingt ann\u00e9es des r\u00e9ali\u00adsations\u00a0\u00bb (1634-1653) que ROM\u00c1N subdivise en deux moments: une phase ascendante (jusqu&rsquo;en 1642) et une autre que l&rsquo;on peut quali\u00adfier de demeure sur la cime. C&rsquo;est la p\u00e9riode de la R\u00e9gence, de la Fronde, de l&rsquo;organisation de l&rsquo;aide \u00e1 la Piccardie et \u00e1 la Champa\u00adgne, du si\u00e9g\u00e9 de Paris, de la controverse jans\u00e9niste, du Conseil de Conscience, de Madagascar et de la mort de Thad\u00e9e LEE premier martyr de la CM.<\/p>\n<p>Parmi les structures portantes de cette p\u00e9riode ressortent d&rsquo;une fa\u00e7on sp\u00e9ciale les Missions que ROM\u00c1N d\u00e9crit d&rsquo;une fa\u00e7on tr\u00e8s inci\u00adsive. En marge des relations des missions,\u00a0 il note justement que ces relations ne posaient pas le probl\u00e8me de la cause des vices dominants (par exemple si le concubinage ne provient pas de la coutume de la dot ou les \u00ab\u00a0vendetta\u00a0\u00bb d&rsquo;une justice mal rendue); pour les mission\u00adnaires tout se ramenait au p\u00e9ch\u00e9 et \u00e1 l&rsquo;ignorance et pour combattre cela on recourrait au cat\u00e9chisme (p. 358).<\/p>\n<p>Jointe avec les missions l&rsquo;\u0153uvre de la formation du clerg\u00e9 qui pouvait seule \u00ab\u00a0rendre effectif l&rsquo;Evangile\u00a0\u00bb (p. 371 n). C&rsquo;est l\u00e0 une pr\u00e9cision importante qui vient corriger l&rsquo;interpr\u00e9tation courante de l&rsquo;annonce de l&rsquo;Evangile \u00e1 compl\u00e9ter par des initiatives en vue de la promotion humaine.<\/p>\n<p>ROM\u00c1N d\u00e9veloppe ensuite largement la question des S\u00e9minai\u00adres. Il est s\u00fbr qu&rsquo;en ce domaine il faudrait mener une recherche sur \u00ab\u00a0des temps longs\u00a0\u00bb. Du vivant de S. Vincent, le S\u00e9minaire est un lieu de formation pastorale qui suppl\u00e9e la carence des coll\u00e8ges et des universit\u00e9s. Par la suite, les S\u00e9minaires de la Congr\u00e9gation subirent l&rsquo;influence des Coll\u00e8ges j\u00e9suites, m\u00e9m\u00e9 s&rsquo;ils gardaient un style plus pastoral que les s\u00e9minaires sulpiciens.<\/p>\n<p>Dans la quatri\u00e8me partie, il me semble qu&rsquo;il ne faut pas attri\u00adbuer \u00e1 S. Vincent le d\u00e9but des Missions, (p. 346). Celles-ci se d\u00e9ve\u00adloppent depuis le si\u00e8cle pr\u00e9c\u00e9dent et trouvent en ACQUAVIVA un penseur attentif. Cependant il faut noter combien l&rsquo;influence de la mission vincentienne, centr\u00e9e sur le cat\u00e9chisme, est devenue peu \u00e1 peu la plus importante. A la diff\u00e9rence de la mission \u00ab\u00a0centrale\u00a0\u00bb trop courte, de la mission \u00ab\u00a0p\u00e9nitentielle\u00a0\u00bb souvent contraire \u00e1 la sensibi\u00adlit\u00e9 des gens, S. Vincent a impos\u00e9 un mod\u00e8le qui eut une extraordi\u00adnaire efficacit\u00e9.<\/p>\n<p>L&rsquo;ouvrage se termine sur le cr\u00e9puscule de Vincent dans une \u00ab\u00a0vieillesse lucide\u00a0\u00bb (1653-1660). Cette partie est \u00e9galement bien men\u00e9e: citations pertinentes, particularit\u00e9s bien pr\u00e9sent\u00e9es, et tou\u00adjours un sens critique en \u00e9veil. Les pages relatives \u00e1 l&rsquo;H\u00f4pital g\u00e9n\u00e9\u00adral (p. 643 sq) sont importantes et actuelles: n&rsquo;a-t-on pas voulu ran\u00adger M. Vincent parmi ceux qui ont particip\u00e9 au \u00ab\u00a0grand renferme\u00adment\u00a0\u00bb?<\/p>\n<p>Dans cet ouvrage, il n&rsquo;y a pas besoin d&rsquo;une partie relative aux vertus de S. Vincent: la division tripartite d&rsquo;ABELLY est mainte\u00adnant impossible \u00e1 soutenir. C&rsquo;est de la lecture m\u00e9m\u00e9 de ce qu&rsquo;a r\u00e9a\u00adlis\u00e9 S. Vincent qu&rsquo;\u00e9mergent les caract\u00e9ristiques saillantes de son sens de Dieu et de l&rsquo;homme, comme de l&rsquo;ampleur de ses vues. Nous pen\u00adsons que la biographie de ROM\u00c1N deviendra d\u00e9sormais un point ferme de r\u00e9f\u00e9rence pour tous ceux qui voudront \u00e9crire sur S. Vin\u00adcent. Ceux qui, apr\u00e8s l&rsquo;\u0153uvre de COSTE, avaient pens\u00e9 que tout avait \u00e9t\u00e9 dit, ont l\u00e0 la preuve de la n\u00e9cessit\u00e9 d&rsquo;une continuelle fouille dans notre \u00ab\u00a0m\u00e9moire\u00a0\u00bb pour mieux comprendre ce que nous som\u00admes et ce que nous sommes appel\u00e9s \u00e1 \u00eatre. En fait, notre futur est toujours enferm\u00e9, comme en un coffret pr\u00e9cieux, dans l&rsquo;exp\u00e9rience spirituelle de S. Vincent.<\/p>\n<h2><strong>Conclusion<\/strong><\/h2>\n<p>La question qui nait spontan\u00e9ment peut \u00eatre dite en termes sim\u00adples: y a-t-il dans le futur une possibilit\u00e9 pour une nouvelle biogra\u00adphie de Saint Vincent? Et cette question en appelle une autre: quels sont les domaines encore \u00e1 explorer?<\/p>\n<p>Si nous prenons comme point de r\u00e9f\u00e9rence le livre <em>\u00ab\u00a0Vincent de Paul\u00a0\u00bb <\/em>(Actes du Colloque international d&rsquo;\u00e9tudes vincentiennes, Paris 25-26 septembre 1981) Roma C.L.V., 1983, XII-421 pages, le domaine des lacunes s&rsquo;agrandit de fa\u00e7on d\u00e9mesur\u00e9e.<\/p>\n<p>La recherche propos\u00e9e au Colloque, comprenait dans un pre\u00admier temps trois domaines:<\/p>\n<ul>\n<li>l&rsquo;histoire spirituelle (religieuse)<\/li>\n<li>l&rsquo;histoire sociale<\/li>\n<li>l&rsquo;histoire des institutions<\/li>\n<\/ul>\n<p>L&rsquo;histoire des institutions est aujourd&rsquo;hui quasi totalement \u00e1 faire. Il faudrait \u00e9tudier les R\u00e8gles et les sources des deux commu\u00adnaut\u00e9s, le rapport de la Mission avec les soci\u00e9t\u00e9s sacerdotales con\u00adtemporaines, l&rsquo;influence de la R\u00e9gl\u00e9 de S. Vincent aux Filles de la Charit\u00e9 sur la vie religieuse f\u00e9minine. Par l&rsquo;amplitude de son influence, la R\u00e9gl\u00e9 des Filles de la Charit\u00e9 peut \u00eatre compar\u00e9e aux grandes R\u00e8gles antiques. Elle est pour la vie religieuse f\u00e9minine comme la R\u00e9gl\u00e9 de Pac6me, de Basile ou de Benoit pour la vie reli\u00adgieuse masculine.<\/p>\n<p>A propos de l&rsquo;histoire de l&rsquo;Eglise de France, il y aurait, je crois, beaucoup \u00e1 dire sur les s\u00e9minaires vincentiens. On connait les aspects ext\u00e9rieurs de la \u00ab\u00a0courte dur\u00e9e\u00a0\u00bb: la fondation, le nom de quelques missionnaires. Mais on sait peu de choses de leur vie interne, de leur style, du nombre et du milieu social de leurs membres (professeurs, directeurs, \u00e9l\u00e8ves), du style culturel et spirituel. On sait aussi fort peu des Filles de la Charit\u00e9. Colin Jones, de l&rsquo;Universit\u00e9 d&rsquo;Exeter, a \u00e9tudi\u00e9 l&rsquo;h\u00f4pital de Montpellier. Il faudrait multiplier de pareilles<sub>.<\/sub> \u00c9tudes pour chaque maison et pour l&rsquo;ensemble de la Communaut\u00e9, en tenant compte du \u00ab\u00a0temps long\u00a0\u00bb. On pourrait mesurer ce que signifie la pr\u00e9sence de la S\u0153ur \u00e1 l&rsquo;h\u00f4pital \u00e1 la fin du XVII&rsquo; si\u00e8cle, \u00e1 la R\u00e9volution fran\u00e7aise, mais aussi au XIX&rsquo; si\u00e8cle et aujourd&rsquo;hui. Un probl\u00e8me d&rsquo;actualit\u00e9 dans le domaine de l&rsquo;historiographie moderne est celui du \u00ab\u00a0renfermement des pauvres\u00a0\u00bb. Il est normal que les historiens se demandent si et dans quelle mesure le Saint de la charit\u00e9 est responsable de la d\u00e9cision de la soci\u00e9t\u00e9 d&rsquo;assimiler les pauvres aux criminels, d&rsquo;une certaine fa\u00e7on.<\/p>\n<p>Le probl\u00e8me des missions ext\u00e9rieures ou internes n&rsquo;est pas seu\u00adlement celui de faire m\u00e9moire des martyrs et de la geste de certains missionnaires. Les historiens demandent aussi, dans ce domaine, si et en quelle mesure les missionnaires, d&rsquo;un c\u00f4t\u00e9, ont \u00e9t\u00e9 complices du colonialisme et d\u2019une autre c\u00e8ne quel a \u00e9t\u00e9 le r\u00f4le de ces \u00e9vang\u00e9li\u00adsateurs dans le recul de la religion populaire. Dans le domaine des missions internes, Jean DELUMEAU a tr\u00e8s justement li\u00e9 les mis\u00adsions au projet de la r\u00e9forme catholique orient\u00e9 pour stimuler l&rsquo;una\u00adnimit\u00e9 de la pratique.<\/p>\n<p>A propos de la pr\u00e9dication des missionnaires il faudrait mener une enqu\u00eate pour \u00e9tablir en quelle mesure elle fut \u00ab\u00a0empreinte de terreur\u00a0\u00bb, c&rsquo;est-\u00e0-dire plus bas\u00e9e sur la peur que sur l&rsquo;amour et la libert\u00e9? Nous savons de plus que les missionnaires \u00e9taient consid\u00e9\u00adr\u00e9s au XVII&rsquo; si\u00e8cle comme trop accommodants et au XVII&rsquo; s\u00e9v\u00e8res et quasi rigoristes. Pourquoi ce changement?<\/p>\n<p>L&rsquo;\u00e9tude de Dominique JULIA sur l&rsquo;expansion de la CM fait naitre l&rsquo;int\u00e9r\u00eat de connaitre le missionnaire ordinaire: sa provenance, sa culture, son mode d&rsquo;art en communaut\u00e9 et au milieu des gens, son apostolat.<\/p>\n<p>Le domaine de la spiritualit\u00e9 est lui aussi \u00e1 creuser pour pou\u00advoir r\u00e9pondre \u00e1 diverses interrogations. Jean SEGUY a propos\u00e9 un mod\u00e8le d&rsquo;approche de ce probl\u00e8me. Des th\u00e8mes comme, l&rsquo;Eglise, la r\u00e9conciliation, le rapport Eglise-Monde pourraient \u00eatre l&rsquo;objet de recherches int\u00e9ressantes. Sur le th\u00e8me du sacerdoce nous avons les ouvrages d&rsquo;Arnaud d&rsquo;AGNEL et de DELARUE, mais ne pourrait-on pas encore \u00e9tudier ce sujet sans se limiter \u00e1 un recueil de citations mais en donnant une prospective de lecture?<\/p>\n<p>A cela devraient encore s&rsquo;ajouter tous les probl\u00e8mes dont une \u00e9poque et une culture sont friandes. De m\u00eame que les Confr\u00e8res de l&rsquo;Am\u00e9rique latine ont tent\u00e9 une relecture de Saint Vincent \u00e1 la lumi\u00e8re de la th\u00e9ologie de la lib\u00e9ration, ne pourrait-on penser que d&rsquo;une fa\u00e7on tout aussi l\u00e9gitime, d&rsquo;autres confr\u00e8res pourraient le faire dans d&rsquo;au\u00adtres cultures et \u00e1 la lumi\u00e8re d&rsquo;autres th\u00e9ologies?<\/p>\n<p>Tout cela nous assure qu&rsquo;il ne sera jamais possible de dire une parole d\u00e9finitive. Chaque \u00e9poque et chaque culture pourra l\u00e9gitime\u00adment interroger Saint Vincent, mais elle sera \u00e1 son tour interpell\u00e9e \u00e1 une action en faveur de f\u2019 homme comparable \u00e1 celle de Saint Vin\u00adcent en son temps.<\/p>\n","protected":false},"excerpt":{"rendered":"<p>Dans \u00ab\u00a0Les nouvelles consid\u00e9rations sur l&rsquo;histoire\u00a0\u00bb (1744) Vol\u00adtaire affirmait que l&rsquo;histoire n&rsquo;est pas un genre immuable. Elle d\u00e9pend du progr\u00e8s scientifique g\u00e9n\u00e9ral. C&rsquo;\u00e9tait \u00e0 une intuition trop en avance sur son temps. Et pourtant, cette &#8230; <a href=\"https:\/\/vincentians.com\/fr\/lhistoriographie-vincentienne-selon-les-epoques-culturelles\/\" class=\"more-link\">Read More<\/a><\/p>\n","protected":false},"author":4,"featured_media":104091,"comment_status":"open","ping_status":"open","sticky":false,"template":"","format":"standard","meta":{"jetpack_post_was_ever_published":false,"_jetpack_newsletter_access":"","_jetpack_dont_email_post_to_subs":false,"_jetpack_newsletter_tier_id":0,"_jetpack_memberships_contains_paywalled_content":false,"_jetpack_memberships_contains_paid_content":false,"footnotes":"","jetpack_publicize_message":"","jetpack_publicize_feature_enabled":true,"jetpack_social_post_already_shared":true,"jetpack_social_options":{"image_generator_settings":{"template":"highway","default_image_id":0,"font":"","enabled":false},"version":2}},"categories":[118],"tags":[],"class_list":["post-57182","post","type-post","status-publish","format-standard","has-post-thumbnail","hentry","category-formation-vincentienne"],"yoast_head":"<!-- This site is optimized with the Yoast SEO plugin v26.3 - https:\/\/yoast.com\/wordpress\/plugins\/seo\/ -->\n<title>L&#039;historiographie vincentienne selon les epoques culturelles - Nous Sommes Vincentiens<\/title>\n<meta name=\"robots\" content=\"index, follow, max-snippet:-1, max-image-preview:large, max-video-preview:-1\" \/>\n<link rel=\"canonical\" href=\"https:\/\/vincentians.com\/fr\/lhistoriographie-vincentienne-selon-les-epoques-culturelles\/\" \/>\n<meta property=\"og:locale\" content=\"fr_FR\" \/>\n<meta property=\"og:type\" content=\"article\" \/>\n<meta property=\"og:title\" content=\"L&#039;historiographie vincentienne selon les epoques culturelles - Nous Sommes Vincentiens\" \/>\n<meta property=\"og:description\" content=\"Dans \u00ab\u00a0Les nouvelles consid\u00e9rations sur l&rsquo;histoire\u00a0\u00bb (1744) Vol\u00adtaire affirmait que l&rsquo;histoire n&rsquo;est pas un genre immuable. Elle d\u00e9pend du progr\u00e8s scientifique g\u00e9n\u00e9ral. C&rsquo;\u00e9tait \u00e0 une intuition trop en avance sur son temps. Et pourtant, cette ... Read More\" \/>\n<meta property=\"og:url\" content=\"https:\/\/vincentians.com\/fr\/lhistoriographie-vincentienne-selon-les-epoques-culturelles\/\" \/>\n<meta property=\"og:site_name\" content=\"Nous Sommes Vincentiens\" \/>\n<meta property=\"article:publisher\" content=\"https:\/\/www.facebook.com\/WeAreVincentians\/\" \/>\n<meta property=\"article:author\" content=\"https:\/\/www.facebook.com\/JavierChento\" \/>\n<meta property=\"article:published_time\" content=\"2015-05-16T21:27:36+00:00\" \/>\n<meta name=\"author\" content=\"Francisco Javier Fern\u00e1ndez Chento\" \/>\n<meta name=\"twitter:card\" content=\"summary_large_image\" \/>\n<meta name=\"twitter:creator\" content=\"@https:\/\/twitter.com\/javierchento\" \/>\n<meta name=\"twitter:site\" content=\"@WeVincentians\" \/>\n<meta name=\"twitter:label1\" content=\"\u00c9crit par\" \/>\n\t<meta name=\"twitter:data1\" content=\"Francisco Javier Fern\u00e1ndez Chento\" \/>\n\t<meta name=\"twitter:label2\" content=\"Dur\u00e9e de lecture estim\u00e9e\" \/>\n\t<meta name=\"twitter:data2\" content=\"46 minutes\" \/>\n<script type=\"application\/ld+json\" class=\"yoast-schema-graph\">{\"@context\":\"https:\/\/schema.org\",\"@graph\":[{\"@type\":\"WebPage\",\"@id\":\"https:\/\/vincentians.com\/fr\/lhistoriographie-vincentienne-selon-les-epoques-culturelles\/\",\"url\":\"https:\/\/vincentians.com\/fr\/lhistoriographie-vincentienne-selon-les-epoques-culturelles\/\",\"name\":\"L'historiographie vincentienne selon les epoques culturelles - Nous Sommes Vincentiens\",\"isPartOf\":{\"@id\":\"https:\/\/vincentians.com\/fr\/#website\"},\"primaryImageOfPage\":{\"@id\":\"https:\/\/vincentians.com\/fr\/lhistoriographie-vincentienne-selon-les-epoques-culturelles\/#primaryimage\"},\"image\":{\"@id\":\"https:\/\/vincentians.com\/fr\/lhistoriographie-vincentienne-selon-les-epoques-culturelles\/#primaryimage\"},\"thumbnailUrl\":\"\",\"datePublished\":\"2015-05-16T21:27:36+00:00\",\"author\":{\"@id\":\"https:\/\/vincentians.com\/fr\/#\/schema\/person\/9623ef4d9aa3b2dfb8c061f1499288f2\"},\"breadcrumb\":{\"@id\":\"https:\/\/vincentians.com\/fr\/lhistoriographie-vincentienne-selon-les-epoques-culturelles\/#breadcrumb\"},\"inLanguage\":\"fr-FR\",\"potentialAction\":[{\"@type\":\"ReadAction\",\"target\":[\"https:\/\/vincentians.com\/fr\/lhistoriographie-vincentienne-selon-les-epoques-culturelles\/\"]}]},{\"@type\":\"ImageObject\",\"inLanguage\":\"fr-FR\",\"@id\":\"https:\/\/vincentians.com\/fr\/lhistoriographie-vincentienne-selon-les-epoques-culturelles\/#primaryimage\",\"url\":\"\",\"contentUrl\":\"\"},{\"@type\":\"BreadcrumbList\",\"@id\":\"https:\/\/vincentians.com\/fr\/lhistoriographie-vincentienne-selon-les-epoques-culturelles\/#breadcrumb\",\"itemListElement\":[{\"@type\":\"ListItem\",\"position\":1,\"name\":\"Portada\",\"item\":\"https:\/\/vincentians.com\/fr\/\"},{\"@type\":\"ListItem\",\"position\":2,\"name\":\"L&rsquo;historiographie vincentienne selon les epoques culturelles\"}]},{\"@type\":\"WebSite\",\"@id\":\"https:\/\/vincentians.com\/fr\/#website\",\"url\":\"https:\/\/vincentians.com\/fr\/\",\"name\":\"Nous Sommes Vincentiens\",\"description\":\"Know more to serve more\",\"potentialAction\":[{\"@type\":\"SearchAction\",\"target\":{\"@type\":\"EntryPoint\",\"urlTemplate\":\"https:\/\/vincentians.com\/fr\/?s={search_term_string}\"},\"query-input\":{\"@type\":\"PropertyValueSpecification\",\"valueRequired\":true,\"valueName\":\"search_term_string\"}}],\"inLanguage\":\"fr-FR\"},{\"@type\":\"Person\",\"@id\":\"https:\/\/vincentians.com\/fr\/#\/schema\/person\/9623ef4d9aa3b2dfb8c061f1499288f2\",\"name\":\"Francisco Javier Fern\u00e1ndez Chento\",\"image\":{\"@type\":\"ImageObject\",\"inLanguage\":\"fr-FR\",\"@id\":\"https:\/\/vincentians.com\/fr\/#\/schema\/person\/image\/\",\"url\":\"https:\/\/secure.gravatar.com\/avatar\/497d5cde87b4c3d097d0315953521681ba2cd523ee66e5077c3711f7021e65de?s=96&d=mm&r=g\",\"contentUrl\":\"https:\/\/secure.gravatar.com\/avatar\/497d5cde87b4c3d097d0315953521681ba2cd523ee66e5077c3711f7021e65de?s=96&d=mm&r=g\",\"caption\":\"Francisco Javier Fern\u00e1ndez Chento\"},\"description\":\"Director General y cofundador de La Red de Formaci\u00f3n Vicenciana. Javier es laico vicenciano, afiliado a la Congregaci\u00f3n de la Misi\u00f3n y miembro del Equipo de Misiones Populares de la provincia can\u00f3nica de Zaragoza (Espa\u00f1a) de la Congregaci\u00f3n de la Misi\u00f3n. Graduado en la Universidad Oberta de Catalunya con cuatro grados (Asistente de direcci\u00f3n, Gesti\u00f3n Administrativa, Recursos Humanos y Contabilidad Avanzada). Bil\u00edng\u00fce Espa\u00f1ol\/Ingl\u00e9s. gestiona y mantiene varias p\u00e1ginas web cristianas y vicencianas, incluida including La Red de Formaci\u00f3n Vicenciana, de la que es cofundador. Actualmente es responsable del \u00e1rea de Espa\u00f1ol de .famvin, la Red de Noticias de la Familia Vicenciana. Tambi\u00e9n es m\u00fasico cat\u00f3lico y ha editado varios discos. Es Director General y cofundador de Trovador, una reconocida compa\u00f1\u00eda discogr\u00e1fica critiana de Espa\u00f1a. Trabaja en las Tecnolog\u00edas de la Informaci\u00f3n, ofreciendo servicios de alojamiento, dise\u00f1o y mantenimiento Web, as\u00ed como asesoramiento, formaci\u00f3n y soluciones inform\u00e1ticas, gesti\u00f3n documental y digitalizaci\u00f3n de textos, edici\u00f3n y maquetaci\u00f3n de libros, revistas, flyers, etc.\",\"sameAs\":[\"http:\/\/chento.org\",\"https:\/\/www.facebook.com\/JavierChento\",\"https:\/\/x.com\/https:\/\/twitter.com\/javierchento\"],\"url\":\"https:\/\/vincentians.com\/fr\/author\/chento\/\"}]}<\/script>\n<!-- \/ Yoast SEO plugin. -->","yoast_head_json":{"title":"L'historiographie vincentienne selon les epoques culturelles - Nous Sommes Vincentiens","robots":{"index":"index","follow":"follow","max-snippet":"max-snippet:-1","max-image-preview":"max-image-preview:large","max-video-preview":"max-video-preview:-1"},"canonical":"https:\/\/vincentians.com\/fr\/lhistoriographie-vincentienne-selon-les-epoques-culturelles\/","og_locale":"fr_FR","og_type":"article","og_title":"L'historiographie vincentienne selon les epoques culturelles - Nous Sommes Vincentiens","og_description":"Dans \u00ab\u00a0Les nouvelles consid\u00e9rations sur l&rsquo;histoire\u00a0\u00bb (1744) Vol\u00adtaire affirmait que l&rsquo;histoire n&rsquo;est pas un genre immuable. Elle d\u00e9pend du progr\u00e8s scientifique g\u00e9n\u00e9ral. C&rsquo;\u00e9tait \u00e0 une intuition trop en avance sur son temps. Et pourtant, cette ... Read More","og_url":"https:\/\/vincentians.com\/fr\/lhistoriographie-vincentienne-selon-les-epoques-culturelles\/","og_site_name":"Nous Sommes Vincentiens","article_publisher":"https:\/\/www.facebook.com\/WeAreVincentians\/","article_author":"https:\/\/www.facebook.com\/JavierChento","article_published_time":"2015-05-16T21:27:36+00:00","author":"Francisco Javier Fern\u00e1ndez Chento","twitter_card":"summary_large_image","twitter_creator":"@https:\/\/twitter.com\/javierchento","twitter_site":"@WeVincentians","twitter_misc":{"\u00c9crit par":"Francisco Javier Fern\u00e1ndez Chento","Dur\u00e9e de lecture estim\u00e9e":"46 minutes"},"schema":{"@context":"https:\/\/schema.org","@graph":[{"@type":"WebPage","@id":"https:\/\/vincentians.com\/fr\/lhistoriographie-vincentienne-selon-les-epoques-culturelles\/","url":"https:\/\/vincentians.com\/fr\/lhistoriographie-vincentienne-selon-les-epoques-culturelles\/","name":"L'historiographie vincentienne selon les epoques culturelles - Nous Sommes Vincentiens","isPartOf":{"@id":"https:\/\/vincentians.com\/fr\/#website"},"primaryImageOfPage":{"@id":"https:\/\/vincentians.com\/fr\/lhistoriographie-vincentienne-selon-les-epoques-culturelles\/#primaryimage"},"image":{"@id":"https:\/\/vincentians.com\/fr\/lhistoriographie-vincentienne-selon-les-epoques-culturelles\/#primaryimage"},"thumbnailUrl":"","datePublished":"2015-05-16T21:27:36+00:00","author":{"@id":"https:\/\/vincentians.com\/fr\/#\/schema\/person\/9623ef4d9aa3b2dfb8c061f1499288f2"},"breadcrumb":{"@id":"https:\/\/vincentians.com\/fr\/lhistoriographie-vincentienne-selon-les-epoques-culturelles\/#breadcrumb"},"inLanguage":"fr-FR","potentialAction":[{"@type":"ReadAction","target":["https:\/\/vincentians.com\/fr\/lhistoriographie-vincentienne-selon-les-epoques-culturelles\/"]}]},{"@type":"ImageObject","inLanguage":"fr-FR","@id":"https:\/\/vincentians.com\/fr\/lhistoriographie-vincentienne-selon-les-epoques-culturelles\/#primaryimage","url":"","contentUrl":""},{"@type":"BreadcrumbList","@id":"https:\/\/vincentians.com\/fr\/lhistoriographie-vincentienne-selon-les-epoques-culturelles\/#breadcrumb","itemListElement":[{"@type":"ListItem","position":1,"name":"Portada","item":"https:\/\/vincentians.com\/fr\/"},{"@type":"ListItem","position":2,"name":"L&rsquo;historiographie vincentienne selon les epoques culturelles"}]},{"@type":"WebSite","@id":"https:\/\/vincentians.com\/fr\/#website","url":"https:\/\/vincentians.com\/fr\/","name":"Nous Sommes Vincentiens","description":"Know more to serve more","potentialAction":[{"@type":"SearchAction","target":{"@type":"EntryPoint","urlTemplate":"https:\/\/vincentians.com\/fr\/?s={search_term_string}"},"query-input":{"@type":"PropertyValueSpecification","valueRequired":true,"valueName":"search_term_string"}}],"inLanguage":"fr-FR"},{"@type":"Person","@id":"https:\/\/vincentians.com\/fr\/#\/schema\/person\/9623ef4d9aa3b2dfb8c061f1499288f2","name":"Francisco Javier Fern\u00e1ndez Chento","image":{"@type":"ImageObject","inLanguage":"fr-FR","@id":"https:\/\/vincentians.com\/fr\/#\/schema\/person\/image\/","url":"https:\/\/secure.gravatar.com\/avatar\/497d5cde87b4c3d097d0315953521681ba2cd523ee66e5077c3711f7021e65de?s=96&d=mm&r=g","contentUrl":"https:\/\/secure.gravatar.com\/avatar\/497d5cde87b4c3d097d0315953521681ba2cd523ee66e5077c3711f7021e65de?s=96&d=mm&r=g","caption":"Francisco Javier Fern\u00e1ndez Chento"},"description":"Director General y cofundador de La Red de Formaci\u00f3n Vicenciana. Javier es laico vicenciano, afiliado a la Congregaci\u00f3n de la Misi\u00f3n y miembro del Equipo de Misiones Populares de la provincia can\u00f3nica de Zaragoza (Espa\u00f1a) de la Congregaci\u00f3n de la Misi\u00f3n. Graduado en la Universidad Oberta de Catalunya con cuatro grados (Asistente de direcci\u00f3n, Gesti\u00f3n Administrativa, Recursos Humanos y Contabilidad Avanzada). Bil\u00edng\u00fce Espa\u00f1ol\/Ingl\u00e9s. gestiona y mantiene varias p\u00e1ginas web cristianas y vicencianas, incluida including La Red de Formaci\u00f3n Vicenciana, de la que es cofundador. Actualmente es responsable del \u00e1rea de Espa\u00f1ol de .famvin, la Red de Noticias de la Familia Vicenciana. Tambi\u00e9n es m\u00fasico cat\u00f3lico y ha editado varios discos. Es Director General y cofundador de Trovador, una reconocida compa\u00f1\u00eda discogr\u00e1fica critiana de Espa\u00f1a. Trabaja en las Tecnolog\u00edas de la Informaci\u00f3n, ofreciendo servicios de alojamiento, dise\u00f1o y mantenimiento Web, as\u00ed como asesoramiento, formaci\u00f3n y soluciones inform\u00e1ticas, gesti\u00f3n documental y digitalizaci\u00f3n de textos, edici\u00f3n y maquetaci\u00f3n de libros, revistas, flyers, etc.","sameAs":["http:\/\/chento.org","https:\/\/www.facebook.com\/JavierChento","https:\/\/x.com\/https:\/\/twitter.com\/javierchento"],"url":"https:\/\/vincentians.com\/fr\/author\/chento\/"}]}},"jetpack_publicize_connections":[],"jetpack_featured_media_url":"","jetpack_sharing_enabled":true,"jetpack_shortlink":"https:\/\/wp.me\/p7ETMP-eSi","jetpack-related-posts":[{"id":38257,"url":"https:\/\/vincentians.com\/fr\/elements-dunion-dans-la-famille-vincentienne\/","url_meta":{"origin":57182,"position":0},"title":"\u00c9l\u00e9ments d\u2019union dans la Famille Vincentienne","author":"Francisco Javier Fern\u00e1ndez Chento","date":"04\/08\/2016","format":false,"excerpt":"A. De quelle famille parlons-nous ? Lorsque nous parlons de la Famille Vincentienne nous faisons allusion \u00e0 tous ces groupes d\u2019associations ou \u00e0 des congr\u00e9gations qui, dans leur vie (style) et dans leur action (apostolat), s\u2019inspirent avec diverses nuances, de ce que nous appelons aujourd\u2019hui \u00ab charisme vincentien \u00bb. D\u2019autre\u2026","rel":"","context":"Dans &quot;La Famille Vincentienne&quot;","block_context":{"text":"La Famille Vincentienne","link":"https:\/\/vincentians.com\/fr\/category\/la-famille-vincentienne\/"},"img":{"alt_text":"","src":"https:\/\/i0.wp.com\/vincentians.com\/fr\/wp-content\/uploads\/sites\/10\/2014\/01\/Vincentian-Family-leaders-meeting-in-Paris.jpg?fit=1200%2C630&ssl=1&resize=350%2C200","width":350,"height":200,"srcset":"https:\/\/i0.wp.com\/vincentians.com\/fr\/wp-content\/uploads\/sites\/10\/2014\/01\/Vincentian-Family-leaders-meeting-in-Paris.jpg?fit=1200%2C630&ssl=1&resize=350%2C200 1x, https:\/\/i0.wp.com\/vincentians.com\/fr\/wp-content\/uploads\/sites\/10\/2014\/01\/Vincentian-Family-leaders-meeting-in-Paris.jpg?fit=1200%2C630&ssl=1&resize=525%2C300 1.5x, https:\/\/i0.wp.com\/vincentians.com\/fr\/wp-content\/uploads\/sites\/10\/2014\/01\/Vincentian-Family-leaders-meeting-in-Paris.jpg?fit=1200%2C630&ssl=1&resize=700%2C400 2x, https:\/\/i0.wp.com\/vincentians.com\/fr\/wp-content\/uploads\/sites\/10\/2014\/01\/Vincentian-Family-leaders-meeting-in-Paris.jpg?fit=1200%2C630&ssl=1&resize=1050%2C600 3x"},"classes":[]},{"id":52155,"url":"https:\/\/vincentians.com\/fr\/theologie-de-la-charite-selon-saint-vincent-de-paul\/","url_meta":{"origin":57182,"position":1},"title":"Th\u00e9ologie De La Charit\u00e9 Selon Saint Vincent De Paul","author":"Francisco Javier Fern\u00e1ndez Chento","date":"12\/12\/2014","format":false,"excerpt":"Caract\u00e9riser la th\u00e9ologie de la charit\u00e9 n'est pas t\u00e2che facile. Nous nous trouvons devant deux difficult\u00e9s majeures barrant notre route. Qu'est-ce exactement que la \u00abth\u00e9ologie de la charit\u00e9\u00bb? La dogmatique et la morale de la troisi\u00e8me vertu th\u00e9ologale, l'expli\u00adcation de son enracinement dans la gr\u00e2ce cr\u00e9\u00e9e, la description de ses\u2026","rel":"","context":"Dans &quot;Vincent de Paul&quot;","block_context":{"text":"Vincent de Paul","link":"https:\/\/vincentians.com\/fr\/category\/the-vincentian-family\/founders\/vincent-de-paul\/"},"img":{"alt_text":"","src":"https:\/\/i0.wp.com\/vincentiens.org\/wp-content\/uploads\/2011\/09\/Vincent_de_Paul_and_bread-188x300.jpg?resize=350%2C200","width":350,"height":200},"classes":[]},{"id":74152,"url":"https:\/\/vincentians.com\/fr\/fernand-portal-fils-de-saint-vincent-de-paul\/","url_meta":{"origin":57182,"position":2},"title":"Fernand Portal, Fils de Saint Vincent de Paul","author":"Francisco Javier Fern\u00e1ndez Chento","date":"20\/02\/2015","format":false,"excerpt":"\u00abCelui que vous voyez devant vous est un pr\u00eatre fran\u00e7ais, humble fils de saint Vincent de Paul\u00bb. C'est ainsi que Fernand Portal se pr\u00e9sentait, le 13 juillet 1896, \u00e0 Londres, devant une assembl\u00e9e compos\u00e9e en majeure partie de pr\u00eatres anglicans. En mettant ainsi en avant sa carte d'identit\u00e9 vincentienne, recourait-il\u2026","rel":"","context":"Dans &quot;Biographies Lazaristes&quot;","block_context":{"text":"Biographies Lazaristes","link":"https:\/\/vincentians.com\/fr\/category\/biographies-lazaristes\/"},"img":{"alt_text":"","src":"https:\/\/i0.wp.com\/vincentians.com\/fr\/wp-content\/uploads\/sites\/10\/2016\/08\/bio-congregation-of-the-mission.jpg?fit=1200%2C630&ssl=1&resize=350%2C200","width":350,"height":200,"srcset":"https:\/\/i0.wp.com\/vincentians.com\/fr\/wp-content\/uploads\/sites\/10\/2016\/08\/bio-congregation-of-the-mission.jpg?fit=1200%2C630&ssl=1&resize=350%2C200 1x, https:\/\/i0.wp.com\/vincentians.com\/fr\/wp-content\/uploads\/sites\/10\/2016\/08\/bio-congregation-of-the-mission.jpg?fit=1200%2C630&ssl=1&resize=525%2C300 1.5x, https:\/\/i0.wp.com\/vincentians.com\/fr\/wp-content\/uploads\/sites\/10\/2016\/08\/bio-congregation-of-the-mission.jpg?fit=1200%2C630&ssl=1&resize=700%2C400 2x, https:\/\/i0.wp.com\/vincentians.com\/fr\/wp-content\/uploads\/sites\/10\/2016\/08\/bio-congregation-of-the-mission.jpg?fit=1200%2C630&ssl=1&resize=1050%2C600 3x"},"classes":[]},{"id":38477,"url":"https:\/\/vincentians.com\/fr\/le-directeur-provincial-animateur-des-filles-de-la-charite\/","url_meta":{"origin":57182,"position":3},"title":"Le Directeur Provincial \u201canimateur\u201d des Filles de la Charit\u00e9","author":"Francisco Javier Fern\u00e1ndez Chento","date":"03\/10\/2012","format":false,"excerpt":"Dans les Constitutions des Filles de la Charit\u00e9, nous trouvons \u00e0 l\u2019article 3.38: le Directeur Provincial est un pr\u00eatre de la Congr\u00e9gation de la Mission, nomm\u00e9 par le Sup\u00e9rieur G\u00e9n\u00e9ral; \u201cil partage avec la Visitatrice et son Conseil la responsabilit\u00e9 de promouvoir l\u2019esprit vincentien dans la Province\u201d Missionnaire, le directeur\u2026","rel":"","context":"Dans &quot;Congr\u00e9gation de la Mission&quot;","block_context":{"text":"Congr\u00e9gation de la Mission","link":"https:\/\/vincentians.com\/fr\/category\/congregation-de-la-mission\/"},"img":{"alt_text":"","src":"https:\/\/i0.wp.com\/vincentiens.org\/wp-content\/uploads\/2011\/05\/filles_charite-228x300.jpg?resize=350%2C200","width":350,"height":200},"classes":[]},{"id":45335,"url":"https:\/\/vincentians.com\/fr\/saint-vincent-et-les-missions\/","url_meta":{"origin":57182,"position":4},"title":"Saint Vincent et les Missions","author":"Francisco Javier Fern\u00e1ndez Chento","date":"14\/12\/2014","format":false,"excerpt":"Introduction A.- Lorsque nous essayons d'\u00e9tudier le travail missionnaire de Vincent de Paul et de ses premiers compagnons, nous trouvons une v\u00e9ritable mystique de la Mission; alors que nous d\u00e9sirerions que le Saint nous ait donn\u00e9 aussi une doctrine th\u00e9ologique sur ce qui constitue l'objectif de sa vie, sur ce\u2026","rel":"","context":"Dans &quot;Vincent de Paul&quot;","block_context":{"text":"Vincent de Paul","link":"https:\/\/vincentians.com\/fr\/category\/the-vincentian-family\/founders\/vincent-de-paul\/"},"img":{"alt_text":"Vincent de Paul portrait","src":"https:\/\/i0.wp.com\/vincentiens.org\/wp-content\/uploads\/2014\/12\/Vincent-de-Paul-portrait-300x300.jpg?resize=350%2C200","width":350,"height":200},"classes":[]},{"id":38183,"url":"https:\/\/vincentians.com\/fr\/sainte-louise-et-saint-vincent\/","url_meta":{"origin":57182,"position":5},"title":"Sainte Louise et Saint Vincent","author":"Francisco Javier Fern\u00e1ndez Chento","date":"01\/10\/2012","format":false,"excerpt":"Comme chaque ann\u00e9e d\u00e9sormais, la f\u00eate, de Saint Vincent de Paul est c\u00e9l\u00e9br\u00e9e sur trois journ\u00e9es cons\u00e9cutives au berceau. L'Eucharistie de cette ann\u00e9e a \u00e9t\u00e9 c\u00e9l\u00e9br\u00e9e par Mgr Sarrab\u00e8re, anim\u00e9e par le P. Christian Laboure. De nombreux amis entouraient \"les r\u00e9sidants\" dont une d\u00e9l\u00e9gation volontaire de 120 jeunes gens du\u2026","rel":"","context":"Dans &quot;Formation Vincentienne&quot;","block_context":{"text":"Formation Vincentienne","link":"https:\/\/vincentians.com\/fr\/category\/formation-vincentienne\/"},"img":{"alt_text":"","src":"https:\/\/i0.wp.com\/vincentiens.org\/wp-content\/uploads\/2011\/05\/StainedGlassStVincentLouise-140x300.jpg?resize=350%2C200","width":350,"height":200},"classes":[]}],"_links":{"self":[{"href":"https:\/\/vincentians.com\/fr\/wp-json\/wp\/v2\/posts\/57182","targetHints":{"allow":["GET"]}}],"collection":[{"href":"https:\/\/vincentians.com\/fr\/wp-json\/wp\/v2\/posts"}],"about":[{"href":"https:\/\/vincentians.com\/fr\/wp-json\/wp\/v2\/types\/post"}],"author":[{"embeddable":true,"href":"https:\/\/vincentians.com\/fr\/wp-json\/wp\/v2\/users\/4"}],"replies":[{"embeddable":true,"href":"https:\/\/vincentians.com\/fr\/wp-json\/wp\/v2\/comments?post=57182"}],"version-history":[{"count":0,"href":"https:\/\/vincentians.com\/fr\/wp-json\/wp\/v2\/posts\/57182\/revisions"}],"wp:featuredmedia":[{"embeddable":true,"href":"https:\/\/vincentians.com\/fr\/wp-json\/"}],"wp:attachment":[{"href":"https:\/\/vincentians.com\/fr\/wp-json\/wp\/v2\/media?parent=57182"}],"wp:term":[{"taxonomy":"category","embeddable":true,"href":"https:\/\/vincentians.com\/fr\/wp-json\/wp\/v2\/categories?post=57182"},{"taxonomy":"post_tag","embeddable":true,"href":"https:\/\/vincentians.com\/fr\/wp-json\/wp\/v2\/tags?post=57182"}],"curies":[{"name":"wp","href":"https:\/\/api.w.org\/{rel}","templated":true}]}}