{"id":48005,"date":"2016-07-05T17:01:36","date_gmt":"2016-07-05T15:01:36","guid":{"rendered":"http:\/\/somos.vicencianos.org\/?p=48005"},"modified":"2016-07-22T06:03:32","modified_gmt":"2016-07-22T04:03:32","slug":"le-pere-jean-leon-le-prevost","status":"publish","type":"post","link":"https:\/\/vincentians.com\/fr\/le-pere-jean-leon-le-prevost\/","title":{"rendered":"Le P\u00e8re Jean-L\u00e9on Le Prevost"},"content":{"rendered":"<h2 id=\"1\">I. PR\u00c9CURSEUR DE L&rsquo;APOSTOLAT DES LA\u00cfCS<\/h2>\n<p>Il n&rsquo;est pas inutile de nous attarder sur la vie du fondateur des <em>Fr\u00e8res de Saint Vincent de Paul<\/em>, le P\u00e8re Jean-L\u00e9on Le Prevost, puisqu&rsquo;il a \u00e9t\u00e9 l&rsquo;initiateur d&rsquo;une authentique action catholique.<\/p>\n<h3 id=\"2\">UNE JEUNESSE LA\u00cfQUE ET ROMANTIQUE<\/h3>\n<p>Jean-L\u00e9on Le Prevost est n\u00e9 en Normandie en 1803, au sein d&rsquo;une famille marqu\u00e9e par la tourmente r\u00e9volutionnaire. De sant\u00e9 ch\u00e9tive, l&rsquo;enfant poursuit ses \u00e9tudes dans des \u00e9tablissements scolaires publics d\u00e9j\u00e0 la\u00efcis\u00e9s, et qui le resteront m\u00eame sous la Restauration. C&rsquo;est dire que sa formation religieuse est r\u00e9duite \u00e0 sa plus simple expression. C&rsquo;est seulement en 1823 que, devenu professeur \u00e0 Lisieux, il rencontre des pr\u00eatres intelligents qui lui font retrouver le chemin de l&rsquo;\u00c9glise, et m\u00eame enracinent dans son \u00e2me le d\u00e9sir du service de Dieu. Apr\u00e8s la mort de son p\u00e8re, sa m\u00e8re et son unique s\u0153ur s&rsquo;opposent malheureusement \u00e0 ses projets. Ne sachant leur r\u00e9sister, il monte \u00e0 Paris o\u00f9 il trouve, au minist\u00e8re des cultes, un modeste emploi de fonctionnaire qui l&rsquo;occupera pendant vingt ans. On ne peut rien imaginer de plus humble ni de plus ennuyeux. Dans la capitale, o\u00f9 il vit en d\u00e9racin\u00e9, sa pi\u00e9t\u00e9 trop r\u00e9cente s&rsquo;\u00e9tiole rapidement.<\/p>\n<p>Ses amiti\u00e9s le sauveront, et notamment celle qui le lie \u00e0 Victor Pavie, un jeune angevin lui aussi exil\u00e9 \u00e0 Paris. Quoique catholique pratiquant, Victor Pavie est un admirateur passionn\u00e9 des Romantiques, qui dominent alors la vie intellectuelle et artistique de la capitale. Dans son sillage, Jean-L\u00e9on Le Prevost p\u00e9n\u00e8tre dans leurs salons, s&rsquo;enthousiasme \u00e0 son tour de leurs discussions politiques aussi bien que litt\u00e9raires ou artistiques. Il fr\u00e9quente Victor Hugo, Sainte-Beuve, Vigny, etc. Pendant pr\u00e8s de six ans, notre modeste fonctionnaire du minist\u00e8re des cultes se m\u00e9tamorphose, certains soirs de semaine et le dimanche, en brillant homme de salon, et s&rsquo;attire l&rsquo;estime de tous.<\/p>\n<h3 id=\"3\">LA CONVERSION<\/h3>\n<p>La R\u00e9volution de 1830, qui vit la chute de la monarchie l\u00e9gitime, \u00e9branle soudainement les heureuses certitudes de sa vie mondaine : \u00ab <em>La r\u00e9volution des faits,<\/em> \u00e9crit-il \u00e0 son ami Pavie, <em>n&rsquo;est pas plus grande que ma r\u00e9volution int\u00e9rieure.<\/em> \u00bb Elle lui cause d&rsquo;abord un d\u00e9go\u00fbt du <em>noyau dur de la r\u00e9volution,<\/em> comme notre P\u00e8re appelle cette classe politique qui se maintient au pouvoir depuis 1789, pr\u00eate \u00e0 tout pour garder sa mainmise sur le pays, quel que soit le r\u00e9gime politique. Ce d\u00e9go\u00fbt rejaillit ensuite forc\u00e9ment sur le c\u00e9nacle romantique o\u00f9 souffle l&rsquo;opportunisme politique. Enfin, il \u00e9prouve conjointement une profonde d\u00e9ception envers la monarchie l\u00e9gitime qui est tomb\u00e9e sans lutte, sans grandeur.<\/p>\n<p>\u00c0 cette \u00e9poque, Le Prevost n&rsquo;est toujours pas revenu \u00e0 la pratique religieuse. Il faut attendre octobre 1831 pour lire pour la premi\u00e8re fois le nom de Dieu dans sa volumineuse correspondance qui a \u00e9t\u00e9 conserv\u00e9e : \u00ab <em>Oui,<\/em> \u00e9crit-il \u00e0 Victor Pavie, <em>devant Dieu l&rsquo;amiti\u00e9 est vraiment sainte. Tout sentiment profond, g\u00e9n\u00e9reux, d\u00e9vou\u00e9 est un \u00e9lan vers Dieu et j&rsquo;ai toujours de pareils mouvements en pensant \u00e0 vous.<\/em> \u00bb Il est alors s\u00e9duit par les \u00e9crits enflamm\u00e9s de F\u00e9licit\u00e9 de Lamennais. Victor Pavie, qui a aussi ses relations dans ce milieu, l&rsquo;introduit dans le groupe de <em>La Chesnaye<\/em>, du nom de la maison habit\u00e9e par Lamennais en Bretagne, qui avait jou\u00e9 un r\u00f4le important dans le renouveau de l&rsquo;\u00c9glise de France apr\u00e8s la premi\u00e8re tourmente r\u00e9volutionnaire, initiant le mouvement ultramontain. Toutefois, en ces ann\u00e9es tournantes, <em>le<\/em> <em>ma\u00eetre<\/em> conna\u00eet une \u00e9volution tragique : en quelques mois, il con\u00e7oit <em>le progressisme,<\/em> l&rsquo;une des h\u00e9r\u00e9sies les plus formidables de l&rsquo;histoire de l&rsquo;\u00c9glise, et dans laquelle il s&rsquo;obstinera jusqu&rsquo;\u00e0 mourir apostat en 1854. Ni Pavie, ni Le Prevost ne prennent la mesure du drame qui se joue ; ils lisent cependant avec int\u00e9r\u00eat <em>L&rsquo;Avenir<\/em>, son journal, qui exhorte l&rsquo;\u00c9glise \u00e0 se d\u00e9solidariser des pouvoirs \u00e9tablis afin de faire cause commune avec le peuple pour la Libert\u00e9.<\/p>\n<p>Le chol\u00e9ra qui frappe Paris en avril 1832 fait p\u00e2lir ces chim\u00e8res. En quelques semaines, un habitant sur quinze est atteint, un sur trente-deux meurt, et le bilan serait plus lourd sans les miracles op\u00e9r\u00e9s par la m\u00e9daille de la Sainte Vierge, qu&rsquo;on appelle d\u00e8s lors la <em>m\u00e9daille miraculeuse.<\/em> Ce drame \u00e9pouvantable ach\u00e8ve la conversion de Jean-L\u00e9on Le Prevost. \u00ab <em>\u00c0 l&rsquo;aide de Dieu, je sors enfin de ces brouillards d&rsquo;incertitude, de doute, je redeviens croyant, je sens que mes liens se brisent et que je remonte \u00e0 la v\u00e9rit\u00e9 : ma pri\u00e8re n&rsquo;est plus vague, incertaine, au hasard jet\u00e9e vers le Dieu inconnu, elle va d&rsquo;une pente naturelle au Dieu que je sens, que je vois, que j&rsquo;entends et sous l&rsquo;\u0153il de qui je suis \u00e0 cet instant comme \u00e0 tous les autres.<\/em> \u00bb Si bien qu&rsquo;en ao\u00fbt de la m\u00eame ann\u00e9e, il d\u00e9sire faire sa confession g\u00e9n\u00e9rale. Il s&rsquo;adresse tour \u00e0 tour \u00e0 Lacordaire, \u00e0 F\u00e9licit\u00e9 de Lamennais et \u00e0 Gerbet, qui se d\u00e9filent, laissant Le Prevost quelque peu d\u00e9sappoint\u00e9 : c&rsquo;est qu&rsquo;ils ont d&rsquo;autres pr\u00e9occupations !<\/p>\n<p>En effet, quelques jours plus tard, alors qu&rsquo;un modeste cur\u00e9 vient de le r\u00e9concilier avec son Dieu, Le Prevost apprend que le pape Gr\u00e9goire XVI condamne Lamennais et le journal <em>L&rsquo;Avenir.<\/em><\/p>\n<p>Il semble bien que lui et son ami Pavie se soient soumis sans difficult\u00e9, mais il est d\u00e8s lors convaincu que les temps sont mauvais et que le salut ne viendra pas d&rsquo;une r\u00e9volution. Il l&rsquo;\u00e9crit \u00e0 son ami : \u00ab <em>Pour tous ceux qui, comme nous, n&rsquo;ont de regard que pour l&rsquo;avenir ; de vie sociale, de vie politique, il n&rsquo;en est point de nos jours : il ne nous reste donc \u00e0 nous chr\u00e9tiens, qu&rsquo;\u00e0 nous r\u00e9fugier l\u00e0, qu&rsquo;\u00e0 rentrer aux devoirs primitifs de la famille, et dans cet \u00e9troit horizon accomplir notre carri\u00e8re, priant, faisant le bien, r\u00e9sign\u00e9s durant ce silence de Dieu, attendant sa parole.<\/em> \u00bb Il ajoute cependant : \u00ab <em>Il ne suffit pas de croire, il faut une forme \u00e0 la foi, il faut des \u0153uvres, il faut remplir les devoirs du chr\u00e9tien.<\/em> \u00bb<\/p>\n<p>Nouveau converti, Le Prevost continue \u00e0 fr\u00e9quenter les milieux lib\u00e9raux qui ont pris une certaine distance avec Lamennais. Voisin du comte de Montalembert, il assiste assid\u00fbment \u00e0 ses r\u00e9unions du dimanche. On y parle peu de politique mais beaucoup d&rsquo;histoire, de sciences exp\u00e9rimentales, de litt\u00e9rature, d&rsquo;art. De temps en temps, Liszt se met au piano et interpr\u00e8te ses derni\u00e8res compositions. On \u00e9coute enfin Lacordaire, en faveur duquel on intrigue aupr\u00e8s de l&rsquo;archev\u00eaque de Paris, Mgr de Quelen. C&rsquo;est dans le salon de Montalembert que Le Prevost rencontre Fr\u00e9d\u00e9ric Ozanam, pour la premi\u00e8re fois, durant le printemps 1833. Ce jeune Lyonnais de vingt ans, mont\u00e9 \u00e0 Paris pour achever ses \u00e9tudes de Droit, vient de fonder avec cinq camarades, <em>la conf\u00e9rence de charit\u00e9.<\/em> Sagement conseill\u00e9s par Emmanuel Bailly, original professeur de philosophie et journaliste, et par la Soeur Rosalie, ils visitent les pauvres et leur distribuent un peu d&rsquo;aide p\u00e9cuniaire. C&rsquo;est ainsi que cette jeunesse bourgeoise d\u00e9couvre l&rsquo;\u00e9tat lamentable des ouvriers de Paris, priv\u00e9s de la protection des corporations et des confr\u00e9ries par la R\u00e9volution. \u00c0 cette \u00e9poque, il n&rsquo;est pas rare qu&rsquo;un ouvrier travaille entre douze et seize heures par jour, six jours par semaine. La premi\u00e8re loi sociale en France est vot\u00e9e en 1841 pour limiter le travail des enfants de moins de douze ans \u00e0 huit heures par jour !<\/p>\n<p>En ao\u00fbt 1833, Le Prevost se joint \u00e0 <em>la conf\u00e9rence de charit\u00e9,<\/em> il est le premier membre qui ne soit pas \u00e9tudiant.<\/p>\n<p>En octobre, terrass\u00e9 \u00e0 son tour par le chol\u00e9ra, il n&rsquo;en r\u00e9chappe que par miracle, pour en rester cependant affaibli physiquement mais \u00e0 jamais d\u00e9go\u00fbt\u00e9 de la vie mondaine. Il ne tarde pas \u00e0 reprendre ses d\u00e9vouements \u00e0 <em>la conf\u00e9rence de la charit\u00e9<\/em>, dont il devient vice-pr\u00e9sident en janvier 1834, et un des membres les plus z\u00e9l\u00e9s, comme l&rsquo;attestent les proc\u00e8s-verbaux des r\u00e9unions. C&rsquo;est lui qui propose, le 4 f\u00e9vrier 1834, de mettre l&rsquo;association sous le patronage de saint Vincent de Paul : <em>les conf\u00e9rences de Saint-Vincent-de-Paul<\/em> sont n\u00e9es.<\/p>\n<h3 id=\"4\">UN MARIAGE DE CHARIT\u00c9<\/h3>\n<p>\u00c0 la m\u00eame \u00e9poque, convaincu par un Sulpicien que sa mauvaise sant\u00e9 lui barre \u00e0 jamais les portes du sacerdoce, Le Prevost, qui va avoir trente ans, se r\u00e9sout \u00e0 se marier. Au lieu de suivre son inclination pour une femme de son \u00e2ge, il fixe son choix sur une amie \u00e2g\u00e9e de quarante-sept ans, psychiquement tr\u00e8s fragile mais, surtout, qui n&rsquo;a pas la foi. C&rsquo;est qu&rsquo;il veut sauver cette \u00e2me. Plus tard, il confiera avoir agi par pur sentiment de g\u00e9n\u00e9rosit\u00e9, et il ajoutera \u00ab <em>peut-\u00eatre exag\u00e9r\u00e9e<\/em> \u00bb. Le mariage est c\u00e9l\u00e9br\u00e9 le 19 juin ; compte tenu de l&rsquo;\u00e2ge de son \u00e9pouse, il est convenu qu&rsquo;ils vivront comme fr\u00e8re et s\u0153ur. Deux mois plus tard, il comprend qu&rsquo;un calvaire vient de commencer pour lui. Nerveuse, facilement irritable, Mme Le Prevost est toujours au bord de l&rsquo;effondrement, voire du suicide. Il doit toujours c\u00e9der pour \u00e9viter le terrible engrenage, ce qu&rsquo;il appelle \u00ab <em>les quatre pas de la chute : injure, violence, assassinat, suicide.<\/em> \u00bb Il le fera avec tendresse pendant onze ans, consid\u00e9rant que c&rsquo;est son premier devoir ; finalement, il obtiendra la conversion de cette \u00e2me qui lui est ch\u00e8re.<\/p>\n<p>Pour traverser cette \u00e9preuve, il re\u00e7oit providentiellement l&rsquo;aide d&rsquo;un excellent directeur spirituel en la personne de l&rsquo;abb\u00e9 de Malet, ardent disciple de saint Fran\u00e7ois de Sales. Sous sa sage direction il devient, en peu de temps, un homme d&rsquo;oraison autant qu&rsquo;un homme d&rsquo;\u0153uvres abandonn\u00e9 \u00e0 la volont\u00e9 de Dieu. Il d\u00e9couvre le sens de la Croix, comme en t\u00e9moigne cette lettre \u00e0 l&rsquo;ami Pavie : \u00ab <em>Oui, toute souffrance, toute douleur est un pas. On se tra\u00eene, on ne marche pas autrement. Mais dans cette voie, apr\u00e8s quelques degr\u00e9s franchis, l&rsquo;\u0153il s&rsquo;ouvre et plonge dans l&rsquo;immense v\u00e9rit\u00e9. Le Myst\u00e8re de la Croix r\u00e9v\u00e8le sa sublimit\u00e9 et l&rsquo;\u00e2me entre en possession du bonheur promis. Bienheureux ceux qui pleurent. Oui, bienheureux de la joie du sacrifice, de la joie du d\u00e9pouillement, de l&rsquo;amour soumis et d\u00e9vou\u00e9 qui s&rsquo;immole \u00e0 ce qu&rsquo;il aime et le glorifie en ab\u00eemant tout en lui.<\/em> \u00bb<\/p>\n<p>L&rsquo;extraordinaire activit\u00e9 charitable de M. Le Prevost, que nous allons maintenant \u00e9voquer, n&rsquo;occupe donc que le temps des loisirs que lui laissent son emploi au minist\u00e8re des cultes et&#8230; l&rsquo;irascible caract\u00e8re de son \u00e9pouse. Cela n&rsquo;en est que plus prodigieux.<\/p>\n<h3 id=\"5\">LES CONF\u00c9RENCES DE SAINT-VINCENT-DE-PAUL<\/h3>\n<p>La conf\u00e9rence de Saint-Vincent-de-Paul, en effet, ne cesse de se d\u00e9velopper : d\u00e8s le mois de mai 1834, ils sont soixante-dix confr\u00e8res. Ozanam voudrait la diviser par quartiers, mais certains s&rsquo;y opposent avec v\u00e9h\u00e9mence. N&rsquo;oublions pas qu&rsquo;elle r\u00e9unit essentiellement des \u00e9tudiants, toujours heureux de se retrouver pour visiter les pauvres, faire des sacrifices, certes, mais aussi pour ensuite aller ensemble prendre un repas ou faire quelque promenade. Diviser la conf\u00e9rence, c&rsquo;est forc\u00e9ment l&rsquo;institutionnaliser et lui faire perdre ce caract\u00e8re de r\u00e9union amicale. Lors d&rsquo;une m\u00e9morable assembl\u00e9e, le 17 f\u00e9vrier 1835, M. Le Prevost arrive \u00e0 convaincre ses jeunes amis qu&rsquo;il est n\u00e9cessaire de donner une organisation plus solide et plus s\u00e9rieuse \u00e0 une \u0153uvre dont il leur montre l&rsquo;importance qu&rsquo;il pressent. Les riches, en effet, ignorent tout des conditions de vie de la classe laborieuse puisque, depuis la R\u00e9volution, pauvres et riches vivent dans des quartiers s\u00e9par\u00e9s, et non plus sous le m\u00eame toit, \u00e0 un \u00e9tage diff\u00e9rent, comme au temps de l&rsquo;Ancien R\u00e9gime ! Pour les jeunes bourgeois, la visite des pauvres \u00e0 domicile est donc, d\u00e8s cette \u00e9poque, l&rsquo;unique moyen de prendre conscience de la <em>question sociale,<\/em> funeste h\u00e9ritage de la R\u00e9volution.<\/p>\n<p>Au contact de ces pauvres, il faut bien se demander ce qui les a r\u00e9duits \u00e0 une telle mis\u00e8re. Il en r\u00e9sulte un acte d&rsquo;accusation de la R\u00e9volution car la monarchie tr\u00e8s chr\u00e9tienne avait su pr\u00e9server la France des m\u00e9faits du capitalisme sauvage qui s\u00e9vissait d\u00e9j\u00e0 en Angleterre, sans pour autant s&rsquo;opposer au d\u00e9veloppement industriel. C&rsquo;est ce qui explique que les conf\u00e9rences de Saint-Vincent-de-Paul, quoique fond\u00e9es par des lib\u00e9raux, deviennent un milieu de plus en plus r\u00e9actionnaire, d&rsquo;autant plus que des catholiques int\u00e9graux s&rsquo;y inscrivent avec enthousiasme et ne sont pas les derniers \u00e0 s&rsquo;y d\u00e9vouer\u2026<\/p>\n<p>M. Le Prevost est repr\u00e9sentatif de cette \u00e9volution : de romantique, puis de chr\u00e9tien lib\u00e9ral qu&rsquo;il \u00e9tait, il devient en quelques mois un catholique l\u00e9gitimiste convaincu. C&rsquo;est alors qu&rsquo;il commence \u00e0 s&rsquo;opposer \u00e0 Fr\u00e9d\u00e9ric Ozanam qui ne se d\u00e9partira pas de ses sympathies lib\u00e9rales. Ozanam ne con\u00e7oit pas les conf\u00e9rences de Saint-Vincent-de-Paul autrement que comme un instrument de charit\u00e9 ; Le Prevost comprend qu&rsquo;elles peuvent aussi \u00eatre un instrument de r\u00e9g\u00e9n\u00e9ration de la classe ouvri\u00e8re et de Contre-R\u00e9volution r\u00e9elle, en travaillant \u00e0 abolir la lutte des classes, funeste cons\u00e9quence de la R\u00e9volution. Voil\u00e0 pourquoi la conf\u00e9rence de Saint-Vincent-de-Paul de la paroisse Saint-\u00c9tienne-du-Mont, \u00e0 laquelle appartient Ozanam, se contente des visites \u00e0 domicile, tandis que celle de la paroisse Saint-Sulpice, pr\u00e9sid\u00e9e par Le Prevost, d\u00e9veloppe des \u0153uvres et des institutions annexes, embrigadant l&rsquo;\u00e9lite de la paroisse au service des pauvres. Il est le premier \u00e0 instaurer un vestiaire &#8211; ce qu&rsquo;on appelle au Canada un ouvroir -, il organise une biblioth\u00e8que populaire et des fourneaux \u00e9conomiques (soupe populaire).<\/p>\n<p>Une autre de ses <em>charitables inventions<\/em> vaut d&rsquo;\u00eatre remarqu\u00e9e, elle met en valeur son r\u00e9alisme et son audace : il s&rsquo;agit de <em>la caisse des loyers<\/em>. Les ouvriers qui en font partie, y d\u00e9posent une part de leur paye journali\u00e8re ou hebdomadaire, afin d&rsquo;\u00e9conomiser, pour la fin du mois, le montant de leur loyer. S&rsquo;ils sont fid\u00e8les \u00e0 cette pratique pendant un an, ils re\u00e7oivent en int\u00e9r\u00eats une mensualit\u00e9 financ\u00e9e par la conf\u00e9rence de Saint-Vincent-de-Paul. Par ce moyen, Le Prevost fait dispara\u00eetre des quartiers de Saint-Sulpice ce fl\u00e9au social des expulsions de familles enti\u00e8res, qui se retrouvaient sur le pav\u00e9 de Paris, d\u00e9munies de tout, et dans quels sentiments de d\u00e9sespoir ou de haine ! D&rsquo;autre part, ce syst\u00e8me bancaire original et intelligent apprend aux ouvriers les vertus de l&rsquo;\u00e9conomie, au grand soulagement des m\u00e8res de famille qui vivent dans l&rsquo;angoisse des fins de mois. Enfin, il a l&rsquo;avantage de procurer \u00e0 la Conf\u00e9rence un fonds de roulement. On ne s&rsquo;\u00e9tonne pas que la plupart des Conf\u00e9rences des autres paroisses de Paris l&rsquo;aient adopt\u00e9 peu \u00e0 peu, malgr\u00e9 le faible enthousiasme d&rsquo;Ozanam qui s&rsquo;opposa aussi \u00e0 une autre des plus importantes fondations de M. Le Prevost : l&rsquo;association de la Sainte-Famille.<\/p>\n<h3 id=\"6\">L&rsquo;ASSOCIATION DE LA SAINTE FAMILLE<\/h3>\n<p>M. Le Prevost le r\u00e9p\u00e8te souvent : \u00ab <em>Dieu aime les familles<\/em> \u00bb, aussi trouve-t-il insuffisante l&rsquo;aide p\u00e9cuniaire que les confr\u00e8res de Saint-Vincent-de-Paul leur distribuent. Il consid\u00e8re qu&rsquo;il faut aussi les aider spirituellement et moralement pour qu&rsquo;elles deviennent des familles selon le C\u0153ur de Dieu. Une semaine sur deux, il organise donc des dimanches apr\u00e8s-midi pour les familles pauvres, \u00e0 la crypte de l&rsquo;\u00e9glise Saint-Sulpice. La famille au grand complet est invit\u00e9e ; la r\u00e9union commence par la c\u00e9l\u00e9bration de la messe, puisque beaucoup d&rsquo;ouvriers et de gens de service, travaillant le dimanche matin, ne peuvent jamais y assister. Puis, plusieurs activit\u00e9s sont pr\u00e9vues selon l&rsquo;\u00e2ge des participants, de la chorale \u00e0 la garderie. Ensuite, tous se retrouvent pour une tombola, dont les quelques lots offerts par la conf\u00e9rence de Saint-Vincent-de-Paul sont souvent des tr\u00e9sors pour ces pauvres gens. Enfin, une pr\u00e9dication et le chant de quelques cantiques cl\u00f4turent la r\u00e9union. On imagine facilement le succ\u00e8s de ces r\u00e9unions pour ces familles qui sont ainsi, le temps d&rsquo;un dimanche apr\u00e8s-midi, arrach\u00e9es \u00e0 leur condition mis\u00e9rable. Leur succ\u00e8s est d\u00fb \u00e0 la gentillesse et au g\u00e9nie de l&rsquo;organisation de M. Le Prevost, au d\u00e9vouement et \u00e0 la g\u00e9n\u00e9rosit\u00e9 de la conf\u00e9rence de Saint-Vincent-de-Paul ; mais il faut aussi mentionner le r\u00f4le essentiel jou\u00e9 par un jeune j\u00e9suite, le P\u00e8re Milleriot, qui s&rsquo;av\u00e8re un remarquable pr\u00e9dicateur populaire, le premier du genre \u00e0 Paris. Entre deux r\u00e9unions, il visite les familles rencontr\u00e9es le dimanche, r\u00e9gularise bien des situations et devient le conseiller fort \u00e9cout\u00e9 de ce bon peuple de Paris. Il poursuivra ce fructueux apostolat pendant trente-six ans.<\/p>\n<p>M. Le Prevost organise aussi des r\u00e9unions sp\u00e9ciales pour No\u00ebl, les Jours saints, la f\u00eate de saint Joseph. C&rsquo;est dans le cadre de cette association de la Sainte Famille qu&rsquo;il invente la f\u00eate des m\u00e8res ! Mais il faudrait s&rsquo;arr\u00eater \u00e0 d&rsquo;autres initiatives inspir\u00e9es par son z\u00e8le pour le bien des \u00e2mes. Par exemple, la retraite annuelle qui, d\u00e8s la premi\u00e8re ann\u00e9e, r\u00e9unit mille pauvres, dont huit cents communient le dernier jour. En \u00e9t\u00e9, des pique-niques au bord de la Seine les sortent de leur quartier sordide, de m\u00eame les p\u00e8lerinages aux sanctuaires parisiens ; le premier, en 1845, en conduit huit cents \u00e0 Notre-Dame des Victoires, o\u00f9 le bon cur\u00e9 Desgenettes leur fit une touchante pr\u00e9dication.<\/p>\n<h3 id=\"7\">LA SOCI\u00c9T\u00c9 SAINT-VINCENT-DE-PAUL<\/h3>\n<p>Toutes ces activit\u00e9s sont soutenues financi\u00e8rement par les membres de la conf\u00e9rence de Saint-Vincent-de-Paul qui, heureusement, n&rsquo;est plus compos\u00e9e uniquement de jeunes gens. L&rsquo;\u0153uvre a pris une grande ampleur \u00e0 Paris comme en province. Les \u00e9tudiants du d\u00e9but, une fois leurs \u00e9tudes termin\u00e9es, sont retourn\u00e9s dans leurs pays natal, et y ont fait conna\u00eetre l&rsquo;\u0153uvre charitable. En 1844, elle est r\u00e9pandue pratiquement dans toute la France, et m\u00eame \u00e0 l&rsquo;\u00e9tranger : les 32 Conf\u00e9rences de Paris et les 109 de la province regroupent plus de cinq mille membres. Rome, Alger, Londres, Munich, Bruxelles, Mexico, ont d\u00e9j\u00e0 leur Conf\u00e9rence. Toutes sont chapeaut\u00e9es par la Soci\u00e9t\u00e9 Saint-Vincent-de-Paul, au sein de laquelle M. Le Prevost joue un r\u00f4le important, le plus souvent \u00e0 titre de vice-pr\u00e9sident.<\/p>\n<p>C&rsquo;est au cours des r\u00e9unions du bureau national, qui se tiennent tous les lundis apr\u00e8s-midi, qu&rsquo;il s&rsquo;oppose avec Ozanam quoique leurs vertus emp\u00eachent tout \u00e9clat. Ozanam a admis que le mouvement soit vou\u00e9 \u00e0 l&rsquo;\u00e9vang\u00e9lisation des pauvres, \u00e0 l&rsquo;\u00e9ducation populaire et \u00e0 la r\u00e9conciliation entre les classes sociales, mais il veut qu&rsquo;il reste un mouvement de la\u00efcs. Le Prevost, lui, veut redonner aux pauvres des institutions protectrices et, ne concevant pas une \u0153uvre pour le salut des \u00e2mes sans un r\u00f4le important du clerg\u00e9, il veut que cette \u0153uvre la\u00efque se fasse l&rsquo;auxiliaire du cur\u00e9 de paroisse. \u00ab <em>Il faut r\u00e9concilier les classes ouvri\u00e8res et pauvres avec l&rsquo;\u00c9glise et ses ministres<\/em> \u00bb<em>,<\/em> aime-t-il \u00e0 dire.<\/p>\n<p>C&rsquo;est cet id\u00e9al qui, en quelques mois, va faire de ce petit fonctionnaire au c\u0153ur d&rsquo;or, mari\u00e9 avec une \u00e9pouse psychiquement malade, un fondateur de congr\u00e9gation religieuse et un contre-r\u00e9volutionnaire convaincu.<\/p>\n<h2>II. FONDATEUR D&rsquo;UNE CONGR\u00c9GATION RELIGIEUSE CONTRE-R\u00c9VOLUTIONNAIRE<\/h2>\n<p>En 1843, M. Le Prevost se d\u00e9voue, en plus de toutes ses autres activit\u00e9s, aupr\u00e8s d&rsquo;un petit groupe d&rsquo;orphelins apprentis. Cette derni\u00e8re \u0153uvre va se trouver \u00e0 l&rsquo;origine de la fondation d&rsquo;une communaut\u00e9 religieuse originale, dont l&rsquo;histoire et l&rsquo;exp\u00e9rience pourraient \u00eatre utiles \u00e0 l&rsquo;heure de la Renaissance catholique.<\/p>\n<h3 id=\"9\">LES LIMITES DE L&rsquo;APOSTOLAT DES LA\u00cfCS<\/h3>\n<p>Ce modeste orphelinat avait \u00e9t\u00e9 fond\u00e9 par Emmanuel Bailly, le mentor d&rsquo;Ozanam pour la fondation de la conf\u00e9rence de charit\u00e9. Puis le jeune M. de Kerguelen, ardent catholique, l\u00e9gitimiste, s&rsquo;y \u00e9tait d\u00e9vou\u00e9. Faute de temps, M. Le Prevost en avait rapidement transf\u00e9r\u00e9 la charge aux Fr\u00e8res des \u00c9coles chr\u00e9tiennes, mais il aimait le visiter r\u00e9guli\u00e8rement. Il fit ainsi la triste constatation que si ces bons Fr\u00e8res \u00e9taient de parfaits \u00e9ducateurs, ils ne pouvaient cependant assumer la protection des enfants dans leur milieu de travail. Ils se heurtaient en effet \u00e0 la m\u00e9fiance des patrons et \u00e0 l&rsquo;hostilit\u00e9 anticl\u00e9ricale de la plupart des ouvriers, mises en alerte par leur habit religieux. M. Le Prevost convainquit alors la conf\u00e9rence de Saint-Vincent-de-Paul de s&rsquo;occuper du placement des apprentis et la surveillance du respect de leur contrat de travail, ainsi que leurs loisirs et leurs v\u00eatements. Le patronage \u00e9tait n\u00e9. Comprenons bien le sens de cette institution : il s&rsquo;agit de faire <em>patronner<\/em> des enfants pauvres par de bons chr\u00e9tiens d\u00e9vou\u00e9s qui veillent sur leur \u00e9ducation spirituelle et professionnelle comme sur le bien de leurs \u00e2mes, tant dans leur milieu de travail que pendant les jours f\u00e9ri\u00e9s.<\/p>\n<p>Il ne fallut pas beaucoup de temps \u00e0 M. Le Prevost, comme \u00e0 M. de Kerguelen qui avait fond\u00e9 \u00e0 Quimper une \u0153uvre semblable, pour se rendre compte que cette institution si n\u00e9cessaire et si b\u00e9n\u00e9fique, \u00e9tait trop lourde pour des la\u00efcs qui avaient par ailleurs leur vie professionnelle et familiale. Elle n\u00e9cessitait le d\u00e9vouement d&rsquo;une congr\u00e9gation religieuse\u2026 sans habit religieux. C&rsquo;est ce que M. de Kerguelen sugg\u00e8re \u00e0 son ami : \u00ab <em>Puisse la sagesse divine inspirer \u00e0 quelques \u00e2mes privil\u00e9gi\u00e9es de fonder un ordre de fr\u00e8res ouvriers.<\/em> \u00bb.<\/p>\n<p>M. Le Prevost accepta d&rsquo;autant plus facilement la suggestion qu&rsquo;\u00e0 la m\u00eame \u00e9poque, il en recevait l&rsquo;inspiration dans la chapelle de la rue de S\u00e8vres \u00e0 Paris, en priant devant les reliques de saint Vincent de Paul : fonder un institut de religieux la\u00efcs consacr\u00e9s enti\u00e8rement au peuple le plus pauvre. Ils conserveraient l&rsquo;habit la\u00efque, mais ils seraient intimement associ\u00e9s au minist\u00e8re des pr\u00eatres et ils seraient \u00ab <em>les moines de l&rsquo;avenir et les \u00e9vang\u00e9lisateurs des pauvres.<\/em> \u00bb<\/p>\n<p>Jean-L\u00e9on Le Prevost en parle d\u00e8s 1843 \u00e0 un groupe d&rsquo;amis d\u00e9vou\u00e9s, mais aucun ne veut le suivre. Cachant sa d\u00e9ception, il attend l&rsquo;heure de Dieu.<\/p>\n<p>Or, quelques semaines plus tard, un jeune homme de 21 ans se pr\u00e9sente \u00e0 lui. Il s&rsquo;appelle Maurice Maignen. Monarchiste l\u00e9gitimiste convaincu, artiste mais, orphelin de p\u00e8re, il est soutien de famille. Quoique pauvre et ayant abandonn\u00e9 depuis longtemps la pratique religieuse, il veut se joindre \u00e0 la conf\u00e9rence de Saint-Vincent-de-Paul dont il a entendu parler. Il ne tarde pas \u00e0 comprendre que la bonne Providence vient de lui redonner un vrai p\u00e8re ! Comme souvent dans l&rsquo;\u00c9glise catholique, au fondement des \u0153uvres faites pour durer, la circumincessante charit\u00e9 unit les \u00e2mes des fondateurs dans une relation de ma\u00eetre \u00e0 disciple, de fils \u00e0 p\u00e8re. Admiratif de son p\u00e8re spirituel, dont il devient l&rsquo;auxiliaire d\u00e9vou\u00e9, Maurice Maignen retrouve plus que la pratique religieuse : le chemin du C\u0153ur de J\u00e9sus et du C\u0153ur de Marie. Aussi, lorsqu&rsquo;\u00e0 l&rsquo;automne 1844, M. Le Prevost l&rsquo;entretient de son d\u00e9sir de voir na\u00eetre une communaut\u00e9 religieuse vou\u00e9e aux \u0153uvres dont il assume la charge, Maignen s&rsquo;\u00e9crit aussit\u00f4t : \u00ab <em>Ah, s&rsquo;il se trouvait jamais quelques hommes d\u00e9cid\u00e9s \u00e0 embrasser une vie pareille, je quitterais tout pour les suivre.<\/em> \u00bb<\/p>\n<h3 id=\"10\">LA FONDATION DES FR\u00c8RES DE SAINT-VINCENT-DE-PAUL<\/h3>\n<div id=\"attachment_48007\" style=\"width: 210px\" class=\"wp-caption alignleft\"><a href=\"https:\/\/i0.wp.com\/vincentiens.org\/wp-content\/uploads\/2012\/10\/Mgr-Angebault.jpg\"><img data-recalc-dims=\"1\" loading=\"lazy\" decoding=\"async\" aria-describedby=\"caption-attachment-48007\" class=\"size-full wp-image-48007\" title=\"Monseigneur Angebault, \u00e9v\u00eaque d'Angers\" src=\"https:\/\/i0.wp.com\/vincentiens.org\/wp-content\/uploads\/2012\/10\/Mgr-Angebault.jpg?resize=200%2C222\" alt=\"Monseigneur Angebault, \u00e9v\u00eaque d'Angers\" width=\"200\" height=\"222\" \/><\/a><p id=\"caption-attachment-48007\" class=\"wp-caption-text\">Monseigneur Angebault, \u00e9v\u00eaque d&rsquo;Angers<\/p><\/div>\n<p>Or, au m\u00eame moment, \u00e0 Angers, un bon chr\u00e9tien d\u00e9sirait embrasser une telle vie. Cl\u00e9ment Myionnet avait fait fortune dans le commerce des m\u00e9taux, mais il s&rsquo;\u00e9tait presque ruin\u00e9 en essayant de fonder un orphelinat. Cette triste exp\u00e9rience l&rsquo;avait convaincu, lui aussi, de la n\u00e9cessit\u00e9 d&rsquo;une congr\u00e9gation religieuse de la\u00efcs vou\u00e9e \u00e0 ce type d&rsquo;apostolat. Par un concours de circonstances providentielles, l&rsquo;\u00e9v\u00eaque d&rsquo;Angers, Mgr Angebault, apprit les m\u00e9saventures de son dioc\u00e9sain et ses pieux projets qu&rsquo;il encouragea. Cherchant vainement \u00e0 Angers des jeunes gens voulant le suivre dans pareille aventure, M. Myionnet demanda \u00e0 son \u00e9v\u00eaque la permission d&rsquo;aller les trouver \u00e0 Paris ; il \u00e9tait impossible, lui expliqua-t-il, que personne dans une aussi grande ville n&rsquo;ait le m\u00eame d\u00e9sir que lui. Arriv\u00e9 dans la capitale, il se rendit au sanctuaire de Notre-Dame des Victoires, y rencontra des membres de la conf\u00e9rence Saint-Vincent-de-Paul, qui lui firent conna\u00eetre M. Le Prevost. L&rsquo;entente entre les deux hommes fut imm\u00e9diate et parfaite. Le Prevost, Maignen, Myionnet : <em>le fil triple ne rompt pas<\/em>, dit le Proverbe, la communaut\u00e9 pouvait \u00eatre fond\u00e9e.<\/p>\n<p>Cela se fit \u00e0 Paris, mais sous la responsabilit\u00e9 de l&rsquo;\u00e9v\u00eaque d&rsquo;Angers, le 3 mars 1845. Trois confr\u00e8res de Saint-Vincent-de-Paul devaient commencer \u00e0 cette date la vie commune, avec M. Myionnet. M. Le Prevost, leur sup\u00e9rieur, toujours li\u00e9 par les liens du mariage, les rejoindrait plus tard, de m\u00eame que Maignen qui ne pouvait abandonner du jour au lendemain sa famille sans ressources. Mais \u00e0 la fin de la retraite pr\u00e9paratoire pr\u00each\u00e9e par Mgr Angebault, Myionnet n&rsquo;eut plus qu&rsquo;un compagnon, et le soir de la premi\u00e8re journ\u00e9e de patronage au cours de laquelle les enfants furent particuli\u00e8rement excit\u00e9s, celui-ci s&rsquo;\u00e9clipsa sans mot dire\u2026 L&rsquo;\u00e9v\u00eaque d&rsquo;Angers consid\u00e9ra que c&rsquo;\u00e9tait un bon d\u00e9but pour une telle \u0153uvre, et il r\u00e9conforta son cher fils qui allait devoir faire preuve encore de beaucoup de patience.<\/p>\n<div id=\"attachment_48008\" style=\"width: 210px\" class=\"wp-caption alignright\"><a href=\"https:\/\/i0.wp.com\/vincentiens.org\/wp-content\/uploads\/2012\/10\/myonnet.jpg\"><img data-recalc-dims=\"1\" loading=\"lazy\" decoding=\"async\" aria-describedby=\"caption-attachment-48008\" class=\"size-full wp-image-48008 \" title=\"Le Fr\u00e8re Myionnet\" src=\"https:\/\/i0.wp.com\/vincentiens.org\/wp-content\/uploads\/2012\/10\/myonnet.jpg?resize=200%2C273\" alt=\"Le Fr\u00e8re Myionnet\" width=\"200\" height=\"273\" \/><\/a><p id=\"caption-attachment-48008\" class=\"wp-caption-text\">Le Fr\u00e8re Myionnet<\/p><\/div>\n<p>En effet, apr\u00e8s avoir attendu quatre mois le consentement plein et entier, cordial m\u00eame, de son \u00e9pouse, M. Le Prevost tomba gravement malade et fut contraint \u00e0 une tr\u00e8s longue convalescence. Maignen, de son c\u00f4t\u00e9, eut toutes les peines du monde \u00e0 s&rsquo;arracher aux siens. Finalement, la vie de communaut\u00e9 ne commen\u00e7a pour de bon que le 3 octobre 1846, rue du Regard \u00e0 Paris ! Tandis que le Fr\u00e8re Le Prevost s&rsquo;occupait d\u00e9sormais \u00e0 plein temps de l&rsquo;association de la Sainte Famille, les deux autres prirent la charge du patronage o\u00f9 ils surent s&rsquo;attirer l&rsquo;affection et l&rsquo;attachement de ces enfants qui n&rsquo;\u00e9taient pas de tout repos.<\/p>\n<h3 id=\"11\">UNE CONGR\u00c9GATION POUR LA CONTRE-R\u00c9VOLUTION<\/h3>\n<p>En 1847, l&rsquo;\u0153uvre approuv\u00e9e par l&rsquo;archev\u00each\u00e9 de Paris ayant d\u00e9j\u00e0 pris un peu d&rsquo;ampleur, d\u00e9m\u00e9nage \u00e0 Grenelle, un nouveau quartier de Paris o\u00f9 s&rsquo;installaient depuis peu des d\u00e9racin\u00e9s de toutes sortes.<\/p>\n<p>Mais en f\u00e9vrier 1848, \u00e9clate la r\u00e9volution contre la monarchie de Louis-Philippe, celui que les L\u00e9gitimistes appellent l&rsquo;usurpateur et sous le r\u00e8gne duquel le capitalisme s&rsquo;est empar\u00e9 de la France. Cette r\u00e9volution est la seule de notre histoire \u00e0 ne pas \u00eatre anti-cl\u00e9ricale ; au contraire, nombreux sont les pr\u00eatres qui b\u00e9nissent les arbres de la Libert\u00e9 ! Ozanam appelle les conf\u00e9rences de Saint-Vincent-de-Paul \u00e0 prendre parti pour la r\u00e9volution, au nom de la justice et de la d\u00e9mocratie. Or, dans cette effervescence, la petite communaut\u00e9 reste \u00e9tonnamment calme : c&rsquo;est que M. Le Prevost et ses deux confr\u00e8res, tous trois l\u00e9gitimistes, n&rsquo;attendent rien de bon pour le peuple d&rsquo;une r\u00e9volution qui ne redonne pas \u00e0 la France les institutions s\u00e9culaires de l&rsquo;Ancien r\u00e9gime, protectrices des pauvres et des faibles.<\/p>\n<p>Apparemment indiff\u00e9rents donc, aux \u00e9v\u00e8nements politiques, ils se d\u00e9vouent aupr\u00e8s des pauvres de ce quartier de Grenelle qui vivent dans la plus grande mis\u00e8re et dans l&rsquo;impi\u00e9t\u00e9. Le cur\u00e9 de la paroisse ne re\u00e7oit que des rebuffades lorsqu&rsquo;il veut accomplir son minist\u00e8re aupr\u00e8s de ces malheureux, il en est totalement d\u00e9courag\u00e9. Pourtant, quelques semaines suffisent pour que la charit\u00e9 active des premiers Fr\u00e8res de Saint-Vincent-de-Paul op\u00e8re un changement miraculeux. Lorsqu&rsquo;en mai, ils organisent avec l&rsquo;aide du P. Milleriot, l&rsquo;aum\u00f4nier de l&rsquo;\u0153uvre de la Sainte-Famille, un mois de Marie \u00e0 l&rsquo;\u00e9glise paroissiale, celle-ci se remplit \u00e0 craquer ; toute hostilit\u00e9 vis-\u00e0-vis du cur\u00e9 a disparu. Les Fr\u00e8res viennent de prouver qu&rsquo;il est possible de<em>r\u00e9concilier la classe ouvri\u00e8re avec l&rsquo;\u00c9glise et ses ministres<\/em>, sans pactiser avec la r\u00e9volution.<\/p>\n<p>Mais la joie ne dure pas. En juin 1848, une crise \u00e9conomique effroyable, cons\u00e9quence de l&rsquo;instauration de la deuxi\u00e8me R\u00e9publique, s&rsquo;installe dans la capitale o\u00f9 267 000 ch\u00f4meurs sont recens\u00e9s. Lorsque les ouvriers affam\u00e9s descendent dans la rue, le gouvernement ordonne \u00e0 l&rsquo;arm\u00e9e de tirer. On rel\u00e8ve des milliers de morts et de bless\u00e9s.<\/p>\n<p>Ozanam recommande alors aux conf\u00e9rences de Saint-Vincent-de-Paul de ne plus faire de politique\u2026 M. Le Prevost et ses fr\u00e8res, pour n&rsquo;\u00eatre pas tomb\u00e9s dans l&rsquo;illusion d\u00e9mocratique savent travailler au vrai bien des pauvres. Ils se d\u00e9pensent sans compter pour soigner les victimes et organiser des soupes populaires. \u00c0 Grenelle, pendant six mois, ils distribuent trois cents repas par jour. \u00c0 l&rsquo;orphelinat de la rue du Regard, ils en servent mille cinq cents quotidiennement ! Pourtant, ils ne sont que quatre pour faire la besogne &#8211; un avocat, Louis Paill\u00e9, s&rsquo;\u00e9tant joint aux trois fondateurs &#8211; sans aucune connaissance culinaire ! Il est vrai que, comme toujours, M. Le Prevost a le g\u00e9nie de susciter des aides b\u00e9n\u00e9voles et d&rsquo;organiser les choses aux mieux.<\/p>\n<h3 id=\"12\">ON RECONNA\u00ceT L&rsquo;ARBRE \u00c0 SES FRUITS<\/h3>\n<div id=\"attachment_48009\" style=\"width: 181px\" class=\"wp-caption alignright\"><a href=\"https:\/\/i0.wp.com\/vincentiens.org\/wp-content\/uploads\/2012\/10\/Pere-le-prevost.jpg\"><img data-recalc-dims=\"1\" loading=\"lazy\" decoding=\"async\" aria-describedby=\"caption-attachment-48009\" class=\"size-medium wp-image-48009\" title=\"Le P\u00e8re Le Prevost\" src=\"https:\/\/i0.wp.com\/vincentiens.org\/wp-content\/uploads\/2012\/10\/Pere-le-prevost-171x300.jpg?resize=171%2C300\" alt=\"Le P\u00e8re Le Prevost\" width=\"171\" height=\"300\" \/><\/a><p id=\"caption-attachment-48009\" class=\"wp-caption-text\">Le P\u00e8re Le Prevost<\/p><\/div>\n<p>Allons vite : en 1849, une nouvelle \u00e9pid\u00e9mie de chol\u00e9ra fait seize mille morts \u00e0 Paris ; M. Le Prevost recueille des orphelins et ouvre un nouvel orphelinat, sans aucune ressource. Mais le jour de la premi\u00e8re communion des enfants, observant leur recueillement, il exulte : \u00ab <em>Puissions-nous, avec le temps, Lui pr\u00e9parer aussi beaucoup de jeunes c\u0153urs instruits de sa religion sainte et remplis de son amour. Ce doit \u00eatre le but de tous nos efforts, comme ce sera le couronnement de nos travaux.<\/em> \u00bb<\/p>\n<p>Cette m\u00eame ann\u00e9e, l&rsquo;archev\u00eaque de Paris permet de c\u00e9l\u00e9brer la messe dans leur r\u00e9sidence et d&rsquo;y garder le Saint-Sacrement. De jeunes pr\u00eatres, dont le futur Mgr de S\u00e9gur, desservent alors l&rsquo;\u0153uvre avec grand d\u00e9vouement ; mais ils ne suffisent pas \u00e0 la t\u00e2che. D&rsquo;ailleurs, M. Le Prevost prend conscience du caract\u00e8re tr\u00e8s particulier de cet apostolat aupr\u00e8s des pauvres, qui exigerait des pr\u00eatres sp\u00e9cialis\u00e9s pour ne plus d\u00e9pendre uniquement du bon vouloir du clerg\u00e9 paroissial souvent absorb\u00e9 par d&rsquo;autres fonctions, et du d\u00e9vouement \u00e9pisodique de jeunes pr\u00eatres sans exp\u00e9rience. D\u00e8s lors, il est convaincu que sa congr\u00e9gation doit compter des pr\u00eatres parmi ses membres. Le premier d&rsquo;entre eux est l&rsquo;abb\u00e9 Henri Planchat qui entre en communaut\u00e9 en d\u00e9cembre 1849, au lendemain de son ordination. Il est suivi, quelques semaines plus tard, par l&rsquo;un de ses amis, l&rsquo;abb\u00e9 Lanthier.<\/p>\n<p>En 1854, les installations de Grenelle \u00e9tant devenues trop exigu\u00ebs, M. Le Prevost fait l&rsquo;acquisition d&rsquo;une ancienne carri\u00e8re \u00e0 Vaugirard. L&rsquo;installation de la communaut\u00e9 et d&rsquo;un orphelinat s&rsquo;y fait dans une pauvret\u00e9 franciscaine inimaginable, que vient temp\u00e9rer \u00e0 bon escient l&rsquo;humour du P\u00e8re Lanthier. De mois en mois, il \u00e9l\u00e8ve l\u00e0 une cit\u00e9 de la charit\u00e9, le centre des activit\u00e9s parisiennes de la communaut\u00e9 qui, par ailleurs, a essaim\u00e9 \u00e0 Amiens, \u00e0 Metz et \u00e0 Angers. M. Le Prevost y \u00e9difie le premier sanctuaire parisien d\u00e9di\u00e9 \u00e0 Notre-Dame de La Salette. Trois orphelins y seront miraculeusement gu\u00e9ris et de nombreuses gr\u00e2ces insignes y seront obtenues. Maximin y viendra faire le r\u00e9cit de l&rsquo;apparition. M. Le Prevost aimait reprendre les paroles de Notre Dame de la Salette pour expliquer la mission de sa communaut\u00e9 : \u00ab <em>Faire passer au peuple le message de la Vierge en pleurs.<\/em> \u00bb<\/p>\n<p>\u00c0 peine l&rsquo;installation \u00e0 Vaugirard est-elle assur\u00e9e que notre infatigable ap\u00f4tre de la charit\u00e9 se lance dans une nouvelle fondation, cette fois dans le quartier Montparnasse o\u00f9 il h\u00e9rite d&rsquo;un vaste terrain et d&rsquo;une chapelle en ruines ayant appartenu aux Capucins. Il y \u00e9difie le mod\u00e8le des maisons d&rsquo;\u0153uvres, regroupant sous un m\u00eame toit, autour de la chapelle, un patronage, un centre d&rsquo;h\u00e9bergement pour apprentis, une conf\u00e9rence de Saint-Vincent-de-Paul, une association de la Sainte-Famille, un vestiaire, une caisse de loyer, une biblioth\u00e8que populaire et une association d&rsquo;anciens du patronage, baptis\u00e9e <em>\u0153uvre des g\u00e2teaux<\/em> puisqu&rsquo;elle d\u00e9buta dans le salon de Mgr de S\u00e9gur\u2026 autour de petits fours. C&rsquo;est dans cette maison de Montparnasse que M. Le Prevost recevra des visiteurs de toute la France et m\u00eame de l&rsquo;\u00e9tranger, venant s&rsquo;inspirer de son exp\u00e9rience. Saint L\u00e9onardo Murialdo, ami de saint Jean Bosco, fondera \u00e0 Turin la Congr\u00e9gation de saint Joseph, qui est une copie conforme de la Congr\u00e9gation des Fr\u00e8res de Saint-Vincent-de-Paul, y compris de leur r\u00e8gle. N&rsquo;oublions pas que M. Le Prevost est toujours membre du bureau directeur de la Soci\u00e9t\u00e9 Saint-Vincent-de-Paul qui r\u00e9unit en 1854, mille cinq cents conf\u00e9rences r\u00e9parties en vingt-neuf pays.<\/p>\n<p>En 1859, c&rsquo;est au tour de la maison de Grenelle de s&rsquo;agrandir consid\u00e9rablement sur le mod\u00e8le de celle de Vaugirard. On y inaugure des activit\u00e9s nouvelles : l&rsquo;\u0153uvre des Allemands, qui s&rsquo;occupe des immigr\u00e9s germanophones, la premi\u00e8re communion des adultes, mais aussi la gymnastique et une harmonie dont le succ\u00e8s est tel, pour attirer le peuple \u00e0 la messe des Fr\u00e8res, que le cur\u00e9 de la paroisse en prend ombrage. Les Conf\u00e9rences de Saint-Vincent-de-Paul de Paris font souvent appel \u00e0 la Communaut\u00e9 pour assurer la continuit\u00e9 de leurs \u0153uvres. En ces ann\u00e9es, six mille enfants de Paris sont en patronage, c&rsquo;est-\u00e0-dire sous la surveillance de la\u00efcs pour leurs conditions de travail et pour leurs loisirs. Il faut y ajouter les orphelins, par exemple, les deux cents, de huit \u00e0 douze ans, h\u00e9berg\u00e9s \u00e0 la maison de Vaugirard.<\/p>\n<p>Toutes ces \u0153uvres se cr\u00e9ent, malgr\u00e9 d&rsquo;incessantes difficult\u00e9s financi\u00e8res, par des prodiges de d\u00e9vouement, de g\u00e9n\u00e9rosit\u00e9 et d&rsquo;organisation. Elles s&rsquo;attirent aussi des tracasseries administratives sans fin, dont le but \u00e9vident est la fermeture de ces \u0153uvres qui ne seraient pas aux normes (d\u00e9j\u00e0 !). Leur v\u00e9ritable raison est que M. Le Prevost et ses fr\u00e8res sont fich\u00e9s par les services du Minist\u00e8re de l&rsquo;int\u00e9rieur comme \u201c<em> ultramontains avanc\u00e9s <\/em>\u201d ! La communaut\u00e9 conna\u00eet aussi la croix des calomnies. Au P\u00e8re Planchat, particuli\u00e8rement vis\u00e9 par ces campagnes, M. Le Prevost \u00e9crit : \u00ab <em>Notre place, notre vraie place de choix et de pr\u00e9dilection, c&rsquo;est d&rsquo;\u00eatre sous les pieds de tout le monde et d&rsquo;aimer nous voir oubli\u00e9s, conspu\u00e9s, chass\u00e9s et m\u00e9pris\u00e9s. C&rsquo;est la vie et la fortune des Fr\u00e8res de Saint-Vincent-de-Paul, Dieu ne nous a rassembl\u00e9s que dans cet esprit et par cet esprit.<\/em> \u00bb<\/p>\n<h3 id=\"13\">L&rsquo;\u00c9LABORATION D&rsquo;UNE DOCTRINE SOCIALE CONTRE-R\u00c9VOLUTIONNAIRE<\/h3>\n<div id=\"attachment_48010\" style=\"width: 210px\" class=\"wp-caption alignleft\"><a href=\"https:\/\/i0.wp.com\/vincentiens.org\/wp-content\/uploads\/2012\/10\/maignen.jpg\"><img data-recalc-dims=\"1\" loading=\"lazy\" decoding=\"async\" aria-describedby=\"caption-attachment-48010\" class=\"size-full wp-image-48010\" title=\"Le Fr\u00e8re Maurice Maignen\" src=\"https:\/\/i0.wp.com\/vincentiens.org\/wp-content\/uploads\/2012\/10\/maignen.jpg?resize=200%2C259\" alt=\"Le Fr\u00e8re Maurice Maignen\" width=\"200\" height=\"259\" \/><\/a><p id=\"caption-attachment-48010\" class=\"wp-caption-text\">Le Fr\u00e8re Maurice Maignen<\/p><\/div>\n<p>Avec le soutien de son fondateur, le Fr\u00e8re Maignen travaille beaucoup \u00e0 l&rsquo;organisation de congr\u00e8s annuels pour rassembler les directeurs d&rsquo;\u0153uvres charitables de toute la France afin de profiter de l&rsquo;exp\u00e9rience des uns et des autres, mais surtout afin de sauvegarder le caract\u00e8re surnaturel de ces \u0153uvres qui doivent toujours r\u00e9sister \u00e0 une d\u00e9rive : devenir de simples centres de loisirs. Non, il s&rsquo;agit de former des ouvriers chr\u00e9tiens, de cr\u00e9er des institutions pour les rendre capables de r\u00e9sister \u00e0 la s\u00e9cularisation d&rsquo;une soci\u00e9t\u00e9 issue de la R\u00e9volution. \u00ab <em>Formez des chr\u00e9tiens ! Un ouvrier chr\u00e9tien, savez-vous tout le bien qu&rsquo;il peut faire par son exemple, par l&rsquo;\u00e9ducation de ses enfants, par son influence autour de lui ?<\/em> \u00bb Notons le caract\u00e8re moderne de cette remarque : ce serait de l&rsquo;action catholique sp\u00e9cialis\u00e9e si, pour cette fin, il ne s&rsquo;agissait pas ici d&rsquo;amener les ouvriers chr\u00e9tiens \u00e0 la vie paroissiale et de leur donner des institutions protectrices, initi\u00e9es et entretenues par les classes sup\u00e9rieures de la soci\u00e9t\u00e9.<\/p>\n<p>Le 22 d\u00e9cembre 1860, M. Le Prevost est ordonn\u00e9 pr\u00eatre, un an apr\u00e8s la mort de son \u00e9pouse, qui avait retrouv\u00e9 la foi. Cette ordination met fin \u00e0 une anomalie canonique pour une congr\u00e9gation apostolique, puisque les pr\u00eatres \u00e9taient soumis \u00e0 un sup\u00e9rieur la\u00efc ; elle ouvre la porte \u00e0 toutes les reconnaissances officielles. Dans une lettre au bienheureux Pie IX, le P\u00e8re Le Prevost d\u00e9finit ainsi le but de sa congr\u00e9gation : \u00ab <em>Vie militante contre les pr\u00e9jug\u00e9s du peuple, les mauvaises doctrines et les mauvais journaux qui le corrompent, la fausse science qui le passionne. Cette vie militante s&rsquo;appuie sur l&rsquo;humilit\u00e9, la pri\u00e8re, la charit\u00e9 et la bont\u00e9 pour les pauvres.<\/em> \u00bb L&rsquo;approbation romaine est accord\u00e9e en 1869. La communaut\u00e9 compte alors 79 prof\u00e8s, dont 14 pr\u00eatres, et elle a quinze centres d&rsquo;activit\u00e9s, dont un \u00e0 Rome o\u00f9 elle a pris en charge les cercles militaires pour les zouaves pontificaux et des soldats fran\u00e7ais.<\/p>\n<p>Lorsqu&rsquo;en juillet 1870, la guerre \u00e9clate, plus du tiers de la communaut\u00e9 est mobilis\u00e9 aux arm\u00e9es, ainsi que la plupart des membres des conf\u00e9rences de Saint-Vincent-de-Paul qui soutiennent les patronages et les autres \u0153uvres. C&rsquo;est donc une calamit\u00e9 \u00e0 laquelle le P\u00e8re Le Prevost fait face avec confiance : \u00ab <em>Le pr\u00e9sent est triste, l&rsquo;avenir est mena\u00e7ant, mais nous irons au jour le jour, selon que Dieu daignera nous conduire, pleins de confiance et de soumission aux desseins de sa divine Sagesse.<\/em> \u00bb<\/p>\n<p>Pendant le si\u00e8ge de Paris, rendu d&rsquo;autant plus p\u00e9nible que l&rsquo;hiver est rigoureux &#8211; la Seine g\u00e8le cet hiver-l\u00e0 ! &#8211; les activit\u00e9s essentielles, comme les offices religieux dans les chapelles de la Communaut\u00e9 et les patronages, sont maintenus. L&rsquo;abb\u00e9 Planchat, en particulier, s&rsquo;illustre par un d\u00e9vouement sans limite aupr\u00e8s du patronage Sainte-Anne dont il a la responsabilit\u00e9, et aupr\u00e8s des milliers de soldats du quartier. \u00c0 la fin de d\u00e9cembre, la maison de Vaugirard et celle de Grenelle recevront quelques bombes, mais sans d\u00e9g\u00e2ts : deux obus qui auraient d\u00fb \u00eatre mortels, n&rsquo;\u00e9clatent pas ! L&rsquo;un est tomb\u00e9 au pied d&rsquo;une statue de l&rsquo;Ange gardien, l&rsquo;autre au pied de la statue de la Sainte Vierge.<\/p>\n<p>En mars 1871, apr\u00e8s la d\u00e9faite et la chute du Second Empire, tandis que le P\u00e8re Le Prevost a r\u00e9uni sa famille religieuse au noviciat de Chaville pour un juste et n\u00e9cessaire repos et une r\u00e9organisation des \u0153uvres, la r\u00e9volution couve \u00e0 Paris. La capitale est alors une ville de deux millions d&rsquo;habitants dont un million de pauvres ; si les salaires ont augment\u00e9 de 35 % sous le Second Empire, le co\u00fbt de la vie a augment\u00e9 de 45 %. Le 28 mars, la Commune de Paris est proclam\u00e9e, elle r\u00e9clame un gouvernement social, r\u00e9publicain et d\u00e9mocrate. Les 150 000 hommes de la Garde nationale passent du c\u00f4t\u00e9 des r\u00e9volutionnaires qu&rsquo;on appelle les F\u00e9d\u00e9r\u00e9s. Le gouvernement de la IIIe r\u00e9publique, dirig\u00e9 par M. Thiers et r\u00e9fugi\u00e9 \u00e0 Versailles, ne dispose d&rsquo;abord que de trente mille hommes. Mais il n\u00e9gocie avec les Allemands la lib\u00e9ration de cent mille prisonniers de guerre qui formeront l&rsquo;arm\u00e9e des Versaillais.<\/p>\n<p>La Communaut\u00e9 est alors coup\u00e9e de Paris. Seuls quelques pr\u00eatres ont pu y p\u00e9n\u00e9trer, avec la mission de mettre le Saint-Sacrement \u00e0 l&rsquo;abri et de prot\u00e9ger le plus possible les \u0153uvres. Nous ne pouvons ici raconter les \u00e9v\u00e8nements tragiques de cette guerre civile, fruit de la R\u00e9volution, tant chez les insurg\u00e9s que chez les tenants de l&rsquo;ordre r\u00e9publicain. L&rsquo;abb\u00e9 Planchat fut arr\u00eat\u00e9 comme otage le Jeudi saint, 6 avril 1871, et fusill\u00e9 le 25 mai 1871, martyr d&rsquo;une foule r\u00e9volutionnaire haineuse, en m\u00eame temps que vingt-quatre autres eccl\u00e9siastiques dont l&rsquo;Archev\u00eaque de Paris et le P\u00e8re Olivaint qui avait \u00e9t\u00e9 l&rsquo;un des premiers soutiens du P\u00e8re Le Prevost. La r\u00e9pression versaillaise fut impitoyable ; pour 877 Versaillais tu\u00e9s, on compta 3 000 F\u00e9d\u00e9r\u00e9s tu\u00e9s au combat, 20 000 fusill\u00e9s et 13 000 d\u00e9port\u00e9s dans les colonies. D\u00e8s qu&rsquo;ils purent rentrer dans Paris, les <em>fr\u00e8res ouvriers<\/em> s&rsquo;y pr\u00e9cipit\u00e8rent pour se d\u00e9vouer aupr\u00e8s des familles \u00e9prouv\u00e9es et des orphelins, tandis que les P\u00e8res assistaient les condamn\u00e9s \u00e0 mort, arrivant \u00e0 donner les sacrements \u00e0 90 % d&rsquo;entre eux.<\/p>\n<p>Cette trag\u00e9die acheva de ruiner la sant\u00e9 du P\u00e8re Le Prevost qui avait alors 68 ans. Ses fils refus\u00e8rent sa d\u00e9mission, mais ils accept\u00e8rent de d\u00e9signer un vicaire g\u00e9n\u00e9ral en la personne du P\u00e8re Bernard de Varax, \u00e2g\u00e9 seulement de 29 ans. Comprenant tr\u00e8s bien la pens\u00e9e de son fondateur, celui-ci fit un excellent travail de r\u00e9organisation de la communaut\u00e9, r\u00e9affirmant ses \u0153uvres, reprenant son expansion, y compris \u00e0 l&rsquo;\u00e9tranger en commen\u00e7ant par la Belgique.<\/p>\n<p>Le P\u00e8re fondateur avait encore quatre ann\u00e9es \u00e0 vivre. Il s&rsquo;installa au noviciat de Chaville, consacrant ses derni\u00e8res forces \u00e0 la formation des jeunes et recevant sans cesse des visites, quoique les progr\u00e8s de la maladie l&rsquo;aient emp\u00each\u00e9 d&rsquo;abord de se d\u00e9placer, puis d&rsquo;\u00e9crire, enfin de confesser et de dire la messe.<\/p>\n<p>Il encouragea beaucoup son vicaire g\u00e9n\u00e9ral et son cher fr\u00e8re Maurice Maignen dans leur \u0153uvre d&rsquo;\u00e9dification d&rsquo;un catholicisme social contre-r\u00e9volutionnaire. Le P\u00e8re de Varax r\u00e9ussit \u00e0 ranimer l&rsquo;\u0153uvre des Congr\u00e8s, c&rsquo;est-\u00e0-dire la r\u00e9union annuelle des directeurs d&rsquo;\u0153uvres, qui devient un lieu d&rsquo;\u00e9laboration d&rsquo;une l\u00e9gislation sociale. Son p\u00e9riodique, <em>La revue des associations catholiques,<\/em> confi\u00e9 \u00e0 Mgr de S\u00e9gur, joua un r\u00f4le consid\u00e9rable pour r\u00e9pandre la doctrine sociale. Quant au fr\u00e8re Maignen, il e\u00fbt une influence capitale dans l&rsquo;\u0153uvre des Cercles du comte Albert de Mun. En fait, cette \u0153uvre ne fut que la g\u00e9n\u00e9ralisation pour toute la France, de ce que le fr\u00e8re Maignen faisait \u00e0 Montparnasse et que le comte Albert de Mun, alors jeune officier, d\u00e9couvrit avec enthousiasme le 10 d\u00e9cembre 1871. Il ne s&rsquo;agissait pas uniquement de faire la charit\u00e9, il fallait renouer avec les principes de l&rsquo;Ancien R\u00e9gime, o\u00f9 la soci\u00e9t\u00e9 \u00e9tait fond\u00e9e sur une immense r\u00e9ciprocit\u00e9 de services, sous la houlette protectrice des \u00e9lites naturelles. Le P\u00e8re Le Prevost soutint son fid\u00e8le disciple dans toutes ses entreprises de ses conseils judicieux et de ses pri\u00e8res. En 1878, l&rsquo;\u0153uvre des Cercles regroupait d\u00e9j\u00e0 quarante cinq mille personnes dont trente-cinq mille ouvriers. La suite est moins r\u00e9jouissante : peu \u00e0 peu, le fr\u00e8re Maignen perdit son influence, et l&rsquo;\u0153uvre connut une d\u00e9rive malheureuse sous le pontificat de L\u00e9on XIII, pour aboutir au ralliement d&rsquo;Albert de Mun \u00e0 la R\u00e9publique.<\/p>\n<h3 id=\"14\">L&rsquo;UNIT\u00c9 DOCTRINALE, CONDITION DE LA CHARIT\u00c9<\/h3>\n<div id=\"attachment_48011\" style=\"width: 210px\" class=\"wp-caption alignright\"><a href=\"https:\/\/i0.wp.com\/vincentiens.org\/wp-content\/uploads\/2012\/10\/Le-Prevost-2.jpg\"><img data-recalc-dims=\"1\" loading=\"lazy\" decoding=\"async\" aria-describedby=\"caption-attachment-48011\" class=\"size-full wp-image-48011\" title=\"Le P\u00e8re Jean-L\u00e9on Le Prevost\" src=\"https:\/\/i0.wp.com\/vincentiens.org\/wp-content\/uploads\/2012\/10\/Le-Prevost-2.jpg?resize=200%2C239\" alt=\"Le P\u00e8re Jean-L\u00e9on Le Prevost\" width=\"200\" height=\"239\" \/><\/a><p id=\"caption-attachment-48011\" class=\"wp-caption-text\">Le P\u00e8re Jean-L\u00e9on Le Prevost<\/p><\/div>\n<p>Le P\u00e8re Le Prevost eut le pressentiment de cette triste \u00e9volution quelque temps avant sa mort, apr\u00e8s l&rsquo;\u00e9chec du r\u00e9tablissement du Comte de Chambord sur le tr\u00f4ne de France, en 1873. Il \u00e9tait navr\u00e9 de voir que la division des catholiques permettait le triomphe du mal et de l&rsquo;erreur, dont les pauvres \u00e9taient les premi\u00e8res victimes. Aussi termina-t-il son existence de fondateur d&rsquo;une communaut\u00e9 religieuse qui restait relativement peu nombreuse, avec la consolation d&rsquo;avoir pu y pr\u00e9server l&rsquo;unit\u00e9 doctrinale. Il l\u00e9guait cette unit\u00e9 comme l&rsquo;indispensable condition de la charit\u00e9. Il mourut d&rsquo;\u00e9puisement le 30 octobre 1874, entour\u00e9 de la v\u00e9n\u00e9ration de tous les siens.<\/p>\n<p>La Congr\u00e9gation eut beaucoup de mal \u00e0 maintenir sa coh\u00e9sion doctrinale sous le pontificat de L\u00e9on XIII. Il faudra l&rsquo;\u00e9nergique intervention de saint Pie X en 1913, pour qu&rsquo;elle puisse garder l&rsquo;esprit du fondateur en expulsant d&rsquo;autorit\u00e9 les religieux acquis \u00e0 l&rsquo;esprit nouveau, dont le sup\u00e9rieur g\u00e9n\u00e9ral, le P\u00e8re Anizan, qui fonda ensuite de son c\u00f4t\u00e9 les Fr\u00e8res de la Charit\u00e9. Plus tard, l&rsquo;Action catholique sp\u00e9cialis\u00e9e et l&rsquo;esprit de Pie XI l&rsquo;\u00e9branleront une nouvelle fois, en attendant que le Concile Vatican II ach\u00e8ve de dissoudre les principes d&rsquo;action de son fondateur. Lorsqu&rsquo;en 1997, le pape Jean-Paul II b\u00e9atifia Ozanam, le fondateur des conf\u00e9rences de Saint-Vincent-de-Paul, le P\u00e8re Le Prevost fut tout simplement oubli\u00e9. Il n&#8217;emp\u00eache que ses principes, son \u0153uvre et son exemple demeurent. La reconqu\u00eate des masses laborieuses, apr\u00e8s le triomphe du C\u0153ur Immacul\u00e9 et la renaissance de l&rsquo;\u00c9glise, s&rsquo;en inspirera n\u00e9cessairement.<\/p>\n","protected":false},"excerpt":{"rendered":"<p>I. PR\u00c9CURSEUR DE L&rsquo;APOSTOLAT DES LA\u00cfCS Il n&rsquo;est pas inutile de nous attarder sur la vie du fondateur des Fr\u00e8res de Saint Vincent de Paul, le P\u00e8re Jean-L\u00e9on Le Prevost, puisqu&rsquo;il a \u00e9t\u00e9 l&rsquo;initiateur d&rsquo;une &#8230; <a href=\"https:\/\/vincentians.com\/fr\/le-pere-jean-leon-le-prevost\/\" class=\"more-link\">Read More<\/a><\/p>\n","protected":false},"author":4,"featured_media":189791,"comment_status":"open","ping_status":"open","sticky":false,"template":"","format":"standard","meta":{"jetpack_post_was_ever_published":false,"_jetpack_newsletter_access":"","_jetpack_dont_email_post_to_subs":false,"_jetpack_newsletter_tier_id":0,"_jetpack_memberships_contains_paywalled_content":false,"_jetpack_memberships_contains_paid_content":false,"footnotes":"","jetpack_publicize_message":"","jetpack_publicize_feature_enabled":true,"jetpack_social_post_already_shared":true,"jetpack_social_options":{"image_generator_settings":{"template":"highway","default_image_id":0,"font":"","enabled":false},"version":2}},"categories":[144],"tags":[],"class_list":["post-48005","post","type-post","status-publish","format-standard","has-post-thumbnail","hentry","category-religieux-de-saint-vincent-de-paul"],"yoast_head":"<!-- This site is optimized with the Yoast SEO plugin v26.3 - https:\/\/yoast.com\/wordpress\/plugins\/seo\/ -->\n<title>Le P\u00e8re Jean-L\u00e9on Le Prevost - Nous Sommes Vincentiens<\/title>\n<meta name=\"robots\" content=\"index, follow, max-snippet:-1, max-image-preview:large, max-video-preview:-1\" \/>\n<link rel=\"canonical\" href=\"http:\/\/vincentians.com\/fr\/le-pere-jean-leon-le-prevost\/\" \/>\n<meta property=\"og:locale\" content=\"fr_FR\" \/>\n<meta property=\"og:type\" content=\"article\" \/>\n<meta property=\"og:title\" content=\"Le P\u00e8re Jean-L\u00e9on Le Prevost - Nous Sommes Vincentiens\" \/>\n<meta property=\"og:description\" content=\"I. PR\u00c9CURSEUR DE L&rsquo;APOSTOLAT DES LA\u00cfCS Il n&rsquo;est pas inutile de nous attarder sur la vie du fondateur des Fr\u00e8res de Saint Vincent de Paul, le P\u00e8re Jean-L\u00e9on Le Prevost, puisqu&rsquo;il a \u00e9t\u00e9 l&rsquo;initiateur d&rsquo;une ... Read More\" \/>\n<meta property=\"og:url\" content=\"http:\/\/vincentians.com\/fr\/le-pere-jean-leon-le-prevost\/\" \/>\n<meta property=\"og:site_name\" content=\"Nous Sommes Vincentiens\" \/>\n<meta property=\"article:publisher\" content=\"https:\/\/www.facebook.com\/WeAreVincentians\/\" \/>\n<meta property=\"article:author\" content=\"https:\/\/www.facebook.com\/JavierChento\" \/>\n<meta property=\"article:published_time\" content=\"2016-07-05T15:01:36+00:00\" \/>\n<meta property=\"article:modified_time\" content=\"2016-07-22T04:03:32+00:00\" \/>\n<meta property=\"og:image\" content=\"https:\/\/i0.wp.com\/vincentians.com\/fr\/wp-content\/uploads\/sites\/10\/2016\/07\/Prevost.jpg?fit=1200%2C630\" \/>\n\t<meta property=\"og:image:width\" content=\"1200\" \/>\n\t<meta property=\"og:image:height\" content=\"630\" \/>\n\t<meta property=\"og:image:type\" content=\"image\/jpeg\" \/>\n<meta name=\"author\" content=\"Francisco Javier Fern\u00e1ndez Chento\" \/>\n<meta name=\"twitter:card\" content=\"summary_large_image\" \/>\n<meta name=\"twitter:creator\" content=\"@https:\/\/twitter.com\/javierchento\" \/>\n<meta name=\"twitter:site\" content=\"@WeVincentians\" \/>\n<meta name=\"twitter:label1\" content=\"\u00c9crit par\" \/>\n\t<meta name=\"twitter:data1\" content=\"Francisco Javier Fern\u00e1ndez Chento\" \/>\n\t<meta name=\"twitter:label2\" content=\"Dur\u00e9e de lecture estim\u00e9e\" \/>\n\t<meta name=\"twitter:data2\" content=\"37 minutes\" \/>\n<script type=\"application\/ld+json\" class=\"yoast-schema-graph\">{\"@context\":\"https:\/\/schema.org\",\"@graph\":[{\"@type\":\"WebPage\",\"@id\":\"http:\/\/vincentians.com\/fr\/le-pere-jean-leon-le-prevost\/\",\"url\":\"http:\/\/vincentians.com\/fr\/le-pere-jean-leon-le-prevost\/\",\"name\":\"Le P\u00e8re Jean-L\u00e9on Le Prevost - Nous Sommes Vincentiens\",\"isPartOf\":{\"@id\":\"https:\/\/vincentians.com\/fr\/#website\"},\"primaryImageOfPage\":{\"@id\":\"http:\/\/vincentians.com\/fr\/le-pere-jean-leon-le-prevost\/#primaryimage\"},\"image\":{\"@id\":\"http:\/\/vincentians.com\/fr\/le-pere-jean-leon-le-prevost\/#primaryimage\"},\"thumbnailUrl\":\"https:\/\/i0.wp.com\/vincentians.com\/fr\/wp-content\/uploads\/sites\/10\/2016\/07\/Prevost.jpg?fit=1200%2C630&ssl=1\",\"datePublished\":\"2016-07-05T15:01:36+00:00\",\"dateModified\":\"2016-07-22T04:03:32+00:00\",\"author\":{\"@id\":\"https:\/\/vincentians.com\/fr\/#\/schema\/person\/9623ef4d9aa3b2dfb8c061f1499288f2\"},\"breadcrumb\":{\"@id\":\"http:\/\/vincentians.com\/fr\/le-pere-jean-leon-le-prevost\/#breadcrumb\"},\"inLanguage\":\"fr-FR\",\"potentialAction\":[{\"@type\":\"ReadAction\",\"target\":[\"http:\/\/vincentians.com\/fr\/le-pere-jean-leon-le-prevost\/\"]}]},{\"@type\":\"ImageObject\",\"inLanguage\":\"fr-FR\",\"@id\":\"http:\/\/vincentians.com\/fr\/le-pere-jean-leon-le-prevost\/#primaryimage\",\"url\":\"https:\/\/i0.wp.com\/vincentians.com\/fr\/wp-content\/uploads\/sites\/10\/2016\/07\/Prevost.jpg?fit=1200%2C630&ssl=1\",\"contentUrl\":\"https:\/\/i0.wp.com\/vincentians.com\/fr\/wp-content\/uploads\/sites\/10\/2016\/07\/Prevost.jpg?fit=1200%2C630&ssl=1\",\"width\":1200,\"height\":630},{\"@type\":\"BreadcrumbList\",\"@id\":\"http:\/\/vincentians.com\/fr\/le-pere-jean-leon-le-prevost\/#breadcrumb\",\"itemListElement\":[{\"@type\":\"ListItem\",\"position\":1,\"name\":\"Portada\",\"item\":\"https:\/\/vincentians.com\/fr\/\"},{\"@type\":\"ListItem\",\"position\":2,\"name\":\"Le P\u00e8re Jean-L\u00e9on Le Prevost\"}]},{\"@type\":\"WebSite\",\"@id\":\"https:\/\/vincentians.com\/fr\/#website\",\"url\":\"https:\/\/vincentians.com\/fr\/\",\"name\":\"Nous Sommes Vincentiens\",\"description\":\"Know more to serve more\",\"potentialAction\":[{\"@type\":\"SearchAction\",\"target\":{\"@type\":\"EntryPoint\",\"urlTemplate\":\"https:\/\/vincentians.com\/fr\/?s={search_term_string}\"},\"query-input\":{\"@type\":\"PropertyValueSpecification\",\"valueRequired\":true,\"valueName\":\"search_term_string\"}}],\"inLanguage\":\"fr-FR\"},{\"@type\":\"Person\",\"@id\":\"https:\/\/vincentians.com\/fr\/#\/schema\/person\/9623ef4d9aa3b2dfb8c061f1499288f2\",\"name\":\"Francisco Javier Fern\u00e1ndez Chento\",\"image\":{\"@type\":\"ImageObject\",\"inLanguage\":\"fr-FR\",\"@id\":\"https:\/\/vincentians.com\/fr\/#\/schema\/person\/image\/\",\"url\":\"https:\/\/secure.gravatar.com\/avatar\/497d5cde87b4c3d097d0315953521681ba2cd523ee66e5077c3711f7021e65de?s=96&d=mm&r=g\",\"contentUrl\":\"https:\/\/secure.gravatar.com\/avatar\/497d5cde87b4c3d097d0315953521681ba2cd523ee66e5077c3711f7021e65de?s=96&d=mm&r=g\",\"caption\":\"Francisco Javier Fern\u00e1ndez Chento\"},\"description\":\"Director General y cofundador de La Red de Formaci\u00f3n Vicenciana. Javier es laico vicenciano, afiliado a la Congregaci\u00f3n de la Misi\u00f3n y miembro del Equipo de Misiones Populares de la provincia can\u00f3nica de Zaragoza (Espa\u00f1a) de la Congregaci\u00f3n de la Misi\u00f3n. Graduado en la Universidad Oberta de Catalunya con cuatro grados (Asistente de direcci\u00f3n, Gesti\u00f3n Administrativa, Recursos Humanos y Contabilidad Avanzada). Bil\u00edng\u00fce Espa\u00f1ol\/Ingl\u00e9s. gestiona y mantiene varias p\u00e1ginas web cristianas y vicencianas, incluida including La Red de Formaci\u00f3n Vicenciana, de la que es cofundador. Actualmente es responsable del \u00e1rea de Espa\u00f1ol de .famvin, la Red de Noticias de la Familia Vicenciana. Tambi\u00e9n es m\u00fasico cat\u00f3lico y ha editado varios discos. Es Director General y cofundador de Trovador, una reconocida compa\u00f1\u00eda discogr\u00e1fica critiana de Espa\u00f1a. Trabaja en las Tecnolog\u00edas de la Informaci\u00f3n, ofreciendo servicios de alojamiento, dise\u00f1o y mantenimiento Web, as\u00ed como asesoramiento, formaci\u00f3n y soluciones inform\u00e1ticas, gesti\u00f3n documental y digitalizaci\u00f3n de textos, edici\u00f3n y maquetaci\u00f3n de libros, revistas, flyers, etc.\",\"sameAs\":[\"http:\/\/chento.org\",\"https:\/\/www.facebook.com\/JavierChento\",\"https:\/\/x.com\/https:\/\/twitter.com\/javierchento\"],\"url\":\"https:\/\/vincentians.com\/fr\/author\/chento\/\"}]}<\/script>\n<!-- \/ Yoast SEO plugin. -->","yoast_head_json":{"title":"Le P\u00e8re Jean-L\u00e9on Le Prevost - Nous Sommes Vincentiens","robots":{"index":"index","follow":"follow","max-snippet":"max-snippet:-1","max-image-preview":"max-image-preview:large","max-video-preview":"max-video-preview:-1"},"canonical":"http:\/\/vincentians.com\/fr\/le-pere-jean-leon-le-prevost\/","og_locale":"fr_FR","og_type":"article","og_title":"Le P\u00e8re Jean-L\u00e9on Le Prevost - Nous Sommes Vincentiens","og_description":"I. PR\u00c9CURSEUR DE L&rsquo;APOSTOLAT DES LA\u00cfCS Il n&rsquo;est pas inutile de nous attarder sur la vie du fondateur des Fr\u00e8res de Saint Vincent de Paul, le P\u00e8re Jean-L\u00e9on Le Prevost, puisqu&rsquo;il a \u00e9t\u00e9 l&rsquo;initiateur d&rsquo;une ... Read More","og_url":"http:\/\/vincentians.com\/fr\/le-pere-jean-leon-le-prevost\/","og_site_name":"Nous Sommes Vincentiens","article_publisher":"https:\/\/www.facebook.com\/WeAreVincentians\/","article_author":"https:\/\/www.facebook.com\/JavierChento","article_published_time":"2016-07-05T15:01:36+00:00","article_modified_time":"2016-07-22T04:03:32+00:00","og_image":[{"width":1200,"height":630,"url":"https:\/\/i0.wp.com\/vincentians.com\/fr\/wp-content\/uploads\/sites\/10\/2016\/07\/Prevost.jpg?fit=1200%2C630","type":"image\/jpeg"}],"author":"Francisco Javier Fern\u00e1ndez Chento","twitter_card":"summary_large_image","twitter_creator":"@https:\/\/twitter.com\/javierchento","twitter_site":"@WeVincentians","twitter_misc":{"\u00c9crit par":"Francisco Javier Fern\u00e1ndez Chento","Dur\u00e9e de lecture estim\u00e9e":"37 minutes"},"schema":{"@context":"https:\/\/schema.org","@graph":[{"@type":"WebPage","@id":"http:\/\/vincentians.com\/fr\/le-pere-jean-leon-le-prevost\/","url":"http:\/\/vincentians.com\/fr\/le-pere-jean-leon-le-prevost\/","name":"Le P\u00e8re Jean-L\u00e9on Le Prevost - Nous Sommes Vincentiens","isPartOf":{"@id":"https:\/\/vincentians.com\/fr\/#website"},"primaryImageOfPage":{"@id":"http:\/\/vincentians.com\/fr\/le-pere-jean-leon-le-prevost\/#primaryimage"},"image":{"@id":"http:\/\/vincentians.com\/fr\/le-pere-jean-leon-le-prevost\/#primaryimage"},"thumbnailUrl":"https:\/\/i0.wp.com\/vincentians.com\/fr\/wp-content\/uploads\/sites\/10\/2016\/07\/Prevost.jpg?fit=1200%2C630&ssl=1","datePublished":"2016-07-05T15:01:36+00:00","dateModified":"2016-07-22T04:03:32+00:00","author":{"@id":"https:\/\/vincentians.com\/fr\/#\/schema\/person\/9623ef4d9aa3b2dfb8c061f1499288f2"},"breadcrumb":{"@id":"http:\/\/vincentians.com\/fr\/le-pere-jean-leon-le-prevost\/#breadcrumb"},"inLanguage":"fr-FR","potentialAction":[{"@type":"ReadAction","target":["http:\/\/vincentians.com\/fr\/le-pere-jean-leon-le-prevost\/"]}]},{"@type":"ImageObject","inLanguage":"fr-FR","@id":"http:\/\/vincentians.com\/fr\/le-pere-jean-leon-le-prevost\/#primaryimage","url":"https:\/\/i0.wp.com\/vincentians.com\/fr\/wp-content\/uploads\/sites\/10\/2016\/07\/Prevost.jpg?fit=1200%2C630&ssl=1","contentUrl":"https:\/\/i0.wp.com\/vincentians.com\/fr\/wp-content\/uploads\/sites\/10\/2016\/07\/Prevost.jpg?fit=1200%2C630&ssl=1","width":1200,"height":630},{"@type":"BreadcrumbList","@id":"http:\/\/vincentians.com\/fr\/le-pere-jean-leon-le-prevost\/#breadcrumb","itemListElement":[{"@type":"ListItem","position":1,"name":"Portada","item":"https:\/\/vincentians.com\/fr\/"},{"@type":"ListItem","position":2,"name":"Le P\u00e8re Jean-L\u00e9on Le Prevost"}]},{"@type":"WebSite","@id":"https:\/\/vincentians.com\/fr\/#website","url":"https:\/\/vincentians.com\/fr\/","name":"Nous Sommes Vincentiens","description":"Know more to serve more","potentialAction":[{"@type":"SearchAction","target":{"@type":"EntryPoint","urlTemplate":"https:\/\/vincentians.com\/fr\/?s={search_term_string}"},"query-input":{"@type":"PropertyValueSpecification","valueRequired":true,"valueName":"search_term_string"}}],"inLanguage":"fr-FR"},{"@type":"Person","@id":"https:\/\/vincentians.com\/fr\/#\/schema\/person\/9623ef4d9aa3b2dfb8c061f1499288f2","name":"Francisco Javier Fern\u00e1ndez Chento","image":{"@type":"ImageObject","inLanguage":"fr-FR","@id":"https:\/\/vincentians.com\/fr\/#\/schema\/person\/image\/","url":"https:\/\/secure.gravatar.com\/avatar\/497d5cde87b4c3d097d0315953521681ba2cd523ee66e5077c3711f7021e65de?s=96&d=mm&r=g","contentUrl":"https:\/\/secure.gravatar.com\/avatar\/497d5cde87b4c3d097d0315953521681ba2cd523ee66e5077c3711f7021e65de?s=96&d=mm&r=g","caption":"Francisco Javier Fern\u00e1ndez Chento"},"description":"Director General y cofundador de La Red de Formaci\u00f3n Vicenciana. Javier es laico vicenciano, afiliado a la Congregaci\u00f3n de la Misi\u00f3n y miembro del Equipo de Misiones Populares de la provincia can\u00f3nica de Zaragoza (Espa\u00f1a) de la Congregaci\u00f3n de la Misi\u00f3n. Graduado en la Universidad Oberta de Catalunya con cuatro grados (Asistente de direcci\u00f3n, Gesti\u00f3n Administrativa, Recursos Humanos y Contabilidad Avanzada). Bil\u00edng\u00fce Espa\u00f1ol\/Ingl\u00e9s. gestiona y mantiene varias p\u00e1ginas web cristianas y vicencianas, incluida including La Red de Formaci\u00f3n Vicenciana, de la que es cofundador. Actualmente es responsable del \u00e1rea de Espa\u00f1ol de .famvin, la Red de Noticias de la Familia Vicenciana. Tambi\u00e9n es m\u00fasico cat\u00f3lico y ha editado varios discos. Es Director General y cofundador de Trovador, una reconocida compa\u00f1\u00eda discogr\u00e1fica critiana de Espa\u00f1a. Trabaja en las Tecnolog\u00edas de la Informaci\u00f3n, ofreciendo servicios de alojamiento, dise\u00f1o y mantenimiento Web, as\u00ed como asesoramiento, formaci\u00f3n y soluciones inform\u00e1ticas, gesti\u00f3n documental y digitalizaci\u00f3n de textos, edici\u00f3n y maquetaci\u00f3n de libros, revistas, flyers, etc.","sameAs":["http:\/\/chento.org","https:\/\/www.facebook.com\/JavierChento","https:\/\/x.com\/https:\/\/twitter.com\/javierchento"],"url":"https:\/\/vincentians.com\/fr\/author\/chento\/"}]}},"jetpack_publicize_connections":[],"jetpack_featured_media_url":"https:\/\/i0.wp.com\/vincentians.com\/fr\/wp-content\/uploads\/sites\/10\/2016\/07\/Prevost.jpg?fit=1200%2C630&ssl=1","jetpack_sharing_enabled":true,"jetpack_shortlink":"https:\/\/wp.me\/p7ETMP-cuh","jetpack-related-posts":[{"id":52020,"url":"https:\/\/vincentians.com\/fr\/saint-vincent-de-paul-et-sa-mission-sociale-i-la-vocation-1\/","url_meta":{"origin":48005,"position":0},"title":"Saint Vincent De Paul Et Sa Mission Sociale. I &#8211; La vocation (1)","author":"Francisco Javier Fern\u00e1ndez Chento","date":"18\/12\/2014","format":false,"excerpt":"L\u2019HOMME ET L\u2019\u0152UVRE \u2014 Le seizi\u00e8me si\u00e8cle et le protestantisme en France. \u2014 Ravages caus\u00e9s par les guerres de religion. \u2014 Changements dans la soci\u00e9t\u00e9. \u2014 Accroissement de la mis\u00e8re. \u2014 L\u2019\u0153uvre nouvelle de la Charit\u00e9. \u2014 Saint Vincent de Paul. \u2014 Sa mission. \u2014 Naissance et premi\u00e8res ann\u00e9es. \u2014\u2026","rel":"","context":"Dans &quot;Vincent de Paul&quot;","block_context":{"text":"Vincent de Paul","link":"https:\/\/vincentians.com\/fr\/category\/the-vincentian-family\/founders\/vincent-de-paul\/"},"img":{"alt_text":"","src":"https:\/\/i0.wp.com\/vincentians.com\/fr\/wp-content\/uploads\/sites\/10\/2016\/07\/vincent-et-sa-action-sociale.jpg?fit=1160%2C630&ssl=1&resize=350%2C200","width":350,"height":200,"srcset":"https:\/\/i0.wp.com\/vincentians.com\/fr\/wp-content\/uploads\/sites\/10\/2016\/07\/vincent-et-sa-action-sociale.jpg?fit=1160%2C630&ssl=1&resize=350%2C200 1x, https:\/\/i0.wp.com\/vincentians.com\/fr\/wp-content\/uploads\/sites\/10\/2016\/07\/vincent-et-sa-action-sociale.jpg?fit=1160%2C630&ssl=1&resize=525%2C300 1.5x, https:\/\/i0.wp.com\/vincentians.com\/fr\/wp-content\/uploads\/sites\/10\/2016\/07\/vincent-et-sa-action-sociale.jpg?fit=1160%2C630&ssl=1&resize=700%2C400 2x, https:\/\/i0.wp.com\/vincentians.com\/fr\/wp-content\/uploads\/sites\/10\/2016\/07\/vincent-et-sa-action-sociale.jpg?fit=1160%2C630&ssl=1&resize=1050%2C600 3x"},"classes":[]},{"id":74152,"url":"https:\/\/vincentians.com\/fr\/fernand-portal-fils-de-saint-vincent-de-paul\/","url_meta":{"origin":48005,"position":1},"title":"Fernand Portal, Fils de Saint Vincent de Paul","author":"Francisco Javier Fern\u00e1ndez Chento","date":"20\/02\/2015","format":false,"excerpt":"\u00abCelui que vous voyez devant vous est un pr\u00eatre fran\u00e7ais, humble fils de saint Vincent de Paul\u00bb. C'est ainsi que Fernand Portal se pr\u00e9sentait, le 13 juillet 1896, \u00e0 Londres, devant une assembl\u00e9e compos\u00e9e en majeure partie de pr\u00eatres anglicans. En mettant ainsi en avant sa carte d'identit\u00e9 vincentienne, recourait-il\u2026","rel":"","context":"Dans &quot;Biographies Lazaristes&quot;","block_context":{"text":"Biographies Lazaristes","link":"https:\/\/vincentians.com\/fr\/category\/biographies-lazaristes\/"},"img":{"alt_text":"","src":"https:\/\/i0.wp.com\/vincentians.com\/fr\/wp-content\/uploads\/sites\/10\/2016\/08\/bio-congregation-of-the-mission.jpg?fit=1200%2C630&ssl=1&resize=350%2C200","width":350,"height":200,"srcset":"https:\/\/i0.wp.com\/vincentians.com\/fr\/wp-content\/uploads\/sites\/10\/2016\/08\/bio-congregation-of-the-mission.jpg?fit=1200%2C630&ssl=1&resize=350%2C200 1x, https:\/\/i0.wp.com\/vincentians.com\/fr\/wp-content\/uploads\/sites\/10\/2016\/08\/bio-congregation-of-the-mission.jpg?fit=1200%2C630&ssl=1&resize=525%2C300 1.5x, https:\/\/i0.wp.com\/vincentians.com\/fr\/wp-content\/uploads\/sites\/10\/2016\/08\/bio-congregation-of-the-mission.jpg?fit=1200%2C630&ssl=1&resize=700%2C400 2x, https:\/\/i0.wp.com\/vincentians.com\/fr\/wp-content\/uploads\/sites\/10\/2016\/08\/bio-congregation-of-the-mission.jpg?fit=1200%2C630&ssl=1&resize=1050%2C600 3x"},"classes":[]},{"id":52072,"url":"https:\/\/vincentians.com\/fr\/saint-vincent-de-paul-et-sa-mission-sociale-vi-la-posterite-3\/","url_meta":{"origin":48005,"position":2},"title":"Saint Vincent De Paul Et Sa Mission Sociale. VI &#8211; La Post\u00e9rit\u00e9 (3)","author":"Francisco Javier Fern\u00e1ndez Chento","date":"01\/01\/2015","format":false,"excerpt":"LA RESTAURATION. \u2014 R\u00e9sultats de la R\u00e9volution. \u2014 Le retour des Filles de la Charit\u00e9. \u2014 R\u00e9tablissement de la Congr\u00e9gation de la Mission. \u2014 \u00c9preuves et progr\u00e8s. \u2014 La translation du corps de saint Vincent de Paul. \u2014 Une \u00e8re nouvelle de charit\u00e9. \u2014 La Soci\u00e9t\u00e9 de Saint-Vincent-de-Paul. \u2014 \u0152uvres\u2026","rel":"","context":"Dans &quot;Vincent de Paul&quot;","block_context":{"text":"Vincent de Paul","link":"https:\/\/vincentians.com\/fr\/category\/the-vincentian-family\/founders\/vincent-de-paul\/"},"img":{"alt_text":"","src":"https:\/\/i0.wp.com\/vincentians.com\/fr\/wp-content\/uploads\/sites\/10\/2016\/07\/vincent-et-sa-action-sociale.jpg?fit=1160%2C630&ssl=1&resize=350%2C200","width":350,"height":200,"srcset":"https:\/\/i0.wp.com\/vincentians.com\/fr\/wp-content\/uploads\/sites\/10\/2016\/07\/vincent-et-sa-action-sociale.jpg?fit=1160%2C630&ssl=1&resize=350%2C200 1x, https:\/\/i0.wp.com\/vincentians.com\/fr\/wp-content\/uploads\/sites\/10\/2016\/07\/vincent-et-sa-action-sociale.jpg?fit=1160%2C630&ssl=1&resize=525%2C300 1.5x, https:\/\/i0.wp.com\/vincentians.com\/fr\/wp-content\/uploads\/sites\/10\/2016\/07\/vincent-et-sa-action-sociale.jpg?fit=1160%2C630&ssl=1&resize=700%2C400 2x, https:\/\/i0.wp.com\/vincentians.com\/fr\/wp-content\/uploads\/sites\/10\/2016\/07\/vincent-et-sa-action-sociale.jpg?fit=1160%2C630&ssl=1&resize=1050%2C600 3x"},"classes":[]},{"id":49618,"url":"https:\/\/vincentians.com\/fr\/la-priere-de-monsieur-vincent-de-paul\/","url_meta":{"origin":48005,"position":3},"title":"La pri\u00e8re de Monsieur Vincent de Paul","author":"Francisco Javier Fern\u00e1ndez Chento","date":"15\/12\/2014","format":false,"excerpt":"Summarium Ne suis-je pas imprudent en voulant traiter ce sujet? Les contemporains de Monsieur Vincent ne sont pas arriv\u00e9s \u00e1 caract\u00e9\u00adriser la pri\u00e8re de l'homme qu'ils avaient sous les yeux. Leur t\u00e9moignage est une accusation explicite de t\u00e9m\u00e9rit\u00e9. Voici ce qu'\u00e9crit L. Abelly, le premier biographe, au mois de septembre\u2026","rel":"","context":"Dans &quot;Vincent de Paul&quot;","block_context":{"text":"Vincent de Paul","link":"https:\/\/vincentians.com\/fr\/category\/the-vincentian-family\/founders\/vincent-de-paul\/"},"img":{"alt_text":"","src":"https:\/\/i0.wp.com\/vincentiens.org\/wp-content\/uploads\/2011\/09\/vincent_de_paul2-195x300.jpg?resize=350%2C200","width":350,"height":200},"classes":[]},{"id":104901,"url":"https:\/\/vincentians.com\/fr\/frederic-ozanam-et-la-civilisation-de-lamour-iii\/","url_meta":{"origin":48005,"position":4},"title":"Fr\u00e9d\u00e9ric Ozanam et la civilisation de l\u2019amour (III)","author":"Francisco Javier Fern\u00e1ndez Chento","date":"08\/12\/2012","format":false,"excerpt":"A la troisi\u00e8me ou quatri\u00e8me s\u00e9ance, la question se posa de savoir si la r\u00e9union serait ouverte \u00e0 de nouvelles recrues : \u00ab Il parait,\u00bb \u00e9crivait Lallier vingt ans plus tard, \u00ab que ce fut moi qui pr\u00e9sentai le premier membre admis dans notre conf\u00e9rence de charit\u00e9 ; il se\u2026","rel":"","context":"Dans &quot;Fr\u00e9d\u00e9ric Ozanam&quot;","block_context":{"text":"Fr\u00e9d\u00e9ric Ozanam","link":"https:\/\/vincentians.com\/fr\/category\/the-vincentian-family\/founders\/frederic-ozanam\/"},"img":{"alt_text":"","src":"https:\/\/i0.wp.com\/vincentiens.org\/wp-content\/uploads\/2012\/11\/Federico-Ozanam-52-205x300.jpg?resize=350%2C200","width":350,"height":200},"classes":[]},{"id":52054,"url":"https:\/\/vincentians.com\/fr\/saint-vincent-de-paul-et-sa-mission-sociale-iii-laction-2\/","url_meta":{"origin":48005,"position":5},"title":"Saint Vincent De Paul Et Sa Mission Sociale. III &#8211; L\u2019action (2)","author":"Francisco Javier Fern\u00e1ndez Chento","date":"26\/12\/2014","format":false,"excerpt":"LA RENAISSANCE RELIGIEUSE. \u2014 Le compl\u00e9ment des missions. \u2014 \u00c9tat du clerg\u00e9 depuis le concile de Trente. \u2014 N\u00e9cessit\u00e9 d\u2019une r\u00e9forme. \u2014 Les exercices des ordinands. \u2014 Saint-Lazare. \u2014 La conf\u00e9rence du mardi. \u2014 Bossuet. \u2014 Les retraites spirituelles. \u2014 Le coll\u00e8ge des Bons-Enfants. \u2014 Vincent de Paul et Olier.\u2026","rel":"","context":"Dans &quot;Vincent de Paul&quot;","block_context":{"text":"Vincent de Paul","link":"https:\/\/vincentians.com\/fr\/category\/the-vincentian-family\/founders\/vincent-de-paul\/"},"img":{"alt_text":"","src":"https:\/\/i0.wp.com\/vincentians.com\/fr\/wp-content\/uploads\/sites\/10\/2016\/07\/vincent-et-sa-action-sociale.jpg?fit=1160%2C630&ssl=1&resize=350%2C200","width":350,"height":200,"srcset":"https:\/\/i0.wp.com\/vincentians.com\/fr\/wp-content\/uploads\/sites\/10\/2016\/07\/vincent-et-sa-action-sociale.jpg?fit=1160%2C630&ssl=1&resize=350%2C200 1x, https:\/\/i0.wp.com\/vincentians.com\/fr\/wp-content\/uploads\/sites\/10\/2016\/07\/vincent-et-sa-action-sociale.jpg?fit=1160%2C630&ssl=1&resize=525%2C300 1.5x, https:\/\/i0.wp.com\/vincentians.com\/fr\/wp-content\/uploads\/sites\/10\/2016\/07\/vincent-et-sa-action-sociale.jpg?fit=1160%2C630&ssl=1&resize=700%2C400 2x, https:\/\/i0.wp.com\/vincentians.com\/fr\/wp-content\/uploads\/sites\/10\/2016\/07\/vincent-et-sa-action-sociale.jpg?fit=1160%2C630&ssl=1&resize=1050%2C600 3x"},"classes":[]}],"_links":{"self":[{"href":"https:\/\/vincentians.com\/fr\/wp-json\/wp\/v2\/posts\/48005","targetHints":{"allow":["GET"]}}],"collection":[{"href":"https:\/\/vincentians.com\/fr\/wp-json\/wp\/v2\/posts"}],"about":[{"href":"https:\/\/vincentians.com\/fr\/wp-json\/wp\/v2\/types\/post"}],"author":[{"embeddable":true,"href":"https:\/\/vincentians.com\/fr\/wp-json\/wp\/v2\/users\/4"}],"replies":[{"embeddable":true,"href":"https:\/\/vincentians.com\/fr\/wp-json\/wp\/v2\/comments?post=48005"}],"version-history":[{"count":0,"href":"https:\/\/vincentians.com\/fr\/wp-json\/wp\/v2\/posts\/48005\/revisions"}],"wp:featuredmedia":[{"embeddable":true,"href":"https:\/\/vincentians.com\/fr\/wp-json\/wp\/v2\/media\/189791"}],"wp:attachment":[{"href":"https:\/\/vincentians.com\/fr\/wp-json\/wp\/v2\/media?parent=48005"}],"wp:term":[{"taxonomy":"category","embeddable":true,"href":"https:\/\/vincentians.com\/fr\/wp-json\/wp\/v2\/categories?post=48005"},{"taxonomy":"post_tag","embeddable":true,"href":"https:\/\/vincentians.com\/fr\/wp-json\/wp\/v2\/tags?post=48005"}],"curies":[{"name":"wp","href":"https:\/\/api.w.org\/{rel}","templated":true}]}}