{"id":38257,"date":"2016-08-04T20:00:45","date_gmt":"2016-08-04T18:00:45","guid":{"rendered":"http:\/\/somos.vicencianos.org\/blog\/2011\/05\/elements-d%e2%80%99union-dans-la-famille-vincentienne\/"},"modified":"2016-08-04T05:06:14","modified_gmt":"2016-08-04T03:06:14","slug":"elements-dunion-dans-la-famille-vincentienne","status":"publish","type":"post","link":"https:\/\/vincentians.com\/fr\/elements-dunion-dans-la-famille-vincentienne\/","title":{"rendered":"\u00c9l\u00e9ments d\u2019union dans la Famille Vincentienne"},"content":{"rendered":"<h2><strong>A. De quelle famille parlons-nous ?<\/strong><\/h2>\n<p>Lorsque nous parlons de la Famille Vincentienne nous faisons allusion \u00e0 tous ces groupes d\u2019associations ou \u00e0 des congr\u00e9gations qui, dans leur vie (style) et dans leur action (apostolat), s\u2019inspirent avec diverses nuances, de ce que nous appelons aujourd\u2019hui <strong>\u00ab charisme vincentien \u00bb.<\/strong><\/p>\n<p>D\u2019autre part, nous savons que les charismes sont des dons que l\u2019Esprit-Saint accorde \u00e0 l\u2019\u00c9glise, par l\u2019interm\u00e9diaire d\u2019une personne ou d\u2019un groupe de personnes, pour le service de l\u2019\u00c9glise, elle-m\u00eame, et du monde.<\/p>\n<p>Saint Paul nous parle, \u00e0 plusieurs reprises, de ces charismes comme des dons de Dieu pour le service des autres. Dans sa lettre aux Corinthiens, il leur dit : <em>Il y a, certes, diversit\u00e9 de dons spirituels, mais c\u2019est le m\u00eame Esprit ; diversit\u00e9 de minist\u00e8res, mais c\u2019est le m\u00eame Seigneur ; diversit\u00e9 d\u2019op\u00e9rations, mais c\u2019est le m\u00eame Dieu qui op\u00e8re tout en tous<\/em>.<span id='easy-footnote-1-38257' class='easy-footnote-margin-adjust'><\/span><span class='easy-footnote'><a href='https:\/\/vincentians.com\/fr\/elements-dunion-dans-la-famille-vincentienne\/#easy-footnote-bottom-1-38257' title='1 Co 12, 4-6'><sup>1<\/sup><\/a><\/span>\n<p>Dans mon intervention, je parlerai de certains \u00e9l\u00e9ments qui favorisent l\u2019unit\u00e9 des diff\u00e9rentes associations vincentiennes et de leurs membres. Cette unit\u00e9 dont je vous parle aujourd\u2019hui veut que le r\u00eave de J\u00e9sus : \u00ab Qu\u2019ils soient un\u2026 \u00bb devienne une r\u00e9alit\u00e9. Nous voulons \u00e9galement conna\u00eetre davantage ces \u00e9l\u00e9ments communs qui permettent d\u2019unir nos forces pour plus d\u2019efficacit\u00e9 dans notre engagement d\u2019\u00eatre des instruments de salut pour les pauvres. Je ne vais rien dire de nouveau, on a d\u00e9j\u00e0 beaucoup \u00e9crit sur ce th\u00e8me. Mon intention, \u00e0 cette occasion, c\u2019est plut\u00f4t de vous rappeler ce que nous sommes et ce que nous r\u00e9alisons comme Famille.<\/p>\n<p>Dans notre FV, comme dans toute famille humaine, il y a certains membres qui se fr\u00e9quentent davantage et qui entretiennent des rapports \u00e9troits. Dans la famille, il y a des parents qui se voient et font la f\u00eate occasionnellement. Par contre, d\u2019autres ont des relations plus \u00e9troites, \u00e0 l\u2019exemple des fr\u00e8res et s\u0153urs. Dans notre FV il y a quelques associations qui sont plus proches les unes des autres, qui se rencontrent assez souvent, se connaissent et se reconnaissent comme des proches, comme des fr\u00e8res, c\u2019est pourquoi l\u2019amour entre elles est plus visible : elles partagent en profondeur la vie, le cheminement, les difficult\u00e9s, etc. Elles collaborent mutuellement et elles s\u2019aident afin de se former et mieux servir.<\/p>\n<p>Je vous parle, en premier lieu, de ces fr\u00e8res et s\u0153urs de la FV et je le fais avec l\u2019intention de vous rappeler la fin pour laquelle ils ont \u00e9t\u00e9 fond\u00e9s, <strong>pour le service du pauvre :<\/strong><\/p>\n<p><strong>Les Confr\u00e9ries de la Charit\u00e9, aujourd\u2019hui l\u2019AIC :<\/strong> Saint Vincent fonde l\u2019Association de la Charit\u00e9 en 1617 \u00e0 Chatillon. L\u2019histoire de sa naissance est tr\u00e8s connue. Depuis ses origines sa finalit\u00e9 est signal\u00e9e clairement <em>: Pour honorer Notre-Seigneur J\u00e9sus-Christ, patron d&rsquo;icelle, et sa sainte M\u00e8re, et pour assister les pauvres malades\u2026 corporellement et spirituellement<\/em>.<span id='easy-footnote-2-38257' class='easy-footnote-margin-adjust'><\/span><span class='easy-footnote'><a href='https:\/\/vincentians.com\/fr\/elements-dunion-dans-la-famille-vincentienne\/#easy-footnote-bottom-2-38257' title='SV XIII, 532'><sup>2<\/sup><\/a><\/span>\n<p><strong>La CM ou Lazaristes ou Missionnaires Vincentiens : <\/strong>Saint Vincent a fond\u00e9 la CM en 1625. Il la fonde pour <em>\u00e9vang\u00e9liser les pauvres, par paroles et par oeuvres, tout particuli\u00e8rement les pauvres gens des champs, gr\u00e2ce aux missions populaires et \u00e0 la formation du clerg\u00e9. Sa devise est : \u2018 Il m\u2019a envoy\u00e9 \u00e9vang\u00e9liser les pauvres\u2019<\/em>.<span id='easy-footnote-3-38257' class='easy-footnote-margin-adjust'><\/span><span class='easy-footnote'><a href='https:\/\/vincentians.com\/fr\/elements-dunion-dans-la-famille-vincentienne\/#easy-footnote-bottom-3-38257' title='cf. Lc 4, 16-21.'><sup>3<\/sup><\/a><\/span>\n<p><strong>La Compagnie des Filles de la Charit\u00e9 : <\/strong>Saint Vincent et sainte Louise fondent la Compagnie des Filles de la Charit\u00e9 en 1633 pour <em>\u00eatre servantes de pauvres et cela revient \u00e0 dire \u00eatre servantes de J\u00e9sus-Christ <\/em>et<em> pour servir les pauvres corporellement et spirituellement. <\/em>Leur devise est : <em>La charit\u00e9 de J\u00e9sus-Christ nous presse<\/em>.<span id='easy-footnote-4-38257' class='easy-footnote-margin-adjust'><\/span><span class='easy-footnote'><a href='https:\/\/vincentians.com\/fr\/elements-dunion-dans-la-famille-vincentienne\/#easy-footnote-bottom-4-38257' title='cf. 1 Co 5,14'><sup>4<\/sup><\/a><\/span>\n<p><strong>La SSVP : <\/strong>En 1833, Fr\u00e9d\u00e9ric Ozanam fonde \u00e0 Paris avec d\u2019autres camarades de l\u2019Universit\u00e9, la Soci\u00e9t\u00e9 de Saint Vincent de Paul. Sa finalit\u00e9 : <em>Aider notre prochain, ceux qui souffrent, les abandonn\u00e9s, comme le faisait J\u00e9sus-Christ et suivant la tradition vincentienne<\/em>.<span id='easy-footnote-5-38257' class='easy-footnote-margin-adjust'><\/span><span class='easy-footnote'><a href='https:\/\/vincentians.com\/fr\/elements-dunion-dans-la-famille-vincentienne\/#easy-footnote-bottom-5-38257' title='cf. Mt 25, 31-48.'><sup>5<\/sup><\/a><\/span>\n<p><strong>La JMV<\/strong> :<span id='easy-footnote-6-38257' class='easy-footnote-margin-adjust'><\/span><span class='easy-footnote'><a href='https:\/\/vincentians.com\/fr\/elements-dunion-dans-la-famille-vincentienne\/#easy-footnote-bottom-6-38257' title='Approbation par le Pape Pie IX, dans les rescrits du 20 juin 1847 et du 19 juillet 1850, et confirm\u00e9e ensuite par d\u2019autres dispositions du Saint-Si\u00e8ge. Texte approuv\u00e9 et confirm\u00e9 par la Congr\u00e9gation pour les Instituts de Vie Consacr\u00e9e et les Soci\u00e9t\u00e9s de Vie Apostolique. Prot. N. P. 53-1\/99. Par Eduardo Cardinal Mart\u00ednez Somalo, Pr\u00e9fet le 2 f\u00e9vrier 1999, f\u00eate de la Pr\u00e9sentation du Seigneur.'><sup>6<\/sup><\/a><\/span> elle na\u00eet en 1847 sous l\u2019influence des apparitions de la Vierge Miraculeuse \u00e0 sainte Catherine Labour\u00e9. Sa fin : <em>Former les membres \u00e0 vivre dans une foi solide \u00e0 la suite de J\u00e9sus-Christ \u00e9vang\u00e9lisateur des pauvres. Vivre et prier, comme Marie, dans la simplicit\u00e9 et l\u2019humilit\u00e9, en assumant la spiritualit\u00e9 du Magnificat. Susciter, animer et garder l\u2019esprit missionnaire dans l\u2019Association, surtout au moyen des exp\u00e9riences missionnaire, en particulier parmi les plus pauvres et les jeunes<\/em>.<span id='easy-footnote-7-38257' class='easy-footnote-margin-adjust'><\/span><span class='easy-footnote'><a href='https:\/\/vincentians.com\/fr\/elements-dunion-dans-la-famille-vincentienne\/#easy-footnote-bottom-7-38257' title='Statuts Internationaux, 1999, Art. 9.'><sup>7<\/sup><\/a><\/span>\n<p><strong>L\u2019AMM : <\/strong>Cette Association na\u00eet \u00e9galement au sein de la FV sous l\u2019influence des apparitions de la Vierge \u00e0 sainte Catherine Labour\u00e9,<span id='easy-footnote-8-38257' class='easy-footnote-margin-adjust'><\/span><span class='easy-footnote'><a href='https:\/\/vincentians.com\/fr\/elements-dunion-dans-la-famille-vincentienne\/#easy-footnote-bottom-8-38257' title='Ses Statuts ont \u00e9t\u00e9 approuv\u00e9s par sa Saintet\u00e9 le Pape Pie X le 8 juillet 1909. En &lt;em&gt;Vincentiana &lt;\/em&gt;42 (1998) 79-82.'><sup>8<\/sup><\/a><\/span> pour honorer Marie dans le myst\u00e8re de l\u2019Immacul\u00e9e, comme mod\u00e8le de vie chr\u00e9tienne : <em>Sa fin est de rappeler Marie con\u00e7ue sans p\u00e9ch\u00e9 ; et aussi la sanctification de ses membres, leur formation int\u00e9grale dans la vie chr\u00e9tienne et l\u2019apostolat de la charit\u00e9, sp\u00e9cialement aupr\u00e8s des plus abandonn\u00e9s (les familles et les pauvres en g\u00e9n\u00e9ral). La Sainte M\u00e9daille de Marie, \u00e0 la fois par le symbolisme qu\u2019elle pr\u00e9sente que par la puissance dont elle jouit, offre \u00e0 la fois un mod\u00e8le et une aide pour ces buts<\/em>.<span id='easy-footnote-9-38257' class='easy-footnote-margin-adjust'><\/span><span class='easy-footnote'><a href='https:\/\/vincentians.com\/fr\/elements-dunion-dans-la-famille-vincentienne\/#easy-footnote-bottom-9-38257' title='Statuts Internationaux, Art. 2.'><sup>9<\/sup><\/a><\/span>\n<p><strong>Missionnaires La\u00efcs Vincentiens : <\/strong>Cette Association na\u00eet en 1999<span id='easy-footnote-10-38257' class='easy-footnote-margin-adjust'><\/span><span class='easy-footnote'><a href='https:\/\/vincentians.com\/fr\/elements-dunion-dans-la-famille-vincentienne\/#easy-footnote-bottom-10-38257' title='D\u00e9cret d\u2019approbation (Prot. n. P. 53-2\/99) du Saint-Si\u00e8ge le 7 avril 1999. En &lt;em&gt;Vincentiana &lt;\/em&gt;43 (1999) 150-159.'><sup>10<\/sup><\/a><\/span> \u00e0 l\u2019int\u00e9rieur de la FV elle-m\u00eame. Sa fin : <em>d\u00e9velopper, faciliter, soutenir et coordonner la pr\u00e9sence et le travail missionnaire des la\u00efcs dans les missions \u00ab ad gentes \u00bb confi\u00e9es \u00e0 la FV ou anim\u00e9es par elle<\/em>.<span id='easy-footnote-11-38257' class='easy-footnote-margin-adjust'><\/span><span class='easy-footnote'><a href='https:\/\/vincentians.com\/fr\/elements-dunion-dans-la-famille-vincentienne\/#easy-footnote-bottom-11-38257' title='Statuts Internationaux, Art.2 2.1.'><sup>11<\/sup><\/a><\/span>\n<p>Selon ce que nous avons dit jusqu\u2019ici de chacun de ces groupes de la FV, nous pouvons discerner entre eux des \u00e9l\u00e9ments communs. Je cite les suivants :<\/p>\n<p>Toutes ces Associations :<\/p>\n<ul>\n<li>reconnaissent saint Vincent comme fondateur ou inspirateur,<\/li>\n<li>ont une m\u00eame mission : le service \u00e9vang\u00e9lisateur des pauvres. C\u2019est la t\u00e2che des vincentiens,<\/li>\n<li>ont en commun un style de vie et une forme concr\u00e8te de servir les pauvres. Nous verrons plus clairement cette affirmation en d\u00e9veloppant le point suivant,<\/li>\n<li>partagent une spiritualit\u00e9 commune d\u2019incarnation : Dieu incarn\u00e9 dans le pauvre, cela veut dire, notamment, que je parle \u00e0 Dieu lorsque je parle avec le pauvre, que je fais l\u2019exp\u00e9rience de Dieu dans la rencontre avec le pauvre, que je sers Dieu et je l\u2019aime dans le service des pauvres\u2026<\/li>\n<li>partagent un caract\u00e8re s\u00e9culier. Le charisme na\u00eet avec une association de la\u00efcs ; la Confr\u00e9rie de la charit\u00e9 est la premi\u00e8re fondation vincentienne. Elle est aussi s\u00e9culi\u00e8re car ses membres se sanctifient par le v\u00e9cu de leur mission au milieu du monde.<\/li>\n<\/ul>\n<p>Nous pouvons d\u00e9crire (non pas d\u00e9finir) le charisme vincentien comme un style de vie chr\u00e9tienne dans l\u2019\u00c9glise et dans le monde. C\u2019est une fa\u00e7on d\u2019\u00eatre. Ce n\u2019est pas quelque chose que l\u2019on ajoute \u00e0 la personne. Ce n\u2019est pas un v\u00eatement que l\u2019on met ou que l\u2019on enl\u00e8ve selon les circonstances, les opportunit\u00e9s ou les moments d\u00e9termin\u00e9s, c\u2019est plut\u00f4t vivre \u00e0 la mani\u00e8re de J\u00e9sus vingt-quatre heures sur vingt-quatre. Le charisme est un don qui <strong>fa\u00e7onne et qui marque <\/strong>le style de vie, les relations, les actions de celui qui le re\u00e7oit. C\u2019est pourquoi le charisme est une force qui nous donne la possibilit\u00e9 de vivre notre vocation de baptis\u00e9s dans le monde avec un style bien d\u00e9fini. Le charisme vincentien est une vocation dans l\u2019\u00c9glise et pour le service, c\u2019est un style d\u2019\u00eatre et de r\u00e9aliser notre mission dans le monde.<\/p>\n<p>Permettez-moi de faire un pas en avant dans notre r\u00e9flexion en donnant r\u00e9ponse \u00e0 une question que j\u2019aimerais bien que nous nous posions : Quels sont les \u00e9l\u00e9ments ou les r\u00e9alit\u00e9s qui nous unissent comme famille ?<\/p>\n<h2><strong>B. Le style commun \u00e0 la Famille Vincentienne <\/strong><\/h2>\n<p>Une famille a des origines communes, donc un air commun, un style propre fait de principes et d\u2019expressions. Elle a aussi une tradition transmise ou orale qui passe des uns aux autres, \u00e0 travers le tissu normal de la vie quotidienne. Quels sont les principes, les gestes ou les \u00e9l\u00e9ments communs partag\u00e9s par la FV ? Je signale quelques caract\u00e9ristiques qui manifestent ce style de vie et la mission que cette famille, notre famille, partage. Ces \u00e9l\u00e9ments se trouvent unis dans une seule exp\u00e9rience, de telle sorte que m\u00eame si nous les s\u00e9parons pour mieux r\u00e9fl\u00e9chir sur eux dans la vie concr\u00e8te, ils sont entrelac\u00e9s.<\/p>\n<h3><strong>1. Le centre : J\u00e9sus-Christ, \u00e9vang\u00e9lisateur des pauvres <\/strong><\/h3>\n<p>Il n\u2019y a rien de plus important, dans l\u2019exp\u00e9rience spirituelle du vincentien, que le \u00ab noyau central\u00bb de l\u2019exp\u00e9rience de J\u00e9sus-Christ, et de J\u00e9sus-Christ, \u00e9vang\u00e9lisateur et serviteur des pauvres. C\u2019est le fondement de la mission vincentienne, le mod\u00e8le pour le chr\u00e9tien qui veut vivre sa foi dans un engagement \u00e0 partir du style de saint Vincent. De l\u00e0, on d\u00e9couvre J\u00e9sus et on le suit, le regard fix\u00e9 sur Lui qui vit proche des pauvres, les \u00e9coute, les aide, leur pardonne, leur donne \u00e0 manger, chemine avec eux et leur annonce que le Royaume des cieux est \u00e0 eux et \u00e0 tous ceux qui se font comme eux.<\/p>\n<p>Il est passionnant ce chemin car il consiste \u00e0 entrer en J\u00e9sus-Christ, \u00e0 participer \u00e0 sa vie, \u00e0 ses pens\u00e9es, \u00e0 ses sentiments, \u00e0 son amour et \u00e0 son destin. C\u2019est pourquoi saint Vincent disait : <em>Notre-Seigneur J\u00e9sus-Christ est le vrai mod\u00e8le et ce grand tableau invisible sur lequel nous devons former toutes nos actions<\/em>.<span id='easy-footnote-12-38257' class='easy-footnote-margin-adjust'><\/span><span class='easy-footnote'><a href='https:\/\/vincentians.com\/fr\/elements-dunion-dans-la-famille-vincentienne\/#easy-footnote-bottom-12-38257' title='SV XI, 212'><sup>12<\/sup><\/a><\/span> Une autre fois il dit : <em>Ressouvenez-vous, Monsieur, que nous vivons en J\u00e9sus-Christ par la mort de J\u00e9sus-Christ, et que nous devons mourir en J\u00e9sus-Christ par la vie de J\u00e9sus-Christ, et que notre vie doit \u00eatre cach\u00e9e en J\u00e9sus-Christ et pleine de J\u00e9sus-Christ, et que, pour mourir comme J\u00e9sus-Christ, il faut vivre comme J\u00e9sus-Christ<\/em>.<span id='easy-footnote-13-38257' class='easy-footnote-margin-adjust'><\/span><span class='easy-footnote'><a href='https:\/\/vincentians.com\/fr\/elements-dunion-dans-la-famille-vincentienne\/#easy-footnote-bottom-13-38257' title='SV I, 295'><sup>13<\/sup><\/a><\/span>\n<p>Qui est J\u00e9sus pour moi ? Avec quelle image \u00e9vang\u00e9lique de J\u00e9sus sais-je mieux identifier mon exp\u00e9rience de foi ?<\/p>\n<h3><strong>2. Aimer le Christ dans les pauvres et les pauvres dans le Christ, les servant \u00ab corporellement et spirituellement \u00bb <\/strong><\/h3>\n<p>J\u00e9sus-Christ dans les pauvres et les pauvres en J\u00e9sus-Christ, sont les deux pieds du c\u0153ur vincentien pour faire la travers\u00e9e de ce monde. Nous pouvons distinguer J\u00e9sus-Christ et les pauvres, non pas les s\u00e9parer. La passion pour J\u00e9sus-Christ nous engage dans une compassion effective envers les pauvres et nous dispose aussi \u00e0 la souffrance qui est le prix qu\u2019il faut payer pour aider les bless\u00e9s du chemin.<span id='easy-footnote-14-38257' class='easy-footnote-margin-adjust'><\/span><span class='easy-footnote'><a href='https:\/\/vincentians.com\/fr\/elements-dunion-dans-la-famille-vincentienne\/#easy-footnote-bottom-14-38257' title='Cfr Lc 10, 25-37'><sup>14<\/sup><\/a><\/span> Le salut nous vient de J\u00e9sus-Christ, nous le savons bien, non pas des pauvres, mais la garantie que nous acceptons ce salut consiste \u00e0 le partager avec les pauvres.<\/p>\n<p>Les pauvres \u00ab vulgaires et grossiers \u00bb sont pour les vincentiens le sacrement souffrant du Seigneur. \u00ab Mais tournez la m\u00e9daille, et vous verrez par les lumi\u00e8res de la foi que le Fils de Dieu, qui a voulu \u00eatre pauvre, nous est repr\u00e9sent\u00e9 par ces pauvres ; qu&rsquo;il n&rsquo;avait presque pas la figure d&rsquo;un homme en sa passion \u00bb.<span id='easy-footnote-15-38257' class='easy-footnote-margin-adjust'><\/span><span class='easy-footnote'><a href='https:\/\/vincentians.com\/fr\/elements-dunion-dans-la-famille-vincentienne\/#easy-footnote-bottom-15-38257' title='Cfr SV XI, 32'><sup>15<\/sup><\/a><\/span> Il s\u2019est mis \u00e0 la place des pauvres jusqu\u2019\u00e0 dire que le bien que nous faisons aux pauvres, il le consid\u00e8re comme fait \u00e0 sa divine personne \u00bb.<span id='easy-footnote-16-38257' class='easy-footnote-margin-adjust'><\/span><span class='easy-footnote'><a href='https:\/\/vincentians.com\/fr\/elements-dunion-dans-la-famille-vincentienne\/#easy-footnote-bottom-16-38257' title='Aux Dames de la Charit\u00e9, 11 juillet 1657 SV XIII, 811'><sup>16<\/sup><\/a><\/span> C\u2019est pourquoi, les pauvres, leurs quartiers, les rues et les h\u00f4pitaux sont \u00ab les lieux saints du vincentien<span id='easy-footnote-17-38257' class='easy-footnote-margin-adjust'><\/span><span class='easy-footnote'><a href='https:\/\/vincentians.com\/fr\/elements-dunion-dans-la-famille-vincentienne\/#easy-footnote-bottom-17-38257' title='cf. SV XIII, 817'><sup>17<\/sup><\/a><\/span> \u00bb. Pour cela aussi, dit saint Vincent \u00ab <em>Quand vous quitterez l&rsquo;oraison et la sainte messe pour le service des pauvres, vous n&rsquo;y perdrez rien, puisque c&rsquo;est aller \u00e0 Dieu que servir les pauvres ; et vous devez regarder Dieu en leurs personnes \u00bb<\/em>.<span id='easy-footnote-18-38257' class='easy-footnote-margin-adjust'><\/span><span class='easy-footnote'><a href='https:\/\/vincentians.com\/fr\/elements-dunion-dans-la-famille-vincentienne\/#easy-footnote-bottom-18-38257' title='SV IX, 31'><sup>18<\/sup><\/a><\/span> Le service, pour le vincentien, est \u00ab corporel et spirituel \u00bb.<\/p>\n<h3><strong>3. Servir les pauvres avec une charit\u00e9 pratique et concr\u00e8te<\/strong><\/h3>\n<p>La tradition vincentienne insiste sur la charit\u00e9 pratique. C\u2019est le secret de la saintet\u00e9 du vincentien. Saint Vincent met l\u2019accent sur l\u2019amour affectif. Lorsque j\u2019avais faim, non seulement on a eu piti\u00e9 de moi, mais on m\u2019a donn\u00e9 \u00e0 manger, et lorsque j\u2019ai eu soif, non seulement on s\u2019est approch\u00e9 de moi pour me contempler, mais on m\u2019a donne \u00e0 boire, lorsque j\u2019\u00e9tais en prison, on ne s\u2019est pas content\u00e9 de prier pour moi, mais on est all\u00e9 me visiter\u2026<span id='easy-footnote-19-38257' class='easy-footnote-margin-adjust'><\/span><span class='easy-footnote'><a href='https:\/\/vincentians.com\/fr\/elements-dunion-dans-la-famille-vincentienne\/#easy-footnote-bottom-19-38257' title='cf. Mt 25, 31 et ss.'><sup>19<\/sup><\/a><\/span>\n<p>Du temps de saint Vincent \u00e0 l\u2019aujourd\u2019hui de notre histoire, les membres des associations vincentiennes sont reconnus comme des hommes et des femmes capables d\u2019aimer d\u2019une mani\u00e8re pratique, concr\u00e8te et effective. Ils aiment en servant, en se salissant les mains dans le service des pauvres. Les vincentiens ne sont pas n\u00e9s pour \u00eatre des cadres sup\u00e9rieurs ou des administrateurs ; ils ne sont pas n\u00e9s pour servir \u00e0 partir de plans ou de programmes bien intentionn\u00e9s mais ne touchant pas la mis\u00e8re du pauvre, au contraire, ils sont n\u00e9s pour chercher des solutions aux probl\u00e8mes du pauvre, des solutions concr\u00e8tes, \u00e0 courte, moyenne et longue \u00e9ch\u00e9ance.<\/p>\n<h3><strong>4. Ils s\u2019efforcent de vivre et de servir avec un style de simplicit\u00e9 et d\u2019humilit\u00e9<\/strong><\/h3>\n<p>Saint Vincent dit : L\u2019esprit de J\u00e9sus-Christ est un esprit de simplicit\u00e9 qui consiste \u00e0 dire la v\u00e9rit\u00e9, \u00e0 dire les choses comme elles sont, sans rien dissimuler ni cacher et en r\u00e9f\u00e9rer \u00e0 Dieu seul. Saint Vincent est convaincu de l\u2019importance de la simplicit\u00e9, il dit qu\u2019elle <em>est la vertu que j&rsquo;aime le plus et \u00e0 laquelle je fais plus d&rsquo;attention dans mes actions, si me semble<\/em>.<span id='easy-footnote-20-38257' class='easy-footnote-margin-adjust'><\/span><span class='easy-footnote'><a href='https:\/\/vincentians.com\/fr\/elements-dunion-dans-la-famille-vincentienne\/#easy-footnote-bottom-20-38257' title='SV I, 284'><sup>20<\/sup><\/a><\/span> Dieu aime les personnes simples.<span id='easy-footnote-21-38257' class='easy-footnote-margin-adjust'><\/span><span class='easy-footnote'><a href='https:\/\/vincentians.com\/fr\/elements-dunion-dans-la-famille-vincentienne\/#easy-footnote-bottom-21-38257' title='cf. SV IX, 391'><sup>21<\/sup><\/a><\/span> Le vincentien est une personne qui s\u2019efforce de vivre ce style puisque c\u2019est le chemin qui nous rend semblables \u00e0 Dieu et nous met en relation proche et fraternelle avec les pauvres.<\/p>\n<p>Le style de vie simple nous permet d\u2019\u00e9tablir des relations \u00ab faciles \u00bb entre nous, de nous conna\u00eetre rapidement, de nous approcher des pauvres, d\u2019\u00eatre authentiques, coh\u00e9rents et fid\u00e8les \u00e0 nos engagements. La simplicit\u00e9 nous engage \u00e0 la v\u00e9rit\u00e9, \u00e0 la d\u00e9nonciation de tout ce qui est mensonge et duplicit\u00e9.<\/p>\n<p>L\u2019humilit\u00e9 c\u2019est le fondement de toute perfection \u00e9vang\u00e9lique et le chemin qui nous conduit \u00e0 la saintet\u00e9.<span id='easy-footnote-22-38257' class='easy-footnote-margin-adjust'><\/span><span class='easy-footnote'><a href='https:\/\/vincentians.com\/fr\/elements-dunion-dans-la-famille-vincentienne\/#easy-footnote-bottom-22-38257' title='cf. Regles Comunes II, 7'><sup>22<\/sup><\/a><\/span> Saint Vincent centre son attention sur l\u2019humilit\u00e9 de J\u00e9sus-Christ qui, par amour pour nous, prit notre condition humaine et se pr\u00e9senta comme le mod\u00e8le de l\u2019humilit\u00e9 par excellence.<span id='easy-footnote-23-38257' class='easy-footnote-margin-adjust'><\/span><span class='easy-footnote'><a href='https:\/\/vincentians.com\/fr\/elements-dunion-dans-la-famille-vincentienne\/#easy-footnote-bottom-23-38257' title='cf. Ph 2,7; cf. SV XI, 394'><sup>23<\/sup><\/a><\/span> L\u2019humilit\u00e9 nous entra\u00eene \u00e0 reconna\u00eetre notre condition de cr\u00e9atures et notre n\u00e9cessit\u00e9 de r\u00e9demption. L\u2019humilit\u00e9 se manifeste par l\u2019attitude reconnaissante pour les dons re\u00e7us et nous m\u00e8ne, d\u2019autre part, \u00e0 tout voir, dans notre vie, comme gr\u00e2ce. Elle se concr\u00e9tise aussi par une maturit\u00e9 spirituelle qui conduit la personne \u00e0 vivre \u00ab en attitude de servante \u00bb, dans une volont\u00e9 de s\u2019engager m\u00eame dans des actions serviles au service des pauvres. Finalement elle se manifeste par le d\u00e9sir effectif de se laisser \u00e9vang\u00e9liser par les pauvres \u00ab nos seigneurs et nos ma\u00eetres \u00bb. Sans l\u2019humilit\u00e9, la collaboration serait impossible.<\/p>\n<p>Que signifie aujourd\u2019hui mener un style de vie simple et humble pour que les pauvres puissent nous reconna\u00eetre comme leurs serviteurs sans se sentir offens\u00e9s ou agress\u00e9s ?<\/p>\n<h3><strong>5. Ils servent le pauvre avec un contact direct et personnel <\/strong><\/h3>\n<p>\u00c0 partir du charisme vincentien on sert le pauvre par un contact direct et personnel avec lui. Nous sommes vincentiens parce que nous sommes avec le pauvre, nous le connaissons personnellement, les programmes pour le secourir ne sont pas abstraits, ils sont \u00e9labor\u00e9s apr\u00e8s avoir reconnu leurs blessures. C\u2019est notre style, nous n\u2019en avons pas d\u2019autre. Pour nous, rien ne peut remplacer le contact direct avec les pauvres. Ils nous apprennent ce que nous devons faire. Leur d\u00e9gradation concr\u00e8te nous dicte le programme du travail que nous devons suivre. Cette programmation, pour \u00eatre vincentienne, doit comporter deux \u00e9l\u00e9ments ins\u00e9parables : amour qui devient aide solidaire concr\u00e8te <strong>et<\/strong> \u00e9vang\u00e9lisation explicite, lib\u00e9ratrice. Pain et cat\u00e9chisme, charit\u00e9 et mission. L\u2019\u00c9vangile sans pain, sans aide concr\u00e8te, resterait mutil\u00e9, et le pain sans \u00c9vangile cr\u00e9erait des personnes d\u00e9pendantes, c\u2019est-\u00e0-dire, de nouvelles pauvret\u00e9s. Saint Vincent disait : <em>Vous devez avoir soin que rien ne leur manque en ce que vous pourrez, tant pour la sant\u00e9 de leur corps, que pour le salut de leur \u00e2me<\/em>.<span id='easy-footnote-24-38257' class='easy-footnote-margin-adjust'><\/span><span class='easy-footnote'><a href='https:\/\/vincentians.com\/fr\/elements-dunion-dans-la-famille-vincentienne\/#easy-footnote-bottom-24-38257' title='SV IX, 119'><sup>24<\/sup><\/a><\/span>\n<h3><strong>6. Les pauvres sont consid\u00e9r\u00e9s comme nos \u00ab seigneurs et ma\u00eetres \u00bb<\/strong><\/h3>\n<p>C\u2019est dans le contact direct avec les pauvres, \u00e0 partir de la foi, que nous apprenons ce principe comme une exp\u00e9rience. Ils sont le sacrement souffrant de J\u00e9sus-Christ, un sacrement grossier, rustre, parfois sentant mauvais. Ils sont le Christ d\u00e9figur\u00e9 de la croix, mais Seigneur du monde, de l\u2019histoire et du c\u0153ur de ceux qui le suivent.<\/p>\n<p>Ils ordonnent et nous ob\u00e9issons. Ils nous disent comment, quand et de quoi ils ont besoin et nous r\u00e9pondons \u00e0 leur appel. Ils sont nos ma\u00eetres et nous devons avoir l\u2019amour serviable, ob\u00e9issant et soumis des serviteurs. Nous ne les aidons pas de haut mais d\u2019en bas, non de l\u2019ext\u00e9rieur mais de l\u2019int\u00e9rieur, nous ne cherchons pas leur reconnaissance mais leur gu\u00e9rison et leur lib\u00e9ration, afin qu\u2019ils soient aussi en \u00e9tat d\u2019aider les autres.<\/p>\n<p>Ils sont nos \u00ab ma\u00eetres \u00bb.<span id='easy-footnote-25-38257' class='easy-footnote-margin-adjust'><\/span><span class='easy-footnote'><a href='https:\/\/vincentians.com\/fr\/elements-dunion-dans-la-famille-vincentienne\/#easy-footnote-bottom-25-38257' title='SV XII, 180'><sup>25<\/sup><\/a><\/span> Nous apprenons d\u2019eux la vraie foi en Dieu en la pratiquant avec eux. Sain Vincent disait : <em>Ce qui me reste de l&rsquo;exp\u00e9rience que j&rsquo;en ai est le jugement que j&rsquo;ai toujours fait que la vraie religion, la vraie religion, Messieurs, la vraie religion est parmi les pauvres. Dieu les enrichit d&rsquo;une foi vive ; ils croient, ils touchent, ils go\u00fbtent les paroles de vie\u2026<\/em>.<span id='easy-footnote-26-38257' class='easy-footnote-margin-adjust'><\/span><span class='easy-footnote'><a href='https:\/\/vincentians.com\/fr\/elements-dunion-dans-la-famille-vincentienne\/#easy-footnote-bottom-26-38257' title='SV XII, 170'><sup>26<\/sup><\/a><\/span> Ils nous lib\u00e8rent de nos idoles, de nos fausses repr\u00e9sentations de Dieu, ils nous apprennent l\u2019action que Dieu veut de nous ; nous apprenons d\u2019eux que nous sommes coupables de leurs souffrances si nous ne faisons pas tout notre possible pour les aider.<span id='easy-footnote-27-38257' class='easy-footnote-margin-adjust'><\/span><span class='easy-footnote'><a href='https:\/\/vincentians.com\/fr\/elements-dunion-dans-la-famille-vincentienne\/#easy-footnote-bottom-27-38257' title='cf. SV XI, 202'><sup>27<\/sup><\/a><\/span> Ce sont eux les ma\u00eetres qui nous gu\u00e9rissent d\u2019une foi manquant d\u2019\u00e9quilibre qui proclame ce qu\u2019elle ne pratique pas. Aupr\u00e8s d\u2019eux nous apprenons que les portes des cieux sont faites avec le bois de la crucifixion et que nous pouvons les aider \u00e0 porter la croix et \u00e0 l\u2019all\u00e9ger. C\u2019est aussi en gu\u00e9rissant leurs blessures que les n\u00f4tres gu\u00e9rissent et pour cela il faut aimer \u00e0 la sueur de nos visages et \u00e0 la force de nos bras.<span id='easy-footnote-28-38257' class='easy-footnote-margin-adjust'><\/span><span class='easy-footnote'><a href='https:\/\/vincentians.com\/fr\/elements-dunion-dans-la-famille-vincentienne\/#easy-footnote-bottom-28-38257' title='cf. SV XI, 40'><sup>28<\/sup><\/a><\/span> Un service d\u2019accompagnement des la\u00efcs vincentiens sans un service personnel et direct aupr\u00e8s des pauvres, peut \u00eatre limit\u00e9 et appauvri.<\/p>\n<h3><strong>7. Ils aiment d\u2019un amour affectif, effectif, inventif et communicatif <\/strong><\/h3>\n<p>L\u2019amour qui est compassion, affection et sentiment profond dans notre trajectoire vincentienne devient un amour effectif, un service r\u00e9alis\u00e9 avec joie, enthousiasme et constance. Cet amour est inventif jusqu\u2019\u00e0 l\u2019infini, il cherche et trouve des ressources, organise et invente les formes de charit\u00e9 et de don de la vie. C\u2019est un amour qui cherche \u00e0 aimer et \u00e0 faire que les autres aiment de la m\u00eame fa\u00e7on. Saint Vincent disait : <em>Il ne me suffit pas d&rsquo;aimer Dieu, si mon prochain ne l&rsquo;aime<\/em>.<span id='easy-footnote-29-38257' class='easy-footnote-margin-adjust'><\/span><span class='easy-footnote'><a href='https:\/\/vincentians.com\/fr\/elements-dunion-dans-la-famille-vincentienne\/#easy-footnote-bottom-29-38257' title='SV XII, 262'><sup>29<\/sup><\/a><\/span> Parce que <em>Le Fils de Dieu s&rsquo;est fait homme comme nous, afin que nous soyons non seulement sauv\u00e9s, mais sauveurs, comme lui<\/em>.<span id='easy-footnote-30-38257' class='easy-footnote-margin-adjust'><\/span><span class='easy-footnote'><a href='https:\/\/vincentians.com\/fr\/elements-dunion-dans-la-famille-vincentienne\/#easy-footnote-bottom-30-38257' title='SV XII, 113'><sup>30<\/sup><\/a><\/span> Saint Vincent a communiqu\u00e9 cet amour qu\u2019il d\u00e9couvrit et v\u00e9cut : des gens de toute sorte et de toute condition, messieurs et dames des confr\u00e9ries de la charit\u00e9, dames de la noblesse et simples filles des champs, simples fr\u00e8res, missionnaires, la\u00efcs de tous les coins, la duchesse d\u2019Aiguillon et le cordonnier Claude Leglay.<span id='easy-footnote-31-38257' class='easy-footnote-margin-adjust'><\/span><span class='easy-footnote'><a href='https:\/\/vincentians.com\/fr\/elements-dunion-dans-la-famille-vincentienne\/#easy-footnote-bottom-31-38257' title='cf. SV XII, 294. Cfr J.-P. Renouard, &lt;em&gt;Les la\u00efcs et M. Vincent&lt;\/em&gt;, en 39 (1995) 213-214.'><sup>31<\/sup><\/a><\/span> Si nous aimons les pauvres, si nous les voyons en J\u00e9sus-Christ, nous voudrons que tous les gens soient enthousiasm\u00e9s pour cette t\u00e2che de Dieu et nous chercherons les moyens de les introduire dans ce travail sacr\u00e9 et urgent. \u00c0 pr\u00e9sent comme au temps de saint Vincent, nous pouvons dire que les pauvres, qui ne savent pas o\u00f9 aller ni quoi faire, qui souffrent et qui se multiplient tous les jours, constituent mon poids et ma douleur. C\u2019est pourquoi, sans aucun doute, nous pouvons affirmer en v\u00e9rit\u00e9 : aujourd\u2019hui le charisme vincentien est actuel, urgent, dans un monde o\u00f9 les pauvres se multiplient de plus en plus.<\/p>\n<h3><strong>8. Ils se laissent \u00e9vang\u00e9liser pour les pauvres <\/strong><\/h3>\n<p>Ce sont les pauvres qui viennent nous d\u00e9livrer d\u2019une vie trop centr\u00e9e sur nous-m\u00eames. C\u2019est cela notre meilleur salaire. Ils gu\u00e9rissent les blessures produites par notre embourgeoisement, nos myopies ; ils donnent un sens et une direction \u00e0 nos vies. Ils nous mettent sur la voie \u00e9troite qui conduit \u00e0 la Vie. Saint Vincent disait : <em>Vous devez souvent penser que votre principale affaire et ce que Dieu vous demande particuli\u00e8rement est d&rsquo;avoir un grand soin de servir les pauvres, qui sont nos seigneurs. Oh ! Oui, mes s\u0153urs, ce sont nos ma\u00eetres<\/em>.<span id='easy-footnote-32-38257' class='easy-footnote-margin-adjust'><\/span><span class='easy-footnote'><a href='https:\/\/vincentians.com\/fr\/elements-dunion-dans-la-famille-vincentienne\/#easy-footnote-bottom-32-38257' title='SV IX, 119'><sup>32<\/sup><\/a><\/span>\n<p>S\u2019\u00e9loigner des pauvres, c\u2019est s\u2019\u00e9loigner de Dieu, s\u2019approcher des pauvres c\u2019est s\u2019approcher de Dieu. Ils ont besoin d\u2019une Bonne Nouvelle et la FV a re\u00e7u de J\u00e9sus-Christ cette Bonne Nouvelle faite avec le pain de la justice et du service d\u2019amour. \u00c9vang\u00e9liser selon la tradition vincentienne consiste \u00e0 continuer et \u00e0 faire conna\u00eetre la vie de J\u00e9sus Christ, en utilisant les moyens de J\u00e9sus-Christ et d\u2019abord aux pr\u00e9f\u00e9r\u00e9s de J\u00e9sus-Christ, puis \u00e0 tous les autres mais \u00e0 partir des pauvres et de leurs blessures. C\u2019est notre fa\u00e7on Vincentienne de vivre l\u2019amour. Servir les pauvres c\u2019est servir J\u00e9sus-Christ et servir J\u00e9sus-Christ, c\u2019est servir les pauvres. Le Christ vivant et ressuscit\u00e9 nous envoie gu\u00e9rir les marques des clous, la plaie du c\u00f4t\u00e9 du Christ crucifi\u00e9 dont la passion se prolonge dans l\u2019histoire de tous les crucifi\u00e9s et les pauvres de ce monde.<\/p>\n<p>De nombreux aspects de la vie spirituelle de saint Vincent ont \u00e9t\u00e9 transform\u00e9s et m\u00eame d\u2019une fa\u00e7on substantielle, \u00e0 partir de la rencontre avec les la\u00efcs que Dieu mettait sur son chemin. La personne qui accompagne aujourd\u2019hui les associations vincentiennes doit \u00ab se laisser fa\u00e7onner \u00bb par Dieu gr\u00e2ce \u00e0 l\u2019\u00e9coute attentive des la\u00efcs qu\u2019elle sert et \u00e0 travers lesquels Dieu r\u00e9v\u00e8le aussi sa volont\u00e9.<\/p>\n<h3><strong>9. Le charisme vincentien est un charisme missionnaire <\/strong><\/h3>\n<p>\u00catre missionnaire signifie aller \u00e0 la rencontre des autres. J\u00e9sus est missionnaire du P\u00e8re. Saint Vincent est le missionnaire qui abandonne ses plans et ses projets afin de devenir \u00ab l\u2019\u00eatre \u00bb pour les autres. Il convoque des hommes et des femmes pour sortir d\u2019eux-m\u00eames et aller aux pauvres de toute la France et du monde entier. Il les invite \u00e0 aller l\u00e0 o\u00f9 les besoins sont les plus grands et o\u00f9 les pauvres sont \u00ab les plus pauvres \u00bb. La disponibilit\u00e9 et la mobilit\u00e9 sont des attitudes fondamentales du charisme. Le charisme vincentien na\u00eet avec saint Vincent de Paul, qui en 1617 fonde les Confr\u00e9ries de la Charit\u00e9, aujourd\u2019hui l\u2019AIC. Plus tard, en 1625 il fonde la CM. Finalement en 1633, il fonde avec sainte Louise de Marillac, la Compagnie des Filles de la Charit\u00e9. Au moment de sa mort, ses fondations \u00e9taient d\u00e9j\u00e0 pr\u00e9sentes en plusieurs pays en dehors de la France : la Pologne, l\u2019Italie, l\u2019Alg\u00e9rie, Madagascar, l\u2019Ecosse\u2026.<span id='easy-footnote-33-38257' class='easy-footnote-margin-adjust'><\/span><span class='easy-footnote'><a href='https:\/\/vincentians.com\/fr\/elements-dunion-dans-la-famille-vincentienne\/#easy-footnote-bottom-33-38257' title='Nous savons que saint Vincent lui-m\u00eame \u00e9tait pr\u00eat \u00e0 partir pour la mission : \u00ab Et moi-m\u00eame, quoique vieux et \u00e2g\u00e9 comme je suis, je ne dois pas laisser d&amp;rsquo;avoir cette disposition en moi, voire m\u00eame de passer aux Indes, afin d&amp;rsquo;y gagner des \u00e2mes \u00e0 Dieu, encore bien que je dusse mourir par le chemin ou dans le vaisseau \u00bb (SV XI, 402).'><sup>33<\/sup><\/a><\/span>\n<h3><strong>10. Marie dans la Spiritualit\u00e9 Vincentienne<\/strong><span id='easy-footnote-34-38257' class='easy-footnote-margin-adjust'><\/span><span class='easy-footnote'><a href='https:\/\/vincentians.com\/fr\/elements-dunion-dans-la-famille-vincentienne\/#easy-footnote-bottom-34-38257' title='Pour ce point j\u2019ai utilis\u00e9 la conf\u00e9rence du P. Robert Maloney, c.m. &lt;em&gt;Asociaci\u00f3n de l&lt;\/em&gt;&lt;em&gt;a Medalla Milagrosa. &lt;\/em&gt;&lt;em&gt;Una nueva imagen para un nuevo Milenio&lt;\/em&gt;, Ed. La Milagrosa, Madrid, 2002.'><sup>34<\/sup><\/a><\/span><\/h3>\n<p>Marie n\u2019est pas une annexe dans la FV ni la d\u00e9votion exclusive d\u2019un groupe ou d\u2019une association. Marie montre \u00e0 la FV la fa\u00e7on dont on vit la vie d\u2019union \u00e0 J\u00e9sus-Christ, \u00e0 l\u2019\u00e9coute de sa Parole, pour le service des autres. La d\u00e9votion mariale dans le chemin vincentien est sobre en ses expressions, d\u2019un profond sens pratique. Marie est ma\u00eetresse de vie spirituelle, elle nous apprend l\u2019\u00e9coute attentive de la Parole, c\u2019est la m\u00e8re qui interc\u00e8de, elle nous montre la voie de la pri\u00e8re et le lieu des pauvres comme notre seul espace de vie, elle nous apprend \u00e0 vivre attentifs aux besoins des pauvres et la fa\u00e7on de les servir. Saint Vincent disait : <em>La tr\u00e8s sainte Vierge sortait pour les n\u00e9cessit\u00e9s de sa famille et pour le soulagement et la consolation de son prochain ; mais c&rsquo;\u00e9tait toujours en la pr\u00e9sence de Dieu<\/em>.<span id='easy-footnote-35-38257' class='easy-footnote-margin-adjust'><\/span><span class='easy-footnote'><a href='https:\/\/vincentians.com\/fr\/elements-dunion-dans-la-famille-vincentienne\/#easy-footnote-bottom-35-38257' title='SV IX, 340'><sup>35<\/sup><\/a><\/span> Il disait aux Filles de la Charit\u00e9 qu\u2019elle est la ma\u00eetresse de qui nous devons apprendre le soin, la vigilance et l&rsquo;amour qu&rsquo;elle avait pour son Fils.<span id='easy-footnote-36-38257' class='easy-footnote-margin-adjust'><\/span><span class='easy-footnote'><a href='https:\/\/vincentians.com\/fr\/elements-dunion-dans-la-famille-vincentienne\/#easy-footnote-bottom-36-38257' title='cf. SV IX, 142'><sup>36<\/sup><\/a><\/span>\n<p>Les apparitions \u00e0 sainte Catherine Labour\u00e9 ont eu lieu justement lorsque la FV commen\u00e7ait \u00e0 rena\u00eetre, apr\u00e8s avoir \u00e9t\u00e9 dispers\u00e9e et, dans une certaine mesure, dissoute par la R\u00e9volution Fran\u00e7aise. Dans les d\u00e9cades post\u00e9rieures \u00e0 l\u2019ann\u00e9e 1830 notre Famille a exp\u00e9riment\u00e9 une importance renaissance.<span id='easy-footnote-37-38257' class='easy-footnote-margin-adjust'><\/span><span class='easy-footnote'><a href='https:\/\/vincentians.com\/fr\/elements-dunion-dans-la-famille-vincentienne\/#easy-footnote-bottom-37-38257' title='Pour nombre de d\u00e9tails sur la croissance de la FV durant cette p\u00e9riode, cf. Ren\u00e9 Laurentin et Philippe Roche, C.M., &lt;em&gt;Catherine Labour\u00e9 et la M\u00e9daille Miraculeuse &lt;\/em&gt;(Lazaristes, Filles de la Charit\u00e9, Dessain et Tolra, Paris, 1976. Cf. en particulier les pages 66 et suivantes. Cf aussi Ren\u00e9 Laurentin, &lt;em&gt;Vie authentique de Catherine Labour\u00e9 &lt;\/em&gt;(Descl\u00e9e De Brower, Lazaristes, Filles de la Charit\u00e9 ; Paris, 1980).'><sup>37<\/sup><\/a><\/span> Nous savons qu\u2019\u00e0 partir de cet \u00e9v\u00e9nement d\u2019amour de Marie vont na\u00eetre deux branches importantes : La JMV et l\u2019AMM.<\/p>\n<p>On dit que Fr\u00e9d\u00e9ric Ozanam portait la m\u00e9daille lorsqu\u2019il a fond\u00e9 les Conf\u00e9rences de Saint Vincent de Paul en 1833.<span id='easy-footnote-38-38257' class='easy-footnote-margin-adjust'><\/span><span class='easy-footnote'><a href='https:\/\/vincentians.com\/fr\/elements-dunion-dans-la-famille-vincentienne\/#easy-footnote-bottom-38-38257' title='Ren\u00e9 Laurentin, &lt;em&gt;Vie authentique de Catherine Labour\u00e9, &lt;\/em&gt;I R\u00e9cit (Descl\u00e9e De Brower, Lazaristes, Filles de la Charit\u00e9 ; Paris, 1980) 189).'><sup>38<\/sup><\/a><\/span> En 1843, il a \u00e9crit, lui aussi, la notice d\u2019une \u0153uvre qui renfermait le premier r\u00e9cit imprim\u00e9 des apparitions \u00e0 sainte Catherine Labour\u00e9. Le 4 f\u00e9vrier 1834, Ozanam demanda de mettre sous la protection de la Sainte Vierge les Conf\u00e9rences r\u00e9cemment fond\u00e9es. Il a choisi la f\u00eate de l\u2019Immacul\u00e9e Conception comme sa f\u00eate patronale. Cette proposition fut accept\u00e9e \u00e0 l\u2019unanimit\u00e9 par les membres de la Soci\u00e9t\u00e9.<\/p>\n<p>L\u2019AIC, c\u2019est-\u00e0-dire, les Dames de la Charit\u00e9, jusqu\u2019\u00e0 1959, faisaient un Acte de Cons\u00e9cration le 8 d\u00e9cembre o\u00f9 elles invoquaient Marie sous le titre d\u2019Immacul\u00e9e Conception. Ensemble, avec les Filles de la Charit\u00e9 et les membres de la CM, elles ont \u00e9t\u00e9 les distributrices les plus actives de la m\u00e9daille, apr\u00e8s les apparitions \u00e0 sainte Catherine Labour\u00e9.<\/p>\n<h2><strong>C. Un mot sur la diversit\u00e9<\/strong><\/h2>\n<p>Le temps ne nous permet pas d\u2019entrer dans le d\u00e9tail sur ce sujet qui est \u00e9galement important, car on ne peut parler d\u2019unit\u00e9 comme uniformit\u00e9, nous parlons d\u2019unit\u00e9 \u00e0 partir des r\u00e9alit\u00e9s communes et des r\u00e9alit\u00e9s qui nous font diff\u00e9rents. Nous portons une richesse en commun et nous sommes une forteresse par notre \u00ab \u00eatre diff\u00e9rent \u00bb. La collaboration ne se donne qu\u2019\u00e0 partir de notre diversit\u00e9 et de notre autonomie. Les diff\u00e9rences entre les diverses associations existent et c\u2019est pour nous un d\u00e9fi de les d\u00e9couvrir et de les vivre car elles deviennent notre plus grande richesse pour une collaboration effective. Aucune des associations n\u2019\u00e9puise la richesse du charisme vincentien et cela a ses cons\u00e9quences. Les diverses associations ont des histoires diff\u00e9rentes, des fa\u00e7ons diff\u00e9rentes de travailler pour les pauvres, des nuances diff\u00e9rentes dans leur spiritualit\u00e9. Les efforts que de nombreux pays r\u00e9alisent pour cr\u00e9er la FV sur des bases solides, pr\u00e9tendent non \u00e0 l\u2019homog\u00e9n\u00e9isation des diverses institutions, mais \u00e0 la connaissance mutuelle, l\u2019entraide et la collaboration.<span id='easy-footnote-39-38257' class='easy-footnote-margin-adjust'><\/span><span class='easy-footnote'><a href='https:\/\/vincentians.com\/fr\/elements-dunion-dans-la-famille-vincentienne\/#easy-footnote-bottom-39-38257' title='cf. AA.VV. \u201cRaviver la Charit\u00e9 \u00bb 3, Ed. CEME, Salamanca 2002, p. 238.'><sup>39<\/sup><\/a><\/span>\n<h2><strong>Conclusion<\/strong><\/h2>\n<p>Accompagner les la\u00efcs des diff\u00e9rentes associations exige de nous de conna\u00eetre, d\u2019une fa\u00e7on assez pr\u00e9cise, et de vivre ces r\u00e9alit\u00e9s du charisme vincentien communes \u00e0 tous ; d\u2019avoir une connaissance th\u00e9orique et pratique de ces \u00e9l\u00e9ments qui sont distincts en chaque association.<\/p>\n<p>Selon ce qui a \u00e9t\u00e9 dit au cours de cette intervention, nous pouvons affirmer qu\u2019il existe une identit\u00e9 qui unit tous les membres de la FV mais, nous pouvons \u00e9galement affirmer que chaque association a sa propre identit\u00e9. Nous en d\u00e9duisons, avec certitude, que toutes les associations ne peuvent avoir le m\u00eame type d\u2019accompagnement. Chaque association a son propre style et cela exige de la personne qui l\u2019accompagne, une connaissance d\u00e9taill\u00e9e de l\u2019association et un respect profond de sa propre autonomie.<\/p>\n<p>Je termine en disant que les membres de la FV sont ceux qui vivent leur vie comme J\u00e9sus-Christ, faisant le bien, convaincus avec saint Vincent que <em>ceux qui aiment les pauvres durant leur vie, n\u2019auront pas peur de la mort<\/em>.<span id='easy-footnote-40-38257' class='easy-footnote-margin-adjust'><\/span><span class='easy-footnote'><a href='https:\/\/vincentians.com\/fr\/elements-dunion-dans-la-famille-vincentienne\/#easy-footnote-bottom-40-38257' title='cf. SV I, 596'><sup>40<\/sup><\/a><\/span> Et encore, convaincus avec saint Vincent que <em>Nous ne pouvons mieux assurer notre bonheur \u00e9ternel qu&rsquo;en vivant et mourant au service des pauvres, entre les bras de la Providence et dans un actuel renoncement de nous-m\u00eames, pour suivre J\u00e9sus-Christ.<\/em><span id='easy-footnote-41-38257' class='easy-footnote-margin-adjust'><\/span><span class='easy-footnote'><a href='https:\/\/vincentians.com\/fr\/elements-dunion-dans-la-famille-vincentienne\/#easy-footnote-bottom-41-38257' title='SV III, 302'><sup>41<\/sup><\/a><\/span>\n","protected":false},"excerpt":{"rendered":"<p>A. De quelle famille parlons-nous ? Lorsque nous parlons de la Famille Vincentienne nous faisons allusion \u00e0 tous ces groupes d\u2019associations ou \u00e0 des congr\u00e9gations qui, dans leur vie (style) et dans leur action (apostolat), &#8230; <a href=\"https:\/\/vincentians.com\/fr\/elements-dunion-dans-la-famille-vincentienne\/\" class=\"more-link\">Read More<\/a><\/p>\n","protected":false},"author":4,"featured_media":149263,"comment_status":"open","ping_status":"open","sticky":false,"template":"","format":"standard","meta":{"jetpack_post_was_ever_published":false,"_jetpack_newsletter_access":"","_jetpack_dont_email_post_to_subs":false,"_jetpack_newsletter_tier_id":0,"_jetpack_memberships_contains_paywalled_content":false,"_jetpack_memberships_contains_paid_content":false,"footnotes":"","jetpack_publicize_message":"","jetpack_publicize_feature_enabled":true,"jetpack_social_post_already_shared":true,"jetpack_social_options":{"image_generator_settings":{"template":"highway","default_image_id":0,"font":"","enabled":false},"version":2}},"categories":[123],"tags":[],"class_list":["post-38257","post","type-post","status-publish","format-standard","has-post-thumbnail","hentry","category-la-famille-vincentienne"],"yoast_head":"<!-- This site is optimized with the Yoast SEO plugin v26.3 - https:\/\/yoast.com\/wordpress\/plugins\/seo\/ -->\n<title>\u00c9l\u00e9ments d\u2019union dans la Famille Vincentienne - Nous Sommes Vincentiens<\/title>\n<meta name=\"robots\" content=\"index, follow, max-snippet:-1, max-image-preview:large, max-video-preview:-1\" \/>\n<link rel=\"canonical\" href=\"https:\/\/vincentians.com\/fr\/elements-dunion-dans-la-famille-vincentienne\/\" \/>\n<meta property=\"og:locale\" content=\"fr_FR\" \/>\n<meta property=\"og:type\" content=\"article\" \/>\n<meta property=\"og:title\" content=\"\u00c9l\u00e9ments d\u2019union dans la Famille Vincentienne - Nous Sommes Vincentiens\" \/>\n<meta property=\"og:description\" content=\"A. De quelle famille parlons-nous ? Lorsque nous parlons de la Famille Vincentienne nous faisons allusion \u00e0 tous ces groupes d\u2019associations ou \u00e0 des congr\u00e9gations qui, dans leur vie (style) et dans leur action (apostolat), ... Read More\" \/>\n<meta property=\"og:url\" content=\"https:\/\/vincentians.com\/fr\/elements-dunion-dans-la-famille-vincentienne\/\" \/>\n<meta property=\"og:site_name\" content=\"Nous Sommes Vincentiens\" \/>\n<meta property=\"article:publisher\" content=\"https:\/\/www.facebook.com\/WeAreVincentians\/\" \/>\n<meta property=\"article:author\" content=\"https:\/\/www.facebook.com\/JavierChento\" \/>\n<meta property=\"article:published_time\" content=\"2016-08-04T18:00:45+00:00\" \/>\n<meta property=\"og:image\" content=\"https:\/\/i0.wp.com\/vincentians.com\/fr\/wp-content\/uploads\/sites\/10\/2014\/01\/Vincentian-Family-leaders-meeting-in-Paris.jpg?fit=1200%2C630&ssl=1\" \/>\n\t<meta property=\"og:image:width\" content=\"1200\" \/>\n\t<meta property=\"og:image:height\" content=\"630\" \/>\n\t<meta property=\"og:image:type\" content=\"image\/jpeg\" \/>\n<meta name=\"author\" content=\"Francisco Javier Fern\u00e1ndez Chento\" \/>\n<meta name=\"twitter:card\" content=\"summary_large_image\" \/>\n<meta name=\"twitter:creator\" content=\"@https:\/\/twitter.com\/javierchento\" \/>\n<meta name=\"twitter:site\" content=\"@WeVincentians\" \/>\n<meta name=\"twitter:label1\" content=\"\u00c9crit par\" \/>\n\t<meta name=\"twitter:data1\" content=\"Francisco Javier Fern\u00e1ndez Chento\" \/>\n\t<meta name=\"twitter:label2\" content=\"Dur\u00e9e de lecture estim\u00e9e\" \/>\n\t<meta name=\"twitter:data2\" content=\"26 minutes\" \/>\n<script type=\"application\/ld+json\" class=\"yoast-schema-graph\">{\"@context\":\"https:\/\/schema.org\",\"@graph\":[{\"@type\":\"WebPage\",\"@id\":\"https:\/\/vincentians.com\/fr\/elements-dunion-dans-la-famille-vincentienne\/\",\"url\":\"https:\/\/vincentians.com\/fr\/elements-dunion-dans-la-famille-vincentienne\/\",\"name\":\"\u00c9l\u00e9ments d\u2019union dans la Famille Vincentienne - Nous Sommes Vincentiens\",\"isPartOf\":{\"@id\":\"http:\/\/vincentians.com\/fr\/#website\"},\"primaryImageOfPage\":{\"@id\":\"https:\/\/vincentians.com\/fr\/elements-dunion-dans-la-famille-vincentienne\/#primaryimage\"},\"image\":{\"@id\":\"https:\/\/vincentians.com\/fr\/elements-dunion-dans-la-famille-vincentienne\/#primaryimage\"},\"thumbnailUrl\":\"https:\/\/i0.wp.com\/vincentians.com\/fr\/wp-content\/uploads\/sites\/10\/2014\/01\/Vincentian-Family-leaders-meeting-in-Paris.jpg?fit=1200%2C630&ssl=1\",\"datePublished\":\"2016-08-04T18:00:45+00:00\",\"author\":{\"@id\":\"http:\/\/vincentians.com\/fr\/#\/schema\/person\/9623ef4d9aa3b2dfb8c061f1499288f2\"},\"breadcrumb\":{\"@id\":\"https:\/\/vincentians.com\/fr\/elements-dunion-dans-la-famille-vincentienne\/#breadcrumb\"},\"inLanguage\":\"fr-FR\",\"potentialAction\":[{\"@type\":\"ReadAction\",\"target\":[\"https:\/\/vincentians.com\/fr\/elements-dunion-dans-la-famille-vincentienne\/\"]}]},{\"@type\":\"ImageObject\",\"inLanguage\":\"fr-FR\",\"@id\":\"https:\/\/vincentians.com\/fr\/elements-dunion-dans-la-famille-vincentienne\/#primaryimage\",\"url\":\"https:\/\/i0.wp.com\/vincentians.com\/fr\/wp-content\/uploads\/sites\/10\/2014\/01\/Vincentian-Family-leaders-meeting-in-Paris.jpg?fit=1200%2C630&ssl=1\",\"contentUrl\":\"https:\/\/i0.wp.com\/vincentians.com\/fr\/wp-content\/uploads\/sites\/10\/2014\/01\/Vincentian-Family-leaders-meeting-in-Paris.jpg?fit=1200%2C630&ssl=1\",\"width\":1200,\"height\":630},{\"@type\":\"BreadcrumbList\",\"@id\":\"https:\/\/vincentians.com\/fr\/elements-dunion-dans-la-famille-vincentienne\/#breadcrumb\",\"itemListElement\":[{\"@type\":\"ListItem\",\"position\":1,\"name\":\"Portada\",\"item\":\"http:\/\/vincentians.com\/fr\/\"},{\"@type\":\"ListItem\",\"position\":2,\"name\":\"\u00c9l\u00e9ments d\u2019union dans la Famille Vincentienne\"}]},{\"@type\":\"WebSite\",\"@id\":\"http:\/\/vincentians.com\/fr\/#website\",\"url\":\"http:\/\/vincentians.com\/fr\/\",\"name\":\"Nous Sommes Vincentiens\",\"description\":\"Know more to serve more\",\"potentialAction\":[{\"@type\":\"SearchAction\",\"target\":{\"@type\":\"EntryPoint\",\"urlTemplate\":\"http:\/\/vincentians.com\/fr\/?s={search_term_string}\"},\"query-input\":{\"@type\":\"PropertyValueSpecification\",\"valueRequired\":true,\"valueName\":\"search_term_string\"}}],\"inLanguage\":\"fr-FR\"},{\"@type\":\"Person\",\"@id\":\"http:\/\/vincentians.com\/fr\/#\/schema\/person\/9623ef4d9aa3b2dfb8c061f1499288f2\",\"name\":\"Francisco Javier Fern\u00e1ndez Chento\",\"image\":{\"@type\":\"ImageObject\",\"inLanguage\":\"fr-FR\",\"@id\":\"http:\/\/vincentians.com\/fr\/#\/schema\/person\/image\/\",\"url\":\"https:\/\/secure.gravatar.com\/avatar\/497d5cde87b4c3d097d0315953521681ba2cd523ee66e5077c3711f7021e65de?s=96&d=mm&r=g\",\"contentUrl\":\"https:\/\/secure.gravatar.com\/avatar\/497d5cde87b4c3d097d0315953521681ba2cd523ee66e5077c3711f7021e65de?s=96&d=mm&r=g\",\"caption\":\"Francisco Javier Fern\u00e1ndez Chento\"},\"description\":\"Director General y cofundador de La Red de Formaci\u00f3n Vicenciana. Javier es laico vicenciano, afiliado a la Congregaci\u00f3n de la Misi\u00f3n y miembro del Equipo de Misiones Populares de la provincia can\u00f3nica de Zaragoza (Espa\u00f1a) de la Congregaci\u00f3n de la Misi\u00f3n. Graduado en la Universidad Oberta de Catalunya con cuatro grados (Asistente de direcci\u00f3n, Gesti\u00f3n Administrativa, Recursos Humanos y Contabilidad Avanzada). Bil\u00edng\u00fce Espa\u00f1ol\/Ingl\u00e9s. gestiona y mantiene varias p\u00e1ginas web cristianas y vicencianas, incluida including La Red de Formaci\u00f3n Vicenciana, de la que es cofundador. Actualmente es responsable del \u00e1rea de Espa\u00f1ol de .famvin, la Red de Noticias de la Familia Vicenciana. Tambi\u00e9n es m\u00fasico cat\u00f3lico y ha editado varios discos. Es Director General y cofundador de Trovador, una reconocida compa\u00f1\u00eda discogr\u00e1fica critiana de Espa\u00f1a. Trabaja en las Tecnolog\u00edas de la Informaci\u00f3n, ofreciendo servicios de alojamiento, dise\u00f1o y mantenimiento Web, as\u00ed como asesoramiento, formaci\u00f3n y soluciones inform\u00e1ticas, gesti\u00f3n documental y digitalizaci\u00f3n de textos, edici\u00f3n y maquetaci\u00f3n de libros, revistas, flyers, etc.\",\"sameAs\":[\"http:\/\/chento.org\",\"https:\/\/www.facebook.com\/JavierChento\",\"https:\/\/x.com\/https:\/\/twitter.com\/javierchento\"],\"url\":\"https:\/\/vincentians.com\/fr\/author\/chento\/\"}]}<\/script>\n<!-- \/ Yoast SEO plugin. -->","yoast_head_json":{"title":"\u00c9l\u00e9ments d\u2019union dans la Famille Vincentienne - Nous Sommes Vincentiens","robots":{"index":"index","follow":"follow","max-snippet":"max-snippet:-1","max-image-preview":"max-image-preview:large","max-video-preview":"max-video-preview:-1"},"canonical":"https:\/\/vincentians.com\/fr\/elements-dunion-dans-la-famille-vincentienne\/","og_locale":"fr_FR","og_type":"article","og_title":"\u00c9l\u00e9ments d\u2019union dans la Famille Vincentienne - Nous Sommes Vincentiens","og_description":"A. De quelle famille parlons-nous ? Lorsque nous parlons de la Famille Vincentienne nous faisons allusion \u00e0 tous ces groupes d\u2019associations ou \u00e0 des congr\u00e9gations qui, dans leur vie (style) et dans leur action (apostolat), ... Read More","og_url":"https:\/\/vincentians.com\/fr\/elements-dunion-dans-la-famille-vincentienne\/","og_site_name":"Nous Sommes Vincentiens","article_publisher":"https:\/\/www.facebook.com\/WeAreVincentians\/","article_author":"https:\/\/www.facebook.com\/JavierChento","article_published_time":"2016-08-04T18:00:45+00:00","og_image":[{"width":1200,"height":630,"url":"https:\/\/i0.wp.com\/vincentians.com\/fr\/wp-content\/uploads\/sites\/10\/2014\/01\/Vincentian-Family-leaders-meeting-in-Paris.jpg?fit=1200%2C630&ssl=1","type":"image\/jpeg"}],"author":"Francisco Javier Fern\u00e1ndez Chento","twitter_card":"summary_large_image","twitter_creator":"@https:\/\/twitter.com\/javierchento","twitter_site":"@WeVincentians","twitter_misc":{"\u00c9crit par":"Francisco Javier Fern\u00e1ndez Chento","Dur\u00e9e de lecture estim\u00e9e":"26 minutes"},"schema":{"@context":"https:\/\/schema.org","@graph":[{"@type":"WebPage","@id":"https:\/\/vincentians.com\/fr\/elements-dunion-dans-la-famille-vincentienne\/","url":"https:\/\/vincentians.com\/fr\/elements-dunion-dans-la-famille-vincentienne\/","name":"\u00c9l\u00e9ments d\u2019union dans la Famille Vincentienne - Nous Sommes Vincentiens","isPartOf":{"@id":"http:\/\/vincentians.com\/fr\/#website"},"primaryImageOfPage":{"@id":"https:\/\/vincentians.com\/fr\/elements-dunion-dans-la-famille-vincentienne\/#primaryimage"},"image":{"@id":"https:\/\/vincentians.com\/fr\/elements-dunion-dans-la-famille-vincentienne\/#primaryimage"},"thumbnailUrl":"https:\/\/i0.wp.com\/vincentians.com\/fr\/wp-content\/uploads\/sites\/10\/2014\/01\/Vincentian-Family-leaders-meeting-in-Paris.jpg?fit=1200%2C630&ssl=1","datePublished":"2016-08-04T18:00:45+00:00","author":{"@id":"http:\/\/vincentians.com\/fr\/#\/schema\/person\/9623ef4d9aa3b2dfb8c061f1499288f2"},"breadcrumb":{"@id":"https:\/\/vincentians.com\/fr\/elements-dunion-dans-la-famille-vincentienne\/#breadcrumb"},"inLanguage":"fr-FR","potentialAction":[{"@type":"ReadAction","target":["https:\/\/vincentians.com\/fr\/elements-dunion-dans-la-famille-vincentienne\/"]}]},{"@type":"ImageObject","inLanguage":"fr-FR","@id":"https:\/\/vincentians.com\/fr\/elements-dunion-dans-la-famille-vincentienne\/#primaryimage","url":"https:\/\/i0.wp.com\/vincentians.com\/fr\/wp-content\/uploads\/sites\/10\/2014\/01\/Vincentian-Family-leaders-meeting-in-Paris.jpg?fit=1200%2C630&ssl=1","contentUrl":"https:\/\/i0.wp.com\/vincentians.com\/fr\/wp-content\/uploads\/sites\/10\/2014\/01\/Vincentian-Family-leaders-meeting-in-Paris.jpg?fit=1200%2C630&ssl=1","width":1200,"height":630},{"@type":"BreadcrumbList","@id":"https:\/\/vincentians.com\/fr\/elements-dunion-dans-la-famille-vincentienne\/#breadcrumb","itemListElement":[{"@type":"ListItem","position":1,"name":"Portada","item":"http:\/\/vincentians.com\/fr\/"},{"@type":"ListItem","position":2,"name":"\u00c9l\u00e9ments d\u2019union dans la Famille Vincentienne"}]},{"@type":"WebSite","@id":"http:\/\/vincentians.com\/fr\/#website","url":"http:\/\/vincentians.com\/fr\/","name":"Nous Sommes Vincentiens","description":"Know more to serve more","potentialAction":[{"@type":"SearchAction","target":{"@type":"EntryPoint","urlTemplate":"http:\/\/vincentians.com\/fr\/?s={search_term_string}"},"query-input":{"@type":"PropertyValueSpecification","valueRequired":true,"valueName":"search_term_string"}}],"inLanguage":"fr-FR"},{"@type":"Person","@id":"http:\/\/vincentians.com\/fr\/#\/schema\/person\/9623ef4d9aa3b2dfb8c061f1499288f2","name":"Francisco Javier Fern\u00e1ndez Chento","image":{"@type":"ImageObject","inLanguage":"fr-FR","@id":"http:\/\/vincentians.com\/fr\/#\/schema\/person\/image\/","url":"https:\/\/secure.gravatar.com\/avatar\/497d5cde87b4c3d097d0315953521681ba2cd523ee66e5077c3711f7021e65de?s=96&d=mm&r=g","contentUrl":"https:\/\/secure.gravatar.com\/avatar\/497d5cde87b4c3d097d0315953521681ba2cd523ee66e5077c3711f7021e65de?s=96&d=mm&r=g","caption":"Francisco Javier Fern\u00e1ndez Chento"},"description":"Director General y cofundador de La Red de Formaci\u00f3n Vicenciana. Javier es laico vicenciano, afiliado a la Congregaci\u00f3n de la Misi\u00f3n y miembro del Equipo de Misiones Populares de la provincia can\u00f3nica de Zaragoza (Espa\u00f1a) de la Congregaci\u00f3n de la Misi\u00f3n. Graduado en la Universidad Oberta de Catalunya con cuatro grados (Asistente de direcci\u00f3n, Gesti\u00f3n Administrativa, Recursos Humanos y Contabilidad Avanzada). Bil\u00edng\u00fce Espa\u00f1ol\/Ingl\u00e9s. gestiona y mantiene varias p\u00e1ginas web cristianas y vicencianas, incluida including La Red de Formaci\u00f3n Vicenciana, de la que es cofundador. Actualmente es responsable del \u00e1rea de Espa\u00f1ol de .famvin, la Red de Noticias de la Familia Vicenciana. Tambi\u00e9n es m\u00fasico cat\u00f3lico y ha editado varios discos. Es Director General y cofundador de Trovador, una reconocida compa\u00f1\u00eda discogr\u00e1fica critiana de Espa\u00f1a. Trabaja en las Tecnolog\u00edas de la Informaci\u00f3n, ofreciendo servicios de alojamiento, dise\u00f1o y mantenimiento Web, as\u00ed como asesoramiento, formaci\u00f3n y soluciones inform\u00e1ticas, gesti\u00f3n documental y digitalizaci\u00f3n de textos, edici\u00f3n y maquetaci\u00f3n de libros, revistas, flyers, etc.","sameAs":["http:\/\/chento.org","https:\/\/www.facebook.com\/JavierChento","https:\/\/x.com\/https:\/\/twitter.com\/javierchento"],"url":"https:\/\/vincentians.com\/fr\/author\/chento\/"}]}},"jetpack_publicize_connections":[],"jetpack_featured_media_url":"https:\/\/i0.wp.com\/vincentians.com\/fr\/wp-content\/uploads\/sites\/10\/2014\/01\/Vincentian-Family-leaders-meeting-in-Paris.jpg?fit=1200%2C630&ssl=1","jetpack_sharing_enabled":true,"jetpack_shortlink":"https:\/\/wp.me\/p7ETMP-9X3","jetpack-related-posts":[{"id":189843,"url":"https:\/\/vincentians.com\/fr\/les-contributions-du-charisme-vincentien-la-mission-leglise-1\/","url_meta":{"origin":38257,"position":0},"title":"Les contributions du charisme vincentien \u00e0 la mission de l&rsquo;Eglise (1)","author":"Francisco Javier Fern\u00e1ndez Chento","date":"04\/08\/2016","format":false,"excerpt":"Introduction Alors que nous r\u00e9fl\u00e9chissons sur la contribution du charisme vincentien \u00e0 la mission de l'Eglise, il semble n\u00e9cessaire de commencer par quelques pr\u00e9cisions. 1. Lorsque nous parlons du charisme vincentien, nous faisons r\u00e9f\u00e9rence au don de l'Esprit, un don que Dieu a accord\u00e9 \u00e0 l'Eglise \u00e0 travers la personne\u2026","rel":"","context":"Dans &quot;Formation Vincentienne&quot;","block_context":{"text":"Formation Vincentienne","link":"https:\/\/vincentians.com\/fr\/category\/formation-vincentienne\/"},"img":{"alt_text":"","src":"https:\/\/i0.wp.com\/vincentians.com\/fr\/wp-content\/uploads\/sites\/10\/2016\/06\/contributions-charism.jpg?fit=1200%2C630&ssl=1&resize=350%2C200","width":350,"height":200,"srcset":"https:\/\/i0.wp.com\/vincentians.com\/fr\/wp-content\/uploads\/sites\/10\/2016\/06\/contributions-charism.jpg?fit=1200%2C630&ssl=1&resize=350%2C200 1x, https:\/\/i0.wp.com\/vincentians.com\/fr\/wp-content\/uploads\/sites\/10\/2016\/06\/contributions-charism.jpg?fit=1200%2C630&ssl=1&resize=525%2C300 1.5x, https:\/\/i0.wp.com\/vincentians.com\/fr\/wp-content\/uploads\/sites\/10\/2016\/06\/contributions-charism.jpg?fit=1200%2C630&ssl=1&resize=700%2C400 2x, https:\/\/i0.wp.com\/vincentians.com\/fr\/wp-content\/uploads\/sites\/10\/2016\/06\/contributions-charism.jpg?fit=1200%2C630&ssl=1&resize=1050%2C600 3x"},"classes":[]},{"id":189851,"url":"https:\/\/vincentians.com\/fr\/les-contributions-du-charisme-vincentien-la-mission-leglise-9\/","url_meta":{"origin":38257,"position":1},"title":"Les contributions du charisme vincentien \u00e0 la mission de l&rsquo;Eglise (9)","author":"Francisco Javier Fern\u00e1ndez Chento","date":"12\/08\/2016","format":false,"excerpt":"9. La cr\u00e9ativit\u00e9 Nous avons rappel\u00e9 plus haut le fait que, pour Vincent, \u00ab\u00a0l\u2019\u00e9v\u00e9nement est le signe de Dieu, surtout quand cela concerne directement les pauvres. L\u2019\u00e9v\u00e9nement lui r\u00e9v\u00e8le la volont\u00e9 de Dieu\u00a0\u00bb. La cr\u00e9ativit\u00e9, en tant que contribution du charisme vincentien \u00e0 la mission de l'Eglise, est une capacit\u00e9\u2026","rel":"","context":"Dans &quot;Formation Vincentienne&quot;","block_context":{"text":"Formation Vincentienne","link":"https:\/\/vincentians.com\/fr\/category\/formation-vincentienne\/"},"img":{"alt_text":"","src":"https:\/\/i0.wp.com\/vincentians.com\/fr\/wp-content\/uploads\/sites\/10\/2016\/06\/contributions-charism.jpg?fit=1200%2C630&ssl=1&resize=350%2C200","width":350,"height":200,"srcset":"https:\/\/i0.wp.com\/vincentians.com\/fr\/wp-content\/uploads\/sites\/10\/2016\/06\/contributions-charism.jpg?fit=1200%2C630&ssl=1&resize=350%2C200 1x, https:\/\/i0.wp.com\/vincentians.com\/fr\/wp-content\/uploads\/sites\/10\/2016\/06\/contributions-charism.jpg?fit=1200%2C630&ssl=1&resize=525%2C300 1.5x, https:\/\/i0.wp.com\/vincentians.com\/fr\/wp-content\/uploads\/sites\/10\/2016\/06\/contributions-charism.jpg?fit=1200%2C630&ssl=1&resize=700%2C400 2x, https:\/\/i0.wp.com\/vincentians.com\/fr\/wp-content\/uploads\/sites\/10\/2016\/06\/contributions-charism.jpg?fit=1200%2C630&ssl=1&resize=1050%2C600 3x"},"classes":[]},{"id":189852,"url":"https:\/\/vincentians.com\/fr\/les-contributions-du-charisme-vincentien-la-mission-leglise-10-fin\/","url_meta":{"origin":38257,"position":2},"title":"Les contributions du charisme vincentien \u00e0 la mission de l&rsquo;Eglise (10 &#8211; Fin)","author":"Francisco Javier Fern\u00e1ndez Chento","date":"13\/08\/2016","format":false,"excerpt":"10. Le mouvement circulaire vincentien\u00a0: du Christ aux pauvres, des pauvres au Christ Pour conclure cette r\u00e9flexion sur les contributions du charisme vincentien \u00e0 la mission de l'Eglise, il semble opportun de se r\u00e9f\u00e9rer au mouvement circulaire du charisme vincentien\u00a0: du Christ aux pauvres\u00a0; des pauvres au Christ. \u00ab\u00a0Aimons l\u2019Amour\u00a0\u00bb\u2026","rel":"","context":"Dans &quot;Formation Vincentienne&quot;","block_context":{"text":"Formation Vincentienne","link":"https:\/\/vincentians.com\/fr\/category\/formation-vincentienne\/"},"img":{"alt_text":"","src":"https:\/\/i0.wp.com\/vincentians.com\/fr\/wp-content\/uploads\/sites\/10\/2016\/06\/contributions-charism.jpg?fit=1200%2C630&ssl=1&resize=350%2C200","width":350,"height":200,"srcset":"https:\/\/i0.wp.com\/vincentians.com\/fr\/wp-content\/uploads\/sites\/10\/2016\/06\/contributions-charism.jpg?fit=1200%2C630&ssl=1&resize=350%2C200 1x, https:\/\/i0.wp.com\/vincentians.com\/fr\/wp-content\/uploads\/sites\/10\/2016\/06\/contributions-charism.jpg?fit=1200%2C630&ssl=1&resize=525%2C300 1.5x, https:\/\/i0.wp.com\/vincentians.com\/fr\/wp-content\/uploads\/sites\/10\/2016\/06\/contributions-charism.jpg?fit=1200%2C630&ssl=1&resize=700%2C400 2x, https:\/\/i0.wp.com\/vincentians.com\/fr\/wp-content\/uploads\/sites\/10\/2016\/06\/contributions-charism.jpg?fit=1200%2C630&ssl=1&resize=1050%2C600 3x"},"classes":[]},{"id":106076,"url":"https:\/\/vincentians.com\/fr\/vocation-et-formation\/","url_meta":{"origin":38257,"position":3},"title":"Vocation et formation","author":"Francisco Javier Fern\u00e1ndez Chento","date":"08\/03\/2013","format":false,"excerpt":"Le Charisme Vincentien Une question fondamentale viendra peut-\u00eatre \u00e0 l'esprit de quiconque r\u00e9fl\u00e9chit sur le charisme vincentien: quelle est donc la caract\u00e9ristique distinctive qui fait de quelqu'un un Vincentien? Suffit-il de s'occuper des Pauvres et de les servir pour \u00eatre automatiquement un Vincentien? Est-on Vincentien du seul fait qu'on s'efforce\u2026","rel":"","context":"Dans &quot;Formation Vincentienne&quot;","block_context":{"text":"Formation Vincentienne","link":"https:\/\/vincentians.com\/fr\/category\/formation-vincentienne\/"},"img":{"alt_text":"vincent_et_cm","src":"https:\/\/i0.wp.com\/vincentiens.org\/wp-content\/uploads\/2013\/03\/vincent_et_cm.jpg?resize=350%2C200","width":350,"height":200},"classes":[]},{"id":74152,"url":"https:\/\/vincentians.com\/fr\/fernand-portal-fils-de-saint-vincent-de-paul\/","url_meta":{"origin":38257,"position":4},"title":"Fernand Portal, Fils de Saint Vincent de Paul","author":"Francisco Javier Fern\u00e1ndez Chento","date":"20\/02\/2015","format":false,"excerpt":"\u00abCelui que vous voyez devant vous est un pr\u00eatre fran\u00e7ais, humble fils de saint Vincent de Paul\u00bb. C'est ainsi que Fernand Portal se pr\u00e9sentait, le 13 juillet 1896, \u00e0 Londres, devant une assembl\u00e9e compos\u00e9e en majeure partie de pr\u00eatres anglicans. En mettant ainsi en avant sa carte d'identit\u00e9 vincentienne, recourait-il\u2026","rel":"","context":"Dans &quot;Biographies Lazaristes&quot;","block_context":{"text":"Biographies Lazaristes","link":"https:\/\/vincentians.com\/fr\/category\/biographies-lazaristes\/"},"img":{"alt_text":"","src":"https:\/\/i0.wp.com\/vincentians.com\/fr\/wp-content\/uploads\/sites\/10\/2016\/08\/bio-congregation-of-the-mission.jpg?fit=1200%2C630&ssl=1&resize=350%2C200","width":350,"height":200,"srcset":"https:\/\/i0.wp.com\/vincentians.com\/fr\/wp-content\/uploads\/sites\/10\/2016\/08\/bio-congregation-of-the-mission.jpg?fit=1200%2C630&ssl=1&resize=350%2C200 1x, https:\/\/i0.wp.com\/vincentians.com\/fr\/wp-content\/uploads\/sites\/10\/2016\/08\/bio-congregation-of-the-mission.jpg?fit=1200%2C630&ssl=1&resize=525%2C300 1.5x, https:\/\/i0.wp.com\/vincentians.com\/fr\/wp-content\/uploads\/sites\/10\/2016\/08\/bio-congregation-of-the-mission.jpg?fit=1200%2C630&ssl=1&resize=700%2C400 2x, https:\/\/i0.wp.com\/vincentians.com\/fr\/wp-content\/uploads\/sites\/10\/2016\/08\/bio-congregation-of-the-mission.jpg?fit=1200%2C630&ssl=1&resize=1050%2C600 3x"},"classes":[]},{"id":190816,"url":"https:\/\/vincentians.com\/fr\/prophetisme-charisme-vincentien-a-lumiere-de-doctrine-sociale-de-leglise-1\/","url_meta":{"origin":38257,"position":5},"title":"Proph\u00e9tisme du charisme vincentien a la lumi\u00e8re de la Doctrine Sociale de l\u2019\u00c9glise (1)","author":"Francisco Javier Fern\u00e1ndez Chento","date":"09\/02\/2017","format":false,"excerpt":"1.- INTRODUCTION Nous venons de demander au Seigneur de nous donner un c\u0153ur semblable \u00e0 celui de Vincent de Paul. Il est dit que l'on aime mieux ce que l\u2019on conna\u00eet. Ce matin, nous allons donc essayer, si possible, de comprendre un peu plus le c\u0153ur de Monsieur Vincent. Voil\u00e0\u2026","rel":"","context":"Dans &quot;Formation Vincentienne&quot;","block_context":{"text":"Formation Vincentienne","link":"https:\/\/vincentians.com\/fr\/category\/formation-vincentienne\/"},"img":{"alt_text":"","src":"https:\/\/i0.wp.com\/vincentians.com\/fr\/wp-content\/uploads\/sites\/10\/2017\/02\/profetismo-fb.jpg?fit=1200%2C630&ssl=1&resize=350%2C200","width":350,"height":200,"srcset":"https:\/\/i0.wp.com\/vincentians.com\/fr\/wp-content\/uploads\/sites\/10\/2017\/02\/profetismo-fb.jpg?fit=1200%2C630&ssl=1&resize=350%2C200 1x, https:\/\/i0.wp.com\/vincentians.com\/fr\/wp-content\/uploads\/sites\/10\/2017\/02\/profetismo-fb.jpg?fit=1200%2C630&ssl=1&resize=525%2C300 1.5x, https:\/\/i0.wp.com\/vincentians.com\/fr\/wp-content\/uploads\/sites\/10\/2017\/02\/profetismo-fb.jpg?fit=1200%2C630&ssl=1&resize=700%2C400 2x, https:\/\/i0.wp.com\/vincentians.com\/fr\/wp-content\/uploads\/sites\/10\/2017\/02\/profetismo-fb.jpg?fit=1200%2C630&ssl=1&resize=1050%2C600 3x"},"classes":[]}],"_links":{"self":[{"href":"https:\/\/vincentians.com\/fr\/wp-json\/wp\/v2\/posts\/38257","targetHints":{"allow":["GET"]}}],"collection":[{"href":"https:\/\/vincentians.com\/fr\/wp-json\/wp\/v2\/posts"}],"about":[{"href":"https:\/\/vincentians.com\/fr\/wp-json\/wp\/v2\/types\/post"}],"author":[{"embeddable":true,"href":"https:\/\/vincentians.com\/fr\/wp-json\/wp\/v2\/users\/4"}],"replies":[{"embeddable":true,"href":"https:\/\/vincentians.com\/fr\/wp-json\/wp\/v2\/comments?post=38257"}],"version-history":[{"count":0,"href":"https:\/\/vincentians.com\/fr\/wp-json\/wp\/v2\/posts\/38257\/revisions"}],"wp:featuredmedia":[{"embeddable":true,"href":"https:\/\/vincentians.com\/fr\/wp-json\/wp\/v2\/media\/149263"}],"wp:attachment":[{"href":"https:\/\/vincentians.com\/fr\/wp-json\/wp\/v2\/media?parent=38257"}],"wp:term":[{"taxonomy":"category","embeddable":true,"href":"https:\/\/vincentians.com\/fr\/wp-json\/wp\/v2\/categories?post=38257"},{"taxonomy":"post_tag","embeddable":true,"href":"https:\/\/vincentians.com\/fr\/wp-json\/wp\/v2\/tags?post=38257"}],"curies":[{"name":"wp","href":"https:\/\/api.w.org\/{rel}","templated":true}]}}