{"id":190687,"date":"2017-10-22T04:00:58","date_gmt":"2017-10-22T02:00:58","guid":{"rendered":"http:\/\/vincentians.com\/fr\/?p=190687"},"modified":"2016-08-12T07:44:35","modified_gmt":"2016-08-12T05:44:35","slug":"jean-gabriel-perboyre-lettre-068-cousin-gabriel-saint-flour","status":"publish","type":"post","link":"https:\/\/vincentians.com\/fr\/jean-gabriel-perboyre-lettre-068-cousin-gabriel-saint-flour\/","title":{"rendered":"Jean-Gabriel Perboyre, Lettre 068. A son Cousin Gabriel, \u00e0 Saint-Flour"},"content":{"rendered":"<p>Macao, le 6 novembre 1835.<\/p>\n<p>Mon tr\u00e8s cher Cousin et Confr\u00e8re,<\/p>\n<p>La gr\u00e2ce de N. S. soit toujours avec nous.<\/p>\n<p>Environ huit mois se sont \u00e9coul\u00e9s depuis que nous nous embrass\u00e2mes \u00e0 Paris sans doute pour la derni\u00e8re fois de la vie. Nous voil\u00e0 s\u00e9par\u00e9s maintenant par des mers ou des continents immenses. Heureusement nos c\u0153urs se retrouvent et s\u2019unissent de plus en plus dans celui de N. S. Mon arriv\u00e9e \u00e0 Macao ne peut plus \u00eatre une nouvelle pour vous\u00a0: j\u2019avais charg\u00e9 mon fr\u00e8re de vous l\u2019annoncer. Il aura d\u00fb vous dire aussi que notre travers\u00e9e a \u00e9t\u00e9 des plus heureuses, et vous [en] aurez b\u00e9ni le Seigneur.<\/p>\n<p>Vous avez lu tant de relations de voyages maritimes qu\u2019il serait plus qu\u2019inutile de vous faire une relation d\u00e9taill\u00e9e du n\u00f4tre. Le r\u00e9cit ne pourrait qu\u2019\u00eatre monotone comme le sujet. Dans un voyage par terre, c\u2019est un int\u00e9r\u00eat toujours nouveau\u00a0: la sc\u00e8ne change \u00e0 mesure que vous changez de place\u00a0; la nature se donne successivement en spectacle avec toutes ses vari\u00e9t\u00e9s\u00a0; plus vous avancez, plus le monde vous fait conna\u00eetre ses divers personnages et vous rend t\u00e9moin de ses innombrables \u00e9v\u00e9nements\u00a0; tout concourt \u00e0 multiplier vos jouissances ou du moins \u00e0 varier vos impressions. Mais dans le cours d\u2019une longue navigation presque tous les jours se ressemblent, ce que vous avez vu la veille, vous le verrez le lendemain\u00a0; toujours m\u00eame compagnie, toujours m\u00eame isolement du reste des hommes, toujours r\u00e9p\u00e9titions des m\u00eames man\u0153uvres. Le flot qui vous bat encore n\u2019est-il pas semblable au flot qui a pass\u00e9, comme \u00e0 ceux qui vous bercent plus loin\u00a0? Vous ne pouvez ni plonger vos regards dans les ab\u00eemes sur lesquels vous \u00eates suspendus, ni le promener sur les vastes plaines qui vous entourent\u00a0: votre horizon, qui n\u2019est qu\u2019un cercle dont vous occupez le centre et dont le diam\u00e8tre est tout au plus de quatre \u00e0 cinq lieues, quoiqu\u2019il change toujours, vous para\u00eet toujours le m\u00eame. Si vous me demandez \u00e0 pr\u00e9sent comment nous passions notre temps pendant un p\u00e8lerinage si peu divertissant, je vous dirai qu\u2019\u00e0 part les premiers jours qui furent des jours d\u2019\u00e9preuves, presque tous nos moments \u00e9taient consacr\u00e9s aux exercices de pi\u00e9t\u00e9 et \u00e0 l\u2019\u00e9tude. Apr\u00e8s cela, tant\u00f4t les missionnaires s\u2019entretenaient ensemble, tant\u00f4t ils allaient dire quelques mots d\u2019\u00e9dification aux matelots\u00a0; quelquefois ils chantaient des cantiques, quelquefois ils \u00e9taient oblig\u00e9s de faire de la controverse ou la partie d\u2019\u00e9checs avec les officiers\u00a0; apr\u00e8s avoir aux jours de gros temps et de temp\u00eate admir\u00e9 la puissance de Dieu dans le terrible \u00e9l\u00e9ment qui nous portait, nous nous plaisions \u00e0 l\u2019admirer dans le magnifique firmament des belles nuits. Quand nous pouvions dire la sainte Messe le dimanche, notre joie alors \u00e9tait grande\u00a0; N. S. en descendant dans nos c\u0153urs nous faisait oublier les peines et les fatigues pass\u00e9es, et nous sentions que tout ce que nous faisions pour lui n\u2019\u00e9tait rien au prix de ce qu\u2019il faisait pour nous.<\/p>\n<p>Il nous a conduit avec une Providence toute sp\u00e9ciale. Pour moi, je l\u2019ai touch\u00e9e au doigt. Pendant les premiers temps de la travers\u00e9e, j\u2019avais continuellement mon \u00e2me entre ses mains\u00a0: le sort de notre cher Louis, les craintes que j\u2019inspirais, mon inexp\u00e9rience de la mer, mes infirmit\u00e9s dont je sentais alors tout le poids, ne me laissaient que la perspective d\u2019un avenir incertain. Par la gr\u00e2ce de Dieu je ne fus jamais d\u00e9concert\u00e9. Le voyageur qui, le matin, se trouve envelopp\u00e9 d\u2019un nuage de brouillards, ne continue-t-il pas de parcourir la route qu\u2019il ne voit point s\u2019\u00e9tendre devant lui\u00a0? Mais dans la suite ma sant\u00e9 s\u2019est am\u00e9lior\u00e9e peu \u00e0 peu, de sorte qu\u2019\u00e0 la fin j\u2019ai \u00e9t\u00e9 bien portant. Nous sommes arriv\u00e9s ici le 29 ao\u00fbt, c\u2019est-\u00e0-dire plus de cinq mois apr\u00e8s notre d\u00e9part de France. Si l\u2019<em>Edmond<\/em> nous avait conduits jusqu\u2019\u00e0 Macao et sans toucher \u00e0 Java, nous pouvions arriver en trois mois et demi. Nous le quitt\u00e2mes \u00e0 Batavia, d\u2019o\u00f9, apr\u00e8s une halte de huit ou dix jours, pass\u00e9s partie \u00e0 bord, partie chez M.\u00a0le Cur\u00e9 et M.\u00a0le pr\u00e9fet apostolique, qui sont Hollandais, nous part\u00eemes sur un navire anglais qui allait \u00e0 Canton, mais qui nous conduisit d\u2019abord \u00e0 Surabaya, \u00e0 l\u2019extr\u00e9mit\u00e9 orientale de Java. Nous f\u00eemes l\u00e0 une seconde station d\u2019environ trois semaines. Nous n\u2019avions d\u2019autre h\u00f4tel que le navire, mais nous n\u2019y \u00e9tions pas tellement consign\u00e9s que nous ne puissions aller \u00e0 terre quand nous voulions, en louant un de ces bateaux qu\u2019on trouve l\u00e0 \u00e0 sa disposition comme les fiacres \u00e0 Paris.<\/p>\n<p>Le jour de la saint Vincent, [apr\u00e8s nos messes] nous avons d\u00een\u00e9 chez M.\u00a0le Cur\u00e9 de l\u2019endroit, qui, quoique Prussien, parle assez bien fran\u00e7ais. Il faut que je vous dise que j\u2019ai failli trouver mon tombeau dans la rade de Surabaya. Nous \u00e9tions all\u00e9s un matin prendre un bain de mer, pr\u00e8s de l\u2019\u00eele de Madura\u00a0; apr\u00e8s l\u2019avoir pris et m\u2019\u00eatre habill\u00e9, \u00e9tant rentr\u00e9 dans le bateau, j\u2019eus la maladresse de ne pas le laisser et me tenir moi-m\u00eame dans un juste \u00e9quilibre et il fallut bon gr\u00e9 mal gr\u00e9 retourner jusqu\u2019au fond de l\u2019eau. Comme j\u2019avais reconnu le terrain peu auparavant, je fus moins \u00e9tourdi par la chute et moins intimid\u00e9 par le danger et je me h\u00e2tai avec assez de sang-froid de repara\u00eetre sur l\u2019horizon\u00a0; je sortis donc sain et sauf, sans autre mal que celui d\u2019\u00eatre bien mouill\u00e9 de pied en cap, comme vous pouvez vous l\u2019imaginer. Dieu soit \u00e0 jamais b\u00e9ni de la protection qu\u2019il m\u2019a accord\u00e9e en cette circonstance et en tant d\u2019autres.<\/p>\n<p>Non loin de l\u2019endroit o\u00f9 je fis ce plongeon, sur la c\u00f4te de Madura, se trouve un gros arbre dont le tronc a bien pr\u00e8s de 30 pieds de diam\u00e8tre<span id='easy-footnote-1-190687' class='easy-footnote-margin-adjust'><\/span><span class='easy-footnote'><a href='https:\/\/vincentians.com\/fr\/jean-gabriel-perboyre-lettre-068-cousin-gabriel-saint-flour\/#easy-footnote-bottom-1-190687' title='M.\u00a0Gabet, compagnon de voyage du saint, fait aussi mention de cet arbre g\u00e9ant. \u00ab\u00a0Il (cet arbre) est en effet extraordinaire\u00a0; il a bien trente pieds de diam\u00e8tre. Mais c\u2019est moins un seul arbre qu\u2019une multitude de troncs qui sortent de terre, s\u2019entrelacent, se joignent et font corps ensemble, puis se s\u00e9parent pour se rejoindre plus haut\u00a0\u00bb. (Annales, VI, p. Il). D\u2019apr\u00e8s cette description, il semble qu\u2019il s\u2019agit du &lt;em&gt;banian&lt;\/em&gt;, le &lt;em&gt;ficus indica&lt;\/em&gt; de Linn\u00e9.'><sup>1<\/sup><\/a><\/span><a href=\"#_ftn2\" name=\"_ftnref2\"><\/a>.<\/p>\n<p>J\u2019aurais voulu vous voir avec nous parmi ces \u00eeles. Avec quel empressement ne vous seriez-vous pas appliqu\u00e9 dans nos excursions \u00e0 d\u00e9couvrir quelque nouvelle esp\u00e8ce de plantes ou \u00e0 reconna\u00eetre les nuances qui distinguent celles de ces contr\u00e9es de celles d\u2019Europe\u00a0? M.\u00a0Danicourt m\u2019a dit vous avoir envoy\u00e9 quelques \u00e9chantillons\u00a0; je l\u2019engagerai \u00e0 enrichir de plus en plus votre cabinet. Lui et M.\u00a0Torrette ne manqueront point l\u2019occasion d\u2019envoyer en France les curiosit\u00e9s chinoises qui peuvent vous int\u00e9resser.<\/p>\n<p>Ces deux bons confr\u00e8res, second\u00e9s de MM.\u00a0Ly et Tchi\u00e9ou que vous avez connus \u00e0 Paris, sont tout occup\u00e9s \u00e0 former des missionnaires Chinois. Comme l\u2019esprit de Dieu est avec eux, leurs travaux ont des succ\u00e8s extraordinaires. On peut en dire autant au sujet des confr\u00e8res qui sont dans les missions que Dieu b\u00e9nit aussi bien visiblement. Pour le moment, ils jouissent de la tranquillit\u00e9 et d\u2019une assez bonne sant\u00e9. Nous venons de perdre un confr\u00e8re Chinois, qui est mort dans le Kiang-si \u00e2g\u00e9 de 57 ans, en ayant 36 de vocation. Priez N. S. de nous envoyer encore des ouvriers \u00e9vang\u00e9liques, mais de ces hommes que l\u2019esprit apostolique rend tout puissants, qui soient pleins de la science dans laquelle saint Paul mettait toute sa gloire, la science de J\u00e9sus crucifi\u00e9, et qui puissent dire comme lui <em>qui scit esurire et penuriam pati<\/em>. Car nos chr\u00e9tient\u00e9s sont g\u00e9n\u00e9ralement dans une tr\u00e8s grande mis\u00e8re.<\/p>\n<p>Obtenez-moi, s. v. p., cet esprit et cette science, dont je suis si d\u00e9pourvu. Sans parler du <em>memento<\/em> de tous les jours, ce matin, j\u2019ai dit la messe pour vous. Je ne doute pas que vous ne me le rendiez au centuple. Comme vous devez le penser, je suis dans ce moment tout occup\u00e9 \u00e0 \u00e9tudier la langue chinoise.<\/p>\n<p>Apr\u00e8s deux mois de s\u00e9jour chez M.\u00a0Torrette, nos bons confr\u00e8res Portugais ont trouv\u00e9 le moyen de m\u2019en faire d\u00e9loger pour m\u2019attirer chez eux, o\u00f9 j\u2019\u00e9change quelque peu de fran\u00e7ais contre du Chinois. Dans leur s\u00e9minaire ou coll\u00e8ge ils \u00e9l\u00e8vent des missionnaires chinois et la jeunesse de Macao. Ils sont ici cinq ou six et quelques-uns dans l\u2019int\u00e9rieur de l\u2019empire. Celui que j\u2019ai pour professeur est auteur de plusieurs grammaires et dictionnaires chinois. Il va envoyer \u00e0 Paris les observations qu\u2019il a faites sur la com\u00e8te de cette ann\u00e9e.<\/p>\n<p>J\u2019ai \u00e9crit \u00e0 notre oncle de Java et de Macao depuis mon arriv\u00e9e\u00a0; je ne lui \u00e9cris pas par cette occasion. Veuillez y suppl\u00e9er. Je n\u2019entrerai pas en Chine de quelques mois\u00a0; je ne sais encore l\u2019\u00e9poque.<\/p>\n<p>Recommandez-moi aux pri\u00e8res de tous vos Messieurs que je salue bien affectueusement. Mille et mille choses \u00e0 tous vos parents. J\u2019attends de vos lettres.<\/p>\n<p>Tout \u00e0 vous de la mani\u00e8re que vous savez.<\/p>\n<p>G. Perboyre, i. p. d. l. m.<\/p>\n<p><em>Suscription<\/em>\u00a0: Monsieur Monsieur Perboyre, Pr\u00eatre de la Congr\u00e9gation de la Mission et Professeur d\u2019histoire naturelle au s\u00e9minaire de Saint-Flour. A Saint-Flour. Cantal.<\/p>\n<p><em><strong>Lettre 68.<\/strong> \u2014 Maison-M\u00e8re, copie 55<sup>bis<\/sup>. L\u2019original \u00e9tait entre les mains de M.\u00a0Grangier, mort \u00e0 Smyrne le 30 sept. 1912\u00a0; il le tenait de M.\u00a0Durand, chanoine \u00e0 Toulouse.<\/em><\/p>\n","protected":false},"excerpt":{"rendered":"<p>Macao, le 6 novembre 1835. Mon tr\u00e8s cher Cousin et Confr\u00e8re, La gr\u00e2ce de N. S. soit toujours avec nous. Environ huit mois se sont \u00e9coul\u00e9s depuis que nous nous embrass\u00e2mes \u00e0 Paris sans doute &#8230; <a href=\"https:\/\/vincentians.com\/fr\/jean-gabriel-perboyre-lettre-068-cousin-gabriel-saint-flour\/\" class=\"more-link\">Read More<\/a><\/p>\n","protected":false},"author":4,"featured_media":189778,"comment_status":"open","ping_status":"open","sticky":false,"template":"","format":"standard","meta":{"jetpack_post_was_ever_published":false,"_jetpack_newsletter_access":"","_jetpack_dont_email_post_to_subs":false,"_jetpack_newsletter_tier_id":0,"_jetpack_memberships_contains_paywalled_content":false,"_jetpack_memberships_contains_paid_content":false,"footnotes":"","jetpack_publicize_message":"","jetpack_publicize_feature_enabled":true,"jetpack_social_post_already_shared":true,"jetpack_social_options":{"image_generator_settings":{"template":"highway","default_image_id":0,"font":"","enabled":false},"version":2}},"categories":[114],"tags":[],"class_list":["post-190687","post","type-post","status-publish","format-standard","has-post-thumbnail","hentry","category-ecrits-de-jean-gabriel-perboyre"],"yoast_head":"<!-- This site is optimized with the Yoast SEO plugin v26.3 - https:\/\/yoast.com\/wordpress\/plugins\/seo\/ -->\n<title>Jean-Gabriel Perboyre, Lettre 068. A son Cousin Gabriel, \u00e0 Saint-Flour - Nous Sommes Vincentiens<\/title>\n<meta name=\"robots\" content=\"index, follow, max-snippet:-1, max-image-preview:large, max-video-preview:-1\" \/>\n<link rel=\"canonical\" href=\"https:\/\/vincentians.com\/fr\/jean-gabriel-perboyre-lettre-068-cousin-gabriel-saint-flour\/\" \/>\n<meta property=\"og:locale\" content=\"fr_FR\" \/>\n<meta property=\"og:type\" content=\"article\" \/>\n<meta property=\"og:title\" content=\"Jean-Gabriel Perboyre, Lettre 068. A son Cousin Gabriel, \u00e0 Saint-Flour - Nous Sommes Vincentiens\" \/>\n<meta property=\"og:description\" content=\"Macao, le 6 novembre 1835. Mon tr\u00e8s cher Cousin et Confr\u00e8re, La gr\u00e2ce de N. S. soit toujours avec nous. Environ huit mois se sont \u00e9coul\u00e9s depuis que nous nous embrass\u00e2mes \u00e0 Paris sans doute ... Read More\" \/>\n<meta property=\"og:url\" content=\"https:\/\/vincentians.com\/fr\/jean-gabriel-perboyre-lettre-068-cousin-gabriel-saint-flour\/\" \/>\n<meta property=\"og:site_name\" content=\"Nous Sommes Vincentiens\" \/>\n<meta property=\"article:publisher\" content=\"https:\/\/www.facebook.com\/WeAreVincentians\/\" \/>\n<meta property=\"article:author\" content=\"https:\/\/www.facebook.com\/JavierChento\" \/>\n<meta property=\"article:published_time\" content=\"2017-10-22T02:00:58+00:00\" \/>\n<meta property=\"og:image\" content=\"https:\/\/i0.wp.com\/vincentians.com\/fr\/wp-content\/uploads\/sites\/10\/2016\/07\/cartas-perboyre.jpg?fit=1200%2C630&ssl=1\" \/>\n\t<meta property=\"og:image:width\" content=\"1200\" \/>\n\t<meta property=\"og:image:height\" content=\"630\" \/>\n\t<meta property=\"og:image:type\" content=\"image\/jpeg\" \/>\n<meta name=\"author\" content=\"Francisco Javier Fern\u00e1ndez Chento\" \/>\n<meta name=\"twitter:card\" content=\"summary_large_image\" \/>\n<meta name=\"twitter:creator\" content=\"@https:\/\/twitter.com\/javierchento\" \/>\n<meta name=\"twitter:site\" content=\"@WeVincentians\" \/>\n<meta name=\"twitter:label1\" content=\"\u00c9crit par\" \/>\n\t<meta name=\"twitter:data1\" content=\"Francisco Javier Fern\u00e1ndez Chento\" \/>\n\t<meta name=\"twitter:label2\" content=\"Dur\u00e9e de lecture estim\u00e9e\" \/>\n\t<meta name=\"twitter:data2\" content=\"9 minutes\" \/>\n<script type=\"application\/ld+json\" class=\"yoast-schema-graph\">{\"@context\":\"https:\/\/schema.org\",\"@graph\":[{\"@type\":\"WebPage\",\"@id\":\"https:\/\/vincentians.com\/fr\/jean-gabriel-perboyre-lettre-068-cousin-gabriel-saint-flour\/\",\"url\":\"https:\/\/vincentians.com\/fr\/jean-gabriel-perboyre-lettre-068-cousin-gabriel-saint-flour\/\",\"name\":\"Jean-Gabriel Perboyre, Lettre 068. A son Cousin Gabriel, \u00e0 Saint-Flour - Nous Sommes Vincentiens\",\"isPartOf\":{\"@id\":\"http:\/\/vincentians.com\/fr\/#website\"},\"primaryImageOfPage\":{\"@id\":\"https:\/\/vincentians.com\/fr\/jean-gabriel-perboyre-lettre-068-cousin-gabriel-saint-flour\/#primaryimage\"},\"image\":{\"@id\":\"https:\/\/vincentians.com\/fr\/jean-gabriel-perboyre-lettre-068-cousin-gabriel-saint-flour\/#primaryimage\"},\"thumbnailUrl\":\"https:\/\/i0.wp.com\/vincentians.com\/fr\/wp-content\/uploads\/sites\/10\/2016\/07\/cartas-perboyre.jpg?fit=1200%2C630&ssl=1\",\"datePublished\":\"2017-10-22T02:00:58+00:00\",\"author\":{\"@id\":\"http:\/\/vincentians.com\/fr\/#\/schema\/person\/9623ef4d9aa3b2dfb8c061f1499288f2\"},\"breadcrumb\":{\"@id\":\"https:\/\/vincentians.com\/fr\/jean-gabriel-perboyre-lettre-068-cousin-gabriel-saint-flour\/#breadcrumb\"},\"inLanguage\":\"fr-FR\",\"potentialAction\":[{\"@type\":\"ReadAction\",\"target\":[\"https:\/\/vincentians.com\/fr\/jean-gabriel-perboyre-lettre-068-cousin-gabriel-saint-flour\/\"]}]},{\"@type\":\"ImageObject\",\"inLanguage\":\"fr-FR\",\"@id\":\"https:\/\/vincentians.com\/fr\/jean-gabriel-perboyre-lettre-068-cousin-gabriel-saint-flour\/#primaryimage\",\"url\":\"https:\/\/i0.wp.com\/vincentians.com\/fr\/wp-content\/uploads\/sites\/10\/2016\/07\/cartas-perboyre.jpg?fit=1200%2C630&ssl=1\",\"contentUrl\":\"https:\/\/i0.wp.com\/vincentians.com\/fr\/wp-content\/uploads\/sites\/10\/2016\/07\/cartas-perboyre.jpg?fit=1200%2C630&ssl=1\",\"width\":1200,\"height\":630},{\"@type\":\"BreadcrumbList\",\"@id\":\"https:\/\/vincentians.com\/fr\/jean-gabriel-perboyre-lettre-068-cousin-gabriel-saint-flour\/#breadcrumb\",\"itemListElement\":[{\"@type\":\"ListItem\",\"position\":1,\"name\":\"Portada\",\"item\":\"http:\/\/vincentians.com\/fr\/\"},{\"@type\":\"ListItem\",\"position\":2,\"name\":\"Jean-Gabriel Perboyre, Lettre 068. A son Cousin Gabriel, \u00e0 Saint-Flour\"}]},{\"@type\":\"WebSite\",\"@id\":\"http:\/\/vincentians.com\/fr\/#website\",\"url\":\"http:\/\/vincentians.com\/fr\/\",\"name\":\"Nous Sommes Vincentiens\",\"description\":\"Know more to serve more\",\"potentialAction\":[{\"@type\":\"SearchAction\",\"target\":{\"@type\":\"EntryPoint\",\"urlTemplate\":\"http:\/\/vincentians.com\/fr\/?s={search_term_string}\"},\"query-input\":{\"@type\":\"PropertyValueSpecification\",\"valueRequired\":true,\"valueName\":\"search_term_string\"}}],\"inLanguage\":\"fr-FR\"},{\"@type\":\"Person\",\"@id\":\"http:\/\/vincentians.com\/fr\/#\/schema\/person\/9623ef4d9aa3b2dfb8c061f1499288f2\",\"name\":\"Francisco Javier Fern\u00e1ndez Chento\",\"image\":{\"@type\":\"ImageObject\",\"inLanguage\":\"fr-FR\",\"@id\":\"http:\/\/vincentians.com\/fr\/#\/schema\/person\/image\/\",\"url\":\"https:\/\/secure.gravatar.com\/avatar\/497d5cde87b4c3d097d0315953521681ba2cd523ee66e5077c3711f7021e65de?s=96&d=mm&r=g\",\"contentUrl\":\"https:\/\/secure.gravatar.com\/avatar\/497d5cde87b4c3d097d0315953521681ba2cd523ee66e5077c3711f7021e65de?s=96&d=mm&r=g\",\"caption\":\"Francisco Javier Fern\u00e1ndez Chento\"},\"description\":\"Director General y cofundador de La Red de Formaci\u00f3n Vicenciana. Javier es laico vicenciano, afiliado a la Congregaci\u00f3n de la Misi\u00f3n y miembro del Equipo de Misiones Populares de la provincia can\u00f3nica de Zaragoza (Espa\u00f1a) de la Congregaci\u00f3n de la Misi\u00f3n. Graduado en la Universidad Oberta de Catalunya con cuatro grados (Asistente de direcci\u00f3n, Gesti\u00f3n Administrativa, Recursos Humanos y Contabilidad Avanzada). Bil\u00edng\u00fce Espa\u00f1ol\/Ingl\u00e9s. gestiona y mantiene varias p\u00e1ginas web cristianas y vicencianas, incluida including La Red de Formaci\u00f3n Vicenciana, de la que es cofundador. Actualmente es responsable del \u00e1rea de Espa\u00f1ol de .famvin, la Red de Noticias de la Familia Vicenciana. Tambi\u00e9n es m\u00fasico cat\u00f3lico y ha editado varios discos. Es Director General y cofundador de Trovador, una reconocida compa\u00f1\u00eda discogr\u00e1fica critiana de Espa\u00f1a. Trabaja en las Tecnolog\u00edas de la Informaci\u00f3n, ofreciendo servicios de alojamiento, dise\u00f1o y mantenimiento Web, as\u00ed como asesoramiento, formaci\u00f3n y soluciones inform\u00e1ticas, gesti\u00f3n documental y digitalizaci\u00f3n de textos, edici\u00f3n y maquetaci\u00f3n de libros, revistas, flyers, etc.\",\"sameAs\":[\"http:\/\/chento.org\",\"https:\/\/www.facebook.com\/JavierChento\",\"https:\/\/x.com\/https:\/\/twitter.com\/javierchento\"],\"url\":\"https:\/\/vincentians.com\/fr\/author\/chento\/\"}]}<\/script>\n<!-- \/ Yoast SEO plugin. -->","yoast_head_json":{"title":"Jean-Gabriel Perboyre, Lettre 068. A son Cousin Gabriel, \u00e0 Saint-Flour - Nous Sommes Vincentiens","robots":{"index":"index","follow":"follow","max-snippet":"max-snippet:-1","max-image-preview":"max-image-preview:large","max-video-preview":"max-video-preview:-1"},"canonical":"https:\/\/vincentians.com\/fr\/jean-gabriel-perboyre-lettre-068-cousin-gabriel-saint-flour\/","og_locale":"fr_FR","og_type":"article","og_title":"Jean-Gabriel Perboyre, Lettre 068. A son Cousin Gabriel, \u00e0 Saint-Flour - Nous Sommes Vincentiens","og_description":"Macao, le 6 novembre 1835. Mon tr\u00e8s cher Cousin et Confr\u00e8re, La gr\u00e2ce de N. S. soit toujours avec nous. Environ huit mois se sont \u00e9coul\u00e9s depuis que nous nous embrass\u00e2mes \u00e0 Paris sans doute ... Read More","og_url":"https:\/\/vincentians.com\/fr\/jean-gabriel-perboyre-lettre-068-cousin-gabriel-saint-flour\/","og_site_name":"Nous Sommes Vincentiens","article_publisher":"https:\/\/www.facebook.com\/WeAreVincentians\/","article_author":"https:\/\/www.facebook.com\/JavierChento","article_published_time":"2017-10-22T02:00:58+00:00","og_image":[{"width":1200,"height":630,"url":"https:\/\/i0.wp.com\/vincentians.com\/fr\/wp-content\/uploads\/sites\/10\/2016\/07\/cartas-perboyre.jpg?fit=1200%2C630&ssl=1","type":"image\/jpeg"}],"author":"Francisco Javier Fern\u00e1ndez Chento","twitter_card":"summary_large_image","twitter_creator":"@https:\/\/twitter.com\/javierchento","twitter_site":"@WeVincentians","twitter_misc":{"\u00c9crit par":"Francisco Javier Fern\u00e1ndez Chento","Dur\u00e9e de lecture estim\u00e9e":"9 minutes"},"schema":{"@context":"https:\/\/schema.org","@graph":[{"@type":"WebPage","@id":"https:\/\/vincentians.com\/fr\/jean-gabriel-perboyre-lettre-068-cousin-gabriel-saint-flour\/","url":"https:\/\/vincentians.com\/fr\/jean-gabriel-perboyre-lettre-068-cousin-gabriel-saint-flour\/","name":"Jean-Gabriel Perboyre, Lettre 068. A son Cousin Gabriel, \u00e0 Saint-Flour - Nous Sommes Vincentiens","isPartOf":{"@id":"http:\/\/vincentians.com\/fr\/#website"},"primaryImageOfPage":{"@id":"https:\/\/vincentians.com\/fr\/jean-gabriel-perboyre-lettre-068-cousin-gabriel-saint-flour\/#primaryimage"},"image":{"@id":"https:\/\/vincentians.com\/fr\/jean-gabriel-perboyre-lettre-068-cousin-gabriel-saint-flour\/#primaryimage"},"thumbnailUrl":"https:\/\/i0.wp.com\/vincentians.com\/fr\/wp-content\/uploads\/sites\/10\/2016\/07\/cartas-perboyre.jpg?fit=1200%2C630&ssl=1","datePublished":"2017-10-22T02:00:58+00:00","author":{"@id":"http:\/\/vincentians.com\/fr\/#\/schema\/person\/9623ef4d9aa3b2dfb8c061f1499288f2"},"breadcrumb":{"@id":"https:\/\/vincentians.com\/fr\/jean-gabriel-perboyre-lettre-068-cousin-gabriel-saint-flour\/#breadcrumb"},"inLanguage":"fr-FR","potentialAction":[{"@type":"ReadAction","target":["https:\/\/vincentians.com\/fr\/jean-gabriel-perboyre-lettre-068-cousin-gabriel-saint-flour\/"]}]},{"@type":"ImageObject","inLanguage":"fr-FR","@id":"https:\/\/vincentians.com\/fr\/jean-gabriel-perboyre-lettre-068-cousin-gabriel-saint-flour\/#primaryimage","url":"https:\/\/i0.wp.com\/vincentians.com\/fr\/wp-content\/uploads\/sites\/10\/2016\/07\/cartas-perboyre.jpg?fit=1200%2C630&ssl=1","contentUrl":"https:\/\/i0.wp.com\/vincentians.com\/fr\/wp-content\/uploads\/sites\/10\/2016\/07\/cartas-perboyre.jpg?fit=1200%2C630&ssl=1","width":1200,"height":630},{"@type":"BreadcrumbList","@id":"https:\/\/vincentians.com\/fr\/jean-gabriel-perboyre-lettre-068-cousin-gabriel-saint-flour\/#breadcrumb","itemListElement":[{"@type":"ListItem","position":1,"name":"Portada","item":"http:\/\/vincentians.com\/fr\/"},{"@type":"ListItem","position":2,"name":"Jean-Gabriel Perboyre, Lettre 068. A son Cousin Gabriel, \u00e0 Saint-Flour"}]},{"@type":"WebSite","@id":"http:\/\/vincentians.com\/fr\/#website","url":"http:\/\/vincentians.com\/fr\/","name":"Nous Sommes Vincentiens","description":"Know more to serve more","potentialAction":[{"@type":"SearchAction","target":{"@type":"EntryPoint","urlTemplate":"http:\/\/vincentians.com\/fr\/?s={search_term_string}"},"query-input":{"@type":"PropertyValueSpecification","valueRequired":true,"valueName":"search_term_string"}}],"inLanguage":"fr-FR"},{"@type":"Person","@id":"http:\/\/vincentians.com\/fr\/#\/schema\/person\/9623ef4d9aa3b2dfb8c061f1499288f2","name":"Francisco Javier Fern\u00e1ndez Chento","image":{"@type":"ImageObject","inLanguage":"fr-FR","@id":"http:\/\/vincentians.com\/fr\/#\/schema\/person\/image\/","url":"https:\/\/secure.gravatar.com\/avatar\/497d5cde87b4c3d097d0315953521681ba2cd523ee66e5077c3711f7021e65de?s=96&d=mm&r=g","contentUrl":"https:\/\/secure.gravatar.com\/avatar\/497d5cde87b4c3d097d0315953521681ba2cd523ee66e5077c3711f7021e65de?s=96&d=mm&r=g","caption":"Francisco Javier Fern\u00e1ndez Chento"},"description":"Director General y cofundador de La Red de Formaci\u00f3n Vicenciana. Javier es laico vicenciano, afiliado a la Congregaci\u00f3n de la Misi\u00f3n y miembro del Equipo de Misiones Populares de la provincia can\u00f3nica de Zaragoza (Espa\u00f1a) de la Congregaci\u00f3n de la Misi\u00f3n. Graduado en la Universidad Oberta de Catalunya con cuatro grados (Asistente de direcci\u00f3n, Gesti\u00f3n Administrativa, Recursos Humanos y Contabilidad Avanzada). Bil\u00edng\u00fce Espa\u00f1ol\/Ingl\u00e9s. gestiona y mantiene varias p\u00e1ginas web cristianas y vicencianas, incluida including La Red de Formaci\u00f3n Vicenciana, de la que es cofundador. Actualmente es responsable del \u00e1rea de Espa\u00f1ol de .famvin, la Red de Noticias de la Familia Vicenciana. Tambi\u00e9n es m\u00fasico cat\u00f3lico y ha editado varios discos. Es Director General y cofundador de Trovador, una reconocida compa\u00f1\u00eda discogr\u00e1fica critiana de Espa\u00f1a. Trabaja en las Tecnolog\u00edas de la Informaci\u00f3n, ofreciendo servicios de alojamiento, dise\u00f1o y mantenimiento Web, as\u00ed como asesoramiento, formaci\u00f3n y soluciones inform\u00e1ticas, gesti\u00f3n documental y digitalizaci\u00f3n de textos, edici\u00f3n y maquetaci\u00f3n de libros, revistas, flyers, etc.","sameAs":["http:\/\/chento.org","https:\/\/www.facebook.com\/JavierChento","https:\/\/x.com\/https:\/\/twitter.com\/javierchento"],"url":"https:\/\/vincentians.com\/fr\/author\/chento\/"}]}},"jetpack_publicize_connections":[],"jetpack_featured_media_url":"https:\/\/i0.wp.com\/vincentians.com\/fr\/wp-content\/uploads\/sites\/10\/2016\/07\/cartas-perboyre.jpg?fit=1200%2C630&ssl=1","jetpack_sharing_enabled":true,"jetpack_shortlink":"https:\/\/wp.me\/p7ETMP-NBB","jetpack-related-posts":[{"id":107242,"url":"https:\/\/vincentians.com\/fr\/jean-gabriel-perboyre-lettre-066-frere-jacques-paris\/","url_meta":{"origin":190687,"position":0},"title":"Jean-Gabriel Perboyre, Lettre 066. A son Fr\u00e8re Jacques, \u00e0 Paris","author":"Francisco Javier Fern\u00e1ndez Chento","date":"08\/10\/2017","format":false,"excerpt":"Macao, le 14 Septembre 1835. Mon tr\u00e8s cher fr\u00e8re, La gr\u00e2ce de N. S. soit toujours avec nous. N\u2019ayant qu\u2019un instant pour \u00e9crire, r\u00e9signez-vous \u00e0 n\u2019avoir que deux lignes pour cette fois. Ne vous suffit-il pas d\u2019apprendre que depuis que je vous ai \u00e9crit de Batavia, le Bon Dieu a\u2026","rel":"","context":"Dans &quot;\u00c9crits de Jean-Gabriel Perboyre&quot;","block_context":{"text":"\u00c9crits de Jean-Gabriel Perboyre","link":"https:\/\/vincentians.com\/fr\/category\/ecrits-de-jean-gabriel-perboyre\/"},"img":{"alt_text":"","src":"https:\/\/i0.wp.com\/vincentians.com\/fr\/wp-content\/uploads\/sites\/10\/2016\/07\/cartas-perboyre.jpg?fit=1200%2C630&ssl=1&resize=350%2C200","width":350,"height":200,"srcset":"https:\/\/i0.wp.com\/vincentians.com\/fr\/wp-content\/uploads\/sites\/10\/2016\/07\/cartas-perboyre.jpg?fit=1200%2C630&ssl=1&resize=350%2C200 1x, https:\/\/i0.wp.com\/vincentians.com\/fr\/wp-content\/uploads\/sites\/10\/2016\/07\/cartas-perboyre.jpg?fit=1200%2C630&ssl=1&resize=525%2C300 1.5x, https:\/\/i0.wp.com\/vincentians.com\/fr\/wp-content\/uploads\/sites\/10\/2016\/07\/cartas-perboyre.jpg?fit=1200%2C630&ssl=1&resize=700%2C400 2x, https:\/\/i0.wp.com\/vincentians.com\/fr\/wp-content\/uploads\/sites\/10\/2016\/07\/cartas-perboyre.jpg?fit=1200%2C630&ssl=1&resize=1050%2C600 3x"},"classes":[]},{"id":105043,"url":"https:\/\/vincentians.com\/fr\/jean-gabriel-perboyre-lettre-038-a-son-oncle-a-montauban\/","url_meta":{"origin":190687,"position":1},"title":"Jean-Gabriel Perboyre, Lettre 038. A son Oncle, \u00e0 Montauban","author":"Francisco Javier Fern\u00e1ndez Chento","date":"26\/03\/2017","format":false,"excerpt":"Paris, le 23 ao\u00fbt 1833 Mon tr\u00e8s cher oncle, Il y a plus d\u2019un mois que je m\u2019\u00e9tais propos\u00e9 de vous \u00e9crire mais j\u2019ai diff\u00e9r\u00e9 jusqu\u2019\u00e0 ce moment pour profiter de l\u2019occasion que m\u2019offre M.\u00a0le sup\u00e9rieur du s\u00e9minaire de Montauban. M.\u00a0Tuffeau a bien voulu passer chez nous en arrivant \u00e0\u2026","rel":"","context":"Dans &quot;\u00c9crits de Jean-Gabriel Perboyre&quot;","block_context":{"text":"\u00c9crits de Jean-Gabriel Perboyre","link":"https:\/\/vincentians.com\/fr\/category\/ecrits-de-jean-gabriel-perboyre\/"},"img":{"alt_text":"","src":"https:\/\/i0.wp.com\/vincentians.com\/fr\/wp-content\/uploads\/sites\/10\/2016\/07\/cartas-perboyre.jpg?fit=1200%2C630&ssl=1&resize=350%2C200","width":350,"height":200,"srcset":"https:\/\/i0.wp.com\/vincentians.com\/fr\/wp-content\/uploads\/sites\/10\/2016\/07\/cartas-perboyre.jpg?fit=1200%2C630&ssl=1&resize=350%2C200 1x, https:\/\/i0.wp.com\/vincentians.com\/fr\/wp-content\/uploads\/sites\/10\/2016\/07\/cartas-perboyre.jpg?fit=1200%2C630&ssl=1&resize=525%2C300 1.5x, https:\/\/i0.wp.com\/vincentians.com\/fr\/wp-content\/uploads\/sites\/10\/2016\/07\/cartas-perboyre.jpg?fit=1200%2C630&ssl=1&resize=700%2C400 2x, https:\/\/i0.wp.com\/vincentians.com\/fr\/wp-content\/uploads\/sites\/10\/2016\/07\/cartas-perboyre.jpg?fit=1200%2C630&ssl=1&resize=1050%2C600 3x"},"classes":[]},{"id":107249,"url":"https:\/\/vincentians.com\/fr\/jean-gabriel-perboyre-lettre-057-a-son-oncle-a-montauban\/","url_meta":{"origin":190687,"position":2},"title":"Jean-Gabriel Perboyre, Lettre 057. A son Oncle, \u00e0 Montauban","author":"Francisco Javier Fern\u00e1ndez Chento","date":"06\/08\/2017","format":false,"excerpt":"Le Havre, 18 mars 1835. Mon tr\u00e8s cher oncle, Me voici au Havre depuis avant-hier au soir. Nous avions besoin d\u2019\u00eatre ici quelque temps avant l\u2019embarquement pour faire nos petits pr\u00e9paratifs. Notre navire, l\u2019Edmond, est d\u00e9j\u00e0 charg\u00e9 et on n\u2019attend plus pour se mettre en mer que le moment o\u00f9\u2026","rel":"","context":"Dans &quot;\u00c9crits de Jean-Gabriel Perboyre&quot;","block_context":{"text":"\u00c9crits de Jean-Gabriel Perboyre","link":"https:\/\/vincentians.com\/fr\/category\/ecrits-de-jean-gabriel-perboyre\/"},"img":{"alt_text":"","src":"https:\/\/i0.wp.com\/vincentians.com\/fr\/wp-content\/uploads\/sites\/10\/2016\/07\/cartas-perboyre.jpg?fit=1200%2C630&ssl=1&resize=350%2C200","width":350,"height":200,"srcset":"https:\/\/i0.wp.com\/vincentians.com\/fr\/wp-content\/uploads\/sites\/10\/2016\/07\/cartas-perboyre.jpg?fit=1200%2C630&ssl=1&resize=350%2C200 1x, https:\/\/i0.wp.com\/vincentians.com\/fr\/wp-content\/uploads\/sites\/10\/2016\/07\/cartas-perboyre.jpg?fit=1200%2C630&ssl=1&resize=525%2C300 1.5x, https:\/\/i0.wp.com\/vincentians.com\/fr\/wp-content\/uploads\/sites\/10\/2016\/07\/cartas-perboyre.jpg?fit=1200%2C630&ssl=1&resize=700%2C400 2x, https:\/\/i0.wp.com\/vincentians.com\/fr\/wp-content\/uploads\/sites\/10\/2016\/07\/cartas-perboyre.jpg?fit=1200%2C630&ssl=1&resize=1050%2C600 3x"},"classes":[]},{"id":104472,"url":"https:\/\/vincentians.com\/fr\/jean-gabriel-perboyre-lettre-033-a-son-oncle-a-montauban\/","url_meta":{"origin":190687,"position":3},"title":"Jean-Gabriel Perboyre, Lettre 033. A son Oncle, \u00e0 Montauban","author":"Francisco Javier Fern\u00e1ndez Chento","date":"19\/02\/2017","format":false,"excerpt":"Mon tr\u00e8s cher oncle, J\u2019ai trop diff\u00e9r\u00e9 de vous donner la r\u00e9ponse que vous attendiez. Je ne chercherai point d\u2019excuses parce que je n\u2019en trouverais pas de bonnes. Apollonie est arriv\u00e9e heureusement avec ses deux compagnes. Elles m\u2019ont charg\u00e9 de vous l\u2019annoncer parce qu\u2019elles ne peuvent pas vous \u00e9crire encore.\u2026","rel":"","context":"Dans &quot;\u00c9crits de Jean-Gabriel Perboyre&quot;","block_context":{"text":"\u00c9crits de Jean-Gabriel Perboyre","link":"https:\/\/vincentians.com\/fr\/category\/ecrits-de-jean-gabriel-perboyre\/"},"img":{"alt_text":"","src":"https:\/\/i0.wp.com\/vincentians.com\/fr\/wp-content\/uploads\/sites\/10\/2016\/07\/cartas-perboyre.jpg?fit=1200%2C630&ssl=1&resize=350%2C200","width":350,"height":200,"srcset":"https:\/\/i0.wp.com\/vincentians.com\/fr\/wp-content\/uploads\/sites\/10\/2016\/07\/cartas-perboyre.jpg?fit=1200%2C630&ssl=1&resize=350%2C200 1x, https:\/\/i0.wp.com\/vincentians.com\/fr\/wp-content\/uploads\/sites\/10\/2016\/07\/cartas-perboyre.jpg?fit=1200%2C630&ssl=1&resize=525%2C300 1.5x, https:\/\/i0.wp.com\/vincentians.com\/fr\/wp-content\/uploads\/sites\/10\/2016\/07\/cartas-perboyre.jpg?fit=1200%2C630&ssl=1&resize=700%2C400 2x, https:\/\/i0.wp.com\/vincentians.com\/fr\/wp-content\/uploads\/sites\/10\/2016\/07\/cartas-perboyre.jpg?fit=1200%2C630&ssl=1&resize=1050%2C600 3x"},"classes":[]},{"id":107171,"url":"https:\/\/vincentians.com\/fr\/jean-gabriel-perboyre-lettre-048-a-son-oncle-a-montauban\/","url_meta":{"origin":190687,"position":4},"title":"Jean-Gabriel Perboyre, Lettre 048. A son Oncle, \u00e0 Montauban","author":"Francisco Javier Fern\u00e1ndez Chento","date":"04\/06\/2017","format":false,"excerpt":"Paris, le 20 mai 1834. Mon tr\u00e8s cher oncle, Votre derni\u00e8re lettre pour mon cousin Gabriel doit \u00eatre arriv\u00e9e ce matin \u00e0 sa destination. M.\u00a0Gratacap a bien voulu se donner la peine de venir me voir aussit\u00f4t apr\u00e8s son arriv\u00e9e et m\u2019honorer plusieurs fois de ses visites. Comme c\u2019est aujourd\u2019hui\u2026","rel":"","context":"Dans &quot;\u00c9crits de Jean-Gabriel Perboyre&quot;","block_context":{"text":"\u00c9crits de Jean-Gabriel Perboyre","link":"https:\/\/vincentians.com\/fr\/category\/ecrits-de-jean-gabriel-perboyre\/"},"img":{"alt_text":"","src":"https:\/\/i0.wp.com\/vincentians.com\/fr\/wp-content\/uploads\/sites\/10\/2016\/07\/cartas-perboyre.jpg?fit=1200%2C630&ssl=1&resize=350%2C200","width":350,"height":200,"srcset":"https:\/\/i0.wp.com\/vincentians.com\/fr\/wp-content\/uploads\/sites\/10\/2016\/07\/cartas-perboyre.jpg?fit=1200%2C630&ssl=1&resize=350%2C200 1x, https:\/\/i0.wp.com\/vincentians.com\/fr\/wp-content\/uploads\/sites\/10\/2016\/07\/cartas-perboyre.jpg?fit=1200%2C630&ssl=1&resize=525%2C300 1.5x, https:\/\/i0.wp.com\/vincentians.com\/fr\/wp-content\/uploads\/sites\/10\/2016\/07\/cartas-perboyre.jpg?fit=1200%2C630&ssl=1&resize=700%2C400 2x, https:\/\/i0.wp.com\/vincentians.com\/fr\/wp-content\/uploads\/sites\/10\/2016\/07\/cartas-perboyre.jpg?fit=1200%2C630&ssl=1&resize=1050%2C600 3x"},"classes":[]},{"id":104479,"url":"https:\/\/vincentians.com\/fr\/jean-gabriel-perboyre-lettre-027-a-son-cousin-a-montgesty\/","url_meta":{"origin":190687,"position":5},"title":"Jean-Gabriel Perboyre, Lettre 027. A son Cousin, \u00e0 Montgesty","author":"Francisco Javier Fern\u00e1ndez Chento","date":"08\/01\/2017","format":false,"excerpt":"Mon cher cousin, Vos lettres m\u2019ont fait un bien sensible plaisir. Je vous en remercie comme d\u2019autant de cadeaux. Je regrette que mes occupations ne m\u2019aient pas permis de vous r\u00e9pondre plus t\u00f4t et plus souvent. Maintenant nous sommes en vacances\u00a0; j\u2019allais vous \u00e9crire par la poste, si je n\u2019avais\u2026","rel":"","context":"Dans &quot;\u00c9crits de Jean-Gabriel Perboyre&quot;","block_context":{"text":"\u00c9crits de Jean-Gabriel Perboyre","link":"https:\/\/vincentians.com\/fr\/category\/ecrits-de-jean-gabriel-perboyre\/"},"img":{"alt_text":"","src":"https:\/\/i0.wp.com\/vincentians.com\/fr\/wp-content\/uploads\/sites\/10\/2016\/07\/cartas-perboyre.jpg?fit=1200%2C630&ssl=1&resize=350%2C200","width":350,"height":200,"srcset":"https:\/\/i0.wp.com\/vincentians.com\/fr\/wp-content\/uploads\/sites\/10\/2016\/07\/cartas-perboyre.jpg?fit=1200%2C630&ssl=1&resize=350%2C200 1x, https:\/\/i0.wp.com\/vincentians.com\/fr\/wp-content\/uploads\/sites\/10\/2016\/07\/cartas-perboyre.jpg?fit=1200%2C630&ssl=1&resize=525%2C300 1.5x, https:\/\/i0.wp.com\/vincentians.com\/fr\/wp-content\/uploads\/sites\/10\/2016\/07\/cartas-perboyre.jpg?fit=1200%2C630&ssl=1&resize=700%2C400 2x, https:\/\/i0.wp.com\/vincentians.com\/fr\/wp-content\/uploads\/sites\/10\/2016\/07\/cartas-perboyre.jpg?fit=1200%2C630&ssl=1&resize=1050%2C600 3x"},"classes":[]}],"_links":{"self":[{"href":"https:\/\/vincentians.com\/fr\/wp-json\/wp\/v2\/posts\/190687","targetHints":{"allow":["GET"]}}],"collection":[{"href":"https:\/\/vincentians.com\/fr\/wp-json\/wp\/v2\/posts"}],"about":[{"href":"https:\/\/vincentians.com\/fr\/wp-json\/wp\/v2\/types\/post"}],"author":[{"embeddable":true,"href":"https:\/\/vincentians.com\/fr\/wp-json\/wp\/v2\/users\/4"}],"replies":[{"embeddable":true,"href":"https:\/\/vincentians.com\/fr\/wp-json\/wp\/v2\/comments?post=190687"}],"version-history":[{"count":0,"href":"https:\/\/vincentians.com\/fr\/wp-json\/wp\/v2\/posts\/190687\/revisions"}],"wp:featuredmedia":[{"embeddable":true,"href":"https:\/\/vincentians.com\/fr\/wp-json\/wp\/v2\/media\/189778"}],"wp:attachment":[{"href":"https:\/\/vincentians.com\/fr\/wp-json\/wp\/v2\/media?parent=190687"}],"wp:term":[{"taxonomy":"category","embeddable":true,"href":"https:\/\/vincentians.com\/fr\/wp-json\/wp\/v2\/categories?post=190687"},{"taxonomy":"post_tag","embeddable":true,"href":"https:\/\/vincentians.com\/fr\/wp-json\/wp\/v2\/tags?post=190687"}],"curies":[{"name":"wp","href":"https:\/\/api.w.org\/{rel}","templated":true}]}}