{"id":190590,"date":"2017-06-16T00:01:05","date_gmt":"2017-06-15T22:01:05","guid":{"rendered":"http:\/\/vincentians.com\/fr\/?p=190590"},"modified":"2016-08-11T22:24:59","modified_gmt":"2016-08-11T20:24:59","slug":"ephemerides-16-juin","status":"publish","type":"post","link":"https:\/\/vincentians.com\/fr\/ephemerides-16-juin\/","title":{"rendered":"Eph\u00e9m\u00e9rides: 16 juin"},"content":{"rendered":"<p><b>1737<\/b>. \u00c0 Rome, en la basilique du Latran, le Pape Cl\u00e9ment XII proclame que Vincent de Paul est inscrit au catalogue des saints. Avec notre bienheureux P\u00e8re, sont canonis\u00e9s Jean-Fran\u00e7ois R\u00e9gis, Julienne de Falconieri et Catherine de G\u00eanes. La c\u00e9r\u00e9monie commen\u00e7a par une procession qui s&rsquo;\u00e9branla \u00e0 six heures du matin, se d\u00e9roula autour du palais du Latran et dura trois heures, tant elle \u00e9tait nombreuse. Vingt-sept cardinaux \u00e9taient pr\u00e9sents, et, dit M. Couty, \u00abil y avait un nombre infini de patriarches, d&rsquo;archev\u00eaques, \u00e9v\u00eaques et autres pr\u00e9lats\u00bb. M. Rostagni, sup\u00e9rieur de Monte-Citorio, et M. Perotti, sup\u00e9rieur de P\u00e9rouse, offrirent au Souverain Pontife les pr\u00e9sents rituels. La bulle de canonisation que Cl\u00e9ment XII signa ce m\u00eame jour, constitue un fort beau pan\u00e9gyrique de notre bienheureux P\u00e8re (1).<\/p>\n<p><b>1881<\/b>. \u00c0 Paris, en la chapelle de la Maison-M\u00e8re, commence la neuvaine pr\u00e9paratoire \u00e0 la grande journ\u00e9e du 25 juin qui sera marqu\u00e9e par la cons\u00e9cration de la double famille au C\u0153ur de J\u00e9sus. Une co\u00efncidence \u00e0 remarquer\u00a0: six ans auparavant, en ce m\u00eame jour, \u00e0 Montmartre, le cardinal Guibert posait la premi\u00e8re pierre de la basilique du V\u0153u National (2).<\/p>\n<p><b>1921<\/b>. \u00c0 la Maison-M\u00e8re, Mgr Roland-Gosselin, auxiliaire de l&rsquo;archev\u00eaque de Paris, ouvre le proc\u00e8s informatif pour la cause de Jean Le Vacher, vicaire apostolique et consul en Barbarie (3).<\/p>\n<p><b>1943<\/b>. \u00c0 Paris, mort de M. Guillaume Meuffels. N\u00e9 dans le catholique Limbourg hollandais, le 30 juin 1871, il s&rsquo;achemina vers les saints V\u0153ux sans difficult\u00e9 aucune, si l&rsquo;on met \u00e0 part ses accidents de sant\u00e9 qui l&rsquo;oblig\u00e8rent \u00e0 quelques retours \u00e0 Wernhout, et qui lui valurent d&rsquo;\u00eatre ordonn\u00e9 pr\u00eatre \u00e0 Br\u00e9da, le 4 ao\u00fbt 1895. Pendant vingt ans, il resta \u00e0 Wernhout comme professeur de quatri\u00e8me, comme \u00e9conome, et bient\u00f4t comme premier cur\u00e9 du lieu. Il fut, l\u00e0, ce qu&rsquo;il devait \u00eatre toute sa vie\u00a0: l&rsquo;homme du travail, certes, mais surtout l&rsquo;homme de la bont\u00e9. En 1916, en pleine guerre mondiale, il fonde le rectorat de Susteren\u00a0; il r\u00e9ussit \u00e0 construire une belle \u00e9glise romane, une r\u00e9sidence spacieuse, des \u00e9coles pour la jeunesse, une maison pour les \u0153uvres sociales. En 1930, M. Guillaume Meuffels est charg\u00e9 par l&rsquo;\u00e9piscopat de son pays de l&rsquo;aum\u00f4nerie d\u00e9s Hollandais \u00e0 Paris, et il est tellement \u00e0 la hauteur de sa t\u00e2che que le gouvernement de la reine Wilhelmine le fait chevalier de l&rsquo;ordre d&rsquo;Orange-Nassau. La belle vie sacerdotale de M. Guillaume Meuffels ne peut mieux se r\u00e9sumer que dans ces mots qu&rsquo;il r\u00e9p\u00e9tait\u00a0: \u00abIl faut \u00eatre bon, bon pour les bons, meilleur encore pour les mauvais. Car le monde est malade, et la premi\u00e8re chose qui donne confiance \u00e0 un malade, est la bont\u00e9\u00bb (4).<\/p>\n<dl>\n<dd>1) Circulaires, t. I, pp. 461-463.<\/dd>\n<dd>2) Annales, t. 46, p. 445.<\/dd>\n<dd>3) Annales, t. 86, p. 495.<\/dd>\n<dd>4) Annales, t. 110-111, pp. 140-147.<\/dd>\n<\/dl>\n","protected":false},"excerpt":{"rendered":"<p>1737. \u00c0 Rome, en la basilique du Latran, le Pape Cl\u00e9ment XII proclame que Vincent de Paul est inscrit au catalogue des saints. Avec notre bienheureux P\u00e8re, sont canonis\u00e9s Jean-Fran\u00e7ois R\u00e9gis, Julienne de Falconieri et &#8230; <a href=\"https:\/\/vincentians.com\/fr\/ephemerides-16-juin\/\" class=\"more-link\">Read More<\/a><\/p>\n","protected":false},"author":4,"featured_media":149897,"comment_status":"open","ping_status":"open","sticky":false,"template":"","format":"standard","meta":{"jetpack_post_was_ever_published":false,"_jetpack_newsletter_access":"","_jetpack_dont_email_post_to_subs":false,"_jetpack_newsletter_tier_id":0,"_jetpack_memberships_contains_paywalled_content":false,"_jetpack_memberships_contains_paid_content":false,"footnotes":"","jetpack_publicize_message":"","jetpack_publicize_feature_enabled":true,"jetpack_social_post_already_shared":true,"jetpack_social_options":{"image_generator_settings":{"template":"highway","default_image_id":0,"font":"","enabled":false},"version":2}},"categories":[119],"tags":[],"class_list":["post-190590","post","type-post","status-publish","format-standard","has-post-thumbnail","hentry","category-ephemerides-vincentiens"],"yoast_head":"<!-- This site is optimized with the Yoast SEO plugin v26.3 - https:\/\/yoast.com\/wordpress\/plugins\/seo\/ -->\n<title>Eph\u00e9m\u00e9rides: 16 juin - Nous Sommes Vincentiens<\/title>\n<meta name=\"robots\" content=\"index, follow, max-snippet:-1, max-image-preview:large, max-video-preview:-1\" \/>\n<link rel=\"canonical\" href=\"http:\/\/vincentians.com\/fr\/ephemerides-16-juin\/\" \/>\n<meta property=\"og:locale\" content=\"fr_FR\" \/>\n<meta property=\"og:type\" content=\"article\" \/>\n<meta property=\"og:title\" content=\"Eph\u00e9m\u00e9rides: 16 juin - Nous Sommes Vincentiens\" \/>\n<meta property=\"og:description\" content=\"1737. \u00c0 Rome, en la basilique du Latran, le Pape Cl\u00e9ment XII proclame que Vincent de Paul est inscrit au catalogue des saints. Avec notre bienheureux P\u00e8re, sont canonis\u00e9s Jean-Fran\u00e7ois R\u00e9gis, Julienne de Falconieri et ... Read More\" \/>\n<meta property=\"og:url\" content=\"http:\/\/vincentians.com\/fr\/ephemerides-16-juin\/\" \/>\n<meta property=\"og:site_name\" content=\"Nous Sommes Vincentiens\" \/>\n<meta property=\"article:publisher\" content=\"https:\/\/www.facebook.com\/WeAreVincentians\/\" \/>\n<meta property=\"article:author\" content=\"https:\/\/www.facebook.com\/JavierChento\" \/>\n<meta property=\"article:published_time\" content=\"2017-06-15T22:01:05+00:00\" \/>\n<meta property=\"og:image\" content=\"https:\/\/i0.wp.com\/vincentians.com\/fr\/wp-content\/uploads\/sites\/10\/2016\/07\/ephemerides-fb.jpg?fit=1200%2C630\" \/>\n\t<meta property=\"og:image:width\" content=\"1200\" \/>\n\t<meta property=\"og:image:height\" content=\"630\" \/>\n\t<meta property=\"og:image:type\" content=\"image\/jpeg\" \/>\n<meta name=\"author\" content=\"Francisco Javier Fern\u00e1ndez Chento\" \/>\n<meta name=\"twitter:card\" content=\"summary_large_image\" \/>\n<meta name=\"twitter:creator\" content=\"@https:\/\/twitter.com\/javierchento\" \/>\n<meta name=\"twitter:site\" content=\"@WeVincentians\" \/>\n<meta name=\"twitter:label1\" content=\"\u00c9crit par\" \/>\n\t<meta name=\"twitter:data1\" content=\"Francisco Javier Fern\u00e1ndez Chento\" \/>\n\t<meta name=\"twitter:label2\" content=\"Dur\u00e9e de lecture estim\u00e9e\" \/>\n\t<meta name=\"twitter:data2\" content=\"2 minutes\" \/>\n<script type=\"application\/ld+json\" class=\"yoast-schema-graph\">{\"@context\":\"https:\/\/schema.org\",\"@graph\":[{\"@type\":\"WebPage\",\"@id\":\"http:\/\/vincentians.com\/fr\/ephemerides-16-juin\/\",\"url\":\"http:\/\/vincentians.com\/fr\/ephemerides-16-juin\/\",\"name\":\"Eph\u00e9m\u00e9rides: 16 juin - Nous Sommes Vincentiens\",\"isPartOf\":{\"@id\":\"https:\/\/vincentians.com\/fr\/#website\"},\"primaryImageOfPage\":{\"@id\":\"http:\/\/vincentians.com\/fr\/ephemerides-16-juin\/#primaryimage\"},\"image\":{\"@id\":\"http:\/\/vincentians.com\/fr\/ephemerides-16-juin\/#primaryimage\"},\"thumbnailUrl\":\"https:\/\/i0.wp.com\/vincentians.com\/fr\/wp-content\/uploads\/sites\/10\/2016\/07\/ephemerides-fb.jpg?fit=1200%2C630&ssl=1\",\"datePublished\":\"2017-06-15T22:01:05+00:00\",\"author\":{\"@id\":\"https:\/\/vincentians.com\/fr\/#\/schema\/person\/9623ef4d9aa3b2dfb8c061f1499288f2\"},\"breadcrumb\":{\"@id\":\"http:\/\/vincentians.com\/fr\/ephemerides-16-juin\/#breadcrumb\"},\"inLanguage\":\"fr-FR\",\"potentialAction\":[{\"@type\":\"ReadAction\",\"target\":[\"http:\/\/vincentians.com\/fr\/ephemerides-16-juin\/\"]}]},{\"@type\":\"ImageObject\",\"inLanguage\":\"fr-FR\",\"@id\":\"http:\/\/vincentians.com\/fr\/ephemerides-16-juin\/#primaryimage\",\"url\":\"https:\/\/i0.wp.com\/vincentians.com\/fr\/wp-content\/uploads\/sites\/10\/2016\/07\/ephemerides-fb.jpg?fit=1200%2C630&ssl=1\",\"contentUrl\":\"https:\/\/i0.wp.com\/vincentians.com\/fr\/wp-content\/uploads\/sites\/10\/2016\/07\/ephemerides-fb.jpg?fit=1200%2C630&ssl=1\",\"width\":1200,\"height\":630},{\"@type\":\"BreadcrumbList\",\"@id\":\"http:\/\/vincentians.com\/fr\/ephemerides-16-juin\/#breadcrumb\",\"itemListElement\":[{\"@type\":\"ListItem\",\"position\":1,\"name\":\"Portada\",\"item\":\"https:\/\/vincentians.com\/fr\/\"},{\"@type\":\"ListItem\",\"position\":2,\"name\":\"Eph\u00e9m\u00e9rides: 16 juin\"}]},{\"@type\":\"WebSite\",\"@id\":\"https:\/\/vincentians.com\/fr\/#website\",\"url\":\"https:\/\/vincentians.com\/fr\/\",\"name\":\"Nous Sommes Vincentiens\",\"description\":\"Know more to serve more\",\"potentialAction\":[{\"@type\":\"SearchAction\",\"target\":{\"@type\":\"EntryPoint\",\"urlTemplate\":\"https:\/\/vincentians.com\/fr\/?s={search_term_string}\"},\"query-input\":{\"@type\":\"PropertyValueSpecification\",\"valueRequired\":true,\"valueName\":\"search_term_string\"}}],\"inLanguage\":\"fr-FR\"},{\"@type\":\"Person\",\"@id\":\"https:\/\/vincentians.com\/fr\/#\/schema\/person\/9623ef4d9aa3b2dfb8c061f1499288f2\",\"name\":\"Francisco Javier Fern\u00e1ndez Chento\",\"image\":{\"@type\":\"ImageObject\",\"inLanguage\":\"fr-FR\",\"@id\":\"https:\/\/vincentians.com\/fr\/#\/schema\/person\/image\/\",\"url\":\"https:\/\/secure.gravatar.com\/avatar\/497d5cde87b4c3d097d0315953521681ba2cd523ee66e5077c3711f7021e65de?s=96&d=mm&r=g\",\"contentUrl\":\"https:\/\/secure.gravatar.com\/avatar\/497d5cde87b4c3d097d0315953521681ba2cd523ee66e5077c3711f7021e65de?s=96&d=mm&r=g\",\"caption\":\"Francisco Javier Fern\u00e1ndez Chento\"},\"description\":\"Director General y cofundador de La Red de Formaci\u00f3n Vicenciana. Javier es laico vicenciano, afiliado a la Congregaci\u00f3n de la Misi\u00f3n y miembro del Equipo de Misiones Populares de la provincia can\u00f3nica de Zaragoza (Espa\u00f1a) de la Congregaci\u00f3n de la Misi\u00f3n. Graduado en la Universidad Oberta de Catalunya con cuatro grados (Asistente de direcci\u00f3n, Gesti\u00f3n Administrativa, Recursos Humanos y Contabilidad Avanzada). Bil\u00edng\u00fce Espa\u00f1ol\/Ingl\u00e9s. gestiona y mantiene varias p\u00e1ginas web cristianas y vicencianas, incluida including La Red de Formaci\u00f3n Vicenciana, de la que es cofundador. Actualmente es responsable del \u00e1rea de Espa\u00f1ol de .famvin, la Red de Noticias de la Familia Vicenciana. Tambi\u00e9n es m\u00fasico cat\u00f3lico y ha editado varios discos. Es Director General y cofundador de Trovador, una reconocida compa\u00f1\u00eda discogr\u00e1fica critiana de Espa\u00f1a. Trabaja en las Tecnolog\u00edas de la Informaci\u00f3n, ofreciendo servicios de alojamiento, dise\u00f1o y mantenimiento Web, as\u00ed como asesoramiento, formaci\u00f3n y soluciones inform\u00e1ticas, gesti\u00f3n documental y digitalizaci\u00f3n de textos, edici\u00f3n y maquetaci\u00f3n de libros, revistas, flyers, etc.\",\"sameAs\":[\"http:\/\/chento.org\",\"https:\/\/www.facebook.com\/JavierChento\",\"https:\/\/x.com\/https:\/\/twitter.com\/javierchento\"],\"url\":\"https:\/\/vincentians.com\/fr\/author\/chento\/\"}]}<\/script>\n<!-- \/ Yoast SEO plugin. -->","yoast_head_json":{"title":"Eph\u00e9m\u00e9rides: 16 juin - Nous Sommes Vincentiens","robots":{"index":"index","follow":"follow","max-snippet":"max-snippet:-1","max-image-preview":"max-image-preview:large","max-video-preview":"max-video-preview:-1"},"canonical":"http:\/\/vincentians.com\/fr\/ephemerides-16-juin\/","og_locale":"fr_FR","og_type":"article","og_title":"Eph\u00e9m\u00e9rides: 16 juin - Nous Sommes Vincentiens","og_description":"1737. \u00c0 Rome, en la basilique du Latran, le Pape Cl\u00e9ment XII proclame que Vincent de Paul est inscrit au catalogue des saints. Avec notre bienheureux P\u00e8re, sont canonis\u00e9s Jean-Fran\u00e7ois R\u00e9gis, Julienne de Falconieri et ... Read More","og_url":"http:\/\/vincentians.com\/fr\/ephemerides-16-juin\/","og_site_name":"Nous Sommes Vincentiens","article_publisher":"https:\/\/www.facebook.com\/WeAreVincentians\/","article_author":"https:\/\/www.facebook.com\/JavierChento","article_published_time":"2017-06-15T22:01:05+00:00","og_image":[{"width":1200,"height":630,"url":"https:\/\/i0.wp.com\/vincentians.com\/fr\/wp-content\/uploads\/sites\/10\/2016\/07\/ephemerides-fb.jpg?fit=1200%2C630","type":"image\/jpeg"}],"author":"Francisco Javier Fern\u00e1ndez Chento","twitter_card":"summary_large_image","twitter_creator":"@https:\/\/twitter.com\/javierchento","twitter_site":"@WeVincentians","twitter_misc":{"\u00c9crit par":"Francisco Javier Fern\u00e1ndez Chento","Dur\u00e9e de lecture estim\u00e9e":"2 minutes"},"schema":{"@context":"https:\/\/schema.org","@graph":[{"@type":"WebPage","@id":"http:\/\/vincentians.com\/fr\/ephemerides-16-juin\/","url":"http:\/\/vincentians.com\/fr\/ephemerides-16-juin\/","name":"Eph\u00e9m\u00e9rides: 16 juin - Nous Sommes Vincentiens","isPartOf":{"@id":"https:\/\/vincentians.com\/fr\/#website"},"primaryImageOfPage":{"@id":"http:\/\/vincentians.com\/fr\/ephemerides-16-juin\/#primaryimage"},"image":{"@id":"http:\/\/vincentians.com\/fr\/ephemerides-16-juin\/#primaryimage"},"thumbnailUrl":"https:\/\/i0.wp.com\/vincentians.com\/fr\/wp-content\/uploads\/sites\/10\/2016\/07\/ephemerides-fb.jpg?fit=1200%2C630&ssl=1","datePublished":"2017-06-15T22:01:05+00:00","author":{"@id":"https:\/\/vincentians.com\/fr\/#\/schema\/person\/9623ef4d9aa3b2dfb8c061f1499288f2"},"breadcrumb":{"@id":"http:\/\/vincentians.com\/fr\/ephemerides-16-juin\/#breadcrumb"},"inLanguage":"fr-FR","potentialAction":[{"@type":"ReadAction","target":["http:\/\/vincentians.com\/fr\/ephemerides-16-juin\/"]}]},{"@type":"ImageObject","inLanguage":"fr-FR","@id":"http:\/\/vincentians.com\/fr\/ephemerides-16-juin\/#primaryimage","url":"https:\/\/i0.wp.com\/vincentians.com\/fr\/wp-content\/uploads\/sites\/10\/2016\/07\/ephemerides-fb.jpg?fit=1200%2C630&ssl=1","contentUrl":"https:\/\/i0.wp.com\/vincentians.com\/fr\/wp-content\/uploads\/sites\/10\/2016\/07\/ephemerides-fb.jpg?fit=1200%2C630&ssl=1","width":1200,"height":630},{"@type":"BreadcrumbList","@id":"http:\/\/vincentians.com\/fr\/ephemerides-16-juin\/#breadcrumb","itemListElement":[{"@type":"ListItem","position":1,"name":"Portada","item":"https:\/\/vincentians.com\/fr\/"},{"@type":"ListItem","position":2,"name":"Eph\u00e9m\u00e9rides: 16 juin"}]},{"@type":"WebSite","@id":"https:\/\/vincentians.com\/fr\/#website","url":"https:\/\/vincentians.com\/fr\/","name":"Nous Sommes Vincentiens","description":"Know more to serve more","potentialAction":[{"@type":"SearchAction","target":{"@type":"EntryPoint","urlTemplate":"https:\/\/vincentians.com\/fr\/?s={search_term_string}"},"query-input":{"@type":"PropertyValueSpecification","valueRequired":true,"valueName":"search_term_string"}}],"inLanguage":"fr-FR"},{"@type":"Person","@id":"https:\/\/vincentians.com\/fr\/#\/schema\/person\/9623ef4d9aa3b2dfb8c061f1499288f2","name":"Francisco Javier Fern\u00e1ndez Chento","image":{"@type":"ImageObject","inLanguage":"fr-FR","@id":"https:\/\/vincentians.com\/fr\/#\/schema\/person\/image\/","url":"https:\/\/secure.gravatar.com\/avatar\/497d5cde87b4c3d097d0315953521681ba2cd523ee66e5077c3711f7021e65de?s=96&d=mm&r=g","contentUrl":"https:\/\/secure.gravatar.com\/avatar\/497d5cde87b4c3d097d0315953521681ba2cd523ee66e5077c3711f7021e65de?s=96&d=mm&r=g","caption":"Francisco Javier Fern\u00e1ndez Chento"},"description":"Director General y cofundador de La Red de Formaci\u00f3n Vicenciana. Javier es laico vicenciano, afiliado a la Congregaci\u00f3n de la Misi\u00f3n y miembro del Equipo de Misiones Populares de la provincia can\u00f3nica de Zaragoza (Espa\u00f1a) de la Congregaci\u00f3n de la Misi\u00f3n. Graduado en la Universidad Oberta de Catalunya con cuatro grados (Asistente de direcci\u00f3n, Gesti\u00f3n Administrativa, Recursos Humanos y Contabilidad Avanzada). Bil\u00edng\u00fce Espa\u00f1ol\/Ingl\u00e9s. gestiona y mantiene varias p\u00e1ginas web cristianas y vicencianas, incluida including La Red de Formaci\u00f3n Vicenciana, de la que es cofundador. Actualmente es responsable del \u00e1rea de Espa\u00f1ol de .famvin, la Red de Noticias de la Familia Vicenciana. Tambi\u00e9n es m\u00fasico cat\u00f3lico y ha editado varios discos. Es Director General y cofundador de Trovador, una reconocida compa\u00f1\u00eda discogr\u00e1fica critiana de Espa\u00f1a. Trabaja en las Tecnolog\u00edas de la Informaci\u00f3n, ofreciendo servicios de alojamiento, dise\u00f1o y mantenimiento Web, as\u00ed como asesoramiento, formaci\u00f3n y soluciones inform\u00e1ticas, gesti\u00f3n documental y digitalizaci\u00f3n de textos, edici\u00f3n y maquetaci\u00f3n de libros, revistas, flyers, etc.","sameAs":["http:\/\/chento.org","https:\/\/www.facebook.com\/JavierChento","https:\/\/x.com\/https:\/\/twitter.com\/javierchento"],"url":"https:\/\/vincentians.com\/fr\/author\/chento\/"}]}},"jetpack_publicize_connections":[],"jetpack_featured_media_url":"https:\/\/i0.wp.com\/vincentians.com\/fr\/wp-content\/uploads\/sites\/10\/2016\/07\/ephemerides-fb.jpg?fit=1200%2C630&ssl=1","jetpack_sharing_enabled":true,"jetpack_shortlink":"https:\/\/wp.me\/p7ETMP-NA2","jetpack-related-posts":[{"id":108349,"url":"https:\/\/vincentians.com\/fr\/ephemerides-11-mars\/","url_meta":{"origin":190590,"position":0},"title":"Eph\u00e9m\u00e9rides : 11 mars","author":"Francisco Javier Fern\u00e1ndez Chento","date":"11\/03\/2017","format":false,"excerpt":"1718. Importante r\u00e9union \u00e0 la Maison-M\u00e8re pour la signature des Statuts de la Compagnie. Il ne s'agit pas, sous ce mot \"statuts\u201d de ce qui existe aujourd'hui sous ce nom, mais bien de ce qu'on pourrait appeler le \"r\u00e8glement administratif int\u00e9rieur\" \u00e9tabli d'apr\u00e8s ce qui se faisait dans la Compagnie\u2026","rel":"","context":"Dans &quot;\u00c9ph\u00e9m\u00e9rides vincentiens&quot;","block_context":{"text":"\u00c9ph\u00e9m\u00e9rides vincentiens","link":"https:\/\/vincentians.com\/fr\/category\/ephemerides-vincentiens\/"},"img":{"alt_text":"","src":"https:\/\/i0.wp.com\/vincentians.com\/fr\/wp-content\/uploads\/sites\/10\/2016\/07\/ephemerides-fb.jpg?fit=1200%2C630&ssl=1&resize=350%2C200","width":350,"height":200,"srcset":"https:\/\/i0.wp.com\/vincentians.com\/fr\/wp-content\/uploads\/sites\/10\/2016\/07\/ephemerides-fb.jpg?fit=1200%2C630&ssl=1&resize=350%2C200 1x, https:\/\/i0.wp.com\/vincentians.com\/fr\/wp-content\/uploads\/sites\/10\/2016\/07\/ephemerides-fb.jpg?fit=1200%2C630&ssl=1&resize=525%2C300 1.5x, https:\/\/i0.wp.com\/vincentians.com\/fr\/wp-content\/uploads\/sites\/10\/2016\/07\/ephemerides-fb.jpg?fit=1200%2C630&ssl=1&resize=700%2C400 2x, https:\/\/i0.wp.com\/vincentians.com\/fr\/wp-content\/uploads\/sites\/10\/2016\/07\/ephemerides-fb.jpg?fit=1200%2C630&ssl=1&resize=1050%2C600 3x"},"classes":[]},{"id":189337,"url":"https:\/\/vincentians.com\/fr\/ephemerides-07-juilliet\/","url_meta":{"origin":190590,"position":1},"title":"Eph\u00e9m\u00e9rides: 07 juilliet","author":"Francisco Javier Fern\u00e1ndez Chento","date":"07\/07\/2017","format":false,"excerpt":"1667. D\u00e9c\u00e8s de Monsieur Jean de Horgny, directeur de la Compagnie depuis mai 1660. Monsieur Jean Gicquel est nomm\u00e9 pour le remplacer. N\u00e9 en 1617, entr\u00e9 dans la Congr\u00e9gation de la Mission en 1647, il a eu le privil\u00e8ge d\u2019assister Monsieur Vincent au moment de sa mort. Son \u00e9tat de\u2026","rel":"","context":"Dans &quot;\u00c9ph\u00e9m\u00e9rides vincentiens&quot;","block_context":{"text":"\u00c9ph\u00e9m\u00e9rides vincentiens","link":"https:\/\/vincentians.com\/fr\/category\/ephemerides-vincentiens\/"},"img":{"alt_text":"","src":"https:\/\/i0.wp.com\/vincentians.com\/fr\/wp-content\/uploads\/sites\/10\/2016\/07\/ephemerides-fb.jpg?fit=1200%2C630&ssl=1&resize=350%2C200","width":350,"height":200,"srcset":"https:\/\/i0.wp.com\/vincentians.com\/fr\/wp-content\/uploads\/sites\/10\/2016\/07\/ephemerides-fb.jpg?fit=1200%2C630&ssl=1&resize=350%2C200 1x, https:\/\/i0.wp.com\/vincentians.com\/fr\/wp-content\/uploads\/sites\/10\/2016\/07\/ephemerides-fb.jpg?fit=1200%2C630&ssl=1&resize=525%2C300 1.5x, https:\/\/i0.wp.com\/vincentians.com\/fr\/wp-content\/uploads\/sites\/10\/2016\/07\/ephemerides-fb.jpg?fit=1200%2C630&ssl=1&resize=700%2C400 2x, https:\/\/i0.wp.com\/vincentians.com\/fr\/wp-content\/uploads\/sites\/10\/2016\/07\/ephemerides-fb.jpg?fit=1200%2C630&ssl=1&resize=1050%2C600 3x"},"classes":[]},{"id":106477,"url":"https:\/\/vincentians.com\/fr\/priere-pour-la-canonisation-du-bienheureux-frederic-ozanam\/","url_meta":{"origin":190590,"position":2},"title":"Pri\u00e8re pour la Canonisation du Bienheureux Fr\u00e9d\u00e9ric Ozanam","author":"Francisco Javier Fern\u00e1ndez Chento","date":"16\/05\/2013","format":false,"excerpt":"Seigneur, Tu as fait du Bienheureux Fr\u00e9d\u00e9ric Ozanam un t\u00e9moin de l'\u00c9vangile, \u00e9merveill\u00e9 du myst\u00e8re de l'\u00c9glise. Tu as inspir\u00e9 son combat contre la mis\u00e8re et l'injustice et tu l'as pourvu d'une inlassable g\u00e9n\u00e9rosit\u00e9 au service de tout homme en souffrance. En famille, il se r\u00e9v\u00e9la fils, fr\u00e8re, \u00e9poux et\u2026","rel":"","context":"Dans &quot;Fr\u00e9d\u00e9ric Ozanam&quot;","block_context":{"text":"Fr\u00e9d\u00e9ric Ozanam","link":"https:\/\/vincentians.com\/fr\/category\/the-vincentian-family\/founders\/frederic-ozanam\/"},"img":{"alt_text":"frederic_ozanam","src":"https:\/\/i0.wp.com\/vincentiens.org\/wp-content\/uploads\/2013\/05\/frederic_ozanam-211x300.jpg?resize=350%2C200","width":350,"height":200},"classes":[]},{"id":104849,"url":"https:\/\/vincentians.com\/fr\/ephemerides-2-decembre\/","url_meta":{"origin":190590,"position":3},"title":"Eph\u00e9m\u00e9rides: 2 d\u00e9cembre","author":"Francisco Javier Fern\u00e1ndez Chento","date":"02\/12\/2016","format":false,"excerpt":"1935. Monseigneur de Vienne donne des d\u00e9tails sur l\u2019effort missionnaire en Chine\u00a0: jusqu\u2019en 1910 tous les Vicariats Lazaristes ne formaient qu\u2019une Province. Mais \u00e0 partir de cette ann\u00e9e-l\u00e0, il y en eut deux, celle du Nord et celle du Sud. Celle du Nord comprenait quatre Vicariats. Vingt-cinq ans plus tard,\u2026","rel":"","context":"Dans &quot;\u00c9ph\u00e9m\u00e9rides vincentiens&quot;","block_context":{"text":"\u00c9ph\u00e9m\u00e9rides vincentiens","link":"https:\/\/vincentians.com\/fr\/category\/ephemerides-vincentiens\/"},"img":{"alt_text":"","src":"https:\/\/i0.wp.com\/vincentians.com\/fr\/wp-content\/uploads\/sites\/10\/2016\/07\/ephemerides-fb.jpg?fit=1200%2C630&ssl=1&resize=350%2C200","width":350,"height":200,"srcset":"https:\/\/i0.wp.com\/vincentians.com\/fr\/wp-content\/uploads\/sites\/10\/2016\/07\/ephemerides-fb.jpg?fit=1200%2C630&ssl=1&resize=350%2C200 1x, https:\/\/i0.wp.com\/vincentians.com\/fr\/wp-content\/uploads\/sites\/10\/2016\/07\/ephemerides-fb.jpg?fit=1200%2C630&ssl=1&resize=525%2C300 1.5x, https:\/\/i0.wp.com\/vincentians.com\/fr\/wp-content\/uploads\/sites\/10\/2016\/07\/ephemerides-fb.jpg?fit=1200%2C630&ssl=1&resize=700%2C400 2x, https:\/\/i0.wp.com\/vincentians.com\/fr\/wp-content\/uploads\/sites\/10\/2016\/07\/ephemerides-fb.jpg?fit=1200%2C630&ssl=1&resize=1050%2C600 3x"},"classes":[]},{"id":190570,"url":"https:\/\/vincentians.com\/fr\/ephemerides-24-juin\/","url_meta":{"origin":190590,"position":4},"title":"Eph\u00e9m\u00e9rides: 24 juin","author":"Francisco Javier Fern\u00e1ndez Chento","date":"24\/06\/2017","format":false,"excerpt":"1715. La M\u00e8re Jeanne Chevreau et les S\u0153urs offici\u00e8res signent le contrat d\u2019\u00e9tablissement de deux S\u0153urs sur les terres du prieur\u00e9 de Villenauxe la petite (pr\u00e8s de Nogent-sur-Seine) pour enseigner les petites filles et soigner les malades. En avril, le Roi Louis XIV avait sign\u00e9 les Lettres patentes autorisant cet\u2026","rel":"","context":"Dans &quot;\u00c9ph\u00e9m\u00e9rides vincentiens&quot;","block_context":{"text":"\u00c9ph\u00e9m\u00e9rides vincentiens","link":"https:\/\/vincentians.com\/fr\/category\/ephemerides-vincentiens\/"},"img":{"alt_text":"","src":"https:\/\/i0.wp.com\/vincentians.com\/fr\/wp-content\/uploads\/sites\/10\/2016\/07\/ephemerides-fb.jpg?fit=1200%2C630&ssl=1&resize=350%2C200","width":350,"height":200,"srcset":"https:\/\/i0.wp.com\/vincentians.com\/fr\/wp-content\/uploads\/sites\/10\/2016\/07\/ephemerides-fb.jpg?fit=1200%2C630&ssl=1&resize=350%2C200 1x, https:\/\/i0.wp.com\/vincentians.com\/fr\/wp-content\/uploads\/sites\/10\/2016\/07\/ephemerides-fb.jpg?fit=1200%2C630&ssl=1&resize=525%2C300 1.5x, https:\/\/i0.wp.com\/vincentians.com\/fr\/wp-content\/uploads\/sites\/10\/2016\/07\/ephemerides-fb.jpg?fit=1200%2C630&ssl=1&resize=700%2C400 2x, https:\/\/i0.wp.com\/vincentians.com\/fr\/wp-content\/uploads\/sites\/10\/2016\/07\/ephemerides-fb.jpg?fit=1200%2C630&ssl=1&resize=1050%2C600 3x"},"classes":[]},{"id":189321,"url":"https:\/\/vincentians.com\/fr\/ephemerides-17-juilliet\/","url_meta":{"origin":190590,"position":5},"title":"Eph\u00e9m\u00e9rides: 17 juilliet","author":"Francisco Javier Fern\u00e1ndez Chento","date":"17\/07\/2017","format":false,"excerpt":"1699. Monsieur Fran\u00e7ois de Lamoignon, seigneur de Basville, vient r\u00e9gulariser la situation des deux S\u0153urs \u00e9tablies sur ses terres et qui, depuis le 12 octobre 1689, assistent les malades de Saint Cheron et des hameaux environnants. Le contrat est sign\u00e9 devant notaire par lui-m\u00eame et M\u00e8re Julienne La Boue et\u2026","rel":"","context":"Dans &quot;\u00c9ph\u00e9m\u00e9rides vincentiens&quot;","block_context":{"text":"\u00c9ph\u00e9m\u00e9rides vincentiens","link":"https:\/\/vincentians.com\/fr\/category\/ephemerides-vincentiens\/"},"img":{"alt_text":"","src":"https:\/\/i0.wp.com\/vincentians.com\/fr\/wp-content\/uploads\/sites\/10\/2016\/07\/ephemerides-fb.jpg?fit=1200%2C630&ssl=1&resize=350%2C200","width":350,"height":200,"srcset":"https:\/\/i0.wp.com\/vincentians.com\/fr\/wp-content\/uploads\/sites\/10\/2016\/07\/ephemerides-fb.jpg?fit=1200%2C630&ssl=1&resize=350%2C200 1x, https:\/\/i0.wp.com\/vincentians.com\/fr\/wp-content\/uploads\/sites\/10\/2016\/07\/ephemerides-fb.jpg?fit=1200%2C630&ssl=1&resize=525%2C300 1.5x, https:\/\/i0.wp.com\/vincentians.com\/fr\/wp-content\/uploads\/sites\/10\/2016\/07\/ephemerides-fb.jpg?fit=1200%2C630&ssl=1&resize=700%2C400 2x, https:\/\/i0.wp.com\/vincentians.com\/fr\/wp-content\/uploads\/sites\/10\/2016\/07\/ephemerides-fb.jpg?fit=1200%2C630&ssl=1&resize=1050%2C600 3x"},"classes":[]}],"_links":{"self":[{"href":"https:\/\/vincentians.com\/fr\/wp-json\/wp\/v2\/posts\/190590","targetHints":{"allow":["GET"]}}],"collection":[{"href":"https:\/\/vincentians.com\/fr\/wp-json\/wp\/v2\/posts"}],"about":[{"href":"https:\/\/vincentians.com\/fr\/wp-json\/wp\/v2\/types\/post"}],"author":[{"embeddable":true,"href":"https:\/\/vincentians.com\/fr\/wp-json\/wp\/v2\/users\/4"}],"replies":[{"embeddable":true,"href":"https:\/\/vincentians.com\/fr\/wp-json\/wp\/v2\/comments?post=190590"}],"version-history":[{"count":0,"href":"https:\/\/vincentians.com\/fr\/wp-json\/wp\/v2\/posts\/190590\/revisions"}],"wp:featuredmedia":[{"embeddable":true,"href":"https:\/\/vincentians.com\/fr\/wp-json\/wp\/v2\/media\/149897"}],"wp:attachment":[{"href":"https:\/\/vincentians.com\/fr\/wp-json\/wp\/v2\/media?parent=190590"}],"wp:term":[{"taxonomy":"category","embeddable":true,"href":"https:\/\/vincentians.com\/fr\/wp-json\/wp\/v2\/categories?post=190590"},{"taxonomy":"post_tag","embeddable":true,"href":"https:\/\/vincentians.com\/fr\/wp-json\/wp\/v2\/tags?post=190590"}],"curies":[{"name":"wp","href":"https:\/\/api.w.org\/{rel}","templated":true}]}}