{"id":190587,"date":"2017-06-15T00:01:05","date_gmt":"2017-06-14T22:01:05","guid":{"rendered":"http:\/\/vincentians.com\/fr\/?p=190587"},"modified":"2016-08-11T22:24:35","modified_gmt":"2016-08-11T20:24:35","slug":"ephemerides-15-juin","status":"publish","type":"post","link":"https:\/\/vincentians.com\/fr\/ephemerides-15-juin\/","title":{"rendered":"Eph\u00e9m\u00e9rides: 15 juin"},"content":{"rendered":"<p><b>1623<\/b>. \u00c0 Bordeaux, c&rsquo;est aux environs de ce jour que Monsieur Vincent ach\u00e8ve de donner la mission aux gal\u00e9riens qui attendaient dans le port de la Gironde leur embarquement pour Marseille. Gr\u00e2ce au concours des communaut\u00e9s de la ville, Vincent put placer deux missionnaires sur chaque gal\u00e8re. Les for\u00e7ats, en grand nombre, firent leur confession g\u00e9n\u00e9rale\u00a0; il y eut m\u00eame un Turc qui se convertit. Apr\u00e8s la cl\u00f4ture de cette mission, Monsieur Vincent ira faire un dernier s\u00e9jour \u00e0 Pouy, son village natal (1).<\/p>\n<p><b>1822<\/b>. \u00c0 Rome, Pie VII accorde la facult\u00e9 aux Pr\u00eatres de la Mission, de r\u00e9citer l&rsquo;office et de c\u00e9l\u00e9brer la messe de Saint-Vincent, le 27 septembre (2).<\/p>\n<p><b>1900<\/b>. \u00c0 P\u00e9kin, au Si-tang, l&rsquo;\u00e9glise de l&rsquo;Ouest, le cur\u00e9, M. Maurice Dor\u00e9, meurt dans l&rsquo;incendie de son \u00e9glise. Dans son rapport sur les tragiques \u00e9v\u00e9nements de P\u00e9kin, en cette ann\u00e9e 1900, M. Boscat, procureur \u00e0 Shanghai, dit que les circonstances de la mort de M. Dor\u00e9 ne peuvent \u00eatre pr\u00e9cis\u00e9es\u00a0: alors qu&rsquo;il y priait, a-t-il \u00e9t\u00e9 cribl\u00e9 de coups dans sa chambre\u00a0? ou bien a-t-il \u00e9t\u00e9 \u00e0 la fois suffoqu\u00e9 par les flammes et frapp\u00e9 par les incendiaires 9 Plusieurs personnes ont affirm\u00e9 que les membres encore palpitants de M. Dor\u00e9 auraient \u00e9t\u00e9 amoncel\u00e9s sur le ma\u00eetre-autel du Sitang et auraient \u00e9t\u00e9 ainsi br\u00fbl\u00e9s \u00e0 l&rsquo;endroit o\u00f9 tous les jours il offrait le saint sacrifice&#8230; En tout cas, ce qui ne fait pas de doute, ce sont les dispositions de ce missionnaire qui, n\u00e9 \u00e0 Paris, le 15 mai 1862, \u00e9tait arriv\u00e9 en Chine le 16 octobre 1898, aussit\u00f4t apr\u00e8s son ordination, et qui, pendant douze ans, s&rsquo;\u00e9tait donn\u00e9 avec, ardeur \u00e0 sa t\u00e2che. Dans sa derni\u00e8re lettre dat\u00e9e du 20 mai, et qu&rsquo;il adressait \u00e0 sa s\u0153ur, il d\u00e9clarait\u00a0: \u00abTout fait croire que nous allons \u00eatre massacr\u00e9s et incendi\u00e9s&#8230; J&rsquo;attends avec confiance ce qu&rsquo;il plaira \u00e0 Dieu de faire de moi. Je ne m\u00e9rite, certes pas, la gr\u00e2ce de mourir pour son nom, car c&rsquo;est absolument de cela qu&rsquo;il s&rsquo;agit\u00a0; toutefois, s&rsquo;il daignait m&rsquo;accorder cette immense faveur, merci, mon Dieu\u00a0!\u00bb (3).<\/p>\n<p><b>1903<\/b>. \u00c0 Panningen, M. Gracieux, sup\u00e9rieur de Wernhout, signe l&rsquo;acte d&rsquo;achat de la propri\u00e9t\u00e9. Un embryon de s\u00e9minaire interne s&rsquo;\u00e9tait install\u00e9 pr\u00e8s de l&rsquo;\u00e9cole de Wernhout\u00a0; mais l&rsquo;espace vital s&rsquo;av\u00e9rait trop restreint. Le P\u00e8re Fiat avait depuis quelque temps charg\u00e9 M. Guillaume Meuffels de chercher un local, quand Mgr Drehmans, \u00e9v\u00eaque de Ruremonde, lui fit conna\u00eetre le d\u00e9sir des S\u0153urs Missionnaires du Pr\u00e9cieux Sang de c\u00e9der leur couvent de Panningen \u00e0 une autre Communaut\u00e9 (4).<\/p>\n<dl>\n<dd>1) Coste 1, pp. 147-148.<\/dd>\n<dd>2) Acta Apostolica, p. 236.<\/dd>\n<dd>3) Annales. t. 66, 1). 121\u00a0: t. 67, p. 223\u00a0; t. 93, pp. 167 sq. \u2014 Van den Brandt, Les Lazaristes en Chine, p. 115.<\/dd>\n<dd>4) Annales, t. 69, pp. 36-40\u00a0; t. 118, pp. 392-408.<\/dd>\n<\/dl>\n","protected":false},"excerpt":{"rendered":"<p>1623. \u00c0 Bordeaux, c&rsquo;est aux environs de ce jour que Monsieur Vincent ach\u00e8ve de donner la mission aux gal\u00e9riens qui attendaient dans le port de la Gironde leur embarquement pour Marseille. Gr\u00e2ce au concours des &#8230; <a href=\"https:\/\/vincentians.com\/fr\/ephemerides-15-juin\/\" class=\"more-link\">Read More<\/a><\/p>\n","protected":false},"author":4,"featured_media":149897,"comment_status":"open","ping_status":"open","sticky":false,"template":"","format":"standard","meta":{"jetpack_post_was_ever_published":false,"_jetpack_newsletter_access":"","_jetpack_dont_email_post_to_subs":false,"_jetpack_newsletter_tier_id":0,"_jetpack_memberships_contains_paywalled_content":false,"_jetpack_memberships_contains_paid_content":false,"footnotes":"","jetpack_publicize_message":"","jetpack_publicize_feature_enabled":true,"jetpack_social_post_already_shared":true,"jetpack_social_options":{"image_generator_settings":{"template":"highway","default_image_id":0,"font":"","enabled":false},"version":2}},"categories":[119],"tags":[],"class_list":["post-190587","post","type-post","status-publish","format-standard","has-post-thumbnail","hentry","category-ephemerides-vincentiens"],"yoast_head":"<!-- This site is optimized with the Yoast SEO plugin v26.3 - https:\/\/yoast.com\/wordpress\/plugins\/seo\/ -->\n<title>Eph\u00e9m\u00e9rides: 15 juin - Nous Sommes Vincentiens<\/title>\n<meta name=\"robots\" content=\"index, follow, max-snippet:-1, max-image-preview:large, max-video-preview:-1\" \/>\n<link rel=\"canonical\" href=\"https:\/\/vincentians.com\/fr\/ephemerides-15-juin\/\" \/>\n<meta property=\"og:locale\" content=\"fr_FR\" \/>\n<meta property=\"og:type\" content=\"article\" \/>\n<meta property=\"og:title\" content=\"Eph\u00e9m\u00e9rides: 15 juin - Nous Sommes Vincentiens\" \/>\n<meta property=\"og:description\" content=\"1623. \u00c0 Bordeaux, c&rsquo;est aux environs de ce jour que Monsieur Vincent ach\u00e8ve de donner la mission aux gal\u00e9riens qui attendaient dans le port de la Gironde leur embarquement pour Marseille. Gr\u00e2ce au concours des ... Read More\" \/>\n<meta property=\"og:url\" content=\"https:\/\/vincentians.com\/fr\/ephemerides-15-juin\/\" \/>\n<meta property=\"og:site_name\" content=\"Nous Sommes Vincentiens\" \/>\n<meta property=\"article:publisher\" content=\"https:\/\/www.facebook.com\/WeAreVincentians\/\" \/>\n<meta property=\"article:author\" content=\"https:\/\/www.facebook.com\/JavierChento\" \/>\n<meta property=\"article:published_time\" content=\"2017-06-14T22:01:05+00:00\" \/>\n<meta property=\"og:image\" content=\"https:\/\/i0.wp.com\/vincentians.com\/fr\/wp-content\/uploads\/sites\/10\/2016\/07\/ephemerides-fb.jpg?fit=1200%2C630&ssl=1\" \/>\n\t<meta property=\"og:image:width\" content=\"1200\" \/>\n\t<meta property=\"og:image:height\" content=\"630\" \/>\n\t<meta property=\"og:image:type\" content=\"image\/jpeg\" \/>\n<meta name=\"author\" content=\"Francisco Javier Fern\u00e1ndez Chento\" \/>\n<meta name=\"twitter:card\" content=\"summary_large_image\" \/>\n<meta name=\"twitter:creator\" content=\"@https:\/\/twitter.com\/javierchento\" \/>\n<meta name=\"twitter:site\" content=\"@WeVincentians\" \/>\n<meta name=\"twitter:label1\" content=\"\u00c9crit par\" \/>\n\t<meta name=\"twitter:data1\" content=\"Francisco Javier Fern\u00e1ndez Chento\" \/>\n\t<meta name=\"twitter:label2\" content=\"Dur\u00e9e de lecture estim\u00e9e\" \/>\n\t<meta name=\"twitter:data2\" content=\"2 minutes\" \/>\n<script type=\"application\/ld+json\" class=\"yoast-schema-graph\">{\"@context\":\"https:\/\/schema.org\",\"@graph\":[{\"@type\":\"WebPage\",\"@id\":\"https:\/\/vincentians.com\/fr\/ephemerides-15-juin\/\",\"url\":\"https:\/\/vincentians.com\/fr\/ephemerides-15-juin\/\",\"name\":\"Eph\u00e9m\u00e9rides: 15 juin - Nous Sommes Vincentiens\",\"isPartOf\":{\"@id\":\"https:\/\/vincentians.com\/fr\/#website\"},\"primaryImageOfPage\":{\"@id\":\"https:\/\/vincentians.com\/fr\/ephemerides-15-juin\/#primaryimage\"},\"image\":{\"@id\":\"https:\/\/vincentians.com\/fr\/ephemerides-15-juin\/#primaryimage\"},\"thumbnailUrl\":\"https:\/\/i0.wp.com\/vincentians.com\/fr\/wp-content\/uploads\/sites\/10\/2016\/07\/ephemerides-fb.jpg?fit=1200%2C630&ssl=1\",\"datePublished\":\"2017-06-14T22:01:05+00:00\",\"author\":{\"@id\":\"https:\/\/vincentians.com\/fr\/#\/schema\/person\/9623ef4d9aa3b2dfb8c061f1499288f2\"},\"breadcrumb\":{\"@id\":\"https:\/\/vincentians.com\/fr\/ephemerides-15-juin\/#breadcrumb\"},\"inLanguage\":\"fr-FR\",\"potentialAction\":[{\"@type\":\"ReadAction\",\"target\":[\"https:\/\/vincentians.com\/fr\/ephemerides-15-juin\/\"]}]},{\"@type\":\"ImageObject\",\"inLanguage\":\"fr-FR\",\"@id\":\"https:\/\/vincentians.com\/fr\/ephemerides-15-juin\/#primaryimage\",\"url\":\"https:\/\/i0.wp.com\/vincentians.com\/fr\/wp-content\/uploads\/sites\/10\/2016\/07\/ephemerides-fb.jpg?fit=1200%2C630&ssl=1\",\"contentUrl\":\"https:\/\/i0.wp.com\/vincentians.com\/fr\/wp-content\/uploads\/sites\/10\/2016\/07\/ephemerides-fb.jpg?fit=1200%2C630&ssl=1\",\"width\":1200,\"height\":630},{\"@type\":\"BreadcrumbList\",\"@id\":\"https:\/\/vincentians.com\/fr\/ephemerides-15-juin\/#breadcrumb\",\"itemListElement\":[{\"@type\":\"ListItem\",\"position\":1,\"name\":\"Portada\",\"item\":\"https:\/\/vincentians.com\/fr\/\"},{\"@type\":\"ListItem\",\"position\":2,\"name\":\"Eph\u00e9m\u00e9rides: 15 juin\"}]},{\"@type\":\"WebSite\",\"@id\":\"https:\/\/vincentians.com\/fr\/#website\",\"url\":\"https:\/\/vincentians.com\/fr\/\",\"name\":\"Nous Sommes Vincentiens\",\"description\":\"Know more to serve more\",\"potentialAction\":[{\"@type\":\"SearchAction\",\"target\":{\"@type\":\"EntryPoint\",\"urlTemplate\":\"https:\/\/vincentians.com\/fr\/?s={search_term_string}\"},\"query-input\":{\"@type\":\"PropertyValueSpecification\",\"valueRequired\":true,\"valueName\":\"search_term_string\"}}],\"inLanguage\":\"fr-FR\"},{\"@type\":\"Person\",\"@id\":\"https:\/\/vincentians.com\/fr\/#\/schema\/person\/9623ef4d9aa3b2dfb8c061f1499288f2\",\"name\":\"Francisco Javier Fern\u00e1ndez Chento\",\"image\":{\"@type\":\"ImageObject\",\"inLanguage\":\"fr-FR\",\"@id\":\"https:\/\/vincentians.com\/fr\/#\/schema\/person\/image\/\",\"url\":\"https:\/\/secure.gravatar.com\/avatar\/497d5cde87b4c3d097d0315953521681ba2cd523ee66e5077c3711f7021e65de?s=96&d=mm&r=g\",\"contentUrl\":\"https:\/\/secure.gravatar.com\/avatar\/497d5cde87b4c3d097d0315953521681ba2cd523ee66e5077c3711f7021e65de?s=96&d=mm&r=g\",\"caption\":\"Francisco Javier Fern\u00e1ndez Chento\"},\"description\":\"Director General y cofundador de La Red de Formaci\u00f3n Vicenciana. Javier es laico vicenciano, afiliado a la Congregaci\u00f3n de la Misi\u00f3n y miembro del Equipo de Misiones Populares de la provincia can\u00f3nica de Zaragoza (Espa\u00f1a) de la Congregaci\u00f3n de la Misi\u00f3n. Graduado en la Universidad Oberta de Catalunya con cuatro grados (Asistente de direcci\u00f3n, Gesti\u00f3n Administrativa, Recursos Humanos y Contabilidad Avanzada). Bil\u00edng\u00fce Espa\u00f1ol\/Ingl\u00e9s. gestiona y mantiene varias p\u00e1ginas web cristianas y vicencianas, incluida including La Red de Formaci\u00f3n Vicenciana, de la que es cofundador. Actualmente es responsable del \u00e1rea de Espa\u00f1ol de .famvin, la Red de Noticias de la Familia Vicenciana. Tambi\u00e9n es m\u00fasico cat\u00f3lico y ha editado varios discos. Es Director General y cofundador de Trovador, una reconocida compa\u00f1\u00eda discogr\u00e1fica critiana de Espa\u00f1a. Trabaja en las Tecnolog\u00edas de la Informaci\u00f3n, ofreciendo servicios de alojamiento, dise\u00f1o y mantenimiento Web, as\u00ed como asesoramiento, formaci\u00f3n y soluciones inform\u00e1ticas, gesti\u00f3n documental y digitalizaci\u00f3n de textos, edici\u00f3n y maquetaci\u00f3n de libros, revistas, flyers, etc.\",\"sameAs\":[\"http:\/\/chento.org\",\"https:\/\/www.facebook.com\/JavierChento\",\"https:\/\/x.com\/https:\/\/twitter.com\/javierchento\"],\"url\":\"https:\/\/vincentians.com\/fr\/author\/chento\/\"}]}<\/script>\n<!-- \/ Yoast SEO plugin. -->","yoast_head_json":{"title":"Eph\u00e9m\u00e9rides: 15 juin - Nous Sommes Vincentiens","robots":{"index":"index","follow":"follow","max-snippet":"max-snippet:-1","max-image-preview":"max-image-preview:large","max-video-preview":"max-video-preview:-1"},"canonical":"https:\/\/vincentians.com\/fr\/ephemerides-15-juin\/","og_locale":"fr_FR","og_type":"article","og_title":"Eph\u00e9m\u00e9rides: 15 juin - Nous Sommes Vincentiens","og_description":"1623. \u00c0 Bordeaux, c&rsquo;est aux environs de ce jour que Monsieur Vincent ach\u00e8ve de donner la mission aux gal\u00e9riens qui attendaient dans le port de la Gironde leur embarquement pour Marseille. Gr\u00e2ce au concours des ... Read More","og_url":"https:\/\/vincentians.com\/fr\/ephemerides-15-juin\/","og_site_name":"Nous Sommes Vincentiens","article_publisher":"https:\/\/www.facebook.com\/WeAreVincentians\/","article_author":"https:\/\/www.facebook.com\/JavierChento","article_published_time":"2017-06-14T22:01:05+00:00","og_image":[{"width":1200,"height":630,"url":"https:\/\/i0.wp.com\/vincentians.com\/fr\/wp-content\/uploads\/sites\/10\/2016\/07\/ephemerides-fb.jpg?fit=1200%2C630&ssl=1","type":"image\/jpeg"}],"author":"Francisco Javier Fern\u00e1ndez Chento","twitter_card":"summary_large_image","twitter_creator":"@https:\/\/twitter.com\/javierchento","twitter_site":"@WeVincentians","twitter_misc":{"\u00c9crit par":"Francisco Javier Fern\u00e1ndez Chento","Dur\u00e9e de lecture estim\u00e9e":"2 minutes"},"schema":{"@context":"https:\/\/schema.org","@graph":[{"@type":"WebPage","@id":"https:\/\/vincentians.com\/fr\/ephemerides-15-juin\/","url":"https:\/\/vincentians.com\/fr\/ephemerides-15-juin\/","name":"Eph\u00e9m\u00e9rides: 15 juin - Nous Sommes Vincentiens","isPartOf":{"@id":"https:\/\/vincentians.com\/fr\/#website"},"primaryImageOfPage":{"@id":"https:\/\/vincentians.com\/fr\/ephemerides-15-juin\/#primaryimage"},"image":{"@id":"https:\/\/vincentians.com\/fr\/ephemerides-15-juin\/#primaryimage"},"thumbnailUrl":"https:\/\/i0.wp.com\/vincentians.com\/fr\/wp-content\/uploads\/sites\/10\/2016\/07\/ephemerides-fb.jpg?fit=1200%2C630&ssl=1","datePublished":"2017-06-14T22:01:05+00:00","author":{"@id":"https:\/\/vincentians.com\/fr\/#\/schema\/person\/9623ef4d9aa3b2dfb8c061f1499288f2"},"breadcrumb":{"@id":"https:\/\/vincentians.com\/fr\/ephemerides-15-juin\/#breadcrumb"},"inLanguage":"fr-FR","potentialAction":[{"@type":"ReadAction","target":["https:\/\/vincentians.com\/fr\/ephemerides-15-juin\/"]}]},{"@type":"ImageObject","inLanguage":"fr-FR","@id":"https:\/\/vincentians.com\/fr\/ephemerides-15-juin\/#primaryimage","url":"https:\/\/i0.wp.com\/vincentians.com\/fr\/wp-content\/uploads\/sites\/10\/2016\/07\/ephemerides-fb.jpg?fit=1200%2C630&ssl=1","contentUrl":"https:\/\/i0.wp.com\/vincentians.com\/fr\/wp-content\/uploads\/sites\/10\/2016\/07\/ephemerides-fb.jpg?fit=1200%2C630&ssl=1","width":1200,"height":630},{"@type":"BreadcrumbList","@id":"https:\/\/vincentians.com\/fr\/ephemerides-15-juin\/#breadcrumb","itemListElement":[{"@type":"ListItem","position":1,"name":"Portada","item":"https:\/\/vincentians.com\/fr\/"},{"@type":"ListItem","position":2,"name":"Eph\u00e9m\u00e9rides: 15 juin"}]},{"@type":"WebSite","@id":"https:\/\/vincentians.com\/fr\/#website","url":"https:\/\/vincentians.com\/fr\/","name":"Nous Sommes Vincentiens","description":"Know more to serve more","potentialAction":[{"@type":"SearchAction","target":{"@type":"EntryPoint","urlTemplate":"https:\/\/vincentians.com\/fr\/?s={search_term_string}"},"query-input":{"@type":"PropertyValueSpecification","valueRequired":true,"valueName":"search_term_string"}}],"inLanguage":"fr-FR"},{"@type":"Person","@id":"https:\/\/vincentians.com\/fr\/#\/schema\/person\/9623ef4d9aa3b2dfb8c061f1499288f2","name":"Francisco Javier Fern\u00e1ndez Chento","image":{"@type":"ImageObject","inLanguage":"fr-FR","@id":"https:\/\/vincentians.com\/fr\/#\/schema\/person\/image\/","url":"https:\/\/secure.gravatar.com\/avatar\/497d5cde87b4c3d097d0315953521681ba2cd523ee66e5077c3711f7021e65de?s=96&d=mm&r=g","contentUrl":"https:\/\/secure.gravatar.com\/avatar\/497d5cde87b4c3d097d0315953521681ba2cd523ee66e5077c3711f7021e65de?s=96&d=mm&r=g","caption":"Francisco Javier Fern\u00e1ndez Chento"},"description":"Director General y cofundador de La Red de Formaci\u00f3n Vicenciana. Javier es laico vicenciano, afiliado a la Congregaci\u00f3n de la Misi\u00f3n y miembro del Equipo de Misiones Populares de la provincia can\u00f3nica de Zaragoza (Espa\u00f1a) de la Congregaci\u00f3n de la Misi\u00f3n. Graduado en la Universidad Oberta de Catalunya con cuatro grados (Asistente de direcci\u00f3n, Gesti\u00f3n Administrativa, Recursos Humanos y Contabilidad Avanzada). Bil\u00edng\u00fce Espa\u00f1ol\/Ingl\u00e9s. gestiona y mantiene varias p\u00e1ginas web cristianas y vicencianas, incluida including La Red de Formaci\u00f3n Vicenciana, de la que es cofundador. Actualmente es responsable del \u00e1rea de Espa\u00f1ol de .famvin, la Red de Noticias de la Familia Vicenciana. Tambi\u00e9n es m\u00fasico cat\u00f3lico y ha editado varios discos. Es Director General y cofundador de Trovador, una reconocida compa\u00f1\u00eda discogr\u00e1fica critiana de Espa\u00f1a. Trabaja en las Tecnolog\u00edas de la Informaci\u00f3n, ofreciendo servicios de alojamiento, dise\u00f1o y mantenimiento Web, as\u00ed como asesoramiento, formaci\u00f3n y soluciones inform\u00e1ticas, gesti\u00f3n documental y digitalizaci\u00f3n de textos, edici\u00f3n y maquetaci\u00f3n de libros, revistas, flyers, etc.","sameAs":["http:\/\/chento.org","https:\/\/www.facebook.com\/JavierChento","https:\/\/x.com\/https:\/\/twitter.com\/javierchento"],"url":"https:\/\/vincentians.com\/fr\/author\/chento\/"}]}},"jetpack_publicize_connections":[],"jetpack_featured_media_url":"https:\/\/i0.wp.com\/vincentians.com\/fr\/wp-content\/uploads\/sites\/10\/2016\/07\/ephemerides-fb.jpg?fit=1200%2C630&ssl=1","jetpack_sharing_enabled":true,"jetpack_shortlink":"https:\/\/wp.me\/p7ETMP-NzZ","jetpack-related-posts":[{"id":190585,"url":"https:\/\/vincentians.com\/fr\/ephemerides-14-juin\/","url_meta":{"origin":190587,"position":0},"title":"Eph\u00e9m\u00e9rides: 14 juin","author":"Francisco Javier Fern\u00e1ndez Chento","date":"14\/06\/2017","format":false,"excerpt":"1640. Mgr d'Elb\u00e8ne, \u00e9v\u00eaque d'Agen, unit \u00e0 la Congr\u00e9gation de la Mission, la chapelle de Notre-Dame de la Rose, situ\u00e9e sur les terres de la duchesse d'Aiguillon, dans l'actuel Lot-et-Garonne. Le contrat demande cinq pr\u00eatres\u00a0: deux pour assurer le service de la chapelle redevenue depuis 1624 un lieu de p\u00e8lerinage\u2026","rel":"","context":"Dans &quot;\u00c9ph\u00e9m\u00e9rides vincentiens&quot;","block_context":{"text":"\u00c9ph\u00e9m\u00e9rides vincentiens","link":"https:\/\/vincentians.com\/fr\/category\/ephemerides-vincentiens\/"},"img":{"alt_text":"","src":"https:\/\/i0.wp.com\/vincentians.com\/fr\/wp-content\/uploads\/sites\/10\/2016\/07\/ephemerides-fb.jpg?fit=1200%2C630&ssl=1&resize=350%2C200","width":350,"height":200,"srcset":"https:\/\/i0.wp.com\/vincentians.com\/fr\/wp-content\/uploads\/sites\/10\/2016\/07\/ephemerides-fb.jpg?fit=1200%2C630&ssl=1&resize=350%2C200 1x, https:\/\/i0.wp.com\/vincentians.com\/fr\/wp-content\/uploads\/sites\/10\/2016\/07\/ephemerides-fb.jpg?fit=1200%2C630&ssl=1&resize=525%2C300 1.5x, https:\/\/i0.wp.com\/vincentians.com\/fr\/wp-content\/uploads\/sites\/10\/2016\/07\/ephemerides-fb.jpg?fit=1200%2C630&ssl=1&resize=700%2C400 2x, https:\/\/i0.wp.com\/vincentians.com\/fr\/wp-content\/uploads\/sites\/10\/2016\/07\/ephemerides-fb.jpg?fit=1200%2C630&ssl=1&resize=1050%2C600 3x"},"classes":[]},{"id":104137,"url":"https:\/\/vincentians.com\/fr\/ephemerides-2-novembre\/","url_meta":{"origin":190587,"position":1},"title":"Eph\u00e9m\u00e9rides: 2 novembre","author":"Francisco Javier Fern\u00e1ndez Chento","date":"02\/11\/2016","format":false,"excerpt":"1651. \u00c0 Varsovie, c\u2019est dans les d\u00e9buts de novembre qu\u2019arrive la premi\u00e8re \u00e9quipe missionnaire envoy\u00e9e par Monsieur Vincent lui-m\u00eame. Il r\u00e9pond de la sorte \u00e0 une lettre de la reine Louise-Marie de Gonzague qui l\u2019a suppli\u00e9 de donner quelques-uns de ses fils \u00e0 la Pologne. Avant son mariage avec le\u2026","rel":"","context":"Dans &quot;\u00c9ph\u00e9m\u00e9rides vincentiens&quot;","block_context":{"text":"\u00c9ph\u00e9m\u00e9rides vincentiens","link":"https:\/\/vincentians.com\/fr\/category\/ephemerides-vincentiens\/"},"img":{"alt_text":"","src":"https:\/\/i0.wp.com\/vincentians.com\/fr\/wp-content\/uploads\/sites\/10\/2016\/07\/ephemerides-fb.jpg?fit=1200%2C630&ssl=1&resize=350%2C200","width":350,"height":200,"srcset":"https:\/\/i0.wp.com\/vincentians.com\/fr\/wp-content\/uploads\/sites\/10\/2016\/07\/ephemerides-fb.jpg?fit=1200%2C630&ssl=1&resize=350%2C200 1x, https:\/\/i0.wp.com\/vincentians.com\/fr\/wp-content\/uploads\/sites\/10\/2016\/07\/ephemerides-fb.jpg?fit=1200%2C630&ssl=1&resize=525%2C300 1.5x, https:\/\/i0.wp.com\/vincentians.com\/fr\/wp-content\/uploads\/sites\/10\/2016\/07\/ephemerides-fb.jpg?fit=1200%2C630&ssl=1&resize=700%2C400 2x, https:\/\/i0.wp.com\/vincentians.com\/fr\/wp-content\/uploads\/sites\/10\/2016\/07\/ephemerides-fb.jpg?fit=1200%2C630&ssl=1&resize=1050%2C600 3x"},"classes":[]},{"id":190396,"url":"https:\/\/vincentians.com\/fr\/ephemerides-17-avril\/","url_meta":{"origin":190587,"position":2},"title":"Eph\u00e9m\u00e9rides : 17 avril","author":"Francisco Javier Fern\u00e1ndez Chento","date":"17\/04\/2017","format":false,"excerpt":"1625. \u00c0 Paris , l'apr\u00e8s-midi de ce jour et dans leur h\u00f4tel de la rue Pav\u00e9e, sur la paroisse Saint-Sauveur, M. et Mme de Gondy signent, par-devant notaires, le contrat de fondation de la Congr\u00e9gation de la Mission (1). 1628. \u00c0 Paris , devant le tribunal dioc\u00e9sain, Monsieur Vincent, fait\u2026","rel":"","context":"Dans &quot;\u00c9ph\u00e9m\u00e9rides vincentiens&quot;","block_context":{"text":"\u00c9ph\u00e9m\u00e9rides vincentiens","link":"https:\/\/vincentians.com\/fr\/category\/ephemerides-vincentiens\/"},"img":{"alt_text":"","src":"https:\/\/i0.wp.com\/vincentians.com\/fr\/wp-content\/uploads\/sites\/10\/2016\/07\/ephemerides-fb.jpg?fit=1200%2C630&ssl=1&resize=350%2C200","width":350,"height":200,"srcset":"https:\/\/i0.wp.com\/vincentians.com\/fr\/wp-content\/uploads\/sites\/10\/2016\/07\/ephemerides-fb.jpg?fit=1200%2C630&ssl=1&resize=350%2C200 1x, https:\/\/i0.wp.com\/vincentians.com\/fr\/wp-content\/uploads\/sites\/10\/2016\/07\/ephemerides-fb.jpg?fit=1200%2C630&ssl=1&resize=525%2C300 1.5x, https:\/\/i0.wp.com\/vincentians.com\/fr\/wp-content\/uploads\/sites\/10\/2016\/07\/ephemerides-fb.jpg?fit=1200%2C630&ssl=1&resize=700%2C400 2x, https:\/\/i0.wp.com\/vincentians.com\/fr\/wp-content\/uploads\/sites\/10\/2016\/07\/ephemerides-fb.jpg?fit=1200%2C630&ssl=1&resize=1050%2C600 3x"},"classes":[]},{"id":105532,"url":"https:\/\/vincentians.com\/fr\/ephemerides-15-janvier\/","url_meta":{"origin":190587,"position":3},"title":"Eph\u00e9m\u00e9rides: 15 janvier","author":"Francisco Javier Fern\u00e1ndez Chento","date":"15\/01\/2017","format":false,"excerpt":"1947. \u00c0 Shanghai, M. Paul Legris\u00a0: il partit en Chine, sit\u00f4t son ordination, en 1894, et, apr\u00e8s avoir solidement travaill\u00e9 pendant vingt-six ans dans le Kiang-si, il fut nomm\u00e9 visiteur de la Chine m\u00e9ridionale et directeur des Filles de la Charit\u00e9 pour toute la Chine. Il donna sa d\u00e9mission en\u2026","rel":"","context":"Dans &quot;\u00c9ph\u00e9m\u00e9rides vincentiens&quot;","block_context":{"text":"\u00c9ph\u00e9m\u00e9rides vincentiens","link":"https:\/\/vincentians.com\/fr\/category\/ephemerides-vincentiens\/"},"img":{"alt_text":"","src":"https:\/\/i0.wp.com\/vincentians.com\/fr\/wp-content\/uploads\/sites\/10\/2016\/07\/ephemerides-fb.jpg?fit=1200%2C630&ssl=1&resize=350%2C200","width":350,"height":200,"srcset":"https:\/\/i0.wp.com\/vincentians.com\/fr\/wp-content\/uploads\/sites\/10\/2016\/07\/ephemerides-fb.jpg?fit=1200%2C630&ssl=1&resize=350%2C200 1x, https:\/\/i0.wp.com\/vincentians.com\/fr\/wp-content\/uploads\/sites\/10\/2016\/07\/ephemerides-fb.jpg?fit=1200%2C630&ssl=1&resize=525%2C300 1.5x, https:\/\/i0.wp.com\/vincentians.com\/fr\/wp-content\/uploads\/sites\/10\/2016\/07\/ephemerides-fb.jpg?fit=1200%2C630&ssl=1&resize=700%2C400 2x, https:\/\/i0.wp.com\/vincentians.com\/fr\/wp-content\/uploads\/sites\/10\/2016\/07\/ephemerides-fb.jpg?fit=1200%2C630&ssl=1&resize=1050%2C600 3x"},"classes":[]},{"id":107802,"url":"https:\/\/vincentians.com\/fr\/ephemerides-25-janvier\/","url_meta":{"origin":190587,"position":4},"title":"Eph\u00e9m\u00e9rides: 25 janvier","author":"Francisco Javier Fern\u00e1ndez Chento","date":"25\/01\/2017","format":false,"excerpt":"En 1617, \u00e0 Folleville , au dioc\u00e8se d'Amiens, Monsieur Vincent pr\u00eache ce qu'il a lui-m\u00eame appel\u00e9 \u00able premier sermon de la mission , et le succ\u00e8s que Dieu lui donna le jour de la Conversion de saint Paul: ce que Dieu ne fit pas sans dessein en un tel jour.\u00bb.\u2026","rel":"","context":"Dans &quot;\u00c9ph\u00e9m\u00e9rides vincentiens&quot;","block_context":{"text":"\u00c9ph\u00e9m\u00e9rides vincentiens","link":"https:\/\/vincentians.com\/fr\/category\/ephemerides-vincentiens\/"},"img":{"alt_text":"","src":"https:\/\/i0.wp.com\/vincentians.com\/fr\/wp-content\/uploads\/sites\/10\/2016\/07\/ephemerides-fb.jpg?fit=1200%2C630&ssl=1&resize=350%2C200","width":350,"height":200,"srcset":"https:\/\/i0.wp.com\/vincentians.com\/fr\/wp-content\/uploads\/sites\/10\/2016\/07\/ephemerides-fb.jpg?fit=1200%2C630&ssl=1&resize=350%2C200 1x, https:\/\/i0.wp.com\/vincentians.com\/fr\/wp-content\/uploads\/sites\/10\/2016\/07\/ephemerides-fb.jpg?fit=1200%2C630&ssl=1&resize=525%2C300 1.5x, https:\/\/i0.wp.com\/vincentians.com\/fr\/wp-content\/uploads\/sites\/10\/2016\/07\/ephemerides-fb.jpg?fit=1200%2C630&ssl=1&resize=700%2C400 2x, https:\/\/i0.wp.com\/vincentians.com\/fr\/wp-content\/uploads\/sites\/10\/2016\/07\/ephemerides-fb.jpg?fit=1200%2C630&ssl=1&resize=1050%2C600 3x"},"classes":[]},{"id":190569,"url":"https:\/\/vincentians.com\/fr\/ephemerides-23-juin\/","url_meta":{"origin":190587,"position":5},"title":"Eph\u00e9m\u00e9rides: 23 juin","author":"Francisco Javier Fern\u00e1ndez Chento","date":"23\/06\/2017","format":false,"excerpt":"1604. \u00c0 l'\u00e2ge de 24 ans, Fran\u00e7oise-Marguerite de Silly \u00e9pousait le G\u00e9n\u00e9ral des Gal\u00e8res, Philippe-Enimanuel de Gondi\u00a0; et les fils qui naquirent de leur union furent la raison des premi\u00e8res relations de Monsieur Vincent avec Mme de Gondi. Cette m\u00e8re selon le c\u0153ur de Dieu disait\u00a0: \u00abJe souhaite bien plus\u2026","rel":"","context":"Dans &quot;\u00c9ph\u00e9m\u00e9rides vincentiens&quot;","block_context":{"text":"\u00c9ph\u00e9m\u00e9rides vincentiens","link":"https:\/\/vincentians.com\/fr\/category\/ephemerides-vincentiens\/"},"img":{"alt_text":"","src":"https:\/\/i0.wp.com\/vincentians.com\/fr\/wp-content\/uploads\/sites\/10\/2016\/07\/ephemerides-fb.jpg?fit=1200%2C630&ssl=1&resize=350%2C200","width":350,"height":200,"srcset":"https:\/\/i0.wp.com\/vincentians.com\/fr\/wp-content\/uploads\/sites\/10\/2016\/07\/ephemerides-fb.jpg?fit=1200%2C630&ssl=1&resize=350%2C200 1x, https:\/\/i0.wp.com\/vincentians.com\/fr\/wp-content\/uploads\/sites\/10\/2016\/07\/ephemerides-fb.jpg?fit=1200%2C630&ssl=1&resize=525%2C300 1.5x, https:\/\/i0.wp.com\/vincentians.com\/fr\/wp-content\/uploads\/sites\/10\/2016\/07\/ephemerides-fb.jpg?fit=1200%2C630&ssl=1&resize=700%2C400 2x, https:\/\/i0.wp.com\/vincentians.com\/fr\/wp-content\/uploads\/sites\/10\/2016\/07\/ephemerides-fb.jpg?fit=1200%2C630&ssl=1&resize=1050%2C600 3x"},"classes":[]}],"_links":{"self":[{"href":"https:\/\/vincentians.com\/fr\/wp-json\/wp\/v2\/posts\/190587","targetHints":{"allow":["GET"]}}],"collection":[{"href":"https:\/\/vincentians.com\/fr\/wp-json\/wp\/v2\/posts"}],"about":[{"href":"https:\/\/vincentians.com\/fr\/wp-json\/wp\/v2\/types\/post"}],"author":[{"embeddable":true,"href":"https:\/\/vincentians.com\/fr\/wp-json\/wp\/v2\/users\/4"}],"replies":[{"embeddable":true,"href":"https:\/\/vincentians.com\/fr\/wp-json\/wp\/v2\/comments?post=190587"}],"version-history":[{"count":0,"href":"https:\/\/vincentians.com\/fr\/wp-json\/wp\/v2\/posts\/190587\/revisions"}],"wp:featuredmedia":[{"embeddable":true,"href":"https:\/\/vincentians.com\/fr\/wp-json\/wp\/v2\/media\/149897"}],"wp:attachment":[{"href":"https:\/\/vincentians.com\/fr\/wp-json\/wp\/v2\/media?parent=190587"}],"wp:term":[{"taxonomy":"category","embeddable":true,"href":"https:\/\/vincentians.com\/fr\/wp-json\/wp\/v2\/categories?post=190587"},{"taxonomy":"post_tag","embeddable":true,"href":"https:\/\/vincentians.com\/fr\/wp-json\/wp\/v2\/tags?post=190587"}],"curies":[{"name":"wp","href":"https:\/\/api.w.org\/{rel}","templated":true}]}}