{"id":190585,"date":"2017-06-14T00:01:05","date_gmt":"2017-06-13T22:01:05","guid":{"rendered":"http:\/\/vincentians.com\/fr\/?p=190585"},"modified":"2016-08-11T22:24:12","modified_gmt":"2016-08-11T20:24:12","slug":"ephemerides-14-juin","status":"publish","type":"post","link":"https:\/\/vincentians.com\/fr\/ephemerides-14-juin\/","title":{"rendered":"Eph\u00e9m\u00e9rides: 14 juin"},"content":{"rendered":"<p><b>1640<\/b>. Mgr d&rsquo;Elb\u00e8ne, \u00e9v\u00eaque d&rsquo;Agen, unit \u00e0 la Congr\u00e9gation de la Mission, la chapelle de Notre-Dame de la Rose, situ\u00e9e sur les terres de la duchesse d&rsquo;Aiguillon, dans l&rsquo;actuel Lot-et-Garonne. Le contrat demande cinq pr\u00eatres\u00a0: deux pour assurer le service de la chapelle redevenue depuis 1624 un lieu de p\u00e8lerinage fr\u00e9quent\u00e9, et trois autres confr\u00e8res pour pr\u00eacher des missions dans le dioc\u00e8se et le duch\u00e9 d&rsquo;Aiguillon. L&rsquo;\u00e9v\u00eaque comptait aussi sur eux pour les retraites aux ordinands (1).<\/p>\n<p><b>1644<\/b>. \u00c0 Paris, Louis XIV approuve la donation, faite \u00e0 Monsieur Vincent par Louis XIII, d&rsquo;une somme de 64.000 livres pour les missions, dont 24.000 pour Sedan (2).<\/p>\n<p><b>1881<\/b>. \u00c0 Montmartre, dans la chapelle provisoire, b\u00e2tie pr\u00e8s du chantier d&rsquo;o\u00f9 commence \u00e0 surgir la basilique, le Tr\u00e8s Honor\u00e9 P\u00e8re Fiat c\u00e9l\u00e8bre la messe en pr\u00e9sence des \u00e9tudiants et des s\u00e9minaristes de la Mission, puis il remet au sup\u00e9rieur des chapelains une offrande au nom de toute la Congr\u00e9gation. Cette messe et ce don sont le pr\u00e9lude \u00e0 la cons\u00e9cration solennelle qui va, dans quelques jours, \u00eatre faite, des deux familles de saint Vincent au C\u0153ur sacr\u00e9 de J\u00e9sus (3).<\/p>\n<p><b>1891<\/b>. \u00c0 Paris, dans la chapelle de la Maison-M\u00e8re, le cardinal Richard, assist\u00e9 de Mgr Thomas, Lazariste, et de Mgr Duboin, Spiritain, conf\u00e8re la cons\u00e9cration \u00e9piscopale \u00e0 notre confr\u00e8re, Mgr Hilarion Mont\u00e9ty, archev\u00eaque de B\u00e9ryte et d\u00e9l\u00e9gu\u00e9 apostolique en Perse. Mgr Mont\u00e9ty, par la suite, donnera l&rsquo;onction sacerdotale \u00e0 de nombreux Pr\u00eatres de la Mission. C&rsquo;est lui aussi qui, \u00e0 Viviers, le 9 juin 1901, ordonnera Charles de Foucauld (4).<\/p>\n<p><b>1900<\/b>. \u00c0 P\u00e9kin, une bande de trente ou quarante Bo xers met le feu \u00e0 l&rsquo;\u00e9glise Saint-Joseph-du-Tong-tang. Le cur\u00e9. M. Jules Garrigues, au milieu de la fum\u00e9e et des cr\u00e9pitements, consomme les saintes esp\u00e8ces, puis il tombe\u00a0: br\u00fbl\u00e9 par les flammes ou achev\u00e9 par les Boxers\u00a0? Nul ne le saura jamais. Or, il y a exactement trente ans que, jour pour jour, il recevait dans la Chapelle de la Maison-M\u00e8re, le pouvoir de dire la messe. C&rsquo;est la paroisse de Saint-Sernin-de-Gourgoy, dans le dioc\u00e8se d&rsquo;Albi, o\u00f9 il naquit le 23 juin 1840, qui a donn\u00e9 \u00e0 la petite Compagnie M. Garrigues, ce pr\u00eatre que, tr\u00e8s vite, \u00e0 P\u00e9kin, l&rsquo;on n&rsquo;appela plus que \u00able saint de la ville\u00bb. Mgr Favier, son \u00e9v\u00eaque, au cours d&rsquo;une audience dira au Souverain Pontife\u00a0: \u00abQuant \u00e0 M. Garrigues, l&rsquo;h\u00e9ro\u00efcit\u00e9 de ses vertus suffirait \u00e0 le canoniser, S&rsquo;il n&rsquo;\u00e9tait pas martyr\u00bb (5).<\/p>\n<dl>\n<dd>1) Coste II, p. 78\u00a0; Marboutin\u00a0: Sainte-Livrade, pp. 27, 35.<\/dd>\n<dd>2) Coste II, p. 123. &#8211;<\/dd>\n<dd>3) Annales, t. 46, p. 445,<\/dd>\n<dd>4) Annales,t. 103, p. 156.<\/dd>\n<dd>5) Annales, t. 67, pp. 500-515, et Van den Brandt\u00a0: Les Lazaristes en Chine, p. 78<\/dd>\n<\/dl>\n","protected":false},"excerpt":{"rendered":"<p>1640. Mgr d&rsquo;Elb\u00e8ne, \u00e9v\u00eaque d&rsquo;Agen, unit \u00e0 la Congr\u00e9gation de la Mission, la chapelle de Notre-Dame de la Rose, situ\u00e9e sur les terres de la duchesse d&rsquo;Aiguillon, dans l&rsquo;actuel Lot-et-Garonne. Le contrat demande cinq pr\u00eatres\u00a0: &#8230; <a href=\"https:\/\/vincentians.com\/fr\/ephemerides-14-juin\/\" class=\"more-link\">Read More<\/a><\/p>\n","protected":false},"author":4,"featured_media":149897,"comment_status":"open","ping_status":"open","sticky":false,"template":"","format":"standard","meta":{"jetpack_post_was_ever_published":false,"_jetpack_newsletter_access":"","_jetpack_dont_email_post_to_subs":false,"_jetpack_newsletter_tier_id":0,"_jetpack_memberships_contains_paywalled_content":false,"_jetpack_memberships_contains_paid_content":false,"footnotes":"","jetpack_publicize_message":"","jetpack_publicize_feature_enabled":true,"jetpack_social_post_already_shared":true,"jetpack_social_options":{"image_generator_settings":{"template":"highway","default_image_id":0,"font":"","enabled":false},"version":2}},"categories":[119],"tags":[],"class_list":["post-190585","post","type-post","status-publish","format-standard","has-post-thumbnail","hentry","category-ephemerides-vincentiens"],"yoast_head":"<!-- This site is optimized with the Yoast SEO plugin v26.3 - https:\/\/yoast.com\/wordpress\/plugins\/seo\/ -->\n<title>Eph\u00e9m\u00e9rides: 14 juin - Nous Sommes Vincentiens<\/title>\n<meta name=\"robots\" content=\"index, follow, max-snippet:-1, max-image-preview:large, max-video-preview:-1\" \/>\n<link rel=\"canonical\" href=\"https:\/\/vincentians.com\/fr\/ephemerides-14-juin\/\" \/>\n<meta property=\"og:locale\" content=\"fr_FR\" \/>\n<meta property=\"og:type\" content=\"article\" \/>\n<meta property=\"og:title\" content=\"Eph\u00e9m\u00e9rides: 14 juin - Nous Sommes Vincentiens\" \/>\n<meta property=\"og:description\" content=\"1640. Mgr d&rsquo;Elb\u00e8ne, \u00e9v\u00eaque d&rsquo;Agen, unit \u00e0 la Congr\u00e9gation de la Mission, la chapelle de Notre-Dame de la Rose, situ\u00e9e sur les terres de la duchesse d&rsquo;Aiguillon, dans l&rsquo;actuel Lot-et-Garonne. Le contrat demande cinq pr\u00eatres\u00a0: ... Read More\" \/>\n<meta property=\"og:url\" content=\"https:\/\/vincentians.com\/fr\/ephemerides-14-juin\/\" \/>\n<meta property=\"og:site_name\" content=\"Nous Sommes Vincentiens\" \/>\n<meta property=\"article:publisher\" content=\"https:\/\/www.facebook.com\/WeAreVincentians\/\" \/>\n<meta property=\"article:author\" content=\"https:\/\/www.facebook.com\/JavierChento\" \/>\n<meta property=\"article:published_time\" content=\"2017-06-13T22:01:05+00:00\" \/>\n<meta property=\"og:image\" content=\"https:\/\/i0.wp.com\/vincentians.com\/fr\/wp-content\/uploads\/sites\/10\/2016\/07\/ephemerides-fb.jpg?fit=1200%2C630&ssl=1\" \/>\n\t<meta property=\"og:image:width\" content=\"1200\" \/>\n\t<meta property=\"og:image:height\" content=\"630\" \/>\n\t<meta property=\"og:image:type\" content=\"image\/jpeg\" \/>\n<meta name=\"author\" content=\"Francisco Javier Fern\u00e1ndez Chento\" \/>\n<meta name=\"twitter:card\" content=\"summary_large_image\" \/>\n<meta name=\"twitter:creator\" content=\"@https:\/\/twitter.com\/javierchento\" \/>\n<meta name=\"twitter:site\" content=\"@WeVincentians\" \/>\n<meta name=\"twitter:label1\" content=\"\u00c9crit par\" \/>\n\t<meta name=\"twitter:data1\" content=\"Francisco Javier Fern\u00e1ndez Chento\" \/>\n\t<meta name=\"twitter:label2\" content=\"Dur\u00e9e de lecture estim\u00e9e\" \/>\n\t<meta name=\"twitter:data2\" content=\"2 minutes\" \/>\n<script type=\"application\/ld+json\" class=\"yoast-schema-graph\">{\"@context\":\"https:\/\/schema.org\",\"@graph\":[{\"@type\":\"WebPage\",\"@id\":\"https:\/\/vincentians.com\/fr\/ephemerides-14-juin\/\",\"url\":\"https:\/\/vincentians.com\/fr\/ephemerides-14-juin\/\",\"name\":\"Eph\u00e9m\u00e9rides: 14 juin - Nous Sommes Vincentiens\",\"isPartOf\":{\"@id\":\"https:\/\/vincentians.com\/fr\/#website\"},\"primaryImageOfPage\":{\"@id\":\"https:\/\/vincentians.com\/fr\/ephemerides-14-juin\/#primaryimage\"},\"image\":{\"@id\":\"https:\/\/vincentians.com\/fr\/ephemerides-14-juin\/#primaryimage\"},\"thumbnailUrl\":\"https:\/\/i0.wp.com\/vincentians.com\/fr\/wp-content\/uploads\/sites\/10\/2016\/07\/ephemerides-fb.jpg?fit=1200%2C630&ssl=1\",\"datePublished\":\"2017-06-13T22:01:05+00:00\",\"author\":{\"@id\":\"https:\/\/vincentians.com\/fr\/#\/schema\/person\/9623ef4d9aa3b2dfb8c061f1499288f2\"},\"breadcrumb\":{\"@id\":\"https:\/\/vincentians.com\/fr\/ephemerides-14-juin\/#breadcrumb\"},\"inLanguage\":\"fr-FR\",\"potentialAction\":[{\"@type\":\"ReadAction\",\"target\":[\"https:\/\/vincentians.com\/fr\/ephemerides-14-juin\/\"]}]},{\"@type\":\"ImageObject\",\"inLanguage\":\"fr-FR\",\"@id\":\"https:\/\/vincentians.com\/fr\/ephemerides-14-juin\/#primaryimage\",\"url\":\"https:\/\/i0.wp.com\/vincentians.com\/fr\/wp-content\/uploads\/sites\/10\/2016\/07\/ephemerides-fb.jpg?fit=1200%2C630&ssl=1\",\"contentUrl\":\"https:\/\/i0.wp.com\/vincentians.com\/fr\/wp-content\/uploads\/sites\/10\/2016\/07\/ephemerides-fb.jpg?fit=1200%2C630&ssl=1\",\"width\":1200,\"height\":630},{\"@type\":\"BreadcrumbList\",\"@id\":\"https:\/\/vincentians.com\/fr\/ephemerides-14-juin\/#breadcrumb\",\"itemListElement\":[{\"@type\":\"ListItem\",\"position\":1,\"name\":\"Portada\",\"item\":\"https:\/\/vincentians.com\/fr\/\"},{\"@type\":\"ListItem\",\"position\":2,\"name\":\"Eph\u00e9m\u00e9rides: 14 juin\"}]},{\"@type\":\"WebSite\",\"@id\":\"https:\/\/vincentians.com\/fr\/#website\",\"url\":\"https:\/\/vincentians.com\/fr\/\",\"name\":\"Nous Sommes Vincentiens\",\"description\":\"Know more to serve more\",\"potentialAction\":[{\"@type\":\"SearchAction\",\"target\":{\"@type\":\"EntryPoint\",\"urlTemplate\":\"https:\/\/vincentians.com\/fr\/?s={search_term_string}\"},\"query-input\":{\"@type\":\"PropertyValueSpecification\",\"valueRequired\":true,\"valueName\":\"search_term_string\"}}],\"inLanguage\":\"fr-FR\"},{\"@type\":\"Person\",\"@id\":\"https:\/\/vincentians.com\/fr\/#\/schema\/person\/9623ef4d9aa3b2dfb8c061f1499288f2\",\"name\":\"Francisco Javier Fern\u00e1ndez Chento\",\"image\":{\"@type\":\"ImageObject\",\"inLanguage\":\"fr-FR\",\"@id\":\"https:\/\/vincentians.com\/fr\/#\/schema\/person\/image\/\",\"url\":\"https:\/\/secure.gravatar.com\/avatar\/497d5cde87b4c3d097d0315953521681ba2cd523ee66e5077c3711f7021e65de?s=96&d=mm&r=g\",\"contentUrl\":\"https:\/\/secure.gravatar.com\/avatar\/497d5cde87b4c3d097d0315953521681ba2cd523ee66e5077c3711f7021e65de?s=96&d=mm&r=g\",\"caption\":\"Francisco Javier Fern\u00e1ndez Chento\"},\"description\":\"Director General y cofundador de La Red de Formaci\u00f3n Vicenciana. Javier es laico vicenciano, afiliado a la Congregaci\u00f3n de la Misi\u00f3n y miembro del Equipo de Misiones Populares de la provincia can\u00f3nica de Zaragoza (Espa\u00f1a) de la Congregaci\u00f3n de la Misi\u00f3n. Graduado en la Universidad Oberta de Catalunya con cuatro grados (Asistente de direcci\u00f3n, Gesti\u00f3n Administrativa, Recursos Humanos y Contabilidad Avanzada). Bil\u00edng\u00fce Espa\u00f1ol\/Ingl\u00e9s. gestiona y mantiene varias p\u00e1ginas web cristianas y vicencianas, incluida including La Red de Formaci\u00f3n Vicenciana, de la que es cofundador. Actualmente es responsable del \u00e1rea de Espa\u00f1ol de .famvin, la Red de Noticias de la Familia Vicenciana. Tambi\u00e9n es m\u00fasico cat\u00f3lico y ha editado varios discos. Es Director General y cofundador de Trovador, una reconocida compa\u00f1\u00eda discogr\u00e1fica critiana de Espa\u00f1a. Trabaja en las Tecnolog\u00edas de la Informaci\u00f3n, ofreciendo servicios de alojamiento, dise\u00f1o y mantenimiento Web, as\u00ed como asesoramiento, formaci\u00f3n y soluciones inform\u00e1ticas, gesti\u00f3n documental y digitalizaci\u00f3n de textos, edici\u00f3n y maquetaci\u00f3n de libros, revistas, flyers, etc.\",\"sameAs\":[\"http:\/\/chento.org\",\"https:\/\/www.facebook.com\/JavierChento\",\"https:\/\/x.com\/https:\/\/twitter.com\/javierchento\"],\"url\":\"https:\/\/vincentians.com\/fr\/author\/chento\/\"}]}<\/script>\n<!-- \/ Yoast SEO plugin. -->","yoast_head_json":{"title":"Eph\u00e9m\u00e9rides: 14 juin - Nous Sommes Vincentiens","robots":{"index":"index","follow":"follow","max-snippet":"max-snippet:-1","max-image-preview":"max-image-preview:large","max-video-preview":"max-video-preview:-1"},"canonical":"https:\/\/vincentians.com\/fr\/ephemerides-14-juin\/","og_locale":"fr_FR","og_type":"article","og_title":"Eph\u00e9m\u00e9rides: 14 juin - Nous Sommes Vincentiens","og_description":"1640. Mgr d&rsquo;Elb\u00e8ne, \u00e9v\u00eaque d&rsquo;Agen, unit \u00e0 la Congr\u00e9gation de la Mission, la chapelle de Notre-Dame de la Rose, situ\u00e9e sur les terres de la duchesse d&rsquo;Aiguillon, dans l&rsquo;actuel Lot-et-Garonne. Le contrat demande cinq pr\u00eatres\u00a0: ... Read More","og_url":"https:\/\/vincentians.com\/fr\/ephemerides-14-juin\/","og_site_name":"Nous Sommes Vincentiens","article_publisher":"https:\/\/www.facebook.com\/WeAreVincentians\/","article_author":"https:\/\/www.facebook.com\/JavierChento","article_published_time":"2017-06-13T22:01:05+00:00","og_image":[{"width":1200,"height":630,"url":"https:\/\/i0.wp.com\/vincentians.com\/fr\/wp-content\/uploads\/sites\/10\/2016\/07\/ephemerides-fb.jpg?fit=1200%2C630&ssl=1","type":"image\/jpeg"}],"author":"Francisco Javier Fern\u00e1ndez Chento","twitter_card":"summary_large_image","twitter_creator":"@https:\/\/twitter.com\/javierchento","twitter_site":"@WeVincentians","twitter_misc":{"\u00c9crit par":"Francisco Javier Fern\u00e1ndez Chento","Dur\u00e9e de lecture estim\u00e9e":"2 minutes"},"schema":{"@context":"https:\/\/schema.org","@graph":[{"@type":"WebPage","@id":"https:\/\/vincentians.com\/fr\/ephemerides-14-juin\/","url":"https:\/\/vincentians.com\/fr\/ephemerides-14-juin\/","name":"Eph\u00e9m\u00e9rides: 14 juin - Nous Sommes Vincentiens","isPartOf":{"@id":"https:\/\/vincentians.com\/fr\/#website"},"primaryImageOfPage":{"@id":"https:\/\/vincentians.com\/fr\/ephemerides-14-juin\/#primaryimage"},"image":{"@id":"https:\/\/vincentians.com\/fr\/ephemerides-14-juin\/#primaryimage"},"thumbnailUrl":"https:\/\/i0.wp.com\/vincentians.com\/fr\/wp-content\/uploads\/sites\/10\/2016\/07\/ephemerides-fb.jpg?fit=1200%2C630&ssl=1","datePublished":"2017-06-13T22:01:05+00:00","author":{"@id":"https:\/\/vincentians.com\/fr\/#\/schema\/person\/9623ef4d9aa3b2dfb8c061f1499288f2"},"breadcrumb":{"@id":"https:\/\/vincentians.com\/fr\/ephemerides-14-juin\/#breadcrumb"},"inLanguage":"fr-FR","potentialAction":[{"@type":"ReadAction","target":["https:\/\/vincentians.com\/fr\/ephemerides-14-juin\/"]}]},{"@type":"ImageObject","inLanguage":"fr-FR","@id":"https:\/\/vincentians.com\/fr\/ephemerides-14-juin\/#primaryimage","url":"https:\/\/i0.wp.com\/vincentians.com\/fr\/wp-content\/uploads\/sites\/10\/2016\/07\/ephemerides-fb.jpg?fit=1200%2C630&ssl=1","contentUrl":"https:\/\/i0.wp.com\/vincentians.com\/fr\/wp-content\/uploads\/sites\/10\/2016\/07\/ephemerides-fb.jpg?fit=1200%2C630&ssl=1","width":1200,"height":630},{"@type":"BreadcrumbList","@id":"https:\/\/vincentians.com\/fr\/ephemerides-14-juin\/#breadcrumb","itemListElement":[{"@type":"ListItem","position":1,"name":"Portada","item":"https:\/\/vincentians.com\/fr\/"},{"@type":"ListItem","position":2,"name":"Eph\u00e9m\u00e9rides: 14 juin"}]},{"@type":"WebSite","@id":"https:\/\/vincentians.com\/fr\/#website","url":"https:\/\/vincentians.com\/fr\/","name":"Nous Sommes Vincentiens","description":"Know more to serve more","potentialAction":[{"@type":"SearchAction","target":{"@type":"EntryPoint","urlTemplate":"https:\/\/vincentians.com\/fr\/?s={search_term_string}"},"query-input":{"@type":"PropertyValueSpecification","valueRequired":true,"valueName":"search_term_string"}}],"inLanguage":"fr-FR"},{"@type":"Person","@id":"https:\/\/vincentians.com\/fr\/#\/schema\/person\/9623ef4d9aa3b2dfb8c061f1499288f2","name":"Francisco Javier Fern\u00e1ndez Chento","image":{"@type":"ImageObject","inLanguage":"fr-FR","@id":"https:\/\/vincentians.com\/fr\/#\/schema\/person\/image\/","url":"https:\/\/secure.gravatar.com\/avatar\/497d5cde87b4c3d097d0315953521681ba2cd523ee66e5077c3711f7021e65de?s=96&d=mm&r=g","contentUrl":"https:\/\/secure.gravatar.com\/avatar\/497d5cde87b4c3d097d0315953521681ba2cd523ee66e5077c3711f7021e65de?s=96&d=mm&r=g","caption":"Francisco Javier Fern\u00e1ndez Chento"},"description":"Director General y cofundador de La Red de Formaci\u00f3n Vicenciana. Javier es laico vicenciano, afiliado a la Congregaci\u00f3n de la Misi\u00f3n y miembro del Equipo de Misiones Populares de la provincia can\u00f3nica de Zaragoza (Espa\u00f1a) de la Congregaci\u00f3n de la Misi\u00f3n. Graduado en la Universidad Oberta de Catalunya con cuatro grados (Asistente de direcci\u00f3n, Gesti\u00f3n Administrativa, Recursos Humanos y Contabilidad Avanzada). Bil\u00edng\u00fce Espa\u00f1ol\/Ingl\u00e9s. gestiona y mantiene varias p\u00e1ginas web cristianas y vicencianas, incluida including La Red de Formaci\u00f3n Vicenciana, de la que es cofundador. Actualmente es responsable del \u00e1rea de Espa\u00f1ol de .famvin, la Red de Noticias de la Familia Vicenciana. Tambi\u00e9n es m\u00fasico cat\u00f3lico y ha editado varios discos. Es Director General y cofundador de Trovador, una reconocida compa\u00f1\u00eda discogr\u00e1fica critiana de Espa\u00f1a. Trabaja en las Tecnolog\u00edas de la Informaci\u00f3n, ofreciendo servicios de alojamiento, dise\u00f1o y mantenimiento Web, as\u00ed como asesoramiento, formaci\u00f3n y soluciones inform\u00e1ticas, gesti\u00f3n documental y digitalizaci\u00f3n de textos, edici\u00f3n y maquetaci\u00f3n de libros, revistas, flyers, etc.","sameAs":["http:\/\/chento.org","https:\/\/www.facebook.com\/JavierChento","https:\/\/x.com\/https:\/\/twitter.com\/javierchento"],"url":"https:\/\/vincentians.com\/fr\/author\/chento\/"}]}},"jetpack_publicize_connections":[],"jetpack_featured_media_url":"https:\/\/i0.wp.com\/vincentians.com\/fr\/wp-content\/uploads\/sites\/10\/2016\/07\/ephemerides-fb.jpg?fit=1200%2C630&ssl=1","jetpack_sharing_enabled":true,"jetpack_shortlink":"https:\/\/wp.me\/p7ETMP-NzX","jetpack-related-posts":[{"id":190188,"url":"https:\/\/vincentians.com\/fr\/ephemerides-28-septembre\/","url_meta":{"origin":190585,"position":0},"title":"Eph\u00e9m\u00e9rides : 28 septembre","author":"Francisco Javier Fern\u00e1ndez Chento","date":"28\/09\/2016","format":false,"excerpt":"1660. \u00c0 Saint-Lazare, en la matin\u00e9e de ce jour, la chapelle est envahie par la foule qui veut contempler encore une fois le visage de Monsieur Vincent. Un groupe de missionnaires a fort \u00e0 faire pour emp\u00eacher les gens d\u2019approcher trop pr\u00e8s du corps expos\u00e9 dans la chapelle Saint-Pierre. Certains\u2026","rel":"","context":"Dans &quot;\u00c9ph\u00e9m\u00e9rides vincentiens&quot;","block_context":{"text":"\u00c9ph\u00e9m\u00e9rides vincentiens","link":"https:\/\/vincentians.com\/fr\/category\/ephemerides-vincentiens\/"},"img":{"alt_text":"","src":"https:\/\/i0.wp.com\/vincentians.com\/fr\/wp-content\/uploads\/sites\/10\/2016\/07\/ephemerides-fb.jpg?fit=1200%2C630&ssl=1&resize=350%2C200","width":350,"height":200,"srcset":"https:\/\/i0.wp.com\/vincentians.com\/fr\/wp-content\/uploads\/sites\/10\/2016\/07\/ephemerides-fb.jpg?fit=1200%2C630&ssl=1&resize=350%2C200 1x, https:\/\/i0.wp.com\/vincentians.com\/fr\/wp-content\/uploads\/sites\/10\/2016\/07\/ephemerides-fb.jpg?fit=1200%2C630&ssl=1&resize=525%2C300 1.5x, https:\/\/i0.wp.com\/vincentians.com\/fr\/wp-content\/uploads\/sites\/10\/2016\/07\/ephemerides-fb.jpg?fit=1200%2C630&ssl=1&resize=700%2C400 2x, https:\/\/i0.wp.com\/vincentians.com\/fr\/wp-content\/uploads\/sites\/10\/2016\/07\/ephemerides-fb.jpg?fit=1200%2C630&ssl=1&resize=1050%2C600 3x"},"classes":[]},{"id":105270,"url":"https:\/\/vincentians.com\/fr\/ephemerides-30-decembre\/","url_meta":{"origin":190585,"position":1},"title":"Eph\u00e9m\u00e9rides: 30 d\u00e9cembre","author":"Francisco Javier Fern\u00e1ndez Chento","date":"31\/12\/2016","format":false,"excerpt":"1634. \u00c0 Paris, par devant Cornille et Comtesse, notaires au Ch\u00e2telet, un contrat est pass\u00e9, entre Ma\u00eetre Antoine Lamy, conseiller du roi, et demoiselle Catherine Vigor, son \u00e9pouse, d\u2019une part, et Vincent de Paul, d\u2019autre part. En \u00e9change d\u2019une rente annuelle de cent quarante-huit livres treize sous quatre deniers, le\u2026","rel":"","context":"Dans &quot;\u00c9ph\u00e9m\u00e9rides vincentiens&quot;","block_context":{"text":"\u00c9ph\u00e9m\u00e9rides vincentiens","link":"https:\/\/vincentians.com\/fr\/category\/ephemerides-vincentiens\/"},"img":{"alt_text":"","src":"https:\/\/i0.wp.com\/vincentians.com\/fr\/wp-content\/uploads\/sites\/10\/2016\/07\/ephemerides-fb.jpg?fit=1200%2C630&ssl=1&resize=350%2C200","width":350,"height":200,"srcset":"https:\/\/i0.wp.com\/vincentians.com\/fr\/wp-content\/uploads\/sites\/10\/2016\/07\/ephemerides-fb.jpg?fit=1200%2C630&ssl=1&resize=350%2C200 1x, https:\/\/i0.wp.com\/vincentians.com\/fr\/wp-content\/uploads\/sites\/10\/2016\/07\/ephemerides-fb.jpg?fit=1200%2C630&ssl=1&resize=525%2C300 1.5x, https:\/\/i0.wp.com\/vincentians.com\/fr\/wp-content\/uploads\/sites\/10\/2016\/07\/ephemerides-fb.jpg?fit=1200%2C630&ssl=1&resize=700%2C400 2x, https:\/\/i0.wp.com\/vincentians.com\/fr\/wp-content\/uploads\/sites\/10\/2016\/07\/ephemerides-fb.jpg?fit=1200%2C630&ssl=1&resize=1050%2C600 3x"},"classes":[]},{"id":189340,"url":"https:\/\/vincentians.com\/fr\/ephemerides-02-juilliet\/","url_meta":{"origin":190585,"position":2},"title":"Eph\u00e9m\u00e9rides: 02 juilliet","author":"Francisco Javier Fern\u00e1ndez Chento","date":"02\/07\/2017","format":false,"excerpt":"1643. Louise de Marillac, \u00e0 Paris, signe le contrat par lequel la Duchesse d\u2019Aiguillon fait don aux Filles de la Charit\u00e9 de la somme de douze mille livres tournois dont les revenus sont particuli\u00e8rement destin\u00e9s \u00e0 l\u2019entretien des deux S\u0153urs de Richelieu qui ont soin des pauvres malades et de\u2026","rel":"","context":"Dans &quot;\u00c9ph\u00e9m\u00e9rides vincentiens&quot;","block_context":{"text":"\u00c9ph\u00e9m\u00e9rides vincentiens","link":"https:\/\/vincentians.com\/fr\/category\/ephemerides-vincentiens\/"},"img":{"alt_text":"","src":"https:\/\/i0.wp.com\/vincentians.com\/fr\/wp-content\/uploads\/sites\/10\/2016\/07\/ephemerides-fb.jpg?fit=1200%2C630&ssl=1&resize=350%2C200","width":350,"height":200,"srcset":"https:\/\/i0.wp.com\/vincentians.com\/fr\/wp-content\/uploads\/sites\/10\/2016\/07\/ephemerides-fb.jpg?fit=1200%2C630&ssl=1&resize=350%2C200 1x, https:\/\/i0.wp.com\/vincentians.com\/fr\/wp-content\/uploads\/sites\/10\/2016\/07\/ephemerides-fb.jpg?fit=1200%2C630&ssl=1&resize=525%2C300 1.5x, https:\/\/i0.wp.com\/vincentians.com\/fr\/wp-content\/uploads\/sites\/10\/2016\/07\/ephemerides-fb.jpg?fit=1200%2C630&ssl=1&resize=700%2C400 2x, https:\/\/i0.wp.com\/vincentians.com\/fr\/wp-content\/uploads\/sites\/10\/2016\/07\/ephemerides-fb.jpg?fit=1200%2C630&ssl=1&resize=1050%2C600 3x"},"classes":[]},{"id":190183,"url":"https:\/\/vincentians.com\/fr\/ephemerides-23-septembre\/","url_meta":{"origin":190585,"position":3},"title":"Eph\u00e9m\u00e9rides : 23 septembre","author":"Francisco Javier Fern\u00e1ndez Chento","date":"23\/09\/2016","format":false,"excerpt":"1600. \u00c0 Ch\u00e2teau-l\u2019Ev\u00eaque, Fran\u00e7ois de Bourdeilles, \u00e9v\u00eaque de P\u00e9rigueux, conf\u00e8re, dans la chapelle de son ch\u00e2teau, l\u2019onction sacerdotale \u00e0 Vincent de Paul. C\u2019est le samedi des Quatre-Temps. Le jeune pr\u00eatre n\u2019a pas vingt ans. Il n\u2019a donc pas l\u2019\u00e2ge requis\u00a0: une loi eccl\u00e9siastique, accept\u00e9e par le Parlement \u00e0 Blois en\u2026","rel":"","context":"Dans &quot;\u00c9ph\u00e9m\u00e9rides vincentiens&quot;","block_context":{"text":"\u00c9ph\u00e9m\u00e9rides vincentiens","link":"https:\/\/vincentians.com\/fr\/category\/ephemerides-vincentiens\/"},"img":{"alt_text":"","src":"https:\/\/i0.wp.com\/vincentians.com\/fr\/wp-content\/uploads\/sites\/10\/2016\/07\/ephemerides-fb.jpg?fit=1200%2C630&ssl=1&resize=350%2C200","width":350,"height":200,"srcset":"https:\/\/i0.wp.com\/vincentians.com\/fr\/wp-content\/uploads\/sites\/10\/2016\/07\/ephemerides-fb.jpg?fit=1200%2C630&ssl=1&resize=350%2C200 1x, https:\/\/i0.wp.com\/vincentians.com\/fr\/wp-content\/uploads\/sites\/10\/2016\/07\/ephemerides-fb.jpg?fit=1200%2C630&ssl=1&resize=525%2C300 1.5x, https:\/\/i0.wp.com\/vincentians.com\/fr\/wp-content\/uploads\/sites\/10\/2016\/07\/ephemerides-fb.jpg?fit=1200%2C630&ssl=1&resize=700%2C400 2x, https:\/\/i0.wp.com\/vincentians.com\/fr\/wp-content\/uploads\/sites\/10\/2016\/07\/ephemerides-fb.jpg?fit=1200%2C630&ssl=1&resize=1050%2C600 3x"},"classes":[]},{"id":104852,"url":"https:\/\/vincentians.com\/fr\/ephemerides-14-decembre\/","url_meta":{"origin":190585,"position":4},"title":"Eph\u00e9m\u00e9rides: 14 d\u00e9cembre","author":"Francisco Javier Fern\u00e1ndez Chento","date":"14\/12\/2016","format":false,"excerpt":"1760. \u00c0 Paris, mort de S\u0153ur Bonnejoie, Sup\u00e9rieure de la Compagnie en 1742 et 1754. Sous le g\u00e9n\u00e9ralat de MM. Couty et Le Bras, et comme Directeurs MM. de Mongodin, Poiret, Jacquier et Jaubert. 1910. \u00c0 Dax, o\u00f9 il s\u2019est retir\u00e9 depuis 1904, Mgr Jacques Hector Thomas, archev\u00eaque d\u2019Andrinople et\u2026","rel":"","context":"Dans &quot;\u00c9ph\u00e9m\u00e9rides vincentiens&quot;","block_context":{"text":"\u00c9ph\u00e9m\u00e9rides vincentiens","link":"https:\/\/vincentians.com\/fr\/category\/ephemerides-vincentiens\/"},"img":{"alt_text":"","src":"https:\/\/i0.wp.com\/vincentians.com\/fr\/wp-content\/uploads\/sites\/10\/2016\/07\/ephemerides-fb.jpg?fit=1200%2C630&ssl=1&resize=350%2C200","width":350,"height":200,"srcset":"https:\/\/i0.wp.com\/vincentians.com\/fr\/wp-content\/uploads\/sites\/10\/2016\/07\/ephemerides-fb.jpg?fit=1200%2C630&ssl=1&resize=350%2C200 1x, https:\/\/i0.wp.com\/vincentians.com\/fr\/wp-content\/uploads\/sites\/10\/2016\/07\/ephemerides-fb.jpg?fit=1200%2C630&ssl=1&resize=525%2C300 1.5x, https:\/\/i0.wp.com\/vincentians.com\/fr\/wp-content\/uploads\/sites\/10\/2016\/07\/ephemerides-fb.jpg?fit=1200%2C630&ssl=1&resize=700%2C400 2x, https:\/\/i0.wp.com\/vincentians.com\/fr\/wp-content\/uploads\/sites\/10\/2016\/07\/ephemerides-fb.jpg?fit=1200%2C630&ssl=1&resize=1050%2C600 3x"},"classes":[]},{"id":103894,"url":"https:\/\/vincentians.com\/fr\/ephemerides-28-octobre\/","url_meta":{"origin":190585,"position":5},"title":"Eph\u00e9m\u00e9rides: 28 octobre","author":"Francisco Javier Fern\u00e1ndez Chento","date":"28\/10\/2016","format":false,"excerpt":"1660. Monsieur Jean de Horgny, directeur de la Compagnie, donne aux S\u0153urs la Conf\u00e9rence dont le th\u00e8me est la pr\u00e9paration \u00e0 la f\u00eate de tous les Saints. (C) 1888. \u00c0 Paris, dans la chapelle de la Maison-M\u00e8re, a lieu le sacre \u00e9piscopal de Mgr Jacques Crouzet. Il a trente-neuf ans.\u2026","rel":"","context":"Dans &quot;\u00c9ph\u00e9m\u00e9rides vincentiens&quot;","block_context":{"text":"\u00c9ph\u00e9m\u00e9rides vincentiens","link":"https:\/\/vincentians.com\/fr\/category\/ephemerides-vincentiens\/"},"img":{"alt_text":"","src":"https:\/\/i0.wp.com\/vincentians.com\/fr\/wp-content\/uploads\/sites\/10\/2016\/07\/ephemerides-fb.jpg?fit=1200%2C630&ssl=1&resize=350%2C200","width":350,"height":200,"srcset":"https:\/\/i0.wp.com\/vincentians.com\/fr\/wp-content\/uploads\/sites\/10\/2016\/07\/ephemerides-fb.jpg?fit=1200%2C630&ssl=1&resize=350%2C200 1x, https:\/\/i0.wp.com\/vincentians.com\/fr\/wp-content\/uploads\/sites\/10\/2016\/07\/ephemerides-fb.jpg?fit=1200%2C630&ssl=1&resize=525%2C300 1.5x, https:\/\/i0.wp.com\/vincentians.com\/fr\/wp-content\/uploads\/sites\/10\/2016\/07\/ephemerides-fb.jpg?fit=1200%2C630&ssl=1&resize=700%2C400 2x, https:\/\/i0.wp.com\/vincentians.com\/fr\/wp-content\/uploads\/sites\/10\/2016\/07\/ephemerides-fb.jpg?fit=1200%2C630&ssl=1&resize=1050%2C600 3x"},"classes":[]}],"_links":{"self":[{"href":"https:\/\/vincentians.com\/fr\/wp-json\/wp\/v2\/posts\/190585","targetHints":{"allow":["GET"]}}],"collection":[{"href":"https:\/\/vincentians.com\/fr\/wp-json\/wp\/v2\/posts"}],"about":[{"href":"https:\/\/vincentians.com\/fr\/wp-json\/wp\/v2\/types\/post"}],"author":[{"embeddable":true,"href":"https:\/\/vincentians.com\/fr\/wp-json\/wp\/v2\/users\/4"}],"replies":[{"embeddable":true,"href":"https:\/\/vincentians.com\/fr\/wp-json\/wp\/v2\/comments?post=190585"}],"version-history":[{"count":0,"href":"https:\/\/vincentians.com\/fr\/wp-json\/wp\/v2\/posts\/190585\/revisions"}],"wp:featuredmedia":[{"embeddable":true,"href":"https:\/\/vincentians.com\/fr\/wp-json\/wp\/v2\/media\/149897"}],"wp:attachment":[{"href":"https:\/\/vincentians.com\/fr\/wp-json\/wp\/v2\/media?parent=190585"}],"wp:term":[{"taxonomy":"category","embeddable":true,"href":"https:\/\/vincentians.com\/fr\/wp-json\/wp\/v2\/categories?post=190585"},{"taxonomy":"post_tag","embeddable":true,"href":"https:\/\/vincentians.com\/fr\/wp-json\/wp\/v2\/tags?post=190585"}],"curies":[{"name":"wp","href":"https:\/\/api.w.org\/{rel}","templated":true}]}}