{"id":190582,"date":"2017-06-11T00:01:05","date_gmt":"2017-06-10T22:01:05","guid":{"rendered":"http:\/\/vincentians.com\/fr\/?p=190582"},"modified":"2016-08-11T22:23:01","modified_gmt":"2016-08-11T20:23:01","slug":"ephemerides-11-juin","status":"publish","type":"post","link":"https:\/\/vincentians.com\/fr\/ephemerides-11-juin\/","title":{"rendered":"Eph\u00e9m\u00e9rides: 11 juin"},"content":{"rendered":"<p><b>1633<\/b>. \u00c0 Saint-Lazare, Monsieur Vincent a un entretien particulier avec chacun des jeunes eccl\u00e9siastiques qui, apr\u00e8s leur ordination \u00e0 Notre-Dame, viennent le remercier de l&rsquo;hospitalit\u00e9 que notre bienheureux P\u00e8re leur a offerte dans sa maison pendant leur retraite pr\u00e9paratoire. En guise de remerciement, plusieurs d&rsquo;entre eux demandent \u00e0 Monsieur Vincent de les employer \u00e0 une \u0153uvre de son choix. Parmi ces jeunes pr\u00eatres, il en \u00e9tait deux qui se signalaient par leur ferveur\u00a0: Jean-Baptiste Olier et Balthazar Brandon. Or, depuis quelque temps, Vincent m\u00e9ditait sur une id\u00e9e que lui avait sugg\u00e9r\u00e9e un vertueux eccl\u00e9siastique\u00a0: ne pourrait-on pas r\u00e9unir p\u00e9riodiquement quelques pr\u00eatres s\u00e9culiers z\u00e9l\u00e9s qui converseraient ensemble sur les vertus de leur \u00e9tat et les fonctions de leur minist\u00e8re\u00a0? C&rsquo;est de ce projet que Monsieur Vincent s&rsquo;ouvre aujourd&rsquo;hui \u00e0 chacun de ses interlocuteurs. Tous applaudissent \u00e0 l&rsquo;id\u00e9e. Et de ce jour date la cr\u00e9ation de la \u00ab\u00a0Conf\u00e9rence des Mardis\u00a0\u00bb (1).<\/p>\n<p><b>1652<\/b>. Sainte Louise encourage nos S\u0153urs qui sont \u00e0 Brienne\u00a0: \u201cAu nom de Dieu, mes tr\u00e8s ch\u00e8res S\u0153urs, ne vous ennuyez pas de vos peines ni de vous voir sans consolation que de Dieu. Oh\u00a0! si nous savions les secrets de Dieu quand Il nous met en cet \u00e9tat, nous verrions que ce devrait \u00eatre le temps de nos plus grandes consolations. Eh bien\u00a0! vous voyez quantit\u00e9 de mis\u00e8res que vous ne pouvez secourir. Dieu les voit aussi et ne veut pas leur donner plus grande suffisance. Portez avec eux leurs peines, faites votre possible pour leur donner quelque peu d\u2019aide, et demeurez en paix. Peut-\u00eatre que vous avez votre part de la n\u00e9cessit\u00e9, c\u2019est l\u00e0 votre consolation, car si vous aviez abondance vos c\u0153urs auraient peine d\u2019en user et voir tant souffrir nos Seigneurs et nos Ma\u00eetres. Et puis, Dieu ch\u00e2tie son peuple pour nos p\u00e9ch\u00e9s, n\u2019est-il pas raisonnable que nous souffrions avec les autres. Qui sommes-nous pour nous croire devoir \u00eatre exempt\u00e9s des maux publics\u00a0?\u2026 (Ici) il y a des paroisses auxquelles il y a cinq mille pauvres \u00e0 qui l\u2019on donne du potage. Sur notre paroisse, on en donne \u00e0 deux mille, sans les malades\u2026(R)<\/p>\n<p><b>1654<\/b>. Saint Vincent met en garde contre le m\u00e9contentement\u00a0: \u201cIl y a des \u00e2mes qui ne sont jamais contentes. Elles donnent leur avis, elles demandent conseil\u00a0; elles raconteront \u00e0 celui-ci leurs peines, \u00e0 un autre, elles demanderont ce qu\u2019il faut faire pour en \u00eatre d\u00e9livr\u00e9es, \u00e0 un autre, elles diront l\u2019humeur de leurs S\u0153urs et la patience dont elles ont besoin pour la supporter. Pourquoi pensez-vous qu\u2019elles font tout cela\u00a0? Pour trouver des esprits qui les flattent dans leurs opinions\u2026\u201d(R)<\/p>\n<p><b>1911<\/b>. \u00c0 Kiou-kiang, en Chine, a lieu le sacre de Mgr Louis Fatiguet, \u00e9v\u00eaque titulaire d&rsquo;Aspendus, et vicaire apostolique du Kiang-si septentrional. Il a quarante-six ans. Il y a onze ans, il arrivait en Chine avec une \u00e9quipe de huit autres jeunes, dont deux l&rsquo;ont pr\u00e9c\u00e9d\u00e9 r\u00e9cemment dans l&rsquo;\u00e9piscopat\u00a0: Mgr Faveau et Mgr Geurts. C&rsquo;est dans l&rsquo;imposante \u00e9glise gothique de Kiou-Kiang, \u00e0 la construction de laquelle il a collabor\u00e9, comme procureur, que Mgr Fatiguet re\u00e7oit la pl\u00e9nitude du sacerdoce. L&rsquo;\u00e9v\u00eaque cons\u00e9crateur, Mgr Jarlin, vicaire apostolique de P\u00e9kin, est assist\u00e9 de Mgr Faveau et d&rsquo;un \u00e9v\u00eaque franciscain, Mgr Gennaro, qui remplace Mgr Geurts, emp\u00each\u00e9. Sont pr\u00e9sents deux autres \u00e9v\u00eaques lazaristes, Mgr Vic et Mgr Ciceri, les deux visiteurs de Chine\u00a0: MM. Desrumaux et Guilloux, ainsi qu&rsquo;une trentaine de confr\u00e8res. L&rsquo;\u00e9glise est bond\u00e9e de chr\u00e9tiens. Beaucoup d&rsquo;entre eux sont les anciens fid\u00e8les de Mgr Fatiguet, qui, en apprenant sa nomination \u00e9piscopale, se sont \u00e9cri\u00e9\u00a0: \u00ab\u00a0Nous ne voulons pas nous s\u00e9parer de notre p\u00e8re\u00a0!\u00a0\u00bb Et ils ont entour\u00e9 le d\u00e9part de Mgr Fatiguet d&rsquo;une manifestation si grandiose que les pa\u00efens ont dit\u00a0: \u00ab\u00a0Il faut vraiment que ce soit un grand homme\u00a0!\u00a0\u00bb (2).<\/p>\n<p><b>1918<\/b>. \u00c0 Paris, la Maison-M\u00e8re continue \u00e0 se vider. Les anciens et les jeunes ont d\u00e9j\u00e0 pris le chemin de Dax. Aujourd&rsquo;hui, ce sont les archives qui sont \u00e9vacu\u00e9es vers les Landes. Et les secr\u00e9taires restent interloqu\u00e9s devant les armoires vides. Tout cela, \u00e0 cause des grosses Berthas qui bombardent de plus en plus fr\u00e9quemment la capitale (3).<\/p>\n<dl>\n<dd>1) Coste. I, p. 307.<\/dd>\n<dd>2) Annales, t. 76, pp. 500-504.<\/dd>\n<dd>3) Annales, t. 83, p. 920.<\/dd>\n<\/dl>\n","protected":false},"excerpt":{"rendered":"<p>1633. \u00c0 Saint-Lazare, Monsieur Vincent a un entretien particulier avec chacun des jeunes eccl\u00e9siastiques qui, apr\u00e8s leur ordination \u00e0 Notre-Dame, viennent le remercier de l&rsquo;hospitalit\u00e9 que notre bienheureux P\u00e8re leur a offerte dans sa maison &#8230; <a href=\"https:\/\/vincentians.com\/fr\/ephemerides-11-juin\/\" class=\"more-link\">Read More<\/a><\/p>\n","protected":false},"author":4,"featured_media":149897,"comment_status":"open","ping_status":"open","sticky":false,"template":"","format":"standard","meta":{"jetpack_post_was_ever_published":false,"_jetpack_newsletter_access":"","_jetpack_dont_email_post_to_subs":false,"_jetpack_newsletter_tier_id":0,"_jetpack_memberships_contains_paywalled_content":false,"_jetpack_memberships_contains_paid_content":false,"footnotes":"","jetpack_publicize_message":"","jetpack_publicize_feature_enabled":true,"jetpack_social_post_already_shared":true,"jetpack_social_options":{"image_generator_settings":{"template":"highway","default_image_id":0,"font":"","enabled":false},"version":2}},"categories":[119],"tags":[],"class_list":["post-190582","post","type-post","status-publish","format-standard","has-post-thumbnail","hentry","category-ephemerides-vincentiens"],"yoast_head":"<!-- This site is optimized with the Yoast SEO plugin v26.3 - https:\/\/yoast.com\/wordpress\/plugins\/seo\/ -->\n<title>Eph\u00e9m\u00e9rides: 11 juin - Nous Sommes Vincentiens<\/title>\n<meta name=\"robots\" content=\"index, follow, max-snippet:-1, max-image-preview:large, max-video-preview:-1\" \/>\n<link rel=\"canonical\" href=\"https:\/\/vincentians.com\/fr\/ephemerides-11-juin\/\" \/>\n<meta property=\"og:locale\" content=\"fr_FR\" \/>\n<meta property=\"og:type\" content=\"article\" \/>\n<meta property=\"og:title\" content=\"Eph\u00e9m\u00e9rides: 11 juin - Nous Sommes Vincentiens\" \/>\n<meta property=\"og:description\" content=\"1633. \u00c0 Saint-Lazare, Monsieur Vincent a un entretien particulier avec chacun des jeunes eccl\u00e9siastiques qui, apr\u00e8s leur ordination \u00e0 Notre-Dame, viennent le remercier de l&rsquo;hospitalit\u00e9 que notre bienheureux P\u00e8re leur a offerte dans sa maison ... Read More\" \/>\n<meta property=\"og:url\" content=\"https:\/\/vincentians.com\/fr\/ephemerides-11-juin\/\" \/>\n<meta property=\"og:site_name\" content=\"Nous Sommes Vincentiens\" \/>\n<meta property=\"article:publisher\" content=\"https:\/\/www.facebook.com\/WeAreVincentians\/\" \/>\n<meta property=\"article:author\" content=\"https:\/\/www.facebook.com\/JavierChento\" \/>\n<meta property=\"article:published_time\" content=\"2017-06-10T22:01:05+00:00\" \/>\n<meta property=\"og:image\" content=\"https:\/\/i0.wp.com\/vincentians.com\/fr\/wp-content\/uploads\/sites\/10\/2016\/07\/ephemerides-fb.jpg?fit=1200%2C630&ssl=1\" \/>\n\t<meta property=\"og:image:width\" content=\"1200\" \/>\n\t<meta property=\"og:image:height\" content=\"630\" \/>\n\t<meta property=\"og:image:type\" content=\"image\/jpeg\" \/>\n<meta name=\"author\" content=\"Francisco Javier Fern\u00e1ndez Chento\" \/>\n<meta name=\"twitter:card\" content=\"summary_large_image\" \/>\n<meta name=\"twitter:creator\" content=\"@https:\/\/twitter.com\/javierchento\" \/>\n<meta name=\"twitter:site\" content=\"@WeVincentians\" \/>\n<meta name=\"twitter:label1\" content=\"\u00c9crit par\" \/>\n\t<meta name=\"twitter:data1\" content=\"Francisco Javier Fern\u00e1ndez Chento\" \/>\n\t<meta name=\"twitter:label2\" content=\"Dur\u00e9e de lecture estim\u00e9e\" \/>\n\t<meta name=\"twitter:data2\" content=\"4 minutes\" \/>\n<script type=\"application\/ld+json\" class=\"yoast-schema-graph\">{\"@context\":\"https:\/\/schema.org\",\"@graph\":[{\"@type\":\"WebPage\",\"@id\":\"https:\/\/vincentians.com\/fr\/ephemerides-11-juin\/\",\"url\":\"https:\/\/vincentians.com\/fr\/ephemerides-11-juin\/\",\"name\":\"Eph\u00e9m\u00e9rides: 11 juin - Nous Sommes Vincentiens\",\"isPartOf\":{\"@id\":\"https:\/\/vincentians.com\/fr\/#website\"},\"primaryImageOfPage\":{\"@id\":\"https:\/\/vincentians.com\/fr\/ephemerides-11-juin\/#primaryimage\"},\"image\":{\"@id\":\"https:\/\/vincentians.com\/fr\/ephemerides-11-juin\/#primaryimage\"},\"thumbnailUrl\":\"https:\/\/i0.wp.com\/vincentians.com\/fr\/wp-content\/uploads\/sites\/10\/2016\/07\/ephemerides-fb.jpg?fit=1200%2C630&ssl=1\",\"datePublished\":\"2017-06-10T22:01:05+00:00\",\"author\":{\"@id\":\"https:\/\/vincentians.com\/fr\/#\/schema\/person\/9623ef4d9aa3b2dfb8c061f1499288f2\"},\"breadcrumb\":{\"@id\":\"https:\/\/vincentians.com\/fr\/ephemerides-11-juin\/#breadcrumb\"},\"inLanguage\":\"fr-FR\",\"potentialAction\":[{\"@type\":\"ReadAction\",\"target\":[\"https:\/\/vincentians.com\/fr\/ephemerides-11-juin\/\"]}]},{\"@type\":\"ImageObject\",\"inLanguage\":\"fr-FR\",\"@id\":\"https:\/\/vincentians.com\/fr\/ephemerides-11-juin\/#primaryimage\",\"url\":\"https:\/\/i0.wp.com\/vincentians.com\/fr\/wp-content\/uploads\/sites\/10\/2016\/07\/ephemerides-fb.jpg?fit=1200%2C630&ssl=1\",\"contentUrl\":\"https:\/\/i0.wp.com\/vincentians.com\/fr\/wp-content\/uploads\/sites\/10\/2016\/07\/ephemerides-fb.jpg?fit=1200%2C630&ssl=1\",\"width\":1200,\"height\":630},{\"@type\":\"BreadcrumbList\",\"@id\":\"https:\/\/vincentians.com\/fr\/ephemerides-11-juin\/#breadcrumb\",\"itemListElement\":[{\"@type\":\"ListItem\",\"position\":1,\"name\":\"Portada\",\"item\":\"https:\/\/vincentians.com\/fr\/\"},{\"@type\":\"ListItem\",\"position\":2,\"name\":\"Eph\u00e9m\u00e9rides: 11 juin\"}]},{\"@type\":\"WebSite\",\"@id\":\"https:\/\/vincentians.com\/fr\/#website\",\"url\":\"https:\/\/vincentians.com\/fr\/\",\"name\":\"Nous Sommes Vincentiens\",\"description\":\"Know more to serve more\",\"potentialAction\":[{\"@type\":\"SearchAction\",\"target\":{\"@type\":\"EntryPoint\",\"urlTemplate\":\"https:\/\/vincentians.com\/fr\/?s={search_term_string}\"},\"query-input\":{\"@type\":\"PropertyValueSpecification\",\"valueRequired\":true,\"valueName\":\"search_term_string\"}}],\"inLanguage\":\"fr-FR\"},{\"@type\":\"Person\",\"@id\":\"https:\/\/vincentians.com\/fr\/#\/schema\/person\/9623ef4d9aa3b2dfb8c061f1499288f2\",\"name\":\"Francisco Javier Fern\u00e1ndez Chento\",\"image\":{\"@type\":\"ImageObject\",\"inLanguage\":\"fr-FR\",\"@id\":\"https:\/\/vincentians.com\/fr\/#\/schema\/person\/image\/\",\"url\":\"https:\/\/secure.gravatar.com\/avatar\/497d5cde87b4c3d097d0315953521681ba2cd523ee66e5077c3711f7021e65de?s=96&d=mm&r=g\",\"contentUrl\":\"https:\/\/secure.gravatar.com\/avatar\/497d5cde87b4c3d097d0315953521681ba2cd523ee66e5077c3711f7021e65de?s=96&d=mm&r=g\",\"caption\":\"Francisco Javier Fern\u00e1ndez Chento\"},\"description\":\"Director General y cofundador de La Red de Formaci\u00f3n Vicenciana. Javier es laico vicenciano, afiliado a la Congregaci\u00f3n de la Misi\u00f3n y miembro del Equipo de Misiones Populares de la provincia can\u00f3nica de Zaragoza (Espa\u00f1a) de la Congregaci\u00f3n de la Misi\u00f3n. Graduado en la Universidad Oberta de Catalunya con cuatro grados (Asistente de direcci\u00f3n, Gesti\u00f3n Administrativa, Recursos Humanos y Contabilidad Avanzada). Bil\u00edng\u00fce Espa\u00f1ol\/Ingl\u00e9s. gestiona y mantiene varias p\u00e1ginas web cristianas y vicencianas, incluida including La Red de Formaci\u00f3n Vicenciana, de la que es cofundador. Actualmente es responsable del \u00e1rea de Espa\u00f1ol de .famvin, la Red de Noticias de la Familia Vicenciana. Tambi\u00e9n es m\u00fasico cat\u00f3lico y ha editado varios discos. Es Director General y cofundador de Trovador, una reconocida compa\u00f1\u00eda discogr\u00e1fica critiana de Espa\u00f1a. Trabaja en las Tecnolog\u00edas de la Informaci\u00f3n, ofreciendo servicios de alojamiento, dise\u00f1o y mantenimiento Web, as\u00ed como asesoramiento, formaci\u00f3n y soluciones inform\u00e1ticas, gesti\u00f3n documental y digitalizaci\u00f3n de textos, edici\u00f3n y maquetaci\u00f3n de libros, revistas, flyers, etc.\",\"sameAs\":[\"http:\/\/chento.org\",\"https:\/\/www.facebook.com\/JavierChento\",\"https:\/\/x.com\/https:\/\/twitter.com\/javierchento\"],\"url\":\"https:\/\/vincentians.com\/fr\/author\/chento\/\"}]}<\/script>\n<!-- \/ Yoast SEO plugin. -->","yoast_head_json":{"title":"Eph\u00e9m\u00e9rides: 11 juin - Nous Sommes Vincentiens","robots":{"index":"index","follow":"follow","max-snippet":"max-snippet:-1","max-image-preview":"max-image-preview:large","max-video-preview":"max-video-preview:-1"},"canonical":"https:\/\/vincentians.com\/fr\/ephemerides-11-juin\/","og_locale":"fr_FR","og_type":"article","og_title":"Eph\u00e9m\u00e9rides: 11 juin - Nous Sommes Vincentiens","og_description":"1633. \u00c0 Saint-Lazare, Monsieur Vincent a un entretien particulier avec chacun des jeunes eccl\u00e9siastiques qui, apr\u00e8s leur ordination \u00e0 Notre-Dame, viennent le remercier de l&rsquo;hospitalit\u00e9 que notre bienheureux P\u00e8re leur a offerte dans sa maison ... Read More","og_url":"https:\/\/vincentians.com\/fr\/ephemerides-11-juin\/","og_site_name":"Nous Sommes Vincentiens","article_publisher":"https:\/\/www.facebook.com\/WeAreVincentians\/","article_author":"https:\/\/www.facebook.com\/JavierChento","article_published_time":"2017-06-10T22:01:05+00:00","og_image":[{"width":1200,"height":630,"url":"https:\/\/i0.wp.com\/vincentians.com\/fr\/wp-content\/uploads\/sites\/10\/2016\/07\/ephemerides-fb.jpg?fit=1200%2C630&ssl=1","type":"image\/jpeg"}],"author":"Francisco Javier Fern\u00e1ndez Chento","twitter_card":"summary_large_image","twitter_creator":"@https:\/\/twitter.com\/javierchento","twitter_site":"@WeVincentians","twitter_misc":{"\u00c9crit par":"Francisco Javier Fern\u00e1ndez Chento","Dur\u00e9e de lecture estim\u00e9e":"4 minutes"},"schema":{"@context":"https:\/\/schema.org","@graph":[{"@type":"WebPage","@id":"https:\/\/vincentians.com\/fr\/ephemerides-11-juin\/","url":"https:\/\/vincentians.com\/fr\/ephemerides-11-juin\/","name":"Eph\u00e9m\u00e9rides: 11 juin - Nous Sommes Vincentiens","isPartOf":{"@id":"https:\/\/vincentians.com\/fr\/#website"},"primaryImageOfPage":{"@id":"https:\/\/vincentians.com\/fr\/ephemerides-11-juin\/#primaryimage"},"image":{"@id":"https:\/\/vincentians.com\/fr\/ephemerides-11-juin\/#primaryimage"},"thumbnailUrl":"https:\/\/i0.wp.com\/vincentians.com\/fr\/wp-content\/uploads\/sites\/10\/2016\/07\/ephemerides-fb.jpg?fit=1200%2C630&ssl=1","datePublished":"2017-06-10T22:01:05+00:00","author":{"@id":"https:\/\/vincentians.com\/fr\/#\/schema\/person\/9623ef4d9aa3b2dfb8c061f1499288f2"},"breadcrumb":{"@id":"https:\/\/vincentians.com\/fr\/ephemerides-11-juin\/#breadcrumb"},"inLanguage":"fr-FR","potentialAction":[{"@type":"ReadAction","target":["https:\/\/vincentians.com\/fr\/ephemerides-11-juin\/"]}]},{"@type":"ImageObject","inLanguage":"fr-FR","@id":"https:\/\/vincentians.com\/fr\/ephemerides-11-juin\/#primaryimage","url":"https:\/\/i0.wp.com\/vincentians.com\/fr\/wp-content\/uploads\/sites\/10\/2016\/07\/ephemerides-fb.jpg?fit=1200%2C630&ssl=1","contentUrl":"https:\/\/i0.wp.com\/vincentians.com\/fr\/wp-content\/uploads\/sites\/10\/2016\/07\/ephemerides-fb.jpg?fit=1200%2C630&ssl=1","width":1200,"height":630},{"@type":"BreadcrumbList","@id":"https:\/\/vincentians.com\/fr\/ephemerides-11-juin\/#breadcrumb","itemListElement":[{"@type":"ListItem","position":1,"name":"Portada","item":"https:\/\/vincentians.com\/fr\/"},{"@type":"ListItem","position":2,"name":"Eph\u00e9m\u00e9rides: 11 juin"}]},{"@type":"WebSite","@id":"https:\/\/vincentians.com\/fr\/#website","url":"https:\/\/vincentians.com\/fr\/","name":"Nous Sommes Vincentiens","description":"Know more to serve more","potentialAction":[{"@type":"SearchAction","target":{"@type":"EntryPoint","urlTemplate":"https:\/\/vincentians.com\/fr\/?s={search_term_string}"},"query-input":{"@type":"PropertyValueSpecification","valueRequired":true,"valueName":"search_term_string"}}],"inLanguage":"fr-FR"},{"@type":"Person","@id":"https:\/\/vincentians.com\/fr\/#\/schema\/person\/9623ef4d9aa3b2dfb8c061f1499288f2","name":"Francisco Javier Fern\u00e1ndez Chento","image":{"@type":"ImageObject","inLanguage":"fr-FR","@id":"https:\/\/vincentians.com\/fr\/#\/schema\/person\/image\/","url":"https:\/\/secure.gravatar.com\/avatar\/497d5cde87b4c3d097d0315953521681ba2cd523ee66e5077c3711f7021e65de?s=96&d=mm&r=g","contentUrl":"https:\/\/secure.gravatar.com\/avatar\/497d5cde87b4c3d097d0315953521681ba2cd523ee66e5077c3711f7021e65de?s=96&d=mm&r=g","caption":"Francisco Javier Fern\u00e1ndez Chento"},"description":"Director General y cofundador de La Red de Formaci\u00f3n Vicenciana. Javier es laico vicenciano, afiliado a la Congregaci\u00f3n de la Misi\u00f3n y miembro del Equipo de Misiones Populares de la provincia can\u00f3nica de Zaragoza (Espa\u00f1a) de la Congregaci\u00f3n de la Misi\u00f3n. Graduado en la Universidad Oberta de Catalunya con cuatro grados (Asistente de direcci\u00f3n, Gesti\u00f3n Administrativa, Recursos Humanos y Contabilidad Avanzada). Bil\u00edng\u00fce Espa\u00f1ol\/Ingl\u00e9s. gestiona y mantiene varias p\u00e1ginas web cristianas y vicencianas, incluida including La Red de Formaci\u00f3n Vicenciana, de la que es cofundador. Actualmente es responsable del \u00e1rea de Espa\u00f1ol de .famvin, la Red de Noticias de la Familia Vicenciana. Tambi\u00e9n es m\u00fasico cat\u00f3lico y ha editado varios discos. Es Director General y cofundador de Trovador, una reconocida compa\u00f1\u00eda discogr\u00e1fica critiana de Espa\u00f1a. Trabaja en las Tecnolog\u00edas de la Informaci\u00f3n, ofreciendo servicios de alojamiento, dise\u00f1o y mantenimiento Web, as\u00ed como asesoramiento, formaci\u00f3n y soluciones inform\u00e1ticas, gesti\u00f3n documental y digitalizaci\u00f3n de textos, edici\u00f3n y maquetaci\u00f3n de libros, revistas, flyers, etc.","sameAs":["http:\/\/chento.org","https:\/\/www.facebook.com\/JavierChento","https:\/\/x.com\/https:\/\/twitter.com\/javierchento"],"url":"https:\/\/vincentians.com\/fr\/author\/chento\/"}]}},"jetpack_publicize_connections":[],"jetpack_featured_media_url":"https:\/\/i0.wp.com\/vincentians.com\/fr\/wp-content\/uploads\/sites\/10\/2016\/07\/ephemerides-fb.jpg?fit=1200%2C630&ssl=1","jetpack_sharing_enabled":true,"jetpack_shortlink":"https:\/\/wp.me\/p7ETMP-NzU","jetpack-related-posts":[{"id":56454,"url":"https:\/\/vincentians.com\/fr\/saint-vincent-et-la-science\/","url_meta":{"origin":190582,"position":0},"title":"Saint Vincent Et La Science","author":"Francisco Javier Fern\u00e1ndez Chento","date":"12\/11\/2013","format":false,"excerpt":"Saint Vincent se disait volontiers \u00ab un pauvre \u00e9l\u00e8ve de quatri\u00e8me \u00bb, un ignorant. Mais, qui pouvait le croire? Qu'il le voul\u00fbt ou non, sa correspondance, ses entretiens, ses conseils, ses r\u00e9ponses aux questions doctrinales les plus ardues, sa mani\u00e9r\u00e9 d'\u00eatre et de parler, quoique tr\u00e8s simple, tout en lui\u2026","rel":"","context":"Dans &quot;Vincent de Paul&quot;","block_context":{"text":"Vincent de Paul","link":"https:\/\/vincentians.com\/fr\/category\/the-vincentian-family\/founders\/vincent-de-paul\/"},"img":{"alt_text":"","src":"https:\/\/i0.wp.com\/vincentiens.org\/wp-content\/uploads\/2011\/12\/stvincentdepaul_bust-236x300.jpg?resize=350%2C200","width":350,"height":200},"classes":[]},{"id":74152,"url":"https:\/\/vincentians.com\/fr\/fernand-portal-fils-de-saint-vincent-de-paul\/","url_meta":{"origin":190582,"position":1},"title":"Fernand Portal, Fils de Saint Vincent de Paul","author":"Francisco Javier Fern\u00e1ndez Chento","date":"20\/02\/2015","format":false,"excerpt":"\u00abCelui que vous voyez devant vous est un pr\u00eatre fran\u00e7ais, humble fils de saint Vincent de Paul\u00bb. C'est ainsi que Fernand Portal se pr\u00e9sentait, le 13 juillet 1896, \u00e0 Londres, devant une assembl\u00e9e compos\u00e9e en majeure partie de pr\u00eatres anglicans. En mettant ainsi en avant sa carte d'identit\u00e9 vincentienne, recourait-il\u2026","rel":"","context":"Dans &quot;Biographies Lazaristes&quot;","block_context":{"text":"Biographies Lazaristes","link":"https:\/\/vincentians.com\/fr\/category\/biographies-lazaristes\/"},"img":{"alt_text":"","src":"https:\/\/i0.wp.com\/vincentians.com\/fr\/wp-content\/uploads\/sites\/10\/2016\/08\/bio-congregation-of-the-mission.jpg?fit=1200%2C630&ssl=1&resize=350%2C200","width":350,"height":200,"srcset":"https:\/\/i0.wp.com\/vincentians.com\/fr\/wp-content\/uploads\/sites\/10\/2016\/08\/bio-congregation-of-the-mission.jpg?fit=1200%2C630&ssl=1&resize=350%2C200 1x, https:\/\/i0.wp.com\/vincentians.com\/fr\/wp-content\/uploads\/sites\/10\/2016\/08\/bio-congregation-of-the-mission.jpg?fit=1200%2C630&ssl=1&resize=525%2C300 1.5x, https:\/\/i0.wp.com\/vincentians.com\/fr\/wp-content\/uploads\/sites\/10\/2016\/08\/bio-congregation-of-the-mission.jpg?fit=1200%2C630&ssl=1&resize=700%2C400 2x, https:\/\/i0.wp.com\/vincentians.com\/fr\/wp-content\/uploads\/sites\/10\/2016\/08\/bio-congregation-of-the-mission.jpg?fit=1200%2C630&ssl=1&resize=1050%2C600 3x"},"classes":[]},{"id":45335,"url":"https:\/\/vincentians.com\/fr\/saint-vincent-et-les-missions\/","url_meta":{"origin":190582,"position":2},"title":"Saint Vincent et les Missions","author":"Francisco Javier Fern\u00e1ndez Chento","date":"14\/12\/2014","format":false,"excerpt":"Introduction A.- Lorsque nous essayons d'\u00e9tudier le travail missionnaire de Vincent de Paul et de ses premiers compagnons, nous trouvons une v\u00e9ritable mystique de la Mission; alors que nous d\u00e9sirerions que le Saint nous ait donn\u00e9 aussi une doctrine th\u00e9ologique sur ce qui constitue l'objectif de sa vie, sur ce\u2026","rel":"","context":"Dans &quot;Vincent de Paul&quot;","block_context":{"text":"Vincent de Paul","link":"https:\/\/vincentians.com\/fr\/category\/the-vincentian-family\/founders\/vincent-de-paul\/"},"img":{"alt_text":"Vincent de Paul portrait","src":"https:\/\/i0.wp.com\/vincentiens.org\/wp-content\/uploads\/2014\/12\/Vincent-de-Paul-portrait-300x300.jpg?resize=350%2C200","width":350,"height":200},"classes":[]},{"id":52054,"url":"https:\/\/vincentians.com\/fr\/saint-vincent-de-paul-et-sa-mission-sociale-iii-laction-2\/","url_meta":{"origin":190582,"position":3},"title":"Saint Vincent De Paul Et Sa Mission Sociale. III &#8211; L\u2019action (2)","author":"Francisco Javier Fern\u00e1ndez Chento","date":"26\/12\/2014","format":false,"excerpt":"LA RENAISSANCE RELIGIEUSE. \u2014 Le compl\u00e9ment des missions. \u2014 \u00c9tat du clerg\u00e9 depuis le concile de Trente. \u2014 N\u00e9cessit\u00e9 d\u2019une r\u00e9forme. \u2014 Les exercices des ordinands. \u2014 Saint-Lazare. \u2014 La conf\u00e9rence du mardi. \u2014 Bossuet. \u2014 Les retraites spirituelles. \u2014 Le coll\u00e8ge des Bons-Enfants. \u2014 Vincent de Paul et Olier.\u2026","rel":"","context":"Dans &quot;Vincent de Paul&quot;","block_context":{"text":"Vincent de Paul","link":"https:\/\/vincentians.com\/fr\/category\/the-vincentian-family\/founders\/vincent-de-paul\/"},"img":{"alt_text":"","src":"https:\/\/i0.wp.com\/vincentians.com\/fr\/wp-content\/uploads\/sites\/10\/2016\/07\/vincent-et-sa-action-sociale.jpg?fit=1160%2C630&ssl=1&resize=350%2C200","width":350,"height":200,"srcset":"https:\/\/i0.wp.com\/vincentians.com\/fr\/wp-content\/uploads\/sites\/10\/2016\/07\/vincent-et-sa-action-sociale.jpg?fit=1160%2C630&ssl=1&resize=350%2C200 1x, https:\/\/i0.wp.com\/vincentians.com\/fr\/wp-content\/uploads\/sites\/10\/2016\/07\/vincent-et-sa-action-sociale.jpg?fit=1160%2C630&ssl=1&resize=525%2C300 1.5x, https:\/\/i0.wp.com\/vincentians.com\/fr\/wp-content\/uploads\/sites\/10\/2016\/07\/vincent-et-sa-action-sociale.jpg?fit=1160%2C630&ssl=1&resize=700%2C400 2x, https:\/\/i0.wp.com\/vincentians.com\/fr\/wp-content\/uploads\/sites\/10\/2016\/07\/vincent-et-sa-action-sociale.jpg?fit=1160%2C630&ssl=1&resize=1050%2C600 3x"},"classes":[]},{"id":52057,"url":"https:\/\/vincentians.com\/fr\/saint-vincent-de-paul-et-sa-mission-sociale-iii-laction-3\/","url_meta":{"origin":190582,"position":4},"title":"Saint Vincent De Paul Et Sa Mission Sociale. III &#8211; L\u2019action (3)","author":"Francisco Javier Fern\u00e1ndez Chento","date":"27\/12\/2014","format":false,"excerpt":"LA POLITIQUE ET LA CHARIT\u00c9. \u2014 La charit\u00e9 dans l\u2019\u00c9tat. \u2014 La guerre en Lorraine. \u2014 Vincent de Paul vient au secours de cette malheureuse province. \u2014 Les r\u00e9fugi\u00e9s lorrains \u00e0 Paris. \u2014 Vincent de Paul et Richelieu. \u2014 Les deux politiques. \u2014 Vincent au lit de mort de Louis\u2026","rel":"","context":"Dans &quot;Vincent de Paul&quot;","block_context":{"text":"Vincent de Paul","link":"https:\/\/vincentians.com\/fr\/category\/the-vincentian-family\/founders\/vincent-de-paul\/"},"img":{"alt_text":"","src":"https:\/\/i0.wp.com\/vincentians.com\/fr\/wp-content\/uploads\/sites\/10\/2016\/07\/vincent-et-sa-action-sociale.jpg?fit=1160%2C630&ssl=1&resize=350%2C200","width":350,"height":200,"srcset":"https:\/\/i0.wp.com\/vincentians.com\/fr\/wp-content\/uploads\/sites\/10\/2016\/07\/vincent-et-sa-action-sociale.jpg?fit=1160%2C630&ssl=1&resize=350%2C200 1x, https:\/\/i0.wp.com\/vincentians.com\/fr\/wp-content\/uploads\/sites\/10\/2016\/07\/vincent-et-sa-action-sociale.jpg?fit=1160%2C630&ssl=1&resize=525%2C300 1.5x, https:\/\/i0.wp.com\/vincentians.com\/fr\/wp-content\/uploads\/sites\/10\/2016\/07\/vincent-et-sa-action-sociale.jpg?fit=1160%2C630&ssl=1&resize=700%2C400 2x, https:\/\/i0.wp.com\/vincentians.com\/fr\/wp-content\/uploads\/sites\/10\/2016\/07\/vincent-et-sa-action-sociale.jpg?fit=1160%2C630&ssl=1&resize=1050%2C600 3x"},"classes":[]},{"id":99260,"url":"https:\/\/vincentians.com\/fr\/itineraire-de-monsieur-vincent-des-malheurs-du-temps-a-la-mission-i\/","url_meta":{"origin":190582,"position":5},"title":"Itin\u00e9raire de Monsieur Vincent. Des Malheurs du temps \u00e1 la Mission (I)","author":"Francisco Javier Fern\u00e1ndez Chento","date":"12\/05\/2015","format":false,"excerpt":"Introduction Le but de cette session est de montrer l'actualit\u00e9 de la vis\u00e9e de l'Institut en retrouvant ce qui a dynamis\u00e9 les fondateurs, ce qui les a pouss\u00e9s \u00e1 la mission. Et l'on me demande de montrer comment les blessures des hommes ont contribu\u00e9 \u00e1 envoyer Monsieur Vincent en mission.\u2026","rel":"","context":"Dans &quot;Au temps de Vincent de Paul&quot;","block_context":{"text":"Au temps de Vincent de Paul","link":"https:\/\/vincentians.com\/fr\/category\/au-temps-de-vincent-de-paul\/"},"img":{"alt_text":"","src":"https:\/\/i0.wp.com\/vincentiens.org\/wp-content\/uploads\/2012\/11\/vincent1.jpg?resize=350%2C200","width":350,"height":200},"classes":[]}],"_links":{"self":[{"href":"https:\/\/vincentians.com\/fr\/wp-json\/wp\/v2\/posts\/190582","targetHints":{"allow":["GET"]}}],"collection":[{"href":"https:\/\/vincentians.com\/fr\/wp-json\/wp\/v2\/posts"}],"about":[{"href":"https:\/\/vincentians.com\/fr\/wp-json\/wp\/v2\/types\/post"}],"author":[{"embeddable":true,"href":"https:\/\/vincentians.com\/fr\/wp-json\/wp\/v2\/users\/4"}],"replies":[{"embeddable":true,"href":"https:\/\/vincentians.com\/fr\/wp-json\/wp\/v2\/comments?post=190582"}],"version-history":[{"count":0,"href":"https:\/\/vincentians.com\/fr\/wp-json\/wp\/v2\/posts\/190582\/revisions"}],"wp:featuredmedia":[{"embeddable":true,"href":"https:\/\/vincentians.com\/fr\/wp-json\/wp\/v2\/media\/149897"}],"wp:attachment":[{"href":"https:\/\/vincentians.com\/fr\/wp-json\/wp\/v2\/media?parent=190582"}],"wp:term":[{"taxonomy":"category","embeddable":true,"href":"https:\/\/vincentians.com\/fr\/wp-json\/wp\/v2\/categories?post=190582"},{"taxonomy":"post_tag","embeddable":true,"href":"https:\/\/vincentians.com\/fr\/wp-json\/wp\/v2\/tags?post=190582"}],"curies":[{"name":"wp","href":"https:\/\/api.w.org\/{rel}","templated":true}]}}