{"id":190578,"date":"2017-06-18T00:01:05","date_gmt":"2017-06-17T22:01:05","guid":{"rendered":"http:\/\/vincentians.com\/fr\/?p=190578"},"modified":"2016-08-11T22:25:48","modified_gmt":"2016-08-11T20:25:48","slug":"ephemerides-18-juin","status":"publish","type":"post","link":"https:\/\/vincentians.com\/fr\/ephemerides-18-juin\/","title":{"rendered":"Eph\u00e9m\u00e9rides: 18 juin"},"content":{"rendered":"<p><b>1788<\/b>. \u00c0 Paris, cl\u00f4ture de la seizi\u00e8me Assembl\u00e9e g\u00e9n\u00e9rale. Ses travaux ont \u00e9t\u00e9 mentionn\u00e9s le 4 de ce mois (1).<\/p>\n<p><b>1922<\/b>. \u00c0 Amiens, au presbyt\u00e8re de Sainte-Anne, mort de M. Eug\u00e8ne Delaporte. Il a termin\u00e9 sa vie dans le dioc\u00e8se m\u00eame o\u00f9 il naquit le 5 d\u00e9cembre 1849, et auquel il consacra de nombreuses ann\u00e9es de son sacerdoce. \u00c9l\u00e8ve au Coll\u00e8ge de Montdidier, il s&rsquo;attache \u00e0 cette maison par des sentiments durables qui feront de lui l&rsquo;un des fondateurs de l&rsquo;Amicale des Anciens. A dix-neuf ans, M. Delaporte entrait dans la Compagnie et, une fois pr\u00eatre, ses ann\u00e9es d&rsquo;enseignement dans les petits s\u00e9minaires d&rsquo;Alger et de Nice le pr\u00e9parent \u00e0 briller dans cette m\u00eame fonction au petit s\u00e9minaire d&rsquo;Evreux, dont il devient le sup\u00e9rieur en 1890. Fin lettr\u00e9 et brillant p\u00e9dagogue, administrateur alliant heureusement l&rsquo;habilet\u00e9 et la bont\u00e9, M. Delaporte conquiert l&rsquo;affection des professeurs et des \u00e9l\u00e8ves, et m\u00eame celle des \u00e9v\u00eaques qui se succ\u00e9d\u00e8rent sur le si\u00e8ge d&rsquo;Evreux. En 1902, la loi contre les Congr\u00e9gations le met \u00e0 la porte du petit s\u00e9minaire. Il devient alors cur\u00e9 de Folleville. Son pastorat bienfaisant y est interrompu par la guerre. Les Allemands arr\u00eatent M. Delaporte comme suspect\u00a0; et notre confr\u00e8re s&rsquo;\u00e9tant offert comme otage pour remplacer un p\u00e8re de famille, est emmen\u00e9 en Lithuanie o\u00f9, pendant huit mois, il put appr\u00e9cier en ses vigilants gardiens l&rsquo;art raffin\u00e9 en mati\u00e8re de repr\u00e9sailles. Lib\u00e9r\u00e9, il exerce le minist\u00e8re \u00e0 Sainte-Anne d&rsquo;Amiens, encourag\u00e9 par la promesse que lui a faite l&rsquo;autorit\u00e9 de le r\u00e9tablir \u00e0 Folleville comme cur\u00e9. Mais, avant que les circonstances aient pu permettre la r\u00e9alisation de son d\u00e9sir, la mort vient prendre ce digne confr\u00e8re qui a tant honor\u00e9, par ses talents et par sa vie, sa famille religieuse et son dioc\u00e8se natal (2).<\/p>\n<p><b>1952<\/b>. De Rome, \u00e0 l&rsquo;occasion du bicentenaire de la mort d&rsquo;Alb\u00e9roni, Pie XII adresse \u00e0 l&rsquo;archev\u00eaque de Plaisance une lettre dans laquelle, \u00e0 propos du coll\u00e8ge, fond\u00e9 par le cardinal, Sa Saintet\u00e9 d\u00e9clare\u00a0: \u00abNous est sp\u00e9cialement agr\u00e9able la consid\u00e9ration de cette \u0153uvre totalement confi\u00e9e aux membres de la Congr\u00e9gation de la Mission, dont la prudence et la comp\u00e9tence veillent sur la formation des clercs&#8230; En cette longue suite d&rsquo;ann\u00e9es, la moisson s&rsquo;est r\u00e9v\u00e9l\u00e9e sp\u00e9cialement f\u00e9conde pour l&rsquo;utilit\u00e9 et les progr\u00e8s de l&rsquo;\u00c9glise. Elle demeure le grand honneur de ce coll\u00e8ge, de m\u00eame qu&rsquo;elle reste un gage de 1 assurance que ces fruits iront croissants pour dilater la commune joie de tous\u00bb. Ces paroles du Souverain Pontife \u00e9taient le meilleur pr\u00e9ambule pour les festivit\u00e9s qui, une semaine plus tard, vont c\u00e9l\u00e9brer la naissance, il y a deux si\u00e8cles, de l&rsquo;illustre cardinal Alb\u00e9roni. Mais, par-dessus tout, le document pontical reste, pour nos confr\u00e8res de Plaisance, le plus pr\u00e9cieux des encouragements (3).<\/p>\n<dl>\n<dd>1) Circulaires, t. I, p. 203.<\/dd>\n<dd>2) Annales, t. 88. pp. 138-140.<\/dd>\n<dd>3) Annales, t. 117, p 268.<\/dd>\n<\/dl>\n","protected":false},"excerpt":{"rendered":"<p>1788. \u00c0 Paris, cl\u00f4ture de la seizi\u00e8me Assembl\u00e9e g\u00e9n\u00e9rale. Ses travaux ont \u00e9t\u00e9 mentionn\u00e9s le 4 de ce mois (1). 1922. \u00c0 Amiens, au presbyt\u00e8re de Sainte-Anne, mort de M. Eug\u00e8ne Delaporte. Il a termin\u00e9 &#8230; <a href=\"https:\/\/vincentians.com\/fr\/ephemerides-18-juin\/\" class=\"more-link\">Read More<\/a><\/p>\n","protected":false},"author":4,"featured_media":149897,"comment_status":"open","ping_status":"open","sticky":false,"template":"","format":"standard","meta":{"jetpack_post_was_ever_published":false,"_jetpack_newsletter_access":"","_jetpack_dont_email_post_to_subs":false,"_jetpack_newsletter_tier_id":0,"_jetpack_memberships_contains_paywalled_content":false,"_jetpack_memberships_contains_paid_content":false,"footnotes":"","jetpack_publicize_message":"","jetpack_publicize_feature_enabled":true,"jetpack_social_post_already_shared":true,"jetpack_social_options":{"image_generator_settings":{"template":"highway","default_image_id":0,"font":"","enabled":false},"version":2}},"categories":[119],"tags":[],"class_list":["post-190578","post","type-post","status-publish","format-standard","has-post-thumbnail","hentry","category-ephemerides-vincentiens"],"yoast_head":"<!-- This site is optimized with the Yoast SEO plugin v26.3 - https:\/\/yoast.com\/wordpress\/plugins\/seo\/ -->\n<title>Eph\u00e9m\u00e9rides: 18 juin - Nous Sommes Vincentiens<\/title>\n<meta name=\"robots\" content=\"index, follow, max-snippet:-1, max-image-preview:large, max-video-preview:-1\" \/>\n<link rel=\"canonical\" href=\"https:\/\/vincentians.com\/fr\/ephemerides-18-juin\/\" \/>\n<meta property=\"og:locale\" content=\"fr_FR\" \/>\n<meta property=\"og:type\" content=\"article\" \/>\n<meta property=\"og:title\" content=\"Eph\u00e9m\u00e9rides: 18 juin - Nous Sommes Vincentiens\" \/>\n<meta property=\"og:description\" content=\"1788. \u00c0 Paris, cl\u00f4ture de la seizi\u00e8me Assembl\u00e9e g\u00e9n\u00e9rale. Ses travaux ont \u00e9t\u00e9 mentionn\u00e9s le 4 de ce mois (1). 1922. \u00c0 Amiens, au presbyt\u00e8re de Sainte-Anne, mort de M. Eug\u00e8ne Delaporte. Il a termin\u00e9 ... Read More\" \/>\n<meta property=\"og:url\" content=\"https:\/\/vincentians.com\/fr\/ephemerides-18-juin\/\" \/>\n<meta property=\"og:site_name\" content=\"Nous Sommes Vincentiens\" \/>\n<meta property=\"article:publisher\" content=\"https:\/\/www.facebook.com\/WeAreVincentians\/\" \/>\n<meta property=\"article:author\" content=\"https:\/\/www.facebook.com\/JavierChento\" \/>\n<meta property=\"article:published_time\" content=\"2017-06-17T22:01:05+00:00\" \/>\n<meta property=\"og:image\" content=\"https:\/\/i0.wp.com\/vincentians.com\/fr\/wp-content\/uploads\/sites\/10\/2016\/07\/ephemerides-fb.jpg?fit=1200%2C630&ssl=1\" \/>\n\t<meta property=\"og:image:width\" content=\"1200\" \/>\n\t<meta property=\"og:image:height\" content=\"630\" \/>\n\t<meta property=\"og:image:type\" content=\"image\/jpeg\" \/>\n<meta name=\"author\" content=\"Francisco Javier Fern\u00e1ndez Chento\" \/>\n<meta name=\"twitter:card\" content=\"summary_large_image\" \/>\n<meta name=\"twitter:creator\" content=\"@https:\/\/twitter.com\/javierchento\" \/>\n<meta name=\"twitter:site\" content=\"@WeVincentians\" \/>\n<meta name=\"twitter:label1\" content=\"\u00c9crit par\" \/>\n\t<meta name=\"twitter:data1\" content=\"Francisco Javier Fern\u00e1ndez Chento\" \/>\n\t<meta name=\"twitter:label2\" content=\"Dur\u00e9e de lecture estim\u00e9e\" \/>\n\t<meta name=\"twitter:data2\" content=\"3 minutes\" \/>\n<script type=\"application\/ld+json\" class=\"yoast-schema-graph\">{\"@context\":\"https:\/\/schema.org\",\"@graph\":[{\"@type\":\"WebPage\",\"@id\":\"https:\/\/vincentians.com\/fr\/ephemerides-18-juin\/\",\"url\":\"https:\/\/vincentians.com\/fr\/ephemerides-18-juin\/\",\"name\":\"Eph\u00e9m\u00e9rides: 18 juin - Nous Sommes Vincentiens\",\"isPartOf\":{\"@id\":\"https:\/\/vincentians.com\/fr\/#website\"},\"primaryImageOfPage\":{\"@id\":\"https:\/\/vincentians.com\/fr\/ephemerides-18-juin\/#primaryimage\"},\"image\":{\"@id\":\"https:\/\/vincentians.com\/fr\/ephemerides-18-juin\/#primaryimage\"},\"thumbnailUrl\":\"https:\/\/i0.wp.com\/vincentians.com\/fr\/wp-content\/uploads\/sites\/10\/2016\/07\/ephemerides-fb.jpg?fit=1200%2C630&ssl=1\",\"datePublished\":\"2017-06-17T22:01:05+00:00\",\"author\":{\"@id\":\"https:\/\/vincentians.com\/fr\/#\/schema\/person\/9623ef4d9aa3b2dfb8c061f1499288f2\"},\"breadcrumb\":{\"@id\":\"https:\/\/vincentians.com\/fr\/ephemerides-18-juin\/#breadcrumb\"},\"inLanguage\":\"fr-FR\",\"potentialAction\":[{\"@type\":\"ReadAction\",\"target\":[\"https:\/\/vincentians.com\/fr\/ephemerides-18-juin\/\"]}]},{\"@type\":\"ImageObject\",\"inLanguage\":\"fr-FR\",\"@id\":\"https:\/\/vincentians.com\/fr\/ephemerides-18-juin\/#primaryimage\",\"url\":\"https:\/\/i0.wp.com\/vincentians.com\/fr\/wp-content\/uploads\/sites\/10\/2016\/07\/ephemerides-fb.jpg?fit=1200%2C630&ssl=1\",\"contentUrl\":\"https:\/\/i0.wp.com\/vincentians.com\/fr\/wp-content\/uploads\/sites\/10\/2016\/07\/ephemerides-fb.jpg?fit=1200%2C630&ssl=1\",\"width\":1200,\"height\":630},{\"@type\":\"BreadcrumbList\",\"@id\":\"https:\/\/vincentians.com\/fr\/ephemerides-18-juin\/#breadcrumb\",\"itemListElement\":[{\"@type\":\"ListItem\",\"position\":1,\"name\":\"Portada\",\"item\":\"https:\/\/vincentians.com\/fr\/\"},{\"@type\":\"ListItem\",\"position\":2,\"name\":\"Eph\u00e9m\u00e9rides: 18 juin\"}]},{\"@type\":\"WebSite\",\"@id\":\"https:\/\/vincentians.com\/fr\/#website\",\"url\":\"https:\/\/vincentians.com\/fr\/\",\"name\":\"Nous Sommes Vincentiens\",\"description\":\"Know more to serve more\",\"potentialAction\":[{\"@type\":\"SearchAction\",\"target\":{\"@type\":\"EntryPoint\",\"urlTemplate\":\"https:\/\/vincentians.com\/fr\/?s={search_term_string}\"},\"query-input\":{\"@type\":\"PropertyValueSpecification\",\"valueRequired\":true,\"valueName\":\"search_term_string\"}}],\"inLanguage\":\"fr-FR\"},{\"@type\":\"Person\",\"@id\":\"https:\/\/vincentians.com\/fr\/#\/schema\/person\/9623ef4d9aa3b2dfb8c061f1499288f2\",\"name\":\"Francisco Javier Fern\u00e1ndez Chento\",\"image\":{\"@type\":\"ImageObject\",\"inLanguage\":\"fr-FR\",\"@id\":\"https:\/\/vincentians.com\/fr\/#\/schema\/person\/image\/\",\"url\":\"https:\/\/secure.gravatar.com\/avatar\/497d5cde87b4c3d097d0315953521681ba2cd523ee66e5077c3711f7021e65de?s=96&d=mm&r=g\",\"contentUrl\":\"https:\/\/secure.gravatar.com\/avatar\/497d5cde87b4c3d097d0315953521681ba2cd523ee66e5077c3711f7021e65de?s=96&d=mm&r=g\",\"caption\":\"Francisco Javier Fern\u00e1ndez Chento\"},\"description\":\"Director General y cofundador de La Red de Formaci\u00f3n Vicenciana. Javier es laico vicenciano, afiliado a la Congregaci\u00f3n de la Misi\u00f3n y miembro del Equipo de Misiones Populares de la provincia can\u00f3nica de Zaragoza (Espa\u00f1a) de la Congregaci\u00f3n de la Misi\u00f3n. Graduado en la Universidad Oberta de Catalunya con cuatro grados (Asistente de direcci\u00f3n, Gesti\u00f3n Administrativa, Recursos Humanos y Contabilidad Avanzada). Bil\u00edng\u00fce Espa\u00f1ol\/Ingl\u00e9s. gestiona y mantiene varias p\u00e1ginas web cristianas y vicencianas, incluida including La Red de Formaci\u00f3n Vicenciana, de la que es cofundador. Actualmente es responsable del \u00e1rea de Espa\u00f1ol de .famvin, la Red de Noticias de la Familia Vicenciana. Tambi\u00e9n es m\u00fasico cat\u00f3lico y ha editado varios discos. Es Director General y cofundador de Trovador, una reconocida compa\u00f1\u00eda discogr\u00e1fica critiana de Espa\u00f1a. Trabaja en las Tecnolog\u00edas de la Informaci\u00f3n, ofreciendo servicios de alojamiento, dise\u00f1o y mantenimiento Web, as\u00ed como asesoramiento, formaci\u00f3n y soluciones inform\u00e1ticas, gesti\u00f3n documental y digitalizaci\u00f3n de textos, edici\u00f3n y maquetaci\u00f3n de libros, revistas, flyers, etc.\",\"sameAs\":[\"http:\/\/chento.org\",\"https:\/\/www.facebook.com\/JavierChento\",\"https:\/\/x.com\/https:\/\/twitter.com\/javierchento\"],\"url\":\"https:\/\/vincentians.com\/fr\/author\/chento\/\"}]}<\/script>\n<!-- \/ Yoast SEO plugin. -->","yoast_head_json":{"title":"Eph\u00e9m\u00e9rides: 18 juin - Nous Sommes Vincentiens","robots":{"index":"index","follow":"follow","max-snippet":"max-snippet:-1","max-image-preview":"max-image-preview:large","max-video-preview":"max-video-preview:-1"},"canonical":"https:\/\/vincentians.com\/fr\/ephemerides-18-juin\/","og_locale":"fr_FR","og_type":"article","og_title":"Eph\u00e9m\u00e9rides: 18 juin - Nous Sommes Vincentiens","og_description":"1788. \u00c0 Paris, cl\u00f4ture de la seizi\u00e8me Assembl\u00e9e g\u00e9n\u00e9rale. Ses travaux ont \u00e9t\u00e9 mentionn\u00e9s le 4 de ce mois (1). 1922. \u00c0 Amiens, au presbyt\u00e8re de Sainte-Anne, mort de M. Eug\u00e8ne Delaporte. Il a termin\u00e9 ... Read More","og_url":"https:\/\/vincentians.com\/fr\/ephemerides-18-juin\/","og_site_name":"Nous Sommes Vincentiens","article_publisher":"https:\/\/www.facebook.com\/WeAreVincentians\/","article_author":"https:\/\/www.facebook.com\/JavierChento","article_published_time":"2017-06-17T22:01:05+00:00","og_image":[{"width":1200,"height":630,"url":"https:\/\/i0.wp.com\/vincentians.com\/fr\/wp-content\/uploads\/sites\/10\/2016\/07\/ephemerides-fb.jpg?fit=1200%2C630&ssl=1","type":"image\/jpeg"}],"author":"Francisco Javier Fern\u00e1ndez Chento","twitter_card":"summary_large_image","twitter_creator":"@https:\/\/twitter.com\/javierchento","twitter_site":"@WeVincentians","twitter_misc":{"\u00c9crit par":"Francisco Javier Fern\u00e1ndez Chento","Dur\u00e9e de lecture estim\u00e9e":"3 minutes"},"schema":{"@context":"https:\/\/schema.org","@graph":[{"@type":"WebPage","@id":"https:\/\/vincentians.com\/fr\/ephemerides-18-juin\/","url":"https:\/\/vincentians.com\/fr\/ephemerides-18-juin\/","name":"Eph\u00e9m\u00e9rides: 18 juin - Nous Sommes Vincentiens","isPartOf":{"@id":"https:\/\/vincentians.com\/fr\/#website"},"primaryImageOfPage":{"@id":"https:\/\/vincentians.com\/fr\/ephemerides-18-juin\/#primaryimage"},"image":{"@id":"https:\/\/vincentians.com\/fr\/ephemerides-18-juin\/#primaryimage"},"thumbnailUrl":"https:\/\/i0.wp.com\/vincentians.com\/fr\/wp-content\/uploads\/sites\/10\/2016\/07\/ephemerides-fb.jpg?fit=1200%2C630&ssl=1","datePublished":"2017-06-17T22:01:05+00:00","author":{"@id":"https:\/\/vincentians.com\/fr\/#\/schema\/person\/9623ef4d9aa3b2dfb8c061f1499288f2"},"breadcrumb":{"@id":"https:\/\/vincentians.com\/fr\/ephemerides-18-juin\/#breadcrumb"},"inLanguage":"fr-FR","potentialAction":[{"@type":"ReadAction","target":["https:\/\/vincentians.com\/fr\/ephemerides-18-juin\/"]}]},{"@type":"ImageObject","inLanguage":"fr-FR","@id":"https:\/\/vincentians.com\/fr\/ephemerides-18-juin\/#primaryimage","url":"https:\/\/i0.wp.com\/vincentians.com\/fr\/wp-content\/uploads\/sites\/10\/2016\/07\/ephemerides-fb.jpg?fit=1200%2C630&ssl=1","contentUrl":"https:\/\/i0.wp.com\/vincentians.com\/fr\/wp-content\/uploads\/sites\/10\/2016\/07\/ephemerides-fb.jpg?fit=1200%2C630&ssl=1","width":1200,"height":630},{"@type":"BreadcrumbList","@id":"https:\/\/vincentians.com\/fr\/ephemerides-18-juin\/#breadcrumb","itemListElement":[{"@type":"ListItem","position":1,"name":"Portada","item":"https:\/\/vincentians.com\/fr\/"},{"@type":"ListItem","position":2,"name":"Eph\u00e9m\u00e9rides: 18 juin"}]},{"@type":"WebSite","@id":"https:\/\/vincentians.com\/fr\/#website","url":"https:\/\/vincentians.com\/fr\/","name":"Nous Sommes Vincentiens","description":"Know more to serve more","potentialAction":[{"@type":"SearchAction","target":{"@type":"EntryPoint","urlTemplate":"https:\/\/vincentians.com\/fr\/?s={search_term_string}"},"query-input":{"@type":"PropertyValueSpecification","valueRequired":true,"valueName":"search_term_string"}}],"inLanguage":"fr-FR"},{"@type":"Person","@id":"https:\/\/vincentians.com\/fr\/#\/schema\/person\/9623ef4d9aa3b2dfb8c061f1499288f2","name":"Francisco Javier Fern\u00e1ndez Chento","image":{"@type":"ImageObject","inLanguage":"fr-FR","@id":"https:\/\/vincentians.com\/fr\/#\/schema\/person\/image\/","url":"https:\/\/secure.gravatar.com\/avatar\/497d5cde87b4c3d097d0315953521681ba2cd523ee66e5077c3711f7021e65de?s=96&d=mm&r=g","contentUrl":"https:\/\/secure.gravatar.com\/avatar\/497d5cde87b4c3d097d0315953521681ba2cd523ee66e5077c3711f7021e65de?s=96&d=mm&r=g","caption":"Francisco Javier Fern\u00e1ndez Chento"},"description":"Director General y cofundador de La Red de Formaci\u00f3n Vicenciana. Javier es laico vicenciano, afiliado a la Congregaci\u00f3n de la Misi\u00f3n y miembro del Equipo de Misiones Populares de la provincia can\u00f3nica de Zaragoza (Espa\u00f1a) de la Congregaci\u00f3n de la Misi\u00f3n. Graduado en la Universidad Oberta de Catalunya con cuatro grados (Asistente de direcci\u00f3n, Gesti\u00f3n Administrativa, Recursos Humanos y Contabilidad Avanzada). Bil\u00edng\u00fce Espa\u00f1ol\/Ingl\u00e9s. gestiona y mantiene varias p\u00e1ginas web cristianas y vicencianas, incluida including La Red de Formaci\u00f3n Vicenciana, de la que es cofundador. Actualmente es responsable del \u00e1rea de Espa\u00f1ol de .famvin, la Red de Noticias de la Familia Vicenciana. Tambi\u00e9n es m\u00fasico cat\u00f3lico y ha editado varios discos. Es Director General y cofundador de Trovador, una reconocida compa\u00f1\u00eda discogr\u00e1fica critiana de Espa\u00f1a. Trabaja en las Tecnolog\u00edas de la Informaci\u00f3n, ofreciendo servicios de alojamiento, dise\u00f1o y mantenimiento Web, as\u00ed como asesoramiento, formaci\u00f3n y soluciones inform\u00e1ticas, gesti\u00f3n documental y digitalizaci\u00f3n de textos, edici\u00f3n y maquetaci\u00f3n de libros, revistas, flyers, etc.","sameAs":["http:\/\/chento.org","https:\/\/www.facebook.com\/JavierChento","https:\/\/x.com\/https:\/\/twitter.com\/javierchento"],"url":"https:\/\/vincentians.com\/fr\/author\/chento\/"}]}},"jetpack_publicize_connections":[],"jetpack_featured_media_url":"https:\/\/i0.wp.com\/vincentians.com\/fr\/wp-content\/uploads\/sites\/10\/2016\/07\/ephemerides-fb.jpg?fit=1200%2C630&ssl=1","jetpack_sharing_enabled":true,"jetpack_shortlink":"https:\/\/wp.me\/p7ETMP-NzQ","jetpack-related-posts":[{"id":104148,"url":"https:\/\/vincentians.com\/fr\/ephemerides-15-novembre\/","url_meta":{"origin":190578,"position":0},"title":"Eph\u00e9m\u00e9rides: 15 novembre","author":"Francisco Javier Fern\u00e1ndez Chento","date":"15\/11\/2016","format":false,"excerpt":"1881. Mort de S\u0153ur Gain, fondatrice d\u2019un h\u00f4pital ottoman \u00e0 Constantinople. Partie en Mission avant ses V\u0153ux, elle fit merveille \u00e0 la visite des Pauvres. Lors de l\u2019\u00e9pid\u00e9mie de chol\u00e9ra en 1865, on am\u00e8ne les contagieux dans un caf\u00e9 turc o\u00f9 il faut organiser une ambulance. Mais il y a\u2026","rel":"","context":"Dans &quot;\u00c9ph\u00e9m\u00e9rides vincentiens&quot;","block_context":{"text":"\u00c9ph\u00e9m\u00e9rides vincentiens","link":"https:\/\/vincentians.com\/fr\/category\/ephemerides-vincentiens\/"},"img":{"alt_text":"","src":"https:\/\/i0.wp.com\/vincentians.com\/fr\/wp-content\/uploads\/sites\/10\/2016\/07\/ephemerides-fb.jpg?fit=1200%2C630&ssl=1&resize=350%2C200","width":350,"height":200,"srcset":"https:\/\/i0.wp.com\/vincentians.com\/fr\/wp-content\/uploads\/sites\/10\/2016\/07\/ephemerides-fb.jpg?fit=1200%2C630&ssl=1&resize=350%2C200 1x, https:\/\/i0.wp.com\/vincentians.com\/fr\/wp-content\/uploads\/sites\/10\/2016\/07\/ephemerides-fb.jpg?fit=1200%2C630&ssl=1&resize=525%2C300 1.5x, https:\/\/i0.wp.com\/vincentians.com\/fr\/wp-content\/uploads\/sites\/10\/2016\/07\/ephemerides-fb.jpg?fit=1200%2C630&ssl=1&resize=700%2C400 2x, https:\/\/i0.wp.com\/vincentians.com\/fr\/wp-content\/uploads\/sites\/10\/2016\/07\/ephemerides-fb.jpg?fit=1200%2C630&ssl=1&resize=1050%2C600 3x"},"classes":[]},{"id":107804,"url":"https:\/\/vincentians.com\/fr\/ephemerides-23-janvier\/","url_meta":{"origin":190578,"position":1},"title":"Eph\u00e9m\u00e9rides: 23 janvier","author":"Francisco Javier Fern\u00e1ndez Chento","date":"23\/01\/2017","format":false,"excerpt":"En 1658, \u00e0 Saint-Lazare , Monsieur Vincent signe les patentes qui conf\u00e8rent \u00e0 Edme Jolly les pouvoirs de visiteur pour l'Italie. Depuis dix ans d\u00e9j\u00e0, Edme Jolly est romain : apr\u00e8s dix-huit mois de s\u00e9minaire, et \u00e2g\u00e9 de vingt-six ans, il a \u00e9t\u00e9 envoy\u00e9 dans la Ville Eternelle. Pr\u00eatre \u00e0\u2026","rel":"","context":"Dans &quot;\u00c9ph\u00e9m\u00e9rides vincentiens&quot;","block_context":{"text":"\u00c9ph\u00e9m\u00e9rides vincentiens","link":"https:\/\/vincentians.com\/fr\/category\/ephemerides-vincentiens\/"},"img":{"alt_text":"","src":"https:\/\/i0.wp.com\/vincentians.com\/fr\/wp-content\/uploads\/sites\/10\/2016\/07\/ephemerides-fb.jpg?fit=1200%2C630&ssl=1&resize=350%2C200","width":350,"height":200,"srcset":"https:\/\/i0.wp.com\/vincentians.com\/fr\/wp-content\/uploads\/sites\/10\/2016\/07\/ephemerides-fb.jpg?fit=1200%2C630&ssl=1&resize=350%2C200 1x, https:\/\/i0.wp.com\/vincentians.com\/fr\/wp-content\/uploads\/sites\/10\/2016\/07\/ephemerides-fb.jpg?fit=1200%2C630&ssl=1&resize=525%2C300 1.5x, https:\/\/i0.wp.com\/vincentians.com\/fr\/wp-content\/uploads\/sites\/10\/2016\/07\/ephemerides-fb.jpg?fit=1200%2C630&ssl=1&resize=700%2C400 2x, https:\/\/i0.wp.com\/vincentians.com\/fr\/wp-content\/uploads\/sites\/10\/2016\/07\/ephemerides-fb.jpg?fit=1200%2C630&ssl=1&resize=1050%2C600 3x"},"classes":[]},{"id":190187,"url":"https:\/\/vincentians.com\/fr\/ephemerides-27-septembre\/","url_meta":{"origin":190578,"position":2},"title":"Eph\u00e9m\u00e9rides : 27 septembre","author":"Francisco Javier Fern\u00e1ndez Chento","date":"27\/09\/2016","format":false,"excerpt":"1660. \u00c0 Paris, \u00e0 cinq heures moins le quart du matin, dans sa chambre, sur sa chaise, pr\u00e8s du feu, et tout habill\u00e9, sans effort ni convulsion, Monsieur Vincent meurt. Et son visage, son visage de quatre-vingts ans, rev\u00eat aussit\u00f4t une majestueuse beaut\u00e9, dont tout le monde s\u2019\u00e9tonne. Bien que,\u2026","rel":"","context":"Dans &quot;\u00c9ph\u00e9m\u00e9rides vincentiens&quot;","block_context":{"text":"\u00c9ph\u00e9m\u00e9rides vincentiens","link":"https:\/\/vincentians.com\/fr\/category\/ephemerides-vincentiens\/"},"img":{"alt_text":"","src":"https:\/\/i0.wp.com\/vincentians.com\/fr\/wp-content\/uploads\/sites\/10\/2016\/07\/ephemerides-fb.jpg?fit=1200%2C630&ssl=1&resize=350%2C200","width":350,"height":200,"srcset":"https:\/\/i0.wp.com\/vincentians.com\/fr\/wp-content\/uploads\/sites\/10\/2016\/07\/ephemerides-fb.jpg?fit=1200%2C630&ssl=1&resize=350%2C200 1x, https:\/\/i0.wp.com\/vincentians.com\/fr\/wp-content\/uploads\/sites\/10\/2016\/07\/ephemerides-fb.jpg?fit=1200%2C630&ssl=1&resize=525%2C300 1.5x, https:\/\/i0.wp.com\/vincentians.com\/fr\/wp-content\/uploads\/sites\/10\/2016\/07\/ephemerides-fb.jpg?fit=1200%2C630&ssl=1&resize=700%2C400 2x, https:\/\/i0.wp.com\/vincentians.com\/fr\/wp-content\/uploads\/sites\/10\/2016\/07\/ephemerides-fb.jpg?fit=1200%2C630&ssl=1&resize=1050%2C600 3x"},"classes":[]},{"id":105526,"url":"https:\/\/vincentians.com\/fr\/ephemerides-2-janvier\/","url_meta":{"origin":190578,"position":3},"title":"Eph\u00e9m\u00e9rides: 2 janvier","author":"Francisco Javier Fern\u00e1ndez Chento","date":"02\/01\/2017","format":false,"excerpt":"1640. Les premi\u00e8res S\u0153urs sont envoy\u00e9es par saint Vincent soigner les Gal\u00e9riens malades, pour lesquels il a obtenu la Tour Saint-Bernard qui leur servira d\u2019h\u00f4pital\u00a0: \u201cEn assistant ces pauvres gens, \u00e9crit sainte Louise, elles lui rendront un service qui agr\u00e9e \u00e0 Dieu autant que s\u2019il \u00e9tait fait \u00e0 la personne\u2026","rel":"","context":"Dans &quot;\u00c9ph\u00e9m\u00e9rides vincentiens&quot;","block_context":{"text":"\u00c9ph\u00e9m\u00e9rides vincentiens","link":"https:\/\/vincentians.com\/fr\/category\/ephemerides-vincentiens\/"},"img":{"alt_text":"","src":"https:\/\/i0.wp.com\/vincentians.com\/fr\/wp-content\/uploads\/sites\/10\/2016\/07\/ephemerides-fb.jpg?fit=1200%2C630&ssl=1&resize=350%2C200","width":350,"height":200,"srcset":"https:\/\/i0.wp.com\/vincentians.com\/fr\/wp-content\/uploads\/sites\/10\/2016\/07\/ephemerides-fb.jpg?fit=1200%2C630&ssl=1&resize=350%2C200 1x, https:\/\/i0.wp.com\/vincentians.com\/fr\/wp-content\/uploads\/sites\/10\/2016\/07\/ephemerides-fb.jpg?fit=1200%2C630&ssl=1&resize=525%2C300 1.5x, https:\/\/i0.wp.com\/vincentians.com\/fr\/wp-content\/uploads\/sites\/10\/2016\/07\/ephemerides-fb.jpg?fit=1200%2C630&ssl=1&resize=700%2C400 2x, https:\/\/i0.wp.com\/vincentians.com\/fr\/wp-content\/uploads\/sites\/10\/2016\/07\/ephemerides-fb.jpg?fit=1200%2C630&ssl=1&resize=1050%2C600 3x"},"classes":[]},{"id":105257,"url":"https:\/\/vincentians.com\/fr\/ephemerides-26-decembre\/","url_meta":{"origin":190578,"position":4},"title":"Eph\u00e9m\u00e9rides: 26 d\u00e9cembre","author":"Francisco Javier Fern\u00e1ndez Chento","date":"26\/12\/2016","format":false,"excerpt":"1703. \u00c0 Saint-Malo, Th\u00e9odoric Pedrini s\u2019embarque pour la Chine. Il appartient \u00e0 la Compagnie depuis cinq ans. Son g\u00e9nie musical l\u2019a d\u00e9sign\u00e9 pour aider le cardinal de Tournon dans sa l\u00e9gation aupr\u00e8s de la Cour de P\u00e9kin. Pedrini n\u2019arrivera \u00e0 Macao qu\u2019au bout de six ans, apr\u00e8s \u00eatre pass\u00e9 par\u2026","rel":"","context":"Dans &quot;\u00c9ph\u00e9m\u00e9rides vincentiens&quot;","block_context":{"text":"\u00c9ph\u00e9m\u00e9rides vincentiens","link":"https:\/\/vincentians.com\/fr\/category\/ephemerides-vincentiens\/"},"img":{"alt_text":"","src":"https:\/\/i0.wp.com\/vincentians.com\/fr\/wp-content\/uploads\/sites\/10\/2016\/07\/ephemerides-fb.jpg?fit=1200%2C630&ssl=1&resize=350%2C200","width":350,"height":200,"srcset":"https:\/\/i0.wp.com\/vincentians.com\/fr\/wp-content\/uploads\/sites\/10\/2016\/07\/ephemerides-fb.jpg?fit=1200%2C630&ssl=1&resize=350%2C200 1x, https:\/\/i0.wp.com\/vincentians.com\/fr\/wp-content\/uploads\/sites\/10\/2016\/07\/ephemerides-fb.jpg?fit=1200%2C630&ssl=1&resize=525%2C300 1.5x, https:\/\/i0.wp.com\/vincentians.com\/fr\/wp-content\/uploads\/sites\/10\/2016\/07\/ephemerides-fb.jpg?fit=1200%2C630&ssl=1&resize=700%2C400 2x, https:\/\/i0.wp.com\/vincentians.com\/fr\/wp-content\/uploads\/sites\/10\/2016\/07\/ephemerides-fb.jpg?fit=1200%2C630&ssl=1&resize=1050%2C600 3x"},"classes":[]},{"id":190340,"url":"https:\/\/vincentians.com\/fr\/ephemerides-19-mars\/","url_meta":{"origin":190578,"position":5},"title":"Eph\u00e9m\u00e9rides : 19 mars","author":"Francisco Javier Fern\u00e1ndez Chento","date":"19\/03\/2017","format":false,"excerpt":"l794. Au Mans, Jean Guibaud est guillotin\u00e9. Il \u00e9tait n\u00e9 le 25 janvier 176l, aux Toucas pr\u00e8s de Solli\u00e8s, dans le Var. Apr\u00e8s son ordination, il fut plac\u00e9 au Mans\u00a0; il y donna des missions jusqu'au jour o\u00f9, en 1792, un \u00e9v\u00eaque constitutionnel fut install\u00e9 dans la ville. Quand le\u2026","rel":"","context":"Dans &quot;\u00c9ph\u00e9m\u00e9rides vincentiens&quot;","block_context":{"text":"\u00c9ph\u00e9m\u00e9rides vincentiens","link":"https:\/\/vincentians.com\/fr\/category\/ephemerides-vincentiens\/"},"img":{"alt_text":"","src":"https:\/\/i0.wp.com\/vincentians.com\/fr\/wp-content\/uploads\/sites\/10\/2016\/07\/ephemerides-fb.jpg?fit=1200%2C630&ssl=1&resize=350%2C200","width":350,"height":200,"srcset":"https:\/\/i0.wp.com\/vincentians.com\/fr\/wp-content\/uploads\/sites\/10\/2016\/07\/ephemerides-fb.jpg?fit=1200%2C630&ssl=1&resize=350%2C200 1x, https:\/\/i0.wp.com\/vincentians.com\/fr\/wp-content\/uploads\/sites\/10\/2016\/07\/ephemerides-fb.jpg?fit=1200%2C630&ssl=1&resize=525%2C300 1.5x, https:\/\/i0.wp.com\/vincentians.com\/fr\/wp-content\/uploads\/sites\/10\/2016\/07\/ephemerides-fb.jpg?fit=1200%2C630&ssl=1&resize=700%2C400 2x, https:\/\/i0.wp.com\/vincentians.com\/fr\/wp-content\/uploads\/sites\/10\/2016\/07\/ephemerides-fb.jpg?fit=1200%2C630&ssl=1&resize=1050%2C600 3x"},"classes":[]}],"_links":{"self":[{"href":"https:\/\/vincentians.com\/fr\/wp-json\/wp\/v2\/posts\/190578","targetHints":{"allow":["GET"]}}],"collection":[{"href":"https:\/\/vincentians.com\/fr\/wp-json\/wp\/v2\/posts"}],"about":[{"href":"https:\/\/vincentians.com\/fr\/wp-json\/wp\/v2\/types\/post"}],"author":[{"embeddable":true,"href":"https:\/\/vincentians.com\/fr\/wp-json\/wp\/v2\/users\/4"}],"replies":[{"embeddable":true,"href":"https:\/\/vincentians.com\/fr\/wp-json\/wp\/v2\/comments?post=190578"}],"version-history":[{"count":0,"href":"https:\/\/vincentians.com\/fr\/wp-json\/wp\/v2\/posts\/190578\/revisions"}],"wp:featuredmedia":[{"embeddable":true,"href":"https:\/\/vincentians.com\/fr\/wp-json\/wp\/v2\/media\/149897"}],"wp:attachment":[{"href":"https:\/\/vincentians.com\/fr\/wp-json\/wp\/v2\/media?parent=190578"}],"wp:term":[{"taxonomy":"category","embeddable":true,"href":"https:\/\/vincentians.com\/fr\/wp-json\/wp\/v2\/categories?post=190578"},{"taxonomy":"post_tag","embeddable":true,"href":"https:\/\/vincentians.com\/fr\/wp-json\/wp\/v2\/tags?post=190578"}],"curies":[{"name":"wp","href":"https:\/\/api.w.org\/{rel}","templated":true}]}}