{"id":190577,"date":"2017-06-05T00:01:05","date_gmt":"2017-06-04T22:01:05","guid":{"rendered":"http:\/\/vincentians.com\/fr\/?p=190577"},"modified":"2016-08-11T22:20:38","modified_gmt":"2016-08-11T20:20:38","slug":"ephemerides-05-juin","status":"publish","type":"post","link":"https:\/\/vincentians.com\/fr\/ephemerides-05-juin\/","title":{"rendered":"Eph\u00e9m\u00e9rides: 05 juin"},"content":{"rendered":"<p><b>1857<\/b>. \u00c0 Nantes, le P. Etienne s&#8217;embarque \u00e0 destination du Portugal. Il est invit\u00e9 par l&rsquo;imp\u00e9ratrice douairi\u00e8re du Br\u00e9sil, tante du roi de Portugal, \u00e0 venir \u00e0 Lisbonne pour y r\u00e9gler les d\u00e9tails de l&rsquo;\u00e9tablissement des Filles de la Charit\u00e9 dans le Royaume. Au milieu du si\u00e8cle dernier, la province lazariste \u00e9tablie au Portugal en 1736 et jadis si florissante, \u00e9tait r\u00e9duite \u00e0 la seule personne du visiteur, par suite du d\u00e9cret de 1838 supprimant tous les ordres religieux sur le territoire portugais. En 1856, une \u00e9pid\u00e9mie de chol\u00e9ra d\u00e9solant le Portugal, la tante du Roi r\u00e9clama le secours des Filles de la Charit\u00e9. M. Etienne accepta, mais en demandant que les Pr\u00eatres de la Mission fussent r\u00e9tablis en m\u00eame temps. Une ordonnance royale ayant express\u00e9ment autoris\u00e9 le r\u00e9tablissement de la petite Compagnie sur les rives du Tage, M. Etienne pouvait donc aller sur place r\u00e9gler l&rsquo;application pratique de cet acte du gouvernement portugais (1).<\/p>\n<p><b>1870<\/b>. Un terrible incendie ravage P\u00e9ra (Constantinople). 5 000 immeubles sont d\u00e9truits et 40 000 personnes sont sans abri et d\u00e9nu\u00e9es de tout. A l\u2019h\u00f4pital autrichien desservi par les Filles de la Charit\u00e9, S\u0153ur Kurth rest\u00e9e avec ses grandes malades qu\u2019elle ne veut pas abandonner, court \u00e0 la chapelle prendre le ciboire rest\u00e9 dans le tabernacle. Quand tout s\u2019\u00e9croule, on la retrouve tenant sur son c\u0153ur ce ciboire plein d\u2019hosties, morte o\u00f9 l\u2019attachait le devoir. Elle avait 29 ans.(R)<\/p>\n<p><b>1922<\/b>. \u00c9lection de Notre M\u00e8re Inchelin. Avant son g\u00e9n\u00e9ralat elle s\u2019attacha particuli\u00e8rement \u00e0 donner aux Filles de la Charit\u00e9 une formation professionnelle de qualit\u00e9, et ouvrit l\u2019esprit des religieuses \u00e0 une collaboration inter-communaut\u00e9s\u00a0; sans parler de la collaboration avec les infirmi\u00e8res la\u00efques. A Saint-Joseph o\u00f9 elle retourne apr\u00e8s son g\u00e9n\u00e9ralat, l\u2019\u00e9cole recevait des religieuses de tous ordres, et pour les non-dipl\u00f4m\u00e9es, elle cr\u00e9a des cours de formation acc\u00e9l\u00e9r\u00e9e qui maintinrent de nombreuses S\u0153urs au Service des Pauvres. Pour les Filles de la Charit\u00e9, elle \u00e9dita un manuel pour les Hospitali\u00e8res et soignantes \u00e0 domicile. Ses instructions entretinrent dans plusieurs g\u00e9n\u00e9rations l\u2019amour des R\u00e8gles et de la Compagnie. Ce fut \u00e0 Lourdes que d\u00e9buta l\u2019Union des Religieuses Hospitali\u00e8res qui devait par la suite prendre une telle extension dans l\u2019\u00c9glise universelle.(R)<\/p>\n<p><b>1928<\/b>. \u00c0 Musinens, o\u00f9 il est arriv\u00e9 depuis trois jours pour se reposer, M. Lucien Bouclet meurt \u00e0 l&rsquo;\u00e2ge de quarante-neuf ans. Parisien de naissance, c&rsquo;est \u00e0 l&rsquo;orphelinat Saint-Louis de la rue de S\u00e8vres qu&rsquo;il trouva sa vocation de fils de saint Vincent. Le Berceau, o\u00f9 il avait fait de tr\u00e8s bonnes \u00e9tudes classiques, sera heureux de le garder comme professeur jusqu&rsquo;\u00e0 la guerre de 1914. Apr\u00e8s Alger et Antoura, c&rsquo;est la Maison-M\u00e8re qui devient le cadre des derni\u00e8res ann\u00e9es terrestres de M. Bouclet. Au secr\u00e9tariat, il trouva un emploi pour lequel il avait toutes les aptitudes requises, et c&rsquo;est \u00e0 lui que, juste un an avant sa mort, fut confi\u00e9e l&rsquo;administration de l&rsquo;Almanach des Missions, travail auquel il se voua avec tant de c\u0153ur que sa fr\u00e8le sant\u00e9 n&rsquo;y r\u00e9sista pas. M. Bouclet a donn\u00e9 \u00e0 la petite Compagnie vingt et un ans de sacerdoce, dans un effacement si complet que seuls quelques intimes ont pu deviner les beaut\u00e9s de son \u00e2me. Sa r\u00e9serve \u00e9tait faite de timidit\u00e9, comme aussi d&rsquo;un sentiment sinc\u00e8re d&rsquo;impuissance devant certains emplois, et son \u00e9tat de sant\u00e9 n&rsquo;\u00e9tait pas de nature \u00e0 le faire r\u00e9agir en sens inverse. Mais M. Bouclet \u00e9tait une \u00e2me de g\u00e9n\u00e9rosit\u00e9 qui supporta vaillamment toutes sortes de souffrances physiques et morales. Sa g\u00e9n\u00e9rosit\u00e9 est all\u00e9e, pense-t-on, jusqu&rsquo;\u00e0 offrir sa vie pour le salut de l&rsquo;\u00e2me de l&rsquo;un de ses fr\u00e8res mort sans se r\u00e9concilier avec le Bon Dieu (2).<\/p>\n<p><b>1939<\/b>. \u00c0 H\u00e9bo, assist\u00e9 de deux m\u00e9decins et entour\u00e9 de nombreux eccl\u00e9siastiques, parmi lesquels notre confr\u00e8re M. Valentino Ferrando, d&rsquo;Adigrat, Mgr Luigi Marinoni, vicaire apostolique d&rsquo;Erythr\u00e9e, proc\u00e8de \u00e0 la reconnaissance des restes de Justin de Jacobis (3).<\/p>\n<p><b>1947<\/b>. \u00c9lection de M. Slattery, Sup\u00e9rieur G\u00e9n\u00e9ral. Il trouve \u00e0 la t\u00eate de la Communaut\u00e9, Notre M\u00e8re Blanchot \u00e0 laquelle succ\u00e9dera Notre M\u00e8re Lepicard et Notre M\u00e8re Guillemin, avec comme Directeur G\u00e9n\u00e9ral M. Castelin, puis M. Jamet. (R)<\/p>\n<dl>\n<dd>1) Rosset\u00a0: Vie de M. Etienne, pp. 405-406. Annales, t. 63, pp. 224-227.<\/dd>\n<dd>2) Annales, t. 93, pp. 621-626.<\/dd>\n<dd>3) Annales, t. 104, pp. 621-624.<\/dd>\n<\/dl>\n","protected":false},"excerpt":{"rendered":"<p>1857. \u00c0 Nantes, le P. Etienne s&#8217;embarque \u00e0 destination du Portugal. Il est invit\u00e9 par l&rsquo;imp\u00e9ratrice douairi\u00e8re du Br\u00e9sil, tante du roi de Portugal, \u00e0 venir \u00e0 Lisbonne pour y r\u00e9gler les d\u00e9tails de l&rsquo;\u00e9tablissement &#8230; <a href=\"https:\/\/vincentians.com\/fr\/ephemerides-05-juin\/\" class=\"more-link\">Read More<\/a><\/p>\n","protected":false},"author":4,"featured_media":149897,"comment_status":"open","ping_status":"open","sticky":false,"template":"","format":"standard","meta":{"jetpack_post_was_ever_published":false,"_jetpack_newsletter_access":"","_jetpack_dont_email_post_to_subs":false,"_jetpack_newsletter_tier_id":0,"_jetpack_memberships_contains_paywalled_content":false,"_jetpack_memberships_contains_paid_content":false,"footnotes":"","jetpack_publicize_message":"","jetpack_publicize_feature_enabled":true,"jetpack_social_post_already_shared":true,"jetpack_social_options":{"image_generator_settings":{"template":"highway","default_image_id":0,"font":"","enabled":false},"version":2}},"categories":[119],"tags":[],"class_list":["post-190577","post","type-post","status-publish","format-standard","has-post-thumbnail","hentry","category-ephemerides-vincentiens"],"yoast_head":"<!-- This site is optimized with the Yoast SEO plugin v26.3 - https:\/\/yoast.com\/wordpress\/plugins\/seo\/ -->\n<title>Eph\u00e9m\u00e9rides: 05 juin - Nous Sommes Vincentiens<\/title>\n<meta name=\"robots\" content=\"index, follow, max-snippet:-1, max-image-preview:large, max-video-preview:-1\" \/>\n<link rel=\"canonical\" href=\"https:\/\/vincentians.com\/fr\/ephemerides-05-juin\/\" \/>\n<meta property=\"og:locale\" content=\"fr_FR\" \/>\n<meta property=\"og:type\" content=\"article\" \/>\n<meta property=\"og:title\" content=\"Eph\u00e9m\u00e9rides: 05 juin - Nous Sommes Vincentiens\" \/>\n<meta property=\"og:description\" content=\"1857. \u00c0 Nantes, le P. Etienne s&#8217;embarque \u00e0 destination du Portugal. Il est invit\u00e9 par l&rsquo;imp\u00e9ratrice douairi\u00e8re du Br\u00e9sil, tante du roi de Portugal, \u00e0 venir \u00e0 Lisbonne pour y r\u00e9gler les d\u00e9tails de l&rsquo;\u00e9tablissement ... Read More\" \/>\n<meta property=\"og:url\" content=\"https:\/\/vincentians.com\/fr\/ephemerides-05-juin\/\" \/>\n<meta property=\"og:site_name\" content=\"Nous Sommes Vincentiens\" \/>\n<meta property=\"article:publisher\" content=\"https:\/\/www.facebook.com\/WeAreVincentians\/\" \/>\n<meta property=\"article:author\" content=\"https:\/\/www.facebook.com\/JavierChento\" \/>\n<meta property=\"article:published_time\" content=\"2017-06-04T22:01:05+00:00\" \/>\n<meta property=\"og:image\" content=\"https:\/\/i0.wp.com\/vincentians.com\/fr\/wp-content\/uploads\/sites\/10\/2016\/07\/ephemerides-fb.jpg?fit=1200%2C630&ssl=1\" \/>\n\t<meta property=\"og:image:width\" content=\"1200\" \/>\n\t<meta property=\"og:image:height\" content=\"630\" \/>\n\t<meta property=\"og:image:type\" content=\"image\/jpeg\" \/>\n<meta name=\"author\" content=\"Francisco Javier Fern\u00e1ndez Chento\" \/>\n<meta name=\"twitter:card\" content=\"summary_large_image\" \/>\n<meta name=\"twitter:creator\" content=\"@https:\/\/twitter.com\/javierchento\" \/>\n<meta name=\"twitter:site\" content=\"@WeVincentians\" \/>\n<meta name=\"twitter:label1\" content=\"\u00c9crit par\" \/>\n\t<meta name=\"twitter:data1\" content=\"Francisco Javier Fern\u00e1ndez Chento\" \/>\n\t<meta name=\"twitter:label2\" content=\"Dur\u00e9e de lecture estim\u00e9e\" \/>\n\t<meta name=\"twitter:data2\" content=\"4 minutes\" \/>\n<script type=\"application\/ld+json\" class=\"yoast-schema-graph\">{\"@context\":\"https:\/\/schema.org\",\"@graph\":[{\"@type\":\"WebPage\",\"@id\":\"https:\/\/vincentians.com\/fr\/ephemerides-05-juin\/\",\"url\":\"https:\/\/vincentians.com\/fr\/ephemerides-05-juin\/\",\"name\":\"Eph\u00e9m\u00e9rides: 05 juin - Nous Sommes Vincentiens\",\"isPartOf\":{\"@id\":\"https:\/\/vincentians.com\/fr\/#website\"},\"primaryImageOfPage\":{\"@id\":\"https:\/\/vincentians.com\/fr\/ephemerides-05-juin\/#primaryimage\"},\"image\":{\"@id\":\"https:\/\/vincentians.com\/fr\/ephemerides-05-juin\/#primaryimage\"},\"thumbnailUrl\":\"https:\/\/i0.wp.com\/vincentians.com\/fr\/wp-content\/uploads\/sites\/10\/2016\/07\/ephemerides-fb.jpg?fit=1200%2C630&ssl=1\",\"datePublished\":\"2017-06-04T22:01:05+00:00\",\"author\":{\"@id\":\"https:\/\/vincentians.com\/fr\/#\/schema\/person\/9623ef4d9aa3b2dfb8c061f1499288f2\"},\"breadcrumb\":{\"@id\":\"https:\/\/vincentians.com\/fr\/ephemerides-05-juin\/#breadcrumb\"},\"inLanguage\":\"fr-FR\",\"potentialAction\":[{\"@type\":\"ReadAction\",\"target\":[\"https:\/\/vincentians.com\/fr\/ephemerides-05-juin\/\"]}]},{\"@type\":\"ImageObject\",\"inLanguage\":\"fr-FR\",\"@id\":\"https:\/\/vincentians.com\/fr\/ephemerides-05-juin\/#primaryimage\",\"url\":\"https:\/\/i0.wp.com\/vincentians.com\/fr\/wp-content\/uploads\/sites\/10\/2016\/07\/ephemerides-fb.jpg?fit=1200%2C630&ssl=1\",\"contentUrl\":\"https:\/\/i0.wp.com\/vincentians.com\/fr\/wp-content\/uploads\/sites\/10\/2016\/07\/ephemerides-fb.jpg?fit=1200%2C630&ssl=1\",\"width\":1200,\"height\":630},{\"@type\":\"BreadcrumbList\",\"@id\":\"https:\/\/vincentians.com\/fr\/ephemerides-05-juin\/#breadcrumb\",\"itemListElement\":[{\"@type\":\"ListItem\",\"position\":1,\"name\":\"Portada\",\"item\":\"https:\/\/vincentians.com\/fr\/\"},{\"@type\":\"ListItem\",\"position\":2,\"name\":\"Eph\u00e9m\u00e9rides: 05 juin\"}]},{\"@type\":\"WebSite\",\"@id\":\"https:\/\/vincentians.com\/fr\/#website\",\"url\":\"https:\/\/vincentians.com\/fr\/\",\"name\":\"Nous Sommes Vincentiens\",\"description\":\"Know more to serve more\",\"potentialAction\":[{\"@type\":\"SearchAction\",\"target\":{\"@type\":\"EntryPoint\",\"urlTemplate\":\"https:\/\/vincentians.com\/fr\/?s={search_term_string}\"},\"query-input\":{\"@type\":\"PropertyValueSpecification\",\"valueRequired\":true,\"valueName\":\"search_term_string\"}}],\"inLanguage\":\"fr-FR\"},{\"@type\":\"Person\",\"@id\":\"https:\/\/vincentians.com\/fr\/#\/schema\/person\/9623ef4d9aa3b2dfb8c061f1499288f2\",\"name\":\"Francisco Javier Fern\u00e1ndez Chento\",\"image\":{\"@type\":\"ImageObject\",\"inLanguage\":\"fr-FR\",\"@id\":\"https:\/\/vincentians.com\/fr\/#\/schema\/person\/image\/\",\"url\":\"https:\/\/secure.gravatar.com\/avatar\/497d5cde87b4c3d097d0315953521681ba2cd523ee66e5077c3711f7021e65de?s=96&d=mm&r=g\",\"contentUrl\":\"https:\/\/secure.gravatar.com\/avatar\/497d5cde87b4c3d097d0315953521681ba2cd523ee66e5077c3711f7021e65de?s=96&d=mm&r=g\",\"caption\":\"Francisco Javier Fern\u00e1ndez Chento\"},\"description\":\"Director General y cofundador de La Red de Formaci\u00f3n Vicenciana. Javier es laico vicenciano, afiliado a la Congregaci\u00f3n de la Misi\u00f3n y miembro del Equipo de Misiones Populares de la provincia can\u00f3nica de Zaragoza (Espa\u00f1a) de la Congregaci\u00f3n de la Misi\u00f3n. Graduado en la Universidad Oberta de Catalunya con cuatro grados (Asistente de direcci\u00f3n, Gesti\u00f3n Administrativa, Recursos Humanos y Contabilidad Avanzada). Bil\u00edng\u00fce Espa\u00f1ol\/Ingl\u00e9s. gestiona y mantiene varias p\u00e1ginas web cristianas y vicencianas, incluida including La Red de Formaci\u00f3n Vicenciana, de la que es cofundador. Actualmente es responsable del \u00e1rea de Espa\u00f1ol de .famvin, la Red de Noticias de la Familia Vicenciana. Tambi\u00e9n es m\u00fasico cat\u00f3lico y ha editado varios discos. Es Director General y cofundador de Trovador, una reconocida compa\u00f1\u00eda discogr\u00e1fica critiana de Espa\u00f1a. Trabaja en las Tecnolog\u00edas de la Informaci\u00f3n, ofreciendo servicios de alojamiento, dise\u00f1o y mantenimiento Web, as\u00ed como asesoramiento, formaci\u00f3n y soluciones inform\u00e1ticas, gesti\u00f3n documental y digitalizaci\u00f3n de textos, edici\u00f3n y maquetaci\u00f3n de libros, revistas, flyers, etc.\",\"sameAs\":[\"http:\/\/chento.org\",\"https:\/\/www.facebook.com\/JavierChento\",\"https:\/\/x.com\/https:\/\/twitter.com\/javierchento\"],\"url\":\"https:\/\/vincentians.com\/fr\/author\/chento\/\"}]}<\/script>\n<!-- \/ Yoast SEO plugin. -->","yoast_head_json":{"title":"Eph\u00e9m\u00e9rides: 05 juin - Nous Sommes Vincentiens","robots":{"index":"index","follow":"follow","max-snippet":"max-snippet:-1","max-image-preview":"max-image-preview:large","max-video-preview":"max-video-preview:-1"},"canonical":"https:\/\/vincentians.com\/fr\/ephemerides-05-juin\/","og_locale":"fr_FR","og_type":"article","og_title":"Eph\u00e9m\u00e9rides: 05 juin - Nous Sommes Vincentiens","og_description":"1857. \u00c0 Nantes, le P. Etienne s&#8217;embarque \u00e0 destination du Portugal. Il est invit\u00e9 par l&rsquo;imp\u00e9ratrice douairi\u00e8re du Br\u00e9sil, tante du roi de Portugal, \u00e0 venir \u00e0 Lisbonne pour y r\u00e9gler les d\u00e9tails de l&rsquo;\u00e9tablissement ... Read More","og_url":"https:\/\/vincentians.com\/fr\/ephemerides-05-juin\/","og_site_name":"Nous Sommes Vincentiens","article_publisher":"https:\/\/www.facebook.com\/WeAreVincentians\/","article_author":"https:\/\/www.facebook.com\/JavierChento","article_published_time":"2017-06-04T22:01:05+00:00","og_image":[{"width":1200,"height":630,"url":"https:\/\/i0.wp.com\/vincentians.com\/fr\/wp-content\/uploads\/sites\/10\/2016\/07\/ephemerides-fb.jpg?fit=1200%2C630&ssl=1","type":"image\/jpeg"}],"author":"Francisco Javier Fern\u00e1ndez Chento","twitter_card":"summary_large_image","twitter_creator":"@https:\/\/twitter.com\/javierchento","twitter_site":"@WeVincentians","twitter_misc":{"\u00c9crit par":"Francisco Javier Fern\u00e1ndez Chento","Dur\u00e9e de lecture estim\u00e9e":"4 minutes"},"schema":{"@context":"https:\/\/schema.org","@graph":[{"@type":"WebPage","@id":"https:\/\/vincentians.com\/fr\/ephemerides-05-juin\/","url":"https:\/\/vincentians.com\/fr\/ephemerides-05-juin\/","name":"Eph\u00e9m\u00e9rides: 05 juin - Nous Sommes Vincentiens","isPartOf":{"@id":"https:\/\/vincentians.com\/fr\/#website"},"primaryImageOfPage":{"@id":"https:\/\/vincentians.com\/fr\/ephemerides-05-juin\/#primaryimage"},"image":{"@id":"https:\/\/vincentians.com\/fr\/ephemerides-05-juin\/#primaryimage"},"thumbnailUrl":"https:\/\/i0.wp.com\/vincentians.com\/fr\/wp-content\/uploads\/sites\/10\/2016\/07\/ephemerides-fb.jpg?fit=1200%2C630&ssl=1","datePublished":"2017-06-04T22:01:05+00:00","author":{"@id":"https:\/\/vincentians.com\/fr\/#\/schema\/person\/9623ef4d9aa3b2dfb8c061f1499288f2"},"breadcrumb":{"@id":"https:\/\/vincentians.com\/fr\/ephemerides-05-juin\/#breadcrumb"},"inLanguage":"fr-FR","potentialAction":[{"@type":"ReadAction","target":["https:\/\/vincentians.com\/fr\/ephemerides-05-juin\/"]}]},{"@type":"ImageObject","inLanguage":"fr-FR","@id":"https:\/\/vincentians.com\/fr\/ephemerides-05-juin\/#primaryimage","url":"https:\/\/i0.wp.com\/vincentians.com\/fr\/wp-content\/uploads\/sites\/10\/2016\/07\/ephemerides-fb.jpg?fit=1200%2C630&ssl=1","contentUrl":"https:\/\/i0.wp.com\/vincentians.com\/fr\/wp-content\/uploads\/sites\/10\/2016\/07\/ephemerides-fb.jpg?fit=1200%2C630&ssl=1","width":1200,"height":630},{"@type":"BreadcrumbList","@id":"https:\/\/vincentians.com\/fr\/ephemerides-05-juin\/#breadcrumb","itemListElement":[{"@type":"ListItem","position":1,"name":"Portada","item":"https:\/\/vincentians.com\/fr\/"},{"@type":"ListItem","position":2,"name":"Eph\u00e9m\u00e9rides: 05 juin"}]},{"@type":"WebSite","@id":"https:\/\/vincentians.com\/fr\/#website","url":"https:\/\/vincentians.com\/fr\/","name":"Nous Sommes Vincentiens","description":"Know more to serve more","potentialAction":[{"@type":"SearchAction","target":{"@type":"EntryPoint","urlTemplate":"https:\/\/vincentians.com\/fr\/?s={search_term_string}"},"query-input":{"@type":"PropertyValueSpecification","valueRequired":true,"valueName":"search_term_string"}}],"inLanguage":"fr-FR"},{"@type":"Person","@id":"https:\/\/vincentians.com\/fr\/#\/schema\/person\/9623ef4d9aa3b2dfb8c061f1499288f2","name":"Francisco Javier Fern\u00e1ndez Chento","image":{"@type":"ImageObject","inLanguage":"fr-FR","@id":"https:\/\/vincentians.com\/fr\/#\/schema\/person\/image\/","url":"https:\/\/secure.gravatar.com\/avatar\/497d5cde87b4c3d097d0315953521681ba2cd523ee66e5077c3711f7021e65de?s=96&d=mm&r=g","contentUrl":"https:\/\/secure.gravatar.com\/avatar\/497d5cde87b4c3d097d0315953521681ba2cd523ee66e5077c3711f7021e65de?s=96&d=mm&r=g","caption":"Francisco Javier Fern\u00e1ndez Chento"},"description":"Director General y cofundador de La Red de Formaci\u00f3n Vicenciana. Javier es laico vicenciano, afiliado a la Congregaci\u00f3n de la Misi\u00f3n y miembro del Equipo de Misiones Populares de la provincia can\u00f3nica de Zaragoza (Espa\u00f1a) de la Congregaci\u00f3n de la Misi\u00f3n. Graduado en la Universidad Oberta de Catalunya con cuatro grados (Asistente de direcci\u00f3n, Gesti\u00f3n Administrativa, Recursos Humanos y Contabilidad Avanzada). Bil\u00edng\u00fce Espa\u00f1ol\/Ingl\u00e9s. gestiona y mantiene varias p\u00e1ginas web cristianas y vicencianas, incluida including La Red de Formaci\u00f3n Vicenciana, de la que es cofundador. Actualmente es responsable del \u00e1rea de Espa\u00f1ol de .famvin, la Red de Noticias de la Familia Vicenciana. Tambi\u00e9n es m\u00fasico cat\u00f3lico y ha editado varios discos. Es Director General y cofundador de Trovador, una reconocida compa\u00f1\u00eda discogr\u00e1fica critiana de Espa\u00f1a. Trabaja en las Tecnolog\u00edas de la Informaci\u00f3n, ofreciendo servicios de alojamiento, dise\u00f1o y mantenimiento Web, as\u00ed como asesoramiento, formaci\u00f3n y soluciones inform\u00e1ticas, gesti\u00f3n documental y digitalizaci\u00f3n de textos, edici\u00f3n y maquetaci\u00f3n de libros, revistas, flyers, etc.","sameAs":["http:\/\/chento.org","https:\/\/www.facebook.com\/JavierChento","https:\/\/x.com\/https:\/\/twitter.com\/javierchento"],"url":"https:\/\/vincentians.com\/fr\/author\/chento\/"}]}},"jetpack_publicize_connections":[],"jetpack_featured_media_url":"https:\/\/i0.wp.com\/vincentians.com\/fr\/wp-content\/uploads\/sites\/10\/2016\/07\/ephemerides-fb.jpg?fit=1200%2C630&ssl=1","jetpack_sharing_enabled":true,"jetpack_shortlink":"https:\/\/wp.me\/p7ETMP-NzP","jetpack-related-posts":[{"id":104850,"url":"https:\/\/vincentians.com\/fr\/ephemerides-5-decembre\/","url_meta":{"origin":190577,"position":0},"title":"Eph\u00e9m\u00e9rides: 5 d\u00e9cembre","author":"Francisco Javier Fern\u00e1ndez Chento","date":"05\/12\/2016","format":false,"excerpt":"1878. Arriv\u00e9e \u00e0 K\u00e9ren (Ethiopie) de la M\u00e8re Lequette qui ayant achev\u00e9 son g\u00e9n\u00e9ralat veut finir ses jours en mission. Mais en 1894 les S\u0153urs se retirent pour donner la place \u00e0 des religieuses italiennes. Quelques-unes iront \u00e0 Madagascar. (R) 1896. \u00c0 Lisbonne, M. Eug\u00e8ne-Emile Miel, premier recteur lazariste de\u2026","rel":"","context":"Dans &quot;\u00c9ph\u00e9m\u00e9rides vincentiens&quot;","block_context":{"text":"\u00c9ph\u00e9m\u00e9rides vincentiens","link":"https:\/\/vincentians.com\/fr\/category\/ephemerides-vincentiens\/"},"img":{"alt_text":"","src":"https:\/\/i0.wp.com\/vincentians.com\/fr\/wp-content\/uploads\/sites\/10\/2016\/07\/ephemerides-fb.jpg?fit=1200%2C630&ssl=1&resize=350%2C200","width":350,"height":200,"srcset":"https:\/\/i0.wp.com\/vincentians.com\/fr\/wp-content\/uploads\/sites\/10\/2016\/07\/ephemerides-fb.jpg?fit=1200%2C630&ssl=1&resize=350%2C200 1x, https:\/\/i0.wp.com\/vincentians.com\/fr\/wp-content\/uploads\/sites\/10\/2016\/07\/ephemerides-fb.jpg?fit=1200%2C630&ssl=1&resize=525%2C300 1.5x, https:\/\/i0.wp.com\/vincentians.com\/fr\/wp-content\/uploads\/sites\/10\/2016\/07\/ephemerides-fb.jpg?fit=1200%2C630&ssl=1&resize=700%2C400 2x, https:\/\/i0.wp.com\/vincentians.com\/fr\/wp-content\/uploads\/sites\/10\/2016\/07\/ephemerides-fb.jpg?fit=1200%2C630&ssl=1&resize=1050%2C600 3x"},"classes":[]},{"id":106506,"url":"https:\/\/vincentians.com\/fr\/les-filles-de-la-charite-de-saint-vincent-de-paul-en-portugal-i\/","url_meta":{"origin":190577,"position":1},"title":"Les filles de la Charit\u00e9 de saint Vincent de Paul en Portugal (I)","author":"Francisco Javier Fern\u00e1ndez Chento","date":"27\/07\/2013","format":false,"excerpt":"Il serait sans doute int\u00e9ressant pour le lecteur d'avoir, quelques renseignements sur l'existence en Portugal de la Compagnie des Filles de la Charit\u00e9, cr\u00e9\u00e9e comme la Con\u00adgr\u00e9gation de la Mission ou des Lazaristes, par saint Vincent de Paul. Nous ne pouvons, dans les limites oh il faut nous res\u00adtreindre, donner\u2026","rel":"","context":"Dans &quot;Filles de la Charit\u00e9&quot;","block_context":{"text":"Filles de la Charit\u00e9","link":"https:\/\/vincentians.com\/fr\/category\/filles-de-la-charite\/"},"img":{"alt_text":"Hijas2","src":"https:\/\/i0.wp.com\/vincentiens.org\/wp-content\/uploads\/2013\/07\/Hijas2.gif?resize=350%2C200","width":350,"height":200},"classes":[]},{"id":106496,"url":"https:\/\/vincentians.com\/fr\/la-congregation-de-la-mission-en-portugal-iv-a\/","url_meta":{"origin":190577,"position":2},"title":"La Congr\u00e9gation de la Mission en Portugal (IV-A)","author":"Francisco Javier Fern\u00e1ndez Chento","date":"17\/07\/2013","format":false,"excerpt":"A dater de l'ann\u00e9e 1857, une nouvelle vie a repris pour- les deux familles religieuses de Saint-Vincent-de-Paul en Portugal. En d\u00e9crivant les divers \u00e9tablissements des missionnaires durant cette p\u00e9riode nous rappellerons succinctement et suffisamment les \u00e9v\u00e9nements qui constituent l'histoire g\u00e9\u00adn\u00e9rale. Nous suivrons l'ordre chronologique. 1.- Lisbonne ; Ajuda. Dans sa\u2026","rel":"","context":"Dans &quot;Histoire de la Congr\u00e9gation de la Mission&quot;","block_context":{"text":"Histoire de la Congr\u00e9gation de la Mission","link":"https:\/\/vincentians.com\/fr\/category\/histoire-de-la-congregation-de-la-mission\/"},"img":{"alt_text":"asd","src":"https:\/\/i0.wp.com\/vincentiens.org\/wp-content\/uploads\/2013\/07\/asd.png?resize=350%2C200","width":350,"height":200},"classes":[]},{"id":190410,"url":"https:\/\/vincentians.com\/fr\/ephemerides-14-avril\/","url_meta":{"origin":190577,"position":3},"title":"Eph\u00e9m\u00e9rides : 14 avril","author":"Francisco Javier Fern\u00e1ndez Chento","date":"14\/04\/2017","format":false,"excerpt":"1819. Un d\u00e9cret du Roi Jean autorise la Compagnie des Filles de la Charit\u00e9 au Portugal, mais en 1834, un autre d\u00e9cret supprime l'autorit\u00e9 des Sup\u00e9rieurs G\u00e9n\u00e9raux non r\u00e9sidant dans ce pays, et en 1838, un troisi\u00e8me abolit les Communaut\u00e9s religieuses au Portugal. Toutefois, par exception les Filles de la\u2026","rel":"","context":"Dans &quot;\u00c9ph\u00e9m\u00e9rides vincentiens&quot;","block_context":{"text":"\u00c9ph\u00e9m\u00e9rides vincentiens","link":"https:\/\/vincentians.com\/fr\/category\/ephemerides-vincentiens\/"},"img":{"alt_text":"","src":"https:\/\/i0.wp.com\/vincentians.com\/fr\/wp-content\/uploads\/sites\/10\/2016\/07\/ephemerides-fb.jpg?fit=1200%2C630&ssl=1&resize=350%2C200","width":350,"height":200,"srcset":"https:\/\/i0.wp.com\/vincentians.com\/fr\/wp-content\/uploads\/sites\/10\/2016\/07\/ephemerides-fb.jpg?fit=1200%2C630&ssl=1&resize=350%2C200 1x, https:\/\/i0.wp.com\/vincentians.com\/fr\/wp-content\/uploads\/sites\/10\/2016\/07\/ephemerides-fb.jpg?fit=1200%2C630&ssl=1&resize=525%2C300 1.5x, https:\/\/i0.wp.com\/vincentians.com\/fr\/wp-content\/uploads\/sites\/10\/2016\/07\/ephemerides-fb.jpg?fit=1200%2C630&ssl=1&resize=700%2C400 2x, https:\/\/i0.wp.com\/vincentians.com\/fr\/wp-content\/uploads\/sites\/10\/2016\/07\/ephemerides-fb.jpg?fit=1200%2C630&ssl=1&resize=1050%2C600 3x"},"classes":[]},{"id":190066,"url":"https:\/\/vincentians.com\/fr\/ephemerides-17-aout\/","url_meta":{"origin":190577,"position":4},"title":"Eph\u00e9m\u00e9rides : 17 ao\u00fbt","author":"Francisco Javier Fern\u00e1ndez Chento","date":"17\/08\/2016","format":false,"excerpt":"1665. \u00c0 Paris, l\u2019archev\u00eaque, Hardouin de Beaumont de P\u00e9r\u00e9fixe, approuve les Constitutions relatives au sup\u00e9rieur g\u00e9n\u00e9ral et \u00e0 l\u2019administration de la Compagnie. C\u2019est M. Alm\u00e9ras qui a achev\u00e9 de les pr\u00e9parer. Ce fut l\u2019un de ses premiers soucis lorsqu\u2019il fut \u00e9lu pour succ\u00e9der \u00e0 Monsieur Vincent. Il avait alors entre\u2026","rel":"","context":"Dans &quot;\u00c9ph\u00e9m\u00e9rides vincentiens&quot;","block_context":{"text":"\u00c9ph\u00e9m\u00e9rides vincentiens","link":"https:\/\/vincentians.com\/fr\/category\/ephemerides-vincentiens\/"},"img":{"alt_text":"","src":"https:\/\/i0.wp.com\/vincentians.com\/fr\/wp-content\/uploads\/sites\/10\/2016\/07\/ephemerides-fb.jpg?fit=1200%2C630&ssl=1&resize=350%2C200","width":350,"height":200,"srcset":"https:\/\/i0.wp.com\/vincentians.com\/fr\/wp-content\/uploads\/sites\/10\/2016\/07\/ephemerides-fb.jpg?fit=1200%2C630&ssl=1&resize=350%2C200 1x, https:\/\/i0.wp.com\/vincentians.com\/fr\/wp-content\/uploads\/sites\/10\/2016\/07\/ephemerides-fb.jpg?fit=1200%2C630&ssl=1&resize=525%2C300 1.5x, https:\/\/i0.wp.com\/vincentians.com\/fr\/wp-content\/uploads\/sites\/10\/2016\/07\/ephemerides-fb.jpg?fit=1200%2C630&ssl=1&resize=700%2C400 2x, https:\/\/i0.wp.com\/vincentians.com\/fr\/wp-content\/uploads\/sites\/10\/2016\/07\/ephemerides-fb.jpg?fit=1200%2C630&ssl=1&resize=1050%2C600 3x"},"classes":[]},{"id":106509,"url":"https:\/\/vincentians.com\/fr\/les-filles-de-la-charite-de-saint-vincent-de-paul-en-portugal-ii\/","url_meta":{"origin":190577,"position":5},"title":"Les filles de la Charit\u00e9 de saint Vincent de Paul en Portugal (II)","author":"Francisco Javier Fern\u00e1ndez Chento","date":"29\/07\/2013","format":false,"excerpt":"ARTICLE\u00a0 II DIVERS ETABLISSEMENTS DES FILLES DE LA CHARIT\u00c9 Dans l'\u00e9num\u00e9ration de ces maisons nous suivrons l'ordre chronologique. Nous ne donnerons gu\u00e8re que la date de cr\u00e9ation de chaque \u00e9tablissement, en indiquant la nature de l'oeuvre: De plus amples d\u00e9veloppements d\u00e9passeraient les limites qui s'imposent ici. 1. Lisbonne. Hospicio de\u2026","rel":"","context":"Dans &quot;Filles de la Charit\u00e9&quot;","block_context":{"text":"Filles de la Charit\u00e9","link":"https:\/\/vincentians.com\/fr\/category\/filles-de-la-charite\/"},"img":{"alt_text":"Hijas2","src":"https:\/\/i0.wp.com\/vincentiens.org\/wp-content\/uploads\/2013\/07\/Hijas2.gif?resize=350%2C200","width":350,"height":200},"classes":[]}],"_links":{"self":[{"href":"https:\/\/vincentians.com\/fr\/wp-json\/wp\/v2\/posts\/190577","targetHints":{"allow":["GET"]}}],"collection":[{"href":"https:\/\/vincentians.com\/fr\/wp-json\/wp\/v2\/posts"}],"about":[{"href":"https:\/\/vincentians.com\/fr\/wp-json\/wp\/v2\/types\/post"}],"author":[{"embeddable":true,"href":"https:\/\/vincentians.com\/fr\/wp-json\/wp\/v2\/users\/4"}],"replies":[{"embeddable":true,"href":"https:\/\/vincentians.com\/fr\/wp-json\/wp\/v2\/comments?post=190577"}],"version-history":[{"count":0,"href":"https:\/\/vincentians.com\/fr\/wp-json\/wp\/v2\/posts\/190577\/revisions"}],"wp:featuredmedia":[{"embeddable":true,"href":"https:\/\/vincentians.com\/fr\/wp-json\/wp\/v2\/media\/149897"}],"wp:attachment":[{"href":"https:\/\/vincentians.com\/fr\/wp-json\/wp\/v2\/media?parent=190577"}],"wp:term":[{"taxonomy":"category","embeddable":true,"href":"https:\/\/vincentians.com\/fr\/wp-json\/wp\/v2\/categories?post=190577"},{"taxonomy":"post_tag","embeddable":true,"href":"https:\/\/vincentians.com\/fr\/wp-json\/wp\/v2\/tags?post=190577"}],"curies":[{"name":"wp","href":"https:\/\/api.w.org\/{rel}","templated":true}]}}