{"id":190576,"date":"2017-06-19T00:01:05","date_gmt":"2017-06-18T22:01:05","guid":{"rendered":"http:\/\/vincentians.com\/fr\/?p=190576"},"modified":"2016-08-11T22:26:14","modified_gmt":"2016-08-11T20:26:14","slug":"ephemerides-19-juin","status":"publish","type":"post","link":"https:\/\/vincentians.com\/fr\/ephemerides-19-juin\/","title":{"rendered":"Eph\u00e9m\u00e9rides: 19 juin"},"content":{"rendered":"<p><b>1926<\/b>. \u00c0 Paris, rue de Lourmel, dans la maison des \u00abDames de l&rsquo;Union\u00bb, dont il est le fondateur, M. Fernand Portal meurt \u00e0 l&rsquo;\u00e2ge de soixante-et-onze ans. Quand, \u00e0 dix-neuf ans, il entra dans la Petite Compagnie, il r\u00eavait d&rsquo;aller en Chine. Mais il \u00e9tait sujet \u00e0 des h\u00e9moptysies qui, apr\u00e8s une dizaine d&rsquo;ann\u00e9es de professorat \u00e0 Tours, \u00e0 Oran, \u00e0 Nice et \u00e0 Cahors, l&rsquo;oblig\u00e8rent \u00e0 un s\u00e9jour \u00e0 Mad\u00e8re. C&rsquo;est l\u00e0 qu&rsquo;en 1889, il rencontra lord Halifax, ce gentilhomme dont la foi chr\u00e9tienne d\u00e9sirait ardeinment la r\u00e9conciliation de l&rsquo;Eglise anglicane et de l&rsquo;Eglise romanie. A partir de cette rencontre, une durable amiti\u00e9 naissait entre le lord anglais et le pr\u00eatre catholique. M. Portal devint alors l&rsquo;ap\u00f4tre d&rsquo;une grande id\u00e9e, celle de la r\u00e9union des Eglises. Fort de l&rsquo;approbation personnelle de L\u00e9on XIII, il prend contact avec des personnalit\u00e9s marquantes de l&rsquo;Eglise anglicane. Les premi\u00e8res r\u00e9pliques du dialogue sont prometteuses\u00a0; mais le cardinal Vaughan, archev\u00eaque de Westminster, pr\u00f4ne une th\u00e8se oppos\u00e9e \u00e0 celle de M. Portal et de lord Halifax\u00a0: le Prince de l&rsquo;Eglise pense que le retour des Anglicans \u00e0 l&rsquo;ob\u00e9dience romaine se fera par les conversions individuelles\u00a0; les deux amis sont pour la r\u00e9union \u2014 en corps \u2014 de l&rsquo;Eglise anglicane \u00e0 l&rsquo;Eglise romaine. La question des \u00abOrdinations anglicanes\u00bb qui semblait \u00eatre un terrain possible d&rsquo;entente, est tranch\u00e9e par Rome qui d\u00e9clare invalides ces ordinations\u00a0; et c&rsquo;est l&rsquo;occasion pour M. Portal d&rsquo;une soumission sans amertume \u00e0 la d\u00e9cision du supr\u00eame Magist\u00e8re. Mais, l&rsquo;union des Eglises reste quand m\u00eame la grande id\u00e9e de notre confr\u00e8re\u00a0; il y int\u00e9resse les membres du S\u00e9minaire Universitaire dont, en 1899, il a pris la direction au n\u00b0 88 de la rue du Cherche-Midi. Voulant, \u00e0 c\u00f4t\u00e9 du langage de l&rsquo;esprit qui s&rsquo;exprime par la Revue des Eglises Catholiques dont il est le directeur et qui compte d&rsquo;\u00e9minents collaborateurs, mettre le langage de la Charit\u00e9 pratique, M. Portal est amen\u00e9 \u00e0 fonder les \u00abDames de l&rsquo;Union\u00bb dont il veut faire, sans v\u0153ux et sans costume particulier, les messag\u00e8res de l&rsquo;Unit\u00e9 par la Charit\u00e9. En m\u00eame temps, dans son logis du n\u00b0 14 de la rue de Grenelle, il exerce un apostolat d&rsquo;une profonde formation int\u00e9rieure sur les \u00ab\u00a0Talas\u00a0\u00bb, les \u00e9l\u00e8ves de Normale Sup\u00e9rieure parmi lesquels Jacques Chevalier et Maurice Legendre prennent une place d&rsquo;entra\u00eeneurs. En 1921, avec la compr\u00e9hensive et active bienveillance du cardinal Mercier, M. Portal et lord Halifax r\u00e9ussissent \u00e0 mettre sur pied les c\u00e9l\u00e8bres \u00abConversations de Malines\u00bb qui sont de solides \u00e9changes de vues entres les membres des clerg\u00e9s anglican et romain. Mais la mort vient arr\u00eater le bel apostolat de M. Portal. L&rsquo;Histoire devra reconna\u00eetre que la r\u00e9conciliation de l&rsquo;Eglise anglicane et de l&rsquo;Eglise romaine, quand son heure aura sonn\u00e9, aura \u00e9t\u00e9 en grande partie le fruit de l&rsquo;amiti\u00e9 de M. Portal et de lord Halifax au service de l&rsquo;union (1).<\/p>\n<dl>\n<dd>1) Albert Gratieux\u00a0: L&rsquo;amiti\u00e9 au service de l&rsquo;union. Lord Halifax et M. Portal, Bonne Presse, 1950.<\/dd>\n<dd>Voir aussi l&rsquo;important ouvrage de R\u00e9gis LADOUS, \u201cMonsieur Partal et les siens\u201c, Edit. du Cerf, 1985, 525 pp.<\/dd>\n<\/dl>\n","protected":false},"excerpt":{"rendered":"<p>1926. \u00c0 Paris, rue de Lourmel, dans la maison des \u00abDames de l&rsquo;Union\u00bb, dont il est le fondateur, M. Fernand Portal meurt \u00e0 l&rsquo;\u00e2ge de soixante-et-onze ans. Quand, \u00e0 dix-neuf ans, il entra dans la &#8230; <a href=\"https:\/\/vincentians.com\/fr\/ephemerides-19-juin\/\" class=\"more-link\">Read More<\/a><\/p>\n","protected":false},"author":4,"featured_media":149897,"comment_status":"open","ping_status":"open","sticky":false,"template":"","format":"standard","meta":{"jetpack_post_was_ever_published":false,"_jetpack_newsletter_access":"","_jetpack_dont_email_post_to_subs":false,"_jetpack_newsletter_tier_id":0,"_jetpack_memberships_contains_paywalled_content":false,"_jetpack_memberships_contains_paid_content":false,"footnotes":"","jetpack_publicize_message":"","jetpack_publicize_feature_enabled":true,"jetpack_social_post_already_shared":true,"jetpack_social_options":{"image_generator_settings":{"template":"highway","default_image_id":0,"font":"","enabled":false},"version":2}},"categories":[119],"tags":[],"class_list":["post-190576","post","type-post","status-publish","format-standard","has-post-thumbnail","hentry","category-ephemerides-vincentiens"],"yoast_head":"<!-- This site is optimized with the Yoast SEO plugin v26.3 - https:\/\/yoast.com\/wordpress\/plugins\/seo\/ -->\n<title>Eph\u00e9m\u00e9rides: 19 juin - Nous Sommes Vincentiens<\/title>\n<meta name=\"robots\" content=\"index, follow, max-snippet:-1, max-image-preview:large, max-video-preview:-1\" \/>\n<link rel=\"canonical\" href=\"https:\/\/vincentians.com\/fr\/ephemerides-19-juin\/\" \/>\n<meta property=\"og:locale\" content=\"fr_FR\" \/>\n<meta property=\"og:type\" content=\"article\" \/>\n<meta property=\"og:title\" content=\"Eph\u00e9m\u00e9rides: 19 juin - Nous Sommes Vincentiens\" \/>\n<meta property=\"og:description\" content=\"1926. \u00c0 Paris, rue de Lourmel, dans la maison des \u00abDames de l&rsquo;Union\u00bb, dont il est le fondateur, M. Fernand Portal meurt \u00e0 l&rsquo;\u00e2ge de soixante-et-onze ans. Quand, \u00e0 dix-neuf ans, il entra dans la ... Read More\" \/>\n<meta property=\"og:url\" content=\"https:\/\/vincentians.com\/fr\/ephemerides-19-juin\/\" \/>\n<meta property=\"og:site_name\" content=\"Nous Sommes Vincentiens\" \/>\n<meta property=\"article:publisher\" content=\"https:\/\/www.facebook.com\/WeAreVincentians\/\" \/>\n<meta property=\"article:author\" content=\"https:\/\/www.facebook.com\/JavierChento\" \/>\n<meta property=\"article:published_time\" content=\"2017-06-18T22:01:05+00:00\" \/>\n<meta property=\"og:image\" content=\"https:\/\/i0.wp.com\/vincentians.com\/fr\/wp-content\/uploads\/sites\/10\/2016\/07\/ephemerides-fb.jpg?fit=1200%2C630&ssl=1\" \/>\n\t<meta property=\"og:image:width\" content=\"1200\" \/>\n\t<meta property=\"og:image:height\" content=\"630\" \/>\n\t<meta property=\"og:image:type\" content=\"image\/jpeg\" \/>\n<meta name=\"author\" content=\"Francisco Javier Fern\u00e1ndez Chento\" \/>\n<meta name=\"twitter:card\" content=\"summary_large_image\" \/>\n<meta name=\"twitter:creator\" content=\"@https:\/\/twitter.com\/javierchento\" \/>\n<meta name=\"twitter:site\" content=\"@WeVincentians\" \/>\n<meta name=\"twitter:label1\" content=\"\u00c9crit par\" \/>\n\t<meta name=\"twitter:data1\" content=\"Francisco Javier Fern\u00e1ndez Chento\" \/>\n\t<meta name=\"twitter:label2\" content=\"Dur\u00e9e de lecture estim\u00e9e\" \/>\n\t<meta name=\"twitter:data2\" content=\"3 minutes\" \/>\n<script type=\"application\/ld+json\" class=\"yoast-schema-graph\">{\"@context\":\"https:\/\/schema.org\",\"@graph\":[{\"@type\":\"WebPage\",\"@id\":\"https:\/\/vincentians.com\/fr\/ephemerides-19-juin\/\",\"url\":\"https:\/\/vincentians.com\/fr\/ephemerides-19-juin\/\",\"name\":\"Eph\u00e9m\u00e9rides: 19 juin - Nous Sommes Vincentiens\",\"isPartOf\":{\"@id\":\"http:\/\/vincentians.com\/fr\/#website\"},\"primaryImageOfPage\":{\"@id\":\"https:\/\/vincentians.com\/fr\/ephemerides-19-juin\/#primaryimage\"},\"image\":{\"@id\":\"https:\/\/vincentians.com\/fr\/ephemerides-19-juin\/#primaryimage\"},\"thumbnailUrl\":\"https:\/\/i0.wp.com\/vincentians.com\/fr\/wp-content\/uploads\/sites\/10\/2016\/07\/ephemerides-fb.jpg?fit=1200%2C630&ssl=1\",\"datePublished\":\"2017-06-18T22:01:05+00:00\",\"author\":{\"@id\":\"http:\/\/vincentians.com\/fr\/#\/schema\/person\/9623ef4d9aa3b2dfb8c061f1499288f2\"},\"breadcrumb\":{\"@id\":\"https:\/\/vincentians.com\/fr\/ephemerides-19-juin\/#breadcrumb\"},\"inLanguage\":\"fr-FR\",\"potentialAction\":[{\"@type\":\"ReadAction\",\"target\":[\"https:\/\/vincentians.com\/fr\/ephemerides-19-juin\/\"]}]},{\"@type\":\"ImageObject\",\"inLanguage\":\"fr-FR\",\"@id\":\"https:\/\/vincentians.com\/fr\/ephemerides-19-juin\/#primaryimage\",\"url\":\"https:\/\/i0.wp.com\/vincentians.com\/fr\/wp-content\/uploads\/sites\/10\/2016\/07\/ephemerides-fb.jpg?fit=1200%2C630&ssl=1\",\"contentUrl\":\"https:\/\/i0.wp.com\/vincentians.com\/fr\/wp-content\/uploads\/sites\/10\/2016\/07\/ephemerides-fb.jpg?fit=1200%2C630&ssl=1\",\"width\":1200,\"height\":630},{\"@type\":\"BreadcrumbList\",\"@id\":\"https:\/\/vincentians.com\/fr\/ephemerides-19-juin\/#breadcrumb\",\"itemListElement\":[{\"@type\":\"ListItem\",\"position\":1,\"name\":\"Portada\",\"item\":\"http:\/\/vincentians.com\/fr\/\"},{\"@type\":\"ListItem\",\"position\":2,\"name\":\"Eph\u00e9m\u00e9rides: 19 juin\"}]},{\"@type\":\"WebSite\",\"@id\":\"http:\/\/vincentians.com\/fr\/#website\",\"url\":\"http:\/\/vincentians.com\/fr\/\",\"name\":\"Nous Sommes Vincentiens\",\"description\":\"Know more to serve more\",\"potentialAction\":[{\"@type\":\"SearchAction\",\"target\":{\"@type\":\"EntryPoint\",\"urlTemplate\":\"http:\/\/vincentians.com\/fr\/?s={search_term_string}\"},\"query-input\":{\"@type\":\"PropertyValueSpecification\",\"valueRequired\":true,\"valueName\":\"search_term_string\"}}],\"inLanguage\":\"fr-FR\"},{\"@type\":\"Person\",\"@id\":\"http:\/\/vincentians.com\/fr\/#\/schema\/person\/9623ef4d9aa3b2dfb8c061f1499288f2\",\"name\":\"Francisco Javier Fern\u00e1ndez Chento\",\"image\":{\"@type\":\"ImageObject\",\"inLanguage\":\"fr-FR\",\"@id\":\"http:\/\/vincentians.com\/fr\/#\/schema\/person\/image\/\",\"url\":\"https:\/\/secure.gravatar.com\/avatar\/497d5cde87b4c3d097d0315953521681ba2cd523ee66e5077c3711f7021e65de?s=96&d=mm&r=g\",\"contentUrl\":\"https:\/\/secure.gravatar.com\/avatar\/497d5cde87b4c3d097d0315953521681ba2cd523ee66e5077c3711f7021e65de?s=96&d=mm&r=g\",\"caption\":\"Francisco Javier Fern\u00e1ndez Chento\"},\"description\":\"Director General y cofundador de La Red de Formaci\u00f3n Vicenciana. Javier es laico vicenciano, afiliado a la Congregaci\u00f3n de la Misi\u00f3n y miembro del Equipo de Misiones Populares de la provincia can\u00f3nica de Zaragoza (Espa\u00f1a) de la Congregaci\u00f3n de la Misi\u00f3n. Graduado en la Universidad Oberta de Catalunya con cuatro grados (Asistente de direcci\u00f3n, Gesti\u00f3n Administrativa, Recursos Humanos y Contabilidad Avanzada). Bil\u00edng\u00fce Espa\u00f1ol\/Ingl\u00e9s. gestiona y mantiene varias p\u00e1ginas web cristianas y vicencianas, incluida including La Red de Formaci\u00f3n Vicenciana, de la que es cofundador. Actualmente es responsable del \u00e1rea de Espa\u00f1ol de .famvin, la Red de Noticias de la Familia Vicenciana. Tambi\u00e9n es m\u00fasico cat\u00f3lico y ha editado varios discos. Es Director General y cofundador de Trovador, una reconocida compa\u00f1\u00eda discogr\u00e1fica critiana de Espa\u00f1a. Trabaja en las Tecnolog\u00edas de la Informaci\u00f3n, ofreciendo servicios de alojamiento, dise\u00f1o y mantenimiento Web, as\u00ed como asesoramiento, formaci\u00f3n y soluciones inform\u00e1ticas, gesti\u00f3n documental y digitalizaci\u00f3n de textos, edici\u00f3n y maquetaci\u00f3n de libros, revistas, flyers, etc.\",\"sameAs\":[\"http:\/\/chento.org\",\"https:\/\/www.facebook.com\/JavierChento\",\"https:\/\/x.com\/https:\/\/twitter.com\/javierchento\"],\"url\":\"https:\/\/vincentians.com\/fr\/author\/chento\/\"}]}<\/script>\n<!-- \/ Yoast SEO plugin. -->","yoast_head_json":{"title":"Eph\u00e9m\u00e9rides: 19 juin - Nous Sommes Vincentiens","robots":{"index":"index","follow":"follow","max-snippet":"max-snippet:-1","max-image-preview":"max-image-preview:large","max-video-preview":"max-video-preview:-1"},"canonical":"https:\/\/vincentians.com\/fr\/ephemerides-19-juin\/","og_locale":"fr_FR","og_type":"article","og_title":"Eph\u00e9m\u00e9rides: 19 juin - Nous Sommes Vincentiens","og_description":"1926. \u00c0 Paris, rue de Lourmel, dans la maison des \u00abDames de l&rsquo;Union\u00bb, dont il est le fondateur, M. Fernand Portal meurt \u00e0 l&rsquo;\u00e2ge de soixante-et-onze ans. Quand, \u00e0 dix-neuf ans, il entra dans la ... Read More","og_url":"https:\/\/vincentians.com\/fr\/ephemerides-19-juin\/","og_site_name":"Nous Sommes Vincentiens","article_publisher":"https:\/\/www.facebook.com\/WeAreVincentians\/","article_author":"https:\/\/www.facebook.com\/JavierChento","article_published_time":"2017-06-18T22:01:05+00:00","og_image":[{"width":1200,"height":630,"url":"https:\/\/i0.wp.com\/vincentians.com\/fr\/wp-content\/uploads\/sites\/10\/2016\/07\/ephemerides-fb.jpg?fit=1200%2C630&ssl=1","type":"image\/jpeg"}],"author":"Francisco Javier Fern\u00e1ndez Chento","twitter_card":"summary_large_image","twitter_creator":"@https:\/\/twitter.com\/javierchento","twitter_site":"@WeVincentians","twitter_misc":{"\u00c9crit par":"Francisco Javier Fern\u00e1ndez Chento","Dur\u00e9e de lecture estim\u00e9e":"3 minutes"},"schema":{"@context":"https:\/\/schema.org","@graph":[{"@type":"WebPage","@id":"https:\/\/vincentians.com\/fr\/ephemerides-19-juin\/","url":"https:\/\/vincentians.com\/fr\/ephemerides-19-juin\/","name":"Eph\u00e9m\u00e9rides: 19 juin - Nous Sommes Vincentiens","isPartOf":{"@id":"http:\/\/vincentians.com\/fr\/#website"},"primaryImageOfPage":{"@id":"https:\/\/vincentians.com\/fr\/ephemerides-19-juin\/#primaryimage"},"image":{"@id":"https:\/\/vincentians.com\/fr\/ephemerides-19-juin\/#primaryimage"},"thumbnailUrl":"https:\/\/i0.wp.com\/vincentians.com\/fr\/wp-content\/uploads\/sites\/10\/2016\/07\/ephemerides-fb.jpg?fit=1200%2C630&ssl=1","datePublished":"2017-06-18T22:01:05+00:00","author":{"@id":"http:\/\/vincentians.com\/fr\/#\/schema\/person\/9623ef4d9aa3b2dfb8c061f1499288f2"},"breadcrumb":{"@id":"https:\/\/vincentians.com\/fr\/ephemerides-19-juin\/#breadcrumb"},"inLanguage":"fr-FR","potentialAction":[{"@type":"ReadAction","target":["https:\/\/vincentians.com\/fr\/ephemerides-19-juin\/"]}]},{"@type":"ImageObject","inLanguage":"fr-FR","@id":"https:\/\/vincentians.com\/fr\/ephemerides-19-juin\/#primaryimage","url":"https:\/\/i0.wp.com\/vincentians.com\/fr\/wp-content\/uploads\/sites\/10\/2016\/07\/ephemerides-fb.jpg?fit=1200%2C630&ssl=1","contentUrl":"https:\/\/i0.wp.com\/vincentians.com\/fr\/wp-content\/uploads\/sites\/10\/2016\/07\/ephemerides-fb.jpg?fit=1200%2C630&ssl=1","width":1200,"height":630},{"@type":"BreadcrumbList","@id":"https:\/\/vincentians.com\/fr\/ephemerides-19-juin\/#breadcrumb","itemListElement":[{"@type":"ListItem","position":1,"name":"Portada","item":"http:\/\/vincentians.com\/fr\/"},{"@type":"ListItem","position":2,"name":"Eph\u00e9m\u00e9rides: 19 juin"}]},{"@type":"WebSite","@id":"http:\/\/vincentians.com\/fr\/#website","url":"http:\/\/vincentians.com\/fr\/","name":"Nous Sommes Vincentiens","description":"Know more to serve more","potentialAction":[{"@type":"SearchAction","target":{"@type":"EntryPoint","urlTemplate":"http:\/\/vincentians.com\/fr\/?s={search_term_string}"},"query-input":{"@type":"PropertyValueSpecification","valueRequired":true,"valueName":"search_term_string"}}],"inLanguage":"fr-FR"},{"@type":"Person","@id":"http:\/\/vincentians.com\/fr\/#\/schema\/person\/9623ef4d9aa3b2dfb8c061f1499288f2","name":"Francisco Javier Fern\u00e1ndez Chento","image":{"@type":"ImageObject","inLanguage":"fr-FR","@id":"http:\/\/vincentians.com\/fr\/#\/schema\/person\/image\/","url":"https:\/\/secure.gravatar.com\/avatar\/497d5cde87b4c3d097d0315953521681ba2cd523ee66e5077c3711f7021e65de?s=96&d=mm&r=g","contentUrl":"https:\/\/secure.gravatar.com\/avatar\/497d5cde87b4c3d097d0315953521681ba2cd523ee66e5077c3711f7021e65de?s=96&d=mm&r=g","caption":"Francisco Javier Fern\u00e1ndez Chento"},"description":"Director General y cofundador de La Red de Formaci\u00f3n Vicenciana. Javier es laico vicenciano, afiliado a la Congregaci\u00f3n de la Misi\u00f3n y miembro del Equipo de Misiones Populares de la provincia can\u00f3nica de Zaragoza (Espa\u00f1a) de la Congregaci\u00f3n de la Misi\u00f3n. Graduado en la Universidad Oberta de Catalunya con cuatro grados (Asistente de direcci\u00f3n, Gesti\u00f3n Administrativa, Recursos Humanos y Contabilidad Avanzada). Bil\u00edng\u00fce Espa\u00f1ol\/Ingl\u00e9s. gestiona y mantiene varias p\u00e1ginas web cristianas y vicencianas, incluida including La Red de Formaci\u00f3n Vicenciana, de la que es cofundador. Actualmente es responsable del \u00e1rea de Espa\u00f1ol de .famvin, la Red de Noticias de la Familia Vicenciana. Tambi\u00e9n es m\u00fasico cat\u00f3lico y ha editado varios discos. Es Director General y cofundador de Trovador, una reconocida compa\u00f1\u00eda discogr\u00e1fica critiana de Espa\u00f1a. Trabaja en las Tecnolog\u00edas de la Informaci\u00f3n, ofreciendo servicios de alojamiento, dise\u00f1o y mantenimiento Web, as\u00ed como asesoramiento, formaci\u00f3n y soluciones inform\u00e1ticas, gesti\u00f3n documental y digitalizaci\u00f3n de textos, edici\u00f3n y maquetaci\u00f3n de libros, revistas, flyers, etc.","sameAs":["http:\/\/chento.org","https:\/\/www.facebook.com\/JavierChento","https:\/\/x.com\/https:\/\/twitter.com\/javierchento"],"url":"https:\/\/vincentians.com\/fr\/author\/chento\/"}]}},"jetpack_publicize_connections":[],"jetpack_featured_media_url":"https:\/\/i0.wp.com\/vincentians.com\/fr\/wp-content\/uploads\/sites\/10\/2016\/07\/ephemerides-fb.jpg?fit=1200%2C630&ssl=1","jetpack_sharing_enabled":true,"jetpack_shortlink":"https:\/\/wp.me\/p7ETMP-NzO","jetpack-related-posts":[{"id":74152,"url":"https:\/\/vincentians.com\/fr\/fernand-portal-fils-de-saint-vincent-de-paul\/","url_meta":{"origin":190576,"position":0},"title":"Fernand Portal, Fils de Saint Vincent de Paul","author":"Francisco Javier Fern\u00e1ndez Chento","date":"20\/02\/2015","format":false,"excerpt":"\u00abCelui que vous voyez devant vous est un pr\u00eatre fran\u00e7ais, humble fils de saint Vincent de Paul\u00bb. C'est ainsi que Fernand Portal se pr\u00e9sentait, le 13 juillet 1896, \u00e0 Londres, devant une assembl\u00e9e compos\u00e9e en majeure partie de pr\u00eatres anglicans. En mettant ainsi en avant sa carte d'identit\u00e9 vincentienne, recourait-il\u2026","rel":"","context":"Dans &quot;Biographies Lazaristes&quot;","block_context":{"text":"Biographies Lazaristes","link":"https:\/\/vincentians.com\/fr\/category\/biographies-lazaristes\/"},"img":{"alt_text":"","src":"https:\/\/i0.wp.com\/vincentians.com\/fr\/wp-content\/uploads\/sites\/10\/2016\/08\/bio-congregation-of-the-mission.jpg?fit=1200%2C630&ssl=1&resize=350%2C200","width":350,"height":200,"srcset":"https:\/\/i0.wp.com\/vincentians.com\/fr\/wp-content\/uploads\/sites\/10\/2016\/08\/bio-congregation-of-the-mission.jpg?fit=1200%2C630&ssl=1&resize=350%2C200 1x, https:\/\/i0.wp.com\/vincentians.com\/fr\/wp-content\/uploads\/sites\/10\/2016\/08\/bio-congregation-of-the-mission.jpg?fit=1200%2C630&ssl=1&resize=525%2C300 1.5x, https:\/\/i0.wp.com\/vincentians.com\/fr\/wp-content\/uploads\/sites\/10\/2016\/08\/bio-congregation-of-the-mission.jpg?fit=1200%2C630&ssl=1&resize=700%2C400 2x, https:\/\/i0.wp.com\/vincentians.com\/fr\/wp-content\/uploads\/sites\/10\/2016\/08\/bio-congregation-of-the-mission.jpg?fit=1200%2C630&ssl=1&resize=1050%2C600 3x"},"classes":[]},{"id":104200,"url":"https:\/\/vincentians.com\/fr\/fernand-portal-iv-la-mobilisation-de-rome-et-de-cantorbery\/","url_meta":{"origin":190576,"position":1},"title":"Fernand Portal (IV) La mobilisation de Rome et de Cantorb\u00e9ry","author":"Francisco Javier Fern\u00e1ndez Chento","date":"03\/11\/2012","format":false,"excerpt":"A l'oeuvre donc ! 1VIad\u00e8re est une gr\u00e2ce. \u00ab C'est le point de jonction \u00bb affirmera Portal \u00e0 la fin de sa vie. La devise de Lord Halifax \u00ab j'aime mon choix \u00bb s'applique \u00e0 son \u00e9l\u00e8ve, car lorsque chacun retournera chez soi c'est \u00ab l'abb\u00e9\u00bb qui activera les op\u00e9rations\u2026","rel":"","context":"Dans &quot;Biographies Lazaristes&quot;","block_context":{"text":"Biographies Lazaristes","link":"https:\/\/vincentians.com\/fr\/category\/biographies-lazaristes\/"},"img":{"alt_text":"","src":"https:\/\/i0.wp.com\/vincentians.com\/fr\/wp-content\/uploads\/sites\/10\/2016\/08\/bio-congregation-of-the-mission.jpg?fit=1200%2C630&ssl=1&resize=350%2C200","width":350,"height":200,"srcset":"https:\/\/i0.wp.com\/vincentians.com\/fr\/wp-content\/uploads\/sites\/10\/2016\/08\/bio-congregation-of-the-mission.jpg?fit=1200%2C630&ssl=1&resize=350%2C200 1x, https:\/\/i0.wp.com\/vincentians.com\/fr\/wp-content\/uploads\/sites\/10\/2016\/08\/bio-congregation-of-the-mission.jpg?fit=1200%2C630&ssl=1&resize=525%2C300 1.5x, https:\/\/i0.wp.com\/vincentians.com\/fr\/wp-content\/uploads\/sites\/10\/2016\/08\/bio-congregation-of-the-mission.jpg?fit=1200%2C630&ssl=1&resize=700%2C400 2x, https:\/\/i0.wp.com\/vincentians.com\/fr\/wp-content\/uploads\/sites\/10\/2016\/08\/bio-congregation-of-the-mission.jpg?fit=1200%2C630&ssl=1&resize=1050%2C600 3x"},"classes":[]},{"id":104889,"url":"https:\/\/vincentians.com\/fr\/fernand-portal-xvi-loeuvre-est-finie\/","url_meta":{"origin":190576,"position":2},"title":"Fernand Portal (XVI) L&rsquo;\u0153uvre est finie","author":"Francisco Javier Fern\u00e1ndez Chento","date":"12\/12\/2012","format":false,"excerpt":"Portal tra\u00eene une sant\u00e9 de plus en plus pr\u00e9caire. Les obs\u00e8ques du Cardinal Mercier l'ont harass\u00e9. Jusqu'en avril, il se repose aux Corbi\u00e8res. Une photographie, prise pendant cette p\u00e9riode d'inactivit\u00e9, montre un groupe connu : Lord Halifax, deux pr\u00eatres anglicans, Hemmer et Portal. Ce dernier montre son air souriant sur\u2026","rel":"","context":"Dans &quot;Biographies Lazaristes&quot;","block_context":{"text":"Biographies Lazaristes","link":"https:\/\/vincentians.com\/fr\/category\/biographies-lazaristes\/"},"img":{"alt_text":"","src":"https:\/\/i0.wp.com\/vincentians.com\/fr\/wp-content\/uploads\/sites\/10\/2016\/08\/bio-congregation-of-the-mission.jpg?fit=1200%2C630&ssl=1&resize=350%2C200","width":350,"height":200,"srcset":"https:\/\/i0.wp.com\/vincentians.com\/fr\/wp-content\/uploads\/sites\/10\/2016\/08\/bio-congregation-of-the-mission.jpg?fit=1200%2C630&ssl=1&resize=350%2C200 1x, https:\/\/i0.wp.com\/vincentians.com\/fr\/wp-content\/uploads\/sites\/10\/2016\/08\/bio-congregation-of-the-mission.jpg?fit=1200%2C630&ssl=1&resize=525%2C300 1.5x, https:\/\/i0.wp.com\/vincentians.com\/fr\/wp-content\/uploads\/sites\/10\/2016\/08\/bio-congregation-of-the-mission.jpg?fit=1200%2C630&ssl=1&resize=700%2C400 2x, https:\/\/i0.wp.com\/vincentians.com\/fr\/wp-content\/uploads\/sites\/10\/2016\/08\/bio-congregation-of-the-mission.jpg?fit=1200%2C630&ssl=1&resize=1050%2C600 3x"},"classes":[]},{"id":104203,"url":"https:\/\/vincentians.com\/fr\/fernand-portal-v-la-brisure-du-premier-rapprochement\/","url_meta":{"origin":190576,"position":3},"title":"Fernand Portal (V) La brisure du premier rapprochement","author":"Francisco Javier Fern\u00e1ndez Chento","date":"06\/11\/2012","format":false,"excerpt":"Le meeting de Londres Le ciel s'obscurcit brusquement. En Mars 1896 une commission \u00ab exclusivement \u00bb catholique se r\u00e9unit \u00e0 Rome. Au rythme de trois s\u00e9ances par semaine, elle travaillera durant deux mois. La partie s'annonce serr\u00e9e : des \u00ab portaliens \u00bb Gasparri, Duchesne, de Augus\u00adtinis et Scannel se trouvent\u2026","rel":"","context":"Dans &quot;Biographies Lazaristes&quot;","block_context":{"text":"Biographies Lazaristes","link":"https:\/\/vincentians.com\/fr\/category\/biographies-lazaristes\/"},"img":{"alt_text":"","src":"https:\/\/i0.wp.com\/vincentians.com\/fr\/wp-content\/uploads\/sites\/10\/2016\/08\/bio-congregation-of-the-mission.jpg?fit=1200%2C630&ssl=1&resize=350%2C200","width":350,"height":200,"srcset":"https:\/\/i0.wp.com\/vincentians.com\/fr\/wp-content\/uploads\/sites\/10\/2016\/08\/bio-congregation-of-the-mission.jpg?fit=1200%2C630&ssl=1&resize=350%2C200 1x, https:\/\/i0.wp.com\/vincentians.com\/fr\/wp-content\/uploads\/sites\/10\/2016\/08\/bio-congregation-of-the-mission.jpg?fit=1200%2C630&ssl=1&resize=525%2C300 1.5x, https:\/\/i0.wp.com\/vincentians.com\/fr\/wp-content\/uploads\/sites\/10\/2016\/08\/bio-congregation-of-the-mission.jpg?fit=1200%2C630&ssl=1&resize=700%2C400 2x, https:\/\/i0.wp.com\/vincentians.com\/fr\/wp-content\/uploads\/sites\/10\/2016\/08\/bio-congregation-of-the-mission.jpg?fit=1200%2C630&ssl=1&resize=1050%2C600 3x"},"classes":[]},{"id":104892,"url":"https:\/\/vincentians.com\/fr\/fernand-portal-xvii-justice-est-rendue-par-lord-halifax\/","url_meta":{"origin":190576,"position":4},"title":"Fernand Portal (XVII) Justice est rendue par Lord Halifax","author":"Francisco Javier Fern\u00e1ndez Chento","date":"16\/12\/2012","format":false,"excerpt":"Les 5e Conversations de Malines, report\u00e9es aux \u00fc et 12 octobre 1926, ont \u00ab un peu de la d\u00e9primante atmosph\u00e8re d'une liquidation \u00bb (Gratieux). Le coeur n'y est plus. On exp\u00e9die quelques affaires de proc\u00e9dure. On \u00e9labore principalement le rapport catholique et le rapport anglican d'un bilan : le r\u00e9sultat\u2026","rel":"","context":"Dans &quot;Biographies Lazaristes&quot;","block_context":{"text":"Biographies Lazaristes","link":"https:\/\/vincentians.com\/fr\/category\/biographies-lazaristes\/"},"img":{"alt_text":"","src":"https:\/\/i0.wp.com\/vincentians.com\/fr\/wp-content\/uploads\/sites\/10\/2016\/08\/bio-congregation-of-the-mission.jpg?fit=1200%2C630&ssl=1&resize=350%2C200","width":350,"height":200,"srcset":"https:\/\/i0.wp.com\/vincentians.com\/fr\/wp-content\/uploads\/sites\/10\/2016\/08\/bio-congregation-of-the-mission.jpg?fit=1200%2C630&ssl=1&resize=350%2C200 1x, https:\/\/i0.wp.com\/vincentians.com\/fr\/wp-content\/uploads\/sites\/10\/2016\/08\/bio-congregation-of-the-mission.jpg?fit=1200%2C630&ssl=1&resize=525%2C300 1.5x, https:\/\/i0.wp.com\/vincentians.com\/fr\/wp-content\/uploads\/sites\/10\/2016\/08\/bio-congregation-of-the-mission.jpg?fit=1200%2C630&ssl=1&resize=700%2C400 2x, https:\/\/i0.wp.com\/vincentians.com\/fr\/wp-content\/uploads\/sites\/10\/2016\/08\/bio-congregation-of-the-mission.jpg?fit=1200%2C630&ssl=1&resize=1050%2C600 3x"},"classes":[]},{"id":104883,"url":"https:\/\/vincentians.com\/fr\/fernand-portal-xiv-les-conversations-de-malines\/","url_meta":{"origin":190576,"position":5},"title":"Fernand Portal (XIV): Les conversations de Malines","author":"Francisco Javier Fern\u00e1ndez Chento","date":"02\/12\/2012","format":false,"excerpt":"Dieu appelle \u00e0 l'audace La Conf\u00e9rence missionnaire d'\u00c9dimbourg (Igro) a bouscul\u00e9 le mouvement qui aboutira au Conseil oecum\u00e9nique des Eglises. Les \u00ab unions sacr\u00e9es \u00bb et les \u00ab alliances \u00bb, bien que scell\u00e9es pendant la guerre avec du mat\u00e9riau provisoire, ont \u00e9branl\u00e9 les particularismes. En 1920, \u00e0 la Conf\u00e9rence de\u2026","rel":"","context":"Dans &quot;Biographies Lazaristes&quot;","block_context":{"text":"Biographies Lazaristes","link":"https:\/\/vincentians.com\/fr\/category\/biographies-lazaristes\/"},"img":{"alt_text":"","src":"https:\/\/i0.wp.com\/vincentians.com\/fr\/wp-content\/uploads\/sites\/10\/2016\/08\/bio-congregation-of-the-mission.jpg?fit=1200%2C630&ssl=1&resize=350%2C200","width":350,"height":200,"srcset":"https:\/\/i0.wp.com\/vincentians.com\/fr\/wp-content\/uploads\/sites\/10\/2016\/08\/bio-congregation-of-the-mission.jpg?fit=1200%2C630&ssl=1&resize=350%2C200 1x, https:\/\/i0.wp.com\/vincentians.com\/fr\/wp-content\/uploads\/sites\/10\/2016\/08\/bio-congregation-of-the-mission.jpg?fit=1200%2C630&ssl=1&resize=525%2C300 1.5x, https:\/\/i0.wp.com\/vincentians.com\/fr\/wp-content\/uploads\/sites\/10\/2016\/08\/bio-congregation-of-the-mission.jpg?fit=1200%2C630&ssl=1&resize=700%2C400 2x, https:\/\/i0.wp.com\/vincentians.com\/fr\/wp-content\/uploads\/sites\/10\/2016\/08\/bio-congregation-of-the-mission.jpg?fit=1200%2C630&ssl=1&resize=1050%2C600 3x"},"classes":[]}],"_links":{"self":[{"href":"https:\/\/vincentians.com\/fr\/wp-json\/wp\/v2\/posts\/190576","targetHints":{"allow":["GET"]}}],"collection":[{"href":"https:\/\/vincentians.com\/fr\/wp-json\/wp\/v2\/posts"}],"about":[{"href":"https:\/\/vincentians.com\/fr\/wp-json\/wp\/v2\/types\/post"}],"author":[{"embeddable":true,"href":"https:\/\/vincentians.com\/fr\/wp-json\/wp\/v2\/users\/4"}],"replies":[{"embeddable":true,"href":"https:\/\/vincentians.com\/fr\/wp-json\/wp\/v2\/comments?post=190576"}],"version-history":[{"count":0,"href":"https:\/\/vincentians.com\/fr\/wp-json\/wp\/v2\/posts\/190576\/revisions"}],"wp:featuredmedia":[{"embeddable":true,"href":"https:\/\/vincentians.com\/fr\/wp-json\/wp\/v2\/media\/149897"}],"wp:attachment":[{"href":"https:\/\/vincentians.com\/fr\/wp-json\/wp\/v2\/media?parent=190576"}],"wp:term":[{"taxonomy":"category","embeddable":true,"href":"https:\/\/vincentians.com\/fr\/wp-json\/wp\/v2\/categories?post=190576"},{"taxonomy":"post_tag","embeddable":true,"href":"https:\/\/vincentians.com\/fr\/wp-json\/wp\/v2\/tags?post=190576"}],"curies":[{"name":"wp","href":"https:\/\/api.w.org\/{rel}","templated":true}]}}