{"id":190559,"date":"2017-06-01T00:01:05","date_gmt":"2017-05-31T22:01:05","guid":{"rendered":"http:\/\/vincentians.com\/fr\/?p=190559"},"modified":"2016-08-11T22:18:54","modified_gmt":"2016-08-11T20:18:54","slug":"ephemerides-01-juin","status":"publish","type":"post","link":"https:\/\/vincentians.com\/fr\/ephemerides-01-juin\/","title":{"rendered":"Eph\u00e9m\u00e9rides: 01 juin"},"content":{"rendered":"<p><b>1675<\/b>. \u00c0 Paris, les Pr\u00eatres de la Mission, install\u00e9s dans le logis situ\u00e9 \u00e0 l&rsquo;ouest de la chapelle des Invalides, inaugurent leurs fonctions par une grande mission qui se cl\u00f4turera le 30 juin (1).<\/p>\n<p><b>1863<\/b>. \u00c0 Cuba, notre confr\u00e8re, M. J\u00e9r\u00f4me Viladas, prend possession de l&rsquo;ancien couvent de Notre-Dame de la Merci, \u00e0 la Havane. Il a le titre de sup\u00e9rieur et celui de directeur des Filles de la Charit\u00e9. C&rsquo;est l\u00e0 le commencement d&rsquo;une \u0153uvre qui va prendre un bel essor. De l&rsquo;\u00e9glise de la Merci que M. Viladas a r\u00e9par\u00e9e et agrandie et qui, disait un journal de La Havane, en 1883, au moment de la mort de m. Viladas, &#8211; est peut-\u00eatre \u00abUn des temples les plus remarquables de l&rsquo;univers\u00bb, les fils de Monsieur Vincent ont fait un centre florissant d&rsquo;\u0153uvres et de missions (2+R).<\/p>\n<p><b>1874<\/b>. \u00c0 Varsovie, mort de M. Duperrey, victime de son d\u00e9vouement aux pestif\u00e9r\u00e9s(R)<\/p>\n<p><b>1882<\/b>. M. Fiat \u00e9rige la Province de Salzbourg en Autriche. Il s\u2019agit de l\u2019union de la Communaut\u00e9 fond\u00e9e en 1836 \u00e0 Schwarzach par S\u0153ur de Brandis (dont la Cause est introduite) avec la Compagnie des Filles de la Charit\u00e9. Cette Communaut\u00e9 comptait 67 \u00e9tablissements de charit\u00e9.(R)<\/p>\n<p><b>1949<\/b>. \u00c0 El Biar, en Alg\u00e9rie, mort de M. Jean Heynen. Quand, venant de sa Hollande natale, il entra au s\u00e9minaire interne de Paris, le 7 septembre 1900, il r\u00eavait d&rsquo;aller en Chine. Mais l&rsquo;autorit\u00e9 jugea qu&rsquo;il serait plus utile dans les grands s\u00e9minaires\u00a0; et apr\u00e8s qu&rsquo;il e\u00fbt conquis, \u00e0 Rome, ses grades acad\u00e9miques, il fut de ces confr\u00e8res qui particip\u00e8rent \u00e0 l&rsquo;aventure sicilienne. Car c&rsquo;\u00e9tait une aventure que cette prise en charge, sur la demande de saint Pie X, des s\u00e9minaires de l&rsquo;Italie du Sud. Ils avaient un r\u00e9el besoin de transformation. Or, les s\u00e9minaristes voyaient d&rsquo;un \u0153il noir ces Lazaristes qu&rsquo;ils prenaient pour des r\u00e9formateurs r\u00e9volutionnaires\u00a0; et sur les murs de certains s\u00e9minaires, nos confr\u00e8res purent lire\u00a0: \u00ab\u00a0A bas les Fran\u00e7ais\u00a0! A bas les pr\u00eatres\u00a0!\u00a0\u00bb Et puis, petit \u00e0 petit, tout prit une nouvelle tournure et l&rsquo;on commen\u00e7a \u00e0 rendre hommage \u00e0 1&rsquo;\u0153uvre accomplie par les fils de Monsieur Vincent. Comme tous les membres de cette exp\u00e9dition sicilienne, M. Heynen connut des d\u00e9buts difficiles \u00e0 Girgenti o\u00f9 il resta six ans et o\u00f9 il revint apr\u00e8s un s\u00e9jour de deux ans \u00e0 Piazza. Ce fut avec un v\u00e9ritable brisement de c\u0153ur qu&rsquo;il quitta la Sicile quand la premi\u00e8re guerre mondiale nous obligea \u00e0 abandonner les s\u00e9minaires italiens. M. Heynen fut alors plac\u00e9 \u00e0 Constantine. Il devait y rester jusqu&rsquo;en 1940, travaillant au grand s\u00e9minaire, et en m\u00eame temps au petit s\u00e9minaire, sur lequel il fit r\u00e9gner sa paternelle discipline. L&rsquo;influence morale ne peut s&rsquo;\u00e9valuer par des statistiques. Par contre, le passage de M. Heynen \u00e0 Constantine est marqu\u00e9 par des vestiges mat\u00e9riels\u00a0: c&rsquo;est lui qui a transform\u00e9 en un jardin suspendu la rude colline d&rsquo;El Kantara\u00a0; et surtout, c&rsquo;est lui qui, architecte et entrepreneur, fit divers travaux d&rsquo;agrandissements du s\u00e9minaire (3).<\/p>\n<dl>\n<dd>1) Burnand\u00a0: L&rsquo;H\u00f4tel Royal des Invalides, p. 180\u00a0; Annales, t. 83, p. 297\u00a0; Lacour, in Annales, t. 63, p. 622.<\/dd>\n<dd>2) Annales, t. 49, p. 29\u00a0; Catalogue C.M., 1956.<\/dd>\n<dd>3) Annales, t. 114-115, pp. 307-312.<\/dd>\n<\/dl>\n","protected":false},"excerpt":{"rendered":"<p>1675. \u00c0 Paris, les Pr\u00eatres de la Mission, install\u00e9s dans le logis situ\u00e9 \u00e0 l&rsquo;ouest de la chapelle des Invalides, inaugurent leurs fonctions par une grande mission qui se cl\u00f4turera le 30 juin (1). 1863. &#8230; <a href=\"https:\/\/vincentians.com\/fr\/ephemerides-01-juin\/\" class=\"more-link\">Read More<\/a><\/p>\n","protected":false},"author":4,"featured_media":149897,"comment_status":"open","ping_status":"open","sticky":false,"template":"","format":"standard","meta":{"jetpack_post_was_ever_published":false,"_jetpack_newsletter_access":"","_jetpack_dont_email_post_to_subs":false,"_jetpack_newsletter_tier_id":0,"_jetpack_memberships_contains_paywalled_content":false,"_jetpack_memberships_contains_paid_content":false,"footnotes":"","jetpack_publicize_message":"","jetpack_publicize_feature_enabled":true,"jetpack_social_post_already_shared":true,"jetpack_social_options":{"image_generator_settings":{"template":"highway","default_image_id":0,"font":"","enabled":false},"version":2}},"categories":[119],"tags":[],"class_list":["post-190559","post","type-post","status-publish","format-standard","has-post-thumbnail","hentry","category-ephemerides-vincentiens"],"yoast_head":"<!-- This site is optimized with the Yoast SEO plugin v26.3 - https:\/\/yoast.com\/wordpress\/plugins\/seo\/ -->\n<title>Eph\u00e9m\u00e9rides: 01 juin - Nous Sommes Vincentiens<\/title>\n<meta name=\"robots\" content=\"index, follow, max-snippet:-1, max-image-preview:large, max-video-preview:-1\" \/>\n<link rel=\"canonical\" href=\"http:\/\/vincentians.com\/fr\/ephemerides-01-juin\/\" \/>\n<meta property=\"og:locale\" content=\"fr_FR\" \/>\n<meta property=\"og:type\" content=\"article\" \/>\n<meta property=\"og:title\" content=\"Eph\u00e9m\u00e9rides: 01 juin - Nous Sommes Vincentiens\" \/>\n<meta property=\"og:description\" content=\"1675. \u00c0 Paris, les Pr\u00eatres de la Mission, install\u00e9s dans le logis situ\u00e9 \u00e0 l&rsquo;ouest de la chapelle des Invalides, inaugurent leurs fonctions par une grande mission qui se cl\u00f4turera le 30 juin (1). 1863. ... Read More\" \/>\n<meta property=\"og:url\" content=\"http:\/\/vincentians.com\/fr\/ephemerides-01-juin\/\" \/>\n<meta property=\"og:site_name\" content=\"Nous Sommes Vincentiens\" \/>\n<meta property=\"article:publisher\" content=\"https:\/\/www.facebook.com\/WeAreVincentians\/\" \/>\n<meta property=\"article:author\" content=\"https:\/\/www.facebook.com\/JavierChento\" \/>\n<meta property=\"article:published_time\" content=\"2017-05-31T22:01:05+00:00\" \/>\n<meta property=\"og:image\" content=\"https:\/\/i0.wp.com\/vincentians.com\/fr\/wp-content\/uploads\/sites\/10\/2016\/07\/ephemerides-fb.jpg?fit=1200%2C630\" \/>\n\t<meta property=\"og:image:width\" content=\"1200\" \/>\n\t<meta property=\"og:image:height\" content=\"630\" \/>\n\t<meta property=\"og:image:type\" content=\"image\/jpeg\" \/>\n<meta name=\"author\" content=\"Francisco Javier Fern\u00e1ndez Chento\" \/>\n<meta name=\"twitter:card\" content=\"summary_large_image\" \/>\n<meta name=\"twitter:creator\" content=\"@https:\/\/twitter.com\/javierchento\" \/>\n<meta name=\"twitter:site\" content=\"@WeVincentians\" \/>\n<meta name=\"twitter:label1\" content=\"\u00c9crit par\" \/>\n\t<meta name=\"twitter:data1\" content=\"Francisco Javier Fern\u00e1ndez Chento\" \/>\n\t<meta name=\"twitter:label2\" content=\"Dur\u00e9e de lecture estim\u00e9e\" \/>\n\t<meta name=\"twitter:data2\" content=\"3 minutes\" \/>\n<script type=\"application\/ld+json\" class=\"yoast-schema-graph\">{\"@context\":\"https:\/\/schema.org\",\"@graph\":[{\"@type\":\"WebPage\",\"@id\":\"http:\/\/vincentians.com\/fr\/ephemerides-01-juin\/\",\"url\":\"http:\/\/vincentians.com\/fr\/ephemerides-01-juin\/\",\"name\":\"Eph\u00e9m\u00e9rides: 01 juin - Nous Sommes Vincentiens\",\"isPartOf\":{\"@id\":\"https:\/\/vincentians.com\/fr\/#website\"},\"primaryImageOfPage\":{\"@id\":\"http:\/\/vincentians.com\/fr\/ephemerides-01-juin\/#primaryimage\"},\"image\":{\"@id\":\"http:\/\/vincentians.com\/fr\/ephemerides-01-juin\/#primaryimage\"},\"thumbnailUrl\":\"https:\/\/i0.wp.com\/vincentians.com\/fr\/wp-content\/uploads\/sites\/10\/2016\/07\/ephemerides-fb.jpg?fit=1200%2C630&ssl=1\",\"datePublished\":\"2017-05-31T22:01:05+00:00\",\"author\":{\"@id\":\"https:\/\/vincentians.com\/fr\/#\/schema\/person\/9623ef4d9aa3b2dfb8c061f1499288f2\"},\"breadcrumb\":{\"@id\":\"http:\/\/vincentians.com\/fr\/ephemerides-01-juin\/#breadcrumb\"},\"inLanguage\":\"fr-FR\",\"potentialAction\":[{\"@type\":\"ReadAction\",\"target\":[\"http:\/\/vincentians.com\/fr\/ephemerides-01-juin\/\"]}]},{\"@type\":\"ImageObject\",\"inLanguage\":\"fr-FR\",\"@id\":\"http:\/\/vincentians.com\/fr\/ephemerides-01-juin\/#primaryimage\",\"url\":\"https:\/\/i0.wp.com\/vincentians.com\/fr\/wp-content\/uploads\/sites\/10\/2016\/07\/ephemerides-fb.jpg?fit=1200%2C630&ssl=1\",\"contentUrl\":\"https:\/\/i0.wp.com\/vincentians.com\/fr\/wp-content\/uploads\/sites\/10\/2016\/07\/ephemerides-fb.jpg?fit=1200%2C630&ssl=1\",\"width\":1200,\"height\":630},{\"@type\":\"BreadcrumbList\",\"@id\":\"http:\/\/vincentians.com\/fr\/ephemerides-01-juin\/#breadcrumb\",\"itemListElement\":[{\"@type\":\"ListItem\",\"position\":1,\"name\":\"Portada\",\"item\":\"https:\/\/vincentians.com\/fr\/\"},{\"@type\":\"ListItem\",\"position\":2,\"name\":\"Eph\u00e9m\u00e9rides: 01 juin\"}]},{\"@type\":\"WebSite\",\"@id\":\"https:\/\/vincentians.com\/fr\/#website\",\"url\":\"https:\/\/vincentians.com\/fr\/\",\"name\":\"Nous Sommes Vincentiens\",\"description\":\"Know more to serve more\",\"potentialAction\":[{\"@type\":\"SearchAction\",\"target\":{\"@type\":\"EntryPoint\",\"urlTemplate\":\"https:\/\/vincentians.com\/fr\/?s={search_term_string}\"},\"query-input\":{\"@type\":\"PropertyValueSpecification\",\"valueRequired\":true,\"valueName\":\"search_term_string\"}}],\"inLanguage\":\"fr-FR\"},{\"@type\":\"Person\",\"@id\":\"https:\/\/vincentians.com\/fr\/#\/schema\/person\/9623ef4d9aa3b2dfb8c061f1499288f2\",\"name\":\"Francisco Javier Fern\u00e1ndez Chento\",\"image\":{\"@type\":\"ImageObject\",\"inLanguage\":\"fr-FR\",\"@id\":\"https:\/\/vincentians.com\/fr\/#\/schema\/person\/image\/\",\"url\":\"https:\/\/secure.gravatar.com\/avatar\/497d5cde87b4c3d097d0315953521681ba2cd523ee66e5077c3711f7021e65de?s=96&d=mm&r=g\",\"contentUrl\":\"https:\/\/secure.gravatar.com\/avatar\/497d5cde87b4c3d097d0315953521681ba2cd523ee66e5077c3711f7021e65de?s=96&d=mm&r=g\",\"caption\":\"Francisco Javier Fern\u00e1ndez Chento\"},\"description\":\"Director General y cofundador de La Red de Formaci\u00f3n Vicenciana. Javier es laico vicenciano, afiliado a la Congregaci\u00f3n de la Misi\u00f3n y miembro del Equipo de Misiones Populares de la provincia can\u00f3nica de Zaragoza (Espa\u00f1a) de la Congregaci\u00f3n de la Misi\u00f3n. Graduado en la Universidad Oberta de Catalunya con cuatro grados (Asistente de direcci\u00f3n, Gesti\u00f3n Administrativa, Recursos Humanos y Contabilidad Avanzada). Bil\u00edng\u00fce Espa\u00f1ol\/Ingl\u00e9s. gestiona y mantiene varias p\u00e1ginas web cristianas y vicencianas, incluida including La Red de Formaci\u00f3n Vicenciana, de la que es cofundador. Actualmente es responsable del \u00e1rea de Espa\u00f1ol de .famvin, la Red de Noticias de la Familia Vicenciana. Tambi\u00e9n es m\u00fasico cat\u00f3lico y ha editado varios discos. Es Director General y cofundador de Trovador, una reconocida compa\u00f1\u00eda discogr\u00e1fica critiana de Espa\u00f1a. Trabaja en las Tecnolog\u00edas de la Informaci\u00f3n, ofreciendo servicios de alojamiento, dise\u00f1o y mantenimiento Web, as\u00ed como asesoramiento, formaci\u00f3n y soluciones inform\u00e1ticas, gesti\u00f3n documental y digitalizaci\u00f3n de textos, edici\u00f3n y maquetaci\u00f3n de libros, revistas, flyers, etc.\",\"sameAs\":[\"http:\/\/chento.org\",\"https:\/\/www.facebook.com\/JavierChento\",\"https:\/\/x.com\/https:\/\/twitter.com\/javierchento\"],\"url\":\"https:\/\/vincentians.com\/fr\/author\/chento\/\"}]}<\/script>\n<!-- \/ Yoast SEO plugin. -->","yoast_head_json":{"title":"Eph\u00e9m\u00e9rides: 01 juin - Nous Sommes Vincentiens","robots":{"index":"index","follow":"follow","max-snippet":"max-snippet:-1","max-image-preview":"max-image-preview:large","max-video-preview":"max-video-preview:-1"},"canonical":"http:\/\/vincentians.com\/fr\/ephemerides-01-juin\/","og_locale":"fr_FR","og_type":"article","og_title":"Eph\u00e9m\u00e9rides: 01 juin - Nous Sommes Vincentiens","og_description":"1675. \u00c0 Paris, les Pr\u00eatres de la Mission, install\u00e9s dans le logis situ\u00e9 \u00e0 l&rsquo;ouest de la chapelle des Invalides, inaugurent leurs fonctions par une grande mission qui se cl\u00f4turera le 30 juin (1). 1863. ... Read More","og_url":"http:\/\/vincentians.com\/fr\/ephemerides-01-juin\/","og_site_name":"Nous Sommes Vincentiens","article_publisher":"https:\/\/www.facebook.com\/WeAreVincentians\/","article_author":"https:\/\/www.facebook.com\/JavierChento","article_published_time":"2017-05-31T22:01:05+00:00","og_image":[{"width":1200,"height":630,"url":"https:\/\/i0.wp.com\/vincentians.com\/fr\/wp-content\/uploads\/sites\/10\/2016\/07\/ephemerides-fb.jpg?fit=1200%2C630","type":"image\/jpeg"}],"author":"Francisco Javier Fern\u00e1ndez Chento","twitter_card":"summary_large_image","twitter_creator":"@https:\/\/twitter.com\/javierchento","twitter_site":"@WeVincentians","twitter_misc":{"\u00c9crit par":"Francisco Javier Fern\u00e1ndez Chento","Dur\u00e9e de lecture estim\u00e9e":"3 minutes"},"schema":{"@context":"https:\/\/schema.org","@graph":[{"@type":"WebPage","@id":"http:\/\/vincentians.com\/fr\/ephemerides-01-juin\/","url":"http:\/\/vincentians.com\/fr\/ephemerides-01-juin\/","name":"Eph\u00e9m\u00e9rides: 01 juin - Nous Sommes Vincentiens","isPartOf":{"@id":"https:\/\/vincentians.com\/fr\/#website"},"primaryImageOfPage":{"@id":"http:\/\/vincentians.com\/fr\/ephemerides-01-juin\/#primaryimage"},"image":{"@id":"http:\/\/vincentians.com\/fr\/ephemerides-01-juin\/#primaryimage"},"thumbnailUrl":"https:\/\/i0.wp.com\/vincentians.com\/fr\/wp-content\/uploads\/sites\/10\/2016\/07\/ephemerides-fb.jpg?fit=1200%2C630&ssl=1","datePublished":"2017-05-31T22:01:05+00:00","author":{"@id":"https:\/\/vincentians.com\/fr\/#\/schema\/person\/9623ef4d9aa3b2dfb8c061f1499288f2"},"breadcrumb":{"@id":"http:\/\/vincentians.com\/fr\/ephemerides-01-juin\/#breadcrumb"},"inLanguage":"fr-FR","potentialAction":[{"@type":"ReadAction","target":["http:\/\/vincentians.com\/fr\/ephemerides-01-juin\/"]}]},{"@type":"ImageObject","inLanguage":"fr-FR","@id":"http:\/\/vincentians.com\/fr\/ephemerides-01-juin\/#primaryimage","url":"https:\/\/i0.wp.com\/vincentians.com\/fr\/wp-content\/uploads\/sites\/10\/2016\/07\/ephemerides-fb.jpg?fit=1200%2C630&ssl=1","contentUrl":"https:\/\/i0.wp.com\/vincentians.com\/fr\/wp-content\/uploads\/sites\/10\/2016\/07\/ephemerides-fb.jpg?fit=1200%2C630&ssl=1","width":1200,"height":630},{"@type":"BreadcrumbList","@id":"http:\/\/vincentians.com\/fr\/ephemerides-01-juin\/#breadcrumb","itemListElement":[{"@type":"ListItem","position":1,"name":"Portada","item":"https:\/\/vincentians.com\/fr\/"},{"@type":"ListItem","position":2,"name":"Eph\u00e9m\u00e9rides: 01 juin"}]},{"@type":"WebSite","@id":"https:\/\/vincentians.com\/fr\/#website","url":"https:\/\/vincentians.com\/fr\/","name":"Nous Sommes Vincentiens","description":"Know more to serve more","potentialAction":[{"@type":"SearchAction","target":{"@type":"EntryPoint","urlTemplate":"https:\/\/vincentians.com\/fr\/?s={search_term_string}"},"query-input":{"@type":"PropertyValueSpecification","valueRequired":true,"valueName":"search_term_string"}}],"inLanguage":"fr-FR"},{"@type":"Person","@id":"https:\/\/vincentians.com\/fr\/#\/schema\/person\/9623ef4d9aa3b2dfb8c061f1499288f2","name":"Francisco Javier Fern\u00e1ndez Chento","image":{"@type":"ImageObject","inLanguage":"fr-FR","@id":"https:\/\/vincentians.com\/fr\/#\/schema\/person\/image\/","url":"https:\/\/secure.gravatar.com\/avatar\/497d5cde87b4c3d097d0315953521681ba2cd523ee66e5077c3711f7021e65de?s=96&d=mm&r=g","contentUrl":"https:\/\/secure.gravatar.com\/avatar\/497d5cde87b4c3d097d0315953521681ba2cd523ee66e5077c3711f7021e65de?s=96&d=mm&r=g","caption":"Francisco Javier Fern\u00e1ndez Chento"},"description":"Director General y cofundador de La Red de Formaci\u00f3n Vicenciana. Javier es laico vicenciano, afiliado a la Congregaci\u00f3n de la Misi\u00f3n y miembro del Equipo de Misiones Populares de la provincia can\u00f3nica de Zaragoza (Espa\u00f1a) de la Congregaci\u00f3n de la Misi\u00f3n. Graduado en la Universidad Oberta de Catalunya con cuatro grados (Asistente de direcci\u00f3n, Gesti\u00f3n Administrativa, Recursos Humanos y Contabilidad Avanzada). Bil\u00edng\u00fce Espa\u00f1ol\/Ingl\u00e9s. gestiona y mantiene varias p\u00e1ginas web cristianas y vicencianas, incluida including La Red de Formaci\u00f3n Vicenciana, de la que es cofundador. Actualmente es responsable del \u00e1rea de Espa\u00f1ol de .famvin, la Red de Noticias de la Familia Vicenciana. Tambi\u00e9n es m\u00fasico cat\u00f3lico y ha editado varios discos. Es Director General y cofundador de Trovador, una reconocida compa\u00f1\u00eda discogr\u00e1fica critiana de Espa\u00f1a. Trabaja en las Tecnolog\u00edas de la Informaci\u00f3n, ofreciendo servicios de alojamiento, dise\u00f1o y mantenimiento Web, as\u00ed como asesoramiento, formaci\u00f3n y soluciones inform\u00e1ticas, gesti\u00f3n documental y digitalizaci\u00f3n de textos, edici\u00f3n y maquetaci\u00f3n de libros, revistas, flyers, etc.","sameAs":["http:\/\/chento.org","https:\/\/www.facebook.com\/JavierChento","https:\/\/x.com\/https:\/\/twitter.com\/javierchento"],"url":"https:\/\/vincentians.com\/fr\/author\/chento\/"}]}},"jetpack_publicize_connections":[],"jetpack_featured_media_url":"https:\/\/i0.wp.com\/vincentians.com\/fr\/wp-content\/uploads\/sites\/10\/2016\/07\/ephemerides-fb.jpg?fit=1200%2C630&ssl=1","jetpack_sharing_enabled":true,"jetpack_shortlink":"https:\/\/wp.me\/p7ETMP-Nzx","jetpack-related-posts":[{"id":104141,"url":"https:\/\/vincentians.com\/fr\/ephemerides-26-novembre\/","url_meta":{"origin":190559,"position":0},"title":"Eph\u00e9m\u00e9rides: 26 novembre","author":"Francisco Javier Fern\u00e1ndez Chento","date":"26\/11\/2016","format":false,"excerpt":"1691. Par Brevet, le Roi Louis XIV fait don au Consistoire de Corbigny de plusieurs rentes pour l\u2019\u00e9tablissement de deux S\u0153urs pour les pauvres malades des terres de l\u2019abbaye b\u00e9n\u00e9dictine. (C) 1852. \u00c0 Madrid, la reine Isabelle II, signe l\u2019ordonnance par laquelle la Congr\u00e9gation de la Mission est mise en\u2026","rel":"","context":"Dans &quot;\u00c9ph\u00e9m\u00e9rides vincentiens&quot;","block_context":{"text":"\u00c9ph\u00e9m\u00e9rides vincentiens","link":"https:\/\/vincentians.com\/fr\/category\/ephemerides-vincentiens\/"},"img":{"alt_text":"","src":"https:\/\/i0.wp.com\/vincentians.com\/fr\/wp-content\/uploads\/sites\/10\/2016\/07\/ephemerides-fb.jpg?fit=1200%2C630&ssl=1&resize=350%2C200","width":350,"height":200,"srcset":"https:\/\/i0.wp.com\/vincentians.com\/fr\/wp-content\/uploads\/sites\/10\/2016\/07\/ephemerides-fb.jpg?fit=1200%2C630&ssl=1&resize=350%2C200 1x, https:\/\/i0.wp.com\/vincentians.com\/fr\/wp-content\/uploads\/sites\/10\/2016\/07\/ephemerides-fb.jpg?fit=1200%2C630&ssl=1&resize=525%2C300 1.5x, https:\/\/i0.wp.com\/vincentians.com\/fr\/wp-content\/uploads\/sites\/10\/2016\/07\/ephemerides-fb.jpg?fit=1200%2C630&ssl=1&resize=700%2C400 2x, https:\/\/i0.wp.com\/vincentians.com\/fr\/wp-content\/uploads\/sites\/10\/2016\/07\/ephemerides-fb.jpg?fit=1200%2C630&ssl=1&resize=1050%2C600 3x"},"classes":[]},{"id":190563,"url":"https:\/\/vincentians.com\/fr\/ephemerides-06-juin\/","url_meta":{"origin":190559,"position":1},"title":"Eph\u00e9m\u00e9rides: 06 juin","author":"Francisco Javier Fern\u00e1ndez Chento","date":"06\/06\/2017","format":false,"excerpt":"1656. Conf\u00e9rence de saint Vincent aux Premi\u00e8res S\u0153urs sur \u201cI\u2019indiff\u00e9rence\u201d ce qui veut dire \u201cne tenir qu\u2019\u00e0 Dieu seul\u201d\u2026 \u201c Les Filles de la Charit\u00e9 y sont d\u2019autant plus oblig\u00e9es que leur vie est semblable \u00e0 celle des ap\u00f4tres, lesquels n\u2019avaient rien en propre, ni feu, ni demeure, ni lieu\u2026","rel":"","context":"Dans &quot;\u00c9ph\u00e9m\u00e9rides vincentiens&quot;","block_context":{"text":"\u00c9ph\u00e9m\u00e9rides vincentiens","link":"https:\/\/vincentians.com\/fr\/category\/ephemerides-vincentiens\/"},"img":{"alt_text":"","src":"https:\/\/i0.wp.com\/vincentians.com\/fr\/wp-content\/uploads\/sites\/10\/2016\/07\/ephemerides-fb.jpg?fit=1200%2C630&ssl=1&resize=350%2C200","width":350,"height":200,"srcset":"https:\/\/i0.wp.com\/vincentians.com\/fr\/wp-content\/uploads\/sites\/10\/2016\/07\/ephemerides-fb.jpg?fit=1200%2C630&ssl=1&resize=350%2C200 1x, https:\/\/i0.wp.com\/vincentians.com\/fr\/wp-content\/uploads\/sites\/10\/2016\/07\/ephemerides-fb.jpg?fit=1200%2C630&ssl=1&resize=525%2C300 1.5x, https:\/\/i0.wp.com\/vincentians.com\/fr\/wp-content\/uploads\/sites\/10\/2016\/07\/ephemerides-fb.jpg?fit=1200%2C630&ssl=1&resize=700%2C400 2x, https:\/\/i0.wp.com\/vincentians.com\/fr\/wp-content\/uploads\/sites\/10\/2016\/07\/ephemerides-fb.jpg?fit=1200%2C630&ssl=1&resize=1050%2C600 3x"},"classes":[]},{"id":190564,"url":"https:\/\/vincentians.com\/fr\/ephemerides-07-juin\/","url_meta":{"origin":190559,"position":2},"title":"Eph\u00e9m\u00e9rides: 07 juin","author":"Francisco Javier Fern\u00e1ndez Chento","date":"07\/06\/2017","format":false,"excerpt":"1627. \u00c0 Paris, l'approbation de la Congr\u00e9gation de la Mission par le roi ayant d\u00e9plu aux cur\u00e9s de la capitale, ceux-ci chargent leur syndic, Etienne Le Tonnelier, cur\u00e9 de Saint-Eustache, de pr\u00e9senter leurs revendications au Parlement, avant l'ent\u00e9rinement des Lettres royales. Les cur\u00e9s parisiens demandaient des garanties contre les empi\u00e8tements\u2026","rel":"","context":"Dans &quot;\u00c9ph\u00e9m\u00e9rides vincentiens&quot;","block_context":{"text":"\u00c9ph\u00e9m\u00e9rides vincentiens","link":"https:\/\/vincentians.com\/fr\/category\/ephemerides-vincentiens\/"},"img":{"alt_text":"","src":"https:\/\/i0.wp.com\/vincentians.com\/fr\/wp-content\/uploads\/sites\/10\/2016\/07\/ephemerides-fb.jpg?fit=1200%2C630&ssl=1&resize=350%2C200","width":350,"height":200,"srcset":"https:\/\/i0.wp.com\/vincentians.com\/fr\/wp-content\/uploads\/sites\/10\/2016\/07\/ephemerides-fb.jpg?fit=1200%2C630&ssl=1&resize=350%2C200 1x, https:\/\/i0.wp.com\/vincentians.com\/fr\/wp-content\/uploads\/sites\/10\/2016\/07\/ephemerides-fb.jpg?fit=1200%2C630&ssl=1&resize=525%2C300 1.5x, https:\/\/i0.wp.com\/vincentians.com\/fr\/wp-content\/uploads\/sites\/10\/2016\/07\/ephemerides-fb.jpg?fit=1200%2C630&ssl=1&resize=700%2C400 2x, https:\/\/i0.wp.com\/vincentians.com\/fr\/wp-content\/uploads\/sites\/10\/2016\/07\/ephemerides-fb.jpg?fit=1200%2C630&ssl=1&resize=1050%2C600 3x"},"classes":[]},{"id":190177,"url":"https:\/\/vincentians.com\/fr\/ephemerides-17-septembre\/","url_meta":{"origin":190559,"position":3},"title":"Eph\u00e9m\u00e9rides : 17 septembre","author":"Francisco Javier Fern\u00e1ndez Chento","date":"17\/09\/2016","format":false,"excerpt":"1807. \u00e0 Paris, c\u2019est la consternation, aussi bien chez les Filles de la Charit\u00e9 et les missionnaires que dans les milieux eccl\u00e9siastiques de la capitale: hier soir, \u00e0 8 heures, une apoplexie a foudroy\u00e9 le vicaire g\u00e9n\u00e9ral de la Mission, M. Claude Joseph Placiard, \u00e0 l\u2019\u00e2ge de cinquante et un\u2026","rel":"","context":"Dans &quot;\u00c9ph\u00e9m\u00e9rides vincentiens&quot;","block_context":{"text":"\u00c9ph\u00e9m\u00e9rides vincentiens","link":"https:\/\/vincentians.com\/fr\/category\/ephemerides-vincentiens\/"},"img":{"alt_text":"","src":"https:\/\/i0.wp.com\/vincentians.com\/fr\/wp-content\/uploads\/sites\/10\/2016\/07\/ephemerides-fb.jpg?fit=1200%2C630&ssl=1&resize=350%2C200","width":350,"height":200,"srcset":"https:\/\/i0.wp.com\/vincentians.com\/fr\/wp-content\/uploads\/sites\/10\/2016\/07\/ephemerides-fb.jpg?fit=1200%2C630&ssl=1&resize=350%2C200 1x, https:\/\/i0.wp.com\/vincentians.com\/fr\/wp-content\/uploads\/sites\/10\/2016\/07\/ephemerides-fb.jpg?fit=1200%2C630&ssl=1&resize=525%2C300 1.5x, https:\/\/i0.wp.com\/vincentians.com\/fr\/wp-content\/uploads\/sites\/10\/2016\/07\/ephemerides-fb.jpg?fit=1200%2C630&ssl=1&resize=700%2C400 2x, https:\/\/i0.wp.com\/vincentians.com\/fr\/wp-content\/uploads\/sites\/10\/2016\/07\/ephemerides-fb.jpg?fit=1200%2C630&ssl=1&resize=1050%2C600 3x"},"classes":[]},{"id":105270,"url":"https:\/\/vincentians.com\/fr\/ephemerides-30-decembre\/","url_meta":{"origin":190559,"position":4},"title":"Eph\u00e9m\u00e9rides: 30 d\u00e9cembre","author":"Francisco Javier Fern\u00e1ndez Chento","date":"31\/12\/2016","format":false,"excerpt":"1634. \u00c0 Paris, par devant Cornille et Comtesse, notaires au Ch\u00e2telet, un contrat est pass\u00e9, entre Ma\u00eetre Antoine Lamy, conseiller du roi, et demoiselle Catherine Vigor, son \u00e9pouse, d\u2019une part, et Vincent de Paul, d\u2019autre part. En \u00e9change d\u2019une rente annuelle de cent quarante-huit livres treize sous quatre deniers, le\u2026","rel":"","context":"Dans &quot;\u00c9ph\u00e9m\u00e9rides vincentiens&quot;","block_context":{"text":"\u00c9ph\u00e9m\u00e9rides vincentiens","link":"https:\/\/vincentians.com\/fr\/category\/ephemerides-vincentiens\/"},"img":{"alt_text":"","src":"https:\/\/i0.wp.com\/vincentians.com\/fr\/wp-content\/uploads\/sites\/10\/2016\/07\/ephemerides-fb.jpg?fit=1200%2C630&ssl=1&resize=350%2C200","width":350,"height":200,"srcset":"https:\/\/i0.wp.com\/vincentians.com\/fr\/wp-content\/uploads\/sites\/10\/2016\/07\/ephemerides-fb.jpg?fit=1200%2C630&ssl=1&resize=350%2C200 1x, https:\/\/i0.wp.com\/vincentians.com\/fr\/wp-content\/uploads\/sites\/10\/2016\/07\/ephemerides-fb.jpg?fit=1200%2C630&ssl=1&resize=525%2C300 1.5x, https:\/\/i0.wp.com\/vincentians.com\/fr\/wp-content\/uploads\/sites\/10\/2016\/07\/ephemerides-fb.jpg?fit=1200%2C630&ssl=1&resize=700%2C400 2x, https:\/\/i0.wp.com\/vincentians.com\/fr\/wp-content\/uploads\/sites\/10\/2016\/07\/ephemerides-fb.jpg?fit=1200%2C630&ssl=1&resize=1050%2C600 3x"},"classes":[]},{"id":190574,"url":"https:\/\/vincentians.com\/fr\/ephemerides-27-juin\/","url_meta":{"origin":190559,"position":5},"title":"Eph\u00e9m\u00e9rides: 27 juin","author":"Francisco Javier Fern\u00e1ndez Chento","date":"27\/06\/2017","format":false,"excerpt":"1625. \u00c0 Marseille, au G\u00e9n\u00e9ral des gal\u00e8res que sa fonction a retenu en cette ville, Monsieur Vincent vient annoncer la mort de Mme de Gondi. Malgr\u00e9 les d\u00e9licats m\u00e9nagements avec lesquels notre bienheureux P\u00e8re s'acquitte de ce p\u00e9nible devoir, la douleur de M. de Gondi demeure si sensible qu'elle ach\u00e8ve\u2026","rel":"","context":"Dans &quot;\u00c9ph\u00e9m\u00e9rides vincentiens&quot;","block_context":{"text":"\u00c9ph\u00e9m\u00e9rides vincentiens","link":"https:\/\/vincentians.com\/fr\/category\/ephemerides-vincentiens\/"},"img":{"alt_text":"","src":"https:\/\/i0.wp.com\/vincentians.com\/fr\/wp-content\/uploads\/sites\/10\/2016\/07\/ephemerides-fb.jpg?fit=1200%2C630&ssl=1&resize=350%2C200","width":350,"height":200,"srcset":"https:\/\/i0.wp.com\/vincentians.com\/fr\/wp-content\/uploads\/sites\/10\/2016\/07\/ephemerides-fb.jpg?fit=1200%2C630&ssl=1&resize=350%2C200 1x, https:\/\/i0.wp.com\/vincentians.com\/fr\/wp-content\/uploads\/sites\/10\/2016\/07\/ephemerides-fb.jpg?fit=1200%2C630&ssl=1&resize=525%2C300 1.5x, https:\/\/i0.wp.com\/vincentians.com\/fr\/wp-content\/uploads\/sites\/10\/2016\/07\/ephemerides-fb.jpg?fit=1200%2C630&ssl=1&resize=700%2C400 2x, https:\/\/i0.wp.com\/vincentians.com\/fr\/wp-content\/uploads\/sites\/10\/2016\/07\/ephemerides-fb.jpg?fit=1200%2C630&ssl=1&resize=1050%2C600 3x"},"classes":[]}],"_links":{"self":[{"href":"https:\/\/vincentians.com\/fr\/wp-json\/wp\/v2\/posts\/190559","targetHints":{"allow":["GET"]}}],"collection":[{"href":"https:\/\/vincentians.com\/fr\/wp-json\/wp\/v2\/posts"}],"about":[{"href":"https:\/\/vincentians.com\/fr\/wp-json\/wp\/v2\/types\/post"}],"author":[{"embeddable":true,"href":"https:\/\/vincentians.com\/fr\/wp-json\/wp\/v2\/users\/4"}],"replies":[{"embeddable":true,"href":"https:\/\/vincentians.com\/fr\/wp-json\/wp\/v2\/comments?post=190559"}],"version-history":[{"count":0,"href":"https:\/\/vincentians.com\/fr\/wp-json\/wp\/v2\/posts\/190559\/revisions"}],"wp:featuredmedia":[{"embeddable":true,"href":"https:\/\/vincentians.com\/fr\/wp-json\/wp\/v2\/media\/149897"}],"wp:attachment":[{"href":"https:\/\/vincentians.com\/fr\/wp-json\/wp\/v2\/media?parent=190559"}],"wp:term":[{"taxonomy":"category","embeddable":true,"href":"https:\/\/vincentians.com\/fr\/wp-json\/wp\/v2\/categories?post=190559"},{"taxonomy":"post_tag","embeddable":true,"href":"https:\/\/vincentians.com\/fr\/wp-json\/wp\/v2\/tags?post=190559"}],"curies":[{"name":"wp","href":"https:\/\/api.w.org\/{rel}","templated":true}]}}