{"id":190421,"date":"2017-04-18T00:01:17","date_gmt":"2017-04-17T22:01:17","guid":{"rendered":"http:\/\/vincentians.com\/fr\/?p=190421"},"modified":"2016-08-11T17:57:36","modified_gmt":"2016-08-11T15:57:36","slug":"ephemerides-18-avril","status":"publish","type":"post","link":"https:\/\/vincentians.com\/fr\/ephemerides-18-avril\/","title":{"rendered":"Eph\u00e9m\u00e9rides : 18 avril"},"content":{"rendered":"<p><b>1794<\/b>. \u00c0 Poitiers , M. Nicolas Dodin est guillotin\u00e9. N\u00e9 dans le dioc\u00e8se de Langres , le 24 septembre 1755, il \u00e9tait entr\u00e9 \u00e0 Saint-Lazare, le 9 ao\u00fbt 1775. Pendant six ans, il fut cur\u00e9 de la paroisse de Richelieu . De bonne foi, il pr\u00eata le serment \u00e0 la Constitution civile du Clerg\u00e9, mais, d\u00e8s qu&rsquo;il eut reconnu son erreur, il se r\u00e9tracta publiquement. Cach\u00e9 \u00e0 Poitiers , chez le ma\u00e7on Jean Loudinet, il continua son minist\u00e8re sacerdotal. On finit par d\u00e9couvrir sa retraite. Apr\u00e8s deux interrogatoires que lui f\u00eet subir la municipalit\u00e9, il comparut devant le tribunal criminel de la Vienne et, sous pr\u00e9texte qu&rsquo;il \u00e9tait rest\u00e9 en France contrairement \u00e0 la loi qui bannissait tout pr\u00eatre inserment\u00e9, il fut condamn\u00e9. Nicolas Dodin ne se troubla ni en face des juges, ni en face de la mort. A un confr\u00e8re, il avait dit plus d&rsquo;une fois sur un ton badin, en faisant allusion \u00e0 l&rsquo;aspect massif de son cou\u00a0: \u00abIls auront de la peine \u00e0 me couper la t\u00eate.\u00bb Et, de fait, pour y r\u00e9ussir, le bourreau dut faire fonctionner \u00e0 plusieurs reprises le couperet de la guillotine. Ce jour-l\u00e0 \u00e9tait le Vendredi-Saint, et Nicolas Dodin avait promis \u00e0 un groupe de fid\u00e8les de leur pr\u00eacher la Passion. Il ne la pr\u00eacha ni dans une chaire, ni en paroles\u00a0; mais en acte et sur l&rsquo;\u00e9chafaud (1).<\/p>\n<p><b>1871<\/b>. \u00c0 Paris, \u00e0 la paroisse Sainte-Marguerite, les Soeurs continuent \u00e0 visiter les Pauvres en costume sans \u00eatre insult\u00e9es. Mais ce jour-l\u00e0, ordre leur est donn\u00e9 de quitter leur Maison\u00a0: chacune fait son petit paquet sans savoir s&rsquo;il y aura possibilit\u00e9 de l&#8217;emporter. Le lendemain, \u00e0 4 heures et demie, apr\u00e8s la pri\u00e8re, la Soeur Servante pr\u00e9vient ses compagnes qu&rsquo;elle va leur donner la Sainte Communion, puis elle se communie elle-m\u00eame et laisse le tabernacle vide. Le dialogue s&rsquo;engage aussit\u00f4t avec le chef de poste qui avec ses hommes s&rsquo;est install\u00e9 sur place. Voyant venir les voitures, les enfants se mettent \u00e0 pleurer. Et voici que les Enfants de Marie qui les connaissent les r\u00e9clament\u00a0: chaque orpheline est adopt\u00e9e sans que les gardes s&rsquo;y opposent. Dans les voitures, les cochers disent\u00a0: \u00ab\u00a0Soyez tranquilles, mes Soeurs, nous vous ram\u00e8nerons bient\u00f4t chez vous\u00a0\u00bb. La Maison-M\u00e8re s&rsquo;ouvrit pour recevoir nos Soeurs et celles qui partageaient leur infortune.(R)<\/p>\n<p><b>1880<\/b>. \u00c0 P\u00e9kin , en l&rsquo;\u00e9glise Saint-Sauveur, notre confr\u00e8re, Mgr Delaplace, ouvre le concile provincial que L\u00e9on XIII lui a ordonn\u00e9 de tenir. Pendant trois semaines, les chefs des vicariats apostoliques du Tch\u00e9ly (septentrional, occidental, oriental), de la Mandchourie et de la Mongolie vont d\u00e9battre d&rsquo;importantes questions (2).<\/p>\n<p><b>1938<\/b>. \u00c0 Villebon-sur-Yvette, le P\u00e8re Souvay b\u00e9nit les b\u00e2timents de la maison de campagne. Un d\u00e9cret sign\u00e9 le 25 d\u00e9cembre 1936, par M. Albert Lebrun, Pr\u00e9sident de la R\u00e9publique Fran\u00e7aise, avait autoris\u00e9 la cession de cette propri\u00e9t\u00e9 en compensation de la partie expropri\u00e9e de Gentilly. Outre l&rsquo;air pur dans un cadre doucement po\u00e9tique proche l&rsquo;admirable vall\u00e9e de Chevreuse, les habitants de la Maison-M\u00e8re peuvent aller y respirer un parfum abondamment charg\u00e9 d&rsquo;histoire et, sans faire appel au r\u00eave, \u00e9voquer de glorieuses silhouette\u00a0: sainte Genevi\u00e8ve se reposant pr\u00e8s de la source qui alimente la pi\u00e8ce d&rsquo;eau du parc&#8230;, et bien d&rsquo;autres personnages encore. Quand aux h\u00e9ritiers de l&rsquo;esprit de Boileau, il leur est loisible, sous les frais ombrages, de s&rsquo;amuser \u00e0 reconstituer l&rsquo;hom\u00e9rique querelle qui mit aux prises Messire Suart, premier cur\u00e9 de Villebon, avec le cur\u00e9 de Palaiseau quand, en 1648, Paul de Gondi, archev\u00eaque de Paris, autorisa l&rsquo;\u00e9rection de Villebon en paroisse. Quel que soit le chemin qu&rsquo;y suive l&rsquo;esprit, le c\u0153ur, \u00e0 Villebon, doit se souvenir du T.H.P. Souvay qui mit tant de charit\u00e9 \u00e0 r\u00e9server, pour les fatigues parisiennes, cette oasis de d\u00e9tente (3).<\/p>\n<dl>\n<dd>1) B.M.L. 1941, pp.183-184.<\/dd>\n<dd>2) Vie et apostolat de Mgr L.-G. Delaplace , pp. 243-251.<\/dd>\n<dd>3) Annales , t. 103, p. 176 et pp. 61-67.<\/dd>\n<\/dl>\n","protected":false},"excerpt":{"rendered":"<p>1794. \u00c0 Poitiers , M. Nicolas Dodin est guillotin\u00e9. N\u00e9 dans le dioc\u00e8se de Langres , le 24 septembre 1755, il \u00e9tait entr\u00e9 \u00e0 Saint-Lazare, le 9 ao\u00fbt 1775. Pendant six ans, il fut cur\u00e9 &#8230; <a href=\"https:\/\/vincentians.com\/fr\/ephemerides-18-avril\/\" class=\"more-link\">Read More<\/a><\/p>\n","protected":false},"author":4,"featured_media":149897,"comment_status":"open","ping_status":"open","sticky":false,"template":"","format":"standard","meta":{"jetpack_post_was_ever_published":false,"_jetpack_newsletter_access":"","_jetpack_dont_email_post_to_subs":false,"_jetpack_newsletter_tier_id":0,"_jetpack_memberships_contains_paywalled_content":false,"_jetpack_memberships_contains_paid_content":false,"footnotes":"","jetpack_publicize_message":"","jetpack_publicize_feature_enabled":true,"jetpack_social_post_already_shared":true,"jetpack_social_options":{"image_generator_settings":{"template":"highway","default_image_id":0,"font":"","enabled":false},"version":2}},"categories":[119],"tags":[],"class_list":["post-190421","post","type-post","status-publish","format-standard","has-post-thumbnail","hentry","category-ephemerides-vincentiens"],"yoast_head":"<!-- This site is optimized with the Yoast SEO plugin v26.3 - https:\/\/yoast.com\/wordpress\/plugins\/seo\/ -->\n<title>Eph\u00e9m\u00e9rides : 18 avril - Nous Sommes Vincentiens<\/title>\n<meta name=\"robots\" content=\"index, follow, max-snippet:-1, max-image-preview:large, max-video-preview:-1\" \/>\n<link rel=\"canonical\" href=\"https:\/\/vincentians.com\/fr\/ephemerides-18-avril\/\" \/>\n<meta property=\"og:locale\" content=\"fr_FR\" \/>\n<meta property=\"og:type\" content=\"article\" \/>\n<meta property=\"og:title\" content=\"Eph\u00e9m\u00e9rides : 18 avril - Nous Sommes Vincentiens\" \/>\n<meta property=\"og:description\" content=\"1794. \u00c0 Poitiers , M. Nicolas Dodin est guillotin\u00e9. N\u00e9 dans le dioc\u00e8se de Langres , le 24 septembre 1755, il \u00e9tait entr\u00e9 \u00e0 Saint-Lazare, le 9 ao\u00fbt 1775. Pendant six ans, il fut cur\u00e9 ... Read More\" \/>\n<meta property=\"og:url\" content=\"https:\/\/vincentians.com\/fr\/ephemerides-18-avril\/\" \/>\n<meta property=\"og:site_name\" content=\"Nous Sommes Vincentiens\" \/>\n<meta property=\"article:publisher\" content=\"https:\/\/www.facebook.com\/WeAreVincentians\/\" \/>\n<meta property=\"article:author\" content=\"https:\/\/www.facebook.com\/JavierChento\" \/>\n<meta property=\"article:published_time\" content=\"2017-04-17T22:01:17+00:00\" \/>\n<meta property=\"og:image\" content=\"https:\/\/i0.wp.com\/vincentians.com\/fr\/wp-content\/uploads\/sites\/10\/2016\/07\/ephemerides-fb.jpg?fit=1200%2C630&ssl=1\" \/>\n\t<meta property=\"og:image:width\" content=\"1200\" \/>\n\t<meta property=\"og:image:height\" content=\"630\" \/>\n\t<meta property=\"og:image:type\" content=\"image\/jpeg\" \/>\n<meta name=\"author\" content=\"Francisco Javier Fern\u00e1ndez Chento\" \/>\n<meta name=\"twitter:card\" content=\"summary_large_image\" \/>\n<meta name=\"twitter:creator\" content=\"@https:\/\/twitter.com\/javierchento\" \/>\n<meta name=\"twitter:site\" content=\"@WeVincentians\" \/>\n<meta name=\"twitter:label1\" content=\"\u00c9crit par\" \/>\n\t<meta name=\"twitter:data1\" content=\"Francisco Javier Fern\u00e1ndez Chento\" \/>\n\t<meta name=\"twitter:label2\" content=\"Dur\u00e9e de lecture estim\u00e9e\" \/>\n\t<meta name=\"twitter:data2\" content=\"3 minutes\" \/>\n<script type=\"application\/ld+json\" class=\"yoast-schema-graph\">{\"@context\":\"https:\/\/schema.org\",\"@graph\":[{\"@type\":\"WebPage\",\"@id\":\"https:\/\/vincentians.com\/fr\/ephemerides-18-avril\/\",\"url\":\"https:\/\/vincentians.com\/fr\/ephemerides-18-avril\/\",\"name\":\"Eph\u00e9m\u00e9rides : 18 avril - Nous Sommes Vincentiens\",\"isPartOf\":{\"@id\":\"https:\/\/vincentians.com\/fr\/#website\"},\"primaryImageOfPage\":{\"@id\":\"https:\/\/vincentians.com\/fr\/ephemerides-18-avril\/#primaryimage\"},\"image\":{\"@id\":\"https:\/\/vincentians.com\/fr\/ephemerides-18-avril\/#primaryimage\"},\"thumbnailUrl\":\"https:\/\/i0.wp.com\/vincentians.com\/fr\/wp-content\/uploads\/sites\/10\/2016\/07\/ephemerides-fb.jpg?fit=1200%2C630&ssl=1\",\"datePublished\":\"2017-04-17T22:01:17+00:00\",\"author\":{\"@id\":\"https:\/\/vincentians.com\/fr\/#\/schema\/person\/9623ef4d9aa3b2dfb8c061f1499288f2\"},\"breadcrumb\":{\"@id\":\"https:\/\/vincentians.com\/fr\/ephemerides-18-avril\/#breadcrumb\"},\"inLanguage\":\"fr-FR\",\"potentialAction\":[{\"@type\":\"ReadAction\",\"target\":[\"https:\/\/vincentians.com\/fr\/ephemerides-18-avril\/\"]}]},{\"@type\":\"ImageObject\",\"inLanguage\":\"fr-FR\",\"@id\":\"https:\/\/vincentians.com\/fr\/ephemerides-18-avril\/#primaryimage\",\"url\":\"https:\/\/i0.wp.com\/vincentians.com\/fr\/wp-content\/uploads\/sites\/10\/2016\/07\/ephemerides-fb.jpg?fit=1200%2C630&ssl=1\",\"contentUrl\":\"https:\/\/i0.wp.com\/vincentians.com\/fr\/wp-content\/uploads\/sites\/10\/2016\/07\/ephemerides-fb.jpg?fit=1200%2C630&ssl=1\",\"width\":1200,\"height\":630},{\"@type\":\"BreadcrumbList\",\"@id\":\"https:\/\/vincentians.com\/fr\/ephemerides-18-avril\/#breadcrumb\",\"itemListElement\":[{\"@type\":\"ListItem\",\"position\":1,\"name\":\"Portada\",\"item\":\"https:\/\/vincentians.com\/fr\/\"},{\"@type\":\"ListItem\",\"position\":2,\"name\":\"Eph\u00e9m\u00e9rides : 18 avril\"}]},{\"@type\":\"WebSite\",\"@id\":\"https:\/\/vincentians.com\/fr\/#website\",\"url\":\"https:\/\/vincentians.com\/fr\/\",\"name\":\"Nous Sommes Vincentiens\",\"description\":\"Know more to serve more\",\"potentialAction\":[{\"@type\":\"SearchAction\",\"target\":{\"@type\":\"EntryPoint\",\"urlTemplate\":\"https:\/\/vincentians.com\/fr\/?s={search_term_string}\"},\"query-input\":{\"@type\":\"PropertyValueSpecification\",\"valueRequired\":true,\"valueName\":\"search_term_string\"}}],\"inLanguage\":\"fr-FR\"},{\"@type\":\"Person\",\"@id\":\"https:\/\/vincentians.com\/fr\/#\/schema\/person\/9623ef4d9aa3b2dfb8c061f1499288f2\",\"name\":\"Francisco Javier Fern\u00e1ndez Chento\",\"image\":{\"@type\":\"ImageObject\",\"inLanguage\":\"fr-FR\",\"@id\":\"https:\/\/vincentians.com\/fr\/#\/schema\/person\/image\/\",\"url\":\"https:\/\/secure.gravatar.com\/avatar\/497d5cde87b4c3d097d0315953521681ba2cd523ee66e5077c3711f7021e65de?s=96&d=mm&r=g\",\"contentUrl\":\"https:\/\/secure.gravatar.com\/avatar\/497d5cde87b4c3d097d0315953521681ba2cd523ee66e5077c3711f7021e65de?s=96&d=mm&r=g\",\"caption\":\"Francisco Javier Fern\u00e1ndez Chento\"},\"description\":\"Director General y cofundador de La Red de Formaci\u00f3n Vicenciana. Javier es laico vicenciano, afiliado a la Congregaci\u00f3n de la Misi\u00f3n y miembro del Equipo de Misiones Populares de la provincia can\u00f3nica de Zaragoza (Espa\u00f1a) de la Congregaci\u00f3n de la Misi\u00f3n. Graduado en la Universidad Oberta de Catalunya con cuatro grados (Asistente de direcci\u00f3n, Gesti\u00f3n Administrativa, Recursos Humanos y Contabilidad Avanzada). Bil\u00edng\u00fce Espa\u00f1ol\/Ingl\u00e9s. gestiona y mantiene varias p\u00e1ginas web cristianas y vicencianas, incluida including La Red de Formaci\u00f3n Vicenciana, de la que es cofundador. Actualmente es responsable del \u00e1rea de Espa\u00f1ol de .famvin, la Red de Noticias de la Familia Vicenciana. Tambi\u00e9n es m\u00fasico cat\u00f3lico y ha editado varios discos. Es Director General y cofundador de Trovador, una reconocida compa\u00f1\u00eda discogr\u00e1fica critiana de Espa\u00f1a. Trabaja en las Tecnolog\u00edas de la Informaci\u00f3n, ofreciendo servicios de alojamiento, dise\u00f1o y mantenimiento Web, as\u00ed como asesoramiento, formaci\u00f3n y soluciones inform\u00e1ticas, gesti\u00f3n documental y digitalizaci\u00f3n de textos, edici\u00f3n y maquetaci\u00f3n de libros, revistas, flyers, etc.\",\"sameAs\":[\"http:\/\/chento.org\",\"https:\/\/www.facebook.com\/JavierChento\",\"https:\/\/x.com\/https:\/\/twitter.com\/javierchento\"],\"url\":\"https:\/\/vincentians.com\/fr\/author\/chento\/\"}]}<\/script>\n<!-- \/ Yoast SEO plugin. -->","yoast_head_json":{"title":"Eph\u00e9m\u00e9rides : 18 avril - Nous Sommes Vincentiens","robots":{"index":"index","follow":"follow","max-snippet":"max-snippet:-1","max-image-preview":"max-image-preview:large","max-video-preview":"max-video-preview:-1"},"canonical":"https:\/\/vincentians.com\/fr\/ephemerides-18-avril\/","og_locale":"fr_FR","og_type":"article","og_title":"Eph\u00e9m\u00e9rides : 18 avril - Nous Sommes Vincentiens","og_description":"1794. \u00c0 Poitiers , M. Nicolas Dodin est guillotin\u00e9. N\u00e9 dans le dioc\u00e8se de Langres , le 24 septembre 1755, il \u00e9tait entr\u00e9 \u00e0 Saint-Lazare, le 9 ao\u00fbt 1775. Pendant six ans, il fut cur\u00e9 ... Read More","og_url":"https:\/\/vincentians.com\/fr\/ephemerides-18-avril\/","og_site_name":"Nous Sommes Vincentiens","article_publisher":"https:\/\/www.facebook.com\/WeAreVincentians\/","article_author":"https:\/\/www.facebook.com\/JavierChento","article_published_time":"2017-04-17T22:01:17+00:00","og_image":[{"width":1200,"height":630,"url":"https:\/\/i0.wp.com\/vincentians.com\/fr\/wp-content\/uploads\/sites\/10\/2016\/07\/ephemerides-fb.jpg?fit=1200%2C630&ssl=1","type":"image\/jpeg"}],"author":"Francisco Javier Fern\u00e1ndez Chento","twitter_card":"summary_large_image","twitter_creator":"@https:\/\/twitter.com\/javierchento","twitter_site":"@WeVincentians","twitter_misc":{"\u00c9crit par":"Francisco Javier Fern\u00e1ndez Chento","Dur\u00e9e de lecture estim\u00e9e":"3 minutes"},"schema":{"@context":"https:\/\/schema.org","@graph":[{"@type":"WebPage","@id":"https:\/\/vincentians.com\/fr\/ephemerides-18-avril\/","url":"https:\/\/vincentians.com\/fr\/ephemerides-18-avril\/","name":"Eph\u00e9m\u00e9rides : 18 avril - Nous Sommes Vincentiens","isPartOf":{"@id":"https:\/\/vincentians.com\/fr\/#website"},"primaryImageOfPage":{"@id":"https:\/\/vincentians.com\/fr\/ephemerides-18-avril\/#primaryimage"},"image":{"@id":"https:\/\/vincentians.com\/fr\/ephemerides-18-avril\/#primaryimage"},"thumbnailUrl":"https:\/\/i0.wp.com\/vincentians.com\/fr\/wp-content\/uploads\/sites\/10\/2016\/07\/ephemerides-fb.jpg?fit=1200%2C630&ssl=1","datePublished":"2017-04-17T22:01:17+00:00","author":{"@id":"https:\/\/vincentians.com\/fr\/#\/schema\/person\/9623ef4d9aa3b2dfb8c061f1499288f2"},"breadcrumb":{"@id":"https:\/\/vincentians.com\/fr\/ephemerides-18-avril\/#breadcrumb"},"inLanguage":"fr-FR","potentialAction":[{"@type":"ReadAction","target":["https:\/\/vincentians.com\/fr\/ephemerides-18-avril\/"]}]},{"@type":"ImageObject","inLanguage":"fr-FR","@id":"https:\/\/vincentians.com\/fr\/ephemerides-18-avril\/#primaryimage","url":"https:\/\/i0.wp.com\/vincentians.com\/fr\/wp-content\/uploads\/sites\/10\/2016\/07\/ephemerides-fb.jpg?fit=1200%2C630&ssl=1","contentUrl":"https:\/\/i0.wp.com\/vincentians.com\/fr\/wp-content\/uploads\/sites\/10\/2016\/07\/ephemerides-fb.jpg?fit=1200%2C630&ssl=1","width":1200,"height":630},{"@type":"BreadcrumbList","@id":"https:\/\/vincentians.com\/fr\/ephemerides-18-avril\/#breadcrumb","itemListElement":[{"@type":"ListItem","position":1,"name":"Portada","item":"https:\/\/vincentians.com\/fr\/"},{"@type":"ListItem","position":2,"name":"Eph\u00e9m\u00e9rides : 18 avril"}]},{"@type":"WebSite","@id":"https:\/\/vincentians.com\/fr\/#website","url":"https:\/\/vincentians.com\/fr\/","name":"Nous Sommes Vincentiens","description":"Know more to serve more","potentialAction":[{"@type":"SearchAction","target":{"@type":"EntryPoint","urlTemplate":"https:\/\/vincentians.com\/fr\/?s={search_term_string}"},"query-input":{"@type":"PropertyValueSpecification","valueRequired":true,"valueName":"search_term_string"}}],"inLanguage":"fr-FR"},{"@type":"Person","@id":"https:\/\/vincentians.com\/fr\/#\/schema\/person\/9623ef4d9aa3b2dfb8c061f1499288f2","name":"Francisco Javier Fern\u00e1ndez Chento","image":{"@type":"ImageObject","inLanguage":"fr-FR","@id":"https:\/\/vincentians.com\/fr\/#\/schema\/person\/image\/","url":"https:\/\/secure.gravatar.com\/avatar\/497d5cde87b4c3d097d0315953521681ba2cd523ee66e5077c3711f7021e65de?s=96&d=mm&r=g","contentUrl":"https:\/\/secure.gravatar.com\/avatar\/497d5cde87b4c3d097d0315953521681ba2cd523ee66e5077c3711f7021e65de?s=96&d=mm&r=g","caption":"Francisco Javier Fern\u00e1ndez Chento"},"description":"Director General y cofundador de La Red de Formaci\u00f3n Vicenciana. Javier es laico vicenciano, afiliado a la Congregaci\u00f3n de la Misi\u00f3n y miembro del Equipo de Misiones Populares de la provincia can\u00f3nica de Zaragoza (Espa\u00f1a) de la Congregaci\u00f3n de la Misi\u00f3n. Graduado en la Universidad Oberta de Catalunya con cuatro grados (Asistente de direcci\u00f3n, Gesti\u00f3n Administrativa, Recursos Humanos y Contabilidad Avanzada). Bil\u00edng\u00fce Espa\u00f1ol\/Ingl\u00e9s. gestiona y mantiene varias p\u00e1ginas web cristianas y vicencianas, incluida including La Red de Formaci\u00f3n Vicenciana, de la que es cofundador. Actualmente es responsable del \u00e1rea de Espa\u00f1ol de .famvin, la Red de Noticias de la Familia Vicenciana. Tambi\u00e9n es m\u00fasico cat\u00f3lico y ha editado varios discos. Es Director General y cofundador de Trovador, una reconocida compa\u00f1\u00eda discogr\u00e1fica critiana de Espa\u00f1a. Trabaja en las Tecnolog\u00edas de la Informaci\u00f3n, ofreciendo servicios de alojamiento, dise\u00f1o y mantenimiento Web, as\u00ed como asesoramiento, formaci\u00f3n y soluciones inform\u00e1ticas, gesti\u00f3n documental y digitalizaci\u00f3n de textos, edici\u00f3n y maquetaci\u00f3n de libros, revistas, flyers, etc.","sameAs":["http:\/\/chento.org","https:\/\/www.facebook.com\/JavierChento","https:\/\/x.com\/https:\/\/twitter.com\/javierchento"],"url":"https:\/\/vincentians.com\/fr\/author\/chento\/"}]}},"jetpack_publicize_connections":[],"jetpack_featured_media_url":"https:\/\/i0.wp.com\/vincentians.com\/fr\/wp-content\/uploads\/sites\/10\/2016\/07\/ephemerides-fb.jpg?fit=1200%2C630&ssl=1","jetpack_sharing_enabled":true,"jetpack_shortlink":"https:\/\/wp.me\/p7ETMP-Nxj","jetpack-related-posts":[{"id":190181,"url":"https:\/\/vincentians.com\/fr\/ephemerides-21-septembre\/","url_meta":{"origin":190421,"position":0},"title":"Eph\u00e9m\u00e9rides : 21 septembre","author":"Francisco Javier Fern\u00e1ndez Chento","date":"21\/09\/2016","format":false,"excerpt":"1800. \u00c0 Turin, F\u00e9lix de Andreis prononce les v\u0153ux. Mouvement\u00e9 a \u00e9t\u00e9 son noviciat. Il l\u2019a commenc\u00e9 le 11 novembre 1797, \u00e0 Mondovi. En janvier 1799, r\u00e9volution dans le Pi\u00e9mont\u00a0: les missionnaires sont expuls\u00e9s. F\u00e9lix rentre dans sa famille. Le calme revenu, il est rappel\u00e9 \u00e0 Turin le 12 d\u00e9cembre\u2026","rel":"","context":"Dans &quot;\u00c9ph\u00e9m\u00e9rides vincentiens&quot;","block_context":{"text":"\u00c9ph\u00e9m\u00e9rides vincentiens","link":"https:\/\/vincentians.com\/fr\/category\/ephemerides-vincentiens\/"},"img":{"alt_text":"","src":"https:\/\/i0.wp.com\/vincentians.com\/fr\/wp-content\/uploads\/sites\/10\/2016\/07\/ephemerides-fb.jpg?fit=1200%2C630&ssl=1&resize=350%2C200","width":350,"height":200,"srcset":"https:\/\/i0.wp.com\/vincentians.com\/fr\/wp-content\/uploads\/sites\/10\/2016\/07\/ephemerides-fb.jpg?fit=1200%2C630&ssl=1&resize=350%2C200 1x, https:\/\/i0.wp.com\/vincentians.com\/fr\/wp-content\/uploads\/sites\/10\/2016\/07\/ephemerides-fb.jpg?fit=1200%2C630&ssl=1&resize=525%2C300 1.5x, https:\/\/i0.wp.com\/vincentians.com\/fr\/wp-content\/uploads\/sites\/10\/2016\/07\/ephemerides-fb.jpg?fit=1200%2C630&ssl=1&resize=700%2C400 2x, https:\/\/i0.wp.com\/vincentians.com\/fr\/wp-content\/uploads\/sites\/10\/2016\/07\/ephemerides-fb.jpg?fit=1200%2C630&ssl=1&resize=1050%2C600 3x"},"classes":[]},{"id":105266,"url":"https:\/\/vincentians.com\/fr\/ephemerides-1-janvier\/","url_meta":{"origin":190421,"position":1},"title":"Eph\u00e9m\u00e9rides: 1 janvier","author":"Francisco Javier Fern\u00e1ndez Chento","date":"01\/01\/2017","format":false,"excerpt":"1636. Saint Vincent pr\u00e9vient sainte Louise qu\u2019il faudra faire l\u2019essai des Enfants Trouv\u00e9s. Il lui exprime aussi ses souhaits personnels.\u00a0: \u201cJe vous souhaite un nouveau c\u0153ur et un amour tout nouveau pour Celui qui vous aime incessamment aussi tendrement comme s\u2019il commen\u00e7ait d\u00e8s \u00e0 pr\u00e9sent de vous aimer\u00a0; car tous\u2026","rel":"","context":"Dans &quot;\u00c9ph\u00e9m\u00e9rides vincentiens&quot;","block_context":{"text":"\u00c9ph\u00e9m\u00e9rides vincentiens","link":"https:\/\/vincentians.com\/fr\/category\/ephemerides-vincentiens\/"},"img":{"alt_text":"","src":"https:\/\/i0.wp.com\/vincentians.com\/fr\/wp-content\/uploads\/sites\/10\/2016\/07\/ephemerides-fb.jpg?fit=1200%2C630&ssl=1&resize=350%2C200","width":350,"height":200,"srcset":"https:\/\/i0.wp.com\/vincentians.com\/fr\/wp-content\/uploads\/sites\/10\/2016\/07\/ephemerides-fb.jpg?fit=1200%2C630&ssl=1&resize=350%2C200 1x, https:\/\/i0.wp.com\/vincentians.com\/fr\/wp-content\/uploads\/sites\/10\/2016\/07\/ephemerides-fb.jpg?fit=1200%2C630&ssl=1&resize=525%2C300 1.5x, https:\/\/i0.wp.com\/vincentians.com\/fr\/wp-content\/uploads\/sites\/10\/2016\/07\/ephemerides-fb.jpg?fit=1200%2C630&ssl=1&resize=700%2C400 2x, https:\/\/i0.wp.com\/vincentians.com\/fr\/wp-content\/uploads\/sites\/10\/2016\/07\/ephemerides-fb.jpg?fit=1200%2C630&ssl=1&resize=1050%2C600 3x"},"classes":[]},{"id":105949,"url":"https:\/\/vincentians.com\/fr\/ephemerides-4-mars\/","url_meta":{"origin":190421,"position":2},"title":"Eph\u00e9m\u00e9rides: 4 mars","author":"Francisco Javier Fern\u00e1ndez Chento","date":"04\/03\/2017","format":false,"excerpt":"1658. Saint Vincent dit \u00e0 nos Premi\u00e8res Soeurs\u00a0: \"Filles de la Charit\u00e9, avez-vous ou\u00ef parler qu'il se soit trouv\u00e9 un plus beau nom ni plus favorable pour les Pauvres\u00bb et il revient sur la m\u00eame id\u00e9e dans plusieurs autres Entretiens\u00a0: \"Filles de la Charit\u00e9 veut dire Filles de l'amour de\u2026","rel":"","context":"Dans &quot;\u00c9ph\u00e9m\u00e9rides vincentiens&quot;","block_context":{"text":"\u00c9ph\u00e9m\u00e9rides vincentiens","link":"https:\/\/vincentians.com\/fr\/category\/ephemerides-vincentiens\/"},"img":{"alt_text":"","src":"https:\/\/i0.wp.com\/vincentians.com\/fr\/wp-content\/uploads\/sites\/10\/2016\/07\/ephemerides-fb.jpg?fit=1200%2C630&ssl=1&resize=350%2C200","width":350,"height":200,"srcset":"https:\/\/i0.wp.com\/vincentians.com\/fr\/wp-content\/uploads\/sites\/10\/2016\/07\/ephemerides-fb.jpg?fit=1200%2C630&ssl=1&resize=350%2C200 1x, https:\/\/i0.wp.com\/vincentians.com\/fr\/wp-content\/uploads\/sites\/10\/2016\/07\/ephemerides-fb.jpg?fit=1200%2C630&ssl=1&resize=525%2C300 1.5x, https:\/\/i0.wp.com\/vincentians.com\/fr\/wp-content\/uploads\/sites\/10\/2016\/07\/ephemerides-fb.jpg?fit=1200%2C630&ssl=1&resize=700%2C400 2x, https:\/\/i0.wp.com\/vincentians.com\/fr\/wp-content\/uploads\/sites\/10\/2016\/07\/ephemerides-fb.jpg?fit=1200%2C630&ssl=1&resize=1050%2C600 3x"},"classes":[]},{"id":190346,"url":"https:\/\/vincentians.com\/fr\/ephemerides-31-mars\/","url_meta":{"origin":190421,"position":3},"title":"Eph\u00e9m\u00e9rides : 31 mars","author":"Francisco Javier Fern\u00e1ndez Chento","date":"31\/03\/2017","format":false,"excerpt":"1665. Sur la c\u00f4te du Cap Vert, Charles Boussordec meurt, noy\u00e9. Onze ans auparavant, il quittait sa Bretagne natale, apr\u00e8s y avoir exerc\u00e9 le minist\u00e8re dans le dioc\u00e8se de Tr\u00e9guier. C'\u00e9tait l'ann\u00e9e m\u00eame o\u00f9 Monsieur Vincent \u00e9tablissait solidement ses pr\u00eatres au s\u00e9minaire de Tr\u00e9guier. Re\u00e7u \u00e0 Saint-Lazare par notre Bienheureux\u2026","rel":"","context":"Dans &quot;\u00c9ph\u00e9m\u00e9rides vincentiens&quot;","block_context":{"text":"\u00c9ph\u00e9m\u00e9rides vincentiens","link":"https:\/\/vincentians.com\/fr\/category\/ephemerides-vincentiens\/"},"img":{"alt_text":"","src":"https:\/\/i0.wp.com\/vincentians.com\/fr\/wp-content\/uploads\/sites\/10\/2016\/07\/ephemerides-fb.jpg?fit=1200%2C630&ssl=1&resize=350%2C200","width":350,"height":200,"srcset":"https:\/\/i0.wp.com\/vincentians.com\/fr\/wp-content\/uploads\/sites\/10\/2016\/07\/ephemerides-fb.jpg?fit=1200%2C630&ssl=1&resize=350%2C200 1x, https:\/\/i0.wp.com\/vincentians.com\/fr\/wp-content\/uploads\/sites\/10\/2016\/07\/ephemerides-fb.jpg?fit=1200%2C630&ssl=1&resize=525%2C300 1.5x, https:\/\/i0.wp.com\/vincentians.com\/fr\/wp-content\/uploads\/sites\/10\/2016\/07\/ephemerides-fb.jpg?fit=1200%2C630&ssl=1&resize=700%2C400 2x, https:\/\/i0.wp.com\/vincentians.com\/fr\/wp-content\/uploads\/sites\/10\/2016\/07\/ephemerides-fb.jpg?fit=1200%2C630&ssl=1&resize=1050%2C600 3x"},"classes":[]},{"id":180854,"url":"https:\/\/vincentians.com\/fr\/ephemerides-25-fevrier\/","url_meta":{"origin":190421,"position":4},"title":"Eph\u00e9m\u00e9rides: 25 f\u00e9vrier","author":"Francisco Javier Fern\u00e1ndez Chento","date":"25\/02\/2017","format":false,"excerpt":"En 1621 , le Sup\u00e9rieur g\u00e9n\u00e9ral des Minimes signe les lettres d'agr\u00e9gation par lesquelles saint Vincent devient participant des pri\u00e8res, p\u00e9nitences et bonnes \u0153uvres de tous les membres de l'Ordre (1). Les R\u00e8gles de saint Vincent portent\u00a0: \u00abLes Filles de la Charit\u00e9 mettront tout en commun, ainsi que faisaient les\u2026","rel":"","context":"Dans &quot;\u00c9ph\u00e9m\u00e9rides vincentiens&quot;","block_context":{"text":"\u00c9ph\u00e9m\u00e9rides vincentiens","link":"https:\/\/vincentians.com\/fr\/category\/ephemerides-vincentiens\/"},"img":{"alt_text":"","src":"https:\/\/i0.wp.com\/vincentians.com\/fr\/wp-content\/uploads\/sites\/10\/2016\/07\/ephemerides-fb.jpg?fit=1200%2C630&ssl=1&resize=350%2C200","width":350,"height":200,"srcset":"https:\/\/i0.wp.com\/vincentians.com\/fr\/wp-content\/uploads\/sites\/10\/2016\/07\/ephemerides-fb.jpg?fit=1200%2C630&ssl=1&resize=350%2C200 1x, https:\/\/i0.wp.com\/vincentians.com\/fr\/wp-content\/uploads\/sites\/10\/2016\/07\/ephemerides-fb.jpg?fit=1200%2C630&ssl=1&resize=525%2C300 1.5x, https:\/\/i0.wp.com\/vincentians.com\/fr\/wp-content\/uploads\/sites\/10\/2016\/07\/ephemerides-fb.jpg?fit=1200%2C630&ssl=1&resize=700%2C400 2x, https:\/\/i0.wp.com\/vincentians.com\/fr\/wp-content\/uploads\/sites\/10\/2016\/07\/ephemerides-fb.jpg?fit=1200%2C630&ssl=1&resize=1050%2C600 3x"},"classes":[]},{"id":104856,"url":"https:\/\/vincentians.com\/fr\/ephemerides-10-decembre\/","url_meta":{"origin":190421,"position":5},"title":"Eph\u00e9m\u00e9rides: 10 d\u00e9cembre","author":"Francisco Javier Fern\u00e1ndez Chento","date":"10\/12\/2016","format":false,"excerpt":"1936. \u00c0 P\u00e9rigueux, en douze heures, une congestion c\u00e9r\u00e9brale emporte M. Vincent-Albert Tardieu, \u00e0 l\u2019\u00e2ge de soixante ans. Parmi les nombreux t\u00e9moignages et les abondantes condol\u00e9ances qui furent alors adress\u00e9es au sup\u00e9rieur du grand s\u00e9minaire de P\u00e9rigueux, une pens\u00e9e revient fr\u00e9quemment\u00a0: la mort de M. Tardieu est une perte pour\u2026","rel":"","context":"Dans &quot;\u00c9ph\u00e9m\u00e9rides vincentiens&quot;","block_context":{"text":"\u00c9ph\u00e9m\u00e9rides vincentiens","link":"https:\/\/vincentians.com\/fr\/category\/ephemerides-vincentiens\/"},"img":{"alt_text":"","src":"https:\/\/i0.wp.com\/vincentians.com\/fr\/wp-content\/uploads\/sites\/10\/2016\/07\/ephemerides-fb.jpg?fit=1200%2C630&ssl=1&resize=350%2C200","width":350,"height":200,"srcset":"https:\/\/i0.wp.com\/vincentians.com\/fr\/wp-content\/uploads\/sites\/10\/2016\/07\/ephemerides-fb.jpg?fit=1200%2C630&ssl=1&resize=350%2C200 1x, https:\/\/i0.wp.com\/vincentians.com\/fr\/wp-content\/uploads\/sites\/10\/2016\/07\/ephemerides-fb.jpg?fit=1200%2C630&ssl=1&resize=525%2C300 1.5x, https:\/\/i0.wp.com\/vincentians.com\/fr\/wp-content\/uploads\/sites\/10\/2016\/07\/ephemerides-fb.jpg?fit=1200%2C630&ssl=1&resize=700%2C400 2x, https:\/\/i0.wp.com\/vincentians.com\/fr\/wp-content\/uploads\/sites\/10\/2016\/07\/ephemerides-fb.jpg?fit=1200%2C630&ssl=1&resize=1050%2C600 3x"},"classes":[]}],"_links":{"self":[{"href":"https:\/\/vincentians.com\/fr\/wp-json\/wp\/v2\/posts\/190421","targetHints":{"allow":["GET"]}}],"collection":[{"href":"https:\/\/vincentians.com\/fr\/wp-json\/wp\/v2\/posts"}],"about":[{"href":"https:\/\/vincentians.com\/fr\/wp-json\/wp\/v2\/types\/post"}],"author":[{"embeddable":true,"href":"https:\/\/vincentians.com\/fr\/wp-json\/wp\/v2\/users\/4"}],"replies":[{"embeddable":true,"href":"https:\/\/vincentians.com\/fr\/wp-json\/wp\/v2\/comments?post=190421"}],"version-history":[{"count":0,"href":"https:\/\/vincentians.com\/fr\/wp-json\/wp\/v2\/posts\/190421\/revisions"}],"wp:featuredmedia":[{"embeddable":true,"href":"https:\/\/vincentians.com\/fr\/wp-json\/wp\/v2\/media\/149897"}],"wp:attachment":[{"href":"https:\/\/vincentians.com\/fr\/wp-json\/wp\/v2\/media?parent=190421"}],"wp:term":[{"taxonomy":"category","embeddable":true,"href":"https:\/\/vincentians.com\/fr\/wp-json\/wp\/v2\/categories?post=190421"},{"taxonomy":"post_tag","embeddable":true,"href":"https:\/\/vincentians.com\/fr\/wp-json\/wp\/v2\/tags?post=190421"}],"curies":[{"name":"wp","href":"https:\/\/api.w.org\/{rel}","templated":true}]}}