{"id":190417,"date":"2017-04-29T00:01:17","date_gmt":"2017-04-28T22:01:17","guid":{"rendered":"http:\/\/vincentians.com\/fr\/?p=190417"},"modified":"2016-08-11T18:06:14","modified_gmt":"2016-08-11T16:06:14","slug":"ephemerides-29-avril","status":"publish","type":"post","link":"https:\/\/vincentians.com\/fr\/ephemerides-29-avril\/","title":{"rendered":"Eph\u00e9m\u00e9rides : 29 avril"},"content":{"rendered":"<p><b>1656<\/b>. Au Conseil de la Compagnie, Monsieur Vincent dit\u00a0: \u00ab\u00a0Il est juste qu&rsquo;on renvoie les Filles de la Charit\u00e9 si elles se laissent aller dans le d\u00e9sordre&#8230; car il vaudrait mieux qu&rsquo;il y en e\u00fbt peu, voire point du tout que de les voir faire tout au contraire de ce que leur vocation demande d&rsquo;elles. Mademoiselle Le Gras ne pr\u00e9tend pas voir, quand elle sera au ciel, de mauvaises filles qui ne fassent que manger le bien des Pauvres et donner mauvais exemple \u00e0 ceux qui les voient.\u201d (R)<\/p>\n<p><b>1785<\/b>. \u00c0 P\u00e9kin , arrivent enfin, apr\u00e8s une escale de huit mois \u00e0 Canton, M. Raux, M. Ghislain et le Fr\u00e8re Paris, qui s&rsquo;\u00e9taient embarqu\u00e9s \u00e0 Brest le 20 mars de l&rsquo;ann\u00e9e pr\u00e9c\u00e9dente. L&rsquo;Empereur les re\u00e7oit avec bienveillance. Les J\u00e9suites, dont la suppression de la Compagnie a rendu n\u00e9cessaire leur rel\u00e8ve par les Lazaristes, accueillent tr\u00e8s amicalement nos confr\u00e8res et \u00e9crivent m\u00eame \u00e0 M. Jacquier, qu&rsquo;ils regardent la Congr\u00e9gation de la Mission \u00abcomme une seconde m\u00e8re qui pourrait les consoler de la perte de la premi\u00e8re, s&rsquo;il \u00e9tait quelque chose au monde qui p\u00fbt les en consoler\u00bb (1).<\/p>\n<p><b>1830<\/b>. \u00c0 Paris , \u00e0 cinq heures de l&rsquo;apr\u00e8s-midi, le roi Charles X vient faire son p\u00e8lerinage \u00e0 saint Vincent. Sa Majest\u00e9 est accompagn\u00e9e de Mme la Dauphine et de la duchesse de Berry. Mgr de Qu\u00e9len est venu se joindre aux Pr\u00eatres de la Mission pour recevoir le roi, auquel il adresse quelques mots de f\u00e9licitations. Charles X r\u00e9pond\u00a0: \u00abMonseigneur l&rsquo;Archev\u00eaque, en venant v\u00e9n\u00e9rer les reliques d&rsquo;un saint pr\u00eatre, si cher \u00e0 l&rsquo;humanit\u00e9, j&rsquo;ai surtout le d\u00e9sir d&rsquo;obtenir par son intercession le bonheur de mes peuples.\u00bb Apr\u00e8s avoir v\u00e9n\u00e9r\u00e9 les reliques, le roi, avec les altesses royales, prend place dans le sanctuaire pour y recevoir la b\u00e9n\u00e9diction du Saint-Sacrement. Puis, tandis que le clerg\u00e9 le reconduit \u00e0 sa voiture, le roi qui s&rsquo;entretient avec le sup\u00e9rieur g\u00e9n\u00e9ral, lui dit en le quittant\u00a0: \u00abPrier pour le bonheur de mon peuple, c&rsquo;est prier pour le mien\u00bb (2).<\/p>\n<p><b>1871<\/b>. La Commune veut prendre possession de la Maison Eug\u00e8ne Napol\u00e9on \u00e0 Paris\u00a0: 250 orphelines de la Fondation se r\u00e9fugient \u00e0 Saint-Maur-les-Foss\u00e9s. Une centaine restent avec les \u00ab\u00a0citoyennes\u00a0\u00bb destin\u00e9es \u00e0 remplacer les Soeurs&#8230; Quand celles-ci reviennent, le 6 juin, elles trouvent ces pauvres enfants malades et atteintes de gale et de teigne\u00a0! A Reuilly, les Soeurs, enferm\u00e9es dans la lingerie de la Maison, craignent le pire. L&rsquo;une d&rsquo;elles, courageusement, va \u00e0 la chapelle chercher la Sainte R\u00e9serve, et le saint ciboire d\u00e9pos\u00e9 sur une petite table, entre deux bougies, re\u00e7oit les adorations des prisonni\u00e8res. Mais au-dessous d&rsquo;elles, les communards font grand tapage\u00a0: ils ont vid\u00e9 toutes les bouteilles de vin destin\u00e9es aux bless\u00e9s de l&rsquo;ambulance&#8230; Ivres, les voil\u00e0 qui montent vers la lingerie. Les Soeurs les entendent qui s&rsquo;excitent l&rsquo;un l&rsquo;autre pour entrer. Le chef cependant leur crie\u00a0: \u00ab\u00a0Ne craignez pas\u00a0; on passera sur mon corps avant d&rsquo;arriver jusqu&rsquo;\u00e0 vous\u00a0\u00bb et de fait, il s&rsquo;\u00e9tend en travers de de la porte ivre-mort comme ses compagnons. Les Soeurs d\u00e9cident alors de consommer les Saintes Esp\u00e8ces, et chacune se communie, se demandant si ce n&rsquo;est pas en viatique\u00a0! Puis ouvrant la porte avec pr\u00e9caution, elles s&rsquo;\u00e9chappent, passant au milieu de leurs gardiens gisant endormis. Ne pouvant plus durer ainsi, le lendemain, elles obtenaient la permission de partir. Au sortir de l&rsquo;Hospice, \u00e0 six heures du soir, visite du sac de chacune, dont les communards \u00e9parpillent le pauvre trousseau en se moquant. Pendant le trajet du faubourg Saint-Antoine, elles entendaient, \u00e0 la Barri\u00e8re du Tr\u00f4ne, les m\u00e8res engager leurs enfants \u00e0 les insulter. Soeur Catherine avec une compagne se rendit d&rsquo;abord \u00e0 Saint-Denis o\u00f9 une de ses anciennes compagnes \u00e9tait Soeur Servante, puis de l\u00e0 \u00e0 Ballainvilliers o\u00f9 ma Soeur Mettavent, son ancienne compagne, \u00e9galement, l&rsquo;accueillit.(R)<\/p>\n<p><b>1900<\/b>. \u00c0 P\u00e9kin, dans la cath\u00e9drale du P\u00e9-tang, Mgr Favier conf\u00e8re la cons\u00e9cration \u00e9piscopale \u00e0 son coadjuteur, Mgr Jarlin. Les troubles inaugur\u00e9s par les \u00abBoxeurs\u00bb d\u00e8s l&rsquo;ann\u00e9e pr\u00e9c\u00e9dente, ont emp\u00each\u00e9 les missionnaires de l&rsquo;int\u00e9rieur de participer \u00e0 la c\u00e9r\u00e9monie. Par contre, le corps diplomatique est pr\u00e9sent, et la cath\u00e9drale est pleine de chr\u00e9tiens (3).<\/p>\n<p><b>1903<\/b>. \u00c0 Rome , L\u00e9on XIII confirme les privil\u00e8ges des Enfants de Marie. L&rsquo;Association, voulue par la Vierge de la M\u00e9daille Miraculeuse, va, quelques mois plus tard, recevoir de magnifiques encouragements, lors du Congr\u00e8s Marial qui se tiendra dans la Ville Eternelle du 29 novembre au 4 d\u00e9cembre, \u00e0 l&rsquo;occasion du cinquantenaire de la d\u00e9finition de l&rsquo;Immacul\u00e9e Conception de Marie (4)<\/p>\n<p><b>1916<\/b>. \u00c0 Rome, le P\u00e8re Villette est re\u00e7u en audience par Beno\u00eet XV. Les compagnons du sup\u00e9rieur g\u00e9n\u00e9ral\u00a0: M. Verdier, M. Fontaine, M. Ricciardelli et M. Fayollat sont ensuite introduits pr\u00e8s du Pape qui, tout en d\u00e9ballant lui-m\u00eame les cadeaux offerts par la Tr\u00e8s Honor\u00e9e M\u00e8re, s&rsquo;entretient fort aimablement avec les uns et les autres (5).<\/p>\n<dl>\n<dd>1) Coste\u00a0: La Congr\u00e9gation de la Mission de Saint-Lazare, Paris, Lecoffre et Gabalda, 1927, pp. 206-207.<\/dd>\n<dd>2) Vandamme: Le corps de saint Vincent de Paul, pp. 127-128.<\/dd>\n<dd>3) H. Garnier\u00a0: Stanislas Jarlin , p. 74.<\/dd>\n<dd>4) Annales , t. 70, p. 207 et pp. 15-36.<\/dd>\n<dd>5) Annales , t. 81. pp. 678-181.<\/dd>\n<\/dl>\n","protected":false},"excerpt":{"rendered":"<p>1656. Au Conseil de la Compagnie, Monsieur Vincent dit\u00a0: \u00ab\u00a0Il est juste qu&rsquo;on renvoie les Filles de la Charit\u00e9 si elles se laissent aller dans le d\u00e9sordre&#8230; car il vaudrait mieux qu&rsquo;il y en e\u00fbt &#8230; <a href=\"https:\/\/vincentians.com\/fr\/ephemerides-29-avril\/\" class=\"more-link\">Read More<\/a><\/p>\n","protected":false},"author":4,"featured_media":149897,"comment_status":"open","ping_status":"open","sticky":false,"template":"","format":"standard","meta":{"jetpack_post_was_ever_published":false,"_jetpack_newsletter_access":"","_jetpack_dont_email_post_to_subs":false,"_jetpack_newsletter_tier_id":0,"_jetpack_memberships_contains_paywalled_content":false,"_jetpack_memberships_contains_paid_content":false,"footnotes":"","jetpack_publicize_message":"","jetpack_publicize_feature_enabled":true,"jetpack_social_post_already_shared":true,"jetpack_social_options":{"image_generator_settings":{"template":"highway","default_image_id":0,"font":"","enabled":false},"version":2}},"categories":[119],"tags":[],"class_list":["post-190417","post","type-post","status-publish","format-standard","has-post-thumbnail","hentry","category-ephemerides-vincentiens"],"yoast_head":"<!-- This site is optimized with the Yoast SEO plugin v26.3 - https:\/\/yoast.com\/wordpress\/plugins\/seo\/ -->\n<title>Eph\u00e9m\u00e9rides : 29 avril - Nous Sommes Vincentiens<\/title>\n<meta name=\"robots\" content=\"index, follow, max-snippet:-1, max-image-preview:large, max-video-preview:-1\" \/>\n<link rel=\"canonical\" href=\"https:\/\/vincentians.com\/fr\/ephemerides-29-avril\/\" \/>\n<meta property=\"og:locale\" content=\"fr_FR\" \/>\n<meta property=\"og:type\" content=\"article\" \/>\n<meta property=\"og:title\" content=\"Eph\u00e9m\u00e9rides : 29 avril - Nous Sommes Vincentiens\" \/>\n<meta property=\"og:description\" content=\"1656. Au Conseil de la Compagnie, Monsieur Vincent dit\u00a0: \u00ab\u00a0Il est juste qu&rsquo;on renvoie les Filles de la Charit\u00e9 si elles se laissent aller dans le d\u00e9sordre&#8230; car il vaudrait mieux qu&rsquo;il y en e\u00fbt ... Read More\" \/>\n<meta property=\"og:url\" content=\"https:\/\/vincentians.com\/fr\/ephemerides-29-avril\/\" \/>\n<meta property=\"og:site_name\" content=\"Nous Sommes Vincentiens\" \/>\n<meta property=\"article:publisher\" content=\"https:\/\/www.facebook.com\/WeAreVincentians\/\" \/>\n<meta property=\"article:author\" content=\"https:\/\/www.facebook.com\/JavierChento\" \/>\n<meta property=\"article:published_time\" content=\"2017-04-28T22:01:17+00:00\" \/>\n<meta property=\"og:image\" content=\"https:\/\/i0.wp.com\/vincentians.com\/fr\/wp-content\/uploads\/sites\/10\/2016\/07\/ephemerides-fb.jpg?fit=1200%2C630&ssl=1\" \/>\n\t<meta property=\"og:image:width\" content=\"1200\" \/>\n\t<meta property=\"og:image:height\" content=\"630\" \/>\n\t<meta property=\"og:image:type\" content=\"image\/jpeg\" \/>\n<meta name=\"author\" content=\"Francisco Javier Fern\u00e1ndez Chento\" \/>\n<meta name=\"twitter:card\" content=\"summary_large_image\" \/>\n<meta name=\"twitter:creator\" content=\"@https:\/\/twitter.com\/javierchento\" \/>\n<meta name=\"twitter:site\" content=\"@WeVincentians\" \/>\n<meta name=\"twitter:label1\" content=\"\u00c9crit par\" \/>\n\t<meta name=\"twitter:data1\" content=\"Francisco Javier Fern\u00e1ndez Chento\" \/>\n\t<meta name=\"twitter:label2\" content=\"Dur\u00e9e de lecture estim\u00e9e\" \/>\n\t<meta name=\"twitter:data2\" content=\"4 minutes\" \/>\n<script type=\"application\/ld+json\" class=\"yoast-schema-graph\">{\"@context\":\"https:\/\/schema.org\",\"@graph\":[{\"@type\":\"WebPage\",\"@id\":\"https:\/\/vincentians.com\/fr\/ephemerides-29-avril\/\",\"url\":\"https:\/\/vincentians.com\/fr\/ephemerides-29-avril\/\",\"name\":\"Eph\u00e9m\u00e9rides : 29 avril - Nous Sommes Vincentiens\",\"isPartOf\":{\"@id\":\"https:\/\/vincentians.com\/fr\/#website\"},\"primaryImageOfPage\":{\"@id\":\"https:\/\/vincentians.com\/fr\/ephemerides-29-avril\/#primaryimage\"},\"image\":{\"@id\":\"https:\/\/vincentians.com\/fr\/ephemerides-29-avril\/#primaryimage\"},\"thumbnailUrl\":\"https:\/\/i0.wp.com\/vincentians.com\/fr\/wp-content\/uploads\/sites\/10\/2016\/07\/ephemerides-fb.jpg?fit=1200%2C630&ssl=1\",\"datePublished\":\"2017-04-28T22:01:17+00:00\",\"author\":{\"@id\":\"https:\/\/vincentians.com\/fr\/#\/schema\/person\/9623ef4d9aa3b2dfb8c061f1499288f2\"},\"breadcrumb\":{\"@id\":\"https:\/\/vincentians.com\/fr\/ephemerides-29-avril\/#breadcrumb\"},\"inLanguage\":\"fr-FR\",\"potentialAction\":[{\"@type\":\"ReadAction\",\"target\":[\"https:\/\/vincentians.com\/fr\/ephemerides-29-avril\/\"]}]},{\"@type\":\"ImageObject\",\"inLanguage\":\"fr-FR\",\"@id\":\"https:\/\/vincentians.com\/fr\/ephemerides-29-avril\/#primaryimage\",\"url\":\"https:\/\/i0.wp.com\/vincentians.com\/fr\/wp-content\/uploads\/sites\/10\/2016\/07\/ephemerides-fb.jpg?fit=1200%2C630&ssl=1\",\"contentUrl\":\"https:\/\/i0.wp.com\/vincentians.com\/fr\/wp-content\/uploads\/sites\/10\/2016\/07\/ephemerides-fb.jpg?fit=1200%2C630&ssl=1\",\"width\":1200,\"height\":630},{\"@type\":\"BreadcrumbList\",\"@id\":\"https:\/\/vincentians.com\/fr\/ephemerides-29-avril\/#breadcrumb\",\"itemListElement\":[{\"@type\":\"ListItem\",\"position\":1,\"name\":\"Portada\",\"item\":\"https:\/\/vincentians.com\/fr\/\"},{\"@type\":\"ListItem\",\"position\":2,\"name\":\"Eph\u00e9m\u00e9rides : 29 avril\"}]},{\"@type\":\"WebSite\",\"@id\":\"https:\/\/vincentians.com\/fr\/#website\",\"url\":\"https:\/\/vincentians.com\/fr\/\",\"name\":\"Nous Sommes Vincentiens\",\"description\":\"Know more to serve more\",\"potentialAction\":[{\"@type\":\"SearchAction\",\"target\":{\"@type\":\"EntryPoint\",\"urlTemplate\":\"https:\/\/vincentians.com\/fr\/?s={search_term_string}\"},\"query-input\":{\"@type\":\"PropertyValueSpecification\",\"valueRequired\":true,\"valueName\":\"search_term_string\"}}],\"inLanguage\":\"fr-FR\"},{\"@type\":\"Person\",\"@id\":\"https:\/\/vincentians.com\/fr\/#\/schema\/person\/9623ef4d9aa3b2dfb8c061f1499288f2\",\"name\":\"Francisco Javier Fern\u00e1ndez Chento\",\"image\":{\"@type\":\"ImageObject\",\"inLanguage\":\"fr-FR\",\"@id\":\"https:\/\/vincentians.com\/fr\/#\/schema\/person\/image\/\",\"url\":\"https:\/\/secure.gravatar.com\/avatar\/497d5cde87b4c3d097d0315953521681ba2cd523ee66e5077c3711f7021e65de?s=96&d=mm&r=g\",\"contentUrl\":\"https:\/\/secure.gravatar.com\/avatar\/497d5cde87b4c3d097d0315953521681ba2cd523ee66e5077c3711f7021e65de?s=96&d=mm&r=g\",\"caption\":\"Francisco Javier Fern\u00e1ndez Chento\"},\"description\":\"Director General y cofundador de La Red de Formaci\u00f3n Vicenciana. Javier es laico vicenciano, afiliado a la Congregaci\u00f3n de la Misi\u00f3n y miembro del Equipo de Misiones Populares de la provincia can\u00f3nica de Zaragoza (Espa\u00f1a) de la Congregaci\u00f3n de la Misi\u00f3n. Graduado en la Universidad Oberta de Catalunya con cuatro grados (Asistente de direcci\u00f3n, Gesti\u00f3n Administrativa, Recursos Humanos y Contabilidad Avanzada). Bil\u00edng\u00fce Espa\u00f1ol\/Ingl\u00e9s. gestiona y mantiene varias p\u00e1ginas web cristianas y vicencianas, incluida including La Red de Formaci\u00f3n Vicenciana, de la que es cofundador. Actualmente es responsable del \u00e1rea de Espa\u00f1ol de .famvin, la Red de Noticias de la Familia Vicenciana. Tambi\u00e9n es m\u00fasico cat\u00f3lico y ha editado varios discos. Es Director General y cofundador de Trovador, una reconocida compa\u00f1\u00eda discogr\u00e1fica critiana de Espa\u00f1a. Trabaja en las Tecnolog\u00edas de la Informaci\u00f3n, ofreciendo servicios de alojamiento, dise\u00f1o y mantenimiento Web, as\u00ed como asesoramiento, formaci\u00f3n y soluciones inform\u00e1ticas, gesti\u00f3n documental y digitalizaci\u00f3n de textos, edici\u00f3n y maquetaci\u00f3n de libros, revistas, flyers, etc.\",\"sameAs\":[\"http:\/\/chento.org\",\"https:\/\/www.facebook.com\/JavierChento\",\"https:\/\/x.com\/https:\/\/twitter.com\/javierchento\"],\"url\":\"https:\/\/vincentians.com\/fr\/author\/chento\/\"}]}<\/script>\n<!-- \/ Yoast SEO plugin. -->","yoast_head_json":{"title":"Eph\u00e9m\u00e9rides : 29 avril - Nous Sommes Vincentiens","robots":{"index":"index","follow":"follow","max-snippet":"max-snippet:-1","max-image-preview":"max-image-preview:large","max-video-preview":"max-video-preview:-1"},"canonical":"https:\/\/vincentians.com\/fr\/ephemerides-29-avril\/","og_locale":"fr_FR","og_type":"article","og_title":"Eph\u00e9m\u00e9rides : 29 avril - Nous Sommes Vincentiens","og_description":"1656. Au Conseil de la Compagnie, Monsieur Vincent dit\u00a0: \u00ab\u00a0Il est juste qu&rsquo;on renvoie les Filles de la Charit\u00e9 si elles se laissent aller dans le d\u00e9sordre&#8230; car il vaudrait mieux qu&rsquo;il y en e\u00fbt ... Read More","og_url":"https:\/\/vincentians.com\/fr\/ephemerides-29-avril\/","og_site_name":"Nous Sommes Vincentiens","article_publisher":"https:\/\/www.facebook.com\/WeAreVincentians\/","article_author":"https:\/\/www.facebook.com\/JavierChento","article_published_time":"2017-04-28T22:01:17+00:00","og_image":[{"width":1200,"height":630,"url":"https:\/\/i0.wp.com\/vincentians.com\/fr\/wp-content\/uploads\/sites\/10\/2016\/07\/ephemerides-fb.jpg?fit=1200%2C630&ssl=1","type":"image\/jpeg"}],"author":"Francisco Javier Fern\u00e1ndez Chento","twitter_card":"summary_large_image","twitter_creator":"@https:\/\/twitter.com\/javierchento","twitter_site":"@WeVincentians","twitter_misc":{"\u00c9crit par":"Francisco Javier Fern\u00e1ndez Chento","Dur\u00e9e de lecture estim\u00e9e":"4 minutes"},"schema":{"@context":"https:\/\/schema.org","@graph":[{"@type":"WebPage","@id":"https:\/\/vincentians.com\/fr\/ephemerides-29-avril\/","url":"https:\/\/vincentians.com\/fr\/ephemerides-29-avril\/","name":"Eph\u00e9m\u00e9rides : 29 avril - Nous Sommes Vincentiens","isPartOf":{"@id":"https:\/\/vincentians.com\/fr\/#website"},"primaryImageOfPage":{"@id":"https:\/\/vincentians.com\/fr\/ephemerides-29-avril\/#primaryimage"},"image":{"@id":"https:\/\/vincentians.com\/fr\/ephemerides-29-avril\/#primaryimage"},"thumbnailUrl":"https:\/\/i0.wp.com\/vincentians.com\/fr\/wp-content\/uploads\/sites\/10\/2016\/07\/ephemerides-fb.jpg?fit=1200%2C630&ssl=1","datePublished":"2017-04-28T22:01:17+00:00","author":{"@id":"https:\/\/vincentians.com\/fr\/#\/schema\/person\/9623ef4d9aa3b2dfb8c061f1499288f2"},"breadcrumb":{"@id":"https:\/\/vincentians.com\/fr\/ephemerides-29-avril\/#breadcrumb"},"inLanguage":"fr-FR","potentialAction":[{"@type":"ReadAction","target":["https:\/\/vincentians.com\/fr\/ephemerides-29-avril\/"]}]},{"@type":"ImageObject","inLanguage":"fr-FR","@id":"https:\/\/vincentians.com\/fr\/ephemerides-29-avril\/#primaryimage","url":"https:\/\/i0.wp.com\/vincentians.com\/fr\/wp-content\/uploads\/sites\/10\/2016\/07\/ephemerides-fb.jpg?fit=1200%2C630&ssl=1","contentUrl":"https:\/\/i0.wp.com\/vincentians.com\/fr\/wp-content\/uploads\/sites\/10\/2016\/07\/ephemerides-fb.jpg?fit=1200%2C630&ssl=1","width":1200,"height":630},{"@type":"BreadcrumbList","@id":"https:\/\/vincentians.com\/fr\/ephemerides-29-avril\/#breadcrumb","itemListElement":[{"@type":"ListItem","position":1,"name":"Portada","item":"https:\/\/vincentians.com\/fr\/"},{"@type":"ListItem","position":2,"name":"Eph\u00e9m\u00e9rides : 29 avril"}]},{"@type":"WebSite","@id":"https:\/\/vincentians.com\/fr\/#website","url":"https:\/\/vincentians.com\/fr\/","name":"Nous Sommes Vincentiens","description":"Know more to serve more","potentialAction":[{"@type":"SearchAction","target":{"@type":"EntryPoint","urlTemplate":"https:\/\/vincentians.com\/fr\/?s={search_term_string}"},"query-input":{"@type":"PropertyValueSpecification","valueRequired":true,"valueName":"search_term_string"}}],"inLanguage":"fr-FR"},{"@type":"Person","@id":"https:\/\/vincentians.com\/fr\/#\/schema\/person\/9623ef4d9aa3b2dfb8c061f1499288f2","name":"Francisco Javier Fern\u00e1ndez Chento","image":{"@type":"ImageObject","inLanguage":"fr-FR","@id":"https:\/\/vincentians.com\/fr\/#\/schema\/person\/image\/","url":"https:\/\/secure.gravatar.com\/avatar\/497d5cde87b4c3d097d0315953521681ba2cd523ee66e5077c3711f7021e65de?s=96&d=mm&r=g","contentUrl":"https:\/\/secure.gravatar.com\/avatar\/497d5cde87b4c3d097d0315953521681ba2cd523ee66e5077c3711f7021e65de?s=96&d=mm&r=g","caption":"Francisco Javier Fern\u00e1ndez Chento"},"description":"Director General y cofundador de La Red de Formaci\u00f3n Vicenciana. Javier es laico vicenciano, afiliado a la Congregaci\u00f3n de la Misi\u00f3n y miembro del Equipo de Misiones Populares de la provincia can\u00f3nica de Zaragoza (Espa\u00f1a) de la Congregaci\u00f3n de la Misi\u00f3n. Graduado en la Universidad Oberta de Catalunya con cuatro grados (Asistente de direcci\u00f3n, Gesti\u00f3n Administrativa, Recursos Humanos y Contabilidad Avanzada). Bil\u00edng\u00fce Espa\u00f1ol\/Ingl\u00e9s. gestiona y mantiene varias p\u00e1ginas web cristianas y vicencianas, incluida including La Red de Formaci\u00f3n Vicenciana, de la que es cofundador. Actualmente es responsable del \u00e1rea de Espa\u00f1ol de .famvin, la Red de Noticias de la Familia Vicenciana. Tambi\u00e9n es m\u00fasico cat\u00f3lico y ha editado varios discos. Es Director General y cofundador de Trovador, una reconocida compa\u00f1\u00eda discogr\u00e1fica critiana de Espa\u00f1a. Trabaja en las Tecnolog\u00edas de la Informaci\u00f3n, ofreciendo servicios de alojamiento, dise\u00f1o y mantenimiento Web, as\u00ed como asesoramiento, formaci\u00f3n y soluciones inform\u00e1ticas, gesti\u00f3n documental y digitalizaci\u00f3n de textos, edici\u00f3n y maquetaci\u00f3n de libros, revistas, flyers, etc.","sameAs":["http:\/\/chento.org","https:\/\/www.facebook.com\/JavierChento","https:\/\/x.com\/https:\/\/twitter.com\/javierchento"],"url":"https:\/\/vincentians.com\/fr\/author\/chento\/"}]}},"jetpack_publicize_connections":[],"jetpack_featured_media_url":"https:\/\/i0.wp.com\/vincentians.com\/fr\/wp-content\/uploads\/sites\/10\/2016\/07\/ephemerides-fb.jpg?fit=1200%2C630&ssl=1","jetpack_sharing_enabled":true,"jetpack_shortlink":"https:\/\/wp.me\/p7ETMP-Nxf","jetpack-related-posts":[{"id":180860,"url":"https:\/\/vincentians.com\/fr\/ephemerides-19-fevrier\/","url_meta":{"origin":190417,"position":0},"title":"Eph\u00e9m\u00e9rides: 19 f\u00e9vrier","author":"Francisco Javier Fern\u00e1ndez Chento","date":"19\/02\/2017","format":false,"excerpt":"En 1610 , saint Vincent, qui, arriv\u00e9 \u00e0 Paris depuis environ un an, vit chichement, se voit, avec joie admis parmi les conseillers et aum\u00f4niers de la reine Marguerite de Valois. Il habite alors rue de Seine, dans une maison proche le palais que la reine s'\u00e9tait fait construire en\u2026","rel":"","context":"Dans &quot;\u00c9ph\u00e9m\u00e9rides vincentiens&quot;","block_context":{"text":"\u00c9ph\u00e9m\u00e9rides vincentiens","link":"https:\/\/vincentians.com\/fr\/category\/ephemerides-vincentiens\/"},"img":{"alt_text":"","src":"https:\/\/i0.wp.com\/vincentians.com\/fr\/wp-content\/uploads\/sites\/10\/2016\/07\/ephemerides-fb.jpg?fit=1200%2C630&ssl=1&resize=350%2C200","width":350,"height":200,"srcset":"https:\/\/i0.wp.com\/vincentians.com\/fr\/wp-content\/uploads\/sites\/10\/2016\/07\/ephemerides-fb.jpg?fit=1200%2C630&ssl=1&resize=350%2C200 1x, https:\/\/i0.wp.com\/vincentians.com\/fr\/wp-content\/uploads\/sites\/10\/2016\/07\/ephemerides-fb.jpg?fit=1200%2C630&ssl=1&resize=525%2C300 1.5x, https:\/\/i0.wp.com\/vincentians.com\/fr\/wp-content\/uploads\/sites\/10\/2016\/07\/ephemerides-fb.jpg?fit=1200%2C630&ssl=1&resize=700%2C400 2x, https:\/\/i0.wp.com\/vincentians.com\/fr\/wp-content\/uploads\/sites\/10\/2016\/07\/ephemerides-fb.jpg?fit=1200%2C630&ssl=1&resize=1050%2C600 3x"},"classes":[]},{"id":190419,"url":"https:\/\/vincentians.com\/fr\/ephemerides-24-avril\/","url_meta":{"origin":190417,"position":1},"title":"Eph\u00e9m\u00e9rides : 24 avril","author":"Francisco Javier Fern\u00e1ndez Chento","date":"24\/04\/2017","format":false,"excerpt":"1581. \u00c0 Pouy , pr\u00e8s de Dax , naissance de saint Vincent de Paul (1). 1816. \u00c0 Paris , mort de M. Dominique-Fran\u00e7ois Hanon, vicaire g\u00e9n\u00e9ral de la Congr\u00e9gation. Les seize premi\u00e8res ann\u00e9es de sa vie se pass\u00e8rent dans le dioc\u00e8se d'Arras, \u00e0 Saint-Pol , son lieu de naissance, et\u2026","rel":"","context":"Dans &quot;\u00c9ph\u00e9m\u00e9rides vincentiens&quot;","block_context":{"text":"\u00c9ph\u00e9m\u00e9rides vincentiens","link":"https:\/\/vincentians.com\/fr\/category\/ephemerides-vincentiens\/"},"img":{"alt_text":"","src":"https:\/\/i0.wp.com\/vincentians.com\/fr\/wp-content\/uploads\/sites\/10\/2016\/07\/ephemerides-fb.jpg?fit=1200%2C630&ssl=1&resize=350%2C200","width":350,"height":200,"srcset":"https:\/\/i0.wp.com\/vincentians.com\/fr\/wp-content\/uploads\/sites\/10\/2016\/07\/ephemerides-fb.jpg?fit=1200%2C630&ssl=1&resize=350%2C200 1x, https:\/\/i0.wp.com\/vincentians.com\/fr\/wp-content\/uploads\/sites\/10\/2016\/07\/ephemerides-fb.jpg?fit=1200%2C630&ssl=1&resize=525%2C300 1.5x, https:\/\/i0.wp.com\/vincentians.com\/fr\/wp-content\/uploads\/sites\/10\/2016\/07\/ephemerides-fb.jpg?fit=1200%2C630&ssl=1&resize=700%2C400 2x, https:\/\/i0.wp.com\/vincentians.com\/fr\/wp-content\/uploads\/sites\/10\/2016\/07\/ephemerides-fb.jpg?fit=1200%2C630&ssl=1&resize=1050%2C600 3x"},"classes":[]},{"id":190061,"url":"https:\/\/vincentians.com\/fr\/ephemerides-08-aout\/","url_meta":{"origin":190417,"position":2},"title":"Eph\u00e9m\u00e9rides: 08 ao\u00fbt","author":"Francisco Javier Fern\u00e1ndez Chento","date":"08\/08\/2016","format":false,"excerpt":"1646. \u00c0 Nantes, arriv\u00e9e de Louise de Marillac et de six Filles de la Charit\u00e9. En d\u00e9barquant du bateau qui leur a fait descendre la Loire depuis Orl\u00e9ans, elles sont re\u00e7ues triomphalement par des dames, des eccl\u00e9siastiques et une foule consid\u00e9rable. On les conduit en carrosse \u00e0 l\u2019h\u00f4pital Saint-Ren\u00e9 o\u00f9\u2026","rel":"","context":"Dans &quot;\u00c9ph\u00e9m\u00e9rides vincentiens&quot;","block_context":{"text":"\u00c9ph\u00e9m\u00e9rides vincentiens","link":"https:\/\/vincentians.com\/fr\/category\/ephemerides-vincentiens\/"},"img":{"alt_text":"","src":"https:\/\/i0.wp.com\/vincentians.com\/fr\/wp-content\/uploads\/sites\/10\/2016\/07\/ephemerides-fb.jpg?fit=1200%2C630&ssl=1&resize=350%2C200","width":350,"height":200,"srcset":"https:\/\/i0.wp.com\/vincentians.com\/fr\/wp-content\/uploads\/sites\/10\/2016\/07\/ephemerides-fb.jpg?fit=1200%2C630&ssl=1&resize=350%2C200 1x, https:\/\/i0.wp.com\/vincentians.com\/fr\/wp-content\/uploads\/sites\/10\/2016\/07\/ephemerides-fb.jpg?fit=1200%2C630&ssl=1&resize=525%2C300 1.5x, https:\/\/i0.wp.com\/vincentians.com\/fr\/wp-content\/uploads\/sites\/10\/2016\/07\/ephemerides-fb.jpg?fit=1200%2C630&ssl=1&resize=700%2C400 2x, https:\/\/i0.wp.com\/vincentians.com\/fr\/wp-content\/uploads\/sites\/10\/2016\/07\/ephemerides-fb.jpg?fit=1200%2C630&ssl=1&resize=1050%2C600 3x"},"classes":[]},{"id":104144,"url":"https:\/\/vincentians.com\/fr\/ephemerides-29-novembre\/","url_meta":{"origin":190417,"position":3},"title":"Eph\u00e9m\u00e9rides: 29 novembre","author":"Francisco Javier Fern\u00e1ndez Chento","date":"29\/11\/2016","format":false,"excerpt":"1633. \u00c0 Paris, en la maison de Mlle Le Gras, proche Saint-Nicolas du Chardonnet \u2014 rue des Foss\u00e9s-Saint-Victor \u2014 trois ou quatre filles s\u2019assemblent pour apprendre \u00e0 servir les pauvres\u2026 C\u2019est une consid\u00e9ration d\u2019utilit\u00e9 pratique qui est \u00e0 l\u2019origine de ce petit fait\u00a0: les d\u00e9tails concrets et peu rago\u00fbtants de\u2026","rel":"","context":"Dans &quot;\u00c9ph\u00e9m\u00e9rides vincentiens&quot;","block_context":{"text":"\u00c9ph\u00e9m\u00e9rides vincentiens","link":"https:\/\/vincentians.com\/fr\/category\/ephemerides-vincentiens\/"},"img":{"alt_text":"","src":"https:\/\/i0.wp.com\/vincentians.com\/fr\/wp-content\/uploads\/sites\/10\/2016\/07\/ephemerides-fb.jpg?fit=1200%2C630&ssl=1&resize=350%2C200","width":350,"height":200,"srcset":"https:\/\/i0.wp.com\/vincentians.com\/fr\/wp-content\/uploads\/sites\/10\/2016\/07\/ephemerides-fb.jpg?fit=1200%2C630&ssl=1&resize=350%2C200 1x, https:\/\/i0.wp.com\/vincentians.com\/fr\/wp-content\/uploads\/sites\/10\/2016\/07\/ephemerides-fb.jpg?fit=1200%2C630&ssl=1&resize=525%2C300 1.5x, https:\/\/i0.wp.com\/vincentians.com\/fr\/wp-content\/uploads\/sites\/10\/2016\/07\/ephemerides-fb.jpg?fit=1200%2C630&ssl=1&resize=700%2C400 2x, https:\/\/i0.wp.com\/vincentians.com\/fr\/wp-content\/uploads\/sites\/10\/2016\/07\/ephemerides-fb.jpg?fit=1200%2C630&ssl=1&resize=1050%2C600 3x"},"classes":[]},{"id":108350,"url":"https:\/\/vincentians.com\/fr\/ephemerides-14-fevrier\/","url_meta":{"origin":190417,"position":4},"title":"Eph\u00e9m\u00e9rides: 14 f\u00e9vrier","author":"Francisco Javier Fern\u00e1ndez Chento","date":"14\/02\/2017","format":false,"excerpt":"En 1651 , \u00e0 Paris , saint Vincent obtient de la Cour un \"sauve conduit\", acte officiel par lequel il est recommand\u00e9 \u00e0 toutes les autorit\u00e9s civiles et militaires de prot\u00e9ger les missionnaires envoy\u00e9s au secours de la Picardie et de la Champagne : ces charitables ambassadeurs \u00e9taient, en effet,\u2026","rel":"","context":"Dans &quot;\u00c9ph\u00e9m\u00e9rides vincentiens&quot;","block_context":{"text":"\u00c9ph\u00e9m\u00e9rides vincentiens","link":"https:\/\/vincentians.com\/fr\/category\/ephemerides-vincentiens\/"},"img":{"alt_text":"","src":"https:\/\/i0.wp.com\/vincentians.com\/fr\/wp-content\/uploads\/sites\/10\/2016\/07\/ephemerides-fb.jpg?fit=1200%2C630&ssl=1&resize=350%2C200","width":350,"height":200,"srcset":"https:\/\/i0.wp.com\/vincentians.com\/fr\/wp-content\/uploads\/sites\/10\/2016\/07\/ephemerides-fb.jpg?fit=1200%2C630&ssl=1&resize=350%2C200 1x, https:\/\/i0.wp.com\/vincentians.com\/fr\/wp-content\/uploads\/sites\/10\/2016\/07\/ephemerides-fb.jpg?fit=1200%2C630&ssl=1&resize=525%2C300 1.5x, https:\/\/i0.wp.com\/vincentians.com\/fr\/wp-content\/uploads\/sites\/10\/2016\/07\/ephemerides-fb.jpg?fit=1200%2C630&ssl=1&resize=700%2C400 2x, https:\/\/i0.wp.com\/vincentians.com\/fr\/wp-content\/uploads\/sites\/10\/2016\/07\/ephemerides-fb.jpg?fit=1200%2C630&ssl=1&resize=1050%2C600 3x"},"classes":[]},{"id":108324,"url":"https:\/\/vincentians.com\/fr\/ephemerides-1-fevrier\/","url_meta":{"origin":190417,"position":5},"title":"Eph\u00e9m\u00e9rides: 1 f\u00e9vrier","author":"Francisco Javier Fern\u00e1ndez Chento","date":"01\/02\/2017","format":false,"excerpt":"En 1640, \u00e0 Angers , est sign\u00e9 l'acte d'introduction des Filles de la Charit\u00e9 \u00e0 l'h\u00f4pital Saint-Jean. Saint Vincent tenait beaucoup \u00e0 cet \u00e9tablissement. Il y avait \u00e9t\u00e9 amen\u00e9 par la pr\u00e9sidente Goussault, tr\u00e8s \u00e9mue elle-m\u00eame de l'abandon dans lequel infirmi\u00e8res et aum\u00f4niers laissaient les malades de cet antique h\u00f4pital.\u2026","rel":"","context":"Dans &quot;\u00c9ph\u00e9m\u00e9rides vincentiens&quot;","block_context":{"text":"\u00c9ph\u00e9m\u00e9rides vincentiens","link":"https:\/\/vincentians.com\/fr\/category\/ephemerides-vincentiens\/"},"img":{"alt_text":"","src":"https:\/\/i0.wp.com\/vincentians.com\/fr\/wp-content\/uploads\/sites\/10\/2016\/07\/ephemerides-fb.jpg?fit=1200%2C630&ssl=1&resize=350%2C200","width":350,"height":200,"srcset":"https:\/\/i0.wp.com\/vincentians.com\/fr\/wp-content\/uploads\/sites\/10\/2016\/07\/ephemerides-fb.jpg?fit=1200%2C630&ssl=1&resize=350%2C200 1x, https:\/\/i0.wp.com\/vincentians.com\/fr\/wp-content\/uploads\/sites\/10\/2016\/07\/ephemerides-fb.jpg?fit=1200%2C630&ssl=1&resize=525%2C300 1.5x, https:\/\/i0.wp.com\/vincentians.com\/fr\/wp-content\/uploads\/sites\/10\/2016\/07\/ephemerides-fb.jpg?fit=1200%2C630&ssl=1&resize=700%2C400 2x, https:\/\/i0.wp.com\/vincentians.com\/fr\/wp-content\/uploads\/sites\/10\/2016\/07\/ephemerides-fb.jpg?fit=1200%2C630&ssl=1&resize=1050%2C600 3x"},"classes":[]}],"_links":{"self":[{"href":"https:\/\/vincentians.com\/fr\/wp-json\/wp\/v2\/posts\/190417","targetHints":{"allow":["GET"]}}],"collection":[{"href":"https:\/\/vincentians.com\/fr\/wp-json\/wp\/v2\/posts"}],"about":[{"href":"https:\/\/vincentians.com\/fr\/wp-json\/wp\/v2\/types\/post"}],"author":[{"embeddable":true,"href":"https:\/\/vincentians.com\/fr\/wp-json\/wp\/v2\/users\/4"}],"replies":[{"embeddable":true,"href":"https:\/\/vincentians.com\/fr\/wp-json\/wp\/v2\/comments?post=190417"}],"version-history":[{"count":0,"href":"https:\/\/vincentians.com\/fr\/wp-json\/wp\/v2\/posts\/190417\/revisions"}],"wp:featuredmedia":[{"embeddable":true,"href":"https:\/\/vincentians.com\/fr\/wp-json\/wp\/v2\/media\/149897"}],"wp:attachment":[{"href":"https:\/\/vincentians.com\/fr\/wp-json\/wp\/v2\/media?parent=190417"}],"wp:term":[{"taxonomy":"category","embeddable":true,"href":"https:\/\/vincentians.com\/fr\/wp-json\/wp\/v2\/categories?post=190417"},{"taxonomy":"post_tag","embeddable":true,"href":"https:\/\/vincentians.com\/fr\/wp-json\/wp\/v2\/tags?post=190417"}],"curies":[{"name":"wp","href":"https:\/\/api.w.org\/{rel}","templated":true}]}}