{"id":190414,"date":"2017-04-06T00:01:17","date_gmt":"2017-04-05T22:01:17","guid":{"rendered":"http:\/\/vincentians.com\/fr\/?p=190414"},"modified":"2016-08-11T17:50:03","modified_gmt":"2016-08-11T15:50:03","slug":"ephemerides-06-avril","status":"publish","type":"post","link":"https:\/\/vincentians.com\/fr\/ephemerides-06-avril\/","title":{"rendered":"Eph\u00e9m\u00e9rides : 06 avril"},"content":{"rendered":"<p><b>1792<\/b>. En France , loi supprimant diverses Congr\u00e9gations religieuses. Trois jours apr\u00e8s, la M\u00e8re Deleau, Sup\u00e9rieure G\u00e9n\u00e9rale, envoie une circulaire \u00e0 toutes les Soeurs\u00a0: \u00ab\u00a0Je dois vous pr\u00e9venir que le Vendredi-Saint, 6 de ce mois, l&rsquo;Assembl\u00e9e Nationale a d\u00e9cr\u00e9t\u00e9 la suppression de toutes les Corporations religieuses et eccl\u00e9siastiques ainsi que de leurs costumes. Bien que nous ne soyons pas express\u00e9ment nomm\u00e9es, nous y sommes comprises. Adorons en esprit de soumission chr\u00e9tienne les jugements de Dieu et respectons les ordres de cette Providence qui veille sur nous. En attendant je vous recommande express\u00e9ment\u00a0: 1) de ne pas abandonner le service des Pauvres si vous n&rsquo;y \u00eates pas forc\u00e9es\u00a0; 2) de demander \u00e0 MM. les Administrateurs la d\u00e9pense du premier habit si on exige que vous quittiez tout de suite notre costume apr\u00e8s la sanction du roi. C&rsquo;est une loi purement civile, il faut y ob\u00e9ir\u00a0; mais habillez-vous modestement comme il convient \u00e0 des filles chr\u00e9tiennes. En un mot pour continuer le Service des Pauvres, pr\u00eatez-vous \u00e0 tout ce que, honn\u00eatement, on pourra exiger de vous dans les circonstances pr\u00e9sentes, pourvu qu&rsquo;il n&rsquo;y ait rien contre la conscience et contre la religion. Surtout, mes Filles, ne vous d\u00e9couragez point. ne vous laissez point abattre, redoublez de Foi, de confiance, de pri\u00e8res. C&rsquo;est ce qui nous reste \u00e0 faire\u00a0! Je compte que vous n&rsquo;oublierez point nos besoins multipli\u00e9s. Croyez-moi dans les sentiments affectueux et bien sinc\u00e8res avec lesquels je suis et serai to jours, votre tr\u00e8s humble servante, Marie Antoinette Deleau. (R)<\/p>\n<p><b>1830<\/b>. \u00c0 Paris , Mgr de Qu\u00e9len adresse \u00e0 ses dioc\u00e9sains un mandement r\u00e9glant le c\u00e9r\u00e9monial de la translation des reliques de saint Vincent. C&rsquo;est aussi \u00e0 cette m\u00eame date que s&rsquo;ach\u00e8vent les travaux de la Commission d&rsquo;enqu\u00eate institu\u00e9e par l&rsquo;archev\u00eaque. Les interrogatoires \u00e9tant termin\u00e9s, la caisse transport\u00e9e le 30 mars de la rue du Bac aux salons de l&rsquo;Archev\u00each\u00e9, est enfin ouverte. Sous diverses enveloppes de toiles d\u00fbment scell\u00e9es, on d\u00e9couvre une attestation, en date du 10 f\u00e9vrier 1820, sign\u00e9e par M. Boujard, Vicaire g\u00e9n\u00e9ral de la Mission\u00a0; puis, sur un coussin de brocard d&rsquo;or, le squelette repli\u00e9 appara\u00eet. Les eccl\u00e9siastiques pr\u00e9sents examinent les autres proc\u00e8s-verbaux contenus dans la caisse, et les m\u00e9decins proc\u00e8dent \u00e0 la v\u00e9rification des reliques (1).<\/p>\n<p><b>1846<\/b>. Naissance \u00e0 Tierra-Amarilla d&rsquo;une des premi\u00e8res Soeurs chiliennes. Soeur Pinto, remarquable par son amour des Pauvres. (R)<\/p>\n<p><b>1920<\/b>. Dans la chapelle de la rue du Bac, le cardinal Amette pr\u00e9side une nouvelle ouverture du caveau de Louise de Marillac, en vue de la b\u00e9atification toute proche. Cette fois, les chirurgiens arrangent soigneusement le squelette\u00a0: c&rsquo;est lui qui, recouvert de v\u00eatements de soie et compl\u00e9t\u00e9 par un masque et des mains de cire, sera, \u00e0 partir du 22 juin de cette ann\u00e9e, expos\u00e9 \u00e0 la v\u00e9n\u00e9ration des fid\u00e8les, sous l&rsquo;autel d\u00e9di\u00e9 \u00e0 la bienheureuse Louise de Marillac (2).<\/p>\n<p><b>1921<\/b>. \u00c0 Vilna, en Pologne, \u00e0 la demande de l&rsquo;\u00e9v\u00eaque du lieu, les confr\u00e8res, en la personne de M. Constantin Witaszek, reprennent possession de la belle \u00e9glise Saint-Sauveur. Les missionnaires s&rsquo;\u00e9taient install\u00e9s \u00e0 Vilna d\u00e8s 1686 et y avaient fait un bien immense. En 1795, leur maison devint la Maison Centrale d&rsquo;une nouvelle province dont l&rsquo;existence \u00e9tait rendue n\u00e9cessaire par l&rsquo;occupation russe. Les maisons de Lithuanie, de Volhynie, de Podolie, de Ruth\u00e9nie-Blanche, de Courlande et de Livonie en d\u00e9pendaient. Mais, en 1842, le gouvernement russe ferma les \u00e9tablissements religieux et parla m\u00eame de d\u00e9truire l&rsquo;\u00e9glise Saint-Sauveur de Vilna\u00a0: c&rsquo;est sa beaut\u00e9 qui sauva l&rsquo;\u00e9difice, et trois missionnaires assimil\u00e9s au clerg\u00e9 dioc\u00e9sain en assur\u00e8rent le service jusqu&rsquo;en 1898, o\u00f9 l&rsquo;\u00e9glise et la paroisse furent confi\u00e9s aux pr\u00eatres s\u00e9culiers. En ce 5 avril 1921, la maison de Vilna rena\u00eet. Cinq Pr\u00eatres et deux Fr\u00e8res vont y reprendre les oeuvres vincentiennes (3). Elles traverseront le dur martyre de la guerre et de l&rsquo;occupation qui semblent \u00eatre d\u00e9cid\u00e9ment le destin de la brave Pologne, et maintiendront \u00e0 Vilna, devenue Wilno, la pr\u00e9sence de saint Vincent de Paul (4).<\/p>\n<dl>\n<dd>1) Vandamme. Le corps de saint Vincent de Paul , pp. 91 et 102 sq.<\/dd>\n<dd>2) Annales , t. 99, p. 478.<\/dd>\n<dd>3) Annales , t. 87, pp. 248-291.<\/dd>\n<dd>4) Catalogue C.M .. 1956.<\/dd>\n<\/dl>\n","protected":false},"excerpt":{"rendered":"<p>1792. En France , loi supprimant diverses Congr\u00e9gations religieuses. Trois jours apr\u00e8s, la M\u00e8re Deleau, Sup\u00e9rieure G\u00e9n\u00e9rale, envoie une circulaire \u00e0 toutes les Soeurs\u00a0: \u00ab\u00a0Je dois vous pr\u00e9venir que le Vendredi-Saint, 6 de ce mois, &#8230; <a href=\"https:\/\/vincentians.com\/fr\/ephemerides-06-avril\/\" class=\"more-link\">Read More<\/a><\/p>\n","protected":false},"author":4,"featured_media":149897,"comment_status":"open","ping_status":"open","sticky":false,"template":"","format":"standard","meta":{"jetpack_post_was_ever_published":false,"_jetpack_newsletter_access":"","_jetpack_dont_email_post_to_subs":false,"_jetpack_newsletter_tier_id":0,"_jetpack_memberships_contains_paywalled_content":false,"_jetpack_memberships_contains_paid_content":false,"footnotes":"","jetpack_publicize_message":"","jetpack_publicize_feature_enabled":true,"jetpack_social_post_already_shared":true,"jetpack_social_options":{"image_generator_settings":{"template":"highway","default_image_id":0,"font":"","enabled":false},"version":2}},"categories":[119],"tags":[],"class_list":["post-190414","post","type-post","status-publish","format-standard","has-post-thumbnail","hentry","category-ephemerides-vincentiens"],"yoast_head":"<!-- This site is optimized with the Yoast SEO plugin v26.3 - https:\/\/yoast.com\/wordpress\/plugins\/seo\/ -->\n<title>Eph\u00e9m\u00e9rides : 06 avril - Nous Sommes Vincentiens<\/title>\n<meta name=\"robots\" content=\"index, follow, max-snippet:-1, max-image-preview:large, max-video-preview:-1\" \/>\n<link rel=\"canonical\" href=\"http:\/\/vincentians.com\/fr\/ephemerides-06-avril\/\" \/>\n<meta property=\"og:locale\" content=\"fr_FR\" \/>\n<meta property=\"og:type\" content=\"article\" \/>\n<meta property=\"og:title\" content=\"Eph\u00e9m\u00e9rides : 06 avril - Nous Sommes Vincentiens\" \/>\n<meta property=\"og:description\" content=\"1792. En France , loi supprimant diverses Congr\u00e9gations religieuses. Trois jours apr\u00e8s, la M\u00e8re Deleau, Sup\u00e9rieure G\u00e9n\u00e9rale, envoie une circulaire \u00e0 toutes les Soeurs\u00a0: \u00ab\u00a0Je dois vous pr\u00e9venir que le Vendredi-Saint, 6 de ce mois, ... Read More\" \/>\n<meta property=\"og:url\" content=\"http:\/\/vincentians.com\/fr\/ephemerides-06-avril\/\" \/>\n<meta property=\"og:site_name\" content=\"Nous Sommes Vincentiens\" \/>\n<meta property=\"article:publisher\" content=\"https:\/\/www.facebook.com\/WeAreVincentians\/\" \/>\n<meta property=\"article:author\" content=\"https:\/\/www.facebook.com\/JavierChento\" \/>\n<meta property=\"article:published_time\" content=\"2017-04-05T22:01:17+00:00\" \/>\n<meta property=\"og:image\" content=\"https:\/\/i0.wp.com\/vincentians.com\/fr\/wp-content\/uploads\/sites\/10\/2016\/07\/ephemerides-fb.jpg?fit=1200%2C630\" \/>\n\t<meta property=\"og:image:width\" content=\"1200\" \/>\n\t<meta property=\"og:image:height\" content=\"630\" \/>\n\t<meta property=\"og:image:type\" content=\"image\/jpeg\" \/>\n<meta name=\"author\" content=\"Francisco Javier Fern\u00e1ndez Chento\" \/>\n<meta name=\"twitter:card\" content=\"summary_large_image\" \/>\n<meta name=\"twitter:creator\" content=\"@https:\/\/twitter.com\/javierchento\" \/>\n<meta name=\"twitter:site\" content=\"@WeVincentians\" \/>\n<meta name=\"twitter:label1\" content=\"\u00c9crit par\" \/>\n\t<meta name=\"twitter:data1\" content=\"Francisco Javier Fern\u00e1ndez Chento\" \/>\n\t<meta name=\"twitter:label2\" content=\"Dur\u00e9e de lecture estim\u00e9e\" \/>\n\t<meta name=\"twitter:data2\" content=\"4 minutes\" \/>\n<script type=\"application\/ld+json\" class=\"yoast-schema-graph\">{\"@context\":\"https:\/\/schema.org\",\"@graph\":[{\"@type\":\"WebPage\",\"@id\":\"http:\/\/vincentians.com\/fr\/ephemerides-06-avril\/\",\"url\":\"http:\/\/vincentians.com\/fr\/ephemerides-06-avril\/\",\"name\":\"Eph\u00e9m\u00e9rides : 06 avril - Nous Sommes Vincentiens\",\"isPartOf\":{\"@id\":\"https:\/\/vincentians.com\/fr\/#website\"},\"primaryImageOfPage\":{\"@id\":\"http:\/\/vincentians.com\/fr\/ephemerides-06-avril\/#primaryimage\"},\"image\":{\"@id\":\"http:\/\/vincentians.com\/fr\/ephemerides-06-avril\/#primaryimage\"},\"thumbnailUrl\":\"https:\/\/i0.wp.com\/vincentians.com\/fr\/wp-content\/uploads\/sites\/10\/2016\/07\/ephemerides-fb.jpg?fit=1200%2C630&ssl=1\",\"datePublished\":\"2017-04-05T22:01:17+00:00\",\"author\":{\"@id\":\"https:\/\/vincentians.com\/fr\/#\/schema\/person\/9623ef4d9aa3b2dfb8c061f1499288f2\"},\"breadcrumb\":{\"@id\":\"http:\/\/vincentians.com\/fr\/ephemerides-06-avril\/#breadcrumb\"},\"inLanguage\":\"fr-FR\",\"potentialAction\":[{\"@type\":\"ReadAction\",\"target\":[\"http:\/\/vincentians.com\/fr\/ephemerides-06-avril\/\"]}]},{\"@type\":\"ImageObject\",\"inLanguage\":\"fr-FR\",\"@id\":\"http:\/\/vincentians.com\/fr\/ephemerides-06-avril\/#primaryimage\",\"url\":\"https:\/\/i0.wp.com\/vincentians.com\/fr\/wp-content\/uploads\/sites\/10\/2016\/07\/ephemerides-fb.jpg?fit=1200%2C630&ssl=1\",\"contentUrl\":\"https:\/\/i0.wp.com\/vincentians.com\/fr\/wp-content\/uploads\/sites\/10\/2016\/07\/ephemerides-fb.jpg?fit=1200%2C630&ssl=1\",\"width\":1200,\"height\":630},{\"@type\":\"BreadcrumbList\",\"@id\":\"http:\/\/vincentians.com\/fr\/ephemerides-06-avril\/#breadcrumb\",\"itemListElement\":[{\"@type\":\"ListItem\",\"position\":1,\"name\":\"Portada\",\"item\":\"https:\/\/vincentians.com\/fr\/\"},{\"@type\":\"ListItem\",\"position\":2,\"name\":\"Eph\u00e9m\u00e9rides : 06 avril\"}]},{\"@type\":\"WebSite\",\"@id\":\"https:\/\/vincentians.com\/fr\/#website\",\"url\":\"https:\/\/vincentians.com\/fr\/\",\"name\":\"Nous Sommes Vincentiens\",\"description\":\"Know more to serve more\",\"potentialAction\":[{\"@type\":\"SearchAction\",\"target\":{\"@type\":\"EntryPoint\",\"urlTemplate\":\"https:\/\/vincentians.com\/fr\/?s={search_term_string}\"},\"query-input\":{\"@type\":\"PropertyValueSpecification\",\"valueRequired\":true,\"valueName\":\"search_term_string\"}}],\"inLanguage\":\"fr-FR\"},{\"@type\":\"Person\",\"@id\":\"https:\/\/vincentians.com\/fr\/#\/schema\/person\/9623ef4d9aa3b2dfb8c061f1499288f2\",\"name\":\"Francisco Javier Fern\u00e1ndez Chento\",\"image\":{\"@type\":\"ImageObject\",\"inLanguage\":\"fr-FR\",\"@id\":\"https:\/\/vincentians.com\/fr\/#\/schema\/person\/image\/\",\"url\":\"https:\/\/secure.gravatar.com\/avatar\/497d5cde87b4c3d097d0315953521681ba2cd523ee66e5077c3711f7021e65de?s=96&d=mm&r=g\",\"contentUrl\":\"https:\/\/secure.gravatar.com\/avatar\/497d5cde87b4c3d097d0315953521681ba2cd523ee66e5077c3711f7021e65de?s=96&d=mm&r=g\",\"caption\":\"Francisco Javier Fern\u00e1ndez Chento\"},\"description\":\"Director General y cofundador de La Red de Formaci\u00f3n Vicenciana. Javier es laico vicenciano, afiliado a la Congregaci\u00f3n de la Misi\u00f3n y miembro del Equipo de Misiones Populares de la provincia can\u00f3nica de Zaragoza (Espa\u00f1a) de la Congregaci\u00f3n de la Misi\u00f3n. Graduado en la Universidad Oberta de Catalunya con cuatro grados (Asistente de direcci\u00f3n, Gesti\u00f3n Administrativa, Recursos Humanos y Contabilidad Avanzada). Bil\u00edng\u00fce Espa\u00f1ol\/Ingl\u00e9s. gestiona y mantiene varias p\u00e1ginas web cristianas y vicencianas, incluida including La Red de Formaci\u00f3n Vicenciana, de la que es cofundador. Actualmente es responsable del \u00e1rea de Espa\u00f1ol de .famvin, la Red de Noticias de la Familia Vicenciana. Tambi\u00e9n es m\u00fasico cat\u00f3lico y ha editado varios discos. Es Director General y cofundador de Trovador, una reconocida compa\u00f1\u00eda discogr\u00e1fica critiana de Espa\u00f1a. Trabaja en las Tecnolog\u00edas de la Informaci\u00f3n, ofreciendo servicios de alojamiento, dise\u00f1o y mantenimiento Web, as\u00ed como asesoramiento, formaci\u00f3n y soluciones inform\u00e1ticas, gesti\u00f3n documental y digitalizaci\u00f3n de textos, edici\u00f3n y maquetaci\u00f3n de libros, revistas, flyers, etc.\",\"sameAs\":[\"http:\/\/chento.org\",\"https:\/\/www.facebook.com\/JavierChento\",\"https:\/\/x.com\/https:\/\/twitter.com\/javierchento\"],\"url\":\"https:\/\/vincentians.com\/fr\/author\/chento\/\"}]}<\/script>\n<!-- \/ Yoast SEO plugin. -->","yoast_head_json":{"title":"Eph\u00e9m\u00e9rides : 06 avril - Nous Sommes Vincentiens","robots":{"index":"index","follow":"follow","max-snippet":"max-snippet:-1","max-image-preview":"max-image-preview:large","max-video-preview":"max-video-preview:-1"},"canonical":"http:\/\/vincentians.com\/fr\/ephemerides-06-avril\/","og_locale":"fr_FR","og_type":"article","og_title":"Eph\u00e9m\u00e9rides : 06 avril - Nous Sommes Vincentiens","og_description":"1792. En France , loi supprimant diverses Congr\u00e9gations religieuses. Trois jours apr\u00e8s, la M\u00e8re Deleau, Sup\u00e9rieure G\u00e9n\u00e9rale, envoie une circulaire \u00e0 toutes les Soeurs\u00a0: \u00ab\u00a0Je dois vous pr\u00e9venir que le Vendredi-Saint, 6 de ce mois, ... Read More","og_url":"http:\/\/vincentians.com\/fr\/ephemerides-06-avril\/","og_site_name":"Nous Sommes Vincentiens","article_publisher":"https:\/\/www.facebook.com\/WeAreVincentians\/","article_author":"https:\/\/www.facebook.com\/JavierChento","article_published_time":"2017-04-05T22:01:17+00:00","og_image":[{"width":1200,"height":630,"url":"https:\/\/i0.wp.com\/vincentians.com\/fr\/wp-content\/uploads\/sites\/10\/2016\/07\/ephemerides-fb.jpg?fit=1200%2C630","type":"image\/jpeg"}],"author":"Francisco Javier Fern\u00e1ndez Chento","twitter_card":"summary_large_image","twitter_creator":"@https:\/\/twitter.com\/javierchento","twitter_site":"@WeVincentians","twitter_misc":{"\u00c9crit par":"Francisco Javier Fern\u00e1ndez Chento","Dur\u00e9e de lecture estim\u00e9e":"4 minutes"},"schema":{"@context":"https:\/\/schema.org","@graph":[{"@type":"WebPage","@id":"http:\/\/vincentians.com\/fr\/ephemerides-06-avril\/","url":"http:\/\/vincentians.com\/fr\/ephemerides-06-avril\/","name":"Eph\u00e9m\u00e9rides : 06 avril - Nous Sommes Vincentiens","isPartOf":{"@id":"https:\/\/vincentians.com\/fr\/#website"},"primaryImageOfPage":{"@id":"http:\/\/vincentians.com\/fr\/ephemerides-06-avril\/#primaryimage"},"image":{"@id":"http:\/\/vincentians.com\/fr\/ephemerides-06-avril\/#primaryimage"},"thumbnailUrl":"https:\/\/i0.wp.com\/vincentians.com\/fr\/wp-content\/uploads\/sites\/10\/2016\/07\/ephemerides-fb.jpg?fit=1200%2C630&ssl=1","datePublished":"2017-04-05T22:01:17+00:00","author":{"@id":"https:\/\/vincentians.com\/fr\/#\/schema\/person\/9623ef4d9aa3b2dfb8c061f1499288f2"},"breadcrumb":{"@id":"http:\/\/vincentians.com\/fr\/ephemerides-06-avril\/#breadcrumb"},"inLanguage":"fr-FR","potentialAction":[{"@type":"ReadAction","target":["http:\/\/vincentians.com\/fr\/ephemerides-06-avril\/"]}]},{"@type":"ImageObject","inLanguage":"fr-FR","@id":"http:\/\/vincentians.com\/fr\/ephemerides-06-avril\/#primaryimage","url":"https:\/\/i0.wp.com\/vincentians.com\/fr\/wp-content\/uploads\/sites\/10\/2016\/07\/ephemerides-fb.jpg?fit=1200%2C630&ssl=1","contentUrl":"https:\/\/i0.wp.com\/vincentians.com\/fr\/wp-content\/uploads\/sites\/10\/2016\/07\/ephemerides-fb.jpg?fit=1200%2C630&ssl=1","width":1200,"height":630},{"@type":"BreadcrumbList","@id":"http:\/\/vincentians.com\/fr\/ephemerides-06-avril\/#breadcrumb","itemListElement":[{"@type":"ListItem","position":1,"name":"Portada","item":"https:\/\/vincentians.com\/fr\/"},{"@type":"ListItem","position":2,"name":"Eph\u00e9m\u00e9rides : 06 avril"}]},{"@type":"WebSite","@id":"https:\/\/vincentians.com\/fr\/#website","url":"https:\/\/vincentians.com\/fr\/","name":"Nous Sommes Vincentiens","description":"Know more to serve more","potentialAction":[{"@type":"SearchAction","target":{"@type":"EntryPoint","urlTemplate":"https:\/\/vincentians.com\/fr\/?s={search_term_string}"},"query-input":{"@type":"PropertyValueSpecification","valueRequired":true,"valueName":"search_term_string"}}],"inLanguage":"fr-FR"},{"@type":"Person","@id":"https:\/\/vincentians.com\/fr\/#\/schema\/person\/9623ef4d9aa3b2dfb8c061f1499288f2","name":"Francisco Javier Fern\u00e1ndez Chento","image":{"@type":"ImageObject","inLanguage":"fr-FR","@id":"https:\/\/vincentians.com\/fr\/#\/schema\/person\/image\/","url":"https:\/\/secure.gravatar.com\/avatar\/497d5cde87b4c3d097d0315953521681ba2cd523ee66e5077c3711f7021e65de?s=96&d=mm&r=g","contentUrl":"https:\/\/secure.gravatar.com\/avatar\/497d5cde87b4c3d097d0315953521681ba2cd523ee66e5077c3711f7021e65de?s=96&d=mm&r=g","caption":"Francisco Javier Fern\u00e1ndez Chento"},"description":"Director General y cofundador de La Red de Formaci\u00f3n Vicenciana. Javier es laico vicenciano, afiliado a la Congregaci\u00f3n de la Misi\u00f3n y miembro del Equipo de Misiones Populares de la provincia can\u00f3nica de Zaragoza (Espa\u00f1a) de la Congregaci\u00f3n de la Misi\u00f3n. Graduado en la Universidad Oberta de Catalunya con cuatro grados (Asistente de direcci\u00f3n, Gesti\u00f3n Administrativa, Recursos Humanos y Contabilidad Avanzada). Bil\u00edng\u00fce Espa\u00f1ol\/Ingl\u00e9s. gestiona y mantiene varias p\u00e1ginas web cristianas y vicencianas, incluida including La Red de Formaci\u00f3n Vicenciana, de la que es cofundador. Actualmente es responsable del \u00e1rea de Espa\u00f1ol de .famvin, la Red de Noticias de la Familia Vicenciana. Tambi\u00e9n es m\u00fasico cat\u00f3lico y ha editado varios discos. Es Director General y cofundador de Trovador, una reconocida compa\u00f1\u00eda discogr\u00e1fica critiana de Espa\u00f1a. Trabaja en las Tecnolog\u00edas de la Informaci\u00f3n, ofreciendo servicios de alojamiento, dise\u00f1o y mantenimiento Web, as\u00ed como asesoramiento, formaci\u00f3n y soluciones inform\u00e1ticas, gesti\u00f3n documental y digitalizaci\u00f3n de textos, edici\u00f3n y maquetaci\u00f3n de libros, revistas, flyers, etc.","sameAs":["http:\/\/chento.org","https:\/\/www.facebook.com\/JavierChento","https:\/\/x.com\/https:\/\/twitter.com\/javierchento"],"url":"https:\/\/vincentians.com\/fr\/author\/chento\/"}]}},"jetpack_publicize_connections":[],"jetpack_featured_media_url":"https:\/\/i0.wp.com\/vincentians.com\/fr\/wp-content\/uploads\/sites\/10\/2016\/07\/ephemerides-fb.jpg?fit=1200%2C630&ssl=1","jetpack_sharing_enabled":true,"jetpack_shortlink":"https:\/\/wp.me\/p7ETMP-Nxc","jetpack-related-posts":[{"id":190399,"url":"https:\/\/vincentians.com\/fr\/ephemerides-11-avril\/","url_meta":{"origin":190414,"position":0},"title":"Eph\u00e9m\u00e9rides : 11 avril","author":"Francisco Javier Fern\u00e1ndez Chento","date":"11\/04\/2017","format":false,"excerpt":"1627. \u00c0 Montreuil , Monsieur Vincent r\u00e9dige le r\u00e8glement de la Confr\u00e9rie de la Charit\u00e9 pour cette localit\u00e9 qui, selon l'expression m\u00eame de l'acte, se trouve situ\u00e9e \u00absur le bois de Vincennes\u00bb. Comme, dans la paroisse, existait d\u00e9j\u00e0 la Confr\u00e9rie du Saint Nom de J\u00e9sus, Monsieur Vincent y unit la\u2026","rel":"","context":"Dans &quot;\u00c9ph\u00e9m\u00e9rides vincentiens&quot;","block_context":{"text":"\u00c9ph\u00e9m\u00e9rides vincentiens","link":"https:\/\/vincentians.com\/fr\/category\/ephemerides-vincentiens\/"},"img":{"alt_text":"","src":"https:\/\/i0.wp.com\/vincentians.com\/fr\/wp-content\/uploads\/sites\/10\/2016\/07\/ephemerides-fb.jpg?fit=1200%2C630&ssl=1&resize=350%2C200","width":350,"height":200,"srcset":"https:\/\/i0.wp.com\/vincentians.com\/fr\/wp-content\/uploads\/sites\/10\/2016\/07\/ephemerides-fb.jpg?fit=1200%2C630&ssl=1&resize=350%2C200 1x, https:\/\/i0.wp.com\/vincentians.com\/fr\/wp-content\/uploads\/sites\/10\/2016\/07\/ephemerides-fb.jpg?fit=1200%2C630&ssl=1&resize=525%2C300 1.5x, https:\/\/i0.wp.com\/vincentians.com\/fr\/wp-content\/uploads\/sites\/10\/2016\/07\/ephemerides-fb.jpg?fit=1200%2C630&ssl=1&resize=700%2C400 2x, https:\/\/i0.wp.com\/vincentians.com\/fr\/wp-content\/uploads\/sites\/10\/2016\/07\/ephemerides-fb.jpg?fit=1200%2C630&ssl=1&resize=1050%2C600 3x"},"classes":[]},{"id":104854,"url":"https:\/\/vincentians.com\/fr\/ephemerides-3-decembre\/","url_meta":{"origin":190414,"position":1},"title":"Eph\u00e9m\u00e9rides: 3 d\u00e9cembre","author":"Francisco Javier Fern\u00e1ndez Chento","date":"03\/12\/2016","format":false,"excerpt":"1817. \u00c0 Saint-Louis, aux Etats-Unis, Mgr Dubourg, \u00e9v\u00eaque de La Nouvelle-Orl\u00e9ans, autorise la Congr\u00e9gation de la Mission \u00e0 ouvrir, sous le patronage de saint Fran\u00e7ois-Xavier, un s\u00e9minaire interne. F\u00e9lix de Andreis est le directeur de cette premi\u00e8re maison de formation lazariste des Etats-Unis qui, aujourd\u2019hui comptent deux s\u00e9minaires internes\u00a0: l\u2019un\u2026","rel":"","context":"Dans &quot;\u00c9ph\u00e9m\u00e9rides vincentiens&quot;","block_context":{"text":"\u00c9ph\u00e9m\u00e9rides vincentiens","link":"https:\/\/vincentians.com\/fr\/category\/ephemerides-vincentiens\/"},"img":{"alt_text":"","src":"https:\/\/i0.wp.com\/vincentians.com\/fr\/wp-content\/uploads\/sites\/10\/2016\/07\/ephemerides-fb.jpg?fit=1200%2C630&ssl=1&resize=350%2C200","width":350,"height":200,"srcset":"https:\/\/i0.wp.com\/vincentians.com\/fr\/wp-content\/uploads\/sites\/10\/2016\/07\/ephemerides-fb.jpg?fit=1200%2C630&ssl=1&resize=350%2C200 1x, https:\/\/i0.wp.com\/vincentians.com\/fr\/wp-content\/uploads\/sites\/10\/2016\/07\/ephemerides-fb.jpg?fit=1200%2C630&ssl=1&resize=525%2C300 1.5x, https:\/\/i0.wp.com\/vincentians.com\/fr\/wp-content\/uploads\/sites\/10\/2016\/07\/ephemerides-fb.jpg?fit=1200%2C630&ssl=1&resize=700%2C400 2x, https:\/\/i0.wp.com\/vincentians.com\/fr\/wp-content\/uploads\/sites\/10\/2016\/07\/ephemerides-fb.jpg?fit=1200%2C630&ssl=1&resize=1050%2C600 3x"},"classes":[]},{"id":190577,"url":"https:\/\/vincentians.com\/fr\/ephemerides-05-juin\/","url_meta":{"origin":190414,"position":2},"title":"Eph\u00e9m\u00e9rides: 05 juin","author":"Francisco Javier Fern\u00e1ndez Chento","date":"05\/06\/2017","format":false,"excerpt":"1857. \u00c0 Nantes, le P. Etienne s'embarque \u00e0 destination du Portugal. Il est invit\u00e9 par l'imp\u00e9ratrice douairi\u00e8re du Br\u00e9sil, tante du roi de Portugal, \u00e0 venir \u00e0 Lisbonne pour y r\u00e9gler les d\u00e9tails de l'\u00e9tablissement des Filles de la Charit\u00e9 dans le Royaume. Au milieu du si\u00e8cle dernier, la province\u2026","rel":"","context":"Dans &quot;\u00c9ph\u00e9m\u00e9rides vincentiens&quot;","block_context":{"text":"\u00c9ph\u00e9m\u00e9rides vincentiens","link":"https:\/\/vincentians.com\/fr\/category\/ephemerides-vincentiens\/"},"img":{"alt_text":"","src":"https:\/\/i0.wp.com\/vincentians.com\/fr\/wp-content\/uploads\/sites\/10\/2016\/07\/ephemerides-fb.jpg?fit=1200%2C630&ssl=1&resize=350%2C200","width":350,"height":200,"srcset":"https:\/\/i0.wp.com\/vincentians.com\/fr\/wp-content\/uploads\/sites\/10\/2016\/07\/ephemerides-fb.jpg?fit=1200%2C630&ssl=1&resize=350%2C200 1x, https:\/\/i0.wp.com\/vincentians.com\/fr\/wp-content\/uploads\/sites\/10\/2016\/07\/ephemerides-fb.jpg?fit=1200%2C630&ssl=1&resize=525%2C300 1.5x, https:\/\/i0.wp.com\/vincentians.com\/fr\/wp-content\/uploads\/sites\/10\/2016\/07\/ephemerides-fb.jpg?fit=1200%2C630&ssl=1&resize=700%2C400 2x, https:\/\/i0.wp.com\/vincentians.com\/fr\/wp-content\/uploads\/sites\/10\/2016\/07\/ephemerides-fb.jpg?fit=1200%2C630&ssl=1&resize=1050%2C600 3x"},"classes":[]},{"id":190564,"url":"https:\/\/vincentians.com\/fr\/ephemerides-07-juin\/","url_meta":{"origin":190414,"position":3},"title":"Eph\u00e9m\u00e9rides: 07 juin","author":"Francisco Javier Fern\u00e1ndez Chento","date":"07\/06\/2017","format":false,"excerpt":"1627. \u00c0 Paris, l'approbation de la Congr\u00e9gation de la Mission par le roi ayant d\u00e9plu aux cur\u00e9s de la capitale, ceux-ci chargent leur syndic, Etienne Le Tonnelier, cur\u00e9 de Saint-Eustache, de pr\u00e9senter leurs revendications au Parlement, avant l'ent\u00e9rinement des Lettres royales. Les cur\u00e9s parisiens demandaient des garanties contre les empi\u00e8tements\u2026","rel":"","context":"Dans &quot;\u00c9ph\u00e9m\u00e9rides vincentiens&quot;","block_context":{"text":"\u00c9ph\u00e9m\u00e9rides vincentiens","link":"https:\/\/vincentians.com\/fr\/category\/ephemerides-vincentiens\/"},"img":{"alt_text":"","src":"https:\/\/i0.wp.com\/vincentians.com\/fr\/wp-content\/uploads\/sites\/10\/2016\/07\/ephemerides-fb.jpg?fit=1200%2C630&ssl=1&resize=350%2C200","width":350,"height":200,"srcset":"https:\/\/i0.wp.com\/vincentians.com\/fr\/wp-content\/uploads\/sites\/10\/2016\/07\/ephemerides-fb.jpg?fit=1200%2C630&ssl=1&resize=350%2C200 1x, https:\/\/i0.wp.com\/vincentians.com\/fr\/wp-content\/uploads\/sites\/10\/2016\/07\/ephemerides-fb.jpg?fit=1200%2C630&ssl=1&resize=525%2C300 1.5x, https:\/\/i0.wp.com\/vincentians.com\/fr\/wp-content\/uploads\/sites\/10\/2016\/07\/ephemerides-fb.jpg?fit=1200%2C630&ssl=1&resize=700%2C400 2x, https:\/\/i0.wp.com\/vincentians.com\/fr\/wp-content\/uploads\/sites\/10\/2016\/07\/ephemerides-fb.jpg?fit=1200%2C630&ssl=1&resize=1050%2C600 3x"},"classes":[]},{"id":180866,"url":"https:\/\/vincentians.com\/fr\/ephemerides-7-fevrier\/","url_meta":{"origin":190414,"position":4},"title":"Eph\u00e9m\u00e9rides: 7 f\u00e9vrier","author":"Francisco Javier Fern\u00e1ndez Chento","date":"07\/02\/2017","format":false,"excerpt":"En 1660, tr\u00e8s importante lettre de saint Vincent \u00e0 un missionnaire concernant la situation de la Compagnie\u00a0: \"Les Filles de la Charit\u00e9 ne sont pas religieuses mais des filles qui vont et viennent comme des s\u00e9culiers\u00a0: ce sont personnes de paroisses sous la conduite des Cur\u00e9s o\u00f9 elles sont \u00e9tablies\u00a0;\u2026","rel":"","context":"Dans &quot;\u00c9ph\u00e9m\u00e9rides vincentiens&quot;","block_context":{"text":"\u00c9ph\u00e9m\u00e9rides vincentiens","link":"https:\/\/vincentians.com\/fr\/category\/ephemerides-vincentiens\/"},"img":{"alt_text":"","src":"https:\/\/i0.wp.com\/vincentians.com\/fr\/wp-content\/uploads\/sites\/10\/2016\/07\/ephemerides-fb.jpg?fit=1200%2C630&ssl=1&resize=350%2C200","width":350,"height":200,"srcset":"https:\/\/i0.wp.com\/vincentians.com\/fr\/wp-content\/uploads\/sites\/10\/2016\/07\/ephemerides-fb.jpg?fit=1200%2C630&ssl=1&resize=350%2C200 1x, https:\/\/i0.wp.com\/vincentians.com\/fr\/wp-content\/uploads\/sites\/10\/2016\/07\/ephemerides-fb.jpg?fit=1200%2C630&ssl=1&resize=525%2C300 1.5x, https:\/\/i0.wp.com\/vincentians.com\/fr\/wp-content\/uploads\/sites\/10\/2016\/07\/ephemerides-fb.jpg?fit=1200%2C630&ssl=1&resize=700%2C400 2x, https:\/\/i0.wp.com\/vincentians.com\/fr\/wp-content\/uploads\/sites\/10\/2016\/07\/ephemerides-fb.jpg?fit=1200%2C630&ssl=1&resize=1050%2C600 3x"},"classes":[]},{"id":190400,"url":"https:\/\/vincentians.com\/fr\/ephemerides-09-avril\/","url_meta":{"origin":190414,"position":5},"title":"Eph\u00e9m\u00e9rides : 09 avril","author":"Francisco Javier Fern\u00e1ndez Chento","date":"09\/04\/2017","format":false,"excerpt":"1651. \u00c0 Paris , mort d'Adrien Le Bon, de l'Ordre des Chanoines r\u00e9guliers de Saint-Augustin et prieur de Saint-Lazare. Quand il vit que ce grand bienfaiteur de la petite Compagnie allait quitter cette terre, Monsieur Vincent r\u00e9unit autour du lit du malade tous les missionnaires de la maison et r\u00e9cita\u2026","rel":"","context":"Dans &quot;\u00c9ph\u00e9m\u00e9rides vincentiens&quot;","block_context":{"text":"\u00c9ph\u00e9m\u00e9rides vincentiens","link":"https:\/\/vincentians.com\/fr\/category\/ephemerides-vincentiens\/"},"img":{"alt_text":"","src":"https:\/\/i0.wp.com\/vincentians.com\/fr\/wp-content\/uploads\/sites\/10\/2016\/07\/ephemerides-fb.jpg?fit=1200%2C630&ssl=1&resize=350%2C200","width":350,"height":200,"srcset":"https:\/\/i0.wp.com\/vincentians.com\/fr\/wp-content\/uploads\/sites\/10\/2016\/07\/ephemerides-fb.jpg?fit=1200%2C630&ssl=1&resize=350%2C200 1x, https:\/\/i0.wp.com\/vincentians.com\/fr\/wp-content\/uploads\/sites\/10\/2016\/07\/ephemerides-fb.jpg?fit=1200%2C630&ssl=1&resize=525%2C300 1.5x, https:\/\/i0.wp.com\/vincentians.com\/fr\/wp-content\/uploads\/sites\/10\/2016\/07\/ephemerides-fb.jpg?fit=1200%2C630&ssl=1&resize=700%2C400 2x, https:\/\/i0.wp.com\/vincentians.com\/fr\/wp-content\/uploads\/sites\/10\/2016\/07\/ephemerides-fb.jpg?fit=1200%2C630&ssl=1&resize=1050%2C600 3x"},"classes":[]}],"_links":{"self":[{"href":"https:\/\/vincentians.com\/fr\/wp-json\/wp\/v2\/posts\/190414","targetHints":{"allow":["GET"]}}],"collection":[{"href":"https:\/\/vincentians.com\/fr\/wp-json\/wp\/v2\/posts"}],"about":[{"href":"https:\/\/vincentians.com\/fr\/wp-json\/wp\/v2\/types\/post"}],"author":[{"embeddable":true,"href":"https:\/\/vincentians.com\/fr\/wp-json\/wp\/v2\/users\/4"}],"replies":[{"embeddable":true,"href":"https:\/\/vincentians.com\/fr\/wp-json\/wp\/v2\/comments?post=190414"}],"version-history":[{"count":0,"href":"https:\/\/vincentians.com\/fr\/wp-json\/wp\/v2\/posts\/190414\/revisions"}],"wp:featuredmedia":[{"embeddable":true,"href":"https:\/\/vincentians.com\/fr\/wp-json\/wp\/v2\/media\/149897"}],"wp:attachment":[{"href":"https:\/\/vincentians.com\/fr\/wp-json\/wp\/v2\/media?parent=190414"}],"wp:term":[{"taxonomy":"category","embeddable":true,"href":"https:\/\/vincentians.com\/fr\/wp-json\/wp\/v2\/categories?post=190414"},{"taxonomy":"post_tag","embeddable":true,"href":"https:\/\/vincentians.com\/fr\/wp-json\/wp\/v2\/tags?post=190414"}],"curies":[{"name":"wp","href":"https:\/\/api.w.org\/{rel}","templated":true}]}}