{"id":190412,"date":"2017-04-10T00:01:17","date_gmt":"2017-04-09T22:01:17","guid":{"rendered":"http:\/\/vincentians.com\/fr\/?p=190412"},"modified":"2016-08-11T17:52:10","modified_gmt":"2016-08-11T15:52:10","slug":"ephemerides-10-avril","status":"publish","type":"post","link":"https:\/\/vincentians.com\/fr\/ephemerides-10-avril\/","title":{"rendered":"Eph\u00e9m\u00e9rides : 10 avril"},"content":{"rendered":"<p><b>1628<\/b>. Jean-Fran\u00e7ois de Gondy, archev\u00eaque de Paris, accorde aux Pr\u00eatres de la Mission la facult\u00e9 d&rsquo;exercer leur minist\u00e8re dans toutes les paroisses du dioc\u00e8se et d&rsquo;y \u00e9riger les Confr\u00e9ries de la Charit\u00e9 (1).<\/p>\n<p><b>1791<\/b>. Le Fran\u00e7ois-R\u00e9gis Clet part pour la Chine. Il arrivera \u00e0 Macao six mois plus tard.(R)<\/p>\n<p><b>1808<\/b>. De Paris , M. Hanon, vicaire g\u00e9n\u00e9ral, \u00e9crit au ministre de l&rsquo;Int\u00e9rieur\u00a0; il lui sugg\u00e8re, pour faciliter le r\u00e9tablissement de la Compagnie, de nous faire rentrer en possession des biens ayant appartenu \u00e0 \u00abla ci-devant Congr\u00e9gation\u00bb, et qui ne sont pas encore vendus. Cette requ\u00eate sera repouss\u00e9e (2).<\/p>\n<p><b>1830<\/b>. \u00c0 l&rsquo;archev\u00each\u00e9 de Paris , en pr\u00e9sence de l&rsquo;archidiacre de Sainte-Genevi\u00e8ve, de M. Salhorgne, sup\u00e9rieur g\u00e9n\u00e9ral de la Mission, de M. Boullangier, assistant, de M. \u00c9tienne, procureur g\u00e9n\u00e9ral, de M. Aladel, et de bien d&rsquo;autres personnalit\u00e9s, on proc\u00e8de \u00e0 la toilette du corps de saint Vincent. Parmi les nombreux et riches habillements dont le squelette est rev\u00eatu, il faut noter l&rsquo;\u00e9tole pastorale d&rsquo;\u00e9toffe d&rsquo;or offerte par l&rsquo;archev\u00eaque. Le crucifix que tiennent les mains de cire, \u2014 et qui est enrichi d&rsquo;une relique de la Vraie Croix, \u2014 serait le crucifix que saint Vincent aurait utilis\u00e9 pour exhorter Louis XIII mourant. Ce crucifix avait jusqu&rsquo;alors \u00e9t\u00e9 conserv\u00e9 au Tr\u00e9sor de Notre-Dame. Le chapitre m\u00e9tropolitain voulut qu&rsquo;il soit ainsi plac\u00e9 sur les restes pr\u00e9cieux du Saint de la Charit\u00e9. Le corps de saint Vincent est ensuite mis sur une estrade pour \u00eatre offert \u00e0 la v\u00e9n\u00e9ration de quelques personnes en attendant le jour solennel de sa translation (3).<\/p>\n<p><b>1871<\/b>. Dans la plupart des Maisons de Paris, on veut remplacer les Soeurs par des citoyennes. \u00c0 Reuilly, Soeur Tanguy, alors Directrice, voit arriver deux \u00ab\u00a0d\u00e9l\u00e9gu\u00e9es\u00a0\u00bb \u00e0 ceinture rouge. En l&rsquo;une d&rsquo;elles Soeur Ang\u00e9lique reconna\u00eet une de ses anciennes \u00e9l\u00e8ves\u00a0: \u00ab\u00a0Comment c&rsquo;est toi, citoyenne\u00a0? Tu acceptes cela\u00a0? Tu n&rsquo;as pas honte\u00a0\u00bb. Elle la laisse pourtant s&rsquo;installer au bureau, mais au moment o\u00f9 elle allait commencer, une enfant se l\u00e8ve\u00a0: \u00ab\u00a0Pardon, Madame, nous n&rsquo;avons pas fait la pri\u00e8re\u00a0\u00bb et toutes les autres fillettes de se mettre \u00e0 genoux\u00a0! M\u00eame succ\u00e8s au fourneau o\u00f9 se produit un tel tapage que les gardes eux-m\u00eames prient la Soeur de continuer la distribution&#8230; Pourtant les F\u00e9d\u00e9r\u00e9s demandent des M\u00e9dailles \u00e0 sainte Catherine. Celle-ci sera appel\u00e9e \u00e0 t\u00e9moigner devant leur tribunal sur la conduite d&rsquo;une \u00ab\u00a0citoyenne\u00a0\u00bb\u00a0: elle l&rsquo;excuse plut\u00f4t que de la desservir.(R)<\/p>\n<p><b>1896<\/b>. \u00c0 Buffalo, aux Etats-Unis, mort de Mgr \u00c9tienne Ryan. N\u00e9 dans le Canada sup\u00e9rieur, le 1er janvier 1825, il fit ses \u00e9tudes \u00e0 Saint-Charles de Philadelphie et entra dans la Congr\u00e9gation de la Mission en 1844. Professeur dans les coll\u00e8ges de Sainte-Marie et de Cape Girardeau, il devint sup\u00e9rieur de ce dernier \u00e9tablissement, et, en 1857, visiteur de la Province des Etats-Unis. En 1868, il fut pr\u00e9conis\u00e9 \u00e0 l&rsquo;\u00e9v\u00each\u00e9 de Buffalo. Son \u00e9piscopat fut marqu\u00e9 par un immense accroissement du nombre des \u00e9glises et des \u00e9coles dans son dioc\u00e8se, ainsi que par l&rsquo;augmentation du clerg\u00e9 s\u00e9culier et r\u00e9gulier. Mgr Ryan a fond\u00e9 un coll\u00e8ge, celui de Saint-Canisius , et un journal p\u00e9riodique. Il a construit une r\u00e9sidence \u00e9piscopale et la Maison de l&rsquo;Association Catholique des jeunes gens. Renomm\u00e9 comme pr\u00e9dicateur et comme th\u00e9ologien, Mgr Ryan eut souvent \u00e0 remplir d&rsquo;importantes missions \u00e0 l&rsquo;\u00e9tranger. L&rsquo;illustre cardinal Gibbons honorait de son amiti\u00e9 ce grand \u00e9v\u00eaque qui resta toujours tr\u00e8s attach\u00e9 \u00e0 la famille de saint Vincent dont il favorisa le bon renom parmi les dynamiques catholiques des Etats-Unis (4).<\/p>\n<p><b>1955<\/b>. Les Constitutions de 1954 sont envoy\u00e9es aux Maisons de la Compagnie. \u00ab\u00a0Apr\u00e8s la publication du Code actuel du Droit Canon, \u00e9crit le Tr\u00e8s Honor\u00e9 P\u00e8re, la Communaut\u00e9, se conformant \u00e0 l&rsquo;esprit de saint Vincent toujours si d\u00e9f\u00e9rent aux d\u00e9sirs du Saint-Si\u00e8ge a demand\u00e9 \u00e0 la Sacr\u00e9e Congr\u00e9gation d&rsquo;apporter (aux Constitutions et aux R\u00e8gles) toutes les modifications qu&rsquo;elle croirait n\u00e9cessaires et opportunes en raison de cette nouvelle codification\u00a0\u00bb. \u2014 \u00ab\u00a0La Congr\u00e9gation des Religieux, r\u00e9pond son Cardinal Pr\u00e9fet, les a m\u00fbrement et tr\u00e8s soigneusement examin\u00e9es et tout en maintenant pleinement intacte la structure particuli\u00e8re de la Compagnie a jug\u00e9 bon d&rsquo;y introduire quelques changements dans le but de rendre cette Compagnie des Filles de la Charit\u00e9, fond\u00e9e par saint Vincent de Paul, encore plus florissante et capable de moissonner une encore plus grande abondance de fruits et de m\u00e9rites\u00a0\u00bb.(R)<\/p>\n<dl>\n<dd>1) S.V. XIII, p. 217.<\/dd>\n<dd>2) Annales , t. 82, p. 960.<\/dd>\n<dd>3) Vandamme\u00a0: Le corps de saint Vincent de Paul , pp. 102-107.<\/dd>\n<dd>4) Annales , t. 61, pp. 391-392.<\/dd>\n<\/dl>\n","protected":false},"excerpt":{"rendered":"<p>1628. Jean-Fran\u00e7ois de Gondy, archev\u00eaque de Paris, accorde aux Pr\u00eatres de la Mission la facult\u00e9 d&rsquo;exercer leur minist\u00e8re dans toutes les paroisses du dioc\u00e8se et d&rsquo;y \u00e9riger les Confr\u00e9ries de la Charit\u00e9 (1). 1791. Le &#8230; <a href=\"https:\/\/vincentians.com\/fr\/ephemerides-10-avril\/\" class=\"more-link\">Read More<\/a><\/p>\n","protected":false},"author":4,"featured_media":149897,"comment_status":"open","ping_status":"open","sticky":false,"template":"","format":"standard","meta":{"jetpack_post_was_ever_published":false,"_jetpack_newsletter_access":"","_jetpack_dont_email_post_to_subs":false,"_jetpack_newsletter_tier_id":0,"_jetpack_memberships_contains_paywalled_content":false,"_jetpack_memberships_contains_paid_content":false,"footnotes":"","jetpack_publicize_message":"","jetpack_publicize_feature_enabled":true,"jetpack_social_post_already_shared":true,"jetpack_social_options":{"image_generator_settings":{"template":"highway","default_image_id":0,"font":"","enabled":false},"version":2}},"categories":[119],"tags":[],"class_list":["post-190412","post","type-post","status-publish","format-standard","has-post-thumbnail","hentry","category-ephemerides-vincentiens"],"yoast_head":"<!-- This site is optimized with the Yoast SEO plugin v26.3 - https:\/\/yoast.com\/wordpress\/plugins\/seo\/ -->\n<title>Eph\u00e9m\u00e9rides : 10 avril - Nous Sommes Vincentiens<\/title>\n<meta name=\"robots\" content=\"index, follow, max-snippet:-1, max-image-preview:large, max-video-preview:-1\" \/>\n<link rel=\"canonical\" href=\"https:\/\/vincentians.com\/fr\/ephemerides-10-avril\/\" \/>\n<meta property=\"og:locale\" content=\"fr_FR\" \/>\n<meta property=\"og:type\" content=\"article\" \/>\n<meta property=\"og:title\" content=\"Eph\u00e9m\u00e9rides : 10 avril - Nous Sommes Vincentiens\" \/>\n<meta property=\"og:description\" content=\"1628. Jean-Fran\u00e7ois de Gondy, archev\u00eaque de Paris, accorde aux Pr\u00eatres de la Mission la facult\u00e9 d&rsquo;exercer leur minist\u00e8re dans toutes les paroisses du dioc\u00e8se et d&rsquo;y \u00e9riger les Confr\u00e9ries de la Charit\u00e9 (1). 1791. Le ... Read More\" \/>\n<meta property=\"og:url\" content=\"https:\/\/vincentians.com\/fr\/ephemerides-10-avril\/\" \/>\n<meta property=\"og:site_name\" content=\"Nous Sommes Vincentiens\" \/>\n<meta property=\"article:publisher\" content=\"https:\/\/www.facebook.com\/WeAreVincentians\/\" \/>\n<meta property=\"article:author\" content=\"https:\/\/www.facebook.com\/JavierChento\" \/>\n<meta property=\"article:published_time\" content=\"2017-04-09T22:01:17+00:00\" \/>\n<meta property=\"og:image\" content=\"https:\/\/i0.wp.com\/vincentians.com\/fr\/wp-content\/uploads\/sites\/10\/2016\/07\/ephemerides-fb.jpg?fit=1200%2C630&ssl=1\" \/>\n\t<meta property=\"og:image:width\" content=\"1200\" \/>\n\t<meta property=\"og:image:height\" content=\"630\" \/>\n\t<meta property=\"og:image:type\" content=\"image\/jpeg\" \/>\n<meta name=\"author\" content=\"Francisco Javier Fern\u00e1ndez Chento\" \/>\n<meta name=\"twitter:card\" content=\"summary_large_image\" \/>\n<meta name=\"twitter:creator\" content=\"@https:\/\/twitter.com\/javierchento\" \/>\n<meta name=\"twitter:site\" content=\"@WeVincentians\" \/>\n<meta name=\"twitter:label1\" content=\"\u00c9crit par\" \/>\n\t<meta name=\"twitter:data1\" content=\"Francisco Javier Fern\u00e1ndez Chento\" \/>\n\t<meta name=\"twitter:label2\" content=\"Dur\u00e9e de lecture estim\u00e9e\" \/>\n\t<meta name=\"twitter:data2\" content=\"4 minutes\" \/>\n<script type=\"application\/ld+json\" class=\"yoast-schema-graph\">{\"@context\":\"https:\/\/schema.org\",\"@graph\":[{\"@type\":\"WebPage\",\"@id\":\"https:\/\/vincentians.com\/fr\/ephemerides-10-avril\/\",\"url\":\"https:\/\/vincentians.com\/fr\/ephemerides-10-avril\/\",\"name\":\"Eph\u00e9m\u00e9rides : 10 avril - Nous Sommes Vincentiens\",\"isPartOf\":{\"@id\":\"https:\/\/vincentians.com\/fr\/#website\"},\"primaryImageOfPage\":{\"@id\":\"https:\/\/vincentians.com\/fr\/ephemerides-10-avril\/#primaryimage\"},\"image\":{\"@id\":\"https:\/\/vincentians.com\/fr\/ephemerides-10-avril\/#primaryimage\"},\"thumbnailUrl\":\"https:\/\/i0.wp.com\/vincentians.com\/fr\/wp-content\/uploads\/sites\/10\/2016\/07\/ephemerides-fb.jpg?fit=1200%2C630&ssl=1\",\"datePublished\":\"2017-04-09T22:01:17+00:00\",\"author\":{\"@id\":\"https:\/\/vincentians.com\/fr\/#\/schema\/person\/9623ef4d9aa3b2dfb8c061f1499288f2\"},\"breadcrumb\":{\"@id\":\"https:\/\/vincentians.com\/fr\/ephemerides-10-avril\/#breadcrumb\"},\"inLanguage\":\"fr-FR\",\"potentialAction\":[{\"@type\":\"ReadAction\",\"target\":[\"https:\/\/vincentians.com\/fr\/ephemerides-10-avril\/\"]}]},{\"@type\":\"ImageObject\",\"inLanguage\":\"fr-FR\",\"@id\":\"https:\/\/vincentians.com\/fr\/ephemerides-10-avril\/#primaryimage\",\"url\":\"https:\/\/i0.wp.com\/vincentians.com\/fr\/wp-content\/uploads\/sites\/10\/2016\/07\/ephemerides-fb.jpg?fit=1200%2C630&ssl=1\",\"contentUrl\":\"https:\/\/i0.wp.com\/vincentians.com\/fr\/wp-content\/uploads\/sites\/10\/2016\/07\/ephemerides-fb.jpg?fit=1200%2C630&ssl=1\",\"width\":1200,\"height\":630},{\"@type\":\"BreadcrumbList\",\"@id\":\"https:\/\/vincentians.com\/fr\/ephemerides-10-avril\/#breadcrumb\",\"itemListElement\":[{\"@type\":\"ListItem\",\"position\":1,\"name\":\"Portada\",\"item\":\"https:\/\/vincentians.com\/fr\/\"},{\"@type\":\"ListItem\",\"position\":2,\"name\":\"Eph\u00e9m\u00e9rides : 10 avril\"}]},{\"@type\":\"WebSite\",\"@id\":\"https:\/\/vincentians.com\/fr\/#website\",\"url\":\"https:\/\/vincentians.com\/fr\/\",\"name\":\"Nous Sommes Vincentiens\",\"description\":\"Know more to serve more\",\"potentialAction\":[{\"@type\":\"SearchAction\",\"target\":{\"@type\":\"EntryPoint\",\"urlTemplate\":\"https:\/\/vincentians.com\/fr\/?s={search_term_string}\"},\"query-input\":{\"@type\":\"PropertyValueSpecification\",\"valueRequired\":true,\"valueName\":\"search_term_string\"}}],\"inLanguage\":\"fr-FR\"},{\"@type\":\"Person\",\"@id\":\"https:\/\/vincentians.com\/fr\/#\/schema\/person\/9623ef4d9aa3b2dfb8c061f1499288f2\",\"name\":\"Francisco Javier Fern\u00e1ndez Chento\",\"image\":{\"@type\":\"ImageObject\",\"inLanguage\":\"fr-FR\",\"@id\":\"https:\/\/vincentians.com\/fr\/#\/schema\/person\/image\/\",\"url\":\"https:\/\/secure.gravatar.com\/avatar\/497d5cde87b4c3d097d0315953521681ba2cd523ee66e5077c3711f7021e65de?s=96&d=mm&r=g\",\"contentUrl\":\"https:\/\/secure.gravatar.com\/avatar\/497d5cde87b4c3d097d0315953521681ba2cd523ee66e5077c3711f7021e65de?s=96&d=mm&r=g\",\"caption\":\"Francisco Javier Fern\u00e1ndez Chento\"},\"description\":\"Director General y cofundador de La Red de Formaci\u00f3n Vicenciana. Javier es laico vicenciano, afiliado a la Congregaci\u00f3n de la Misi\u00f3n y miembro del Equipo de Misiones Populares de la provincia can\u00f3nica de Zaragoza (Espa\u00f1a) de la Congregaci\u00f3n de la Misi\u00f3n. Graduado en la Universidad Oberta de Catalunya con cuatro grados (Asistente de direcci\u00f3n, Gesti\u00f3n Administrativa, Recursos Humanos y Contabilidad Avanzada). Bil\u00edng\u00fce Espa\u00f1ol\/Ingl\u00e9s. gestiona y mantiene varias p\u00e1ginas web cristianas y vicencianas, incluida including La Red de Formaci\u00f3n Vicenciana, de la que es cofundador. Actualmente es responsable del \u00e1rea de Espa\u00f1ol de .famvin, la Red de Noticias de la Familia Vicenciana. Tambi\u00e9n es m\u00fasico cat\u00f3lico y ha editado varios discos. Es Director General y cofundador de Trovador, una reconocida compa\u00f1\u00eda discogr\u00e1fica critiana de Espa\u00f1a. Trabaja en las Tecnolog\u00edas de la Informaci\u00f3n, ofreciendo servicios de alojamiento, dise\u00f1o y mantenimiento Web, as\u00ed como asesoramiento, formaci\u00f3n y soluciones inform\u00e1ticas, gesti\u00f3n documental y digitalizaci\u00f3n de textos, edici\u00f3n y maquetaci\u00f3n de libros, revistas, flyers, etc.\",\"sameAs\":[\"http:\/\/chento.org\",\"https:\/\/www.facebook.com\/JavierChento\",\"https:\/\/x.com\/https:\/\/twitter.com\/javierchento\"],\"url\":\"https:\/\/vincentians.com\/fr\/author\/chento\/\"}]}<\/script>\n<!-- \/ Yoast SEO plugin. -->","yoast_head_json":{"title":"Eph\u00e9m\u00e9rides : 10 avril - Nous Sommes Vincentiens","robots":{"index":"index","follow":"follow","max-snippet":"max-snippet:-1","max-image-preview":"max-image-preview:large","max-video-preview":"max-video-preview:-1"},"canonical":"https:\/\/vincentians.com\/fr\/ephemerides-10-avril\/","og_locale":"fr_FR","og_type":"article","og_title":"Eph\u00e9m\u00e9rides : 10 avril - Nous Sommes Vincentiens","og_description":"1628. Jean-Fran\u00e7ois de Gondy, archev\u00eaque de Paris, accorde aux Pr\u00eatres de la Mission la facult\u00e9 d&rsquo;exercer leur minist\u00e8re dans toutes les paroisses du dioc\u00e8se et d&rsquo;y \u00e9riger les Confr\u00e9ries de la Charit\u00e9 (1). 1791. Le ... Read More","og_url":"https:\/\/vincentians.com\/fr\/ephemerides-10-avril\/","og_site_name":"Nous Sommes Vincentiens","article_publisher":"https:\/\/www.facebook.com\/WeAreVincentians\/","article_author":"https:\/\/www.facebook.com\/JavierChento","article_published_time":"2017-04-09T22:01:17+00:00","og_image":[{"width":1200,"height":630,"url":"https:\/\/i0.wp.com\/vincentians.com\/fr\/wp-content\/uploads\/sites\/10\/2016\/07\/ephemerides-fb.jpg?fit=1200%2C630&ssl=1","type":"image\/jpeg"}],"author":"Francisco Javier Fern\u00e1ndez Chento","twitter_card":"summary_large_image","twitter_creator":"@https:\/\/twitter.com\/javierchento","twitter_site":"@WeVincentians","twitter_misc":{"\u00c9crit par":"Francisco Javier Fern\u00e1ndez Chento","Dur\u00e9e de lecture estim\u00e9e":"4 minutes"},"schema":{"@context":"https:\/\/schema.org","@graph":[{"@type":"WebPage","@id":"https:\/\/vincentians.com\/fr\/ephemerides-10-avril\/","url":"https:\/\/vincentians.com\/fr\/ephemerides-10-avril\/","name":"Eph\u00e9m\u00e9rides : 10 avril - Nous Sommes Vincentiens","isPartOf":{"@id":"https:\/\/vincentians.com\/fr\/#website"},"primaryImageOfPage":{"@id":"https:\/\/vincentians.com\/fr\/ephemerides-10-avril\/#primaryimage"},"image":{"@id":"https:\/\/vincentians.com\/fr\/ephemerides-10-avril\/#primaryimage"},"thumbnailUrl":"https:\/\/i0.wp.com\/vincentians.com\/fr\/wp-content\/uploads\/sites\/10\/2016\/07\/ephemerides-fb.jpg?fit=1200%2C630&ssl=1","datePublished":"2017-04-09T22:01:17+00:00","author":{"@id":"https:\/\/vincentians.com\/fr\/#\/schema\/person\/9623ef4d9aa3b2dfb8c061f1499288f2"},"breadcrumb":{"@id":"https:\/\/vincentians.com\/fr\/ephemerides-10-avril\/#breadcrumb"},"inLanguage":"fr-FR","potentialAction":[{"@type":"ReadAction","target":["https:\/\/vincentians.com\/fr\/ephemerides-10-avril\/"]}]},{"@type":"ImageObject","inLanguage":"fr-FR","@id":"https:\/\/vincentians.com\/fr\/ephemerides-10-avril\/#primaryimage","url":"https:\/\/i0.wp.com\/vincentians.com\/fr\/wp-content\/uploads\/sites\/10\/2016\/07\/ephemerides-fb.jpg?fit=1200%2C630&ssl=1","contentUrl":"https:\/\/i0.wp.com\/vincentians.com\/fr\/wp-content\/uploads\/sites\/10\/2016\/07\/ephemerides-fb.jpg?fit=1200%2C630&ssl=1","width":1200,"height":630},{"@type":"BreadcrumbList","@id":"https:\/\/vincentians.com\/fr\/ephemerides-10-avril\/#breadcrumb","itemListElement":[{"@type":"ListItem","position":1,"name":"Portada","item":"https:\/\/vincentians.com\/fr\/"},{"@type":"ListItem","position":2,"name":"Eph\u00e9m\u00e9rides : 10 avril"}]},{"@type":"WebSite","@id":"https:\/\/vincentians.com\/fr\/#website","url":"https:\/\/vincentians.com\/fr\/","name":"Nous Sommes Vincentiens","description":"Know more to serve more","potentialAction":[{"@type":"SearchAction","target":{"@type":"EntryPoint","urlTemplate":"https:\/\/vincentians.com\/fr\/?s={search_term_string}"},"query-input":{"@type":"PropertyValueSpecification","valueRequired":true,"valueName":"search_term_string"}}],"inLanguage":"fr-FR"},{"@type":"Person","@id":"https:\/\/vincentians.com\/fr\/#\/schema\/person\/9623ef4d9aa3b2dfb8c061f1499288f2","name":"Francisco Javier Fern\u00e1ndez Chento","image":{"@type":"ImageObject","inLanguage":"fr-FR","@id":"https:\/\/vincentians.com\/fr\/#\/schema\/person\/image\/","url":"https:\/\/secure.gravatar.com\/avatar\/497d5cde87b4c3d097d0315953521681ba2cd523ee66e5077c3711f7021e65de?s=96&d=mm&r=g","contentUrl":"https:\/\/secure.gravatar.com\/avatar\/497d5cde87b4c3d097d0315953521681ba2cd523ee66e5077c3711f7021e65de?s=96&d=mm&r=g","caption":"Francisco Javier Fern\u00e1ndez Chento"},"description":"Director General y cofundador de La Red de Formaci\u00f3n Vicenciana. Javier es laico vicenciano, afiliado a la Congregaci\u00f3n de la Misi\u00f3n y miembro del Equipo de Misiones Populares de la provincia can\u00f3nica de Zaragoza (Espa\u00f1a) de la Congregaci\u00f3n de la Misi\u00f3n. Graduado en la Universidad Oberta de Catalunya con cuatro grados (Asistente de direcci\u00f3n, Gesti\u00f3n Administrativa, Recursos Humanos y Contabilidad Avanzada). Bil\u00edng\u00fce Espa\u00f1ol\/Ingl\u00e9s. gestiona y mantiene varias p\u00e1ginas web cristianas y vicencianas, incluida including La Red de Formaci\u00f3n Vicenciana, de la que es cofundador. Actualmente es responsable del \u00e1rea de Espa\u00f1ol de .famvin, la Red de Noticias de la Familia Vicenciana. Tambi\u00e9n es m\u00fasico cat\u00f3lico y ha editado varios discos. Es Director General y cofundador de Trovador, una reconocida compa\u00f1\u00eda discogr\u00e1fica critiana de Espa\u00f1a. Trabaja en las Tecnolog\u00edas de la Informaci\u00f3n, ofreciendo servicios de alojamiento, dise\u00f1o y mantenimiento Web, as\u00ed como asesoramiento, formaci\u00f3n y soluciones inform\u00e1ticas, gesti\u00f3n documental y digitalizaci\u00f3n de textos, edici\u00f3n y maquetaci\u00f3n de libros, revistas, flyers, etc.","sameAs":["http:\/\/chento.org","https:\/\/www.facebook.com\/JavierChento","https:\/\/x.com\/https:\/\/twitter.com\/javierchento"],"url":"https:\/\/vincentians.com\/fr\/author\/chento\/"}]}},"jetpack_publicize_connections":[],"jetpack_featured_media_url":"https:\/\/i0.wp.com\/vincentians.com\/fr\/wp-content\/uploads\/sites\/10\/2016\/07\/ephemerides-fb.jpg?fit=1200%2C630&ssl=1","jetpack_sharing_enabled":true,"jetpack_shortlink":"https:\/\/wp.me\/p7ETMP-Nxa","jetpack-related-posts":[{"id":190339,"url":"https:\/\/vincentians.com\/fr\/ephemerides-20-mars\/","url_meta":{"origin":190412,"position":0},"title":"Eph\u00e9m\u00e9rides : 20 mars","author":"Francisco Javier Fern\u00e1ndez Chento","date":"20\/03\/2017","format":false,"excerpt":"1638. Au village de Sancey , pr\u00e8s de Troyes, s'installent quatre Pr\u00eatres d la Mission (1). 1784. \u00c0 Brest , MM. Raux et Ghislain, ainsi que le Fr\u00e8re Joseph Paris, s'embarquent sur le Triton. Ils vont \u00e0 P\u00e9kin remplacer les J\u00e9suites dont la Compagnie a \u00e9t\u00e9 dissoute. Le Gouvernement du\u2026","rel":"","context":"Dans &quot;\u00c9ph\u00e9m\u00e9rides vincentiens&quot;","block_context":{"text":"\u00c9ph\u00e9m\u00e9rides vincentiens","link":"https:\/\/vincentians.com\/fr\/category\/ephemerides-vincentiens\/"},"img":{"alt_text":"","src":"https:\/\/i0.wp.com\/vincentians.com\/fr\/wp-content\/uploads\/sites\/10\/2016\/07\/ephemerides-fb.jpg?fit=1200%2C630&ssl=1&resize=350%2C200","width":350,"height":200,"srcset":"https:\/\/i0.wp.com\/vincentians.com\/fr\/wp-content\/uploads\/sites\/10\/2016\/07\/ephemerides-fb.jpg?fit=1200%2C630&ssl=1&resize=350%2C200 1x, https:\/\/i0.wp.com\/vincentians.com\/fr\/wp-content\/uploads\/sites\/10\/2016\/07\/ephemerides-fb.jpg?fit=1200%2C630&ssl=1&resize=525%2C300 1.5x, https:\/\/i0.wp.com\/vincentians.com\/fr\/wp-content\/uploads\/sites\/10\/2016\/07\/ephemerides-fb.jpg?fit=1200%2C630&ssl=1&resize=700%2C400 2x, https:\/\/i0.wp.com\/vincentians.com\/fr\/wp-content\/uploads\/sites\/10\/2016\/07\/ephemerides-fb.jpg?fit=1200%2C630&ssl=1&resize=1050%2C600 3x"},"classes":[]},{"id":190565,"url":"https:\/\/vincentians.com\/fr\/ephemerides-08-juin\/","url_meta":{"origin":190412,"position":1},"title":"Eph\u00e9m\u00e9rides: 08 juin","author":"Francisco Javier Fern\u00e1ndez Chento","date":"08\/06\/2017","format":false,"excerpt":"1627. \u00c0 Paris, apr\u00e8s enqu\u00eate pr\u00e9alable confi\u00e9e \u00e0 Denis Leblanc, vicaire g\u00e9n\u00e9ral, l'archev\u00eaque, Jean-Fran\u00e7ois de Gondi signe le d\u00e9cret d'union du Coll\u00e8ge des Bons Enfants, biens et charges compris, \u00e0 la Congr\u00e9gation de la Mission (1). 1668. \u00c0 Paris, \u00e0 la requ\u00eate de la Sup\u00e9rieure, des offici\u00e8res et de toute\u2026","rel":"","context":"Dans &quot;\u00c9ph\u00e9m\u00e9rides vincentiens&quot;","block_context":{"text":"\u00c9ph\u00e9m\u00e9rides vincentiens","link":"https:\/\/vincentians.com\/fr\/category\/ephemerides-vincentiens\/"},"img":{"alt_text":"","src":"https:\/\/i0.wp.com\/vincentians.com\/fr\/wp-content\/uploads\/sites\/10\/2016\/07\/ephemerides-fb.jpg?fit=1200%2C630&ssl=1&resize=350%2C200","width":350,"height":200,"srcset":"https:\/\/i0.wp.com\/vincentians.com\/fr\/wp-content\/uploads\/sites\/10\/2016\/07\/ephemerides-fb.jpg?fit=1200%2C630&ssl=1&resize=350%2C200 1x, https:\/\/i0.wp.com\/vincentians.com\/fr\/wp-content\/uploads\/sites\/10\/2016\/07\/ephemerides-fb.jpg?fit=1200%2C630&ssl=1&resize=525%2C300 1.5x, https:\/\/i0.wp.com\/vincentians.com\/fr\/wp-content\/uploads\/sites\/10\/2016\/07\/ephemerides-fb.jpg?fit=1200%2C630&ssl=1&resize=700%2C400 2x, https:\/\/i0.wp.com\/vincentians.com\/fr\/wp-content\/uploads\/sites\/10\/2016\/07\/ephemerides-fb.jpg?fit=1200%2C630&ssl=1&resize=1050%2C600 3x"},"classes":[]},{"id":104146,"url":"https:\/\/vincentians.com\/fr\/ephemerides-13-novembre\/","url_meta":{"origin":190412,"position":2},"title":"Eph\u00e9m\u00e9rides: 13 novembre","author":"Francisco Javier Fern\u00e1ndez Chento","date":"13\/11\/2016","format":false,"excerpt":"1646. \u00c0 Paris, Edme Jolly est re\u00e7u au s\u00e9minaire interne. Il a vingt-quatre ans (1). 1686. Anne-Louise d\u2019Orl\u00e9ans, duchesse de Montpensier, signe le contrat pour les Filles de la Charit\u00e9 \u00e9tablies \u00e0 l\u2019h\u00f4pital Saint-Louis de Criel depuis le 6 mars 1685. S\u0153ur Jeanne Tardif est la premi\u00e8re S\u0153ur Servante. En\u2026","rel":"","context":"Dans &quot;\u00c9ph\u00e9m\u00e9rides vincentiens&quot;","block_context":{"text":"\u00c9ph\u00e9m\u00e9rides vincentiens","link":"https:\/\/vincentians.com\/fr\/category\/ephemerides-vincentiens\/"},"img":{"alt_text":"","src":"https:\/\/i0.wp.com\/vincentians.com\/fr\/wp-content\/uploads\/sites\/10\/2016\/07\/ephemerides-fb.jpg?fit=1200%2C630&ssl=1&resize=350%2C200","width":350,"height":200,"srcset":"https:\/\/i0.wp.com\/vincentians.com\/fr\/wp-content\/uploads\/sites\/10\/2016\/07\/ephemerides-fb.jpg?fit=1200%2C630&ssl=1&resize=350%2C200 1x, https:\/\/i0.wp.com\/vincentians.com\/fr\/wp-content\/uploads\/sites\/10\/2016\/07\/ephemerides-fb.jpg?fit=1200%2C630&ssl=1&resize=525%2C300 1.5x, https:\/\/i0.wp.com\/vincentians.com\/fr\/wp-content\/uploads\/sites\/10\/2016\/07\/ephemerides-fb.jpg?fit=1200%2C630&ssl=1&resize=700%2C400 2x, https:\/\/i0.wp.com\/vincentians.com\/fr\/wp-content\/uploads\/sites\/10\/2016\/07\/ephemerides-fb.jpg?fit=1200%2C630&ssl=1&resize=1050%2C600 3x"},"classes":[]},{"id":190569,"url":"https:\/\/vincentians.com\/fr\/ephemerides-23-juin\/","url_meta":{"origin":190412,"position":3},"title":"Eph\u00e9m\u00e9rides: 23 juin","author":"Francisco Javier Fern\u00e1ndez Chento","date":"23\/06\/2017","format":false,"excerpt":"1604. \u00c0 l'\u00e2ge de 24 ans, Fran\u00e7oise-Marguerite de Silly \u00e9pousait le G\u00e9n\u00e9ral des Gal\u00e8res, Philippe-Enimanuel de Gondi\u00a0; et les fils qui naquirent de leur union furent la raison des premi\u00e8res relations de Monsieur Vincent avec Mme de Gondi. Cette m\u00e8re selon le c\u0153ur de Dieu disait\u00a0: \u00abJe souhaite bien plus\u2026","rel":"","context":"Dans &quot;\u00c9ph\u00e9m\u00e9rides vincentiens&quot;","block_context":{"text":"\u00c9ph\u00e9m\u00e9rides vincentiens","link":"https:\/\/vincentians.com\/fr\/category\/ephemerides-vincentiens\/"},"img":{"alt_text":"","src":"https:\/\/i0.wp.com\/vincentians.com\/fr\/wp-content\/uploads\/sites\/10\/2016\/07\/ephemerides-fb.jpg?fit=1200%2C630&ssl=1&resize=350%2C200","width":350,"height":200,"srcset":"https:\/\/i0.wp.com\/vincentians.com\/fr\/wp-content\/uploads\/sites\/10\/2016\/07\/ephemerides-fb.jpg?fit=1200%2C630&ssl=1&resize=350%2C200 1x, https:\/\/i0.wp.com\/vincentians.com\/fr\/wp-content\/uploads\/sites\/10\/2016\/07\/ephemerides-fb.jpg?fit=1200%2C630&ssl=1&resize=525%2C300 1.5x, https:\/\/i0.wp.com\/vincentians.com\/fr\/wp-content\/uploads\/sites\/10\/2016\/07\/ephemerides-fb.jpg?fit=1200%2C630&ssl=1&resize=700%2C400 2x, https:\/\/i0.wp.com\/vincentians.com\/fr\/wp-content\/uploads\/sites\/10\/2016\/07\/ephemerides-fb.jpg?fit=1200%2C630&ssl=1&resize=1050%2C600 3x"},"classes":[]},{"id":190182,"url":"https:\/\/vincentians.com\/fr\/ephemerides-22-septembre\/","url_meta":{"origin":190412,"position":4},"title":"Eph\u00e9m\u00e9rides : 22 septembre","author":"Francisco Javier Fern\u00e1ndez Chento","date":"22\/09\/2016","format":false,"excerpt":"1623. \u00c0 Paris, l\u2019archev\u00eaque Jean-Fran\u00e7ois de Gondi, donne \u00e0 Monsieur Vincent l\u2019autorisation d\u2019\u00e9tablir la Confr\u00e9rie de la Charit\u00e9 \u00e0 Clichy, dont il est devenu le cur\u00e9 onze ails auparavant. Apr\u00e8s un an de r\u00e9sidence effective, il a d\u00fb, \u00e0 son grand regret et sur les conseils de M. de B\u00e9rulle,\u2026","rel":"","context":"Dans &quot;\u00c9ph\u00e9m\u00e9rides vincentiens&quot;","block_context":{"text":"\u00c9ph\u00e9m\u00e9rides vincentiens","link":"https:\/\/vincentians.com\/fr\/category\/ephemerides-vincentiens\/"},"img":{"alt_text":"","src":"https:\/\/i0.wp.com\/vincentians.com\/fr\/wp-content\/uploads\/sites\/10\/2016\/07\/ephemerides-fb.jpg?fit=1200%2C630&ssl=1&resize=350%2C200","width":350,"height":200,"srcset":"https:\/\/i0.wp.com\/vincentians.com\/fr\/wp-content\/uploads\/sites\/10\/2016\/07\/ephemerides-fb.jpg?fit=1200%2C630&ssl=1&resize=350%2C200 1x, https:\/\/i0.wp.com\/vincentians.com\/fr\/wp-content\/uploads\/sites\/10\/2016\/07\/ephemerides-fb.jpg?fit=1200%2C630&ssl=1&resize=525%2C300 1.5x, https:\/\/i0.wp.com\/vincentians.com\/fr\/wp-content\/uploads\/sites\/10\/2016\/07\/ephemerides-fb.jpg?fit=1200%2C630&ssl=1&resize=700%2C400 2x, https:\/\/i0.wp.com\/vincentians.com\/fr\/wp-content\/uploads\/sites\/10\/2016\/07\/ephemerides-fb.jpg?fit=1200%2C630&ssl=1&resize=1050%2C600 3x"},"classes":[]},{"id":106433,"url":"https:\/\/vincentians.com\/fr\/ephemerides-18-mai\/","url_meta":{"origin":190412,"position":5},"title":"Eph\u00e9m\u00e9rides: 18 mai","author":"Francisco Javier Fern\u00e1ndez Chento","date":"18\/05\/2017","format":false,"excerpt":"En 1705, \u00e0 Casale, dans l'actuelle province lazariste de Turin, Fran\u00e7ois Baly, - un bon chanoine qui deviendra archev\u00eaque de M\u00e9lit\u00e9ne, - donne l'une de ses maisons et un jardin pour que les Pr\u00eatres de la Mission puissent s'\u00e9tablir. Il vient ainsi au secours de notre confr\u00e8re, M. Pierre Dona,\u2026","rel":"","context":"Dans &quot;\u00c9ph\u00e9m\u00e9rides vincentiens&quot;","block_context":{"text":"\u00c9ph\u00e9m\u00e9rides vincentiens","link":"https:\/\/vincentians.com\/fr\/category\/ephemerides-vincentiens\/"},"img":{"alt_text":"","src":"https:\/\/i0.wp.com\/vincentians.com\/fr\/wp-content\/uploads\/sites\/10\/2016\/07\/ephemerides-fb.jpg?fit=1200%2C630&ssl=1&resize=350%2C200","width":350,"height":200,"srcset":"https:\/\/i0.wp.com\/vincentians.com\/fr\/wp-content\/uploads\/sites\/10\/2016\/07\/ephemerides-fb.jpg?fit=1200%2C630&ssl=1&resize=350%2C200 1x, https:\/\/i0.wp.com\/vincentians.com\/fr\/wp-content\/uploads\/sites\/10\/2016\/07\/ephemerides-fb.jpg?fit=1200%2C630&ssl=1&resize=525%2C300 1.5x, https:\/\/i0.wp.com\/vincentians.com\/fr\/wp-content\/uploads\/sites\/10\/2016\/07\/ephemerides-fb.jpg?fit=1200%2C630&ssl=1&resize=700%2C400 2x, https:\/\/i0.wp.com\/vincentians.com\/fr\/wp-content\/uploads\/sites\/10\/2016\/07\/ephemerides-fb.jpg?fit=1200%2C630&ssl=1&resize=1050%2C600 3x"},"classes":[]}],"_links":{"self":[{"href":"https:\/\/vincentians.com\/fr\/wp-json\/wp\/v2\/posts\/190412","targetHints":{"allow":["GET"]}}],"collection":[{"href":"https:\/\/vincentians.com\/fr\/wp-json\/wp\/v2\/posts"}],"about":[{"href":"https:\/\/vincentians.com\/fr\/wp-json\/wp\/v2\/types\/post"}],"author":[{"embeddable":true,"href":"https:\/\/vincentians.com\/fr\/wp-json\/wp\/v2\/users\/4"}],"replies":[{"embeddable":true,"href":"https:\/\/vincentians.com\/fr\/wp-json\/wp\/v2\/comments?post=190412"}],"version-history":[{"count":0,"href":"https:\/\/vincentians.com\/fr\/wp-json\/wp\/v2\/posts\/190412\/revisions"}],"wp:featuredmedia":[{"embeddable":true,"href":"https:\/\/vincentians.com\/fr\/wp-json\/wp\/v2\/media\/149897"}],"wp:attachment":[{"href":"https:\/\/vincentians.com\/fr\/wp-json\/wp\/v2\/media?parent=190412"}],"wp:term":[{"taxonomy":"category","embeddable":true,"href":"https:\/\/vincentians.com\/fr\/wp-json\/wp\/v2\/categories?post=190412"},{"taxonomy":"post_tag","embeddable":true,"href":"https:\/\/vincentians.com\/fr\/wp-json\/wp\/v2\/tags?post=190412"}],"curies":[{"name":"wp","href":"https:\/\/api.w.org\/{rel}","templated":true}]}}