{"id":190411,"date":"2017-04-12T00:01:17","date_gmt":"2017-04-11T22:01:17","guid":{"rendered":"http:\/\/vincentians.com\/fr\/?p=190411"},"modified":"2016-08-11T17:53:23","modified_gmt":"2016-08-11T15:53:23","slug":"ephemerides-12-avril","status":"publish","type":"post","link":"https:\/\/vincentians.com\/fr\/ephemerides-12-avril\/","title":{"rendered":"Eph\u00e9m\u00e9rides : 12 avril"},"content":{"rendered":"<p><b>1641<\/b>. \u00c0 Meaux, l&rsquo;\u00e9v\u00eaque, Dominique S\u00e9guier, approuve l&rsquo;\u00e9tablissement des Pr\u00eatres de la Mission \u00e0 Cr\u00e9cy-en- Brie . C&rsquo;est M. de Lorthon, conseiller et secr\u00e9taire du Roi, qui, sous le nom de Louis XIII, fait cette fondation. Le Roi donne aux Missionnaires le ch\u00e2teau et des rentes; mais il devra y avoir \u00e0 Cr\u00e9cy huit pr\u00eatres et deux fr\u00e8res. Leur r\u00f4le sera de pr\u00eacher des missions dans le dioc\u00e8se de Meaux. En fait, comme certaines clauses financi\u00e8res ne furent pas tenues, Monsieur Vincent n&rsquo;envoya \u00e0 Cr\u00e9cy que trois Missionnaires et un fr\u00e8re. Par la faute de M. de Lorthon, cette maison apportera \u00e0 notre bienheureux P\u00e8re quelques soucis suppl\u00e9mentaires, et c&rsquo;est seulement apr\u00e8s la mort de Monsieur Vincent que nos confr\u00e8res pourront, mais alors jusqu&rsquo;\u00e0 la R\u00e9volution, \u00e9vang\u00e9liser \u00e0 plein les villages du dioc\u00e8se de Meaux (1).<\/p>\n<p><b>1871<\/b>. \u00c0 Paris, les perquisitions continuent dans les Maisons religieuses. Les Soeurs de Montrouge doivent quitter la leur\u00a0; \u00e9galement celles de la rue de la Tombe-Issoire\u00a0: \u00ab\u00a0Nos Soeurs, dit la relation, se comportent bravement. Elles attendent de pied ferme qu&rsquo;on les mette dehors, et le coeur bien gros, sans rien laisser para\u00eetre, elles s&rsquo;en vont \u00e0 la Maison-M\u00e8re ou dans quelqu&rsquo;autre maison, attendant le moment de s&#8217;embarquer \u00e0 la gare du Nord\u00a0\u00bb, pour les Maisons o\u00f9 elles sont attendues.(R)<\/p>\n<p><b>1891<\/b>. \u00c0 l&rsquo;h\u00f4pital de Constantinople , mort de M. Antoine Heurteux, pr\u00e9fet apostolique et visiteur de la Province de Constantinople. Sa longue vie de quatre-vingt-deux ans s&rsquo;inaugura dans un petit village du dioc\u00e8se d&rsquo;Amiens et dans une tr\u00e8s modeste famille. Ce n&rsquo;est qu&rsquo;\u00e0 l&rsquo;\u00e2ge de dix-neuf ans, au cours d&rsquo;une mission pr\u00each\u00e9e par les confr\u00e8res, qu&rsquo;Antoine Heurteux se sent effleur\u00e9 par l&rsquo;id\u00e9e de la vocation sacerdotale. Il r\u00e9fl\u00e9chit et entre au Grand s\u00e9minaire d&rsquo;Amiens\u00a0; il r\u00e9fl\u00e9chit encore et entre \u00e0 la Mission le 22 octobre 1837. Dans le culte le plus vrai de la R\u00e8gle, il s&rsquo;achemine vers l&rsquo;ordination sacerdotale que lui conf\u00e8re Mgr Affre. Et tout de suite il s&rsquo;en va vers le Proche-Orient o\u00f9 se d\u00e9roulera son demi-si\u00e8cle de minist\u00e8re apostolique. Quelques noms de lieux donnent leurs titres aux chapitres de cette vie\u00a0: Naxie , Smyrne , et voil\u00e0 neuf ann\u00e9es de professorat. Naxie , Santorin , Alexandrie , et voil\u00e0 vingt-quatre ans de sup\u00e9riorit\u00e9 durant lesquels M. Heurteux fait preuve de sagesse et de prudence. Puis il retourne vers l&rsquo;ingrate mission de Naxie , revient gouverner encore pendant trois ans le coll\u00e8ge du Sacr\u00e9-Coeur \u00e0 Smyrne\u00a0; et, en 1881, il est d\u00e9sign\u00e9 pour succ\u00e9der \u00e0 M. Salvayre, comme visiteur avec le titre de pr\u00e9fet apostolique que Rome accordait au visiteur de la Province de Constantinople. Apr\u00e8s avoir vainement tent\u00e9 d&rsquo;\u00e9chapper \u00e0 cette charge, M. Heurteux s&rsquo;y consacre courageusement, ne tenant aucun compte de son grand \u00e2ge pour s&rsquo;exempter des rudes fatigues inh\u00e9rentes au travail lui-m\u00eame, aux lieux et \u00e0 l&rsquo;\u00e9poque. M. Antoine Heurteux a laiss\u00e9 une r\u00e9putation de saintet\u00e9. Il ne poss\u00e9dait pas ces brillantes qualit\u00e9s qui peuvent \u00eatre les bases plus ou moins solides du prestige humain\u00a0; mais il se valorisa et valorisa les oeuvres qu&rsquo;il eut \u00e0 g\u00e9rer, parce qu&rsquo;il eut la logique de sa vocation\u00a0: ayant choisi la famille de saint Vincent, il se fit l&rsquo;imitateur de saint Vincent\u00a0; et avec une \u00e9mouvante sinc\u00e9rit\u00e9, \u2014 la sinc\u00e9rit\u00e9 des saints authentiques, \u2014 il a surtout reproduit l&rsquo;humilit\u00e9 de notre Bienheureux P\u00e8re (2).<\/p>\n<p><b>1942<\/b>. Cracovie. M. Kowolck est arr\u00eat\u00e9 \u00e0 Stradom puis apr\u00e8s deux mois de concentration \u00e0 Cracovie &#8211; KL Plaszow, il est d\u00e9port\u00e9 \u00e0 KL Auschwitz, KL Mathausen, KL Gusen et enfin \u00e0 KL Dachau le 1er d\u00e9cembre 1944. (R)<\/p>\n<p><b>1946<\/b>. M. Robert, Vicaire g\u00e9n\u00e9ral dans un rapport \u00e0 la Congr\u00e9gation des Religieux au sujet de la d\u00e9pendance de la Compagnie des Filles de la Charit\u00e9 vis-\u00e0-vis du Sup\u00e9rieur G\u00e9n\u00e9ral de la Mission, montre que cette d\u00e9pendance existe depuis les origines des deux Instituts et a \u00e9t\u00e9 abondamment b\u00e9nie au cours de trois si\u00e8cles, pendant lesquels la Compagnie s&rsquo;est consid\u00e9rablement augment\u00e9e, a poursuivi son but charitable et a toujours \u00e9t\u00e9 fid\u00e8le au Pape. Sa d\u00e9marche obtint gain de cause et le Saint-P\u00e8re, dans l&rsquo;audience accord\u00e9e du 12 ao\u00fbt 1946, a bien voulu accorder la faveur de l&rsquo;exemption. R\u00e9sultat consid\u00e9rable car l&rsquo;exemption en maintenant l&rsquo;esprit de saint Vincent parmi nous, assure l&rsquo;unit\u00e9 de la Compagnie, dont les membres sont dispers\u00e9s dans les cinq continents. (R)<\/p>\n<dl>\n<dd>1) Coste II, pp. 105-108.<\/dd>\n<dd>2) Annales , t. 57, pp. 108-415.<\/dd>\n<\/dl>\n","protected":false},"excerpt":{"rendered":"<p>1641. \u00c0 Meaux, l&rsquo;\u00e9v\u00eaque, Dominique S\u00e9guier, approuve l&rsquo;\u00e9tablissement des Pr\u00eatres de la Mission \u00e0 Cr\u00e9cy-en- Brie . C&rsquo;est M. de Lorthon, conseiller et secr\u00e9taire du Roi, qui, sous le nom de Louis XIII, fait cette &#8230; <a href=\"https:\/\/vincentians.com\/fr\/ephemerides-12-avril\/\" class=\"more-link\">Read More<\/a><\/p>\n","protected":false},"author":4,"featured_media":149897,"comment_status":"open","ping_status":"open","sticky":false,"template":"","format":"standard","meta":{"jetpack_post_was_ever_published":false,"_jetpack_newsletter_access":"","_jetpack_dont_email_post_to_subs":false,"_jetpack_newsletter_tier_id":0,"_jetpack_memberships_contains_paywalled_content":false,"_jetpack_memberships_contains_paid_content":false,"footnotes":"","jetpack_publicize_message":"","jetpack_publicize_feature_enabled":true,"jetpack_social_post_already_shared":true,"jetpack_social_options":{"image_generator_settings":{"template":"highway","default_image_id":0,"font":"","enabled":false},"version":2}},"categories":[119],"tags":[],"class_list":["post-190411","post","type-post","status-publish","format-standard","has-post-thumbnail","hentry","category-ephemerides-vincentiens"],"yoast_head":"<!-- This site is optimized with the Yoast SEO plugin v26.3 - https:\/\/yoast.com\/wordpress\/plugins\/seo\/ -->\n<title>Eph\u00e9m\u00e9rides : 12 avril - Nous Sommes Vincentiens<\/title>\n<meta name=\"robots\" content=\"index, follow, max-snippet:-1, max-image-preview:large, max-video-preview:-1\" \/>\n<link rel=\"canonical\" href=\"https:\/\/vincentians.com\/fr\/ephemerides-12-avril\/\" \/>\n<meta property=\"og:locale\" content=\"fr_FR\" \/>\n<meta property=\"og:type\" content=\"article\" \/>\n<meta property=\"og:title\" content=\"Eph\u00e9m\u00e9rides : 12 avril - Nous Sommes Vincentiens\" \/>\n<meta property=\"og:description\" content=\"1641. \u00c0 Meaux, l&rsquo;\u00e9v\u00eaque, Dominique S\u00e9guier, approuve l&rsquo;\u00e9tablissement des Pr\u00eatres de la Mission \u00e0 Cr\u00e9cy-en- Brie . C&rsquo;est M. de Lorthon, conseiller et secr\u00e9taire du Roi, qui, sous le nom de Louis XIII, fait cette ... Read More\" \/>\n<meta property=\"og:url\" content=\"https:\/\/vincentians.com\/fr\/ephemerides-12-avril\/\" \/>\n<meta property=\"og:site_name\" content=\"Nous Sommes Vincentiens\" \/>\n<meta property=\"article:publisher\" content=\"https:\/\/www.facebook.com\/WeAreVincentians\/\" \/>\n<meta property=\"article:author\" content=\"https:\/\/www.facebook.com\/JavierChento\" \/>\n<meta property=\"article:published_time\" content=\"2017-04-11T22:01:17+00:00\" \/>\n<meta property=\"og:image\" content=\"https:\/\/i0.wp.com\/vincentians.com\/fr\/wp-content\/uploads\/sites\/10\/2016\/07\/ephemerides-fb.jpg?fit=1200%2C630&ssl=1\" \/>\n\t<meta property=\"og:image:width\" content=\"1200\" \/>\n\t<meta property=\"og:image:height\" content=\"630\" \/>\n\t<meta property=\"og:image:type\" content=\"image\/jpeg\" \/>\n<meta name=\"author\" content=\"Francisco Javier Fern\u00e1ndez Chento\" \/>\n<meta name=\"twitter:card\" content=\"summary_large_image\" \/>\n<meta name=\"twitter:creator\" content=\"@https:\/\/twitter.com\/javierchento\" \/>\n<meta name=\"twitter:site\" content=\"@WeVincentians\" \/>\n<meta name=\"twitter:label1\" content=\"\u00c9crit par\" \/>\n\t<meta name=\"twitter:data1\" content=\"Francisco Javier Fern\u00e1ndez Chento\" \/>\n\t<meta name=\"twitter:label2\" content=\"Dur\u00e9e de lecture estim\u00e9e\" \/>\n\t<meta name=\"twitter:data2\" content=\"4 minutes\" \/>\n<script type=\"application\/ld+json\" class=\"yoast-schema-graph\">{\"@context\":\"https:\/\/schema.org\",\"@graph\":[{\"@type\":\"WebPage\",\"@id\":\"https:\/\/vincentians.com\/fr\/ephemerides-12-avril\/\",\"url\":\"https:\/\/vincentians.com\/fr\/ephemerides-12-avril\/\",\"name\":\"Eph\u00e9m\u00e9rides : 12 avril - Nous Sommes Vincentiens\",\"isPartOf\":{\"@id\":\"https:\/\/vincentians.com\/fr\/#website\"},\"primaryImageOfPage\":{\"@id\":\"https:\/\/vincentians.com\/fr\/ephemerides-12-avril\/#primaryimage\"},\"image\":{\"@id\":\"https:\/\/vincentians.com\/fr\/ephemerides-12-avril\/#primaryimage\"},\"thumbnailUrl\":\"https:\/\/i0.wp.com\/vincentians.com\/fr\/wp-content\/uploads\/sites\/10\/2016\/07\/ephemerides-fb.jpg?fit=1200%2C630&ssl=1\",\"datePublished\":\"2017-04-11T22:01:17+00:00\",\"author\":{\"@id\":\"https:\/\/vincentians.com\/fr\/#\/schema\/person\/9623ef4d9aa3b2dfb8c061f1499288f2\"},\"breadcrumb\":{\"@id\":\"https:\/\/vincentians.com\/fr\/ephemerides-12-avril\/#breadcrumb\"},\"inLanguage\":\"fr-FR\",\"potentialAction\":[{\"@type\":\"ReadAction\",\"target\":[\"https:\/\/vincentians.com\/fr\/ephemerides-12-avril\/\"]}]},{\"@type\":\"ImageObject\",\"inLanguage\":\"fr-FR\",\"@id\":\"https:\/\/vincentians.com\/fr\/ephemerides-12-avril\/#primaryimage\",\"url\":\"https:\/\/i0.wp.com\/vincentians.com\/fr\/wp-content\/uploads\/sites\/10\/2016\/07\/ephemerides-fb.jpg?fit=1200%2C630&ssl=1\",\"contentUrl\":\"https:\/\/i0.wp.com\/vincentians.com\/fr\/wp-content\/uploads\/sites\/10\/2016\/07\/ephemerides-fb.jpg?fit=1200%2C630&ssl=1\",\"width\":1200,\"height\":630},{\"@type\":\"BreadcrumbList\",\"@id\":\"https:\/\/vincentians.com\/fr\/ephemerides-12-avril\/#breadcrumb\",\"itemListElement\":[{\"@type\":\"ListItem\",\"position\":1,\"name\":\"Portada\",\"item\":\"https:\/\/vincentians.com\/fr\/\"},{\"@type\":\"ListItem\",\"position\":2,\"name\":\"Eph\u00e9m\u00e9rides : 12 avril\"}]},{\"@type\":\"WebSite\",\"@id\":\"https:\/\/vincentians.com\/fr\/#website\",\"url\":\"https:\/\/vincentians.com\/fr\/\",\"name\":\"Nous Sommes Vincentiens\",\"description\":\"Know more to serve more\",\"potentialAction\":[{\"@type\":\"SearchAction\",\"target\":{\"@type\":\"EntryPoint\",\"urlTemplate\":\"https:\/\/vincentians.com\/fr\/?s={search_term_string}\"},\"query-input\":{\"@type\":\"PropertyValueSpecification\",\"valueRequired\":true,\"valueName\":\"search_term_string\"}}],\"inLanguage\":\"fr-FR\"},{\"@type\":\"Person\",\"@id\":\"https:\/\/vincentians.com\/fr\/#\/schema\/person\/9623ef4d9aa3b2dfb8c061f1499288f2\",\"name\":\"Francisco Javier Fern\u00e1ndez Chento\",\"image\":{\"@type\":\"ImageObject\",\"inLanguage\":\"fr-FR\",\"@id\":\"https:\/\/vincentians.com\/fr\/#\/schema\/person\/image\/\",\"url\":\"https:\/\/secure.gravatar.com\/avatar\/497d5cde87b4c3d097d0315953521681ba2cd523ee66e5077c3711f7021e65de?s=96&d=mm&r=g\",\"contentUrl\":\"https:\/\/secure.gravatar.com\/avatar\/497d5cde87b4c3d097d0315953521681ba2cd523ee66e5077c3711f7021e65de?s=96&d=mm&r=g\",\"caption\":\"Francisco Javier Fern\u00e1ndez Chento\"},\"description\":\"Director General y cofundador de La Red de Formaci\u00f3n Vicenciana. Javier es laico vicenciano, afiliado a la Congregaci\u00f3n de la Misi\u00f3n y miembro del Equipo de Misiones Populares de la provincia can\u00f3nica de Zaragoza (Espa\u00f1a) de la Congregaci\u00f3n de la Misi\u00f3n. Graduado en la Universidad Oberta de Catalunya con cuatro grados (Asistente de direcci\u00f3n, Gesti\u00f3n Administrativa, Recursos Humanos y Contabilidad Avanzada). Bil\u00edng\u00fce Espa\u00f1ol\/Ingl\u00e9s. gestiona y mantiene varias p\u00e1ginas web cristianas y vicencianas, incluida including La Red de Formaci\u00f3n Vicenciana, de la que es cofundador. Actualmente es responsable del \u00e1rea de Espa\u00f1ol de .famvin, la Red de Noticias de la Familia Vicenciana. Tambi\u00e9n es m\u00fasico cat\u00f3lico y ha editado varios discos. Es Director General y cofundador de Trovador, una reconocida compa\u00f1\u00eda discogr\u00e1fica critiana de Espa\u00f1a. Trabaja en las Tecnolog\u00edas de la Informaci\u00f3n, ofreciendo servicios de alojamiento, dise\u00f1o y mantenimiento Web, as\u00ed como asesoramiento, formaci\u00f3n y soluciones inform\u00e1ticas, gesti\u00f3n documental y digitalizaci\u00f3n de textos, edici\u00f3n y maquetaci\u00f3n de libros, revistas, flyers, etc.\",\"sameAs\":[\"http:\/\/chento.org\",\"https:\/\/www.facebook.com\/JavierChento\",\"https:\/\/x.com\/https:\/\/twitter.com\/javierchento\"],\"url\":\"https:\/\/vincentians.com\/fr\/author\/chento\/\"}]}<\/script>\n<!-- \/ Yoast SEO plugin. -->","yoast_head_json":{"title":"Eph\u00e9m\u00e9rides : 12 avril - Nous Sommes Vincentiens","robots":{"index":"index","follow":"follow","max-snippet":"max-snippet:-1","max-image-preview":"max-image-preview:large","max-video-preview":"max-video-preview:-1"},"canonical":"https:\/\/vincentians.com\/fr\/ephemerides-12-avril\/","og_locale":"fr_FR","og_type":"article","og_title":"Eph\u00e9m\u00e9rides : 12 avril - Nous Sommes Vincentiens","og_description":"1641. \u00c0 Meaux, l&rsquo;\u00e9v\u00eaque, Dominique S\u00e9guier, approuve l&rsquo;\u00e9tablissement des Pr\u00eatres de la Mission \u00e0 Cr\u00e9cy-en- Brie . C&rsquo;est M. de Lorthon, conseiller et secr\u00e9taire du Roi, qui, sous le nom de Louis XIII, fait cette ... Read More","og_url":"https:\/\/vincentians.com\/fr\/ephemerides-12-avril\/","og_site_name":"Nous Sommes Vincentiens","article_publisher":"https:\/\/www.facebook.com\/WeAreVincentians\/","article_author":"https:\/\/www.facebook.com\/JavierChento","article_published_time":"2017-04-11T22:01:17+00:00","og_image":[{"width":1200,"height":630,"url":"https:\/\/i0.wp.com\/vincentians.com\/fr\/wp-content\/uploads\/sites\/10\/2016\/07\/ephemerides-fb.jpg?fit=1200%2C630&ssl=1","type":"image\/jpeg"}],"author":"Francisco Javier Fern\u00e1ndez Chento","twitter_card":"summary_large_image","twitter_creator":"@https:\/\/twitter.com\/javierchento","twitter_site":"@WeVincentians","twitter_misc":{"\u00c9crit par":"Francisco Javier Fern\u00e1ndez Chento","Dur\u00e9e de lecture estim\u00e9e":"4 minutes"},"schema":{"@context":"https:\/\/schema.org","@graph":[{"@type":"WebPage","@id":"https:\/\/vincentians.com\/fr\/ephemerides-12-avril\/","url":"https:\/\/vincentians.com\/fr\/ephemerides-12-avril\/","name":"Eph\u00e9m\u00e9rides : 12 avril - Nous Sommes Vincentiens","isPartOf":{"@id":"https:\/\/vincentians.com\/fr\/#website"},"primaryImageOfPage":{"@id":"https:\/\/vincentians.com\/fr\/ephemerides-12-avril\/#primaryimage"},"image":{"@id":"https:\/\/vincentians.com\/fr\/ephemerides-12-avril\/#primaryimage"},"thumbnailUrl":"https:\/\/i0.wp.com\/vincentians.com\/fr\/wp-content\/uploads\/sites\/10\/2016\/07\/ephemerides-fb.jpg?fit=1200%2C630&ssl=1","datePublished":"2017-04-11T22:01:17+00:00","author":{"@id":"https:\/\/vincentians.com\/fr\/#\/schema\/person\/9623ef4d9aa3b2dfb8c061f1499288f2"},"breadcrumb":{"@id":"https:\/\/vincentians.com\/fr\/ephemerides-12-avril\/#breadcrumb"},"inLanguage":"fr-FR","potentialAction":[{"@type":"ReadAction","target":["https:\/\/vincentians.com\/fr\/ephemerides-12-avril\/"]}]},{"@type":"ImageObject","inLanguage":"fr-FR","@id":"https:\/\/vincentians.com\/fr\/ephemerides-12-avril\/#primaryimage","url":"https:\/\/i0.wp.com\/vincentians.com\/fr\/wp-content\/uploads\/sites\/10\/2016\/07\/ephemerides-fb.jpg?fit=1200%2C630&ssl=1","contentUrl":"https:\/\/i0.wp.com\/vincentians.com\/fr\/wp-content\/uploads\/sites\/10\/2016\/07\/ephemerides-fb.jpg?fit=1200%2C630&ssl=1","width":1200,"height":630},{"@type":"BreadcrumbList","@id":"https:\/\/vincentians.com\/fr\/ephemerides-12-avril\/#breadcrumb","itemListElement":[{"@type":"ListItem","position":1,"name":"Portada","item":"https:\/\/vincentians.com\/fr\/"},{"@type":"ListItem","position":2,"name":"Eph\u00e9m\u00e9rides : 12 avril"}]},{"@type":"WebSite","@id":"https:\/\/vincentians.com\/fr\/#website","url":"https:\/\/vincentians.com\/fr\/","name":"Nous Sommes Vincentiens","description":"Know more to serve more","potentialAction":[{"@type":"SearchAction","target":{"@type":"EntryPoint","urlTemplate":"https:\/\/vincentians.com\/fr\/?s={search_term_string}"},"query-input":{"@type":"PropertyValueSpecification","valueRequired":true,"valueName":"search_term_string"}}],"inLanguage":"fr-FR"},{"@type":"Person","@id":"https:\/\/vincentians.com\/fr\/#\/schema\/person\/9623ef4d9aa3b2dfb8c061f1499288f2","name":"Francisco Javier Fern\u00e1ndez Chento","image":{"@type":"ImageObject","inLanguage":"fr-FR","@id":"https:\/\/vincentians.com\/fr\/#\/schema\/person\/image\/","url":"https:\/\/secure.gravatar.com\/avatar\/497d5cde87b4c3d097d0315953521681ba2cd523ee66e5077c3711f7021e65de?s=96&d=mm&r=g","contentUrl":"https:\/\/secure.gravatar.com\/avatar\/497d5cde87b4c3d097d0315953521681ba2cd523ee66e5077c3711f7021e65de?s=96&d=mm&r=g","caption":"Francisco Javier Fern\u00e1ndez Chento"},"description":"Director General y cofundador de La Red de Formaci\u00f3n Vicenciana. Javier es laico vicenciano, afiliado a la Congregaci\u00f3n de la Misi\u00f3n y miembro del Equipo de Misiones Populares de la provincia can\u00f3nica de Zaragoza (Espa\u00f1a) de la Congregaci\u00f3n de la Misi\u00f3n. Graduado en la Universidad Oberta de Catalunya con cuatro grados (Asistente de direcci\u00f3n, Gesti\u00f3n Administrativa, Recursos Humanos y Contabilidad Avanzada). Bil\u00edng\u00fce Espa\u00f1ol\/Ingl\u00e9s. gestiona y mantiene varias p\u00e1ginas web cristianas y vicencianas, incluida including La Red de Formaci\u00f3n Vicenciana, de la que es cofundador. Actualmente es responsable del \u00e1rea de Espa\u00f1ol de .famvin, la Red de Noticias de la Familia Vicenciana. Tambi\u00e9n es m\u00fasico cat\u00f3lico y ha editado varios discos. Es Director General y cofundador de Trovador, una reconocida compa\u00f1\u00eda discogr\u00e1fica critiana de Espa\u00f1a. Trabaja en las Tecnolog\u00edas de la Informaci\u00f3n, ofreciendo servicios de alojamiento, dise\u00f1o y mantenimiento Web, as\u00ed como asesoramiento, formaci\u00f3n y soluciones inform\u00e1ticas, gesti\u00f3n documental y digitalizaci\u00f3n de textos, edici\u00f3n y maquetaci\u00f3n de libros, revistas, flyers, etc.","sameAs":["http:\/\/chento.org","https:\/\/www.facebook.com\/JavierChento","https:\/\/x.com\/https:\/\/twitter.com\/javierchento"],"url":"https:\/\/vincentians.com\/fr\/author\/chento\/"}]}},"jetpack_publicize_connections":[],"jetpack_featured_media_url":"https:\/\/i0.wp.com\/vincentians.com\/fr\/wp-content\/uploads\/sites\/10\/2016\/07\/ephemerides-fb.jpg?fit=1200%2C630&ssl=1","jetpack_sharing_enabled":true,"jetpack_shortlink":"https:\/\/wp.me\/p7ETMP-Nx9","jetpack-related-posts":[{"id":52052,"url":"https:\/\/vincentians.com\/fr\/saint-vincent-de-paul-et-sa-mission-sociale-iii-laction-1\/","url_meta":{"origin":190411,"position":0},"title":"Saint Vincent De Paul Et Sa Mission Sociale. III &#8211; L\u2019action (1)","author":"Francisco Javier Fern\u00e1ndez Chento","date":"25\/12\/2014","format":false,"excerpt":"LES MISSIONS. \u2014 Saint Vincent de Paul missionnaire. \u2014 Organisation des missions rurales. \u2014 Vertus et qualit\u00e9s des missionnaires. \u2014 La pr\u00e9dication d\u2019apr\u00e8s le saint. \u2014 Sa conduite envers les h\u00e9r\u00e9tiques et les infid\u00e8les. \u2014 Les imitateurs de Vincent de Paul. \u2014 Fruits du nouvel apostolat. \u2014 Missions \u00e0 la\u2026","rel":"","context":"Dans &quot;Vincent de Paul&quot;","block_context":{"text":"Vincent de Paul","link":"https:\/\/vincentians.com\/fr\/category\/the-vincentian-family\/founders\/vincent-de-paul\/"},"img":{"alt_text":"","src":"https:\/\/i0.wp.com\/vincentians.com\/fr\/wp-content\/uploads\/sites\/10\/2016\/07\/vincent-et-sa-action-sociale.jpg?fit=1160%2C630&ssl=1&resize=350%2C200","width":350,"height":200,"srcset":"https:\/\/i0.wp.com\/vincentians.com\/fr\/wp-content\/uploads\/sites\/10\/2016\/07\/vincent-et-sa-action-sociale.jpg?fit=1160%2C630&ssl=1&resize=350%2C200 1x, https:\/\/i0.wp.com\/vincentians.com\/fr\/wp-content\/uploads\/sites\/10\/2016\/07\/vincent-et-sa-action-sociale.jpg?fit=1160%2C630&ssl=1&resize=525%2C300 1.5x, https:\/\/i0.wp.com\/vincentians.com\/fr\/wp-content\/uploads\/sites\/10\/2016\/07\/vincent-et-sa-action-sociale.jpg?fit=1160%2C630&ssl=1&resize=700%2C400 2x, https:\/\/i0.wp.com\/vincentians.com\/fr\/wp-content\/uploads\/sites\/10\/2016\/07\/vincent-et-sa-action-sociale.jpg?fit=1160%2C630&ssl=1&resize=1050%2C600 3x"},"classes":[]},{"id":45335,"url":"https:\/\/vincentians.com\/fr\/saint-vincent-et-les-missions\/","url_meta":{"origin":190411,"position":1},"title":"Saint Vincent et les Missions","author":"Francisco Javier Fern\u00e1ndez Chento","date":"14\/12\/2014","format":false,"excerpt":"Introduction A.- Lorsque nous essayons d'\u00e9tudier le travail missionnaire de Vincent de Paul et de ses premiers compagnons, nous trouvons une v\u00e9ritable mystique de la Mission; alors que nous d\u00e9sirerions que le Saint nous ait donn\u00e9 aussi une doctrine th\u00e9ologique sur ce qui constitue l'objectif de sa vie, sur ce\u2026","rel":"","context":"Dans &quot;Vincent de Paul&quot;","block_context":{"text":"Vincent de Paul","link":"https:\/\/vincentians.com\/fr\/category\/the-vincentian-family\/founders\/vincent-de-paul\/"},"img":{"alt_text":"Vincent de Paul portrait","src":"https:\/\/i0.wp.com\/vincentiens.org\/wp-content\/uploads\/2014\/12\/Vincent-de-Paul-portrait-300x300.jpg?resize=350%2C200","width":350,"height":200},"classes":[]},{"id":190179,"url":"https:\/\/vincentians.com\/fr\/ephemerides-19-septembre\/","url_meta":{"origin":190411,"position":2},"title":"Eph\u00e9m\u00e9rides : 19 septembre","author":"Francisco Javier Fern\u00e1ndez Chento","date":"19\/09\/2016","format":false,"excerpt":"1598. \u00c0 Tarbes, en ce jour qui est le samedi des quatre Temps d\u2019automne, l\u2019\u00e9v\u00eaque, Salvat Diharse, en sa cath\u00e9drale, ordonne Vincent de Paul sous-diacre. C\u2019est probablement en raison de la vacance du si\u00e8ge de Dax, \u00e0 ce moment, que Vincent a d\u00fb recourir \u00e0 l\u2019\u00e9v\u00eaque de Tarbes (1). 1872.\u2026","rel":"","context":"Dans &quot;\u00c9ph\u00e9m\u00e9rides vincentiens&quot;","block_context":{"text":"\u00c9ph\u00e9m\u00e9rides vincentiens","link":"https:\/\/vincentians.com\/fr\/category\/ephemerides-vincentiens\/"},"img":{"alt_text":"","src":"https:\/\/i0.wp.com\/vincentians.com\/fr\/wp-content\/uploads\/sites\/10\/2016\/07\/ephemerides-fb.jpg?fit=1200%2C630&ssl=1&resize=350%2C200","width":350,"height":200,"srcset":"https:\/\/i0.wp.com\/vincentians.com\/fr\/wp-content\/uploads\/sites\/10\/2016\/07\/ephemerides-fb.jpg?fit=1200%2C630&ssl=1&resize=350%2C200 1x, https:\/\/i0.wp.com\/vincentians.com\/fr\/wp-content\/uploads\/sites\/10\/2016\/07\/ephemerides-fb.jpg?fit=1200%2C630&ssl=1&resize=525%2C300 1.5x, https:\/\/i0.wp.com\/vincentians.com\/fr\/wp-content\/uploads\/sites\/10\/2016\/07\/ephemerides-fb.jpg?fit=1200%2C630&ssl=1&resize=700%2C400 2x, https:\/\/i0.wp.com\/vincentians.com\/fr\/wp-content\/uploads\/sites\/10\/2016\/07\/ephemerides-fb.jpg?fit=1200%2C630&ssl=1&resize=1050%2C600 3x"},"classes":[]},{"id":105648,"url":"https:\/\/vincentians.com\/fr\/la-vie-du-venerable-serviteur-de-dieu-vincent-de-paul-livre-premier-chapitre-xlvi\/","url_meta":{"origin":190411,"position":3},"title":"La vie du v\u00e9n\u00e9rable serviteur de Dieu Vincent de Paul, Livre premier, Chapitre XLVI","author":"Francisco Javier Fern\u00e1ndez Chento","date":"22\/01\/2013","format":false,"excerpt":"D\u00e9nombrement de plusieurs \u00e9tablissements de la Congr\u00e9gation de la Mission fond\u00e9s en divers lieux durant la vie de M Vincent. Dieu ayant plant\u00e9 la Congr\u00e9gation de la Mission dans son \u00c9glise comme une vigne mystique, qui devait fructifier avec le secours de sa gr\u00e2ce pour la sanctification d'un grand nombre\u2026","rel":"","context":"Dans &quot;Vincent de Paul&quot;","block_context":{"text":"Vincent de Paul","link":"https:\/\/vincentians.com\/fr\/category\/the-vincentian-family\/founders\/vincent-de-paul\/"},"img":{"alt_text":"","src":"https:\/\/i0.wp.com\/vincentians.com\/fr\/wp-content\/uploads\/sites\/10\/2016\/07\/abelly-feat.jpg?fit=1200%2C630&ssl=1&resize=350%2C200","width":350,"height":200,"srcset":"https:\/\/i0.wp.com\/vincentians.com\/fr\/wp-content\/uploads\/sites\/10\/2016\/07\/abelly-feat.jpg?fit=1200%2C630&ssl=1&resize=350%2C200 1x, https:\/\/i0.wp.com\/vincentians.com\/fr\/wp-content\/uploads\/sites\/10\/2016\/07\/abelly-feat.jpg?fit=1200%2C630&ssl=1&resize=525%2C300 1.5x, https:\/\/i0.wp.com\/vincentians.com\/fr\/wp-content\/uploads\/sites\/10\/2016\/07\/abelly-feat.jpg?fit=1200%2C630&ssl=1&resize=700%2C400 2x, https:\/\/i0.wp.com\/vincentians.com\/fr\/wp-content\/uploads\/sites\/10\/2016\/07\/abelly-feat.jpg?fit=1200%2C630&ssl=1&resize=1050%2C600 3x"},"classes":[]},{"id":56196,"url":"https:\/\/vincentians.com\/fr\/la-mission-de-farafangana\/","url_meta":{"origin":190411,"position":4},"title":"La mission de Farafangana","author":"Francisco Javier Fern\u00e1ndez Chento","date":"22\/11\/2012","format":false,"excerpt":"Le premier pr\u00eatre catholique qui soit alli\u00e9 \u00e1 Farafangana est, pensons-nous, le P\u00e8re Etienne Chanay. J\u00e9suite, il avait \u00e9t\u00e9 nomm\u00e9 par ses sup\u00e9rieurs, en 1886, \u00e1 la r\u00e9sidence de Tama\u00adtave, en qualit\u00e9 de missionnaire excurrens. Profitant des occa\u00adsions de cabotage qui s'offraient, il avait \u00e9tendu le champ de ses randonn\u00e9es\u2026","rel":"","context":"Dans &quot;Congr\u00e9gation de la Mission&quot;","block_context":{"text":"Congr\u00e9gation de la Mission","link":"https:\/\/vincentians.com\/fr\/category\/congregation-de-la-mission\/"},"img":{"alt_text":"","src":"https:\/\/i0.wp.com\/vincentiens.org\/wp-content\/uploads\/2011\/12\/farafangana-217x300.jpg?resize=350%2C200","width":350,"height":200},"classes":[]},{"id":52054,"url":"https:\/\/vincentians.com\/fr\/saint-vincent-de-paul-et-sa-mission-sociale-iii-laction-2\/","url_meta":{"origin":190411,"position":5},"title":"Saint Vincent De Paul Et Sa Mission Sociale. III &#8211; L\u2019action (2)","author":"Francisco Javier Fern\u00e1ndez Chento","date":"26\/12\/2014","format":false,"excerpt":"LA RENAISSANCE RELIGIEUSE. \u2014 Le compl\u00e9ment des missions. \u2014 \u00c9tat du clerg\u00e9 depuis le concile de Trente. \u2014 N\u00e9cessit\u00e9 d\u2019une r\u00e9forme. \u2014 Les exercices des ordinands. \u2014 Saint-Lazare. \u2014 La conf\u00e9rence du mardi. \u2014 Bossuet. \u2014 Les retraites spirituelles. \u2014 Le coll\u00e8ge des Bons-Enfants. \u2014 Vincent de Paul et Olier.\u2026","rel":"","context":"Dans &quot;Vincent de Paul&quot;","block_context":{"text":"Vincent de Paul","link":"https:\/\/vincentians.com\/fr\/category\/the-vincentian-family\/founders\/vincent-de-paul\/"},"img":{"alt_text":"","src":"https:\/\/i0.wp.com\/vincentians.com\/fr\/wp-content\/uploads\/sites\/10\/2016\/07\/vincent-et-sa-action-sociale.jpg?fit=1160%2C630&ssl=1&resize=350%2C200","width":350,"height":200,"srcset":"https:\/\/i0.wp.com\/vincentians.com\/fr\/wp-content\/uploads\/sites\/10\/2016\/07\/vincent-et-sa-action-sociale.jpg?fit=1160%2C630&ssl=1&resize=350%2C200 1x, https:\/\/i0.wp.com\/vincentians.com\/fr\/wp-content\/uploads\/sites\/10\/2016\/07\/vincent-et-sa-action-sociale.jpg?fit=1160%2C630&ssl=1&resize=525%2C300 1.5x, https:\/\/i0.wp.com\/vincentians.com\/fr\/wp-content\/uploads\/sites\/10\/2016\/07\/vincent-et-sa-action-sociale.jpg?fit=1160%2C630&ssl=1&resize=700%2C400 2x, https:\/\/i0.wp.com\/vincentians.com\/fr\/wp-content\/uploads\/sites\/10\/2016\/07\/vincent-et-sa-action-sociale.jpg?fit=1160%2C630&ssl=1&resize=1050%2C600 3x"},"classes":[]}],"_links":{"self":[{"href":"https:\/\/vincentians.com\/fr\/wp-json\/wp\/v2\/posts\/190411","targetHints":{"allow":["GET"]}}],"collection":[{"href":"https:\/\/vincentians.com\/fr\/wp-json\/wp\/v2\/posts"}],"about":[{"href":"https:\/\/vincentians.com\/fr\/wp-json\/wp\/v2\/types\/post"}],"author":[{"embeddable":true,"href":"https:\/\/vincentians.com\/fr\/wp-json\/wp\/v2\/users\/4"}],"replies":[{"embeddable":true,"href":"https:\/\/vincentians.com\/fr\/wp-json\/wp\/v2\/comments?post=190411"}],"version-history":[{"count":0,"href":"https:\/\/vincentians.com\/fr\/wp-json\/wp\/v2\/posts\/190411\/revisions"}],"wp:featuredmedia":[{"embeddable":true,"href":"https:\/\/vincentians.com\/fr\/wp-json\/wp\/v2\/media\/149897"}],"wp:attachment":[{"href":"https:\/\/vincentians.com\/fr\/wp-json\/wp\/v2\/media?parent=190411"}],"wp:term":[{"taxonomy":"category","embeddable":true,"href":"https:\/\/vincentians.com\/fr\/wp-json\/wp\/v2\/categories?post=190411"},{"taxonomy":"post_tag","embeddable":true,"href":"https:\/\/vincentians.com\/fr\/wp-json\/wp\/v2\/tags?post=190411"}],"curies":[{"name":"wp","href":"https:\/\/api.w.org\/{rel}","templated":true}]}}