{"id":190410,"date":"2017-04-14T00:01:17","date_gmt":"2017-04-13T22:01:17","guid":{"rendered":"http:\/\/vincentians.com\/fr\/?p=190410"},"modified":"2016-08-11T17:54:36","modified_gmt":"2016-08-11T15:54:36","slug":"ephemerides-14-avril","status":"publish","type":"post","link":"https:\/\/vincentians.com\/fr\/ephemerides-14-avril\/","title":{"rendered":"Eph\u00e9m\u00e9rides : 14 avril"},"content":{"rendered":"<p><b>1819<\/b>. Un d\u00e9cret du Roi Jean autorise la Compagnie des Filles de la Charit\u00e9 au Portugal, mais en 1834, un autre d\u00e9cret supprime l&rsquo;autorit\u00e9 des Sup\u00e9rieurs G\u00e9n\u00e9raux non r\u00e9sidant dans ce pays, et en 1838, un troisi\u00e8me abolit les Communaut\u00e9s religieuses au Portugal. Toutefois, par exception les Filles de la Charit\u00e9 ne seront pas dissoutes \u00ab\u00a0\u00e0 cause de leurs Voeux temporaires et du caract\u00e8re humanitaire de leur mission\u00a0\u00bb Elles ne pourront par la suite r\u00e9sister aux difficult\u00e9s sans nombre\u00a0: les Lazaristes sont partis\u00a0; les pers\u00e9cutions locales s&rsquo;amplifient et un schisme se produit au sein de la petite Province. Cela ne cessera qu&rsquo;en 1856 o\u00f9 devant le chol\u00e9ra et la fi\u00e8vre jaune (10 000 victimes) on appelle les Filles de la Charit\u00e9 de France qui seront autoris\u00e9es \u00e0 venir par d\u00e9cret du 9 f\u00e9vrier 1857. Le P\u00e8re \u00c9tienne avait mis comme condition que les Lazaristes puissent venir aussi. Une Soeur est \u00e0 son tour victime de la fi\u00e8vre jaune en soignant les malades. Le 4 f\u00e9vrier 1858, la Province se reconstitue. Mais en 1861, les pers\u00e9cutions reprennent. Les Soeurs, une soixantaine, sont rapatri\u00e9es en France par un navire envoy\u00e9 pour cela\u00a0: l&rsquo;Or\u00e9noque. Resteront seulement les Soeurs de l&rsquo;H\u00f4pital Saint-Louis et de Funchal. R\u00e9ouverture en 1872, et de nouveau R\u00e9volution en 1910 qui am\u00e8ne le retour des Soeurs \u00e0 la Maison-M\u00e8re. Reprise en 1927 par des Soeurs Portugaises, et la Province se d\u00e9veloppe si bien qu&rsquo;elle devient missionnaire au Mozambique.<\/p>\n<p><b>1841<\/b>. De Paris, M. \u00c9tienne, alors procureur g\u00e9n\u00e9ral, \u00e9crit \u00e0 M. Eug\u00e8ne Bor\u00e9. Jeune orientaliste charg\u00e9 par l&rsquo;Acad\u00e9mie des Inscriptions et Belles Lettres d&rsquo;une mission scientifique en Orient, M. Bor\u00e9 ne songeait pas encore \u00e0 embrasser l&rsquo;\u00e9tat eccl\u00e9siastique. Mais, fervent chr\u00e9tien, ses travaux de savant ne l&#8217;emp\u00eachaient pas de voir les besoins des \u00e2mes. Aussi avait-il sollicit\u00e9 le concours des Lazaristes pour la nouvelle mission de Perse. Dans sa lettre, \u2014 qui est la trace la plus ancienne qui nous soit rest\u00e9e des rapports de M. \u00c9tienne et de M. Bor\u00e9, \u2014 le Procureur de la Mission recommande chaleureusement \u00e0 son correspondant les deux confr\u00e8res, MM. Darnis et Cluzel, qui sont envoy\u00e9s en Perse et dont il \u00e9crit\u00a0: \u00abCe sont de vrais ap\u00f4tres, remplis surtout de l&rsquo;esprit de Dieu qui fait les saints et qui les rend capables de procurer la sanctification des \u00e2mes. J&rsquo;ai grande confiance que, quand vous aurez pu les conna\u00eetre, vous les jugerez tels&#8230;\u00bb En cette circonstance, l&rsquo;ambassadeur de M. Bor\u00e9 aupr\u00e8s de l&rsquo;administration de la petite Compagnie, avait \u00e9t\u00e9 M. F\u00e9lix Scaffi, le pr\u00eatre de la Mission qui accompagnait le jeune savant dans son voyage (1).<\/p>\n<p><b>1919<\/b>. L La Maison Provinciale de Budapest nationalis\u00e9e voit arriver douze \u00ab\u00a0petits prol\u00e9taires\u00a0\u00bb avec la consigne\u00a0: \u00ab\u00a0Vous devez tout leur permettre\u00a0; vous avez la d\u00e9fense de prier avec eux et de leur parler de Dieu\u00a0; votre unique devoir est de faire attention \u00e0 ce qu&rsquo;ils ne se fassent aucun mal\u00a0\u00bb. Et quatre gar\u00e7onnets sont d\u00e9sign\u00e9s pour voir si ce mandat est strictement accompli. Sur la porte d&rsquo;entr\u00e9e, on placarde\u00a0: \u00ab\u00a0Cette maison est occup\u00e9e par des enfants prol\u00e9taires\u00a0\u00bb. Inutile de dire ce que pouvait faire cette douzaine d&rsquo;enfants \u00e0 qui tout est permis\u00a0! (R)<\/p>\n<p><b>1945<\/b>. \u00c0 Fort-Dauphin, mort de M. Louis Genouville. Il avait toujours eu le d\u00e9sir des missions lointaines\u00a0; mais, fils unique, il ne voulut pas imposer ce sacrifice \u00e0 sa m\u00e8re. Il fut donc affect\u00e9 \u00e0 l&rsquo;enseignement, et sp\u00e9cialement au Berceau de Saint-Vincent , o\u00f9 sa nature primesauti\u00e8re, son travail m\u00e9thodique et son z\u00e8le ardent conquirent les \u00e9l\u00e8ves. En 1929, \u00e0 la mort de sa vieille maman, il put r\u00e9aliser le r\u00eave de sa jeunesse et partir \u00e0 Madagascar. Malgr\u00e9 ses cinquante-quatre ans, il se mit si bien \u00e0 la langue malgache qu&rsquo;il put accomplir le minist\u00e8re ordinaire aupr\u00e8s des indig\u00e8nes. Mais son z\u00e8le s&rsquo;adressait surtout aux Europ\u00e9ens et \u00e0 leurs enfants qui aimaient ses le\u00e7ons de cat\u00e9chisme si vivantes et si bien pr\u00e9par\u00e9es. Sans avoir une voix de t\u00e9nor ou de baryton d&rsquo;op\u00e9ra, M. Genouville \u00e9tait musicien, et comme tel, il fut charg\u00e9 du chant\u00a0; il s&rsquo;y consacra de tout son coeur. Ce qui r\u00e9sume le mieux la vie de M. Genouville, c&rsquo;est qu&rsquo;\u00e0 toutes les t\u00e2ches qui lui furent confi\u00e9es, il s&rsquo;est donn\u00e9 jusqu&rsquo;\u00e0 l&rsquo;\u00e9puisement (2).<\/p>\n<p><b>1955<\/b>. \u00c0 Dax , mort de M. Jacques P\u00e9borde. N\u00e9 \u00e0 Lahosse, dans les Landes, pr\u00eatre en 1899, il enseigna pendant dix ans \u00e0 l&rsquo;institution Notre-Dame, \u00e0 Dax\u00a0; puis il fut, onze ans durant. cur\u00e9 de Saubusse . En 1925, il entra dans la congr\u00e9gation. Les grands s\u00e9minaires d&rsquo; \u00c9vreux et d&rsquo;Alger b\u00e9n\u00e9fici\u00e8rent de son enseignement. Esprit fin et cultiv\u00e9, M. Peborde fut, sous des dehors rigoureux, un v\u00e9ritable p\u00e9dagogue (3).<\/p>\n<p><b>1961<\/b>. Annonce est faite \u00e0 la Communaut\u00e9 du proc\u00e8s de b\u00e9atification des 87 martyrs vincentiens d&rsquo;Espagne durant la guerre civile en 1936.(R)<\/p>\n<dl>\n<dd>1)\u00a0: Rosset\u00a0: Vie M. Etienne , pp. 128-130.<\/dd>\n<dd>2) B.M.L. sept.-oct. 1945, P. 71.<\/dd>\n<dd>3) Bulletin religieux d&rsquo;Aire et Dax , 6 mai 1955.<\/dd>\n<\/dl>\n","protected":false},"excerpt":{"rendered":"<p>1819. Un d\u00e9cret du Roi Jean autorise la Compagnie des Filles de la Charit\u00e9 au Portugal, mais en 1834, un autre d\u00e9cret supprime l&rsquo;autorit\u00e9 des Sup\u00e9rieurs G\u00e9n\u00e9raux non r\u00e9sidant dans ce pays, et en 1838, &#8230; <a href=\"https:\/\/vincentians.com\/fr\/ephemerides-14-avril\/\" class=\"more-link\">Read More<\/a><\/p>\n","protected":false},"author":4,"featured_media":149897,"comment_status":"open","ping_status":"open","sticky":false,"template":"","format":"standard","meta":{"jetpack_post_was_ever_published":false,"_jetpack_newsletter_access":"","_jetpack_dont_email_post_to_subs":false,"_jetpack_newsletter_tier_id":0,"_jetpack_memberships_contains_paywalled_content":false,"_jetpack_memberships_contains_paid_content":false,"footnotes":"","jetpack_publicize_message":"","jetpack_publicize_feature_enabled":true,"jetpack_social_post_already_shared":true,"jetpack_social_options":{"image_generator_settings":{"template":"highway","default_image_id":0,"font":"","enabled":false},"version":2}},"categories":[119],"tags":[],"class_list":["post-190410","post","type-post","status-publish","format-standard","has-post-thumbnail","hentry","category-ephemerides-vincentiens"],"yoast_head":"<!-- This site is optimized with the Yoast SEO plugin v26.3 - https:\/\/yoast.com\/wordpress\/plugins\/seo\/ -->\n<title>Eph\u00e9m\u00e9rides : 14 avril - Nous Sommes Vincentiens<\/title>\n<meta name=\"robots\" content=\"index, follow, max-snippet:-1, max-image-preview:large, max-video-preview:-1\" \/>\n<link rel=\"canonical\" href=\"http:\/\/vincentians.com\/fr\/ephemerides-14-avril\/\" \/>\n<meta property=\"og:locale\" content=\"fr_FR\" \/>\n<meta property=\"og:type\" content=\"article\" \/>\n<meta property=\"og:title\" content=\"Eph\u00e9m\u00e9rides : 14 avril - Nous Sommes Vincentiens\" \/>\n<meta property=\"og:description\" content=\"1819. Un d\u00e9cret du Roi Jean autorise la Compagnie des Filles de la Charit\u00e9 au Portugal, mais en 1834, un autre d\u00e9cret supprime l&rsquo;autorit\u00e9 des Sup\u00e9rieurs G\u00e9n\u00e9raux non r\u00e9sidant dans ce pays, et en 1838, ... Read More\" \/>\n<meta property=\"og:url\" content=\"http:\/\/vincentians.com\/fr\/ephemerides-14-avril\/\" \/>\n<meta property=\"og:site_name\" content=\"Nous Sommes Vincentiens\" \/>\n<meta property=\"article:publisher\" content=\"https:\/\/www.facebook.com\/WeAreVincentians\/\" \/>\n<meta property=\"article:author\" content=\"https:\/\/www.facebook.com\/JavierChento\" \/>\n<meta property=\"article:published_time\" content=\"2017-04-13T22:01:17+00:00\" \/>\n<meta property=\"og:image\" content=\"https:\/\/i0.wp.com\/vincentians.com\/fr\/wp-content\/uploads\/sites\/10\/2016\/07\/ephemerides-fb.jpg?fit=1200%2C630\" \/>\n\t<meta property=\"og:image:width\" content=\"1200\" \/>\n\t<meta property=\"og:image:height\" content=\"630\" \/>\n\t<meta property=\"og:image:type\" content=\"image\/jpeg\" \/>\n<meta name=\"author\" content=\"Francisco Javier Fern\u00e1ndez Chento\" \/>\n<meta name=\"twitter:card\" content=\"summary_large_image\" \/>\n<meta name=\"twitter:creator\" content=\"@https:\/\/twitter.com\/javierchento\" \/>\n<meta name=\"twitter:site\" content=\"@WeVincentians\" \/>\n<meta name=\"twitter:label1\" content=\"\u00c9crit par\" \/>\n\t<meta name=\"twitter:data1\" content=\"Francisco Javier Fern\u00e1ndez Chento\" \/>\n\t<meta name=\"twitter:label2\" content=\"Dur\u00e9e de lecture estim\u00e9e\" \/>\n\t<meta name=\"twitter:data2\" content=\"4 minutes\" \/>\n<script type=\"application\/ld+json\" class=\"yoast-schema-graph\">{\"@context\":\"https:\/\/schema.org\",\"@graph\":[{\"@type\":\"WebPage\",\"@id\":\"http:\/\/vincentians.com\/fr\/ephemerides-14-avril\/\",\"url\":\"http:\/\/vincentians.com\/fr\/ephemerides-14-avril\/\",\"name\":\"Eph\u00e9m\u00e9rides : 14 avril - Nous Sommes Vincentiens\",\"isPartOf\":{\"@id\":\"https:\/\/vincentians.com\/fr\/#website\"},\"primaryImageOfPage\":{\"@id\":\"http:\/\/vincentians.com\/fr\/ephemerides-14-avril\/#primaryimage\"},\"image\":{\"@id\":\"http:\/\/vincentians.com\/fr\/ephemerides-14-avril\/#primaryimage\"},\"thumbnailUrl\":\"https:\/\/i0.wp.com\/vincentians.com\/fr\/wp-content\/uploads\/sites\/10\/2016\/07\/ephemerides-fb.jpg?fit=1200%2C630&ssl=1\",\"datePublished\":\"2017-04-13T22:01:17+00:00\",\"author\":{\"@id\":\"https:\/\/vincentians.com\/fr\/#\/schema\/person\/9623ef4d9aa3b2dfb8c061f1499288f2\"},\"breadcrumb\":{\"@id\":\"http:\/\/vincentians.com\/fr\/ephemerides-14-avril\/#breadcrumb\"},\"inLanguage\":\"fr-FR\",\"potentialAction\":[{\"@type\":\"ReadAction\",\"target\":[\"http:\/\/vincentians.com\/fr\/ephemerides-14-avril\/\"]}]},{\"@type\":\"ImageObject\",\"inLanguage\":\"fr-FR\",\"@id\":\"http:\/\/vincentians.com\/fr\/ephemerides-14-avril\/#primaryimage\",\"url\":\"https:\/\/i0.wp.com\/vincentians.com\/fr\/wp-content\/uploads\/sites\/10\/2016\/07\/ephemerides-fb.jpg?fit=1200%2C630&ssl=1\",\"contentUrl\":\"https:\/\/i0.wp.com\/vincentians.com\/fr\/wp-content\/uploads\/sites\/10\/2016\/07\/ephemerides-fb.jpg?fit=1200%2C630&ssl=1\",\"width\":1200,\"height\":630},{\"@type\":\"BreadcrumbList\",\"@id\":\"http:\/\/vincentians.com\/fr\/ephemerides-14-avril\/#breadcrumb\",\"itemListElement\":[{\"@type\":\"ListItem\",\"position\":1,\"name\":\"Portada\",\"item\":\"https:\/\/vincentians.com\/fr\/\"},{\"@type\":\"ListItem\",\"position\":2,\"name\":\"Eph\u00e9m\u00e9rides : 14 avril\"}]},{\"@type\":\"WebSite\",\"@id\":\"https:\/\/vincentians.com\/fr\/#website\",\"url\":\"https:\/\/vincentians.com\/fr\/\",\"name\":\"Nous Sommes Vincentiens\",\"description\":\"Know more to serve more\",\"potentialAction\":[{\"@type\":\"SearchAction\",\"target\":{\"@type\":\"EntryPoint\",\"urlTemplate\":\"https:\/\/vincentians.com\/fr\/?s={search_term_string}\"},\"query-input\":{\"@type\":\"PropertyValueSpecification\",\"valueRequired\":true,\"valueName\":\"search_term_string\"}}],\"inLanguage\":\"fr-FR\"},{\"@type\":\"Person\",\"@id\":\"https:\/\/vincentians.com\/fr\/#\/schema\/person\/9623ef4d9aa3b2dfb8c061f1499288f2\",\"name\":\"Francisco Javier Fern\u00e1ndez Chento\",\"image\":{\"@type\":\"ImageObject\",\"inLanguage\":\"fr-FR\",\"@id\":\"https:\/\/vincentians.com\/fr\/#\/schema\/person\/image\/\",\"url\":\"https:\/\/secure.gravatar.com\/avatar\/497d5cde87b4c3d097d0315953521681ba2cd523ee66e5077c3711f7021e65de?s=96&d=mm&r=g\",\"contentUrl\":\"https:\/\/secure.gravatar.com\/avatar\/497d5cde87b4c3d097d0315953521681ba2cd523ee66e5077c3711f7021e65de?s=96&d=mm&r=g\",\"caption\":\"Francisco Javier Fern\u00e1ndez Chento\"},\"description\":\"Director General y cofundador de La Red de Formaci\u00f3n Vicenciana. Javier es laico vicenciano, afiliado a la Congregaci\u00f3n de la Misi\u00f3n y miembro del Equipo de Misiones Populares de la provincia can\u00f3nica de Zaragoza (Espa\u00f1a) de la Congregaci\u00f3n de la Misi\u00f3n. Graduado en la Universidad Oberta de Catalunya con cuatro grados (Asistente de direcci\u00f3n, Gesti\u00f3n Administrativa, Recursos Humanos y Contabilidad Avanzada). Bil\u00edng\u00fce Espa\u00f1ol\/Ingl\u00e9s. gestiona y mantiene varias p\u00e1ginas web cristianas y vicencianas, incluida including La Red de Formaci\u00f3n Vicenciana, de la que es cofundador. Actualmente es responsable del \u00e1rea de Espa\u00f1ol de .famvin, la Red de Noticias de la Familia Vicenciana. Tambi\u00e9n es m\u00fasico cat\u00f3lico y ha editado varios discos. Es Director General y cofundador de Trovador, una reconocida compa\u00f1\u00eda discogr\u00e1fica critiana de Espa\u00f1a. Trabaja en las Tecnolog\u00edas de la Informaci\u00f3n, ofreciendo servicios de alojamiento, dise\u00f1o y mantenimiento Web, as\u00ed como asesoramiento, formaci\u00f3n y soluciones inform\u00e1ticas, gesti\u00f3n documental y digitalizaci\u00f3n de textos, edici\u00f3n y maquetaci\u00f3n de libros, revistas, flyers, etc.\",\"sameAs\":[\"http:\/\/chento.org\",\"https:\/\/www.facebook.com\/JavierChento\",\"https:\/\/x.com\/https:\/\/twitter.com\/javierchento\"],\"url\":\"https:\/\/vincentians.com\/fr\/author\/chento\/\"}]}<\/script>\n<!-- \/ Yoast SEO plugin. -->","yoast_head_json":{"title":"Eph\u00e9m\u00e9rides : 14 avril - Nous Sommes Vincentiens","robots":{"index":"index","follow":"follow","max-snippet":"max-snippet:-1","max-image-preview":"max-image-preview:large","max-video-preview":"max-video-preview:-1"},"canonical":"http:\/\/vincentians.com\/fr\/ephemerides-14-avril\/","og_locale":"fr_FR","og_type":"article","og_title":"Eph\u00e9m\u00e9rides : 14 avril - Nous Sommes Vincentiens","og_description":"1819. Un d\u00e9cret du Roi Jean autorise la Compagnie des Filles de la Charit\u00e9 au Portugal, mais en 1834, un autre d\u00e9cret supprime l&rsquo;autorit\u00e9 des Sup\u00e9rieurs G\u00e9n\u00e9raux non r\u00e9sidant dans ce pays, et en 1838, ... Read More","og_url":"http:\/\/vincentians.com\/fr\/ephemerides-14-avril\/","og_site_name":"Nous Sommes Vincentiens","article_publisher":"https:\/\/www.facebook.com\/WeAreVincentians\/","article_author":"https:\/\/www.facebook.com\/JavierChento","article_published_time":"2017-04-13T22:01:17+00:00","og_image":[{"width":1200,"height":630,"url":"https:\/\/i0.wp.com\/vincentians.com\/fr\/wp-content\/uploads\/sites\/10\/2016\/07\/ephemerides-fb.jpg?fit=1200%2C630","type":"image\/jpeg"}],"author":"Francisco Javier Fern\u00e1ndez Chento","twitter_card":"summary_large_image","twitter_creator":"@https:\/\/twitter.com\/javierchento","twitter_site":"@WeVincentians","twitter_misc":{"\u00c9crit par":"Francisco Javier Fern\u00e1ndez Chento","Dur\u00e9e de lecture estim\u00e9e":"4 minutes"},"schema":{"@context":"https:\/\/schema.org","@graph":[{"@type":"WebPage","@id":"http:\/\/vincentians.com\/fr\/ephemerides-14-avril\/","url":"http:\/\/vincentians.com\/fr\/ephemerides-14-avril\/","name":"Eph\u00e9m\u00e9rides : 14 avril - Nous Sommes Vincentiens","isPartOf":{"@id":"https:\/\/vincentians.com\/fr\/#website"},"primaryImageOfPage":{"@id":"http:\/\/vincentians.com\/fr\/ephemerides-14-avril\/#primaryimage"},"image":{"@id":"http:\/\/vincentians.com\/fr\/ephemerides-14-avril\/#primaryimage"},"thumbnailUrl":"https:\/\/i0.wp.com\/vincentians.com\/fr\/wp-content\/uploads\/sites\/10\/2016\/07\/ephemerides-fb.jpg?fit=1200%2C630&ssl=1","datePublished":"2017-04-13T22:01:17+00:00","author":{"@id":"https:\/\/vincentians.com\/fr\/#\/schema\/person\/9623ef4d9aa3b2dfb8c061f1499288f2"},"breadcrumb":{"@id":"http:\/\/vincentians.com\/fr\/ephemerides-14-avril\/#breadcrumb"},"inLanguage":"fr-FR","potentialAction":[{"@type":"ReadAction","target":["http:\/\/vincentians.com\/fr\/ephemerides-14-avril\/"]}]},{"@type":"ImageObject","inLanguage":"fr-FR","@id":"http:\/\/vincentians.com\/fr\/ephemerides-14-avril\/#primaryimage","url":"https:\/\/i0.wp.com\/vincentians.com\/fr\/wp-content\/uploads\/sites\/10\/2016\/07\/ephemerides-fb.jpg?fit=1200%2C630&ssl=1","contentUrl":"https:\/\/i0.wp.com\/vincentians.com\/fr\/wp-content\/uploads\/sites\/10\/2016\/07\/ephemerides-fb.jpg?fit=1200%2C630&ssl=1","width":1200,"height":630},{"@type":"BreadcrumbList","@id":"http:\/\/vincentians.com\/fr\/ephemerides-14-avril\/#breadcrumb","itemListElement":[{"@type":"ListItem","position":1,"name":"Portada","item":"https:\/\/vincentians.com\/fr\/"},{"@type":"ListItem","position":2,"name":"Eph\u00e9m\u00e9rides : 14 avril"}]},{"@type":"WebSite","@id":"https:\/\/vincentians.com\/fr\/#website","url":"https:\/\/vincentians.com\/fr\/","name":"Nous Sommes Vincentiens","description":"Know more to serve more","potentialAction":[{"@type":"SearchAction","target":{"@type":"EntryPoint","urlTemplate":"https:\/\/vincentians.com\/fr\/?s={search_term_string}"},"query-input":{"@type":"PropertyValueSpecification","valueRequired":true,"valueName":"search_term_string"}}],"inLanguage":"fr-FR"},{"@type":"Person","@id":"https:\/\/vincentians.com\/fr\/#\/schema\/person\/9623ef4d9aa3b2dfb8c061f1499288f2","name":"Francisco Javier Fern\u00e1ndez Chento","image":{"@type":"ImageObject","inLanguage":"fr-FR","@id":"https:\/\/vincentians.com\/fr\/#\/schema\/person\/image\/","url":"https:\/\/secure.gravatar.com\/avatar\/497d5cde87b4c3d097d0315953521681ba2cd523ee66e5077c3711f7021e65de?s=96&d=mm&r=g","contentUrl":"https:\/\/secure.gravatar.com\/avatar\/497d5cde87b4c3d097d0315953521681ba2cd523ee66e5077c3711f7021e65de?s=96&d=mm&r=g","caption":"Francisco Javier Fern\u00e1ndez Chento"},"description":"Director General y cofundador de La Red de Formaci\u00f3n Vicenciana. Javier es laico vicenciano, afiliado a la Congregaci\u00f3n de la Misi\u00f3n y miembro del Equipo de Misiones Populares de la provincia can\u00f3nica de Zaragoza (Espa\u00f1a) de la Congregaci\u00f3n de la Misi\u00f3n. Graduado en la Universidad Oberta de Catalunya con cuatro grados (Asistente de direcci\u00f3n, Gesti\u00f3n Administrativa, Recursos Humanos y Contabilidad Avanzada). Bil\u00edng\u00fce Espa\u00f1ol\/Ingl\u00e9s. gestiona y mantiene varias p\u00e1ginas web cristianas y vicencianas, incluida including La Red de Formaci\u00f3n Vicenciana, de la que es cofundador. Actualmente es responsable del \u00e1rea de Espa\u00f1ol de .famvin, la Red de Noticias de la Familia Vicenciana. Tambi\u00e9n es m\u00fasico cat\u00f3lico y ha editado varios discos. Es Director General y cofundador de Trovador, una reconocida compa\u00f1\u00eda discogr\u00e1fica critiana de Espa\u00f1a. Trabaja en las Tecnolog\u00edas de la Informaci\u00f3n, ofreciendo servicios de alojamiento, dise\u00f1o y mantenimiento Web, as\u00ed como asesoramiento, formaci\u00f3n y soluciones inform\u00e1ticas, gesti\u00f3n documental y digitalizaci\u00f3n de textos, edici\u00f3n y maquetaci\u00f3n de libros, revistas, flyers, etc.","sameAs":["http:\/\/chento.org","https:\/\/www.facebook.com\/JavierChento","https:\/\/x.com\/https:\/\/twitter.com\/javierchento"],"url":"https:\/\/vincentians.com\/fr\/author\/chento\/"}]}},"jetpack_publicize_connections":[],"jetpack_featured_media_url":"https:\/\/i0.wp.com\/vincentians.com\/fr\/wp-content\/uploads\/sites\/10\/2016\/07\/ephemerides-fb.jpg?fit=1200%2C630&ssl=1","jetpack_sharing_enabled":true,"jetpack_shortlink":"https:\/\/wp.me\/p7ETMP-Nx8","jetpack-related-posts":[{"id":106506,"url":"https:\/\/vincentians.com\/fr\/les-filles-de-la-charite-de-saint-vincent-de-paul-en-portugal-i\/","url_meta":{"origin":190410,"position":0},"title":"Les filles de la Charit\u00e9 de saint Vincent de Paul en Portugal (I)","author":"Francisco Javier Fern\u00e1ndez Chento","date":"27\/07\/2013","format":false,"excerpt":"Il serait sans doute int\u00e9ressant pour le lecteur d'avoir, quelques renseignements sur l'existence en Portugal de la Compagnie des Filles de la Charit\u00e9, cr\u00e9\u00e9e comme la Con\u00adgr\u00e9gation de la Mission ou des Lazaristes, par saint Vincent de Paul. Nous ne pouvons, dans les limites oh il faut nous res\u00adtreindre, donner\u2026","rel":"","context":"Dans &quot;Filles de la Charit\u00e9&quot;","block_context":{"text":"Filles de la Charit\u00e9","link":"https:\/\/vincentians.com\/fr\/category\/filles-de-la-charite\/"},"img":{"alt_text":"Hijas2","src":"https:\/\/i0.wp.com\/vincentiens.org\/wp-content\/uploads\/2013\/07\/Hijas2.gif?resize=350%2C200","width":350,"height":200},"classes":[]},{"id":190577,"url":"https:\/\/vincentians.com\/fr\/ephemerides-05-juin\/","url_meta":{"origin":190410,"position":1},"title":"Eph\u00e9m\u00e9rides: 05 juin","author":"Francisco Javier Fern\u00e1ndez Chento","date":"05\/06\/2017","format":false,"excerpt":"1857. \u00c0 Nantes, le P. Etienne s'embarque \u00e0 destination du Portugal. Il est invit\u00e9 par l'imp\u00e9ratrice douairi\u00e8re du Br\u00e9sil, tante du roi de Portugal, \u00e0 venir \u00e0 Lisbonne pour y r\u00e9gler les d\u00e9tails de l'\u00e9tablissement des Filles de la Charit\u00e9 dans le Royaume. Au milieu du si\u00e8cle dernier, la province\u2026","rel":"","context":"Dans &quot;\u00c9ph\u00e9m\u00e9rides vincentiens&quot;","block_context":{"text":"\u00c9ph\u00e9m\u00e9rides vincentiens","link":"https:\/\/vincentians.com\/fr\/category\/ephemerides-vincentiens\/"},"img":{"alt_text":"","src":"https:\/\/i0.wp.com\/vincentians.com\/fr\/wp-content\/uploads\/sites\/10\/2016\/07\/ephemerides-fb.jpg?fit=1200%2C630&ssl=1&resize=350%2C200","width":350,"height":200,"srcset":"https:\/\/i0.wp.com\/vincentians.com\/fr\/wp-content\/uploads\/sites\/10\/2016\/07\/ephemerides-fb.jpg?fit=1200%2C630&ssl=1&resize=350%2C200 1x, https:\/\/i0.wp.com\/vincentians.com\/fr\/wp-content\/uploads\/sites\/10\/2016\/07\/ephemerides-fb.jpg?fit=1200%2C630&ssl=1&resize=525%2C300 1.5x, https:\/\/i0.wp.com\/vincentians.com\/fr\/wp-content\/uploads\/sites\/10\/2016\/07\/ephemerides-fb.jpg?fit=1200%2C630&ssl=1&resize=700%2C400 2x, https:\/\/i0.wp.com\/vincentians.com\/fr\/wp-content\/uploads\/sites\/10\/2016\/07\/ephemerides-fb.jpg?fit=1200%2C630&ssl=1&resize=1050%2C600 3x"},"classes":[]},{"id":190409,"url":"https:\/\/vincentians.com\/fr\/ephemerides-16-avril\/","url_meta":{"origin":190410,"position":2},"title":"Eph\u00e9m\u00e9rides : 16 avril","author":"Francisco Javier Fern\u00e1ndez Chento","date":"16\/04\/2017","format":false,"excerpt":"1827. De Paris , Mgr de Qu\u00e9len adresse au Pape L\u00e9on XII une supplique au sujet du projet qu'il a con\u00e7u de faire transf\u00e9rer solennellement les reliques de notre Bienheureux P\u00e8re dans la chapelle, r\u00e9cemment construite, de la Maison-M\u00e8re. L'archev\u00eaque terminait par cette phrase\u00a0: \u00abJ'ai dessein de faire cette translation\u2026","rel":"","context":"Dans &quot;\u00c9ph\u00e9m\u00e9rides vincentiens&quot;","block_context":{"text":"\u00c9ph\u00e9m\u00e9rides vincentiens","link":"https:\/\/vincentians.com\/fr\/category\/ephemerides-vincentiens\/"},"img":{"alt_text":"","src":"https:\/\/i0.wp.com\/vincentians.com\/fr\/wp-content\/uploads\/sites\/10\/2016\/07\/ephemerides-fb.jpg?fit=1200%2C630&ssl=1&resize=350%2C200","width":350,"height":200,"srcset":"https:\/\/i0.wp.com\/vincentians.com\/fr\/wp-content\/uploads\/sites\/10\/2016\/07\/ephemerides-fb.jpg?fit=1200%2C630&ssl=1&resize=350%2C200 1x, https:\/\/i0.wp.com\/vincentians.com\/fr\/wp-content\/uploads\/sites\/10\/2016\/07\/ephemerides-fb.jpg?fit=1200%2C630&ssl=1&resize=525%2C300 1.5x, https:\/\/i0.wp.com\/vincentians.com\/fr\/wp-content\/uploads\/sites\/10\/2016\/07\/ephemerides-fb.jpg?fit=1200%2C630&ssl=1&resize=700%2C400 2x, https:\/\/i0.wp.com\/vincentians.com\/fr\/wp-content\/uploads\/sites\/10\/2016\/07\/ephemerides-fb.jpg?fit=1200%2C630&ssl=1&resize=1050%2C600 3x"},"classes":[]},{"id":180851,"url":"https:\/\/vincentians.com\/fr\/ephemerides-28-fevrier\/","url_meta":{"origin":190410,"position":3},"title":"Eph\u00e9m\u00e9rides: 28 f\u00e9vrier","author":"Francisco Javier Fern\u00e1ndez Chento","date":"28\/02\/2017","format":false,"excerpt":"En 1608 , de Rome \u00abo\u00f9 il \u00e9tait vraisemblablement arriv\u00e9 dans le courant de l'ann\u00e9e pr\u00e9c\u00e9dente\u00bb, saint Vincent \u00e9crit \u00e0 M. de Comet, son bienfaiteur, sa deuxi\u00e8me lettre. Il y d\u00e9clare que \u00abMgr le vice-l\u00e9gat qui \u00e9tait d'Avignon\u00bb ne veut plus se s\u00e9parer de lui, \u00e0 cause \u00abde forces belles\u2026","rel":"","context":"Dans &quot;\u00c9ph\u00e9m\u00e9rides vincentiens&quot;","block_context":{"text":"\u00c9ph\u00e9m\u00e9rides vincentiens","link":"https:\/\/vincentians.com\/fr\/category\/ephemerides-vincentiens\/"},"img":{"alt_text":"","src":"https:\/\/i0.wp.com\/vincentians.com\/fr\/wp-content\/uploads\/sites\/10\/2016\/07\/ephemerides-fb.jpg?fit=1200%2C630&ssl=1&resize=350%2C200","width":350,"height":200,"srcset":"https:\/\/i0.wp.com\/vincentians.com\/fr\/wp-content\/uploads\/sites\/10\/2016\/07\/ephemerides-fb.jpg?fit=1200%2C630&ssl=1&resize=350%2C200 1x, https:\/\/i0.wp.com\/vincentians.com\/fr\/wp-content\/uploads\/sites\/10\/2016\/07\/ephemerides-fb.jpg?fit=1200%2C630&ssl=1&resize=525%2C300 1.5x, https:\/\/i0.wp.com\/vincentians.com\/fr\/wp-content\/uploads\/sites\/10\/2016\/07\/ephemerides-fb.jpg?fit=1200%2C630&ssl=1&resize=700%2C400 2x, https:\/\/i0.wp.com\/vincentians.com\/fr\/wp-content\/uploads\/sites\/10\/2016\/07\/ephemerides-fb.jpg?fit=1200%2C630&ssl=1&resize=1050%2C600 3x"},"classes":[]},{"id":52070,"url":"https:\/\/vincentians.com\/fr\/saint-vincent-de-paul-et-sa-mission-sociale-vi-la-posterite-2\/","url_meta":{"origin":190410,"position":4},"title":"Saint Vincent De Paul Et Sa Mission Sociale. VI &#8211; La Post\u00e9rit\u00e9 (2)","author":"Francisco Javier Fern\u00e1ndez Chento","date":"31\/12\/2014","format":false,"excerpt":"L\u2019\u00c9PREUVE. \u2014 Le pillage de Saint-Lazare. \u2014 Les id\u00e9es de la R\u00e9volution. \u2014 Charit\u00e9 et philanthropie. \u2014 D\u00e9sorganisation des h\u00f4pitaux. \u2014 Suppression des congr\u00e9gations hospitali\u00e8res et enseignantes. \u2014 Massacres de Saint-Firmin. \u2014 Destruction de l\u2019\u0153uvre de saint Vincent de Paul. \u2014 Plan de r\u00e9forme humanitaire. \u2014 Les pr\u00eatres de la\u2026","rel":"","context":"Dans &quot;Vincent de Paul&quot;","block_context":{"text":"Vincent de Paul","link":"https:\/\/vincentians.com\/fr\/category\/the-vincentian-family\/founders\/vincent-de-paul\/"},"img":{"alt_text":"","src":"https:\/\/i0.wp.com\/vincentians.com\/fr\/wp-content\/uploads\/sites\/10\/2016\/07\/vincent-et-sa-action-sociale.jpg?fit=1160%2C630&ssl=1&resize=350%2C200","width":350,"height":200,"srcset":"https:\/\/i0.wp.com\/vincentians.com\/fr\/wp-content\/uploads\/sites\/10\/2016\/07\/vincent-et-sa-action-sociale.jpg?fit=1160%2C630&ssl=1&resize=350%2C200 1x, https:\/\/i0.wp.com\/vincentians.com\/fr\/wp-content\/uploads\/sites\/10\/2016\/07\/vincent-et-sa-action-sociale.jpg?fit=1160%2C630&ssl=1&resize=525%2C300 1.5x, https:\/\/i0.wp.com\/vincentians.com\/fr\/wp-content\/uploads\/sites\/10\/2016\/07\/vincent-et-sa-action-sociale.jpg?fit=1160%2C630&ssl=1&resize=700%2C400 2x, https:\/\/i0.wp.com\/vincentians.com\/fr\/wp-content\/uploads\/sites\/10\/2016\/07\/vincent-et-sa-action-sociale.jpg?fit=1160%2C630&ssl=1&resize=1050%2C600 3x"},"classes":[]},{"id":104146,"url":"https:\/\/vincentians.com\/fr\/ephemerides-13-novembre\/","url_meta":{"origin":190410,"position":5},"title":"Eph\u00e9m\u00e9rides: 13 novembre","author":"Francisco Javier Fern\u00e1ndez Chento","date":"13\/11\/2016","format":false,"excerpt":"1646. \u00c0 Paris, Edme Jolly est re\u00e7u au s\u00e9minaire interne. Il a vingt-quatre ans (1). 1686. Anne-Louise d\u2019Orl\u00e9ans, duchesse de Montpensier, signe le contrat pour les Filles de la Charit\u00e9 \u00e9tablies \u00e0 l\u2019h\u00f4pital Saint-Louis de Criel depuis le 6 mars 1685. S\u0153ur Jeanne Tardif est la premi\u00e8re S\u0153ur Servante. En\u2026","rel":"","context":"Dans &quot;\u00c9ph\u00e9m\u00e9rides vincentiens&quot;","block_context":{"text":"\u00c9ph\u00e9m\u00e9rides vincentiens","link":"https:\/\/vincentians.com\/fr\/category\/ephemerides-vincentiens\/"},"img":{"alt_text":"","src":"https:\/\/i0.wp.com\/vincentians.com\/fr\/wp-content\/uploads\/sites\/10\/2016\/07\/ephemerides-fb.jpg?fit=1200%2C630&ssl=1&resize=350%2C200","width":350,"height":200,"srcset":"https:\/\/i0.wp.com\/vincentians.com\/fr\/wp-content\/uploads\/sites\/10\/2016\/07\/ephemerides-fb.jpg?fit=1200%2C630&ssl=1&resize=350%2C200 1x, https:\/\/i0.wp.com\/vincentians.com\/fr\/wp-content\/uploads\/sites\/10\/2016\/07\/ephemerides-fb.jpg?fit=1200%2C630&ssl=1&resize=525%2C300 1.5x, https:\/\/i0.wp.com\/vincentians.com\/fr\/wp-content\/uploads\/sites\/10\/2016\/07\/ephemerides-fb.jpg?fit=1200%2C630&ssl=1&resize=700%2C400 2x, https:\/\/i0.wp.com\/vincentians.com\/fr\/wp-content\/uploads\/sites\/10\/2016\/07\/ephemerides-fb.jpg?fit=1200%2C630&ssl=1&resize=1050%2C600 3x"},"classes":[]}],"_links":{"self":[{"href":"https:\/\/vincentians.com\/fr\/wp-json\/wp\/v2\/posts\/190410","targetHints":{"allow":["GET"]}}],"collection":[{"href":"https:\/\/vincentians.com\/fr\/wp-json\/wp\/v2\/posts"}],"about":[{"href":"https:\/\/vincentians.com\/fr\/wp-json\/wp\/v2\/types\/post"}],"author":[{"embeddable":true,"href":"https:\/\/vincentians.com\/fr\/wp-json\/wp\/v2\/users\/4"}],"replies":[{"embeddable":true,"href":"https:\/\/vincentians.com\/fr\/wp-json\/wp\/v2\/comments?post=190410"}],"version-history":[{"count":0,"href":"https:\/\/vincentians.com\/fr\/wp-json\/wp\/v2\/posts\/190410\/revisions"}],"wp:featuredmedia":[{"embeddable":true,"href":"https:\/\/vincentians.com\/fr\/wp-json\/wp\/v2\/media\/149897"}],"wp:attachment":[{"href":"https:\/\/vincentians.com\/fr\/wp-json\/wp\/v2\/media?parent=190410"}],"wp:term":[{"taxonomy":"category","embeddable":true,"href":"https:\/\/vincentians.com\/fr\/wp-json\/wp\/v2\/categories?post=190410"},{"taxonomy":"post_tag","embeddable":true,"href":"https:\/\/vincentians.com\/fr\/wp-json\/wp\/v2\/tags?post=190410"}],"curies":[{"name":"wp","href":"https:\/\/api.w.org\/{rel}","templated":true}]}}