{"id":190407,"date":"2017-04-22T00:01:17","date_gmt":"2017-04-21T22:01:17","guid":{"rendered":"http:\/\/vincentians.com\/fr\/?p=190407"},"modified":"2016-08-11T18:00:21","modified_gmt":"2016-08-11T16:00:21","slug":"ephemerides-22-avril","status":"publish","type":"post","link":"https:\/\/vincentians.com\/fr\/ephemerides-22-avril\/","title":{"rendered":"Eph\u00e9m\u00e9rides : 22 avril"},"content":{"rendered":"<p><b>1723<\/b>. \u00c0 Etr\u00e9pagny , dans l&rsquo;Eure, naissance de Marie-Madeleine Fontaine qui sera l&rsquo;une des quatre Filles de la Charit\u00e9 d&rsquo;Arras guillotin\u00e9es \u00e0 Cambrai, le 26 juin 1794, et b\u00e9atifi\u00e9es le 13 juin 1920 (1).<\/p>\n<p><b>1773<\/b>. \u00c0 Versailles , Louis XV ordonne, par lettres patentes, que la principalit\u00e9 et la chapellenie du Coll\u00e9ge des Bons-Enfants soient et demeurent unies \u00e0 perp\u00e9tuit\u00e9 \u00e0 la Congr\u00e9gation de la Mission. Cette d\u00e9cision royale a \u00e9t\u00e9 rendue n\u00e9cessaire par des contestations qui se sont \u00e9lev\u00e9es depuis une dizaine d&rsquo;ann\u00e9es. Elles \u00e9taient suscit\u00e9es par les marguilliers des villages du Menil-Aubri et de Fontenay-en-France\u00a0; puis par les descendants de Jean Pluyette qui, dans son testament, avait fond\u00e9 deux bourses dont le Coll\u00e8ge des Bons Enfants devait s&rsquo;acquitter\u00a0; enfin par les administrateurs du Coll\u00e8ge de Louis-le-Grand (2).<\/p>\n<p><b>1919<\/b>. La Mission de Tabriz recueille les orphelins des massacres d&rsquo;Ourmiah et de Tabriz.(R)<\/p>\n<p><b>1937<\/b>. \u00c0 Cuvry , mort de M. Auguste Halinger, premier sup\u00e9rieur de la jeune \u00c9cole apostolique de Lorraine. Officiellement, il \u00e9tait dans la cinquante et uni\u00e8me ann\u00e9e de sa vocation. En r\u00e9alit\u00e9, le d\u00e9c\u00e8s de son p\u00e8re et de sa m\u00e8re, l&rsquo;avait, au titre d&rsquo;orphelin, fait entrer \u00e0 l&rsquo;\u00e2ge de neuf ans, dans la famille Vincentienne en le confiant au d\u00e9vouement des Filles de la Charit\u00e9 de Metz. \u00c0 Wernhout, Auguste Halinger fit de solides \u00e9tudes secondaires qui lui donn\u00e8rent ce go\u00fbt de la culture classique auquel il ne renon\u00e7a jamais. Apr\u00e8s son ordination, il revient comme professeur dans sa ch\u00e8re maison de Hollande\u00a0; il y reste vingt-six ans. L&rsquo;armistice qui rendit la Lorraine \u00e0 la France, rendit aussi ce vrai Lorrain \u00e0 sa province natale. Cur\u00e9 \u00e0 Saint-Simon de Metz pendant un an, c&rsquo;est l\u00e0 que, par la volont\u00e9 du T.H. P\u00e8re Verdier, et avec l&rsquo;aide puissante de M. Bettembourg, il devient le cr\u00e9ateur de l&rsquo;Ecole apostolique inaugur\u00e9e d&rsquo;abord \u00e0 Belletanche , en attendant qu&rsquo;elle vienne se fixer dans le vieux ch\u00e2teau et le parc somptueux de Cuvry , sur les calmes rives de la Seille. Taudis que ses successeurs dilateront les b\u00e2timents, lui, M. Halinger donne \u00e0 sa petite \u00e9quipe d&rsquo;\u00e9l\u00e8ves dont chaque ann\u00e9e accro\u00eet le nombre, cet esprit de famille et de labeur joyeux que les g\u00e9n\u00e9rations suivantes ont recueilli comme un pieux et agr\u00e9able h\u00e9ritage. La vie de M. Halinger, sauf une ann\u00e9e, fut toute enti\u00e8re consacr\u00e9e au professorat, et \u00e0 part l&rsquo;accident, inattendu pour lui, de la patente qui le faisait sup\u00e9rieur, son existence s&rsquo;\u00e9coula avec la douce r\u00e9gularit\u00e9 des rivi\u00e8res lorraines. Il a laiss\u00e9, en Moselle, et sp\u00e9cialement dans le clerg\u00e9, un r\u00e9el parfum d&rsquo;\u00e9dification (3).<\/p>\n<p><b>1944<\/b>. Une bombe an\u00e9antit &#8212; sans victime humaine &#8212; la maison des Soeurs, 8, rue Championnet \u00e0 Paris, maison o\u00f9 notre M\u00e8re Decq a pass\u00e9 toute sa vie de Communaut\u00e9 avant de devenir Assistante de la Compagnie. (R)<\/p>\n<dl>\n<dd>1) Lucien Miserrnont\u00a0: Les bienheureuses Filles de la Charit\u00e9 d&rsquo;Arras (collection \u00abLes Saints\u00bb). p. 4,<\/dd>\n<dd>2) Actes du Gouvernement , pp. 44-49.<\/dd>\n<dd>3) Annales , t.102, pp. 871-877.<\/dd>\n<\/dl>\n","protected":false},"excerpt":{"rendered":"<p>1723. \u00c0 Etr\u00e9pagny , dans l&rsquo;Eure, naissance de Marie-Madeleine Fontaine qui sera l&rsquo;une des quatre Filles de la Charit\u00e9 d&rsquo;Arras guillotin\u00e9es \u00e0 Cambrai, le 26 juin 1794, et b\u00e9atifi\u00e9es le 13 juin 1920 (1). 1773. &#8230; <a href=\"https:\/\/vincentians.com\/fr\/ephemerides-22-avril\/\" class=\"more-link\">Read More<\/a><\/p>\n","protected":false},"author":4,"featured_media":149897,"comment_status":"open","ping_status":"open","sticky":false,"template":"","format":"standard","meta":{"jetpack_post_was_ever_published":false,"_jetpack_newsletter_access":"","_jetpack_dont_email_post_to_subs":false,"_jetpack_newsletter_tier_id":0,"_jetpack_memberships_contains_paywalled_content":false,"_jetpack_memberships_contains_paid_content":false,"footnotes":"","jetpack_publicize_message":"","jetpack_publicize_feature_enabled":true,"jetpack_social_post_already_shared":true,"jetpack_social_options":{"image_generator_settings":{"template":"highway","default_image_id":0,"font":"","enabled":false},"version":2}},"categories":[119],"tags":[],"class_list":["post-190407","post","type-post","status-publish","format-standard","has-post-thumbnail","hentry","category-ephemerides-vincentiens"],"yoast_head":"<!-- This site is optimized with the Yoast SEO plugin v26.3 - https:\/\/yoast.com\/wordpress\/plugins\/seo\/ -->\n<title>Eph\u00e9m\u00e9rides : 22 avril - Nous Sommes Vincentiens<\/title>\n<meta name=\"robots\" content=\"index, follow, max-snippet:-1, max-image-preview:large, max-video-preview:-1\" \/>\n<link rel=\"canonical\" href=\"https:\/\/vincentians.com\/fr\/ephemerides-22-avril\/\" \/>\n<meta property=\"og:locale\" content=\"fr_FR\" \/>\n<meta property=\"og:type\" content=\"article\" \/>\n<meta property=\"og:title\" content=\"Eph\u00e9m\u00e9rides : 22 avril - Nous Sommes Vincentiens\" \/>\n<meta property=\"og:description\" content=\"1723. \u00c0 Etr\u00e9pagny , dans l&rsquo;Eure, naissance de Marie-Madeleine Fontaine qui sera l&rsquo;une des quatre Filles de la Charit\u00e9 d&rsquo;Arras guillotin\u00e9es \u00e0 Cambrai, le 26 juin 1794, et b\u00e9atifi\u00e9es le 13 juin 1920 (1). 1773. ... Read More\" \/>\n<meta property=\"og:url\" content=\"https:\/\/vincentians.com\/fr\/ephemerides-22-avril\/\" \/>\n<meta property=\"og:site_name\" content=\"Nous Sommes Vincentiens\" \/>\n<meta property=\"article:publisher\" content=\"https:\/\/www.facebook.com\/WeAreVincentians\/\" \/>\n<meta property=\"article:author\" content=\"https:\/\/www.facebook.com\/JavierChento\" \/>\n<meta property=\"article:published_time\" content=\"2017-04-21T22:01:17+00:00\" \/>\n<meta property=\"og:image\" content=\"https:\/\/i0.wp.com\/vincentians.com\/fr\/wp-content\/uploads\/sites\/10\/2016\/07\/ephemerides-fb.jpg?fit=1200%2C630&ssl=1\" \/>\n\t<meta property=\"og:image:width\" content=\"1200\" \/>\n\t<meta property=\"og:image:height\" content=\"630\" \/>\n\t<meta property=\"og:image:type\" content=\"image\/jpeg\" \/>\n<meta name=\"author\" content=\"Francisco Javier Fern\u00e1ndez Chento\" \/>\n<meta name=\"twitter:card\" content=\"summary_large_image\" \/>\n<meta name=\"twitter:creator\" content=\"@https:\/\/twitter.com\/javierchento\" \/>\n<meta name=\"twitter:site\" content=\"@WeVincentians\" \/>\n<meta name=\"twitter:label1\" content=\"\u00c9crit par\" \/>\n\t<meta name=\"twitter:data1\" content=\"Francisco Javier Fern\u00e1ndez Chento\" \/>\n\t<meta name=\"twitter:label2\" content=\"Dur\u00e9e de lecture estim\u00e9e\" \/>\n\t<meta name=\"twitter:data2\" content=\"3 minutes\" \/>\n<script type=\"application\/ld+json\" class=\"yoast-schema-graph\">{\"@context\":\"https:\/\/schema.org\",\"@graph\":[{\"@type\":\"WebPage\",\"@id\":\"https:\/\/vincentians.com\/fr\/ephemerides-22-avril\/\",\"url\":\"https:\/\/vincentians.com\/fr\/ephemerides-22-avril\/\",\"name\":\"Eph\u00e9m\u00e9rides : 22 avril - Nous Sommes Vincentiens\",\"isPartOf\":{\"@id\":\"https:\/\/vincentians.com\/fr\/#website\"},\"primaryImageOfPage\":{\"@id\":\"https:\/\/vincentians.com\/fr\/ephemerides-22-avril\/#primaryimage\"},\"image\":{\"@id\":\"https:\/\/vincentians.com\/fr\/ephemerides-22-avril\/#primaryimage\"},\"thumbnailUrl\":\"https:\/\/i0.wp.com\/vincentians.com\/fr\/wp-content\/uploads\/sites\/10\/2016\/07\/ephemerides-fb.jpg?fit=1200%2C630&ssl=1\",\"datePublished\":\"2017-04-21T22:01:17+00:00\",\"author\":{\"@id\":\"https:\/\/vincentians.com\/fr\/#\/schema\/person\/9623ef4d9aa3b2dfb8c061f1499288f2\"},\"breadcrumb\":{\"@id\":\"https:\/\/vincentians.com\/fr\/ephemerides-22-avril\/#breadcrumb\"},\"inLanguage\":\"fr-FR\",\"potentialAction\":[{\"@type\":\"ReadAction\",\"target\":[\"https:\/\/vincentians.com\/fr\/ephemerides-22-avril\/\"]}]},{\"@type\":\"ImageObject\",\"inLanguage\":\"fr-FR\",\"@id\":\"https:\/\/vincentians.com\/fr\/ephemerides-22-avril\/#primaryimage\",\"url\":\"https:\/\/i0.wp.com\/vincentians.com\/fr\/wp-content\/uploads\/sites\/10\/2016\/07\/ephemerides-fb.jpg?fit=1200%2C630&ssl=1\",\"contentUrl\":\"https:\/\/i0.wp.com\/vincentians.com\/fr\/wp-content\/uploads\/sites\/10\/2016\/07\/ephemerides-fb.jpg?fit=1200%2C630&ssl=1\",\"width\":1200,\"height\":630},{\"@type\":\"BreadcrumbList\",\"@id\":\"https:\/\/vincentians.com\/fr\/ephemerides-22-avril\/#breadcrumb\",\"itemListElement\":[{\"@type\":\"ListItem\",\"position\":1,\"name\":\"Portada\",\"item\":\"https:\/\/vincentians.com\/fr\/\"},{\"@type\":\"ListItem\",\"position\":2,\"name\":\"Eph\u00e9m\u00e9rides : 22 avril\"}]},{\"@type\":\"WebSite\",\"@id\":\"https:\/\/vincentians.com\/fr\/#website\",\"url\":\"https:\/\/vincentians.com\/fr\/\",\"name\":\"Nous Sommes Vincentiens\",\"description\":\"Know more to serve more\",\"potentialAction\":[{\"@type\":\"SearchAction\",\"target\":{\"@type\":\"EntryPoint\",\"urlTemplate\":\"https:\/\/vincentians.com\/fr\/?s={search_term_string}\"},\"query-input\":{\"@type\":\"PropertyValueSpecification\",\"valueRequired\":true,\"valueName\":\"search_term_string\"}}],\"inLanguage\":\"fr-FR\"},{\"@type\":\"Person\",\"@id\":\"https:\/\/vincentians.com\/fr\/#\/schema\/person\/9623ef4d9aa3b2dfb8c061f1499288f2\",\"name\":\"Francisco Javier Fern\u00e1ndez Chento\",\"image\":{\"@type\":\"ImageObject\",\"inLanguage\":\"fr-FR\",\"@id\":\"https:\/\/vincentians.com\/fr\/#\/schema\/person\/image\/\",\"url\":\"https:\/\/secure.gravatar.com\/avatar\/497d5cde87b4c3d097d0315953521681ba2cd523ee66e5077c3711f7021e65de?s=96&d=mm&r=g\",\"contentUrl\":\"https:\/\/secure.gravatar.com\/avatar\/497d5cde87b4c3d097d0315953521681ba2cd523ee66e5077c3711f7021e65de?s=96&d=mm&r=g\",\"caption\":\"Francisco Javier Fern\u00e1ndez Chento\"},\"description\":\"Director General y cofundador de La Red de Formaci\u00f3n Vicenciana. Javier es laico vicenciano, afiliado a la Congregaci\u00f3n de la Misi\u00f3n y miembro del Equipo de Misiones Populares de la provincia can\u00f3nica de Zaragoza (Espa\u00f1a) de la Congregaci\u00f3n de la Misi\u00f3n. Graduado en la Universidad Oberta de Catalunya con cuatro grados (Asistente de direcci\u00f3n, Gesti\u00f3n Administrativa, Recursos Humanos y Contabilidad Avanzada). Bil\u00edng\u00fce Espa\u00f1ol\/Ingl\u00e9s. gestiona y mantiene varias p\u00e1ginas web cristianas y vicencianas, incluida including La Red de Formaci\u00f3n Vicenciana, de la que es cofundador. Actualmente es responsable del \u00e1rea de Espa\u00f1ol de .famvin, la Red de Noticias de la Familia Vicenciana. Tambi\u00e9n es m\u00fasico cat\u00f3lico y ha editado varios discos. Es Director General y cofundador de Trovador, una reconocida compa\u00f1\u00eda discogr\u00e1fica critiana de Espa\u00f1a. Trabaja en las Tecnolog\u00edas de la Informaci\u00f3n, ofreciendo servicios de alojamiento, dise\u00f1o y mantenimiento Web, as\u00ed como asesoramiento, formaci\u00f3n y soluciones inform\u00e1ticas, gesti\u00f3n documental y digitalizaci\u00f3n de textos, edici\u00f3n y maquetaci\u00f3n de libros, revistas, flyers, etc.\",\"sameAs\":[\"http:\/\/chento.org\",\"https:\/\/www.facebook.com\/JavierChento\",\"https:\/\/x.com\/https:\/\/twitter.com\/javierchento\"],\"url\":\"https:\/\/vincentians.com\/fr\/author\/chento\/\"}]}<\/script>\n<!-- \/ Yoast SEO plugin. -->","yoast_head_json":{"title":"Eph\u00e9m\u00e9rides : 22 avril - Nous Sommes Vincentiens","robots":{"index":"index","follow":"follow","max-snippet":"max-snippet:-1","max-image-preview":"max-image-preview:large","max-video-preview":"max-video-preview:-1"},"canonical":"https:\/\/vincentians.com\/fr\/ephemerides-22-avril\/","og_locale":"fr_FR","og_type":"article","og_title":"Eph\u00e9m\u00e9rides : 22 avril - Nous Sommes Vincentiens","og_description":"1723. \u00c0 Etr\u00e9pagny , dans l&rsquo;Eure, naissance de Marie-Madeleine Fontaine qui sera l&rsquo;une des quatre Filles de la Charit\u00e9 d&rsquo;Arras guillotin\u00e9es \u00e0 Cambrai, le 26 juin 1794, et b\u00e9atifi\u00e9es le 13 juin 1920 (1). 1773. ... Read More","og_url":"https:\/\/vincentians.com\/fr\/ephemerides-22-avril\/","og_site_name":"Nous Sommes Vincentiens","article_publisher":"https:\/\/www.facebook.com\/WeAreVincentians\/","article_author":"https:\/\/www.facebook.com\/JavierChento","article_published_time":"2017-04-21T22:01:17+00:00","og_image":[{"width":1200,"height":630,"url":"https:\/\/i0.wp.com\/vincentians.com\/fr\/wp-content\/uploads\/sites\/10\/2016\/07\/ephemerides-fb.jpg?fit=1200%2C630&ssl=1","type":"image\/jpeg"}],"author":"Francisco Javier Fern\u00e1ndez Chento","twitter_card":"summary_large_image","twitter_creator":"@https:\/\/twitter.com\/javierchento","twitter_site":"@WeVincentians","twitter_misc":{"\u00c9crit par":"Francisco Javier Fern\u00e1ndez Chento","Dur\u00e9e de lecture estim\u00e9e":"3 minutes"},"schema":{"@context":"https:\/\/schema.org","@graph":[{"@type":"WebPage","@id":"https:\/\/vincentians.com\/fr\/ephemerides-22-avril\/","url":"https:\/\/vincentians.com\/fr\/ephemerides-22-avril\/","name":"Eph\u00e9m\u00e9rides : 22 avril - Nous Sommes Vincentiens","isPartOf":{"@id":"https:\/\/vincentians.com\/fr\/#website"},"primaryImageOfPage":{"@id":"https:\/\/vincentians.com\/fr\/ephemerides-22-avril\/#primaryimage"},"image":{"@id":"https:\/\/vincentians.com\/fr\/ephemerides-22-avril\/#primaryimage"},"thumbnailUrl":"https:\/\/i0.wp.com\/vincentians.com\/fr\/wp-content\/uploads\/sites\/10\/2016\/07\/ephemerides-fb.jpg?fit=1200%2C630&ssl=1","datePublished":"2017-04-21T22:01:17+00:00","author":{"@id":"https:\/\/vincentians.com\/fr\/#\/schema\/person\/9623ef4d9aa3b2dfb8c061f1499288f2"},"breadcrumb":{"@id":"https:\/\/vincentians.com\/fr\/ephemerides-22-avril\/#breadcrumb"},"inLanguage":"fr-FR","potentialAction":[{"@type":"ReadAction","target":["https:\/\/vincentians.com\/fr\/ephemerides-22-avril\/"]}]},{"@type":"ImageObject","inLanguage":"fr-FR","@id":"https:\/\/vincentians.com\/fr\/ephemerides-22-avril\/#primaryimage","url":"https:\/\/i0.wp.com\/vincentians.com\/fr\/wp-content\/uploads\/sites\/10\/2016\/07\/ephemerides-fb.jpg?fit=1200%2C630&ssl=1","contentUrl":"https:\/\/i0.wp.com\/vincentians.com\/fr\/wp-content\/uploads\/sites\/10\/2016\/07\/ephemerides-fb.jpg?fit=1200%2C630&ssl=1","width":1200,"height":630},{"@type":"BreadcrumbList","@id":"https:\/\/vincentians.com\/fr\/ephemerides-22-avril\/#breadcrumb","itemListElement":[{"@type":"ListItem","position":1,"name":"Portada","item":"https:\/\/vincentians.com\/fr\/"},{"@type":"ListItem","position":2,"name":"Eph\u00e9m\u00e9rides : 22 avril"}]},{"@type":"WebSite","@id":"https:\/\/vincentians.com\/fr\/#website","url":"https:\/\/vincentians.com\/fr\/","name":"Nous Sommes Vincentiens","description":"Know more to serve more","potentialAction":[{"@type":"SearchAction","target":{"@type":"EntryPoint","urlTemplate":"https:\/\/vincentians.com\/fr\/?s={search_term_string}"},"query-input":{"@type":"PropertyValueSpecification","valueRequired":true,"valueName":"search_term_string"}}],"inLanguage":"fr-FR"},{"@type":"Person","@id":"https:\/\/vincentians.com\/fr\/#\/schema\/person\/9623ef4d9aa3b2dfb8c061f1499288f2","name":"Francisco Javier Fern\u00e1ndez Chento","image":{"@type":"ImageObject","inLanguage":"fr-FR","@id":"https:\/\/vincentians.com\/fr\/#\/schema\/person\/image\/","url":"https:\/\/secure.gravatar.com\/avatar\/497d5cde87b4c3d097d0315953521681ba2cd523ee66e5077c3711f7021e65de?s=96&d=mm&r=g","contentUrl":"https:\/\/secure.gravatar.com\/avatar\/497d5cde87b4c3d097d0315953521681ba2cd523ee66e5077c3711f7021e65de?s=96&d=mm&r=g","caption":"Francisco Javier Fern\u00e1ndez Chento"},"description":"Director General y cofundador de La Red de Formaci\u00f3n Vicenciana. Javier es laico vicenciano, afiliado a la Congregaci\u00f3n de la Misi\u00f3n y miembro del Equipo de Misiones Populares de la provincia can\u00f3nica de Zaragoza (Espa\u00f1a) de la Congregaci\u00f3n de la Misi\u00f3n. Graduado en la Universidad Oberta de Catalunya con cuatro grados (Asistente de direcci\u00f3n, Gesti\u00f3n Administrativa, Recursos Humanos y Contabilidad Avanzada). Bil\u00edng\u00fce Espa\u00f1ol\/Ingl\u00e9s. gestiona y mantiene varias p\u00e1ginas web cristianas y vicencianas, incluida including La Red de Formaci\u00f3n Vicenciana, de la que es cofundador. Actualmente es responsable del \u00e1rea de Espa\u00f1ol de .famvin, la Red de Noticias de la Familia Vicenciana. Tambi\u00e9n es m\u00fasico cat\u00f3lico y ha editado varios discos. Es Director General y cofundador de Trovador, una reconocida compa\u00f1\u00eda discogr\u00e1fica critiana de Espa\u00f1a. Trabaja en las Tecnolog\u00edas de la Informaci\u00f3n, ofreciendo servicios de alojamiento, dise\u00f1o y mantenimiento Web, as\u00ed como asesoramiento, formaci\u00f3n y soluciones inform\u00e1ticas, gesti\u00f3n documental y digitalizaci\u00f3n de textos, edici\u00f3n y maquetaci\u00f3n de libros, revistas, flyers, etc.","sameAs":["http:\/\/chento.org","https:\/\/www.facebook.com\/JavierChento","https:\/\/x.com\/https:\/\/twitter.com\/javierchento"],"url":"https:\/\/vincentians.com\/fr\/author\/chento\/"}]}},"jetpack_publicize_connections":[],"jetpack_featured_media_url":"https:\/\/i0.wp.com\/vincentians.com\/fr\/wp-content\/uploads\/sites\/10\/2016\/07\/ephemerides-fb.jpg?fit=1200%2C630&ssl=1","jetpack_sharing_enabled":true,"jetpack_shortlink":"https:\/\/wp.me\/p7ETMP-Nx5","jetpack-related-posts":[{"id":190565,"url":"https:\/\/vincentians.com\/fr\/ephemerides-08-juin\/","url_meta":{"origin":190407,"position":0},"title":"Eph\u00e9m\u00e9rides: 08 juin","author":"Francisco Javier Fern\u00e1ndez Chento","date":"08\/06\/2017","format":false,"excerpt":"1627. \u00c0 Paris, apr\u00e8s enqu\u00eate pr\u00e9alable confi\u00e9e \u00e0 Denis Leblanc, vicaire g\u00e9n\u00e9ral, l'archev\u00eaque, Jean-Fran\u00e7ois de Gondi signe le d\u00e9cret d'union du Coll\u00e8ge des Bons Enfants, biens et charges compris, \u00e0 la Congr\u00e9gation de la Mission (1). 1668. \u00c0 Paris, \u00e0 la requ\u00eate de la Sup\u00e9rieure, des offici\u00e8res et de toute\u2026","rel":"","context":"Dans &quot;\u00c9ph\u00e9m\u00e9rides vincentiens&quot;","block_context":{"text":"\u00c9ph\u00e9m\u00e9rides vincentiens","link":"https:\/\/vincentians.com\/fr\/category\/ephemerides-vincentiens\/"},"img":{"alt_text":"","src":"https:\/\/i0.wp.com\/vincentians.com\/fr\/wp-content\/uploads\/sites\/10\/2016\/07\/ephemerides-fb.jpg?fit=1200%2C630&ssl=1&resize=350%2C200","width":350,"height":200,"srcset":"https:\/\/i0.wp.com\/vincentians.com\/fr\/wp-content\/uploads\/sites\/10\/2016\/07\/ephemerides-fb.jpg?fit=1200%2C630&ssl=1&resize=350%2C200 1x, https:\/\/i0.wp.com\/vincentians.com\/fr\/wp-content\/uploads\/sites\/10\/2016\/07\/ephemerides-fb.jpg?fit=1200%2C630&ssl=1&resize=525%2C300 1.5x, https:\/\/i0.wp.com\/vincentians.com\/fr\/wp-content\/uploads\/sites\/10\/2016\/07\/ephemerides-fb.jpg?fit=1200%2C630&ssl=1&resize=700%2C400 2x, https:\/\/i0.wp.com\/vincentians.com\/fr\/wp-content\/uploads\/sites\/10\/2016\/07\/ephemerides-fb.jpg?fit=1200%2C630&ssl=1&resize=1050%2C600 3x"},"classes":[]},{"id":190574,"url":"https:\/\/vincentians.com\/fr\/ephemerides-27-juin\/","url_meta":{"origin":190407,"position":1},"title":"Eph\u00e9m\u00e9rides: 27 juin","author":"Francisco Javier Fern\u00e1ndez Chento","date":"27\/06\/2017","format":false,"excerpt":"1625. \u00c0 Marseille, au G\u00e9n\u00e9ral des gal\u00e8res que sa fonction a retenu en cette ville, Monsieur Vincent vient annoncer la mort de Mme de Gondi. Malgr\u00e9 les d\u00e9licats m\u00e9nagements avec lesquels notre bienheureux P\u00e8re s'acquitte de ce p\u00e9nible devoir, la douleur de M. de Gondi demeure si sensible qu'elle ach\u00e8ve\u2026","rel":"","context":"Dans &quot;\u00c9ph\u00e9m\u00e9rides vincentiens&quot;","block_context":{"text":"\u00c9ph\u00e9m\u00e9rides vincentiens","link":"https:\/\/vincentians.com\/fr\/category\/ephemerides-vincentiens\/"},"img":{"alt_text":"","src":"https:\/\/i0.wp.com\/vincentians.com\/fr\/wp-content\/uploads\/sites\/10\/2016\/07\/ephemerides-fb.jpg?fit=1200%2C630&ssl=1&resize=350%2C200","width":350,"height":200,"srcset":"https:\/\/i0.wp.com\/vincentians.com\/fr\/wp-content\/uploads\/sites\/10\/2016\/07\/ephemerides-fb.jpg?fit=1200%2C630&ssl=1&resize=350%2C200 1x, https:\/\/i0.wp.com\/vincentians.com\/fr\/wp-content\/uploads\/sites\/10\/2016\/07\/ephemerides-fb.jpg?fit=1200%2C630&ssl=1&resize=525%2C300 1.5x, https:\/\/i0.wp.com\/vincentians.com\/fr\/wp-content\/uploads\/sites\/10\/2016\/07\/ephemerides-fb.jpg?fit=1200%2C630&ssl=1&resize=700%2C400 2x, https:\/\/i0.wp.com\/vincentians.com\/fr\/wp-content\/uploads\/sites\/10\/2016\/07\/ephemerides-fb.jpg?fit=1200%2C630&ssl=1&resize=1050%2C600 3x"},"classes":[]},{"id":189327,"url":"https:\/\/vincentians.com\/fr\/ephemerides-15-juilliet\/","url_meta":{"origin":190407,"position":2},"title":"Eph\u00e9m\u00e9rides: 15 juilliet","author":"Francisco Javier Fern\u00e1ndez Chento","date":"15\/07\/2017","format":false,"excerpt":"1627. \u00c0 Paris, Monsieur Vincent, assist\u00e9 de Fran\u00e7ois du Coudray, Jean de la Salle, Jean B\u00e9cu et Antoine Lucas, prend possession du Coll\u00e8ge des Bons-Enfants. Le proc\u00e8s-verbal, r\u00e9dig\u00e9 en latin par Pierre Legay, notaire de l\u2019archev\u00each\u00e9 de Paris, fait constater que cette prise de possession s\u2019est pass\u00e9e selon les formes\u2026","rel":"","context":"Dans &quot;\u00c9ph\u00e9m\u00e9rides vincentiens&quot;","block_context":{"text":"\u00c9ph\u00e9m\u00e9rides vincentiens","link":"https:\/\/vincentians.com\/fr\/category\/ephemerides-vincentiens\/"},"img":{"alt_text":"","src":"https:\/\/i0.wp.com\/vincentians.com\/fr\/wp-content\/uploads\/sites\/10\/2016\/07\/ephemerides-fb.jpg?fit=1200%2C630&ssl=1&resize=350%2C200","width":350,"height":200,"srcset":"https:\/\/i0.wp.com\/vincentians.com\/fr\/wp-content\/uploads\/sites\/10\/2016\/07\/ephemerides-fb.jpg?fit=1200%2C630&ssl=1&resize=350%2C200 1x, https:\/\/i0.wp.com\/vincentians.com\/fr\/wp-content\/uploads\/sites\/10\/2016\/07\/ephemerides-fb.jpg?fit=1200%2C630&ssl=1&resize=525%2C300 1.5x, https:\/\/i0.wp.com\/vincentians.com\/fr\/wp-content\/uploads\/sites\/10\/2016\/07\/ephemerides-fb.jpg?fit=1200%2C630&ssl=1&resize=700%2C400 2x, https:\/\/i0.wp.com\/vincentians.com\/fr\/wp-content\/uploads\/sites\/10\/2016\/07\/ephemerides-fb.jpg?fit=1200%2C630&ssl=1&resize=1050%2C600 3x"},"classes":[]},{"id":190569,"url":"https:\/\/vincentians.com\/fr\/ephemerides-23-juin\/","url_meta":{"origin":190407,"position":3},"title":"Eph\u00e9m\u00e9rides: 23 juin","author":"Francisco Javier Fern\u00e1ndez Chento","date":"23\/06\/2017","format":false,"excerpt":"1604. \u00c0 l'\u00e2ge de 24 ans, Fran\u00e7oise-Marguerite de Silly \u00e9pousait le G\u00e9n\u00e9ral des Gal\u00e8res, Philippe-Enimanuel de Gondi\u00a0; et les fils qui naquirent de leur union furent la raison des premi\u00e8res relations de Monsieur Vincent avec Mme de Gondi. Cette m\u00e8re selon le c\u0153ur de Dieu disait\u00a0: \u00abJe souhaite bien plus\u2026","rel":"","context":"Dans &quot;\u00c9ph\u00e9m\u00e9rides vincentiens&quot;","block_context":{"text":"\u00c9ph\u00e9m\u00e9rides vincentiens","link":"https:\/\/vincentians.com\/fr\/category\/ephemerides-vincentiens\/"},"img":{"alt_text":"","src":"https:\/\/i0.wp.com\/vincentians.com\/fr\/wp-content\/uploads\/sites\/10\/2016\/07\/ephemerides-fb.jpg?fit=1200%2C630&ssl=1&resize=350%2C200","width":350,"height":200,"srcset":"https:\/\/i0.wp.com\/vincentians.com\/fr\/wp-content\/uploads\/sites\/10\/2016\/07\/ephemerides-fb.jpg?fit=1200%2C630&ssl=1&resize=350%2C200 1x, https:\/\/i0.wp.com\/vincentians.com\/fr\/wp-content\/uploads\/sites\/10\/2016\/07\/ephemerides-fb.jpg?fit=1200%2C630&ssl=1&resize=525%2C300 1.5x, https:\/\/i0.wp.com\/vincentians.com\/fr\/wp-content\/uploads\/sites\/10\/2016\/07\/ephemerides-fb.jpg?fit=1200%2C630&ssl=1&resize=700%2C400 2x, https:\/\/i0.wp.com\/vincentians.com\/fr\/wp-content\/uploads\/sites\/10\/2016\/07\/ephemerides-fb.jpg?fit=1200%2C630&ssl=1&resize=1050%2C600 3x"},"classes":[]},{"id":180863,"url":"https:\/\/vincentians.com\/fr\/ephemerides-22-fevrier\/","url_meta":{"origin":190407,"position":4},"title":"Eph\u00e9m\u00e9rides: 22 f\u00e9vrier","author":"Francisco Javier Fern\u00e1ndez Chento","date":"22\/02\/2017","format":false,"excerpt":"Les R\u00e8gles de saint Vincent portent ces mots\u00a0: \"Elles honoreront la pauvret\u00e9 de Notre-Seigneur, se contentant d'avoir leurs petites n\u00e9cessit\u00e9s... consid\u00e9rant qu'elles sont Servantes des Pauvres, et qu'ainsi, elles doivent vivre pauvrement\". (R) En 1705 , \u00e0 Paris , mort de M. Claude de la Salle. N\u00e9 le 10 ao\u00fbt\u2026","rel":"","context":"Dans &quot;\u00c9ph\u00e9m\u00e9rides vincentiens&quot;","block_context":{"text":"\u00c9ph\u00e9m\u00e9rides vincentiens","link":"https:\/\/vincentians.com\/fr\/category\/ephemerides-vincentiens\/"},"img":{"alt_text":"","src":"https:\/\/i0.wp.com\/vincentians.com\/fr\/wp-content\/uploads\/sites\/10\/2016\/07\/ephemerides-fb.jpg?fit=1200%2C630&ssl=1&resize=350%2C200","width":350,"height":200,"srcset":"https:\/\/i0.wp.com\/vincentians.com\/fr\/wp-content\/uploads\/sites\/10\/2016\/07\/ephemerides-fb.jpg?fit=1200%2C630&ssl=1&resize=350%2C200 1x, https:\/\/i0.wp.com\/vincentians.com\/fr\/wp-content\/uploads\/sites\/10\/2016\/07\/ephemerides-fb.jpg?fit=1200%2C630&ssl=1&resize=525%2C300 1.5x, https:\/\/i0.wp.com\/vincentians.com\/fr\/wp-content\/uploads\/sites\/10\/2016\/07\/ephemerides-fb.jpg?fit=1200%2C630&ssl=1&resize=700%2C400 2x, https:\/\/i0.wp.com\/vincentians.com\/fr\/wp-content\/uploads\/sites\/10\/2016\/07\/ephemerides-fb.jpg?fit=1200%2C630&ssl=1&resize=1050%2C600 3x"},"classes":[]},{"id":180855,"url":"https:\/\/vincentians.com\/fr\/ephemerides-8-fevrier\/","url_meta":{"origin":190407,"position":5},"title":"Eph\u00e9m\u00e9rides: 8 f\u00e9vrier","author":"Francisco Javier Fern\u00e1ndez Chento","date":"08\/02\/2017","format":false,"excerpt":"En 1619 , \u00e0 Paris , Louis XIII, ayant appris les services corporels et spirituels rendus dans la capitale, aux gal\u00e9riens par l'aum\u00f4nier des Gondi, cr\u00e9e, pour Monsieur Vincent, \u00e0 la demande du comte de Joigny la charge d'aum\u00f4nier r\u00e9al des gal\u00e8res (1). En 1652, Sainte Louise \u00e9crit \u00e0 une\u2026","rel":"","context":"Dans &quot;\u00c9ph\u00e9m\u00e9rides vincentiens&quot;","block_context":{"text":"\u00c9ph\u00e9m\u00e9rides vincentiens","link":"https:\/\/vincentians.com\/fr\/category\/ephemerides-vincentiens\/"},"img":{"alt_text":"","src":"https:\/\/i0.wp.com\/vincentians.com\/fr\/wp-content\/uploads\/sites\/10\/2016\/07\/ephemerides-fb.jpg?fit=1200%2C630&ssl=1&resize=350%2C200","width":350,"height":200,"srcset":"https:\/\/i0.wp.com\/vincentians.com\/fr\/wp-content\/uploads\/sites\/10\/2016\/07\/ephemerides-fb.jpg?fit=1200%2C630&ssl=1&resize=350%2C200 1x, https:\/\/i0.wp.com\/vincentians.com\/fr\/wp-content\/uploads\/sites\/10\/2016\/07\/ephemerides-fb.jpg?fit=1200%2C630&ssl=1&resize=525%2C300 1.5x, https:\/\/i0.wp.com\/vincentians.com\/fr\/wp-content\/uploads\/sites\/10\/2016\/07\/ephemerides-fb.jpg?fit=1200%2C630&ssl=1&resize=700%2C400 2x, https:\/\/i0.wp.com\/vincentians.com\/fr\/wp-content\/uploads\/sites\/10\/2016\/07\/ephemerides-fb.jpg?fit=1200%2C630&ssl=1&resize=1050%2C600 3x"},"classes":[]}],"_links":{"self":[{"href":"https:\/\/vincentians.com\/fr\/wp-json\/wp\/v2\/posts\/190407","targetHints":{"allow":["GET"]}}],"collection":[{"href":"https:\/\/vincentians.com\/fr\/wp-json\/wp\/v2\/posts"}],"about":[{"href":"https:\/\/vincentians.com\/fr\/wp-json\/wp\/v2\/types\/post"}],"author":[{"embeddable":true,"href":"https:\/\/vincentians.com\/fr\/wp-json\/wp\/v2\/users\/4"}],"replies":[{"embeddable":true,"href":"https:\/\/vincentians.com\/fr\/wp-json\/wp\/v2\/comments?post=190407"}],"version-history":[{"count":0,"href":"https:\/\/vincentians.com\/fr\/wp-json\/wp\/v2\/posts\/190407\/revisions"}],"wp:featuredmedia":[{"embeddable":true,"href":"https:\/\/vincentians.com\/fr\/wp-json\/wp\/v2\/media\/149897"}],"wp:attachment":[{"href":"https:\/\/vincentians.com\/fr\/wp-json\/wp\/v2\/media?parent=190407"}],"wp:term":[{"taxonomy":"category","embeddable":true,"href":"https:\/\/vincentians.com\/fr\/wp-json\/wp\/v2\/categories?post=190407"},{"taxonomy":"post_tag","embeddable":true,"href":"https:\/\/vincentians.com\/fr\/wp-json\/wp\/v2\/tags?post=190407"}],"curies":[{"name":"wp","href":"https:\/\/api.w.org\/{rel}","templated":true}]}}