{"id":190406,"date":"2017-04-25T00:01:17","date_gmt":"2017-04-24T22:01:17","guid":{"rendered":"http:\/\/vincentians.com\/fr\/?p=190406"},"modified":"2016-08-11T18:02:49","modified_gmt":"2016-08-11T16:02:49","slug":"ephemerides-25-avril","status":"publish","type":"post","link":"https:\/\/vincentians.com\/fr\/ephemerides-25-avril\/","title":{"rendered":"Eph\u00e9m\u00e9rides : 25 avril"},"content":{"rendered":"<p><b>1656<\/b> et <b>1659<\/b>. Deux Conseils sont tenus sous la pr\u00e9sidence de Monsieur Vincent et en tous deux, il recommande instamment l&rsquo;humilit\u00e9\u00a0: \u00ab\u00a0si les Filles de la Charit\u00e9 veulent que Dieu continue ses b\u00e9n\u00e9dictions sur elles et sur leur Compagnie\u00a0\u00bb. En 1659, il insiste encore\u00a0: \u00ab\u00a0Mes Filles, une des choses que vous devez remarquer et tenir pour maxime dans la Compagnie est qu&rsquo;il paraisse douceur et humilit\u00e9 dans les Filles que vous recevez\u00a0; je dis m\u00eame naturelle\u00a0; car c&rsquo;est une gr\u00e2ce, quoi que dans la nature &#8212; et vous devez tenir cela comme des dispositions n\u00e9cessaires pour \u00eatre Filles de la Charit\u00e9, qui doivent tellement \u00eatre humbles qu&rsquo;il n&rsquo;y ait point de lieu assez bas pour elles, parce que, comme il n&rsquo;y a point de Compagnie qui soit plus recherch\u00e9e que la v\u00f4tre, aussi n&rsquo;y a-t-il personne plus oblig\u00e9e \u00e0 pratiquer cette vertu que tes Filles de la Charit\u00e9\u201d. (R)<\/p>\n<p><b>1830<\/b>. \u00c0 Paris , se d\u00e9roule la translation solennelle des reliques de saint Vincent de Paul. La ch\u00e2sse d&rsquo;argent contenant les pr\u00e9cieux restes a \u00e9t\u00e9 transport\u00e9e, la veille, dans l&rsquo;apr\u00e8s-midi, de l&rsquo;Archev\u00each\u00e9 (tout proche) \u00e0 Notre-Dame dont le portail, la nef et le choeur, sur l&rsquo;ordre du roi, ont \u00e9t\u00e9 tendus de riches draperies. Depuis, la basilique m\u00e9tropolitaine n&rsquo;a pas d\u00e9sempli d&rsquo;une foule avide de s&rsquo;approcher des reliques du \u00abP\u00e8re des pauvres\u00bb. Ce matin, le nonce apostolique, Mgr Lambruschini, a c\u00e9l\u00e9br\u00e9 la grand&rsquo;messe pontificale en pr\u00e9sence de l&rsquo;archev\u00eaque et d&rsquo;une dizaine d&rsquo;\u00e9v\u00eaques. L&rsquo;apr\u00e8s-midi, \u00e0 trois heures, le cort\u00e8ge quitte Notre-Dame. Des associations d&rsquo;hommes, de nombreux Fr\u00e8res des \u00c9coles chr\u00e9tiennes, les s\u00e9minaires de Saint-Sulpice, d&rsquo;Issy, de Saint-Nicolas, du Saint-Esprit et des Irlandais, les pr\u00eatres du dioc\u00e8se, huit cents Filles de la Charit\u00e9 avec cinquante orphelines, pr\u00e9c\u00e8dent la ch\u00e2sse. Entour\u00e9e des Pr\u00eatres de la Mission, elle est port\u00e9e par dix hommes. Derri\u00e8re elle, s&rsquo;avancent deux cents autres Filles de la Charit\u00e9 avec cinquante orphelins, puis les chanoines, les chapelains du roi, dix-sept \u00e9v\u00eaques et l&rsquo;archev\u00eaque. Tandis qu&rsquo;un peloton de gendarmes ferme le cort\u00e8ge, quatre compagnies de grenadiers et quatre de voltigeurs marchent le long des rangs du clerg\u00e9. En sortant de la cath\u00e9drale, la procession, au chant des cantiques et au son des musiques militaires, s&rsquo;engage sur le Petit-Pont et, par la rue Taranne, la rue du Dragon et le carrefour de la Croix-Rouge, atteint la rue de S\u00e8vres. Le long du parcours, les maisons sont d\u00e9cor\u00e9es. Dans la chapelle de la Maison-M\u00e8re, o\u00f9 n&rsquo;ont pu entrer, comme le r\u00e9glait le c\u00e9r\u00e9monial, que les Filles de la Charit\u00e9, les cur\u00e9s, le chapitre de Notre-Dame et les \u00e9v\u00eaques, la ch\u00e2sse est plac\u00e9e sur une estrade au milieu du choeur. Mgr de Qu\u00e9len, en une touchante allocution, d\u00e9clare au sup\u00e9rieur g\u00e9n\u00e9ral, M. Salhorgne, qu&rsquo;il lui remet avec joie le pr\u00e9cieux d\u00e9p\u00f4t. Le successeur de saint Vincent r\u00e9pond. L&rsquo;heure tardive, \u2014 six heures du soir \u2014 ne permet pas \u00e0 Mgr Cottret, \u00e9v\u00eaque de Caryste, et chanoine de Saint-Denis, de prononcer le pan\u00e9gyrique pr\u00e9vu. C&rsquo;est par la b\u00e9n\u00e9diction pontificale que s&rsquo;ach\u00e8ve cette belle journ\u00e9e. En des temps moins troubl\u00e9s par la politique, et si la presse n&rsquo;avait pas entretenu l&rsquo;animosit\u00e9 contre Charles X et donc plus ou moins indispos\u00e9 contre une manifestation religieuse autoris\u00e9e par le gouvernement, la multitude des curieux qui, mass\u00e9s sur les trottoirs, avaient regard\u00e9 pass\u00e9 l&rsquo;imposant cort\u00e8ge, aurait sans doute montr\u00e9 son enthousiasme\u00a0: elle fit preuve de respect, certes, mais aussi de froideur. Du haut du ciel, l&rsquo;humilit\u00e9 de saint Vincent devait, au fond, se r\u00e9jouir du caract\u00e8re incomplet de ce triomphe que seule une partie du peuple parisien d\u00e9cernait \u00e0 son corps, \u00e0 ce corps que son \u00e2me avait tant de fois entra\u00een\u00e9 dans ce Paris dont il fit une Capitale de la Charit\u00e9 (1).<\/p>\n<p><b>1945<\/b>. En Hongrie , Soeur Visitatrice est appel\u00e9e dans la chambre du \u00ab\u00a0surveillant\u00a0\u00bb install\u00e9 \u00e0 la Maison Provinciale\u00a0: elle y trouve un d\u00e9l\u00e9gu\u00e9 du conseil des ouvriers qui lui remet une nouvelle d\u00e9claration \u00e0 signer\u00a0: \u00ab\u00a0je d\u00e9sire entrer au service de la R\u00e9publique Soviet et je me soumets \u00e0 tous ses ordres\u00a0\u00bb. Si quelque citoyen hongrois ne signe pas, il sera expatri\u00e9\u00a0; et les personnes religieuses \u00e9trang\u00e8res qui ne veulent pas signer doivent imm\u00e9diatement se rendre au couvent des Dames R\u00e9paratrices o\u00f9 d\u00e8s le 26 avril \u00e0 midi, elles devront \u00eatre toutes r\u00e9unies pour \u00eatre rapatri\u00e9es\u00a0\u00bb. Soeur Visitatrice prend conseil du P\u00e8re Directeur et du Prince-Primat qui, tous deux conseillent de signer mais en r\u00e9sistant au premier ordre qui violerait les droits de la conscience. Le Prince-Primat donne m\u00eame un billet \u00e9crit\u00a0: \u00ab\u00a0Les Soeurs peuvent signer tranquillement ta d\u00e9claration et je les prie et les engage \u00e0 la signer pour rester au service de l&rsquo;humanit\u00e9 souffrante\u00a0\u00bb. Interdiction fut faite ensuite aux Soeurs de faire la cuisine pour les Missionnaires et de blanchir leur linge. Le 28 avril au soir, on ferme la chapelle de la Maison Provinciale. Pour la Messe, il fallait que les Soeurs se rendent \u00e0 celle des Missionnaires. Celles qui ne pouvaient se d\u00e9placer voyaient un pr\u00eatre venir en cachette leur porter la sainte communion dans l&rsquo;infirmerie. Le 30 avril, le \u00ab\u00a0surveillant\u00a0\u00bb annonce qu&rsquo;au lieu d&rsquo;une maternit\u00e9, il a \u00e9t\u00e9 d\u00e9cid\u00e9 de confier aux Soeurs des enfants de un \u00e0 douze ans. Et le portier d\u00e9clara aux visiteurs que la Maison n&rsquo;abrite plus de Filles de la Charit\u00e9. (R)<\/p>\n<dl>\n<dd>1) Vandamme, Le Corps de saint Vincent de Paul , pp. 111-123.<\/dd>\n<\/dl>\n","protected":false},"excerpt":{"rendered":"<p>1656 et 1659. Deux Conseils sont tenus sous la pr\u00e9sidence de Monsieur Vincent et en tous deux, il recommande instamment l&rsquo;humilit\u00e9\u00a0: \u00ab\u00a0si les Filles de la Charit\u00e9 veulent que Dieu continue ses b\u00e9n\u00e9dictions sur elles &#8230; <a href=\"https:\/\/vincentians.com\/fr\/ephemerides-25-avril\/\" class=\"more-link\">Read More<\/a><\/p>\n","protected":false},"author":4,"featured_media":149897,"comment_status":"open","ping_status":"open","sticky":false,"template":"","format":"standard","meta":{"jetpack_post_was_ever_published":false,"_jetpack_newsletter_access":"","_jetpack_dont_email_post_to_subs":false,"_jetpack_newsletter_tier_id":0,"_jetpack_memberships_contains_paywalled_content":false,"_jetpack_memberships_contains_paid_content":false,"footnotes":"","jetpack_publicize_message":"","jetpack_publicize_feature_enabled":true,"jetpack_social_post_already_shared":true,"jetpack_social_options":{"image_generator_settings":{"template":"highway","default_image_id":0,"font":"","enabled":false},"version":2}},"categories":[119],"tags":[],"class_list":["post-190406","post","type-post","status-publish","format-standard","has-post-thumbnail","hentry","category-ephemerides-vincentiens"],"yoast_head":"<!-- This site is optimized with the Yoast SEO plugin v26.3 - https:\/\/yoast.com\/wordpress\/plugins\/seo\/ -->\n<title>Eph\u00e9m\u00e9rides : 25 avril - Nous Sommes Vincentiens<\/title>\n<meta name=\"robots\" content=\"index, follow, max-snippet:-1, max-image-preview:large, max-video-preview:-1\" \/>\n<link rel=\"canonical\" href=\"http:\/\/vincentians.com\/fr\/ephemerides-25-avril\/\" \/>\n<meta property=\"og:locale\" content=\"fr_FR\" \/>\n<meta property=\"og:type\" content=\"article\" \/>\n<meta property=\"og:title\" content=\"Eph\u00e9m\u00e9rides : 25 avril - Nous Sommes Vincentiens\" \/>\n<meta property=\"og:description\" content=\"1656 et 1659. Deux Conseils sont tenus sous la pr\u00e9sidence de Monsieur Vincent et en tous deux, il recommande instamment l&rsquo;humilit\u00e9\u00a0: \u00ab\u00a0si les Filles de la Charit\u00e9 veulent que Dieu continue ses b\u00e9n\u00e9dictions sur elles ... Read More\" \/>\n<meta property=\"og:url\" content=\"http:\/\/vincentians.com\/fr\/ephemerides-25-avril\/\" \/>\n<meta property=\"og:site_name\" content=\"Nous Sommes Vincentiens\" \/>\n<meta property=\"article:publisher\" content=\"https:\/\/www.facebook.com\/WeAreVincentians\/\" \/>\n<meta property=\"article:author\" content=\"https:\/\/www.facebook.com\/JavierChento\" \/>\n<meta property=\"article:published_time\" content=\"2017-04-24T22:01:17+00:00\" \/>\n<meta property=\"og:image\" content=\"https:\/\/i0.wp.com\/vincentians.com\/fr\/wp-content\/uploads\/sites\/10\/2016\/07\/ephemerides-fb.jpg?fit=1200%2C630\" \/>\n\t<meta property=\"og:image:width\" content=\"1200\" \/>\n\t<meta property=\"og:image:height\" content=\"630\" \/>\n\t<meta property=\"og:image:type\" content=\"image\/jpeg\" \/>\n<meta name=\"author\" content=\"Francisco Javier Fern\u00e1ndez Chento\" \/>\n<meta name=\"twitter:card\" content=\"summary_large_image\" \/>\n<meta name=\"twitter:creator\" content=\"@https:\/\/twitter.com\/javierchento\" \/>\n<meta name=\"twitter:site\" content=\"@WeVincentians\" \/>\n<meta name=\"twitter:label1\" content=\"\u00c9crit par\" \/>\n\t<meta name=\"twitter:data1\" content=\"Francisco Javier Fern\u00e1ndez Chento\" \/>\n\t<meta name=\"twitter:label2\" content=\"Dur\u00e9e de lecture estim\u00e9e\" \/>\n\t<meta name=\"twitter:data2\" content=\"5 minutes\" \/>\n<script type=\"application\/ld+json\" class=\"yoast-schema-graph\">{\"@context\":\"https:\/\/schema.org\",\"@graph\":[{\"@type\":\"WebPage\",\"@id\":\"http:\/\/vincentians.com\/fr\/ephemerides-25-avril\/\",\"url\":\"http:\/\/vincentians.com\/fr\/ephemerides-25-avril\/\",\"name\":\"Eph\u00e9m\u00e9rides : 25 avril - Nous Sommes Vincentiens\",\"isPartOf\":{\"@id\":\"https:\/\/vincentians.com\/fr\/#website\"},\"primaryImageOfPage\":{\"@id\":\"http:\/\/vincentians.com\/fr\/ephemerides-25-avril\/#primaryimage\"},\"image\":{\"@id\":\"http:\/\/vincentians.com\/fr\/ephemerides-25-avril\/#primaryimage\"},\"thumbnailUrl\":\"https:\/\/i0.wp.com\/vincentians.com\/fr\/wp-content\/uploads\/sites\/10\/2016\/07\/ephemerides-fb.jpg?fit=1200%2C630&ssl=1\",\"datePublished\":\"2017-04-24T22:01:17+00:00\",\"author\":{\"@id\":\"https:\/\/vincentians.com\/fr\/#\/schema\/person\/9623ef4d9aa3b2dfb8c061f1499288f2\"},\"breadcrumb\":{\"@id\":\"http:\/\/vincentians.com\/fr\/ephemerides-25-avril\/#breadcrumb\"},\"inLanguage\":\"fr-FR\",\"potentialAction\":[{\"@type\":\"ReadAction\",\"target\":[\"http:\/\/vincentians.com\/fr\/ephemerides-25-avril\/\"]}]},{\"@type\":\"ImageObject\",\"inLanguage\":\"fr-FR\",\"@id\":\"http:\/\/vincentians.com\/fr\/ephemerides-25-avril\/#primaryimage\",\"url\":\"https:\/\/i0.wp.com\/vincentians.com\/fr\/wp-content\/uploads\/sites\/10\/2016\/07\/ephemerides-fb.jpg?fit=1200%2C630&ssl=1\",\"contentUrl\":\"https:\/\/i0.wp.com\/vincentians.com\/fr\/wp-content\/uploads\/sites\/10\/2016\/07\/ephemerides-fb.jpg?fit=1200%2C630&ssl=1\",\"width\":1200,\"height\":630},{\"@type\":\"BreadcrumbList\",\"@id\":\"http:\/\/vincentians.com\/fr\/ephemerides-25-avril\/#breadcrumb\",\"itemListElement\":[{\"@type\":\"ListItem\",\"position\":1,\"name\":\"Portada\",\"item\":\"https:\/\/vincentians.com\/fr\/\"},{\"@type\":\"ListItem\",\"position\":2,\"name\":\"Eph\u00e9m\u00e9rides : 25 avril\"}]},{\"@type\":\"WebSite\",\"@id\":\"https:\/\/vincentians.com\/fr\/#website\",\"url\":\"https:\/\/vincentians.com\/fr\/\",\"name\":\"Nous Sommes Vincentiens\",\"description\":\"Know more to serve more\",\"potentialAction\":[{\"@type\":\"SearchAction\",\"target\":{\"@type\":\"EntryPoint\",\"urlTemplate\":\"https:\/\/vincentians.com\/fr\/?s={search_term_string}\"},\"query-input\":{\"@type\":\"PropertyValueSpecification\",\"valueRequired\":true,\"valueName\":\"search_term_string\"}}],\"inLanguage\":\"fr-FR\"},{\"@type\":\"Person\",\"@id\":\"https:\/\/vincentians.com\/fr\/#\/schema\/person\/9623ef4d9aa3b2dfb8c061f1499288f2\",\"name\":\"Francisco Javier Fern\u00e1ndez Chento\",\"image\":{\"@type\":\"ImageObject\",\"inLanguage\":\"fr-FR\",\"@id\":\"https:\/\/vincentians.com\/fr\/#\/schema\/person\/image\/\",\"url\":\"https:\/\/secure.gravatar.com\/avatar\/497d5cde87b4c3d097d0315953521681ba2cd523ee66e5077c3711f7021e65de?s=96&d=mm&r=g\",\"contentUrl\":\"https:\/\/secure.gravatar.com\/avatar\/497d5cde87b4c3d097d0315953521681ba2cd523ee66e5077c3711f7021e65de?s=96&d=mm&r=g\",\"caption\":\"Francisco Javier Fern\u00e1ndez Chento\"},\"description\":\"Director General y cofundador de La Red de Formaci\u00f3n Vicenciana. Javier es laico vicenciano, afiliado a la Congregaci\u00f3n de la Misi\u00f3n y miembro del Equipo de Misiones Populares de la provincia can\u00f3nica de Zaragoza (Espa\u00f1a) de la Congregaci\u00f3n de la Misi\u00f3n. Graduado en la Universidad Oberta de Catalunya con cuatro grados (Asistente de direcci\u00f3n, Gesti\u00f3n Administrativa, Recursos Humanos y Contabilidad Avanzada). Bil\u00edng\u00fce Espa\u00f1ol\/Ingl\u00e9s. gestiona y mantiene varias p\u00e1ginas web cristianas y vicencianas, incluida including La Red de Formaci\u00f3n Vicenciana, de la que es cofundador. Actualmente es responsable del \u00e1rea de Espa\u00f1ol de .famvin, la Red de Noticias de la Familia Vicenciana. Tambi\u00e9n es m\u00fasico cat\u00f3lico y ha editado varios discos. Es Director General y cofundador de Trovador, una reconocida compa\u00f1\u00eda discogr\u00e1fica critiana de Espa\u00f1a. Trabaja en las Tecnolog\u00edas de la Informaci\u00f3n, ofreciendo servicios de alojamiento, dise\u00f1o y mantenimiento Web, as\u00ed como asesoramiento, formaci\u00f3n y soluciones inform\u00e1ticas, gesti\u00f3n documental y digitalizaci\u00f3n de textos, edici\u00f3n y maquetaci\u00f3n de libros, revistas, flyers, etc.\",\"sameAs\":[\"http:\/\/chento.org\",\"https:\/\/www.facebook.com\/JavierChento\",\"https:\/\/x.com\/https:\/\/twitter.com\/javierchento\"],\"url\":\"https:\/\/vincentians.com\/fr\/author\/chento\/\"}]}<\/script>\n<!-- \/ Yoast SEO plugin. -->","yoast_head_json":{"title":"Eph\u00e9m\u00e9rides : 25 avril - Nous Sommes Vincentiens","robots":{"index":"index","follow":"follow","max-snippet":"max-snippet:-1","max-image-preview":"max-image-preview:large","max-video-preview":"max-video-preview:-1"},"canonical":"http:\/\/vincentians.com\/fr\/ephemerides-25-avril\/","og_locale":"fr_FR","og_type":"article","og_title":"Eph\u00e9m\u00e9rides : 25 avril - Nous Sommes Vincentiens","og_description":"1656 et 1659. Deux Conseils sont tenus sous la pr\u00e9sidence de Monsieur Vincent et en tous deux, il recommande instamment l&rsquo;humilit\u00e9\u00a0: \u00ab\u00a0si les Filles de la Charit\u00e9 veulent que Dieu continue ses b\u00e9n\u00e9dictions sur elles ... Read More","og_url":"http:\/\/vincentians.com\/fr\/ephemerides-25-avril\/","og_site_name":"Nous Sommes Vincentiens","article_publisher":"https:\/\/www.facebook.com\/WeAreVincentians\/","article_author":"https:\/\/www.facebook.com\/JavierChento","article_published_time":"2017-04-24T22:01:17+00:00","og_image":[{"width":1200,"height":630,"url":"https:\/\/i0.wp.com\/vincentians.com\/fr\/wp-content\/uploads\/sites\/10\/2016\/07\/ephemerides-fb.jpg?fit=1200%2C630","type":"image\/jpeg"}],"author":"Francisco Javier Fern\u00e1ndez Chento","twitter_card":"summary_large_image","twitter_creator":"@https:\/\/twitter.com\/javierchento","twitter_site":"@WeVincentians","twitter_misc":{"\u00c9crit par":"Francisco Javier Fern\u00e1ndez Chento","Dur\u00e9e de lecture estim\u00e9e":"5 minutes"},"schema":{"@context":"https:\/\/schema.org","@graph":[{"@type":"WebPage","@id":"http:\/\/vincentians.com\/fr\/ephemerides-25-avril\/","url":"http:\/\/vincentians.com\/fr\/ephemerides-25-avril\/","name":"Eph\u00e9m\u00e9rides : 25 avril - Nous Sommes Vincentiens","isPartOf":{"@id":"https:\/\/vincentians.com\/fr\/#website"},"primaryImageOfPage":{"@id":"http:\/\/vincentians.com\/fr\/ephemerides-25-avril\/#primaryimage"},"image":{"@id":"http:\/\/vincentians.com\/fr\/ephemerides-25-avril\/#primaryimage"},"thumbnailUrl":"https:\/\/i0.wp.com\/vincentians.com\/fr\/wp-content\/uploads\/sites\/10\/2016\/07\/ephemerides-fb.jpg?fit=1200%2C630&ssl=1","datePublished":"2017-04-24T22:01:17+00:00","author":{"@id":"https:\/\/vincentians.com\/fr\/#\/schema\/person\/9623ef4d9aa3b2dfb8c061f1499288f2"},"breadcrumb":{"@id":"http:\/\/vincentians.com\/fr\/ephemerides-25-avril\/#breadcrumb"},"inLanguage":"fr-FR","potentialAction":[{"@type":"ReadAction","target":["http:\/\/vincentians.com\/fr\/ephemerides-25-avril\/"]}]},{"@type":"ImageObject","inLanguage":"fr-FR","@id":"http:\/\/vincentians.com\/fr\/ephemerides-25-avril\/#primaryimage","url":"https:\/\/i0.wp.com\/vincentians.com\/fr\/wp-content\/uploads\/sites\/10\/2016\/07\/ephemerides-fb.jpg?fit=1200%2C630&ssl=1","contentUrl":"https:\/\/i0.wp.com\/vincentians.com\/fr\/wp-content\/uploads\/sites\/10\/2016\/07\/ephemerides-fb.jpg?fit=1200%2C630&ssl=1","width":1200,"height":630},{"@type":"BreadcrumbList","@id":"http:\/\/vincentians.com\/fr\/ephemerides-25-avril\/#breadcrumb","itemListElement":[{"@type":"ListItem","position":1,"name":"Portada","item":"https:\/\/vincentians.com\/fr\/"},{"@type":"ListItem","position":2,"name":"Eph\u00e9m\u00e9rides : 25 avril"}]},{"@type":"WebSite","@id":"https:\/\/vincentians.com\/fr\/#website","url":"https:\/\/vincentians.com\/fr\/","name":"Nous Sommes Vincentiens","description":"Know more to serve more","potentialAction":[{"@type":"SearchAction","target":{"@type":"EntryPoint","urlTemplate":"https:\/\/vincentians.com\/fr\/?s={search_term_string}"},"query-input":{"@type":"PropertyValueSpecification","valueRequired":true,"valueName":"search_term_string"}}],"inLanguage":"fr-FR"},{"@type":"Person","@id":"https:\/\/vincentians.com\/fr\/#\/schema\/person\/9623ef4d9aa3b2dfb8c061f1499288f2","name":"Francisco Javier Fern\u00e1ndez Chento","image":{"@type":"ImageObject","inLanguage":"fr-FR","@id":"https:\/\/vincentians.com\/fr\/#\/schema\/person\/image\/","url":"https:\/\/secure.gravatar.com\/avatar\/497d5cde87b4c3d097d0315953521681ba2cd523ee66e5077c3711f7021e65de?s=96&d=mm&r=g","contentUrl":"https:\/\/secure.gravatar.com\/avatar\/497d5cde87b4c3d097d0315953521681ba2cd523ee66e5077c3711f7021e65de?s=96&d=mm&r=g","caption":"Francisco Javier Fern\u00e1ndez Chento"},"description":"Director General y cofundador de La Red de Formaci\u00f3n Vicenciana. Javier es laico vicenciano, afiliado a la Congregaci\u00f3n de la Misi\u00f3n y miembro del Equipo de Misiones Populares de la provincia can\u00f3nica de Zaragoza (Espa\u00f1a) de la Congregaci\u00f3n de la Misi\u00f3n. Graduado en la Universidad Oberta de Catalunya con cuatro grados (Asistente de direcci\u00f3n, Gesti\u00f3n Administrativa, Recursos Humanos y Contabilidad Avanzada). Bil\u00edng\u00fce Espa\u00f1ol\/Ingl\u00e9s. gestiona y mantiene varias p\u00e1ginas web cristianas y vicencianas, incluida including La Red de Formaci\u00f3n Vicenciana, de la que es cofundador. Actualmente es responsable del \u00e1rea de Espa\u00f1ol de .famvin, la Red de Noticias de la Familia Vicenciana. Tambi\u00e9n es m\u00fasico cat\u00f3lico y ha editado varios discos. Es Director General y cofundador de Trovador, una reconocida compa\u00f1\u00eda discogr\u00e1fica critiana de Espa\u00f1a. Trabaja en las Tecnolog\u00edas de la Informaci\u00f3n, ofreciendo servicios de alojamiento, dise\u00f1o y mantenimiento Web, as\u00ed como asesoramiento, formaci\u00f3n y soluciones inform\u00e1ticas, gesti\u00f3n documental y digitalizaci\u00f3n de textos, edici\u00f3n y maquetaci\u00f3n de libros, revistas, flyers, etc.","sameAs":["http:\/\/chento.org","https:\/\/www.facebook.com\/JavierChento","https:\/\/x.com\/https:\/\/twitter.com\/javierchento"],"url":"https:\/\/vincentians.com\/fr\/author\/chento\/"}]}},"jetpack_publicize_connections":[],"jetpack_featured_media_url":"https:\/\/i0.wp.com\/vincentians.com\/fr\/wp-content\/uploads\/sites\/10\/2016\/07\/ephemerides-fb.jpg?fit=1200%2C630&ssl=1","jetpack_sharing_enabled":true,"jetpack_shortlink":"https:\/\/wp.me\/p7ETMP-Nx4","jetpack-related-posts":[{"id":39762,"url":"https:\/\/vincentians.com\/fr\/lidentite-de-la-fille-de-la-charite-elements-caracteristiques-et-distinctifs-comment-la-fdlc-peut-elle-la-vivre-aujourdhui\/","url_meta":{"origin":190406,"position":0},"title":"L\u2019identit\u00e9 de la Fille de la Charit\u00e9: \u00c9l\u00e9ments caract\u00e9ristiques et distinctifs. Comment la FdlC peut-elle la vivre aujourd\u2019hui?","author":"Francisco Javier Fern\u00e1ndez Chento","date":"05\/10\/2012","format":false,"excerpt":"Introduction Aujourd\u2019hui, les id\u00e9ologies rationalistes et totalitaires sont en partie tomb\u00e9es, et les grands progr\u00e8s scientifiques et techniques r\u00e9alis\u00e9s offrent sans aucun doute \u00e0 notre monde d\u2019immenses possibilit\u00e9s. Les progr\u00e8s mat\u00e9riels donnent lieu \u00e0 l\u2019am\u00e9lioration des conditions de vie de l\u2019humanit\u00e9 dans diff\u00e9rents domaines de la sant\u00e9, de l\u2019\u00e9ducation et\u2026","rel":"","context":"Dans &quot;Filles de la Charit\u00e9&quot;","block_context":{"text":"Filles de la Charit\u00e9","link":"https:\/\/vincentians.com\/fr\/category\/filles-de-la-charite\/"},"img":{"alt_text":"","src":"https:\/\/i0.wp.com\/vincentiens.org\/wp-content\/uploads\/2011\/05\/cruz_sv-212x300.jpg?resize=350%2C200","width":350,"height":200},"classes":[]},{"id":38477,"url":"https:\/\/vincentians.com\/fr\/le-directeur-provincial-animateur-des-filles-de-la-charite\/","url_meta":{"origin":190406,"position":1},"title":"Le Directeur Provincial \u201canimateur\u201d des Filles de la Charit\u00e9","author":"Francisco Javier Fern\u00e1ndez Chento","date":"03\/10\/2012","format":false,"excerpt":"Dans les Constitutions des Filles de la Charit\u00e9, nous trouvons \u00e0 l\u2019article 3.38: le Directeur Provincial est un pr\u00eatre de la Congr\u00e9gation de la Mission, nomm\u00e9 par le Sup\u00e9rieur G\u00e9n\u00e9ral; \u201cil partage avec la Visitatrice et son Conseil la responsabilit\u00e9 de promouvoir l\u2019esprit vincentien dans la Province\u201d Missionnaire, le directeur\u2026","rel":"","context":"Dans &quot;Congr\u00e9gation de la Mission&quot;","block_context":{"text":"Congr\u00e9gation de la Mission","link":"https:\/\/vincentians.com\/fr\/category\/congregation-de-la-mission\/"},"img":{"alt_text":"","src":"https:\/\/i0.wp.com\/vincentiens.org\/wp-content\/uploads\/2011\/05\/filles_charite-228x300.jpg?resize=350%2C200","width":350,"height":200},"classes":[]},{"id":104144,"url":"https:\/\/vincentians.com\/fr\/ephemerides-29-novembre\/","url_meta":{"origin":190406,"position":2},"title":"Eph\u00e9m\u00e9rides: 29 novembre","author":"Francisco Javier Fern\u00e1ndez Chento","date":"29\/11\/2016","format":false,"excerpt":"1633. \u00c0 Paris, en la maison de Mlle Le Gras, proche Saint-Nicolas du Chardonnet \u2014 rue des Foss\u00e9s-Saint-Victor \u2014 trois ou quatre filles s\u2019assemblent pour apprendre \u00e0 servir les pauvres\u2026 C\u2019est une consid\u00e9ration d\u2019utilit\u00e9 pratique qui est \u00e0 l\u2019origine de ce petit fait\u00a0: les d\u00e9tails concrets et peu rago\u00fbtants de\u2026","rel":"","context":"Dans &quot;\u00c9ph\u00e9m\u00e9rides vincentiens&quot;","block_context":{"text":"\u00c9ph\u00e9m\u00e9rides vincentiens","link":"https:\/\/vincentians.com\/fr\/category\/ephemerides-vincentiens\/"},"img":{"alt_text":"","src":"https:\/\/i0.wp.com\/vincentians.com\/fr\/wp-content\/uploads\/sites\/10\/2016\/07\/ephemerides-fb.jpg?fit=1200%2C630&ssl=1&resize=350%2C200","width":350,"height":200,"srcset":"https:\/\/i0.wp.com\/vincentians.com\/fr\/wp-content\/uploads\/sites\/10\/2016\/07\/ephemerides-fb.jpg?fit=1200%2C630&ssl=1&resize=350%2C200 1x, https:\/\/i0.wp.com\/vincentians.com\/fr\/wp-content\/uploads\/sites\/10\/2016\/07\/ephemerides-fb.jpg?fit=1200%2C630&ssl=1&resize=525%2C300 1.5x, https:\/\/i0.wp.com\/vincentians.com\/fr\/wp-content\/uploads\/sites\/10\/2016\/07\/ephemerides-fb.jpg?fit=1200%2C630&ssl=1&resize=700%2C400 2x, https:\/\/i0.wp.com\/vincentians.com\/fr\/wp-content\/uploads\/sites\/10\/2016\/07\/ephemerides-fb.jpg?fit=1200%2C630&ssl=1&resize=1050%2C600 3x"},"classes":[]},{"id":52038,"url":"https:\/\/vincentians.com\/fr\/saint-vincent-de-paul-et-sa-mission-sociale-ii-les-oeuvres-3\/","url_meta":{"origin":190406,"position":3},"title":"Saint Vincent De Paul Et Sa Mission Sociale. II &#8211; Les \u0152uvres (3)","author":"Francisco Javier Fern\u00e1ndez Chento","date":"23\/12\/2014","format":false,"excerpt":"LA S\u0152UR DE CHARIT\u00c9. \u2014 Mademoiselle Le Gras et Vincent de Paul. \u2014 Premiers rapports ; premi\u00e8res \u0153uvres. \u2014 Institution des Filles de la Charit\u00e9, servantes des pauvres. \u2014 Une nouvelle religieuse. \u2014 Conf\u00e9rences. \u2014 R\u00e8gles. \u2014 L\u2019H\u00f4tel de Rambouillet et l\u2019H\u00f4tel-Dieu. \u2014 Les Dames de la Charit\u00e9. Madame Goussault.\u2026","rel":"","context":"Dans &quot;Vincent de Paul&quot;","block_context":{"text":"Vincent de Paul","link":"https:\/\/vincentians.com\/fr\/category\/the-vincentian-family\/founders\/vincent-de-paul\/"},"img":{"alt_text":"","src":"https:\/\/i0.wp.com\/vincentians.com\/fr\/wp-content\/uploads\/sites\/10\/2016\/07\/vincent-et-sa-action-sociale.jpg?fit=1160%2C630&ssl=1&resize=350%2C200","width":350,"height":200,"srcset":"https:\/\/i0.wp.com\/vincentians.com\/fr\/wp-content\/uploads\/sites\/10\/2016\/07\/vincent-et-sa-action-sociale.jpg?fit=1160%2C630&ssl=1&resize=350%2C200 1x, https:\/\/i0.wp.com\/vincentians.com\/fr\/wp-content\/uploads\/sites\/10\/2016\/07\/vincent-et-sa-action-sociale.jpg?fit=1160%2C630&ssl=1&resize=525%2C300 1.5x, https:\/\/i0.wp.com\/vincentians.com\/fr\/wp-content\/uploads\/sites\/10\/2016\/07\/vincent-et-sa-action-sociale.jpg?fit=1160%2C630&ssl=1&resize=700%2C400 2x, https:\/\/i0.wp.com\/vincentians.com\/fr\/wp-content\/uploads\/sites\/10\/2016\/07\/vincent-et-sa-action-sociale.jpg?fit=1160%2C630&ssl=1&resize=1050%2C600 3x"},"classes":[]},{"id":190131,"url":"https:\/\/vincentians.com\/fr\/ephemerides-19-aout\/","url_meta":{"origin":190406,"position":4},"title":"Eph\u00e9m\u00e9rides : 19 ao\u00fbt","author":"Francisco Javier Fern\u00e1ndez Chento","date":"19\/08\/2016","format":false,"excerpt":"1650. Seize Pr\u00eatres de la Mission bient\u00f4t suivis des Filles de la Charit\u00e9 partent secourir les bless\u00e9s et malades aux environs de Rethel, Sedan, Ch\u00e2lon, etc\u2026 \u201cIl n\u2019y eut point de service quelque p\u00e9nible qu\u2019il d\u00fbt \u00eatre qu\u2019elles ne rendissent g\u00e9n\u00e9reusement en cette occasion\u2026 sauvant la vie du corps \u00e0\u2026","rel":"","context":"Dans &quot;\u00c9ph\u00e9m\u00e9rides vincentiens&quot;","block_context":{"text":"\u00c9ph\u00e9m\u00e9rides vincentiens","link":"https:\/\/vincentians.com\/fr\/category\/ephemerides-vincentiens\/"},"img":{"alt_text":"","src":"https:\/\/i0.wp.com\/vincentians.com\/fr\/wp-content\/uploads\/sites\/10\/2016\/07\/ephemerides-fb.jpg?fit=1200%2C630&ssl=1&resize=350%2C200","width":350,"height":200,"srcset":"https:\/\/i0.wp.com\/vincentians.com\/fr\/wp-content\/uploads\/sites\/10\/2016\/07\/ephemerides-fb.jpg?fit=1200%2C630&ssl=1&resize=350%2C200 1x, https:\/\/i0.wp.com\/vincentians.com\/fr\/wp-content\/uploads\/sites\/10\/2016\/07\/ephemerides-fb.jpg?fit=1200%2C630&ssl=1&resize=525%2C300 1.5x, https:\/\/i0.wp.com\/vincentians.com\/fr\/wp-content\/uploads\/sites\/10\/2016\/07\/ephemerides-fb.jpg?fit=1200%2C630&ssl=1&resize=700%2C400 2x, https:\/\/i0.wp.com\/vincentians.com\/fr\/wp-content\/uploads\/sites\/10\/2016\/07\/ephemerides-fb.jpg?fit=1200%2C630&ssl=1&resize=1050%2C600 3x"},"classes":[]},{"id":52061,"url":"https:\/\/vincentians.com\/fr\/saint-vincent-de-paul-et-sa-mission-sociale-iv-le-saint\/","url_meta":{"origin":190406,"position":5},"title":"Saint Vincent De Paul Et Sa Mission Sociale. IV &#8211; Le Saint","author":"Francisco Javier Fern\u00e1ndez Chento","date":"28\/12\/2014","format":false,"excerpt":"La charit\u00e9 ; ses sources, ses effets. \u2014 Foi, humilit\u00e9, douceur de Vincent de Paul. \u2014 Traits de ses vertus. \u2014 Les miracles. \u2014 La vision des deux globes. \u2014 La journ\u00e9e de Vincent ; occupations et aust\u00e9rit\u00e9s. \u2014 Les derniers temps de sa vie. \u2014 Mort et canonisation. \u2014\u2026","rel":"","context":"Dans &quot;Vincent de Paul&quot;","block_context":{"text":"Vincent de Paul","link":"https:\/\/vincentians.com\/fr\/category\/the-vincentian-family\/founders\/vincent-de-paul\/"},"img":{"alt_text":"","src":"https:\/\/i0.wp.com\/vincentians.com\/fr\/wp-content\/uploads\/sites\/10\/2016\/07\/vincent-et-sa-action-sociale.jpg?fit=1160%2C630&ssl=1&resize=350%2C200","width":350,"height":200,"srcset":"https:\/\/i0.wp.com\/vincentians.com\/fr\/wp-content\/uploads\/sites\/10\/2016\/07\/vincent-et-sa-action-sociale.jpg?fit=1160%2C630&ssl=1&resize=350%2C200 1x, https:\/\/i0.wp.com\/vincentians.com\/fr\/wp-content\/uploads\/sites\/10\/2016\/07\/vincent-et-sa-action-sociale.jpg?fit=1160%2C630&ssl=1&resize=525%2C300 1.5x, https:\/\/i0.wp.com\/vincentians.com\/fr\/wp-content\/uploads\/sites\/10\/2016\/07\/vincent-et-sa-action-sociale.jpg?fit=1160%2C630&ssl=1&resize=700%2C400 2x, https:\/\/i0.wp.com\/vincentians.com\/fr\/wp-content\/uploads\/sites\/10\/2016\/07\/vincent-et-sa-action-sociale.jpg?fit=1160%2C630&ssl=1&resize=1050%2C600 3x"},"classes":[]}],"_links":{"self":[{"href":"https:\/\/vincentians.com\/fr\/wp-json\/wp\/v2\/posts\/190406","targetHints":{"allow":["GET"]}}],"collection":[{"href":"https:\/\/vincentians.com\/fr\/wp-json\/wp\/v2\/posts"}],"about":[{"href":"https:\/\/vincentians.com\/fr\/wp-json\/wp\/v2\/types\/post"}],"author":[{"embeddable":true,"href":"https:\/\/vincentians.com\/fr\/wp-json\/wp\/v2\/users\/4"}],"replies":[{"embeddable":true,"href":"https:\/\/vincentians.com\/fr\/wp-json\/wp\/v2\/comments?post=190406"}],"version-history":[{"count":0,"href":"https:\/\/vincentians.com\/fr\/wp-json\/wp\/v2\/posts\/190406\/revisions"}],"wp:featuredmedia":[{"embeddable":true,"href":"https:\/\/vincentians.com\/fr\/wp-json\/wp\/v2\/media\/149897"}],"wp:attachment":[{"href":"https:\/\/vincentians.com\/fr\/wp-json\/wp\/v2\/media?parent=190406"}],"wp:term":[{"taxonomy":"category","embeddable":true,"href":"https:\/\/vincentians.com\/fr\/wp-json\/wp\/v2\/categories?post=190406"},{"taxonomy":"post_tag","embeddable":true,"href":"https:\/\/vincentians.com\/fr\/wp-json\/wp\/v2\/tags?post=190406"}],"curies":[{"name":"wp","href":"https:\/\/api.w.org\/{rel}","templated":true}]}}