{"id":190403,"date":"2017-04-02T00:01:17","date_gmt":"2017-04-01T22:01:17","guid":{"rendered":"http:\/\/vincentians.com\/fr\/?p=190403"},"modified":"2016-08-11T17:47:42","modified_gmt":"2016-08-11T15:47:42","slug":"ephemerides-02-avril","status":"publish","type":"post","link":"https:\/\/vincentians.com\/fr\/ephemerides-02-avril\/","title":{"rendered":"Eph\u00e9m\u00e9rides : 02 avril"},"content":{"rendered":"<p><b>1646<\/b>. L&rsquo;acte d&rsquo;union de la cure de Richelieu \u00e0 la Congr\u00e9gation de la Mission est sign\u00e9. Ainsi est compl\u00e9t\u00e9 l&rsquo;\u00e9tablissement de la Mission, tel que l&rsquo;a voulu, sur ses terres, le cardinal de Richelieu. M. Lambert, minutieusement conseill\u00e9 par saint Vincent, fera de cette cure une paroisse mod\u00e8le (au dioc\u00e8se de Tours, dans l&rsquo;actuel Indre-et-Loire).<\/p>\n<p><b>1791<\/b>. \u00c0 Lorient , sur les onze heures, le Fran\u00e7ois-R\u00e9gis Clet s&#8217;embarque pour la Chine. Au cours des jours pr\u00e9c\u00e9dents, pendant le relais de la poste, \u00e0 Vannes, Fran\u00e7ois-R\u00e9gis avait pu s&rsquo;entretenir avec Pierre-Ren\u00e9 Rogue qui venait de voir la R\u00e9volution fermer le grand s\u00e9minaire o\u00f9 il professait et supprimer les paroisses o\u00f9 il \u00e9tait vicaire. L&rsquo;histoire ne dit pas ce que fut l&rsquo;entretien entre les deux futurs martyrs\u00a0; mais la pi\u00e9t\u00e9 peut le deviner (2).<\/p>\n<p><b>1793<\/b>. \u00c0 Niort , M. Louis Hayer est guillotin\u00e9. N\u00e9 \u00e0 Sarrelouis, le 4 avril 1751, notre confr\u00e8re \u00e9tait professeur au grand s\u00e9minaire de Poitiers, quand \u00e9clata la R\u00e9volution. Ayant refus\u00e9 le serment constitutionnel, il se r\u00e9fugia \u00e0 Niort. C&rsquo;est dans cette ville qu&rsquo;il fut arr\u00eat\u00e9, un jour qu&rsquo;il allait porter les derniers sacrements \u00e0 une malade\u00a0; il y fut jug\u00e9 et condamn\u00e9. Tandis qu&rsquo;il montait sur l&rsquo;\u00e9chafaud, le soleil brillait de tout son premier \u00e9clat printanier. Alors, magnifiquement courageux, M. Hayer s&rsquo;\u00e9cria \u00abQuel beau jour pour aller au ciel\u00a0!\u00a0\u00bb (3).<\/p>\n<p><b>1793<\/b>. \u00c0 Niort , martyre de M. Bayer, arr\u00eat\u00e9 quand il portait les Sacrements \u00e0 un malade\u00a0: \u00ab\u00a0Quel beau jour pour aller au ciel\u00a0\u00bb, dit-il en montant \u00e0 l&rsquo;\u00e9chafaud.(R)<\/p>\n<p><b>1830<\/b>. \u00c0 Paris , la Commission eccl\u00e9siastique, institu\u00e9e par Mgr de Qu\u00e9len pour l&rsquo;examen des reliques de saint Vincent en vue de leur prochaine translation, et qui a inaugur\u00e9 ses travaux le 30 mars dernier en faisant transporter de la chapelle de la rue du Bac aux salons de l&rsquo;Archev\u00each\u00e9 le coffret contenant les pr\u00e9cieux ossements, enqu\u00eate aujourd&rsquo;hui, en vue de reconstituer, incident par incident, l&rsquo;histoire du corps de notre bienheureux P\u00e8re. La Commission \u00e9coute la d\u00e9position de M. Lafon, m\u00e9decin en chef de l&rsquo;h\u00f4pital des Incurables femmes, l&rsquo;h\u00f4pital La\u00ebnnec d&rsquo;aujourd&rsquo;hui. Le docteur affirme avoir vu la caisse-reliquaire chez M. Daudet, procureur g\u00e9n\u00e9ral de la Mission, qui, en 1795, avait pu, avec ce pr\u00e9cieux tr\u00e9sor, s&rsquo;installer rue Neuve-Saint-Etienne, \u00e0 Paris (4).<\/p>\n<p><b>1886<\/b>. \u00c0 Paris , dans la chapelle de l&rsquo;Archev\u00each\u00e9, Mgr Richard, coadjuteur du Cardinal Guibert, pr\u00e9side la premi\u00e8re s\u00e9ance du proc\u00e8s informatif pour la cause de b\u00e9atification de Mademoiselle Le Gras. Le but de cette r\u00e9union est de constituer officiellement le tribunal eccl\u00e9siastique. Il est pr\u00e9vu que les autres s\u00e9ances se tiendront en la Maison-M\u00e8re des Lazaristes (5).<\/p>\n<dl>\n<dd>1) Coste , II, p. 84.<\/dd>\n<dd>2) Mgr Bellet\u00a0: Vie du v\u00e9n\u00e9rable serviteur de Dieu Fran\u00e7ois-R\u00e9gis Clet pp. 35-38 &#8211; et E. Le Garrec et J. Bul\u00e9on\u00a0; Pierre-Ren\u00e9 Rogue, p. 45.<\/dd>\n<dd>3) Annales , t. 73, p. 670, et t. 90, P. 44.<\/dd>\n<dd>4) Vandamme\u00a0: Le corps de saint Vincent de Paul , pp. 93 et 77-78.<\/dd>\n<dd>5) Annales , t. 51, pp. 303-304.<\/dd>\n<\/dl>\n","protected":false},"excerpt":{"rendered":"<p>1646. L&rsquo;acte d&rsquo;union de la cure de Richelieu \u00e0 la Congr\u00e9gation de la Mission est sign\u00e9. Ainsi est compl\u00e9t\u00e9 l&rsquo;\u00e9tablissement de la Mission, tel que l&rsquo;a voulu, sur ses terres, le cardinal de Richelieu. M. &#8230; <a href=\"https:\/\/vincentians.com\/fr\/ephemerides-02-avril\/\" class=\"more-link\">Read More<\/a><\/p>\n","protected":false},"author":4,"featured_media":149897,"comment_status":"open","ping_status":"open","sticky":false,"template":"","format":"standard","meta":{"jetpack_post_was_ever_published":false,"_jetpack_newsletter_access":"","_jetpack_dont_email_post_to_subs":false,"_jetpack_newsletter_tier_id":0,"_jetpack_memberships_contains_paywalled_content":false,"_jetpack_memberships_contains_paid_content":false,"footnotes":"","jetpack_publicize_message":"","jetpack_publicize_feature_enabled":true,"jetpack_social_post_already_shared":true,"jetpack_social_options":{"image_generator_settings":{"template":"highway","default_image_id":0,"font":"","enabled":false},"version":2}},"categories":[119],"tags":[],"class_list":["post-190403","post","type-post","status-publish","format-standard","has-post-thumbnail","hentry","category-ephemerides-vincentiens"],"yoast_head":"<!-- This site is optimized with the Yoast SEO plugin v26.3 - https:\/\/yoast.com\/wordpress\/plugins\/seo\/ -->\n<title>Eph\u00e9m\u00e9rides : 02 avril - Nous Sommes Vincentiens<\/title>\n<meta name=\"robots\" content=\"index, follow, max-snippet:-1, max-image-preview:large, max-video-preview:-1\" \/>\n<link rel=\"canonical\" href=\"https:\/\/vincentians.com\/fr\/ephemerides-02-avril\/\" \/>\n<meta property=\"og:locale\" content=\"fr_FR\" \/>\n<meta property=\"og:type\" content=\"article\" \/>\n<meta property=\"og:title\" content=\"Eph\u00e9m\u00e9rides : 02 avril - Nous Sommes Vincentiens\" \/>\n<meta property=\"og:description\" content=\"1646. L&rsquo;acte d&rsquo;union de la cure de Richelieu \u00e0 la Congr\u00e9gation de la Mission est sign\u00e9. Ainsi est compl\u00e9t\u00e9 l&rsquo;\u00e9tablissement de la Mission, tel que l&rsquo;a voulu, sur ses terres, le cardinal de Richelieu. M. ... Read More\" \/>\n<meta property=\"og:url\" content=\"https:\/\/vincentians.com\/fr\/ephemerides-02-avril\/\" \/>\n<meta property=\"og:site_name\" content=\"Nous Sommes Vincentiens\" \/>\n<meta property=\"article:publisher\" content=\"https:\/\/www.facebook.com\/WeAreVincentians\/\" \/>\n<meta property=\"article:author\" content=\"https:\/\/www.facebook.com\/JavierChento\" \/>\n<meta property=\"article:published_time\" content=\"2017-04-01T22:01:17+00:00\" \/>\n<meta property=\"og:image\" content=\"https:\/\/i0.wp.com\/vincentians.com\/fr\/wp-content\/uploads\/sites\/10\/2016\/07\/ephemerides-fb.jpg?fit=1200%2C630&ssl=1\" \/>\n\t<meta property=\"og:image:width\" content=\"1200\" \/>\n\t<meta property=\"og:image:height\" content=\"630\" \/>\n\t<meta property=\"og:image:type\" content=\"image\/jpeg\" \/>\n<meta name=\"author\" content=\"Francisco Javier Fern\u00e1ndez Chento\" \/>\n<meta name=\"twitter:card\" content=\"summary_large_image\" \/>\n<meta name=\"twitter:creator\" content=\"@https:\/\/twitter.com\/javierchento\" \/>\n<meta name=\"twitter:site\" content=\"@WeVincentians\" \/>\n<meta name=\"twitter:label1\" content=\"\u00c9crit par\" \/>\n\t<meta name=\"twitter:data1\" content=\"Francisco Javier Fern\u00e1ndez Chento\" \/>\n\t<meta name=\"twitter:label2\" content=\"Dur\u00e9e de lecture estim\u00e9e\" \/>\n\t<meta name=\"twitter:data2\" content=\"3 minutes\" \/>\n<script type=\"application\/ld+json\" class=\"yoast-schema-graph\">{\"@context\":\"https:\/\/schema.org\",\"@graph\":[{\"@type\":\"WebPage\",\"@id\":\"https:\/\/vincentians.com\/fr\/ephemerides-02-avril\/\",\"url\":\"https:\/\/vincentians.com\/fr\/ephemerides-02-avril\/\",\"name\":\"Eph\u00e9m\u00e9rides : 02 avril - Nous Sommes Vincentiens\",\"isPartOf\":{\"@id\":\"https:\/\/vincentians.com\/fr\/#website\"},\"primaryImageOfPage\":{\"@id\":\"https:\/\/vincentians.com\/fr\/ephemerides-02-avril\/#primaryimage\"},\"image\":{\"@id\":\"https:\/\/vincentians.com\/fr\/ephemerides-02-avril\/#primaryimage\"},\"thumbnailUrl\":\"https:\/\/i0.wp.com\/vincentians.com\/fr\/wp-content\/uploads\/sites\/10\/2016\/07\/ephemerides-fb.jpg?fit=1200%2C630&ssl=1\",\"datePublished\":\"2017-04-01T22:01:17+00:00\",\"author\":{\"@id\":\"https:\/\/vincentians.com\/fr\/#\/schema\/person\/9623ef4d9aa3b2dfb8c061f1499288f2\"},\"breadcrumb\":{\"@id\":\"https:\/\/vincentians.com\/fr\/ephemerides-02-avril\/#breadcrumb\"},\"inLanguage\":\"fr-FR\",\"potentialAction\":[{\"@type\":\"ReadAction\",\"target\":[\"https:\/\/vincentians.com\/fr\/ephemerides-02-avril\/\"]}]},{\"@type\":\"ImageObject\",\"inLanguage\":\"fr-FR\",\"@id\":\"https:\/\/vincentians.com\/fr\/ephemerides-02-avril\/#primaryimage\",\"url\":\"https:\/\/i0.wp.com\/vincentians.com\/fr\/wp-content\/uploads\/sites\/10\/2016\/07\/ephemerides-fb.jpg?fit=1200%2C630&ssl=1\",\"contentUrl\":\"https:\/\/i0.wp.com\/vincentians.com\/fr\/wp-content\/uploads\/sites\/10\/2016\/07\/ephemerides-fb.jpg?fit=1200%2C630&ssl=1\",\"width\":1200,\"height\":630},{\"@type\":\"BreadcrumbList\",\"@id\":\"https:\/\/vincentians.com\/fr\/ephemerides-02-avril\/#breadcrumb\",\"itemListElement\":[{\"@type\":\"ListItem\",\"position\":1,\"name\":\"Portada\",\"item\":\"https:\/\/vincentians.com\/fr\/\"},{\"@type\":\"ListItem\",\"position\":2,\"name\":\"Eph\u00e9m\u00e9rides : 02 avril\"}]},{\"@type\":\"WebSite\",\"@id\":\"https:\/\/vincentians.com\/fr\/#website\",\"url\":\"https:\/\/vincentians.com\/fr\/\",\"name\":\"Nous Sommes Vincentiens\",\"description\":\"Know more to serve more\",\"potentialAction\":[{\"@type\":\"SearchAction\",\"target\":{\"@type\":\"EntryPoint\",\"urlTemplate\":\"https:\/\/vincentians.com\/fr\/?s={search_term_string}\"},\"query-input\":{\"@type\":\"PropertyValueSpecification\",\"valueRequired\":true,\"valueName\":\"search_term_string\"}}],\"inLanguage\":\"fr-FR\"},{\"@type\":\"Person\",\"@id\":\"https:\/\/vincentians.com\/fr\/#\/schema\/person\/9623ef4d9aa3b2dfb8c061f1499288f2\",\"name\":\"Francisco Javier Fern\u00e1ndez Chento\",\"image\":{\"@type\":\"ImageObject\",\"inLanguage\":\"fr-FR\",\"@id\":\"https:\/\/vincentians.com\/fr\/#\/schema\/person\/image\/\",\"url\":\"https:\/\/secure.gravatar.com\/avatar\/497d5cde87b4c3d097d0315953521681ba2cd523ee66e5077c3711f7021e65de?s=96&d=mm&r=g\",\"contentUrl\":\"https:\/\/secure.gravatar.com\/avatar\/497d5cde87b4c3d097d0315953521681ba2cd523ee66e5077c3711f7021e65de?s=96&d=mm&r=g\",\"caption\":\"Francisco Javier Fern\u00e1ndez Chento\"},\"description\":\"Director General y cofundador de La Red de Formaci\u00f3n Vicenciana. Javier es laico vicenciano, afiliado a la Congregaci\u00f3n de la Misi\u00f3n y miembro del Equipo de Misiones Populares de la provincia can\u00f3nica de Zaragoza (Espa\u00f1a) de la Congregaci\u00f3n de la Misi\u00f3n. Graduado en la Universidad Oberta de Catalunya con cuatro grados (Asistente de direcci\u00f3n, Gesti\u00f3n Administrativa, Recursos Humanos y Contabilidad Avanzada). Bil\u00edng\u00fce Espa\u00f1ol\/Ingl\u00e9s. gestiona y mantiene varias p\u00e1ginas web cristianas y vicencianas, incluida including La Red de Formaci\u00f3n Vicenciana, de la que es cofundador. Actualmente es responsable del \u00e1rea de Espa\u00f1ol de .famvin, la Red de Noticias de la Familia Vicenciana. Tambi\u00e9n es m\u00fasico cat\u00f3lico y ha editado varios discos. Es Director General y cofundador de Trovador, una reconocida compa\u00f1\u00eda discogr\u00e1fica critiana de Espa\u00f1a. Trabaja en las Tecnolog\u00edas de la Informaci\u00f3n, ofreciendo servicios de alojamiento, dise\u00f1o y mantenimiento Web, as\u00ed como asesoramiento, formaci\u00f3n y soluciones inform\u00e1ticas, gesti\u00f3n documental y digitalizaci\u00f3n de textos, edici\u00f3n y maquetaci\u00f3n de libros, revistas, flyers, etc.\",\"sameAs\":[\"http:\/\/chento.org\",\"https:\/\/www.facebook.com\/JavierChento\",\"https:\/\/x.com\/https:\/\/twitter.com\/javierchento\"],\"url\":\"https:\/\/vincentians.com\/fr\/author\/chento\/\"}]}<\/script>\n<!-- \/ Yoast SEO plugin. -->","yoast_head_json":{"title":"Eph\u00e9m\u00e9rides : 02 avril - Nous Sommes Vincentiens","robots":{"index":"index","follow":"follow","max-snippet":"max-snippet:-1","max-image-preview":"max-image-preview:large","max-video-preview":"max-video-preview:-1"},"canonical":"https:\/\/vincentians.com\/fr\/ephemerides-02-avril\/","og_locale":"fr_FR","og_type":"article","og_title":"Eph\u00e9m\u00e9rides : 02 avril - Nous Sommes Vincentiens","og_description":"1646. L&rsquo;acte d&rsquo;union de la cure de Richelieu \u00e0 la Congr\u00e9gation de la Mission est sign\u00e9. Ainsi est compl\u00e9t\u00e9 l&rsquo;\u00e9tablissement de la Mission, tel que l&rsquo;a voulu, sur ses terres, le cardinal de Richelieu. M. ... Read More","og_url":"https:\/\/vincentians.com\/fr\/ephemerides-02-avril\/","og_site_name":"Nous Sommes Vincentiens","article_publisher":"https:\/\/www.facebook.com\/WeAreVincentians\/","article_author":"https:\/\/www.facebook.com\/JavierChento","article_published_time":"2017-04-01T22:01:17+00:00","og_image":[{"width":1200,"height":630,"url":"https:\/\/i0.wp.com\/vincentians.com\/fr\/wp-content\/uploads\/sites\/10\/2016\/07\/ephemerides-fb.jpg?fit=1200%2C630&ssl=1","type":"image\/jpeg"}],"author":"Francisco Javier Fern\u00e1ndez Chento","twitter_card":"summary_large_image","twitter_creator":"@https:\/\/twitter.com\/javierchento","twitter_site":"@WeVincentians","twitter_misc":{"\u00c9crit par":"Francisco Javier Fern\u00e1ndez Chento","Dur\u00e9e de lecture estim\u00e9e":"3 minutes"},"schema":{"@context":"https:\/\/schema.org","@graph":[{"@type":"WebPage","@id":"https:\/\/vincentians.com\/fr\/ephemerides-02-avril\/","url":"https:\/\/vincentians.com\/fr\/ephemerides-02-avril\/","name":"Eph\u00e9m\u00e9rides : 02 avril - Nous Sommes Vincentiens","isPartOf":{"@id":"https:\/\/vincentians.com\/fr\/#website"},"primaryImageOfPage":{"@id":"https:\/\/vincentians.com\/fr\/ephemerides-02-avril\/#primaryimage"},"image":{"@id":"https:\/\/vincentians.com\/fr\/ephemerides-02-avril\/#primaryimage"},"thumbnailUrl":"https:\/\/i0.wp.com\/vincentians.com\/fr\/wp-content\/uploads\/sites\/10\/2016\/07\/ephemerides-fb.jpg?fit=1200%2C630&ssl=1","datePublished":"2017-04-01T22:01:17+00:00","author":{"@id":"https:\/\/vincentians.com\/fr\/#\/schema\/person\/9623ef4d9aa3b2dfb8c061f1499288f2"},"breadcrumb":{"@id":"https:\/\/vincentians.com\/fr\/ephemerides-02-avril\/#breadcrumb"},"inLanguage":"fr-FR","potentialAction":[{"@type":"ReadAction","target":["https:\/\/vincentians.com\/fr\/ephemerides-02-avril\/"]}]},{"@type":"ImageObject","inLanguage":"fr-FR","@id":"https:\/\/vincentians.com\/fr\/ephemerides-02-avril\/#primaryimage","url":"https:\/\/i0.wp.com\/vincentians.com\/fr\/wp-content\/uploads\/sites\/10\/2016\/07\/ephemerides-fb.jpg?fit=1200%2C630&ssl=1","contentUrl":"https:\/\/i0.wp.com\/vincentians.com\/fr\/wp-content\/uploads\/sites\/10\/2016\/07\/ephemerides-fb.jpg?fit=1200%2C630&ssl=1","width":1200,"height":630},{"@type":"BreadcrumbList","@id":"https:\/\/vincentians.com\/fr\/ephemerides-02-avril\/#breadcrumb","itemListElement":[{"@type":"ListItem","position":1,"name":"Portada","item":"https:\/\/vincentians.com\/fr\/"},{"@type":"ListItem","position":2,"name":"Eph\u00e9m\u00e9rides : 02 avril"}]},{"@type":"WebSite","@id":"https:\/\/vincentians.com\/fr\/#website","url":"https:\/\/vincentians.com\/fr\/","name":"Nous Sommes Vincentiens","description":"Know more to serve more","potentialAction":[{"@type":"SearchAction","target":{"@type":"EntryPoint","urlTemplate":"https:\/\/vincentians.com\/fr\/?s={search_term_string}"},"query-input":{"@type":"PropertyValueSpecification","valueRequired":true,"valueName":"search_term_string"}}],"inLanguage":"fr-FR"},{"@type":"Person","@id":"https:\/\/vincentians.com\/fr\/#\/schema\/person\/9623ef4d9aa3b2dfb8c061f1499288f2","name":"Francisco Javier Fern\u00e1ndez Chento","image":{"@type":"ImageObject","inLanguage":"fr-FR","@id":"https:\/\/vincentians.com\/fr\/#\/schema\/person\/image\/","url":"https:\/\/secure.gravatar.com\/avatar\/497d5cde87b4c3d097d0315953521681ba2cd523ee66e5077c3711f7021e65de?s=96&d=mm&r=g","contentUrl":"https:\/\/secure.gravatar.com\/avatar\/497d5cde87b4c3d097d0315953521681ba2cd523ee66e5077c3711f7021e65de?s=96&d=mm&r=g","caption":"Francisco Javier Fern\u00e1ndez Chento"},"description":"Director General y cofundador de La Red de Formaci\u00f3n Vicenciana. Javier es laico vicenciano, afiliado a la Congregaci\u00f3n de la Misi\u00f3n y miembro del Equipo de Misiones Populares de la provincia can\u00f3nica de Zaragoza (Espa\u00f1a) de la Congregaci\u00f3n de la Misi\u00f3n. Graduado en la Universidad Oberta de Catalunya con cuatro grados (Asistente de direcci\u00f3n, Gesti\u00f3n Administrativa, Recursos Humanos y Contabilidad Avanzada). Bil\u00edng\u00fce Espa\u00f1ol\/Ingl\u00e9s. gestiona y mantiene varias p\u00e1ginas web cristianas y vicencianas, incluida including La Red de Formaci\u00f3n Vicenciana, de la que es cofundador. Actualmente es responsable del \u00e1rea de Espa\u00f1ol de .famvin, la Red de Noticias de la Familia Vicenciana. Tambi\u00e9n es m\u00fasico cat\u00f3lico y ha editado varios discos. Es Director General y cofundador de Trovador, una reconocida compa\u00f1\u00eda discogr\u00e1fica critiana de Espa\u00f1a. Trabaja en las Tecnolog\u00edas de la Informaci\u00f3n, ofreciendo servicios de alojamiento, dise\u00f1o y mantenimiento Web, as\u00ed como asesoramiento, formaci\u00f3n y soluciones inform\u00e1ticas, gesti\u00f3n documental y digitalizaci\u00f3n de textos, edici\u00f3n y maquetaci\u00f3n de libros, revistas, flyers, etc.","sameAs":["http:\/\/chento.org","https:\/\/www.facebook.com\/JavierChento","https:\/\/x.com\/https:\/\/twitter.com\/javierchento"],"url":"https:\/\/vincentians.com\/fr\/author\/chento\/"}]}},"jetpack_publicize_connections":[],"jetpack_featured_media_url":"https:\/\/i0.wp.com\/vincentians.com\/fr\/wp-content\/uploads\/sites\/10\/2016\/07\/ephemerides-fb.jpg?fit=1200%2C630&ssl=1","jetpack_sharing_enabled":true,"jetpack_shortlink":"https:\/\/wp.me\/p7ETMP-Nx1","jetpack-related-posts":[{"id":103884,"url":"https:\/\/vincentians.com\/fr\/ephemerides-21-octobre\/","url_meta":{"origin":190403,"position":0},"title":"Eph\u00e9m\u00e9rides: 21 octobre","author":"Francisco Javier Fern\u00e1ndez Chento","date":"21\/10\/2016","format":false,"excerpt":"1639. Louise de Marillac propose aux deux S\u0153urs de Richelieu une profonde r\u00e9vision de vie. Depuis un an, elles soignent les pauvres et \u00e9duquent les petites filles, mais elles m\u00e8nent une vie tr\u00e8s ind\u00e9pendante l'une de l'autre. Louise de Marillac les invite \u00e0 r\u00e9fl\u00e9chir \u00e0 la mission re\u00e7ue, mission commune\u2026","rel":"","context":"Dans &quot;\u00c9ph\u00e9m\u00e9rides vincentiens&quot;","block_context":{"text":"\u00c9ph\u00e9m\u00e9rides vincentiens","link":"https:\/\/vincentians.com\/fr\/category\/ephemerides-vincentiens\/"},"img":{"alt_text":"","src":"https:\/\/i0.wp.com\/vincentians.com\/fr\/wp-content\/uploads\/sites\/10\/2016\/07\/ephemerides-fb.jpg?fit=1200%2C630&ssl=1&resize=350%2C200","width":350,"height":200,"srcset":"https:\/\/i0.wp.com\/vincentians.com\/fr\/wp-content\/uploads\/sites\/10\/2016\/07\/ephemerides-fb.jpg?fit=1200%2C630&ssl=1&resize=350%2C200 1x, https:\/\/i0.wp.com\/vincentians.com\/fr\/wp-content\/uploads\/sites\/10\/2016\/07\/ephemerides-fb.jpg?fit=1200%2C630&ssl=1&resize=525%2C300 1.5x, https:\/\/i0.wp.com\/vincentians.com\/fr\/wp-content\/uploads\/sites\/10\/2016\/07\/ephemerides-fb.jpg?fit=1200%2C630&ssl=1&resize=700%2C400 2x, https:\/\/i0.wp.com\/vincentians.com\/fr\/wp-content\/uploads\/sites\/10\/2016\/07\/ephemerides-fb.jpg?fit=1200%2C630&ssl=1&resize=1050%2C600 3x"},"classes":[]},{"id":105525,"url":"https:\/\/vincentians.com\/fr\/ephemerides-4-janvier\/","url_meta":{"origin":190403,"position":1},"title":"Eph\u00e9m\u00e9rides: 4 janvier","author":"Francisco Javier Fern\u00e1ndez Chento","date":"04\/01\/2017","format":false,"excerpt":"1659. Sainte Louise \u00e9crit \u00e0 S\u0153ur Haran \u00e0 Nantes\u00a0: \u201cPour plaire \u00e0 Dieu, il n\u2019est pas n\u00e9cessaire de sentir toujours joie et consolation. Puisque le Fils de Dieu a accompli l\u2019\u0153uvre du salut du monde par les tristesses et douleurs, il est bien raisonnable que, si nous voulons avoir part\u2026","rel":"","context":"Dans &quot;\u00c9ph\u00e9m\u00e9rides vincentiens&quot;","block_context":{"text":"\u00c9ph\u00e9m\u00e9rides vincentiens","link":"https:\/\/vincentians.com\/fr\/category\/ephemerides-vincentiens\/"},"img":{"alt_text":"","src":"https:\/\/i0.wp.com\/vincentians.com\/fr\/wp-content\/uploads\/sites\/10\/2016\/07\/ephemerides-fb.jpg?fit=1200%2C630&ssl=1&resize=350%2C200","width":350,"height":200,"srcset":"https:\/\/i0.wp.com\/vincentians.com\/fr\/wp-content\/uploads\/sites\/10\/2016\/07\/ephemerides-fb.jpg?fit=1200%2C630&ssl=1&resize=350%2C200 1x, https:\/\/i0.wp.com\/vincentians.com\/fr\/wp-content\/uploads\/sites\/10\/2016\/07\/ephemerides-fb.jpg?fit=1200%2C630&ssl=1&resize=525%2C300 1.5x, https:\/\/i0.wp.com\/vincentians.com\/fr\/wp-content\/uploads\/sites\/10\/2016\/07\/ephemerides-fb.jpg?fit=1200%2C630&ssl=1&resize=700%2C400 2x, https:\/\/i0.wp.com\/vincentians.com\/fr\/wp-content\/uploads\/sites\/10\/2016\/07\/ephemerides-fb.jpg?fit=1200%2C630&ssl=1&resize=1050%2C600 3x"},"classes":[]},{"id":190421,"url":"https:\/\/vincentians.com\/fr\/ephemerides-18-avril\/","url_meta":{"origin":190403,"position":2},"title":"Eph\u00e9m\u00e9rides : 18 avril","author":"Francisco Javier Fern\u00e1ndez Chento","date":"18\/04\/2017","format":false,"excerpt":"1794. \u00c0 Poitiers , M. Nicolas Dodin est guillotin\u00e9. N\u00e9 dans le dioc\u00e8se de Langres , le 24 septembre 1755, il \u00e9tait entr\u00e9 \u00e0 Saint-Lazare, le 9 ao\u00fbt 1775. Pendant six ans, il fut cur\u00e9 de la paroisse de Richelieu . De bonne foi, il pr\u00eata le serment \u00e0 la\u2026","rel":"","context":"Dans &quot;\u00c9ph\u00e9m\u00e9rides vincentiens&quot;","block_context":{"text":"\u00c9ph\u00e9m\u00e9rides vincentiens","link":"https:\/\/vincentians.com\/fr\/category\/ephemerides-vincentiens\/"},"img":{"alt_text":"","src":"https:\/\/i0.wp.com\/vincentians.com\/fr\/wp-content\/uploads\/sites\/10\/2016\/07\/ephemerides-fb.jpg?fit=1200%2C630&ssl=1&resize=350%2C200","width":350,"height":200,"srcset":"https:\/\/i0.wp.com\/vincentians.com\/fr\/wp-content\/uploads\/sites\/10\/2016\/07\/ephemerides-fb.jpg?fit=1200%2C630&ssl=1&resize=350%2C200 1x, https:\/\/i0.wp.com\/vincentians.com\/fr\/wp-content\/uploads\/sites\/10\/2016\/07\/ephemerides-fb.jpg?fit=1200%2C630&ssl=1&resize=525%2C300 1.5x, https:\/\/i0.wp.com\/vincentians.com\/fr\/wp-content\/uploads\/sites\/10\/2016\/07\/ephemerides-fb.jpg?fit=1200%2C630&ssl=1&resize=700%2C400 2x, https:\/\/i0.wp.com\/vincentians.com\/fr\/wp-content\/uploads\/sites\/10\/2016\/07\/ephemerides-fb.jpg?fit=1200%2C630&ssl=1&resize=1050%2C600 3x"},"classes":[]},{"id":190228,"url":"https:\/\/vincentians.com\/fr\/ephemerides-07-octobre\/","url_meta":{"origin":190403,"position":3},"title":"Eph\u00e9m\u00e9rides : 07 octobre","author":"Francisco Javier Fern\u00e1ndez Chento","date":"07\/10\/2016","format":false,"excerpt":"1658. Sainte Louise \u00e9crit \u00e0 S\u0153ur Henriette Gesseaume, Fille de la Charit\u00e9, Servante des Pauvres Malades et Bless\u00e9s \u00e0 Calais lui recommandant d\u2019\u00eatre tr\u00e8s prudente et d\u00e9sint\u00e9ress\u00e9e dans ce service\u00a0: \u201cIl faut essayer de ne point donner sujet de parler des conduites de nos S\u0153urs qui doivent toujours \u00eatre dans\u2026","rel":"","context":"Dans &quot;\u00c9ph\u00e9m\u00e9rides vincentiens&quot;","block_context":{"text":"\u00c9ph\u00e9m\u00e9rides vincentiens","link":"https:\/\/vincentians.com\/fr\/category\/ephemerides-vincentiens\/"},"img":{"alt_text":"","src":"https:\/\/i0.wp.com\/vincentians.com\/fr\/wp-content\/uploads\/sites\/10\/2016\/07\/ephemerides-fb.jpg?fit=1200%2C630&ssl=1&resize=350%2C200","width":350,"height":200,"srcset":"https:\/\/i0.wp.com\/vincentians.com\/fr\/wp-content\/uploads\/sites\/10\/2016\/07\/ephemerides-fb.jpg?fit=1200%2C630&ssl=1&resize=350%2C200 1x, https:\/\/i0.wp.com\/vincentians.com\/fr\/wp-content\/uploads\/sites\/10\/2016\/07\/ephemerides-fb.jpg?fit=1200%2C630&ssl=1&resize=525%2C300 1.5x, https:\/\/i0.wp.com\/vincentians.com\/fr\/wp-content\/uploads\/sites\/10\/2016\/07\/ephemerides-fb.jpg?fit=1200%2C630&ssl=1&resize=700%2C400 2x, https:\/\/i0.wp.com\/vincentians.com\/fr\/wp-content\/uploads\/sites\/10\/2016\/07\/ephemerides-fb.jpg?fit=1200%2C630&ssl=1&resize=1050%2C600 3x"},"classes":[]},{"id":190064,"url":"https:\/\/vincentians.com\/fr\/ephemerides-11-aout\/","url_meta":{"origin":190403,"position":4},"title":"Eph\u00e9m\u00e9rides: 11 ao\u00fbt","author":"Francisco Javier Fern\u00e1ndez Chento","date":"11\/08\/2016","format":false,"excerpt":"1676. Par contrat sign\u00e9 devant notaires avec M\u00e8re Mathurine Gu\u00e9rin et les trois offici\u00e8res en charge, Madame Elisabeth d\u2019Orl\u00e9ans, duchesse d\u2019Alen\u00e7on, \u00e9tablit trois S\u0153urs \u00e0 l\u2019H\u00f4tel-Dieu d\u2019Alen\u00e7on. Les S\u0153urs seront consid\u00e9r\u00e9es comme filles de la maison et non comme mercenaires. Des rentes sont \u00e9tablies pour leur entretien. (C) 1700. Monsieur\u2026","rel":"","context":"Dans &quot;\u00c9ph\u00e9m\u00e9rides vincentiens&quot;","block_context":{"text":"\u00c9ph\u00e9m\u00e9rides vincentiens","link":"https:\/\/vincentians.com\/fr\/category\/ephemerides-vincentiens\/"},"img":{"alt_text":"","src":"https:\/\/i0.wp.com\/vincentians.com\/fr\/wp-content\/uploads\/sites\/10\/2016\/07\/ephemerides-fb.jpg?fit=1200%2C630&ssl=1&resize=350%2C200","width":350,"height":200,"srcset":"https:\/\/i0.wp.com\/vincentians.com\/fr\/wp-content\/uploads\/sites\/10\/2016\/07\/ephemerides-fb.jpg?fit=1200%2C630&ssl=1&resize=350%2C200 1x, https:\/\/i0.wp.com\/vincentians.com\/fr\/wp-content\/uploads\/sites\/10\/2016\/07\/ephemerides-fb.jpg?fit=1200%2C630&ssl=1&resize=525%2C300 1.5x, https:\/\/i0.wp.com\/vincentians.com\/fr\/wp-content\/uploads\/sites\/10\/2016\/07\/ephemerides-fb.jpg?fit=1200%2C630&ssl=1&resize=700%2C400 2x, https:\/\/i0.wp.com\/vincentians.com\/fr\/wp-content\/uploads\/sites\/10\/2016\/07\/ephemerides-fb.jpg?fit=1200%2C630&ssl=1&resize=1050%2C600 3x"},"classes":[]},{"id":106457,"url":"https:\/\/vincentians.com\/fr\/ephemerides-27-mai\/","url_meta":{"origin":190403,"position":5},"title":"Eph\u00e9m\u00e9rides: 27 mai","author":"Francisco Javier Fern\u00e1ndez Chento","date":"27\/05\/2017","format":false,"excerpt":"En 1804, au palais de Saint-Cloud, Napol\u00e9on signe le d\u00e9cret r\u00e9tablissant la petite Compagnie. Pour m\u00e9nager les susceptibilit\u00e9s r\u00e9volutionnaires et jacobines, le texte \u00e9vite d'employer les mots \u00ab Congr\u00e9gation de la Mission \u00bb et se contente de parler d\u2019une \u00ab association de pr\u00eatres s\u00e9culiers qui, sous le titre de pr\u00eatres\u2026","rel":"","context":"Dans &quot;\u00c9ph\u00e9m\u00e9rides vincentiens&quot;","block_context":{"text":"\u00c9ph\u00e9m\u00e9rides vincentiens","link":"https:\/\/vincentians.com\/fr\/category\/ephemerides-vincentiens\/"},"img":{"alt_text":"","src":"https:\/\/i0.wp.com\/vincentians.com\/fr\/wp-content\/uploads\/sites\/10\/2016\/07\/ephemerides-fb.jpg?fit=1200%2C630&ssl=1&resize=350%2C200","width":350,"height":200,"srcset":"https:\/\/i0.wp.com\/vincentians.com\/fr\/wp-content\/uploads\/sites\/10\/2016\/07\/ephemerides-fb.jpg?fit=1200%2C630&ssl=1&resize=350%2C200 1x, https:\/\/i0.wp.com\/vincentians.com\/fr\/wp-content\/uploads\/sites\/10\/2016\/07\/ephemerides-fb.jpg?fit=1200%2C630&ssl=1&resize=525%2C300 1.5x, https:\/\/i0.wp.com\/vincentians.com\/fr\/wp-content\/uploads\/sites\/10\/2016\/07\/ephemerides-fb.jpg?fit=1200%2C630&ssl=1&resize=700%2C400 2x, https:\/\/i0.wp.com\/vincentians.com\/fr\/wp-content\/uploads\/sites\/10\/2016\/07\/ephemerides-fb.jpg?fit=1200%2C630&ssl=1&resize=1050%2C600 3x"},"classes":[]}],"_links":{"self":[{"href":"https:\/\/vincentians.com\/fr\/wp-json\/wp\/v2\/posts\/190403","targetHints":{"allow":["GET"]}}],"collection":[{"href":"https:\/\/vincentians.com\/fr\/wp-json\/wp\/v2\/posts"}],"about":[{"href":"https:\/\/vincentians.com\/fr\/wp-json\/wp\/v2\/types\/post"}],"author":[{"embeddable":true,"href":"https:\/\/vincentians.com\/fr\/wp-json\/wp\/v2\/users\/4"}],"replies":[{"embeddable":true,"href":"https:\/\/vincentians.com\/fr\/wp-json\/wp\/v2\/comments?post=190403"}],"version-history":[{"count":0,"href":"https:\/\/vincentians.com\/fr\/wp-json\/wp\/v2\/posts\/190403\/revisions"}],"wp:featuredmedia":[{"embeddable":true,"href":"https:\/\/vincentians.com\/fr\/wp-json\/wp\/v2\/media\/149897"}],"wp:attachment":[{"href":"https:\/\/vincentians.com\/fr\/wp-json\/wp\/v2\/media?parent=190403"}],"wp:term":[{"taxonomy":"category","embeddable":true,"href":"https:\/\/vincentians.com\/fr\/wp-json\/wp\/v2\/categories?post=190403"},{"taxonomy":"post_tag","embeddable":true,"href":"https:\/\/vincentians.com\/fr\/wp-json\/wp\/v2\/tags?post=190403"}],"curies":[{"name":"wp","href":"https:\/\/api.w.org\/{rel}","templated":true}]}}