{"id":190401,"date":"2017-04-07T00:01:17","date_gmt":"2017-04-06T22:01:17","guid":{"rendered":"http:\/\/vincentians.com\/fr\/?p=190401"},"modified":"2016-08-11T17:50:36","modified_gmt":"2016-08-11T15:50:36","slug":"ephemerides-07-avril","status":"publish","type":"post","link":"https:\/\/vincentians.com\/fr\/ephemerides-07-avril\/","title":{"rendered":"Eph\u00e9m\u00e9rides : 07 avril"},"content":{"rendered":"<p><b>1655<\/b>. L&rsquo;accession d&rsquo;Alexandre VII au tr\u00f4ne de saint Pierre donne \u00e0 saint Vincent l&rsquo;id\u00e9e de soumettre au nouveau Pontife les R\u00e8gles remani\u00e9es de la Compagnie. Il d\u00e9l\u00e8gue, aupr\u00e8s du pape, Edme Jolly, mieux pr\u00e9par\u00e9 que ses pr\u00e9d\u00e9cesseurs \u00e0 cette mission diplomatique. Et, de fait, ses d\u00e9marches auront plein succ\u00e8s, car, d\u00e8s le 22 septembre suivant, la Congr\u00e9gation aura un statut juridique, avec des voeux simples et l&rsquo;exemption authentique qui la distinguera \u00e0 jamais des Ordres r\u00e9guliers et des Congr\u00e9gations religieuses (1).<\/p>\n<p><b>1870<\/b>. \u00c0 Rome , Pie IX date de ce jour, le Bref qu&rsquo;il adresse au P\u00e8re \u00c9tienne en r\u00e9ponse \u00e0 la profession de foi au sujet de l&rsquo;infaillibilit\u00e9 pontificale, que le Sup\u00e9rieur g\u00e9n\u00e9ral avait adress\u00e9e \u00e0 Sa Saintet\u00e9 le 25 mars pr\u00e9c\u00e9dent. Dans sa r\u00e9ponse, Pie IX \u00e9crivait ces lignes qui eussent fortement r\u00e9joui le coeur de saint Vincent\u00a0: \u00ab&#8230; La profession ouverte du d\u00e9vouement qui vous anime, vous et votre Congr\u00e9gation, pour cette chaire de Pierre et la soumission que votre Congr\u00e9gation se glorifie par votre bouche d&rsquo;avoir toujours, depuis son origine jusqu&rsquo;\u00e0 nos jours, spontan\u00e9ment et pleinement manifest\u00e9es au jugement et aux volont\u00e9s du Saint Si\u00e8ge, en m\u00eame temps qu&rsquo;elles brillent comme d&rsquo;un \u00e9clat particulier, Nous ont apport\u00e9 une plus grande satisfaction. Car, bien qu&rsquo;il ne Nous f\u00fbt pas possible de douter que les fils de votre P\u00e8re tr\u00e8s saint, qui fut si attach\u00e9 aux Pontifes Romains, n&rsquo;entourassent du m\u00eame respect le Vicaire de J\u00e9sus-Christ et ne rejetassent avec la m\u00eame indignation toute opinion hostile \u00e0 son autorit\u00e9, cependant cette profession ouverte de votre foi, dans les circonstances pr\u00e9sentes, Nous a paru attester avec un nouvel \u00e9clat cette ancienne et constante fid\u00e9lit\u00e9 de votre Congr\u00e9gation\u00bb (2).<\/p>\n<p><b>1871<\/b>. Les Soeurs de Reuilly ont encore chez elles pr\u00e8s de deux cents bless\u00e9s et malades. Or, deux d&rsquo;entre eux ont d\u00e9nonc\u00e9 deux gendarmes, malades comme eux, pr\u00e9sents \u00e0 l&rsquo;ambulance. Un mouvement populaire consid\u00e9rable se produit\u00a0: la foule vient \u00e0 la Maison des Soeurs pour les saisir et les fusiller\u00a0; ils sont conduits au corps de garde. C&rsquo;en \u00e9tait fait d&rsquo;eux si la Soeur ne fut accourue \u00e0 la caserne de Reuilly les r\u00e9clamer, prouvant qu&rsquo;ils n&rsquo;avaient pris part \u00e0 aucun combat contre le peuple mais qu&rsquo;\u00e9tant malades ils \u00e9taient \u00e0 l&rsquo;ambulance pendant qu&rsquo;on se battait. On les lui rendit. C&rsquo;\u00e9tait le Vendredi-Saint. Mais le jour de P\u00e2ques, on vient de nouveau les r\u00e9clamer et cette fois cent communards perquisitionnent, passant heureusement devant eux sans les reconna\u00eetre au milieu des autres. D\u00e9pit\u00e9s, les communards veulent se saisir de la Sup\u00e9rieure, Soeur Duf\u00e8s. Le maire veut la faire conduire \u00e0 la prison Saint-Lazare o\u00f9 se trouvent d\u00e9j\u00e0, entre autres prisonni\u00e8res, deux Filles de la Charit\u00e9. Mais toutes les Soeurs (sainte Catherine comprise) veulent suivre leur Soeur Servante, et devant ces trente cornettes, le maire s&rsquo;\u00e9crie\u00a0: \u00ab\u00a0Que voulez-vous que je fasse de ces hirondelles effarouch\u00e9es\u00a0? Je reviendrai demain\u00a0\u00bb. Et le lendemain, Soeur Duf\u00e8s n&rsquo;\u00e9tait plus l\u00e0\u00a0; avec Soeur Tanguy, elle avait gagn\u00e9 Versailles o\u00f9 se trouvait l&rsquo;arm\u00e9e r\u00e9guli\u00e8re.(R)<\/p>\n<p><b>1896<\/b>. \u00c0 Fort-Dauphin, d\u00e9barque Mgr Crouzet, accompagn\u00e9 de MM. Joseph Castan, Pierre Gaber et des Fr\u00e8res Joseph Collard, Jean Cazeau et Pierre Renaudin. Les uns et les autres, sur la demande du Saint-Si\u00e8ge, reprennent avec joie, dans le Sud de l&rsquo;\u00eele Rouge un champ d&rsquo;apostolat o\u00f9 sont tomb\u00e9s d\u00e9j\u00e0 tant d&rsquo;enfants de saint Vincent (3).<\/p>\n<p><b>1909<\/b>. \u00c0 Rio de Janeiro , mort de M. Jules Clavelin. Il est d\u00e9c\u00e9d\u00e9 le jour m\u00eame de ses soixante-quinze ans\u00a0; il naquit, en effet, le 7 avril 1834, \u00e0 Neuvy-sur-Seille. Il passa toute sa vie sacerdotale au Br\u00e9sil\u00a0; il eut le m\u00e9rite de donner une vie intense au coll\u00e8ge de Cara\u00e7a dont il fut le Sup\u00e9rieur\u00a0: sous son gouvernement, des \u00e9l\u00e8ves furent form\u00e9s, qui sont la gloire de la maison\u00a0: outre de nombreux pr\u00eatres, six \u00e9v\u00eaques, deux pr\u00e9sidents de l&rsquo;\u00c9tat d&rsquo;Espirito-Santo, et un ministre des Finances prennent place parmi les anciens \u00e9l\u00e8ves de M. Clavelin (4).<\/p>\n<p><b>1960<\/b>. Le dioc\u00e8se de Fort-Dauphin \u00e0 Madagascar o\u00f9 se d\u00e9vouent depuis 1896 Lazaristes et Filles de la Charit\u00e9, re\u00e7oit comme Patron saint Vincent de Paul. (R)<\/p>\n<dl>\n<dd>1) Annales , t. 117; pp. 226-228.<\/dd>\n<dd>2) Rosset\u00a0: Vie de M. Etienne.<\/dd>\n<dd>3) Annales, t. 61, pp. 220 et 486-492.<\/dd>\n<\/dl>\n","protected":false},"excerpt":{"rendered":"<p>1655. L&rsquo;accession d&rsquo;Alexandre VII au tr\u00f4ne de saint Pierre donne \u00e0 saint Vincent l&rsquo;id\u00e9e de soumettre au nouveau Pontife les R\u00e8gles remani\u00e9es de la Compagnie. Il d\u00e9l\u00e8gue, aupr\u00e8s du pape, Edme Jolly, mieux pr\u00e9par\u00e9 que &#8230; <a href=\"https:\/\/vincentians.com\/fr\/ephemerides-07-avril\/\" class=\"more-link\">Read More<\/a><\/p>\n","protected":false},"author":4,"featured_media":149897,"comment_status":"open","ping_status":"open","sticky":false,"template":"","format":"standard","meta":{"jetpack_post_was_ever_published":false,"_jetpack_newsletter_access":"","_jetpack_dont_email_post_to_subs":false,"_jetpack_newsletter_tier_id":0,"_jetpack_memberships_contains_paywalled_content":false,"_jetpack_memberships_contains_paid_content":false,"footnotes":"","jetpack_publicize_message":"","jetpack_publicize_feature_enabled":true,"jetpack_social_post_already_shared":true,"jetpack_social_options":{"image_generator_settings":{"template":"highway","default_image_id":0,"font":"","enabled":false},"version":2}},"categories":[119],"tags":[],"class_list":["post-190401","post","type-post","status-publish","format-standard","has-post-thumbnail","hentry","category-ephemerides-vincentiens"],"yoast_head":"<!-- This site is optimized with the Yoast SEO plugin v26.3 - https:\/\/yoast.com\/wordpress\/plugins\/seo\/ -->\n<title>Eph\u00e9m\u00e9rides : 07 avril - Nous Sommes Vincentiens<\/title>\n<meta name=\"robots\" content=\"index, follow, max-snippet:-1, max-image-preview:large, max-video-preview:-1\" \/>\n<link rel=\"canonical\" href=\"https:\/\/vincentians.com\/fr\/ephemerides-07-avril\/\" \/>\n<meta property=\"og:locale\" content=\"fr_FR\" \/>\n<meta property=\"og:type\" content=\"article\" \/>\n<meta property=\"og:title\" content=\"Eph\u00e9m\u00e9rides : 07 avril - Nous Sommes Vincentiens\" \/>\n<meta property=\"og:description\" content=\"1655. L&rsquo;accession d&rsquo;Alexandre VII au tr\u00f4ne de saint Pierre donne \u00e0 saint Vincent l&rsquo;id\u00e9e de soumettre au nouveau Pontife les R\u00e8gles remani\u00e9es de la Compagnie. Il d\u00e9l\u00e8gue, aupr\u00e8s du pape, Edme Jolly, mieux pr\u00e9par\u00e9 que ... Read More\" \/>\n<meta property=\"og:url\" content=\"https:\/\/vincentians.com\/fr\/ephemerides-07-avril\/\" \/>\n<meta property=\"og:site_name\" content=\"Nous Sommes Vincentiens\" \/>\n<meta property=\"article:publisher\" content=\"https:\/\/www.facebook.com\/WeAreVincentians\/\" \/>\n<meta property=\"article:author\" content=\"https:\/\/www.facebook.com\/JavierChento\" \/>\n<meta property=\"article:published_time\" content=\"2017-04-06T22:01:17+00:00\" \/>\n<meta property=\"og:image\" content=\"https:\/\/i0.wp.com\/vincentians.com\/fr\/wp-content\/uploads\/sites\/10\/2016\/07\/ephemerides-fb.jpg?fit=1200%2C630&ssl=1\" \/>\n\t<meta property=\"og:image:width\" content=\"1200\" \/>\n\t<meta property=\"og:image:height\" content=\"630\" \/>\n\t<meta property=\"og:image:type\" content=\"image\/jpeg\" \/>\n<meta name=\"author\" content=\"Francisco Javier Fern\u00e1ndez Chento\" \/>\n<meta name=\"twitter:card\" content=\"summary_large_image\" \/>\n<meta name=\"twitter:creator\" content=\"@https:\/\/twitter.com\/javierchento\" \/>\n<meta name=\"twitter:site\" content=\"@WeVincentians\" \/>\n<meta name=\"twitter:label1\" content=\"\u00c9crit par\" \/>\n\t<meta name=\"twitter:data1\" content=\"Francisco Javier Fern\u00e1ndez Chento\" \/>\n\t<meta name=\"twitter:label2\" content=\"Dur\u00e9e de lecture estim\u00e9e\" \/>\n\t<meta name=\"twitter:data2\" content=\"4 minutes\" \/>\n<script type=\"application\/ld+json\" class=\"yoast-schema-graph\">{\"@context\":\"https:\/\/schema.org\",\"@graph\":[{\"@type\":\"WebPage\",\"@id\":\"https:\/\/vincentians.com\/fr\/ephemerides-07-avril\/\",\"url\":\"https:\/\/vincentians.com\/fr\/ephemerides-07-avril\/\",\"name\":\"Eph\u00e9m\u00e9rides : 07 avril - Nous Sommes Vincentiens\",\"isPartOf\":{\"@id\":\"https:\/\/vincentians.com\/fr\/#website\"},\"primaryImageOfPage\":{\"@id\":\"https:\/\/vincentians.com\/fr\/ephemerides-07-avril\/#primaryimage\"},\"image\":{\"@id\":\"https:\/\/vincentians.com\/fr\/ephemerides-07-avril\/#primaryimage\"},\"thumbnailUrl\":\"https:\/\/i0.wp.com\/vincentians.com\/fr\/wp-content\/uploads\/sites\/10\/2016\/07\/ephemerides-fb.jpg?fit=1200%2C630&ssl=1\",\"datePublished\":\"2017-04-06T22:01:17+00:00\",\"author\":{\"@id\":\"https:\/\/vincentians.com\/fr\/#\/schema\/person\/9623ef4d9aa3b2dfb8c061f1499288f2\"},\"breadcrumb\":{\"@id\":\"https:\/\/vincentians.com\/fr\/ephemerides-07-avril\/#breadcrumb\"},\"inLanguage\":\"fr-FR\",\"potentialAction\":[{\"@type\":\"ReadAction\",\"target\":[\"https:\/\/vincentians.com\/fr\/ephemerides-07-avril\/\"]}]},{\"@type\":\"ImageObject\",\"inLanguage\":\"fr-FR\",\"@id\":\"https:\/\/vincentians.com\/fr\/ephemerides-07-avril\/#primaryimage\",\"url\":\"https:\/\/i0.wp.com\/vincentians.com\/fr\/wp-content\/uploads\/sites\/10\/2016\/07\/ephemerides-fb.jpg?fit=1200%2C630&ssl=1\",\"contentUrl\":\"https:\/\/i0.wp.com\/vincentians.com\/fr\/wp-content\/uploads\/sites\/10\/2016\/07\/ephemerides-fb.jpg?fit=1200%2C630&ssl=1\",\"width\":1200,\"height\":630},{\"@type\":\"BreadcrumbList\",\"@id\":\"https:\/\/vincentians.com\/fr\/ephemerides-07-avril\/#breadcrumb\",\"itemListElement\":[{\"@type\":\"ListItem\",\"position\":1,\"name\":\"Portada\",\"item\":\"https:\/\/vincentians.com\/fr\/\"},{\"@type\":\"ListItem\",\"position\":2,\"name\":\"Eph\u00e9m\u00e9rides : 07 avril\"}]},{\"@type\":\"WebSite\",\"@id\":\"https:\/\/vincentians.com\/fr\/#website\",\"url\":\"https:\/\/vincentians.com\/fr\/\",\"name\":\"Nous Sommes Vincentiens\",\"description\":\"Know more to serve more\",\"potentialAction\":[{\"@type\":\"SearchAction\",\"target\":{\"@type\":\"EntryPoint\",\"urlTemplate\":\"https:\/\/vincentians.com\/fr\/?s={search_term_string}\"},\"query-input\":{\"@type\":\"PropertyValueSpecification\",\"valueRequired\":true,\"valueName\":\"search_term_string\"}}],\"inLanguage\":\"fr-FR\"},{\"@type\":\"Person\",\"@id\":\"https:\/\/vincentians.com\/fr\/#\/schema\/person\/9623ef4d9aa3b2dfb8c061f1499288f2\",\"name\":\"Francisco Javier Fern\u00e1ndez Chento\",\"image\":{\"@type\":\"ImageObject\",\"inLanguage\":\"fr-FR\",\"@id\":\"https:\/\/vincentians.com\/fr\/#\/schema\/person\/image\/\",\"url\":\"https:\/\/secure.gravatar.com\/avatar\/497d5cde87b4c3d097d0315953521681ba2cd523ee66e5077c3711f7021e65de?s=96&d=mm&r=g\",\"contentUrl\":\"https:\/\/secure.gravatar.com\/avatar\/497d5cde87b4c3d097d0315953521681ba2cd523ee66e5077c3711f7021e65de?s=96&d=mm&r=g\",\"caption\":\"Francisco Javier Fern\u00e1ndez Chento\"},\"description\":\"Director General y cofundador de La Red de Formaci\u00f3n Vicenciana. Javier es laico vicenciano, afiliado a la Congregaci\u00f3n de la Misi\u00f3n y miembro del Equipo de Misiones Populares de la provincia can\u00f3nica de Zaragoza (Espa\u00f1a) de la Congregaci\u00f3n de la Misi\u00f3n. Graduado en la Universidad Oberta de Catalunya con cuatro grados (Asistente de direcci\u00f3n, Gesti\u00f3n Administrativa, Recursos Humanos y Contabilidad Avanzada). Bil\u00edng\u00fce Espa\u00f1ol\/Ingl\u00e9s. gestiona y mantiene varias p\u00e1ginas web cristianas y vicencianas, incluida including La Red de Formaci\u00f3n Vicenciana, de la que es cofundador. Actualmente es responsable del \u00e1rea de Espa\u00f1ol de .famvin, la Red de Noticias de la Familia Vicenciana. Tambi\u00e9n es m\u00fasico cat\u00f3lico y ha editado varios discos. Es Director General y cofundador de Trovador, una reconocida compa\u00f1\u00eda discogr\u00e1fica critiana de Espa\u00f1a. Trabaja en las Tecnolog\u00edas de la Informaci\u00f3n, ofreciendo servicios de alojamiento, dise\u00f1o y mantenimiento Web, as\u00ed como asesoramiento, formaci\u00f3n y soluciones inform\u00e1ticas, gesti\u00f3n documental y digitalizaci\u00f3n de textos, edici\u00f3n y maquetaci\u00f3n de libros, revistas, flyers, etc.\",\"sameAs\":[\"http:\/\/chento.org\",\"https:\/\/www.facebook.com\/JavierChento\",\"https:\/\/x.com\/https:\/\/twitter.com\/javierchento\"],\"url\":\"https:\/\/vincentians.com\/fr\/author\/chento\/\"}]}<\/script>\n<!-- \/ Yoast SEO plugin. -->","yoast_head_json":{"title":"Eph\u00e9m\u00e9rides : 07 avril - Nous Sommes Vincentiens","robots":{"index":"index","follow":"follow","max-snippet":"max-snippet:-1","max-image-preview":"max-image-preview:large","max-video-preview":"max-video-preview:-1"},"canonical":"https:\/\/vincentians.com\/fr\/ephemerides-07-avril\/","og_locale":"fr_FR","og_type":"article","og_title":"Eph\u00e9m\u00e9rides : 07 avril - Nous Sommes Vincentiens","og_description":"1655. L&rsquo;accession d&rsquo;Alexandre VII au tr\u00f4ne de saint Pierre donne \u00e0 saint Vincent l&rsquo;id\u00e9e de soumettre au nouveau Pontife les R\u00e8gles remani\u00e9es de la Compagnie. Il d\u00e9l\u00e8gue, aupr\u00e8s du pape, Edme Jolly, mieux pr\u00e9par\u00e9 que ... Read More","og_url":"https:\/\/vincentians.com\/fr\/ephemerides-07-avril\/","og_site_name":"Nous Sommes Vincentiens","article_publisher":"https:\/\/www.facebook.com\/WeAreVincentians\/","article_author":"https:\/\/www.facebook.com\/JavierChento","article_published_time":"2017-04-06T22:01:17+00:00","og_image":[{"width":1200,"height":630,"url":"https:\/\/i0.wp.com\/vincentians.com\/fr\/wp-content\/uploads\/sites\/10\/2016\/07\/ephemerides-fb.jpg?fit=1200%2C630&ssl=1","type":"image\/jpeg"}],"author":"Francisco Javier Fern\u00e1ndez Chento","twitter_card":"summary_large_image","twitter_creator":"@https:\/\/twitter.com\/javierchento","twitter_site":"@WeVincentians","twitter_misc":{"\u00c9crit par":"Francisco Javier Fern\u00e1ndez Chento","Dur\u00e9e de lecture estim\u00e9e":"4 minutes"},"schema":{"@context":"https:\/\/schema.org","@graph":[{"@type":"WebPage","@id":"https:\/\/vincentians.com\/fr\/ephemerides-07-avril\/","url":"https:\/\/vincentians.com\/fr\/ephemerides-07-avril\/","name":"Eph\u00e9m\u00e9rides : 07 avril - Nous Sommes Vincentiens","isPartOf":{"@id":"https:\/\/vincentians.com\/fr\/#website"},"primaryImageOfPage":{"@id":"https:\/\/vincentians.com\/fr\/ephemerides-07-avril\/#primaryimage"},"image":{"@id":"https:\/\/vincentians.com\/fr\/ephemerides-07-avril\/#primaryimage"},"thumbnailUrl":"https:\/\/i0.wp.com\/vincentians.com\/fr\/wp-content\/uploads\/sites\/10\/2016\/07\/ephemerides-fb.jpg?fit=1200%2C630&ssl=1","datePublished":"2017-04-06T22:01:17+00:00","author":{"@id":"https:\/\/vincentians.com\/fr\/#\/schema\/person\/9623ef4d9aa3b2dfb8c061f1499288f2"},"breadcrumb":{"@id":"https:\/\/vincentians.com\/fr\/ephemerides-07-avril\/#breadcrumb"},"inLanguage":"fr-FR","potentialAction":[{"@type":"ReadAction","target":["https:\/\/vincentians.com\/fr\/ephemerides-07-avril\/"]}]},{"@type":"ImageObject","inLanguage":"fr-FR","@id":"https:\/\/vincentians.com\/fr\/ephemerides-07-avril\/#primaryimage","url":"https:\/\/i0.wp.com\/vincentians.com\/fr\/wp-content\/uploads\/sites\/10\/2016\/07\/ephemerides-fb.jpg?fit=1200%2C630&ssl=1","contentUrl":"https:\/\/i0.wp.com\/vincentians.com\/fr\/wp-content\/uploads\/sites\/10\/2016\/07\/ephemerides-fb.jpg?fit=1200%2C630&ssl=1","width":1200,"height":630},{"@type":"BreadcrumbList","@id":"https:\/\/vincentians.com\/fr\/ephemerides-07-avril\/#breadcrumb","itemListElement":[{"@type":"ListItem","position":1,"name":"Portada","item":"https:\/\/vincentians.com\/fr\/"},{"@type":"ListItem","position":2,"name":"Eph\u00e9m\u00e9rides : 07 avril"}]},{"@type":"WebSite","@id":"https:\/\/vincentians.com\/fr\/#website","url":"https:\/\/vincentians.com\/fr\/","name":"Nous Sommes Vincentiens","description":"Know more to serve more","potentialAction":[{"@type":"SearchAction","target":{"@type":"EntryPoint","urlTemplate":"https:\/\/vincentians.com\/fr\/?s={search_term_string}"},"query-input":{"@type":"PropertyValueSpecification","valueRequired":true,"valueName":"search_term_string"}}],"inLanguage":"fr-FR"},{"@type":"Person","@id":"https:\/\/vincentians.com\/fr\/#\/schema\/person\/9623ef4d9aa3b2dfb8c061f1499288f2","name":"Francisco Javier Fern\u00e1ndez Chento","image":{"@type":"ImageObject","inLanguage":"fr-FR","@id":"https:\/\/vincentians.com\/fr\/#\/schema\/person\/image\/","url":"https:\/\/secure.gravatar.com\/avatar\/497d5cde87b4c3d097d0315953521681ba2cd523ee66e5077c3711f7021e65de?s=96&d=mm&r=g","contentUrl":"https:\/\/secure.gravatar.com\/avatar\/497d5cde87b4c3d097d0315953521681ba2cd523ee66e5077c3711f7021e65de?s=96&d=mm&r=g","caption":"Francisco Javier Fern\u00e1ndez Chento"},"description":"Director General y cofundador de La Red de Formaci\u00f3n Vicenciana. Javier es laico vicenciano, afiliado a la Congregaci\u00f3n de la Misi\u00f3n y miembro del Equipo de Misiones Populares de la provincia can\u00f3nica de Zaragoza (Espa\u00f1a) de la Congregaci\u00f3n de la Misi\u00f3n. Graduado en la Universidad Oberta de Catalunya con cuatro grados (Asistente de direcci\u00f3n, Gesti\u00f3n Administrativa, Recursos Humanos y Contabilidad Avanzada). Bil\u00edng\u00fce Espa\u00f1ol\/Ingl\u00e9s. gestiona y mantiene varias p\u00e1ginas web cristianas y vicencianas, incluida including La Red de Formaci\u00f3n Vicenciana, de la que es cofundador. Actualmente es responsable del \u00e1rea de Espa\u00f1ol de .famvin, la Red de Noticias de la Familia Vicenciana. Tambi\u00e9n es m\u00fasico cat\u00f3lico y ha editado varios discos. Es Director General y cofundador de Trovador, una reconocida compa\u00f1\u00eda discogr\u00e1fica critiana de Espa\u00f1a. Trabaja en las Tecnolog\u00edas de la Informaci\u00f3n, ofreciendo servicios de alojamiento, dise\u00f1o y mantenimiento Web, as\u00ed como asesoramiento, formaci\u00f3n y soluciones inform\u00e1ticas, gesti\u00f3n documental y digitalizaci\u00f3n de textos, edici\u00f3n y maquetaci\u00f3n de libros, revistas, flyers, etc.","sameAs":["http:\/\/chento.org","https:\/\/www.facebook.com\/JavierChento","https:\/\/x.com\/https:\/\/twitter.com\/javierchento"],"url":"https:\/\/vincentians.com\/fr\/author\/chento\/"}]}},"jetpack_publicize_connections":[],"jetpack_featured_media_url":"https:\/\/i0.wp.com\/vincentians.com\/fr\/wp-content\/uploads\/sites\/10\/2016\/07\/ephemerides-fb.jpg?fit=1200%2C630&ssl=1","jetpack_sharing_enabled":true,"jetpack_shortlink":"https:\/\/wp.me\/p7ETMP-NwZ","jetpack-related-posts":[{"id":38477,"url":"https:\/\/vincentians.com\/fr\/le-directeur-provincial-animateur-des-filles-de-la-charite\/","url_meta":{"origin":190401,"position":0},"title":"Le Directeur Provincial \u201canimateur\u201d des Filles de la Charit\u00e9","author":"Francisco Javier Fern\u00e1ndez Chento","date":"03\/10\/2012","format":false,"excerpt":"Dans les Constitutions des Filles de la Charit\u00e9, nous trouvons \u00e0 l\u2019article 3.38: le Directeur Provincial est un pr\u00eatre de la Congr\u00e9gation de la Mission, nomm\u00e9 par le Sup\u00e9rieur G\u00e9n\u00e9ral; \u201cil partage avec la Visitatrice et son Conseil la responsabilit\u00e9 de promouvoir l\u2019esprit vincentien dans la Province\u201d Missionnaire, le directeur\u2026","rel":"","context":"Dans &quot;Congr\u00e9gation de la Mission&quot;","block_context":{"text":"Congr\u00e9gation de la Mission","link":"https:\/\/vincentians.com\/fr\/category\/congregation-de-la-mission\/"},"img":{"alt_text":"","src":"https:\/\/i0.wp.com\/vincentiens.org\/wp-content\/uploads\/2011\/05\/filles_charite-228x300.jpg?resize=350%2C200","width":350,"height":200},"classes":[]},{"id":54379,"url":"https:\/\/vincentians.com\/fr\/les-voeux-dans-la-congregation-nature-necessite-et-utilite\/","url_meta":{"origin":190401,"position":1},"title":"Les voeux dans la Congr\u00e9gation: nature, necessit\u00e9 et utilit\u00e9","author":"Francisco Javier Fern\u00e1ndez Chento","date":"03\/11\/2012","format":false,"excerpt":"Remarque pr\u00e9liminaire: Les membres de ce Groupe, constitu\u00e9 par le Sup\u00e9rieur G\u00e9n\u00e9ral (Constitutions n. 54, D\u00e9crets Temporaires n. 2) s'acquittent d'un double devoir: chacun y repr\u00e9sente une section de la Congr\u00e9gation (un groupe linguistique ou g\u00e9ographique), y travaille avec sa propre comp\u00e9tence. En tant que repr\u00e9sentant, il doit veiller \u00e1\u2026","rel":"","context":"Dans &quot;Congr\u00e9gation de la Mission&quot;","block_context":{"text":"Congr\u00e9gation de la Mission","link":"https:\/\/vincentians.com\/fr\/category\/congregation-de-la-mission\/"},"img":{"alt_text":"","src":"https:\/\/i0.wp.com\/vincentiens.org\/wp-content\/uploads\/2011\/08\/logocm-237x300.jpg?resize=350%2C200","width":350,"height":200},"classes":[]},{"id":54380,"url":"https:\/\/vincentians.com\/fr\/levolution-du-voeu-de-pauvrete-des-pretres-de-la-mission-jusquen-1659\/","url_meta":{"origin":190401,"position":2},"title":"L&rsquo;\u00e9volution Du Voeu De Pauvret\u00e9 Des Pr\u00e9tres De La Mission Jusqu&rsquo;en 1659","author":"Francisco Javier Fern\u00e1ndez Chento","date":"04\/11\/2012","format":false,"excerpt":"Le r\u00e9gime actuel du v\u0153u de pauvret\u00e9 dans la Congr\u00e9gation de la Mission est r\u00e9gl\u00e9 par le bref Alias Nos, promulgu\u00e9 per le pape Alexandre VII, le 12 ao\u00fbt 1659. C'\u00e9tait l\u00e0 un point d'arriv\u00e9e, apr\u00e8s une longue \u00e9laboration de la mati\u00e8re pendant plusieurs ann\u00e9es, et non sans difficult\u00e9s et\u2026","rel":"","context":"Dans &quot;Congr\u00e9gation de la Mission&quot;","block_context":{"text":"Congr\u00e9gation de la Mission","link":"https:\/\/vincentians.com\/fr\/category\/congregation-de-la-mission\/"},"img":{"alt_text":"","src":"https:\/\/i0.wp.com\/vincentiens.org\/wp-content\/uploads\/2011\/11\/logocmotro-216x300.jpg?resize=350%2C200","width":350,"height":200},"classes":[]},{"id":190568,"url":"https:\/\/vincentians.com\/fr\/ephemerides-22-juin\/","url_meta":{"origin":190401,"position":3},"title":"Eph\u00e9m\u00e9rides: 22 juin","author":"Francisco Javier Fern\u00e1ndez Chento","date":"22\/06\/2017","format":false,"excerpt":"1646. \u00c0 Paris, le grand conseil royal autorise l'\u00e9v\u00eaque de Saint-Malo \u00e0 s\u00e9culariser l'abbaye de Saint-M\u00e9en. Les fils de Monsieur Vincent y sont \u00e9tablis depuis le mois d'ao\u00fbt 1645 mais les fils de saint Beno\u00eet ne sont pas contents (1). 1683. \u00c0 Vannes, des rentes, \u00e9tablies en ce jour, viennent\u2026","rel":"","context":"Dans &quot;\u00c9ph\u00e9m\u00e9rides vincentiens&quot;","block_context":{"text":"\u00c9ph\u00e9m\u00e9rides vincentiens","link":"https:\/\/vincentians.com\/fr\/category\/ephemerides-vincentiens\/"},"img":{"alt_text":"","src":"https:\/\/i0.wp.com\/vincentians.com\/fr\/wp-content\/uploads\/sites\/10\/2016\/07\/ephemerides-fb.jpg?fit=1200%2C630&ssl=1&resize=350%2C200","width":350,"height":200,"srcset":"https:\/\/i0.wp.com\/vincentians.com\/fr\/wp-content\/uploads\/sites\/10\/2016\/07\/ephemerides-fb.jpg?fit=1200%2C630&ssl=1&resize=350%2C200 1x, https:\/\/i0.wp.com\/vincentians.com\/fr\/wp-content\/uploads\/sites\/10\/2016\/07\/ephemerides-fb.jpg?fit=1200%2C630&ssl=1&resize=525%2C300 1.5x, https:\/\/i0.wp.com\/vincentians.com\/fr\/wp-content\/uploads\/sites\/10\/2016\/07\/ephemerides-fb.jpg?fit=1200%2C630&ssl=1&resize=700%2C400 2x, https:\/\/i0.wp.com\/vincentians.com\/fr\/wp-content\/uploads\/sites\/10\/2016\/07\/ephemerides-fb.jpg?fit=1200%2C630&ssl=1&resize=1050%2C600 3x"},"classes":[]},{"id":189341,"url":"https:\/\/vincentians.com\/fr\/ephemerides-01-juilliet\/","url_meta":{"origin":190401,"position":4},"title":"Eph\u00e9m\u00e9rides: 01 juilliet","author":"Francisco Javier Fern\u00e1ndez Chento","date":"01\/07\/2017","format":false,"excerpt":"1634. Barbe Angiboust, \u00e2g\u00e9e de 29 ans, quitte sa famille et rejoint le petit groupe des Servantes des Pauvres de Paris. Son premier service sera sur la paroisse Saint Nicolas du Chardonnet. Vincent de Paul et Louise de Marillac, ayant d\u00e9couvert la richesse et la solidit\u00e9 de sa personnalit\u00e9, l'enverront\u2026","rel":"","context":"Dans &quot;\u00c9ph\u00e9m\u00e9rides vincentiens&quot;","block_context":{"text":"\u00c9ph\u00e9m\u00e9rides vincentiens","link":"https:\/\/vincentians.com\/fr\/category\/ephemerides-vincentiens\/"},"img":{"alt_text":"","src":"https:\/\/i0.wp.com\/vincentians.com\/fr\/wp-content\/uploads\/sites\/10\/2016\/07\/ephemerides-fb.jpg?fit=1200%2C630&ssl=1&resize=350%2C200","width":350,"height":200,"srcset":"https:\/\/i0.wp.com\/vincentians.com\/fr\/wp-content\/uploads\/sites\/10\/2016\/07\/ephemerides-fb.jpg?fit=1200%2C630&ssl=1&resize=350%2C200 1x, https:\/\/i0.wp.com\/vincentians.com\/fr\/wp-content\/uploads\/sites\/10\/2016\/07\/ephemerides-fb.jpg?fit=1200%2C630&ssl=1&resize=525%2C300 1.5x, https:\/\/i0.wp.com\/vincentians.com\/fr\/wp-content\/uploads\/sites\/10\/2016\/07\/ephemerides-fb.jpg?fit=1200%2C630&ssl=1&resize=700%2C400 2x, https:\/\/i0.wp.com\/vincentians.com\/fr\/wp-content\/uploads\/sites\/10\/2016\/07\/ephemerides-fb.jpg?fit=1200%2C630&ssl=1&resize=1050%2C600 3x"},"classes":[]},{"id":190172,"url":"https:\/\/vincentians.com\/fr\/ephemerides-12-septembre\/","url_meta":{"origin":190401,"position":5},"title":"Eph\u00e9m\u00e9rides : 12 septembre","author":"Francisco Javier Fern\u00e1ndez Chento","date":"12\/09\/2016","format":false,"excerpt":"1628. \u00c0 Beauvais, Monsieur Vincent, r\u00e9pondant \u00e0 l\u2019invitation de l\u2019\u00e9v\u00eaque, Augustin Potier, arrive pour diriger la retraite des ordinands, qui va se prolonger pendant une quinzaine de jours (1). 1648. Mademoiselle le Gras accueille dans la Compagnie celle qui sera Sup\u00e9rieure G\u00e9n\u00e9rale durant 21 ans. Mathurine Gu\u00e9rin, \u00e2g\u00e9e de 17\u2026","rel":"","context":"Dans &quot;\u00c9ph\u00e9m\u00e9rides vincentiens&quot;","block_context":{"text":"\u00c9ph\u00e9m\u00e9rides vincentiens","link":"https:\/\/vincentians.com\/fr\/category\/ephemerides-vincentiens\/"},"img":{"alt_text":"","src":"https:\/\/i0.wp.com\/vincentians.com\/fr\/wp-content\/uploads\/sites\/10\/2016\/07\/ephemerides-fb.jpg?fit=1200%2C630&ssl=1&resize=350%2C200","width":350,"height":200,"srcset":"https:\/\/i0.wp.com\/vincentians.com\/fr\/wp-content\/uploads\/sites\/10\/2016\/07\/ephemerides-fb.jpg?fit=1200%2C630&ssl=1&resize=350%2C200 1x, https:\/\/i0.wp.com\/vincentians.com\/fr\/wp-content\/uploads\/sites\/10\/2016\/07\/ephemerides-fb.jpg?fit=1200%2C630&ssl=1&resize=525%2C300 1.5x, https:\/\/i0.wp.com\/vincentians.com\/fr\/wp-content\/uploads\/sites\/10\/2016\/07\/ephemerides-fb.jpg?fit=1200%2C630&ssl=1&resize=700%2C400 2x, https:\/\/i0.wp.com\/vincentians.com\/fr\/wp-content\/uploads\/sites\/10\/2016\/07\/ephemerides-fb.jpg?fit=1200%2C630&ssl=1&resize=1050%2C600 3x"},"classes":[]}],"_links":{"self":[{"href":"https:\/\/vincentians.com\/fr\/wp-json\/wp\/v2\/posts\/190401","targetHints":{"allow":["GET"]}}],"collection":[{"href":"https:\/\/vincentians.com\/fr\/wp-json\/wp\/v2\/posts"}],"about":[{"href":"https:\/\/vincentians.com\/fr\/wp-json\/wp\/v2\/types\/post"}],"author":[{"embeddable":true,"href":"https:\/\/vincentians.com\/fr\/wp-json\/wp\/v2\/users\/4"}],"replies":[{"embeddable":true,"href":"https:\/\/vincentians.com\/fr\/wp-json\/wp\/v2\/comments?post=190401"}],"version-history":[{"count":0,"href":"https:\/\/vincentians.com\/fr\/wp-json\/wp\/v2\/posts\/190401\/revisions"}],"wp:featuredmedia":[{"embeddable":true,"href":"https:\/\/vincentians.com\/fr\/wp-json\/wp\/v2\/media\/149897"}],"wp:attachment":[{"href":"https:\/\/vincentians.com\/fr\/wp-json\/wp\/v2\/media?parent=190401"}],"wp:term":[{"taxonomy":"category","embeddable":true,"href":"https:\/\/vincentians.com\/fr\/wp-json\/wp\/v2\/categories?post=190401"},{"taxonomy":"post_tag","embeddable":true,"href":"https:\/\/vincentians.com\/fr\/wp-json\/wp\/v2\/tags?post=190401"}],"curies":[{"name":"wp","href":"https:\/\/api.w.org\/{rel}","templated":true}]}}