{"id":190399,"date":"2017-04-11T00:01:17","date_gmt":"2017-04-10T22:01:17","guid":{"rendered":"http:\/\/vincentians.com\/fr\/?p=190399"},"modified":"2016-08-11T17:52:48","modified_gmt":"2016-08-11T15:52:48","slug":"ephemerides-11-avril","status":"publish","type":"post","link":"https:\/\/vincentians.com\/fr\/ephemerides-11-avril\/","title":{"rendered":"Eph\u00e9m\u00e9rides : 11 avril"},"content":{"rendered":"<p><b>1627<\/b>. \u00c0 Montreuil , Monsieur Vincent r\u00e9dige le r\u00e8glement de la Confr\u00e9rie de la Charit\u00e9 pour cette localit\u00e9 qui, selon l&rsquo;expression m\u00eame de l&rsquo;acte, se trouve situ\u00e9e \u00absur le bois de Vincennes\u00bb. Comme, dans la paroisse, existait d\u00e9j\u00e0 la Confr\u00e9rie du Saint Nom de J\u00e9sus, Monsieur Vincent y unit la Confr\u00e9rie de la Charit\u00e9, de telle sorte que hommes et femmes sont mobilis\u00e9s ensemble pour l&rsquo;assistance corporelle et spirituelle des pauvres malades. Dans la r\u00e9daction du r\u00e8glement de cette Confr\u00e9rie mixte, le Fondateur fait preuve, comme toujours, d&rsquo;un merveilleux esprit pratique (1).<\/p>\n<p><b>1752<\/b>. \u00c0 Barbastro, en Espagne, l&rsquo;\u00e9v\u00eaque remet \u00e0 deux Pr\u00eatres de la Mission (M. Jean Justaf\u00e9 et M. Rapha\u00ebl Pi), envoy\u00e9s par le Sup\u00e9rieur g\u00e9n\u00e9ral, M. De Bras, l&rsquo;acte notari\u00e9 qui les met en possession du s\u00e9minaire de Nostra Signora della Bella. Cette installation suscitera quelque jalousie\u00a0: ce n&rsquo;est pas elle, mais l&rsquo;insalubrit\u00e9 du climat, qui poussera l&rsquo;\u00e9v\u00eaque \u00e0 transf\u00e9rer l&rsquo;\u00e9tablissement \u00e0 dix kilom\u00e8tres de l\u00e0, \u00e0 Barbastro m\u00eame (2).<\/p>\n<p><b>1919<\/b>. En Hongrie , la R\u00e9publique a \u00e9t\u00e9 proclam\u00e9e le 16 novembre\u00a0: impossible \u00e0 ma Soeur Visitatrice de correspondre avec 58 de ses Maisons, et partout affluent les r\u00e9fugi\u00e9s car les fronti\u00e8res ont \u00e9t\u00e9 forc\u00e9es. Le 4 mars, on discute au Conseil municipal pour le remplacement des Soeurs des H\u00f4pitaux par des infirmi\u00e8res la\u00efques, ces derni\u00e8res se trouvant, disent-ils, sans ressources du fait de la cessation des hostilit\u00e9s et devant obtenir ainsi un emploi. La municipalit\u00e9 d\u00e9cide de renvoyer les Soeurs, mais les m\u00e9decins s&rsquo;y opposent, jusqu&rsquo;au 27 mars o\u00f9 ma Soeur Visitatrice re\u00e7oit un rescrit portant ces mots\u00a0: \u00ab\u00a0Les infirmi\u00e8res religieuses sont requises d&rsquo;avoir \u00e0 quitter leurs \u00e9tablissements dans les vingt-quatre heures\u00a0\u00bb. C&rsquo;est trois ou quatre cents Soeurs qu&rsquo;il va falloir accueillir imm\u00e9diatement. Soeur Visitatrice essaie d&rsquo;obtenir un sursis. Mais arrivent d\u00e9j\u00e0 110 Soeurs de l&rsquo;H\u00f4pital Saint-\u00c9tienne. Le 28 mars, nouveau rescrit\u00a0: \u00ab\u00a0Les infirmi\u00e8res religieuses peuvent rester dans les h\u00f4pitaux si elles quittent l&rsquo;Ordre auquel elles appartiennent et le costume religieux qu&rsquo;elles portent et deviennent infirmi\u00e8res la\u00efques\u00a0\u00bb. Les Soeurs pr\u00e9f\u00e8rent \u00eatre fid\u00e8les \u00e0 leur vocation et affluent \u00e0 la Maison Provinciale. Il fallut renvoyer les Soeurs du S\u00e9minaire et les premi\u00e8res postulantes \u00e9tudiantes. Un Conseil extraordinaire s&rsquo;\u00e9tait tenu pour examiner la situation et, devant la gravit\u00e9 des faits, chaque Soeur avait re\u00e7u la consigne d&rsquo;agir selon sa conscience. Quant \u00e0 ma Soeur Visitatrice, elle se rendit le 29 mars voir le Pr\u00e9sident de la R\u00e9publique Soviet pour lui demander\u00a0: 1\u00b0 Peut-on porter le costume religieux en g\u00e9n\u00e9ral\u00a0? Dans peu de temps, r\u00e9pond-il, on publiera un \u00e9dit qui d\u00e9fendra le port de tout costume religieux&#8230; 2\u00b0 Les Sup\u00e9rieurs des Communaut\u00e9s seront-ils forc\u00e9s de travailler pour le compte de l&rsquo;Etat (sans cela on ne pouvait plus se procurer ni vivres ni v\u00eatements). R\u00e9ponse\u00a0: Comme toutes les Soeurs deviendront des employ\u00e9es de l&rsquo;Etat qui disposera d&rsquo;elles, celles-ci n&rsquo;auront plus besoin de sup\u00e9rieurs et les sup\u00e9rieures devenant membres de l&rsquo;Etat, n&rsquo;auront plus de raison d&rsquo;\u00eatre. 3\u00b0 Pouvons-nous garder nos Soeurs invalides et celles qui n&rsquo;ont plus de logement\u00a0? Si la Maison Provinciale sert \u00e0 ce but, nous la respecterons, mais il faut que toutes les Soeurs valides soient employ\u00e9es de l&rsquo;Etat et \u00e0 sa disposition. 4\u00b0 Ne nous insultera-t-on pas \u00e0 cause de nos convictions religieuses\u00a0? R\u00e9ponse rassurante\u00a0: la religion est une affaire priv\u00e9e, chacune peut prier en son particulier autant qu&rsquo;elle le veut\u00a0\u00bb. Le 1er avril, les Soeurs avaient d\u00fb prendre l&rsquo;habit civil et le 11 elles se dispers\u00e8rent. La Maison Provinciale fut nationalis\u00e9e.(R)<\/p>\n<p><b>1945<\/b>. \u00c0 Dalat , au Vietnam, mourait, dans la journ\u00e9e d&rsquo;hier, M. Adolphe Buck. Il avait vu le jour \u00e0 Paris, le 19 novembre 1866, rue Mouffetard. Du \u00abtiti\u00bb parisien, M. Buck garda d&rsquo;ailleurs, toute sa vie, l&rsquo;esprit d\u00e9brouillard et la verve color\u00e9e. Lors du si\u00e8ge de Paris, il \u00e9tait assez grand pour conserver, de ces heures tragiques, des souvenirs pr\u00e9cis et pittoresques. Il fit ses \u00e9tudes au Berceau de Saint-Vincent et fut re\u00e7u, \u00e0 Dax, dans la Compagnie, le 26 septembre 1883. Apr\u00e8s son ordination, il enseigna, pendant seize ans, les Sciences aux \u00e9l\u00e8ves du Berceau, et ses anciens se souviennent de ses classes tr\u00e8s anim\u00e9es, comme aussi de l&rsquo;ardeur avec laquelle M. Buck s&rsquo;adonnait aux sports. Il partit pour la Chine en 1906, et fut donn\u00e9 \u00e0 Ningpo comme procureur. Son sens pratique le pr\u00e9destinait \u00e0 cette charge\u00a0; il s&rsquo;y montra aussi capable de tenir une impeccable comptabilit\u00e9 que de collectionner les papillons ou de tirer des raisins secs un vin de messe appr\u00e9ciable, cependant que sou d\u00e9vouement aimable et inlassable lui conqu\u00e9rait toutes les sympathies, et que la collection du Petit Messager de Ningpo s&rsquo;enrichissait d&rsquo;articles tr\u00e8s vari\u00e9s r\u00e9dig\u00e9s, par lui, d&rsquo;une plume alerte. Quand le communisme l&rsquo;expulsa, M. Buck fut tout heureux d&rsquo;\u00eatre accueilli par la maison de Dalat et il s&rsquo;y adonna \u00e0 la pr\u00e9dication et \u00e0 la direction. De ce bon serviteur des Missions une plume fraternelle a trac\u00e9 un portrait d&rsquo;une \u00e9loquente concision\u00a0: \u00abHomme de ressources, un peu dur d&rsquo;oreille, mais tendre de coeur, M. Buck est un mod\u00e8le d&rsquo;activit\u00e9s de tous genres\u00bb.<\/p>\n<dl>\n<dd>1) S. V. XIII, pp. 521-523.<\/dd>\n<dd>2) Annales , t. 41, pp. 101-105.<\/dd>\n<\/dl>\n","protected":false},"excerpt":{"rendered":"<p>1627. \u00c0 Montreuil , Monsieur Vincent r\u00e9dige le r\u00e8glement de la Confr\u00e9rie de la Charit\u00e9 pour cette localit\u00e9 qui, selon l&rsquo;expression m\u00eame de l&rsquo;acte, se trouve situ\u00e9e \u00absur le bois de Vincennes\u00bb. Comme, dans la &#8230; <a href=\"https:\/\/vincentians.com\/fr\/ephemerides-11-avril\/\" class=\"more-link\">Read More<\/a><\/p>\n","protected":false},"author":4,"featured_media":149897,"comment_status":"open","ping_status":"open","sticky":false,"template":"","format":"standard","meta":{"jetpack_post_was_ever_published":false,"_jetpack_newsletter_access":"","_jetpack_dont_email_post_to_subs":false,"_jetpack_newsletter_tier_id":0,"_jetpack_memberships_contains_paywalled_content":false,"_jetpack_memberships_contains_paid_content":false,"footnotes":"","jetpack_publicize_message":"","jetpack_publicize_feature_enabled":true,"jetpack_social_post_already_shared":true,"jetpack_social_options":{"image_generator_settings":{"template":"highway","default_image_id":0,"font":"","enabled":false},"version":2}},"categories":[119],"tags":[],"class_list":["post-190399","post","type-post","status-publish","format-standard","has-post-thumbnail","hentry","category-ephemerides-vincentiens"],"yoast_head":"<!-- This site is optimized with the Yoast SEO plugin v26.3 - https:\/\/yoast.com\/wordpress\/plugins\/seo\/ -->\n<title>Eph\u00e9m\u00e9rides : 11 avril - Nous Sommes Vincentiens<\/title>\n<meta name=\"robots\" content=\"index, follow, max-snippet:-1, max-image-preview:large, max-video-preview:-1\" \/>\n<link rel=\"canonical\" href=\"https:\/\/vincentians.com\/fr\/ephemerides-11-avril\/\" \/>\n<meta property=\"og:locale\" content=\"fr_FR\" \/>\n<meta property=\"og:type\" content=\"article\" \/>\n<meta property=\"og:title\" content=\"Eph\u00e9m\u00e9rides : 11 avril - Nous Sommes Vincentiens\" \/>\n<meta property=\"og:description\" content=\"1627. \u00c0 Montreuil , Monsieur Vincent r\u00e9dige le r\u00e8glement de la Confr\u00e9rie de la Charit\u00e9 pour cette localit\u00e9 qui, selon l&rsquo;expression m\u00eame de l&rsquo;acte, se trouve situ\u00e9e \u00absur le bois de Vincennes\u00bb. Comme, dans la ... Read More\" \/>\n<meta property=\"og:url\" content=\"https:\/\/vincentians.com\/fr\/ephemerides-11-avril\/\" \/>\n<meta property=\"og:site_name\" content=\"Nous Sommes Vincentiens\" \/>\n<meta property=\"article:publisher\" content=\"https:\/\/www.facebook.com\/WeAreVincentians\/\" \/>\n<meta property=\"article:author\" content=\"https:\/\/www.facebook.com\/JavierChento\" \/>\n<meta property=\"article:published_time\" content=\"2017-04-10T22:01:17+00:00\" \/>\n<meta property=\"og:image\" content=\"https:\/\/i0.wp.com\/vincentians.com\/fr\/wp-content\/uploads\/sites\/10\/2016\/07\/ephemerides-fb.jpg?fit=1200%2C630&ssl=1\" \/>\n\t<meta property=\"og:image:width\" content=\"1200\" \/>\n\t<meta property=\"og:image:height\" content=\"630\" \/>\n\t<meta property=\"og:image:type\" content=\"image\/jpeg\" \/>\n<meta name=\"author\" content=\"Francisco Javier Fern\u00e1ndez Chento\" \/>\n<meta name=\"twitter:card\" content=\"summary_large_image\" \/>\n<meta name=\"twitter:creator\" content=\"@https:\/\/twitter.com\/javierchento\" \/>\n<meta name=\"twitter:site\" content=\"@WeVincentians\" \/>\n<meta name=\"twitter:label1\" content=\"\u00c9crit par\" \/>\n\t<meta name=\"twitter:data1\" content=\"Francisco Javier Fern\u00e1ndez Chento\" \/>\n\t<meta name=\"twitter:label2\" content=\"Dur\u00e9e de lecture estim\u00e9e\" \/>\n\t<meta name=\"twitter:data2\" content=\"4 minutes\" \/>\n<script type=\"application\/ld+json\" class=\"yoast-schema-graph\">{\"@context\":\"https:\/\/schema.org\",\"@graph\":[{\"@type\":\"WebPage\",\"@id\":\"https:\/\/vincentians.com\/fr\/ephemerides-11-avril\/\",\"url\":\"https:\/\/vincentians.com\/fr\/ephemerides-11-avril\/\",\"name\":\"Eph\u00e9m\u00e9rides : 11 avril - Nous Sommes Vincentiens\",\"isPartOf\":{\"@id\":\"https:\/\/vincentians.com\/fr\/#website\"},\"primaryImageOfPage\":{\"@id\":\"https:\/\/vincentians.com\/fr\/ephemerides-11-avril\/#primaryimage\"},\"image\":{\"@id\":\"https:\/\/vincentians.com\/fr\/ephemerides-11-avril\/#primaryimage\"},\"thumbnailUrl\":\"https:\/\/i0.wp.com\/vincentians.com\/fr\/wp-content\/uploads\/sites\/10\/2016\/07\/ephemerides-fb.jpg?fit=1200%2C630&ssl=1\",\"datePublished\":\"2017-04-10T22:01:17+00:00\",\"author\":{\"@id\":\"https:\/\/vincentians.com\/fr\/#\/schema\/person\/9623ef4d9aa3b2dfb8c061f1499288f2\"},\"breadcrumb\":{\"@id\":\"https:\/\/vincentians.com\/fr\/ephemerides-11-avril\/#breadcrumb\"},\"inLanguage\":\"fr-FR\",\"potentialAction\":[{\"@type\":\"ReadAction\",\"target\":[\"https:\/\/vincentians.com\/fr\/ephemerides-11-avril\/\"]}]},{\"@type\":\"ImageObject\",\"inLanguage\":\"fr-FR\",\"@id\":\"https:\/\/vincentians.com\/fr\/ephemerides-11-avril\/#primaryimage\",\"url\":\"https:\/\/i0.wp.com\/vincentians.com\/fr\/wp-content\/uploads\/sites\/10\/2016\/07\/ephemerides-fb.jpg?fit=1200%2C630&ssl=1\",\"contentUrl\":\"https:\/\/i0.wp.com\/vincentians.com\/fr\/wp-content\/uploads\/sites\/10\/2016\/07\/ephemerides-fb.jpg?fit=1200%2C630&ssl=1\",\"width\":1200,\"height\":630},{\"@type\":\"BreadcrumbList\",\"@id\":\"https:\/\/vincentians.com\/fr\/ephemerides-11-avril\/#breadcrumb\",\"itemListElement\":[{\"@type\":\"ListItem\",\"position\":1,\"name\":\"Portada\",\"item\":\"https:\/\/vincentians.com\/fr\/\"},{\"@type\":\"ListItem\",\"position\":2,\"name\":\"Eph\u00e9m\u00e9rides : 11 avril\"}]},{\"@type\":\"WebSite\",\"@id\":\"https:\/\/vincentians.com\/fr\/#website\",\"url\":\"https:\/\/vincentians.com\/fr\/\",\"name\":\"Nous Sommes Vincentiens\",\"description\":\"Know more to serve more\",\"potentialAction\":[{\"@type\":\"SearchAction\",\"target\":{\"@type\":\"EntryPoint\",\"urlTemplate\":\"https:\/\/vincentians.com\/fr\/?s={search_term_string}\"},\"query-input\":{\"@type\":\"PropertyValueSpecification\",\"valueRequired\":true,\"valueName\":\"search_term_string\"}}],\"inLanguage\":\"fr-FR\"},{\"@type\":\"Person\",\"@id\":\"https:\/\/vincentians.com\/fr\/#\/schema\/person\/9623ef4d9aa3b2dfb8c061f1499288f2\",\"name\":\"Francisco Javier Fern\u00e1ndez Chento\",\"image\":{\"@type\":\"ImageObject\",\"inLanguage\":\"fr-FR\",\"@id\":\"https:\/\/vincentians.com\/fr\/#\/schema\/person\/image\/\",\"url\":\"https:\/\/secure.gravatar.com\/avatar\/497d5cde87b4c3d097d0315953521681ba2cd523ee66e5077c3711f7021e65de?s=96&d=mm&r=g\",\"contentUrl\":\"https:\/\/secure.gravatar.com\/avatar\/497d5cde87b4c3d097d0315953521681ba2cd523ee66e5077c3711f7021e65de?s=96&d=mm&r=g\",\"caption\":\"Francisco Javier Fern\u00e1ndez Chento\"},\"description\":\"Director General y cofundador de La Red de Formaci\u00f3n Vicenciana. Javier es laico vicenciano, afiliado a la Congregaci\u00f3n de la Misi\u00f3n y miembro del Equipo de Misiones Populares de la provincia can\u00f3nica de Zaragoza (Espa\u00f1a) de la Congregaci\u00f3n de la Misi\u00f3n. Graduado en la Universidad Oberta de Catalunya con cuatro grados (Asistente de direcci\u00f3n, Gesti\u00f3n Administrativa, Recursos Humanos y Contabilidad Avanzada). Bil\u00edng\u00fce Espa\u00f1ol\/Ingl\u00e9s. gestiona y mantiene varias p\u00e1ginas web cristianas y vicencianas, incluida including La Red de Formaci\u00f3n Vicenciana, de la que es cofundador. Actualmente es responsable del \u00e1rea de Espa\u00f1ol de .famvin, la Red de Noticias de la Familia Vicenciana. Tambi\u00e9n es m\u00fasico cat\u00f3lico y ha editado varios discos. Es Director General y cofundador de Trovador, una reconocida compa\u00f1\u00eda discogr\u00e1fica critiana de Espa\u00f1a. Trabaja en las Tecnolog\u00edas de la Informaci\u00f3n, ofreciendo servicios de alojamiento, dise\u00f1o y mantenimiento Web, as\u00ed como asesoramiento, formaci\u00f3n y soluciones inform\u00e1ticas, gesti\u00f3n documental y digitalizaci\u00f3n de textos, edici\u00f3n y maquetaci\u00f3n de libros, revistas, flyers, etc.\",\"sameAs\":[\"http:\/\/chento.org\",\"https:\/\/www.facebook.com\/JavierChento\",\"https:\/\/x.com\/https:\/\/twitter.com\/javierchento\"],\"url\":\"https:\/\/vincentians.com\/fr\/author\/chento\/\"}]}<\/script>\n<!-- \/ Yoast SEO plugin. -->","yoast_head_json":{"title":"Eph\u00e9m\u00e9rides : 11 avril - Nous Sommes Vincentiens","robots":{"index":"index","follow":"follow","max-snippet":"max-snippet:-1","max-image-preview":"max-image-preview:large","max-video-preview":"max-video-preview:-1"},"canonical":"https:\/\/vincentians.com\/fr\/ephemerides-11-avril\/","og_locale":"fr_FR","og_type":"article","og_title":"Eph\u00e9m\u00e9rides : 11 avril - Nous Sommes Vincentiens","og_description":"1627. \u00c0 Montreuil , Monsieur Vincent r\u00e9dige le r\u00e8glement de la Confr\u00e9rie de la Charit\u00e9 pour cette localit\u00e9 qui, selon l&rsquo;expression m\u00eame de l&rsquo;acte, se trouve situ\u00e9e \u00absur le bois de Vincennes\u00bb. Comme, dans la ... Read More","og_url":"https:\/\/vincentians.com\/fr\/ephemerides-11-avril\/","og_site_name":"Nous Sommes Vincentiens","article_publisher":"https:\/\/www.facebook.com\/WeAreVincentians\/","article_author":"https:\/\/www.facebook.com\/JavierChento","article_published_time":"2017-04-10T22:01:17+00:00","og_image":[{"width":1200,"height":630,"url":"https:\/\/i0.wp.com\/vincentians.com\/fr\/wp-content\/uploads\/sites\/10\/2016\/07\/ephemerides-fb.jpg?fit=1200%2C630&ssl=1","type":"image\/jpeg"}],"author":"Francisco Javier Fern\u00e1ndez Chento","twitter_card":"summary_large_image","twitter_creator":"@https:\/\/twitter.com\/javierchento","twitter_site":"@WeVincentians","twitter_misc":{"\u00c9crit par":"Francisco Javier Fern\u00e1ndez Chento","Dur\u00e9e de lecture estim\u00e9e":"4 minutes"},"schema":{"@context":"https:\/\/schema.org","@graph":[{"@type":"WebPage","@id":"https:\/\/vincentians.com\/fr\/ephemerides-11-avril\/","url":"https:\/\/vincentians.com\/fr\/ephemerides-11-avril\/","name":"Eph\u00e9m\u00e9rides : 11 avril - Nous Sommes Vincentiens","isPartOf":{"@id":"https:\/\/vincentians.com\/fr\/#website"},"primaryImageOfPage":{"@id":"https:\/\/vincentians.com\/fr\/ephemerides-11-avril\/#primaryimage"},"image":{"@id":"https:\/\/vincentians.com\/fr\/ephemerides-11-avril\/#primaryimage"},"thumbnailUrl":"https:\/\/i0.wp.com\/vincentians.com\/fr\/wp-content\/uploads\/sites\/10\/2016\/07\/ephemerides-fb.jpg?fit=1200%2C630&ssl=1","datePublished":"2017-04-10T22:01:17+00:00","author":{"@id":"https:\/\/vincentians.com\/fr\/#\/schema\/person\/9623ef4d9aa3b2dfb8c061f1499288f2"},"breadcrumb":{"@id":"https:\/\/vincentians.com\/fr\/ephemerides-11-avril\/#breadcrumb"},"inLanguage":"fr-FR","potentialAction":[{"@type":"ReadAction","target":["https:\/\/vincentians.com\/fr\/ephemerides-11-avril\/"]}]},{"@type":"ImageObject","inLanguage":"fr-FR","@id":"https:\/\/vincentians.com\/fr\/ephemerides-11-avril\/#primaryimage","url":"https:\/\/i0.wp.com\/vincentians.com\/fr\/wp-content\/uploads\/sites\/10\/2016\/07\/ephemerides-fb.jpg?fit=1200%2C630&ssl=1","contentUrl":"https:\/\/i0.wp.com\/vincentians.com\/fr\/wp-content\/uploads\/sites\/10\/2016\/07\/ephemerides-fb.jpg?fit=1200%2C630&ssl=1","width":1200,"height":630},{"@type":"BreadcrumbList","@id":"https:\/\/vincentians.com\/fr\/ephemerides-11-avril\/#breadcrumb","itemListElement":[{"@type":"ListItem","position":1,"name":"Portada","item":"https:\/\/vincentians.com\/fr\/"},{"@type":"ListItem","position":2,"name":"Eph\u00e9m\u00e9rides : 11 avril"}]},{"@type":"WebSite","@id":"https:\/\/vincentians.com\/fr\/#website","url":"https:\/\/vincentians.com\/fr\/","name":"Nous Sommes Vincentiens","description":"Know more to serve more","potentialAction":[{"@type":"SearchAction","target":{"@type":"EntryPoint","urlTemplate":"https:\/\/vincentians.com\/fr\/?s={search_term_string}"},"query-input":{"@type":"PropertyValueSpecification","valueRequired":true,"valueName":"search_term_string"}}],"inLanguage":"fr-FR"},{"@type":"Person","@id":"https:\/\/vincentians.com\/fr\/#\/schema\/person\/9623ef4d9aa3b2dfb8c061f1499288f2","name":"Francisco Javier Fern\u00e1ndez Chento","image":{"@type":"ImageObject","inLanguage":"fr-FR","@id":"https:\/\/vincentians.com\/fr\/#\/schema\/person\/image\/","url":"https:\/\/secure.gravatar.com\/avatar\/497d5cde87b4c3d097d0315953521681ba2cd523ee66e5077c3711f7021e65de?s=96&d=mm&r=g","contentUrl":"https:\/\/secure.gravatar.com\/avatar\/497d5cde87b4c3d097d0315953521681ba2cd523ee66e5077c3711f7021e65de?s=96&d=mm&r=g","caption":"Francisco Javier Fern\u00e1ndez Chento"},"description":"Director General y cofundador de La Red de Formaci\u00f3n Vicenciana. Javier es laico vicenciano, afiliado a la Congregaci\u00f3n de la Misi\u00f3n y miembro del Equipo de Misiones Populares de la provincia can\u00f3nica de Zaragoza (Espa\u00f1a) de la Congregaci\u00f3n de la Misi\u00f3n. Graduado en la Universidad Oberta de Catalunya con cuatro grados (Asistente de direcci\u00f3n, Gesti\u00f3n Administrativa, Recursos Humanos y Contabilidad Avanzada). Bil\u00edng\u00fce Espa\u00f1ol\/Ingl\u00e9s. gestiona y mantiene varias p\u00e1ginas web cristianas y vicencianas, incluida including La Red de Formaci\u00f3n Vicenciana, de la que es cofundador. Actualmente es responsable del \u00e1rea de Espa\u00f1ol de .famvin, la Red de Noticias de la Familia Vicenciana. Tambi\u00e9n es m\u00fasico cat\u00f3lico y ha editado varios discos. Es Director General y cofundador de Trovador, una reconocida compa\u00f1\u00eda discogr\u00e1fica critiana de Espa\u00f1a. Trabaja en las Tecnolog\u00edas de la Informaci\u00f3n, ofreciendo servicios de alojamiento, dise\u00f1o y mantenimiento Web, as\u00ed como asesoramiento, formaci\u00f3n y soluciones inform\u00e1ticas, gesti\u00f3n documental y digitalizaci\u00f3n de textos, edici\u00f3n y maquetaci\u00f3n de libros, revistas, flyers, etc.","sameAs":["http:\/\/chento.org","https:\/\/www.facebook.com\/JavierChento","https:\/\/x.com\/https:\/\/twitter.com\/javierchento"],"url":"https:\/\/vincentians.com\/fr\/author\/chento\/"}]}},"jetpack_publicize_connections":[],"jetpack_featured_media_url":"https:\/\/i0.wp.com\/vincentians.com\/fr\/wp-content\/uploads\/sites\/10\/2016\/07\/ephemerides-fb.jpg?fit=1200%2C630&ssl=1","jetpack_sharing_enabled":true,"jetpack_shortlink":"https:\/\/wp.me\/p7ETMP-NwX","jetpack-related-posts":[{"id":52033,"url":"https:\/\/vincentians.com\/fr\/saint-vincent-de-paul-et-sa-mission-sociale-ii-les-oeuvres-1\/","url_meta":{"origin":190399,"position":0},"title":"Saint Vincent De Paul Et Sa Mission Sociale. II &#8211; Les \u0152uvres (1)","author":"Francisco Javier Fern\u00e1ndez Chento","date":"21\/12\/2014","format":false,"excerpt":"LES CONFR\u00c9RIES DE LA CHARIT\u00c9. Organisation et d\u00e9veloppement de la confr\u00e9rie de la Charit\u00e9. \u2014 Les domaines du seigneur de Gondi. \u2014 Premi\u00e8re id\u00e9e de la congr\u00e9gation de la Mission. \u2014 Vincent de Paul devient aum\u00f4nier royal des gal\u00e8res et sup\u00e9rieur des religieuses de la Visitation. \u2014 Saint Fran\u00e7ois de\u2026","rel":"","context":"Dans &quot;Vincent de Paul&quot;","block_context":{"text":"Vincent de Paul","link":"https:\/\/vincentians.com\/fr\/category\/the-vincentian-family\/founders\/vincent-de-paul\/"},"img":{"alt_text":"","src":"https:\/\/i0.wp.com\/vincentians.com\/fr\/wp-content\/uploads\/sites\/10\/2016\/07\/vincent-et-sa-action-sociale.jpg?fit=1160%2C630&ssl=1&resize=350%2C200","width":350,"height":200,"srcset":"https:\/\/i0.wp.com\/vincentians.com\/fr\/wp-content\/uploads\/sites\/10\/2016\/07\/vincent-et-sa-action-sociale.jpg?fit=1160%2C630&ssl=1&resize=350%2C200 1x, https:\/\/i0.wp.com\/vincentians.com\/fr\/wp-content\/uploads\/sites\/10\/2016\/07\/vincent-et-sa-action-sociale.jpg?fit=1160%2C630&ssl=1&resize=525%2C300 1.5x, https:\/\/i0.wp.com\/vincentians.com\/fr\/wp-content\/uploads\/sites\/10\/2016\/07\/vincent-et-sa-action-sociale.jpg?fit=1160%2C630&ssl=1&resize=700%2C400 2x, https:\/\/i0.wp.com\/vincentians.com\/fr\/wp-content\/uploads\/sites\/10\/2016\/07\/vincent-et-sa-action-sociale.jpg?fit=1160%2C630&ssl=1&resize=1050%2C600 3x"},"classes":[]},{"id":104144,"url":"https:\/\/vincentians.com\/fr\/ephemerides-29-novembre\/","url_meta":{"origin":190399,"position":1},"title":"Eph\u00e9m\u00e9rides: 29 novembre","author":"Francisco Javier Fern\u00e1ndez Chento","date":"29\/11\/2016","format":false,"excerpt":"1633. \u00c0 Paris, en la maison de Mlle Le Gras, proche Saint-Nicolas du Chardonnet \u2014 rue des Foss\u00e9s-Saint-Victor \u2014 trois ou quatre filles s\u2019assemblent pour apprendre \u00e0 servir les pauvres\u2026 C\u2019est une consid\u00e9ration d\u2019utilit\u00e9 pratique qui est \u00e0 l\u2019origine de ce petit fait\u00a0: les d\u00e9tails concrets et peu rago\u00fbtants de\u2026","rel":"","context":"Dans &quot;\u00c9ph\u00e9m\u00e9rides vincentiens&quot;","block_context":{"text":"\u00c9ph\u00e9m\u00e9rides vincentiens","link":"https:\/\/vincentians.com\/fr\/category\/ephemerides-vincentiens\/"},"img":{"alt_text":"","src":"https:\/\/i0.wp.com\/vincentians.com\/fr\/wp-content\/uploads\/sites\/10\/2016\/07\/ephemerides-fb.jpg?fit=1200%2C630&ssl=1&resize=350%2C200","width":350,"height":200,"srcset":"https:\/\/i0.wp.com\/vincentians.com\/fr\/wp-content\/uploads\/sites\/10\/2016\/07\/ephemerides-fb.jpg?fit=1200%2C630&ssl=1&resize=350%2C200 1x, https:\/\/i0.wp.com\/vincentians.com\/fr\/wp-content\/uploads\/sites\/10\/2016\/07\/ephemerides-fb.jpg?fit=1200%2C630&ssl=1&resize=525%2C300 1.5x, https:\/\/i0.wp.com\/vincentians.com\/fr\/wp-content\/uploads\/sites\/10\/2016\/07\/ephemerides-fb.jpg?fit=1200%2C630&ssl=1&resize=700%2C400 2x, https:\/\/i0.wp.com\/vincentians.com\/fr\/wp-content\/uploads\/sites\/10\/2016\/07\/ephemerides-fb.jpg?fit=1200%2C630&ssl=1&resize=1050%2C600 3x"},"classes":[]},{"id":105537,"url":"https:\/\/vincentians.com\/fr\/ephemerides-5-janvier\/","url_meta":{"origin":190399,"position":2},"title":"Eph\u00e9m\u00e9rides: 5 janvier","author":"Francisco Javier Fern\u00e1ndez Chento","date":"05\/01\/2017","format":false,"excerpt":"1629. Saint Vincent \u00e9crit \u00e0 sainte Louise\u00a0: \u201cJe prie Dieu que vous et moi ayons toujours un m\u00eame vouloir et non vouloir avec Lui et en Lui puisque c\u2019est un paradis anticip\u00e9\u201d. (R) 1673. \u00c0 Saint-Lazare, la troisi\u00e8me Assembl\u00e9e g\u00e9n\u00e9rale choisit Edme Jolly comme successeur de saint Vincent et de\u2026","rel":"","context":"Dans &quot;\u00c9ph\u00e9m\u00e9rides vincentiens&quot;","block_context":{"text":"\u00c9ph\u00e9m\u00e9rides vincentiens","link":"https:\/\/vincentians.com\/fr\/category\/ephemerides-vincentiens\/"},"img":{"alt_text":"","src":"https:\/\/i0.wp.com\/vincentians.com\/fr\/wp-content\/uploads\/sites\/10\/2016\/07\/ephemerides-fb.jpg?fit=1200%2C630&ssl=1&resize=350%2C200","width":350,"height":200,"srcset":"https:\/\/i0.wp.com\/vincentians.com\/fr\/wp-content\/uploads\/sites\/10\/2016\/07\/ephemerides-fb.jpg?fit=1200%2C630&ssl=1&resize=350%2C200 1x, https:\/\/i0.wp.com\/vincentians.com\/fr\/wp-content\/uploads\/sites\/10\/2016\/07\/ephemerides-fb.jpg?fit=1200%2C630&ssl=1&resize=525%2C300 1.5x, https:\/\/i0.wp.com\/vincentians.com\/fr\/wp-content\/uploads\/sites\/10\/2016\/07\/ephemerides-fb.jpg?fit=1200%2C630&ssl=1&resize=700%2C400 2x, https:\/\/i0.wp.com\/vincentians.com\/fr\/wp-content\/uploads\/sites\/10\/2016\/07\/ephemerides-fb.jpg?fit=1200%2C630&ssl=1&resize=1050%2C600 3x"},"classes":[]},{"id":52038,"url":"https:\/\/vincentians.com\/fr\/saint-vincent-de-paul-et-sa-mission-sociale-ii-les-oeuvres-3\/","url_meta":{"origin":190399,"position":3},"title":"Saint Vincent De Paul Et Sa Mission Sociale. II &#8211; Les \u0152uvres (3)","author":"Francisco Javier Fern\u00e1ndez Chento","date":"23\/12\/2014","format":false,"excerpt":"LA S\u0152UR DE CHARIT\u00c9. \u2014 Mademoiselle Le Gras et Vincent de Paul. \u2014 Premiers rapports ; premi\u00e8res \u0153uvres. \u2014 Institution des Filles de la Charit\u00e9, servantes des pauvres. \u2014 Une nouvelle religieuse. \u2014 Conf\u00e9rences. \u2014 R\u00e8gles. \u2014 L\u2019H\u00f4tel de Rambouillet et l\u2019H\u00f4tel-Dieu. \u2014 Les Dames de la Charit\u00e9. Madame Goussault.\u2026","rel":"","context":"Dans &quot;Vincent de Paul&quot;","block_context":{"text":"Vincent de Paul","link":"https:\/\/vincentians.com\/fr\/category\/the-vincentian-family\/founders\/vincent-de-paul\/"},"img":{"alt_text":"","src":"https:\/\/i0.wp.com\/vincentians.com\/fr\/wp-content\/uploads\/sites\/10\/2016\/07\/vincent-et-sa-action-sociale.jpg?fit=1160%2C630&ssl=1&resize=350%2C200","width":350,"height":200,"srcset":"https:\/\/i0.wp.com\/vincentians.com\/fr\/wp-content\/uploads\/sites\/10\/2016\/07\/vincent-et-sa-action-sociale.jpg?fit=1160%2C630&ssl=1&resize=350%2C200 1x, https:\/\/i0.wp.com\/vincentians.com\/fr\/wp-content\/uploads\/sites\/10\/2016\/07\/vincent-et-sa-action-sociale.jpg?fit=1160%2C630&ssl=1&resize=525%2C300 1.5x, https:\/\/i0.wp.com\/vincentians.com\/fr\/wp-content\/uploads\/sites\/10\/2016\/07\/vincent-et-sa-action-sociale.jpg?fit=1160%2C630&ssl=1&resize=700%2C400 2x, https:\/\/i0.wp.com\/vincentians.com\/fr\/wp-content\/uploads\/sites\/10\/2016\/07\/vincent-et-sa-action-sociale.jpg?fit=1160%2C630&ssl=1&resize=1050%2C600 3x"},"classes":[]},{"id":104153,"url":"https:\/\/vincentians.com\/fr\/ephemerides-20-novembre\/","url_meta":{"origin":190399,"position":4},"title":"Eph\u00e9m\u00e9rides: 20 novembre","author":"Francisco Javier Fern\u00e1ndez Chento","date":"20\/11\/2016","format":false,"excerpt":"1646. A Paris, Jean-Fran\u00e7ois-Paul de Gondi, archev\u00eaque de Corinthe et coadjuteur de l\u2019archev\u00eaque de Paris, \u00e9rige la Confr\u00e9rie des servantes des pauvres malades, et en approuve le r\u00e8glement qu\u2019a trac\u00e9 celui que le signataire de l\u2019important document appelle \u201cnotre cher et bien-aim\u00e9 Paul Vincent\u201d. C\u2019est l\u00e0, en quelque sorte, l\u2019acte\u2026","rel":"","context":"Dans &quot;\u00c9ph\u00e9m\u00e9rides vincentiens&quot;","block_context":{"text":"\u00c9ph\u00e9m\u00e9rides vincentiens","link":"https:\/\/vincentians.com\/fr\/category\/ephemerides-vincentiens\/"},"img":{"alt_text":"","src":"https:\/\/i0.wp.com\/vincentians.com\/fr\/wp-content\/uploads\/sites\/10\/2016\/07\/ephemerides-fb.jpg?fit=1200%2C630&ssl=1&resize=350%2C200","width":350,"height":200,"srcset":"https:\/\/i0.wp.com\/vincentians.com\/fr\/wp-content\/uploads\/sites\/10\/2016\/07\/ephemerides-fb.jpg?fit=1200%2C630&ssl=1&resize=350%2C200 1x, https:\/\/i0.wp.com\/vincentians.com\/fr\/wp-content\/uploads\/sites\/10\/2016\/07\/ephemerides-fb.jpg?fit=1200%2C630&ssl=1&resize=525%2C300 1.5x, https:\/\/i0.wp.com\/vincentians.com\/fr\/wp-content\/uploads\/sites\/10\/2016\/07\/ephemerides-fb.jpg?fit=1200%2C630&ssl=1&resize=700%2C400 2x, https:\/\/i0.wp.com\/vincentians.com\/fr\/wp-content\/uploads\/sites\/10\/2016\/07\/ephemerides-fb.jpg?fit=1200%2C630&ssl=1&resize=1050%2C600 3x"},"classes":[]},{"id":190184,"url":"https:\/\/vincentians.com\/fr\/ephemerides-24-septembre\/","url_meta":{"origin":190399,"position":5},"title":"Eph\u00e9m\u00e9rides : 24 septembre","author":"Francisco Javier Fern\u00e1ndez Chento","date":"24\/09\/2016","format":false,"excerpt":"1641. \u00c0 Annecy, Jacques de Cordon donne \u00e0 nos confr\u00e8res, \u00e9tablis depuis deux ans en cette ville, un capital de quatorze mille florins, \u00e0 charge de pr\u00eacher des missions dans les terres de Genevois et Compaisi\u00e8res dont il a la commanderie. Dans le contrat, sign\u00e9 par devant notaire, Jacques de\u2026","rel":"","context":"Dans &quot;\u00c9ph\u00e9m\u00e9rides vincentiens&quot;","block_context":{"text":"\u00c9ph\u00e9m\u00e9rides vincentiens","link":"https:\/\/vincentians.com\/fr\/category\/ephemerides-vincentiens\/"},"img":{"alt_text":"","src":"https:\/\/i0.wp.com\/vincentians.com\/fr\/wp-content\/uploads\/sites\/10\/2016\/07\/ephemerides-fb.jpg?fit=1200%2C630&ssl=1&resize=350%2C200","width":350,"height":200,"srcset":"https:\/\/i0.wp.com\/vincentians.com\/fr\/wp-content\/uploads\/sites\/10\/2016\/07\/ephemerides-fb.jpg?fit=1200%2C630&ssl=1&resize=350%2C200 1x, https:\/\/i0.wp.com\/vincentians.com\/fr\/wp-content\/uploads\/sites\/10\/2016\/07\/ephemerides-fb.jpg?fit=1200%2C630&ssl=1&resize=525%2C300 1.5x, https:\/\/i0.wp.com\/vincentians.com\/fr\/wp-content\/uploads\/sites\/10\/2016\/07\/ephemerides-fb.jpg?fit=1200%2C630&ssl=1&resize=700%2C400 2x, https:\/\/i0.wp.com\/vincentians.com\/fr\/wp-content\/uploads\/sites\/10\/2016\/07\/ephemerides-fb.jpg?fit=1200%2C630&ssl=1&resize=1050%2C600 3x"},"classes":[]}],"_links":{"self":[{"href":"https:\/\/vincentians.com\/fr\/wp-json\/wp\/v2\/posts\/190399","targetHints":{"allow":["GET"]}}],"collection":[{"href":"https:\/\/vincentians.com\/fr\/wp-json\/wp\/v2\/posts"}],"about":[{"href":"https:\/\/vincentians.com\/fr\/wp-json\/wp\/v2\/types\/post"}],"author":[{"embeddable":true,"href":"https:\/\/vincentians.com\/fr\/wp-json\/wp\/v2\/users\/4"}],"replies":[{"embeddable":true,"href":"https:\/\/vincentians.com\/fr\/wp-json\/wp\/v2\/comments?post=190399"}],"version-history":[{"count":0,"href":"https:\/\/vincentians.com\/fr\/wp-json\/wp\/v2\/posts\/190399\/revisions"}],"wp:featuredmedia":[{"embeddable":true,"href":"https:\/\/vincentians.com\/fr\/wp-json\/wp\/v2\/media\/149897"}],"wp:attachment":[{"href":"https:\/\/vincentians.com\/fr\/wp-json\/wp\/v2\/media?parent=190399"}],"wp:term":[{"taxonomy":"category","embeddable":true,"href":"https:\/\/vincentians.com\/fr\/wp-json\/wp\/v2\/categories?post=190399"},{"taxonomy":"post_tag","embeddable":true,"href":"https:\/\/vincentians.com\/fr\/wp-json\/wp\/v2\/tags?post=190399"}],"curies":[{"name":"wp","href":"https:\/\/api.w.org\/{rel}","templated":true}]}}