{"id":190382,"date":"2017-05-03T00:01:17","date_gmt":"2017-05-02T22:01:17","guid":{"rendered":"http:\/\/vincentians.com\/fr\/?p=190382"},"modified":"2016-08-11T17:40:13","modified_gmt":"2016-08-11T15:40:13","slug":"ephemerides-03-mai","status":"publish","type":"post","link":"https:\/\/vincentians.com\/fr\/ephemerides-03-mai\/","title":{"rendered":"Eph\u00e9m\u00e9rides : 03 mai"},"content":{"rendered":"<p><b>1878<\/b>. \u00c0 Paris, \u00e0 dix heures trente du soir, mort de M. Eug\u00e8ne Bor\u00e9, sup\u00e9rieur g\u00e9n\u00e9ral. Lorsque, quatre ans auparavant, l&rsquo;Assembl\u00e9e l&rsquo;avait choisi pour succ\u00e9der \u00e0 M. Etienne, chacun pensait que sa solide sant\u00e9 le garderait longtemps \u00e0 la t\u00eate de la double famille de saint Vincent\u00a0; et d&rsquo;ailleurs, l&rsquo;avant-veille de sa mort, il avait encore v\u00e9cu sa journ\u00e9e laborieuse avec son entrain habituel. Aussi, en ce 3 mai, la stupeur douloureuse est aussi grande que le fut la joie au jour de son \u00e9lection. Quand il prit en mains le gouvernement des enfants de saint Vincent, M. Bor\u00e9 avait un beau pass\u00e9. Fils d&rsquo;un avocat de la ville d&rsquo;Angers, o\u00f9 il \u00e9tait n\u00e9 le 15 ao\u00fbt 1809, Eug\u00e8ne Bor\u00e9 eut une jeunesse fonci\u00e8rement pieuse et brillamment studieuse\u00a0: \u00e0 dix-huit ans, il est laur\u00e9at du concours g\u00e9n\u00e9ral pour la philosophie avec Alfred de Musset comme concurrent redoutable. Et, &#8211; d\u00e9tail significatif, &#8211; c&rsquo;est \u00e0 cette m\u00eame \u00e9poque qu&rsquo;Eug\u00e8ne Bor\u00e9 s&rsquo;impose de faire chaque jour une m\u00e9ditation matinale. Tout en se lan\u00e7ant dans l&rsquo;\u00e9tude des langues, et sp\u00e9cialement des langues orientales, il est le disciple de pr\u00e9dilection de Lamennais qui l&rsquo;appelle son \u00abEug\u00e8ne bien-aim\u00e9\u00bb. Au reste, de tous les habitu\u00e9s de La Chesnaie o\u00f9 il va passer ses vacances, M. Bor\u00e9 sera le dernier \u00e0 abandonner celui qu&rsquo;il appelle son \u00abMa\u00eetre\u00bb, lors de sa r\u00e9bellion contre l&rsquo;\u00c9glise. A vingt-cinq ans, Eug\u00e8ne Bor\u00e9 est nomm\u00e9, par Guizot, professeur suppl\u00e9ant du cours d&rsquo;arm\u00e9nien, au Coll\u00e8ge de France. En 1835, il est charg\u00e9 d&rsquo;une mission litt\u00e9raire \u00e0 Venise, et en 1837, c&rsquo;est une mission scientifique qui l&rsquo;entra\u00eene dans le Proche-Orient. \u00ab\u00a0Le but d\u00e9finitif de mes travaux, \u00e9crit-il alors \u00e0 son fr\u00e8re L\u00e9on, est la v\u00e9rit\u00e9 ou la cause de la religion catholique.\u00a0\u00bb Il le prouve par diff\u00e9rentes r\u00e9alisations pratiques et, en particulier, en d\u00e9clenchant l&rsquo;installation de la Congr\u00e9gation en Perse. Et, tandis que les distinctions, \u2014 L\u00e9gion d&rsquo;honneur, d\u00e9corations pontificales, \u2014 pleuvent sur lui, il se sent de plus en plus attir\u00e9 par le sacerdoce. Il est enfin ordonn\u00e9 pr\u00eatre \u00e0 Constantinople, le 7 avril 1850 et entre ensuite au s\u00e9minaire interne de Paris. Apr\u00e8s ses V\u0153ux, M. Etienne l&rsquo;envoie diriger le coll\u00e8ge de B\u00e9bek et, le 6 septembre 1851, le nomme visiteur de Constantinople. M. Bor\u00e9 vit alors quinze belles ann\u00e9es de d\u00e9vouement pour la Compagnie et pour l&rsquo;\u00c9glise. Un acte d&rsquo;ob\u00e9issance m\u00e9ritoire y met fin\u00a0: cet Orient dont il subit toujours la magie humaine et surtout chr\u00e9tienne, il lui faut le quitter\u00a0; il est appel\u00e9 aux fonctions de secr\u00e9taire g\u00e9n\u00e9ral jusqu&rsquo;au jour o\u00f9, apr\u00e8s cette initiation de huit ans au gouvernement de la Congr\u00e9gation, il en devient lui-m\u00eame le sup\u00e9rieur. Sa vie de soixante-neuf ans n&rsquo;a \u00e9t\u00e9 que le rapide passage sur terre d&rsquo;une belle \u00e2me toute orient\u00e9e vers Dieu (1).<\/p>\n<p><b>1881<\/b>. D\u00e9c\u00e8s de M. Bourdarie qui avait succ\u00e9d\u00e9 \u00e0 M. Mellier dans sa charge de Directeur (1875-1881). Le Sup\u00e9rieur G\u00e9n\u00e9ral d\u2019alors \u00e9tait M. Fiat et la Sup\u00e9rieure G\u00e9n\u00e9rale, Notre M\u00e8re Juhel. (R)<\/p>\n<p><b>1886<\/b>. S\u0153ur Sion arrive \u00e0 J\u00e9rusalem avec trois compagnes. C\u2019est le d\u00e9but des \u0153uvres en Terre Sainte\u00a0: 1887\u00a0: Bethl\u00e9em\u00a0; 1898\u00a0: Nazareth\u00a0; 1930\u00a0: B\u00e9thanie. (R)<\/p>\n<dl>\n<dd>1) Eug\u00e8ne Bor\u00e9, Paris 1879\u00a0; A. Milon, dans Les Contemporains. Circulaires, III, pp. 476-481.<\/dd>\n<\/dl>\n","protected":false},"excerpt":{"rendered":"<p>1878. \u00c0 Paris, \u00e0 dix heures trente du soir, mort de M. Eug\u00e8ne Bor\u00e9, sup\u00e9rieur g\u00e9n\u00e9ral. Lorsque, quatre ans auparavant, l&rsquo;Assembl\u00e9e l&rsquo;avait choisi pour succ\u00e9der \u00e0 M. Etienne, chacun pensait que sa solide sant\u00e9 le &#8230; <a href=\"https:\/\/vincentians.com\/fr\/ephemerides-03-mai\/\" class=\"more-link\">Read More<\/a><\/p>\n","protected":false},"author":4,"featured_media":149897,"comment_status":"open","ping_status":"open","sticky":false,"template":"","format":"standard","meta":{"jetpack_post_was_ever_published":false,"_jetpack_newsletter_access":"","_jetpack_dont_email_post_to_subs":false,"_jetpack_newsletter_tier_id":0,"_jetpack_memberships_contains_paywalled_content":false,"_jetpack_memberships_contains_paid_content":false,"footnotes":"","jetpack_publicize_message":"","jetpack_publicize_feature_enabled":true,"jetpack_social_post_already_shared":true,"jetpack_social_options":{"image_generator_settings":{"template":"highway","default_image_id":0,"font":"","enabled":false},"version":2}},"categories":[119],"tags":[],"class_list":["post-190382","post","type-post","status-publish","format-standard","has-post-thumbnail","hentry","category-ephemerides-vincentiens"],"yoast_head":"<!-- This site is optimized with the Yoast SEO plugin v26.3 - https:\/\/yoast.com\/wordpress\/plugins\/seo\/ -->\n<title>Eph\u00e9m\u00e9rides : 03 mai - Nous Sommes Vincentiens<\/title>\n<meta name=\"robots\" content=\"index, follow, max-snippet:-1, max-image-preview:large, max-video-preview:-1\" \/>\n<link rel=\"canonical\" href=\"https:\/\/vincentians.com\/fr\/ephemerides-03-mai\/\" \/>\n<meta property=\"og:locale\" content=\"fr_FR\" \/>\n<meta property=\"og:type\" content=\"article\" \/>\n<meta property=\"og:title\" content=\"Eph\u00e9m\u00e9rides : 03 mai - Nous Sommes Vincentiens\" \/>\n<meta property=\"og:description\" content=\"1878. \u00c0 Paris, \u00e0 dix heures trente du soir, mort de M. Eug\u00e8ne Bor\u00e9, sup\u00e9rieur g\u00e9n\u00e9ral. Lorsque, quatre ans auparavant, l&rsquo;Assembl\u00e9e l&rsquo;avait choisi pour succ\u00e9der \u00e0 M. Etienne, chacun pensait que sa solide sant\u00e9 le ... Read More\" \/>\n<meta property=\"og:url\" content=\"https:\/\/vincentians.com\/fr\/ephemerides-03-mai\/\" \/>\n<meta property=\"og:site_name\" content=\"Nous Sommes Vincentiens\" \/>\n<meta property=\"article:publisher\" content=\"https:\/\/www.facebook.com\/WeAreVincentians\/\" \/>\n<meta property=\"article:author\" content=\"https:\/\/www.facebook.com\/JavierChento\" \/>\n<meta property=\"article:published_time\" content=\"2017-05-02T22:01:17+00:00\" \/>\n<meta property=\"og:image\" content=\"https:\/\/i0.wp.com\/vincentians.com\/fr\/wp-content\/uploads\/sites\/10\/2016\/07\/ephemerides-fb.jpg?fit=1200%2C630&ssl=1\" \/>\n\t<meta property=\"og:image:width\" content=\"1200\" \/>\n\t<meta property=\"og:image:height\" content=\"630\" \/>\n\t<meta property=\"og:image:type\" content=\"image\/jpeg\" \/>\n<meta name=\"author\" content=\"Francisco Javier Fern\u00e1ndez Chento\" \/>\n<meta name=\"twitter:card\" content=\"summary_large_image\" \/>\n<meta name=\"twitter:creator\" content=\"@https:\/\/twitter.com\/javierchento\" \/>\n<meta name=\"twitter:site\" content=\"@WeVincentians\" \/>\n<meta name=\"twitter:label1\" content=\"\u00c9crit par\" \/>\n\t<meta name=\"twitter:data1\" content=\"Francisco Javier Fern\u00e1ndez Chento\" \/>\n\t<meta name=\"twitter:label2\" content=\"Dur\u00e9e de lecture estim\u00e9e\" \/>\n\t<meta name=\"twitter:data2\" content=\"3 minutes\" \/>\n<script type=\"application\/ld+json\" class=\"yoast-schema-graph\">{\"@context\":\"https:\/\/schema.org\",\"@graph\":[{\"@type\":\"WebPage\",\"@id\":\"https:\/\/vincentians.com\/fr\/ephemerides-03-mai\/\",\"url\":\"https:\/\/vincentians.com\/fr\/ephemerides-03-mai\/\",\"name\":\"Eph\u00e9m\u00e9rides : 03 mai - Nous Sommes Vincentiens\",\"isPartOf\":{\"@id\":\"https:\/\/vincentians.com\/fr\/#website\"},\"primaryImageOfPage\":{\"@id\":\"https:\/\/vincentians.com\/fr\/ephemerides-03-mai\/#primaryimage\"},\"image\":{\"@id\":\"https:\/\/vincentians.com\/fr\/ephemerides-03-mai\/#primaryimage\"},\"thumbnailUrl\":\"https:\/\/i0.wp.com\/vincentians.com\/fr\/wp-content\/uploads\/sites\/10\/2016\/07\/ephemerides-fb.jpg?fit=1200%2C630&ssl=1\",\"datePublished\":\"2017-05-02T22:01:17+00:00\",\"author\":{\"@id\":\"https:\/\/vincentians.com\/fr\/#\/schema\/person\/9623ef4d9aa3b2dfb8c061f1499288f2\"},\"breadcrumb\":{\"@id\":\"https:\/\/vincentians.com\/fr\/ephemerides-03-mai\/#breadcrumb\"},\"inLanguage\":\"fr-FR\",\"potentialAction\":[{\"@type\":\"ReadAction\",\"target\":[\"https:\/\/vincentians.com\/fr\/ephemerides-03-mai\/\"]}]},{\"@type\":\"ImageObject\",\"inLanguage\":\"fr-FR\",\"@id\":\"https:\/\/vincentians.com\/fr\/ephemerides-03-mai\/#primaryimage\",\"url\":\"https:\/\/i0.wp.com\/vincentians.com\/fr\/wp-content\/uploads\/sites\/10\/2016\/07\/ephemerides-fb.jpg?fit=1200%2C630&ssl=1\",\"contentUrl\":\"https:\/\/i0.wp.com\/vincentians.com\/fr\/wp-content\/uploads\/sites\/10\/2016\/07\/ephemerides-fb.jpg?fit=1200%2C630&ssl=1\",\"width\":1200,\"height\":630},{\"@type\":\"BreadcrumbList\",\"@id\":\"https:\/\/vincentians.com\/fr\/ephemerides-03-mai\/#breadcrumb\",\"itemListElement\":[{\"@type\":\"ListItem\",\"position\":1,\"name\":\"Portada\",\"item\":\"https:\/\/vincentians.com\/fr\/\"},{\"@type\":\"ListItem\",\"position\":2,\"name\":\"Eph\u00e9m\u00e9rides : 03 mai\"}]},{\"@type\":\"WebSite\",\"@id\":\"https:\/\/vincentians.com\/fr\/#website\",\"url\":\"https:\/\/vincentians.com\/fr\/\",\"name\":\"Nous Sommes Vincentiens\",\"description\":\"Know more to serve more\",\"potentialAction\":[{\"@type\":\"SearchAction\",\"target\":{\"@type\":\"EntryPoint\",\"urlTemplate\":\"https:\/\/vincentians.com\/fr\/?s={search_term_string}\"},\"query-input\":{\"@type\":\"PropertyValueSpecification\",\"valueRequired\":true,\"valueName\":\"search_term_string\"}}],\"inLanguage\":\"fr-FR\"},{\"@type\":\"Person\",\"@id\":\"https:\/\/vincentians.com\/fr\/#\/schema\/person\/9623ef4d9aa3b2dfb8c061f1499288f2\",\"name\":\"Francisco Javier Fern\u00e1ndez Chento\",\"image\":{\"@type\":\"ImageObject\",\"inLanguage\":\"fr-FR\",\"@id\":\"https:\/\/vincentians.com\/fr\/#\/schema\/person\/image\/\",\"url\":\"https:\/\/secure.gravatar.com\/avatar\/497d5cde87b4c3d097d0315953521681ba2cd523ee66e5077c3711f7021e65de?s=96&d=mm&r=g\",\"contentUrl\":\"https:\/\/secure.gravatar.com\/avatar\/497d5cde87b4c3d097d0315953521681ba2cd523ee66e5077c3711f7021e65de?s=96&d=mm&r=g\",\"caption\":\"Francisco Javier Fern\u00e1ndez Chento\"},\"description\":\"Director General y cofundador de La Red de Formaci\u00f3n Vicenciana. Javier es laico vicenciano, afiliado a la Congregaci\u00f3n de la Misi\u00f3n y miembro del Equipo de Misiones Populares de la provincia can\u00f3nica de Zaragoza (Espa\u00f1a) de la Congregaci\u00f3n de la Misi\u00f3n. Graduado en la Universidad Oberta de Catalunya con cuatro grados (Asistente de direcci\u00f3n, Gesti\u00f3n Administrativa, Recursos Humanos y Contabilidad Avanzada). Bil\u00edng\u00fce Espa\u00f1ol\/Ingl\u00e9s. gestiona y mantiene varias p\u00e1ginas web cristianas y vicencianas, incluida including La Red de Formaci\u00f3n Vicenciana, de la que es cofundador. Actualmente es responsable del \u00e1rea de Espa\u00f1ol de .famvin, la Red de Noticias de la Familia Vicenciana. Tambi\u00e9n es m\u00fasico cat\u00f3lico y ha editado varios discos. Es Director General y cofundador de Trovador, una reconocida compa\u00f1\u00eda discogr\u00e1fica critiana de Espa\u00f1a. Trabaja en las Tecnolog\u00edas de la Informaci\u00f3n, ofreciendo servicios de alojamiento, dise\u00f1o y mantenimiento Web, as\u00ed como asesoramiento, formaci\u00f3n y soluciones inform\u00e1ticas, gesti\u00f3n documental y digitalizaci\u00f3n de textos, edici\u00f3n y maquetaci\u00f3n de libros, revistas, flyers, etc.\",\"sameAs\":[\"http:\/\/chento.org\",\"https:\/\/www.facebook.com\/JavierChento\",\"https:\/\/x.com\/https:\/\/twitter.com\/javierchento\"],\"url\":\"https:\/\/vincentians.com\/fr\/author\/chento\/\"}]}<\/script>\n<!-- \/ Yoast SEO plugin. -->","yoast_head_json":{"title":"Eph\u00e9m\u00e9rides : 03 mai - Nous Sommes Vincentiens","robots":{"index":"index","follow":"follow","max-snippet":"max-snippet:-1","max-image-preview":"max-image-preview:large","max-video-preview":"max-video-preview:-1"},"canonical":"https:\/\/vincentians.com\/fr\/ephemerides-03-mai\/","og_locale":"fr_FR","og_type":"article","og_title":"Eph\u00e9m\u00e9rides : 03 mai - Nous Sommes Vincentiens","og_description":"1878. \u00c0 Paris, \u00e0 dix heures trente du soir, mort de M. Eug\u00e8ne Bor\u00e9, sup\u00e9rieur g\u00e9n\u00e9ral. Lorsque, quatre ans auparavant, l&rsquo;Assembl\u00e9e l&rsquo;avait choisi pour succ\u00e9der \u00e0 M. Etienne, chacun pensait que sa solide sant\u00e9 le ... Read More","og_url":"https:\/\/vincentians.com\/fr\/ephemerides-03-mai\/","og_site_name":"Nous Sommes Vincentiens","article_publisher":"https:\/\/www.facebook.com\/WeAreVincentians\/","article_author":"https:\/\/www.facebook.com\/JavierChento","article_published_time":"2017-05-02T22:01:17+00:00","og_image":[{"width":1200,"height":630,"url":"https:\/\/i0.wp.com\/vincentians.com\/fr\/wp-content\/uploads\/sites\/10\/2016\/07\/ephemerides-fb.jpg?fit=1200%2C630&ssl=1","type":"image\/jpeg"}],"author":"Francisco Javier Fern\u00e1ndez Chento","twitter_card":"summary_large_image","twitter_creator":"@https:\/\/twitter.com\/javierchento","twitter_site":"@WeVincentians","twitter_misc":{"\u00c9crit par":"Francisco Javier Fern\u00e1ndez Chento","Dur\u00e9e de lecture estim\u00e9e":"3 minutes"},"schema":{"@context":"https:\/\/schema.org","@graph":[{"@type":"WebPage","@id":"https:\/\/vincentians.com\/fr\/ephemerides-03-mai\/","url":"https:\/\/vincentians.com\/fr\/ephemerides-03-mai\/","name":"Eph\u00e9m\u00e9rides : 03 mai - Nous Sommes Vincentiens","isPartOf":{"@id":"https:\/\/vincentians.com\/fr\/#website"},"primaryImageOfPage":{"@id":"https:\/\/vincentians.com\/fr\/ephemerides-03-mai\/#primaryimage"},"image":{"@id":"https:\/\/vincentians.com\/fr\/ephemerides-03-mai\/#primaryimage"},"thumbnailUrl":"https:\/\/i0.wp.com\/vincentians.com\/fr\/wp-content\/uploads\/sites\/10\/2016\/07\/ephemerides-fb.jpg?fit=1200%2C630&ssl=1","datePublished":"2017-05-02T22:01:17+00:00","author":{"@id":"https:\/\/vincentians.com\/fr\/#\/schema\/person\/9623ef4d9aa3b2dfb8c061f1499288f2"},"breadcrumb":{"@id":"https:\/\/vincentians.com\/fr\/ephemerides-03-mai\/#breadcrumb"},"inLanguage":"fr-FR","potentialAction":[{"@type":"ReadAction","target":["https:\/\/vincentians.com\/fr\/ephemerides-03-mai\/"]}]},{"@type":"ImageObject","inLanguage":"fr-FR","@id":"https:\/\/vincentians.com\/fr\/ephemerides-03-mai\/#primaryimage","url":"https:\/\/i0.wp.com\/vincentians.com\/fr\/wp-content\/uploads\/sites\/10\/2016\/07\/ephemerides-fb.jpg?fit=1200%2C630&ssl=1","contentUrl":"https:\/\/i0.wp.com\/vincentians.com\/fr\/wp-content\/uploads\/sites\/10\/2016\/07\/ephemerides-fb.jpg?fit=1200%2C630&ssl=1","width":1200,"height":630},{"@type":"BreadcrumbList","@id":"https:\/\/vincentians.com\/fr\/ephemerides-03-mai\/#breadcrumb","itemListElement":[{"@type":"ListItem","position":1,"name":"Portada","item":"https:\/\/vincentians.com\/fr\/"},{"@type":"ListItem","position":2,"name":"Eph\u00e9m\u00e9rides : 03 mai"}]},{"@type":"WebSite","@id":"https:\/\/vincentians.com\/fr\/#website","url":"https:\/\/vincentians.com\/fr\/","name":"Nous Sommes Vincentiens","description":"Know more to serve more","potentialAction":[{"@type":"SearchAction","target":{"@type":"EntryPoint","urlTemplate":"https:\/\/vincentians.com\/fr\/?s={search_term_string}"},"query-input":{"@type":"PropertyValueSpecification","valueRequired":true,"valueName":"search_term_string"}}],"inLanguage":"fr-FR"},{"@type":"Person","@id":"https:\/\/vincentians.com\/fr\/#\/schema\/person\/9623ef4d9aa3b2dfb8c061f1499288f2","name":"Francisco Javier Fern\u00e1ndez Chento","image":{"@type":"ImageObject","inLanguage":"fr-FR","@id":"https:\/\/vincentians.com\/fr\/#\/schema\/person\/image\/","url":"https:\/\/secure.gravatar.com\/avatar\/497d5cde87b4c3d097d0315953521681ba2cd523ee66e5077c3711f7021e65de?s=96&d=mm&r=g","contentUrl":"https:\/\/secure.gravatar.com\/avatar\/497d5cde87b4c3d097d0315953521681ba2cd523ee66e5077c3711f7021e65de?s=96&d=mm&r=g","caption":"Francisco Javier Fern\u00e1ndez Chento"},"description":"Director General y cofundador de La Red de Formaci\u00f3n Vicenciana. Javier es laico vicenciano, afiliado a la Congregaci\u00f3n de la Misi\u00f3n y miembro del Equipo de Misiones Populares de la provincia can\u00f3nica de Zaragoza (Espa\u00f1a) de la Congregaci\u00f3n de la Misi\u00f3n. Graduado en la Universidad Oberta de Catalunya con cuatro grados (Asistente de direcci\u00f3n, Gesti\u00f3n Administrativa, Recursos Humanos y Contabilidad Avanzada). Bil\u00edng\u00fce Espa\u00f1ol\/Ingl\u00e9s. gestiona y mantiene varias p\u00e1ginas web cristianas y vicencianas, incluida including La Red de Formaci\u00f3n Vicenciana, de la que es cofundador. Actualmente es responsable del \u00e1rea de Espa\u00f1ol de .famvin, la Red de Noticias de la Familia Vicenciana. Tambi\u00e9n es m\u00fasico cat\u00f3lico y ha editado varios discos. Es Director General y cofundador de Trovador, una reconocida compa\u00f1\u00eda discogr\u00e1fica critiana de Espa\u00f1a. Trabaja en las Tecnolog\u00edas de la Informaci\u00f3n, ofreciendo servicios de alojamiento, dise\u00f1o y mantenimiento Web, as\u00ed como asesoramiento, formaci\u00f3n y soluciones inform\u00e1ticas, gesti\u00f3n documental y digitalizaci\u00f3n de textos, edici\u00f3n y maquetaci\u00f3n de libros, revistas, flyers, etc.","sameAs":["http:\/\/chento.org","https:\/\/www.facebook.com\/JavierChento","https:\/\/x.com\/https:\/\/twitter.com\/javierchento"],"url":"https:\/\/vincentians.com\/fr\/author\/chento\/"}]}},"jetpack_publicize_connections":[],"jetpack_featured_media_url":"https:\/\/i0.wp.com\/vincentians.com\/fr\/wp-content\/uploads\/sites\/10\/2016\/07\/ephemerides-fb.jpg?fit=1200%2C630&ssl=1","jetpack_sharing_enabled":true,"jetpack_shortlink":"https:\/\/wp.me\/p7ETMP-NwG","jetpack-related-posts":[{"id":107798,"url":"https:\/\/vincentians.com\/fr\/ephemerides-29-janvier\/","url_meta":{"origin":190382,"position":0},"title":"Eph\u00e9m\u00e9rides: 29 janvier","author":"Francisco Javier Fern\u00e1ndez Chento","date":"29\/01\/2017","format":false,"excerpt":"En 1666, pour la premi\u00e8re fois, l'Eglise c\u00e9l\u00e8bre la f\u00eate de saint Fran\u00e7ois de Sales, canonis\u00e9 l'ann\u00e9e pr\u00e9c\u00e9dente. La v\u00e9n\u00e9ration de saint Vincent pour l'\u00e9v\u00eaque de Gen\u00e8ve \u00e9tait telle que, quand il parlait de lui, il l'appelait toujours \u00ab n otre bienheureux P\u00e8re \u00bb. C'est au mois de d\u00e9cembre 1618\u2026","rel":"","context":"Dans &quot;\u00c9ph\u00e9m\u00e9rides vincentiens&quot;","block_context":{"text":"\u00c9ph\u00e9m\u00e9rides vincentiens","link":"https:\/\/vincentians.com\/fr\/category\/ephemerides-vincentiens\/"},"img":{"alt_text":"","src":"https:\/\/i0.wp.com\/vincentians.com\/fr\/wp-content\/uploads\/sites\/10\/2016\/07\/ephemerides-fb.jpg?fit=1200%2C630&ssl=1&resize=350%2C200","width":350,"height":200,"srcset":"https:\/\/i0.wp.com\/vincentians.com\/fr\/wp-content\/uploads\/sites\/10\/2016\/07\/ephemerides-fb.jpg?fit=1200%2C630&ssl=1&resize=350%2C200 1x, https:\/\/i0.wp.com\/vincentians.com\/fr\/wp-content\/uploads\/sites\/10\/2016\/07\/ephemerides-fb.jpg?fit=1200%2C630&ssl=1&resize=525%2C300 1.5x, https:\/\/i0.wp.com\/vincentians.com\/fr\/wp-content\/uploads\/sites\/10\/2016\/07\/ephemerides-fb.jpg?fit=1200%2C630&ssl=1&resize=700%2C400 2x, https:\/\/i0.wp.com\/vincentians.com\/fr\/wp-content\/uploads\/sites\/10\/2016\/07\/ephemerides-fb.jpg?fit=1200%2C630&ssl=1&resize=1050%2C600 3x"},"classes":[]},{"id":190410,"url":"https:\/\/vincentians.com\/fr\/ephemerides-14-avril\/","url_meta":{"origin":190382,"position":1},"title":"Eph\u00e9m\u00e9rides : 14 avril","author":"Francisco Javier Fern\u00e1ndez Chento","date":"14\/04\/2017","format":false,"excerpt":"1819. Un d\u00e9cret du Roi Jean autorise la Compagnie des Filles de la Charit\u00e9 au Portugal, mais en 1834, un autre d\u00e9cret supprime l'autorit\u00e9 des Sup\u00e9rieurs G\u00e9n\u00e9raux non r\u00e9sidant dans ce pays, et en 1838, un troisi\u00e8me abolit les Communaut\u00e9s religieuses au Portugal. Toutefois, par exception les Filles de la\u2026","rel":"","context":"Dans &quot;\u00c9ph\u00e9m\u00e9rides vincentiens&quot;","block_context":{"text":"\u00c9ph\u00e9m\u00e9rides vincentiens","link":"https:\/\/vincentians.com\/fr\/category\/ephemerides-vincentiens\/"},"img":{"alt_text":"","src":"https:\/\/i0.wp.com\/vincentians.com\/fr\/wp-content\/uploads\/sites\/10\/2016\/07\/ephemerides-fb.jpg?fit=1200%2C630&ssl=1&resize=350%2C200","width":350,"height":200,"srcset":"https:\/\/i0.wp.com\/vincentians.com\/fr\/wp-content\/uploads\/sites\/10\/2016\/07\/ephemerides-fb.jpg?fit=1200%2C630&ssl=1&resize=350%2C200 1x, https:\/\/i0.wp.com\/vincentians.com\/fr\/wp-content\/uploads\/sites\/10\/2016\/07\/ephemerides-fb.jpg?fit=1200%2C630&ssl=1&resize=525%2C300 1.5x, https:\/\/i0.wp.com\/vincentians.com\/fr\/wp-content\/uploads\/sites\/10\/2016\/07\/ephemerides-fb.jpg?fit=1200%2C630&ssl=1&resize=700%2C400 2x, https:\/\/i0.wp.com\/vincentians.com\/fr\/wp-content\/uploads\/sites\/10\/2016\/07\/ephemerides-fb.jpg?fit=1200%2C630&ssl=1&resize=1050%2C600 3x"},"classes":[]},{"id":189324,"url":"https:\/\/vincentians.com\/fr\/ephemerides-20-juilliet\/","url_meta":{"origin":190382,"position":2},"title":"Eph\u00e9m\u00e9rides: 20 juilliet","author":"Francisco Javier Fern\u00e1ndez Chento","date":"20\/07\/2017","format":false,"excerpt":"1657. Monsieur Berthe termine la Visite de la Communaut\u00e9 de l\u2019h\u00f4pital de Ch\u00e2teaudun et laisse aux S\u0153urs quelques Avis sur la mani\u00e8re d\u2019accomplir leur service et de se comporter avec les Fr\u00e8res (des religieux) et les diff\u00e9rents serviteurs qui vivent dans l\u2019h\u00f4pital 1744. En la f\u00eate de Sainte Marthe, Monsieur\u2026","rel":"","context":"Dans &quot;\u00c9ph\u00e9m\u00e9rides vincentiens&quot;","block_context":{"text":"\u00c9ph\u00e9m\u00e9rides vincentiens","link":"https:\/\/vincentians.com\/fr\/category\/ephemerides-vincentiens\/"},"img":{"alt_text":"","src":"https:\/\/i0.wp.com\/vincentians.com\/fr\/wp-content\/uploads\/sites\/10\/2016\/07\/ephemerides-fb.jpg?fit=1200%2C630&ssl=1&resize=350%2C200","width":350,"height":200,"srcset":"https:\/\/i0.wp.com\/vincentians.com\/fr\/wp-content\/uploads\/sites\/10\/2016\/07\/ephemerides-fb.jpg?fit=1200%2C630&ssl=1&resize=350%2C200 1x, https:\/\/i0.wp.com\/vincentians.com\/fr\/wp-content\/uploads\/sites\/10\/2016\/07\/ephemerides-fb.jpg?fit=1200%2C630&ssl=1&resize=525%2C300 1.5x, https:\/\/i0.wp.com\/vincentians.com\/fr\/wp-content\/uploads\/sites\/10\/2016\/07\/ephemerides-fb.jpg?fit=1200%2C630&ssl=1&resize=700%2C400 2x, https:\/\/i0.wp.com\/vincentians.com\/fr\/wp-content\/uploads\/sites\/10\/2016\/07\/ephemerides-fb.jpg?fit=1200%2C630&ssl=1&resize=1050%2C600 3x"},"classes":[]},{"id":190067,"url":"https:\/\/vincentians.com\/fr\/ephemerides-15-aout\/","url_meta":{"origin":190382,"position":3},"title":"Eph\u00e9m\u00e9rides: 15 ao\u00fbt","author":"Francisco Javier Fern\u00e1ndez Chento","date":"15\/08\/2016","format":false,"excerpt":"1662. Dans la trentaine de maisons que comportent alors les dix provinces de la Compagnie des Filles de la Charit\u00e9, on lit, pour la premi\u00e8re fois, \u00e0 la fin de l\u2019oraison, \u00abl\u2019acte par lequel la Congr\u00e9gation de Mission prend la Sainte Vierge comme protectrice\u00bb (1). 1717. Au cours du Conseil\u2026","rel":"","context":"Dans &quot;\u00c9ph\u00e9m\u00e9rides vincentiens&quot;","block_context":{"text":"\u00c9ph\u00e9m\u00e9rides vincentiens","link":"https:\/\/vincentians.com\/fr\/category\/ephemerides-vincentiens\/"},"img":{"alt_text":"","src":"https:\/\/i0.wp.com\/vincentians.com\/fr\/wp-content\/uploads\/sites\/10\/2016\/07\/ephemerides-fb.jpg?fit=1200%2C630&ssl=1&resize=350%2C200","width":350,"height":200,"srcset":"https:\/\/i0.wp.com\/vincentians.com\/fr\/wp-content\/uploads\/sites\/10\/2016\/07\/ephemerides-fb.jpg?fit=1200%2C630&ssl=1&resize=350%2C200 1x, https:\/\/i0.wp.com\/vincentians.com\/fr\/wp-content\/uploads\/sites\/10\/2016\/07\/ephemerides-fb.jpg?fit=1200%2C630&ssl=1&resize=525%2C300 1.5x, https:\/\/i0.wp.com\/vincentians.com\/fr\/wp-content\/uploads\/sites\/10\/2016\/07\/ephemerides-fb.jpg?fit=1200%2C630&ssl=1&resize=700%2C400 2x, https:\/\/i0.wp.com\/vincentians.com\/fr\/wp-content\/uploads\/sites\/10\/2016\/07\/ephemerides-fb.jpg?fit=1200%2C630&ssl=1&resize=1050%2C600 3x"},"classes":[]},{"id":106436,"url":"https:\/\/vincentians.com\/fr\/ephemerides-15-mai\/","url_meta":{"origin":190382,"position":4},"title":"Eph\u00e9m\u00e9rides: 15 mai","author":"Francisco Javier Fern\u00e1ndez Chento","date":"15\/05\/2017","format":false,"excerpt":"En 1644, Sainte Louise \u00e9crit\u00a0: \u201cJe vous prie de vous bien aimer les unes les autres et d\u2019avoir un grand soin, tant des malades de l\u2019h\u00f4pital que de vous autres en particulier\u201d. (R) En 1863, quatre S\u0153urs partent pour Guat\u00e9mala renforcer le premier petit groupe arriv\u00e9 l\u2019an dernier. (R) En\u2026","rel":"","context":"Dans &quot;\u00c9ph\u00e9m\u00e9rides vincentiens&quot;","block_context":{"text":"\u00c9ph\u00e9m\u00e9rides vincentiens","link":"https:\/\/vincentians.com\/fr\/category\/ephemerides-vincentiens\/"},"img":{"alt_text":"","src":"https:\/\/i0.wp.com\/vincentians.com\/fr\/wp-content\/uploads\/sites\/10\/2016\/07\/ephemerides-fb.jpg?fit=1200%2C630&ssl=1&resize=350%2C200","width":350,"height":200,"srcset":"https:\/\/i0.wp.com\/vincentians.com\/fr\/wp-content\/uploads\/sites\/10\/2016\/07\/ephemerides-fb.jpg?fit=1200%2C630&ssl=1&resize=350%2C200 1x, https:\/\/i0.wp.com\/vincentians.com\/fr\/wp-content\/uploads\/sites\/10\/2016\/07\/ephemerides-fb.jpg?fit=1200%2C630&ssl=1&resize=525%2C300 1.5x, https:\/\/i0.wp.com\/vincentians.com\/fr\/wp-content\/uploads\/sites\/10\/2016\/07\/ephemerides-fb.jpg?fit=1200%2C630&ssl=1&resize=700%2C400 2x, https:\/\/i0.wp.com\/vincentians.com\/fr\/wp-content\/uploads\/sites\/10\/2016\/07\/ephemerides-fb.jpg?fit=1200%2C630&ssl=1&resize=1050%2C600 3x"},"classes":[]},{"id":190155,"url":"https:\/\/vincentians.com\/fr\/ephemerides-31-aout\/","url_meta":{"origin":190382,"position":5},"title":"Eph\u00e9m\u00e9rides : 31 ao\u00fbt","author":"Francisco Javier Fern\u00e1ndez Chento","date":"31\/08\/2016","format":false,"excerpt":"1915. \u00c0 la Maison-M\u00e8re, dans la soir\u00e9e, les m\u00e9decins appel\u00e9s en consultation, laissent entendre que le T.H.P. Fiat est proche de sa fin. Le lendemain matin, vers 7 heures et demie, le quinzi\u00e8me successeur de saint Vincent meurt\u2026 Les brebis paternelles qu\u2019au sortir de ses classes, il menait pa\u00eetre dans\u2026","rel":"","context":"Dans &quot;\u00c9ph\u00e9m\u00e9rides vincentiens&quot;","block_context":{"text":"\u00c9ph\u00e9m\u00e9rides vincentiens","link":"https:\/\/vincentians.com\/fr\/category\/ephemerides-vincentiens\/"},"img":{"alt_text":"","src":"https:\/\/i0.wp.com\/vincentians.com\/fr\/wp-content\/uploads\/sites\/10\/2016\/07\/ephemerides-fb.jpg?fit=1200%2C630&ssl=1&resize=350%2C200","width":350,"height":200,"srcset":"https:\/\/i0.wp.com\/vincentians.com\/fr\/wp-content\/uploads\/sites\/10\/2016\/07\/ephemerides-fb.jpg?fit=1200%2C630&ssl=1&resize=350%2C200 1x, https:\/\/i0.wp.com\/vincentians.com\/fr\/wp-content\/uploads\/sites\/10\/2016\/07\/ephemerides-fb.jpg?fit=1200%2C630&ssl=1&resize=525%2C300 1.5x, https:\/\/i0.wp.com\/vincentians.com\/fr\/wp-content\/uploads\/sites\/10\/2016\/07\/ephemerides-fb.jpg?fit=1200%2C630&ssl=1&resize=700%2C400 2x, https:\/\/i0.wp.com\/vincentians.com\/fr\/wp-content\/uploads\/sites\/10\/2016\/07\/ephemerides-fb.jpg?fit=1200%2C630&ssl=1&resize=1050%2C600 3x"},"classes":[]}],"_links":{"self":[{"href":"https:\/\/vincentians.com\/fr\/wp-json\/wp\/v2\/posts\/190382","targetHints":{"allow":["GET"]}}],"collection":[{"href":"https:\/\/vincentians.com\/fr\/wp-json\/wp\/v2\/posts"}],"about":[{"href":"https:\/\/vincentians.com\/fr\/wp-json\/wp\/v2\/types\/post"}],"author":[{"embeddable":true,"href":"https:\/\/vincentians.com\/fr\/wp-json\/wp\/v2\/users\/4"}],"replies":[{"embeddable":true,"href":"https:\/\/vincentians.com\/fr\/wp-json\/wp\/v2\/comments?post=190382"}],"version-history":[{"count":0,"href":"https:\/\/vincentians.com\/fr\/wp-json\/wp\/v2\/posts\/190382\/revisions"}],"wp:featuredmedia":[{"embeddable":true,"href":"https:\/\/vincentians.com\/fr\/wp-json\/wp\/v2\/media\/149897"}],"wp:attachment":[{"href":"https:\/\/vincentians.com\/fr\/wp-json\/wp\/v2\/media?parent=190382"}],"wp:term":[{"taxonomy":"category","embeddable":true,"href":"https:\/\/vincentians.com\/fr\/wp-json\/wp\/v2\/categories?post=190382"},{"taxonomy":"post_tag","embeddable":true,"href":"https:\/\/vincentians.com\/fr\/wp-json\/wp\/v2\/tags?post=190382"}],"curies":[{"name":"wp","href":"https:\/\/api.w.org\/{rel}","templated":true}]}}