{"id":190379,"date":"2017-05-09T00:01:17","date_gmt":"2017-05-08T22:01:17","guid":{"rendered":"http:\/\/vincentians.com\/fr\/?p=190379"},"modified":"2016-08-11T17:43:17","modified_gmt":"2016-08-11T15:43:17","slug":"ephemerides-09-mai","status":"publish","type":"post","link":"https:\/\/vincentians.com\/fr\/ephemerides-09-mai\/","title":{"rendered":"Eph\u00e9m\u00e9rides : 09 mai"},"content":{"rendered":"<p><b>1628<\/b>. \u00c0 Paris, l&rsquo;archev\u00eaque, Jean-Fran\u00e7ois de Gondi, renouvelle \u00e0 Monsieur Vincent ses pouvoirs de sup\u00e9rieur du monast\u00e8re de la Visitation (1).<\/p>\n<p><b>1635<\/b>. \u00c0 Monceaux, dans le dioc\u00e8se de Sens, naissance de Nicolas Pierron, qui sera le quatri\u00e8me sup\u00e9rieur g\u00e9n\u00e9ral de la Mission (2).<\/p>\n<p><b>1641<\/b>. Sainte Louise \u00e9crit \u00e0 \u201cM. des Roches, chantre de Notre-Dame de Paris\u201d auquel appartient le gouvernement des Petites \u00e9coles de la ville, des faubourgs et banlieues de Paris. Elle veut \u201cobtenir la permission d\u2019ouvrir des classes\u201d pour les pauvres petites filles \u201cdans l\u2019esp\u00e9rance que Dieu sera glorifi\u00e9 si les pauvres sans rien donner, peuvent librement envoyer leurs enfants aux \u00c9coles, sans que les personnes riches leur puissent emp\u00eacher ce bien\u201d\u2026 La requ\u00eate sera entendue et le 29 mai, \u201cMichel Le Masle, conseiller du Roi en tous ses conseils d\u2019\u00c9tat et Priv\u00e9, prieur et Seigneur des Roches de Saint-Paul, chantre et chanoine de l\u2019insigne et m\u00e9tropolitaine \u00c9glise de Paris \u201caccorde cette autorisation\u201d \u00e0 notre bien-aim\u00e9e Demoiselle Le Gras, demeurant dans la Paroisse de Saint-Laurent \u00e0 Paris \u201c\u00e0 charge d\u2019enseigner les pauvres filles seulement\u201d.(R)<\/p>\n<p><b>1656<\/b>. Sainte Louise \u00e9crit aux S\u0153urs de Bernay\u00a0: \u201cOh\u00a0! que je souhaite que vous soyez aim\u00e9es, cela \u00e9tant tout \u00e0 fait n\u00e9cessaire pour faire du bien aux lieux o\u00f9 la divine Providence vous appelle\u2026 Ne faites para\u00eetre autre chose que de servir les Pauvres et vos \u00e9coli\u00e8res\u201d.<\/p>\n<p><b>1897<\/b>. Les premi\u00e8res Filles de la Charit\u00e9 arrivent \u00e0 Madagascar. Le 22 octobre 1902, S\u0153ur Bertrou y sera envoy\u00e9e comme premi\u00e8re Visitatrice.(R)<\/p>\n<p><b>1920<\/b>. \u00c0 Rome, b\u00e9atification de Louise de Marillac. Le T.H.P. Verdier et la T.H. M\u00e8re Maurice assistent \u00e0 la c\u00e9r\u00e9monie. Six cardinaux fran\u00e7ais sont pr\u00e9sents, ainsi qu&rsquo;une vingtaine de dioc\u00e8ses de France en la personne de leurs \u00e9v\u00eaques (3).<\/p>\n<p><b>1935<\/b>. \u00c0 Montolieu, dans la nuit du 9 au 10 mai, M. Eug\u00e8ne Vidal meurt. Aux premi\u00e8res heures du jour, on le trouve assis, sans vie, dans son fauteuil. La consternation qui accueille ce d\u00e9nouement impr\u00e9vu montre quelle v\u00e9n\u00e9ration la vie et les vertus de M. Eug\u00e8ne Vidal ont suscit\u00e9e. Mais il est curieux aussi de constater combien la plupart des \u00e9tapes de son existence ont \u00e9t\u00e9 marqu\u00e9es par des \u00e9v\u00e9nements brutaux. Professeur aux grands s\u00e9minaires de Nice et de Tours, il est, en 1903, nomm\u00e9 sup\u00e9rieur de l\u2019\u00c9cole apostolique de Loos. Mais la pers\u00e9cution l&rsquo;oblige \u00e0 fermer la maison. Son r\u00e8gne qui ne dura que quelques semaines, lui permet de prononcer une de ces phrases dont il \u00e9tait coutumier\u00a0: \u00e0 M. Forestier, il d\u00e9clare\u00a0: \u00abVous aviez fait un fichu sup\u00e9rieur, vous avez maintenant un sup\u00e9rieur fichu.\u00bb La Hollande l&rsquo;accueille et il enseigne \u00e0 Panningen, de 1903 \u00e0 1914. Ce furent l\u00e0 onze ann\u00e9es d&rsquo;un professorat qui fait encore b\u00e9nir la m\u00e9moire de M. Vidal. Et tous, confr\u00e8res et \u00e9l\u00e8ves, se seraient r\u00e9jouis de le voir continuer cette t\u00e2che\u00a0; mais, en 1914, alors qu&rsquo;il pr\u00eachait une retraite de S\u0153urs \u00e0 Lille, la guerre \u00e9clata et le bloqua dans la m\u00e9tropole du Nord\u00a0; il y connut la vie dangereuse des bombardements et m\u00eame un jour, la particuli\u00e8re volupt\u00e9 d&rsquo;\u00eatre, \u00e0 la kommandantur, interrog\u00e9 sous la menace du revolver. Ce fut l\u00e0, mis \u00e0 part sa mort subite, le dernier \u00e9v\u00e9nement violent de sa carri\u00e8re. Avec la paix, le voil\u00e0 professeur de dogme \u00e0 Montpellier jusqu&rsquo;en 1927, ann\u00e9e o\u00f9 il inaugure ses fonctions d&rsquo;aum\u00f4nier \u00e0 Montolieu. Dans cette grande maison de la souffrance, il met tout son c\u0153ur \u00e0 consoler, et il \u00e9difie par une r\u00e9gularit\u00e9 digne de l&rsquo;ancien directeur de s\u00e9minaire qu&rsquo;il fut. Et il r\u00e9jouit aussi\u00a0: son origine m\u00e9ridionale, \u2014 il \u00e9tait n\u00e9 \u00e0 Fraiss\u00e9-sur-Agoult, dans l&rsquo;H\u00e9rault, le 8 juillet 1863, \u2014 lui donna cet esprit p\u00e9tillant qui faisait le charme de ses conversations, ou plut\u00f4t de ses monologues, car quand il parlait il n&rsquo;y avait plus qu&rsquo;\u00e0 l&rsquo;\u00e9couter. Mais son bon c\u0153ur fut le garde-fou de son esprit. Son admirable pi\u00e9t\u00e9 montrait \u00e0 tous le chemin vers ce Dieu bon qui dut accueillir avec une particuli\u00e8re bienveillance ce perp\u00e9tuel semeur de paix joyeuse (4).<\/p>\n<dl>\n<dd>1) S. V. XIII, pp. 84-85.<\/dd>\n<dd>2) Circulaires, t. II, p. 207.<\/dd>\n<dd>3) Annales, t. 85, pp. 346-350.<\/dd>\n<dd>4) Annales, t. 100, pp. 901-909.<\/dd>\n<\/dl>\n","protected":false},"excerpt":{"rendered":"<p>1628. \u00c0 Paris, l&rsquo;archev\u00eaque, Jean-Fran\u00e7ois de Gondi, renouvelle \u00e0 Monsieur Vincent ses pouvoirs de sup\u00e9rieur du monast\u00e8re de la Visitation (1). 1635. \u00c0 Monceaux, dans le dioc\u00e8se de Sens, naissance de Nicolas Pierron, qui sera &#8230; <a href=\"https:\/\/vincentians.com\/fr\/ephemerides-09-mai\/\" class=\"more-link\">Read More<\/a><\/p>\n","protected":false},"author":4,"featured_media":149897,"comment_status":"open","ping_status":"open","sticky":false,"template":"","format":"standard","meta":{"jetpack_post_was_ever_published":false,"_jetpack_newsletter_access":"","_jetpack_dont_email_post_to_subs":false,"_jetpack_newsletter_tier_id":0,"_jetpack_memberships_contains_paywalled_content":false,"_jetpack_memberships_contains_paid_content":false,"footnotes":"","jetpack_publicize_message":"","jetpack_publicize_feature_enabled":true,"jetpack_social_post_already_shared":true,"jetpack_social_options":{"image_generator_settings":{"template":"highway","default_image_id":0,"font":"","enabled":false},"version":2}},"categories":[119],"tags":[],"class_list":["post-190379","post","type-post","status-publish","format-standard","has-post-thumbnail","hentry","category-ephemerides-vincentiens"],"yoast_head":"<!-- This site is optimized with the Yoast SEO plugin v26.3 - https:\/\/yoast.com\/wordpress\/plugins\/seo\/ -->\n<title>Eph\u00e9m\u00e9rides : 09 mai - Nous Sommes Vincentiens<\/title>\n<meta name=\"robots\" content=\"index, follow, max-snippet:-1, max-image-preview:large, max-video-preview:-1\" \/>\n<link rel=\"canonical\" href=\"https:\/\/vincentians.com\/fr\/ephemerides-09-mai\/\" \/>\n<meta property=\"og:locale\" content=\"fr_FR\" \/>\n<meta property=\"og:type\" content=\"article\" \/>\n<meta property=\"og:title\" content=\"Eph\u00e9m\u00e9rides : 09 mai - Nous Sommes Vincentiens\" \/>\n<meta property=\"og:description\" content=\"1628. \u00c0 Paris, l&rsquo;archev\u00eaque, Jean-Fran\u00e7ois de Gondi, renouvelle \u00e0 Monsieur Vincent ses pouvoirs de sup\u00e9rieur du monast\u00e8re de la Visitation (1). 1635. \u00c0 Monceaux, dans le dioc\u00e8se de Sens, naissance de Nicolas Pierron, qui sera ... Read More\" \/>\n<meta property=\"og:url\" content=\"https:\/\/vincentians.com\/fr\/ephemerides-09-mai\/\" \/>\n<meta property=\"og:site_name\" content=\"Nous Sommes Vincentiens\" \/>\n<meta property=\"article:publisher\" content=\"https:\/\/www.facebook.com\/WeAreVincentians\/\" \/>\n<meta property=\"article:author\" content=\"https:\/\/www.facebook.com\/JavierChento\" \/>\n<meta property=\"article:published_time\" content=\"2017-05-08T22:01:17+00:00\" \/>\n<meta property=\"og:image\" content=\"https:\/\/i0.wp.com\/vincentians.com\/fr\/wp-content\/uploads\/sites\/10\/2016\/07\/ephemerides-fb.jpg?fit=1200%2C630&ssl=1\" \/>\n\t<meta property=\"og:image:width\" content=\"1200\" \/>\n\t<meta property=\"og:image:height\" content=\"630\" \/>\n\t<meta property=\"og:image:type\" content=\"image\/jpeg\" \/>\n<meta name=\"author\" content=\"Francisco Javier Fern\u00e1ndez Chento\" \/>\n<meta name=\"twitter:card\" content=\"summary_large_image\" \/>\n<meta name=\"twitter:creator\" content=\"@https:\/\/twitter.com\/javierchento\" \/>\n<meta name=\"twitter:site\" content=\"@WeVincentians\" \/>\n<meta name=\"twitter:label1\" content=\"\u00c9crit par\" \/>\n\t<meta name=\"twitter:data1\" content=\"Francisco Javier Fern\u00e1ndez Chento\" \/>\n\t<meta name=\"twitter:label2\" content=\"Dur\u00e9e de lecture estim\u00e9e\" \/>\n\t<meta name=\"twitter:data2\" content=\"4 minutes\" \/>\n<script type=\"application\/ld+json\" class=\"yoast-schema-graph\">{\"@context\":\"https:\/\/schema.org\",\"@graph\":[{\"@type\":\"WebPage\",\"@id\":\"https:\/\/vincentians.com\/fr\/ephemerides-09-mai\/\",\"url\":\"https:\/\/vincentians.com\/fr\/ephemerides-09-mai\/\",\"name\":\"Eph\u00e9m\u00e9rides : 09 mai - Nous Sommes Vincentiens\",\"isPartOf\":{\"@id\":\"https:\/\/vincentians.com\/fr\/#website\"},\"primaryImageOfPage\":{\"@id\":\"https:\/\/vincentians.com\/fr\/ephemerides-09-mai\/#primaryimage\"},\"image\":{\"@id\":\"https:\/\/vincentians.com\/fr\/ephemerides-09-mai\/#primaryimage\"},\"thumbnailUrl\":\"https:\/\/i0.wp.com\/vincentians.com\/fr\/wp-content\/uploads\/sites\/10\/2016\/07\/ephemerides-fb.jpg?fit=1200%2C630&ssl=1\",\"datePublished\":\"2017-05-08T22:01:17+00:00\",\"author\":{\"@id\":\"https:\/\/vincentians.com\/fr\/#\/schema\/person\/9623ef4d9aa3b2dfb8c061f1499288f2\"},\"breadcrumb\":{\"@id\":\"https:\/\/vincentians.com\/fr\/ephemerides-09-mai\/#breadcrumb\"},\"inLanguage\":\"fr-FR\",\"potentialAction\":[{\"@type\":\"ReadAction\",\"target\":[\"https:\/\/vincentians.com\/fr\/ephemerides-09-mai\/\"]}]},{\"@type\":\"ImageObject\",\"inLanguage\":\"fr-FR\",\"@id\":\"https:\/\/vincentians.com\/fr\/ephemerides-09-mai\/#primaryimage\",\"url\":\"https:\/\/i0.wp.com\/vincentians.com\/fr\/wp-content\/uploads\/sites\/10\/2016\/07\/ephemerides-fb.jpg?fit=1200%2C630&ssl=1\",\"contentUrl\":\"https:\/\/i0.wp.com\/vincentians.com\/fr\/wp-content\/uploads\/sites\/10\/2016\/07\/ephemerides-fb.jpg?fit=1200%2C630&ssl=1\",\"width\":1200,\"height\":630},{\"@type\":\"BreadcrumbList\",\"@id\":\"https:\/\/vincentians.com\/fr\/ephemerides-09-mai\/#breadcrumb\",\"itemListElement\":[{\"@type\":\"ListItem\",\"position\":1,\"name\":\"Portada\",\"item\":\"https:\/\/vincentians.com\/fr\/\"},{\"@type\":\"ListItem\",\"position\":2,\"name\":\"Eph\u00e9m\u00e9rides : 09 mai\"}]},{\"@type\":\"WebSite\",\"@id\":\"https:\/\/vincentians.com\/fr\/#website\",\"url\":\"https:\/\/vincentians.com\/fr\/\",\"name\":\"Nous Sommes Vincentiens\",\"description\":\"Know more to serve more\",\"potentialAction\":[{\"@type\":\"SearchAction\",\"target\":{\"@type\":\"EntryPoint\",\"urlTemplate\":\"https:\/\/vincentians.com\/fr\/?s={search_term_string}\"},\"query-input\":{\"@type\":\"PropertyValueSpecification\",\"valueRequired\":true,\"valueName\":\"search_term_string\"}}],\"inLanguage\":\"fr-FR\"},{\"@type\":\"Person\",\"@id\":\"https:\/\/vincentians.com\/fr\/#\/schema\/person\/9623ef4d9aa3b2dfb8c061f1499288f2\",\"name\":\"Francisco Javier Fern\u00e1ndez Chento\",\"image\":{\"@type\":\"ImageObject\",\"inLanguage\":\"fr-FR\",\"@id\":\"https:\/\/vincentians.com\/fr\/#\/schema\/person\/image\/\",\"url\":\"https:\/\/secure.gravatar.com\/avatar\/497d5cde87b4c3d097d0315953521681ba2cd523ee66e5077c3711f7021e65de?s=96&d=mm&r=g\",\"contentUrl\":\"https:\/\/secure.gravatar.com\/avatar\/497d5cde87b4c3d097d0315953521681ba2cd523ee66e5077c3711f7021e65de?s=96&d=mm&r=g\",\"caption\":\"Francisco Javier Fern\u00e1ndez Chento\"},\"description\":\"Director General y cofundador de La Red de Formaci\u00f3n Vicenciana. Javier es laico vicenciano, afiliado a la Congregaci\u00f3n de la Misi\u00f3n y miembro del Equipo de Misiones Populares de la provincia can\u00f3nica de Zaragoza (Espa\u00f1a) de la Congregaci\u00f3n de la Misi\u00f3n. Graduado en la Universidad Oberta de Catalunya con cuatro grados (Asistente de direcci\u00f3n, Gesti\u00f3n Administrativa, Recursos Humanos y Contabilidad Avanzada). Bil\u00edng\u00fce Espa\u00f1ol\/Ingl\u00e9s. gestiona y mantiene varias p\u00e1ginas web cristianas y vicencianas, incluida including La Red de Formaci\u00f3n Vicenciana, de la que es cofundador. Actualmente es responsable del \u00e1rea de Espa\u00f1ol de .famvin, la Red de Noticias de la Familia Vicenciana. Tambi\u00e9n es m\u00fasico cat\u00f3lico y ha editado varios discos. Es Director General y cofundador de Trovador, una reconocida compa\u00f1\u00eda discogr\u00e1fica critiana de Espa\u00f1a. Trabaja en las Tecnolog\u00edas de la Informaci\u00f3n, ofreciendo servicios de alojamiento, dise\u00f1o y mantenimiento Web, as\u00ed como asesoramiento, formaci\u00f3n y soluciones inform\u00e1ticas, gesti\u00f3n documental y digitalizaci\u00f3n de textos, edici\u00f3n y maquetaci\u00f3n de libros, revistas, flyers, etc.\",\"sameAs\":[\"http:\/\/chento.org\",\"https:\/\/www.facebook.com\/JavierChento\",\"https:\/\/x.com\/https:\/\/twitter.com\/javierchento\"],\"url\":\"https:\/\/vincentians.com\/fr\/author\/chento\/\"}]}<\/script>\n<!-- \/ Yoast SEO plugin. -->","yoast_head_json":{"title":"Eph\u00e9m\u00e9rides : 09 mai - Nous Sommes Vincentiens","robots":{"index":"index","follow":"follow","max-snippet":"max-snippet:-1","max-image-preview":"max-image-preview:large","max-video-preview":"max-video-preview:-1"},"canonical":"https:\/\/vincentians.com\/fr\/ephemerides-09-mai\/","og_locale":"fr_FR","og_type":"article","og_title":"Eph\u00e9m\u00e9rides : 09 mai - Nous Sommes Vincentiens","og_description":"1628. \u00c0 Paris, l&rsquo;archev\u00eaque, Jean-Fran\u00e7ois de Gondi, renouvelle \u00e0 Monsieur Vincent ses pouvoirs de sup\u00e9rieur du monast\u00e8re de la Visitation (1). 1635. \u00c0 Monceaux, dans le dioc\u00e8se de Sens, naissance de Nicolas Pierron, qui sera ... Read More","og_url":"https:\/\/vincentians.com\/fr\/ephemerides-09-mai\/","og_site_name":"Nous Sommes Vincentiens","article_publisher":"https:\/\/www.facebook.com\/WeAreVincentians\/","article_author":"https:\/\/www.facebook.com\/JavierChento","article_published_time":"2017-05-08T22:01:17+00:00","og_image":[{"width":1200,"height":630,"url":"https:\/\/i0.wp.com\/vincentians.com\/fr\/wp-content\/uploads\/sites\/10\/2016\/07\/ephemerides-fb.jpg?fit=1200%2C630&ssl=1","type":"image\/jpeg"}],"author":"Francisco Javier Fern\u00e1ndez Chento","twitter_card":"summary_large_image","twitter_creator":"@https:\/\/twitter.com\/javierchento","twitter_site":"@WeVincentians","twitter_misc":{"\u00c9crit par":"Francisco Javier Fern\u00e1ndez Chento","Dur\u00e9e de lecture estim\u00e9e":"4 minutes"},"schema":{"@context":"https:\/\/schema.org","@graph":[{"@type":"WebPage","@id":"https:\/\/vincentians.com\/fr\/ephemerides-09-mai\/","url":"https:\/\/vincentians.com\/fr\/ephemerides-09-mai\/","name":"Eph\u00e9m\u00e9rides : 09 mai - Nous Sommes Vincentiens","isPartOf":{"@id":"https:\/\/vincentians.com\/fr\/#website"},"primaryImageOfPage":{"@id":"https:\/\/vincentians.com\/fr\/ephemerides-09-mai\/#primaryimage"},"image":{"@id":"https:\/\/vincentians.com\/fr\/ephemerides-09-mai\/#primaryimage"},"thumbnailUrl":"https:\/\/i0.wp.com\/vincentians.com\/fr\/wp-content\/uploads\/sites\/10\/2016\/07\/ephemerides-fb.jpg?fit=1200%2C630&ssl=1","datePublished":"2017-05-08T22:01:17+00:00","author":{"@id":"https:\/\/vincentians.com\/fr\/#\/schema\/person\/9623ef4d9aa3b2dfb8c061f1499288f2"},"breadcrumb":{"@id":"https:\/\/vincentians.com\/fr\/ephemerides-09-mai\/#breadcrumb"},"inLanguage":"fr-FR","potentialAction":[{"@type":"ReadAction","target":["https:\/\/vincentians.com\/fr\/ephemerides-09-mai\/"]}]},{"@type":"ImageObject","inLanguage":"fr-FR","@id":"https:\/\/vincentians.com\/fr\/ephemerides-09-mai\/#primaryimage","url":"https:\/\/i0.wp.com\/vincentians.com\/fr\/wp-content\/uploads\/sites\/10\/2016\/07\/ephemerides-fb.jpg?fit=1200%2C630&ssl=1","contentUrl":"https:\/\/i0.wp.com\/vincentians.com\/fr\/wp-content\/uploads\/sites\/10\/2016\/07\/ephemerides-fb.jpg?fit=1200%2C630&ssl=1","width":1200,"height":630},{"@type":"BreadcrumbList","@id":"https:\/\/vincentians.com\/fr\/ephemerides-09-mai\/#breadcrumb","itemListElement":[{"@type":"ListItem","position":1,"name":"Portada","item":"https:\/\/vincentians.com\/fr\/"},{"@type":"ListItem","position":2,"name":"Eph\u00e9m\u00e9rides : 09 mai"}]},{"@type":"WebSite","@id":"https:\/\/vincentians.com\/fr\/#website","url":"https:\/\/vincentians.com\/fr\/","name":"Nous Sommes Vincentiens","description":"Know more to serve more","potentialAction":[{"@type":"SearchAction","target":{"@type":"EntryPoint","urlTemplate":"https:\/\/vincentians.com\/fr\/?s={search_term_string}"},"query-input":{"@type":"PropertyValueSpecification","valueRequired":true,"valueName":"search_term_string"}}],"inLanguage":"fr-FR"},{"@type":"Person","@id":"https:\/\/vincentians.com\/fr\/#\/schema\/person\/9623ef4d9aa3b2dfb8c061f1499288f2","name":"Francisco Javier Fern\u00e1ndez Chento","image":{"@type":"ImageObject","inLanguage":"fr-FR","@id":"https:\/\/vincentians.com\/fr\/#\/schema\/person\/image\/","url":"https:\/\/secure.gravatar.com\/avatar\/497d5cde87b4c3d097d0315953521681ba2cd523ee66e5077c3711f7021e65de?s=96&d=mm&r=g","contentUrl":"https:\/\/secure.gravatar.com\/avatar\/497d5cde87b4c3d097d0315953521681ba2cd523ee66e5077c3711f7021e65de?s=96&d=mm&r=g","caption":"Francisco Javier Fern\u00e1ndez Chento"},"description":"Director General y cofundador de La Red de Formaci\u00f3n Vicenciana. Javier es laico vicenciano, afiliado a la Congregaci\u00f3n de la Misi\u00f3n y miembro del Equipo de Misiones Populares de la provincia can\u00f3nica de Zaragoza (Espa\u00f1a) de la Congregaci\u00f3n de la Misi\u00f3n. Graduado en la Universidad Oberta de Catalunya con cuatro grados (Asistente de direcci\u00f3n, Gesti\u00f3n Administrativa, Recursos Humanos y Contabilidad Avanzada). Bil\u00edng\u00fce Espa\u00f1ol\/Ingl\u00e9s. gestiona y mantiene varias p\u00e1ginas web cristianas y vicencianas, incluida including La Red de Formaci\u00f3n Vicenciana, de la que es cofundador. Actualmente es responsable del \u00e1rea de Espa\u00f1ol de .famvin, la Red de Noticias de la Familia Vicenciana. Tambi\u00e9n es m\u00fasico cat\u00f3lico y ha editado varios discos. Es Director General y cofundador de Trovador, una reconocida compa\u00f1\u00eda discogr\u00e1fica critiana de Espa\u00f1a. Trabaja en las Tecnolog\u00edas de la Informaci\u00f3n, ofreciendo servicios de alojamiento, dise\u00f1o y mantenimiento Web, as\u00ed como asesoramiento, formaci\u00f3n y soluciones inform\u00e1ticas, gesti\u00f3n documental y digitalizaci\u00f3n de textos, edici\u00f3n y maquetaci\u00f3n de libros, revistas, flyers, etc.","sameAs":["http:\/\/chento.org","https:\/\/www.facebook.com\/JavierChento","https:\/\/x.com\/https:\/\/twitter.com\/javierchento"],"url":"https:\/\/vincentians.com\/fr\/author\/chento\/"}]}},"jetpack_publicize_connections":[],"jetpack_featured_media_url":"https:\/\/i0.wp.com\/vincentians.com\/fr\/wp-content\/uploads\/sites\/10\/2016\/07\/ephemerides-fb.jpg?fit=1200%2C630&ssl=1","jetpack_sharing_enabled":true,"jetpack_shortlink":"https:\/\/wp.me\/p7ETMP-NwD","jetpack-related-posts":[{"id":190167,"url":"https:\/\/vincentians.com\/fr\/ephemerides-04-septembre\/","url_meta":{"origin":190379,"position":0},"title":"Eph\u00e9m\u00e9rides : 04 septembre","author":"Francisco Javier Fern\u00e1ndez Chento","date":"04\/09\/2016","format":false,"excerpt":"1698. Le Maire et le Conseil g\u00e9n\u00e9ral des habitants de Lunel ont envoy\u00e9 \u00e0 Paris leur procureur pour signer avec M\u00e8re Julienne Laboue et les S\u0153urs offici\u00e8res le contrat d\u2019\u00e9tablissement de deux S\u0153urs pour le soin des malades et l\u2019instruction des petites filles pauvres de la ville. (C) 1706. Un\u2026","rel":"","context":"Dans &quot;\u00c9ph\u00e9m\u00e9rides vincentiens&quot;","block_context":{"text":"\u00c9ph\u00e9m\u00e9rides vincentiens","link":"https:\/\/vincentians.com\/fr\/category\/ephemerides-vincentiens\/"},"img":{"alt_text":"","src":"https:\/\/i0.wp.com\/vincentians.com\/fr\/wp-content\/uploads\/sites\/10\/2016\/07\/ephemerides-fb.jpg?fit=1200%2C630&ssl=1&resize=350%2C200","width":350,"height":200,"srcset":"https:\/\/i0.wp.com\/vincentians.com\/fr\/wp-content\/uploads\/sites\/10\/2016\/07\/ephemerides-fb.jpg?fit=1200%2C630&ssl=1&resize=350%2C200 1x, https:\/\/i0.wp.com\/vincentians.com\/fr\/wp-content\/uploads\/sites\/10\/2016\/07\/ephemerides-fb.jpg?fit=1200%2C630&ssl=1&resize=525%2C300 1.5x, https:\/\/i0.wp.com\/vincentians.com\/fr\/wp-content\/uploads\/sites\/10\/2016\/07\/ephemerides-fb.jpg?fit=1200%2C630&ssl=1&resize=700%2C400 2x, https:\/\/i0.wp.com\/vincentians.com\/fr\/wp-content\/uploads\/sites\/10\/2016\/07\/ephemerides-fb.jpg?fit=1200%2C630&ssl=1&resize=1050%2C600 3x"},"classes":[]},{"id":189340,"url":"https:\/\/vincentians.com\/fr\/ephemerides-02-juilliet\/","url_meta":{"origin":190379,"position":1},"title":"Eph\u00e9m\u00e9rides: 02 juilliet","author":"Francisco Javier Fern\u00e1ndez Chento","date":"02\/07\/2017","format":false,"excerpt":"1643. Louise de Marillac, \u00e0 Paris, signe le contrat par lequel la Duchesse d\u2019Aiguillon fait don aux Filles de la Charit\u00e9 de la somme de douze mille livres tournois dont les revenus sont particuli\u00e8rement destin\u00e9s \u00e0 l\u2019entretien des deux S\u0153urs de Richelieu qui ont soin des pauvres malades et de\u2026","rel":"","context":"Dans &quot;\u00c9ph\u00e9m\u00e9rides vincentiens&quot;","block_context":{"text":"\u00c9ph\u00e9m\u00e9rides vincentiens","link":"https:\/\/vincentians.com\/fr\/category\/ephemerides-vincentiens\/"},"img":{"alt_text":"","src":"https:\/\/i0.wp.com\/vincentians.com\/fr\/wp-content\/uploads\/sites\/10\/2016\/07\/ephemerides-fb.jpg?fit=1200%2C630&ssl=1&resize=350%2C200","width":350,"height":200,"srcset":"https:\/\/i0.wp.com\/vincentians.com\/fr\/wp-content\/uploads\/sites\/10\/2016\/07\/ephemerides-fb.jpg?fit=1200%2C630&ssl=1&resize=350%2C200 1x, https:\/\/i0.wp.com\/vincentians.com\/fr\/wp-content\/uploads\/sites\/10\/2016\/07\/ephemerides-fb.jpg?fit=1200%2C630&ssl=1&resize=525%2C300 1.5x, https:\/\/i0.wp.com\/vincentians.com\/fr\/wp-content\/uploads\/sites\/10\/2016\/07\/ephemerides-fb.jpg?fit=1200%2C630&ssl=1&resize=700%2C400 2x, https:\/\/i0.wp.com\/vincentians.com\/fr\/wp-content\/uploads\/sites\/10\/2016\/07\/ephemerides-fb.jpg?fit=1200%2C630&ssl=1&resize=1050%2C600 3x"},"classes":[]},{"id":190054,"url":"https:\/\/vincentians.com\/fr\/ephemerides-02-aout\/","url_meta":{"origin":190379,"position":2},"title":"Eph\u00e9m\u00e9rides: 02 ao\u00fbt","author":"Francisco Javier Fern\u00e1ndez Chento","date":"02\/08\/2017","format":false,"excerpt":"1649. Louise de Marillac signe un document \u00e9crit par Elisabeth Hellot. C\u2019est la reconnaissance des biens donn\u00e9s pour les S\u0153urs de Fontenay-aux-Roses. \u201cNous, soussign\u00e9e Sup\u00e9rieure des Filles de la Charit\u00e9, servantes des pauvres malades des paroisses, reconnaissons que Monsieur B\u00e9guin a fourni \u00e0 deux de nos S\u0153urs tous les meubles\u2026","rel":"","context":"Dans &quot;\u00c9ph\u00e9m\u00e9rides vincentiens&quot;","block_context":{"text":"\u00c9ph\u00e9m\u00e9rides vincentiens","link":"https:\/\/vincentians.com\/fr\/category\/ephemerides-vincentiens\/"},"img":{"alt_text":"","src":"https:\/\/i0.wp.com\/vincentians.com\/fr\/wp-content\/uploads\/sites\/10\/2016\/07\/ephemerides-fb.jpg?fit=1200%2C630&ssl=1&resize=350%2C200","width":350,"height":200,"srcset":"https:\/\/i0.wp.com\/vincentians.com\/fr\/wp-content\/uploads\/sites\/10\/2016\/07\/ephemerides-fb.jpg?fit=1200%2C630&ssl=1&resize=350%2C200 1x, https:\/\/i0.wp.com\/vincentians.com\/fr\/wp-content\/uploads\/sites\/10\/2016\/07\/ephemerides-fb.jpg?fit=1200%2C630&ssl=1&resize=525%2C300 1.5x, https:\/\/i0.wp.com\/vincentians.com\/fr\/wp-content\/uploads\/sites\/10\/2016\/07\/ephemerides-fb.jpg?fit=1200%2C630&ssl=1&resize=700%2C400 2x, https:\/\/i0.wp.com\/vincentians.com\/fr\/wp-content\/uploads\/sites\/10\/2016\/07\/ephemerides-fb.jpg?fit=1200%2C630&ssl=1&resize=1050%2C600 3x"},"classes":[]},{"id":104147,"url":"https:\/\/vincentians.com\/fr\/ephemerides-14-novembre\/","url_meta":{"origin":190379,"position":3},"title":"Eph\u00e9m\u00e9rides: 14 novembre","author":"Francisco Javier Fern\u00e1ndez Chento","date":"14\/11\/2016","format":false,"excerpt":"1646. \u00c0 Saint-Lazare, Monsieur Vincent travaille \u00e0 la composition du R\u00e8glement des Filles de la Charit\u00e9 que l\u2019archev\u00eaque de Paris approuvera le 20 novembre de cette m\u00eame ann\u00e9e. Il y a treize ans qu\u2019avec Louise de Marillac quelques filles ont commenc\u00e9 \u00e0 servir en commun les pauvres. Pour les guider,\u2026","rel":"","context":"Dans &quot;\u00c9ph\u00e9m\u00e9rides vincentiens&quot;","block_context":{"text":"\u00c9ph\u00e9m\u00e9rides vincentiens","link":"https:\/\/vincentians.com\/fr\/category\/ephemerides-vincentiens\/"},"img":{"alt_text":"","src":"https:\/\/i0.wp.com\/vincentians.com\/fr\/wp-content\/uploads\/sites\/10\/2016\/07\/ephemerides-fb.jpg?fit=1200%2C630&ssl=1&resize=350%2C200","width":350,"height":200,"srcset":"https:\/\/i0.wp.com\/vincentians.com\/fr\/wp-content\/uploads\/sites\/10\/2016\/07\/ephemerides-fb.jpg?fit=1200%2C630&ssl=1&resize=350%2C200 1x, https:\/\/i0.wp.com\/vincentians.com\/fr\/wp-content\/uploads\/sites\/10\/2016\/07\/ephemerides-fb.jpg?fit=1200%2C630&ssl=1&resize=525%2C300 1.5x, https:\/\/i0.wp.com\/vincentians.com\/fr\/wp-content\/uploads\/sites\/10\/2016\/07\/ephemerides-fb.jpg?fit=1200%2C630&ssl=1&resize=700%2C400 2x, https:\/\/i0.wp.com\/vincentians.com\/fr\/wp-content\/uploads\/sites\/10\/2016\/07\/ephemerides-fb.jpg?fit=1200%2C630&ssl=1&resize=1050%2C600 3x"},"classes":[]},{"id":190069,"url":"https:\/\/vincentians.com\/fr\/ephemerides-13-aout\/","url_meta":{"origin":190379,"position":4},"title":"Eph\u00e9m\u00e9rides: 13 ao\u00fbt","author":"Francisco Javier Fern\u00e1ndez Chento","date":"13\/08\/2016","format":false,"excerpt":"1685. Le procureur de l\u2019Ev\u00eaque et des administrateurs de l\u2019h\u00f4pital de Montauban signe, devant notaires \u00e0 Paris, le contrat d\u2019\u00e9tablissement de quatre S\u0153urs pour le soulagement des pauvres malades et la gloire de Dieu. S\u0153ur Adrienne Hurpy est la premi\u00e8re S\u0153ur Servante. (C) 1705. Le procureur des Dames de la\u2026","rel":"","context":"Dans &quot;\u00c9ph\u00e9m\u00e9rides vincentiens&quot;","block_context":{"text":"\u00c9ph\u00e9m\u00e9rides vincentiens","link":"https:\/\/vincentians.com\/fr\/category\/ephemerides-vincentiens\/"},"img":{"alt_text":"","src":"https:\/\/i0.wp.com\/vincentians.com\/fr\/wp-content\/uploads\/sites\/10\/2016\/07\/ephemerides-fb.jpg?fit=1200%2C630&ssl=1&resize=350%2C200","width":350,"height":200,"srcset":"https:\/\/i0.wp.com\/vincentians.com\/fr\/wp-content\/uploads\/sites\/10\/2016\/07\/ephemerides-fb.jpg?fit=1200%2C630&ssl=1&resize=350%2C200 1x, https:\/\/i0.wp.com\/vincentians.com\/fr\/wp-content\/uploads\/sites\/10\/2016\/07\/ephemerides-fb.jpg?fit=1200%2C630&ssl=1&resize=525%2C300 1.5x, https:\/\/i0.wp.com\/vincentians.com\/fr\/wp-content\/uploads\/sites\/10\/2016\/07\/ephemerides-fb.jpg?fit=1200%2C630&ssl=1&resize=700%2C400 2x, https:\/\/i0.wp.com\/vincentians.com\/fr\/wp-content\/uploads\/sites\/10\/2016\/07\/ephemerides-fb.jpg?fit=1200%2C630&ssl=1&resize=1050%2C600 3x"},"classes":[]},{"id":103884,"url":"https:\/\/vincentians.com\/fr\/ephemerides-21-octobre\/","url_meta":{"origin":190379,"position":5},"title":"Eph\u00e9m\u00e9rides: 21 octobre","author":"Francisco Javier Fern\u00e1ndez Chento","date":"21\/10\/2016","format":false,"excerpt":"1639. Louise de Marillac propose aux deux S\u0153urs de Richelieu une profonde r\u00e9vision de vie. Depuis un an, elles soignent les pauvres et \u00e9duquent les petites filles, mais elles m\u00e8nent une vie tr\u00e8s ind\u00e9pendante l'une de l'autre. Louise de Marillac les invite \u00e0 r\u00e9fl\u00e9chir \u00e0 la mission re\u00e7ue, mission commune\u2026","rel":"","context":"Dans &quot;\u00c9ph\u00e9m\u00e9rides vincentiens&quot;","block_context":{"text":"\u00c9ph\u00e9m\u00e9rides vincentiens","link":"https:\/\/vincentians.com\/fr\/category\/ephemerides-vincentiens\/"},"img":{"alt_text":"","src":"https:\/\/i0.wp.com\/vincentians.com\/fr\/wp-content\/uploads\/sites\/10\/2016\/07\/ephemerides-fb.jpg?fit=1200%2C630&ssl=1&resize=350%2C200","width":350,"height":200,"srcset":"https:\/\/i0.wp.com\/vincentians.com\/fr\/wp-content\/uploads\/sites\/10\/2016\/07\/ephemerides-fb.jpg?fit=1200%2C630&ssl=1&resize=350%2C200 1x, https:\/\/i0.wp.com\/vincentians.com\/fr\/wp-content\/uploads\/sites\/10\/2016\/07\/ephemerides-fb.jpg?fit=1200%2C630&ssl=1&resize=525%2C300 1.5x, https:\/\/i0.wp.com\/vincentians.com\/fr\/wp-content\/uploads\/sites\/10\/2016\/07\/ephemerides-fb.jpg?fit=1200%2C630&ssl=1&resize=700%2C400 2x, https:\/\/i0.wp.com\/vincentians.com\/fr\/wp-content\/uploads\/sites\/10\/2016\/07\/ephemerides-fb.jpg?fit=1200%2C630&ssl=1&resize=1050%2C600 3x"},"classes":[]}],"_links":{"self":[{"href":"https:\/\/vincentians.com\/fr\/wp-json\/wp\/v2\/posts\/190379","targetHints":{"allow":["GET"]}}],"collection":[{"href":"https:\/\/vincentians.com\/fr\/wp-json\/wp\/v2\/posts"}],"about":[{"href":"https:\/\/vincentians.com\/fr\/wp-json\/wp\/v2\/types\/post"}],"author":[{"embeddable":true,"href":"https:\/\/vincentians.com\/fr\/wp-json\/wp\/v2\/users\/4"}],"replies":[{"embeddable":true,"href":"https:\/\/vincentians.com\/fr\/wp-json\/wp\/v2\/comments?post=190379"}],"version-history":[{"count":0,"href":"https:\/\/vincentians.com\/fr\/wp-json\/wp\/v2\/posts\/190379\/revisions"}],"wp:featuredmedia":[{"embeddable":true,"href":"https:\/\/vincentians.com\/fr\/wp-json\/wp\/v2\/media\/149897"}],"wp:attachment":[{"href":"https:\/\/vincentians.com\/fr\/wp-json\/wp\/v2\/media?parent=190379"}],"wp:term":[{"taxonomy":"category","embeddable":true,"href":"https:\/\/vincentians.com\/fr\/wp-json\/wp\/v2\/categories?post=190379"},{"taxonomy":"post_tag","embeddable":true,"href":"https:\/\/vincentians.com\/fr\/wp-json\/wp\/v2\/tags?post=190379"}],"curies":[{"name":"wp","href":"https:\/\/api.w.org\/{rel}","templated":true}]}}