{"id":190378,"date":"2017-05-08T00:01:17","date_gmt":"2017-05-07T22:01:17","guid":{"rendered":"http:\/\/vincentians.com\/fr\/?p=190378"},"modified":"2016-08-11T17:42:44","modified_gmt":"2016-08-11T15:42:44","slug":"ephemerides-08-mai","status":"publish","type":"post","link":"https:\/\/vincentians.com\/fr\/ephemerides-08-mai\/","title":{"rendered":"Eph\u00e9m\u00e9rides : 08 mai"},"content":{"rendered":"<p><b>1632<\/b>. La peine de mort est prononc\u00e9e contre l\u2019oncle de sainte Louise, le Mar\u00e9chal de Marillac. Saint Vincent la console de son mieux\u00a0: \u201cHonorons l\u00e0-dedans le bon plaisir de Dieu et le bonheur de ceux qui honorent le supplice du Fils de Dieu par le leur. Il ne nous importe comme quoi nos parents vont \u00e0 Dieu, pourvu qu\u2019ils y aillent. Or le bon usage de ce genre de mort est des plus assur\u00e9s, pour la vie \u00e9ternelle. Ne le plaignons donc point, mais acquies\u00e7ons \u00e0 l\u2019adorable volont\u00e9 de Dieu\u201d. (R)<\/p>\n<p><b>1647<\/b>. Sainte Louise \u00e9crit aux S\u0153urs de Nantes\u00a0: \u201cNous ne saurions avoir la paix avec Dieu, avec notre prochain et avec nous-m\u00eames, si J\u00e9sus-Christ ne nous la donne et Il ne nous la donnera que par les m\u00e9rites de ses plaies et souffrances qui ne nous seront appliqu\u00e9s que par la mortification en faisant la tr\u00e8s sainte volont\u00e9 de Dieu\u201d. (R)<\/p>\n<p><b>1692<\/b>. \u00c0 Paris, avec sa vingt-cinqui\u00e8me session, la cinqui\u00e8me assembl\u00e9e g\u00e9n\u00e9rale s&rsquo;ach\u00e8ve. C&rsquo;est la troisi\u00e8me qui s&rsquo;est tenue pendant les vingt-quatre ans du g\u00e9n\u00e9ralat de M. Jolly. Parmi les points de r\u00e8gle n\u00e9glig\u00e9s, l&rsquo;Assembl\u00e9e signale la charit\u00e9 fraternelle et surtout la pauvret\u00e9. On apprend ainsi, en passant, que certains confr\u00e8res de l&rsquo;\u00e9poque employaient ind\u00fbment leur argent \u00e0 s&rsquo;acheter des chapelets, des tabati\u00e8res de luxe, et m\u00eame des \u00abchemisettes de chamois\u00bb. M. Jolly, en un style rapide, presque lapidaire, r\u00e9pond aussi aux demandes formul\u00e9es par l&rsquo;Assembl\u00e9e. Ainsi, aux d\u00e9put\u00e9s qui, faisant allusion sans doute aux \u00e9tablissements de Versailles et de l&rsquo;H\u00f4tel des Invalides impos\u00e9s par le Roi, avaient demand\u00e9 si l&rsquo;on ne \u00abpourrait pas s&rsquo;abstenir d&rsquo;accepter des \u00e9tablissements qui ne paraissent pas assez conformes \u00e0 nos fonctions\u00bb, M. Jolly r\u00e9pond\u00a0: \u00abOn ne les accepte que comme violent\u00e9s par des personnes \u00e0 qui l&rsquo;on ne peut r\u00e9sister\u00bb. La cinqui\u00e8me Assembl\u00e9e g\u00e9n\u00e9rale prit aussi la d\u00e9cision d&rsquo;ouvrir deux nouveaux s\u00e9minaires internes\u00a0: le premier, pour la province de Champagne, est install\u00e9 \u00e0 Toul, d\u00e8s la fin de 1692\u00a0; et le second, pour la province du Poitou, s&rsquo;ouvrira d\u00e8s l&rsquo;\u00e9t\u00e9 de 1693, \u00e0 Angers (1).<\/p>\n<p><b>1945<\/b>. \u00c0 Paris, tandis que les cloches carillonnent la fin de la guerre, M. Robert, vicaire g\u00e9n\u00e9ral, adresse, de l&rsquo;h\u00f4pital Saint-Michel, aux missionnaires de France une circulaire dans laquelle il les invite, en des termes d&rsquo;une haute \u00e9l\u00e9vation spirituelle, \u00e0 remercier la divine Providence pour l&rsquo;armistice tant attendu (2).<\/p>\n<p><b>1950<\/b>. \u00c0 la Maison-M\u00e8re, mort du Fr\u00e8re Paul Dequidt. Apr\u00e8s un s\u00e9jour d&rsquo;une douzaine d&rsquo;ann\u00e9es au coll\u00e8ge Saint- Beno\u00eet de Constantinople, il dut rentrer en France pour la guerre de 1914. R\u00e9form\u00e9 d\u00e8s les premiers mois, il reste \u00e0 la Maison-M\u00e8re. Pendant trente-cinq ans, il va \u00eatre le Fr\u00e8re qui se d\u00e9voue. Caviste, jardinier et charg\u00e9 du chauffage central, \u00e0 tous ces travaux obscurs et p\u00e9nibles, Fr\u00e8re Dequidt apporte une conscience scrupuleuse. Son ext\u00e9rieur, \u2014 mouvements brusques, d\u00e9marche par moments titubante, mani\u00e8re bruyante de prier, \u2014 l&rsquo;aurait desservi pr\u00e8s d&rsquo;un observateur superficiel. Mais ce Fr\u00e8re \u00e9tait une \u00e2me de choix, p\u00e9trie d&rsquo;ob\u00e9issance et d&rsquo;humilit\u00e9 et qui trouvait son repos dans des stations quotidiennement prolong\u00e9es \u00e0 la chapelle. Fr\u00e8re Dequidt fut bien de la lign\u00e9e des bons Fr\u00e8res de la Mission qui, pour l&rsquo;amour de Dieu, font l&rsquo;office de Marthe et celui de Marie (3).<\/p>\n<p><b>1952<\/b>. Mort de Mgr Verkoeks, Vicaire Apostolique de Suraba\u00efa (\u00eele de Java). Il avait \u00e9t\u00e9 sacr\u00e9 dix ans plus t\u00f4t, et exer\u00e7a sa charge en pleine guerre mondiale. Les Lazaristes \u00e9trangers furent intern\u00e9s en cellule du 4 septembre 1943 au mois de septembre 1945. On resta sans nouvelles de onze d\u2019entre eux jusqu\u2019\u00e0 la lib\u00e9ration. (R)<\/p>\n<dl>\n<dd>1) Circulaires, I, pp. 189-197.<\/dd>\n<dd>2) Annales, t. 110-111, pp. 35-44.<\/dd>\n<dd>3) Annales, t. 114-115, pp. 286-290.<\/dd>\n<\/dl>\n","protected":false},"excerpt":{"rendered":"<p>1632. La peine de mort est prononc\u00e9e contre l\u2019oncle de sainte Louise, le Mar\u00e9chal de Marillac. Saint Vincent la console de son mieux\u00a0: \u201cHonorons l\u00e0-dedans le bon plaisir de Dieu et le bonheur de ceux &#8230; <a href=\"https:\/\/vincentians.com\/fr\/ephemerides-08-mai\/\" class=\"more-link\">Read More<\/a><\/p>\n","protected":false},"author":4,"featured_media":149897,"comment_status":"open","ping_status":"open","sticky":false,"template":"","format":"standard","meta":{"jetpack_post_was_ever_published":false,"_jetpack_newsletter_access":"","_jetpack_dont_email_post_to_subs":false,"_jetpack_newsletter_tier_id":0,"_jetpack_memberships_contains_paywalled_content":false,"_jetpack_memberships_contains_paid_content":false,"footnotes":"","jetpack_publicize_message":"","jetpack_publicize_feature_enabled":true,"jetpack_social_post_already_shared":true,"jetpack_social_options":{"image_generator_settings":{"template":"highway","default_image_id":0,"font":"","enabled":false},"version":2}},"categories":[119],"tags":[],"class_list":["post-190378","post","type-post","status-publish","format-standard","has-post-thumbnail","hentry","category-ephemerides-vincentiens"],"yoast_head":"<!-- This site is optimized with the Yoast SEO plugin v26.3 - https:\/\/yoast.com\/wordpress\/plugins\/seo\/ -->\n<title>Eph\u00e9m\u00e9rides : 08 mai - Nous Sommes Vincentiens<\/title>\n<meta name=\"robots\" content=\"index, follow, max-snippet:-1, max-image-preview:large, max-video-preview:-1\" \/>\n<link rel=\"canonical\" href=\"https:\/\/vincentians.com\/fr\/ephemerides-08-mai\/\" \/>\n<meta property=\"og:locale\" content=\"fr_FR\" \/>\n<meta property=\"og:type\" content=\"article\" \/>\n<meta property=\"og:title\" content=\"Eph\u00e9m\u00e9rides : 08 mai - Nous Sommes Vincentiens\" \/>\n<meta property=\"og:description\" content=\"1632. La peine de mort est prononc\u00e9e contre l\u2019oncle de sainte Louise, le Mar\u00e9chal de Marillac. Saint Vincent la console de son mieux\u00a0: \u201cHonorons l\u00e0-dedans le bon plaisir de Dieu et le bonheur de ceux ... Read More\" \/>\n<meta property=\"og:url\" content=\"https:\/\/vincentians.com\/fr\/ephemerides-08-mai\/\" \/>\n<meta property=\"og:site_name\" content=\"Nous Sommes Vincentiens\" \/>\n<meta property=\"article:publisher\" content=\"https:\/\/www.facebook.com\/WeAreVincentians\/\" \/>\n<meta property=\"article:author\" content=\"https:\/\/www.facebook.com\/JavierChento\" \/>\n<meta property=\"article:published_time\" content=\"2017-05-07T22:01:17+00:00\" \/>\n<meta property=\"og:image\" content=\"https:\/\/i0.wp.com\/vincentians.com\/fr\/wp-content\/uploads\/sites\/10\/2016\/07\/ephemerides-fb.jpg?fit=1200%2C630&ssl=1\" \/>\n\t<meta property=\"og:image:width\" content=\"1200\" \/>\n\t<meta property=\"og:image:height\" content=\"630\" \/>\n\t<meta property=\"og:image:type\" content=\"image\/jpeg\" \/>\n<meta name=\"author\" content=\"Francisco Javier Fern\u00e1ndez Chento\" \/>\n<meta name=\"twitter:card\" content=\"summary_large_image\" \/>\n<meta name=\"twitter:creator\" content=\"@https:\/\/twitter.com\/javierchento\" \/>\n<meta name=\"twitter:site\" content=\"@WeVincentians\" \/>\n<meta name=\"twitter:label1\" content=\"\u00c9crit par\" \/>\n\t<meta name=\"twitter:data1\" content=\"Francisco Javier Fern\u00e1ndez Chento\" \/>\n\t<meta name=\"twitter:label2\" content=\"Dur\u00e9e de lecture estim\u00e9e\" \/>\n\t<meta name=\"twitter:data2\" content=\"3 minutes\" \/>\n<script type=\"application\/ld+json\" class=\"yoast-schema-graph\">{\"@context\":\"https:\/\/schema.org\",\"@graph\":[{\"@type\":\"WebPage\",\"@id\":\"https:\/\/vincentians.com\/fr\/ephemerides-08-mai\/\",\"url\":\"https:\/\/vincentians.com\/fr\/ephemerides-08-mai\/\",\"name\":\"Eph\u00e9m\u00e9rides : 08 mai - Nous Sommes Vincentiens\",\"isPartOf\":{\"@id\":\"https:\/\/vincentians.com\/fr\/#website\"},\"primaryImageOfPage\":{\"@id\":\"https:\/\/vincentians.com\/fr\/ephemerides-08-mai\/#primaryimage\"},\"image\":{\"@id\":\"https:\/\/vincentians.com\/fr\/ephemerides-08-mai\/#primaryimage\"},\"thumbnailUrl\":\"https:\/\/i0.wp.com\/vincentians.com\/fr\/wp-content\/uploads\/sites\/10\/2016\/07\/ephemerides-fb.jpg?fit=1200%2C630&ssl=1\",\"datePublished\":\"2017-05-07T22:01:17+00:00\",\"author\":{\"@id\":\"https:\/\/vincentians.com\/fr\/#\/schema\/person\/9623ef4d9aa3b2dfb8c061f1499288f2\"},\"breadcrumb\":{\"@id\":\"https:\/\/vincentians.com\/fr\/ephemerides-08-mai\/#breadcrumb\"},\"inLanguage\":\"fr-FR\",\"potentialAction\":[{\"@type\":\"ReadAction\",\"target\":[\"https:\/\/vincentians.com\/fr\/ephemerides-08-mai\/\"]}]},{\"@type\":\"ImageObject\",\"inLanguage\":\"fr-FR\",\"@id\":\"https:\/\/vincentians.com\/fr\/ephemerides-08-mai\/#primaryimage\",\"url\":\"https:\/\/i0.wp.com\/vincentians.com\/fr\/wp-content\/uploads\/sites\/10\/2016\/07\/ephemerides-fb.jpg?fit=1200%2C630&ssl=1\",\"contentUrl\":\"https:\/\/i0.wp.com\/vincentians.com\/fr\/wp-content\/uploads\/sites\/10\/2016\/07\/ephemerides-fb.jpg?fit=1200%2C630&ssl=1\",\"width\":1200,\"height\":630},{\"@type\":\"BreadcrumbList\",\"@id\":\"https:\/\/vincentians.com\/fr\/ephemerides-08-mai\/#breadcrumb\",\"itemListElement\":[{\"@type\":\"ListItem\",\"position\":1,\"name\":\"Portada\",\"item\":\"https:\/\/vincentians.com\/fr\/\"},{\"@type\":\"ListItem\",\"position\":2,\"name\":\"Eph\u00e9m\u00e9rides : 08 mai\"}]},{\"@type\":\"WebSite\",\"@id\":\"https:\/\/vincentians.com\/fr\/#website\",\"url\":\"https:\/\/vincentians.com\/fr\/\",\"name\":\"Nous Sommes Vincentiens\",\"description\":\"Know more to serve more\",\"potentialAction\":[{\"@type\":\"SearchAction\",\"target\":{\"@type\":\"EntryPoint\",\"urlTemplate\":\"https:\/\/vincentians.com\/fr\/?s={search_term_string}\"},\"query-input\":{\"@type\":\"PropertyValueSpecification\",\"valueRequired\":true,\"valueName\":\"search_term_string\"}}],\"inLanguage\":\"fr-FR\"},{\"@type\":\"Person\",\"@id\":\"https:\/\/vincentians.com\/fr\/#\/schema\/person\/9623ef4d9aa3b2dfb8c061f1499288f2\",\"name\":\"Francisco Javier Fern\u00e1ndez Chento\",\"image\":{\"@type\":\"ImageObject\",\"inLanguage\":\"fr-FR\",\"@id\":\"https:\/\/vincentians.com\/fr\/#\/schema\/person\/image\/\",\"url\":\"https:\/\/secure.gravatar.com\/avatar\/497d5cde87b4c3d097d0315953521681ba2cd523ee66e5077c3711f7021e65de?s=96&d=mm&r=g\",\"contentUrl\":\"https:\/\/secure.gravatar.com\/avatar\/497d5cde87b4c3d097d0315953521681ba2cd523ee66e5077c3711f7021e65de?s=96&d=mm&r=g\",\"caption\":\"Francisco Javier Fern\u00e1ndez Chento\"},\"description\":\"Director General y cofundador de La Red de Formaci\u00f3n Vicenciana. Javier es laico vicenciano, afiliado a la Congregaci\u00f3n de la Misi\u00f3n y miembro del Equipo de Misiones Populares de la provincia can\u00f3nica de Zaragoza (Espa\u00f1a) de la Congregaci\u00f3n de la Misi\u00f3n. Graduado en la Universidad Oberta de Catalunya con cuatro grados (Asistente de direcci\u00f3n, Gesti\u00f3n Administrativa, Recursos Humanos y Contabilidad Avanzada). Bil\u00edng\u00fce Espa\u00f1ol\/Ingl\u00e9s. gestiona y mantiene varias p\u00e1ginas web cristianas y vicencianas, incluida including La Red de Formaci\u00f3n Vicenciana, de la que es cofundador. Actualmente es responsable del \u00e1rea de Espa\u00f1ol de .famvin, la Red de Noticias de la Familia Vicenciana. Tambi\u00e9n es m\u00fasico cat\u00f3lico y ha editado varios discos. Es Director General y cofundador de Trovador, una reconocida compa\u00f1\u00eda discogr\u00e1fica critiana de Espa\u00f1a. Trabaja en las Tecnolog\u00edas de la Informaci\u00f3n, ofreciendo servicios de alojamiento, dise\u00f1o y mantenimiento Web, as\u00ed como asesoramiento, formaci\u00f3n y soluciones inform\u00e1ticas, gesti\u00f3n documental y digitalizaci\u00f3n de textos, edici\u00f3n y maquetaci\u00f3n de libros, revistas, flyers, etc.\",\"sameAs\":[\"http:\/\/chento.org\",\"https:\/\/www.facebook.com\/JavierChento\",\"https:\/\/x.com\/https:\/\/twitter.com\/javierchento\"],\"url\":\"https:\/\/vincentians.com\/fr\/author\/chento\/\"}]}<\/script>\n<!-- \/ Yoast SEO plugin. -->","yoast_head_json":{"title":"Eph\u00e9m\u00e9rides : 08 mai - Nous Sommes Vincentiens","robots":{"index":"index","follow":"follow","max-snippet":"max-snippet:-1","max-image-preview":"max-image-preview:large","max-video-preview":"max-video-preview:-1"},"canonical":"https:\/\/vincentians.com\/fr\/ephemerides-08-mai\/","og_locale":"fr_FR","og_type":"article","og_title":"Eph\u00e9m\u00e9rides : 08 mai - Nous Sommes Vincentiens","og_description":"1632. La peine de mort est prononc\u00e9e contre l\u2019oncle de sainte Louise, le Mar\u00e9chal de Marillac. Saint Vincent la console de son mieux\u00a0: \u201cHonorons l\u00e0-dedans le bon plaisir de Dieu et le bonheur de ceux ... Read More","og_url":"https:\/\/vincentians.com\/fr\/ephemerides-08-mai\/","og_site_name":"Nous Sommes Vincentiens","article_publisher":"https:\/\/www.facebook.com\/WeAreVincentians\/","article_author":"https:\/\/www.facebook.com\/JavierChento","article_published_time":"2017-05-07T22:01:17+00:00","og_image":[{"width":1200,"height":630,"url":"https:\/\/i0.wp.com\/vincentians.com\/fr\/wp-content\/uploads\/sites\/10\/2016\/07\/ephemerides-fb.jpg?fit=1200%2C630&ssl=1","type":"image\/jpeg"}],"author":"Francisco Javier Fern\u00e1ndez Chento","twitter_card":"summary_large_image","twitter_creator":"@https:\/\/twitter.com\/javierchento","twitter_site":"@WeVincentians","twitter_misc":{"\u00c9crit par":"Francisco Javier Fern\u00e1ndez Chento","Dur\u00e9e de lecture estim\u00e9e":"3 minutes"},"schema":{"@context":"https:\/\/schema.org","@graph":[{"@type":"WebPage","@id":"https:\/\/vincentians.com\/fr\/ephemerides-08-mai\/","url":"https:\/\/vincentians.com\/fr\/ephemerides-08-mai\/","name":"Eph\u00e9m\u00e9rides : 08 mai - Nous Sommes Vincentiens","isPartOf":{"@id":"https:\/\/vincentians.com\/fr\/#website"},"primaryImageOfPage":{"@id":"https:\/\/vincentians.com\/fr\/ephemerides-08-mai\/#primaryimage"},"image":{"@id":"https:\/\/vincentians.com\/fr\/ephemerides-08-mai\/#primaryimage"},"thumbnailUrl":"https:\/\/i0.wp.com\/vincentians.com\/fr\/wp-content\/uploads\/sites\/10\/2016\/07\/ephemerides-fb.jpg?fit=1200%2C630&ssl=1","datePublished":"2017-05-07T22:01:17+00:00","author":{"@id":"https:\/\/vincentians.com\/fr\/#\/schema\/person\/9623ef4d9aa3b2dfb8c061f1499288f2"},"breadcrumb":{"@id":"https:\/\/vincentians.com\/fr\/ephemerides-08-mai\/#breadcrumb"},"inLanguage":"fr-FR","potentialAction":[{"@type":"ReadAction","target":["https:\/\/vincentians.com\/fr\/ephemerides-08-mai\/"]}]},{"@type":"ImageObject","inLanguage":"fr-FR","@id":"https:\/\/vincentians.com\/fr\/ephemerides-08-mai\/#primaryimage","url":"https:\/\/i0.wp.com\/vincentians.com\/fr\/wp-content\/uploads\/sites\/10\/2016\/07\/ephemerides-fb.jpg?fit=1200%2C630&ssl=1","contentUrl":"https:\/\/i0.wp.com\/vincentians.com\/fr\/wp-content\/uploads\/sites\/10\/2016\/07\/ephemerides-fb.jpg?fit=1200%2C630&ssl=1","width":1200,"height":630},{"@type":"BreadcrumbList","@id":"https:\/\/vincentians.com\/fr\/ephemerides-08-mai\/#breadcrumb","itemListElement":[{"@type":"ListItem","position":1,"name":"Portada","item":"https:\/\/vincentians.com\/fr\/"},{"@type":"ListItem","position":2,"name":"Eph\u00e9m\u00e9rides : 08 mai"}]},{"@type":"WebSite","@id":"https:\/\/vincentians.com\/fr\/#website","url":"https:\/\/vincentians.com\/fr\/","name":"Nous Sommes Vincentiens","description":"Know more to serve more","potentialAction":[{"@type":"SearchAction","target":{"@type":"EntryPoint","urlTemplate":"https:\/\/vincentians.com\/fr\/?s={search_term_string}"},"query-input":{"@type":"PropertyValueSpecification","valueRequired":true,"valueName":"search_term_string"}}],"inLanguage":"fr-FR"},{"@type":"Person","@id":"https:\/\/vincentians.com\/fr\/#\/schema\/person\/9623ef4d9aa3b2dfb8c061f1499288f2","name":"Francisco Javier Fern\u00e1ndez Chento","image":{"@type":"ImageObject","inLanguage":"fr-FR","@id":"https:\/\/vincentians.com\/fr\/#\/schema\/person\/image\/","url":"https:\/\/secure.gravatar.com\/avatar\/497d5cde87b4c3d097d0315953521681ba2cd523ee66e5077c3711f7021e65de?s=96&d=mm&r=g","contentUrl":"https:\/\/secure.gravatar.com\/avatar\/497d5cde87b4c3d097d0315953521681ba2cd523ee66e5077c3711f7021e65de?s=96&d=mm&r=g","caption":"Francisco Javier Fern\u00e1ndez Chento"},"description":"Director General y cofundador de La Red de Formaci\u00f3n Vicenciana. Javier es laico vicenciano, afiliado a la Congregaci\u00f3n de la Misi\u00f3n y miembro del Equipo de Misiones Populares de la provincia can\u00f3nica de Zaragoza (Espa\u00f1a) de la Congregaci\u00f3n de la Misi\u00f3n. Graduado en la Universidad Oberta de Catalunya con cuatro grados (Asistente de direcci\u00f3n, Gesti\u00f3n Administrativa, Recursos Humanos y Contabilidad Avanzada). Bil\u00edng\u00fce Espa\u00f1ol\/Ingl\u00e9s. gestiona y mantiene varias p\u00e1ginas web cristianas y vicencianas, incluida including La Red de Formaci\u00f3n Vicenciana, de la que es cofundador. Actualmente es responsable del \u00e1rea de Espa\u00f1ol de .famvin, la Red de Noticias de la Familia Vicenciana. Tambi\u00e9n es m\u00fasico cat\u00f3lico y ha editado varios discos. Es Director General y cofundador de Trovador, una reconocida compa\u00f1\u00eda discogr\u00e1fica critiana de Espa\u00f1a. Trabaja en las Tecnolog\u00edas de la Informaci\u00f3n, ofreciendo servicios de alojamiento, dise\u00f1o y mantenimiento Web, as\u00ed como asesoramiento, formaci\u00f3n y soluciones inform\u00e1ticas, gesti\u00f3n documental y digitalizaci\u00f3n de textos, edici\u00f3n y maquetaci\u00f3n de libros, revistas, flyers, etc.","sameAs":["http:\/\/chento.org","https:\/\/www.facebook.com\/JavierChento","https:\/\/x.com\/https:\/\/twitter.com\/javierchento"],"url":"https:\/\/vincentians.com\/fr\/author\/chento\/"}]}},"jetpack_publicize_connections":[],"jetpack_featured_media_url":"https:\/\/i0.wp.com\/vincentians.com\/fr\/wp-content\/uploads\/sites\/10\/2016\/07\/ephemerides-fb.jpg?fit=1200%2C630&ssl=1","jetpack_sharing_enabled":true,"jetpack_shortlink":"https:\/\/wp.me\/p7ETMP-NwC","jetpack-related-posts":[{"id":106435,"url":"https:\/\/vincentians.com\/fr\/ephemerides-16-mai\/","url_meta":{"origin":190378,"position":0},"title":"Eph\u00e9m\u00e9rides: 16 mai","author":"Francisco Javier Fern\u00e1ndez Chento","date":"16\/05\/2017","format":false,"excerpt":"Sainte Louise s\u2019adresse aux premi\u00e8res S\u0153urs\u00a0: \u201cMon Dieu\u00a0! qu\u2019il y a de grands tr\u00e9sors cach\u00e9s dans la Providence\u00a0! Oui, me direz-vous, mais c\u2019est pour Dieu que je me mets en peine. Ce n\u2019est plus pour Dieu que vous vous mettez en peine si vous peinez pour Le servir\u2026 Notre-Seigneur veut\u2026","rel":"","context":"Dans &quot;\u00c9ph\u00e9m\u00e9rides vincentiens&quot;","block_context":{"text":"\u00c9ph\u00e9m\u00e9rides vincentiens","link":"https:\/\/vincentians.com\/fr\/category\/ephemerides-vincentiens\/"},"img":{"alt_text":"","src":"https:\/\/i0.wp.com\/vincentians.com\/fr\/wp-content\/uploads\/sites\/10\/2016\/07\/ephemerides-fb.jpg?fit=1200%2C630&ssl=1&resize=350%2C200","width":350,"height":200,"srcset":"https:\/\/i0.wp.com\/vincentians.com\/fr\/wp-content\/uploads\/sites\/10\/2016\/07\/ephemerides-fb.jpg?fit=1200%2C630&ssl=1&resize=350%2C200 1x, https:\/\/i0.wp.com\/vincentians.com\/fr\/wp-content\/uploads\/sites\/10\/2016\/07\/ephemerides-fb.jpg?fit=1200%2C630&ssl=1&resize=525%2C300 1.5x, https:\/\/i0.wp.com\/vincentians.com\/fr\/wp-content\/uploads\/sites\/10\/2016\/07\/ephemerides-fb.jpg?fit=1200%2C630&ssl=1&resize=700%2C400 2x, https:\/\/i0.wp.com\/vincentians.com\/fr\/wp-content\/uploads\/sites\/10\/2016\/07\/ephemerides-fb.jpg?fit=1200%2C630&ssl=1&resize=1050%2C600 3x"},"classes":[]},{"id":104997,"url":"https:\/\/vincentians.com\/fr\/itineraire-spirituel-de-louise-de-marillac-un-temps-de-recherche-1\/","url_meta":{"origin":190378,"position":1},"title":"Itin\u00e9raire spirituel de Louise de Marillac. Un temps de recherche (1)","author":"Francisco Javier Fern\u00e1ndez Chento","date":"09\/12\/2012","format":false,"excerpt":"\"Parle, Seigneur, ton serviteur \u00e9coute\" Samuel - 3,9 La volont\u00e9 de Dieu, le seul d\u00e9sir de mon c\u0153ur. Peu apr\u00e8s son veuvage, Louise de Marillac, comme beaucoup de femmes pieuses de son \u00e9poque, r\u00e9dige son R\u00e8glement de vie. Elle exprime son souhait de vivre \"en chr\u00e9tienne et catholique\", \"en femme\u2026","rel":"","context":"Dans &quot;Louise de Marillac&quot;","block_context":{"text":"Louise de Marillac","link":"https:\/\/vincentians.com\/fr\/category\/the-vincentian-family\/founders\/louise-de-marillac\/"},"img":{"alt_text":"","src":"","width":0,"height":0},"classes":[]},{"id":190580,"url":"https:\/\/vincentians.com\/fr\/ephemerides-09-juin\/","url_meta":{"origin":190378,"position":2},"title":"Eph\u00e9m\u00e9rides: 09 juin","author":"Francisco Javier Fern\u00e1ndez Chento","date":"09\/06\/2017","format":false,"excerpt":"1651. Sainte Louise \u00e9crit aux S\u0153urs de Richelieu\u00a0: \u201cJe crois que M. Lambert vous aura donn\u00e9, avant de partir, la consolation que vous d\u00e9sirez (de faire les Saints V\u0153ux) non pas pour toute notre vie, mais pour un an seulement, car Monsieur Vincent n\u2019en fait user de la sorte \u00e0\u2026","rel":"","context":"Dans &quot;\u00c9ph\u00e9m\u00e9rides vincentiens&quot;","block_context":{"text":"\u00c9ph\u00e9m\u00e9rides vincentiens","link":"https:\/\/vincentians.com\/fr\/category\/ephemerides-vincentiens\/"},"img":{"alt_text":"","src":"https:\/\/i0.wp.com\/vincentians.com\/fr\/wp-content\/uploads\/sites\/10\/2016\/07\/ephemerides-fb.jpg?fit=1200%2C630&ssl=1&resize=350%2C200","width":350,"height":200,"srcset":"https:\/\/i0.wp.com\/vincentians.com\/fr\/wp-content\/uploads\/sites\/10\/2016\/07\/ephemerides-fb.jpg?fit=1200%2C630&ssl=1&resize=350%2C200 1x, https:\/\/i0.wp.com\/vincentians.com\/fr\/wp-content\/uploads\/sites\/10\/2016\/07\/ephemerides-fb.jpg?fit=1200%2C630&ssl=1&resize=525%2C300 1.5x, https:\/\/i0.wp.com\/vincentians.com\/fr\/wp-content\/uploads\/sites\/10\/2016\/07\/ephemerides-fb.jpg?fit=1200%2C630&ssl=1&resize=700%2C400 2x, https:\/\/i0.wp.com\/vincentians.com\/fr\/wp-content\/uploads\/sites\/10\/2016\/07\/ephemerides-fb.jpg?fit=1200%2C630&ssl=1&resize=1050%2C600 3x"},"classes":[]},{"id":38183,"url":"https:\/\/vincentians.com\/fr\/sainte-louise-et-saint-vincent\/","url_meta":{"origin":190378,"position":3},"title":"Sainte Louise et Saint Vincent","author":"Francisco Javier Fern\u00e1ndez Chento","date":"01\/10\/2012","format":false,"excerpt":"Comme chaque ann\u00e9e d\u00e9sormais, la f\u00eate, de Saint Vincent de Paul est c\u00e9l\u00e9br\u00e9e sur trois journ\u00e9es cons\u00e9cutives au berceau. L'Eucharistie de cette ann\u00e9e a \u00e9t\u00e9 c\u00e9l\u00e9br\u00e9e par Mgr Sarrab\u00e8re, anim\u00e9e par le P. Christian Laboure. De nombreux amis entouraient \"les r\u00e9sidants\" dont une d\u00e9l\u00e9gation volontaire de 120 jeunes gens du\u2026","rel":"","context":"Dans &quot;Formation Vincentienne&quot;","block_context":{"text":"Formation Vincentienne","link":"https:\/\/vincentians.com\/fr\/category\/formation-vincentienne\/"},"img":{"alt_text":"","src":"https:\/\/i0.wp.com\/vincentiens.org\/wp-content\/uploads\/2011\/05\/StainedGlassStVincentLouise-140x300.jpg?resize=350%2C200","width":350,"height":200},"classes":[]},{"id":105001,"url":"https:\/\/vincentians.com\/fr\/itineraire-spirituel-de-louise-de-marillac-un-temps-de-recherche-2\/","url_meta":{"origin":190378,"position":4},"title":"Itin\u00e9raire spirituel de Louise de Marillac. Un temps de recherche (2)","author":"Francisco Javier Fern\u00e1ndez Chento","date":"11\/12\/2012","format":false,"excerpt":"Recevoir, de Dieu, ma vocation Vincent de Paul qui a fond\u00e9 en 1617 les Confr\u00e9ries de la Charit\u00e9 pour le soulagement des pauvres malades chez eux, engage sa nouvelle dirig\u00e9e \u00e0 participer \u00e0 cette action caritative. Tr\u00e8s p\u00e9dagogue, Vincent propose des \u00e9tapes successives. C\u2019est d\u2019abord la pr\u00e9paration de linge, de\u2026","rel":"","context":"Dans &quot;Louise de Marillac&quot;","block_context":{"text":"Louise de Marillac","link":"https:\/\/vincentians.com\/fr\/category\/the-vincentian-family\/founders\/louise-de-marillac\/"},"img":{"alt_text":"","src":"","width":0,"height":0},"classes":[]},{"id":106100,"url":"https:\/\/vincentians.com\/fr\/itineraire-spirituel-de-louise-de-marillac-la-perfection-de-lamour-1\/","url_meta":{"origin":190378,"position":5},"title":"Itin\u00e9raire spirituel de Louise de Marillac. La perfection de l\u2019Amour (1)","author":"Francisco Javier Fern\u00e1ndez Chento","date":"05\/03\/2013","format":false,"excerpt":"Accueillir l\u2019Esprit d\u2019Amour Louise de Marillac semble avoir d\u00e9couvert tardivement le r\u00f4le de l\u2019Esprit Saint, l\u2019ardeur de son Amour, sa puissance d\u2019action dans les \u00e2mes et dans l\u2019Eglise. Sa retraite de 1657 laisse percevoir cette prise de conscience et sa relation \u00e0 l\u2019Esprit en tant que troisi\u00e8me personne de la\u2026","rel":"","context":"Dans &quot;Louise de Marillac&quot;","block_context":{"text":"Louise de Marillac","link":"https:\/\/vincentians.com\/fr\/category\/the-vincentian-family\/founders\/louise-de-marillac\/"},"img":{"alt_text":"","src":"","width":0,"height":0},"classes":[]}],"_links":{"self":[{"href":"https:\/\/vincentians.com\/fr\/wp-json\/wp\/v2\/posts\/190378","targetHints":{"allow":["GET"]}}],"collection":[{"href":"https:\/\/vincentians.com\/fr\/wp-json\/wp\/v2\/posts"}],"about":[{"href":"https:\/\/vincentians.com\/fr\/wp-json\/wp\/v2\/types\/post"}],"author":[{"embeddable":true,"href":"https:\/\/vincentians.com\/fr\/wp-json\/wp\/v2\/users\/4"}],"replies":[{"embeddable":true,"href":"https:\/\/vincentians.com\/fr\/wp-json\/wp\/v2\/comments?post=190378"}],"version-history":[{"count":0,"href":"https:\/\/vincentians.com\/fr\/wp-json\/wp\/v2\/posts\/190378\/revisions"}],"wp:featuredmedia":[{"embeddable":true,"href":"https:\/\/vincentians.com\/fr\/wp-json\/wp\/v2\/media\/149897"}],"wp:attachment":[{"href":"https:\/\/vincentians.com\/fr\/wp-json\/wp\/v2\/media?parent=190378"}],"wp:term":[{"taxonomy":"category","embeddable":true,"href":"https:\/\/vincentians.com\/fr\/wp-json\/wp\/v2\/categories?post=190378"},{"taxonomy":"post_tag","embeddable":true,"href":"https:\/\/vincentians.com\/fr\/wp-json\/wp\/v2\/tags?post=190378"}],"curies":[{"name":"wp","href":"https:\/\/api.w.org\/{rel}","templated":true}]}}