{"id":190377,"date":"2017-05-07T00:01:17","date_gmt":"2017-05-06T22:01:17","guid":{"rendered":"http:\/\/vincentians.com\/fr\/?p=190377"},"modified":"2016-08-11T17:42:11","modified_gmt":"2016-08-11T15:42:11","slug":"ephemerides-07-mai","status":"publish","type":"post","link":"https:\/\/vincentians.com\/fr\/ephemerides-07-mai\/","title":{"rendered":"Eph\u00e9m\u00e9rides : 07 mai"},"content":{"rendered":"<p><b>1711<\/b>. \u00c0 Paris, ouverture de la huiti\u00e8me Assembl\u00e9e g\u00e9n\u00e9rale. Elle aurait d\u00fb commencer une semaine plus t\u00f4t\u00a0; mais il fallut attendre l&rsquo;arriv\u00e9e des d\u00e9put\u00e9s d&rsquo;Italie et de Pologne, ainsi que M. H\u00e9nin, visiteur d&rsquo;Aquitaine. R\u00e9unis sous la pr\u00e9sidence du vicaire g\u00e9n\u00e9ral, M. Jean Bonnet, les vingt-huit membres donnent, deux jours apr\u00e8s l&rsquo;ouverture, un successeur \u00e0 M. Fran\u00e7ois Watel, d\u00e9c\u00e9d\u00e9 le 3 octobre 1710, et c&rsquo;est M. Bonnet lui-m\u00eame qui est \u00e9lu. Puis dans un climat de paix et de charit\u00e9 mutuelle que le nouveau sup\u00e9rieur g\u00e9n\u00e9ral se plaira \u00e0 souligner, l&rsquo;Assembl\u00e9e passe en revue certains points de r\u00e8gle qu&rsquo;elle demande \u00e0 M. Bonnet de rappeler \u00e0 la vigilance des visiteurs et des sup\u00e9rieurs. Enfin elle soumet \u00e0 la prudence du successeur de saint Vincent quelques demandes. Parmi celles-ci, il faut noter l&rsquo;id\u00e9e \u00e9mise par les d\u00e9put\u00e9s d&rsquo;habituer les jeunes gens \u00e0 la pr\u00e9dication, \u00e0 l&rsquo;enseignement et autres fonctions de la Compagnie. A quoi le sup\u00e9rieur g\u00e9n\u00e9ral r\u00e9pondra\u00a0: \u00ab\u00a0Il ne faut pas attendre qu&rsquo;\u00e0 l&rsquo;avenir les jeunes gens soient aussi habiles, au sortir de leurs \u00e9tudes, qu&rsquo;ils le sont apr\u00e8s huit ou dix ans d&rsquo;exercice.\u00a0\u00bb Cependant, ajoute M. Bonnet, \u00ab\u00a0nous emploierons les derniers six mois de la troisi\u00e8me ann\u00e9e de th\u00e9ologie \u00e0 exercer nos clercs \u00e9tudiants et MM. nos jeunes pr\u00eatres dans les fonctions auxquelles ils seront destin\u00e9s.\u00a0\u00bb Apr\u00e8s sa neuvi\u00e8me session, la huiti\u00e8me Assembl\u00e9e se cl\u00f4ture le 18 mai (1).<\/p>\n<p><b>1870<\/b>. Journ\u00e9e d\u2019agitation et de trouble \u00e0 Paris. Quelques S\u0153urs de l\u2019Hospice d\u2019Issy-les-M\u00e9nages, arrivent \u00e0 la Maison-M\u00e8re. Depuis deux jours, les locaux re\u00e7oivent bombes sur bombes. Plusieurs hospitalis\u00e9s ont \u00e9t\u00e9 tu\u00e9s. On \u00e9vacue la Maison, mais on laisse encore des malades et des infirmes. Les S\u0153urs charg\u00e9es de les soigner ne veulent pas les abandonner. La situation empire dans la capitale. Calomnies et fausses nouvelles sont r\u00e9pandues \u00e0 profusion.(R)<\/p>\n<p><b>1895<\/b>. \u00c0 Baltimore, en cette ville am\u00e9ricaine, o\u00f9 les Pr\u00eatres de la Mission sont \u00e9tablis depuis 1850, vient au monde celui que la double famille v\u00e9n\u00e8re aujourd&rsquo;hui sous le nom de Tr\u00e8s Honor\u00e9 P\u00e8re William Slattery (2).<\/p>\n<p><b>1942<\/b>. \u00c0 Carcassonne, mort de M. Rapha\u00ebl Poupart. En 1905, la Colombie accueille ce jeune docteur venu de Rome, et il travaille jusqu&rsquo;\u00e0 la guerre de 1914. Son c\u0153ur restera fid\u00e8le \u00e0 cette belle province, comme le prouveront les souvenirs qu&rsquo;il aimait \u00e0 \u00e9voquer sur un mode h\u00e9ro\u00ef-comique. Apr\u00e8s la guerre et un s\u00e9jour de sept ans au s\u00e9minaire d&rsquo;Angoul\u00eame, M. Poupart vient \u00e0 la Maison-M\u00e8re, et de 1926 \u00e0 1939, il se consacre au service des S\u0153urs et des s\u00e9minaristes. Les premi\u00e8res l&rsquo;accapareront de plus en plus, mais les s\u00e9minaristes de l&rsquo;\u00e9poque ont l&rsquo;impression qu&rsquo;il leur donne, \u00e0 eux, toute sa bont\u00e9 paternelle, toutes les lumi\u00e8res de son solide bon sens et qu&rsquo;il aime \u00e0 renouveler en eux cette jeune gaiet\u00e9 qui anime ses classes de pr\u00e9dication et de droit canon. Ses derni\u00e8res ann\u00e9es sont consacr\u00e9es \u00e0 la formation morale des Petites Soeurs du s\u00e9minaire r\u00e9fugi\u00e9es \u00e0 Montolieu. Vivant du plus authentique esprit de saint Vincent, M. Poupart, sous ses allures modestes de breton trapu, a certainement marqu\u00e9 beaucoup d&rsquo;\u00e2mes par sa bont\u00e9 simple et son jugement s\u00fbr (3).<\/p>\n<dl>\n<dd>1) Circulaires I, pp. 250-261.<\/dd>\n<dd>2) Annales, t. 110-111, couverture.<\/dd>\n<dd>3) Annales, t. 106-107, pp. 3l3-314.<\/dd>\n<\/dl>\n","protected":false},"excerpt":{"rendered":"<p>1711. \u00c0 Paris, ouverture de la huiti\u00e8me Assembl\u00e9e g\u00e9n\u00e9rale. Elle aurait d\u00fb commencer une semaine plus t\u00f4t\u00a0; mais il fallut attendre l&rsquo;arriv\u00e9e des d\u00e9put\u00e9s d&rsquo;Italie et de Pologne, ainsi que M. H\u00e9nin, visiteur d&rsquo;Aquitaine. R\u00e9unis &#8230; <a href=\"https:\/\/vincentians.com\/fr\/ephemerides-07-mai\/\" class=\"more-link\">Read More<\/a><\/p>\n","protected":false},"author":4,"featured_media":149897,"comment_status":"open","ping_status":"open","sticky":false,"template":"","format":"standard","meta":{"jetpack_post_was_ever_published":false,"_jetpack_newsletter_access":"","_jetpack_dont_email_post_to_subs":false,"_jetpack_newsletter_tier_id":0,"_jetpack_memberships_contains_paywalled_content":false,"_jetpack_memberships_contains_paid_content":false,"footnotes":"","jetpack_publicize_message":"","jetpack_publicize_feature_enabled":true,"jetpack_social_post_already_shared":true,"jetpack_social_options":{"image_generator_settings":{"template":"highway","default_image_id":0,"font":"","enabled":false},"version":2}},"categories":[119],"tags":[],"class_list":["post-190377","post","type-post","status-publish","format-standard","has-post-thumbnail","hentry","category-ephemerides-vincentiens"],"yoast_head":"<!-- This site is optimized with the Yoast SEO plugin v26.3 - https:\/\/yoast.com\/wordpress\/plugins\/seo\/ -->\n<title>Eph\u00e9m\u00e9rides : 07 mai - Nous Sommes Vincentiens<\/title>\n<meta name=\"robots\" content=\"index, follow, max-snippet:-1, max-image-preview:large, max-video-preview:-1\" \/>\n<link rel=\"canonical\" href=\"https:\/\/vincentians.com\/fr\/ephemerides-07-mai\/\" \/>\n<meta property=\"og:locale\" content=\"fr_FR\" \/>\n<meta property=\"og:type\" content=\"article\" \/>\n<meta property=\"og:title\" content=\"Eph\u00e9m\u00e9rides : 07 mai - Nous Sommes Vincentiens\" \/>\n<meta property=\"og:description\" content=\"1711. \u00c0 Paris, ouverture de la huiti\u00e8me Assembl\u00e9e g\u00e9n\u00e9rale. Elle aurait d\u00fb commencer une semaine plus t\u00f4t\u00a0; mais il fallut attendre l&rsquo;arriv\u00e9e des d\u00e9put\u00e9s d&rsquo;Italie et de Pologne, ainsi que M. H\u00e9nin, visiteur d&rsquo;Aquitaine. R\u00e9unis ... Read More\" \/>\n<meta property=\"og:url\" content=\"https:\/\/vincentians.com\/fr\/ephemerides-07-mai\/\" \/>\n<meta property=\"og:site_name\" content=\"Nous Sommes Vincentiens\" \/>\n<meta property=\"article:publisher\" content=\"https:\/\/www.facebook.com\/WeAreVincentians\/\" \/>\n<meta property=\"article:author\" content=\"https:\/\/www.facebook.com\/JavierChento\" \/>\n<meta property=\"article:published_time\" content=\"2017-05-06T22:01:17+00:00\" \/>\n<meta property=\"og:image\" content=\"https:\/\/i0.wp.com\/vincentians.com\/fr\/wp-content\/uploads\/sites\/10\/2016\/07\/ephemerides-fb.jpg?fit=1200%2C630&ssl=1\" \/>\n\t<meta property=\"og:image:width\" content=\"1200\" \/>\n\t<meta property=\"og:image:height\" content=\"630\" \/>\n\t<meta property=\"og:image:type\" content=\"image\/jpeg\" \/>\n<meta name=\"author\" content=\"Francisco Javier Fern\u00e1ndez Chento\" \/>\n<meta name=\"twitter:card\" content=\"summary_large_image\" \/>\n<meta name=\"twitter:creator\" content=\"@https:\/\/twitter.com\/javierchento\" \/>\n<meta name=\"twitter:site\" content=\"@WeVincentians\" \/>\n<meta name=\"twitter:label1\" content=\"\u00c9crit par\" \/>\n\t<meta name=\"twitter:data1\" content=\"Francisco Javier Fern\u00e1ndez Chento\" \/>\n\t<meta name=\"twitter:label2\" content=\"Dur\u00e9e de lecture estim\u00e9e\" \/>\n\t<meta name=\"twitter:data2\" content=\"3 minutes\" \/>\n<script type=\"application\/ld+json\" class=\"yoast-schema-graph\">{\"@context\":\"https:\/\/schema.org\",\"@graph\":[{\"@type\":\"WebPage\",\"@id\":\"https:\/\/vincentians.com\/fr\/ephemerides-07-mai\/\",\"url\":\"https:\/\/vincentians.com\/fr\/ephemerides-07-mai\/\",\"name\":\"Eph\u00e9m\u00e9rides : 07 mai - Nous Sommes Vincentiens\",\"isPartOf\":{\"@id\":\"https:\/\/vincentians.com\/fr\/#website\"},\"primaryImageOfPage\":{\"@id\":\"https:\/\/vincentians.com\/fr\/ephemerides-07-mai\/#primaryimage\"},\"image\":{\"@id\":\"https:\/\/vincentians.com\/fr\/ephemerides-07-mai\/#primaryimage\"},\"thumbnailUrl\":\"https:\/\/i0.wp.com\/vincentians.com\/fr\/wp-content\/uploads\/sites\/10\/2016\/07\/ephemerides-fb.jpg?fit=1200%2C630&ssl=1\",\"datePublished\":\"2017-05-06T22:01:17+00:00\",\"author\":{\"@id\":\"https:\/\/vincentians.com\/fr\/#\/schema\/person\/9623ef4d9aa3b2dfb8c061f1499288f2\"},\"breadcrumb\":{\"@id\":\"https:\/\/vincentians.com\/fr\/ephemerides-07-mai\/#breadcrumb\"},\"inLanguage\":\"fr-FR\",\"potentialAction\":[{\"@type\":\"ReadAction\",\"target\":[\"https:\/\/vincentians.com\/fr\/ephemerides-07-mai\/\"]}]},{\"@type\":\"ImageObject\",\"inLanguage\":\"fr-FR\",\"@id\":\"https:\/\/vincentians.com\/fr\/ephemerides-07-mai\/#primaryimage\",\"url\":\"https:\/\/i0.wp.com\/vincentians.com\/fr\/wp-content\/uploads\/sites\/10\/2016\/07\/ephemerides-fb.jpg?fit=1200%2C630&ssl=1\",\"contentUrl\":\"https:\/\/i0.wp.com\/vincentians.com\/fr\/wp-content\/uploads\/sites\/10\/2016\/07\/ephemerides-fb.jpg?fit=1200%2C630&ssl=1\",\"width\":1200,\"height\":630},{\"@type\":\"BreadcrumbList\",\"@id\":\"https:\/\/vincentians.com\/fr\/ephemerides-07-mai\/#breadcrumb\",\"itemListElement\":[{\"@type\":\"ListItem\",\"position\":1,\"name\":\"Portada\",\"item\":\"https:\/\/vincentians.com\/fr\/\"},{\"@type\":\"ListItem\",\"position\":2,\"name\":\"Eph\u00e9m\u00e9rides : 07 mai\"}]},{\"@type\":\"WebSite\",\"@id\":\"https:\/\/vincentians.com\/fr\/#website\",\"url\":\"https:\/\/vincentians.com\/fr\/\",\"name\":\"Nous Sommes Vincentiens\",\"description\":\"Know more to serve more\",\"potentialAction\":[{\"@type\":\"SearchAction\",\"target\":{\"@type\":\"EntryPoint\",\"urlTemplate\":\"https:\/\/vincentians.com\/fr\/?s={search_term_string}\"},\"query-input\":{\"@type\":\"PropertyValueSpecification\",\"valueRequired\":true,\"valueName\":\"search_term_string\"}}],\"inLanguage\":\"fr-FR\"},{\"@type\":\"Person\",\"@id\":\"https:\/\/vincentians.com\/fr\/#\/schema\/person\/9623ef4d9aa3b2dfb8c061f1499288f2\",\"name\":\"Francisco Javier Fern\u00e1ndez Chento\",\"image\":{\"@type\":\"ImageObject\",\"inLanguage\":\"fr-FR\",\"@id\":\"https:\/\/vincentians.com\/fr\/#\/schema\/person\/image\/\",\"url\":\"https:\/\/secure.gravatar.com\/avatar\/497d5cde87b4c3d097d0315953521681ba2cd523ee66e5077c3711f7021e65de?s=96&d=mm&r=g\",\"contentUrl\":\"https:\/\/secure.gravatar.com\/avatar\/497d5cde87b4c3d097d0315953521681ba2cd523ee66e5077c3711f7021e65de?s=96&d=mm&r=g\",\"caption\":\"Francisco Javier Fern\u00e1ndez Chento\"},\"description\":\"Director General y cofundador de La Red de Formaci\u00f3n Vicenciana. Javier es laico vicenciano, afiliado a la Congregaci\u00f3n de la Misi\u00f3n y miembro del Equipo de Misiones Populares de la provincia can\u00f3nica de Zaragoza (Espa\u00f1a) de la Congregaci\u00f3n de la Misi\u00f3n. Graduado en la Universidad Oberta de Catalunya con cuatro grados (Asistente de direcci\u00f3n, Gesti\u00f3n Administrativa, Recursos Humanos y Contabilidad Avanzada). Bil\u00edng\u00fce Espa\u00f1ol\/Ingl\u00e9s. gestiona y mantiene varias p\u00e1ginas web cristianas y vicencianas, incluida including La Red de Formaci\u00f3n Vicenciana, de la que es cofundador. Actualmente es responsable del \u00e1rea de Espa\u00f1ol de .famvin, la Red de Noticias de la Familia Vicenciana. Tambi\u00e9n es m\u00fasico cat\u00f3lico y ha editado varios discos. Es Director General y cofundador de Trovador, una reconocida compa\u00f1\u00eda discogr\u00e1fica critiana de Espa\u00f1a. Trabaja en las Tecnolog\u00edas de la Informaci\u00f3n, ofreciendo servicios de alojamiento, dise\u00f1o y mantenimiento Web, as\u00ed como asesoramiento, formaci\u00f3n y soluciones inform\u00e1ticas, gesti\u00f3n documental y digitalizaci\u00f3n de textos, edici\u00f3n y maquetaci\u00f3n de libros, revistas, flyers, etc.\",\"sameAs\":[\"http:\/\/chento.org\",\"https:\/\/www.facebook.com\/JavierChento\",\"https:\/\/x.com\/https:\/\/twitter.com\/javierchento\"],\"url\":\"https:\/\/vincentians.com\/fr\/author\/chento\/\"}]}<\/script>\n<!-- \/ Yoast SEO plugin. -->","yoast_head_json":{"title":"Eph\u00e9m\u00e9rides : 07 mai - Nous Sommes Vincentiens","robots":{"index":"index","follow":"follow","max-snippet":"max-snippet:-1","max-image-preview":"max-image-preview:large","max-video-preview":"max-video-preview:-1"},"canonical":"https:\/\/vincentians.com\/fr\/ephemerides-07-mai\/","og_locale":"fr_FR","og_type":"article","og_title":"Eph\u00e9m\u00e9rides : 07 mai - Nous Sommes Vincentiens","og_description":"1711. \u00c0 Paris, ouverture de la huiti\u00e8me Assembl\u00e9e g\u00e9n\u00e9rale. Elle aurait d\u00fb commencer une semaine plus t\u00f4t\u00a0; mais il fallut attendre l&rsquo;arriv\u00e9e des d\u00e9put\u00e9s d&rsquo;Italie et de Pologne, ainsi que M. H\u00e9nin, visiteur d&rsquo;Aquitaine. R\u00e9unis ... Read More","og_url":"https:\/\/vincentians.com\/fr\/ephemerides-07-mai\/","og_site_name":"Nous Sommes Vincentiens","article_publisher":"https:\/\/www.facebook.com\/WeAreVincentians\/","article_author":"https:\/\/www.facebook.com\/JavierChento","article_published_time":"2017-05-06T22:01:17+00:00","og_image":[{"width":1200,"height":630,"url":"https:\/\/i0.wp.com\/vincentians.com\/fr\/wp-content\/uploads\/sites\/10\/2016\/07\/ephemerides-fb.jpg?fit=1200%2C630&ssl=1","type":"image\/jpeg"}],"author":"Francisco Javier Fern\u00e1ndez Chento","twitter_card":"summary_large_image","twitter_creator":"@https:\/\/twitter.com\/javierchento","twitter_site":"@WeVincentians","twitter_misc":{"\u00c9crit par":"Francisco Javier Fern\u00e1ndez Chento","Dur\u00e9e de lecture estim\u00e9e":"3 minutes"},"schema":{"@context":"https:\/\/schema.org","@graph":[{"@type":"WebPage","@id":"https:\/\/vincentians.com\/fr\/ephemerides-07-mai\/","url":"https:\/\/vincentians.com\/fr\/ephemerides-07-mai\/","name":"Eph\u00e9m\u00e9rides : 07 mai - Nous Sommes Vincentiens","isPartOf":{"@id":"https:\/\/vincentians.com\/fr\/#website"},"primaryImageOfPage":{"@id":"https:\/\/vincentians.com\/fr\/ephemerides-07-mai\/#primaryimage"},"image":{"@id":"https:\/\/vincentians.com\/fr\/ephemerides-07-mai\/#primaryimage"},"thumbnailUrl":"https:\/\/i0.wp.com\/vincentians.com\/fr\/wp-content\/uploads\/sites\/10\/2016\/07\/ephemerides-fb.jpg?fit=1200%2C630&ssl=1","datePublished":"2017-05-06T22:01:17+00:00","author":{"@id":"https:\/\/vincentians.com\/fr\/#\/schema\/person\/9623ef4d9aa3b2dfb8c061f1499288f2"},"breadcrumb":{"@id":"https:\/\/vincentians.com\/fr\/ephemerides-07-mai\/#breadcrumb"},"inLanguage":"fr-FR","potentialAction":[{"@type":"ReadAction","target":["https:\/\/vincentians.com\/fr\/ephemerides-07-mai\/"]}]},{"@type":"ImageObject","inLanguage":"fr-FR","@id":"https:\/\/vincentians.com\/fr\/ephemerides-07-mai\/#primaryimage","url":"https:\/\/i0.wp.com\/vincentians.com\/fr\/wp-content\/uploads\/sites\/10\/2016\/07\/ephemerides-fb.jpg?fit=1200%2C630&ssl=1","contentUrl":"https:\/\/i0.wp.com\/vincentians.com\/fr\/wp-content\/uploads\/sites\/10\/2016\/07\/ephemerides-fb.jpg?fit=1200%2C630&ssl=1","width":1200,"height":630},{"@type":"BreadcrumbList","@id":"https:\/\/vincentians.com\/fr\/ephemerides-07-mai\/#breadcrumb","itemListElement":[{"@type":"ListItem","position":1,"name":"Portada","item":"https:\/\/vincentians.com\/fr\/"},{"@type":"ListItem","position":2,"name":"Eph\u00e9m\u00e9rides : 07 mai"}]},{"@type":"WebSite","@id":"https:\/\/vincentians.com\/fr\/#website","url":"https:\/\/vincentians.com\/fr\/","name":"Nous Sommes Vincentiens","description":"Know more to serve more","potentialAction":[{"@type":"SearchAction","target":{"@type":"EntryPoint","urlTemplate":"https:\/\/vincentians.com\/fr\/?s={search_term_string}"},"query-input":{"@type":"PropertyValueSpecification","valueRequired":true,"valueName":"search_term_string"}}],"inLanguage":"fr-FR"},{"@type":"Person","@id":"https:\/\/vincentians.com\/fr\/#\/schema\/person\/9623ef4d9aa3b2dfb8c061f1499288f2","name":"Francisco Javier Fern\u00e1ndez Chento","image":{"@type":"ImageObject","inLanguage":"fr-FR","@id":"https:\/\/vincentians.com\/fr\/#\/schema\/person\/image\/","url":"https:\/\/secure.gravatar.com\/avatar\/497d5cde87b4c3d097d0315953521681ba2cd523ee66e5077c3711f7021e65de?s=96&d=mm&r=g","contentUrl":"https:\/\/secure.gravatar.com\/avatar\/497d5cde87b4c3d097d0315953521681ba2cd523ee66e5077c3711f7021e65de?s=96&d=mm&r=g","caption":"Francisco Javier Fern\u00e1ndez Chento"},"description":"Director General y cofundador de La Red de Formaci\u00f3n Vicenciana. Javier es laico vicenciano, afiliado a la Congregaci\u00f3n de la Misi\u00f3n y miembro del Equipo de Misiones Populares de la provincia can\u00f3nica de Zaragoza (Espa\u00f1a) de la Congregaci\u00f3n de la Misi\u00f3n. Graduado en la Universidad Oberta de Catalunya con cuatro grados (Asistente de direcci\u00f3n, Gesti\u00f3n Administrativa, Recursos Humanos y Contabilidad Avanzada). Bil\u00edng\u00fce Espa\u00f1ol\/Ingl\u00e9s. gestiona y mantiene varias p\u00e1ginas web cristianas y vicencianas, incluida including La Red de Formaci\u00f3n Vicenciana, de la que es cofundador. Actualmente es responsable del \u00e1rea de Espa\u00f1ol de .famvin, la Red de Noticias de la Familia Vicenciana. Tambi\u00e9n es m\u00fasico cat\u00f3lico y ha editado varios discos. Es Director General y cofundador de Trovador, una reconocida compa\u00f1\u00eda discogr\u00e1fica critiana de Espa\u00f1a. Trabaja en las Tecnolog\u00edas de la Informaci\u00f3n, ofreciendo servicios de alojamiento, dise\u00f1o y mantenimiento Web, as\u00ed como asesoramiento, formaci\u00f3n y soluciones inform\u00e1ticas, gesti\u00f3n documental y digitalizaci\u00f3n de textos, edici\u00f3n y maquetaci\u00f3n de libros, revistas, flyers, etc.","sameAs":["http:\/\/chento.org","https:\/\/www.facebook.com\/JavierChento","https:\/\/x.com\/https:\/\/twitter.com\/javierchento"],"url":"https:\/\/vincentians.com\/fr\/author\/chento\/"}]}},"jetpack_publicize_connections":[],"jetpack_featured_media_url":"https:\/\/i0.wp.com\/vincentians.com\/fr\/wp-content\/uploads\/sites\/10\/2016\/07\/ephemerides-fb.jpg?fit=1200%2C630&ssl=1","jetpack_sharing_enabled":true,"jetpack_shortlink":"https:\/\/wp.me\/p7ETMP-NwB","jetpack-related-posts":[{"id":190052,"url":"https:\/\/vincentians.com\/fr\/ephemerides-01-aout\/","url_meta":{"origin":190377,"position":0},"title":"Eph\u00e9m\u00e9rides: 01 ao\u00fbt","author":"Francisco Javier Fern\u00e1ndez Chento","date":"01\/08\/2017","format":false,"excerpt":"1617. En l\u2019\u00e9glise Saint-Martin de Bu\u00e9nans, et en celle de Saint-Andr\u00e9 de Ch\u00e2tillon, qui en est l\u2019annexe. Monsieur Vincent est install\u00e9 cur\u00e9, dans le courant de l\u2019apr\u00e8s-midi et selon le c\u00e9r\u00e9monial habituel (1). 1697, 1724 et 1843. \u00c0 Paris, ouverture des Ve, IXe et XIXe, Assembl\u00e9es g\u00e9n\u00e9rales. Celle de 1697\u2026","rel":"","context":"Dans &quot;\u00c9ph\u00e9m\u00e9rides vincentiens&quot;","block_context":{"text":"\u00c9ph\u00e9m\u00e9rides vincentiens","link":"https:\/\/vincentians.com\/fr\/category\/ephemerides-vincentiens\/"},"img":{"alt_text":"","src":"https:\/\/i0.wp.com\/vincentians.com\/fr\/wp-content\/uploads\/sites\/10\/2016\/07\/ephemerides-fb.jpg?fit=1200%2C630&ssl=1&resize=350%2C200","width":350,"height":200,"srcset":"https:\/\/i0.wp.com\/vincentians.com\/fr\/wp-content\/uploads\/sites\/10\/2016\/07\/ephemerides-fb.jpg?fit=1200%2C630&ssl=1&resize=350%2C200 1x, https:\/\/i0.wp.com\/vincentians.com\/fr\/wp-content\/uploads\/sites\/10\/2016\/07\/ephemerides-fb.jpg?fit=1200%2C630&ssl=1&resize=525%2C300 1.5x, https:\/\/i0.wp.com\/vincentians.com\/fr\/wp-content\/uploads\/sites\/10\/2016\/07\/ephemerides-fb.jpg?fit=1200%2C630&ssl=1&resize=700%2C400 2x, https:\/\/i0.wp.com\/vincentians.com\/fr\/wp-content\/uploads\/sites\/10\/2016\/07\/ephemerides-fb.jpg?fit=1200%2C630&ssl=1&resize=1050%2C600 3x"},"classes":[]},{"id":190067,"url":"https:\/\/vincentians.com\/fr\/ephemerides-15-aout\/","url_meta":{"origin":190377,"position":1},"title":"Eph\u00e9m\u00e9rides: 15 ao\u00fbt","author":"Francisco Javier Fern\u00e1ndez Chento","date":"15\/08\/2016","format":false,"excerpt":"1662. Dans la trentaine de maisons que comportent alors les dix provinces de la Compagnie des Filles de la Charit\u00e9, on lit, pour la premi\u00e8re fois, \u00e0 la fin de l\u2019oraison, \u00abl\u2019acte par lequel la Congr\u00e9gation de Mission prend la Sainte Vierge comme protectrice\u00bb (1). 1717. Au cours du Conseil\u2026","rel":"","context":"Dans &quot;\u00c9ph\u00e9m\u00e9rides vincentiens&quot;","block_context":{"text":"\u00c9ph\u00e9m\u00e9rides vincentiens","link":"https:\/\/vincentians.com\/fr\/category\/ephemerides-vincentiens\/"},"img":{"alt_text":"","src":"https:\/\/i0.wp.com\/vincentians.com\/fr\/wp-content\/uploads\/sites\/10\/2016\/07\/ephemerides-fb.jpg?fit=1200%2C630&ssl=1&resize=350%2C200","width":350,"height":200,"srcset":"https:\/\/i0.wp.com\/vincentians.com\/fr\/wp-content\/uploads\/sites\/10\/2016\/07\/ephemerides-fb.jpg?fit=1200%2C630&ssl=1&resize=350%2C200 1x, https:\/\/i0.wp.com\/vincentians.com\/fr\/wp-content\/uploads\/sites\/10\/2016\/07\/ephemerides-fb.jpg?fit=1200%2C630&ssl=1&resize=525%2C300 1.5x, https:\/\/i0.wp.com\/vincentians.com\/fr\/wp-content\/uploads\/sites\/10\/2016\/07\/ephemerides-fb.jpg?fit=1200%2C630&ssl=1&resize=700%2C400 2x, https:\/\/i0.wp.com\/vincentians.com\/fr\/wp-content\/uploads\/sites\/10\/2016\/07\/ephemerides-fb.jpg?fit=1200%2C630&ssl=1&resize=1050%2C600 3x"},"classes":[]},{"id":189313,"url":"https:\/\/vincentians.com\/fr\/ephemerides-30-juilliet\/","url_meta":{"origin":190377,"position":2},"title":"Eph\u00e9m\u00e9rides: 30 juilliet","author":"Francisco Javier Fern\u00e1ndez Chento","date":"30\/07\/2017","format":false,"excerpt":"1662. La Conf\u00e9rence de Monsieur Alm\u00e9ras en ce jour a pour sujet l\u2019esprit de la Compagnie. Il recommande l\u2019ob\u00e9issance et le respect de la Sup\u00e9rieure G\u00e9n\u00e9rale. (C) 1671. Par contrat pass\u00e9 devant les notaires du Ch\u00e2telet de Paris, les Pr\u00eatres de la Mission r\u00e9troc\u00e8dent aux Filles de la Charit\u00e9 un\u2026","rel":"","context":"Dans &quot;\u00c9ph\u00e9m\u00e9rides vincentiens&quot;","block_context":{"text":"\u00c9ph\u00e9m\u00e9rides vincentiens","link":"https:\/\/vincentians.com\/fr\/category\/ephemerides-vincentiens\/"},"img":{"alt_text":"","src":"https:\/\/i0.wp.com\/vincentians.com\/fr\/wp-content\/uploads\/sites\/10\/2016\/07\/ephemerides-fb.jpg?fit=1200%2C630&ssl=1&resize=350%2C200","width":350,"height":200,"srcset":"https:\/\/i0.wp.com\/vincentians.com\/fr\/wp-content\/uploads\/sites\/10\/2016\/07\/ephemerides-fb.jpg?fit=1200%2C630&ssl=1&resize=350%2C200 1x, https:\/\/i0.wp.com\/vincentians.com\/fr\/wp-content\/uploads\/sites\/10\/2016\/07\/ephemerides-fb.jpg?fit=1200%2C630&ssl=1&resize=525%2C300 1.5x, https:\/\/i0.wp.com\/vincentians.com\/fr\/wp-content\/uploads\/sites\/10\/2016\/07\/ephemerides-fb.jpg?fit=1200%2C630&ssl=1&resize=700%2C400 2x, https:\/\/i0.wp.com\/vincentians.com\/fr\/wp-content\/uploads\/sites\/10\/2016\/07\/ephemerides-fb.jpg?fit=1200%2C630&ssl=1&resize=1050%2C600 3x"},"classes":[]},{"id":189772,"url":"https:\/\/vincentians.com\/fr\/histoire-generale-de-la-congregation-de-la-mission-77\/","url_meta":{"origin":190377,"position":3},"title":"Histoire g\u00e9n\u00e9rale de la Congr\u00e9gation de la Mission (77)","author":"Francisco Javier Fern\u00e1ndez Chento","date":"23\/01\/2015","format":false,"excerpt":"LXXVII. L\u2019assembl\u00e9e sexennale de 1717 Nous n\u2019avons pas encore parl\u00e9 de l\u2019assembl\u00e9e sexennale qui se tint, suivantles constitutions, six ans apr\u00e8s l\u2019\u00e9l\u00e9vation de M. Bonnet au g\u00e9n\u00e9ralat. Il en avertit la Compagnie, par sa lettre du 1er janvier 1717, en ces termes : Cette ann\u00e9e, Dieu aidant, nous tiendrons notre\u2026","rel":"","context":"Dans &quot;Histoire de la Congr\u00e9gation de la Mission&quot;","block_context":{"text":"Histoire de la Congr\u00e9gation de la Mission","link":"https:\/\/vincentians.com\/fr\/category\/histoire-de-la-congregation-de-la-mission\/"},"img":{"alt_text":"","src":"https:\/\/i0.wp.com\/vincentians.com\/fr\/wp-content\/uploads\/sites\/10\/2016\/07\/histoire-generale-de-la-congregation-de-la-mission.jpg?fit=1200%2C630&ssl=1&resize=350%2C200","width":350,"height":200,"srcset":"https:\/\/i0.wp.com\/vincentians.com\/fr\/wp-content\/uploads\/sites\/10\/2016\/07\/histoire-generale-de-la-congregation-de-la-mission.jpg?fit=1200%2C630&ssl=1&resize=350%2C200 1x, https:\/\/i0.wp.com\/vincentians.com\/fr\/wp-content\/uploads\/sites\/10\/2016\/07\/histoire-generale-de-la-congregation-de-la-mission.jpg?fit=1200%2C630&ssl=1&resize=525%2C300 1.5x, https:\/\/i0.wp.com\/vincentians.com\/fr\/wp-content\/uploads\/sites\/10\/2016\/07\/histoire-generale-de-la-congregation-de-la-mission.jpg?fit=1200%2C630&ssl=1&resize=700%2C400 2x, https:\/\/i0.wp.com\/vincentians.com\/fr\/wp-content\/uploads\/sites\/10\/2016\/07\/histoire-generale-de-la-congregation-de-la-mission.jpg?fit=1200%2C630&ssl=1&resize=1050%2C600 3x"},"classes":[]},{"id":151061,"url":"https:\/\/vincentians.com\/fr\/histoire-generale-de-la-congregation-de-la-mission-72\/","url_meta":{"origin":190377,"position":4},"title":"Histoire g\u00e9n\u00e9rale de la Congr\u00e9gation de la Mission (72)","author":"Francisco Javier Fern\u00e1ndez Chento","date":"18\/01\/2015","format":false,"excerpt":"LXXII. Province de Pologne Les maisons de Pologne ne travaillaient pas avec moins de succ\u00e8s et on parlait d\u2019y faire divers \u00e9tablissementsen diff\u00e9rents endroits, selon ce que mandait M. Bonnet dans les lettres ci-dessus cit\u00e9es. Au commencement de son g\u00e9n\u00e9ralat, la peste, la guerre, la famine, trois terribles fl\u00e9aux tous\u2026","rel":"","context":"Dans &quot;Histoire de la Congr\u00e9gation de la Mission&quot;","block_context":{"text":"Histoire de la Congr\u00e9gation de la Mission","link":"https:\/\/vincentians.com\/fr\/category\/histoire-de-la-congregation-de-la-mission\/"},"img":{"alt_text":"","src":"https:\/\/i0.wp.com\/vincentians.com\/fr\/wp-content\/uploads\/sites\/10\/2016\/07\/histoire-generale-de-la-congregation-de-la-mission.jpg?fit=1200%2C630&ssl=1&resize=350%2C200","width":350,"height":200,"srcset":"https:\/\/i0.wp.com\/vincentians.com\/fr\/wp-content\/uploads\/sites\/10\/2016\/07\/histoire-generale-de-la-congregation-de-la-mission.jpg?fit=1200%2C630&ssl=1&resize=350%2C200 1x, https:\/\/i0.wp.com\/vincentians.com\/fr\/wp-content\/uploads\/sites\/10\/2016\/07\/histoire-generale-de-la-congregation-de-la-mission.jpg?fit=1200%2C630&ssl=1&resize=525%2C300 1.5x, https:\/\/i0.wp.com\/vincentians.com\/fr\/wp-content\/uploads\/sites\/10\/2016\/07\/histoire-generale-de-la-congregation-de-la-mission.jpg?fit=1200%2C630&ssl=1&resize=700%2C400 2x, https:\/\/i0.wp.com\/vincentians.com\/fr\/wp-content\/uploads\/sites\/10\/2016\/07\/histoire-generale-de-la-congregation-de-la-mission.jpg?fit=1200%2C630&ssl=1&resize=1050%2C600 3x"},"classes":[]},{"id":190056,"url":"https:\/\/vincentians.com\/fr\/ephemerides-04-aout\/","url_meta":{"origin":190377,"position":5},"title":"Eph\u00e9m\u00e9rides: 04 ao\u00fbt","author":"Francisco Javier Fern\u00e1ndez Chento","date":"04\/08\/2017","format":false,"excerpt":"1658. D\u00e8s la nouvelle connue du d\u00e9c\u00e8s des deux S\u0153urs de Calais et de la maladie des deux autres, des S\u0153urs se proposent pour les remplacer. Quatre sont choisies\u00a0: Henriette Gesseaume, Marie Cuny, Fran\u00e7oise et Jeanne. Au cours de la conf\u00e9rence de ce jour, Monsieur Vincent les envoie en mission.\u2026","rel":"","context":"Dans &quot;\u00c9ph\u00e9m\u00e9rides vincentiens&quot;","block_context":{"text":"\u00c9ph\u00e9m\u00e9rides vincentiens","link":"https:\/\/vincentians.com\/fr\/category\/ephemerides-vincentiens\/"},"img":{"alt_text":"","src":"https:\/\/i0.wp.com\/vincentians.com\/fr\/wp-content\/uploads\/sites\/10\/2016\/07\/ephemerides-fb.jpg?fit=1200%2C630&ssl=1&resize=350%2C200","width":350,"height":200,"srcset":"https:\/\/i0.wp.com\/vincentians.com\/fr\/wp-content\/uploads\/sites\/10\/2016\/07\/ephemerides-fb.jpg?fit=1200%2C630&ssl=1&resize=350%2C200 1x, https:\/\/i0.wp.com\/vincentians.com\/fr\/wp-content\/uploads\/sites\/10\/2016\/07\/ephemerides-fb.jpg?fit=1200%2C630&ssl=1&resize=525%2C300 1.5x, https:\/\/i0.wp.com\/vincentians.com\/fr\/wp-content\/uploads\/sites\/10\/2016\/07\/ephemerides-fb.jpg?fit=1200%2C630&ssl=1&resize=700%2C400 2x, https:\/\/i0.wp.com\/vincentians.com\/fr\/wp-content\/uploads\/sites\/10\/2016\/07\/ephemerides-fb.jpg?fit=1200%2C630&ssl=1&resize=1050%2C600 3x"},"classes":[]}],"_links":{"self":[{"href":"https:\/\/vincentians.com\/fr\/wp-json\/wp\/v2\/posts\/190377","targetHints":{"allow":["GET"]}}],"collection":[{"href":"https:\/\/vincentians.com\/fr\/wp-json\/wp\/v2\/posts"}],"about":[{"href":"https:\/\/vincentians.com\/fr\/wp-json\/wp\/v2\/types\/post"}],"author":[{"embeddable":true,"href":"https:\/\/vincentians.com\/fr\/wp-json\/wp\/v2\/users\/4"}],"replies":[{"embeddable":true,"href":"https:\/\/vincentians.com\/fr\/wp-json\/wp\/v2\/comments?post=190377"}],"version-history":[{"count":0,"href":"https:\/\/vincentians.com\/fr\/wp-json\/wp\/v2\/posts\/190377\/revisions"}],"wp:featuredmedia":[{"embeddable":true,"href":"https:\/\/vincentians.com\/fr\/wp-json\/wp\/v2\/media\/149897"}],"wp:attachment":[{"href":"https:\/\/vincentians.com\/fr\/wp-json\/wp\/v2\/media?parent=190377"}],"wp:term":[{"taxonomy":"category","embeddable":true,"href":"https:\/\/vincentians.com\/fr\/wp-json\/wp\/v2\/categories?post=190377"},{"taxonomy":"post_tag","embeddable":true,"href":"https:\/\/vincentians.com\/fr\/wp-json\/wp\/v2\/tags?post=190377"}],"curies":[{"name":"wp","href":"https:\/\/api.w.org\/{rel}","templated":true}]}}