{"id":190334,"date":"2017-03-30T00:01:17","date_gmt":"2017-03-29T22:01:17","guid":{"rendered":"http:\/\/vincentians.com\/fr\/?p=190334"},"modified":"2016-08-11T17:36:41","modified_gmt":"2016-08-11T15:36:41","slug":"ephemerides-30-mars","status":"publish","type":"post","link":"https:\/\/vincentians.com\/fr\/ephemerides-30-mars\/","title":{"rendered":"Eph\u00e9m\u00e9rides : 30 mars"},"content":{"rendered":"<p><strong>1652. <\/strong>Sainte Louise \u00e9crit\u00a0: <em>\u00ab\u00a0Bon courage\u00a0! Travaillez bien \u00e0 votre perfection en tant d&rsquo;occasions que vous avez de souffrir, d&rsquo;exercer la douceur, la patience, les rebuts et surmontez toutes les contradictions que vous rencontrez. Ayez un grand coeur qui ne trouve rien de difficile pour le tr\u00e8s Saint Amour de Dieu\u00a0\u00bb<\/em>.(R)<\/p>\n<p><strong>1662 <\/strong>. <em>M. Alm\u00e9ras<\/em> date de ce jour un M\u00e9moire sur les devoirs \u00e0 observer \u00e0 l&rsquo;\u00e9gard d&rsquo;un \u00e9v\u00eaque venant faire la visite canonique de son s\u00e9minaire. Il rappelle que l&rsquo;\u00e9v\u00eaque n&rsquo;a pas le droit de regard sur les biens de la Congr\u00e9gation et que, s&rsquo;il \u00e9tait tent\u00e9 de l\u00e9gif\u00e9rer dans ce domaine ou en tout autre regardant la petite Compagnie, le sup\u00e9rieur du s\u00e9minaire devrait lui faire remarquer respectueusement et humblement qu&rsquo;il outrepasse ses droits (1).<\/p>\n<p><strong>En 1830 <\/strong>, \u00e0 <em>Paris <\/em>, commencent les travaux \u2014 qui se poursuivront jusqu&rsquo;au 6 avril \u2014 de la Commission que <em>Mgr de Qu\u00e9len<\/em> a charg\u00e9 d&rsquo;enqu\u00eater sur les reliques de saint Vincent en vue de leur prochaine translation. Cette commission se compose de deux vicaires g\u00e9n\u00e9raux de Paris et de deux chanoines. Ce jour-l\u00e0, ils se rendent chez les Filles de la Charit\u00e9, au 132 rue du Bac. Le Sup\u00e9rieur g\u00e9n\u00e9ral de la Mission, M. Salhorgne, est l\u00e0, entour\u00e9 de quatre confr\u00e8res : MM. Boulangier et Richenet, assistants, et de MM. Aladel et Etienne. Est pr\u00e9sente aussi la Tr\u00e8s Honor\u00e9e M\u00e8re Antoinette Beaucourt, Sup\u00e9rieure g\u00e9n\u00e9rale des Filles de la Charit\u00e9. Tous se rendent \u00e0 la chapelle des S\u0153urs, pr\u00e8s de l&rsquo;autel \u00e0 l&rsquo;int\u00e9rieur duquel, depuis 1815, sont enferm\u00e9es les reliques. Cet autel est celui qui se trouve dans le petit oratoire contigu \u00e0 la Salle d&rsquo;Oraison de l&rsquo;actuelle Maison-M\u00e8re des Lazaristes. Le Sup\u00e9rieur g\u00e9n\u00e9ral ouvre l&rsquo;autel avec une cl\u00e9, et on en sort, envelopp\u00e9e d&rsquo;un voile de soie violette, une caisse de soixante-quinze centim\u00e8tres de long, de quarante-neuf de large et de trente-quatre de haut. Sous la soie violette se trouve une enveloppe de toile grise, li\u00e9e de rubans de fil \u00e9cru et portant les sceaux du vicaire g\u00e9n\u00e9ral de la Mission. Ils sont en cire rouge et intacts. On donne alors aux Filles de la Charit\u00e9 une d\u00e9charge constatant que la Commission prend possession du coffret pour \u00e9tablir l&rsquo;authenticit\u00e9 de la pr\u00e9cieuse relique qu&rsquo;il contient. Il est six heures du soir, quand ce coffret est transport\u00e9 dans les salons de l&rsquo;archev\u00each\u00e9. D\u00e8s avant l&rsquo;enqu\u00eate de ce jour, Mgr de Qu\u00e9len a annonc\u00e9 que la translation des reliques aurait lieu le 25 avril et serait suivie d&rsquo;une neuvaine de pri\u00e8res dans toutes les \u00e9glises et chapelles du dioc\u00e8se. Ces d\u00e9tails pratiques sont la conclusion du mandement que l&rsquo;Archev\u00eaque signait le 10 mars, et o\u00f9, apr\u00e8s avoir fait l&rsquo;\u00e9loge de notre bienheureux P\u00e8re, il invitait son peuple \u00e0 unir ses ressources pour offrir \u00e0 saint Vincent la chasse qui serait le digne monument de la gratitude parisienne. Le Roi Char!es X et sa famille ont d\u00e9j\u00e0, \u00e0 cette date, fournit une belle somme (2).<\/p>\n<p><strong>1947. <\/strong><em>Soeur Ginal<\/em>, Soeur Servante de la Maison Polonaise de <em>Shuentchfou<\/em> quitte P\u00e9kin o\u00f9 depuis vingt jours, elle se remet des suites du jugement populaire et de 70 jours de captivit\u00e9, pass\u00e9s avec les Missionnaires polonais incarc\u00e9r\u00e9s avec elle. Le jugement populaire avait eu lieu en plein air en pr\u00e9sence de milliers de spectateurs. Brutalis\u00e9s, cornette et collets arrach\u00e9s, un os de la pommette faciale et l&rsquo;arcade du nez bris\u00e9s, elle ne fut bient\u00f4t plus qu&rsquo;une plaie et s&rsquo;affaissa dans son sang. Un missionnaire qu&rsquo;on avait cess\u00e9 de battre un instant lui donna sur place l&rsquo;absolution. Elle dut se relever avec les autres pour faire la confession de ses soi-disant crimes\u00a0: on \u00e9tait en d\u00e9cembre et elle frissonnait de froid, retenant ce qui lui restait de v\u00eatements. Cela dura de longues heures et de nombreuses photographies de cette sc\u00e8ne furent affich\u00e9es en ville. Ensuite, une procession fut organis\u00e9e\u00a0: pr\u00eatres et Soeurs, couverts de sang, sont affubl\u00e9s de longs tubes de papier sur la t\u00eate et doivent regagner la prison sous les hu\u00e9es de la populace \u00e0 qui l&rsquo;on veut montrer le ch\u00e2timent des ennemis du peuple. Soeur Ginal est tra\u00een\u00e9e dans ce cort\u00e9ge, soutenue par une Soeur chinoise, Soeur Wang qui a voulu partager sa passion\u00a0: <em>\u00ab\u00a0Maintenant que la Mission du Shenteh a re\u00e7u le bapt\u00eame du sang, dit l&rsquo;Ev\u00eaque, chantons le Te Deum\u00a0\u00bb<\/em>. Et dans la prison s&rsquo;\u00e9leva la louange \u00e0 Dieu\u00a0! (R)<\/p>\n<p style=\"padding-left: 30px;\">1) <em>Circ. <\/em>, I, pp. 41 sq.<br \/>\n2) Vandamme : \u00ab <em>Le Corps de saint Vincent de Paul <\/em>\u00bb, pp. 92-93.<\/p>\n","protected":false},"excerpt":{"rendered":"<p>1652. Sainte Louise \u00e9crit\u00a0: \u00ab\u00a0Bon courage\u00a0! Travaillez bien \u00e0 votre perfection en tant d&rsquo;occasions que vous avez de souffrir, d&rsquo;exercer la douceur, la patience, les rebuts et surmontez toutes les contradictions que vous rencontrez. Ayez &#8230; <a href=\"https:\/\/vincentians.com\/fr\/ephemerides-30-mars\/\" class=\"more-link\">Read More<\/a><\/p>\n","protected":false},"author":4,"featured_media":149897,"comment_status":"open","ping_status":"open","sticky":false,"template":"","format":"standard","meta":{"jetpack_post_was_ever_published":false,"_jetpack_newsletter_access":"","_jetpack_dont_email_post_to_subs":false,"_jetpack_newsletter_tier_id":0,"_jetpack_memberships_contains_paywalled_content":false,"_jetpack_memberships_contains_paid_content":false,"footnotes":"","jetpack_publicize_message":"","jetpack_publicize_feature_enabled":true,"jetpack_social_post_already_shared":true,"jetpack_social_options":{"image_generator_settings":{"template":"highway","default_image_id":0,"font":"","enabled":false},"version":2}},"categories":[119],"tags":[],"class_list":["post-190334","post","type-post","status-publish","format-standard","has-post-thumbnail","hentry","category-ephemerides-vincentiens"],"yoast_head":"<!-- This site is optimized with the Yoast SEO plugin v26.3 - https:\/\/yoast.com\/wordpress\/plugins\/seo\/ -->\n<title>Eph\u00e9m\u00e9rides : 30 mars - Nous Sommes Vincentiens<\/title>\n<meta name=\"robots\" content=\"index, follow, max-snippet:-1, max-image-preview:large, max-video-preview:-1\" \/>\n<link rel=\"canonical\" href=\"https:\/\/vincentians.com\/fr\/ephemerides-30-mars\/\" \/>\n<meta property=\"og:locale\" content=\"fr_FR\" \/>\n<meta property=\"og:type\" content=\"article\" \/>\n<meta property=\"og:title\" content=\"Eph\u00e9m\u00e9rides : 30 mars - Nous Sommes Vincentiens\" \/>\n<meta property=\"og:description\" content=\"1652. Sainte Louise \u00e9crit\u00a0: \u00ab\u00a0Bon courage\u00a0! Travaillez bien \u00e0 votre perfection en tant d&rsquo;occasions que vous avez de souffrir, d&rsquo;exercer la douceur, la patience, les rebuts et surmontez toutes les contradictions que vous rencontrez. Ayez ... Read More\" \/>\n<meta property=\"og:url\" content=\"https:\/\/vincentians.com\/fr\/ephemerides-30-mars\/\" \/>\n<meta property=\"og:site_name\" content=\"Nous Sommes Vincentiens\" \/>\n<meta property=\"article:publisher\" content=\"https:\/\/www.facebook.com\/WeAreVincentians\/\" \/>\n<meta property=\"article:author\" content=\"https:\/\/www.facebook.com\/JavierChento\" \/>\n<meta property=\"article:published_time\" content=\"2017-03-29T22:01:17+00:00\" \/>\n<meta property=\"og:image\" content=\"https:\/\/i0.wp.com\/vincentians.com\/fr\/wp-content\/uploads\/sites\/10\/2016\/07\/ephemerides-fb.jpg?fit=1200%2C630&ssl=1\" \/>\n\t<meta property=\"og:image:width\" content=\"1200\" \/>\n\t<meta property=\"og:image:height\" content=\"630\" \/>\n\t<meta property=\"og:image:type\" content=\"image\/jpeg\" \/>\n<meta name=\"author\" content=\"Francisco Javier Fern\u00e1ndez Chento\" \/>\n<meta name=\"twitter:card\" content=\"summary_large_image\" \/>\n<meta name=\"twitter:creator\" content=\"@https:\/\/twitter.com\/javierchento\" \/>\n<meta name=\"twitter:site\" content=\"@WeVincentians\" \/>\n<meta name=\"twitter:label1\" content=\"\u00c9crit par\" \/>\n\t<meta name=\"twitter:data1\" content=\"Francisco Javier Fern\u00e1ndez Chento\" \/>\n\t<meta name=\"twitter:label2\" content=\"Dur\u00e9e de lecture estim\u00e9e\" \/>\n\t<meta name=\"twitter:data2\" content=\"4 minutes\" \/>\n<script type=\"application\/ld+json\" class=\"yoast-schema-graph\">{\"@context\":\"https:\/\/schema.org\",\"@graph\":[{\"@type\":\"WebPage\",\"@id\":\"https:\/\/vincentians.com\/fr\/ephemerides-30-mars\/\",\"url\":\"https:\/\/vincentians.com\/fr\/ephemerides-30-mars\/\",\"name\":\"Eph\u00e9m\u00e9rides : 30 mars - Nous Sommes Vincentiens\",\"isPartOf\":{\"@id\":\"https:\/\/vincentians.com\/fr\/#website\"},\"primaryImageOfPage\":{\"@id\":\"https:\/\/vincentians.com\/fr\/ephemerides-30-mars\/#primaryimage\"},\"image\":{\"@id\":\"https:\/\/vincentians.com\/fr\/ephemerides-30-mars\/#primaryimage\"},\"thumbnailUrl\":\"https:\/\/i0.wp.com\/vincentians.com\/fr\/wp-content\/uploads\/sites\/10\/2016\/07\/ephemerides-fb.jpg?fit=1200%2C630&ssl=1\",\"datePublished\":\"2017-03-29T22:01:17+00:00\",\"author\":{\"@id\":\"https:\/\/vincentians.com\/fr\/#\/schema\/person\/9623ef4d9aa3b2dfb8c061f1499288f2\"},\"breadcrumb\":{\"@id\":\"https:\/\/vincentians.com\/fr\/ephemerides-30-mars\/#breadcrumb\"},\"inLanguage\":\"fr-FR\",\"potentialAction\":[{\"@type\":\"ReadAction\",\"target\":[\"https:\/\/vincentians.com\/fr\/ephemerides-30-mars\/\"]}]},{\"@type\":\"ImageObject\",\"inLanguage\":\"fr-FR\",\"@id\":\"https:\/\/vincentians.com\/fr\/ephemerides-30-mars\/#primaryimage\",\"url\":\"https:\/\/i0.wp.com\/vincentians.com\/fr\/wp-content\/uploads\/sites\/10\/2016\/07\/ephemerides-fb.jpg?fit=1200%2C630&ssl=1\",\"contentUrl\":\"https:\/\/i0.wp.com\/vincentians.com\/fr\/wp-content\/uploads\/sites\/10\/2016\/07\/ephemerides-fb.jpg?fit=1200%2C630&ssl=1\",\"width\":1200,\"height\":630},{\"@type\":\"BreadcrumbList\",\"@id\":\"https:\/\/vincentians.com\/fr\/ephemerides-30-mars\/#breadcrumb\",\"itemListElement\":[{\"@type\":\"ListItem\",\"position\":1,\"name\":\"Portada\",\"item\":\"https:\/\/vincentians.com\/fr\/\"},{\"@type\":\"ListItem\",\"position\":2,\"name\":\"Eph\u00e9m\u00e9rides : 30 mars\"}]},{\"@type\":\"WebSite\",\"@id\":\"https:\/\/vincentians.com\/fr\/#website\",\"url\":\"https:\/\/vincentians.com\/fr\/\",\"name\":\"Nous Sommes Vincentiens\",\"description\":\"Know more to serve more\",\"potentialAction\":[{\"@type\":\"SearchAction\",\"target\":{\"@type\":\"EntryPoint\",\"urlTemplate\":\"https:\/\/vincentians.com\/fr\/?s={search_term_string}\"},\"query-input\":{\"@type\":\"PropertyValueSpecification\",\"valueRequired\":true,\"valueName\":\"search_term_string\"}}],\"inLanguage\":\"fr-FR\"},{\"@type\":\"Person\",\"@id\":\"https:\/\/vincentians.com\/fr\/#\/schema\/person\/9623ef4d9aa3b2dfb8c061f1499288f2\",\"name\":\"Francisco Javier Fern\u00e1ndez Chento\",\"image\":{\"@type\":\"ImageObject\",\"inLanguage\":\"fr-FR\",\"@id\":\"https:\/\/vincentians.com\/fr\/#\/schema\/person\/image\/\",\"url\":\"https:\/\/secure.gravatar.com\/avatar\/497d5cde87b4c3d097d0315953521681ba2cd523ee66e5077c3711f7021e65de?s=96&d=mm&r=g\",\"contentUrl\":\"https:\/\/secure.gravatar.com\/avatar\/497d5cde87b4c3d097d0315953521681ba2cd523ee66e5077c3711f7021e65de?s=96&d=mm&r=g\",\"caption\":\"Francisco Javier Fern\u00e1ndez Chento\"},\"description\":\"Director General y cofundador de La Red de Formaci\u00f3n Vicenciana. Javier es laico vicenciano, afiliado a la Congregaci\u00f3n de la Misi\u00f3n y miembro del Equipo de Misiones Populares de la provincia can\u00f3nica de Zaragoza (Espa\u00f1a) de la Congregaci\u00f3n de la Misi\u00f3n. Graduado en la Universidad Oberta de Catalunya con cuatro grados (Asistente de direcci\u00f3n, Gesti\u00f3n Administrativa, Recursos Humanos y Contabilidad Avanzada). Bil\u00edng\u00fce Espa\u00f1ol\/Ingl\u00e9s. gestiona y mantiene varias p\u00e1ginas web cristianas y vicencianas, incluida including La Red de Formaci\u00f3n Vicenciana, de la que es cofundador. Actualmente es responsable del \u00e1rea de Espa\u00f1ol de .famvin, la Red de Noticias de la Familia Vicenciana. Tambi\u00e9n es m\u00fasico cat\u00f3lico y ha editado varios discos. Es Director General y cofundador de Trovador, una reconocida compa\u00f1\u00eda discogr\u00e1fica critiana de Espa\u00f1a. Trabaja en las Tecnolog\u00edas de la Informaci\u00f3n, ofreciendo servicios de alojamiento, dise\u00f1o y mantenimiento Web, as\u00ed como asesoramiento, formaci\u00f3n y soluciones inform\u00e1ticas, gesti\u00f3n documental y digitalizaci\u00f3n de textos, edici\u00f3n y maquetaci\u00f3n de libros, revistas, flyers, etc.\",\"sameAs\":[\"http:\/\/chento.org\",\"https:\/\/www.facebook.com\/JavierChento\",\"https:\/\/x.com\/https:\/\/twitter.com\/javierchento\"],\"url\":\"https:\/\/vincentians.com\/fr\/author\/chento\/\"}]}<\/script>\n<!-- \/ Yoast SEO plugin. -->","yoast_head_json":{"title":"Eph\u00e9m\u00e9rides : 30 mars - Nous Sommes Vincentiens","robots":{"index":"index","follow":"follow","max-snippet":"max-snippet:-1","max-image-preview":"max-image-preview:large","max-video-preview":"max-video-preview:-1"},"canonical":"https:\/\/vincentians.com\/fr\/ephemerides-30-mars\/","og_locale":"fr_FR","og_type":"article","og_title":"Eph\u00e9m\u00e9rides : 30 mars - Nous Sommes Vincentiens","og_description":"1652. Sainte Louise \u00e9crit\u00a0: \u00ab\u00a0Bon courage\u00a0! Travaillez bien \u00e0 votre perfection en tant d&rsquo;occasions que vous avez de souffrir, d&rsquo;exercer la douceur, la patience, les rebuts et surmontez toutes les contradictions que vous rencontrez. Ayez ... Read More","og_url":"https:\/\/vincentians.com\/fr\/ephemerides-30-mars\/","og_site_name":"Nous Sommes Vincentiens","article_publisher":"https:\/\/www.facebook.com\/WeAreVincentians\/","article_author":"https:\/\/www.facebook.com\/JavierChento","article_published_time":"2017-03-29T22:01:17+00:00","og_image":[{"width":1200,"height":630,"url":"https:\/\/i0.wp.com\/vincentians.com\/fr\/wp-content\/uploads\/sites\/10\/2016\/07\/ephemerides-fb.jpg?fit=1200%2C630&ssl=1","type":"image\/jpeg"}],"author":"Francisco Javier Fern\u00e1ndez Chento","twitter_card":"summary_large_image","twitter_creator":"@https:\/\/twitter.com\/javierchento","twitter_site":"@WeVincentians","twitter_misc":{"\u00c9crit par":"Francisco Javier Fern\u00e1ndez Chento","Dur\u00e9e de lecture estim\u00e9e":"4 minutes"},"schema":{"@context":"https:\/\/schema.org","@graph":[{"@type":"WebPage","@id":"https:\/\/vincentians.com\/fr\/ephemerides-30-mars\/","url":"https:\/\/vincentians.com\/fr\/ephemerides-30-mars\/","name":"Eph\u00e9m\u00e9rides : 30 mars - Nous Sommes Vincentiens","isPartOf":{"@id":"https:\/\/vincentians.com\/fr\/#website"},"primaryImageOfPage":{"@id":"https:\/\/vincentians.com\/fr\/ephemerides-30-mars\/#primaryimage"},"image":{"@id":"https:\/\/vincentians.com\/fr\/ephemerides-30-mars\/#primaryimage"},"thumbnailUrl":"https:\/\/i0.wp.com\/vincentians.com\/fr\/wp-content\/uploads\/sites\/10\/2016\/07\/ephemerides-fb.jpg?fit=1200%2C630&ssl=1","datePublished":"2017-03-29T22:01:17+00:00","author":{"@id":"https:\/\/vincentians.com\/fr\/#\/schema\/person\/9623ef4d9aa3b2dfb8c061f1499288f2"},"breadcrumb":{"@id":"https:\/\/vincentians.com\/fr\/ephemerides-30-mars\/#breadcrumb"},"inLanguage":"fr-FR","potentialAction":[{"@type":"ReadAction","target":["https:\/\/vincentians.com\/fr\/ephemerides-30-mars\/"]}]},{"@type":"ImageObject","inLanguage":"fr-FR","@id":"https:\/\/vincentians.com\/fr\/ephemerides-30-mars\/#primaryimage","url":"https:\/\/i0.wp.com\/vincentians.com\/fr\/wp-content\/uploads\/sites\/10\/2016\/07\/ephemerides-fb.jpg?fit=1200%2C630&ssl=1","contentUrl":"https:\/\/i0.wp.com\/vincentians.com\/fr\/wp-content\/uploads\/sites\/10\/2016\/07\/ephemerides-fb.jpg?fit=1200%2C630&ssl=1","width":1200,"height":630},{"@type":"BreadcrumbList","@id":"https:\/\/vincentians.com\/fr\/ephemerides-30-mars\/#breadcrumb","itemListElement":[{"@type":"ListItem","position":1,"name":"Portada","item":"https:\/\/vincentians.com\/fr\/"},{"@type":"ListItem","position":2,"name":"Eph\u00e9m\u00e9rides : 30 mars"}]},{"@type":"WebSite","@id":"https:\/\/vincentians.com\/fr\/#website","url":"https:\/\/vincentians.com\/fr\/","name":"Nous Sommes Vincentiens","description":"Know more to serve more","potentialAction":[{"@type":"SearchAction","target":{"@type":"EntryPoint","urlTemplate":"https:\/\/vincentians.com\/fr\/?s={search_term_string}"},"query-input":{"@type":"PropertyValueSpecification","valueRequired":true,"valueName":"search_term_string"}}],"inLanguage":"fr-FR"},{"@type":"Person","@id":"https:\/\/vincentians.com\/fr\/#\/schema\/person\/9623ef4d9aa3b2dfb8c061f1499288f2","name":"Francisco Javier Fern\u00e1ndez Chento","image":{"@type":"ImageObject","inLanguage":"fr-FR","@id":"https:\/\/vincentians.com\/fr\/#\/schema\/person\/image\/","url":"https:\/\/secure.gravatar.com\/avatar\/497d5cde87b4c3d097d0315953521681ba2cd523ee66e5077c3711f7021e65de?s=96&d=mm&r=g","contentUrl":"https:\/\/secure.gravatar.com\/avatar\/497d5cde87b4c3d097d0315953521681ba2cd523ee66e5077c3711f7021e65de?s=96&d=mm&r=g","caption":"Francisco Javier Fern\u00e1ndez Chento"},"description":"Director General y cofundador de La Red de Formaci\u00f3n Vicenciana. Javier es laico vicenciano, afiliado a la Congregaci\u00f3n de la Misi\u00f3n y miembro del Equipo de Misiones Populares de la provincia can\u00f3nica de Zaragoza (Espa\u00f1a) de la Congregaci\u00f3n de la Misi\u00f3n. Graduado en la Universidad Oberta de Catalunya con cuatro grados (Asistente de direcci\u00f3n, Gesti\u00f3n Administrativa, Recursos Humanos y Contabilidad Avanzada). Bil\u00edng\u00fce Espa\u00f1ol\/Ingl\u00e9s. gestiona y mantiene varias p\u00e1ginas web cristianas y vicencianas, incluida including La Red de Formaci\u00f3n Vicenciana, de la que es cofundador. Actualmente es responsable del \u00e1rea de Espa\u00f1ol de .famvin, la Red de Noticias de la Familia Vicenciana. Tambi\u00e9n es m\u00fasico cat\u00f3lico y ha editado varios discos. Es Director General y cofundador de Trovador, una reconocida compa\u00f1\u00eda discogr\u00e1fica critiana de Espa\u00f1a. Trabaja en las Tecnolog\u00edas de la Informaci\u00f3n, ofreciendo servicios de alojamiento, dise\u00f1o y mantenimiento Web, as\u00ed como asesoramiento, formaci\u00f3n y soluciones inform\u00e1ticas, gesti\u00f3n documental y digitalizaci\u00f3n de textos, edici\u00f3n y maquetaci\u00f3n de libros, revistas, flyers, etc.","sameAs":["http:\/\/chento.org","https:\/\/www.facebook.com\/JavierChento","https:\/\/x.com\/https:\/\/twitter.com\/javierchento"],"url":"https:\/\/vincentians.com\/fr\/author\/chento\/"}]}},"jetpack_publicize_connections":[],"jetpack_featured_media_url":"https:\/\/i0.wp.com\/vincentians.com\/fr\/wp-content\/uploads\/sites\/10\/2016\/07\/ephemerides-fb.jpg?fit=1200%2C630&ssl=1","jetpack_sharing_enabled":true,"jetpack_shortlink":"https:\/\/wp.me\/p7ETMP-NvU","jetpack-related-posts":[{"id":52054,"url":"https:\/\/vincentians.com\/fr\/saint-vincent-de-paul-et-sa-mission-sociale-iii-laction-2\/","url_meta":{"origin":190334,"position":0},"title":"Saint Vincent De Paul Et Sa Mission Sociale. III &#8211; L\u2019action (2)","author":"Francisco Javier Fern\u00e1ndez Chento","date":"26\/12\/2014","format":false,"excerpt":"LA RENAISSANCE RELIGIEUSE. \u2014 Le compl\u00e9ment des missions. \u2014 \u00c9tat du clerg\u00e9 depuis le concile de Trente. \u2014 N\u00e9cessit\u00e9 d\u2019une r\u00e9forme. \u2014 Les exercices des ordinands. \u2014 Saint-Lazare. \u2014 La conf\u00e9rence du mardi. \u2014 Bossuet. \u2014 Les retraites spirituelles. \u2014 Le coll\u00e8ge des Bons-Enfants. \u2014 Vincent de Paul et Olier.\u2026","rel":"","context":"Dans &quot;Vincent de Paul&quot;","block_context":{"text":"Vincent de Paul","link":"https:\/\/vincentians.com\/fr\/category\/the-vincentian-family\/founders\/vincent-de-paul\/"},"img":{"alt_text":"","src":"https:\/\/i0.wp.com\/vincentians.com\/fr\/wp-content\/uploads\/sites\/10\/2016\/07\/vincent-et-sa-action-sociale.jpg?fit=1160%2C630&ssl=1&resize=350%2C200","width":350,"height":200,"srcset":"https:\/\/i0.wp.com\/vincentians.com\/fr\/wp-content\/uploads\/sites\/10\/2016\/07\/vincent-et-sa-action-sociale.jpg?fit=1160%2C630&ssl=1&resize=350%2C200 1x, https:\/\/i0.wp.com\/vincentians.com\/fr\/wp-content\/uploads\/sites\/10\/2016\/07\/vincent-et-sa-action-sociale.jpg?fit=1160%2C630&ssl=1&resize=525%2C300 1.5x, https:\/\/i0.wp.com\/vincentians.com\/fr\/wp-content\/uploads\/sites\/10\/2016\/07\/vincent-et-sa-action-sociale.jpg?fit=1160%2C630&ssl=1&resize=700%2C400 2x, https:\/\/i0.wp.com\/vincentians.com\/fr\/wp-content\/uploads\/sites\/10\/2016\/07\/vincent-et-sa-action-sociale.jpg?fit=1160%2C630&ssl=1&resize=1050%2C600 3x"},"classes":[]},{"id":189319,"url":"https:\/\/vincentians.com\/fr\/ephemerides-25-juilliet\/","url_meta":{"origin":190334,"position":1},"title":"Eph\u00e9m\u00e9rides: 25 juilliet","author":"Francisco Javier Fern\u00e1ndez Chento","date":"25\/07\/2017","format":false,"excerpt":"1643. \u00c0 Paris, Louis XIII ayant demand\u00e9 \u00e0 Monsieur Vincent d\u2019envoyer quelques-uns de ses Pr\u00eatres en Barbarie pour y soulager les chr\u00e9tiens r\u00e9duits en esclavage par les corsaires turcs, la duchesse d\u2019Aiguillon veut participer \u00e0 cette bonne \u0153uvre, et elle signe un contrat par lequel elle \u00e9tablit une maison de\u2026","rel":"","context":"Dans &quot;\u00c9ph\u00e9m\u00e9rides vincentiens&quot;","block_context":{"text":"\u00c9ph\u00e9m\u00e9rides vincentiens","link":"https:\/\/vincentians.com\/fr\/category\/ephemerides-vincentiens\/"},"img":{"alt_text":"","src":"https:\/\/i0.wp.com\/vincentians.com\/fr\/wp-content\/uploads\/sites\/10\/2016\/07\/ephemerides-fb.jpg?fit=1200%2C630&ssl=1&resize=350%2C200","width":350,"height":200,"srcset":"https:\/\/i0.wp.com\/vincentians.com\/fr\/wp-content\/uploads\/sites\/10\/2016\/07\/ephemerides-fb.jpg?fit=1200%2C630&ssl=1&resize=350%2C200 1x, https:\/\/i0.wp.com\/vincentians.com\/fr\/wp-content\/uploads\/sites\/10\/2016\/07\/ephemerides-fb.jpg?fit=1200%2C630&ssl=1&resize=525%2C300 1.5x, https:\/\/i0.wp.com\/vincentians.com\/fr\/wp-content\/uploads\/sites\/10\/2016\/07\/ephemerides-fb.jpg?fit=1200%2C630&ssl=1&resize=700%2C400 2x, https:\/\/i0.wp.com\/vincentians.com\/fr\/wp-content\/uploads\/sites\/10\/2016\/07\/ephemerides-fb.jpg?fit=1200%2C630&ssl=1&resize=1050%2C600 3x"},"classes":[]},{"id":104149,"url":"https:\/\/vincentians.com\/fr\/ephemerides-16-novembre\/","url_meta":{"origin":190334,"position":2},"title":"Eph\u00e9m\u00e9rides: 16 novembre","author":"Francisco Javier Fern\u00e1ndez Chento","date":"16\/11\/2016","format":false,"excerpt":"1654. Marie Joly qui est enfin arriv\u00e9e \u00e0 Paris (cf. 9 octobre 1654) ne peut r\u00e9sister \u00e0 la tentation qui la tenaille. Apr\u00e8s le repas, elle prend ses affaires et sans rien dire, quitte la Maison M\u00e8re. Avant de monter dans le coche, elle s\u2019interroge sur son comportement. Le remords\u2026","rel":"","context":"Dans &quot;\u00c9ph\u00e9m\u00e9rides vincentiens&quot;","block_context":{"text":"\u00c9ph\u00e9m\u00e9rides vincentiens","link":"https:\/\/vincentians.com\/fr\/category\/ephemerides-vincentiens\/"},"img":{"alt_text":"","src":"https:\/\/i0.wp.com\/vincentians.com\/fr\/wp-content\/uploads\/sites\/10\/2016\/07\/ephemerides-fb.jpg?fit=1200%2C630&ssl=1&resize=350%2C200","width":350,"height":200,"srcset":"https:\/\/i0.wp.com\/vincentians.com\/fr\/wp-content\/uploads\/sites\/10\/2016\/07\/ephemerides-fb.jpg?fit=1200%2C630&ssl=1&resize=350%2C200 1x, https:\/\/i0.wp.com\/vincentians.com\/fr\/wp-content\/uploads\/sites\/10\/2016\/07\/ephemerides-fb.jpg?fit=1200%2C630&ssl=1&resize=525%2C300 1.5x, https:\/\/i0.wp.com\/vincentians.com\/fr\/wp-content\/uploads\/sites\/10\/2016\/07\/ephemerides-fb.jpg?fit=1200%2C630&ssl=1&resize=700%2C400 2x, https:\/\/i0.wp.com\/vincentians.com\/fr\/wp-content\/uploads\/sites\/10\/2016\/07\/ephemerides-fb.jpg?fit=1200%2C630&ssl=1&resize=1050%2C600 3x"},"classes":[]},{"id":105526,"url":"https:\/\/vincentians.com\/fr\/ephemerides-2-janvier\/","url_meta":{"origin":190334,"position":3},"title":"Eph\u00e9m\u00e9rides: 2 janvier","author":"Francisco Javier Fern\u00e1ndez Chento","date":"02\/01\/2017","format":false,"excerpt":"1640. Les premi\u00e8res S\u0153urs sont envoy\u00e9es par saint Vincent soigner les Gal\u00e9riens malades, pour lesquels il a obtenu la Tour Saint-Bernard qui leur servira d\u2019h\u00f4pital\u00a0: \u201cEn assistant ces pauvres gens, \u00e9crit sainte Louise, elles lui rendront un service qui agr\u00e9e \u00e0 Dieu autant que s\u2019il \u00e9tait fait \u00e0 la personne\u2026","rel":"","context":"Dans &quot;\u00c9ph\u00e9m\u00e9rides vincentiens&quot;","block_context":{"text":"\u00c9ph\u00e9m\u00e9rides vincentiens","link":"https:\/\/vincentians.com\/fr\/category\/ephemerides-vincentiens\/"},"img":{"alt_text":"","src":"https:\/\/i0.wp.com\/vincentians.com\/fr\/wp-content\/uploads\/sites\/10\/2016\/07\/ephemerides-fb.jpg?fit=1200%2C630&ssl=1&resize=350%2C200","width":350,"height":200,"srcset":"https:\/\/i0.wp.com\/vincentians.com\/fr\/wp-content\/uploads\/sites\/10\/2016\/07\/ephemerides-fb.jpg?fit=1200%2C630&ssl=1&resize=350%2C200 1x, https:\/\/i0.wp.com\/vincentians.com\/fr\/wp-content\/uploads\/sites\/10\/2016\/07\/ephemerides-fb.jpg?fit=1200%2C630&ssl=1&resize=525%2C300 1.5x, https:\/\/i0.wp.com\/vincentians.com\/fr\/wp-content\/uploads\/sites\/10\/2016\/07\/ephemerides-fb.jpg?fit=1200%2C630&ssl=1&resize=700%2C400 2x, https:\/\/i0.wp.com\/vincentians.com\/fr\/wp-content\/uploads\/sites\/10\/2016\/07\/ephemerides-fb.jpg?fit=1200%2C630&ssl=1&resize=1050%2C600 3x"},"classes":[]},{"id":189315,"url":"https:\/\/vincentians.com\/fr\/ephemerides-28-juilliet\/","url_meta":{"origin":190334,"position":4},"title":"Eph\u00e9m\u00e9rides: 28 juilliet","author":"Francisco Javier Fern\u00e1ndez Chento","date":"28\/07\/2017","format":false,"excerpt":"1648. La conf\u00e9rence de nos Premi\u00e8res S\u0153urs se tint en pr\u00e9sence de M. Thibault et Monsieur Vincent reprendra le sujet le 25 ao\u00fbt suivant. I1 s\u2019agit de \u201cl\u2019esprit du monde\u201d et M. Thibault de dire entre autres choses\u00a0: \u201cSi quelqu\u2019une de vous, mes Sceurs, n\u2019avait pas d\u2019amour pour la pauvret\u00e9,\u2026","rel":"","context":"Dans &quot;\u00c9ph\u00e9m\u00e9rides vincentiens&quot;","block_context":{"text":"\u00c9ph\u00e9m\u00e9rides vincentiens","link":"https:\/\/vincentians.com\/fr\/category\/ephemerides-vincentiens\/"},"img":{"alt_text":"","src":"https:\/\/i0.wp.com\/vincentians.com\/fr\/wp-content\/uploads\/sites\/10\/2016\/07\/ephemerides-fb.jpg?fit=1200%2C630&ssl=1&resize=350%2C200","width":350,"height":200,"srcset":"https:\/\/i0.wp.com\/vincentians.com\/fr\/wp-content\/uploads\/sites\/10\/2016\/07\/ephemerides-fb.jpg?fit=1200%2C630&ssl=1&resize=350%2C200 1x, https:\/\/i0.wp.com\/vincentians.com\/fr\/wp-content\/uploads\/sites\/10\/2016\/07\/ephemerides-fb.jpg?fit=1200%2C630&ssl=1&resize=525%2C300 1.5x, https:\/\/i0.wp.com\/vincentians.com\/fr\/wp-content\/uploads\/sites\/10\/2016\/07\/ephemerides-fb.jpg?fit=1200%2C630&ssl=1&resize=700%2C400 2x, https:\/\/i0.wp.com\/vincentians.com\/fr\/wp-content\/uploads\/sites\/10\/2016\/07\/ephemerides-fb.jpg?fit=1200%2C630&ssl=1&resize=1050%2C600 3x"},"classes":[]},{"id":54377,"url":"https:\/\/vincentians.com\/fr\/difference-entre-nous-et-les-religieux-notre-secularite-et-notre-exemption\/","url_meta":{"origin":190334,"position":5},"title":"Difference entre nous et les religieux, notre secularit\u00e9 et notre exemption","author":"Francisco Javier Fern\u00e1ndez Chento","date":"21\/12\/2012","format":false,"excerpt":"Au cours du temps, la vie et la profession des \u00ab conseils \u00e9van\u00adg\u00e9liques prennent des formes canoniques vari\u00e9es. Sur ce sujet, nous avons aujourd'hui des \u00e9tudes bien faites et de bonnes synth\u00e9\u00adses. Cf. par exemple, la premi\u00e9re partie de: Per una presenza viva dei Religiosa nella Chiesa e nel mondo,\u2026","rel":"","context":"Dans &quot;Congr\u00e9gation de la Mission&quot;","block_context":{"text":"Congr\u00e9gation de la Mission","link":"https:\/\/vincentians.com\/fr\/category\/congregation-de-la-mission\/"},"img":{"alt_text":"","src":"https:\/\/i0.wp.com\/vincentiens.org\/wp-content\/uploads\/2011\/11\/logocmotro-216x300.jpg?resize=350%2C200","width":350,"height":200},"classes":[]}],"_links":{"self":[{"href":"https:\/\/vincentians.com\/fr\/wp-json\/wp\/v2\/posts\/190334","targetHints":{"allow":["GET"]}}],"collection":[{"href":"https:\/\/vincentians.com\/fr\/wp-json\/wp\/v2\/posts"}],"about":[{"href":"https:\/\/vincentians.com\/fr\/wp-json\/wp\/v2\/types\/post"}],"author":[{"embeddable":true,"href":"https:\/\/vincentians.com\/fr\/wp-json\/wp\/v2\/users\/4"}],"replies":[{"embeddable":true,"href":"https:\/\/vincentians.com\/fr\/wp-json\/wp\/v2\/comments?post=190334"}],"version-history":[{"count":0,"href":"https:\/\/vincentians.com\/fr\/wp-json\/wp\/v2\/posts\/190334\/revisions"}],"wp:featuredmedia":[{"embeddable":true,"href":"https:\/\/vincentians.com\/fr\/wp-json\/wp\/v2\/media\/149897"}],"wp:attachment":[{"href":"https:\/\/vincentians.com\/fr\/wp-json\/wp\/v2\/media?parent=190334"}],"wp:term":[{"taxonomy":"category","embeddable":true,"href":"https:\/\/vincentians.com\/fr\/wp-json\/wp\/v2\/categories?post=190334"},{"taxonomy":"post_tag","embeddable":true,"href":"https:\/\/vincentians.com\/fr\/wp-json\/wp\/v2\/tags?post=190334"}],"curies":[{"name":"wp","href":"https:\/\/api.w.org\/{rel}","templated":true}]}}