{"id":189373,"date":"2016-07-05T09:04:18","date_gmt":"2016-07-05T07:04:18","guid":{"rendered":"http:\/\/vincentians.com\/fr\/?p=189373"},"modified":"2016-07-22T06:20:38","modified_gmt":"2016-07-22T04:20:38","slug":"nouveautes-dans-la-bibliotheque-essai-bibliographie-chronologique-sur-antoine-frederic-ozanam","status":"publish","type":"post","link":"https:\/\/vincentians.com\/fr\/nouveautes-dans-la-bibliotheque-essai-bibliographie-chronologique-sur-antoine-frederic-ozanam\/","title":{"rendered":"Nouveaut\u00e9s dans la biblioth\u00e8que : Essai De Bibliographie Chronologique Sur Antoine-Fr\u00e9d\u00e9ric Ozanam"},"content":{"rendered":"<h2>Avant-propos<\/h2>\n<p><a href=\"https:\/\/i0.wp.com\/vincentians.com\/fr\/wp-content\/uploads\/sites\/10\/2016\/07\/galopin-livre.jpg\"><img data-recalc-dims=\"1\" loading=\"lazy\" decoding=\"async\" data-attachment-id=\"189804\" data-permalink=\"https:\/\/vincentians.com\/fr\/nouveautes-dans-la-bibliotheque-essai-bibliographie-chronologique-sur-antoine-frederic-ozanam\/galopin-livre\/\" data-orig-file=\"https:\/\/i0.wp.com\/vincentians.com\/fr\/wp-content\/uploads\/sites\/10\/2016\/07\/galopin-livre.jpg?fit=776%2C1200&amp;ssl=1\" data-orig-size=\"776,1200\" data-comments-opened=\"1\" data-image-meta=\"{&quot;aperture&quot;:&quot;0&quot;,&quot;credit&quot;:&quot;&quot;,&quot;camera&quot;:&quot;&quot;,&quot;caption&quot;:&quot;&quot;,&quot;created_timestamp&quot;:&quot;0&quot;,&quot;copyright&quot;:&quot;&quot;,&quot;focal_length&quot;:&quot;0&quot;,&quot;iso&quot;:&quot;0&quot;,&quot;shutter_speed&quot;:&quot;0&quot;,&quot;title&quot;:&quot;&quot;,&quot;orientation&quot;:&quot;1&quot;}\" data-image-title=\"galopin-livre\" data-image-description=\"\" data-image-caption=\"\" data-medium-file=\"https:\/\/i0.wp.com\/vincentians.com\/fr\/wp-content\/uploads\/sites\/10\/2016\/07\/galopin-livre.jpg?fit=194%2C300&amp;ssl=1\" data-large-file=\"https:\/\/i0.wp.com\/vincentians.com\/fr\/wp-content\/uploads\/sites\/10\/2016\/07\/galopin-livre.jpg?fit=662%2C1024&amp;ssl=1\" class=\"alignright wp-image-189804 size-medium\" src=\"https:\/\/i0.wp.com\/vincentians.com\/fr\/wp-content\/uploads\/sites\/10\/2016\/07\/galopin-livre.jpg?resize=194%2C300\" alt=\"galopin-livre\" width=\"194\" height=\"300\" srcset=\"https:\/\/i0.wp.com\/vincentians.com\/fr\/wp-content\/uploads\/sites\/10\/2016\/07\/galopin-livre.jpg?resize=194%2C300&amp;ssl=1 194w, https:\/\/i0.wp.com\/vincentians.com\/fr\/wp-content\/uploads\/sites\/10\/2016\/07\/galopin-livre.jpg?resize=768%2C1188&amp;ssl=1 768w, https:\/\/i0.wp.com\/vincentians.com\/fr\/wp-content\/uploads\/sites\/10\/2016\/07\/galopin-livre.jpg?resize=662%2C1024&amp;ssl=1 662w, https:\/\/i0.wp.com\/vincentians.com\/fr\/wp-content\/uploads\/sites\/10\/2016\/07\/galopin-livre.jpg?resize=65%2C100&amp;ssl=1 65w, https:\/\/i0.wp.com\/vincentians.com\/fr\/wp-content\/uploads\/sites\/10\/2016\/07\/galopin-livre.jpg?resize=100%2C155&amp;ssl=1 100w, https:\/\/i0.wp.com\/vincentians.com\/fr\/wp-content\/uploads\/sites\/10\/2016\/07\/galopin-livre.jpg?w=776&amp;ssl=1 776w\" sizes=\"auto, (max-width: 194px) 100vw, 194px\" \/><\/a>En t\u00eate du premier tome des \u0152uvres com\u00adpl\u00e8tes de A.-F. Ozanam, publi\u00e9es \u00e0 partir de 1855, dans un intervalle de dix ann\u00e9es, on lit, sous la signature de J.-J. Amp\u00e8re, cette d\u00e9cla\u00adration sur le plan et le contenu des volumes :<\/p>\n<p>Les amis d\u2019Ozanam ont la satisfaction de livrer ses \u0152uvres au public. Le succ\u00e8s de la souscription, dont quelques g\u00e9n\u00e9reux Lyonnais ont pris noblement l\u2019ini\u00adtiative, permet d\u2019\u00e9lever \u00e0 sa m\u00e9moire ce monument, le plus digne d\u2019elle. Tout ce qu\u2019il a ex\u00e9cut\u00e9 d\u2019un vaste plan, et une partie de ce qu\u2019il avait con\u00e7u, sera du moins conserv\u00e9. Tant de savoir laborieusement acquis, tant d\u2019efforts pers\u00e9v\u00e9rants, tant d\u2019\u00e2me et de talent ne seront pas perdus ; l\u2019\u0153uvre de cet homme, mort \u00e0 quarante ans, restera pour l\u2019honneur de la science, des lettres et du christianisme.<\/p>\n<p>Une portion de cette \u0153uvre est compl\u00e8tement in\u00e9dite ; le reste \u00e9tait d\u00e9j\u00e0 connu, soit par des travaux consid\u00e9rables qui ne formaient qu\u2019une partie de l\u2019en\u00adsemble embrass\u00e9 par Ozanam, soit par des publica\u00adtions d\u00e9tach\u00e9es \u00e9parses dans diff\u00e9rents recueils, soit enfin par des brochures devenues rares, et qu\u2019il \u00e9tait important de r\u00e9unir, car toutes se rapportent \u00e0 un m\u00eame dessein et offrent comme les aspects d\u2019une m\u00eame pens\u00e9e.<\/p>\n<p>Il semblerait donc que, pour trouver, sinon la Bibliographie, du moins le catalogue d\u00e9taill\u00e9 \u2014 qui en est l\u2019\u00e9bauche \u2014 des \u00e9crits d\u2019Ozanam, l\u2019on n\u2019e\u00fbt qu\u2019\u00e0 consulter la table des mati\u00e8res des \u0152uvres compl\u00e8tes. Cependant, \u00e0 l\u2019examen, cette \u00e9dition r\u00e9v\u00e8le promptement d\u2019importantes autant que nombreuses lacunes : l\u2019ex\u00e9cution n\u2019a r\u00e9pondu que tr\u00e8s incompl\u00e8tement aux inten\u00adtions. Les \u00e9diteurs<span id='easy-footnote-1-189373' class='easy-footnote-margin-adjust'><\/span><span class='easy-footnote'><a href='https:\/\/vincentians.com\/fr\/nouveautes-dans-la-bibliotheque-essai-bibliographie-chronologique-sur-antoine-frederic-ozanam\/#easy-footnote-bottom-1-189373' title='Cf. Pr\u00e9face, p. IX (\u00e9dition de 1855, t. I).'><sup>1<\/sup><\/a><\/span> des manuscrits d\u2019Ozanam, domin\u00e9s surtout par le souci, tout \u00e0 fait louable, d\u2019en reproduire scrupuleusement le texte, se sont acquitt\u00e9s, certes, de leur besogne avec \u00ab le soin minutieux \u00bb, \u00ab la religion \u00bb que m\u00e9ritait la m\u00e9\u00admoire de leur illustre ami ; mais aussi, en de\u00adhors de toute pr\u00e9occupation de chronologie et de bibliographie, qui les e\u00fbt amen\u00e9s, sans nul doute, \u00e0 rechercher un bon nombre de pi\u00e8ces dont on s\u2019explique mal l\u2019absence dans leur re\u00adcueil. N\u00e9gligence regrettable par quoi, en d\u00e9fi\u00adnitive, les \u0152uvres compl\u00e8tes, loin d\u2019offrir ce qu\u2019elles paraissaient promettre, ne forment gu\u00e8\u00adre qu\u2019une collection d\u2019\u0152uvres choisies.<\/p>\n<p>C\u2019est en vue de fournir le moyen de combler tant de f\u00e2cheuses lacunes et pour dresser un in\u00adventaire aussi exact que possible de l\u2019\u0153uvre d\u2019Ozanam que l\u2019on a tent\u00e9 cet Essai de Biblio\u00adgraphie. Il est le fruit de minutieuses et pers\u00e9v\u00e9\u00adrantes recherches, poursuivies pendant de lon\u00adgues ann\u00e9es, \u00e0 travers tous les documents o\u00f9 l\u2019on pouvait supposer que l\u2019auteur avait d\u00e9pos\u00e9 quel\u00adque produit de l\u2019incroyable f\u00e9condit\u00e9 de sa plume.<\/p>\n<p>On a interrog\u00e9 d\u2019abord ses trois principaux biographes : Urbain Legeay (1854), Mgr Ozanam (1879) et Mgr Baunard (1913), qui men\u00adtionnent \u00e7\u00e0 et l\u00e0, le long de leur narration, les ouvrages les plus remarquables et les plus con\u00adnus de leur h\u00e9ros. Ensuite, l\u2019\u00e9tude attentive des Lettres de F. Ozanam \u2014 v\u00e9ritable autobiogra\u00adphie \u2014 m\u2019a mis sur la piste des journaux et revues o\u00f9 il ins\u00e9rait des articles, souvent \u2014 trop souvent \u2014 sous un voile d\u2019anonyme qu\u2019il n\u2019a pas toujours \u00e9t\u00e9 facile de lever. Enfin, le Livre du Centenaire (1913), qui se cl\u00f4t sur une Biblio\u00adgraphie par Corbierre<span id='easy-footnote-2-189373' class='easy-footnote-margin-adjust'><\/span><span class='easy-footnote'><a href='https:\/\/vincentians.com\/fr\/nouveautes-dans-la-bibliotheque-essai-bibliographie-chronologique-sur-antoine-frederic-ozanam\/#easy-footnote-bottom-2-189373' title='Auguste-Joachim Corbierre, oblat b\u00e9n\u00e9dictin (1876- 1930).'><sup>2<\/sup><\/a><\/span> m\u2019a fourni plus d\u2019une indication int\u00e9ressante. Ce dernier travail, le seul du genre, venu \u00e0 ma connaissance jusqu\u2019en 1913, constitue plut\u00f4t une nomenclature qu\u2019une v\u00e9ritable Bibliographie ; il pr\u00e9sente d\u2019ailleurs le double inconv\u00e9nient d\u2019\u00eatre entach\u00e9 de trop nom\u00adbreuses erreurs et fautes d\u2019impression et de m\u00e9\u00adlanger les \u00e9crits d\u2019Ozanam avec ceux que l\u2019on a publi\u00e9s sur Ozanam. Il me sera permis n\u00e9an\u00admoins de rendre hommage \u00e0 la patience et \u00e0 la sagacit\u00e9 de l\u2019auteur de ce pr\u00e9cieux catalogue et de payer un juste tribut d\u2019\u00e9loges \u00e0 sa m\u00e9moire.<\/p>\n<p>En un mot, je me suis appliqu\u00e9 \u00e0 utiliser tous les guides capables de me conduire aux sources d\u2019informations et j\u2019ai rassembl\u00e9 ici les titres de tous les manuscrits et de tous les imprim\u00e9s que j\u2019ai pu recueillir dans mon enqu\u00eate conscien\u00adcieuse.<\/p>\n<p>Pour les manuscrits, le travail m\u2019a \u00e9t\u00e9 singu\u00adli\u00e8rement facilit\u00e9 par une liste des \u00e9crits signa\u00adl\u00e9s au Tribunal canonique, en vue de l\u2019instruc\u00adtion de la Cause de B\u00e9atification. Je suis redevable de cette inappr\u00e9ciable aubaine \u00e0 l\u2019aimable obligeance de M. le chanoine F. Maurer<span id='easy-footnote-3-189373' class='easy-footnote-margin-adjust'><\/span><span class='easy-footnote'><a href='https:\/\/vincentians.com\/fr\/nouveautes-dans-la-bibliotheque-essai-bibliographie-chronologique-sur-antoine-frederic-ozanam\/#easy-footnote-bottom-3-189373' title='Je suis redevable aussi \u00e0 M. le chanoine Maurer de la pr\u00e9cieuse nomenclature des lettres de F. Ozanam, re\u00adcueillies ou in\u00e9dites, que leurs d\u00e9tenteurs ont d\u00e9pos\u00e9es entre ses mains, pour l\u2019examen canonique. M. le chanoine J. Gas\u00adton, vicaire g\u00e9n\u00e9ral, archidiacre de Saint-D\u00e9nis et pr\u00e9sident dudit Tribunal canonique, a eu, lui aussi, la bont\u00e9 de me meltre sous les yeux plusieurs pi\u00e8ces du plus haut int\u00e9r\u00eat ; je le prie d\u2019agr\u00e9er l\u2019hommage de ma tr\u00e8s vive gratitude. \u2014 Les lettres de Fr\u00e9d\u00e9ric Ozanam formeront, l\u2019objet d\u2019une Bibliographie sp\u00e9ciale.'><sup>3<\/sup><\/a><\/span> qui m\u2019a autoris\u00e9 \u00e0 faire \u00e9tat de son document ; je suis heureux de lui en exprimer ici toute ma respectueuse reconnaissance.<\/p>\n<p>Quant \u00e0 la nomenclature des imprim\u00e9s qui constitue le fonds de cet \u00ab Essai \u00bb, on se doute bien qu\u2019elle a exig\u00e9 de patientes investigations, surtout dans les Biblioth\u00e8ques de Paris et de Lyon, les deux villes o\u00f9 Fr\u00e9d\u00e9ric Ozanam a exerc\u00e9 son activit\u00e9 intellectuelle dans les labo\u00adrieuses fonctions du professorat. J\u2019ai fait \u00e9ga\u00adlement de notables trouvailles dans les collec\u00adtions de la Biblioth\u00e8que de Dijon, et je me plais \u00e0 remercier M. Oursel, le distingu\u00e9 conservateur, de son accueil amical.<\/p>\n<p>J\u2019ai cru opportun de r\u00e9partir en trois s\u00e9ries les num\u00e9ros de mon catalogue, parce que ces groupements me paraissent nettement repr\u00e9sen\u00adtatifs de l\u2019\u00e9volution du talent de l\u2019auteur : les compositions de l\u2019\u00e9colier, les essais de l\u2019\u00e9tu\u00addiant, les travaux du Professeur. En quoi je me trouve d\u2019ailleurs en parfaite communaut\u00e9 d\u2019ap\u00adpr\u00e9ciation avec Ozanam qui parle quelque part<span id='easy-footnote-4-189373' class='easy-footnote-margin-adjust'><\/span><span class='easy-footnote'><a href='https:\/\/vincentians.com\/fr\/nouveautes-dans-la-bibliotheque-essai-bibliographie-chronologique-sur-antoine-frederic-ozanam\/#easy-footnote-bottom-4-189373' title='Cf. Lettre du 9 sept. 1852 \u00e0 J.-F. Nourrisson (Th\u00e9de- nat, op. cit., p. 82-85).'><sup>4<\/sup><\/a><\/span> des \u00ab ann\u00e9es de la troisi\u00e8me \u00e9ducation\u2026 celles qui ach\u00e8vent de m\u00fbrir le sens, le go\u00fbt, la f\u00e9condit\u00e9 litt\u00e9raire \u00bb, et supposent, bien enten\u00addu, une premi\u00e8re et une seconde \u00e9ducation, c\u2019est-\u00e0-dire pr\u00e9cis\u00e9ment les \u00e9tapes intellectuelles que je note ici.<\/p>\n<p>On remarquera que, parmi les articles cit\u00e9s, les uns figurent sous la signature d\u2019Ozanam, les au\u00adtres, avec ses simples initiales ; un seul pr\u00e9\u00adsente l\u2019anagramme ing\u00e9nieuse de Manazo de Mi\u00adlan ; d\u2019autres, enfin, assez nombreux, sont ano\u00adnymes. Dans cette cat\u00e9gorie, il importe de dis\u00adtinguer les \u00e9crits dont l\u2019attribution est nette\u00adment douteuse, de ceux o\u00f9 l\u2019authenticit\u00e9 se d\u00e9\u00adcouvre sans peine, ou par des t\u00e9moignages in\u00adtrins\u00e8ques indiscutables, ou par des preuves ex\u00adtrins\u00e8ques absolument p\u00e9remptoires. C\u2019est ainsi, par exemple, que, gr\u00e2ce \u00e0 un \u00ab pr\u00e9cieux volu\u00adme \u00bb<span id='easy-footnote-5-189373' class='easy-footnote-margin-adjust'><\/span><span class='easy-footnote'><a href='https:\/\/vincentians.com\/fr\/nouveautes-dans-la-bibliotheque-essai-bibliographie-chronologique-sur-antoine-frederic-ozanam\/#easy-footnote-bottom-5-189373' title='Cf. Livre du Centenaire, p. 58, note.'><sup>5<\/sup><\/a><\/span>, dit le Recueil de Lallier<span id='easy-footnote-6-189373' class='easy-footnote-margin-adjust'><\/span><span class='easy-footnote'><a href='https:\/\/vincentians.com\/fr\/nouveautes-dans-la-bibliotheque-essai-bibliographie-chronologique-sur-antoine-frederic-ozanam\/#easy-footnote-bottom-6-189373' title='Il s\u2019agit d\u2019un recueil factice form\u00e9 par Fran\u00e7ois Lal\u00adlier, sous ce titre : Recueil d\u2019articles ins\u00e9r\u00e9s dans la Tri\u00adbune catholique et l\u2019Univers religieux (l&lt;sup&gt;re&lt;\/sup&gt; s\u00e9rie) par MM. Ozanam, Lamache, de La Noue, Gorse, Lallier et autres. Il se termine par une \u00ab Table des Articles \u00bb qui donne la nomenclature d\u00e9taill\u00e9e de toutes les pi\u00e8ces publi\u00e9es sans signature dans les deux journaux par ces diff\u00e9rents au\u00adteurs, avec les attributions respectives. J\u2019ai pu consulter ce volume \u00e0 loisir, gr\u00e2ce \u00e0 l\u2019obligeance d\u2019une personne de la famille Lallier qui a mis le plus gracieux empressement \u00e0 me le confier, en m\u00eame temps qu\u2019elle m\u2019ouvrait lib\u00e9rale\u00adment le tr\u00e9sor de ses archives familiales o\u00f9 j\u2019ai eu la per\u00admission de puiser \u00e0 mon gr\u00e9 maints renseignements du plus haut prix. Que M\u00bbe s. P., aimable gardienne de tous ces documents, veuille bien trouver ici, avec l\u2019hommage de mon respect, l\u2019assurance de ma tr\u00e8s vive gratitude.'><sup>6<\/sup><\/a><\/span>, j\u2019ai eu la bonne fortune de pouvoir mettre le nom d\u2019Oza\u00adnam sur une douzaine d\u2019articles tir\u00e9s de la Tri\u00adbune catholique et de l\u2019Univers religieux. Je n\u2019ai fait pr\u00e9c\u00e9der d\u2019un signe de doute \u2014 point d\u2019interrogation \u2014 que les pi\u00e8ces pour lesquelles il n\u2019a pas \u00e9t\u00e9 possible, jusqu\u2019\u00e0 pr\u00e9sent du moins, de produire un t\u00e9moignage formel d\u2019authenti\u00adcit\u00e9, mais qui pr\u00e9sentent cependant, en garantie de leur attribution conjecturale, certains indices d\u2019inspiration et de style par o\u00f9 se d\u00e9c\u00e8lerait la main d\u2019Ozanam. Il faut s\u2019y r\u00e9signer d\u2019ailleurs : tant que l\u2019on ne poss\u00e9dera pas une \u00e9dition com\u00adpl\u00e8te de tout ce qui subsiste de la vaste corres\u00adpondance de l\u2019\u00e9crivain, on doit renoncer \u00e0 des r\u00e9sultats d\u00e9finitifs aussi bien sur sa Biographie que sur sa Bibliographie.<\/p>\n<p>En attendant, et sous le b\u00e9n\u00e9fice de ces r\u00e9ser\u00adves, on s\u2019est efforc\u00e9 de pr\u00e9senter dans ces pages des informations exactement v\u00e9rifi\u00e9es. Pour \u00eatre aussi complet que possible, j\u2019aurais vivement d\u00e9\u00adsir\u00e9 joindre \u00e0 la Bibliographie d\u2019Ozanam une liste chronologique des \u00e9crits sur Ozanam, mais je devais me contenir dans des limites nettement trac\u00e9es, de peur de grossir outre mesure ce pe\u00adtit volume. Car il y a, si l\u2019on peut ainsi dire, toute une litt\u00e9rature sur Ozanam : un nombre consid\u00e9rable d\u2019articles, de discours, d\u2019\u00e9tudes, de pan\u00e9gyriques qui fourniraient la mati\u00e8re d\u2019une copieuse bibliographie sur sa personne et son \u0153uvre<span id='easy-footnote-7-189373' class='easy-footnote-margin-adjust'><\/span><span class='easy-footnote'><a href='https:\/\/vincentians.com\/fr\/nouveautes-dans-la-bibliotheque-essai-bibliographie-chronologique-sur-antoine-frederic-ozanam\/#easy-footnote-bottom-7-189373' title='Cf. Corbierre, Livre du Centenaire, p. 465-479.'><sup>7<\/sup><\/a><\/span>.<\/p>\n<p>Par mani\u00e8re de compensation, j\u2019ai tenu \u00e0 si\u00adgnaler : d\u2019abord, pour ce qui a trait \u00e0 la Bio\u00adgraphie, les principaux historiens d\u2019Ozanam, qui mettent eux-m\u00eames sur la trace des \u00e9crits d\u2019importance secondaire, publi\u00e9s \u00e0 la louange du Chr\u00e9tien, du Professeur, de l\u2019Homme d\u2019\u0153u\u00advres, du Fondateur de la Soci\u00e9t\u00e9 de Saint-Vincent de Paul, ou qui apportent des \u00e9l\u00e9ments in\u00e9dits \u00e0 la trame de sa vie ; puis, la liste des portraits d\u2019Ozanam, son Iconographie sur la toile et sur le marbre. J\u2019ai indiqu\u00e9 enfin, \u00e0 la suite des morceaux les plus saillants, un certain nom\u00adbre de comptes rendus qui en soulignent l\u2019impor\u00adtance ou le retentissement dans les milieux intel\u00adlectuels d\u2019alors. Les traductions de plusieurs li\u00advres et opuscules n\u2019ont pas \u00e9t\u00e9 omises non plus, puisqu\u2019elles fournissent un t\u00e9moignage incon\u00adtestable de la r\u00e9putation du professeur fran\u00e7ais \u00e0 l\u2019\u00e9tranger.<\/p>\n<p>Le lecteur remarquera encore qu\u2019un seul nu\u00adm\u00e9ro d\u2019ordre sert d\u2019\u00e9tiquette \u00e0 tout le Cort\u00e8ge des diff\u00e9rentes \u00e9ditions, traductions et comptes ren\u00addus d\u2019un m\u00eame ouvrage : on a pens\u00e9 faciliter ainsi les recherches et donner une plus juste id\u00e9e de l\u2019\u00e9tendue de l\u2019\u0153uvre d\u2019Ozanam. J\u2019ai cru enfin rendre service en ajoutant, toutes les fois que je l\u2019ai pu, la cote de la Biblioth\u00e8que Nationale ou d\u2019autres collections publiques ou priv\u00e9es, (en reproduisant l\u2019orchestration de la premi\u00e8re pa\u00adge des \u00e9ditions originales qui sont d\u2019une extr\u00eame raret\u00e9.<\/p>\n<p>Cependant, malgr\u00e9 tous mes soins \u00e0 ne lais\u00adser rien \u00e9chapper, je ne puis que reprendre pour mon compte ces paroles d\u2019un ma\u00eetre de la Bi\u00adbliographie<span id='easy-footnote-8-189373' class='easy-footnote-margin-adjust'><\/span><span class='easy-footnote'><a href='https:\/\/vincentians.com\/fr\/nouveautes-dans-la-bibliotheque-essai-bibliographie-chronologique-sur-antoine-frederic-ozanam\/#easy-footnote-bottom-8-189373' title='Ledos (Gabriel), Morceaux choisis et Bibliographie de Lacordaire. Parie, Librairie des Saints-P\u00e8res, 1913, in-12, VIII, 576 p. (cf. p. VI-VII).'><sup>8<\/sup><\/a><\/span> : \u00ab Nous ne saurions nous flatter d\u2019avoir \u00e9t\u00e9 complet ; il y a dans ce travail des lacunes dont nous sommes parfaitement conscient ; il y en a d\u2019autres, sans doute, que l\u2019on pourra relever. Tel qu\u2019il est, nous esp\u00e9rons qu\u2019il pourra rendre des services. \u00bb<\/p>\n<p>Ce timide Essai m\u00e9ritera, je l\u2019esp\u00e8re aussi, l\u2019indulgence de tous ceux qui auront le go\u00fbt de le feuilleter. Ils comprendront qu\u2019un travailleur isol\u00e9 dans les solitudes de la Bresse foresti\u00e8re, loin des grandes biblioth\u00e8ques o\u00f9 il ne lui est gu\u00e8re permis de fr\u00e9quenter qu\u2019\u00e0 de rares inter\u00advalles, est bien excusable de montrer plus d\u2019une d\u00e9faillance dans l\u2019ach\u00e8vement d\u2019un labeur si mi\u00adnutieux.<\/p>\n<p>Au surplus, avant de clore cet Avant-propos d\u00e9j\u00e0 trop prolong\u00e9, il me reste l\u2019agr\u00e9able devoir de m\u2019acquitter de mon mieux de la dette de re\u00adconnaissance contract\u00e9e depuis si longtemps, \u00e0 l\u2019\u00e9gard de toutes les personnes qui m\u2019ont sou\u00adtenu de leur bienveillance et de leurs encoura\u00adgements, qui m\u2019ont aid\u00e9 de leur exp\u00e9rience dans l\u2019accomplissement d\u2019une t\u00e2che qui e\u00fbt d\u00e9pass\u00e9, de toute fa\u00e7on, ma comp\u00e9tence et mes seuls moyens.<\/p>\n<p>Je nommerai d\u2019abord M. Gabriel Ledos, archi\u00adviste pal\u00e9ographe, conservateur adjoint \u00e0 la Bi\u00adblioth\u00e8que Nationale qui, non content de me pro\u00adposer comme guide et comme mod\u00e8le son Essai de Bibliographie lacordairienne<span id='easy-footnote-9-189373' class='easy-footnote-margin-adjust'><\/span><span class='easy-footnote'><a href='https:\/\/vincentians.com\/fr\/nouveautes-dans-la-bibliotheque-essai-bibliographie-chronologique-sur-antoine-frederic-ozanam\/#easy-footnote-bottom-9-189373' title='Ledos (Gabriel), op. cit. (p. 401-476).'><sup>9<\/sup><\/a><\/span> \u2014 un chef- d\u2019\u0153uvre du genre \u2014 a eu l\u2019extr\u00eame bont\u00e9, au milieu de ses absorbantes occupations profes\u00adsionnelles, de r\u00e9viser toutes mes fiches, d\u2019en cor\u00adriger les inexactitudes et de les enrichir des an\u00adnotations les plus pr\u00e9cieuses. Sans l\u2019appui de sa haute comp\u00e9tence, il est bien \u00e9vident que je n\u2019aurais jamais pu conduire cet Essai au point d\u2019exactitude et de pr\u00e9cision o\u00f9 il m\u2019est donn\u00e9 de le pr\u00e9senter aujourd\u2019hui. Que le savant archi\u00adviste veuille bien trouver ici l\u2019hommage de ma profonde et respectueuse reconnaissance ! J\u2019en adresse aussi l\u2019expression \u00e0 M. Andr\u00e9 Jaulme, archiviste pal\u00e9ographe, biblioth\u00e9caire \u00e0 la Bi\u00adblioth\u00e8que Nationale, qui a consenti \u00e0 poursui\u00advre et \u00e0 terminer ce travail ingrat de r\u00e9vision, auquel M. Ledos l\u2019avait pri\u00e9 de mettre la der\u00adni\u00e8re main. C\u2019est \u00e0 ces deux savants que mon Essai est redevable encore des cotes de la Biblio\u00adth\u00e8que Nationale.<\/p>\n<p>Le biblioth\u00e9caire adjoint de l\u2019Institut catholi\u00adque de Paris, M. I \u2019abb\u00e9 Urbain Rouzi\u00e8s, a droit, de son c\u00f4t\u00e9, \u00e0 un juste tribut de gratitude, pour son aimable empressement \u00e0 me d\u00e9couvrir les richesses insoup\u00e7onn\u00e9es de ses collections.<\/p>\n<p>A la Biblioth\u00e8que municipale de Lyon (ancien Archev\u00each\u00e9), j\u2019ai trouv\u00e9 l\u2019accueil le plus favo\u00adrable, et je suis heureux d\u2019assurer M. Joly, le Conservateur des Biblioth\u00e8ques et Archives his\u00adtoriques de la Ville de Lyon, de mon souvenir reconnaissant pour les attentions gracieuses dont il lui a plu de me combler.<\/p>\n<p>La Soci\u00e9t\u00e9 de Saint-Vincent de Paul, attentive \u00e0 mes recherches, a daign\u00e9 s\u2019int\u00e9resser \u00e0 un tra\u00advail entrepris pour la glorification du grand homme de bien qu\u2019elle reconna\u00eet \u00e0 bon droit comme son fondateur. Par l\u2019entremise de son \u00e9minent secr\u00e9taire g\u00e9n\u00e9ral, M. L\u00e9once Celier, archiviste aux Archives nationales, elle m\u2019a prodigu\u00e9 les encouragements et a stimul\u00e9 mon ardeur ; elle a pris sous son patronage cet Essai de Bibliographie. C\u2019est un grand honneur dont je sens tout le prix et auquel je voudrais pou\u00advoir \u00e9galer ici ma reconnaissance. Du moins, je prie M. L\u00e9once Celier d\u2019agr\u00e9er mes tr\u00e8s vifs re\u00admerciements, et je pr\u00e9sente mes hommages res\u00adpectueux \u00e0 M. H. de Verg\u00e9s, le v\u00e9n\u00e9r\u00e9 Pr\u00e9sident de la Soci\u00e9t\u00e9 de Saint-Vincent de Paul, qui a bien voulu me permettre d\u2019inscrire son nom en t\u00eate de ce modeste volume.<\/p>\n<p>Je terminerai par un v\u0153u. \u00ab Les amis et les admirateurs de A.-F. Ozanam \u00bb qui, en 1855, ont publi\u00e9 l\u2019\u00e9dition compl\u00e8te de ses \u0152uvres, \u00ab afin de perp\u00e9tuer l\u2019influence de ses travaux et d\u2019honorer sa m\u00e9moire par ce t\u00e9moignage spontan\u00e9 de reconnaissance et de respect \u00bb<span id='easy-footnote-10-189373' class='easy-footnote-margin-adjust'><\/span><span class='easy-footnote'><a href='https:\/\/vincentians.com\/fr\/nouveautes-dans-la-bibliotheque-essai-bibliographie-chronologique-sur-antoine-frederic-ozanam\/#easy-footnote-bottom-10-189373' title='Cf. \u0152uvres compl\u00e8tes, t. I. D\u00e9dicace.'><sup>10<\/sup><\/a><\/span>, ont laiss\u00e9 apr\u00e8s eux une phalange sans cesse renouvel\u00e9e et sans cesse grossissante d\u2019autres amis et admira\u00adteurs du professeur de Sorbonne. Comme leurs devanciers, ceux d\u2019aujourd\u2019hui sont d\u00e9sireux de prolonger toujours davantage l\u2019influence des travaux d\u2019Ozanam et de glorifier sa m\u00e9moire. Et ils estiment, \u00e0 n\u2019en pas douter, que sa m\u00e9moire serait d\u2019autant mieux honor\u00e9e, et partant son in\u00adfluence d\u2019autant plus grandie et accrue, que ses \u0152uvres seraient plus int\u00e9gralement publi\u00e9es. Puisse ce modeste Essai Bibliographie aider \u00e0 la r\u00e9alisation d\u2019un tel d\u00e9sir, en servant d\u2019amorce \u00e0 une nouvelle \u00e9dition des \u0152uvres de Fr\u00e9d\u00e9ric Ozanam o\u00f9 se d\u00e9tacherait, dans un re\u00adlief plus saisissant, sa personnalit\u00e9, l\u2019une des plus sympathiques et des plus rayonnantes de l\u2019Eglise de France au dix-neuvi\u00e8me si\u00e8cle.<\/p>\n<p><a href=\"https:\/\/i0.wp.com\/vincentians.com\/fr\/wp-content\/uploads\/sites\/10\/2016\/07\/galopin_firma.jpg\"><img data-recalc-dims=\"1\" loading=\"lazy\" decoding=\"async\" data-attachment-id=\"189803\" data-permalink=\"https:\/\/vincentians.com\/fr\/nouveautes-dans-la-bibliotheque-essai-bibliographie-chronologique-sur-antoine-frederic-ozanam\/galopin_firma\/\" data-orig-file=\"https:\/\/i0.wp.com\/vincentians.com\/fr\/wp-content\/uploads\/sites\/10\/2016\/07\/galopin_firma.jpg?fit=250%2C78&amp;ssl=1\" data-orig-size=\"250,78\" data-comments-opened=\"1\" data-image-meta=\"{&quot;aperture&quot;:&quot;0&quot;,&quot;credit&quot;:&quot;&quot;,&quot;camera&quot;:&quot;&quot;,&quot;caption&quot;:&quot;&quot;,&quot;created_timestamp&quot;:&quot;0&quot;,&quot;copyright&quot;:&quot;&quot;,&quot;focal_length&quot;:&quot;0&quot;,&quot;iso&quot;:&quot;0&quot;,&quot;shutter_speed&quot;:&quot;0&quot;,&quot;title&quot;:&quot;&quot;,&quot;orientation&quot;:&quot;1&quot;}\" data-image-title=\"galopin_firma\" data-image-description=\"\" data-image-caption=\"\" data-medium-file=\"https:\/\/i0.wp.com\/vincentians.com\/fr\/wp-content\/uploads\/sites\/10\/2016\/07\/galopin_firma.jpg?fit=250%2C78&amp;ssl=1\" data-large-file=\"https:\/\/i0.wp.com\/vincentians.com\/fr\/wp-content\/uploads\/sites\/10\/2016\/07\/galopin_firma.jpg?fit=250%2C78&amp;ssl=1\" class=\"alignnone size-full wp-image-189803\" src=\"https:\/\/i0.wp.com\/vincentians.com\/fr\/wp-content\/uploads\/sites\/10\/2016\/07\/galopin_firma.jpg?resize=250%2C78\" alt=\"galopin_firma\" width=\"250\" height=\"78\" srcset=\"https:\/\/i0.wp.com\/vincentians.com\/fr\/wp-content\/uploads\/sites\/10\/2016\/07\/galopin_firma.jpg?w=250&amp;ssl=1 250w, https:\/\/i0.wp.com\/vincentians.com\/fr\/wp-content\/uploads\/sites\/10\/2016\/07\/galopin_firma.jpg?resize=100%2C31&amp;ssl=1 100w\" sizes=\"auto, (max-width: 250px) 100vw, 250px\" \/><\/a><\/p>\n<p>Eug. Galopin,<br \/>\nToutenant, par Verdun-eur-le-Doubs (Sa\u00f4ne-et- Loire), le 8 septembre 1931, au soixante-dix- huiti\u00e8me anniversaire de la mort de A.-F. Ozanam.<\/p>\n[wpfilebase tag=file id=100 \/]\n","protected":false},"excerpt":{"rendered":"<p>Avant-propos En t\u00eate du premier tome des \u0152uvres com\u00adpl\u00e8tes de A.-F. Ozanam, publi\u00e9es \u00e0 partir de 1855, dans un intervalle de dix ann\u00e9es, on lit, sous la signature de J.-J. Amp\u00e8re, cette d\u00e9cla\u00adration sur le &#8230; <a href=\"https:\/\/vincentians.com\/fr\/nouveautes-dans-la-bibliotheque-essai-bibliographie-chronologique-sur-antoine-frederic-ozanam\/\" class=\"more-link\">Read More<\/a><\/p>\n","protected":false},"author":4,"featured_media":189793,"comment_status":"open","ping_status":"open","sticky":false,"template":"","format":"standard","meta":{"jetpack_post_was_ever_published":false,"_jetpack_newsletter_access":"","_jetpack_dont_email_post_to_subs":false,"_jetpack_newsletter_tier_id":0,"_jetpack_memberships_contains_paywalled_content":false,"_jetpack_memberships_contains_paid_content":false,"footnotes":"","jetpack_publicize_message":"","jetpack_publicize_feature_enabled":true,"jetpack_social_post_already_shared":true,"jetpack_social_options":{"image_generator_settings":{"template":"highway","default_image_id":0,"font":"","enabled":false},"version":2}},"categories":[11],"tags":[],"class_list":["post-189373","post","type-post","status-publish","format-standard","has-post-thumbnail","hentry","category-frederic-ozanam"],"yoast_head":"<!-- This site is optimized with the Yoast SEO plugin v26.3 - https:\/\/yoast.com\/wordpress\/plugins\/seo\/ -->\n<title>Nouveaut\u00e9s dans la biblioth\u00e8que : Essai De Bibliographie Chronologique Sur Antoine-Fr\u00e9d\u00e9ric Ozanam - Nous Sommes Vincentiens<\/title>\n<meta name=\"robots\" content=\"index, follow, max-snippet:-1, max-image-preview:large, max-video-preview:-1\" \/>\n<link rel=\"canonical\" href=\"http:\/\/vincentians.com\/fr\/nouveautes-dans-la-bibliotheque-essai-bibliographie-chronologique-sur-antoine-frederic-ozanam\/\" \/>\n<meta property=\"og:locale\" content=\"fr_FR\" \/>\n<meta property=\"og:type\" content=\"article\" \/>\n<meta property=\"og:title\" content=\"Nouveaut\u00e9s dans la biblioth\u00e8que : Essai De Bibliographie Chronologique Sur Antoine-Fr\u00e9d\u00e9ric Ozanam - Nous Sommes Vincentiens\" \/>\n<meta property=\"og:description\" content=\"Avant-propos En t\u00eate du premier tome des \u0152uvres com\u00adpl\u00e8tes de A.-F. Ozanam, publi\u00e9es \u00e0 partir de 1855, dans un intervalle de dix ann\u00e9es, on lit, sous la signature de J.-J. Amp\u00e8re, cette d\u00e9cla\u00adration sur le ... Read More\" \/>\n<meta property=\"og:url\" content=\"http:\/\/vincentians.com\/fr\/nouveautes-dans-la-bibliotheque-essai-bibliographie-chronologique-sur-antoine-frederic-ozanam\/\" \/>\n<meta property=\"og:site_name\" content=\"Nous Sommes Vincentiens\" \/>\n<meta property=\"article:publisher\" content=\"https:\/\/www.facebook.com\/WeAreVincentians\/\" \/>\n<meta property=\"article:author\" content=\"https:\/\/www.facebook.com\/JavierChento\" \/>\n<meta property=\"article:published_time\" content=\"2016-07-05T07:04:18+00:00\" \/>\n<meta property=\"article:modified_time\" content=\"2016-07-22T04:20:38+00:00\" \/>\n<meta property=\"og:image\" content=\"https:\/\/i0.wp.com\/vincentians.com\/fr\/wp-content\/uploads\/sites\/10\/2016\/07\/biblio-feat.jpg?fit=3272%2C1718\" \/>\n\t<meta property=\"og:image:width\" content=\"3272\" \/>\n\t<meta property=\"og:image:height\" content=\"1718\" \/>\n\t<meta property=\"og:image:type\" content=\"image\/jpeg\" \/>\n<meta name=\"author\" content=\"Francisco Javier Fern\u00e1ndez Chento\" \/>\n<meta name=\"twitter:card\" content=\"summary_large_image\" \/>\n<meta name=\"twitter:creator\" content=\"@https:\/\/twitter.com\/javierchento\" \/>\n<meta name=\"twitter:site\" content=\"@WeVincentians\" \/>\n<meta name=\"twitter:label1\" content=\"\u00c9crit par\" \/>\n\t<meta name=\"twitter:data1\" content=\"Francisco Javier Fern\u00e1ndez Chento\" \/>\n\t<meta name=\"twitter:label2\" content=\"Dur\u00e9e de lecture estim\u00e9e\" \/>\n\t<meta name=\"twitter:data2\" content=\"15 minutes\" \/>\n<script type=\"application\/ld+json\" class=\"yoast-schema-graph\">{\"@context\":\"https:\/\/schema.org\",\"@graph\":[{\"@type\":\"WebPage\",\"@id\":\"http:\/\/vincentians.com\/fr\/nouveautes-dans-la-bibliotheque-essai-bibliographie-chronologique-sur-antoine-frederic-ozanam\/\",\"url\":\"http:\/\/vincentians.com\/fr\/nouveautes-dans-la-bibliotheque-essai-bibliographie-chronologique-sur-antoine-frederic-ozanam\/\",\"name\":\"Nouveaut\u00e9s dans la biblioth\u00e8que : Essai De Bibliographie Chronologique Sur Antoine-Fr\u00e9d\u00e9ric Ozanam - Nous Sommes Vincentiens\",\"isPartOf\":{\"@id\":\"https:\/\/vincentians.com\/fr\/#website\"},\"primaryImageOfPage\":{\"@id\":\"http:\/\/vincentians.com\/fr\/nouveautes-dans-la-bibliotheque-essai-bibliographie-chronologique-sur-antoine-frederic-ozanam\/#primaryimage\"},\"image\":{\"@id\":\"http:\/\/vincentians.com\/fr\/nouveautes-dans-la-bibliotheque-essai-bibliographie-chronologique-sur-antoine-frederic-ozanam\/#primaryimage\"},\"thumbnailUrl\":\"https:\/\/i0.wp.com\/vincentians.com\/fr\/wp-content\/uploads\/sites\/10\/2016\/07\/biblio-feat.jpg?fit=3272%2C1718&ssl=1\",\"datePublished\":\"2016-07-05T07:04:18+00:00\",\"dateModified\":\"2016-07-22T04:20:38+00:00\",\"author\":{\"@id\":\"https:\/\/vincentians.com\/fr\/#\/schema\/person\/9623ef4d9aa3b2dfb8c061f1499288f2\"},\"breadcrumb\":{\"@id\":\"http:\/\/vincentians.com\/fr\/nouveautes-dans-la-bibliotheque-essai-bibliographie-chronologique-sur-antoine-frederic-ozanam\/#breadcrumb\"},\"inLanguage\":\"fr-FR\",\"potentialAction\":[{\"@type\":\"ReadAction\",\"target\":[\"http:\/\/vincentians.com\/fr\/nouveautes-dans-la-bibliotheque-essai-bibliographie-chronologique-sur-antoine-frederic-ozanam\/\"]}]},{\"@type\":\"ImageObject\",\"inLanguage\":\"fr-FR\",\"@id\":\"http:\/\/vincentians.com\/fr\/nouveautes-dans-la-bibliotheque-essai-bibliographie-chronologique-sur-antoine-frederic-ozanam\/#primaryimage\",\"url\":\"https:\/\/i0.wp.com\/vincentians.com\/fr\/wp-content\/uploads\/sites\/10\/2016\/07\/biblio-feat.jpg?fit=3272%2C1718&ssl=1\",\"contentUrl\":\"https:\/\/i0.wp.com\/vincentians.com\/fr\/wp-content\/uploads\/sites\/10\/2016\/07\/biblio-feat.jpg?fit=3272%2C1718&ssl=1\",\"width\":3272,\"height\":1718},{\"@type\":\"BreadcrumbList\",\"@id\":\"http:\/\/vincentians.com\/fr\/nouveautes-dans-la-bibliotheque-essai-bibliographie-chronologique-sur-antoine-frederic-ozanam\/#breadcrumb\",\"itemListElement\":[{\"@type\":\"ListItem\",\"position\":1,\"name\":\"Portada\",\"item\":\"https:\/\/vincentians.com\/fr\/\"},{\"@type\":\"ListItem\",\"position\":2,\"name\":\"Nouveaut\u00e9s dans la biblioth\u00e8que : Essai De Bibliographie Chronologique Sur Antoine-Fr\u00e9d\u00e9ric Ozanam\"}]},{\"@type\":\"WebSite\",\"@id\":\"https:\/\/vincentians.com\/fr\/#website\",\"url\":\"https:\/\/vincentians.com\/fr\/\",\"name\":\"Nous Sommes Vincentiens\",\"description\":\"Know more to serve more\",\"potentialAction\":[{\"@type\":\"SearchAction\",\"target\":{\"@type\":\"EntryPoint\",\"urlTemplate\":\"https:\/\/vincentians.com\/fr\/?s={search_term_string}\"},\"query-input\":{\"@type\":\"PropertyValueSpecification\",\"valueRequired\":true,\"valueName\":\"search_term_string\"}}],\"inLanguage\":\"fr-FR\"},{\"@type\":\"Person\",\"@id\":\"https:\/\/vincentians.com\/fr\/#\/schema\/person\/9623ef4d9aa3b2dfb8c061f1499288f2\",\"name\":\"Francisco Javier Fern\u00e1ndez Chento\",\"image\":{\"@type\":\"ImageObject\",\"inLanguage\":\"fr-FR\",\"@id\":\"https:\/\/vincentians.com\/fr\/#\/schema\/person\/image\/\",\"url\":\"https:\/\/secure.gravatar.com\/avatar\/497d5cde87b4c3d097d0315953521681ba2cd523ee66e5077c3711f7021e65de?s=96&d=mm&r=g\",\"contentUrl\":\"https:\/\/secure.gravatar.com\/avatar\/497d5cde87b4c3d097d0315953521681ba2cd523ee66e5077c3711f7021e65de?s=96&d=mm&r=g\",\"caption\":\"Francisco Javier Fern\u00e1ndez Chento\"},\"description\":\"Director General y cofundador de La Red de Formaci\u00f3n Vicenciana. Javier es laico vicenciano, afiliado a la Congregaci\u00f3n de la Misi\u00f3n y miembro del Equipo de Misiones Populares de la provincia can\u00f3nica de Zaragoza (Espa\u00f1a) de la Congregaci\u00f3n de la Misi\u00f3n. Graduado en la Universidad Oberta de Catalunya con cuatro grados (Asistente de direcci\u00f3n, Gesti\u00f3n Administrativa, Recursos Humanos y Contabilidad Avanzada). Bil\u00edng\u00fce Espa\u00f1ol\/Ingl\u00e9s. gestiona y mantiene varias p\u00e1ginas web cristianas y vicencianas, incluida including La Red de Formaci\u00f3n Vicenciana, de la que es cofundador. Actualmente es responsable del \u00e1rea de Espa\u00f1ol de .famvin, la Red de Noticias de la Familia Vicenciana. Tambi\u00e9n es m\u00fasico cat\u00f3lico y ha editado varios discos. Es Director General y cofundador de Trovador, una reconocida compa\u00f1\u00eda discogr\u00e1fica critiana de Espa\u00f1a. Trabaja en las Tecnolog\u00edas de la Informaci\u00f3n, ofreciendo servicios de alojamiento, dise\u00f1o y mantenimiento Web, as\u00ed como asesoramiento, formaci\u00f3n y soluciones inform\u00e1ticas, gesti\u00f3n documental y digitalizaci\u00f3n de textos, edici\u00f3n y maquetaci\u00f3n de libros, revistas, flyers, etc.\",\"sameAs\":[\"http:\/\/chento.org\",\"https:\/\/www.facebook.com\/JavierChento\",\"https:\/\/x.com\/https:\/\/twitter.com\/javierchento\"],\"url\":\"https:\/\/vincentians.com\/fr\/author\/chento\/\"}]}<\/script>\n<!-- \/ Yoast SEO plugin. -->","yoast_head_json":{"title":"Nouveaut\u00e9s dans la biblioth\u00e8que : Essai De Bibliographie Chronologique Sur Antoine-Fr\u00e9d\u00e9ric Ozanam - Nous Sommes Vincentiens","robots":{"index":"index","follow":"follow","max-snippet":"max-snippet:-1","max-image-preview":"max-image-preview:large","max-video-preview":"max-video-preview:-1"},"canonical":"http:\/\/vincentians.com\/fr\/nouveautes-dans-la-bibliotheque-essai-bibliographie-chronologique-sur-antoine-frederic-ozanam\/","og_locale":"fr_FR","og_type":"article","og_title":"Nouveaut\u00e9s dans la biblioth\u00e8que : Essai De Bibliographie Chronologique Sur Antoine-Fr\u00e9d\u00e9ric Ozanam - Nous Sommes Vincentiens","og_description":"Avant-propos En t\u00eate du premier tome des \u0152uvres com\u00adpl\u00e8tes de A.-F. Ozanam, publi\u00e9es \u00e0 partir de 1855, dans un intervalle de dix ann\u00e9es, on lit, sous la signature de J.-J. Amp\u00e8re, cette d\u00e9cla\u00adration sur le ... Read More","og_url":"http:\/\/vincentians.com\/fr\/nouveautes-dans-la-bibliotheque-essai-bibliographie-chronologique-sur-antoine-frederic-ozanam\/","og_site_name":"Nous Sommes Vincentiens","article_publisher":"https:\/\/www.facebook.com\/WeAreVincentians\/","article_author":"https:\/\/www.facebook.com\/JavierChento","article_published_time":"2016-07-05T07:04:18+00:00","article_modified_time":"2016-07-22T04:20:38+00:00","og_image":[{"width":3272,"height":1718,"url":"https:\/\/i0.wp.com\/vincentians.com\/fr\/wp-content\/uploads\/sites\/10\/2016\/07\/biblio-feat.jpg?fit=3272%2C1718","type":"image\/jpeg"}],"author":"Francisco Javier Fern\u00e1ndez Chento","twitter_card":"summary_large_image","twitter_creator":"@https:\/\/twitter.com\/javierchento","twitter_site":"@WeVincentians","twitter_misc":{"\u00c9crit par":"Francisco Javier Fern\u00e1ndez Chento","Dur\u00e9e de lecture estim\u00e9e":"15 minutes"},"schema":{"@context":"https:\/\/schema.org","@graph":[{"@type":"WebPage","@id":"http:\/\/vincentians.com\/fr\/nouveautes-dans-la-bibliotheque-essai-bibliographie-chronologique-sur-antoine-frederic-ozanam\/","url":"http:\/\/vincentians.com\/fr\/nouveautes-dans-la-bibliotheque-essai-bibliographie-chronologique-sur-antoine-frederic-ozanam\/","name":"Nouveaut\u00e9s dans la biblioth\u00e8que : Essai De Bibliographie Chronologique Sur Antoine-Fr\u00e9d\u00e9ric Ozanam - Nous Sommes Vincentiens","isPartOf":{"@id":"https:\/\/vincentians.com\/fr\/#website"},"primaryImageOfPage":{"@id":"http:\/\/vincentians.com\/fr\/nouveautes-dans-la-bibliotheque-essai-bibliographie-chronologique-sur-antoine-frederic-ozanam\/#primaryimage"},"image":{"@id":"http:\/\/vincentians.com\/fr\/nouveautes-dans-la-bibliotheque-essai-bibliographie-chronologique-sur-antoine-frederic-ozanam\/#primaryimage"},"thumbnailUrl":"https:\/\/i0.wp.com\/vincentians.com\/fr\/wp-content\/uploads\/sites\/10\/2016\/07\/biblio-feat.jpg?fit=3272%2C1718&ssl=1","datePublished":"2016-07-05T07:04:18+00:00","dateModified":"2016-07-22T04:20:38+00:00","author":{"@id":"https:\/\/vincentians.com\/fr\/#\/schema\/person\/9623ef4d9aa3b2dfb8c061f1499288f2"},"breadcrumb":{"@id":"http:\/\/vincentians.com\/fr\/nouveautes-dans-la-bibliotheque-essai-bibliographie-chronologique-sur-antoine-frederic-ozanam\/#breadcrumb"},"inLanguage":"fr-FR","potentialAction":[{"@type":"ReadAction","target":["http:\/\/vincentians.com\/fr\/nouveautes-dans-la-bibliotheque-essai-bibliographie-chronologique-sur-antoine-frederic-ozanam\/"]}]},{"@type":"ImageObject","inLanguage":"fr-FR","@id":"http:\/\/vincentians.com\/fr\/nouveautes-dans-la-bibliotheque-essai-bibliographie-chronologique-sur-antoine-frederic-ozanam\/#primaryimage","url":"https:\/\/i0.wp.com\/vincentians.com\/fr\/wp-content\/uploads\/sites\/10\/2016\/07\/biblio-feat.jpg?fit=3272%2C1718&ssl=1","contentUrl":"https:\/\/i0.wp.com\/vincentians.com\/fr\/wp-content\/uploads\/sites\/10\/2016\/07\/biblio-feat.jpg?fit=3272%2C1718&ssl=1","width":3272,"height":1718},{"@type":"BreadcrumbList","@id":"http:\/\/vincentians.com\/fr\/nouveautes-dans-la-bibliotheque-essai-bibliographie-chronologique-sur-antoine-frederic-ozanam\/#breadcrumb","itemListElement":[{"@type":"ListItem","position":1,"name":"Portada","item":"https:\/\/vincentians.com\/fr\/"},{"@type":"ListItem","position":2,"name":"Nouveaut\u00e9s dans la biblioth\u00e8que : Essai De Bibliographie Chronologique Sur Antoine-Fr\u00e9d\u00e9ric Ozanam"}]},{"@type":"WebSite","@id":"https:\/\/vincentians.com\/fr\/#website","url":"https:\/\/vincentians.com\/fr\/","name":"Nous Sommes Vincentiens","description":"Know more to serve more","potentialAction":[{"@type":"SearchAction","target":{"@type":"EntryPoint","urlTemplate":"https:\/\/vincentians.com\/fr\/?s={search_term_string}"},"query-input":{"@type":"PropertyValueSpecification","valueRequired":true,"valueName":"search_term_string"}}],"inLanguage":"fr-FR"},{"@type":"Person","@id":"https:\/\/vincentians.com\/fr\/#\/schema\/person\/9623ef4d9aa3b2dfb8c061f1499288f2","name":"Francisco Javier Fern\u00e1ndez Chento","image":{"@type":"ImageObject","inLanguage":"fr-FR","@id":"https:\/\/vincentians.com\/fr\/#\/schema\/person\/image\/","url":"https:\/\/secure.gravatar.com\/avatar\/497d5cde87b4c3d097d0315953521681ba2cd523ee66e5077c3711f7021e65de?s=96&d=mm&r=g","contentUrl":"https:\/\/secure.gravatar.com\/avatar\/497d5cde87b4c3d097d0315953521681ba2cd523ee66e5077c3711f7021e65de?s=96&d=mm&r=g","caption":"Francisco Javier Fern\u00e1ndez Chento"},"description":"Director General y cofundador de La Red de Formaci\u00f3n Vicenciana. Javier es laico vicenciano, afiliado a la Congregaci\u00f3n de la Misi\u00f3n y miembro del Equipo de Misiones Populares de la provincia can\u00f3nica de Zaragoza (Espa\u00f1a) de la Congregaci\u00f3n de la Misi\u00f3n. Graduado en la Universidad Oberta de Catalunya con cuatro grados (Asistente de direcci\u00f3n, Gesti\u00f3n Administrativa, Recursos Humanos y Contabilidad Avanzada). Bil\u00edng\u00fce Espa\u00f1ol\/Ingl\u00e9s. gestiona y mantiene varias p\u00e1ginas web cristianas y vicencianas, incluida including La Red de Formaci\u00f3n Vicenciana, de la que es cofundador. Actualmente es responsable del \u00e1rea de Espa\u00f1ol de .famvin, la Red de Noticias de la Familia Vicenciana. Tambi\u00e9n es m\u00fasico cat\u00f3lico y ha editado varios discos. Es Director General y cofundador de Trovador, una reconocida compa\u00f1\u00eda discogr\u00e1fica critiana de Espa\u00f1a. Trabaja en las Tecnolog\u00edas de la Informaci\u00f3n, ofreciendo servicios de alojamiento, dise\u00f1o y mantenimiento Web, as\u00ed como asesoramiento, formaci\u00f3n y soluciones inform\u00e1ticas, gesti\u00f3n documental y digitalizaci\u00f3n de textos, edici\u00f3n y maquetaci\u00f3n de libros, revistas, flyers, etc.","sameAs":["http:\/\/chento.org","https:\/\/www.facebook.com\/JavierChento","https:\/\/x.com\/https:\/\/twitter.com\/javierchento"],"url":"https:\/\/vincentians.com\/fr\/author\/chento\/"}]}},"jetpack_publicize_connections":[],"jetpack_featured_media_url":"https:\/\/i0.wp.com\/vincentians.com\/fr\/wp-content\/uploads\/sites\/10\/2016\/07\/biblio-feat.jpg?fit=3272%2C1718&ssl=1","jetpack_sharing_enabled":true,"jetpack_shortlink":"https:\/\/wp.me\/p7ETMP-Ngp","jetpack-related-posts":[{"id":98069,"url":"https:\/\/vincentians.com\/fr\/ozanam-et-assise-genese-dun-regard-romantique-sur-le-moyen-age\/","url_meta":{"origin":189373,"position":0},"title":"Ozanam et Assise. Gen\u00e8se d\u2019un regard romantique sur le Moyen Age","author":"Francisco Javier Fern\u00e1ndez Chento","date":"08\/10\/2013","format":false,"excerpt":"\u00a0\u00ab ITALIE. Doit se voir imm\u00e9diatement apr\u00e8s le mariage. \u2013 Donne bien des d\u00e9ceptions, n\u2019est pas si belle qu\u2019on dit . \u00bb Bien des bourgeois du XIXe si\u00e8cle fran\u00e7ais n\u2019ont pas fait mentir Flaubert o\u00f9 l\u2019on aura reconnu un des lieux communs qu\u2019il se pla\u00eet \u00e0 r\u00e9unir dans son Dictionnaire\u2026","rel":"","context":"Dans &quot;Fr\u00e9d\u00e9ric Ozanam&quot;","block_context":{"text":"Fr\u00e9d\u00e9ric Ozanam","link":"https:\/\/vincentians.com\/fr\/category\/the-vincentian-family\/founders\/frederic-ozanam\/"},"img":{"alt_text":"","src":"https:\/\/i0.wp.com\/vincentiens.org\/wp-content\/uploads\/2012\/11\/ozanam-240x300.jpg?resize=350%2C200","width":350,"height":200},"classes":[]},{"id":104395,"url":"https:\/\/vincentians.com\/fr\/frederic-ozanam-lettre-0030-a-auguste-materne\/","url_meta":{"origin":189373,"position":1},"title":"Fr\u00e9d\u00e9ric Ozanam, Lettre 0030. A Auguste Materne","author":"Francisco Javier Fern\u00e1ndez Chento","date":"18\/10\/2016","format":false,"excerpt":"Compte-rendu sur la marche de ses travaux. Lyon, 7 juin 1831. Mon cher ami, J'ai re\u00e7u ton aimable lettre et je m'empresse d'y r\u00e9pondre. Je n'\u00e9tais nullement f\u00e2ch\u00e9 contre toi car je pensais bien que d'excel\u00adlentes raisons te retenaient sans doute, mais je trouvais que nous \u00e9tions tous deux bien\u2026","rel":"","context":"Dans &quot;Lettres de Fr\u00e9d\u00e9ric Ozanam&quot;","block_context":{"text":"Lettres de Fr\u00e9d\u00e9ric Ozanam","link":"https:\/\/vincentians.com\/fr\/category\/lettres-de-frederic-ozanam\/"},"img":{"alt_text":"","src":"https:\/\/i0.wp.com\/vincentians.com\/fr\/wp-content\/uploads\/sites\/10\/2016\/07\/cartas-federico-ozanam.jpg?fit=1200%2C630&ssl=1&resize=350%2C200","width":350,"height":200,"srcset":"https:\/\/i0.wp.com\/vincentians.com\/fr\/wp-content\/uploads\/sites\/10\/2016\/07\/cartas-federico-ozanam.jpg?fit=1200%2C630&ssl=1&resize=350%2C200 1x, https:\/\/i0.wp.com\/vincentians.com\/fr\/wp-content\/uploads\/sites\/10\/2016\/07\/cartas-federico-ozanam.jpg?fit=1200%2C630&ssl=1&resize=525%2C300 1.5x, https:\/\/i0.wp.com\/vincentians.com\/fr\/wp-content\/uploads\/sites\/10\/2016\/07\/cartas-federico-ozanam.jpg?fit=1200%2C630&ssl=1&resize=700%2C400 2x, https:\/\/i0.wp.com\/vincentians.com\/fr\/wp-content\/uploads\/sites\/10\/2016\/07\/cartas-federico-ozanam.jpg?fit=1200%2C630&ssl=1&resize=1050%2C600 3x"},"classes":[]},{"id":48005,"url":"https:\/\/vincentians.com\/fr\/le-pere-jean-leon-le-prevost\/","url_meta":{"origin":189373,"position":2},"title":"Le P\u00e8re Jean-L\u00e9on Le Prevost","author":"Francisco Javier Fern\u00e1ndez Chento","date":"05\/07\/2016","format":false,"excerpt":"I. PR\u00c9CURSEUR DE L'APOSTOLAT DES LA\u00cfCS Il n'est pas inutile de nous attarder sur la vie du fondateur des Fr\u00e8res de Saint Vincent de Paul, le P\u00e8re Jean-L\u00e9on Le Prevost, puisqu'il a \u00e9t\u00e9 l'initiateur d'une authentique action catholique. UNE JEUNESSE LA\u00cfQUE ET ROMANTIQUE Jean-L\u00e9on Le Prevost est n\u00e9 en Normandie\u2026","rel":"","context":"Dans &quot;Religieux de Saint Vincent de Paul&quot;","block_context":{"text":"Religieux de Saint Vincent de Paul","link":"https:\/\/vincentians.com\/fr\/category\/religieux-de-saint-vincent-de-paul\/"},"img":{"alt_text":"","src":"https:\/\/i0.wp.com\/vincentians.com\/fr\/wp-content\/uploads\/sites\/10\/2016\/07\/Prevost.jpg?fit=1200%2C630&ssl=1&resize=350%2C200","width":350,"height":200,"srcset":"https:\/\/i0.wp.com\/vincentians.com\/fr\/wp-content\/uploads\/sites\/10\/2016\/07\/Prevost.jpg?fit=1200%2C630&ssl=1&resize=350%2C200 1x, https:\/\/i0.wp.com\/vincentians.com\/fr\/wp-content\/uploads\/sites\/10\/2016\/07\/Prevost.jpg?fit=1200%2C630&ssl=1&resize=525%2C300 1.5x, https:\/\/i0.wp.com\/vincentians.com\/fr\/wp-content\/uploads\/sites\/10\/2016\/07\/Prevost.jpg?fit=1200%2C630&ssl=1&resize=700%2C400 2x, https:\/\/i0.wp.com\/vincentians.com\/fr\/wp-content\/uploads\/sites\/10\/2016\/07\/Prevost.jpg?fit=1200%2C630&ssl=1&resize=1050%2C600 3x"},"classes":[]},{"id":104895,"url":"https:\/\/vincentians.com\/fr\/frederic-ozanam-et-la-civilisation-de-lamour-i\/","url_meta":{"origin":189373,"position":3},"title":"Fr\u00e9d\u00e9ric Ozanam et la civilisation de l\u2019amour (I)","author":"Francisco Javier Fern\u00e1ndez Chento","date":"06\/12\/2012","format":false,"excerpt":"Pr\u00e9face Ne sommes-nous pas, comme des chr\u00e9tiens des pre\u00admiers temps, jet\u00e9s au milieu d'une civilisation corrompue et d'une soci\u00e9t\u00e9 croulante ?... faibles samaritains, profanes et gens de peu de foi que nous sommes, osons cependant aborder ce grand malade (lettre \u00e0 Curnier, 1835). Fr\u00e9d\u00e9ric Ozanam (1813-1853) est n\u00e9 dans une\u2026","rel":"","context":"Dans &quot;Fr\u00e9d\u00e9ric Ozanam&quot;","block_context":{"text":"Fr\u00e9d\u00e9ric Ozanam","link":"https:\/\/vincentians.com\/fr\/category\/the-vincentian-family\/founders\/frederic-ozanam\/"},"img":{"alt_text":"","src":"https:\/\/i0.wp.com\/vincentiens.org\/wp-content\/uploads\/2012\/11\/Federico-Ozanam-5-205x300.jpg?resize=350%2C200","width":350,"height":200},"classes":[]},{"id":104277,"url":"https:\/\/vincentians.com\/fr\/frederic-ozanam-lettre-0005-a-sa-mere\/","url_meta":{"origin":189373,"position":4},"title":"Fr\u00e9d\u00e9ric Ozanam, Lettre 0005. A sa M\u00e8re","author":"Francisco Javier Fern\u00e1ndez Chento","date":"19\/08\/2016","format":false,"excerpt":"1827. Ch\u00e8re maman, C'est encore cet \u00e9colier \u00e9tourdi, qui vient vous rompre la t\u00eate avec son latin. Prenez-vous-en \u00e0 votre indulgence; vous l'avez accoutum\u00e9 \u00e0 croire que tout ce qu'il fait pour vous peut vous \u00eatre agr\u00e9able. D'ailleurs, il vous paye de sa monnaie. C'est le seul pr\u00e9sent que sa\u2026","rel":"","context":"Dans &quot;Lettres de Fr\u00e9d\u00e9ric Ozanam&quot;","block_context":{"text":"Lettres de Fr\u00e9d\u00e9ric Ozanam","link":"https:\/\/vincentians.com\/fr\/category\/lettres-de-frederic-ozanam\/"},"img":{"alt_text":"","src":"https:\/\/i0.wp.com\/vincentians.com\/fr\/wp-content\/uploads\/sites\/10\/2016\/07\/cartas-federico-ozanam.jpg?fit=1200%2C630&ssl=1&resize=350%2C200","width":350,"height":200,"srcset":"https:\/\/i0.wp.com\/vincentians.com\/fr\/wp-content\/uploads\/sites\/10\/2016\/07\/cartas-federico-ozanam.jpg?fit=1200%2C630&ssl=1&resize=350%2C200 1x, https:\/\/i0.wp.com\/vincentians.com\/fr\/wp-content\/uploads\/sites\/10\/2016\/07\/cartas-federico-ozanam.jpg?fit=1200%2C630&ssl=1&resize=525%2C300 1.5x, https:\/\/i0.wp.com\/vincentians.com\/fr\/wp-content\/uploads\/sites\/10\/2016\/07\/cartas-federico-ozanam.jpg?fit=1200%2C630&ssl=1&resize=700%2C400 2x, https:\/\/i0.wp.com\/vincentians.com\/fr\/wp-content\/uploads\/sites\/10\/2016\/07\/cartas-federico-ozanam.jpg?fit=1200%2C630&ssl=1&resize=1050%2C600 3x"},"classes":[]},{"id":105472,"url":"https:\/\/vincentians.com\/fr\/frederic-ozanam-et-la-civilisation-de-lamour-ix\/","url_meta":{"origin":189373,"position":5},"title":"Fr\u00e9d\u00e9ric Ozanam et la civilisation de l\u2019amour (IX)","author":"Francisco Javier Fern\u00e1ndez Chento","date":"24\/01\/2013","format":false,"excerpt":"Sans se d\u00e9partir de la discr\u00e9tion et de l'humilit\u00e9 que la Soci\u00e9t\u00e9 de Saint-Vincent de Paul doit observer jusque dans ses regrets, Adolphe Baudon marqua par une circu\u00adlaire la perte irr\u00e9parable qu'elle venait de faire. Quant aux amis et aux compagnons de jeunesse, leur douleur ne se cicatrisa point, leur\u2026","rel":"","context":"Dans &quot;Formation Vincentienne&quot;","block_context":{"text":"Formation Vincentienne","link":"https:\/\/vincentians.com\/fr\/category\/formation-vincentienne\/"},"img":{"alt_text":"Federico-Ozanam-5","src":"https:\/\/i0.wp.com\/vincentiens.org\/wp-content\/uploads\/2012\/12\/Federico-Ozanam-5-205x300.jpg?resize=350%2C200","width":350,"height":200},"classes":[]}],"_links":{"self":[{"href":"https:\/\/vincentians.com\/fr\/wp-json\/wp\/v2\/posts\/189373","targetHints":{"allow":["GET"]}}],"collection":[{"href":"https:\/\/vincentians.com\/fr\/wp-json\/wp\/v2\/posts"}],"about":[{"href":"https:\/\/vincentians.com\/fr\/wp-json\/wp\/v2\/types\/post"}],"author":[{"embeddable":true,"href":"https:\/\/vincentians.com\/fr\/wp-json\/wp\/v2\/users\/4"}],"replies":[{"embeddable":true,"href":"https:\/\/vincentians.com\/fr\/wp-json\/wp\/v2\/comments?post=189373"}],"version-history":[{"count":0,"href":"https:\/\/vincentians.com\/fr\/wp-json\/wp\/v2\/posts\/189373\/revisions"}],"wp:featuredmedia":[{"embeddable":true,"href":"https:\/\/vincentians.com\/fr\/wp-json\/wp\/v2\/media\/189793"}],"wp:attachment":[{"href":"https:\/\/vincentians.com\/fr\/wp-json\/wp\/v2\/media?parent=189373"}],"wp:term":[{"taxonomy":"category","embeddable":true,"href":"https:\/\/vincentians.com\/fr\/wp-json\/wp\/v2\/categories?post=189373"},{"taxonomy":"post_tag","embeddable":true,"href":"https:\/\/vincentians.com\/fr\/wp-json\/wp\/v2\/tags?post=189373"}],"curies":[{"name":"wp","href":"https:\/\/api.w.org\/{rel}","templated":true}]}}