{"id":189339,"date":"2017-07-03T00:01:19","date_gmt":"2017-07-02T22:01:19","guid":{"rendered":"http:\/\/vincentians.com\/fr\/?p=189339"},"modified":"2016-08-11T21:58:09","modified_gmt":"2016-08-11T19:58:09","slug":"ephemerides-03-juilliet","status":"publish","type":"post","link":"https:\/\/vincentians.com\/fr\/ephemerides-03-juilliet\/","title":{"rendered":"Eph\u00e9m\u00e9rides: 03 juilliet"},"content":{"rendered":"<p><b>1660<\/b>. Monsieur Vincent, assis dans son fauteuil, accueille les S\u0153urs \u00e0 Saint Lazare pour parler des \u201cvertus de Louise de Marillac\u201d. Avec \u00e9motion, chacune souligne une des vertus qui l\u2019a plus particuli\u00e8rement marqu\u00e9e\u00a0: sa relation \u00e0 Dieu, son humilit\u00e9, sa prudence, sa bont\u00e9, sa pauvret\u00e9. Monsieur Vincent, connaissant les inqui\u00e9tudes des Surs \u00e0 propos de celle qui deviendra responsable de la Compagnie des Filles de la Charit\u00e9, dit simplement\u00a0: \u201cLa question a \u00e9t\u00e9 faite, savoir si l&rsquo;on en chercherait une au dehors, ou si on en prendrait une du corps de votre Compagnie. Dieu a permis, apr\u00e8s beaucoup de pri\u00e8res pour cela, que la r\u00e9solution a \u00e9t\u00e9 d&rsquo;en prendre une parmi vous.\u201d Les S\u0153urs sont invit\u00e9es \u00e0 beaucoup prier Dieu. (C)<\/p>\n<p><b>1699<\/b>. \u00c0 Riom, le procureur de la Confr\u00e9rie des Dames de la Charit\u00e9 signe avec M\u00e8re Julienne Laboue et les S\u0153urs offici\u00e8res le contrat pour l\u2019\u00e9tablissement de deux S\u0153urs pour les malades de la ville. Sont pr\u00e9vus par le contrat la mise \u00e0 disposition d\u2019un logement exon\u00e9r\u00e9 de tout imp\u00f4t et le versement d\u2019indemnit\u00e9s. (C)<\/p>\n<p><b>1932<\/b>. \u00c0 l\u2019infirmerie de la Maison-M\u00e8re, M. Raymond Gleizes meurt, apr\u00e8s avoir donn\u00e9 soixante ans de sa vie \u00e0 la petite Compagnie. N\u00e9 pr\u00e8s de Castelnaudary, il entra chez Saint Vincent apr\u00e8s l\u2019ordination sacerdotale qu\u2019il re\u00e7ut le 19 avril 1870. Ses trente premi\u00e8res ann\u00e9es vincentiennes furent consacr\u00e9es aux grands s\u00e9minaristes de La Rochelle, Nice, Marseille, Oran, Kouba, Tours. En cette derni\u00e8re ville, il fut sup\u00e9rieur et visiteur. En 1902 Li\u00e8ge re\u00e7oit M. Gleizes comme sup\u00e9rieur et directeur des S\u0153urs. Il construit alors, rue Saint-Pierre, l\u2019imposante r\u00e9sidence de style gothique dont il \u00e9tait si fier.<\/p>\n<p><b>1921<\/b>. M. Gleizes sera visiteur de France et peu de temps apr\u00e8s, assistant de la Maison-M\u00e8re. Exemple de r\u00e9gularit\u00e9 et homme de l\u2019ob\u00e9issance, sa vertu la plus ch\u00e8re, M. Gleizes a, en outre, attach\u00e9 indissolublement son nom \u00e0 celui de Jean Le Vacher. Pendant des ann\u00e9es et des ann\u00e9es, avec une \u00e9nergie que sa sant\u00e9 et l\u2019\u00e9tat de ses yeux n\u2019infirm\u00e8rent jamais, il se consacra \u00e0 de patientes recherches sur Jean Le Vacher. Il fallut le talonner pour qu\u2019enfin, en 1914, il f\u00eet para\u00eetre son ouvrage sur le martyr alg\u00e9rien. L\u2019Acad\u00e9mie fran\u00e7aise lui d\u00e9cerna un prix. Inlassable, M. Gleizes constitua le dossier en vue du proc\u00e8s de b\u00e9atification de son h\u00e9ros, lan\u00e7a la c\u00e9l\u00e8bre \u00abImage qui gu\u00e9rit\u00bb et qui devint l\u2019instrument de gr\u00e2ces extraordinaires. L\u2019enthousiasme toujours jeune avec lequel il se consacra \u00e0 cette cause, se transforma en une sorte de fureur passionn\u00e9e. quand on osa mettre en doute la captivit\u00e9 de saint Vincent en Barbarie, et, en 1930, M. Gleizes fit para\u00eetre un ouvrage de riposte. Son \u0153uvre d\u2019historien peut donner prise a la critique\u00a0; par contre, son exemple d\u2019\u00e9nergie et de travail est inattaquable (1).<\/p>\n<p><b>1955<\/b>. \u00c0 Paris, la trente-deuxi\u00e8me Assembl\u00e9e G\u00e9n\u00e9rale \u00e9lit M. F\u00e9lix Contassot comme admoniteur du sup\u00e9rieur g\u00e9n\u00e9ral. Une \u00abGrande Commission\u00bb de six membres est ensuite form\u00e9e\u00a0: son r\u00f4le est de r\u00e9partir les questions \u00e0 traiter, de fixer \u00abl\u2019ordre du jour\u00bb des sessions. Pour \u00e9viter les pertes de temps et parer \u00e0 toute digression dans la discussion, sept commissions sont constitu\u00e9es, dont la comp\u00e9tence est limit\u00e9e \u00e0 l\u2019un des chapitres sous lesquels se groupent les postulats des Assembl\u00e9es provinciales ou les questions soulev\u00e9es par les nouvelles Constitutions. Pour la formation des N\u00f4tres, la commission est pr\u00e9sid\u00e9e par M. Scamps et M. Peters. Celle de droit canon, par M. Lopez et M. Rodgers. Celle des missions, par M. Deymier. M. Godinho pr\u00e9side la commission des S\u00e9minaires\u00a0; M. Tasso, la Liturgie\u00a0; M. Lapalorcia, les R\u00e8glements, et M. Knapik dirige la commission des Paroisses. Le nombre de ces commissions et leur objet disent l\u2019ampleur du travail de la trente-deuxi\u00e8me Assembl\u00e9e (2).<\/p>\n<dl>\n<dd>1) Annales, t. 97, pp. 693-698.<\/dd>\n<dd>2) Annales, t. 119-120, pp. 180.<\/dd>\n<\/dl>\n","protected":false},"excerpt":{"rendered":"<p>1660. Monsieur Vincent, assis dans son fauteuil, accueille les S\u0153urs \u00e0 Saint Lazare pour parler des \u201cvertus de Louise de Marillac\u201d. Avec \u00e9motion, chacune souligne une des vertus qui l\u2019a plus particuli\u00e8rement marqu\u00e9e\u00a0: sa relation &#8230; <a href=\"https:\/\/vincentians.com\/fr\/ephemerides-03-juilliet\/\" class=\"more-link\">Read More<\/a><\/p>\n","protected":false},"author":4,"featured_media":149897,"comment_status":"open","ping_status":"open","sticky":false,"template":"","format":"standard","meta":{"jetpack_post_was_ever_published":false,"_jetpack_newsletter_access":"","_jetpack_dont_email_post_to_subs":false,"_jetpack_newsletter_tier_id":0,"_jetpack_memberships_contains_paywalled_content":false,"_jetpack_memberships_contains_paid_content":false,"footnotes":"","jetpack_publicize_message":"","jetpack_publicize_feature_enabled":true,"jetpack_social_post_already_shared":true,"jetpack_social_options":{"image_generator_settings":{"template":"highway","default_image_id":0,"font":"","enabled":false},"version":2}},"categories":[119],"tags":[],"class_list":["post-189339","post","type-post","status-publish","format-standard","has-post-thumbnail","hentry","category-ephemerides-vincentiens"],"yoast_head":"<!-- This site is optimized with the Yoast SEO plugin v26.3 - https:\/\/yoast.com\/wordpress\/plugins\/seo\/ -->\n<title>Eph\u00e9m\u00e9rides: 03 juilliet - Nous Sommes Vincentiens<\/title>\n<meta name=\"robots\" content=\"index, follow, max-snippet:-1, max-image-preview:large, max-video-preview:-1\" \/>\n<link rel=\"canonical\" href=\"https:\/\/vincentians.com\/fr\/ephemerides-03-juilliet\/\" \/>\n<meta property=\"og:locale\" content=\"fr_FR\" \/>\n<meta property=\"og:type\" content=\"article\" \/>\n<meta property=\"og:title\" content=\"Eph\u00e9m\u00e9rides: 03 juilliet - Nous Sommes Vincentiens\" \/>\n<meta property=\"og:description\" content=\"1660. Monsieur Vincent, assis dans son fauteuil, accueille les S\u0153urs \u00e0 Saint Lazare pour parler des \u201cvertus de Louise de Marillac\u201d. Avec \u00e9motion, chacune souligne une des vertus qui l\u2019a plus particuli\u00e8rement marqu\u00e9e\u00a0: sa relation ... Read More\" \/>\n<meta property=\"og:url\" content=\"https:\/\/vincentians.com\/fr\/ephemerides-03-juilliet\/\" \/>\n<meta property=\"og:site_name\" content=\"Nous Sommes Vincentiens\" \/>\n<meta property=\"article:publisher\" content=\"https:\/\/www.facebook.com\/WeAreVincentians\/\" \/>\n<meta property=\"article:author\" content=\"https:\/\/www.facebook.com\/JavierChento\" \/>\n<meta property=\"article:published_time\" content=\"2017-07-02T22:01:19+00:00\" \/>\n<meta property=\"og:image\" content=\"https:\/\/i0.wp.com\/vincentians.com\/fr\/wp-content\/uploads\/sites\/10\/2016\/07\/ephemerides-fb.jpg?fit=1200%2C630&ssl=1\" \/>\n\t<meta property=\"og:image:width\" content=\"1200\" \/>\n\t<meta property=\"og:image:height\" content=\"630\" \/>\n\t<meta property=\"og:image:type\" content=\"image\/jpeg\" \/>\n<meta name=\"author\" content=\"Francisco Javier Fern\u00e1ndez Chento\" \/>\n<meta name=\"twitter:card\" content=\"summary_large_image\" \/>\n<meta name=\"twitter:creator\" content=\"@https:\/\/twitter.com\/javierchento\" \/>\n<meta name=\"twitter:site\" content=\"@WeVincentians\" \/>\n<meta name=\"twitter:label1\" content=\"\u00c9crit par\" \/>\n\t<meta name=\"twitter:data1\" content=\"Francisco Javier Fern\u00e1ndez Chento\" \/>\n\t<meta name=\"twitter:label2\" content=\"Dur\u00e9e de lecture estim\u00e9e\" \/>\n\t<meta name=\"twitter:data2\" content=\"3 minutes\" \/>\n<script type=\"application\/ld+json\" class=\"yoast-schema-graph\">{\"@context\":\"https:\/\/schema.org\",\"@graph\":[{\"@type\":\"WebPage\",\"@id\":\"https:\/\/vincentians.com\/fr\/ephemerides-03-juilliet\/\",\"url\":\"https:\/\/vincentians.com\/fr\/ephemerides-03-juilliet\/\",\"name\":\"Eph\u00e9m\u00e9rides: 03 juilliet - Nous Sommes Vincentiens\",\"isPartOf\":{\"@id\":\"http:\/\/vincentians.com\/fr\/#website\"},\"primaryImageOfPage\":{\"@id\":\"https:\/\/vincentians.com\/fr\/ephemerides-03-juilliet\/#primaryimage\"},\"image\":{\"@id\":\"https:\/\/vincentians.com\/fr\/ephemerides-03-juilliet\/#primaryimage\"},\"thumbnailUrl\":\"https:\/\/i0.wp.com\/vincentians.com\/fr\/wp-content\/uploads\/sites\/10\/2016\/07\/ephemerides-fb.jpg?fit=1200%2C630&ssl=1\",\"datePublished\":\"2017-07-02T22:01:19+00:00\",\"author\":{\"@id\":\"http:\/\/vincentians.com\/fr\/#\/schema\/person\/9623ef4d9aa3b2dfb8c061f1499288f2\"},\"breadcrumb\":{\"@id\":\"https:\/\/vincentians.com\/fr\/ephemerides-03-juilliet\/#breadcrumb\"},\"inLanguage\":\"fr-FR\",\"potentialAction\":[{\"@type\":\"ReadAction\",\"target\":[\"https:\/\/vincentians.com\/fr\/ephemerides-03-juilliet\/\"]}]},{\"@type\":\"ImageObject\",\"inLanguage\":\"fr-FR\",\"@id\":\"https:\/\/vincentians.com\/fr\/ephemerides-03-juilliet\/#primaryimage\",\"url\":\"https:\/\/i0.wp.com\/vincentians.com\/fr\/wp-content\/uploads\/sites\/10\/2016\/07\/ephemerides-fb.jpg?fit=1200%2C630&ssl=1\",\"contentUrl\":\"https:\/\/i0.wp.com\/vincentians.com\/fr\/wp-content\/uploads\/sites\/10\/2016\/07\/ephemerides-fb.jpg?fit=1200%2C630&ssl=1\",\"width\":1200,\"height\":630},{\"@type\":\"BreadcrumbList\",\"@id\":\"https:\/\/vincentians.com\/fr\/ephemerides-03-juilliet\/#breadcrumb\",\"itemListElement\":[{\"@type\":\"ListItem\",\"position\":1,\"name\":\"Portada\",\"item\":\"http:\/\/vincentians.com\/fr\/\"},{\"@type\":\"ListItem\",\"position\":2,\"name\":\"Eph\u00e9m\u00e9rides: 03 juilliet\"}]},{\"@type\":\"WebSite\",\"@id\":\"http:\/\/vincentians.com\/fr\/#website\",\"url\":\"http:\/\/vincentians.com\/fr\/\",\"name\":\"Nous Sommes Vincentiens\",\"description\":\"Know more to serve more\",\"potentialAction\":[{\"@type\":\"SearchAction\",\"target\":{\"@type\":\"EntryPoint\",\"urlTemplate\":\"http:\/\/vincentians.com\/fr\/?s={search_term_string}\"},\"query-input\":{\"@type\":\"PropertyValueSpecification\",\"valueRequired\":true,\"valueName\":\"search_term_string\"}}],\"inLanguage\":\"fr-FR\"},{\"@type\":\"Person\",\"@id\":\"http:\/\/vincentians.com\/fr\/#\/schema\/person\/9623ef4d9aa3b2dfb8c061f1499288f2\",\"name\":\"Francisco Javier Fern\u00e1ndez Chento\",\"image\":{\"@type\":\"ImageObject\",\"inLanguage\":\"fr-FR\",\"@id\":\"http:\/\/vincentians.com\/fr\/#\/schema\/person\/image\/\",\"url\":\"https:\/\/secure.gravatar.com\/avatar\/497d5cde87b4c3d097d0315953521681ba2cd523ee66e5077c3711f7021e65de?s=96&d=mm&r=g\",\"contentUrl\":\"https:\/\/secure.gravatar.com\/avatar\/497d5cde87b4c3d097d0315953521681ba2cd523ee66e5077c3711f7021e65de?s=96&d=mm&r=g\",\"caption\":\"Francisco Javier Fern\u00e1ndez Chento\"},\"description\":\"Director General y cofundador de La Red de Formaci\u00f3n Vicenciana. Javier es laico vicenciano, afiliado a la Congregaci\u00f3n de la Misi\u00f3n y miembro del Equipo de Misiones Populares de la provincia can\u00f3nica de Zaragoza (Espa\u00f1a) de la Congregaci\u00f3n de la Misi\u00f3n. Graduado en la Universidad Oberta de Catalunya con cuatro grados (Asistente de direcci\u00f3n, Gesti\u00f3n Administrativa, Recursos Humanos y Contabilidad Avanzada). Bil\u00edng\u00fce Espa\u00f1ol\/Ingl\u00e9s. gestiona y mantiene varias p\u00e1ginas web cristianas y vicencianas, incluida including La Red de Formaci\u00f3n Vicenciana, de la que es cofundador. Actualmente es responsable del \u00e1rea de Espa\u00f1ol de .famvin, la Red de Noticias de la Familia Vicenciana. Tambi\u00e9n es m\u00fasico cat\u00f3lico y ha editado varios discos. Es Director General y cofundador de Trovador, una reconocida compa\u00f1\u00eda discogr\u00e1fica critiana de Espa\u00f1a. Trabaja en las Tecnolog\u00edas de la Informaci\u00f3n, ofreciendo servicios de alojamiento, dise\u00f1o y mantenimiento Web, as\u00ed como asesoramiento, formaci\u00f3n y soluciones inform\u00e1ticas, gesti\u00f3n documental y digitalizaci\u00f3n de textos, edici\u00f3n y maquetaci\u00f3n de libros, revistas, flyers, etc.\",\"sameAs\":[\"http:\/\/chento.org\",\"https:\/\/www.facebook.com\/JavierChento\",\"https:\/\/x.com\/https:\/\/twitter.com\/javierchento\"],\"url\":\"https:\/\/vincentians.com\/fr\/author\/chento\/\"}]}<\/script>\n<!-- \/ Yoast SEO plugin. -->","yoast_head_json":{"title":"Eph\u00e9m\u00e9rides: 03 juilliet - Nous Sommes Vincentiens","robots":{"index":"index","follow":"follow","max-snippet":"max-snippet:-1","max-image-preview":"max-image-preview:large","max-video-preview":"max-video-preview:-1"},"canonical":"https:\/\/vincentians.com\/fr\/ephemerides-03-juilliet\/","og_locale":"fr_FR","og_type":"article","og_title":"Eph\u00e9m\u00e9rides: 03 juilliet - Nous Sommes Vincentiens","og_description":"1660. Monsieur Vincent, assis dans son fauteuil, accueille les S\u0153urs \u00e0 Saint Lazare pour parler des \u201cvertus de Louise de Marillac\u201d. Avec \u00e9motion, chacune souligne une des vertus qui l\u2019a plus particuli\u00e8rement marqu\u00e9e\u00a0: sa relation ... Read More","og_url":"https:\/\/vincentians.com\/fr\/ephemerides-03-juilliet\/","og_site_name":"Nous Sommes Vincentiens","article_publisher":"https:\/\/www.facebook.com\/WeAreVincentians\/","article_author":"https:\/\/www.facebook.com\/JavierChento","article_published_time":"2017-07-02T22:01:19+00:00","og_image":[{"width":1200,"height":630,"url":"https:\/\/i0.wp.com\/vincentians.com\/fr\/wp-content\/uploads\/sites\/10\/2016\/07\/ephemerides-fb.jpg?fit=1200%2C630&ssl=1","type":"image\/jpeg"}],"author":"Francisco Javier Fern\u00e1ndez Chento","twitter_card":"summary_large_image","twitter_creator":"@https:\/\/twitter.com\/javierchento","twitter_site":"@WeVincentians","twitter_misc":{"\u00c9crit par":"Francisco Javier Fern\u00e1ndez Chento","Dur\u00e9e de lecture estim\u00e9e":"3 minutes"},"schema":{"@context":"https:\/\/schema.org","@graph":[{"@type":"WebPage","@id":"https:\/\/vincentians.com\/fr\/ephemerides-03-juilliet\/","url":"https:\/\/vincentians.com\/fr\/ephemerides-03-juilliet\/","name":"Eph\u00e9m\u00e9rides: 03 juilliet - Nous Sommes Vincentiens","isPartOf":{"@id":"http:\/\/vincentians.com\/fr\/#website"},"primaryImageOfPage":{"@id":"https:\/\/vincentians.com\/fr\/ephemerides-03-juilliet\/#primaryimage"},"image":{"@id":"https:\/\/vincentians.com\/fr\/ephemerides-03-juilliet\/#primaryimage"},"thumbnailUrl":"https:\/\/i0.wp.com\/vincentians.com\/fr\/wp-content\/uploads\/sites\/10\/2016\/07\/ephemerides-fb.jpg?fit=1200%2C630&ssl=1","datePublished":"2017-07-02T22:01:19+00:00","author":{"@id":"http:\/\/vincentians.com\/fr\/#\/schema\/person\/9623ef4d9aa3b2dfb8c061f1499288f2"},"breadcrumb":{"@id":"https:\/\/vincentians.com\/fr\/ephemerides-03-juilliet\/#breadcrumb"},"inLanguage":"fr-FR","potentialAction":[{"@type":"ReadAction","target":["https:\/\/vincentians.com\/fr\/ephemerides-03-juilliet\/"]}]},{"@type":"ImageObject","inLanguage":"fr-FR","@id":"https:\/\/vincentians.com\/fr\/ephemerides-03-juilliet\/#primaryimage","url":"https:\/\/i0.wp.com\/vincentians.com\/fr\/wp-content\/uploads\/sites\/10\/2016\/07\/ephemerides-fb.jpg?fit=1200%2C630&ssl=1","contentUrl":"https:\/\/i0.wp.com\/vincentians.com\/fr\/wp-content\/uploads\/sites\/10\/2016\/07\/ephemerides-fb.jpg?fit=1200%2C630&ssl=1","width":1200,"height":630},{"@type":"BreadcrumbList","@id":"https:\/\/vincentians.com\/fr\/ephemerides-03-juilliet\/#breadcrumb","itemListElement":[{"@type":"ListItem","position":1,"name":"Portada","item":"http:\/\/vincentians.com\/fr\/"},{"@type":"ListItem","position":2,"name":"Eph\u00e9m\u00e9rides: 03 juilliet"}]},{"@type":"WebSite","@id":"http:\/\/vincentians.com\/fr\/#website","url":"http:\/\/vincentians.com\/fr\/","name":"Nous Sommes Vincentiens","description":"Know more to serve more","potentialAction":[{"@type":"SearchAction","target":{"@type":"EntryPoint","urlTemplate":"http:\/\/vincentians.com\/fr\/?s={search_term_string}"},"query-input":{"@type":"PropertyValueSpecification","valueRequired":true,"valueName":"search_term_string"}}],"inLanguage":"fr-FR"},{"@type":"Person","@id":"http:\/\/vincentians.com\/fr\/#\/schema\/person\/9623ef4d9aa3b2dfb8c061f1499288f2","name":"Francisco Javier Fern\u00e1ndez Chento","image":{"@type":"ImageObject","inLanguage":"fr-FR","@id":"http:\/\/vincentians.com\/fr\/#\/schema\/person\/image\/","url":"https:\/\/secure.gravatar.com\/avatar\/497d5cde87b4c3d097d0315953521681ba2cd523ee66e5077c3711f7021e65de?s=96&d=mm&r=g","contentUrl":"https:\/\/secure.gravatar.com\/avatar\/497d5cde87b4c3d097d0315953521681ba2cd523ee66e5077c3711f7021e65de?s=96&d=mm&r=g","caption":"Francisco Javier Fern\u00e1ndez Chento"},"description":"Director General y cofundador de La Red de Formaci\u00f3n Vicenciana. Javier es laico vicenciano, afiliado a la Congregaci\u00f3n de la Misi\u00f3n y miembro del Equipo de Misiones Populares de la provincia can\u00f3nica de Zaragoza (Espa\u00f1a) de la Congregaci\u00f3n de la Misi\u00f3n. Graduado en la Universidad Oberta de Catalunya con cuatro grados (Asistente de direcci\u00f3n, Gesti\u00f3n Administrativa, Recursos Humanos y Contabilidad Avanzada). Bil\u00edng\u00fce Espa\u00f1ol\/Ingl\u00e9s. gestiona y mantiene varias p\u00e1ginas web cristianas y vicencianas, incluida including La Red de Formaci\u00f3n Vicenciana, de la que es cofundador. Actualmente es responsable del \u00e1rea de Espa\u00f1ol de .famvin, la Red de Noticias de la Familia Vicenciana. Tambi\u00e9n es m\u00fasico cat\u00f3lico y ha editado varios discos. Es Director General y cofundador de Trovador, una reconocida compa\u00f1\u00eda discogr\u00e1fica critiana de Espa\u00f1a. Trabaja en las Tecnolog\u00edas de la Informaci\u00f3n, ofreciendo servicios de alojamiento, dise\u00f1o y mantenimiento Web, as\u00ed como asesoramiento, formaci\u00f3n y soluciones inform\u00e1ticas, gesti\u00f3n documental y digitalizaci\u00f3n de textos, edici\u00f3n y maquetaci\u00f3n de libros, revistas, flyers, etc.","sameAs":["http:\/\/chento.org","https:\/\/www.facebook.com\/JavierChento","https:\/\/x.com\/https:\/\/twitter.com\/javierchento"],"url":"https:\/\/vincentians.com\/fr\/author\/chento\/"}]}},"jetpack_publicize_connections":[],"jetpack_featured_media_url":"https:\/\/i0.wp.com\/vincentians.com\/fr\/wp-content\/uploads\/sites\/10\/2016\/07\/ephemerides-fb.jpg?fit=1200%2C630&ssl=1","jetpack_sharing_enabled":true,"jetpack_shortlink":"https:\/\/wp.me\/p7ETMP-NfR","jetpack-related-posts":[{"id":38477,"url":"https:\/\/vincentians.com\/fr\/le-directeur-provincial-animateur-des-filles-de-la-charite\/","url_meta":{"origin":189339,"position":0},"title":"Le Directeur Provincial \u201canimateur\u201d des Filles de la Charit\u00e9","author":"Francisco Javier Fern\u00e1ndez Chento","date":"03\/10\/2012","format":false,"excerpt":"Dans les Constitutions des Filles de la Charit\u00e9, nous trouvons \u00e0 l\u2019article 3.38: le Directeur Provincial est un pr\u00eatre de la Congr\u00e9gation de la Mission, nomm\u00e9 par le Sup\u00e9rieur G\u00e9n\u00e9ral; \u201cil partage avec la Visitatrice et son Conseil la responsabilit\u00e9 de promouvoir l\u2019esprit vincentien dans la Province\u201d Missionnaire, le directeur\u2026","rel":"","context":"Dans &quot;Congr\u00e9gation de la Mission&quot;","block_context":{"text":"Congr\u00e9gation de la Mission","link":"https:\/\/vincentians.com\/fr\/category\/congregation-de-la-mission\/"},"img":{"alt_text":"","src":"https:\/\/i0.wp.com\/vincentiens.org\/wp-content\/uploads\/2011\/05\/filles_charite-228x300.jpg?resize=350%2C200","width":350,"height":200},"classes":[]},{"id":39762,"url":"https:\/\/vincentians.com\/fr\/lidentite-de-la-fille-de-la-charite-elements-caracteristiques-et-distinctifs-comment-la-fdlc-peut-elle-la-vivre-aujourdhui\/","url_meta":{"origin":189339,"position":1},"title":"L\u2019identit\u00e9 de la Fille de la Charit\u00e9: \u00c9l\u00e9ments caract\u00e9ristiques et distinctifs. Comment la FdlC peut-elle la vivre aujourd\u2019hui?","author":"Francisco Javier Fern\u00e1ndez Chento","date":"05\/10\/2012","format":false,"excerpt":"Introduction Aujourd\u2019hui, les id\u00e9ologies rationalistes et totalitaires sont en partie tomb\u00e9es, et les grands progr\u00e8s scientifiques et techniques r\u00e9alis\u00e9s offrent sans aucun doute \u00e0 notre monde d\u2019immenses possibilit\u00e9s. Les progr\u00e8s mat\u00e9riels donnent lieu \u00e0 l\u2019am\u00e9lioration des conditions de vie de l\u2019humanit\u00e9 dans diff\u00e9rents domaines de la sant\u00e9, de l\u2019\u00e9ducation et\u2026","rel":"","context":"Dans &quot;Filles de la Charit\u00e9&quot;","block_context":{"text":"Filles de la Charit\u00e9","link":"https:\/\/vincentians.com\/fr\/category\/filles-de-la-charite\/"},"img":{"alt_text":"","src":"https:\/\/i0.wp.com\/vincentiens.org\/wp-content\/uploads\/2011\/05\/cruz_sv-212x300.jpg?resize=350%2C200","width":350,"height":200},"classes":[]},{"id":52061,"url":"https:\/\/vincentians.com\/fr\/saint-vincent-de-paul-et-sa-mission-sociale-iv-le-saint\/","url_meta":{"origin":189339,"position":2},"title":"Saint Vincent De Paul Et Sa Mission Sociale. IV &#8211; Le Saint","author":"Francisco Javier Fern\u00e1ndez Chento","date":"28\/12\/2014","format":false,"excerpt":"La charit\u00e9 ; ses sources, ses effets. \u2014 Foi, humilit\u00e9, douceur de Vincent de Paul. \u2014 Traits de ses vertus. \u2014 Les miracles. \u2014 La vision des deux globes. \u2014 La journ\u00e9e de Vincent ; occupations et aust\u00e9rit\u00e9s. \u2014 Les derniers temps de sa vie. \u2014 Mort et canonisation. \u2014\u2026","rel":"","context":"Dans &quot;Vincent de Paul&quot;","block_context":{"text":"Vincent de Paul","link":"https:\/\/vincentians.com\/fr\/category\/the-vincentian-family\/founders\/vincent-de-paul\/"},"img":{"alt_text":"","src":"https:\/\/i0.wp.com\/vincentians.com\/fr\/wp-content\/uploads\/sites\/10\/2016\/07\/vincent-et-sa-action-sociale.jpg?fit=1160%2C630&ssl=1&resize=350%2C200","width":350,"height":200,"srcset":"https:\/\/i0.wp.com\/vincentians.com\/fr\/wp-content\/uploads\/sites\/10\/2016\/07\/vincent-et-sa-action-sociale.jpg?fit=1160%2C630&ssl=1&resize=350%2C200 1x, https:\/\/i0.wp.com\/vincentians.com\/fr\/wp-content\/uploads\/sites\/10\/2016\/07\/vincent-et-sa-action-sociale.jpg?fit=1160%2C630&ssl=1&resize=525%2C300 1.5x, https:\/\/i0.wp.com\/vincentians.com\/fr\/wp-content\/uploads\/sites\/10\/2016\/07\/vincent-et-sa-action-sociale.jpg?fit=1160%2C630&ssl=1&resize=700%2C400 2x, https:\/\/i0.wp.com\/vincentians.com\/fr\/wp-content\/uploads\/sites\/10\/2016\/07\/vincent-et-sa-action-sociale.jpg?fit=1160%2C630&ssl=1&resize=1050%2C600 3x"},"classes":[]},{"id":38183,"url":"https:\/\/vincentians.com\/fr\/sainte-louise-et-saint-vincent\/","url_meta":{"origin":189339,"position":3},"title":"Sainte Louise et Saint Vincent","author":"Francisco Javier Fern\u00e1ndez Chento","date":"01\/10\/2012","format":false,"excerpt":"Comme chaque ann\u00e9e d\u00e9sormais, la f\u00eate, de Saint Vincent de Paul est c\u00e9l\u00e9br\u00e9e sur trois journ\u00e9es cons\u00e9cutives au berceau. L'Eucharistie de cette ann\u00e9e a \u00e9t\u00e9 c\u00e9l\u00e9br\u00e9e par Mgr Sarrab\u00e8re, anim\u00e9e par le P. Christian Laboure. De nombreux amis entouraient \"les r\u00e9sidants\" dont une d\u00e9l\u00e9gation volontaire de 120 jeunes gens du\u2026","rel":"","context":"Dans &quot;Formation Vincentienne&quot;","block_context":{"text":"Formation Vincentienne","link":"https:\/\/vincentians.com\/fr\/category\/formation-vincentienne\/"},"img":{"alt_text":"","src":"https:\/\/i0.wp.com\/vincentiens.org\/wp-content\/uploads\/2011\/05\/StainedGlassStVincentLouise-140x300.jpg?resize=350%2C200","width":350,"height":200},"classes":[]},{"id":52038,"url":"https:\/\/vincentians.com\/fr\/saint-vincent-de-paul-et-sa-mission-sociale-ii-les-oeuvres-3\/","url_meta":{"origin":189339,"position":4},"title":"Saint Vincent De Paul Et Sa Mission Sociale. II &#8211; Les \u0152uvres (3)","author":"Francisco Javier Fern\u00e1ndez Chento","date":"23\/12\/2014","format":false,"excerpt":"LA S\u0152UR DE CHARIT\u00c9. \u2014 Mademoiselle Le Gras et Vincent de Paul. \u2014 Premiers rapports ; premi\u00e8res \u0153uvres. \u2014 Institution des Filles de la Charit\u00e9, servantes des pauvres. \u2014 Une nouvelle religieuse. \u2014 Conf\u00e9rences. \u2014 R\u00e8gles. \u2014 L\u2019H\u00f4tel de Rambouillet et l\u2019H\u00f4tel-Dieu. \u2014 Les Dames de la Charit\u00e9. Madame Goussault.\u2026","rel":"","context":"Dans &quot;Vincent de Paul&quot;","block_context":{"text":"Vincent de Paul","link":"https:\/\/vincentians.com\/fr\/category\/the-vincentian-family\/founders\/vincent-de-paul\/"},"img":{"alt_text":"","src":"https:\/\/i0.wp.com\/vincentians.com\/fr\/wp-content\/uploads\/sites\/10\/2016\/07\/vincent-et-sa-action-sociale.jpg?fit=1160%2C630&ssl=1&resize=350%2C200","width":350,"height":200,"srcset":"https:\/\/i0.wp.com\/vincentians.com\/fr\/wp-content\/uploads\/sites\/10\/2016\/07\/vincent-et-sa-action-sociale.jpg?fit=1160%2C630&ssl=1&resize=350%2C200 1x, https:\/\/i0.wp.com\/vincentians.com\/fr\/wp-content\/uploads\/sites\/10\/2016\/07\/vincent-et-sa-action-sociale.jpg?fit=1160%2C630&ssl=1&resize=525%2C300 1.5x, https:\/\/i0.wp.com\/vincentians.com\/fr\/wp-content\/uploads\/sites\/10\/2016\/07\/vincent-et-sa-action-sociale.jpg?fit=1160%2C630&ssl=1&resize=700%2C400 2x, https:\/\/i0.wp.com\/vincentians.com\/fr\/wp-content\/uploads\/sites\/10\/2016\/07\/vincent-et-sa-action-sociale.jpg?fit=1160%2C630&ssl=1&resize=1050%2C600 3x"},"classes":[]},{"id":190408,"url":"https:\/\/vincentians.com\/fr\/ephemerides-19-avril\/","url_meta":{"origin":189339,"position":5},"title":"Eph\u00e9m\u00e9rides : 19 avril","author":"Francisco Javier Fern\u00e1ndez Chento","date":"19\/04\/2017","format":false,"excerpt":"1617. \u00c0 Lyon, dans la maison de l'Oratoire, Jean Lourdelot, cur\u00e9 de Ch\u00e2tillon, r\u00e9signe sa cure. Monsieur Vincent y sera nomm\u00e9 le 29 juillet suivant (1). 1650. Conf\u00e9rence de saint Vincent aux premi\u00e8res Soeurs\u00a0: \"Ce que les Filles de la Charit\u00e9 doivent faire quand elles sont hors de la Maison,\u2026","rel":"","context":"Dans &quot;\u00c9ph\u00e9m\u00e9rides vincentiens&quot;","block_context":{"text":"\u00c9ph\u00e9m\u00e9rides vincentiens","link":"https:\/\/vincentians.com\/fr\/category\/ephemerides-vincentiens\/"},"img":{"alt_text":"","src":"https:\/\/i0.wp.com\/vincentians.com\/fr\/wp-content\/uploads\/sites\/10\/2016\/07\/ephemerides-fb.jpg?fit=1200%2C630&ssl=1&resize=350%2C200","width":350,"height":200,"srcset":"https:\/\/i0.wp.com\/vincentians.com\/fr\/wp-content\/uploads\/sites\/10\/2016\/07\/ephemerides-fb.jpg?fit=1200%2C630&ssl=1&resize=350%2C200 1x, https:\/\/i0.wp.com\/vincentians.com\/fr\/wp-content\/uploads\/sites\/10\/2016\/07\/ephemerides-fb.jpg?fit=1200%2C630&ssl=1&resize=525%2C300 1.5x, https:\/\/i0.wp.com\/vincentians.com\/fr\/wp-content\/uploads\/sites\/10\/2016\/07\/ephemerides-fb.jpg?fit=1200%2C630&ssl=1&resize=700%2C400 2x, https:\/\/i0.wp.com\/vincentians.com\/fr\/wp-content\/uploads\/sites\/10\/2016\/07\/ephemerides-fb.jpg?fit=1200%2C630&ssl=1&resize=1050%2C600 3x"},"classes":[]}],"_links":{"self":[{"href":"https:\/\/vincentians.com\/fr\/wp-json\/wp\/v2\/posts\/189339","targetHints":{"allow":["GET"]}}],"collection":[{"href":"https:\/\/vincentians.com\/fr\/wp-json\/wp\/v2\/posts"}],"about":[{"href":"https:\/\/vincentians.com\/fr\/wp-json\/wp\/v2\/types\/post"}],"author":[{"embeddable":true,"href":"https:\/\/vincentians.com\/fr\/wp-json\/wp\/v2\/users\/4"}],"replies":[{"embeddable":true,"href":"https:\/\/vincentians.com\/fr\/wp-json\/wp\/v2\/comments?post=189339"}],"version-history":[{"count":0,"href":"https:\/\/vincentians.com\/fr\/wp-json\/wp\/v2\/posts\/189339\/revisions"}],"wp:featuredmedia":[{"embeddable":true,"href":"https:\/\/vincentians.com\/fr\/wp-json\/wp\/v2\/media\/149897"}],"wp:attachment":[{"href":"https:\/\/vincentians.com\/fr\/wp-json\/wp\/v2\/media?parent=189339"}],"wp:term":[{"taxonomy":"category","embeddable":true,"href":"https:\/\/vincentians.com\/fr\/wp-json\/wp\/v2\/categories?post=189339"},{"taxonomy":"post_tag","embeddable":true,"href":"https:\/\/vincentians.com\/fr\/wp-json\/wp\/v2\/tags?post=189339"}],"curies":[{"name":"wp","href":"https:\/\/api.w.org\/{rel}","templated":true}]}}