{"id":189334,"date":"2017-07-04T00:01:20","date_gmt":"2017-07-03T22:01:20","guid":{"rendered":"http:\/\/vincentians.com\/fr\/?p=189334"},"modified":"2016-08-11T21:57:59","modified_gmt":"2016-08-11T19:57:59","slug":"ephemerides-04-juilliet","status":"publish","type":"post","link":"https:\/\/vincentians.com\/fr\/ephemerides-04-juilliet\/","title":{"rendered":"Eph\u00e9m\u00e9rides: 04 juilliet"},"content":{"rendered":"<p><b>1642<\/b>. Dans son comt\u00e9 de l\u2019Agenois et du Condomois, la duchesse d\u2019Aiguillon \u00e9tablit les Pr\u00eatres de la Mission (1).<\/p>\n<p><b>1714<\/b>. La M\u00e8re Jeanne Chevreau et les trois S\u0153urs offici\u00e8res, ainsi que Monsieur de Chevremont, le directeur des Filles de la Charit\u00e9, signent avec la mar\u00e9chale de Bellefond le contrat de r\u00e9siliation de l\u2019\u00e9tablissement de l\u2019Isle Jourdain. Depuis plus de deux ans, les rentes ne sont plus vers\u00e9es, les S\u0153urs sont accus\u00e9es de mal g\u00e9rer les fonds re\u00e7us. La mar\u00e9chale est contrainte de verser les arr\u00e9rages. (C)<\/p>\n<p><b>1873<\/b>. \u00c0 Berlin, le Reichstag \u00e9met un d\u00e9cret de bannissement contre les J\u00e9suites. En cette circonstance, les fils de saint Vincent ont l\u2019immense honneur d\u2019\u00eatre consid\u00e9r\u00e9s comme \u00abaffili\u00e9s\u00bb aux fils de saint Ignace. Et la jeune province, lazariste de Prusse, &#8211; il y a vingt-deux ans que le P\u00e8re Etienne l\u2019a fond\u00e9e &#8211; a la gloire de souffrir pers\u00e9cution\u00a0: \u00e0 la grande consternation du peuple qui en b\u00e9n\u00e9ficiait, toutes ses maisons sont ferm\u00e9es\u2026 Dans l\u2019intention de leur \u00e9viter les souffrances de l\u2019exil, les \u00e9v\u00eaques d\u2019Allemagne avaient obtenu du Saint-Si\u00e8ge que nos confr\u00e8res soient d\u00e9li\u00e9s de leur v\u0153u d\u2019ob\u00e9issance au sup\u00e9rieur g\u00e9n\u00e9ral\u00a0; mais tous, Pr\u00eatres et Fr\u00e8res, aiment mieux continuer \u00e0 vivre en communaut\u00e9\u00a0; ils viennent se r\u00e9fugier \u00e0 la Maison-M\u00e8re et se mettre \u00e0 l\u2019enti\u00e8re disposition du successeur de saint Vincent (2).<\/p>\n<p><b>1948<\/b>. \u00c0 Belalcazar, en Colombie, mort de Mgr \u00c9mile Larqu\u00e8re, pr\u00e9fet apostolique de Tierradentro. C\u2019est \u00c9mile Combes, avec ses lois la\u00efques, qui fit de ce Landais un missionnaire de Colombie et l\u2019ap\u00f4tre des Indiens. Ses six premi\u00e8res ann\u00e9es de sacerdoce, \u00e0 partir de 1895, furent, pour M. Larqu\u00e8re, six ann\u00e9es de missions \u00e0 La Rochelle\u00a0: sa belle prestance, sa voix forte et bien timbr\u00e9e, sa sant\u00e9, son z\u00e8le auraient probablement fait de lui un de nos plus grands missionnaires populaires\u2026 mais le \u00abpetit p\u00e8re Combes\u00bb \u00e9tait l\u00e0\u2026 Et, en janvier 1904, M. Larqu\u00e8re, en compagnie de M. Tramerourt et de M. Louis Durou, le futur archev\u00eaque de Guat\u00e9mala, posait le pied sur le sol de Colombie. auquel il allait s\u2019attacher si fortement. Fondateur de mission \u00e0 Nataga, dans le dioc\u00e8se de Garzon, \u00e0 Boyaca, dans celui de Tunja, premier pr\u00e9fet apostolique d\u2019Arauca en 1916, puis, en 1924, de Tierradentro, il est le chef qui paye de sa personne, l\u2019homme qui incarne la bont\u00e9 du Christ, le Sup\u00e9rieur qui fait travailler, mais qui se pr\u00e9occupe aussi du bien-\u00eatre de ses missionnaires et leur construit d\u2019agr\u00e9ables r\u00e9sidences. Les hauts personnages de la hi\u00e9rarchie religieuse et civile se font une joie d\u2019\u00eatre re\u00e7us quelques jours par le pr\u00e9fet apostolique auquel ils demandent conseil. Si dans ce c\u0153ur d\u2019ap\u00f4tre, des \u00e2mes ont trouv\u00e9 une place privil\u00e9gi\u00e9e, ce sont celles de ces terribles Indiens qui vivent dans la partie centrale de la Cordill\u00e8re des Andes\u00a0; pour eux, Mgr Larqu\u00e8re ne recula devant aucune fatigue, devant aucun risque de mort. Ce pr\u00e9fet apostolique de qui irradiaient la distinction et la sympathie, n\u2019est pas pr\u00e8s d\u2019\u00eatre oubli\u00e9, ni par les p\u00e8lerins auxquels il montra le chemin de Nataga, le sanctuaire marial, ni par les fils de la foret qu\u2019il conquit par sa bont\u00e9 (3).<\/p>\n<dl>\n<dd>1) Coste, II, 78.<\/dd>\n<dd>2) Annales, t. 89, pp. 260-295.<\/dd>\n<dd>3) Annales, 114-115, pp. 383-409.<\/dd>\n<\/dl>\n","protected":false},"excerpt":{"rendered":"<p>1642. Dans son comt\u00e9 de l\u2019Agenois et du Condomois, la duchesse d\u2019Aiguillon \u00e9tablit les Pr\u00eatres de la Mission (1). 1714. La M\u00e8re Jeanne Chevreau et les trois S\u0153urs offici\u00e8res, ainsi que Monsieur de Chevremont, le &#8230; <a href=\"https:\/\/vincentians.com\/fr\/ephemerides-04-juilliet\/\" class=\"more-link\">Read More<\/a><\/p>\n","protected":false},"author":4,"featured_media":149897,"comment_status":"open","ping_status":"open","sticky":false,"template":"","format":"standard","meta":{"jetpack_post_was_ever_published":false,"_jetpack_newsletter_access":"","_jetpack_dont_email_post_to_subs":false,"_jetpack_newsletter_tier_id":0,"_jetpack_memberships_contains_paywalled_content":false,"_jetpack_memberships_contains_paid_content":false,"footnotes":"","jetpack_publicize_message":"","jetpack_publicize_feature_enabled":true,"jetpack_social_post_already_shared":true,"jetpack_social_options":{"image_generator_settings":{"template":"highway","default_image_id":0,"font":"","enabled":false},"version":2}},"categories":[119],"tags":[],"class_list":["post-189334","post","type-post","status-publish","format-standard","has-post-thumbnail","hentry","category-ephemerides-vincentiens"],"yoast_head":"<!-- This site is optimized with the Yoast SEO plugin v26.3 - https:\/\/yoast.com\/wordpress\/plugins\/seo\/ -->\n<title>Eph\u00e9m\u00e9rides: 04 juilliet - Nous Sommes Vincentiens<\/title>\n<meta name=\"robots\" content=\"index, follow, max-snippet:-1, max-image-preview:large, max-video-preview:-1\" \/>\n<link rel=\"canonical\" href=\"https:\/\/vincentians.com\/fr\/ephemerides-04-juilliet\/\" \/>\n<meta property=\"og:locale\" content=\"fr_FR\" \/>\n<meta property=\"og:type\" content=\"article\" \/>\n<meta property=\"og:title\" content=\"Eph\u00e9m\u00e9rides: 04 juilliet - Nous Sommes Vincentiens\" \/>\n<meta property=\"og:description\" content=\"1642. Dans son comt\u00e9 de l\u2019Agenois et du Condomois, la duchesse d\u2019Aiguillon \u00e9tablit les Pr\u00eatres de la Mission (1). 1714. La M\u00e8re Jeanne Chevreau et les trois S\u0153urs offici\u00e8res, ainsi que Monsieur de Chevremont, le ... Read More\" \/>\n<meta property=\"og:url\" content=\"https:\/\/vincentians.com\/fr\/ephemerides-04-juilliet\/\" \/>\n<meta property=\"og:site_name\" content=\"Nous Sommes Vincentiens\" \/>\n<meta property=\"article:publisher\" content=\"https:\/\/www.facebook.com\/WeAreVincentians\/\" \/>\n<meta property=\"article:author\" content=\"https:\/\/www.facebook.com\/JavierChento\" \/>\n<meta property=\"article:published_time\" content=\"2017-07-03T22:01:20+00:00\" \/>\n<meta property=\"og:image\" content=\"https:\/\/i0.wp.com\/vincentians.com\/fr\/wp-content\/uploads\/sites\/10\/2016\/07\/ephemerides-fb.jpg?fit=1200%2C630&ssl=1\" \/>\n\t<meta property=\"og:image:width\" content=\"1200\" \/>\n\t<meta property=\"og:image:height\" content=\"630\" \/>\n\t<meta property=\"og:image:type\" content=\"image\/jpeg\" \/>\n<meta name=\"author\" content=\"Francisco Javier Fern\u00e1ndez Chento\" \/>\n<meta name=\"twitter:card\" content=\"summary_large_image\" \/>\n<meta name=\"twitter:creator\" content=\"@https:\/\/twitter.com\/javierchento\" \/>\n<meta name=\"twitter:site\" content=\"@WeVincentians\" \/>\n<meta name=\"twitter:label1\" content=\"\u00c9crit par\" \/>\n\t<meta name=\"twitter:data1\" content=\"Francisco Javier Fern\u00e1ndez Chento\" \/>\n\t<meta name=\"twitter:label2\" content=\"Dur\u00e9e de lecture estim\u00e9e\" \/>\n\t<meta name=\"twitter:data2\" content=\"3 minutes\" \/>\n<script type=\"application\/ld+json\" class=\"yoast-schema-graph\">{\"@context\":\"https:\/\/schema.org\",\"@graph\":[{\"@type\":\"WebPage\",\"@id\":\"https:\/\/vincentians.com\/fr\/ephemerides-04-juilliet\/\",\"url\":\"https:\/\/vincentians.com\/fr\/ephemerides-04-juilliet\/\",\"name\":\"Eph\u00e9m\u00e9rides: 04 juilliet - Nous Sommes Vincentiens\",\"isPartOf\":{\"@id\":\"http:\/\/vincentians.com\/fr\/#website\"},\"primaryImageOfPage\":{\"@id\":\"https:\/\/vincentians.com\/fr\/ephemerides-04-juilliet\/#primaryimage\"},\"image\":{\"@id\":\"https:\/\/vincentians.com\/fr\/ephemerides-04-juilliet\/#primaryimage\"},\"thumbnailUrl\":\"https:\/\/i0.wp.com\/vincentians.com\/fr\/wp-content\/uploads\/sites\/10\/2016\/07\/ephemerides-fb.jpg?fit=1200%2C630&ssl=1\",\"datePublished\":\"2017-07-03T22:01:20+00:00\",\"author\":{\"@id\":\"http:\/\/vincentians.com\/fr\/#\/schema\/person\/9623ef4d9aa3b2dfb8c061f1499288f2\"},\"breadcrumb\":{\"@id\":\"https:\/\/vincentians.com\/fr\/ephemerides-04-juilliet\/#breadcrumb\"},\"inLanguage\":\"fr-FR\",\"potentialAction\":[{\"@type\":\"ReadAction\",\"target\":[\"https:\/\/vincentians.com\/fr\/ephemerides-04-juilliet\/\"]}]},{\"@type\":\"ImageObject\",\"inLanguage\":\"fr-FR\",\"@id\":\"https:\/\/vincentians.com\/fr\/ephemerides-04-juilliet\/#primaryimage\",\"url\":\"https:\/\/i0.wp.com\/vincentians.com\/fr\/wp-content\/uploads\/sites\/10\/2016\/07\/ephemerides-fb.jpg?fit=1200%2C630&ssl=1\",\"contentUrl\":\"https:\/\/i0.wp.com\/vincentians.com\/fr\/wp-content\/uploads\/sites\/10\/2016\/07\/ephemerides-fb.jpg?fit=1200%2C630&ssl=1\",\"width\":1200,\"height\":630},{\"@type\":\"BreadcrumbList\",\"@id\":\"https:\/\/vincentians.com\/fr\/ephemerides-04-juilliet\/#breadcrumb\",\"itemListElement\":[{\"@type\":\"ListItem\",\"position\":1,\"name\":\"Portada\",\"item\":\"http:\/\/vincentians.com\/fr\/\"},{\"@type\":\"ListItem\",\"position\":2,\"name\":\"Eph\u00e9m\u00e9rides: 04 juilliet\"}]},{\"@type\":\"WebSite\",\"@id\":\"http:\/\/vincentians.com\/fr\/#website\",\"url\":\"http:\/\/vincentians.com\/fr\/\",\"name\":\"Nous Sommes Vincentiens\",\"description\":\"Know more to serve more\",\"potentialAction\":[{\"@type\":\"SearchAction\",\"target\":{\"@type\":\"EntryPoint\",\"urlTemplate\":\"http:\/\/vincentians.com\/fr\/?s={search_term_string}\"},\"query-input\":{\"@type\":\"PropertyValueSpecification\",\"valueRequired\":true,\"valueName\":\"search_term_string\"}}],\"inLanguage\":\"fr-FR\"},{\"@type\":\"Person\",\"@id\":\"http:\/\/vincentians.com\/fr\/#\/schema\/person\/9623ef4d9aa3b2dfb8c061f1499288f2\",\"name\":\"Francisco Javier Fern\u00e1ndez Chento\",\"image\":{\"@type\":\"ImageObject\",\"inLanguage\":\"fr-FR\",\"@id\":\"http:\/\/vincentians.com\/fr\/#\/schema\/person\/image\/\",\"url\":\"https:\/\/secure.gravatar.com\/avatar\/497d5cde87b4c3d097d0315953521681ba2cd523ee66e5077c3711f7021e65de?s=96&d=mm&r=g\",\"contentUrl\":\"https:\/\/secure.gravatar.com\/avatar\/497d5cde87b4c3d097d0315953521681ba2cd523ee66e5077c3711f7021e65de?s=96&d=mm&r=g\",\"caption\":\"Francisco Javier Fern\u00e1ndez Chento\"},\"description\":\"Director General y cofundador de La Red de Formaci\u00f3n Vicenciana. Javier es laico vicenciano, afiliado a la Congregaci\u00f3n de la Misi\u00f3n y miembro del Equipo de Misiones Populares de la provincia can\u00f3nica de Zaragoza (Espa\u00f1a) de la Congregaci\u00f3n de la Misi\u00f3n. Graduado en la Universidad Oberta de Catalunya con cuatro grados (Asistente de direcci\u00f3n, Gesti\u00f3n Administrativa, Recursos Humanos y Contabilidad Avanzada). Bil\u00edng\u00fce Espa\u00f1ol\/Ingl\u00e9s. gestiona y mantiene varias p\u00e1ginas web cristianas y vicencianas, incluida including La Red de Formaci\u00f3n Vicenciana, de la que es cofundador. Actualmente es responsable del \u00e1rea de Espa\u00f1ol de .famvin, la Red de Noticias de la Familia Vicenciana. Tambi\u00e9n es m\u00fasico cat\u00f3lico y ha editado varios discos. Es Director General y cofundador de Trovador, una reconocida compa\u00f1\u00eda discogr\u00e1fica critiana de Espa\u00f1a. Trabaja en las Tecnolog\u00edas de la Informaci\u00f3n, ofreciendo servicios de alojamiento, dise\u00f1o y mantenimiento Web, as\u00ed como asesoramiento, formaci\u00f3n y soluciones inform\u00e1ticas, gesti\u00f3n documental y digitalizaci\u00f3n de textos, edici\u00f3n y maquetaci\u00f3n de libros, revistas, flyers, etc.\",\"sameAs\":[\"http:\/\/chento.org\",\"https:\/\/www.facebook.com\/JavierChento\",\"https:\/\/x.com\/https:\/\/twitter.com\/javierchento\"],\"url\":\"https:\/\/vincentians.com\/fr\/author\/chento\/\"}]}<\/script>\n<!-- \/ Yoast SEO plugin. -->","yoast_head_json":{"title":"Eph\u00e9m\u00e9rides: 04 juilliet - Nous Sommes Vincentiens","robots":{"index":"index","follow":"follow","max-snippet":"max-snippet:-1","max-image-preview":"max-image-preview:large","max-video-preview":"max-video-preview:-1"},"canonical":"https:\/\/vincentians.com\/fr\/ephemerides-04-juilliet\/","og_locale":"fr_FR","og_type":"article","og_title":"Eph\u00e9m\u00e9rides: 04 juilliet - Nous Sommes Vincentiens","og_description":"1642. Dans son comt\u00e9 de l\u2019Agenois et du Condomois, la duchesse d\u2019Aiguillon \u00e9tablit les Pr\u00eatres de la Mission (1). 1714. La M\u00e8re Jeanne Chevreau et les trois S\u0153urs offici\u00e8res, ainsi que Monsieur de Chevremont, le ... Read More","og_url":"https:\/\/vincentians.com\/fr\/ephemerides-04-juilliet\/","og_site_name":"Nous Sommes Vincentiens","article_publisher":"https:\/\/www.facebook.com\/WeAreVincentians\/","article_author":"https:\/\/www.facebook.com\/JavierChento","article_published_time":"2017-07-03T22:01:20+00:00","og_image":[{"width":1200,"height":630,"url":"https:\/\/i0.wp.com\/vincentians.com\/fr\/wp-content\/uploads\/sites\/10\/2016\/07\/ephemerides-fb.jpg?fit=1200%2C630&ssl=1","type":"image\/jpeg"}],"author":"Francisco Javier Fern\u00e1ndez Chento","twitter_card":"summary_large_image","twitter_creator":"@https:\/\/twitter.com\/javierchento","twitter_site":"@WeVincentians","twitter_misc":{"\u00c9crit par":"Francisco Javier Fern\u00e1ndez Chento","Dur\u00e9e de lecture estim\u00e9e":"3 minutes"},"schema":{"@context":"https:\/\/schema.org","@graph":[{"@type":"WebPage","@id":"https:\/\/vincentians.com\/fr\/ephemerides-04-juilliet\/","url":"https:\/\/vincentians.com\/fr\/ephemerides-04-juilliet\/","name":"Eph\u00e9m\u00e9rides: 04 juilliet - Nous Sommes Vincentiens","isPartOf":{"@id":"http:\/\/vincentians.com\/fr\/#website"},"primaryImageOfPage":{"@id":"https:\/\/vincentians.com\/fr\/ephemerides-04-juilliet\/#primaryimage"},"image":{"@id":"https:\/\/vincentians.com\/fr\/ephemerides-04-juilliet\/#primaryimage"},"thumbnailUrl":"https:\/\/i0.wp.com\/vincentians.com\/fr\/wp-content\/uploads\/sites\/10\/2016\/07\/ephemerides-fb.jpg?fit=1200%2C630&ssl=1","datePublished":"2017-07-03T22:01:20+00:00","author":{"@id":"http:\/\/vincentians.com\/fr\/#\/schema\/person\/9623ef4d9aa3b2dfb8c061f1499288f2"},"breadcrumb":{"@id":"https:\/\/vincentians.com\/fr\/ephemerides-04-juilliet\/#breadcrumb"},"inLanguage":"fr-FR","potentialAction":[{"@type":"ReadAction","target":["https:\/\/vincentians.com\/fr\/ephemerides-04-juilliet\/"]}]},{"@type":"ImageObject","inLanguage":"fr-FR","@id":"https:\/\/vincentians.com\/fr\/ephemerides-04-juilliet\/#primaryimage","url":"https:\/\/i0.wp.com\/vincentians.com\/fr\/wp-content\/uploads\/sites\/10\/2016\/07\/ephemerides-fb.jpg?fit=1200%2C630&ssl=1","contentUrl":"https:\/\/i0.wp.com\/vincentians.com\/fr\/wp-content\/uploads\/sites\/10\/2016\/07\/ephemerides-fb.jpg?fit=1200%2C630&ssl=1","width":1200,"height":630},{"@type":"BreadcrumbList","@id":"https:\/\/vincentians.com\/fr\/ephemerides-04-juilliet\/#breadcrumb","itemListElement":[{"@type":"ListItem","position":1,"name":"Portada","item":"http:\/\/vincentians.com\/fr\/"},{"@type":"ListItem","position":2,"name":"Eph\u00e9m\u00e9rides: 04 juilliet"}]},{"@type":"WebSite","@id":"http:\/\/vincentians.com\/fr\/#website","url":"http:\/\/vincentians.com\/fr\/","name":"Nous Sommes Vincentiens","description":"Know more to serve more","potentialAction":[{"@type":"SearchAction","target":{"@type":"EntryPoint","urlTemplate":"http:\/\/vincentians.com\/fr\/?s={search_term_string}"},"query-input":{"@type":"PropertyValueSpecification","valueRequired":true,"valueName":"search_term_string"}}],"inLanguage":"fr-FR"},{"@type":"Person","@id":"http:\/\/vincentians.com\/fr\/#\/schema\/person\/9623ef4d9aa3b2dfb8c061f1499288f2","name":"Francisco Javier Fern\u00e1ndez Chento","image":{"@type":"ImageObject","inLanguage":"fr-FR","@id":"http:\/\/vincentians.com\/fr\/#\/schema\/person\/image\/","url":"https:\/\/secure.gravatar.com\/avatar\/497d5cde87b4c3d097d0315953521681ba2cd523ee66e5077c3711f7021e65de?s=96&d=mm&r=g","contentUrl":"https:\/\/secure.gravatar.com\/avatar\/497d5cde87b4c3d097d0315953521681ba2cd523ee66e5077c3711f7021e65de?s=96&d=mm&r=g","caption":"Francisco Javier Fern\u00e1ndez Chento"},"description":"Director General y cofundador de La Red de Formaci\u00f3n Vicenciana. Javier es laico vicenciano, afiliado a la Congregaci\u00f3n de la Misi\u00f3n y miembro del Equipo de Misiones Populares de la provincia can\u00f3nica de Zaragoza (Espa\u00f1a) de la Congregaci\u00f3n de la Misi\u00f3n. Graduado en la Universidad Oberta de Catalunya con cuatro grados (Asistente de direcci\u00f3n, Gesti\u00f3n Administrativa, Recursos Humanos y Contabilidad Avanzada). Bil\u00edng\u00fce Espa\u00f1ol\/Ingl\u00e9s. gestiona y mantiene varias p\u00e1ginas web cristianas y vicencianas, incluida including La Red de Formaci\u00f3n Vicenciana, de la que es cofundador. Actualmente es responsable del \u00e1rea de Espa\u00f1ol de .famvin, la Red de Noticias de la Familia Vicenciana. Tambi\u00e9n es m\u00fasico cat\u00f3lico y ha editado varios discos. Es Director General y cofundador de Trovador, una reconocida compa\u00f1\u00eda discogr\u00e1fica critiana de Espa\u00f1a. Trabaja en las Tecnolog\u00edas de la Informaci\u00f3n, ofreciendo servicios de alojamiento, dise\u00f1o y mantenimiento Web, as\u00ed como asesoramiento, formaci\u00f3n y soluciones inform\u00e1ticas, gesti\u00f3n documental y digitalizaci\u00f3n de textos, edici\u00f3n y maquetaci\u00f3n de libros, revistas, flyers, etc.","sameAs":["http:\/\/chento.org","https:\/\/www.facebook.com\/JavierChento","https:\/\/x.com\/https:\/\/twitter.com\/javierchento"],"url":"https:\/\/vincentians.com\/fr\/author\/chento\/"}]}},"jetpack_publicize_connections":[],"jetpack_featured_media_url":"https:\/\/i0.wp.com\/vincentians.com\/fr\/wp-content\/uploads\/sites\/10\/2016\/07\/ephemerides-fb.jpg?fit=1200%2C630&ssl=1","jetpack_sharing_enabled":true,"jetpack_shortlink":"https:\/\/wp.me\/p7ETMP-NfM","jetpack-related-posts":[{"id":103891,"url":"https:\/\/vincentians.com\/fr\/ephemerides-18-octobre\/","url_meta":{"origin":189334,"position":0},"title":"Eph\u00e9m\u00e9rides: 18 octobre","author":"Francisco Javier Fern\u00e1ndez Chento","date":"18\/10\/2016","format":false,"excerpt":"1655. Saint Vincent explique aux premi\u00e8res S\u0153urs quelle est la fin de la Compagnie\u00a0: \u201cVous vous \u00eates donn\u00e9es \u00e0 Dieu principalement pour vivre en bonnes chr\u00e9tiennes, pour \u00eatre bonnes Filles de la Charit\u00e9, pour travailler aux vertus propres \u00e0 votre \u00e9tat, pour assister les pauvres malades, non en une maison\u2026","rel":"","context":"Dans &quot;\u00c9ph\u00e9m\u00e9rides vincentiens&quot;","block_context":{"text":"\u00c9ph\u00e9m\u00e9rides vincentiens","link":"https:\/\/vincentians.com\/fr\/category\/ephemerides-vincentiens\/"},"img":{"alt_text":"","src":"https:\/\/i0.wp.com\/vincentians.com\/fr\/wp-content\/uploads\/sites\/10\/2016\/07\/ephemerides-fb.jpg?fit=1200%2C630&ssl=1&resize=350%2C200","width":350,"height":200,"srcset":"https:\/\/i0.wp.com\/vincentians.com\/fr\/wp-content\/uploads\/sites\/10\/2016\/07\/ephemerides-fb.jpg?fit=1200%2C630&ssl=1&resize=350%2C200 1x, https:\/\/i0.wp.com\/vincentians.com\/fr\/wp-content\/uploads\/sites\/10\/2016\/07\/ephemerides-fb.jpg?fit=1200%2C630&ssl=1&resize=525%2C300 1.5x, https:\/\/i0.wp.com\/vincentians.com\/fr\/wp-content\/uploads\/sites\/10\/2016\/07\/ephemerides-fb.jpg?fit=1200%2C630&ssl=1&resize=700%2C400 2x, https:\/\/i0.wp.com\/vincentians.com\/fr\/wp-content\/uploads\/sites\/10\/2016\/07\/ephemerides-fb.jpg?fit=1200%2C630&ssl=1&resize=1050%2C600 3x"},"classes":[]},{"id":189335,"url":"https:\/\/vincentians.com\/fr\/ephemerides-05-juilliet\/","url_meta":{"origin":189334,"position":1},"title":"Eph\u00e9m\u00e9rides: 05 juilliet","author":"Francisco Javier Fern\u00e1ndez Chento","date":"05\/07\/2017","format":false,"excerpt":"1640. Vincent de Paul entretient les premi\u00e8res S\u0153urs de la vocation de la Fille de la Charit\u00e9\u00a0: \u201cEtre Filles de la Charit\u00e9, c\u2019est \u00eatre filles de Dieu, filles appartenant enti\u00e8rement \u00e0 Dieu. Car qui est en charit\u00e9 est en Dieu, et Dieu est en Lui.\u201d 1756. Un accord \u00e0 l\u2019amiable\u2026","rel":"","context":"Dans &quot;\u00c9ph\u00e9m\u00e9rides vincentiens&quot;","block_context":{"text":"\u00c9ph\u00e9m\u00e9rides vincentiens","link":"https:\/\/vincentians.com\/fr\/category\/ephemerides-vincentiens\/"},"img":{"alt_text":"","src":"https:\/\/i0.wp.com\/vincentians.com\/fr\/wp-content\/uploads\/sites\/10\/2016\/07\/ephemerides-fb.jpg?fit=1200%2C630&ssl=1&resize=350%2C200","width":350,"height":200,"srcset":"https:\/\/i0.wp.com\/vincentians.com\/fr\/wp-content\/uploads\/sites\/10\/2016\/07\/ephemerides-fb.jpg?fit=1200%2C630&ssl=1&resize=350%2C200 1x, https:\/\/i0.wp.com\/vincentians.com\/fr\/wp-content\/uploads\/sites\/10\/2016\/07\/ephemerides-fb.jpg?fit=1200%2C630&ssl=1&resize=525%2C300 1.5x, https:\/\/i0.wp.com\/vincentians.com\/fr\/wp-content\/uploads\/sites\/10\/2016\/07\/ephemerides-fb.jpg?fit=1200%2C630&ssl=1&resize=700%2C400 2x, https:\/\/i0.wp.com\/vincentians.com\/fr\/wp-content\/uploads\/sites\/10\/2016\/07\/ephemerides-fb.jpg?fit=1200%2C630&ssl=1&resize=1050%2C600 3x"},"classes":[]},{"id":104146,"url":"https:\/\/vincentians.com\/fr\/ephemerides-13-novembre\/","url_meta":{"origin":189334,"position":2},"title":"Eph\u00e9m\u00e9rides: 13 novembre","author":"Francisco Javier Fern\u00e1ndez Chento","date":"13\/11\/2016","format":false,"excerpt":"1646. \u00c0 Paris, Edme Jolly est re\u00e7u au s\u00e9minaire interne. Il a vingt-quatre ans (1). 1686. Anne-Louise d\u2019Orl\u00e9ans, duchesse de Montpensier, signe le contrat pour les Filles de la Charit\u00e9 \u00e9tablies \u00e0 l\u2019h\u00f4pital Saint-Louis de Criel depuis le 6 mars 1685. S\u0153ur Jeanne Tardif est la premi\u00e8re S\u0153ur Servante. En\u2026","rel":"","context":"Dans &quot;\u00c9ph\u00e9m\u00e9rides vincentiens&quot;","block_context":{"text":"\u00c9ph\u00e9m\u00e9rides vincentiens","link":"https:\/\/vincentians.com\/fr\/category\/ephemerides-vincentiens\/"},"img":{"alt_text":"","src":"https:\/\/i0.wp.com\/vincentians.com\/fr\/wp-content\/uploads\/sites\/10\/2016\/07\/ephemerides-fb.jpg?fit=1200%2C630&ssl=1&resize=350%2C200","width":350,"height":200,"srcset":"https:\/\/i0.wp.com\/vincentians.com\/fr\/wp-content\/uploads\/sites\/10\/2016\/07\/ephemerides-fb.jpg?fit=1200%2C630&ssl=1&resize=350%2C200 1x, https:\/\/i0.wp.com\/vincentians.com\/fr\/wp-content\/uploads\/sites\/10\/2016\/07\/ephemerides-fb.jpg?fit=1200%2C630&ssl=1&resize=525%2C300 1.5x, https:\/\/i0.wp.com\/vincentians.com\/fr\/wp-content\/uploads\/sites\/10\/2016\/07\/ephemerides-fb.jpg?fit=1200%2C630&ssl=1&resize=700%2C400 2x, https:\/\/i0.wp.com\/vincentians.com\/fr\/wp-content\/uploads\/sites\/10\/2016\/07\/ephemerides-fb.jpg?fit=1200%2C630&ssl=1&resize=1050%2C600 3x"},"classes":[]},{"id":105529,"url":"https:\/\/vincentians.com\/fr\/ephemerides-18-janvier\/","url_meta":{"origin":189334,"position":3},"title":"Eph\u00e9m\u00e9rides: 18 janvier","author":"Francisco Javier Fern\u00e1ndez Chento","date":"18\/01\/2017","format":false,"excerpt":"1655. \u00c0 Rome , Jean-Fran\u00e7ois-Paul de Gondi, cardinal de Retz, archev\u00eaque de Paris, signe l'acte d'approbation de la Compagnie des Filles de la Charit\u00e9. Cinq ans plus t\u00f4t, alors qu'il n'\u00e9tait que le coadjuteur de son oncle, Jean-Fran\u00e7ois-Paul de Gondi a \u00e9rig\u00e9 la m\u00eame Compagnie en confr\u00e9rie. Or, un passage\u2026","rel":"","context":"Dans &quot;\u00c9ph\u00e9m\u00e9rides vincentiens&quot;","block_context":{"text":"\u00c9ph\u00e9m\u00e9rides vincentiens","link":"https:\/\/vincentians.com\/fr\/category\/ephemerides-vincentiens\/"},"img":{"alt_text":"","src":"https:\/\/i0.wp.com\/vincentians.com\/fr\/wp-content\/uploads\/sites\/10\/2016\/07\/ephemerides-fb.jpg?fit=1200%2C630&ssl=1&resize=350%2C200","width":350,"height":200,"srcset":"https:\/\/i0.wp.com\/vincentians.com\/fr\/wp-content\/uploads\/sites\/10\/2016\/07\/ephemerides-fb.jpg?fit=1200%2C630&ssl=1&resize=350%2C200 1x, https:\/\/i0.wp.com\/vincentians.com\/fr\/wp-content\/uploads\/sites\/10\/2016\/07\/ephemerides-fb.jpg?fit=1200%2C630&ssl=1&resize=525%2C300 1.5x, https:\/\/i0.wp.com\/vincentians.com\/fr\/wp-content\/uploads\/sites\/10\/2016\/07\/ephemerides-fb.jpg?fit=1200%2C630&ssl=1&resize=700%2C400 2x, https:\/\/i0.wp.com\/vincentians.com\/fr\/wp-content\/uploads\/sites\/10\/2016\/07\/ephemerides-fb.jpg?fit=1200%2C630&ssl=1&resize=1050%2C600 3x"},"classes":[]},{"id":190378,"url":"https:\/\/vincentians.com\/fr\/ephemerides-08-mai\/","url_meta":{"origin":189334,"position":4},"title":"Eph\u00e9m\u00e9rides : 08 mai","author":"Francisco Javier Fern\u00e1ndez Chento","date":"08\/05\/2017","format":false,"excerpt":"1632. La peine de mort est prononc\u00e9e contre l\u2019oncle de sainte Louise, le Mar\u00e9chal de Marillac. Saint Vincent la console de son mieux\u00a0: \u201cHonorons l\u00e0-dedans le bon plaisir de Dieu et le bonheur de ceux qui honorent le supplice du Fils de Dieu par le leur. Il ne nous importe\u2026","rel":"","context":"Dans &quot;\u00c9ph\u00e9m\u00e9rides vincentiens&quot;","block_context":{"text":"\u00c9ph\u00e9m\u00e9rides vincentiens","link":"https:\/\/vincentians.com\/fr\/category\/ephemerides-vincentiens\/"},"img":{"alt_text":"","src":"https:\/\/i0.wp.com\/vincentians.com\/fr\/wp-content\/uploads\/sites\/10\/2016\/07\/ephemerides-fb.jpg?fit=1200%2C630&ssl=1&resize=350%2C200","width":350,"height":200,"srcset":"https:\/\/i0.wp.com\/vincentians.com\/fr\/wp-content\/uploads\/sites\/10\/2016\/07\/ephemerides-fb.jpg?fit=1200%2C630&ssl=1&resize=350%2C200 1x, https:\/\/i0.wp.com\/vincentians.com\/fr\/wp-content\/uploads\/sites\/10\/2016\/07\/ephemerides-fb.jpg?fit=1200%2C630&ssl=1&resize=525%2C300 1.5x, https:\/\/i0.wp.com\/vincentians.com\/fr\/wp-content\/uploads\/sites\/10\/2016\/07\/ephemerides-fb.jpg?fit=1200%2C630&ssl=1&resize=700%2C400 2x, https:\/\/i0.wp.com\/vincentians.com\/fr\/wp-content\/uploads\/sites\/10\/2016\/07\/ephemerides-fb.jpg?fit=1200%2C630&ssl=1&resize=1050%2C600 3x"},"classes":[]},{"id":189322,"url":"https:\/\/vincentians.com\/fr\/ephemerides-18-juilliet\/","url_meta":{"origin":189334,"position":5},"title":"Eph\u00e9m\u00e9rides: 18 juilliet","author":"Francisco Javier Fern\u00e1ndez Chento","date":"18\/07\/2017","format":false,"excerpt":"1742. Monsieur Gervaise, pr\u00eatre ayant re\u00e7u procuration du cur\u00e9 de la paroisse royale Saint Jacques de Compi\u00e9gne, des administrateurs de la Charit\u00e9 des pauvres et de la Pr\u00e9sidente de la Confr\u00e9rie de la Charit\u00e9 signe avec M\u00e8re Marie Anne Bonnejoye et les trois S\u0153urs offici\u00e8res le contrat d\u2019\u00e9tablissement de deux\u2026","rel":"","context":"Dans &quot;\u00c9ph\u00e9m\u00e9rides vincentiens&quot;","block_context":{"text":"\u00c9ph\u00e9m\u00e9rides vincentiens","link":"https:\/\/vincentians.com\/fr\/category\/ephemerides-vincentiens\/"},"img":{"alt_text":"","src":"https:\/\/i0.wp.com\/vincentians.com\/fr\/wp-content\/uploads\/sites\/10\/2016\/07\/ephemerides-fb.jpg?fit=1200%2C630&ssl=1&resize=350%2C200","width":350,"height":200,"srcset":"https:\/\/i0.wp.com\/vincentians.com\/fr\/wp-content\/uploads\/sites\/10\/2016\/07\/ephemerides-fb.jpg?fit=1200%2C630&ssl=1&resize=350%2C200 1x, https:\/\/i0.wp.com\/vincentians.com\/fr\/wp-content\/uploads\/sites\/10\/2016\/07\/ephemerides-fb.jpg?fit=1200%2C630&ssl=1&resize=525%2C300 1.5x, https:\/\/i0.wp.com\/vincentians.com\/fr\/wp-content\/uploads\/sites\/10\/2016\/07\/ephemerides-fb.jpg?fit=1200%2C630&ssl=1&resize=700%2C400 2x, https:\/\/i0.wp.com\/vincentians.com\/fr\/wp-content\/uploads\/sites\/10\/2016\/07\/ephemerides-fb.jpg?fit=1200%2C630&ssl=1&resize=1050%2C600 3x"},"classes":[]}],"_links":{"self":[{"href":"https:\/\/vincentians.com\/fr\/wp-json\/wp\/v2\/posts\/189334","targetHints":{"allow":["GET"]}}],"collection":[{"href":"https:\/\/vincentians.com\/fr\/wp-json\/wp\/v2\/posts"}],"about":[{"href":"https:\/\/vincentians.com\/fr\/wp-json\/wp\/v2\/types\/post"}],"author":[{"embeddable":true,"href":"https:\/\/vincentians.com\/fr\/wp-json\/wp\/v2\/users\/4"}],"replies":[{"embeddable":true,"href":"https:\/\/vincentians.com\/fr\/wp-json\/wp\/v2\/comments?post=189334"}],"version-history":[{"count":0,"href":"https:\/\/vincentians.com\/fr\/wp-json\/wp\/v2\/posts\/189334\/revisions"}],"wp:featuredmedia":[{"embeddable":true,"href":"https:\/\/vincentians.com\/fr\/wp-json\/wp\/v2\/media\/149897"}],"wp:attachment":[{"href":"https:\/\/vincentians.com\/fr\/wp-json\/wp\/v2\/media?parent=189334"}],"wp:term":[{"taxonomy":"category","embeddable":true,"href":"https:\/\/vincentians.com\/fr\/wp-json\/wp\/v2\/categories?post=189334"},{"taxonomy":"post_tag","embeddable":true,"href":"https:\/\/vincentians.com\/fr\/wp-json\/wp\/v2\/tags?post=189334"}],"curies":[{"name":"wp","href":"https:\/\/api.w.org\/{rel}","templated":true}]}}