{"id":187967,"date":"2015-02-19T13:27:38","date_gmt":"2015-02-19T12:27:38","guid":{"rendered":"http:\/\/vincentiens.org\/?p=187967"},"modified":"2015-02-19T13:27:38","modified_gmt":"2015-02-19T12:27:38","slug":"careme-2015-en-marche-sur-le-chemin-de-la-reconciliation-de-la-paix-et-de-lhumilite","status":"publish","type":"post","link":"https:\/\/vincentians.com\/fr\/careme-2015-en-marche-sur-le-chemin-de-la-reconciliation-de-la-paix-et-de-lhumilite\/","title":{"rendered":"Car\u00eame 2015, en marche sur le chemin de la r\u00e9conciliation, de la paix et de l\u2019humilit\u00e9"},"content":{"rendered":"<p>Rome, le 18 f\u00e9vrier 2015<br \/>\nMercredi des Cendres<\/p>\n<p>Mes chers fr\u00e8res et s\u0153urs de la Famille vincentienne,<\/p>\n<p>Que la gr\u00e2ce et la paix de Notre Seigneur J\u00e9sus-Christ soient \u00e0 jamais dans nos c\u0153urs\u00a0!<\/p>\n<p><a href=\"https:\/\/i0.wp.com\/vincentiens.org\/wp-content\/uploads\/2015\/02\/footsteps.jpg\"><img data-recalc-dims=\"1\" loading=\"lazy\" decoding=\"async\" class=\"alignright size-medium wp-image-187969\" src=\"https:\/\/i0.wp.com\/vincentiens.org\/wp-content\/uploads\/2015\/02\/footsteps-200x300.jpg?resize=200%2C300\" alt=\"footsteps\" width=\"200\" height=\"300\" \/><\/a>Le temps du <strong>Car\u00eame <\/strong>est un temps propice \u00e0 la m\u00e9ditation des myst\u00e8res de notre foi. A nouveau, nous sommes invit\u00e9s \u00e0 rejoindre J\u00e9sus en chemin vers J\u00e9rusalem, pour l\u2019accompagner jusqu\u2019au calvaire, attendre en silence au tombeau et conna\u00eetre la gloire de sa r\u00e9surrection qu\u2019il partage avec nous. L\u2019\u00e9vangile du mercredi des Cendres nous rappelle que derri\u00e8re la richesse des symboles ext\u00e9rieurs de ce temps de gr\u00e2ce, le Car\u00eame est un cheminement int\u00e9rieur\u00a0: \u00ab\u00a0<em>Mais toi, quand tu pries, retire-toi dans ta pi\u00e8ce la plus retir\u00e9e, ferme la porte, et prie ton P\u00e8re qui est pr\u00e9sent dans le secret\u00a0; ton P\u00e8re qui voit dans le secret te le rendra<\/em>\u00a0\u00bb (Mt 6, 6).<\/p>\n<p>Le th\u00e8me de cette r\u00e9flexion de Car\u00eame est centr\u00e9 sur <strong><em>la r\u00e9conciliation, la paix et l\u2019humilit\u00e9<\/em><\/strong>\u00a0; je l\u2019ai choisi suite aux enseignements que j\u2019ai tir\u00e9s des visites pastorales des services des Filles de la Charit\u00e9 en Cor\u00e9e du Sud et \u00e0 Nagasaki au Japon, en Mauritanie et en Tunisie, en Afrique. Au milieu des inqui\u00e9tudes, des tensions, des douleurs et des souffrances que nous vivons dans notre monde et nos propres vies, le Car\u00eame nous procure de nombreuses occasions d\u2019entrer dans \u00ab\u00a0l\u2019espace int\u00e9rieur\u00a0\u00bb de notre \u00e2me pour rencontrer et accueillir un concert de consolations qui nous parviennent gr\u00e2ce \u00e0 <strong><em>la r\u00e9conciliation, la paix, et l\u2019humilit\u00e9.<\/em><\/strong><\/p>\n<h2><strong>La r\u00e9conciliation<\/strong><\/h2>\n<p>Quand j\u2019ai visit\u00e9 les Filles de la Charit\u00e9 en Cor\u00e9e du Sud, elles m\u2019ont amen\u00e9 au \u00ab\u00a0Parc de la r\u00e9conciliation\u00a0\u00bb, une bande de terre entre la Cor\u00e9e du Sud et la Cor\u00e9e du Nord. Il a \u00e9t\u00e9 construit, apr\u00e8s la guerre de Cor\u00e9e, dans un effort de collaboration entre le gouvernement et les citoyens, et les Cor\u00e9ens y viennent pour r\u00e9fl\u00e9chir et pour prier pour la r\u00e9conciliation sur cette p\u00e9ninsule constitu\u00e9e de deux pays mais d\u2019un seul peuple qui partage la m\u00eame histoire, la m\u00eame langue et la m\u00eame culture. Les Filles de la Charit\u00e9 ont fait de notre visite un p\u00e8lerinage lorsque nous avons march\u00e9 pos\u00e9ment \u00e0 travers le parc, en m\u00e9ditant et en priant. Cette exp\u00e9rience se rattache au Car\u00eame qui nous appelle \u00e0 rechercher la r\u00e9conciliation dans nos propres vies, en commen\u00e7ant par la <strong>r\u00e9conciliation int\u00e9rieure <\/strong>quand nous prenons conscience que nous sommes les enfants bien-aim\u00e9s de Dieu. Ce n\u2019est qu\u2019ensuite que nous pouvons nous rapprocher de nos familles, de nos voisins, de nos communaut\u00e9s religieuses, de notre travail, de nos services et des associations auxquelles nous appartenons avec des gestes de r\u00e9conciliation. En agissant ainsi, nous approfondissons nos liens de fr\u00e8res et s\u0153urs dans notre Seigneur J\u00e9sus-Christ.<\/p>\n<p>Quand nous laissons cet esprit de r\u00e9conciliation impr\u00e9gner nos vies, nous pouvons nous identifier au Fils Prodigue dont l\u2019Ecriture nous offre le r\u00e9cit pendant le Car\u00eame. Nous qui \u00e9tions \u00ab\u00a0morts\u00a0\u00bb, nous sommes revenus \u00e0 la vie ; nous \u00e9tions perdus et \u00ab\u00a0nous sommes retrouv\u00e9s\u00a0\u00bb par notre P\u00e8re qui veut \u00ab\u00a0festoyer et se r\u00e9jouir\u00a0\u00bb avec nous (Lc 15, 32). Saint Vincent de Paul, dont la vie a \u00e9t\u00e9 donn\u00e9e pour apporter la r\u00e9conciliation aux personnes venant de tous les milieux de la soci\u00e9t\u00e9, disait : \u00ab\u00a0Le bien de la paix et de [la r\u00e9conciliation]\u2026 est chose si grande et agr\u00e9able \u00e0 Dieu qu\u2019il dit \u00e0 un chacun\u00a0: \u00ab\u00a0<em>Inquire pacem et persequere eam. Recherchez la paix et courez apr\u00e8s elle\u00a0<\/em>\u00bb (Lettre 150 du 16 septembre 1633, Coste I, p.216).<\/p>\n<p>En ce Car\u00eame, prions pour la r\u00e9conciliation entre les nations, par exemple entre la Cor\u00e9e du Nord et la Cor\u00e9e du Sud, entre les r\u00e9gions, les pays et dans nos familles et nos communaut\u00e9s, afin que nous soyons des personnes dont la vie et les actes refl\u00e8tent l\u2019amour du Christ qui apporte la r\u00e9conciliation. Ce n\u2019est qu\u2019\u00e0 travers la personne de J\u00e9sus que nous pouvons vraiment parvenir \u00e0 une r\u00e9conciliation authentique avec un effet durable sur notre Eglise et notre soci\u00e9t\u00e9.<\/p>\n<h2><strong>La paix<\/strong><\/h2>\n<p>La <strong><em>paix <\/em><\/strong>est un fruit de la r\u00e9conciliation, qui m\u2019am\u00e8ne \u00e0 mon deuxi\u00e8me p\u00e8lerinage \u00e0 Kob\u00e9 au Japon, lors de ma visite aux confr\u00e8res lazaristes et aux Filles de la Charit\u00e9. Nous sommes all\u00e9s \u00e0 Nagasaki, une ville qui compte le plus grand nombre de catholiques au Japon. Comme l\u2019histoire l\u2019atteste, une bombe atomique a frapp\u00e9 Nagasaki, le 9 ao\u00fbt 1945. Apr\u00e8s cette horrible exp\u00e9rience, le Japon et d\u2019autres personnes de bonne volont\u00e9 ont cherch\u00e9 une mani\u00e8re visible de promouvoir la paix au milieu de cette trag\u00e9die. Ils ont construit un \u00ab\u00a0Parc de la paix\u00a0\u00bb, que nous avons visit\u00e9, rempli de symboles de paix donn\u00e9s par les pays et les personnes du monde entier.<\/p>\n<p>Le principal symbole qui a attir\u00e9 mon attention est la statue d\u2019un homme assis, avec un bras \u00e9tendu et l\u2019autre lev\u00e9 vers le ciel, repr\u00e9sentant un appel \u00e0 la paix. Avec un pied sur le sol et l\u2019autre crois\u00e9 sur son genou, il veut symboliser que la qu\u00eate de la paix comporte un besoin de contemplation (un pied crois\u00e9) et d\u2019action (un pied sur le sol). La main tendue symbolise aussi que tous les hommes doivent \u00eatre artisans de paix et la main lev\u00e9e vers le haut indique qu\u2019il faut l\u2019aide de Dieu pour susciter de v\u00e9ritables \u0153uvres de paix.<\/p>\n<p>La racine de la r\u00e9conciliation est la paix, n\u00e9cessaire pour chacun de nous, et elle commence dans nos c\u0153urs. Ce n\u2019est qu\u2019ensuite qu\u2019elle prend racine dans nos familles, nos communaut\u00e9s religieuses, chez nos voisins, dans notre travail, nos services et dans les associations auxquelles nous appartenons. En tant que Famille vincentienne, nous devons nous efforcer de cultiver la paix et la promouvoir de toutes les mani\u00e8res possibles. Saint Vincent nous rappelle que\u00a0\u00ab\u00a0la charit\u00e9 veut que nous t\u00e2chions de mettre la paix l\u00e0 o\u00f9 elle n\u2019est pas\u00a0\u00bb (Lettre 2054 du 23 avril 1656, Coste V, p. 602).<\/p>\n<p>Ce Car\u00eame nous offre un moment id\u00e9al pour prier pour <strong>la paix<\/strong> alors que nous vivons dans un contexte de menaces constantes de guerre, de terrorisme et de violence de notre monde. Cette d\u00e9marche vers la r\u00e9conciliation, dont le fruit est la paix, se r\u00e9alise en pratiquant la vertu d\u2019humilit\u00e9. J\u2019ai vu cette vertu en actes dans toute sa puissance lors de ma visite aux Filles de la Charit\u00e9 en Mauritanie et en Tunisie.<\/p>\n<h2><strong>L\u2019humilit\u00e9<\/strong><\/h2>\n<p>Pour exercer leur service des pauvres dans ces pays, les Filles de la Charit\u00e9 doivent le faire humblement et discr\u00e8tement. En Mauritanie, un pays qui se dit \u00eatre musulman \u00e0 100%, les Filles de la Charit\u00e9 travaillent avec des communaut\u00e9s religieuses d\u2019origine chr\u00e9tienne qui ne sont pas reconnues par ce pays comme des entit\u00e9s visibles. Dans ces pays, les Filles de la Charit\u00e9 pratiquent une grande humilit\u00e9, personnellement et en communaut\u00e9, parce qu\u2019elles travaillent dans des associations la\u00efques qui servent les pauvres. Elles n\u2019en ont pas la responsabilit\u00e9 et elles doivent travailler avec ceux qui les dirigent.<\/p>\n<p>Vivre et travailler dans un tel environnement exige la r\u00e9conciliation et la paix int\u00e9rieure pour accepter ces circonstances. Cela appelle surtout \u00e0 une vraie humilit\u00e9, une \u00ab\u00a0k\u00e9nose\u00a0\u00bb pour se vider de soi-m\u00eame. Vivre dans un environnement o\u00f9 vous n\u2019\u00eates ni accept\u00e9, ni reconnu, est difficile. C\u2019est encore plus d\u00e9licat quand il n\u2019y a pas de possibilit\u00e9 de rendre un t\u00e9moignage public de l\u2019Eglise, ni de notre charisme vincentien.<\/p>\n<p>Ainsi, cette pratique de la vertu d\u2019humilit\u00e9 n\u2019est possible que par une vie int\u00e9rieure solide de pri\u00e8re et un soutien mutuel en communaut\u00e9. Il n\u2019est jamais facile d\u2019abandonner le besoin de contr\u00f4le et la qu\u00eate d\u2019approbation et de reconnaissance de l\u2019\u00e9go humain. La pr\u00e9sence des Filles de la Charit\u00e9 de la Province d\u2019Afrique du Nord est un t\u00e9moignage discret mais ferme de la vertu d\u2019humilit\u00e9. Il permet \u00e0 notre charisme du service des pauvres de se poursuivre, surtout le service des personnes qui vivent aux marges. Ce sont les pauvres de Dieu et de saint Vincent, les petits qui sont souvent mis \u00e0 l\u2019\u00e9cart voire m\u00eame oubli\u00e9s.<\/p>\n<p>Les Filles de la Charit\u00e9 et les membres de la Famille vincentienne, servent dans des situations semblables \u00e0 travers le monde entier aujourd\u2019hui. Dans leur service humble et souvent cach\u00e9, ils ne font qu\u2019un avec les pauvres par leur t\u00e9moignage volontaire. Saint Vincent disait\u00a0: \u00ab\u00a0L\u2019humilit\u00e9 donc, qui consiste \u00e0 s\u2019an\u00e9antir devant Dieu et \u00e0 se d\u00e9truire soi-m\u00eame pour placer Dieu dans son c\u0153ur, \u00e0 ne chercher l\u2019estime et la bonne opinion des hommes, et \u00e0 combattre sans cesse tous les mouvements de la vanit\u00e9\u2026 L\u2019humilit\u00e9 fait [que la personne] s\u2019an\u00e9antit, afin qu\u2019il n\u2019y ait que Dieu seul qui paraisse, \u00e0 qui la gloire soit rendue\u00a0\u00bb (Conf. 211 du 22 ao\u00fbt 1659, Coste XII, p. 304).<\/p>\n<p>D\u2019apr\u00e8s ma propre exp\u00e9rience, pour travailler \u00e0 la r\u00e9conciliation et obtenir <em>la paix <\/em>dans notre c\u0153ur, nous devons acqu\u00e9rir et pratiquer la <em>vertu d\u2019humilit\u00e9. <\/em>Pour y parvenir, le mieux est de nous examiner en toute honn\u00eatet\u00e9 et ouverture de c\u0153ur devant Dieu. Cela nous conduit \u00e0 ce que Saint Paul appelait la \u00ab\u00a0k\u00e9nose\u00a0\u00bb, \u00e0 nous an\u00e9antir.\u00a0Notre mod\u00e8le, c\u2019est le Christ qui \u00ab\u00a0ayant la condition de Dieu, ne retint pas jalousement le rang qui l\u2019\u00e9galait \u00e0 Dieu. Mais il s\u2019est an\u00e9anti, prenant la condition de serviteur, devenant semblable aux hommes. Reconnu homme \u00e0 son aspect\u00a0\u00bb (Ph 2, 6-7). Dans la vie chr\u00e9tienne, cette le\u00e7on d\u2019humilit\u00e9 qui consiste \u00e0 \u00ab\u00a0s\u2019an\u00e9antir\u00a0\u00bb n\u2019est pas seulement une entreprise individuelle mais une part essentielle de notre identit\u00e9 en tant qu\u2019Eglise. Le Car\u00eame nous appelle \u00e0 une conversion du c\u0153ur personnelle et communautaire.<\/p>\n<h2><strong>Un c\u0153ur plein de mis\u00e9ricorde <\/strong><\/h2>\n<p>Le message de Car\u00eame du Pape Fran\u00e7ois est intitul\u00e9\u00a0: \u00ab\u00a0<strong><em>Tenez fermes<\/em>\u00a0! <\/strong>\u00bb (Jc 5, 8), un th\u00e8me tout indiqu\u00e9 pour notre r\u00e9flexion. Ce n\u2019est qu\u2019en pratiquant l\u2019humilit\u00e9, la paix et la r\u00e9conciliation que nos c\u0153urs pourront devenir fermes et ancr\u00e9s dans la mis\u00e9ricorde et l\u2019amour du Christ. Le Car\u00eame est un temps pour rechercher un renouveau int\u00e9rieur dans la pri\u00e8re, l\u2019immersion dans l\u2019Ecriture, l\u2019Eucharistie quotidienne et le v\u00e9cu de notre charisme vincentien du service des pauvres. Tout cela nous appelle \u00e0 avoir un c\u0153ur fort. Ecoutons ces paroles de notre Saint P\u00e8re\u00a0:<\/p>\n<p style=\"padding-left: 30px\">\u00ab\u00a0Avoir un c\u0153ur mis\u00e9ricordieux ne veut pas dire avoir un c\u0153ur faible. Celui qui veut \u00eatre mis\u00e9ricordieux a besoin d\u2019un c\u0153ur fort, solide, ferm\u00e9 au tentateur, mais ouvert \u00e0 Dieu. Un c\u0153ur qui se laisse p\u00e9n\u00e9trer par l\u2019Esprit et porter sur les voies de l\u2019amour qui conduisent \u00e0 nos fr\u00e8res et \u00e0 nos s\u0153urs. Au fond, un c\u0153ur pauvre, qui connaisse en fait ses propres pauvret\u00e9s et qui se d\u00e9pense pour l\u2019autre. Pour cela, chers fr\u00e8res et s\u0153urs, je d\u00e9sire prier avec vous le Christ en ce Car\u00eame : \u00ab Fac cor nostrum secundum cor tuum \u00bb : \u00ab Rends notre c\u0153ur semblable au tien \u00bb (Message de Sa Saintet\u00e9 le Pape Fran\u00e7ois pour le Car\u00eame 2015, p. 3).<\/p>\n<p>Que ce Car\u00eame nous aide \u00e0 cro\u00eetre dans l\u2019amour du Christ et de notre charisme vincentien, alors que nous marchons sur le chemin de la r\u00e9conciliation et que nous empruntons le sentier de la paix avec des \u00ab\u00a0c\u0153urs bris\u00e9s et broy\u00e9s\u00a0\u00bb (Ps 50, 19).<\/p>\n<p>Votre fr\u00e8re en saint Vincent,<\/p>\n<p>Gregory Gay, C.M.<br \/>\nSup\u00e9rieur g\u00e9n\u00e9ral<\/p>\n<p><strong>\u00a0<\/strong><\/p>\n","protected":false},"excerpt":{"rendered":"<p>Rome, le 18 f\u00e9vrier 2015 Mercredi des Cendres Mes chers fr\u00e8res et s\u0153urs de la Famille vincentienne, Que la gr\u00e2ce et la paix de Notre Seigneur J\u00e9sus-Christ soient \u00e0 jamais dans nos c\u0153urs\u00a0! Le temps &#8230; <a href=\"https:\/\/vincentians.com\/fr\/careme-2015-en-marche-sur-le-chemin-de-la-reconciliation-de-la-paix-et-de-lhumilite\/\" class=\"more-link\">Read More<\/a><\/p>\n","protected":false},"author":4,"featured_media":187969,"comment_status":"open","ping_status":"open","sticky":false,"template":"","format":"standard","meta":{"jetpack_post_was_ever_published":false,"_jetpack_newsletter_access":"","_jetpack_dont_email_post_to_subs":false,"_jetpack_newsletter_tier_id":0,"_jetpack_memberships_contains_paywalled_content":false,"_jetpack_memberships_contains_paid_content":false,"footnotes":"","jetpack_publicize_message":"","jetpack_publicize_feature_enabled":true,"jetpack_social_post_already_shared":true,"jetpack_social_options":{"image_generator_settings":{"template":"highway","default_image_id":0,"font":"","enabled":false},"version":2}},"categories":[131],"tags":[],"class_list":["post-187967","post","type-post","status-publish","format-standard","has-post-thumbnail","hentry","category-spiritualite-vincentienne"],"yoast_head":"<!-- This site is optimized with the Yoast SEO plugin v26.3 - https:\/\/yoast.com\/wordpress\/plugins\/seo\/ -->\n<title>Car\u00eame 2015, en marche sur le chemin de la r\u00e9conciliation, de la paix et de l\u2019humilit\u00e9 - Nous Sommes Vincentiens<\/title>\n<meta name=\"robots\" content=\"index, follow, max-snippet:-1, max-image-preview:large, max-video-preview:-1\" \/>\n<link rel=\"canonical\" href=\"https:\/\/vincentians.com\/fr\/careme-2015-en-marche-sur-le-chemin-de-la-reconciliation-de-la-paix-et-de-lhumilite\/\" \/>\n<meta property=\"og:locale\" content=\"fr_FR\" \/>\n<meta property=\"og:type\" content=\"article\" \/>\n<meta property=\"og:title\" content=\"Car\u00eame 2015, en marche sur le chemin de la r\u00e9conciliation, de la paix et de l\u2019humilit\u00e9 - Nous Sommes Vincentiens\" \/>\n<meta property=\"og:description\" content=\"Rome, le 18 f\u00e9vrier 2015 Mercredi des Cendres Mes chers fr\u00e8res et s\u0153urs de la Famille vincentienne, Que la gr\u00e2ce et la paix de Notre Seigneur J\u00e9sus-Christ soient \u00e0 jamais dans nos c\u0153urs\u00a0! Le temps ... Read More\" \/>\n<meta property=\"og:url\" content=\"https:\/\/vincentians.com\/fr\/careme-2015-en-marche-sur-le-chemin-de-la-reconciliation-de-la-paix-et-de-lhumilite\/\" \/>\n<meta property=\"og:site_name\" content=\"Nous Sommes Vincentiens\" \/>\n<meta property=\"article:publisher\" content=\"https:\/\/www.facebook.com\/WeAreVincentians\/\" \/>\n<meta property=\"article:author\" content=\"https:\/\/www.facebook.com\/JavierChento\" \/>\n<meta property=\"article:published_time\" content=\"2015-02-19T12:27:38+00:00\" \/>\n<meta name=\"author\" content=\"Francisco Javier Fern\u00e1ndez Chento\" \/>\n<meta name=\"twitter:card\" content=\"summary_large_image\" \/>\n<meta name=\"twitter:creator\" content=\"@https:\/\/twitter.com\/javierchento\" \/>\n<meta name=\"twitter:site\" content=\"@WeVincentians\" \/>\n<meta name=\"twitter:label1\" content=\"\u00c9crit par\" \/>\n\t<meta name=\"twitter:data1\" content=\"Francisco Javier Fern\u00e1ndez Chento\" \/>\n\t<meta name=\"twitter:label2\" content=\"Dur\u00e9e de lecture estim\u00e9e\" \/>\n\t<meta name=\"twitter:data2\" content=\"10 minutes\" \/>\n<script type=\"application\/ld+json\" class=\"yoast-schema-graph\">{\"@context\":\"https:\/\/schema.org\",\"@graph\":[{\"@type\":\"WebPage\",\"@id\":\"https:\/\/vincentians.com\/fr\/careme-2015-en-marche-sur-le-chemin-de-la-reconciliation-de-la-paix-et-de-lhumilite\/\",\"url\":\"https:\/\/vincentians.com\/fr\/careme-2015-en-marche-sur-le-chemin-de-la-reconciliation-de-la-paix-et-de-lhumilite\/\",\"name\":\"Car\u00eame 2015, en marche sur le chemin de la r\u00e9conciliation, de la paix et de l\u2019humilit\u00e9 - Nous Sommes Vincentiens\",\"isPartOf\":{\"@id\":\"https:\/\/vincentians.com\/fr\/#website\"},\"primaryImageOfPage\":{\"@id\":\"https:\/\/vincentians.com\/fr\/careme-2015-en-marche-sur-le-chemin-de-la-reconciliation-de-la-paix-et-de-lhumilite\/#primaryimage\"},\"image\":{\"@id\":\"https:\/\/vincentians.com\/fr\/careme-2015-en-marche-sur-le-chemin-de-la-reconciliation-de-la-paix-et-de-lhumilite\/#primaryimage\"},\"thumbnailUrl\":\"\",\"datePublished\":\"2015-02-19T12:27:38+00:00\",\"author\":{\"@id\":\"https:\/\/vincentians.com\/fr\/#\/schema\/person\/9623ef4d9aa3b2dfb8c061f1499288f2\"},\"breadcrumb\":{\"@id\":\"https:\/\/vincentians.com\/fr\/careme-2015-en-marche-sur-le-chemin-de-la-reconciliation-de-la-paix-et-de-lhumilite\/#breadcrumb\"},\"inLanguage\":\"fr-FR\",\"potentialAction\":[{\"@type\":\"ReadAction\",\"target\":[\"https:\/\/vincentians.com\/fr\/careme-2015-en-marche-sur-le-chemin-de-la-reconciliation-de-la-paix-et-de-lhumilite\/\"]}]},{\"@type\":\"ImageObject\",\"inLanguage\":\"fr-FR\",\"@id\":\"https:\/\/vincentians.com\/fr\/careme-2015-en-marche-sur-le-chemin-de-la-reconciliation-de-la-paix-et-de-lhumilite\/#primaryimage\",\"url\":\"\",\"contentUrl\":\"\"},{\"@type\":\"BreadcrumbList\",\"@id\":\"https:\/\/vincentians.com\/fr\/careme-2015-en-marche-sur-le-chemin-de-la-reconciliation-de-la-paix-et-de-lhumilite\/#breadcrumb\",\"itemListElement\":[{\"@type\":\"ListItem\",\"position\":1,\"name\":\"Portada\",\"item\":\"https:\/\/vincentians.com\/fr\/\"},{\"@type\":\"ListItem\",\"position\":2,\"name\":\"Car\u00eame 2015, en marche sur le chemin de la r\u00e9conciliation, de la paix et de l\u2019humilit\u00e9\"}]},{\"@type\":\"WebSite\",\"@id\":\"https:\/\/vincentians.com\/fr\/#website\",\"url\":\"https:\/\/vincentians.com\/fr\/\",\"name\":\"Nous Sommes Vincentiens\",\"description\":\"Know more to serve more\",\"potentialAction\":[{\"@type\":\"SearchAction\",\"target\":{\"@type\":\"EntryPoint\",\"urlTemplate\":\"https:\/\/vincentians.com\/fr\/?s={search_term_string}\"},\"query-input\":{\"@type\":\"PropertyValueSpecification\",\"valueRequired\":true,\"valueName\":\"search_term_string\"}}],\"inLanguage\":\"fr-FR\"},{\"@type\":\"Person\",\"@id\":\"https:\/\/vincentians.com\/fr\/#\/schema\/person\/9623ef4d9aa3b2dfb8c061f1499288f2\",\"name\":\"Francisco Javier Fern\u00e1ndez Chento\",\"image\":{\"@type\":\"ImageObject\",\"inLanguage\":\"fr-FR\",\"@id\":\"https:\/\/vincentians.com\/fr\/#\/schema\/person\/image\/\",\"url\":\"https:\/\/secure.gravatar.com\/avatar\/497d5cde87b4c3d097d0315953521681ba2cd523ee66e5077c3711f7021e65de?s=96&d=mm&r=g\",\"contentUrl\":\"https:\/\/secure.gravatar.com\/avatar\/497d5cde87b4c3d097d0315953521681ba2cd523ee66e5077c3711f7021e65de?s=96&d=mm&r=g\",\"caption\":\"Francisco Javier Fern\u00e1ndez Chento\"},\"description\":\"Director General y cofundador de La Red de Formaci\u00f3n Vicenciana. Javier es laico vicenciano, afiliado a la Congregaci\u00f3n de la Misi\u00f3n y miembro del Equipo de Misiones Populares de la provincia can\u00f3nica de Zaragoza (Espa\u00f1a) de la Congregaci\u00f3n de la Misi\u00f3n. Graduado en la Universidad Oberta de Catalunya con cuatro grados (Asistente de direcci\u00f3n, Gesti\u00f3n Administrativa, Recursos Humanos y Contabilidad Avanzada). Bil\u00edng\u00fce Espa\u00f1ol\/Ingl\u00e9s. gestiona y mantiene varias p\u00e1ginas web cristianas y vicencianas, incluida including La Red de Formaci\u00f3n Vicenciana, de la que es cofundador. Actualmente es responsable del \u00e1rea de Espa\u00f1ol de .famvin, la Red de Noticias de la Familia Vicenciana. Tambi\u00e9n es m\u00fasico cat\u00f3lico y ha editado varios discos. Es Director General y cofundador de Trovador, una reconocida compa\u00f1\u00eda discogr\u00e1fica critiana de Espa\u00f1a. Trabaja en las Tecnolog\u00edas de la Informaci\u00f3n, ofreciendo servicios de alojamiento, dise\u00f1o y mantenimiento Web, as\u00ed como asesoramiento, formaci\u00f3n y soluciones inform\u00e1ticas, gesti\u00f3n documental y digitalizaci\u00f3n de textos, edici\u00f3n y maquetaci\u00f3n de libros, revistas, flyers, etc.\",\"sameAs\":[\"http:\/\/chento.org\",\"https:\/\/www.facebook.com\/JavierChento\",\"https:\/\/x.com\/https:\/\/twitter.com\/javierchento\"],\"url\":\"https:\/\/vincentians.com\/fr\/author\/chento\/\"}]}<\/script>\n<!-- \/ Yoast SEO plugin. -->","yoast_head_json":{"title":"Car\u00eame 2015, en marche sur le chemin de la r\u00e9conciliation, de la paix et de l\u2019humilit\u00e9 - Nous Sommes Vincentiens","robots":{"index":"index","follow":"follow","max-snippet":"max-snippet:-1","max-image-preview":"max-image-preview:large","max-video-preview":"max-video-preview:-1"},"canonical":"https:\/\/vincentians.com\/fr\/careme-2015-en-marche-sur-le-chemin-de-la-reconciliation-de-la-paix-et-de-lhumilite\/","og_locale":"fr_FR","og_type":"article","og_title":"Car\u00eame 2015, en marche sur le chemin de la r\u00e9conciliation, de la paix et de l\u2019humilit\u00e9 - Nous Sommes Vincentiens","og_description":"Rome, le 18 f\u00e9vrier 2015 Mercredi des Cendres Mes chers fr\u00e8res et s\u0153urs de la Famille vincentienne, Que la gr\u00e2ce et la paix de Notre Seigneur J\u00e9sus-Christ soient \u00e0 jamais dans nos c\u0153urs\u00a0! Le temps ... Read More","og_url":"https:\/\/vincentians.com\/fr\/careme-2015-en-marche-sur-le-chemin-de-la-reconciliation-de-la-paix-et-de-lhumilite\/","og_site_name":"Nous Sommes Vincentiens","article_publisher":"https:\/\/www.facebook.com\/WeAreVincentians\/","article_author":"https:\/\/www.facebook.com\/JavierChento","article_published_time":"2015-02-19T12:27:38+00:00","author":"Francisco Javier Fern\u00e1ndez Chento","twitter_card":"summary_large_image","twitter_creator":"@https:\/\/twitter.com\/javierchento","twitter_site":"@WeVincentians","twitter_misc":{"\u00c9crit par":"Francisco Javier Fern\u00e1ndez Chento","Dur\u00e9e de lecture estim\u00e9e":"10 minutes"},"schema":{"@context":"https:\/\/schema.org","@graph":[{"@type":"WebPage","@id":"https:\/\/vincentians.com\/fr\/careme-2015-en-marche-sur-le-chemin-de-la-reconciliation-de-la-paix-et-de-lhumilite\/","url":"https:\/\/vincentians.com\/fr\/careme-2015-en-marche-sur-le-chemin-de-la-reconciliation-de-la-paix-et-de-lhumilite\/","name":"Car\u00eame 2015, en marche sur le chemin de la r\u00e9conciliation, de la paix et de l\u2019humilit\u00e9 - Nous Sommes Vincentiens","isPartOf":{"@id":"https:\/\/vincentians.com\/fr\/#website"},"primaryImageOfPage":{"@id":"https:\/\/vincentians.com\/fr\/careme-2015-en-marche-sur-le-chemin-de-la-reconciliation-de-la-paix-et-de-lhumilite\/#primaryimage"},"image":{"@id":"https:\/\/vincentians.com\/fr\/careme-2015-en-marche-sur-le-chemin-de-la-reconciliation-de-la-paix-et-de-lhumilite\/#primaryimage"},"thumbnailUrl":"","datePublished":"2015-02-19T12:27:38+00:00","author":{"@id":"https:\/\/vincentians.com\/fr\/#\/schema\/person\/9623ef4d9aa3b2dfb8c061f1499288f2"},"breadcrumb":{"@id":"https:\/\/vincentians.com\/fr\/careme-2015-en-marche-sur-le-chemin-de-la-reconciliation-de-la-paix-et-de-lhumilite\/#breadcrumb"},"inLanguage":"fr-FR","potentialAction":[{"@type":"ReadAction","target":["https:\/\/vincentians.com\/fr\/careme-2015-en-marche-sur-le-chemin-de-la-reconciliation-de-la-paix-et-de-lhumilite\/"]}]},{"@type":"ImageObject","inLanguage":"fr-FR","@id":"https:\/\/vincentians.com\/fr\/careme-2015-en-marche-sur-le-chemin-de-la-reconciliation-de-la-paix-et-de-lhumilite\/#primaryimage","url":"","contentUrl":""},{"@type":"BreadcrumbList","@id":"https:\/\/vincentians.com\/fr\/careme-2015-en-marche-sur-le-chemin-de-la-reconciliation-de-la-paix-et-de-lhumilite\/#breadcrumb","itemListElement":[{"@type":"ListItem","position":1,"name":"Portada","item":"https:\/\/vincentians.com\/fr\/"},{"@type":"ListItem","position":2,"name":"Car\u00eame 2015, en marche sur le chemin de la r\u00e9conciliation, de la paix et de l\u2019humilit\u00e9"}]},{"@type":"WebSite","@id":"https:\/\/vincentians.com\/fr\/#website","url":"https:\/\/vincentians.com\/fr\/","name":"Nous Sommes Vincentiens","description":"Know more to serve more","potentialAction":[{"@type":"SearchAction","target":{"@type":"EntryPoint","urlTemplate":"https:\/\/vincentians.com\/fr\/?s={search_term_string}"},"query-input":{"@type":"PropertyValueSpecification","valueRequired":true,"valueName":"search_term_string"}}],"inLanguage":"fr-FR"},{"@type":"Person","@id":"https:\/\/vincentians.com\/fr\/#\/schema\/person\/9623ef4d9aa3b2dfb8c061f1499288f2","name":"Francisco Javier Fern\u00e1ndez Chento","image":{"@type":"ImageObject","inLanguage":"fr-FR","@id":"https:\/\/vincentians.com\/fr\/#\/schema\/person\/image\/","url":"https:\/\/secure.gravatar.com\/avatar\/497d5cde87b4c3d097d0315953521681ba2cd523ee66e5077c3711f7021e65de?s=96&d=mm&r=g","contentUrl":"https:\/\/secure.gravatar.com\/avatar\/497d5cde87b4c3d097d0315953521681ba2cd523ee66e5077c3711f7021e65de?s=96&d=mm&r=g","caption":"Francisco Javier Fern\u00e1ndez Chento"},"description":"Director General y cofundador de La Red de Formaci\u00f3n Vicenciana. Javier es laico vicenciano, afiliado a la Congregaci\u00f3n de la Misi\u00f3n y miembro del Equipo de Misiones Populares de la provincia can\u00f3nica de Zaragoza (Espa\u00f1a) de la Congregaci\u00f3n de la Misi\u00f3n. Graduado en la Universidad Oberta de Catalunya con cuatro grados (Asistente de direcci\u00f3n, Gesti\u00f3n Administrativa, Recursos Humanos y Contabilidad Avanzada). Bil\u00edng\u00fce Espa\u00f1ol\/Ingl\u00e9s. gestiona y mantiene varias p\u00e1ginas web cristianas y vicencianas, incluida including La Red de Formaci\u00f3n Vicenciana, de la que es cofundador. Actualmente es responsable del \u00e1rea de Espa\u00f1ol de .famvin, la Red de Noticias de la Familia Vicenciana. Tambi\u00e9n es m\u00fasico cat\u00f3lico y ha editado varios discos. Es Director General y cofundador de Trovador, una reconocida compa\u00f1\u00eda discogr\u00e1fica critiana de Espa\u00f1a. Trabaja en las Tecnolog\u00edas de la Informaci\u00f3n, ofreciendo servicios de alojamiento, dise\u00f1o y mantenimiento Web, as\u00ed como asesoramiento, formaci\u00f3n y soluciones inform\u00e1ticas, gesti\u00f3n documental y digitalizaci\u00f3n de textos, edici\u00f3n y maquetaci\u00f3n de libros, revistas, flyers, etc.","sameAs":["http:\/\/chento.org","https:\/\/www.facebook.com\/JavierChento","https:\/\/x.com\/https:\/\/twitter.com\/javierchento"],"url":"https:\/\/vincentians.com\/fr\/author\/chento\/"}]}},"jetpack_publicize_connections":[],"jetpack_featured_media_url":"","jetpack_sharing_enabled":true,"jetpack_shortlink":"https:\/\/wp.me\/p7ETMP-MTJ","jetpack-related-posts":[{"id":105936,"url":"https:\/\/vincentians.com\/fr\/message-de-careme-2013-g-gregory-gay-cm-superieur-general\/","url_meta":{"origin":187967,"position":0},"title":"Message de Car\u00eame 2013 (G. Gregory Gay, CM, Sup\u00e9rieur g\u00e9n\u00e9ral)","author":"Francisco Javier Fern\u00e1ndez Chento","date":"19\/02\/2013","format":false,"excerpt":"CONGREGAZIONE DELLA MISSIONE CURIA GENERALIZIA 2013 : Notre chemin de Car\u00eame du Calvaire \u00e0 la Caritas LE VOYAGE \u00a0DE \u00a0NOTRE \u00a0DAME Notre Dame, toi tu as port\u00e9 l\u2019enfant jusqu\u2019\u00e0 Bethl\u00e9hem, Non pas sur une voie rapide, mais sur une route de roches, de cailloux et de pierres m\u00eal\u00e9s. Porte-moi toujours\u2026","rel":"","context":"Dans &quot;Formation Vincentienne&quot;","block_context":{"text":"Formation Vincentienne","link":"https:\/\/vincentians.com\/fr\/category\/formation-vincentienne\/"},"img":{"alt_text":"our_lady","src":"https:\/\/i0.wp.com\/vincentiens.org\/wp-content\/uploads\/2013\/03\/our_lady.jpg?resize=350%2C200","width":350,"height":200},"classes":[]},{"id":38257,"url":"https:\/\/vincentians.com\/fr\/elements-dunion-dans-la-famille-vincentienne\/","url_meta":{"origin":187967,"position":1},"title":"\u00c9l\u00e9ments d\u2019union dans la Famille Vincentienne","author":"Francisco Javier Fern\u00e1ndez Chento","date":"04\/08\/2016","format":false,"excerpt":"A. De quelle famille parlons-nous ? Lorsque nous parlons de la Famille Vincentienne nous faisons allusion \u00e0 tous ces groupes d\u2019associations ou \u00e0 des congr\u00e9gations qui, dans leur vie (style) et dans leur action (apostolat), s\u2019inspirent avec diverses nuances, de ce que nous appelons aujourd\u2019hui \u00ab charisme vincentien \u00bb. D\u2019autre\u2026","rel":"","context":"Dans &quot;La Famille Vincentienne&quot;","block_context":{"text":"La Famille Vincentienne","link":"https:\/\/vincentians.com\/fr\/category\/la-famille-vincentienne\/"},"img":{"alt_text":"","src":"https:\/\/i0.wp.com\/vincentians.com\/fr\/wp-content\/uploads\/sites\/10\/2014\/01\/Vincentian-Family-leaders-meeting-in-Paris.jpg?fit=1200%2C630&ssl=1&resize=350%2C200","width":350,"height":200,"srcset":"https:\/\/i0.wp.com\/vincentians.com\/fr\/wp-content\/uploads\/sites\/10\/2014\/01\/Vincentian-Family-leaders-meeting-in-Paris.jpg?fit=1200%2C630&ssl=1&resize=350%2C200 1x, https:\/\/i0.wp.com\/vincentians.com\/fr\/wp-content\/uploads\/sites\/10\/2014\/01\/Vincentian-Family-leaders-meeting-in-Paris.jpg?fit=1200%2C630&ssl=1&resize=525%2C300 1.5x, https:\/\/i0.wp.com\/vincentians.com\/fr\/wp-content\/uploads\/sites\/10\/2014\/01\/Vincentian-Family-leaders-meeting-in-Paris.jpg?fit=1200%2C630&ssl=1&resize=700%2C400 2x, https:\/\/i0.wp.com\/vincentians.com\/fr\/wp-content\/uploads\/sites\/10\/2014\/01\/Vincentian-Family-leaders-meeting-in-Paris.jpg?fit=1200%2C630&ssl=1&resize=1050%2C600 3x"},"classes":[]},{"id":132719,"url":"https:\/\/vincentians.com\/fr\/lavent-2014-un-temps-de-priere-de-paix-et-une-place-pour-les-pauvres\/","url_meta":{"origin":187967,"position":2},"title":"L\u2019Avent 2014, un temps de pri\u00e8re, de paix et une place pour les pauvres","author":"Francisco Javier Fern\u00e1ndez Chento","date":"30\/11\/2014","format":false,"excerpt":"Rome, le 30 Novembre 2014 Premier Dimanche de l\u2019Avent Chers fr\u00e8res et ch\u00e8res s\u0153urs en J\u00e9sus et St Vincent, Que la gr\u00e2ce et la paix de Notre Seigneur J\u00e9sus-Christ soit toujours dans nos c\u0153urs\u00a0! Le temps de l\u2019Avent est venu, un temps favorable pour m\u00e9diter les myst\u00e8res de notre foi.\u2026","rel":"","context":"Dans &quot;Sup\u00e9rieur G\u00e9n\u00e9ral&quot;","block_context":{"text":"Sup\u00e9rieur G\u00e9n\u00e9ral","link":"https:\/\/vincentians.com\/fr\/category\/superieur-general\/"},"img":{"alt_text":"Autel principal du sanctuaire de Notre Dame, Reine de la Paix, au Kazakhstan","src":"https:\/\/i0.wp.com\/vincentiens.org\/wp-content\/uploads\/2014\/12\/advent2014-300x195.jpg?resize=350%2C200","width":350,"height":200},"classes":[]},{"id":106930,"url":"https:\/\/vincentians.com\/fr\/lettre-du-pere-gregory-gay-de-lavent-2013\/","url_meta":{"origin":187967,"position":3},"title":"Lettre du P\u00e8re Gregory Gay de l\u2019Avent 2013","author":"Francisco Javier Fern\u00e1ndez Chento","date":"21\/11\/2013","format":false,"excerpt":"A tous les membres de la Famille vincentienne Que la gr\u00e2ce et la paix de Notre Seigneur J\u00e9sus-Christ emplissent vos c\u0153urs maintenant et \u00e0 jamais ! Cette ann\u00e9e 2013 a \u00e9t\u00e9 une ann\u00e9e marquante. Nous avons c\u00e9l\u00e9br\u00e9 \u00ab\u00a0l\u2019Ann\u00e9e de la Foi\u00a0\u00bb qui co\u00efncidait avec le 50\u00e8me anniversaire du d\u00e9but du\u2026","rel":"","context":"Dans &quot;Sup\u00e9rieur G\u00e9n\u00e9ral&quot;","block_context":{"text":"Sup\u00e9rieur G\u00e9n\u00e9ral","link":"https:\/\/vincentians.com\/fr\/category\/superieur-general\/"},"img":{"alt_text":"\u00ab \u2026 et un petit gar\u00e7on les conduira \u00bb Is 11, 6.","src":"https:\/\/i0.wp.com\/vincentiens.org\/wp-content\/uploads\/2013\/11\/papa_y_ninyo.jpg?resize=350%2C200","width":350,"height":200},"classes":[]},{"id":104934,"url":"https:\/\/vincentians.com\/fr\/lettre-du-pere-gregory-gay-de-lavent-2012\/","url_meta":{"origin":187967,"position":4},"title":"Lettre du P\u00e8re Gregory Gay de l&rsquo;Avent 2012","author":"Francisco Javier Fern\u00e1ndez Chento","date":"30\/11\/2012","format":false,"excerpt":"Un chemin vers le Christ et notre charisme \u00ab\u00a0Ceci est le mode de l\u2019\u00e9vang\u00e9lisation\u2026 que la v\u00e9rit\u00e9 devienne en moi charit\u00e9 et la charit\u00e9 allume comme le fait le feu, l\u2019autre aussi. Seulement dans cette action d\u2019allumer l\u2019autre \u00e0 travers la flamme de notre charit\u00e9, cro\u00eet r\u00e9ellement l\u2019\u00e9vang\u00e9lisation, la pr\u00e9sence\u2026","rel":"","context":"Dans &quot;Sup\u00e9rieur G\u00e9n\u00e9ral&quot;","block_context":{"text":"Sup\u00e9rieur G\u00e9n\u00e9ral","link":"https:\/\/vincentians.com\/fr\/category\/superieur-general\/"},"img":{"alt_text":"","src":"https:\/\/i0.wp.com\/vincentiens.org\/wp-content\/uploads\/2012\/11\/gregory_gay-300x300.jpg?resize=350%2C200","width":350,"height":200},"classes":[]},{"id":49618,"url":"https:\/\/vincentians.com\/fr\/la-priere-de-monsieur-vincent-de-paul\/","url_meta":{"origin":187967,"position":5},"title":"La pri\u00e8re de Monsieur Vincent de Paul","author":"Francisco Javier Fern\u00e1ndez Chento","date":"15\/12\/2014","format":false,"excerpt":"Summarium Ne suis-je pas imprudent en voulant traiter ce sujet? Les contemporains de Monsieur Vincent ne sont pas arriv\u00e9s \u00e1 caract\u00e9\u00adriser la pri\u00e8re de l'homme qu'ils avaient sous les yeux. Leur t\u00e9moignage est une accusation explicite de t\u00e9m\u00e9rit\u00e9. Voici ce qu'\u00e9crit L. Abelly, le premier biographe, au mois de septembre\u2026","rel":"","context":"Dans &quot;Vincent de Paul&quot;","block_context":{"text":"Vincent de Paul","link":"https:\/\/vincentians.com\/fr\/category\/the-vincentian-family\/founders\/vincent-de-paul\/"},"img":{"alt_text":"","src":"https:\/\/i0.wp.com\/vincentiens.org\/wp-content\/uploads\/2011\/09\/vincent_de_paul2-195x300.jpg?resize=350%2C200","width":350,"height":200},"classes":[]}],"_links":{"self":[{"href":"https:\/\/vincentians.com\/fr\/wp-json\/wp\/v2\/posts\/187967","targetHints":{"allow":["GET"]}}],"collection":[{"href":"https:\/\/vincentians.com\/fr\/wp-json\/wp\/v2\/posts"}],"about":[{"href":"https:\/\/vincentians.com\/fr\/wp-json\/wp\/v2\/types\/post"}],"author":[{"embeddable":true,"href":"https:\/\/vincentians.com\/fr\/wp-json\/wp\/v2\/users\/4"}],"replies":[{"embeddable":true,"href":"https:\/\/vincentians.com\/fr\/wp-json\/wp\/v2\/comments?post=187967"}],"version-history":[{"count":0,"href":"https:\/\/vincentians.com\/fr\/wp-json\/wp\/v2\/posts\/187967\/revisions"}],"wp:featuredmedia":[{"embeddable":true,"href":"https:\/\/vincentians.com\/fr\/wp-json\/"}],"wp:attachment":[{"href":"https:\/\/vincentians.com\/fr\/wp-json\/wp\/v2\/media?parent=187967"}],"wp:term":[{"taxonomy":"category","embeddable":true,"href":"https:\/\/vincentians.com\/fr\/wp-json\/wp\/v2\/categories?post=187967"},{"taxonomy":"post_tag","embeddable":true,"href":"https:\/\/vincentians.com\/fr\/wp-json\/wp\/v2\/tags?post=187967"}],"curies":[{"name":"wp","href":"https:\/\/api.w.org\/{rel}","templated":true}]}}