{"id":132873,"date":"2014-12-22T03:59:03","date_gmt":"2014-12-22T02:59:03","guid":{"rendered":"http:\/\/vincentiens.org\/?p=132873"},"modified":"2014-12-22T03:59:03","modified_gmt":"2014-12-22T02:59:03","slug":"paulin-poustomis","status":"publish","type":"post","link":"https:\/\/vincentians.com\/fr\/paulin-poustomis\/","title":{"rendered":"Paulin Poustomis"},"content":{"rendered":"<p><a href=\"https:\/\/i0.wp.com\/vincentiens.org\/wp-content\/uploads\/2012\/11\/lazaristes.jpg\"><img data-recalc-dims=\"1\" loading=\"lazy\" decoding=\"async\" class=\"alignright size-medium wp-image-104795\" title=\"lazaristes\" src=\"https:\/\/i0.wp.com\/vincentiens.org\/wp-content\/uploads\/2012\/11\/lazaristes-236x300.jpg?resize=236%2C300\" alt=\"\" width=\"236\" height=\"300\" \/><\/a>\u9c8d\u6d2a\u6069<br \/>\n<em>P<\/em><em>AO <\/em><em>H<\/em><em>ONG<\/em><em>&#8211;<\/em><em>NGEN<\/em><\/p>\n<p><em>Pr\u00eatre.<\/em><\/p>\n<p>N\u00e9 \u00e0 Valence, Tarn (France), le 26 juin 1833; re\u00e7u au s\u00e9minaire \u00e0 Paris le 31 octobre 1852, il y lit les v\u0153ux le 1<sup>er<\/sup> novembre 1854; y fut ordonn\u00e9 pr\u00eatre le 20 d\u00e9cembre 1856; arriv\u00e9 \u00e0 Pekin \u5317\u4eac le 28 mars 1868; rentra en France le 1<sup>er<\/sup> ao\u00fbt suivant. Sorti de la Congr\u00e9gation.<\/p>\n<p>Notice manuscrite. &#8211; Notes de Paris.<\/p>\n","protected":false},"excerpt":{"rendered":"<p>\u9c8d\u6d2a\u6069 PAO HONG&#8211;NGEN Pr\u00eatre. N\u00e9 \u00e0 Valence, Tarn (France), le 26 juin 1833; re\u00e7u au s\u00e9minaire \u00e0 Paris le 31 octobre 1852, il y lit les v\u0153ux le 1er novembre 1854; y fut ordonn\u00e9 pr\u00eatre &#8230; <a href=\"https:\/\/vincentians.com\/fr\/paulin-poustomis\/\" class=\"more-link\">Read More<\/a><\/p>\n","protected":false},"author":4,"featured_media":189930,"comment_status":"open","ping_status":"open","sticky":false,"template":"","format":"standard","meta":{"jetpack_post_was_ever_published":false,"_jetpack_newsletter_access":"","_jetpack_dont_email_post_to_subs":false,"_jetpack_newsletter_tier_id":0,"_jetpack_memberships_contains_paywalled_content":false,"_jetpack_memberships_contains_paid_content":false,"footnotes":"","jetpack_publicize_message":"","jetpack_publicize_feature_enabled":true,"jetpack_social_post_already_shared":true,"jetpack_social_options":{"image_generator_settings":{"template":"highway","default_image_id":0,"font":"","enabled":false},"version":2}},"categories":[115],"tags":[],"class_list":["post-132873","post","type-post","status-publish","format-standard","has-post-thumbnail","hentry","category-biographies-lazaristes"],"yoast_head":"<!-- This site is optimized with the Yoast SEO plugin v26.3 - https:\/\/yoast.com\/wordpress\/plugins\/seo\/ -->\n<title>Paulin Poustomis - Nous Sommes Vincentiens<\/title>\n<meta name=\"robots\" content=\"index, follow, max-snippet:-1, max-image-preview:large, max-video-preview:-1\" \/>\n<link rel=\"canonical\" href=\"https:\/\/vincentians.com\/fr\/paulin-poustomis\/\" \/>\n<meta property=\"og:locale\" content=\"fr_FR\" \/>\n<meta property=\"og:type\" content=\"article\" \/>\n<meta property=\"og:title\" content=\"Paulin Poustomis - Nous Sommes Vincentiens\" \/>\n<meta property=\"og:description\" content=\"\u9c8d\u6d2a\u6069 PAO HONG&#8211;NGEN Pr\u00eatre. N\u00e9 \u00e0 Valence, Tarn (France), le 26 juin 1833; re\u00e7u au s\u00e9minaire \u00e0 Paris le 31 octobre 1852, il y lit les v\u0153ux le 1er novembre 1854; y fut ordonn\u00e9 pr\u00eatre ... Read More\" \/>\n<meta property=\"og:url\" content=\"https:\/\/vincentians.com\/fr\/paulin-poustomis\/\" \/>\n<meta property=\"og:site_name\" content=\"Nous Sommes Vincentiens\" \/>\n<meta property=\"article:publisher\" content=\"https:\/\/www.facebook.com\/WeAreVincentians\/\" \/>\n<meta property=\"article:author\" content=\"https:\/\/www.facebook.com\/JavierChento\" \/>\n<meta property=\"article:published_time\" content=\"2014-12-22T02:59:03+00:00\" \/>\n<meta property=\"og:image\" content=\"https:\/\/i0.wp.com\/vincentians.com\/fr\/wp-content\/uploads\/sites\/10\/2016\/08\/bio-congregation-of-the-mission.jpg?fit=1200%2C630&ssl=1\" \/>\n\t<meta property=\"og:image:width\" content=\"1200\" \/>\n\t<meta property=\"og:image:height\" content=\"630\" \/>\n\t<meta property=\"og:image:type\" content=\"image\/jpeg\" \/>\n<meta name=\"author\" content=\"Francisco Javier Fern\u00e1ndez Chento\" \/>\n<meta name=\"twitter:card\" content=\"summary_large_image\" \/>\n<meta name=\"twitter:creator\" content=\"@https:\/\/twitter.com\/javierchento\" \/>\n<meta name=\"twitter:site\" content=\"@WeVincentians\" \/>\n<meta name=\"twitter:label1\" content=\"\u00c9crit par\" \/>\n\t<meta name=\"twitter:data1\" content=\"Francisco Javier Fern\u00e1ndez Chento\" \/>\n<script type=\"application\/ld+json\" class=\"yoast-schema-graph\">{\"@context\":\"https:\/\/schema.org\",\"@graph\":[{\"@type\":\"WebPage\",\"@id\":\"https:\/\/vincentians.com\/fr\/paulin-poustomis\/\",\"url\":\"https:\/\/vincentians.com\/fr\/paulin-poustomis\/\",\"name\":\"Paulin Poustomis - Nous Sommes Vincentiens\",\"isPartOf\":{\"@id\":\"http:\/\/vincentians.com\/fr\/#website\"},\"primaryImageOfPage\":{\"@id\":\"https:\/\/vincentians.com\/fr\/paulin-poustomis\/#primaryimage\"},\"image\":{\"@id\":\"https:\/\/vincentians.com\/fr\/paulin-poustomis\/#primaryimage\"},\"thumbnailUrl\":\"https:\/\/i0.wp.com\/vincentians.com\/fr\/wp-content\/uploads\/sites\/10\/2016\/08\/bio-congregation-of-the-mission.jpg?fit=1200%2C630&ssl=1\",\"datePublished\":\"2014-12-22T02:59:03+00:00\",\"author\":{\"@id\":\"http:\/\/vincentians.com\/fr\/#\/schema\/person\/9623ef4d9aa3b2dfb8c061f1499288f2\"},\"breadcrumb\":{\"@id\":\"https:\/\/vincentians.com\/fr\/paulin-poustomis\/#breadcrumb\"},\"inLanguage\":\"fr-FR\",\"potentialAction\":[{\"@type\":\"ReadAction\",\"target\":[\"https:\/\/vincentians.com\/fr\/paulin-poustomis\/\"]}]},{\"@type\":\"ImageObject\",\"inLanguage\":\"fr-FR\",\"@id\":\"https:\/\/vincentians.com\/fr\/paulin-poustomis\/#primaryimage\",\"url\":\"https:\/\/i0.wp.com\/vincentians.com\/fr\/wp-content\/uploads\/sites\/10\/2016\/08\/bio-congregation-of-the-mission.jpg?fit=1200%2C630&ssl=1\",\"contentUrl\":\"https:\/\/i0.wp.com\/vincentians.com\/fr\/wp-content\/uploads\/sites\/10\/2016\/08\/bio-congregation-of-the-mission.jpg?fit=1200%2C630&ssl=1\",\"width\":1200,\"height\":630},{\"@type\":\"BreadcrumbList\",\"@id\":\"https:\/\/vincentians.com\/fr\/paulin-poustomis\/#breadcrumb\",\"itemListElement\":[{\"@type\":\"ListItem\",\"position\":1,\"name\":\"Portada\",\"item\":\"http:\/\/vincentians.com\/fr\/\"},{\"@type\":\"ListItem\",\"position\":2,\"name\":\"Paulin Poustomis\"}]},{\"@type\":\"WebSite\",\"@id\":\"http:\/\/vincentians.com\/fr\/#website\",\"url\":\"http:\/\/vincentians.com\/fr\/\",\"name\":\"Nous Sommes Vincentiens\",\"description\":\"Know more to serve more\",\"potentialAction\":[{\"@type\":\"SearchAction\",\"target\":{\"@type\":\"EntryPoint\",\"urlTemplate\":\"http:\/\/vincentians.com\/fr\/?s={search_term_string}\"},\"query-input\":{\"@type\":\"PropertyValueSpecification\",\"valueRequired\":true,\"valueName\":\"search_term_string\"}}],\"inLanguage\":\"fr-FR\"},{\"@type\":\"Person\",\"@id\":\"http:\/\/vincentians.com\/fr\/#\/schema\/person\/9623ef4d9aa3b2dfb8c061f1499288f2\",\"name\":\"Francisco Javier Fern\u00e1ndez Chento\",\"image\":{\"@type\":\"ImageObject\",\"inLanguage\":\"fr-FR\",\"@id\":\"http:\/\/vincentians.com\/fr\/#\/schema\/person\/image\/\",\"url\":\"https:\/\/secure.gravatar.com\/avatar\/497d5cde87b4c3d097d0315953521681ba2cd523ee66e5077c3711f7021e65de?s=96&d=mm&r=g\",\"contentUrl\":\"https:\/\/secure.gravatar.com\/avatar\/497d5cde87b4c3d097d0315953521681ba2cd523ee66e5077c3711f7021e65de?s=96&d=mm&r=g\",\"caption\":\"Francisco Javier Fern\u00e1ndez Chento\"},\"description\":\"Director General y cofundador de La Red de Formaci\u00f3n Vicenciana. Javier es laico vicenciano, afiliado a la Congregaci\u00f3n de la Misi\u00f3n y miembro del Equipo de Misiones Populares de la provincia can\u00f3nica de Zaragoza (Espa\u00f1a) de la Congregaci\u00f3n de la Misi\u00f3n. Graduado en la Universidad Oberta de Catalunya con cuatro grados (Asistente de direcci\u00f3n, Gesti\u00f3n Administrativa, Recursos Humanos y Contabilidad Avanzada). Bil\u00edng\u00fce Espa\u00f1ol\/Ingl\u00e9s. gestiona y mantiene varias p\u00e1ginas web cristianas y vicencianas, incluida including La Red de Formaci\u00f3n Vicenciana, de la que es cofundador. Actualmente es responsable del \u00e1rea de Espa\u00f1ol de .famvin, la Red de Noticias de la Familia Vicenciana. Tambi\u00e9n es m\u00fasico cat\u00f3lico y ha editado varios discos. Es Director General y cofundador de Trovador, una reconocida compa\u00f1\u00eda discogr\u00e1fica critiana de Espa\u00f1a. Trabaja en las Tecnolog\u00edas de la Informaci\u00f3n, ofreciendo servicios de alojamiento, dise\u00f1o y mantenimiento Web, as\u00ed como asesoramiento, formaci\u00f3n y soluciones inform\u00e1ticas, gesti\u00f3n documental y digitalizaci\u00f3n de textos, edici\u00f3n y maquetaci\u00f3n de libros, revistas, flyers, etc.\",\"sameAs\":[\"http:\/\/chento.org\",\"https:\/\/www.facebook.com\/JavierChento\",\"https:\/\/x.com\/https:\/\/twitter.com\/javierchento\"],\"url\":\"https:\/\/vincentians.com\/fr\/author\/chento\/\"}]}<\/script>\n<!-- \/ Yoast SEO plugin. -->","yoast_head_json":{"title":"Paulin Poustomis - Nous Sommes Vincentiens","robots":{"index":"index","follow":"follow","max-snippet":"max-snippet:-1","max-image-preview":"max-image-preview:large","max-video-preview":"max-video-preview:-1"},"canonical":"https:\/\/vincentians.com\/fr\/paulin-poustomis\/","og_locale":"fr_FR","og_type":"article","og_title":"Paulin Poustomis - Nous Sommes Vincentiens","og_description":"\u9c8d\u6d2a\u6069 PAO HONG&#8211;NGEN Pr\u00eatre. N\u00e9 \u00e0 Valence, Tarn (France), le 26 juin 1833; re\u00e7u au s\u00e9minaire \u00e0 Paris le 31 octobre 1852, il y lit les v\u0153ux le 1er novembre 1854; y fut ordonn\u00e9 pr\u00eatre ... Read More","og_url":"https:\/\/vincentians.com\/fr\/paulin-poustomis\/","og_site_name":"Nous Sommes Vincentiens","article_publisher":"https:\/\/www.facebook.com\/WeAreVincentians\/","article_author":"https:\/\/www.facebook.com\/JavierChento","article_published_time":"2014-12-22T02:59:03+00:00","og_image":[{"width":1200,"height":630,"url":"https:\/\/i0.wp.com\/vincentians.com\/fr\/wp-content\/uploads\/sites\/10\/2016\/08\/bio-congregation-of-the-mission.jpg?fit=1200%2C630&ssl=1","type":"image\/jpeg"}],"author":"Francisco Javier Fern\u00e1ndez Chento","twitter_card":"summary_large_image","twitter_creator":"@https:\/\/twitter.com\/javierchento","twitter_site":"@WeVincentians","twitter_misc":{"\u00c9crit par":"Francisco Javier Fern\u00e1ndez Chento"},"schema":{"@context":"https:\/\/schema.org","@graph":[{"@type":"WebPage","@id":"https:\/\/vincentians.com\/fr\/paulin-poustomis\/","url":"https:\/\/vincentians.com\/fr\/paulin-poustomis\/","name":"Paulin Poustomis - Nous Sommes Vincentiens","isPartOf":{"@id":"http:\/\/vincentians.com\/fr\/#website"},"primaryImageOfPage":{"@id":"https:\/\/vincentians.com\/fr\/paulin-poustomis\/#primaryimage"},"image":{"@id":"https:\/\/vincentians.com\/fr\/paulin-poustomis\/#primaryimage"},"thumbnailUrl":"https:\/\/i0.wp.com\/vincentians.com\/fr\/wp-content\/uploads\/sites\/10\/2016\/08\/bio-congregation-of-the-mission.jpg?fit=1200%2C630&ssl=1","datePublished":"2014-12-22T02:59:03+00:00","author":{"@id":"http:\/\/vincentians.com\/fr\/#\/schema\/person\/9623ef4d9aa3b2dfb8c061f1499288f2"},"breadcrumb":{"@id":"https:\/\/vincentians.com\/fr\/paulin-poustomis\/#breadcrumb"},"inLanguage":"fr-FR","potentialAction":[{"@type":"ReadAction","target":["https:\/\/vincentians.com\/fr\/paulin-poustomis\/"]}]},{"@type":"ImageObject","inLanguage":"fr-FR","@id":"https:\/\/vincentians.com\/fr\/paulin-poustomis\/#primaryimage","url":"https:\/\/i0.wp.com\/vincentians.com\/fr\/wp-content\/uploads\/sites\/10\/2016\/08\/bio-congregation-of-the-mission.jpg?fit=1200%2C630&ssl=1","contentUrl":"https:\/\/i0.wp.com\/vincentians.com\/fr\/wp-content\/uploads\/sites\/10\/2016\/08\/bio-congregation-of-the-mission.jpg?fit=1200%2C630&ssl=1","width":1200,"height":630},{"@type":"BreadcrumbList","@id":"https:\/\/vincentians.com\/fr\/paulin-poustomis\/#breadcrumb","itemListElement":[{"@type":"ListItem","position":1,"name":"Portada","item":"http:\/\/vincentians.com\/fr\/"},{"@type":"ListItem","position":2,"name":"Paulin Poustomis"}]},{"@type":"WebSite","@id":"http:\/\/vincentians.com\/fr\/#website","url":"http:\/\/vincentians.com\/fr\/","name":"Nous Sommes Vincentiens","description":"Know more to serve more","potentialAction":[{"@type":"SearchAction","target":{"@type":"EntryPoint","urlTemplate":"http:\/\/vincentians.com\/fr\/?s={search_term_string}"},"query-input":{"@type":"PropertyValueSpecification","valueRequired":true,"valueName":"search_term_string"}}],"inLanguage":"fr-FR"},{"@type":"Person","@id":"http:\/\/vincentians.com\/fr\/#\/schema\/person\/9623ef4d9aa3b2dfb8c061f1499288f2","name":"Francisco Javier Fern\u00e1ndez Chento","image":{"@type":"ImageObject","inLanguage":"fr-FR","@id":"http:\/\/vincentians.com\/fr\/#\/schema\/person\/image\/","url":"https:\/\/secure.gravatar.com\/avatar\/497d5cde87b4c3d097d0315953521681ba2cd523ee66e5077c3711f7021e65de?s=96&d=mm&r=g","contentUrl":"https:\/\/secure.gravatar.com\/avatar\/497d5cde87b4c3d097d0315953521681ba2cd523ee66e5077c3711f7021e65de?s=96&d=mm&r=g","caption":"Francisco Javier Fern\u00e1ndez Chento"},"description":"Director General y cofundador de La Red de Formaci\u00f3n Vicenciana. Javier es laico vicenciano, afiliado a la Congregaci\u00f3n de la Misi\u00f3n y miembro del Equipo de Misiones Populares de la provincia can\u00f3nica de Zaragoza (Espa\u00f1a) de la Congregaci\u00f3n de la Misi\u00f3n. Graduado en la Universidad Oberta de Catalunya con cuatro grados (Asistente de direcci\u00f3n, Gesti\u00f3n Administrativa, Recursos Humanos y Contabilidad Avanzada). Bil\u00edng\u00fce Espa\u00f1ol\/Ingl\u00e9s. gestiona y mantiene varias p\u00e1ginas web cristianas y vicencianas, incluida including La Red de Formaci\u00f3n Vicenciana, de la que es cofundador. Actualmente es responsable del \u00e1rea de Espa\u00f1ol de .famvin, la Red de Noticias de la Familia Vicenciana. Tambi\u00e9n es m\u00fasico cat\u00f3lico y ha editado varios discos. Es Director General y cofundador de Trovador, una reconocida compa\u00f1\u00eda discogr\u00e1fica critiana de Espa\u00f1a. Trabaja en las Tecnolog\u00edas de la Informaci\u00f3n, ofreciendo servicios de alojamiento, dise\u00f1o y mantenimiento Web, as\u00ed como asesoramiento, formaci\u00f3n y soluciones inform\u00e1ticas, gesti\u00f3n documental y digitalizaci\u00f3n de textos, edici\u00f3n y maquetaci\u00f3n de libros, revistas, flyers, etc.","sameAs":["http:\/\/chento.org","https:\/\/www.facebook.com\/JavierChento","https:\/\/x.com\/https:\/\/twitter.com\/javierchento"],"url":"https:\/\/vincentians.com\/fr\/author\/chento\/"}]}},"jetpack_publicize_connections":[],"jetpack_featured_media_url":"https:\/\/i0.wp.com\/vincentians.com\/fr\/wp-content\/uploads\/sites\/10\/2016\/08\/bio-congregation-of-the-mission.jpg?fit=1200%2C630&ssl=1","jetpack_sharing_enabled":true,"jetpack_shortlink":"https:\/\/wp.me\/p7ETMP-yz7","jetpack-related-posts":[{"id":106592,"url":"https:\/\/vincentians.com\/fr\/etienne-bernard-peschaud\/","url_meta":{"origin":132873,"position":0},"title":"\u00c9tienne-Bernard Peschaud","author":"Francisco Javier Fern\u00e1ndez Chento","date":"30\/11\/2013","format":false,"excerpt":"\u8c22SIE Pr\u00eatre. N\u00e9 \u00e0 La Chapelle d'Alagnon, Canton de Murat, Cantal (France), le 11 f\u00e9vrier 1820; re\u00e7u au s\u00e9minaire \u00e0 Paris le 15 juin 1841; il y fit les v\u0153ux le 18 juin 1843; y fut ordonn\u00e9 pr\u00eatre le 1er juin 1844; arrive \u00e0 Macao \u6fb3\u95e8 le 12 mars 1846.\u2026","rel":"","context":"Dans &quot;Biographies Lazaristes&quot;","block_context":{"text":"Biographies Lazaristes","link":"https:\/\/vincentians.com\/fr\/category\/biographies-lazaristes\/"},"img":{"alt_text":"","src":"https:\/\/i0.wp.com\/vincentians.com\/fr\/wp-content\/uploads\/sites\/10\/2016\/08\/bio-congregation-of-the-mission.jpg?fit=1200%2C630&ssl=1&resize=350%2C200","width":350,"height":200,"srcset":"https:\/\/i0.wp.com\/vincentians.com\/fr\/wp-content\/uploads\/sites\/10\/2016\/08\/bio-congregation-of-the-mission.jpg?fit=1200%2C630&ssl=1&resize=350%2C200 1x, https:\/\/i0.wp.com\/vincentians.com\/fr\/wp-content\/uploads\/sites\/10\/2016\/08\/bio-congregation-of-the-mission.jpg?fit=1200%2C630&ssl=1&resize=525%2C300 1.5x, https:\/\/i0.wp.com\/vincentians.com\/fr\/wp-content\/uploads\/sites\/10\/2016\/08\/bio-congregation-of-the-mission.jpg?fit=1200%2C630&ssl=1&resize=700%2C400 2x, https:\/\/i0.wp.com\/vincentians.com\/fr\/wp-content\/uploads\/sites\/10\/2016\/08\/bio-congregation-of-the-mission.jpg?fit=1200%2C630&ssl=1&resize=1050%2C600 3x"},"classes":[]},{"id":107577,"url":"https:\/\/vincentians.com\/fr\/jean-baptiste-raphael-thierry\/","url_meta":{"origin":132873,"position":1},"title":"Jean-Baptiste-Rapha\u00ebl Thierry","author":"Francisco Javier Fern\u00e1ndez Chento","date":"02\/01\/2014","format":false,"excerpt":"\u72c4\u4ec1\u5409TI JEN-KI Pr\u00eatre. N\u00e9 \u00e0 Arthonnay, Yonne (France), le 23juin 1823; ordonn\u00e9 pr\u00eatre \u00e0 Sens le 27 mai 1850; re\u00e7u au s\u00e9minaire \u00e0 Paris le 31 octobre 1852; y fit les v\u0153ux le 1er novembre 1854. Arriv\u00e9 \u00e0 Ning-po \u5b81\u6ce2 le 16 d\u00e9cembre 1855. Missionnaire dans le vicariat de Pekin\u2026","rel":"","context":"Dans &quot;Biographies Lazaristes&quot;","block_context":{"text":"Biographies Lazaristes","link":"https:\/\/vincentians.com\/fr\/category\/biographies-lazaristes\/"},"img":{"alt_text":"","src":"https:\/\/i0.wp.com\/vincentians.com\/fr\/wp-content\/uploads\/sites\/10\/2016\/08\/bio-congregation-of-the-mission.jpg?fit=1200%2C630&ssl=1&resize=350%2C200","width":350,"height":200,"srcset":"https:\/\/i0.wp.com\/vincentians.com\/fr\/wp-content\/uploads\/sites\/10\/2016\/08\/bio-congregation-of-the-mission.jpg?fit=1200%2C630&ssl=1&resize=350%2C200 1x, https:\/\/i0.wp.com\/vincentians.com\/fr\/wp-content\/uploads\/sites\/10\/2016\/08\/bio-congregation-of-the-mission.jpg?fit=1200%2C630&ssl=1&resize=525%2C300 1.5x, https:\/\/i0.wp.com\/vincentians.com\/fr\/wp-content\/uploads\/sites\/10\/2016\/08\/bio-congregation-of-the-mission.jpg?fit=1200%2C630&ssl=1&resize=700%2C400 2x, https:\/\/i0.wp.com\/vincentians.com\/fr\/wp-content\/uploads\/sites\/10\/2016\/08\/bio-congregation-of-the-mission.jpg?fit=1200%2C630&ssl=1&resize=1050%2C600 3x"},"classes":[]},{"id":106558,"url":"https:\/\/vincentians.com\/fr\/evariste-regis-huc\/","url_meta":{"origin":132873,"position":2},"title":"\u00c9variste-R\u00e8gis Huc","author":"Francisco Javier Fern\u00e1ndez Chento","date":"14\/11\/2013","format":false,"excerpt":"\u53e4\u4f2f\u5bdfKOU PO-TCH\u2019A Pr\u00eatre. N\u00e9 \u00e0 Caylus, Tarn-et-Garonne (France), le 1er juin 1813; re\u00e7u au s\u00e9minaire \u00e0 Paris le 9 octobre 1836; il y fit les v\u0153ux le 15 octobre 1838; y fut ordonn\u00e9 pr\u00eatre le 28 janvier 1839; arriv\u00e9 \u00e0 Macao \u6fb3\u95e8 le 31 juillet suivant. Missionnaire en Mongolie \u8499\u53e4,\u2026","rel":"","context":"Dans &quot;Biographies Lazaristes&quot;","block_context":{"text":"Biographies Lazaristes","link":"https:\/\/vincentians.com\/fr\/category\/biographies-lazaristes\/"},"img":{"alt_text":"","src":"https:\/\/i0.wp.com\/vincentians.com\/fr\/wp-content\/uploads\/sites\/10\/2016\/08\/bio-congregation-of-the-mission.jpg?fit=1200%2C630&ssl=1&resize=350%2C200","width":350,"height":200,"srcset":"https:\/\/i0.wp.com\/vincentians.com\/fr\/wp-content\/uploads\/sites\/10\/2016\/08\/bio-congregation-of-the-mission.jpg?fit=1200%2C630&ssl=1&resize=350%2C200 1x, https:\/\/i0.wp.com\/vincentians.com\/fr\/wp-content\/uploads\/sites\/10\/2016\/08\/bio-congregation-of-the-mission.jpg?fit=1200%2C630&ssl=1&resize=525%2C300 1.5x, https:\/\/i0.wp.com\/vincentians.com\/fr\/wp-content\/uploads\/sites\/10\/2016\/08\/bio-congregation-of-the-mission.jpg?fit=1200%2C630&ssl=1&resize=700%2C400 2x, https:\/\/i0.wp.com\/vincentians.com\/fr\/wp-content\/uploads\/sites\/10\/2016\/08\/bio-congregation-of-the-mission.jpg?fit=1200%2C630&ssl=1&resize=1050%2C600 3x"},"classes":[]},{"id":107561,"url":"https:\/\/vincentians.com\/fr\/jean-henri-salvan\/","url_meta":{"origin":132873,"position":3},"title":"Jean-Henri Salvan","author":"Francisco Javier Fern\u00e1ndez Chento","date":"12\/01\/2014","format":false,"excerpt":"\u6587WEN Pr\u00eatre. N\u00e9 \u00e0 Puy-Laurens, Tarn (France), le 21 octobre 1831; [67] re\u00e7u au s\u00e9minaire \u00e0 Paris le 31 octobre 1852; il fit les v\u0153ux le 1er novembre 1854; fut ordonn\u00e9 pr\u00eatre \u00e0 Paris le 6 juin 1857; arriv\u00e9 \u00e0 Chang-hai \u4e0a\u6d77 le 3 juillet 1860. Missionnaire au Tche-kiang \u6d59\u6c5f,\u2026","rel":"","context":"Dans &quot;Biographies Lazaristes&quot;","block_context":{"text":"Biographies Lazaristes","link":"https:\/\/vincentians.com\/fr\/category\/biographies-lazaristes\/"},"img":{"alt_text":"","src":"https:\/\/i0.wp.com\/vincentians.com\/fr\/wp-content\/uploads\/sites\/10\/2016\/08\/bio-congregation-of-the-mission.jpg?fit=1200%2C630&ssl=1&resize=350%2C200","width":350,"height":200,"srcset":"https:\/\/i0.wp.com\/vincentians.com\/fr\/wp-content\/uploads\/sites\/10\/2016\/08\/bio-congregation-of-the-mission.jpg?fit=1200%2C630&ssl=1&resize=350%2C200 1x, https:\/\/i0.wp.com\/vincentians.com\/fr\/wp-content\/uploads\/sites\/10\/2016\/08\/bio-congregation-of-the-mission.jpg?fit=1200%2C630&ssl=1&resize=525%2C300 1.5x, https:\/\/i0.wp.com\/vincentians.com\/fr\/wp-content\/uploads\/sites\/10\/2016\/08\/bio-congregation-of-the-mission.jpg?fit=1200%2C630&ssl=1&resize=700%2C400 2x, https:\/\/i0.wp.com\/vincentians.com\/fr\/wp-content\/uploads\/sites\/10\/2016\/08\/bio-congregation-of-the-mission.jpg?fit=1200%2C630&ssl=1&resize=1050%2C600 3x"},"classes":[]},{"id":150851,"url":"https:\/\/vincentians.com\/fr\/alexandre-jean-provost\/","url_meta":{"origin":132873,"position":4},"title":"Alexandre-Jean Provost","author":"Francisco Javier Fern\u00e1ndez Chento","date":"12\/01\/2015","format":false,"excerpt":"\u7f57\u58eb\u6587 LOUO CHE-WEN Pr\u00eatre. N\u00e9 \u00e0 Saint-Aignan-sur-Ro\u00eb, Mayenne (France), le 13 avril 1850; re\u00e7u au s\u00e9minaire \u00e0 Paris le 3 octobre 1869; il y fit les v\u0153ux le 17 octobre 1871; arriv\u00e9 \u00e0 Pekin \u5317\u4eac le 29 mars 1872; il y fut ordonn\u00e9 pr\u00eatre le 1er novembre 1874. Missionnaire dans\u2026","rel":"","context":"Dans &quot;Biographies Lazaristes&quot;","block_context":{"text":"Biographies Lazaristes","link":"https:\/\/vincentians.com\/fr\/category\/biographies-lazaristes\/"},"img":{"alt_text":"","src":"https:\/\/i0.wp.com\/vincentians.com\/fr\/wp-content\/uploads\/sites\/10\/2016\/08\/bio-congregation-of-the-mission.jpg?fit=1200%2C630&ssl=1&resize=350%2C200","width":350,"height":200,"srcset":"https:\/\/i0.wp.com\/vincentians.com\/fr\/wp-content\/uploads\/sites\/10\/2016\/08\/bio-congregation-of-the-mission.jpg?fit=1200%2C630&ssl=1&resize=350%2C200 1x, https:\/\/i0.wp.com\/vincentians.com\/fr\/wp-content\/uploads\/sites\/10\/2016\/08\/bio-congregation-of-the-mission.jpg?fit=1200%2C630&ssl=1&resize=525%2C300 1.5x, https:\/\/i0.wp.com\/vincentians.com\/fr\/wp-content\/uploads\/sites\/10\/2016\/08\/bio-congregation-of-the-mission.jpg?fit=1200%2C630&ssl=1&resize=700%2C400 2x, https:\/\/i0.wp.com\/vincentians.com\/fr\/wp-content\/uploads\/sites\/10\/2016\/08\/bio-congregation-of-the-mission.jpg?fit=1200%2C630&ssl=1&resize=1050%2C600 3x"},"classes":[]},{"id":150863,"url":"https:\/\/vincentians.com\/fr\/emile-lefebvre\/","url_meta":{"origin":132873,"position":5},"title":"\u00c9mile Lef\u00e8bvre","author":"Francisco Javier Fern\u00e1ndez Chento","date":"15\/01\/2015","format":false,"excerpt":"\u5218\u6590\u6587 LIEOU FEI-WEN Pr\u00eatre. N\u00e9 \u00e0 Tourcoing, Nord (France), le 25 f\u00e9vrier 1848; re\u00e7u au s\u00e9minaire \u00e0 Paris le 7 juillet 1870; y fut ordonn\u00e9 pr\u00eatre le 25 mai 1872; y fit les v\u0153ux le 8 juillet suivant; arriv\u00e9 \u00e0 Chang-hai \u4e0a\u6d77 le 11 d\u00e9cembre de la m\u00eame ann\u00e9e. Missionnaire\u2026","rel":"","context":"Dans &quot;Biographies Lazaristes&quot;","block_context":{"text":"Biographies Lazaristes","link":"https:\/\/vincentians.com\/fr\/category\/biographies-lazaristes\/"},"img":{"alt_text":"","src":"https:\/\/i0.wp.com\/vincentians.com\/fr\/wp-content\/uploads\/sites\/10\/2016\/08\/bio-congregation-of-the-mission.jpg?fit=1200%2C630&ssl=1&resize=350%2C200","width":350,"height":200,"srcset":"https:\/\/i0.wp.com\/vincentians.com\/fr\/wp-content\/uploads\/sites\/10\/2016\/08\/bio-congregation-of-the-mission.jpg?fit=1200%2C630&ssl=1&resize=350%2C200 1x, https:\/\/i0.wp.com\/vincentians.com\/fr\/wp-content\/uploads\/sites\/10\/2016\/08\/bio-congregation-of-the-mission.jpg?fit=1200%2C630&ssl=1&resize=525%2C300 1.5x, https:\/\/i0.wp.com\/vincentians.com\/fr\/wp-content\/uploads\/sites\/10\/2016\/08\/bio-congregation-of-the-mission.jpg?fit=1200%2C630&ssl=1&resize=700%2C400 2x, https:\/\/i0.wp.com\/vincentians.com\/fr\/wp-content\/uploads\/sites\/10\/2016\/08\/bio-congregation-of-the-mission.jpg?fit=1200%2C630&ssl=1&resize=1050%2C600 3x"},"classes":[]}],"_links":{"self":[{"href":"https:\/\/vincentians.com\/fr\/wp-json\/wp\/v2\/posts\/132873","targetHints":{"allow":["GET"]}}],"collection":[{"href":"https:\/\/vincentians.com\/fr\/wp-json\/wp\/v2\/posts"}],"about":[{"href":"https:\/\/vincentians.com\/fr\/wp-json\/wp\/v2\/types\/post"}],"author":[{"embeddable":true,"href":"https:\/\/vincentians.com\/fr\/wp-json\/wp\/v2\/users\/4"}],"replies":[{"embeddable":true,"href":"https:\/\/vincentians.com\/fr\/wp-json\/wp\/v2\/comments?post=132873"}],"version-history":[{"count":0,"href":"https:\/\/vincentians.com\/fr\/wp-json\/wp\/v2\/posts\/132873\/revisions"}],"wp:featuredmedia":[{"embeddable":true,"href":"https:\/\/vincentians.com\/fr\/wp-json\/wp\/v2\/media\/189930"}],"wp:attachment":[{"href":"https:\/\/vincentians.com\/fr\/wp-json\/wp\/v2\/media?parent=132873"}],"wp:term":[{"taxonomy":"category","embeddable":true,"href":"https:\/\/vincentians.com\/fr\/wp-json\/wp\/v2\/categories?post=132873"},{"taxonomy":"post_tag","embeddable":true,"href":"https:\/\/vincentians.com\/fr\/wp-json\/wp\/v2\/tags?post=132873"}],"curies":[{"name":"wp","href":"https:\/\/api.w.org\/{rel}","templated":true}]}}