{"id":108373,"date":"2016-07-15T20:00:14","date_gmt":"2016-07-15T18:00:14","guid":{"rendered":"http:\/\/vincentiens.org\/?p=108373"},"modified":"2016-07-15T20:00:14","modified_gmt":"2016-07-15T18:00:14","slug":"essai-sur-la-philosophie-de-dante-02","status":"publish","type":"post","link":"https:\/\/vincentians.com\/fr\/essai-sur-la-philosophie-de-dante-02\/","title":{"rendered":"Essai sur la philosophie de Dante (02)"},"content":{"rendered":"<h3>PREMIERE PARTIE CH. 1\u00a0: situation religieuse, politique, intellectuelle de la chr\u00e9tient\u00e9 du XIIIe au XIVe si\u00e8cle ; causes qui favoris\u00e8rent le d\u00e9veloppement de la philosophie.<\/h3>\n<p>La providence divine et la libert\u00e9 humaine, ces deux grandes puissances dont le concours explique l&rsquo;histoire, s\u2019accordent quelquefois pour mettre plus solennellement la main \u00e0 l&rsquo;oeuvre et pour faire toutes choses nouvelles. Alors, les tendances unanimes et spontan\u00e9es, qui sont parmi la multitude comme des manifestations de la volont\u00e9 de Dieu, changent de direction. Les institutions sociales, qui sont l&rsquo;expression d&rsquo;un d\u00e9veloppement obtenu des facult\u00e9s de l&rsquo;homme, c\u00e8dent sous l&rsquo;effort d&rsquo;un d\u00e9veloppement ult\u00e9rieur. Ces \u00e9poques sont appel\u00e9es \u00e9poques de transition. Il s\u2019en rencontre une, au moyen \u00e2ge, depuis le milieu du XIIIe jusqu&rsquo;au del\u00e0 des premi\u00e8res ann\u00e9es du XIVe si\u00e8cle.<\/p>\n<p>1 en ce temps-l\u00e0, l&rsquo;\u00e9glise elle-m\u00eame, immuable dans l&rsquo;accomplissement de ses destin\u00e9es \u00e9ternelles, dut modifier son action sur les affaires temporelles de la chr\u00e9tient\u00e9. Si, deux fois encore, elle descendit dans l&rsquo;ar\u00e8ne ; si elle combattit contre Fr\u00e9d\u00e9ric II et Philippe le bel, pour la d\u00e9fense des libert\u00e9s g\u00e9n\u00e9rales, la seconde fois, en pr\u00e9sence des malheurs de son chef, Boniface VIII, elle jugea que d&rsquo;autres temps \u00e9taient venus. Elle commen\u00e7a d\u00e8s lors \u00e0 se d\u00e9mettre de la tutelle politique qu&rsquo;elle avait exerc\u00e9e sur les peuples enfants, devenus d\u00e9sormais assez forts pour d\u00e9fendre eux-m\u00eames leur cause. Elle se retira lentement dans le domaine spirituel. Quatre conciles \u0153cum\u00e9niques : un de Latran, deux de Lyon, un de Vienne, rassembl\u00e9s en moins de cent ann\u00e9es, avaient d\u00e9j\u00e0 \u00e9tendu l&rsquo;intelligence des dogmes, resserr\u00e9 la discipline, pourvu \u00e0 la r\u00e9forme des moeurs.<\/p>\n<p>Quatre ordres religieux nouvellement institu\u00e9s, ceux de saint-Dominique et de saint-Fran\u00e7ois, les augustins, et les p\u00e8res de la merci, multipli\u00e8rent, sur tous les points qu&rsquo;ils parcoururent, les lumi\u00e8res de l&rsquo;instruction et les oeuvres merveilleuses de l&rsquo;amour. La pens\u00e9e religieuse plana moins souvent sur les champs de bataille et dans les conseils des princes, mais elle vint s\u2019asseoir plus intime au foyer des familles, elle p\u00e9n\u00e9tra plus avant dans la solitude des consciences. Elle y forma des vertus qui furent couronn\u00e9s de l&rsquo;aur\u00e9ole des saints. Il est peu de si\u00e8cles qui aient tant peupl\u00e9 les autels.<\/p>\n<p>D&rsquo;un autre c\u00f4t\u00e9, sur les plages de l&rsquo;Afrique, \u00e9chouaient deux croisades, supr\u00eames et h\u00e9ro\u00efques efforts de la chr\u00e9tient\u00e9 pour sortir de ses fronti\u00e8res europ\u00e9ennes. Il lui fallait d\u00e9fendre ces fronti\u00e8res m\u00eames au nord contre les hordes mongoles, les recouvrer au midi sur les maures. Satisfaite de conserver son ind\u00e9pendance au dehors, elle employa d\u00e9sormais ses forces au dedans. \u00e0 l&rsquo;\u00e8re glorieuse des conqu\u00eates succ\u00e9da l&rsquo;\u00e8re laborieuse de l&rsquo;organisation politique. Le saint empire romain, d\u00e9shonor\u00e9 par les crimes des Hohenstaufen, perdait les hommages de ses plus illustres feudataires et ses vieux titres de supr\u00e9matie universelle. \u00e9chapp\u00e9es \u00e0 la centralisation dont il les avait menac\u00e9es, les nationalit\u00e9s nouvelles s\u2019\u00e9tablissaient, se d\u00e9gageaient les unes des autres, se disputaient leurs limites, non sans des guerres nombreuses, non sans de fr\u00e9quentes tentatives diplomatiques qui furent les premiers rudiments du droit international.<\/p>\n<p>-l&rsquo;aristocratie f\u00e9odale cessait d&rsquo;\u00eatre ce pouvoir exclusif, devant lequel plusieurs g\u00e9n\u00e9rations s\u2019\u00e9taient silencieusement inclin\u00e9es. Elle dut entrer en lutte ou en n\u00e9gociations avec la royaut\u00e9, qui se s\u00e9parait d&rsquo;elle ; avec le clerg\u00e9 et le peuple, qui r\u00e9clamaient \u00e9nergiquement leurs franchises. Sous les noms d&rsquo;\u00e9tats, de parlements, de di\u00e8tes, de cort\u00e8s, des assembl\u00e9es repr\u00e9sentatives exist\u00e8rent, o\u00f9 les trois ordres paraissaient comme les gardiens des int\u00e9r\u00eats moraux, militaires, industriels, des nations. Mais surtout le tiers-\u00e9tat, issu de l&rsquo;\u00e9mancipation des communes, grossi par l&rsquo;affranchissement d&rsquo;un grand nombre de serfs, ing\u00e9nieux \u00e0 entretenir dans ses rangs cette union qui fait la force, habile \u00e0 s\u2019allier avec les pouvoirs plus anciens que lui, agrandissait progressivement la place qui lui \u00e9tait faite dans le droit public reconstitu\u00e9. -les coutumes locales et arbitraires c\u00e9daient \u00e0 l&rsquo;autorit\u00e9 g\u00e9n\u00e9rale des ordonnances des princes, \u00e0 l&rsquo;autorit\u00e9 savante de la jurisprudence romaine. Les lois nouvellement codifi\u00e9es s\u2019ex\u00e9cut\u00e8rent par le minist\u00e8re d&rsquo;une magistrature s\u00e9dentaire, et qui admit des roturiers dans ses tribunaux. De ce moment, devait dater la renaissance du droit civil.<\/p>\n<p>De pacifiques r\u00e9volutions s\u2019accomplissaient aussi dans l&#8217;empire de la pens\u00e9e. La th\u00e9ologie dominait encore les sciences, mais elle les voyait sans jalousie grandir autour d&rsquo;elle. Les voyages de Marco Polo, les missions de quelques pauvres religieux \u00e0 travers les d\u00e9serts de l&rsquo;Asie septentrionale, les vaisseaux g\u00e9nois pouss\u00e9s par les vents aux rivages des Canaries avaient recul\u00e9 les bornes de la terre connue. La d\u00e9couverte de la boussole, des lunettes, de la poudre \u00e0 canon, faisait pressentir, dans la nature, des forces inaper\u00e7ues jusque l\u00e0. De toutes parts s\u2019ouvraient des \u00e9coles, vari\u00e9es, sp\u00e9ciales, comme celles de Salerne et de Montpellier, pour la m\u00e9decine ; de Pise, pour la jurisprudence. Dans les principales provinces du monde chr\u00e9tien s\u2019\u00e9levaient des universit\u00e9s vraiment dignes de ce nom, par le caract\u00e8re encyclop\u00e9dique de leur enseignement, et par la multitude des \u00e9tudiants qu&rsquo;elles attiraient des contr\u00e9es les plus lointaines. Paris en avait donn\u00e9 le premier exemple. Oxford, Bologne, Padoue, Salamanque, Naples, Upsal, Naples, Lisbonne, et Rome, l&rsquo;imit\u00e8rent avant qu&rsquo;un si\u00e8cle f\u00fbt pass\u00e9. &#8211; les progr\u00e8s des arts avaient \u00e9t\u00e9 encore plus rapides. Le temps des grandes inspirations synth\u00e9tiques n&rsquo;\u00e9tait d\u00e9j\u00e0 plus : celui des travaux analytiques commen\u00e7ait. Aux \u00e9pop\u00e9es chevaleresques et aux po\u00e8mes lyriques qui s\u2019\u00e9taient chant\u00e9s succ\u00e9dait une po\u00e9sie amie de l&rsquo;all\u00e9gorie et de la satire, didactique, souvent p\u00e9dantesque, et qui, abandonn\u00e9e de la musique, ne gardait plus que le rythme.<\/p>\n<p>La prose, \u00e0 son tour, d\u00e9robait la parole \u00e9crite aux lois du rythme, pour l&rsquo;assujettir aux seules r\u00e8gles d&rsquo;une grammaire encore incertaine. Elle faisait ses premiers et timides efforts dans les recueils de lois et les histoires, et fixait le caract\u00e8re des langues modernes. Il en \u00e9tait de m\u00eame des arts du dessin.<\/p>\n<p>L&rsquo;architecture, apr\u00e8s avoir atteint la plus haute perfection possible du style gothique, tenta d&rsquo;acqu\u00e9rir en richesse ce qu&rsquo;elle perdait peut-\u00eatre en puret\u00e9. La peinture et la sculpture, abrit\u00e9es sous son ombre, asservies \u00e0 ses dispositions, trait\u00e9es jusqu&rsquo;ici comme de simples d\u00e9pendances, ne se contentaient plus d&rsquo;animer les vitraux et de donner une population aux niches des basiliques ; elles essayaient leurs premi\u00e8res compositions originales dans les fresques dont se couvrirent les murs, et dans la d\u00e9coration des tombeaux. -enfin, le commerce qui, \u00e0 la faveur des croisades, avait \u00e9tendu le cercle de ses entreprises maritimes, s\u2019occupait maintenant d&rsquo;explorer les voies de terre et de multiplier les entrep\u00f4ts. L&rsquo;industrie manufacturi\u00e8re prosp\u00e9rait dans les cit\u00e9s, \u00e0 l&rsquo;ombre des libert\u00e9s municipales. Et la transformation du servage en vasselage encourageait l&rsquo;agriculture, comme autrefois le changement de l&rsquo;esclavage en servage l&rsquo;avait r\u00e9g\u00e9n\u00e9r\u00e9e.<\/p>\n<p>Au milieu de ces formes mobiles de l&rsquo;activit\u00e9 humaine, l&rsquo;une des plus excellentes, la philosophie, ne pouvait demeurer stationnaire. Le bruit du monde ext\u00e9rieur devait parvenir jusque dans les plus profondes solitudes, d\u00e9tourner le cours et prolonger la dur\u00e9e des m\u00e9ditations les plus s\u00e9rieuses.<\/p>\n<p>Les \u00e2mes g\u00e9n\u00e9reuses ne veulent pas rester au dessous des faits dont elles sont t\u00e9moins, et les grands \u00e9v\u00e9nements provoquent les grandes conceptions.<\/p>\n<p>Mais le mouvement qui s\u2019op\u00e9rait \u00e9tait un mouvement de retraite et d&rsquo;organisation int\u00e9rieure, o\u00f9 les \u00e9l\u00e9ments \u00e9trangers, jusque l\u00e0 confondus, se d\u00e9gageaient ; o\u00f9 s\u2019attiraient des \u00e9l\u00e9ments homog\u00e8nes, jusque l\u00e0 s\u00e9par\u00e9s. Ce mouvement, en se reproduisant dans la philosophie, se r\u00e9solvait en r\u00e9flexion, abstraction, recomposition, c&rsquo;est-\u00e0-dire, dans les actes m\u00eame qui la constituent. Ainsi les efforts du si\u00e8cle portaient sur elle et d\u00e9terminaient l&rsquo;exercice de toutes ses forces.<\/p>\n<p>2 les hommes vinrent aider aux circonstances.<\/p>\n<p>Ce furent d&rsquo;abord les souverains pontifes. Innocent IV, dont l&rsquo;indomptable courage domina le XIIIe si\u00e8cle, voulut r\u00e9gner aussi par l&rsquo;intelligence.<\/p>\n<p>Oblig\u00e9 de fuir de ville en ville et d&rsquo;abriter sa t\u00eate sous des toits \u00e9trangers, il emmenait avec lui, comme le seul ornement de son exil, un cort\u00e8ge de savants qui formaient une universit\u00e9 tout enti\u00e8re. Plus tard, \u00e9tendant sa sollicitude \u00e0 toutes les \u00e9coles des royaumes chr\u00e9tiens, il s\u2019alarmait d&rsquo;y voir la foule, empress\u00e9e autour des chaires de jurisprudence, d\u00e9serter les le\u00e7ons de philosophie. Il s\u2019effor\u00e7ait de r\u00e9concilier les esprits avec cette \u00e9tude ; il y rattachait m\u00eame les int\u00e9r\u00eats, en d\u00e9cidant qu&rsquo;elle serait un pr\u00e9liminaire indispensable pour parvenir aux honneurs et aux b\u00e9n\u00e9fices eccl\u00e9siastiques.<\/p>\n<p>Urbain IV ordonna qu&rsquo;\u00e0 Rome et sous ses yeux la physique et la morale fussent enseign\u00e9es par saint Thomas D&rsquo;Aquin. Lui-m\u00eame, chaque jour apr\u00e8s son repas, faisait agiter entre ses cardinaux des disputes philosophiques auxquelles il aimait \u00e0 prendre part.<\/p>\n<p>Cette honorable familiarit\u00e9 consolait la science et lui faisait oublier les superbes m\u00e9pris des histrions dor\u00e9s et des ignorants bard\u00e9s de fer. Sur le tr\u00f4ne papal et en la personne de Cl\u00e9ment IV, Roger Bacon trouva l&rsquo;unique protecteur de ses travaux incompris. D&rsquo;autres enfin, ne port\u00e8rent pas seulement sous la tiare des dispositions bienveillantes, mais un m\u00e9rite scientifique personnel et une renomm\u00e9e justement acquise : tels furent Pierre De Tarentaise, orateur, canoniste, et m\u00e9taphysicien, qui prit le nom d&rsquo;Innocent V ; et Jean XXI, plus connu sous le nom de Pierre l&rsquo;espagnol, qui fut l&rsquo;auteur d&rsquo;une logique re\u00e7ue avec une approbation unanime, et demeur\u00e9e longtemps classique.<\/p>\n<p>Parmi les princes temporels, plusieurs imit\u00e8rent ces exemples. Ce fut d&rsquo;abord Fr\u00e9d\u00e9ric II, empereur d&rsquo;Allemagne, qui ceignit quatre couronnes, dont le r\u00e8gne ne fut qu&rsquo;une guerre de quarante ans, l\u00e9gislateur et tyran tour \u00e0 tour : vandale sous ses tentes en Lombardie, voluptueux sultan dans ses harems de Pouille et de Sicile, il fut aussi troubadour quelquefois, et souvent philosophe.<\/p>\n<p>Durant les heures de loisir qu&rsquo;il passait dans sa riche biblioth\u00e8que, des manuscrits grecs ou arabes s\u2019\u00e9taient souvent d\u00e9roul\u00e9s sous ses mains. Il en voulut doter l&rsquo;Europe ; et, dans un manifeste r\u00e9dig\u00e9 par son chancelier Pierre Des Vignes, il annon\u00e7a la traduction de plusieurs ouvrages, et sp\u00e9cialement des \u00e9crits d&rsquo;Aristote. Ce magnifique pr\u00e9sent fait \u00e0 la science marqua une \u00e9poque m\u00e9morable dans ses annales. Elle ne rencontra pas moins de faveur aupr\u00e8s du roi Robert de Naples, lou\u00e9 apr\u00e8s sa mort comme un sage consomm\u00e9 ; aupr\u00e8s d&rsquo;Alphonse de Castille, qui m\u00e9rita le titre de savant ; et jusqu&rsquo;\u00e0 la cour d&rsquo;Angleterre, o\u00f9 la foule adulatrice se pressait aux le\u00e7ons de Duns Scott. Mais, nulle part mieux qu&rsquo;en France, la royaut\u00e9 ne sut s\u2019honorer par l&rsquo;influence qu&rsquo;elle exer\u00e7a sur la culture de l&rsquo;entendement humain. Il serait long de tout redire : saint Thomas D&rsquo;Aquin convi\u00e9 \u00e0 la table de saint Louis, et le monarque faisant \u00e9crire par ses secr\u00e9taires les soudaines inspirations du docteur ; Vincent De Beauvais, admis en qualit\u00e9 de docteur dans l&rsquo;intimit\u00e9 du m\u00eame prince ; la Sorbonne fond\u00e9e ; Philippe-Le-Hardi, donnant pour pr\u00e9cepteur \u00e0 son fils le c\u00e9l\u00e8bre \u00c9gidius Colonna. Il suffit de rappeler que les bienfaits de nos rois firent la prosp\u00e9rit\u00e9 de l&rsquo;universit\u00e9 de Paris. Ils l&rsquo;environn\u00e8rent de ce prestige qui attirait sur ses bancs quarante mille \u00e9l\u00e8ves de toutes les nations, captivait dans ses chaires les plus illustres \u00e9trangers, et la rendait digne d&rsquo;\u00eatre salu\u00e9e, par les papes, comme la source de la v\u00e9rit\u00e9, comme le foyer de toutes les lumi\u00e8res. En sorte qu&rsquo;en se pla\u00e7ant, au XIII\u00e8me si\u00e8cle, sur l&rsquo;humble colline de Sainte-Genevi\u00e8ve, on voit venir tributaires \u00e0 ses pieds toutes les gloires intellectuelles du monde catholique ; on entend s\u2019agiter les innombrables questions soulev\u00e9es dans la controverse ; on d\u00e9couvre au loin les \u00e9volutions des esprits : on peut, de ce point de vue, embrasser toute l&rsquo;histoire de la philosophie contemporaine.<\/p>\n<p>La puissance spirituelle et la puissance s\u00e9culi\u00e8re si souvent arm\u00e9es l&rsquo;une contre l&rsquo;autre, s\u2019accordaient donc dans leur action sur les travaux de la pens\u00e9e. Toutes deux assuraient aux \u00e9tudes consciencieuses s\u00e9curit\u00e9, libert\u00e9, loisir. Toutes deux surtout, en donnant \u00e0 l&rsquo;enseignement une cons\u00e9cration publique, lui imposaient l&rsquo;abn\u00e9gation des rivalit\u00e9s personnelles, et le formaient \u00e0 des habitudes graves et conciliantes.<\/p>\n<p>3 un des effets les plus signal\u00e9s de cette protection des grands \u00e9tait la multiplication plus rapide des livres et des traductions ; l&rsquo;acc\u00e8s rendu chaque jour plus facile des connaissances de l&rsquo;antiquit\u00e9 et des doctrines orientales. Les derniers \u00e9crivains \u00e9chapp\u00e9s aux ruines de Rome avaient \u00e9t\u00e9, avec l&rsquo;<em>Organon <\/em>d&rsquo;Aristote et les livres de saint Denis l&rsquo;ar\u00e9opagite, les seuls initiateurs des premiers scolastiques. Plus tard, les croisades avaient familiaris\u00e9 les latins avec les langues de la Gr\u00e8ce et de l&rsquo;Orient. Les oeuvres de saint Jean Damasc\u00e8ne furent traduites ; Platon eut un commentateur ; et Guillaume, abb\u00e9 de saint-Denis, rapporta de Constantinople des manuscrits, parmi lesquels se rencontr\u00e8rent la <em>physique, <\/em>la <em>m\u00e9taphysique,<\/em> et la <em>morale <\/em>d&rsquo;Aristote. D\u00e9j\u00e0 les versions du moine Constantinus Afer, et l&rsquo;<em>Alcoran,<\/em> traduit sous les auspices de Pierre-Le-V\u00e9n\u00e9rable, avaient fait conna\u00eetre les doctrines arabes, lorsque parut le livre <em>de Causis,<\/em> o\u00f9 se trouvaient r\u00e9sum\u00e9es les id\u00e9es d&rsquo;Alpharabi, d&rsquo;Avicenne, et d&rsquo;Algazel. Mais ce fut surtout vers le temps qui nous occupe que l&rsquo;hell\u00e9nisme et l&rsquo;orientalisme intervinrent, avec un d\u00e9ploiement de forces inattendu, dans les destin\u00e9es philosophiques de l&rsquo;Occident. La diversit\u00e9 des idiomes n&rsquo;\u00e9tait plus un obstacle pour un \u00e2ge qui avait vu la conqu\u00eate de l&#8217;empire byzantin et l&rsquo;invasion de l&rsquo;\u00c9gypte par les arm\u00e9es fran\u00e7aises.<\/p>\n<p>G\u00e9rard De Cr\u00e9mone et Hermangard de Biais transport\u00e8rent en langue latine les ouvrages d&rsquo;Avicenne et d&rsquo;Averrho\u00ebs. Mo\u00efse Maimonide fit conna\u00eetre \u00e0 la fois les travaux des docteurs musulmans et les r\u00eaveries de la kabbale juive. En m\u00eame temps, l&rsquo;<em>Almageste <\/em>de Ptol\u00e9m\u00e9e, le <em>Tim\u00e9e <\/em>de Platon, les livres de Proclus, et d&rsquo;autres encore, moins renomm\u00e9s, trouv\u00e8rent des interpr\u00e8tes. Mais surtout la fortune d&rsquo;Aristote fut grande : ses oeuvres, d\u00e9j\u00e0 traduites sur des versions arabes, le furent de nouveau sur le texte original. \u00e0 la traduction, ex\u00e9cut\u00e9e par ordre de Fr\u00e9d\u00e9ric Ii, en succ\u00e9da une autre, qu&rsquo;entreprit Guillaume De Morbeka par les conseils de saint Thomas D&rsquo;Aquin et peut-\u00eatre par la volont\u00e9 d&rsquo;Urbain IV. Quelques trait\u00e9s pass\u00e8rent m\u00eame jusque dans les idiomes vulgaires. L&rsquo;opposition, d&rsquo;abord mena\u00e7ante, de l&rsquo;universit\u00e9 de Paris, qui avait obtenu dans un concile provincial la condamnation des doctrines p\u00e9ripat\u00e9ticiennes, avait \u00e9t\u00e9 mod\u00e9r\u00e9e par la sagesse du pape Gr\u00e9goire IX.<\/p>\n<p>Elle dut bient\u00f4t admettre des exceptions ; puis elle se pr\u00eata \u00e0 une tol\u00e9rance g\u00e9n\u00e9rale, et finit par s\u2019effacer devant l&rsquo;exemple des docteurs les plus v\u00e9n\u00e9r\u00e9s qui couvrirent le Stagirite de leur manteau et le firent entrer avec eux, non plus sur le seuil, mais jusqu&rsquo;au centre m\u00eame de l&rsquo;\u00e9cole. Au commencement du XIVe si\u00e8cle, l&rsquo;antiquit\u00e9 et l&rsquo;orient re\u00e7oivent, en quelque sorte, une solennelle hospitalit\u00e9 dans la r\u00e9publique chr\u00e9tienne, quand, au concile de Vienne, il est ordonn\u00e9 d&rsquo;\u00e9tablir, dans les quatre universit\u00e9s principales et au lieu o\u00f9 la cour romaine s\u00e9journera, des chaires d&rsquo;h\u00e9breu, de chald\u00e9en, d&rsquo;arabe, et de grec. Cette autorit\u00e9, accord\u00e9e aux anciens et aux arabes, n&rsquo;\u00e9tait point tyrannique en son principe ; elle \u00e9tait due \u00e0 une longue s\u00e9rie d&rsquo;hommes laborieux, quelquefois inspir\u00e9s d&rsquo;une mani\u00e8re sublime, et qui repr\u00e9sentaient la tradition savante de l&rsquo;humanit\u00e9. Si cette tradition ne peut \u00eatre accept\u00e9e sans examen, elle ne saurait non plus \u00eatre n\u00e9glig\u00e9e sans imprudence. C&rsquo;est dans une \u00e9conomie sagement m\u00e9nag\u00e8re de l&rsquo;exp\u00e9rience du pass\u00e9 pour les besoins de l&rsquo;avenir, que r\u00e9side le secret du progr\u00e8s scientifique des g\u00e9n\u00e9rations. Et malheur aux g\u00e9n\u00e9rations solitaires, qui, n&rsquo;ayant point re\u00e7u l&rsquo;h\u00e9ritage de l&rsquo;enseignement, ou l&rsquo;ayant r\u00e9pudi\u00e9, sont contraintes de recommencer, faibles et mortelles, l&rsquo;oeuvre des si\u00e8cles !<\/p>\n<p>Ainsi, tandis que les \u00e9v\u00e9nements contemporains communiquaient \u00e0 la philosophie un mouvement durable, et que le bon vouloir des hommes puissants lui donnait une direction, l&rsquo;apparition des doctrines anciennes et \u00e9trang\u00e8res lui marquait le point de d\u00e9part.<\/p>\n","protected":false},"excerpt":{"rendered":"<p>PREMIERE PARTIE CH. 1\u00a0: situation religieuse, politique, intellectuelle de la chr\u00e9tient\u00e9 du XIIIe au XIVe si\u00e8cle ; causes qui favoris\u00e8rent le d\u00e9veloppement de la philosophie. La providence divine et la libert\u00e9 humaine, ces deux grandes &#8230; <a href=\"https:\/\/vincentians.com\/fr\/essai-sur-la-philosophie-de-dante-02\/\" class=\"more-link\">Read More<\/a><\/p>\n","protected":false},"author":4,"featured_media":189780,"comment_status":"open","ping_status":"open","sticky":false,"template":"","format":"standard","meta":{"jetpack_post_was_ever_published":false,"_jetpack_newsletter_access":"","_jetpack_dont_email_post_to_subs":false,"_jetpack_newsletter_tier_id":0,"_jetpack_memberships_contains_paywalled_content":false,"_jetpack_memberships_contains_paid_content":false,"footnotes":"","jetpack_publicize_message":"","jetpack_publicize_feature_enabled":true,"jetpack_social_post_already_shared":true,"jetpack_social_options":{"image_generator_settings":{"template":"highway","default_image_id":0,"font":"","enabled":false},"version":2}},"categories":[120],"tags":[],"class_list":["post-108373","post","type-post","status-publish","format-standard","has-post-thumbnail","hentry","category-livres-de-frederic-ozanam"],"yoast_head":"<!-- This site is optimized with the Yoast SEO plugin v26.3 - https:\/\/yoast.com\/wordpress\/plugins\/seo\/ -->\n<title>Essai sur la philosophie de Dante (02) - Nous Sommes Vincentiens<\/title>\n<meta name=\"robots\" content=\"index, follow, max-snippet:-1, max-image-preview:large, max-video-preview:-1\" \/>\n<link rel=\"canonical\" href=\"https:\/\/vincentians.com\/fr\/essai-sur-la-philosophie-de-dante-02\/\" \/>\n<meta property=\"og:locale\" content=\"fr_FR\" \/>\n<meta property=\"og:type\" content=\"article\" \/>\n<meta property=\"og:title\" content=\"Essai sur la philosophie de Dante (02) - Nous Sommes Vincentiens\" \/>\n<meta property=\"og:description\" content=\"PREMIERE PARTIE CH. 1\u00a0: situation religieuse, politique, intellectuelle de la chr\u00e9tient\u00e9 du XIIIe au XIVe si\u00e8cle ; causes qui favoris\u00e8rent le d\u00e9veloppement de la philosophie. La providence divine et la libert\u00e9 humaine, ces deux grandes ... Read More\" \/>\n<meta property=\"og:url\" content=\"https:\/\/vincentians.com\/fr\/essai-sur-la-philosophie-de-dante-02\/\" \/>\n<meta property=\"og:site_name\" content=\"Nous Sommes Vincentiens\" \/>\n<meta property=\"article:publisher\" content=\"https:\/\/www.facebook.com\/WeAreVincentians\/\" \/>\n<meta property=\"article:author\" content=\"https:\/\/www.facebook.com\/JavierChento\" \/>\n<meta property=\"article:published_time\" content=\"2016-07-15T18:00:14+00:00\" \/>\n<meta property=\"og:image\" content=\"https:\/\/i0.wp.com\/vincentians.com\/fr\/wp-content\/uploads\/sites\/10\/2016\/07\/federico-ozanam-y-dante.jpg?fit=1200%2C630&ssl=1\" \/>\n\t<meta property=\"og:image:width\" content=\"1200\" \/>\n\t<meta property=\"og:image:height\" content=\"630\" \/>\n\t<meta property=\"og:image:type\" content=\"image\/jpeg\" \/>\n<meta name=\"author\" content=\"Francisco Javier Fern\u00e1ndez Chento\" \/>\n<meta name=\"twitter:card\" content=\"summary_large_image\" \/>\n<meta name=\"twitter:creator\" content=\"@https:\/\/twitter.com\/javierchento\" \/>\n<meta name=\"twitter:site\" content=\"@WeVincentians\" \/>\n<meta name=\"twitter:label1\" content=\"\u00c9crit par\" \/>\n\t<meta name=\"twitter:data1\" content=\"Francisco Javier Fern\u00e1ndez Chento\" \/>\n\t<meta name=\"twitter:label2\" content=\"Dur\u00e9e de lecture estim\u00e9e\" \/>\n\t<meta name=\"twitter:data2\" content=\"14 minutes\" \/>\n<script type=\"application\/ld+json\" class=\"yoast-schema-graph\">{\"@context\":\"https:\/\/schema.org\",\"@graph\":[{\"@type\":\"WebPage\",\"@id\":\"https:\/\/vincentians.com\/fr\/essai-sur-la-philosophie-de-dante-02\/\",\"url\":\"https:\/\/vincentians.com\/fr\/essai-sur-la-philosophie-de-dante-02\/\",\"name\":\"Essai sur la philosophie de Dante (02) - Nous Sommes Vincentiens\",\"isPartOf\":{\"@id\":\"https:\/\/vincentians.com\/fr\/#website\"},\"primaryImageOfPage\":{\"@id\":\"https:\/\/vincentians.com\/fr\/essai-sur-la-philosophie-de-dante-02\/#primaryimage\"},\"image\":{\"@id\":\"https:\/\/vincentians.com\/fr\/essai-sur-la-philosophie-de-dante-02\/#primaryimage\"},\"thumbnailUrl\":\"https:\/\/i0.wp.com\/vincentians.com\/fr\/wp-content\/uploads\/sites\/10\/2016\/07\/federico-ozanam-y-dante.jpg?fit=1200%2C630&ssl=1\",\"datePublished\":\"2016-07-15T18:00:14+00:00\",\"author\":{\"@id\":\"https:\/\/vincentians.com\/fr\/#\/schema\/person\/9623ef4d9aa3b2dfb8c061f1499288f2\"},\"breadcrumb\":{\"@id\":\"https:\/\/vincentians.com\/fr\/essai-sur-la-philosophie-de-dante-02\/#breadcrumb\"},\"inLanguage\":\"fr-FR\",\"potentialAction\":[{\"@type\":\"ReadAction\",\"target\":[\"https:\/\/vincentians.com\/fr\/essai-sur-la-philosophie-de-dante-02\/\"]}]},{\"@type\":\"ImageObject\",\"inLanguage\":\"fr-FR\",\"@id\":\"https:\/\/vincentians.com\/fr\/essai-sur-la-philosophie-de-dante-02\/#primaryimage\",\"url\":\"https:\/\/i0.wp.com\/vincentians.com\/fr\/wp-content\/uploads\/sites\/10\/2016\/07\/federico-ozanam-y-dante.jpg?fit=1200%2C630&ssl=1\",\"contentUrl\":\"https:\/\/i0.wp.com\/vincentians.com\/fr\/wp-content\/uploads\/sites\/10\/2016\/07\/federico-ozanam-y-dante.jpg?fit=1200%2C630&ssl=1\",\"width\":1200,\"height\":630},{\"@type\":\"BreadcrumbList\",\"@id\":\"https:\/\/vincentians.com\/fr\/essai-sur-la-philosophie-de-dante-02\/#breadcrumb\",\"itemListElement\":[{\"@type\":\"ListItem\",\"position\":1,\"name\":\"Portada\",\"item\":\"https:\/\/vincentians.com\/fr\/\"},{\"@type\":\"ListItem\",\"position\":2,\"name\":\"Essai sur la philosophie de Dante (02)\"}]},{\"@type\":\"WebSite\",\"@id\":\"https:\/\/vincentians.com\/fr\/#website\",\"url\":\"https:\/\/vincentians.com\/fr\/\",\"name\":\"Nous Sommes Vincentiens\",\"description\":\"Know more to serve more\",\"potentialAction\":[{\"@type\":\"SearchAction\",\"target\":{\"@type\":\"EntryPoint\",\"urlTemplate\":\"https:\/\/vincentians.com\/fr\/?s={search_term_string}\"},\"query-input\":{\"@type\":\"PropertyValueSpecification\",\"valueRequired\":true,\"valueName\":\"search_term_string\"}}],\"inLanguage\":\"fr-FR\"},{\"@type\":\"Person\",\"@id\":\"https:\/\/vincentians.com\/fr\/#\/schema\/person\/9623ef4d9aa3b2dfb8c061f1499288f2\",\"name\":\"Francisco Javier Fern\u00e1ndez Chento\",\"image\":{\"@type\":\"ImageObject\",\"inLanguage\":\"fr-FR\",\"@id\":\"https:\/\/vincentians.com\/fr\/#\/schema\/person\/image\/\",\"url\":\"https:\/\/secure.gravatar.com\/avatar\/497d5cde87b4c3d097d0315953521681ba2cd523ee66e5077c3711f7021e65de?s=96&d=mm&r=g\",\"contentUrl\":\"https:\/\/secure.gravatar.com\/avatar\/497d5cde87b4c3d097d0315953521681ba2cd523ee66e5077c3711f7021e65de?s=96&d=mm&r=g\",\"caption\":\"Francisco Javier Fern\u00e1ndez Chento\"},\"description\":\"Director General y cofundador de La Red de Formaci\u00f3n Vicenciana. Javier es laico vicenciano, afiliado a la Congregaci\u00f3n de la Misi\u00f3n y miembro del Equipo de Misiones Populares de la provincia can\u00f3nica de Zaragoza (Espa\u00f1a) de la Congregaci\u00f3n de la Misi\u00f3n. Graduado en la Universidad Oberta de Catalunya con cuatro grados (Asistente de direcci\u00f3n, Gesti\u00f3n Administrativa, Recursos Humanos y Contabilidad Avanzada). Bil\u00edng\u00fce Espa\u00f1ol\/Ingl\u00e9s. gestiona y mantiene varias p\u00e1ginas web cristianas y vicencianas, incluida including La Red de Formaci\u00f3n Vicenciana, de la que es cofundador. Actualmente es responsable del \u00e1rea de Espa\u00f1ol de .famvin, la Red de Noticias de la Familia Vicenciana. Tambi\u00e9n es m\u00fasico cat\u00f3lico y ha editado varios discos. Es Director General y cofundador de Trovador, una reconocida compa\u00f1\u00eda discogr\u00e1fica critiana de Espa\u00f1a. Trabaja en las Tecnolog\u00edas de la Informaci\u00f3n, ofreciendo servicios de alojamiento, dise\u00f1o y mantenimiento Web, as\u00ed como asesoramiento, formaci\u00f3n y soluciones inform\u00e1ticas, gesti\u00f3n documental y digitalizaci\u00f3n de textos, edici\u00f3n y maquetaci\u00f3n de libros, revistas, flyers, etc.\",\"sameAs\":[\"http:\/\/chento.org\",\"https:\/\/www.facebook.com\/JavierChento\",\"https:\/\/x.com\/https:\/\/twitter.com\/javierchento\"],\"url\":\"https:\/\/vincentians.com\/fr\/author\/chento\/\"}]}<\/script>\n<!-- \/ Yoast SEO plugin. -->","yoast_head_json":{"title":"Essai sur la philosophie de Dante (02) - Nous Sommes Vincentiens","robots":{"index":"index","follow":"follow","max-snippet":"max-snippet:-1","max-image-preview":"max-image-preview:large","max-video-preview":"max-video-preview:-1"},"canonical":"https:\/\/vincentians.com\/fr\/essai-sur-la-philosophie-de-dante-02\/","og_locale":"fr_FR","og_type":"article","og_title":"Essai sur la philosophie de Dante (02) - Nous Sommes Vincentiens","og_description":"PREMIERE PARTIE CH. 1\u00a0: situation religieuse, politique, intellectuelle de la chr\u00e9tient\u00e9 du XIIIe au XIVe si\u00e8cle ; causes qui favoris\u00e8rent le d\u00e9veloppement de la philosophie. La providence divine et la libert\u00e9 humaine, ces deux grandes ... Read More","og_url":"https:\/\/vincentians.com\/fr\/essai-sur-la-philosophie-de-dante-02\/","og_site_name":"Nous Sommes Vincentiens","article_publisher":"https:\/\/www.facebook.com\/WeAreVincentians\/","article_author":"https:\/\/www.facebook.com\/JavierChento","article_published_time":"2016-07-15T18:00:14+00:00","og_image":[{"width":1200,"height":630,"url":"https:\/\/i0.wp.com\/vincentians.com\/fr\/wp-content\/uploads\/sites\/10\/2016\/07\/federico-ozanam-y-dante.jpg?fit=1200%2C630&ssl=1","type":"image\/jpeg"}],"author":"Francisco Javier Fern\u00e1ndez Chento","twitter_card":"summary_large_image","twitter_creator":"@https:\/\/twitter.com\/javierchento","twitter_site":"@WeVincentians","twitter_misc":{"\u00c9crit par":"Francisco Javier Fern\u00e1ndez Chento","Dur\u00e9e de lecture estim\u00e9e":"14 minutes"},"schema":{"@context":"https:\/\/schema.org","@graph":[{"@type":"WebPage","@id":"https:\/\/vincentians.com\/fr\/essai-sur-la-philosophie-de-dante-02\/","url":"https:\/\/vincentians.com\/fr\/essai-sur-la-philosophie-de-dante-02\/","name":"Essai sur la philosophie de Dante (02) - Nous Sommes Vincentiens","isPartOf":{"@id":"https:\/\/vincentians.com\/fr\/#website"},"primaryImageOfPage":{"@id":"https:\/\/vincentians.com\/fr\/essai-sur-la-philosophie-de-dante-02\/#primaryimage"},"image":{"@id":"https:\/\/vincentians.com\/fr\/essai-sur-la-philosophie-de-dante-02\/#primaryimage"},"thumbnailUrl":"https:\/\/i0.wp.com\/vincentians.com\/fr\/wp-content\/uploads\/sites\/10\/2016\/07\/federico-ozanam-y-dante.jpg?fit=1200%2C630&ssl=1","datePublished":"2016-07-15T18:00:14+00:00","author":{"@id":"https:\/\/vincentians.com\/fr\/#\/schema\/person\/9623ef4d9aa3b2dfb8c061f1499288f2"},"breadcrumb":{"@id":"https:\/\/vincentians.com\/fr\/essai-sur-la-philosophie-de-dante-02\/#breadcrumb"},"inLanguage":"fr-FR","potentialAction":[{"@type":"ReadAction","target":["https:\/\/vincentians.com\/fr\/essai-sur-la-philosophie-de-dante-02\/"]}]},{"@type":"ImageObject","inLanguage":"fr-FR","@id":"https:\/\/vincentians.com\/fr\/essai-sur-la-philosophie-de-dante-02\/#primaryimage","url":"https:\/\/i0.wp.com\/vincentians.com\/fr\/wp-content\/uploads\/sites\/10\/2016\/07\/federico-ozanam-y-dante.jpg?fit=1200%2C630&ssl=1","contentUrl":"https:\/\/i0.wp.com\/vincentians.com\/fr\/wp-content\/uploads\/sites\/10\/2016\/07\/federico-ozanam-y-dante.jpg?fit=1200%2C630&ssl=1","width":1200,"height":630},{"@type":"BreadcrumbList","@id":"https:\/\/vincentians.com\/fr\/essai-sur-la-philosophie-de-dante-02\/#breadcrumb","itemListElement":[{"@type":"ListItem","position":1,"name":"Portada","item":"https:\/\/vincentians.com\/fr\/"},{"@type":"ListItem","position":2,"name":"Essai sur la philosophie de Dante (02)"}]},{"@type":"WebSite","@id":"https:\/\/vincentians.com\/fr\/#website","url":"https:\/\/vincentians.com\/fr\/","name":"Nous Sommes Vincentiens","description":"Know more to serve more","potentialAction":[{"@type":"SearchAction","target":{"@type":"EntryPoint","urlTemplate":"https:\/\/vincentians.com\/fr\/?s={search_term_string}"},"query-input":{"@type":"PropertyValueSpecification","valueRequired":true,"valueName":"search_term_string"}}],"inLanguage":"fr-FR"},{"@type":"Person","@id":"https:\/\/vincentians.com\/fr\/#\/schema\/person\/9623ef4d9aa3b2dfb8c061f1499288f2","name":"Francisco Javier Fern\u00e1ndez Chento","image":{"@type":"ImageObject","inLanguage":"fr-FR","@id":"https:\/\/vincentians.com\/fr\/#\/schema\/person\/image\/","url":"https:\/\/secure.gravatar.com\/avatar\/497d5cde87b4c3d097d0315953521681ba2cd523ee66e5077c3711f7021e65de?s=96&d=mm&r=g","contentUrl":"https:\/\/secure.gravatar.com\/avatar\/497d5cde87b4c3d097d0315953521681ba2cd523ee66e5077c3711f7021e65de?s=96&d=mm&r=g","caption":"Francisco Javier Fern\u00e1ndez Chento"},"description":"Director General y cofundador de La Red de Formaci\u00f3n Vicenciana. Javier es laico vicenciano, afiliado a la Congregaci\u00f3n de la Misi\u00f3n y miembro del Equipo de Misiones Populares de la provincia can\u00f3nica de Zaragoza (Espa\u00f1a) de la Congregaci\u00f3n de la Misi\u00f3n. Graduado en la Universidad Oberta de Catalunya con cuatro grados (Asistente de direcci\u00f3n, Gesti\u00f3n Administrativa, Recursos Humanos y Contabilidad Avanzada). Bil\u00edng\u00fce Espa\u00f1ol\/Ingl\u00e9s. gestiona y mantiene varias p\u00e1ginas web cristianas y vicencianas, incluida including La Red de Formaci\u00f3n Vicenciana, de la que es cofundador. Actualmente es responsable del \u00e1rea de Espa\u00f1ol de .famvin, la Red de Noticias de la Familia Vicenciana. Tambi\u00e9n es m\u00fasico cat\u00f3lico y ha editado varios discos. Es Director General y cofundador de Trovador, una reconocida compa\u00f1\u00eda discogr\u00e1fica critiana de Espa\u00f1a. Trabaja en las Tecnolog\u00edas de la Informaci\u00f3n, ofreciendo servicios de alojamiento, dise\u00f1o y mantenimiento Web, as\u00ed como asesoramiento, formaci\u00f3n y soluciones inform\u00e1ticas, gesti\u00f3n documental y digitalizaci\u00f3n de textos, edici\u00f3n y maquetaci\u00f3n de libros, revistas, flyers, etc.","sameAs":["http:\/\/chento.org","https:\/\/www.facebook.com\/JavierChento","https:\/\/x.com\/https:\/\/twitter.com\/javierchento"],"url":"https:\/\/vincentians.com\/fr\/author\/chento\/"}]}},"jetpack_publicize_connections":[],"jetpack_featured_media_url":"https:\/\/i0.wp.com\/vincentians.com\/fr\/wp-content\/uploads\/sites\/10\/2016\/07\/federico-ozanam-y-dante.jpg?fit=1200%2C630&ssl=1","jetpack_sharing_enabled":true,"jetpack_shortlink":"https:\/\/wp.me\/p7ETMP-sbX","jetpack-related-posts":[{"id":58748,"url":"https:\/\/vincentians.com\/fr\/de-la-devotion-a-lanalyse-historique\/","url_meta":{"origin":108373,"position":0},"title":"De la devotion a l&rsquo;analyse historique","author":"Francisco Javier Fern\u00e1ndez Chento","date":"27\/12\/2012","format":false,"excerpt":"Cette causerie est programm\u00e9e en fin de premi\u00e8re semaine, la semaine consacr\u00e9e \u00e0 la m\u00e9thodologie. Je me trouve donc en situa\u00adtion de transition et cela \u2014 je l'avoue \u2014 me s\u00e9curise un peu. Je ne suis pas, en effet, un sp\u00e9cialiste du niveau de ceux qui m'ont pr\u00e9c\u00e9d\u00e9 et \u2014\u2026","rel":"","context":"Dans &quot;Formation Vincentienne&quot;","block_context":{"text":"Formation Vincentienne","link":"https:\/\/vincentians.com\/fr\/category\/formation-vincentienne\/"},"img":{"alt_text":"","src":"https:\/\/i0.wp.com\/vincentiens.org\/wp-content\/uploads\/2011\/12\/abelly-198x300.jpg?resize=350%2C200","width":350,"height":200},"classes":[]},{"id":45335,"url":"https:\/\/vincentians.com\/fr\/saint-vincent-et-les-missions\/","url_meta":{"origin":108373,"position":1},"title":"Saint Vincent et les Missions","author":"Francisco Javier Fern\u00e1ndez Chento","date":"14\/12\/2014","format":false,"excerpt":"Introduction A.- Lorsque nous essayons d'\u00e9tudier le travail missionnaire de Vincent de Paul et de ses premiers compagnons, nous trouvons une v\u00e9ritable mystique de la Mission; alors que nous d\u00e9sirerions que le Saint nous ait donn\u00e9 aussi une doctrine th\u00e9ologique sur ce qui constitue l'objectif de sa vie, sur ce\u2026","rel":"","context":"Dans &quot;Vincent de Paul&quot;","block_context":{"text":"Vincent de Paul","link":"https:\/\/vincentians.com\/fr\/category\/the-vincentian-family\/founders\/vincent-de-paul\/"},"img":{"alt_text":"Vincent de Paul portrait","src":"https:\/\/i0.wp.com\/vincentiens.org\/wp-content\/uploads\/2014\/12\/Vincent-de-Paul-portrait-300x300.jpg?resize=350%2C200","width":350,"height":200},"classes":[]},{"id":107795,"url":"https:\/\/vincentians.com\/fr\/ephemerides-31-janvier\/","url_meta":{"origin":108373,"position":2},"title":"Eph\u00e9m\u00e9rides: 31 janvier","author":"Francisco Javier Fern\u00e1ndez Chento","date":"31\/01\/2017","format":false,"excerpt":"En 1736, \u00e0 Rome , une congr\u00e9gation g\u00e9n\u00e9rale se tient, en pr\u00e9sence de Cl\u00e9ment XII, pour l'examen des miracles en vue de la canonisation de saint Vincent. 1858, le voilier \"Saint-Vincent de Paul\" approche du port de Callao (P\u00e9rou) o\u00f9 il emm\u00e8ne 55 Filles de la Charit\u00e9 et trois Lazaristes.\u2026","rel":"","context":"Dans &quot;\u00c9ph\u00e9m\u00e9rides vincentiens&quot;","block_context":{"text":"\u00c9ph\u00e9m\u00e9rides vincentiens","link":"https:\/\/vincentians.com\/fr\/category\/ephemerides-vincentiens\/"},"img":{"alt_text":"","src":"https:\/\/i0.wp.com\/vincentians.com\/fr\/wp-content\/uploads\/sites\/10\/2016\/07\/ephemerides-fb.jpg?fit=1200%2C630&ssl=1&resize=350%2C200","width":350,"height":200,"srcset":"https:\/\/i0.wp.com\/vincentians.com\/fr\/wp-content\/uploads\/sites\/10\/2016\/07\/ephemerides-fb.jpg?fit=1200%2C630&ssl=1&resize=350%2C200 1x, https:\/\/i0.wp.com\/vincentians.com\/fr\/wp-content\/uploads\/sites\/10\/2016\/07\/ephemerides-fb.jpg?fit=1200%2C630&ssl=1&resize=525%2C300 1.5x, https:\/\/i0.wp.com\/vincentians.com\/fr\/wp-content\/uploads\/sites\/10\/2016\/07\/ephemerides-fb.jpg?fit=1200%2C630&ssl=1&resize=700%2C400 2x, https:\/\/i0.wp.com\/vincentians.com\/fr\/wp-content\/uploads\/sites\/10\/2016\/07\/ephemerides-fb.jpg?fit=1200%2C630&ssl=1&resize=1050%2C600 3x"},"classes":[]},{"id":108375,"url":"https:\/\/vincentians.com\/fr\/essai-sur-la-philosophie-de-dante-04\/","url_meta":{"origin":108373,"position":3},"title":"Essai sur la philosophie de Dante (04)","author":"Francisco Javier Fern\u00e1ndez Chento","date":"17\/07\/2016","format":false,"excerpt":"PREMIERE PARTIE CH. 3\u00a0: Caract\u00e8res particuliers de la philosophie italienne 1 trois choses ins\u00e9parables, le vrai, le bien, et le beau, sollicitent l'\u00e2me de l'homme \u00e0 la fois par le sentiment de leur absence actuelle et par l'espoir d'un rapprochement possible. Le d\u00e9sir du bien fut la premi\u00e8re pr\u00e9occupation des\u2026","rel":"","context":"Dans &quot;Livres de Fr\u00e9d\u00e9ric Ozanam&quot;","block_context":{"text":"Livres de Fr\u00e9d\u00e9ric Ozanam","link":"https:\/\/vincentians.com\/fr\/category\/livres-de-frederic-ozanam\/"},"img":{"alt_text":"","src":"https:\/\/i0.wp.com\/vincentians.com\/fr\/wp-content\/uploads\/sites\/10\/2016\/07\/federico-ozanam-y-dante.jpg?fit=1200%2C630&ssl=1&resize=350%2C200","width":350,"height":200,"srcset":"https:\/\/i0.wp.com\/vincentians.com\/fr\/wp-content\/uploads\/sites\/10\/2016\/07\/federico-ozanam-y-dante.jpg?fit=1200%2C630&ssl=1&resize=350%2C200 1x, https:\/\/i0.wp.com\/vincentians.com\/fr\/wp-content\/uploads\/sites\/10\/2016\/07\/federico-ozanam-y-dante.jpg?fit=1200%2C630&ssl=1&resize=525%2C300 1.5x, https:\/\/i0.wp.com\/vincentians.com\/fr\/wp-content\/uploads\/sites\/10\/2016\/07\/federico-ozanam-y-dante.jpg?fit=1200%2C630&ssl=1&resize=700%2C400 2x, https:\/\/i0.wp.com\/vincentians.com\/fr\/wp-content\/uploads\/sites\/10\/2016\/07\/federico-ozanam-y-dante.jpg?fit=1200%2C630&ssl=1&resize=1050%2C600 3x"},"classes":[]},{"id":98069,"url":"https:\/\/vincentians.com\/fr\/ozanam-et-assise-genese-dun-regard-romantique-sur-le-moyen-age\/","url_meta":{"origin":108373,"position":4},"title":"Ozanam et Assise. Gen\u00e8se d\u2019un regard romantique sur le Moyen Age","author":"Francisco Javier Fern\u00e1ndez Chento","date":"08\/10\/2013","format":false,"excerpt":"\u00a0\u00ab ITALIE. Doit se voir imm\u00e9diatement apr\u00e8s le mariage. \u2013 Donne bien des d\u00e9ceptions, n\u2019est pas si belle qu\u2019on dit . \u00bb Bien des bourgeois du XIXe si\u00e8cle fran\u00e7ais n\u2019ont pas fait mentir Flaubert o\u00f9 l\u2019on aura reconnu un des lieux communs qu\u2019il se pla\u00eet \u00e0 r\u00e9unir dans son Dictionnaire\u2026","rel":"","context":"Dans &quot;Fr\u00e9d\u00e9ric Ozanam&quot;","block_context":{"text":"Fr\u00e9d\u00e9ric Ozanam","link":"https:\/\/vincentians.com\/fr\/category\/the-vincentian-family\/founders\/frederic-ozanam\/"},"img":{"alt_text":"","src":"https:\/\/i0.wp.com\/vincentiens.org\/wp-content\/uploads\/2012\/11\/ozanam-240x300.jpg?resize=350%2C200","width":350,"height":200},"classes":[]},{"id":190344,"url":"https:\/\/vincentians.com\/fr\/ephemerides-14-mars\/","url_meta":{"origin":108373,"position":5},"title":"Eph\u00e9m\u00e9rides : 14 mars","author":"Francisco Javier Fern\u00e1ndez Chento","date":"14\/03\/2017","format":false,"excerpt":"1805. En pr\u00e9sence du Cur\u00e9 de la Paroisse Saint-Pierre et d'Antonio Filicchi, \u00c9lisabeth Seton fait officiellement sa profession de Foi catholique\u00a0: \u00abJe me trouvais le coeur l\u00e9ger, l'esprit d\u00e9gag\u00e9 et c'\u00e9tait la premi\u00e8re fois depuis de longs mois. Ce n'\u00e9tait pas... sans prier Notre-Seigneur de plonger mon coeur profond\u00e9ment dans\u2026","rel":"","context":"Dans &quot;\u00c9ph\u00e9m\u00e9rides vincentiens&quot;","block_context":{"text":"\u00c9ph\u00e9m\u00e9rides vincentiens","link":"https:\/\/vincentians.com\/fr\/category\/ephemerides-vincentiens\/"},"img":{"alt_text":"","src":"https:\/\/i0.wp.com\/vincentians.com\/fr\/wp-content\/uploads\/sites\/10\/2016\/07\/ephemerides-fb.jpg?fit=1200%2C630&ssl=1&resize=350%2C200","width":350,"height":200,"srcset":"https:\/\/i0.wp.com\/vincentians.com\/fr\/wp-content\/uploads\/sites\/10\/2016\/07\/ephemerides-fb.jpg?fit=1200%2C630&ssl=1&resize=350%2C200 1x, https:\/\/i0.wp.com\/vincentians.com\/fr\/wp-content\/uploads\/sites\/10\/2016\/07\/ephemerides-fb.jpg?fit=1200%2C630&ssl=1&resize=525%2C300 1.5x, https:\/\/i0.wp.com\/vincentians.com\/fr\/wp-content\/uploads\/sites\/10\/2016\/07\/ephemerides-fb.jpg?fit=1200%2C630&ssl=1&resize=700%2C400 2x, https:\/\/i0.wp.com\/vincentians.com\/fr\/wp-content\/uploads\/sites\/10\/2016\/07\/ephemerides-fb.jpg?fit=1200%2C630&ssl=1&resize=1050%2C600 3x"},"classes":[]}],"_links":{"self":[{"href":"https:\/\/vincentians.com\/fr\/wp-json\/wp\/v2\/posts\/108373","targetHints":{"allow":["GET"]}}],"collection":[{"href":"https:\/\/vincentians.com\/fr\/wp-json\/wp\/v2\/posts"}],"about":[{"href":"https:\/\/vincentians.com\/fr\/wp-json\/wp\/v2\/types\/post"}],"author":[{"embeddable":true,"href":"https:\/\/vincentians.com\/fr\/wp-json\/wp\/v2\/users\/4"}],"replies":[{"embeddable":true,"href":"https:\/\/vincentians.com\/fr\/wp-json\/wp\/v2\/comments?post=108373"}],"version-history":[{"count":0,"href":"https:\/\/vincentians.com\/fr\/wp-json\/wp\/v2\/posts\/108373\/revisions"}],"wp:featuredmedia":[{"embeddable":true,"href":"https:\/\/vincentians.com\/fr\/wp-json\/wp\/v2\/media\/189780"}],"wp:attachment":[{"href":"https:\/\/vincentians.com\/fr\/wp-json\/wp\/v2\/media?parent=108373"}],"wp:term":[{"taxonomy":"category","embeddable":true,"href":"https:\/\/vincentians.com\/fr\/wp-json\/wp\/v2\/categories?post=108373"},{"taxonomy":"post_tag","embeddable":true,"href":"https:\/\/vincentians.com\/fr\/wp-json\/wp\/v2\/tags?post=108373"}],"curies":[{"name":"wp","href":"https:\/\/api.w.org\/{rel}","templated":true}]}}