{"id":108363,"date":"2016-07-14T20:00:14","date_gmt":"2016-07-14T18:00:14","guid":{"rendered":"http:\/\/vincentiens.org\/?p=108363"},"modified":"2016-07-14T20:00:14","modified_gmt":"2016-07-14T18:00:14","slug":"essai-sur-la-philosophie-de-dante-01","status":"publish","type":"post","link":"https:\/\/vincentians.com\/fr\/essai-sur-la-philosophie-de-dante-01\/","title":{"rendered":"Essai sur la philosophie de Dante (01)"},"content":{"rendered":"<h3>INTRODUCTION<\/h3>\n<p>Lorsque, r\u00e9alisant un p\u00e8lerinage souvent r\u00eav\u00e9, on est all\u00e9 visiter Rome, et qu&rsquo;on a mont\u00e9, avec le fr\u00e9missement d&rsquo;une curiosit\u00e9 pieuse, le grand escalier du Vatican ; apr\u00e8s avoir parcouru les merveilles de tous les \u00e2ges et de tous les pays du monde r\u00e9unies dans l&rsquo;hospitalit\u00e9 de cette magnifique demeure, on arrive en un lieu qui peut \u00eatre appel\u00e9 le sanctuaire de l&rsquo;art chr\u00e9tien : ce sont les chambres de Rapha\u00ebl. Le peintre y retra\u00e7a, dans une s\u00e9rie de fresques historiques et symboliques, les illustrations et les bienfaits du catholicisme. Parmi ces fresques, il en est une o\u00f9 l&rsquo;oeil se suspend avec plus d&rsquo;amour, soit \u00e0 cause de la beaut\u00e9 parfaite du sujet, soit \u00e0 cause du bonheur de l&rsquo;ex\u00e9cution.<\/p>\n<p>Le saint sacrement y est repr\u00e9sent\u00e9 sur un autel, \u00e9lev\u00e9 entre le ciel et la terre ; le ciel, qui s\u2019ouvre et laisse voir dans ses splendeurs la trinit\u00e9 divine, les anges et les saints ; la terre, qui se couronne d&rsquo;une nombreuse assembl\u00e9e de pontifes et de docteurs de l&rsquo;\u00e9glise. Au milieu de l&rsquo;un des groupes dont l&rsquo;assembl\u00e9e se compose, on distingue une figure remarquable par l&rsquo;\u00e9tranget\u00e9 de son caract\u00e8re, la t\u00eate ceinte, non d&rsquo;une tiare ou d&rsquo;une mitre, mais d&rsquo;une guirlande de laurier, noble et aust\u00e8re toutefois, et nullement indigne d&rsquo;une telle compagnie.<\/p>\n<p>Et si l&rsquo;on recueille ses souvenirs, on reconna\u00eet Dante Alighieri.<\/p>\n<p>Alors, on se demande de quel droit l&rsquo;image d&rsquo;un tel homme a \u00e9t\u00e9 introduite, parmi celles des v\u00e9n\u00e9rables t\u00e9moins de la foi, par un peintre accoutum\u00e9 \u00e0 l&rsquo;observation scrupuleuse des traditions liturgiques, sous l&rsquo;oeil des papes, au sein de la citadelle m\u00eame de l&rsquo;orthodoxie.<\/p>\n<p>La r\u00e9ponse \u00e0 cette question se laisse pressentir \u00e0 la vue des honneurs presque religieux que l&rsquo;Italie enti\u00e8re a rendus \u00e0 la m\u00e9moire de cet homme, et qui annoncent en lui plus qu&rsquo;un po\u00e8te. Les p\u00e2tres des environs d&rsquo;Aquil\u00e9e montrent encore aujourd&rsquo;hui, au bord du Tolmino, un rocher qu&rsquo;ils appellent le si\u00e9ge de Dante, o\u00f9 souvent il vint m\u00e9diter les pens\u00e9es de l&rsquo;exil.<\/p>\n<p>Les habitants de V\u00e9rone aiment \u00e0 faire voir l&rsquo;\u00e9glise sainte-H\u00e9l\u00e8ne, o\u00f9, voyageur, il s\u2019arr\u00eata pour soutenir une th\u00e8se publique. \u00e0 l&rsquo;ombre des sauvages montagnes de Gubbio, dans un monast\u00e8re de Camaldules, son buste fid\u00e8lement conserv\u00e9 rappelle qu&rsquo;il y trouva quelques mois de solitude et de repos. Ravenne saintement jalouse garde ses cendres. Mais surtout Florence a entour\u00e9 d&rsquo;un culte expiatoire tout ce qui reste de lui, le toit qui abritait sa t\u00eate, la pierre m\u00eame o\u00f9 il avait coutume de s\u2019asseoir. Elle lui a d\u00e9cern\u00e9 une sorte d&rsquo;apoth\u00e9ose en le faisant repr\u00e9senter, par la main de Giotto, v\u00eatu d&rsquo;une robe triomphale, et le front couronn\u00e9, sous l&rsquo;un des portiques de l&rsquo;\u00e9glise m\u00e9tropolitaine, et presque entre les saints patrons de la cit\u00e9.<\/p>\n<p>Des monuments d&rsquo;un autre genre rendent un t\u00e9moignage plus intelligible encore. Ce sont les chaires publiques fond\u00e9es, d\u00e8s le xive si\u00e8cle, \u00e0 Florence, \u00e0 Pise, \u00e0 Plaisance, \u00e0 Venise, \u00e0 Bologne, pour l&rsquo;interpr\u00e9tation de la <em>divine com\u00e9die <\/em>. Ce sont les commentaires de ce po\u00e8me dont s\u2019occup\u00e8rent les plus graves personnages : comme l&rsquo;archev\u00eaque de Milan, Visconti, qui r\u00e9unit pour ce travail deux citoyens florentins, deux th\u00e9ologiens et deux philosophes ; comme l&rsquo;\u00e9v\u00eaque Jean De Serravalle, qui y consacra ses loisirs durant le concile de Constance. Les plus beaux g\u00e9nies italiens s\u2019inclinent devant ce g\u00e9nie fraternel et leur a\u00een\u00e9 : Boccace, Villani, Marsile Ficin, Paul Jove, Varchi, Gravina, Tiraboschi ont salu\u00e9 Dante du nom de philosophe.<\/p>\n<p>Et l&rsquo;opinion unanime, se formulant en un vers devenu proverbial, l&rsquo;a proclam\u00e9 tout ensemble le docteur des v\u00e9rit\u00e9s divines, et le savant \u00e0 qui rien n&rsquo;\u00e9chappa des choses humaines : (&#8230;).<\/p>\n<p>Ces voix amies avaient trouv\u00e9 des \u00e9chos de l&rsquo;autre c\u00f4t\u00e9 des Alpes. L&rsquo;un des premiers traducteurs fran\u00e7ais de la <em>divine com\u00e9die <\/em>s\u2019en exprimait ainsi, dans sa d\u00e9dicace \u00e0 Henri Iv : \u00a0\u00bb sire, je ne craindrai point d&rsquo;affirmer que ce po\u00e8me sublime ne doit aucunement \u00eatre au nombre de plusieurs compositions que le divin Platon comparoit avec les parterres et jardins du bel Adonis, qui, tout \u00e0-coup et en un jour venus en lumi\u00e8re, se s\u00e8chent et meurent incontinent. En ce noble po\u00e8me, il se d\u00e9couvre un po\u00e8te excellent, un philosophe profond, et un th\u00e9ologien judicieux. \u00a0\u00bb la critique allemande a prononc\u00e9 de m\u00eame.<\/p>\n<p>Brucker reconna\u00eet Dante comme \u00a0\u00bb le premier d&rsquo;entre les modernes, aupr\u00e8s duquel les muses platoniciennes, depuis sept cents ans exil\u00e9es, aient trouv\u00e9 un asile ; un penseur \u00e9gal aux plus renomm\u00e9s de ses contemporains ; un sage qui m\u00e9ritait d&rsquo;\u00eatre compt\u00e9 au nombre des r\u00e9formateurs de la philosophie. \u00a0\u00bb mais, telle est parmi nous, passag\u00e8res cr\u00e9atures que nous sommes, l&rsquo;impuissance des souvenirs et la courte port\u00e9e de la gloire, qu&rsquo;\u00e0 peine, de ceux qui honor\u00e8rent le plus l&rsquo;humanit\u00e9, nous parvient-il, au bout de quelques si\u00e8cles, autre chose que le nom. Ces noms vont ordinairement \u00e0 l&rsquo;immortalit\u00e9, port\u00e9s par une admiration traditionnelle et ignorante, comparable au dauphin de la fable, qui, sans le savoir, portait \u00e0 travers les mers tant\u00f4t un animal moqueur, et tant\u00f4t un po\u00e8te aux accents divins. Si ces complaisances paresseuses de la post\u00e9rit\u00e9 profitent quelquefois \u00e0 des personnages peu dignes, plus souvent elles font tort aux grands hommes. Il semble que justice suffisante leur ait \u00e9t\u00e9 rendue, parce qu&rsquo;on leur paie en l&rsquo;occasion un tribut de vulgaires louanges, tandis que leurs titres les plus pr\u00e9cieux restent ensevelis dans la poussi\u00e8re. En sorte que, s\u2019ils pouvaient tout \u00e0 coup soulever les pierres de leurs tombes, on ne sait quel sentiment les agiterait davantage, ou l&rsquo;indignation de se voir ainsi m\u00e9connus, ou l&rsquo;orgueil d&rsquo;\u00eatre entour\u00e9s de tant d&rsquo;hommages alors m\u00eame qu&rsquo;on les conna\u00eet si peu.<\/p>\n<p>Dante a fait l&rsquo;exp\u00e9rience de ces singuli\u00e8res destin\u00e9es de la gloire humaine. L&rsquo;oeuvre de tant de veilles et de tant de pr\u00e9dilection, \u00e0 laquelle il sacrifia sa vie et par laquelle il vainquit la mort, la <em>divine com\u00e9die,<\/em> ne nous est arriv\u00e9e, apr\u00e8s six cents ans, qu&rsquo;en perdant pour nous sa valeur philosophique, c&rsquo;est-\u00e0-dire, peut-\u00eatre sa valeur principale. Parmi ceux qu&rsquo;on appelle les gens instruits, beaucoup ne connaissent du po\u00e8me entier que l&rsquo;enfer, et, de l&rsquo;enfer, que l&rsquo;inscription de la porte et la mort d&rsquo;Ugolin. Et le chantre des douleurs r\u00e9sign\u00e9es du purgatoire, celui qui raconta les radieuses visions du paradis, leur appara\u00eet comme une figure sinistre, comme un \u00e9pouvantail de plus dans ces t\u00e9n\u00e8bres fabuleuses du XIIIe si\u00e8cle d\u00e9j\u00e0 peupl\u00e9es de tant de fant\u00f4mes. D&rsquo;autres, plus \u00e9clair\u00e9s, n&rsquo;ont pas voulu \u00eatre plus justes. Ainsi Voltaire ne voit, dans la <em>divine com\u00e9die,<\/em> \u00a0\u00bb qu&rsquo;un ouvrage bizarre, mais brillant de beaut\u00e9s naturelles, o\u00f9 l&rsquo;auteur s\u2019\u00e9l\u00e8ve dans les d\u00e9tails au dessus du mauvais go\u00fbt de son si\u00e8cle et de son sujet. \u00a0\u00bb si les critiques de nos jours en ont abord\u00e9 la lecture avec des dispositions plus s\u00e9rieuses, quelques-uns n&rsquo;y ont d\u00e9couvert qu&rsquo;une inspiration pieusement \u00e9rotique, d&rsquo;autres un manifeste politique \u00e9crit sous la dict\u00e9e de la vengeance. Pour les uns et pour les autres, les fr\u00e9quents passages dogmatiques qui s\u2019y rencontrent ne sont gu\u00e8re que la v\u00e9g\u00e9tation parasite d&rsquo;un esprit trop f\u00e9cond, et comme la mauvaise herbe de la science contemporaine qui jetait partout ses racines.<\/p>\n<p>Enfin, les historiens de la philosophie, tout en revendiquant ce qui lui appartient dans cette vaste composition, se sont content\u00e9s de poser la th\u00e8se sans entrer dans la controverse, laissant croire qu&rsquo;ils appr\u00e9ciaient mal l&rsquo;importance du r\u00e9sultat. Et pourtant, c&rsquo;\u00e9tait \u00e0 eux, c&rsquo;\u00e9tait aux intelligences m\u00e9ditatives, exemptes de la contagion de l&rsquo;erreur, qu&rsquo;il en appelait, le vieux po\u00e8te, lorsque, interrompant ses r\u00e9cits commenc\u00e9s, il songeait avec tristesse \u00e0 ceux qui ne le comprendraient pas, et s\u2019\u00e9criait d&rsquo;une voix noblement suppliante : \u00a0\u00bb \u00f4 vous qui avez l&rsquo;entendement sain, soyez attentifs \u00e0 la doctrine qui se cache sous le voile de ces vers \u00e9tranges : (&#8230;). \u00a0\u00bb ainsi, en nous proposant de mettre en lumi\u00e8re la philosophie de Dante, nous ne pr\u00e9tendons pas signaler un fait inaper\u00e7u, mais insister sur un fait n\u00e9glig\u00e9. L&rsquo;ambition des d\u00e9couvertes n&rsquo;est point la n\u00f4tre. Nous avons estim\u00e9 que ce serait faire beaucoup pour nos forces, et peut-\u00eatre aussi quelque chose pour la science, que de nous emparer d&rsquo;une donn\u00e9e fournie par des autorit\u00e9s respectables, et de la suivre dans ses d\u00e9veloppements qui peuvent offrir plus d&rsquo;un genre d&rsquo;int\u00e9r\u00eat.<\/p>\n<p>Et d&rsquo;abord, de toutes les choses du moyen \u00e2ge, la plus calomni\u00e9e, celle dont la r\u00e9habilitation s\u2019est fait le plus attendre, c&rsquo;est sa philosophie.<\/p>\n<p>Contre elle l&rsquo;ignorance a suscit\u00e9 le d\u00e9dain, et le d\u00e9dain \u00e0 son tour a encourag\u00e9 l&rsquo;ignorance.<\/p>\n<p>On nous l&rsquo;a repr\u00e9sent\u00e9e parlant un langage barbare, p\u00e9dantesque dans ses habitudes, monacale dans ses tendances. Sous ces dehors d\u00e9favorables, nous l&rsquo;avons facilement crue absorb\u00e9e dans des pr\u00e9occupations toutes th\u00e9ologiques, alternativement livr\u00e9e \u00e0 des sp\u00e9culations sans profit, ou \u00e0 des disputes qui n&rsquo;ont pas de fin. Il nous paraissait que Leibnitz avait trait\u00e9 l&rsquo;\u00e9cole avec une souveraine indulgence, en assurant qu&rsquo;on trouverait de l&rsquo;or dans son fumier. -or, voici une philosophie qui s\u2019exprime dans la langue la plus m\u00e9lodieuse de l&rsquo;Europe, dans un idiome vulgaire que les femmes et les enfants comprennent. Ses le\u00e7ons sont des chants, que les princes se font r\u00e9citer pour charmer leurs loisirs, et que r\u00e9p\u00e8tent les artisans pour se d\u00e9lasser de leurs travaux. La voici d\u00e9gag\u00e9e du cort\u00e8ge de l&rsquo;\u00e9cole et de la servitude du clo\u00eetre, aimant \u00e0 se m\u00ealer aux plus doux myst\u00e8res du coeur, aux plus bruyantes luttes de la place publique : elle est famili\u00e8re, la\u00efque, et tout \u00e0 fait populaire. Si l&rsquo;on essaie de la suivre dans le cours de ses explorations, on la voit, partie de l&rsquo;\u00e9tude profonde de la nature humaine, s\u2019avancer, \u00e9tendant ses conjectures sur la cr\u00e9ation tout enti\u00e8re, pour s\u2019aller perdre \u00e0 la fin, mais \u00e0 la fin seulement, dans la contemplation de la divinit\u00e9. On la trouve partout ennemie des subtilit\u00e9s dialectiques, n&rsquo;usant d&rsquo;abstractions que sobrement, et comme de formules n\u00e9cessaires pour coordonner des connaissances positives ; peu r\u00eaveuse, et moins empress\u00e9e \u00e0 la r\u00e9forme des opinions qu&rsquo;au redressement des moeurs. Puis, si l&rsquo;on s\u2019enquiert de son origine, on apprend qu&rsquo;elle naquit \u00e0 l&rsquo;ombre de la chaire des docteurs scolastiques, qu&rsquo;elle se donne pour leur interpr\u00e8te, qu&rsquo;elle en fait preuve, et qu&rsquo;elle en fait gloire. -il y a l\u00e0, sans doute, un ph\u00e9nom\u00e8ne remarquable en soi. Mais, peut-\u00eatre, il y aura plus. On se laissera r\u00e9concilier par l&rsquo;\u00e9l\u00e8ve avec ses ma\u00eetres ; on ira s\u2019asseoir \u00e0 leurs pieds. Les pr\u00e9ventions accumul\u00e9es se dissiperont, et laisseront reconna\u00eetre une vaste lacune dans l&rsquo;histoire de la science. Une lacune reconnue est bien pr\u00e8s d&rsquo;\u00eatre remplie.<\/p>\n<p>Il existe des pr\u00e9ventions d&rsquo;une autre sorte, qu&rsquo;il n&rsquo;importe pas moins de repousser. Le nombre est grand aujourd&rsquo;hui de ceux qui n&rsquo;attribuent \u00e0 la po\u00e9sie qu&rsquo;un m\u00e9rite purement esth\u00e9tique, et n&rsquo;y voient qu&rsquo;une beaut\u00e9 r\u00e9sultant de la triple harmonie des pens\u00e9es, des pens\u00e9es avec les paroles, des paroles entre elles. Du reste, ces esprits \u00e9troits ne tinrent jamais compte ni de la valeur logique de la pens\u00e9e, ni de la port\u00e9e morale de la parole. Pour eux, l&rsquo;art n&rsquo;est qu&rsquo;une jouissance sans but ult\u00e9rieur, parce que la vie est un spectacle sans signification s\u00e9rieuse ; ils demeurent captifs dans le monde visible, dont le sensualisme et le scepticisme leur ferment les issues. Leurs traditions sont celles de quelques po\u00e8tes de l&rsquo;antiquit\u00e9 et des temps modernes, qui ne c\u00e9l\u00e8brent que des sensations et des passions, et dont le triomphe \u00e9tait de produire dans ceux qui les \u00e9coutaient la terreur et la piti\u00e9, c&rsquo;est-\u00e0-dire deux affections st\u00e9riles. De l\u00e0, cette indiff\u00e9rence qui accueille aujourd&rsquo;hui beaucoup de tentatives po\u00e9tiques : de l\u00e0, ces col\u00e8res des auteurs d\u00e9laiss\u00e9s, et, si l&rsquo;on peut dire ainsi, cette imp\u00e9n\u00e9trabilit\u00e9 r\u00e9ciproque de la litt\u00e9rature et de la soci\u00e9t\u00e9, qui les emp\u00eache de s\u2019unir pour se vivifier mutuellement. Or, voici un po\u00e8te qui parut dans un si\u00e8cle tumultueux, qui marcha comme envelopp\u00e9 d&rsquo;orages.<\/p>\n<p>Cependant, derri\u00e8re les ombres mouvantes de la vie, il a pressenti des r\u00e9alit\u00e9s immuables. Alors, conduit par la raison et par la foi, il devance le temps, il p\u00e9n\u00e8tre dans le monde invisible ; il s\u2019en met en possession ; il s\u2019y \u00e9tablit comme dans sa patrie, lui qui n&rsquo;a plus de patrie ici-bas.<\/p>\n<p>De ces hauteurs, s\u2019il laisse encore tomber ses regards sur les choses humaines, il en d\u00e9couvre \u00e0 la fois le principe et la fin ; par cons\u00e9quent, il les mesure et il les juge. Ses discours sont des enseignemens qui subjuguent les convictions et qui inclinent les consciences, en m\u00eame temps que, par le rhythme, ils se fixent dans les m\u00e9moires. C&rsquo;est comme une pr\u00e9dication qui se fait parmi les multitudes, ne se taisant jamais ; qui les captive, en s\u2019emparant de ce qu&rsquo;il y a de plus fort en elles, l&rsquo;intelligence et l&rsquo;amour. C&rsquo;est donc une po\u00e9sie qui, aux trois harmonies d&rsquo;o\u00f9 la beaut\u00e9 r\u00e9sulte, en joint deux autres : l&rsquo;harmonie de la pens\u00e9e avec ce qui est, c&rsquo;est-\u00e0-dire, la v\u00e9rit\u00e9 ; l&rsquo;harmonie de la parole avec ce qui doit \u00eatre, c&rsquo;est-\u00e0-dire, la moralit\u00e9.<\/p>\n<p>Ainsi, elle porte en soi une double valeur logique et morale, par o\u00f9 elle r\u00e9pond aux besoins les plus chers du plus grand nombre des hommes : elle se fait comprendre de ceux qu&rsquo;elle a compris ; elle est n\u00e9cessairement sociale. -il y a encore l\u00e0 un ph\u00e9nom\u00e8ne qui m\u00e9rite sans contredit une place dans l&rsquo;histoire de l&rsquo;art. C&rsquo;est plus qu&rsquo;un ph\u00e9nom\u00e8ne ; c&rsquo;est un exemple.<\/p>\n<p>Et l&rsquo;exemple, quand il est excellent, entra\u00eene apr\u00e8s soi la r\u00e9futation des th\u00e9ories contraires.<\/p>\n<p>Enfin, l&rsquo;union de deux choses si rares, une philosophie po\u00e9tique et populaire, une po\u00e9sie philosophique et vraiment sociale, constitue un \u00e9v\u00e9nement m\u00e9morable qui indique un des plus hauts degr\u00e9s de puissance o\u00f9 l&rsquo;esprit humain soit jamais parvenu. Que si toute puissance a sa raison d&rsquo;\u00eatre dans les circonstances contemporaines, l&rsquo;\u00e9v\u00e9nement que nous signalons nous donnera lieu d&rsquo;appr\u00e9cier la culture intellectuelle de l&rsquo;\u00e9poque o\u00f9 il se rencontra.<\/p>\n<p>Comme nous nous arr\u00eatons avec respect devant la maison qui vit na\u00eetre un homme illustre, encore que les murs en soient noircis par la v\u00e9tust\u00e9, et que nous n&rsquo;en comprenions pas l&rsquo;ordonnance int\u00e9rieure, nous apprendrons aussi \u00e0 respecter la civilisation au sein de laquelle il v\u00e9cut, bien qu&rsquo;elle nous apparaisse confuse dans l&rsquo;ombre des temps. Alors il faudra modifier quelques-unes de nos habitudes historiques : nous pourrons \u00eatre contraints d&rsquo;avancer, de deux si\u00e8cles et plus, cette date g\u00e9n\u00e9ralement admise de la renaissance, qui suppose d&rsquo;une mani\u00e8re calomnieuse l&rsquo;abrutissement de dix g\u00e9n\u00e9rations ant\u00e9rieures. Il faudra confesser qu&rsquo;on savait d\u00e9j\u00e0 l&rsquo;art de penser et de dire, alors qu&rsquo;on savait encore croire et prier. Nous rendrons hommage \u00e0 cet \u00e2ge catholique, \u00e0 cette belle adolescence de l&rsquo;humanit\u00e9 chr\u00e9tienne, vers laquelle, en ces jours o\u00f9 nous sommes de virilit\u00e9 orageuse, nous avons besoin de reporter quelquefois nos regards. Ces aveux tardifs ne manquent pas maintenant. Et n\u00e9anmoins, s\u2019il nous est permis d&rsquo;attacher quelque esp\u00e9rance \u00e0 ce travail, ce sera l&rsquo;esp\u00e9rance de les multiplier encore.<\/p>\n<p>C&rsquo;est surtout un int\u00e9r\u00eat de pi\u00e9t\u00e9 filiale qui nous a domin\u00e9 pendant que nous avons recueilli les faits et les id\u00e9es qu&rsquo;on va lire : c&rsquo;\u00e9taient pour nous quelques fleurs de plus \u00e0 r\u00e9pandre sur les tombes de nos p\u00e8res, qui furent bons et grands ; quelques grains d&rsquo;encens de plus \u00e0 offrir sur les autels de celui, qui les fit bons et grands pour ses desseins.<\/p>\n<p>Ces motifs, qui ont d\u00e9termin\u00e9 le choix du point de vue philosophique o\u00f9 nous nous sommes plac\u00e9, ne nous feront pas oublier les bornes de l&rsquo;horizon qu&rsquo;il embrasse. Nous ne chercherons pas \u00e0 embrasser le cadre immense, \u00e0 d\u00e9couvrir tous les myst\u00e9rieux labyrinthes, de la <em>divine com\u00e9die <\/em>. Nous savons que les souvenirs du pass\u00e9, et les sc\u00e8nes du pr\u00e9sent ; les passions politiques, et d&rsquo;autres passions plus tendres ; les traditions nationales, et les croyances religieuses ; et le ciel et la terre, ont pris part \u00e0 cette admirable cr\u00e9ation : (&#8230;).<\/p>\n<p>Nous y reconnaissons des \u00e9l\u00e9ments \u00e9pique, \u00e9l\u00e9giaque, satirique, didactique, rassembl\u00e9s dans une combinaison savante. L&rsquo;\u00e9l\u00e9ment didactique, \u00e0 son tour, nous para\u00eet divisible en deux autres : le premier, purement th\u00e9ologique ; le second, v\u00e9ritablement philosophique. Mais la <em>divine com\u00e9die <\/em>ressemble \u00e0 ces vastes h\u00e9ritages tomb\u00e9s entre les mains d&rsquo;une post\u00e9rit\u00e9 d\u00e9bile et appauvrie, qui les morcelle pour les cultiver.<\/p>\n<p>Nous avons pris la portion la plus inculte, mais peut-\u00eatre une des plus f\u00e9condes. Nous ne saurions la d\u00e9fricher sans mettre d&rsquo;abord le pied hors de ses limites.<\/p>\n<p>Toute chose en effet doit \u00eatre \u00e9tudi\u00e9e dans son milieu. Alors m\u00eame qu&rsquo;on s\u2019efforce d&rsquo;en isoler quelqu&rsquo;une pour mieux s\u2019en rendre ma\u00eetre, on ne saurait la soustraire enti\u00e8rement aux influences du dehors. Dans toute abstraction il reste un peu de r\u00e9alit\u00e9, comme, dans le vide artificiel, il reste toujours un peu d&rsquo;air. Un syst\u00e8me philosophique n&rsquo;est point un fait solitaire ; il est le produit du concours de toutes les facult\u00e9s de l&rsquo;\u00e2me : ces facult\u00e9s ob\u00e9issent \u00e0 une \u00e9ducation ant\u00e9rieurement re\u00e7ue, \u00e0 des impulsions ext\u00e9rieures. Il est donc utile, en commen\u00e7ant, d&rsquo;\u00e9tudier l&rsquo;aspect g\u00e9n\u00e9ral de l&rsquo;\u00e9poque de Dante, les phases de la scholastique contemporaine, les caract\u00e8res sp\u00e9ciaux de l&rsquo;\u00e9cole italienne \u00e0 laquelle il appartint, les \u00e9tudes et les vicissitudes qui remplirent sa vie, et l&rsquo;action que ces causes r\u00e9unies durent exercer sur ses doctrines. Telle sera la premi\u00e8re partie de cet essai.<\/p>\n<p>C&rsquo;est assur\u00e9ment dans la <em>divine com\u00e9die <\/em>que s\u2019est formul\u00e9 le g\u00e9nie de son auteur. Mais le g\u00e9nie ne saurait se contenir tout entier dans une formule, si vaste qu&rsquo;elle soit. Il faut qu&rsquo;il la d\u00e9borde, et que, soit en pr\u00e9ludant \u00e0 son oeuvre pr\u00e9f\u00e9r\u00e9e, soit en la suspendant quelquefois, il laisse \u00e9chapper ailleurs ce qu&rsquo;il y a d&rsquo;exub\u00e9rant dans ses inspirations. Aussi, la m\u00eame main qui tra\u00e7a la <em>divine com\u00e9die,<\/em> jeta, comme en se jouant, d&rsquo;autres \u00e9crits qui en sont le commentaire et le compl\u00e9ment naturel. De tous ces documents rapproch\u00e9s entre eux, mais en nous attachant surtout aux conceptions qui se rencontrent dans le po\u00e8me, en nous astreignant m\u00eame \u00e0 la m\u00e9thode que nous croyons y reconna\u00eetre, nous tenterons de faire ressortir une compl\u00e8te analyse de la philosophie du po\u00e8te : deuxi\u00e8me et principal objet de nos investigations.<\/p>\n<p>Enfin, apr\u00e8s avoir \u00e9bauch\u00e9 tous les traits de cette philosophie, nous aurons \u00e0 en caract\u00e9riser l&rsquo;ensemble. Nous nous transporterons dans les divers ordres d&rsquo;id\u00e9es anciennes, interm\u00e9diaires, et modernes, au centre desquelles elle nous para\u00eet plac\u00e9e. Nous examinerons par quels points elle tient aux unes ou aux autres ; comment elle touche aux souvenirs de l&rsquo;acad\u00e9mie ou du lyc\u00e9e, aux disputes des r\u00e9alistes et des nominaux, aux d\u00e9bats r\u00e9cents du sensualisme et du spiritualisme. Ainsi, trop p\u00e9n\u00e9tr\u00e9 de notre faiblesse pour juger nous-m\u00eame la philosophie de Dante, nous la traduirons au tribunal de l&rsquo;histoire, o\u00f9 elle aura pour juges Aristote et Platon, saint Thomas et saint Bonaventure, Bacon et Leibnitz. Puis, nous nous \u00e9l\u00e8verons avec elle au-dessus des syst\u00e8mes qui passent ; nous la suivrons au pied d&rsquo;un tribunal immuable, celui de la religion. Et, nous pr\u00eatant \u00e0 d&rsquo;anciennes controverses renouvel\u00e9es nagu\u00e8re, nous verrons s\u2019il faut rel\u00e9guer le po\u00e8te italien parmi la foule tumultueuse des esprits h\u00e9t\u00e9rodoxes, ou l&rsquo;admettre au nombre des plus nobles disciples de l&rsquo;\u00e9ternelle orthodoxie. Ce sera la troisi\u00e8me partie, et le terme du travail que nous entreprenons.<\/p>\n<p>Parvenus \u00e0 ce terme, si nous regardons derri\u00e8re nous, nous ne saurons nous dissimuler l&rsquo;insuffisance de nos investigations. La <em>divine com\u00e9die <\/em>est, en quelque sorte, le r\u00e9sultat compos\u00e9 de toutes les conceptions du moyen \u00e2ge, chacune desquelles \u00e0 son tour r\u00e9sulte d&rsquo;une lente \u00e9laboration poursuivie \u00e0 travers les \u00e9coles chr\u00e9tiennes, arabes, alexandrines, latines, grecques, et commenc\u00e9 dans les sanctuaires de l&rsquo;Orient. Il importerait de redire cette longue g\u00e9n\u00e9alogie. Il importerait de savoir combien il faut de si\u00e8cles et de g\u00e9n\u00e9rations ; combien de veilles ignor\u00e9es, de pens\u00e9es p\u00e9niblement obtenues, abandonn\u00e9es, reprises, transform\u00e9es, pour faire possible un tel ouvrage : ce qu&rsquo;il co\u00fbte, et, par cons\u00e9quent, ce qu&rsquo;il vaut. Mais des \u00e9tudes de ce genre n&rsquo;auraient pas de fin. Si Bernardin De Saint-Pierre d\u00e9couvrit un monde d&rsquo;insectes sur un fraisier, et, apr\u00e8s vingt jours de m\u00e9ditation, se retira confondu devant les merveilles de l&rsquo;humble plante, est-il \u00e9tonnant qu&rsquo;un grand homme, un seul livre de ce grand homme, un seul aspect de ce livre suffise au labeur de plusieurs ann\u00e9es ? Mais des ann\u00e9es consum\u00e9es de la sorte seraient-elles sans regret ? &#8230;<\/p>\n<p>comme notre po\u00e8te, p\u00e8lerin dans les r\u00e9gions sans bornes de l&rsquo;histoire, entour\u00e9 de toutes les figures du pass\u00e9, il ne nous est permis qu&rsquo;un court entretien avec chacune d&rsquo;elles, sous peine de ne pouvoir aborder les autres.<\/p>\n<p>\u00e0 nous comme \u00e0 lui, il semble qu&rsquo;une voix crie : \u00a0\u00bb que le temps nous est mesur\u00e9, et que des choses inattendues nous restent \u00e0 voir. \u00ab\u00a0<\/p>\n","protected":false},"excerpt":{"rendered":"<p>INTRODUCTION Lorsque, r\u00e9alisant un p\u00e8lerinage souvent r\u00eav\u00e9, on est all\u00e9 visiter Rome, et qu&rsquo;on a mont\u00e9, avec le fr\u00e9missement d&rsquo;une curiosit\u00e9 pieuse, le grand escalier du Vatican ; apr\u00e8s avoir parcouru les merveilles de tous &#8230; <a href=\"https:\/\/vincentians.com\/fr\/essai-sur-la-philosophie-de-dante-01\/\" class=\"more-link\">Read More<\/a><\/p>\n","protected":false},"author":4,"featured_media":189780,"comment_status":"open","ping_status":"open","sticky":false,"template":"","format":"standard","meta":{"jetpack_post_was_ever_published":false,"_jetpack_newsletter_access":"","_jetpack_dont_email_post_to_subs":false,"_jetpack_newsletter_tier_id":0,"_jetpack_memberships_contains_paywalled_content":false,"_jetpack_memberships_contains_paid_content":false,"footnotes":"","jetpack_publicize_message":"","jetpack_publicize_feature_enabled":true,"jetpack_social_post_already_shared":true,"jetpack_social_options":{"image_generator_settings":{"template":"highway","default_image_id":0,"font":"","enabled":false},"version":2}},"categories":[120],"tags":[],"class_list":["post-108363","post","type-post","status-publish","format-standard","has-post-thumbnail","hentry","category-livres-de-frederic-ozanam"],"yoast_head":"<!-- This site is optimized with the Yoast SEO plugin v26.3 - https:\/\/yoast.com\/wordpress\/plugins\/seo\/ -->\n<title>Essai sur la philosophie de Dante (01) - Nous Sommes Vincentiens<\/title>\n<meta name=\"robots\" content=\"index, follow, max-snippet:-1, max-image-preview:large, max-video-preview:-1\" \/>\n<link rel=\"canonical\" href=\"https:\/\/vincentians.com\/fr\/essai-sur-la-philosophie-de-dante-01\/\" \/>\n<meta property=\"og:locale\" content=\"fr_FR\" \/>\n<meta property=\"og:type\" content=\"article\" \/>\n<meta property=\"og:title\" content=\"Essai sur la philosophie de Dante (01) - Nous Sommes Vincentiens\" \/>\n<meta property=\"og:description\" content=\"INTRODUCTION Lorsque, r\u00e9alisant un p\u00e8lerinage souvent r\u00eav\u00e9, on est all\u00e9 visiter Rome, et qu&rsquo;on a mont\u00e9, avec le fr\u00e9missement d&rsquo;une curiosit\u00e9 pieuse, le grand escalier du Vatican ; apr\u00e8s avoir parcouru les merveilles de tous ... Read More\" \/>\n<meta property=\"og:url\" content=\"https:\/\/vincentians.com\/fr\/essai-sur-la-philosophie-de-dante-01\/\" \/>\n<meta property=\"og:site_name\" content=\"Nous Sommes Vincentiens\" \/>\n<meta property=\"article:publisher\" content=\"https:\/\/www.facebook.com\/WeAreVincentians\/\" \/>\n<meta property=\"article:author\" content=\"https:\/\/www.facebook.com\/JavierChento\" \/>\n<meta property=\"article:published_time\" content=\"2016-07-14T18:00:14+00:00\" \/>\n<meta property=\"og:image\" content=\"https:\/\/i0.wp.com\/vincentians.com\/fr\/wp-content\/uploads\/sites\/10\/2016\/07\/federico-ozanam-y-dante.jpg?fit=1200%2C630&ssl=1\" \/>\n\t<meta property=\"og:image:width\" content=\"1200\" \/>\n\t<meta property=\"og:image:height\" content=\"630\" \/>\n\t<meta property=\"og:image:type\" content=\"image\/jpeg\" \/>\n<meta name=\"author\" content=\"Francisco Javier Fern\u00e1ndez Chento\" \/>\n<meta name=\"twitter:card\" content=\"summary_large_image\" \/>\n<meta name=\"twitter:creator\" content=\"@https:\/\/twitter.com\/javierchento\" \/>\n<meta name=\"twitter:site\" content=\"@WeVincentians\" \/>\n<meta name=\"twitter:label1\" content=\"\u00c9crit par\" \/>\n\t<meta name=\"twitter:data1\" content=\"Francisco Javier Fern\u00e1ndez Chento\" \/>\n\t<meta name=\"twitter:label2\" content=\"Dur\u00e9e de lecture estim\u00e9e\" \/>\n\t<meta name=\"twitter:data2\" content=\"19 minutes\" \/>\n<script type=\"application\/ld+json\" class=\"yoast-schema-graph\">{\"@context\":\"https:\/\/schema.org\",\"@graph\":[{\"@type\":\"WebPage\",\"@id\":\"https:\/\/vincentians.com\/fr\/essai-sur-la-philosophie-de-dante-01\/\",\"url\":\"https:\/\/vincentians.com\/fr\/essai-sur-la-philosophie-de-dante-01\/\",\"name\":\"Essai sur la philosophie de Dante (01) - Nous Sommes Vincentiens\",\"isPartOf\":{\"@id\":\"https:\/\/vincentians.com\/fr\/#website\"},\"primaryImageOfPage\":{\"@id\":\"https:\/\/vincentians.com\/fr\/essai-sur-la-philosophie-de-dante-01\/#primaryimage\"},\"image\":{\"@id\":\"https:\/\/vincentians.com\/fr\/essai-sur-la-philosophie-de-dante-01\/#primaryimage\"},\"thumbnailUrl\":\"https:\/\/i0.wp.com\/vincentians.com\/fr\/wp-content\/uploads\/sites\/10\/2016\/07\/federico-ozanam-y-dante.jpg?fit=1200%2C630&ssl=1\",\"datePublished\":\"2016-07-14T18:00:14+00:00\",\"author\":{\"@id\":\"https:\/\/vincentians.com\/fr\/#\/schema\/person\/9623ef4d9aa3b2dfb8c061f1499288f2\"},\"breadcrumb\":{\"@id\":\"https:\/\/vincentians.com\/fr\/essai-sur-la-philosophie-de-dante-01\/#breadcrumb\"},\"inLanguage\":\"fr-FR\",\"potentialAction\":[{\"@type\":\"ReadAction\",\"target\":[\"https:\/\/vincentians.com\/fr\/essai-sur-la-philosophie-de-dante-01\/\"]}]},{\"@type\":\"ImageObject\",\"inLanguage\":\"fr-FR\",\"@id\":\"https:\/\/vincentians.com\/fr\/essai-sur-la-philosophie-de-dante-01\/#primaryimage\",\"url\":\"https:\/\/i0.wp.com\/vincentians.com\/fr\/wp-content\/uploads\/sites\/10\/2016\/07\/federico-ozanam-y-dante.jpg?fit=1200%2C630&ssl=1\",\"contentUrl\":\"https:\/\/i0.wp.com\/vincentians.com\/fr\/wp-content\/uploads\/sites\/10\/2016\/07\/federico-ozanam-y-dante.jpg?fit=1200%2C630&ssl=1\",\"width\":1200,\"height\":630},{\"@type\":\"BreadcrumbList\",\"@id\":\"https:\/\/vincentians.com\/fr\/essai-sur-la-philosophie-de-dante-01\/#breadcrumb\",\"itemListElement\":[{\"@type\":\"ListItem\",\"position\":1,\"name\":\"Portada\",\"item\":\"https:\/\/vincentians.com\/fr\/\"},{\"@type\":\"ListItem\",\"position\":2,\"name\":\"Essai sur la philosophie de Dante (01)\"}]},{\"@type\":\"WebSite\",\"@id\":\"https:\/\/vincentians.com\/fr\/#website\",\"url\":\"https:\/\/vincentians.com\/fr\/\",\"name\":\"Nous Sommes Vincentiens\",\"description\":\"Know more to serve more\",\"potentialAction\":[{\"@type\":\"SearchAction\",\"target\":{\"@type\":\"EntryPoint\",\"urlTemplate\":\"https:\/\/vincentians.com\/fr\/?s={search_term_string}\"},\"query-input\":{\"@type\":\"PropertyValueSpecification\",\"valueRequired\":true,\"valueName\":\"search_term_string\"}}],\"inLanguage\":\"fr-FR\"},{\"@type\":\"Person\",\"@id\":\"https:\/\/vincentians.com\/fr\/#\/schema\/person\/9623ef4d9aa3b2dfb8c061f1499288f2\",\"name\":\"Francisco Javier Fern\u00e1ndez Chento\",\"image\":{\"@type\":\"ImageObject\",\"inLanguage\":\"fr-FR\",\"@id\":\"https:\/\/vincentians.com\/fr\/#\/schema\/person\/image\/\",\"url\":\"https:\/\/secure.gravatar.com\/avatar\/497d5cde87b4c3d097d0315953521681ba2cd523ee66e5077c3711f7021e65de?s=96&d=mm&r=g\",\"contentUrl\":\"https:\/\/secure.gravatar.com\/avatar\/497d5cde87b4c3d097d0315953521681ba2cd523ee66e5077c3711f7021e65de?s=96&d=mm&r=g\",\"caption\":\"Francisco Javier Fern\u00e1ndez Chento\"},\"description\":\"Director General y cofundador de La Red de Formaci\u00f3n Vicenciana. Javier es laico vicenciano, afiliado a la Congregaci\u00f3n de la Misi\u00f3n y miembro del Equipo de Misiones Populares de la provincia can\u00f3nica de Zaragoza (Espa\u00f1a) de la Congregaci\u00f3n de la Misi\u00f3n. Graduado en la Universidad Oberta de Catalunya con cuatro grados (Asistente de direcci\u00f3n, Gesti\u00f3n Administrativa, Recursos Humanos y Contabilidad Avanzada). Bil\u00edng\u00fce Espa\u00f1ol\/Ingl\u00e9s. gestiona y mantiene varias p\u00e1ginas web cristianas y vicencianas, incluida including La Red de Formaci\u00f3n Vicenciana, de la que es cofundador. Actualmente es responsable del \u00e1rea de Espa\u00f1ol de .famvin, la Red de Noticias de la Familia Vicenciana. Tambi\u00e9n es m\u00fasico cat\u00f3lico y ha editado varios discos. Es Director General y cofundador de Trovador, una reconocida compa\u00f1\u00eda discogr\u00e1fica critiana de Espa\u00f1a. Trabaja en las Tecnolog\u00edas de la Informaci\u00f3n, ofreciendo servicios de alojamiento, dise\u00f1o y mantenimiento Web, as\u00ed como asesoramiento, formaci\u00f3n y soluciones inform\u00e1ticas, gesti\u00f3n documental y digitalizaci\u00f3n de textos, edici\u00f3n y maquetaci\u00f3n de libros, revistas, flyers, etc.\",\"sameAs\":[\"http:\/\/chento.org\",\"https:\/\/www.facebook.com\/JavierChento\",\"https:\/\/x.com\/https:\/\/twitter.com\/javierchento\"],\"url\":\"https:\/\/vincentians.com\/fr\/author\/chento\/\"}]}<\/script>\n<!-- \/ Yoast SEO plugin. -->","yoast_head_json":{"title":"Essai sur la philosophie de Dante (01) - Nous Sommes Vincentiens","robots":{"index":"index","follow":"follow","max-snippet":"max-snippet:-1","max-image-preview":"max-image-preview:large","max-video-preview":"max-video-preview:-1"},"canonical":"https:\/\/vincentians.com\/fr\/essai-sur-la-philosophie-de-dante-01\/","og_locale":"fr_FR","og_type":"article","og_title":"Essai sur la philosophie de Dante (01) - Nous Sommes Vincentiens","og_description":"INTRODUCTION Lorsque, r\u00e9alisant un p\u00e8lerinage souvent r\u00eav\u00e9, on est all\u00e9 visiter Rome, et qu&rsquo;on a mont\u00e9, avec le fr\u00e9missement d&rsquo;une curiosit\u00e9 pieuse, le grand escalier du Vatican ; apr\u00e8s avoir parcouru les merveilles de tous ... Read More","og_url":"https:\/\/vincentians.com\/fr\/essai-sur-la-philosophie-de-dante-01\/","og_site_name":"Nous Sommes Vincentiens","article_publisher":"https:\/\/www.facebook.com\/WeAreVincentians\/","article_author":"https:\/\/www.facebook.com\/JavierChento","article_published_time":"2016-07-14T18:00:14+00:00","og_image":[{"width":1200,"height":630,"url":"https:\/\/i0.wp.com\/vincentians.com\/fr\/wp-content\/uploads\/sites\/10\/2016\/07\/federico-ozanam-y-dante.jpg?fit=1200%2C630&ssl=1","type":"image\/jpeg"}],"author":"Francisco Javier Fern\u00e1ndez Chento","twitter_card":"summary_large_image","twitter_creator":"@https:\/\/twitter.com\/javierchento","twitter_site":"@WeVincentians","twitter_misc":{"\u00c9crit par":"Francisco Javier Fern\u00e1ndez Chento","Dur\u00e9e de lecture estim\u00e9e":"19 minutes"},"schema":{"@context":"https:\/\/schema.org","@graph":[{"@type":"WebPage","@id":"https:\/\/vincentians.com\/fr\/essai-sur-la-philosophie-de-dante-01\/","url":"https:\/\/vincentians.com\/fr\/essai-sur-la-philosophie-de-dante-01\/","name":"Essai sur la philosophie de Dante (01) - Nous Sommes Vincentiens","isPartOf":{"@id":"https:\/\/vincentians.com\/fr\/#website"},"primaryImageOfPage":{"@id":"https:\/\/vincentians.com\/fr\/essai-sur-la-philosophie-de-dante-01\/#primaryimage"},"image":{"@id":"https:\/\/vincentians.com\/fr\/essai-sur-la-philosophie-de-dante-01\/#primaryimage"},"thumbnailUrl":"https:\/\/i0.wp.com\/vincentians.com\/fr\/wp-content\/uploads\/sites\/10\/2016\/07\/federico-ozanam-y-dante.jpg?fit=1200%2C630&ssl=1","datePublished":"2016-07-14T18:00:14+00:00","author":{"@id":"https:\/\/vincentians.com\/fr\/#\/schema\/person\/9623ef4d9aa3b2dfb8c061f1499288f2"},"breadcrumb":{"@id":"https:\/\/vincentians.com\/fr\/essai-sur-la-philosophie-de-dante-01\/#breadcrumb"},"inLanguage":"fr-FR","potentialAction":[{"@type":"ReadAction","target":["https:\/\/vincentians.com\/fr\/essai-sur-la-philosophie-de-dante-01\/"]}]},{"@type":"ImageObject","inLanguage":"fr-FR","@id":"https:\/\/vincentians.com\/fr\/essai-sur-la-philosophie-de-dante-01\/#primaryimage","url":"https:\/\/i0.wp.com\/vincentians.com\/fr\/wp-content\/uploads\/sites\/10\/2016\/07\/federico-ozanam-y-dante.jpg?fit=1200%2C630&ssl=1","contentUrl":"https:\/\/i0.wp.com\/vincentians.com\/fr\/wp-content\/uploads\/sites\/10\/2016\/07\/federico-ozanam-y-dante.jpg?fit=1200%2C630&ssl=1","width":1200,"height":630},{"@type":"BreadcrumbList","@id":"https:\/\/vincentians.com\/fr\/essai-sur-la-philosophie-de-dante-01\/#breadcrumb","itemListElement":[{"@type":"ListItem","position":1,"name":"Portada","item":"https:\/\/vincentians.com\/fr\/"},{"@type":"ListItem","position":2,"name":"Essai sur la philosophie de Dante (01)"}]},{"@type":"WebSite","@id":"https:\/\/vincentians.com\/fr\/#website","url":"https:\/\/vincentians.com\/fr\/","name":"Nous Sommes Vincentiens","description":"Know more to serve more","potentialAction":[{"@type":"SearchAction","target":{"@type":"EntryPoint","urlTemplate":"https:\/\/vincentians.com\/fr\/?s={search_term_string}"},"query-input":{"@type":"PropertyValueSpecification","valueRequired":true,"valueName":"search_term_string"}}],"inLanguage":"fr-FR"},{"@type":"Person","@id":"https:\/\/vincentians.com\/fr\/#\/schema\/person\/9623ef4d9aa3b2dfb8c061f1499288f2","name":"Francisco Javier Fern\u00e1ndez Chento","image":{"@type":"ImageObject","inLanguage":"fr-FR","@id":"https:\/\/vincentians.com\/fr\/#\/schema\/person\/image\/","url":"https:\/\/secure.gravatar.com\/avatar\/497d5cde87b4c3d097d0315953521681ba2cd523ee66e5077c3711f7021e65de?s=96&d=mm&r=g","contentUrl":"https:\/\/secure.gravatar.com\/avatar\/497d5cde87b4c3d097d0315953521681ba2cd523ee66e5077c3711f7021e65de?s=96&d=mm&r=g","caption":"Francisco Javier Fern\u00e1ndez Chento"},"description":"Director General y cofundador de La Red de Formaci\u00f3n Vicenciana. Javier es laico vicenciano, afiliado a la Congregaci\u00f3n de la Misi\u00f3n y miembro del Equipo de Misiones Populares de la provincia can\u00f3nica de Zaragoza (Espa\u00f1a) de la Congregaci\u00f3n de la Misi\u00f3n. Graduado en la Universidad Oberta de Catalunya con cuatro grados (Asistente de direcci\u00f3n, Gesti\u00f3n Administrativa, Recursos Humanos y Contabilidad Avanzada). Bil\u00edng\u00fce Espa\u00f1ol\/Ingl\u00e9s. gestiona y mantiene varias p\u00e1ginas web cristianas y vicencianas, incluida including La Red de Formaci\u00f3n Vicenciana, de la que es cofundador. Actualmente es responsable del \u00e1rea de Espa\u00f1ol de .famvin, la Red de Noticias de la Familia Vicenciana. Tambi\u00e9n es m\u00fasico cat\u00f3lico y ha editado varios discos. Es Director General y cofundador de Trovador, una reconocida compa\u00f1\u00eda discogr\u00e1fica critiana de Espa\u00f1a. Trabaja en las Tecnolog\u00edas de la Informaci\u00f3n, ofreciendo servicios de alojamiento, dise\u00f1o y mantenimiento Web, as\u00ed como asesoramiento, formaci\u00f3n y soluciones inform\u00e1ticas, gesti\u00f3n documental y digitalizaci\u00f3n de textos, edici\u00f3n y maquetaci\u00f3n de libros, revistas, flyers, etc.","sameAs":["http:\/\/chento.org","https:\/\/www.facebook.com\/JavierChento","https:\/\/x.com\/https:\/\/twitter.com\/javierchento"],"url":"https:\/\/vincentians.com\/fr\/author\/chento\/"}]}},"jetpack_publicize_connections":[],"jetpack_featured_media_url":"https:\/\/i0.wp.com\/vincentians.com\/fr\/wp-content\/uploads\/sites\/10\/2016\/07\/federico-ozanam-y-dante.jpg?fit=1200%2C630&ssl=1","jetpack_sharing_enabled":true,"jetpack_shortlink":"https:\/\/wp.me\/p7ETMP-sbN","jetpack-related-posts":[{"id":103953,"url":"https:\/\/vincentians.com\/fr\/petit-catechisme-de-la-mission\/","url_meta":{"origin":108363,"position":0},"title":"Petit cat\u00e9chisme de la Mission","author":"Francisco Javier Fern\u00e1ndez Chento","date":"17\/02\/2015","format":false,"excerpt":"Saint Vincent de Paul Cat\u00e9chiste La part de saint Vincent de Paul dans la r\u00e9forme catholique du xv__e si\u00e8cle, en France, fut immense. Il cr\u00e9a les missions aux pauvres de la campagne, organisa les retraites des ordinands, d\u2019o\u00f9 sortirent les s\u00e9minaires des eccl\u00e9siastiques, donna un nouvel \u00e9lan \u00e0 l\u2019apostolat dans\u2026","rel":"","context":"Dans &quot;Au temps de Vincent de Paul&quot;","block_context":{"text":"Au temps de Vincent de Paul","link":"https:\/\/vincentians.com\/fr\/category\/au-temps-de-vincent-de-paul\/"},"img":{"alt_text":"","src":"https:\/\/i0.wp.com\/vincentiens.org\/wp-content\/uploads\/2012\/10\/st-vincent-236x300.jpg?resize=350%2C200","width":350,"height":200},"classes":[]},{"id":190822,"url":"https:\/\/vincentians.com\/fr\/prophetisme-charisme-vincentien-a-lumiere-de-doctrine-sociale-de-leglise-6\/","url_meta":{"origin":108363,"position":1},"title":"Proph\u00e9tisme du charisme vincentien a la lumi\u00e8re de la Doctrine Sociale de l\u2019\u00c9glise (6)","author":"Francisco Javier Fern\u00e1ndez Chento","date":"14\/02\/2017","format":false,"excerpt":"6.- SAINT VINCENT ET LA SOLIDARITE Le mot \u2018solidarit\u00e9\u2019 est l\u2019un de ces mots souvent employ\u00e9s, mais qui parfois n\u2019a pas sa v\u00e9ritable signification. Elle vient du latin \u2018solidus\u2019, solide, fort\u2026 Est solidaire celui qui pr\u00eate ou montre adh\u00e9sion ou appui \u00e0 la cause d\u2019autrui, sp\u00e9cialement dans les situations difficiles.\u2026","rel":"","context":"Dans &quot;Formation Vincentienne&quot;","block_context":{"text":"Formation Vincentienne","link":"https:\/\/vincentians.com\/fr\/category\/formation-vincentienne\/"},"img":{"alt_text":"","src":"https:\/\/i0.wp.com\/vincentians.com\/fr\/wp-content\/uploads\/sites\/10\/2017\/02\/profetismo-fb.jpg?fit=1200%2C630&ssl=1&resize=350%2C200","width":350,"height":200,"srcset":"https:\/\/i0.wp.com\/vincentians.com\/fr\/wp-content\/uploads\/sites\/10\/2017\/02\/profetismo-fb.jpg?fit=1200%2C630&ssl=1&resize=350%2C200 1x, https:\/\/i0.wp.com\/vincentians.com\/fr\/wp-content\/uploads\/sites\/10\/2017\/02\/profetismo-fb.jpg?fit=1200%2C630&ssl=1&resize=525%2C300 1.5x, https:\/\/i0.wp.com\/vincentians.com\/fr\/wp-content\/uploads\/sites\/10\/2017\/02\/profetismo-fb.jpg?fit=1200%2C630&ssl=1&resize=700%2C400 2x, https:\/\/i0.wp.com\/vincentians.com\/fr\/wp-content\/uploads\/sites\/10\/2017\/02\/profetismo-fb.jpg?fit=1200%2C630&ssl=1&resize=1050%2C600 3x"},"classes":[]},{"id":42953,"url":"https:\/\/vincentians.com\/fr\/marguerite-rutan-une-intrepide-fille-de-saint-vincent\/","url_meta":{"origin":108363,"position":2},"title":"Marguerite Rutan, une intr\u00e9pide fille de Saint Vincent","author":"Francisco Javier Fern\u00e1ndez Chento","date":"14\/11\/2013","format":false,"excerpt":"Le 19 juin 2011, plus de deux cents ans apr\u00e8s sa\u00a0d\u00e9capitation, s\u0153ur Marguerite Rutan,\u00a0premi\u00e8re sup\u00e9rieure de l'h\u00f4pital, sera\u00a0b\u00e9atifi\u00e9e par l'\u00e9missaire du pape dans les\u00a0ar\u00e8nes de la ville. Sous l'\u00e9gide de Mgr\u00a0Breton, un comit\u00e9 permanent et 15 \u00ab\u00a0animateurs de chantiers \u00bb pr\u00e9parent la\u00a0b\u00e9atification de s\u0153ur Marguerite Rutan. Il fut un temps\u2026","rel":"","context":"Dans &quot;Marguerite Rutan&quot;","block_context":{"text":"Marguerite Rutan","link":"https:\/\/vincentians.com\/fr\/category\/marguerite-rutan\/"},"img":{"alt_text":"","src":"https:\/\/i0.wp.com\/vincentiens.org\/wp-content\/uploads\/2012\/10\/rutan1-143x300.jpg?resize=350%2C200","width":350,"height":200},"classes":[]},{"id":108188,"url":"https:\/\/vincentians.com\/fr\/fete-de-la-presentation-du-seigneur-a-patrice-sabater-pardo-cm\/","url_meta":{"origin":108363,"position":3},"title":"F\u00eate de la Pr\u00e9sentation du Seigneur (A) [Patrice Sabater Pardo, cm]","author":"Francisco Javier Fern\u00e1ndez Chento","date":"01\/02\/2014","format":false,"excerpt":"Remis dans les bras du Seigneur Selon l\u2019ancienne tradition, surtout en Provence, en Languedoc et sur le pourtour de la M\u00e9diterran\u00e9e chr\u00e9tienne, le Temps de No\u00ebl s\u2019arr\u00eate en ce dimanche de la Pr\u00e9sentation du Seigneur encore appel\u00e9 Chandeleur. Tant\u00f4t on a dit que le Cycle de No\u00ebl allait jusqu\u2019aux Noces\u2026","rel":"","context":"Dans &quot;Hom\u00e9lies et r\u00e9flexions, Ann\u00e9e A&quot;","block_context":{"text":"Hom\u00e9lies et r\u00e9flexions, Ann\u00e9e A","link":"https:\/\/vincentians.com\/fr\/category\/homelies-et-reflexions-annee-a\/"},"img":{"alt_text":"presentation01","src":"https:\/\/i0.wp.com\/vincentiens.org\/wp-content\/uploads\/2013\/12\/presentation01-263x300.jpg?resize=350%2C200","width":350,"height":200},"classes":[]},{"id":104203,"url":"https:\/\/vincentians.com\/fr\/fernand-portal-v-la-brisure-du-premier-rapprochement\/","url_meta":{"origin":108363,"position":4},"title":"Fernand Portal (V) La brisure du premier rapprochement","author":"Francisco Javier Fern\u00e1ndez Chento","date":"06\/11\/2012","format":false,"excerpt":"Le meeting de Londres Le ciel s'obscurcit brusquement. En Mars 1896 une commission \u00ab exclusivement \u00bb catholique se r\u00e9unit \u00e0 Rome. Au rythme de trois s\u00e9ances par semaine, elle travaillera durant deux mois. La partie s'annonce serr\u00e9e : des \u00ab portaliens \u00bb Gasparri, Duchesne, de Augus\u00adtinis et Scannel se trouvent\u2026","rel":"","context":"Dans &quot;Biographies Lazaristes&quot;","block_context":{"text":"Biographies Lazaristes","link":"https:\/\/vincentians.com\/fr\/category\/biographies-lazaristes\/"},"img":{"alt_text":"","src":"https:\/\/i0.wp.com\/vincentians.com\/fr\/wp-content\/uploads\/sites\/10\/2016\/08\/bio-congregation-of-the-mission.jpg?fit=1200%2C630&ssl=1&resize=350%2C200","width":350,"height":200,"srcset":"https:\/\/i0.wp.com\/vincentians.com\/fr\/wp-content\/uploads\/sites\/10\/2016\/08\/bio-congregation-of-the-mission.jpg?fit=1200%2C630&ssl=1&resize=350%2C200 1x, https:\/\/i0.wp.com\/vincentians.com\/fr\/wp-content\/uploads\/sites\/10\/2016\/08\/bio-congregation-of-the-mission.jpg?fit=1200%2C630&ssl=1&resize=525%2C300 1.5x, https:\/\/i0.wp.com\/vincentians.com\/fr\/wp-content\/uploads\/sites\/10\/2016\/08\/bio-congregation-of-the-mission.jpg?fit=1200%2C630&ssl=1&resize=700%2C400 2x, https:\/\/i0.wp.com\/vincentians.com\/fr\/wp-content\/uploads\/sites\/10\/2016\/08\/bio-congregation-of-the-mission.jpg?fit=1200%2C630&ssl=1&resize=1050%2C600 3x"},"classes":[]},{"id":190403,"url":"https:\/\/vincentians.com\/fr\/ephemerides-02-avril\/","url_meta":{"origin":108363,"position":5},"title":"Eph\u00e9m\u00e9rides : 02 avril","author":"Francisco Javier Fern\u00e1ndez Chento","date":"02\/04\/2017","format":false,"excerpt":"1646. L'acte d'union de la cure de Richelieu \u00e0 la Congr\u00e9gation de la Mission est sign\u00e9. Ainsi est compl\u00e9t\u00e9 l'\u00e9tablissement de la Mission, tel que l'a voulu, sur ses terres, le cardinal de Richelieu. M. Lambert, minutieusement conseill\u00e9 par saint Vincent, fera de cette cure une paroisse mod\u00e8le (au dioc\u00e8se\u2026","rel":"","context":"Dans &quot;\u00c9ph\u00e9m\u00e9rides vincentiens&quot;","block_context":{"text":"\u00c9ph\u00e9m\u00e9rides vincentiens","link":"https:\/\/vincentians.com\/fr\/category\/ephemerides-vincentiens\/"},"img":{"alt_text":"","src":"https:\/\/i0.wp.com\/vincentians.com\/fr\/wp-content\/uploads\/sites\/10\/2016\/07\/ephemerides-fb.jpg?fit=1200%2C630&ssl=1&resize=350%2C200","width":350,"height":200,"srcset":"https:\/\/i0.wp.com\/vincentians.com\/fr\/wp-content\/uploads\/sites\/10\/2016\/07\/ephemerides-fb.jpg?fit=1200%2C630&ssl=1&resize=350%2C200 1x, https:\/\/i0.wp.com\/vincentians.com\/fr\/wp-content\/uploads\/sites\/10\/2016\/07\/ephemerides-fb.jpg?fit=1200%2C630&ssl=1&resize=525%2C300 1.5x, https:\/\/i0.wp.com\/vincentians.com\/fr\/wp-content\/uploads\/sites\/10\/2016\/07\/ephemerides-fb.jpg?fit=1200%2C630&ssl=1&resize=700%2C400 2x, https:\/\/i0.wp.com\/vincentians.com\/fr\/wp-content\/uploads\/sites\/10\/2016\/07\/ephemerides-fb.jpg?fit=1200%2C630&ssl=1&resize=1050%2C600 3x"},"classes":[]}],"_links":{"self":[{"href":"https:\/\/vincentians.com\/fr\/wp-json\/wp\/v2\/posts\/108363","targetHints":{"allow":["GET"]}}],"collection":[{"href":"https:\/\/vincentians.com\/fr\/wp-json\/wp\/v2\/posts"}],"about":[{"href":"https:\/\/vincentians.com\/fr\/wp-json\/wp\/v2\/types\/post"}],"author":[{"embeddable":true,"href":"https:\/\/vincentians.com\/fr\/wp-json\/wp\/v2\/users\/4"}],"replies":[{"embeddable":true,"href":"https:\/\/vincentians.com\/fr\/wp-json\/wp\/v2\/comments?post=108363"}],"version-history":[{"count":0,"href":"https:\/\/vincentians.com\/fr\/wp-json\/wp\/v2\/posts\/108363\/revisions"}],"wp:featuredmedia":[{"embeddable":true,"href":"https:\/\/vincentians.com\/fr\/wp-json\/wp\/v2\/media\/189780"}],"wp:attachment":[{"href":"https:\/\/vincentians.com\/fr\/wp-json\/wp\/v2\/media?parent=108363"}],"wp:term":[{"taxonomy":"category","embeddable":true,"href":"https:\/\/vincentians.com\/fr\/wp-json\/wp\/v2\/categories?post=108363"},{"taxonomy":"post_tag","embeddable":true,"href":"https:\/\/vincentians.com\/fr\/wp-json\/wp\/v2\/tags?post=108363"}],"curies":[{"name":"wp","href":"https:\/\/api.w.org\/{rel}","templated":true}]}}