{"id":108226,"date":"2014-12-19T19:18:22","date_gmt":"2014-12-19T18:18:22","guid":{"rendered":"http:\/\/vincentiens.org\/?p=108226"},"modified":"2014-12-19T19:18:22","modified_gmt":"2014-12-19T18:18:22","slug":"histoire-generale-de-la-congregation-de-la-mission-61","status":"publish","type":"post","link":"https:\/\/vincentians.com\/fr\/histoire-generale-de-la-congregation-de-la-mission-61\/","title":{"rendered":"Histoire g\u00e9n\u00e9rale de la Congr\u00e9gation de la Mission (61)"},"content":{"rendered":"<h2><b><b><b><b>LXI. Nouveaux \u00e9tablissements en France et ailleurs<\/b><\/b><\/b><\/b><\/h2>\n<p><a href=\"https:\/\/i0.wp.com\/vincentiens.org\/wp-content\/uploads\/2012\/12\/logocm.png\"><img data-recalc-dims=\"1\" loading=\"lazy\" decoding=\"async\" class=\"alignright size-medium wp-image-104093\" src=\"https:\/\/i0.wp.com\/vincentiens.org\/wp-content\/uploads\/2012\/12\/logocm-245x300.png?resize=245%2C300\" alt=\"logocm\" width=\"245\" height=\"300\" \/><\/a>La Compagnie s\u2019accrut en nombre de maisons sous le gouvernement de M. Watel tant en France que dans les pays \u00e9trangers. Un des \u00e9tablissements qui lui donna le plus de consolation fut celui de Notre-Dame de Buglose, au village de Pouy qui \u00e9tait la patrie de M. Vincent. C\u2019\u00e9tait un lieu de d\u00e9votion, o\u00f9 un grand concours de peuple venait honorer la ste. Vierge. Depuis que la Congr\u00e9gation y a \u00e9t\u00e9 \u00e9tablie et on y a vu venir la S\u00e9r\u00e9nissime reine d\u2019Espagne, veuve de S[a] M[ajest\u00e9] Charles II, qui, dans les guerres survenues pour maintenir sur le tr\u00f4ne Philippe V, de la maisonde France, ayant \u00e9t\u00e9 soup\u00e7onn\u00e9e d\u2019\u00eatre trop attach\u00e9e \u00e0 l\u2019Empereur dont elle \u00e9tait la tante fut pri\u00e9e de se retirer \u00e0 Bayonne pour y faire son s\u00e9jour ordinaire ; et, depuis la paix, Sa Majest\u00e9 n\u2019a pas voulu sortir de cette ville. Elle vint un jour faire ses d\u00e9votions \u00e0 Notre-Dame de Buglose, o\u00f9 M. Vincent, dans sa jeunesse, s\u2019\u00e9tait mis pareillement sous la protection de la sainte Vierge. Ce fut un abb\u00e9 de distinction de ce pays qui m\u00e9nagea cet \u00e9tablissement du consentement de messire Bernard d\u2019Abadie<span id='easy-footnote-1-108226' class='easy-footnote-margin-adjust'><\/span><span class='easy-footnote'><a href='https:\/\/vincentians.com\/fr\/histoire-generale-de-la-congregation-de-la-mission-61\/#easy-footnote-bottom-1-108226' title='Bernard d\u2019Abbadie d\u2019Arbocave, \u2020 1732.'><sup>1<\/sup><\/a><\/span>, \u00e9v\u00eaque de Dax, dans le dioc\u00e8se duquel est cette chapelle. Ce pr\u00e9lat y envoie les s\u00e9minaristes ; et il y a trois pr\u00eatres dans cette nouvelle maison qui commen\u00e7a en 1704.<\/p>\n<p>Messire Cyprien Bernard de Rezay<span id='easy-footnote-2-108226' class='easy-footnote-margin-adjust'><\/span><span class='easy-footnote'><a href='https:\/\/vincentians.com\/fr\/histoire-generale-de-la-congregation-de-la-mission-61\/#easy-footnote-bottom-2-108226' title='Cyprien-Gabriel Bernard de Rezay, \u2020 1737.'><sup>2<\/sup><\/a><\/span>, \u00e9v\u00eaque d\u2019Angoul\u00eame, ayant \u00e9t\u00e9 satisfait des travaux des Missionnaires de Saintonge, qui allaient, de six en six ans, acquitter une fondation de mission dans les terresde M. de La Marguerie, ci-devant pr\u00e9sident \u00e0 mortier au parlement de Paris, pendant 4 mois de l\u2019ann\u00e9e, \u00e0 la charge de la maison de St.-Lazare, r\u00e9solut de donner \u00e0 la Compagnie la direction de son s\u00e9minaire d\u00e9j\u00e0 b\u00e2ti et rent\u00e9, ayant \u00e9t\u00e9 quelque temps dirig\u00e9 par quelques eccl\u00e9siastiques externes. Ce pr\u00e9lat envoyait plusieurs s\u00e9minaristes au s\u00e9minaire de P\u00e9rigueux, gouvern\u00e9 par une communaut\u00e9 eccl\u00e9siastique qui y sert avec b\u00e9n\u00e9diction. Il joignit \u00e0 son s\u00e9minaire la chapelle de Notre-Dame d\u2019Obesine, hors les portes d\u2019Angoul\u00eame, o\u00f9 le monde va en d\u00e9votion, et un des pr\u00eatres de la Mission, y doit faire comme les fonctions du P\u00e9nitencier du dioc\u00e8se, pour les personnes qui auraient besoin de faire des confessions g\u00e9n\u00e9rales, ou se trouveraient embarrass\u00e9es de quelques difficult\u00e9s de conscience. On envoya l\u00e0 quatre pr\u00eatres et deux fr\u00e8res, et M. Desortiaulx<span id='easy-footnote-3-108226' class='easy-footnote-margin-adjust'><\/span><span class='easy-footnote'><a href='https:\/\/vincentians.com\/fr\/histoire-generale-de-la-congregation-de-la-mission-61\/#easy-footnote-bottom-3-108226' title='Fran\u00e7ois Desortiaulx, n\u00e9 1654.'><sup>3<\/sup><\/a><\/span> fut le premier sup\u00e9rieur.<\/p>\n<p>On avait souhait\u00e9 depuis longtemps un \u00e9tablissement de la Compagnie dans Toulouse, ville capitale du Languedoc. M. Rabi, vicaire g\u00e9n\u00e9ral de messire \u00c9douard Colbert de Villacerf<span id='easy-footnote-4-108226' class='easy-footnote-margin-adjust'><\/span><span class='easy-footnote'><a href='https:\/\/vincentians.com\/fr\/histoire-generale-de-la-congregation-de-la-mission-61\/#easy-footnote-bottom-4-108226' title='Peut-\u00eatre Jean-Baptiste Michel Colbert, \u2020 1710.'><sup>4<\/sup><\/a><\/span>, archev\u00eaque de cette ville, intime ami de la Congr\u00e9gation, agit si bien aupr\u00e8s du pr\u00e9lat qui d\u2019ailleurs l\u2019honorait de son estime ; et il le d\u00e9termina \u00e0 l\u2019\u00e9tablir dans le s\u00e9minaire de Carman, autrefois dirig\u00e9 par M. Bonnal, qui avait assembl\u00e9 des eccl\u00e9siastiques vivant en communaut\u00e9 ; mais, le R. P. de la Chaise, confesseur de Sa Majest\u00e9, \u00e0 l\u2019instance de ses confr\u00e8res, qui ont le soin du principal s\u00e9minaire du dioc\u00e8se de Toulouse, suscita des obstacles au parlement de Paris, qui rendirent cette bonne volont\u00e9 sans effet. La m\u00eame influence avait pareillement emp\u00each\u00e9 ci-devant que les Missionnaires ne fussent introduits dans le prieur\u00e9 de Saint-Ir\u00e9n\u00e9e-hors-les-murs de Lyon, o\u00f9 les anciens chanoines r\u00e9guliers de Saint-Augustin, qui y \u00e9taient, avaient voulu les substituer en leur place ;on repr\u00e9senta \u00e0 S[a] M[ajest\u00e9] qu\u2019il valait mieux donner cette mense prieurale \u00e0 des religieux du m\u00eame ordre, et les chanoines r\u00e9guliers de Sainte-Genevi\u00e8ve y ont aujourd\u2019hui une bonne maison.<\/p>\n<p>M. Rabi ne perdit pas la r\u00e9solution d\u2019\u00e9tablir la Mission \u00e0 Toulouse ; il donna ses biens pour cela. Mgr l\u2019Archev\u00eaque<span id='easy-footnote-5-108226' class='easy-footnote-margin-adjust'><\/span><span class='easy-footnote'><a href='https:\/\/vincentians.com\/fr\/histoire-generale-de-la-congregation-de-la-mission-61\/#easy-footnote-bottom-5-108226' title='Ren\u00e9-Fran\u00e7ois de Beauvau, archev\u00eaque de Toulouse, 1713-1722, la date de son transfert \u00e0 Narbonne.'><sup>5<\/sup><\/a><\/span> y contribua d\u2019une somme d\u2019argent et fit un l\u00e9gat [<i>sic<\/i>] consid\u00e9rable \u00e0 sa mort. Cet \u00e9tablissement se conclut en 1704. M. Thibaud y fut envoy\u00e9 comme premier sup\u00e9rieur. On fit des missions, dans le dioc\u00e8se, qui r\u00e9ussirent tr\u00e8s bien dans le commencement, selon les relations que le nouveau sup\u00e9rieur en envoya. Messieurs de ville firent grand accueil aux nouveaux Missionnaires ; dans la suite, les Capitouls qui sont les \u00e9chevins de la ville, ennoblirent leur maison et leurs biens. On a commenc\u00e9 \u00e0 y faire faire des retraites aux s\u00e9culiers, et Messieurs du Parlement y sont venusavec satisfaction, en quittant mesure la maison des R. P. J\u00e9suites o\u00f9 ils allaient auparavant.<\/p>\n<p>La m\u00eame ann\u00e9e 1704, les cardinaux directeurs de la Congr\u00e9gation de Propaganda Fide qu\u2019est soumis le coll\u00e8ge fond\u00e9 \u00e0 Avignon par le cardinal de Brogny<span id='easy-footnote-6-108226' class='easy-footnote-margin-adjust'><\/span><span class='easy-footnote'><a href='https:\/\/vincentians.com\/fr\/histoire-generale-de-la-congregation-de-la-mission-61\/#easy-footnote-bottom-6-108226' title='Probablement Johannes de Brugniaco, \u2020 1426.'><sup>6<\/sup><\/a><\/span>, savoyard, en faveur des jeunes gens de cette nation d\u2019\u00e9tudier surtout aux lois, et en particulier en faveur de la jeunesse de la ville d\u2019Annecy, des environs de laquelle \u00e9tait sorti le cardinal, puissant en cour de Rome sous le pontificat de Cl\u00e9ment VII, de la famille des comtes de Gen\u00e8ve, du temps du grand schisme. Ces cardinaux, dis-je ayant appris, que, faute de bons directeurs qui usent de l\u2019autorit\u00e9 pour contenir les jeunes gens dans le devoir, il y avait beaucoup de d\u00e9sordre parmi les \u00e9coliers, voulurent y rem\u00e9dier. Et pour cela, ils crurent pouvoir obliger ceux qui seraient entretenus dans ce coll\u00e8ge, de prendre l\u2019habit eccl\u00e9siastique, et de penser \u00e0 aller travaillerun jour dans les missions \u00e9trang\u00e8res. Ils jug\u00e8rent encore qu\u2019il fallait donner la direction du coll\u00e8ge \u00e0 quelque communaut\u00e9 eccl\u00e9siastique. On l\u2019avait ci-devant confi\u00e9 \u00e0 Messieurs de la congr\u00e9gation du Saint-Sacrement, fond\u00e9e par M. Authier ; on avait aussi eu envie de la donner \u00e0 Mrs de St.-Sulpice. Cela ne r\u00e9ussit pas. Le Pape pensa \u00e0 la Congr\u00e9gation de la Mission et donna ordre \u00e0 M. Viganego, qui \u00e9tait 4e assistant du g\u00e9n\u00e9ral, d\u2019aller prendre soin de ce coll\u00e8ge. M. Watel n\u2019autorisa pas cet \u00e9tablissement, sachant que S[on] A[ltesse] R[oyale] de Savoie, s\u2019int\u00e9resserait pour ses sujets, qui ont l\u00e0 des places, et ceux de la ville d\u2019Annecy, n\u2019y ont point voulu envoyer des leurs pour ne pas contrevenir \u00e0 la fondation du cardinal de Brogny, qui avait pr\u00e9tendu y faire \u00e9lever la jeunesse, non pour se disposer \u00e0 l\u2019\u00e9tat eccl\u00e9siastique, cela se devant faire \u00e0 Annecy, m\u00eame dans le s\u00e9minaire, selon les ordonnances de l\u2019\u00e9v\u00eaque de Gen\u00e8ve, mais pour s\u2019y former aux lois, et rendre ensuite service \u00e0 leur patrie dans la jurisprudence. M. Viganego ne laissa pas d\u2019y aller, et on lui joignit quelques pr\u00eatres italiens avec quelques fr\u00e8res de la province de Lyon, le Pape ayant voulu que la maison d\u00e9pend\u00eet de la province romaine. Jusqu\u2019\u00e0 pr\u00e9sent le sup\u00e9rieur g\u00e9n\u00e9ral ne l\u2019a point autoris\u00e9. Seulement M. Bonnet, successeur de M. Watel, nomma M. Viganego pour sup\u00e9rieur des pr\u00eatres qui y sont quand il passa l\u00e0 en faisant ses visites. Ce sup\u00e9rieur a fort bien fait r\u00e9parer et raccommoder tous les b\u00e2timents, \u00e9tant appuy\u00e9 du vice-l\u00e9gat. Il s\u2019y est fait respecter pour maintenir le bon ordre.<\/p>\n<p>Messire Jean-Claude de la Poipe, \u00e9v\u00eaque de Poitiers, donna, en 1705, un nouveau s\u00e9minaire de jeunes clercs dans la ville de Poitiers \u00e0 diriger aux missionnaires. Le s\u00e9minaire \u00e9tait d\u00e9j\u00e0 fond\u00e9 en cette ville, et ce fut une nouvelle maison distingu\u00e9e du s\u00e9minaire ordinaire, o\u00f9 se disposent les eccl\u00e9siastiques pour recevoir les Ordres sous la conduite des Missionnaires. Cette nouvelle maison commen\u00e7a en 1706.<\/p>\n<p>Les deux chapelles d\u00e9di\u00e9es \u00e0 la ste. Vierge et servies par les Missionnaires, l\u2019une \u00e0 Valfleury, dioc\u00e8se de Lyon, l\u2019autre \u00e0 Montuzet, dioc\u00e8se de Bordeaux, furent \u00e9rig\u00e9es en nouvelles maisons, o\u00f9 le g\u00e9n\u00e9ral nomma des sup\u00e9rieurs, pour avoir la conduite imm\u00e9diate des sujets de la Compagnie qui r\u00e9sident en ces lieux-l\u00e0. La premi\u00e8re est une d\u00e9pendance du prieur\u00e9 de Savigneux-l\u00e8s-Montbrizon, que M. Manis, dernier prieur, chanoine de St.-Paul de Lyon, avait commenc\u00e9 \u00e0 faire desservir par des pr\u00eatres pour satisfaire au grand nombre de p\u00e8lerins qui y viennent, obtenant pour cela une permission du Vicaire g\u00e9n\u00e9ral de Lyon, de mettre la r\u00e9tribution des messes \u00e0 20 sols, afin de fournir \u00e0 la subsistance des pr\u00eatres qui confesseraient l\u00e0, mais, ayant vu la difficult\u00e9 de trouver des pr\u00eatres propres pour cet effet, il remit cette chapelle \u00e0 desservir aux Missionnaires qui y sont depuis 1688.<\/p>\n<p>M. Jolly eut quelque peine \u00e0 consentird\u2019envoyer l\u00e0 des Missionnaires et il donna ordre au visiteur de bien s\u2019informer si ce poste l\u00e0 convenait \u00e0 l\u2019Institut. On a parl\u00e9 ensuite de l\u2019unir \u00e0 la Congr\u00e9gation en s\u00e9parant m\u00eame le prieur\u00e9 de Savigneux, o\u00f9 ledit prieur avait d\u00e9j\u00e0 appel\u00e9 des religieux B\u00e9n\u00e9dictins de St.-Maur ; on n\u2019a pu encore en venir \u00e0 bout. L\u2019autre chapelle \u00e9tait d\u00e9j\u00e0 unie au s\u00e9minaire de Bordeaux, quand celui-ci fut donn\u00e9 \u00e0 la Compagnie.<\/p>\n<p>En Italie, S[on] A[ltesse] R[oyale] C\u00f4me III, grand-duc de Toscane, ayant pris la Compagnie en affection, en voulut avoir un \u00e9tablissement dans la ville de Florence. Il y appela les Missionnaires en 1703 et leur donna un emplacement, y faisant commencer un b\u00e2timent magnifique, qu\u2019on n\u2019a pas voulu ensuite continuer sur le m\u00eame dessin qui \u00e9tait trop superbe. M. Scaramelli<span id='easy-footnote-7-108226' class='easy-footnote-margin-adjust'><\/span><span class='easy-footnote'><a href='https:\/\/vincentians.com\/fr\/histoire-generale-de-la-congregation-de-la-mission-61\/#easy-footnote-bottom-7-108226' title='Giuseppe Bernardo Scaramelli, 1669-1738.'><sup>7<\/sup><\/a><\/span>, qui avait succ\u00e9d\u00e9 \u00e0 M. Terrarossas, d\u00e9c\u00e9d\u00e9 \u00e0 St.-Lazare, dans son office d\u2019assistant du g\u00e9n\u00e9ral, sous M. Pierron, et qui, apr\u00e8s la mort de ceg\u00e9n\u00e9ral, s\u2019en retourna \u00e0 Rome, d\u2019o\u00f9 il \u00e9tait, fut choisi pour \u00eatre le premier sup\u00e9rieur de cet \u00e9tablissement, lequel est consid\u00e9rable, y ayant douze pr\u00eatres. M. Watel mandait par sa lettre du 1<sup>er<\/sup> janvier 1705 : La nouvelle maison de Florence a augment\u00e9 par l\u2019\u00e9rection, qu\u2019on y a fait, d\u2019un s\u00e9minaire externe, d\u2019abord on ne se chargea que des missions ; il commence bien, y ayant eu d\u00e8s l\u2019ann\u00e9e derni\u00e8re jusqu\u2019\u00e0 16 s\u00e9minaristes, et on esp\u00e9rait que le nombre en devait cro\u00eetre beaucoup.<\/p>\n<p>De plus, ajoute M. Watel, N[otre] S[aint] P[\u00e8re] le Pape a voulu que trois de nos pr\u00eatres eussent la direction d\u2019une nouvelle maison \u00e0 Rome, appel\u00e9e l\u2019Acad\u00e9mie des nobles eccl\u00e9siastiques, qui est comme une esp\u00e8ce de s\u00e9minaire externe de gentilshommes, destin\u00e9s \u00e0 occuper ensuite des places de distinction et m\u00eame des pr\u00e9latures ; c\u2019est une troisi\u00e8me maison \u00e0 Rome, dans un nouveau quartier, mais cet \u00e9tablissement n\u2019a pas eu encore jusqu\u2019\u00e0 pr\u00e9sent sa derni\u00e8re perfection ; le pape Cl\u00e9ment XI \u00e9tant venu \u00e0 mourir apr\u00e8s un assez long pontificat, sans y donner la derni\u00e8re main, on ne sait ce que feront ses successeurs.<\/p>\n<p>Dans l\u2019\u00c9tat eccl\u00e9siastique, Mgr le cardinal Balthazard Cenci<span id='easy-footnote-8-108226' class='easy-footnote-margin-adjust'><\/span><span class='easy-footnote'><a href='https:\/\/vincentians.com\/fr\/histoire-generale-de-la-congregation-de-la-mission-61\/#easy-footnote-bottom-8-108226' title='Baldassare Cenci, \u2020 1709.'><sup>8<\/sup><\/a><\/span>, \u00e9v\u00eaque de Fermo, en la Marche d\u2019Anc\u00f4ne, demanda des Missionnaires pour faire des missions dans son dioc\u00e8se et y diriger un s\u00e9minaire \u00e0 la mani\u00e8re de France, en y recevant pour un certain temps les eccl\u00e9siastiques qui aspirent aux ordres, et non, comme cela se faisait dans quelques autres villes d\u2019Italie, surtout \u00e0 Rome, o\u00f9 on se contente des exercices de l\u2019ordination. Cet illustre cardinal en fit la fondation, et on lui envoya des ouvriers en 1703.<\/p>\n<p>L\u2019ann\u00e9e suivante, on en envoya pareillement \u00e0 Barcelone, en Catalogne, et c\u2019est le premier \u00e9tablissement fait en Espagne, o\u00f9 il est encore unique. Voici ce qu\u2019en \u00e9crivit M. Watel. Mgr l\u2019\u00e9v\u00eaque de Barcelone, son nom \u00e9tait Salaz<span id='easy-footnote-9-108226' class='easy-footnote-margin-adjust'><\/span><span class='easy-footnote'><a href='https:\/\/vincentians.com\/fr\/histoire-generale-de-la-congregation-de-la-mission-61\/#easy-footnote-bottom-9-108226' title='Benito Sala, \u2020 1715.'><sup>9<\/sup><\/a><\/span>, ci-devant religieux b\u00e9n\u00e9dictin et puis cardinal, nomm\u00e9 par l\u2019empereur Charles VI, ayant embrass\u00e9 son parti avec chaleur, dans le temps qu\u2019il disputait la couronne d\u2019Espagne, \u00e0 l\u2019instance de deux des plus illustres de son clerg\u00e9, l\u2019un \u00e9tait M. de Pages, chanoine de la cath\u00e9drale, qui mourut quelque temps apr\u00e8s, ayant demand\u00e9 \u00e0 Sa Saintet\u00e9 des pr\u00eatres de notre Congr\u00e9gation. Elle leur en envoya trois avec deux fr\u00e8res ; nous avons fait sup\u00e9rieur de cette nouvelle maison M. Orsese<span id='easy-footnote-10-108226' class='easy-footnote-margin-adjust'><\/span><span class='easy-footnote'><a href='https:\/\/vincentians.com\/fr\/histoire-generale-de-la-congregation-de-la-mission-61\/#easy-footnote-bottom-10-108226' title='Gian Domenico Orsese, 1663-1735.'><sup>10<\/sup><\/a><\/span>, qui est g\u00e9nois. Ils ont d\u00e9j\u00e0 un petit s\u00e9minaire interne compos\u00e9 de deux ou trois eccl\u00e9siastiques de bonne esp\u00e9rance et de deux la\u00efcs ; M. Balcone<span id='easy-footnote-11-108226' class='easy-footnote-margin-adjust'><\/span><span class='easy-footnote'><a href='https:\/\/vincentians.com\/fr\/histoire-generale-de-la-congregation-de-la-mission-61\/#easy-footnote-bottom-11-108226' title='Giovanni Battista Balcone, n\u00e9 1664.'><sup>11<\/sup><\/a><\/span>, milanais, en est le directeur, et le procureur est M. Navarese<span id='easy-footnote-12-108226' class='easy-footnote-margin-adjust'><\/span><span class='easy-footnote'><a href='https:\/\/vincentians.com\/fr\/histoire-generale-de-la-congregation-de-la-mission-61\/#easy-footnote-bottom-12-108226' title='Luis Narvaez, n\u00e9 1661.'><sup>12<\/sup><\/a><\/span>, espagnol, qui \u00e9tait entr\u00e9 depuis environ dix ans dans la Compagnie, au s\u00e9minaire de Rome. Ils s\u2019exercent d\u00e9j\u00e0 aux fonctions pourles retraites, le s\u00e9minaire et les ordinations. Ils logeaient dans une maison assez pr\u00e8s du palais o\u00f9 Charles III tenait sa cour ; ce prince allait assez souvent dans leur petite \u00e9glise, et il a eu l\u00e0 occasion de conna\u00eetre la Mission, tandis qu\u2019il a fait son s\u00e9jour \u00e0 Barcelone.<\/p>\n","protected":false},"excerpt":{"rendered":"<p>LXI. Nouveaux \u00e9tablissements en France et ailleurs La Compagnie s\u2019accrut en nombre de maisons sous le gouvernement de M. Watel tant en France que dans les pays \u00e9trangers. Un des \u00e9tablissements qui lui donna le &#8230; <a href=\"https:\/\/vincentians.com\/fr\/histoire-generale-de-la-congregation-de-la-mission-61\/\" class=\"more-link\">Read More<\/a><\/p>\n","protected":false},"author":4,"featured_media":189808,"comment_status":"open","ping_status":"open","sticky":false,"template":"","format":"standard","meta":{"jetpack_post_was_ever_published":false,"_jetpack_newsletter_access":"","_jetpack_dont_email_post_to_subs":false,"_jetpack_newsletter_tier_id":0,"_jetpack_memberships_contains_paywalled_content":false,"_jetpack_memberships_contains_paid_content":false,"footnotes":"","jetpack_publicize_message":"","jetpack_publicize_feature_enabled":true,"jetpack_social_post_already_shared":true,"jetpack_social_options":{"image_generator_settings":{"template":"highway","default_image_id":0,"font":"","enabled":false},"version":2}},"categories":[134],"tags":[],"class_list":["post-108226","post","type-post","status-publish","format-standard","has-post-thumbnail","hentry","category-histoire-de-la-congregation-de-la-mission"],"yoast_head":"<!-- This site is optimized with the Yoast SEO plugin v26.3 - https:\/\/yoast.com\/wordpress\/plugins\/seo\/ -->\n<title>Histoire g\u00e9n\u00e9rale de la Congr\u00e9gation de la Mission (61) - Nous Sommes Vincentiens<\/title>\n<meta name=\"robots\" content=\"index, follow, max-snippet:-1, max-image-preview:large, max-video-preview:-1\" \/>\n<link rel=\"canonical\" href=\"https:\/\/vincentians.com\/fr\/histoire-generale-de-la-congregation-de-la-mission-61\/\" \/>\n<meta property=\"og:locale\" content=\"fr_FR\" \/>\n<meta property=\"og:type\" content=\"article\" \/>\n<meta property=\"og:title\" content=\"Histoire g\u00e9n\u00e9rale de la Congr\u00e9gation de la Mission (61) - Nous Sommes Vincentiens\" \/>\n<meta property=\"og:description\" content=\"LXI. Nouveaux \u00e9tablissements en France et ailleurs La Compagnie s\u2019accrut en nombre de maisons sous le gouvernement de M. Watel tant en France que dans les pays \u00e9trangers. Un des \u00e9tablissements qui lui donna le ... Read More\" \/>\n<meta property=\"og:url\" content=\"https:\/\/vincentians.com\/fr\/histoire-generale-de-la-congregation-de-la-mission-61\/\" \/>\n<meta property=\"og:site_name\" content=\"Nous Sommes Vincentiens\" \/>\n<meta property=\"article:publisher\" content=\"https:\/\/www.facebook.com\/WeAreVincentians\/\" \/>\n<meta property=\"article:author\" content=\"https:\/\/www.facebook.com\/JavierChento\" \/>\n<meta property=\"article:published_time\" content=\"2014-12-19T18:18:22+00:00\" \/>\n<meta property=\"og:image\" content=\"https:\/\/i0.wp.com\/vincentians.com\/fr\/wp-content\/uploads\/sites\/10\/2016\/07\/histoire-generale-de-la-congregation-de-la-mission.jpg?fit=1200%2C630&ssl=1\" \/>\n\t<meta property=\"og:image:width\" content=\"1200\" \/>\n\t<meta property=\"og:image:height\" content=\"630\" \/>\n\t<meta property=\"og:image:type\" content=\"image\/jpeg\" \/>\n<meta name=\"author\" content=\"Francisco Javier Fern\u00e1ndez Chento\" \/>\n<meta name=\"twitter:card\" content=\"summary_large_image\" \/>\n<meta name=\"twitter:creator\" content=\"@https:\/\/twitter.com\/javierchento\" \/>\n<meta name=\"twitter:site\" content=\"@WeVincentians\" \/>\n<meta name=\"twitter:label1\" content=\"\u00c9crit par\" \/>\n\t<meta name=\"twitter:data1\" content=\"Francisco Javier Fern\u00e1ndez Chento\" \/>\n\t<meta name=\"twitter:label2\" content=\"Dur\u00e9e de lecture estim\u00e9e\" \/>\n\t<meta name=\"twitter:data2\" content=\"12 minutes\" \/>\n<script type=\"application\/ld+json\" class=\"yoast-schema-graph\">{\"@context\":\"https:\/\/schema.org\",\"@graph\":[{\"@type\":\"WebPage\",\"@id\":\"https:\/\/vincentians.com\/fr\/histoire-generale-de-la-congregation-de-la-mission-61\/\",\"url\":\"https:\/\/vincentians.com\/fr\/histoire-generale-de-la-congregation-de-la-mission-61\/\",\"name\":\"Histoire g\u00e9n\u00e9rale de la Congr\u00e9gation de la Mission (61) - Nous Sommes Vincentiens\",\"isPartOf\":{\"@id\":\"http:\/\/vincentians.com\/fr\/#website\"},\"primaryImageOfPage\":{\"@id\":\"https:\/\/vincentians.com\/fr\/histoire-generale-de-la-congregation-de-la-mission-61\/#primaryimage\"},\"image\":{\"@id\":\"https:\/\/vincentians.com\/fr\/histoire-generale-de-la-congregation-de-la-mission-61\/#primaryimage\"},\"thumbnailUrl\":\"https:\/\/i0.wp.com\/vincentians.com\/fr\/wp-content\/uploads\/sites\/10\/2016\/07\/histoire-generale-de-la-congregation-de-la-mission.jpg?fit=1200%2C630&ssl=1\",\"datePublished\":\"2014-12-19T18:18:22+00:00\",\"author\":{\"@id\":\"http:\/\/vincentians.com\/fr\/#\/schema\/person\/9623ef4d9aa3b2dfb8c061f1499288f2\"},\"breadcrumb\":{\"@id\":\"https:\/\/vincentians.com\/fr\/histoire-generale-de-la-congregation-de-la-mission-61\/#breadcrumb\"},\"inLanguage\":\"fr-FR\",\"potentialAction\":[{\"@type\":\"ReadAction\",\"target\":[\"https:\/\/vincentians.com\/fr\/histoire-generale-de-la-congregation-de-la-mission-61\/\"]}]},{\"@type\":\"ImageObject\",\"inLanguage\":\"fr-FR\",\"@id\":\"https:\/\/vincentians.com\/fr\/histoire-generale-de-la-congregation-de-la-mission-61\/#primaryimage\",\"url\":\"https:\/\/i0.wp.com\/vincentians.com\/fr\/wp-content\/uploads\/sites\/10\/2016\/07\/histoire-generale-de-la-congregation-de-la-mission.jpg?fit=1200%2C630&ssl=1\",\"contentUrl\":\"https:\/\/i0.wp.com\/vincentians.com\/fr\/wp-content\/uploads\/sites\/10\/2016\/07\/histoire-generale-de-la-congregation-de-la-mission.jpg?fit=1200%2C630&ssl=1\",\"width\":1200,\"height\":630},{\"@type\":\"BreadcrumbList\",\"@id\":\"https:\/\/vincentians.com\/fr\/histoire-generale-de-la-congregation-de-la-mission-61\/#breadcrumb\",\"itemListElement\":[{\"@type\":\"ListItem\",\"position\":1,\"name\":\"Portada\",\"item\":\"http:\/\/vincentians.com\/fr\/\"},{\"@type\":\"ListItem\",\"position\":2,\"name\":\"Histoire g\u00e9n\u00e9rale de la Congr\u00e9gation de la Mission (61)\"}]},{\"@type\":\"WebSite\",\"@id\":\"http:\/\/vincentians.com\/fr\/#website\",\"url\":\"http:\/\/vincentians.com\/fr\/\",\"name\":\"Nous Sommes Vincentiens\",\"description\":\"Know more to serve more\",\"potentialAction\":[{\"@type\":\"SearchAction\",\"target\":{\"@type\":\"EntryPoint\",\"urlTemplate\":\"http:\/\/vincentians.com\/fr\/?s={search_term_string}\"},\"query-input\":{\"@type\":\"PropertyValueSpecification\",\"valueRequired\":true,\"valueName\":\"search_term_string\"}}],\"inLanguage\":\"fr-FR\"},{\"@type\":\"Person\",\"@id\":\"http:\/\/vincentians.com\/fr\/#\/schema\/person\/9623ef4d9aa3b2dfb8c061f1499288f2\",\"name\":\"Francisco Javier Fern\u00e1ndez Chento\",\"image\":{\"@type\":\"ImageObject\",\"inLanguage\":\"fr-FR\",\"@id\":\"http:\/\/vincentians.com\/fr\/#\/schema\/person\/image\/\",\"url\":\"https:\/\/secure.gravatar.com\/avatar\/497d5cde87b4c3d097d0315953521681ba2cd523ee66e5077c3711f7021e65de?s=96&d=mm&r=g\",\"contentUrl\":\"https:\/\/secure.gravatar.com\/avatar\/497d5cde87b4c3d097d0315953521681ba2cd523ee66e5077c3711f7021e65de?s=96&d=mm&r=g\",\"caption\":\"Francisco Javier Fern\u00e1ndez Chento\"},\"description\":\"Director General y cofundador de La Red de Formaci\u00f3n Vicenciana. Javier es laico vicenciano, afiliado a la Congregaci\u00f3n de la Misi\u00f3n y miembro del Equipo de Misiones Populares de la provincia can\u00f3nica de Zaragoza (Espa\u00f1a) de la Congregaci\u00f3n de la Misi\u00f3n. Graduado en la Universidad Oberta de Catalunya con cuatro grados (Asistente de direcci\u00f3n, Gesti\u00f3n Administrativa, Recursos Humanos y Contabilidad Avanzada). Bil\u00edng\u00fce Espa\u00f1ol\/Ingl\u00e9s. gestiona y mantiene varias p\u00e1ginas web cristianas y vicencianas, incluida including La Red de Formaci\u00f3n Vicenciana, de la que es cofundador. Actualmente es responsable del \u00e1rea de Espa\u00f1ol de .famvin, la Red de Noticias de la Familia Vicenciana. Tambi\u00e9n es m\u00fasico cat\u00f3lico y ha editado varios discos. Es Director General y cofundador de Trovador, una reconocida compa\u00f1\u00eda discogr\u00e1fica critiana de Espa\u00f1a. Trabaja en las Tecnolog\u00edas de la Informaci\u00f3n, ofreciendo servicios de alojamiento, dise\u00f1o y mantenimiento Web, as\u00ed como asesoramiento, formaci\u00f3n y soluciones inform\u00e1ticas, gesti\u00f3n documental y digitalizaci\u00f3n de textos, edici\u00f3n y maquetaci\u00f3n de libros, revistas, flyers, etc.\",\"sameAs\":[\"http:\/\/chento.org\",\"https:\/\/www.facebook.com\/JavierChento\",\"https:\/\/x.com\/https:\/\/twitter.com\/javierchento\"],\"url\":\"https:\/\/vincentians.com\/fr\/author\/chento\/\"}]}<\/script>\n<!-- \/ Yoast SEO plugin. -->","yoast_head_json":{"title":"Histoire g\u00e9n\u00e9rale de la Congr\u00e9gation de la Mission (61) - Nous Sommes Vincentiens","robots":{"index":"index","follow":"follow","max-snippet":"max-snippet:-1","max-image-preview":"max-image-preview:large","max-video-preview":"max-video-preview:-1"},"canonical":"https:\/\/vincentians.com\/fr\/histoire-generale-de-la-congregation-de-la-mission-61\/","og_locale":"fr_FR","og_type":"article","og_title":"Histoire g\u00e9n\u00e9rale de la Congr\u00e9gation de la Mission (61) - Nous Sommes Vincentiens","og_description":"LXI. Nouveaux \u00e9tablissements en France et ailleurs La Compagnie s\u2019accrut en nombre de maisons sous le gouvernement de M. Watel tant en France que dans les pays \u00e9trangers. Un des \u00e9tablissements qui lui donna le ... Read More","og_url":"https:\/\/vincentians.com\/fr\/histoire-generale-de-la-congregation-de-la-mission-61\/","og_site_name":"Nous Sommes Vincentiens","article_publisher":"https:\/\/www.facebook.com\/WeAreVincentians\/","article_author":"https:\/\/www.facebook.com\/JavierChento","article_published_time":"2014-12-19T18:18:22+00:00","og_image":[{"width":1200,"height":630,"url":"https:\/\/i0.wp.com\/vincentians.com\/fr\/wp-content\/uploads\/sites\/10\/2016\/07\/histoire-generale-de-la-congregation-de-la-mission.jpg?fit=1200%2C630&ssl=1","type":"image\/jpeg"}],"author":"Francisco Javier Fern\u00e1ndez Chento","twitter_card":"summary_large_image","twitter_creator":"@https:\/\/twitter.com\/javierchento","twitter_site":"@WeVincentians","twitter_misc":{"\u00c9crit par":"Francisco Javier Fern\u00e1ndez Chento","Dur\u00e9e de lecture estim\u00e9e":"12 minutes"},"schema":{"@context":"https:\/\/schema.org","@graph":[{"@type":"WebPage","@id":"https:\/\/vincentians.com\/fr\/histoire-generale-de-la-congregation-de-la-mission-61\/","url":"https:\/\/vincentians.com\/fr\/histoire-generale-de-la-congregation-de-la-mission-61\/","name":"Histoire g\u00e9n\u00e9rale de la Congr\u00e9gation de la Mission (61) - Nous Sommes Vincentiens","isPartOf":{"@id":"http:\/\/vincentians.com\/fr\/#website"},"primaryImageOfPage":{"@id":"https:\/\/vincentians.com\/fr\/histoire-generale-de-la-congregation-de-la-mission-61\/#primaryimage"},"image":{"@id":"https:\/\/vincentians.com\/fr\/histoire-generale-de-la-congregation-de-la-mission-61\/#primaryimage"},"thumbnailUrl":"https:\/\/i0.wp.com\/vincentians.com\/fr\/wp-content\/uploads\/sites\/10\/2016\/07\/histoire-generale-de-la-congregation-de-la-mission.jpg?fit=1200%2C630&ssl=1","datePublished":"2014-12-19T18:18:22+00:00","author":{"@id":"http:\/\/vincentians.com\/fr\/#\/schema\/person\/9623ef4d9aa3b2dfb8c061f1499288f2"},"breadcrumb":{"@id":"https:\/\/vincentians.com\/fr\/histoire-generale-de-la-congregation-de-la-mission-61\/#breadcrumb"},"inLanguage":"fr-FR","potentialAction":[{"@type":"ReadAction","target":["https:\/\/vincentians.com\/fr\/histoire-generale-de-la-congregation-de-la-mission-61\/"]}]},{"@type":"ImageObject","inLanguage":"fr-FR","@id":"https:\/\/vincentians.com\/fr\/histoire-generale-de-la-congregation-de-la-mission-61\/#primaryimage","url":"https:\/\/i0.wp.com\/vincentians.com\/fr\/wp-content\/uploads\/sites\/10\/2016\/07\/histoire-generale-de-la-congregation-de-la-mission.jpg?fit=1200%2C630&ssl=1","contentUrl":"https:\/\/i0.wp.com\/vincentians.com\/fr\/wp-content\/uploads\/sites\/10\/2016\/07\/histoire-generale-de-la-congregation-de-la-mission.jpg?fit=1200%2C630&ssl=1","width":1200,"height":630},{"@type":"BreadcrumbList","@id":"https:\/\/vincentians.com\/fr\/histoire-generale-de-la-congregation-de-la-mission-61\/#breadcrumb","itemListElement":[{"@type":"ListItem","position":1,"name":"Portada","item":"http:\/\/vincentians.com\/fr\/"},{"@type":"ListItem","position":2,"name":"Histoire g\u00e9n\u00e9rale de la Congr\u00e9gation de la Mission (61)"}]},{"@type":"WebSite","@id":"http:\/\/vincentians.com\/fr\/#website","url":"http:\/\/vincentians.com\/fr\/","name":"Nous Sommes Vincentiens","description":"Know more to serve more","potentialAction":[{"@type":"SearchAction","target":{"@type":"EntryPoint","urlTemplate":"http:\/\/vincentians.com\/fr\/?s={search_term_string}"},"query-input":{"@type":"PropertyValueSpecification","valueRequired":true,"valueName":"search_term_string"}}],"inLanguage":"fr-FR"},{"@type":"Person","@id":"http:\/\/vincentians.com\/fr\/#\/schema\/person\/9623ef4d9aa3b2dfb8c061f1499288f2","name":"Francisco Javier Fern\u00e1ndez Chento","image":{"@type":"ImageObject","inLanguage":"fr-FR","@id":"http:\/\/vincentians.com\/fr\/#\/schema\/person\/image\/","url":"https:\/\/secure.gravatar.com\/avatar\/497d5cde87b4c3d097d0315953521681ba2cd523ee66e5077c3711f7021e65de?s=96&d=mm&r=g","contentUrl":"https:\/\/secure.gravatar.com\/avatar\/497d5cde87b4c3d097d0315953521681ba2cd523ee66e5077c3711f7021e65de?s=96&d=mm&r=g","caption":"Francisco Javier Fern\u00e1ndez Chento"},"description":"Director General y cofundador de La Red de Formaci\u00f3n Vicenciana. Javier es laico vicenciano, afiliado a la Congregaci\u00f3n de la Misi\u00f3n y miembro del Equipo de Misiones Populares de la provincia can\u00f3nica de Zaragoza (Espa\u00f1a) de la Congregaci\u00f3n de la Misi\u00f3n. Graduado en la Universidad Oberta de Catalunya con cuatro grados (Asistente de direcci\u00f3n, Gesti\u00f3n Administrativa, Recursos Humanos y Contabilidad Avanzada). Bil\u00edng\u00fce Espa\u00f1ol\/Ingl\u00e9s. gestiona y mantiene varias p\u00e1ginas web cristianas y vicencianas, incluida including La Red de Formaci\u00f3n Vicenciana, de la que es cofundador. Actualmente es responsable del \u00e1rea de Espa\u00f1ol de .famvin, la Red de Noticias de la Familia Vicenciana. Tambi\u00e9n es m\u00fasico cat\u00f3lico y ha editado varios discos. Es Director General y cofundador de Trovador, una reconocida compa\u00f1\u00eda discogr\u00e1fica critiana de Espa\u00f1a. Trabaja en las Tecnolog\u00edas de la Informaci\u00f3n, ofreciendo servicios de alojamiento, dise\u00f1o y mantenimiento Web, as\u00ed como asesoramiento, formaci\u00f3n y soluciones inform\u00e1ticas, gesti\u00f3n documental y digitalizaci\u00f3n de textos, edici\u00f3n y maquetaci\u00f3n de libros, revistas, flyers, etc.","sameAs":["http:\/\/chento.org","https:\/\/www.facebook.com\/JavierChento","https:\/\/x.com\/https:\/\/twitter.com\/javierchento"],"url":"https:\/\/vincentians.com\/fr\/author\/chento\/"}]}},"jetpack_publicize_connections":[],"jetpack_featured_media_url":"https:\/\/i0.wp.com\/vincentians.com\/fr\/wp-content\/uploads\/sites\/10\/2016\/07\/histoire-generale-de-la-congregation-de-la-mission.jpg?fit=1200%2C630&ssl=1","jetpack_sharing_enabled":true,"jetpack_shortlink":"https:\/\/wp.me\/p7ETMP-s9A","jetpack-related-posts":[{"id":52068,"url":"https:\/\/vincentians.com\/fr\/saint-vincent-de-paul-et-sa-mission-sociale-vi-la-posterite-1\/","url_meta":{"origin":108226,"position":0},"title":"Saint Vincent De Paul Et Sa Mission Sociale. VI &#8211; La Post\u00e9rit\u00e9 (1)","author":"Francisco Javier Fern\u00e1ndez Chento","date":"30\/12\/2014","format":false,"excerpt":"L\u2019ACCROISSEMENT. \u2014 Extension des deux familles de saint Vincent de Paul. \u2014 Progr\u00e8s de leurs \u0153uvres. \u2014 Les missions \u00e9trang\u00e8res et les s\u00e9minaires. \u2014 Les successeurs de saint Vincent. \u2014 Congr\u00e9gations religieuses fond\u00e9es sur le mod\u00e8le de la Mission. \u2014 Les Filles de la Charit\u00e9 en France et \u00e0 l\u2019\u00e9tranger.\u2026","rel":"","context":"Dans &quot;Vincent de Paul&quot;","block_context":{"text":"Vincent de Paul","link":"https:\/\/vincentians.com\/fr\/category\/the-vincentian-family\/founders\/vincent-de-paul\/"},"img":{"alt_text":"","src":"https:\/\/i0.wp.com\/vincentians.com\/fr\/wp-content\/uploads\/sites\/10\/2016\/07\/vincent-et-sa-action-sociale.jpg?fit=1160%2C630&ssl=1&resize=350%2C200","width":350,"height":200,"srcset":"https:\/\/i0.wp.com\/vincentians.com\/fr\/wp-content\/uploads\/sites\/10\/2016\/07\/vincent-et-sa-action-sociale.jpg?fit=1160%2C630&ssl=1&resize=350%2C200 1x, https:\/\/i0.wp.com\/vincentians.com\/fr\/wp-content\/uploads\/sites\/10\/2016\/07\/vincent-et-sa-action-sociale.jpg?fit=1160%2C630&ssl=1&resize=525%2C300 1.5x, https:\/\/i0.wp.com\/vincentians.com\/fr\/wp-content\/uploads\/sites\/10\/2016\/07\/vincent-et-sa-action-sociale.jpg?fit=1160%2C630&ssl=1&resize=700%2C400 2x, https:\/\/i0.wp.com\/vincentians.com\/fr\/wp-content\/uploads\/sites\/10\/2016\/07\/vincent-et-sa-action-sociale.jpg?fit=1160%2C630&ssl=1&resize=1050%2C600 3x"},"classes":[]},{"id":52035,"url":"https:\/\/vincentians.com\/fr\/saint-vincent-de-paul-et-sa-mission-sociale-ii-les-oeuvres-2\/","url_meta":{"origin":108226,"position":1},"title":"Saint Vincent De Paul Et Sa Mission Sociale. II &#8211; Les \u0152uvres (2)","author":"Francisco Javier Fern\u00e1ndez Chento","date":"22\/12\/2014","format":false,"excerpt":"LA CONGR\u00c9GATION DE LA MISSION. \u2014 Fondation de la Mission. \u2014 Madame de Gondi. \u2014 Vincent de Paul est nomm\u00e9 sup\u00e9rieur du coll\u00e8ge des Bons-Enfants. \u2014 Les fondateurs d\u2019ordre. \u2014 But de la Congr\u00e9gation de la Mission. \u2014 L\u2019\u00e9vang\u00e9lisation des pauvres. \u2014 \u00c9tablissement \u00e0 Saint-Lazare. \u2014 Premiers travaux des missionnaires.\u2026","rel":"","context":"Dans &quot;Vincent de Paul&quot;","block_context":{"text":"Vincent de Paul","link":"https:\/\/vincentians.com\/fr\/category\/the-vincentian-family\/founders\/vincent-de-paul\/"},"img":{"alt_text":"","src":"https:\/\/i0.wp.com\/vincentians.com\/fr\/wp-content\/uploads\/sites\/10\/2016\/07\/vincent-et-sa-action-sociale.jpg?fit=1160%2C630&ssl=1&resize=350%2C200","width":350,"height":200,"srcset":"https:\/\/i0.wp.com\/vincentians.com\/fr\/wp-content\/uploads\/sites\/10\/2016\/07\/vincent-et-sa-action-sociale.jpg?fit=1160%2C630&ssl=1&resize=350%2C200 1x, https:\/\/i0.wp.com\/vincentians.com\/fr\/wp-content\/uploads\/sites\/10\/2016\/07\/vincent-et-sa-action-sociale.jpg?fit=1160%2C630&ssl=1&resize=525%2C300 1.5x, https:\/\/i0.wp.com\/vincentians.com\/fr\/wp-content\/uploads\/sites\/10\/2016\/07\/vincent-et-sa-action-sociale.jpg?fit=1160%2C630&ssl=1&resize=700%2C400 2x, https:\/\/i0.wp.com\/vincentians.com\/fr\/wp-content\/uploads\/sites\/10\/2016\/07\/vincent-et-sa-action-sociale.jpg?fit=1160%2C630&ssl=1&resize=1050%2C600 3x"},"classes":[]},{"id":38477,"url":"https:\/\/vincentians.com\/fr\/le-directeur-provincial-animateur-des-filles-de-la-charite\/","url_meta":{"origin":108226,"position":2},"title":"Le Directeur Provincial \u201canimateur\u201d des Filles de la Charit\u00e9","author":"Francisco Javier Fern\u00e1ndez Chento","date":"03\/10\/2012","format":false,"excerpt":"Dans les Constitutions des Filles de la Charit\u00e9, nous trouvons \u00e0 l\u2019article 3.38: le Directeur Provincial est un pr\u00eatre de la Congr\u00e9gation de la Mission, nomm\u00e9 par le Sup\u00e9rieur G\u00e9n\u00e9ral; \u201cil partage avec la Visitatrice et son Conseil la responsabilit\u00e9 de promouvoir l\u2019esprit vincentien dans la Province\u201d Missionnaire, le directeur\u2026","rel":"","context":"Dans &quot;Congr\u00e9gation de la Mission&quot;","block_context":{"text":"Congr\u00e9gation de la Mission","link":"https:\/\/vincentians.com\/fr\/category\/congregation-de-la-mission\/"},"img":{"alt_text":"","src":"https:\/\/i0.wp.com\/vincentiens.org\/wp-content\/uploads\/2011\/05\/filles_charite-228x300.jpg?resize=350%2C200","width":350,"height":200},"classes":[]},{"id":52052,"url":"https:\/\/vincentians.com\/fr\/saint-vincent-de-paul-et-sa-mission-sociale-iii-laction-1\/","url_meta":{"origin":108226,"position":3},"title":"Saint Vincent De Paul Et Sa Mission Sociale. III &#8211; L\u2019action (1)","author":"Francisco Javier Fern\u00e1ndez Chento","date":"25\/12\/2014","format":false,"excerpt":"LES MISSIONS. \u2014 Saint Vincent de Paul missionnaire. \u2014 Organisation des missions rurales. \u2014 Vertus et qualit\u00e9s des missionnaires. \u2014 La pr\u00e9dication d\u2019apr\u00e8s le saint. \u2014 Sa conduite envers les h\u00e9r\u00e9tiques et les infid\u00e8les. \u2014 Les imitateurs de Vincent de Paul. \u2014 Fruits du nouvel apostolat. \u2014 Missions \u00e0 la\u2026","rel":"","context":"Dans &quot;Vincent de Paul&quot;","block_context":{"text":"Vincent de Paul","link":"https:\/\/vincentians.com\/fr\/category\/the-vincentian-family\/founders\/vincent-de-paul\/"},"img":{"alt_text":"","src":"https:\/\/i0.wp.com\/vincentians.com\/fr\/wp-content\/uploads\/sites\/10\/2016\/07\/vincent-et-sa-action-sociale.jpg?fit=1160%2C630&ssl=1&resize=350%2C200","width":350,"height":200,"srcset":"https:\/\/i0.wp.com\/vincentians.com\/fr\/wp-content\/uploads\/sites\/10\/2016\/07\/vincent-et-sa-action-sociale.jpg?fit=1160%2C630&ssl=1&resize=350%2C200 1x, https:\/\/i0.wp.com\/vincentians.com\/fr\/wp-content\/uploads\/sites\/10\/2016\/07\/vincent-et-sa-action-sociale.jpg?fit=1160%2C630&ssl=1&resize=525%2C300 1.5x, https:\/\/i0.wp.com\/vincentians.com\/fr\/wp-content\/uploads\/sites\/10\/2016\/07\/vincent-et-sa-action-sociale.jpg?fit=1160%2C630&ssl=1&resize=700%2C400 2x, https:\/\/i0.wp.com\/vincentians.com\/fr\/wp-content\/uploads\/sites\/10\/2016\/07\/vincent-et-sa-action-sociale.jpg?fit=1160%2C630&ssl=1&resize=1050%2C600 3x"},"classes":[]},{"id":57593,"url":"https:\/\/vincentians.com\/fr\/lexpansion-de-la-congregation-de-la-mission-pendant-la-vie-de-st-vincent\/","url_meta":{"origin":108226,"position":4},"title":"L&rsquo;expansion de la Congregation de la Mission pendant la vie de St. Vincent","author":"Francisco Javier Fern\u00e1ndez Chento","date":"20\/05\/2015","format":false,"excerpt":"Pierre Collet (\"La Vie de St. Vincent de Paul\", Nancy 1748, II, 325) a constat\u00e9 que les biographies des grands fondateurs d'ordres sont concentr\u00e9es sur la personne elle-m\u00eame du fondateur. On n'y trouve pas le r\u00e9cit des travaux de leurs premiers disciples.En suivant cet exemple Collet voulut supprimer dans sa\u2026","rel":"","context":"Dans &quot;Au temps de Vincent de Paul&quot;","block_context":{"text":"Au temps de Vincent de Paul","link":"https:\/\/vincentians.com\/fr\/category\/au-temps-de-vincent-de-paul\/"},"img":{"alt_text":"","src":"https:\/\/i0.wp.com\/vincentians.com\/fr\/wp-content\/uploads\/sites\/10\/2015\/05\/congregation-de-la-mission-lazaristes.jpg?fit=1200%2C630&ssl=1&resize=350%2C200","width":350,"height":200,"srcset":"https:\/\/i0.wp.com\/vincentians.com\/fr\/wp-content\/uploads\/sites\/10\/2015\/05\/congregation-de-la-mission-lazaristes.jpg?fit=1200%2C630&ssl=1&resize=350%2C200 1x, https:\/\/i0.wp.com\/vincentians.com\/fr\/wp-content\/uploads\/sites\/10\/2015\/05\/congregation-de-la-mission-lazaristes.jpg?fit=1200%2C630&ssl=1&resize=525%2C300 1.5x, https:\/\/i0.wp.com\/vincentians.com\/fr\/wp-content\/uploads\/sites\/10\/2015\/05\/congregation-de-la-mission-lazaristes.jpg?fit=1200%2C630&ssl=1&resize=700%2C400 2x, https:\/\/i0.wp.com\/vincentians.com\/fr\/wp-content\/uploads\/sites\/10\/2015\/05\/congregation-de-la-mission-lazaristes.jpg?fit=1200%2C630&ssl=1&resize=1050%2C600 3x"},"classes":[]},{"id":107498,"url":"https:\/\/vincentians.com\/fr\/histoire-generale-de-la-congregation-de-la-mission-04\/","url_meta":{"origin":108226,"position":5},"title":"Histoire g\u00e9n\u00e9rale de la Congr\u00e9gation de la Mission (04)","author":"Francisco Javier Fern\u00e1ndez Chento","date":"30\/12\/2013","format":false,"excerpt":"IV. Quelques \u00e9tablissements. En cette m\u00eame ann\u00e9e il conclut l\u2019\u00e9tablissement de Metz, qui avait d\u00e9j\u00e0 \u00e9t\u00e9 projet\u00e9 sur la fin de la vie de M. Vincent apr\u00e8s que M. l\u2019abb\u00e9 de Chandenier et quelques autres eccl\u00e9siastiques eurent fait dans cette ville avec fruit une mission par ordre de la Cour.\u2026","rel":"","context":"Dans &quot;Histoire de la Congr\u00e9gation de la Mission&quot;","block_context":{"text":"Histoire de la Congr\u00e9gation de la Mission","link":"https:\/\/vincentians.com\/fr\/category\/histoire-de-la-congregation-de-la-mission\/"},"img":{"alt_text":"","src":"https:\/\/i0.wp.com\/vincentians.com\/fr\/wp-content\/uploads\/sites\/10\/2016\/07\/histoire-generale-de-la-congregation-de-la-mission.jpg?fit=1200%2C630&ssl=1&resize=350%2C200","width":350,"height":200,"srcset":"https:\/\/i0.wp.com\/vincentians.com\/fr\/wp-content\/uploads\/sites\/10\/2016\/07\/histoire-generale-de-la-congregation-de-la-mission.jpg?fit=1200%2C630&ssl=1&resize=350%2C200 1x, https:\/\/i0.wp.com\/vincentians.com\/fr\/wp-content\/uploads\/sites\/10\/2016\/07\/histoire-generale-de-la-congregation-de-la-mission.jpg?fit=1200%2C630&ssl=1&resize=525%2C300 1.5x, https:\/\/i0.wp.com\/vincentians.com\/fr\/wp-content\/uploads\/sites\/10\/2016\/07\/histoire-generale-de-la-congregation-de-la-mission.jpg?fit=1200%2C630&ssl=1&resize=700%2C400 2x, https:\/\/i0.wp.com\/vincentians.com\/fr\/wp-content\/uploads\/sites\/10\/2016\/07\/histoire-generale-de-la-congregation-de-la-mission.jpg?fit=1200%2C630&ssl=1&resize=1050%2C600 3x"},"classes":[]}],"_links":{"self":[{"href":"https:\/\/vincentians.com\/fr\/wp-json\/wp\/v2\/posts\/108226","targetHints":{"allow":["GET"]}}],"collection":[{"href":"https:\/\/vincentians.com\/fr\/wp-json\/wp\/v2\/posts"}],"about":[{"href":"https:\/\/vincentians.com\/fr\/wp-json\/wp\/v2\/types\/post"}],"author":[{"embeddable":true,"href":"https:\/\/vincentians.com\/fr\/wp-json\/wp\/v2\/users\/4"}],"replies":[{"embeddable":true,"href":"https:\/\/vincentians.com\/fr\/wp-json\/wp\/v2\/comments?post=108226"}],"version-history":[{"count":0,"href":"https:\/\/vincentians.com\/fr\/wp-json\/wp\/v2\/posts\/108226\/revisions"}],"wp:featuredmedia":[{"embeddable":true,"href":"https:\/\/vincentians.com\/fr\/wp-json\/wp\/v2\/media\/189808"}],"wp:attachment":[{"href":"https:\/\/vincentians.com\/fr\/wp-json\/wp\/v2\/media?parent=108226"}],"wp:term":[{"taxonomy":"category","embeddable":true,"href":"https:\/\/vincentians.com\/fr\/wp-json\/wp\/v2\/categories?post=108226"},{"taxonomy":"post_tag","embeddable":true,"href":"https:\/\/vincentians.com\/fr\/wp-json\/wp\/v2\/tags?post=108226"}],"curies":[{"name":"wp","href":"https:\/\/api.w.org\/{rel}","templated":true}]}}