{"id":108225,"date":"2014-12-20T19:18:22","date_gmt":"2014-12-20T18:18:22","guid":{"rendered":"http:\/\/vincentiens.org\/?p=108225"},"modified":"2014-12-20T19:18:22","modified_gmt":"2014-12-20T18:18:22","slug":"histoire-generale-de-la-congregation-de-la-mission-62","status":"publish","type":"post","link":"https:\/\/vincentians.com\/fr\/histoire-generale-de-la-congregation-de-la-mission-62\/","title":{"rendered":"Histoire g\u00e9n\u00e9rale de la Congr\u00e9gation de la Mission (62)"},"content":{"rendered":"<h2><b><b><b><b>LXII. Nouvelles provinces, les maisons de Pologne<\/b><\/b><\/b><\/b><\/h2>\n<p><a href=\"https:\/\/i0.wp.com\/vincentiens.org\/wp-content\/uploads\/2012\/12\/logocm.png\"><img data-recalc-dims=\"1\" loading=\"lazy\" decoding=\"async\" class=\"alignright size-medium wp-image-104093\" src=\"https:\/\/i0.wp.com\/vincentiens.org\/wp-content\/uploads\/2012\/12\/logocm-245x300.png?resize=245%2C300\" alt=\"logocm\" width=\"245\" height=\"300\" \/><\/a>Le Pape voulut que ce nouvel \u00e9tablissement, tout comme les Missionnaires qu\u2019il avait envoy\u00e9s \u00e0 Avignon, d\u00e9pend\u00eet de la province romaine et du visiteur d\u2019Italie, jusqu\u2019\u00e0 ce qu\u2019il y e\u00fbt un nombre suffisant de maisons en Espagne, pour en faire une province particuli\u00e8re. Les Missionnaires italiens voyant par-l\u00e0 leurs maisons multipli\u00e9es, et le visiteur ayant de la peine dans un pays chaud, comme celui-l\u00e0, de faire un si long trajet pour les visites, ils demand\u00e8rent qu\u2019on f\u00eet deux provinces et que chacune e\u00fbt son visiteur. Le g\u00e9n\u00e9ral ne crut pas devoir le refuser, mais dans la crainte que ces provinces\u00e9trang\u00e8res venant \u00e0 se multiplier, le nombre des personnes ayant voix d\u00e9lib\u00e9ratives dans les assembl\u00e9es ne surpassa, ou du moins n\u2019\u00e9gala, celui des fran\u00e7ais, ce qui dans la suite aurait pu causer de l\u2019embarras. Il fit de m\u00eame en France une nouvelle province de Picardie. Les maisons des environs du pays \u00e9tant pour lors en nombre suffisant pour faire une province. Il donna avis de ce changement \u00e0 la Congr\u00e9gation par sa lettre du 1<sup>er<\/sup> janvier 1705.<\/p>\n<p>La derni\u00e8re assembl\u00e9e g\u00e9n\u00e9rale, dit-il, t\u00e9moigna d\u00e9sirer que nous dividassions la province d\u2019Italie en deux, ce que nous avons fait. L\u2019une est la province Romaine, o\u00f9 M. Figari<span id='easy-footnote-1-108225' class='easy-footnote-margin-adjust'><\/span><span class='easy-footnote'><a href='https:\/\/vincentians.com\/fr\/histoire-generale-de-la-congregation-de-la-mission-62\/#easy-footnote-bottom-1-108225' title='Lazaro-Maria Figari, 1648-1725.'><sup>1<\/sup><\/a><\/span> est visiteur ; l\u2019autre est la province de Lombardie, qui comprend les maisons de G\u00eanes, Turin, Pavie, Bastia en Corse, Cr\u00e9mone, Reggio et Ferrare. Nous y avons \u00e9tabli visiteur M. Seghino<span id='easy-footnote-2-108225' class='easy-footnote-margin-adjust'><\/span><span class='easy-footnote'><a href='https:\/\/vincentians.com\/fr\/histoire-generale-de-la-congregation-de-la-mission-62\/#easy-footnote-bottom-2-108225' title='Antonio Giuseppe Seghino, 1652-1735.'><sup>2<\/sup><\/a><\/span>, sup\u00e9rieur de Pavie. Ils ont chacunsept maisons. La province de France en ayant un peu trop, nous en avons cr\u00e9\u00e9 une nouvelle de Picardie qui a aussi sept maisons, y compris les deux de Normandie que nous y avons jointes, et nous y avons fait visiteur M. Germain<span id='easy-footnote-3-108225' class='easy-footnote-margin-adjust'><\/span><span class='easy-footnote'><a href='https:\/\/vincentians.com\/fr\/histoire-generale-de-la-congregation-de-la-mission-62\/#easy-footnote-bottom-3-108225' title='Jean Germain, 1658-1715.'><sup>3<\/sup><\/a><\/span>, sup\u00e9rieur d\u2019Amiens. Cette division subsista, en sorte que, dans la Congr\u00e9gation, il y a pr\u00e9sentement six provinces en France, deux en Italie et une en Pologne.<\/p>\n<p>Nous avons, continue M. Watel, de f\u00e2cheuses nouvelles de Pologne. Ce royaume est min\u00e9 par diverses factions de guerres civiles et \u00e9trang\u00e8res. Plusieurs Polonais, \u00e9tant m\u00e9contents du roi Auguste, \u00e9lurent pour roi Stanislas Leczinski, grand seigneur du royaume et le roi de Su\u00e8de occupait avec ses troupes une grande partie de ces provinces. On m\u2019\u00e9crit, continuait M. Watel, que la famine et la peste commencent \u00e0 suivre ce premier fl\u00e9au en quelques provinces. Nos maisons souffrentbeaucoup en tout ce pays-l\u00e0. Les Moscovites oppos\u00e9s aux Su\u00e9dois firent une irruption du c\u00f4t\u00e9 de Vilna et amen\u00e8rent quantit\u00e9 de prisonniers, et, entre autres, un Missionnaire de la maison de la Congr\u00e9gation en cette ville ; on sollicita ensuite la charit\u00e9 des autres maisons pour contribuer \u00e0 sa d\u00e9livrance. La peste enleva plusieurs personnes dans la Prusse, la Grande Pologne et la Russie. Voici ce qu\u2019en \u00e9crivait M. Watel, le 20 7bre 1708 : Je vous recommande tous les besoins de la Pologne, et en particulier ceux de nos confr\u00e8res qui sont extr\u00eames \u00e0 pr\u00e9sent, la peste s\u2019\u00e9tant d\u00e9clar\u00e9e dans la ville et aux environs de Varsovie, d\u2019o\u00f9 nos pr\u00eatres ont forc\u00e9 M. Tarlo, visiteur de la province de se retirer \u00e0 Presmilie, parce qu\u2019il \u00e9tait d\u00e9j\u00e0 incommod\u00e9 et qu\u2019ils craignaient que la peste ne nous le rav\u00eet. Ce qui avait \u00e9t\u00e9 une perte irr\u00e9parable pour la province.<\/p>\n<p>Un ancienpr\u00eatre ayant servi trois ann\u00e9es de suite les pestif\u00e9r\u00e9s, s\u2019est trouv\u00e9 hors d\u2019\u00e9tat de leur continuer ses services \u00e0 cause de sa faiblesse ; un jeune pr\u00eatre, nomm\u00e9 Pierre-Stanislas Vueis<span id='easy-footnote-4-108225' class='easy-footnote-margin-adjust'><\/span><span class='easy-footnote'><a href='https:\/\/vincentians.com\/fr\/histoire-generale-de-la-congregation-de-la-mission-62\/#easy-footnote-bottom-4-108225' title='Pierre-Stanislas Vueiss, 1671-1708.'><sup>4<\/sup><\/a><\/span>, \u00e2g\u00e9 seulement de 37 ans, s\u2019est mis \u00e0 genoux devant M. Montm\u00e9jan<span id='easy-footnote-5-108225' class='easy-footnote-margin-adjust'><\/span><span class='easy-footnote'><a href='https:\/\/vincentians.com\/fr\/histoire-generale-de-la-congregation-de-la-mission-62\/#easy-footnote-bottom-5-108225' title='Inbonnu.'><sup>5<\/sup><\/a><\/span> qui conduit la maison ; il lui a demand\u00e9 sa b\u00e9n\u00e9diction pour aller assister les pauvres malades. Dieu a exauc\u00e9 son dessein ; il fut emport\u00e9 par la peste la nuit du 3 ao\u00fbt dernier, il allait visiter les malades jusque dans les galetas ; il se communia de sa propre main, et il est mort plein de foi dans les exercices de la charit\u00e9 comme les martyrs. Deux autres pr\u00eatres lui ont succ\u00e9d\u00e9 dans ce p\u00e9nible emploi, le premier desquels est d\u00e9j\u00e0 hors de combat, et l\u2019autre s\u2019expose \u00e0 un \u00e9vident danger. Quelques-uns de nos fr\u00e8res ont aussi \u00e9t\u00e9 attaqu\u00e9s ; cinq ou six domestiques sont morts, nos messieurs ont beaucoup de peine \u00e0 fournir au soulagement des malades et \u00e0 l\u2019entretien des fossoyeurs. Les Filles de la Charit\u00e9 y ont pareillement perdu de leurs meilleurs sujets, tant Fran\u00e7aises que Polonaises ; ces pauvres Filles ont affront\u00e9 le danger avec un courage et une intr\u00e9pidit\u00e9 au-dessus de leur sexe, que le seul amour de Dieu peut inspirer et soutenir jusqu\u2019\u00e0 la fin. Ce fl\u00e9au de Dieu ne cessa pas sit\u00f4t ; il fit encore d\u2019\u00e9tranges ravages \u00e0 Culm et \u00e0 Vilna, o\u00f9 quelques Missionnaires moururent de la peste en ces maisons-l\u00e0, comme on l\u2019\u00e9crivit de Paris aux maisons de la Compagnie.<\/p>\n<p>Pour ce qui est de M. Tarlo, il revint \u00e0 Varsovie, et continua \u00e0 y exercer son office de sup\u00e9rieur et de visiteur de la Province. Tous les Missionnaires \u00e9trangers et polonais avaient une grande confiance en lui ; il \u00e9tait bien rempli de l\u2019esprit de la Mission, et, outre cela, accr\u00e9dit\u00e9 dans le royaume, \u00e0 raison de son illustre naissance. Le roi Auguste ayant recouvr\u00e9 sa couronne et l\u2019\u00e9v\u00eaque de Posnanie \u00e9tant venu \u00e0 mourir quelque temps apr\u00e8s, S[a] M[ajest\u00e9] nomma M. Tarlo \u00e0 cet \u00e9v\u00each\u00e9, le plus consid\u00e9rable de Pologne, apr\u00e8s l\u2019archev\u00each\u00e9 de Gniesen. Il fit toutes les remontrances possibles \u00e0N[otre] S[aint] P[\u00e8re] le Pape pour le dispenser d\u2019accepter cette dignit\u00e9, et pria M. Watel de joindre ses bons offices aux siens, afin de d\u00e9tourner de dessus sa t\u00eate ce terrible fardeau ; il ne put l\u2019obtenir et fut sacr\u00e9 \u00e9v\u00eaque. Mais il v\u00e9cut dans l\u2019\u00e9piscopat, jusqu\u2019\u00e0 la mort, avec beaucoup d\u2019humilit\u00e9 et de simplicit\u00e9, sans rien diminuer de son estime et de son affection pour la Congr\u00e9gation qu\u2019il regarda toujours comme sa m\u00e8re, ayant demand\u00e9 par gr\u00e2ce de n\u2019\u00eatre pas effac\u00e9 du catalogue des Missionnaires pendant sa vie et d\u2019\u00eatre aid\u00e9 des suffrages ordinaires apr\u00e8s sa mort, ayant toujours eu soin lui-m\u00eame, de son c\u00f4t\u00e9, d\u2019en faire autant pour les d\u00e9funts de la Congr\u00e9gation dont on lui envoyait les billets mortuaires.<\/p>\n","protected":false},"excerpt":{"rendered":"<p>LXII. Nouvelles provinces, les maisons de Pologne Le Pape voulut que ce nouvel \u00e9tablissement, tout comme les Missionnaires qu\u2019il avait envoy\u00e9s \u00e0 Avignon, d\u00e9pend\u00eet de la province romaine et du visiteur d\u2019Italie, jusqu\u2019\u00e0 ce qu\u2019il &#8230; <a href=\"https:\/\/vincentians.com\/fr\/histoire-generale-de-la-congregation-de-la-mission-62\/\" class=\"more-link\">Read More<\/a><\/p>\n","protected":false},"author":4,"featured_media":189808,"comment_status":"open","ping_status":"open","sticky":false,"template":"","format":"standard","meta":{"jetpack_post_was_ever_published":false,"_jetpack_newsletter_access":"","_jetpack_dont_email_post_to_subs":false,"_jetpack_newsletter_tier_id":0,"_jetpack_memberships_contains_paywalled_content":false,"_jetpack_memberships_contains_paid_content":false,"footnotes":"","jetpack_publicize_message":"","jetpack_publicize_feature_enabled":true,"jetpack_social_post_already_shared":true,"jetpack_social_options":{"image_generator_settings":{"template":"highway","default_image_id":0,"font":"","enabled":false},"version":2}},"categories":[134],"tags":[],"class_list":["post-108225","post","type-post","status-publish","format-standard","has-post-thumbnail","hentry","category-histoire-de-la-congregation-de-la-mission"],"yoast_head":"<!-- This site is optimized with the Yoast SEO plugin v26.3 - https:\/\/yoast.com\/wordpress\/plugins\/seo\/ -->\n<title>Histoire g\u00e9n\u00e9rale de la Congr\u00e9gation de la Mission (62) - Nous Sommes Vincentiens<\/title>\n<meta name=\"robots\" content=\"index, follow, max-snippet:-1, max-image-preview:large, max-video-preview:-1\" \/>\n<link rel=\"canonical\" href=\"https:\/\/vincentians.com\/fr\/histoire-generale-de-la-congregation-de-la-mission-62\/\" \/>\n<meta property=\"og:locale\" content=\"fr_FR\" \/>\n<meta property=\"og:type\" content=\"article\" \/>\n<meta property=\"og:title\" content=\"Histoire g\u00e9n\u00e9rale de la Congr\u00e9gation de la Mission (62) - Nous Sommes Vincentiens\" \/>\n<meta property=\"og:description\" content=\"LXII. Nouvelles provinces, les maisons de Pologne Le Pape voulut que ce nouvel \u00e9tablissement, tout comme les Missionnaires qu\u2019il avait envoy\u00e9s \u00e0 Avignon, d\u00e9pend\u00eet de la province romaine et du visiteur d\u2019Italie, jusqu\u2019\u00e0 ce qu\u2019il ... Read More\" \/>\n<meta property=\"og:url\" content=\"https:\/\/vincentians.com\/fr\/histoire-generale-de-la-congregation-de-la-mission-62\/\" \/>\n<meta property=\"og:site_name\" content=\"Nous Sommes Vincentiens\" \/>\n<meta property=\"article:publisher\" content=\"https:\/\/www.facebook.com\/WeAreVincentians\/\" \/>\n<meta property=\"article:author\" content=\"https:\/\/www.facebook.com\/JavierChento\" \/>\n<meta property=\"article:published_time\" content=\"2014-12-20T18:18:22+00:00\" \/>\n<meta property=\"og:image\" content=\"https:\/\/i0.wp.com\/vincentians.com\/fr\/wp-content\/uploads\/sites\/10\/2016\/07\/histoire-generale-de-la-congregation-de-la-mission.jpg?fit=1200%2C630&ssl=1\" \/>\n\t<meta property=\"og:image:width\" content=\"1200\" \/>\n\t<meta property=\"og:image:height\" content=\"630\" \/>\n\t<meta property=\"og:image:type\" content=\"image\/jpeg\" \/>\n<meta name=\"author\" content=\"Francisco Javier Fern\u00e1ndez Chento\" \/>\n<meta name=\"twitter:card\" content=\"summary_large_image\" \/>\n<meta name=\"twitter:creator\" content=\"@https:\/\/twitter.com\/javierchento\" \/>\n<meta name=\"twitter:site\" content=\"@WeVincentians\" \/>\n<meta name=\"twitter:label1\" content=\"\u00c9crit par\" \/>\n\t<meta name=\"twitter:data1\" content=\"Francisco Javier Fern\u00e1ndez Chento\" \/>\n\t<meta name=\"twitter:label2\" content=\"Dur\u00e9e de lecture estim\u00e9e\" \/>\n\t<meta name=\"twitter:data2\" content=\"6 minutes\" \/>\n<script type=\"application\/ld+json\" class=\"yoast-schema-graph\">{\"@context\":\"https:\/\/schema.org\",\"@graph\":[{\"@type\":\"WebPage\",\"@id\":\"https:\/\/vincentians.com\/fr\/histoire-generale-de-la-congregation-de-la-mission-62\/\",\"url\":\"https:\/\/vincentians.com\/fr\/histoire-generale-de-la-congregation-de-la-mission-62\/\",\"name\":\"Histoire g\u00e9n\u00e9rale de la Congr\u00e9gation de la Mission (62) - Nous Sommes Vincentiens\",\"isPartOf\":{\"@id\":\"http:\/\/vincentians.com\/fr\/#website\"},\"primaryImageOfPage\":{\"@id\":\"https:\/\/vincentians.com\/fr\/histoire-generale-de-la-congregation-de-la-mission-62\/#primaryimage\"},\"image\":{\"@id\":\"https:\/\/vincentians.com\/fr\/histoire-generale-de-la-congregation-de-la-mission-62\/#primaryimage\"},\"thumbnailUrl\":\"https:\/\/i0.wp.com\/vincentians.com\/fr\/wp-content\/uploads\/sites\/10\/2016\/07\/histoire-generale-de-la-congregation-de-la-mission.jpg?fit=1200%2C630&ssl=1\",\"datePublished\":\"2014-12-20T18:18:22+00:00\",\"author\":{\"@id\":\"http:\/\/vincentians.com\/fr\/#\/schema\/person\/9623ef4d9aa3b2dfb8c061f1499288f2\"},\"breadcrumb\":{\"@id\":\"https:\/\/vincentians.com\/fr\/histoire-generale-de-la-congregation-de-la-mission-62\/#breadcrumb\"},\"inLanguage\":\"fr-FR\",\"potentialAction\":[{\"@type\":\"ReadAction\",\"target\":[\"https:\/\/vincentians.com\/fr\/histoire-generale-de-la-congregation-de-la-mission-62\/\"]}]},{\"@type\":\"ImageObject\",\"inLanguage\":\"fr-FR\",\"@id\":\"https:\/\/vincentians.com\/fr\/histoire-generale-de-la-congregation-de-la-mission-62\/#primaryimage\",\"url\":\"https:\/\/i0.wp.com\/vincentians.com\/fr\/wp-content\/uploads\/sites\/10\/2016\/07\/histoire-generale-de-la-congregation-de-la-mission.jpg?fit=1200%2C630&ssl=1\",\"contentUrl\":\"https:\/\/i0.wp.com\/vincentians.com\/fr\/wp-content\/uploads\/sites\/10\/2016\/07\/histoire-generale-de-la-congregation-de-la-mission.jpg?fit=1200%2C630&ssl=1\",\"width\":1200,\"height\":630},{\"@type\":\"BreadcrumbList\",\"@id\":\"https:\/\/vincentians.com\/fr\/histoire-generale-de-la-congregation-de-la-mission-62\/#breadcrumb\",\"itemListElement\":[{\"@type\":\"ListItem\",\"position\":1,\"name\":\"Portada\",\"item\":\"http:\/\/vincentians.com\/fr\/\"},{\"@type\":\"ListItem\",\"position\":2,\"name\":\"Histoire g\u00e9n\u00e9rale de la Congr\u00e9gation de la Mission (62)\"}]},{\"@type\":\"WebSite\",\"@id\":\"http:\/\/vincentians.com\/fr\/#website\",\"url\":\"http:\/\/vincentians.com\/fr\/\",\"name\":\"Nous Sommes Vincentiens\",\"description\":\"Know more to serve more\",\"potentialAction\":[{\"@type\":\"SearchAction\",\"target\":{\"@type\":\"EntryPoint\",\"urlTemplate\":\"http:\/\/vincentians.com\/fr\/?s={search_term_string}\"},\"query-input\":{\"@type\":\"PropertyValueSpecification\",\"valueRequired\":true,\"valueName\":\"search_term_string\"}}],\"inLanguage\":\"fr-FR\"},{\"@type\":\"Person\",\"@id\":\"http:\/\/vincentians.com\/fr\/#\/schema\/person\/9623ef4d9aa3b2dfb8c061f1499288f2\",\"name\":\"Francisco Javier Fern\u00e1ndez Chento\",\"image\":{\"@type\":\"ImageObject\",\"inLanguage\":\"fr-FR\",\"@id\":\"http:\/\/vincentians.com\/fr\/#\/schema\/person\/image\/\",\"url\":\"https:\/\/secure.gravatar.com\/avatar\/497d5cde87b4c3d097d0315953521681ba2cd523ee66e5077c3711f7021e65de?s=96&d=mm&r=g\",\"contentUrl\":\"https:\/\/secure.gravatar.com\/avatar\/497d5cde87b4c3d097d0315953521681ba2cd523ee66e5077c3711f7021e65de?s=96&d=mm&r=g\",\"caption\":\"Francisco Javier Fern\u00e1ndez Chento\"},\"description\":\"Director General y cofundador de La Red de Formaci\u00f3n Vicenciana. Javier es laico vicenciano, afiliado a la Congregaci\u00f3n de la Misi\u00f3n y miembro del Equipo de Misiones Populares de la provincia can\u00f3nica de Zaragoza (Espa\u00f1a) de la Congregaci\u00f3n de la Misi\u00f3n. Graduado en la Universidad Oberta de Catalunya con cuatro grados (Asistente de direcci\u00f3n, Gesti\u00f3n Administrativa, Recursos Humanos y Contabilidad Avanzada). Bil\u00edng\u00fce Espa\u00f1ol\/Ingl\u00e9s. gestiona y mantiene varias p\u00e1ginas web cristianas y vicencianas, incluida including La Red de Formaci\u00f3n Vicenciana, de la que es cofundador. Actualmente es responsable del \u00e1rea de Espa\u00f1ol de .famvin, la Red de Noticias de la Familia Vicenciana. Tambi\u00e9n es m\u00fasico cat\u00f3lico y ha editado varios discos. Es Director General y cofundador de Trovador, una reconocida compa\u00f1\u00eda discogr\u00e1fica critiana de Espa\u00f1a. Trabaja en las Tecnolog\u00edas de la Informaci\u00f3n, ofreciendo servicios de alojamiento, dise\u00f1o y mantenimiento Web, as\u00ed como asesoramiento, formaci\u00f3n y soluciones inform\u00e1ticas, gesti\u00f3n documental y digitalizaci\u00f3n de textos, edici\u00f3n y maquetaci\u00f3n de libros, revistas, flyers, etc.\",\"sameAs\":[\"http:\/\/chento.org\",\"https:\/\/www.facebook.com\/JavierChento\",\"https:\/\/x.com\/https:\/\/twitter.com\/javierchento\"],\"url\":\"https:\/\/vincentians.com\/fr\/author\/chento\/\"}]}<\/script>\n<!-- \/ Yoast SEO plugin. -->","yoast_head_json":{"title":"Histoire g\u00e9n\u00e9rale de la Congr\u00e9gation de la Mission (62) - Nous Sommes Vincentiens","robots":{"index":"index","follow":"follow","max-snippet":"max-snippet:-1","max-image-preview":"max-image-preview:large","max-video-preview":"max-video-preview:-1"},"canonical":"https:\/\/vincentians.com\/fr\/histoire-generale-de-la-congregation-de-la-mission-62\/","og_locale":"fr_FR","og_type":"article","og_title":"Histoire g\u00e9n\u00e9rale de la Congr\u00e9gation de la Mission (62) - Nous Sommes Vincentiens","og_description":"LXII. Nouvelles provinces, les maisons de Pologne Le Pape voulut que ce nouvel \u00e9tablissement, tout comme les Missionnaires qu\u2019il avait envoy\u00e9s \u00e0 Avignon, d\u00e9pend\u00eet de la province romaine et du visiteur d\u2019Italie, jusqu\u2019\u00e0 ce qu\u2019il ... Read More","og_url":"https:\/\/vincentians.com\/fr\/histoire-generale-de-la-congregation-de-la-mission-62\/","og_site_name":"Nous Sommes Vincentiens","article_publisher":"https:\/\/www.facebook.com\/WeAreVincentians\/","article_author":"https:\/\/www.facebook.com\/JavierChento","article_published_time":"2014-12-20T18:18:22+00:00","og_image":[{"width":1200,"height":630,"url":"https:\/\/i0.wp.com\/vincentians.com\/fr\/wp-content\/uploads\/sites\/10\/2016\/07\/histoire-generale-de-la-congregation-de-la-mission.jpg?fit=1200%2C630&ssl=1","type":"image\/jpeg"}],"author":"Francisco Javier Fern\u00e1ndez Chento","twitter_card":"summary_large_image","twitter_creator":"@https:\/\/twitter.com\/javierchento","twitter_site":"@WeVincentians","twitter_misc":{"\u00c9crit par":"Francisco Javier Fern\u00e1ndez Chento","Dur\u00e9e de lecture estim\u00e9e":"6 minutes"},"schema":{"@context":"https:\/\/schema.org","@graph":[{"@type":"WebPage","@id":"https:\/\/vincentians.com\/fr\/histoire-generale-de-la-congregation-de-la-mission-62\/","url":"https:\/\/vincentians.com\/fr\/histoire-generale-de-la-congregation-de-la-mission-62\/","name":"Histoire g\u00e9n\u00e9rale de la Congr\u00e9gation de la Mission (62) - Nous Sommes Vincentiens","isPartOf":{"@id":"http:\/\/vincentians.com\/fr\/#website"},"primaryImageOfPage":{"@id":"https:\/\/vincentians.com\/fr\/histoire-generale-de-la-congregation-de-la-mission-62\/#primaryimage"},"image":{"@id":"https:\/\/vincentians.com\/fr\/histoire-generale-de-la-congregation-de-la-mission-62\/#primaryimage"},"thumbnailUrl":"https:\/\/i0.wp.com\/vincentians.com\/fr\/wp-content\/uploads\/sites\/10\/2016\/07\/histoire-generale-de-la-congregation-de-la-mission.jpg?fit=1200%2C630&ssl=1","datePublished":"2014-12-20T18:18:22+00:00","author":{"@id":"http:\/\/vincentians.com\/fr\/#\/schema\/person\/9623ef4d9aa3b2dfb8c061f1499288f2"},"breadcrumb":{"@id":"https:\/\/vincentians.com\/fr\/histoire-generale-de-la-congregation-de-la-mission-62\/#breadcrumb"},"inLanguage":"fr-FR","potentialAction":[{"@type":"ReadAction","target":["https:\/\/vincentians.com\/fr\/histoire-generale-de-la-congregation-de-la-mission-62\/"]}]},{"@type":"ImageObject","inLanguage":"fr-FR","@id":"https:\/\/vincentians.com\/fr\/histoire-generale-de-la-congregation-de-la-mission-62\/#primaryimage","url":"https:\/\/i0.wp.com\/vincentians.com\/fr\/wp-content\/uploads\/sites\/10\/2016\/07\/histoire-generale-de-la-congregation-de-la-mission.jpg?fit=1200%2C630&ssl=1","contentUrl":"https:\/\/i0.wp.com\/vincentians.com\/fr\/wp-content\/uploads\/sites\/10\/2016\/07\/histoire-generale-de-la-congregation-de-la-mission.jpg?fit=1200%2C630&ssl=1","width":1200,"height":630},{"@type":"BreadcrumbList","@id":"https:\/\/vincentians.com\/fr\/histoire-generale-de-la-congregation-de-la-mission-62\/#breadcrumb","itemListElement":[{"@type":"ListItem","position":1,"name":"Portada","item":"http:\/\/vincentians.com\/fr\/"},{"@type":"ListItem","position":2,"name":"Histoire g\u00e9n\u00e9rale de la Congr\u00e9gation de la Mission (62)"}]},{"@type":"WebSite","@id":"http:\/\/vincentians.com\/fr\/#website","url":"http:\/\/vincentians.com\/fr\/","name":"Nous Sommes Vincentiens","description":"Know more to serve more","potentialAction":[{"@type":"SearchAction","target":{"@type":"EntryPoint","urlTemplate":"http:\/\/vincentians.com\/fr\/?s={search_term_string}"},"query-input":{"@type":"PropertyValueSpecification","valueRequired":true,"valueName":"search_term_string"}}],"inLanguage":"fr-FR"},{"@type":"Person","@id":"http:\/\/vincentians.com\/fr\/#\/schema\/person\/9623ef4d9aa3b2dfb8c061f1499288f2","name":"Francisco Javier Fern\u00e1ndez Chento","image":{"@type":"ImageObject","inLanguage":"fr-FR","@id":"http:\/\/vincentians.com\/fr\/#\/schema\/person\/image\/","url":"https:\/\/secure.gravatar.com\/avatar\/497d5cde87b4c3d097d0315953521681ba2cd523ee66e5077c3711f7021e65de?s=96&d=mm&r=g","contentUrl":"https:\/\/secure.gravatar.com\/avatar\/497d5cde87b4c3d097d0315953521681ba2cd523ee66e5077c3711f7021e65de?s=96&d=mm&r=g","caption":"Francisco Javier Fern\u00e1ndez Chento"},"description":"Director General y cofundador de La Red de Formaci\u00f3n Vicenciana. Javier es laico vicenciano, afiliado a la Congregaci\u00f3n de la Misi\u00f3n y miembro del Equipo de Misiones Populares de la provincia can\u00f3nica de Zaragoza (Espa\u00f1a) de la Congregaci\u00f3n de la Misi\u00f3n. Graduado en la Universidad Oberta de Catalunya con cuatro grados (Asistente de direcci\u00f3n, Gesti\u00f3n Administrativa, Recursos Humanos y Contabilidad Avanzada). Bil\u00edng\u00fce Espa\u00f1ol\/Ingl\u00e9s. gestiona y mantiene varias p\u00e1ginas web cristianas y vicencianas, incluida including La Red de Formaci\u00f3n Vicenciana, de la que es cofundador. Actualmente es responsable del \u00e1rea de Espa\u00f1ol de .famvin, la Red de Noticias de la Familia Vicenciana. Tambi\u00e9n es m\u00fasico cat\u00f3lico y ha editado varios discos. Es Director General y cofundador de Trovador, una reconocida compa\u00f1\u00eda discogr\u00e1fica critiana de Espa\u00f1a. Trabaja en las Tecnolog\u00edas de la Informaci\u00f3n, ofreciendo servicios de alojamiento, dise\u00f1o y mantenimiento Web, as\u00ed como asesoramiento, formaci\u00f3n y soluciones inform\u00e1ticas, gesti\u00f3n documental y digitalizaci\u00f3n de textos, edici\u00f3n y maquetaci\u00f3n de libros, revistas, flyers, etc.","sameAs":["http:\/\/chento.org","https:\/\/www.facebook.com\/JavierChento","https:\/\/x.com\/https:\/\/twitter.com\/javierchento"],"url":"https:\/\/vincentians.com\/fr\/author\/chento\/"}]}},"jetpack_publicize_connections":[],"jetpack_featured_media_url":"https:\/\/i0.wp.com\/vincentians.com\/fr\/wp-content\/uploads\/sites\/10\/2016\/07\/histoire-generale-de-la-congregation-de-la-mission.jpg?fit=1200%2C630&ssl=1","jetpack_sharing_enabled":true,"jetpack_shortlink":"https:\/\/wp.me\/p7ETMP-s9z","jetpack-related-posts":[{"id":151061,"url":"https:\/\/vincentians.com\/fr\/histoire-generale-de-la-congregation-de-la-mission-72\/","url_meta":{"origin":108225,"position":0},"title":"Histoire g\u00e9n\u00e9rale de la Congr\u00e9gation de la Mission (72)","author":"Francisco Javier Fern\u00e1ndez Chento","date":"18\/01\/2015","format":false,"excerpt":"LXXII. Province de Pologne Les maisons de Pologne ne travaillaient pas avec moins de succ\u00e8s et on parlait d\u2019y faire divers \u00e9tablissementsen diff\u00e9rents endroits, selon ce que mandait M. Bonnet dans les lettres ci-dessus cit\u00e9es. Au commencement de son g\u00e9n\u00e9ralat, la peste, la guerre, la famine, trois terribles fl\u00e9aux tous\u2026","rel":"","context":"Dans &quot;Histoire de la Congr\u00e9gation de la Mission&quot;","block_context":{"text":"Histoire de la Congr\u00e9gation de la Mission","link":"https:\/\/vincentians.com\/fr\/category\/histoire-de-la-congregation-de-la-mission\/"},"img":{"alt_text":"","src":"https:\/\/i0.wp.com\/vincentians.com\/fr\/wp-content\/uploads\/sites\/10\/2016\/07\/histoire-generale-de-la-congregation-de-la-mission.jpg?fit=1200%2C630&ssl=1&resize=350%2C200","width":350,"height":200,"srcset":"https:\/\/i0.wp.com\/vincentians.com\/fr\/wp-content\/uploads\/sites\/10\/2016\/07\/histoire-generale-de-la-congregation-de-la-mission.jpg?fit=1200%2C630&ssl=1&resize=350%2C200 1x, https:\/\/i0.wp.com\/vincentians.com\/fr\/wp-content\/uploads\/sites\/10\/2016\/07\/histoire-generale-de-la-congregation-de-la-mission.jpg?fit=1200%2C630&ssl=1&resize=525%2C300 1.5x, https:\/\/i0.wp.com\/vincentians.com\/fr\/wp-content\/uploads\/sites\/10\/2016\/07\/histoire-generale-de-la-congregation-de-la-mission.jpg?fit=1200%2C630&ssl=1&resize=700%2C400 2x, https:\/\/i0.wp.com\/vincentians.com\/fr\/wp-content\/uploads\/sites\/10\/2016\/07\/histoire-generale-de-la-congregation-de-la-mission.jpg?fit=1200%2C630&ssl=1&resize=1050%2C600 3x"},"classes":[]},{"id":37777,"url":"https:\/\/vincentians.com\/fr\/jusquau-bout-de-lamour-francois-regis-clet-1748-1820\/","url_meta":{"origin":108225,"position":1},"title":"\u00abJusqu\u2019au Bout De L\u2019amour&#8230;\u00bb: Fran\u00e7ois-R\u00e9gis Clet (1748-1820)","author":"Francisco Javier Fern\u00e1ndez Chento","date":"30\/12\/2012","format":false,"excerpt":"\u00c0 la decouverte de l\u2019amour 1) L\u2019enfance d\u2019une vie Grenoble \u00abla rebelle: compte pr\u00e8s de 30 000 habitants en cette ann\u00e9e 1748. La famille Clet habite la rue Porte Traine, au num\u00e9ro 14, pr\u00e8s de l\u2019atelier du n\u00e9gociant en toiles qui emploie le p\u00e8re. C\u00e9saire Clet est mari\u00e9 \u00e0 Claudine\u2026","rel":"","context":"Dans &quot;Fran\u00e7ois-R\u00e9gis Clet&quot;","block_context":{"text":"Fran\u00e7ois-R\u00e9gis Clet","link":"https:\/\/vincentians.com\/fr\/category\/francois-regis-clet\/"},"img":{"alt_text":"Fran\u00e7ois-R\u00e9gis Clet","src":"https:\/\/i0.wp.com\/vincentiens.org\/wp-content\/uploads\/2012\/12\/Fco_Regis_Clet-163x300.jpg?resize=350%2C200","width":350,"height":200},"classes":[]},{"id":189772,"url":"https:\/\/vincentians.com\/fr\/histoire-generale-de-la-congregation-de-la-mission-77\/","url_meta":{"origin":108225,"position":2},"title":"Histoire g\u00e9n\u00e9rale de la Congr\u00e9gation de la Mission (77)","author":"Francisco Javier Fern\u00e1ndez Chento","date":"23\/01\/2015","format":false,"excerpt":"LXXVII. L\u2019assembl\u00e9e sexennale de 1717 Nous n\u2019avons pas encore parl\u00e9 de l\u2019assembl\u00e9e sexennale qui se tint, suivantles constitutions, six ans apr\u00e8s l\u2019\u00e9l\u00e9vation de M. Bonnet au g\u00e9n\u00e9ralat. Il en avertit la Compagnie, par sa lettre du 1er janvier 1717, en ces termes : Cette ann\u00e9e, Dieu aidant, nous tiendrons notre\u2026","rel":"","context":"Dans &quot;Histoire de la Congr\u00e9gation de la Mission&quot;","block_context":{"text":"Histoire de la Congr\u00e9gation de la Mission","link":"https:\/\/vincentians.com\/fr\/category\/histoire-de-la-congregation-de-la-mission\/"},"img":{"alt_text":"","src":"https:\/\/i0.wp.com\/vincentians.com\/fr\/wp-content\/uploads\/sites\/10\/2016\/07\/histoire-generale-de-la-congregation-de-la-mission.jpg?fit=1200%2C630&ssl=1&resize=350%2C200","width":350,"height":200,"srcset":"https:\/\/i0.wp.com\/vincentians.com\/fr\/wp-content\/uploads\/sites\/10\/2016\/07\/histoire-generale-de-la-congregation-de-la-mission.jpg?fit=1200%2C630&ssl=1&resize=350%2C200 1x, https:\/\/i0.wp.com\/vincentians.com\/fr\/wp-content\/uploads\/sites\/10\/2016\/07\/histoire-generale-de-la-congregation-de-la-mission.jpg?fit=1200%2C630&ssl=1&resize=525%2C300 1.5x, https:\/\/i0.wp.com\/vincentians.com\/fr\/wp-content\/uploads\/sites\/10\/2016\/07\/histoire-generale-de-la-congregation-de-la-mission.jpg?fit=1200%2C630&ssl=1&resize=700%2C400 2x, https:\/\/i0.wp.com\/vincentians.com\/fr\/wp-content\/uploads\/sites\/10\/2016\/07\/histoire-generale-de-la-congregation-de-la-mission.jpg?fit=1200%2C630&ssl=1&resize=1050%2C600 3x"},"classes":[]},{"id":52068,"url":"https:\/\/vincentians.com\/fr\/saint-vincent-de-paul-et-sa-mission-sociale-vi-la-posterite-1\/","url_meta":{"origin":108225,"position":3},"title":"Saint Vincent De Paul Et Sa Mission Sociale. VI &#8211; La Post\u00e9rit\u00e9 (1)","author":"Francisco Javier Fern\u00e1ndez Chento","date":"30\/12\/2014","format":false,"excerpt":"L\u2019ACCROISSEMENT. \u2014 Extension des deux familles de saint Vincent de Paul. \u2014 Progr\u00e8s de leurs \u0153uvres. \u2014 Les missions \u00e9trang\u00e8res et les s\u00e9minaires. \u2014 Les successeurs de saint Vincent. \u2014 Congr\u00e9gations religieuses fond\u00e9es sur le mod\u00e8le de la Mission. \u2014 Les Filles de la Charit\u00e9 en France et \u00e0 l\u2019\u00e9tranger.\u2026","rel":"","context":"Dans &quot;Vincent de Paul&quot;","block_context":{"text":"Vincent de Paul","link":"https:\/\/vincentians.com\/fr\/category\/the-vincentian-family\/founders\/vincent-de-paul\/"},"img":{"alt_text":"","src":"https:\/\/i0.wp.com\/vincentians.com\/fr\/wp-content\/uploads\/sites\/10\/2016\/07\/vincent-et-sa-action-sociale.jpg?fit=1160%2C630&ssl=1&resize=350%2C200","width":350,"height":200,"srcset":"https:\/\/i0.wp.com\/vincentians.com\/fr\/wp-content\/uploads\/sites\/10\/2016\/07\/vincent-et-sa-action-sociale.jpg?fit=1160%2C630&ssl=1&resize=350%2C200 1x, https:\/\/i0.wp.com\/vincentians.com\/fr\/wp-content\/uploads\/sites\/10\/2016\/07\/vincent-et-sa-action-sociale.jpg?fit=1160%2C630&ssl=1&resize=525%2C300 1.5x, https:\/\/i0.wp.com\/vincentians.com\/fr\/wp-content\/uploads\/sites\/10\/2016\/07\/vincent-et-sa-action-sociale.jpg?fit=1160%2C630&ssl=1&resize=700%2C400 2x, https:\/\/i0.wp.com\/vincentians.com\/fr\/wp-content\/uploads\/sites\/10\/2016\/07\/vincent-et-sa-action-sociale.jpg?fit=1160%2C630&ssl=1&resize=1050%2C600 3x"},"classes":[]},{"id":38477,"url":"https:\/\/vincentians.com\/fr\/le-directeur-provincial-animateur-des-filles-de-la-charite\/","url_meta":{"origin":108225,"position":4},"title":"Le Directeur Provincial \u201canimateur\u201d des Filles de la Charit\u00e9","author":"Francisco Javier Fern\u00e1ndez Chento","date":"03\/10\/2012","format":false,"excerpt":"Dans les Constitutions des Filles de la Charit\u00e9, nous trouvons \u00e0 l\u2019article 3.38: le Directeur Provincial est un pr\u00eatre de la Congr\u00e9gation de la Mission, nomm\u00e9 par le Sup\u00e9rieur G\u00e9n\u00e9ral; \u201cil partage avec la Visitatrice et son Conseil la responsabilit\u00e9 de promouvoir l\u2019esprit vincentien dans la Province\u201d Missionnaire, le directeur\u2026","rel":"","context":"Dans &quot;Congr\u00e9gation de la Mission&quot;","block_context":{"text":"Congr\u00e9gation de la Mission","link":"https:\/\/vincentians.com\/fr\/category\/congregation-de-la-mission\/"},"img":{"alt_text":"","src":"https:\/\/i0.wp.com\/vincentiens.org\/wp-content\/uploads\/2011\/05\/filles_charite-228x300.jpg?resize=350%2C200","width":350,"height":200},"classes":[]},{"id":106342,"url":"https:\/\/vincentians.com\/fr\/la-congregation-de-la-mission-en-portugal-iii-c\/","url_meta":{"origin":108225,"position":5},"title":"La Congr\u00e9gation de la Mission en Portugal (III-C)","author":"Francisco Javier Fern\u00e1ndez Chento","date":"28\/05\/2013","format":false,"excerpt":"10. Pombal et les pers\u00e9cutions contre les religieux. Une p\u00e9riode d'\u00e9preuves pour la religion fut inaugur\u00e9e en Portugal en 1759 par la pers\u00e9cution contre les commu\u00adnaut\u00e9s religieuses. L'expulsion des J\u00e9suites, par le marquis de Pombal, en fut un des incidents les plus marquants. Ce fut aussi, h\u00e9las! comme le d\u00e9but\u2026","rel":"","context":"Dans &quot;Histoire de la Congr\u00e9gation de la Mission&quot;","block_context":{"text":"Histoire de la Congr\u00e9gation de la Mission","link":"https:\/\/vincentians.com\/fr\/category\/histoire-de-la-congregation-de-la-mission\/"},"img":{"alt_text":"aaa","src":"https:\/\/i0.wp.com\/vincentiens.org\/wp-content\/uploads\/2013\/04\/aaa.jpg?resize=350%2C200","width":350,"height":200},"classes":[]}],"_links":{"self":[{"href":"https:\/\/vincentians.com\/fr\/wp-json\/wp\/v2\/posts\/108225","targetHints":{"allow":["GET"]}}],"collection":[{"href":"https:\/\/vincentians.com\/fr\/wp-json\/wp\/v2\/posts"}],"about":[{"href":"https:\/\/vincentians.com\/fr\/wp-json\/wp\/v2\/types\/post"}],"author":[{"embeddable":true,"href":"https:\/\/vincentians.com\/fr\/wp-json\/wp\/v2\/users\/4"}],"replies":[{"embeddable":true,"href":"https:\/\/vincentians.com\/fr\/wp-json\/wp\/v2\/comments?post=108225"}],"version-history":[{"count":0,"href":"https:\/\/vincentians.com\/fr\/wp-json\/wp\/v2\/posts\/108225\/revisions"}],"wp:featuredmedia":[{"embeddable":true,"href":"https:\/\/vincentians.com\/fr\/wp-json\/wp\/v2\/media\/189808"}],"wp:attachment":[{"href":"https:\/\/vincentians.com\/fr\/wp-json\/wp\/v2\/media?parent=108225"}],"wp:term":[{"taxonomy":"category","embeddable":true,"href":"https:\/\/vincentians.com\/fr\/wp-json\/wp\/v2\/categories?post=108225"},{"taxonomy":"post_tag","embeddable":true,"href":"https:\/\/vincentians.com\/fr\/wp-json\/wp\/v2\/tags?post=108225"}],"curies":[{"name":"wp","href":"https:\/\/api.w.org\/{rel}","templated":true}]}}