{"id":108107,"date":"2014-02-06T06:53:56","date_gmt":"2014-02-06T05:53:56","guid":{"rendered":"http:\/\/vincentiens.org\/?p=108107"},"modified":"2014-02-06T06:53:56","modified_gmt":"2014-02-06T05:53:56","slug":"la-vie-de-saint-vincent-de-paul-instituteur-de-la-congregation-de-la-mission-et-des-filles-de-la-charite-010","status":"publish","type":"post","link":"https:\/\/vincentians.com\/fr\/la-vie-de-saint-vincent-de-paul-instituteur-de-la-congregation-de-la-mission-et-des-filles-de-la-charite-010\/","title":{"rendered":"La vie de Saint Vincent de Paul, instituteur de la Congr\u00e9gation de la Mission et des Filles de la Charit\u00e9 (010)"},"content":{"rendered":"<h2>Livre premier<\/h2>\n<h3>10. Vincent sort de la Maison de Gondi ; il est pourvu de la Cure de\u00a0Ch\u00e2tillon ; affliction de la Maison de Gondi ; lettre du G\u00e9n\u00e9ral des Gal\u00e8res ; sentimens de son \u00e9pouse ; elle s\u2019efforce de rap\u00adpeler Vincent chez elle; il le refuse<\/h3>\n<p><a href=\"https:\/\/i0.wp.com\/vincentiens.org\/wp-content\/uploads\/2014\/01\/collet.jpg\"><img data-recalc-dims=\"1\" loading=\"lazy\" decoding=\"async\" class=\"alignright\" alt=\"collet\" src=\"https:\/\/i0.wp.com\/vincentiens.org\/wp-content\/uploads\/2014\/01\/collet-248x300.jpg?resize=248%2C300\" width=\"248\" height=\"300\" \/><\/a>La joie que ressentait la pieuse G\u00e9n\u00e9rale, \u00e0 la vue des grands biens que Vincent venait de faire dans une partie de ses terres, fut troubl\u00e9e bient\u00f4t apr\u00e8s par une des plus rudes \u00e9preuves par lesquelles elle e\u00fbt jamais pass\u00e9 ; et cette \u00e9preuve rigoureuse lui vint du c\u00f4t\u00e9 de l&rsquo;homme du monde qui l&rsquo;honorait davantage, et dont elle l&rsquo;aurait moins attendue, je veux dire du c\u00f4t\u00e9 de Vincent de Paul. Quoique ce S. pr\u00eatre e\u00fbt enlev\u00e9 l&rsquo;estime et les suffrages de toute la maison de Gondi, aussit\u00f4t qu&rsquo;il y e\u00fbt \u00e9t\u00e9 connu, cependant l&rsquo;uniformit\u00e9 de sa conduite, sa vertu qui, bien loin de se d\u00e9mentir, paraissait tous les jours avec un nouvel \u00e9clat, ses talents et son application \u00e0 former au Seigneur un peuple parfait dans tous les lieux o\u00f9 il se trouvait, la b\u00e9n\u00e9diction sensible que Dieu r\u00e9pandait sur les terres les plus ingrates, d\u00e8s qu&rsquo;il avait entrepris de les cultiver ; en un mot, ses vertus et ses succ\u00e8s, firent une si grande impression sur ceux avec lesquels il vivait, que tous le respectaient comme un saint. On le regardait comme l&rsquo;ange tut\u00e9laire de la famille. On avait de lui les m\u00eames sentiments, que Putiphar avait de Joseph ; et on \u00e9tait persuad\u00e9 que Dieu \u00e9tait avec lui, qu&rsquo;il f\u00e9condait ses d\u00e9marches, et que les b\u00e9n\u00e9dictions qu&rsquo;il donnait \u00e0 toute la maison \u00e9tait la r\u00e9compense de sa foi et de sa charit\u00e9. Quelques pr\u00e9cautions qu&rsquo;on prit pour ne pas alarmer la d\u00e9licatesse de son humilit\u00e9 ; il \u00e9tait impossible de ne lui pas t\u00e9moigner souvent l&rsquo;estime infinie qu&rsquo;on faisait de son m\u00e9rite : et quand on e\u00fbt pu demeurer dans le silence, on le traitait avec une distinction si marqu\u00e9e, et des \u00e9gards si continuels, que les \u00e9trangers m\u00eames connaissaient d&rsquo;abord le jugement qu&rsquo;on portait de lui. Ces sentiments, qui eussent flatt\u00e9 un homme moins solidement vertueux, \u00e9taient un supplice pour Vincent de Paul. Il e\u00fbt voulu \u00eatre regard\u00e9 comme le dernier des hommes. Il avait pour maxime, je ne sais si les enfants du si\u00e8cle la lui pardonneront, qu&rsquo;il vaudrait mieux \u00eatre livr\u00e9 aux insultes et \u00e0 la rage de l&rsquo;enfer, que de vivre sans croix et sans humiliation ; et il regardait comme expos\u00e9 \u00e0 un danger prochain de se perdre, un homme \u00e0 qui tout r\u00e9ussit, et qui n&rsquo;a point de contradictions \u00e0 essuyer.<\/p>\n<p>Ce furent ces grands sentiments qui le d\u00e9termin\u00e8rent \u00e0 se retirer d&rsquo;une maison, o\u00f9 il souffrait impatiemment de n&rsquo;avoir rien \u00e0 souffrir. Il eut peur que l&rsquo;\u00e9cueil de la vaine gloire, ne lui fit faire le m\u00eame naufrage qu&rsquo;il a fait faire \u00e0 tant de personnes, qui paraissaient consomm\u00e9es dans la vertu. L&rsquo;exemple d&rsquo;un grand nombre de saints, qui dans des occasions peut-\u00eatre moins p\u00e9rilleuses, se sont crus oblig\u00e9s de prendre le parti de la retraite, se pr\u00e9senta fortement \u00e0 son esprit, et il r\u00e9solut de l&rsquo;imiter.<\/p>\n<p>Il y avait encore une autre raison qui l&rsquo;y d\u00e9terminait. Dieu avait longtemps \u00e9prouv\u00e9 Madame de Gondi par des peines int\u00e9rieures si vives et si fatigantes, qu&rsquo;elle en \u00e9tait souvent r\u00e9duite aux plus tristes extr\u00e9mit\u00e9s. Ses scrupules la dess\u00e9chaient ; le feu qui la purifiait comme l&rsquo;or dans la fournaise, la consumait tout \u00e0 la fois. Ce qu&rsquo;il y avait de plus f\u00e2cheux pour elle, c&rsquo;est qu&rsquo;\u00e9tant oblig\u00e9e de passer une partie de l&rsquo;ann\u00e9e \u00e0 la campagne, elle ne pouvait se r\u00e9soudre \u00e0 s&rsquo;ouvrir \u00e0 un pr\u00eatre de village. Il est des faiblesses, dont l&rsquo;aveu co\u00fbte plus que celui du p\u00e9ch\u00e9 m\u00eame ; il est difficile de les d\u00e9couvrir au premier venu, et d&rsquo;\u00eatre tranquille, quand on ne les d\u00e9couvre pas, parce qu&rsquo;on ne les distingue pas assez du p\u00e9ch\u00e9. Vincent, qui joignait un jugement droit \u00e0 beaucoup d&rsquo;exp\u00e9rience, rassurait la Comtesse. Une de ses paroles lui rendait le calme ; et si elle continuait \u00e0 \u00eatre \u00e9prouv\u00e9e de temps en temps, au moins avait-elle la consolation d&rsquo;avoir chez elle un homme de confiance, qui voyait, avant m\u00eame qu&rsquo;elle e\u00fbt parl\u00e9, ce dont il \u00e9tait question ; et qui par cons\u00e9quent \u00e9tait plus propre que personne \u00e0 la consoler. Le S. pr\u00eatre lui rendait avec joie ces devoirs de charit\u00e9, il les e\u00fbt rendus avec plaisir au dernier domestique ; mais il ne pouvait souffrir que Madame de Gondi le regard\u00e2t comme un homme qui lui \u00e9tait n\u00e9cessaire. L&rsquo;attention qu&rsquo;elle avait pour ce mis\u00e9rable, c&rsquo;est le nom qu&rsquo;il se donnait \u00e0 lui-m\u00eame ; cette attention, qui fait le charme secret de bien des directeurs, l&rsquo;affligeait sensiblement. Cependant elle croissait tous les jours. La G\u00e9n\u00e9rale ne pouvait que difficilement souffrir son absence. Elle ne pouvait s&#8217;emp\u00eacher de t\u00e9moigner de l&rsquo;inqui\u00e9tude, lorsque ses affaires l&rsquo;obligeaient \u00e0 quelque voyage. Comme il \u00e9tait fort sensible aux impressions de l&rsquo;air, elle appr\u00e9hendait qu&rsquo;il n&rsquo;en f\u00fbt incommod\u00e9, et que le froid ou la chaleur ne le fissent tomber dans quelque maladie. Enfin son imagination alarm\u00e9e la portait \u00e0 se demander souvent \u00e0 elle-m\u00eame, ce qu&rsquo;elle deviendrait, si elle avait le malheur de ne l&rsquo;avoir pas aupr\u00e8s d&rsquo;elle, quand Dieu jugerait \u00e0 propos de l&rsquo;appeler \u00e0 lui.<\/p>\n<p>Vincent regarda cet exc\u00e8s de frayeur comme une imperfection ; et parce qu&rsquo;il ne cherchait que la pure gloire de Dieu, il s&rsquo;effor\u00e7a de la retrancher d&rsquo;une \u00e2me qui lui \u00e9tait si ch\u00e8re. Pour y r\u00e9ussir, il fit ce que ne fera jamais un homme de chair et de sang. Il l&rsquo;obligea de s&rsquo;adresser quelquefois \u00e0 un autre confesseur, et surtout \u00e0 un P. Recollet, dont il connaissait les lumi\u00e8res et l&rsquo;exp\u00e9rience. Il la fit tomber d&rsquo;accord qu&rsquo;elle en avait \u00e9t\u00e9 contente ; et il se servit de cet essai pour la convaincre, que Dieu la conduirait aussi bien par un autre que par lui, si elle savait mettre toute sa confiance en son infinie bont\u00e9.<\/p>\n<p>Mais ni ces exp\u00e9riences passag\u00e8res, ni les raisons que Vincent y ajouta, ne purent faire revenir cette vertueuse dame de ses premi\u00e8res impressions. Elle demeura persuad\u00e9e de l&rsquo;extr\u00eame besoin qu&rsquo;elle croyait avoir du secours et de la charit\u00e9 du saint pr\u00eatre ; et Vincent, qui ne pouvait souffrir que qui que ce soit au monde, e\u00fbt le moindre attachement \u00e0 sa conduite particuli\u00e8re, et qui craignait que cet exc\u00e8s de confiance ne f\u00fbt un obstacle \u00e0 une vraie et solide perfection, se confirma de plus en plus dans le dessein de se retirer.<\/p>\n<p>A ces raisons principales, et qui seules \u00e9taient plus que suffisantes, pour faire agir un homme aussi avide de croix, que les autres le sont de consolation, se joignaient encore des motifs capables de l&rsquo;\u00e9branler. Messieurs de Gondi commen\u00e7aient \u00e0 cro\u00eetre, et l&rsquo;humilit\u00e9 de Vincent le portait \u00e0 croire qu&rsquo;il n&rsquo;avait pas les talents n\u00e9cessaires, pour leur donner une \u00e9ducation proportionn\u00e9e \u00e0 la grandeur de leur naissance et des glorieux emplois qui semblaient d\u00e9j\u00e0 s&rsquo;approcher d&rsquo;eux. D&rsquo;ailleurs la capitale du Royaume, o\u00f9 le S. pr\u00eatre passait avec ses \u00e9l\u00e8ves un temps consid\u00e9rable, \u00e9tait en proie \u00e0 la discorde et aux dissensions. La cour, le Parlement, les grands du Royaume pour aller, comme ils le pr\u00e9tendaient tous, au bien commun, prenaient des mesures si oppos\u00e9es qu&rsquo;on ne voyait de toutes parts que du trouble et de la confusion. Concini, si fameux sous le nom du Mar\u00e9chal d&rsquo;Ancre, venait d&rsquo;\u00eatre tu\u00e9 sur le pont-levis du Louvre. L\u00e9onora Galiga\u00ef sa veuve, apr\u00e8s avoir vu si longtemps les plus superbes t\u00eates de l&rsquo;Etat fl\u00e9chir le genou devant elle, s&rsquo;\u00e9tait vue conduire dans un tombereau \u00e0 la Gr\u00e8ve. La Reine M\u00e8re avait \u00e9t\u00e9 pri\u00e9e par son fils de se retirer \u00e0 Blois ; et elle partait apr\u00e8s un adieu aussi dur que l&rsquo;exil dont il \u00e9tait suivi. Dans ces grands mouvements chacun prend parti pour ou contre. L&rsquo;on bl\u00e2me et l&rsquo;on justifie au gr\u00e9 de l&rsquo;inclination, et quelquefois de l&rsquo;int\u00e9r\u00eat. En g\u00e9n\u00e9ral, il y a peu \u00e0 gagner, et beaucoup \u00e0 perdre dans ces sortes de discussions ; et si, comme il y a bien de l&rsquo;apparence, Vincent pensait alors, comme il pensa dans le temps des troubles excit\u00e9s \u00e0 l&rsquo;occasion du cardinal Mazarin, il est s\u00fbr qu&rsquo;il dut quitter avec plaisir une ville, o\u00f9 le murmure, la d\u00e9traction, les soup\u00e7ons injurieux prenaient chaque jour un nouvel Empire.<\/p>\n<p>Quoi qu&rsquo;il en soit de cette conjecture, le S. pr\u00eatre prit sa derni\u00e8re r\u00e9solution ; quoiqu&rsquo;il pr\u00e9v\u00eet bien que le public serait surpris de son proc\u00e9d\u00e9, qu&rsquo;on le regarderait comme un homme sans reconnaissance, que peu de gens comprendraient comment il pouvait quitter une maison qui l&rsquo;avait combl\u00e9 d&rsquo;honneur ; il t\u00e2cha de prendre de sages mesures, pour ex\u00e9cuter ce qu&rsquo;il crut que Dieu demandait de lui. Mo\u00efse quitta la Cour de Pharaon, parce qu&rsquo;elle \u00e9tait trop corrompue, et que les plaisirs s&rsquo;avan\u00e7aient d\u00e9j\u00e0 pour endormir la vertu ; Vincent sortit d&rsquo;une maison tr\u00e8s sage et tr\u00e8s r\u00e9gl\u00e9e, parce qu&rsquo;il regarda l&rsquo;estime, les applaudissements et une confiance excessive, comme un poison presque aussi funeste \u00e0 la pi\u00e9t\u00e9, que la corruption m\u00eame.<\/p>\n<p>Comme il n&rsquo;\u00e9tait entr\u00e9 chez M. de Gondi qu&rsquo;\u00e0 la persuasion du P. de B\u00e9rulle, il ne voulut pas en sortir sans l&rsquo;en informer. Mais il n&rsquo;entra pas dans le d\u00e9tail des motifs qui le faisaient agir. Il se contenta de lui dire, qu&rsquo;il se sentait int\u00e9rieurement press\u00e9 par l&rsquo;Esprit de Dieu d&rsquo;aller dans quelque province \u00e9loign\u00e9e, s&#8217;employer tout entier \u00e0 l&rsquo;instruction et au service des pauvres gens de la campagne. Le P. de B\u00e9rulle, qui savait combien le saint allait droit \u00e0 Dieu, jugea bien qu&rsquo;un homme si ferme et si sage ne quittait son poste, que pour des raisons l\u00e9gitimes. Ainsi il ne s&rsquo;opposa point \u00e0 ce changement, qui d&rsquo;ailleurs aurait d\u00fb l&rsquo;affliger. Comme il vit que le z\u00e8le du S. pr\u00eatre n&rsquo;avait point encore d&rsquo;objet d\u00e9termin\u00e9, il lui proposa d&rsquo;aller travailler en Bresse ; il lui d\u00e9signa en particulier la paroisse de Ch\u00e2tillon-les-Dombes. Il l&rsquo;assura qu&rsquo;il y trouverait de quoi s&rsquo;occuper, et certainement il ne le trompa pas.<\/p>\n<p>Ch\u00e2tillon \u00e9tait comme abandonn\u00e9 : les revenus de la cure, (z) eu \u00e9gard \u00e0 son \u00e9tendue et \u00e0 ses charges, \u00e9taient tr\u00e8s modiques. Il y avait environ 40 ans qu&rsquo;elle n&rsquo;\u00e9tait poss\u00e9d\u00e9e que par des B\u00e9n\u00e9ficiers de Lyon, qui n&rsquo;y venaient que pour en retirer les revenus, et pour ne pas donner lieu \u00e0 un d\u00e9volu. Ainsi depuis pr\u00e8s d&rsquo;un demi-si\u00e8cle cette ville infortun\u00e9e n&rsquo;avait, \u00e0 proprement parler, ni cur\u00e9, ni pasteur.<\/p>\n<p>Messieurs les Comtes de Lyon, pour rem\u00e9dier \u00e0 ce d\u00e9sordre, s&rsquo;\u00e9taient adress\u00e9s au P. Bence Sup\u00e9rieur de l&rsquo;Oratoire de la m\u00eame ville, et l&rsquo;avaient pri\u00e9 de chercher un sujet propre \u00e0 r\u00e9tablir les choses. Le P. Bence en avait \u00e9crit \u00e0 M. de B\u00e9rulle, et ce sage Sup\u00e9rieur n&rsquo;avait encore trouv\u00e9 personne capable d&rsquo;un emploi si rebutant et si difficile, quand Vincent lui fit part du dessein qu&rsquo;il avait form\u00e9 de quitter la maison de Gondi. C&rsquo;est ce qui le porta \u00e0 lui faire la proposition d&rsquo;aller travailler en Bresse.<\/p>\n<p>Vincent l&rsquo;accepta sans h\u00e9siter. Il croyait avoir beaucoup \u00e0 souffrir, c&rsquo;en \u00e9tait assez pour le d\u00e9terminer. Il sortit de Paris au mois de juillet, sous pr\u00e9texte d&rsquo;un petit voyage qu&rsquo;il avait \u00e0 faire. Il prit la route de Lyon, o\u00f9 le P. Merezeau pr\u00eatre de l&rsquo;Oratoire, lui donna des lettres de recommandation pour le sieur Beynier, qui, quoique Calviniste, le traita avec distinction, le logea pendant quelque temps, parce que la maison curiale \u00e9tait presque ruin\u00e9e, et re\u00e7ut au centuple le fruit de sa charit\u00e9, comme nous le dirons un peu plus bas.<\/p>\n<p>On ne savait encore rien dans la maison de Gondi, du nouvel \u00e9tablissement de Vincent de Paul, parce qu&rsquo;il n&rsquo;avait communiqu\u00e9 son projet \u00e0 Paris qu&rsquo;\u00e0 une ou deux personnes de confiance. Quelques jours apr\u00e8s son arriv\u00e9e \u00e0 Ch\u00e2tillon, il en donna avis \u00e0 M. le G\u00e9n\u00e9ral des Gal\u00e8res, qui \u00e9tait pour lors en Provence. Il le supplia d&rsquo;agr\u00e9er sa retraite, il t\u00e2cha de lui persuader qu&rsquo;il n&rsquo;avait pas les talents n\u00e9cessaires pour \u00e9lever ses enfants, et il avoua qu&rsquo;il \u00e9tait sorti de sa maison, sans avertir Madame de Gondi du dessein o\u00f9 il \u00e9tait de n&rsquo;y plus retourner. Le G\u00e9n\u00e9ral des Gal\u00e8res \u00e9tait, comme nous l&rsquo;avons d\u00e9j\u00e0 dit, un grand homme de bien, il aimait la vertu, il la pratiquait, il se proposait de faire encore plus qu&rsquo;il n&rsquo;avait fait jusques-l\u00e0, et il \u00e9tait persuad\u00e9 que Vincent ne pouvait que contribuer beaucoup \u00e0 l&rsquo;ex\u00e9cution de ses bons desseins. Ainsi il fut tr\u00e8s afflig\u00e9 de la nouvelle de son d\u00e9part, ou plut\u00f4t il en fut inconsolable. Il ne cessa de presser son \u00e9pouse d&#8217;employer tout le cr\u00e9dit du P. de B\u00e9rulle sur l&rsquo;esprit de son p\u00e9nitent, pour lui faire reprendre son premier emploi.<\/p>\n<p>La premi\u00e8re lettre qu&rsquo;il \u00e9crivit \u00e0 Madame de Gondi, est bien capable de faire conna\u00eetre ses sentiments : Je suis, ce sont ses propres termes, je suis au d\u00e9sespoir d&rsquo;une lettre que m&rsquo;a \u00e9crite M. Vincent, et que je vous envoie, pour voir s&rsquo;il n&rsquo;y aurait point encore quelque rem\u00e8de au malheur que ce nous serait de le perdre. Je suis extr\u00eamement \u00e9tonn\u00e9 de ce qu&rsquo;il ne vous a rien dit de sa r\u00e9solution, et que vous n&rsquo;en ayiez point eu d&rsquo;avis. Je vous prie d&#8217;employer toute sorte de moyens, pour faire que nous ne le perdions pas.<\/p>\n<p>Car quand le sujet qu&rsquo;il prend, serait v\u00e9ritable, il ne me serait de nulle consid\u00e9ration ; n&rsquo;en ayant point de plus forte que celle de mon salut et de mes enfants, \u00e0 quoi je sais qu&rsquo;il pourra un jour beaucoup aider, et aux r\u00e9solutions que je souhaite plus que jamais pouvoir prendre, et dont je vous ai bien souvent parl\u00e9. Je ne lui ai point encore fait de r\u00e9ponse, et j&rsquo;attendrai de vos nouvelles auparavant. Jugez si l&rsquo;entremise de ma S\u0153ur de Ragny, qui n&rsquo;est pas loin de lui, sera \u00e0 propos ; mais je crois qu&rsquo;il n&rsquo;y aura rien de plus puissant que M. de B\u00e9rulle. Dites-lui que quand m\u00eame M. Vincent n&rsquo;aurait pas la m\u00e9thode d&rsquo;enseigner la jeunesse, il peut avoir un homme sous lui : mais qu&rsquo;en toutes fa\u00e7ons je d\u00e9sire passionn\u00e9ment qu&rsquo;il revienne en ma maison, o\u00f9 il vivra comme il voudra, et moi un jour en homme de bien, pourvu qu&rsquo;il ne m&rsquo;abandonne pas.<\/p>\n<p>Cette lettre est du mois de Septembre 1617 et ce fut le jour de l&rsquo;Exaltation de la sainte Croix, que la Comtesse de Joigny la re\u00e7ut. Elle en fut aussi frapp\u00e9e, que l&rsquo;est un pauvre laboureur, qui voit le feu du ciel r\u00e9duire en cendres sa grange, ses moissons, sa ressource, ses esp\u00e9rances. Comme la pi\u00e9t\u00e9, qui n&rsquo;\u00e9touffe pas les sentiments de la nature, arr\u00eate encore moins ceux dont la gr\u00e2ce est le principe, Madame de Gondi regretta Vincent autant qu&rsquo;il m\u00e9ritait de l&rsquo;\u00eatre. Rien ne pouvait calmer sa douleur, ses yeux versaient un torrent de larmes. Elle parut m\u00eame aller un peu trop loin ; et pendant un temps, il n&rsquo;y eut presque pour elle ni nourriture ni sommeil. Apr\u00e8s tout, la vertu entra toujours pour beaucoup dans l&rsquo;amertume de son c\u0153ur ; et elle s&rsquo;expliqua un jour \u00e0 une personne de confiance, d&rsquo;une mani\u00e8re qui marque \u00e0 la fois l&rsquo;estime qu&rsquo;elle faisait de son saint directeur, le d\u00e9plaisir mortel que son absence lui causait, et sa soumission aux ordres de la providence : Je ne l&rsquo;aurais jamais pens\u00e9, disait-elle. M. Vincent m&rsquo;avait donn\u00e9 tant de preuves de son z\u00e8le pour mon salut, que je ne pouvais naturellement soup\u00e7onner de sa part un si funeste abandon. Mais Dieu soit lou\u00e9, je ne l&rsquo;accuse de rien. Un homme si sage n&rsquo;a vraisemblablement rien fait, que par une impression particuli\u00e8re de la providence, et de l&rsquo;amour de Dieu. Cependant plus je r\u00e9fl\u00e9chis sur son \u00e9loignement, plus il me para\u00eet extraordinaire. Il sait le besoin que j&rsquo;ai de sa conduite ; les affaires que j&rsquo;ai \u00e0 lui communiquer ; les peines d&rsquo;esprit et de corps que j&rsquo;ai souffertes, faute de secours le bien que je veux faire dans mes villages, et que je ne puis entreprendre sans sa participation et ses conseils. Vous voyez, continuait la pieuse comtesse, avec quel ressentiment M. le G\u00e9n\u00e9ral m&rsquo;en \u00e9crit. Je vois moi-m\u00eame mieux que personne, que mes enfants d\u00e9p\u00e9rissent tous les jours, et que le bien qu&rsquo;il faisait en ma maison et \u00e0 sept ou huit mille \u00e2mes qui sont en mes Terres, ne se fera plus. Quoi ! Ces \u00e2mes ne sont-elles pas aussi bien rachet\u00e9es du sang pr\u00e9cieux de notre Seigneur, que celles de Bresse ? Ne lui sont-elles pas aussi ch\u00e8res ? Je ne sais comment M. Vincent l&rsquo;entend ; mais je sais bien qu&rsquo;il me semble que je ne dois rien n\u00e9gliger, pour le faire rentrer en ma maison. Il ne cherche que la plus grande gloire de Dieu, et je ne le d\u00e9sire pas contre sa sainte volont\u00e9 ; mais je le supplie de tout mon c\u0153ur de me le rendre ; j&rsquo;en prie sa Sainte M\u00e8re, et je les prierais encore plus fortement, si mon int\u00e9r\u00eat particulier n&rsquo;\u00e9tait pas m\u00eal\u00e9 avec celui de M. le G\u00e9n\u00e9ral, de mes enfants, de ma famille et de mes sujets.<\/p>\n<p>On sent ais\u00e9ment qu&rsquo;une femme si pleine de religion, et si justement pr\u00e9venue en faveur d&rsquo;un homme, qui avait multipli\u00e9 la ros\u00e9e du Ciel sur toute sa maison, ne dut pas se borner \u00e0 des regrets st\u00e9riles. Cependant sa propre vertu et la d\u00e9licatesse de sa conscience l&rsquo;arr\u00eat\u00e8rent quelque temps. Persuad\u00e9e, comme elle \u00e9tait, qu&rsquo;un pr\u00eatre aussi attentif que l&rsquo;\u00e9tait Vincent de Paul, \u00e0 consulter les voix du Seigneur, n&rsquo;avait rien fait que par l&rsquo;impression de son Esprit, elle appr\u00e9hendait d&rsquo;aller contre la volont\u00e9 de Dieu, en travaillant \u00e0 le faire rentrer chez elle. Madame de Gondi se conduisit dans toute cette affaire, en femme v\u00e9ritablement chr\u00e9tienne. Elle ne n\u00e9gligea pas les moyens de la prudence humaine ; mais ceux que fournit la religion, et qui, quoi qu&rsquo;en pensent les gens du monde, sont les plus efficaces, eurent la pr\u00e9f\u00e9rence, et ce fut par eux qu&rsquo;elle commen\u00e7a. Elle pria beaucoup Dieu ; elle le fit prier par toutes les personnes de pi\u00e9t\u00e9 qu&rsquo;elle connaissait ; elle s&rsquo;effor\u00e7a de mettre dans ses int\u00e9r\u00eats un grand nombre des principales Communaut\u00e9s religieuses de Paris : et elle crut que tant d&rsquo;\u00e2mes innocentes lui obtiendraient du Ciel la gr\u00e2ce de conna\u00eetre par quelle voie elle devait marcher. Elle alla plusieurs fois trouver le R.P. de B\u00e9rulle ; elle lui ouvrit son c\u0153ur ; elle lui fit conna\u00eetre sa peine, et l&rsquo;exc\u00e8s de son affliction. Ses larmes soutenues des plus solides raisons, ces raisons m\u00eame toujours subordonn\u00e9es \u00e0 une r\u00e9signation parfaite aux ordres de la providence, touch\u00e8rent ce grand serviteur de Dieu. Il jugea comme elle, que dans la situation o\u00f9 elle se trouvait, la pr\u00e9sence et les conseils de Vincent de Paul, lui \u00e9taient en quelque sorte n\u00e9cessaires. Il commen\u00e7a par l&rsquo;assurer, qu&rsquo;elle pouvait en conscience, faire tout son possible pour l&rsquo;obliger de revenir en sa maison ; il lui fit concevoir qu&rsquo;on peut, sans cesser d&rsquo;\u00eatre un saint, n&rsquo;entrer pas dans toutes les id\u00e9es de ceux qui le font ; enfin il lui fit esp\u00e9rer qu&rsquo;il s&#8217;emploierait lui-m\u00eame pour persuader \u00e0 Vincent de ne la pas abandonner.<\/p>\n<p>Ces discours de l&rsquo;homme de Dieu soulag\u00e8rent beaucoup la vertueuse g\u00e9n\u00e9rale ; et lui firent dire que M. de B\u00e9rulle \u00e9tait l&rsquo;homme du monde le plus consolant ; mais ils ne purent calmer enti\u00e8rement ses inqui\u00e9tudes. Elle savait par exp\u00e9rience, que Vincent d\u00e9lib\u00e9rait beaucoup avant que de rien entreprendre ; mais elle savait aussi qu&rsquo;il \u00e9tait encore plus ferme dans l&rsquo;ex\u00e9cution, qu&rsquo;il n&rsquo;\u00e9tait lent dans l&rsquo;examen qui la pr\u00e9c\u00e9dait. Ces tristes r\u00e9flexions, qui accablaient la Comtesse de Joigni, ne l&#8217;emp\u00each\u00e8rent pas de mettre tout en usage pour fl\u00e9chir son directeur, et le d\u00e9terminer \u00e0 un parti plus avantageux pour elle et pour sa famille. Elle lui \u00e9crivit plusieurs lettres, qui sont autant de preuves du grand sens et de la pi\u00e9t\u00e9, dont elle \u00e9tait remplie. Elle joignit \u00e0 la premi\u00e8re de ces lettres, celle qu&rsquo;elle avait re\u00e7ue de M. le G\u00e9n\u00e9ral ; elle pria le saint de peser devant Dieu et le d\u00e9sir qu&rsquo;elle avait de son retour, et les motifs qui l&rsquo;engageaient \u00e0 le souhaiter avec tant d&rsquo;ardeur. Toutes ces lettres, qui ne partaient qu&rsquo;apr\u00e8s avoir \u00e9t\u00e9 communiqu\u00e9es au P. de B\u00e9rulle, portaient en substance, qu&rsquo;elle avait toujours appr\u00e9hend\u00e9 de se voir priv\u00e9e des secours spirituels, qu&rsquo;elle trouvait dans les lumi\u00e8res et la charit\u00e9 de Vincent de Paul ; que l&rsquo;\u00e9v\u00e9nement ne justifiait que trop ses alarmes, puisqu&rsquo;enfin elle l&rsquo;avait perdu ; que si ce n&rsquo;\u00e9tait que pour un temps, son mal serait supportable ; mais que quand elle pense \u00e0 tant d&rsquo;occasions, o\u00f9 soit pendant la vie, soit \u00e0 la mort, elle aura besoin de ses conseils, ou de son minist\u00e8re, ses douleurs se renouvellent, et qu&rsquo;il est impossible qu&rsquo;elle ne succombe bient\u00f4t sous le poids de son affliction Je sais, ajoute-t-elle, et ces paroles font bien conna\u00eetre l&rsquo;\u00e9tendue de son amour pour Dieu ; Je sais qu&rsquo;une vie, qui comme la mienne, ne sert qu&rsquo;\u00e0 offenser Dieu, ne m\u00e9rite pas d&rsquo;\u00eatre m\u00e9nag\u00e9e, et qu&rsquo;on peut sans danger me voir courir le risque de la perdre ; mais mon \u00e2me doit au moins \u00eatre assist\u00e9e \u00e0 la mort.<\/p>\n<p>Pour pr\u00e9venir ce que Vincent lui avait dit plusieurs fois, qu&rsquo;elle trouverait en tout autre les secours, dont elle avait besoin pour son salut, elle le rappelle \u00e0 sa propre exp\u00e9rience ; elle lui fait entendre, qu&rsquo;il conna\u00eet mieux que personne l&#8217;embarras, o\u00f9 elle se trouve, quand il est question de s&rsquo;ouvrir \u00e0 un inconnu ; qu&rsquo;elle a sur ce point des r\u00e9pugnances et des difficult\u00e9s, dont elle n&rsquo;est pas ma\u00eetresse ; qu&rsquo;il a lui-m\u00eame \u00e9t\u00e9 t\u00e9moin du trouble et des agitations de sa derni\u00e8re maladie ; et qu&rsquo;il soit parfaitement qu&rsquo;elle n&rsquo;avait \u00e9t\u00e9 si alarm\u00e9e, que parce qu&rsquo;\u00e9tant dans un Village, elle avait justement appr\u00e9hend\u00e9 de n&rsquo;y trouver personne propre \u00e0 la conduire. Apr\u00e8s toutes ces raisons, qui \u00e9taient bien plus fortes dans un temps, o\u00f9 le nombre des directeurs \u00e9clair\u00e9s \u00e9tait rare, surtout dans les campagnes, la Comtesse de Joigni finit en assurant Vincent de Paul, que s&rsquo;il ne c\u00e8de \u00e0 ses pri\u00e8res, elle le chargera devant Dieu et du mal qu&rsquo;elle pourra faire, et du bien qu&rsquo;elle ne fera pas, faute d&rsquo;\u00eatre aid\u00e9e de ses conseils. En un mot, elle le rend responsable de son salut, de celui de M. de Gondi et de celui de plusieurs autres, auquel il pourrait un jour beaucoup contribuer.<\/p>\n<p>Des motifs si pressants, des raisons si touchantes semblaient devoir d\u00e9terminer Vincent de Paul, et vaincre ses r\u00e9pugnances : mais il n&rsquo;\u00e9tait ni de ces roseaux qui plient \u00e0 tout vent, ni de ces hommes, \u00e0 qui tout ce qui porte l&rsquo;apparence du bien, en impose. La premi\u00e8re chose qu&rsquo;il fit, apr\u00e8s avoir lu la lettre de Madame de Gondi, ce fut d&rsquo;\u00e9lever son esprit \u00e0 Dieu, de lui faire un Sacrifice de tous les sentiments, o\u00f9 le respect humain et la nature pourraient avoir part, de lui demander l&rsquo;esprit de lumi\u00e8re et de force, dont il avait besoin pour conna\u00eetre, et pour pratiquer ce qui serait le plus conforme \u00e0 sa sainte volont\u00e9. Il s&rsquo;effor\u00e7a de peser de nouveau le pour et le contre dans la balance du Sanctuaire ; et comme apr\u00e8s un examen aussi s\u00e9rieux, que s&rsquo;il ne l&rsquo;e\u00fbt pas fait avant son d\u00e9part, il ne reconnut pas que Dieu demand\u00e2t de lui qu&rsquo;il reprit l&#8217;emploi qu&rsquo;il avait quitt\u00e9, il fit \u00e0 la G\u00e9n\u00e9rale des Gal\u00e8res, une r\u00e9ponse pleine de pi\u00e9t\u00e9 et de religion. Il lui remit devant les yeux tout ce qu&rsquo;il jugea de plus propre \u00e0 soulager sa peine ; et il n&rsquo;omit rien de ce qui la pouvait porter \u00e0 se soumettre aux ordres de Dieu, et \u00e0 entrer dans toutes les vues de sa sagesse infinie. C&rsquo;est ainsi que par une conduite particuli\u00e8re de la providence, ces deux grandes \u00e2mes, que la gr\u00e2ce et la charit\u00e9 de J.C. avait si parfaitement unies, s&rsquo;exer\u00e7aient mutuellement. C&rsquo;\u00e9tait Dieu qui avait donn\u00e9 Vincent \u00e0 la Comtesse de Joigni, pour diriger ses pas dans les sentiers de la justice. Le progr\u00e8s qu&rsquo;elle avait fait depuis qu&rsquo;elle \u00e9tait sous sa conduite, son amour pour Dieu, qui croissait sensiblement, son z\u00e8le pour le salut de ceux dont elle \u00e9tait charg\u00e9e ; en un mot, toutes ses vertus, qui chaque jour r\u00e9pandaient un nouvel \u00e9clat, \u00e9taient des preuves bien marqu\u00e9es de la b\u00e9n\u00e9diction que Dieu donnait au minist\u00e8re de son sage directeur. C&rsquo;\u00e9tait aussi Dieu qui avait donn\u00e9 la maison de Gondi \u00e0 Vincent de Paul : chaque jour il y trouvait de nouvelles occasions de signaler son z\u00e8le, de multiplier les enfants d&rsquo;adoption, d&rsquo;orner et d&#8217;embellir cette Eglise que le Fils de Dieu s&rsquo;est acquise par son sang : qui e\u00fbt pu croire que ce m\u00eame Dieu d\u00fbt s\u00e9parer deux personnes, qui n&rsquo;avaient d&rsquo;union que celle qu&rsquo;il avait lui-m\u00eame form\u00e9e ? Il le fit cependant, comme nous l&rsquo;avons vu : mais il ne le fit, comme nous le verrons dans la suite, que pour les sanctifier de plus en plus, et les mettre en \u00e9tat d&rsquo;\u00eatre de plus dignes instruments de sa mis\u00e9ricorde, et de travailler avec plus de succ\u00e8s au salut de ce grande nombre d&rsquo;\u00e2mes abandonn\u00e9es, qui par leur entremise et leurs soins, sont enfin devenues un peuple fid\u00e8le et parfait.<\/p>\n<p>La r\u00e9ponse que fit Vincent \u00e0 la G\u00e9n\u00e9rale des Gal\u00e8res, l&rsquo;affligea ; mais elle ne la rebuta pas. Ainsi elle continua \u00e0 faire jouer tous les ressorts qu&rsquo;elle put imaginer pour fl\u00e9chir son esprit, et le porter \u00e0 d&rsquo;autres sentiments. Comme le m\u00e9rite de notre saint \u00e9tait universellement reconnu, et de la maison de Gondi, et de ceux qui la fr\u00e9quentaient, chacun se fit un plaisir de se pr\u00eater aux d\u00e9sirs de la Comtesse. Il partait chaque jour de Paris et des environs, une nu\u00e9e de lettres pour Ch\u00e2tillon ; il s&rsquo;en trouve encore aujourd&rsquo;hui d&rsquo;un grand nombre de Docteurs, de Religieux, de personnes respectables par leur naissance et leur pi\u00e9t\u00e9, des enfants de M. de Gondi, du Cardinal de Rets \u00e9v\u00eaque de Paris, son fr\u00e8re ; sans parler de celles des principaux Officiers de la maison, qui avaient trop connu Vincent pour ne le pas regretter. Le P. de B\u00e9rulle \u00e9crivit aussi, comme il l&rsquo;avait promis \u00e0 la G\u00e9n\u00e9rale ; mais il le fit d&rsquo;une mani\u00e8re conforme \u00e0 la haute sagesse, et \u00e0 l&rsquo;\u00e9minente pi\u00e9t\u00e9 dont il faisait profession. Il se contenta d&rsquo;exposer \u00e0 son ami, et la passion extr\u00eame que M. de Gondi avait pour son retour, et le coup terrible que son absence portait \u00e0 la comtesse. Au reste, il ne pencha point la balance ; et persuad\u00e9 que Vincent \u00e9tait plus capable que personne, de d\u00e9m\u00ealer, et de suivre les desseins de Dieu sur lui, il crut ne pouvoir mieux faire que de l&rsquo;\u00e9tablir Juge en sa propre cause, et de laisser \u00e0 sa prudence et \u00e0 sa p\u00e9n\u00e9tration, le soin d&rsquo;examiner si la volont\u00e9 de Dieu lui \u00e9tait assez connue. Ces nouvelles tentatives ne furent pas plus heureuses, que celles que l&rsquo;on avait faites jusqu&rsquo;alors. La G\u00e9n\u00e9rale ne savait presque plus quel parti elle devait prendre, lorsqu&rsquo;elle s&rsquo;avisa d&rsquo;une n\u00e9gociation qui lui r\u00e9ussit ; nous en parlerons plus bas : il est temps de d\u00e9tailler une partie des biens que fit Vincent \u00e0 Ch\u00e2tillon. Ce r\u00e9cit, quoique abr\u00e9g\u00e9, justifiera tout \u00e0 la fois et la conduite de Dieu, et celle de son serviteur ; et il d\u00e9montrera de la mani\u00e8re la plus \u00e9vidente, que ce fut une providence sp\u00e9ciale qui conduisit Vincent en Bresse, et que sa pr\u00e9sence y \u00e9tait plus n\u00e9cessaire que partout ailleurs.<\/p>\n","protected":false},"excerpt":{"rendered":"<p>Livre premier 10. Vincent sort de la Maison de Gondi ; il est pourvu de la Cure de\u00a0Ch\u00e2tillon ; affliction de la Maison de Gondi ; lettre du G\u00e9n\u00e9ral des Gal\u00e8res ; sentimens de son &#8230; <a href=\"https:\/\/vincentians.com\/fr\/la-vie-de-saint-vincent-de-paul-instituteur-de-la-congregation-de-la-mission-et-des-filles-de-la-charite-010\/\" class=\"more-link\">Read More<\/a><\/p>\n","protected":false},"author":4,"featured_media":107739,"comment_status":"open","ping_status":"open","sticky":false,"template":"","format":"standard","meta":{"jetpack_post_was_ever_published":false,"_jetpack_newsletter_access":"","_jetpack_dont_email_post_to_subs":false,"_jetpack_newsletter_tier_id":0,"_jetpack_memberships_contains_paywalled_content":false,"_jetpack_memberships_contains_paid_content":false,"footnotes":"","jetpack_publicize_message":"","jetpack_publicize_feature_enabled":true,"jetpack_social_post_already_shared":true,"jetpack_social_options":{"image_generator_settings":{"template":"highway","default_image_id":0,"font":"","enabled":false},"version":2}},"categories":[5],"tags":[],"class_list":["post-108107","post","type-post","status-publish","format-standard","has-post-thumbnail","hentry","category-vincent-de-paul"],"yoast_head":"<!-- This site is optimized with the Yoast SEO plugin v26.3 - https:\/\/yoast.com\/wordpress\/plugins\/seo\/ -->\n<title>La vie de Saint Vincent de Paul, instituteur de la Congr\u00e9gation de la Mission et des Filles de la Charit\u00e9 (010) - Nous Sommes Vincentiens<\/title>\n<meta name=\"robots\" content=\"index, follow, max-snippet:-1, max-image-preview:large, max-video-preview:-1\" \/>\n<link rel=\"canonical\" href=\"https:\/\/vincentians.com\/fr\/la-vie-de-saint-vincent-de-paul-instituteur-de-la-congregation-de-la-mission-et-des-filles-de-la-charite-010\/\" \/>\n<meta property=\"og:locale\" content=\"fr_FR\" \/>\n<meta property=\"og:type\" content=\"article\" \/>\n<meta property=\"og:title\" content=\"La vie de Saint Vincent de Paul, instituteur de la Congr\u00e9gation de la Mission et des Filles de la Charit\u00e9 (010) - Nous Sommes Vincentiens\" \/>\n<meta property=\"og:description\" content=\"Livre premier 10. Vincent sort de la Maison de Gondi ; il est pourvu de la Cure de\u00a0Ch\u00e2tillon ; affliction de la Maison de Gondi ; lettre du G\u00e9n\u00e9ral des Gal\u00e8res ; sentimens de son ... Read More\" \/>\n<meta property=\"og:url\" content=\"https:\/\/vincentians.com\/fr\/la-vie-de-saint-vincent-de-paul-instituteur-de-la-congregation-de-la-mission-et-des-filles-de-la-charite-010\/\" \/>\n<meta property=\"og:site_name\" content=\"Nous Sommes Vincentiens\" \/>\n<meta property=\"article:publisher\" content=\"https:\/\/www.facebook.com\/WeAreVincentians\/\" \/>\n<meta property=\"article:author\" content=\"https:\/\/www.facebook.com\/JavierChento\" \/>\n<meta property=\"article:published_time\" content=\"2014-02-06T05:53:56+00:00\" \/>\n<meta name=\"author\" content=\"Francisco Javier Fern\u00e1ndez Chento\" \/>\n<meta name=\"twitter:card\" content=\"summary_large_image\" \/>\n<meta name=\"twitter:creator\" content=\"@https:\/\/twitter.com\/javierchento\" \/>\n<meta name=\"twitter:site\" content=\"@WeVincentians\" \/>\n<meta name=\"twitter:label1\" content=\"\u00c9crit par\" \/>\n\t<meta name=\"twitter:data1\" content=\"Francisco Javier Fern\u00e1ndez Chento\" \/>\n\t<meta name=\"twitter:label2\" content=\"Dur\u00e9e de lecture estim\u00e9e\" \/>\n\t<meta name=\"twitter:data2\" content=\"24 minutes\" \/>\n<script type=\"application\/ld+json\" class=\"yoast-schema-graph\">{\"@context\":\"https:\/\/schema.org\",\"@graph\":[{\"@type\":\"WebPage\",\"@id\":\"https:\/\/vincentians.com\/fr\/la-vie-de-saint-vincent-de-paul-instituteur-de-la-congregation-de-la-mission-et-des-filles-de-la-charite-010\/\",\"url\":\"https:\/\/vincentians.com\/fr\/la-vie-de-saint-vincent-de-paul-instituteur-de-la-congregation-de-la-mission-et-des-filles-de-la-charite-010\/\",\"name\":\"La vie de Saint Vincent de Paul, instituteur de la Congr\u00e9gation de la Mission et des Filles de la Charit\u00e9 (010) - Nous Sommes Vincentiens\",\"isPartOf\":{\"@id\":\"http:\/\/vincentians.com\/fr\/#website\"},\"primaryImageOfPage\":{\"@id\":\"https:\/\/vincentians.com\/fr\/la-vie-de-saint-vincent-de-paul-instituteur-de-la-congregation-de-la-mission-et-des-filles-de-la-charite-010\/#primaryimage\"},\"image\":{\"@id\":\"https:\/\/vincentians.com\/fr\/la-vie-de-saint-vincent-de-paul-instituteur-de-la-congregation-de-la-mission-et-des-filles-de-la-charite-010\/#primaryimage\"},\"thumbnailUrl\":\"\",\"datePublished\":\"2014-02-06T05:53:56+00:00\",\"author\":{\"@id\":\"http:\/\/vincentians.com\/fr\/#\/schema\/person\/9623ef4d9aa3b2dfb8c061f1499288f2\"},\"breadcrumb\":{\"@id\":\"https:\/\/vincentians.com\/fr\/la-vie-de-saint-vincent-de-paul-instituteur-de-la-congregation-de-la-mission-et-des-filles-de-la-charite-010\/#breadcrumb\"},\"inLanguage\":\"fr-FR\",\"potentialAction\":[{\"@type\":\"ReadAction\",\"target\":[\"https:\/\/vincentians.com\/fr\/la-vie-de-saint-vincent-de-paul-instituteur-de-la-congregation-de-la-mission-et-des-filles-de-la-charite-010\/\"]}]},{\"@type\":\"ImageObject\",\"inLanguage\":\"fr-FR\",\"@id\":\"https:\/\/vincentians.com\/fr\/la-vie-de-saint-vincent-de-paul-instituteur-de-la-congregation-de-la-mission-et-des-filles-de-la-charite-010\/#primaryimage\",\"url\":\"\",\"contentUrl\":\"\"},{\"@type\":\"BreadcrumbList\",\"@id\":\"https:\/\/vincentians.com\/fr\/la-vie-de-saint-vincent-de-paul-instituteur-de-la-congregation-de-la-mission-et-des-filles-de-la-charite-010\/#breadcrumb\",\"itemListElement\":[{\"@type\":\"ListItem\",\"position\":1,\"name\":\"Portada\",\"item\":\"http:\/\/vincentians.com\/fr\/\"},{\"@type\":\"ListItem\",\"position\":2,\"name\":\"La vie de Saint Vincent de Paul, instituteur de la Congr\u00e9gation de la Mission et des Filles de la Charit\u00e9 (010)\"}]},{\"@type\":\"WebSite\",\"@id\":\"http:\/\/vincentians.com\/fr\/#website\",\"url\":\"http:\/\/vincentians.com\/fr\/\",\"name\":\"Nous Sommes Vincentiens\",\"description\":\"Know more to serve more\",\"potentialAction\":[{\"@type\":\"SearchAction\",\"target\":{\"@type\":\"EntryPoint\",\"urlTemplate\":\"http:\/\/vincentians.com\/fr\/?s={search_term_string}\"},\"query-input\":{\"@type\":\"PropertyValueSpecification\",\"valueRequired\":true,\"valueName\":\"search_term_string\"}}],\"inLanguage\":\"fr-FR\"},{\"@type\":\"Person\",\"@id\":\"http:\/\/vincentians.com\/fr\/#\/schema\/person\/9623ef4d9aa3b2dfb8c061f1499288f2\",\"name\":\"Francisco Javier Fern\u00e1ndez Chento\",\"image\":{\"@type\":\"ImageObject\",\"inLanguage\":\"fr-FR\",\"@id\":\"http:\/\/vincentians.com\/fr\/#\/schema\/person\/image\/\",\"url\":\"https:\/\/secure.gravatar.com\/avatar\/497d5cde87b4c3d097d0315953521681ba2cd523ee66e5077c3711f7021e65de?s=96&d=mm&r=g\",\"contentUrl\":\"https:\/\/secure.gravatar.com\/avatar\/497d5cde87b4c3d097d0315953521681ba2cd523ee66e5077c3711f7021e65de?s=96&d=mm&r=g\",\"caption\":\"Francisco Javier Fern\u00e1ndez Chento\"},\"description\":\"Director General y cofundador de La Red de Formaci\u00f3n Vicenciana. Javier es laico vicenciano, afiliado a la Congregaci\u00f3n de la Misi\u00f3n y miembro del Equipo de Misiones Populares de la provincia can\u00f3nica de Zaragoza (Espa\u00f1a) de la Congregaci\u00f3n de la Misi\u00f3n. Graduado en la Universidad Oberta de Catalunya con cuatro grados (Asistente de direcci\u00f3n, Gesti\u00f3n Administrativa, Recursos Humanos y Contabilidad Avanzada). Bil\u00edng\u00fce Espa\u00f1ol\/Ingl\u00e9s. gestiona y mantiene varias p\u00e1ginas web cristianas y vicencianas, incluida including La Red de Formaci\u00f3n Vicenciana, de la que es cofundador. Actualmente es responsable del \u00e1rea de Espa\u00f1ol de .famvin, la Red de Noticias de la Familia Vicenciana. Tambi\u00e9n es m\u00fasico cat\u00f3lico y ha editado varios discos. Es Director General y cofundador de Trovador, una reconocida compa\u00f1\u00eda discogr\u00e1fica critiana de Espa\u00f1a. Trabaja en las Tecnolog\u00edas de la Informaci\u00f3n, ofreciendo servicios de alojamiento, dise\u00f1o y mantenimiento Web, as\u00ed como asesoramiento, formaci\u00f3n y soluciones inform\u00e1ticas, gesti\u00f3n documental y digitalizaci\u00f3n de textos, edici\u00f3n y maquetaci\u00f3n de libros, revistas, flyers, etc.\",\"sameAs\":[\"http:\/\/chento.org\",\"https:\/\/www.facebook.com\/JavierChento\",\"https:\/\/x.com\/https:\/\/twitter.com\/javierchento\"],\"url\":\"https:\/\/vincentians.com\/fr\/author\/chento\/\"}]}<\/script>\n<!-- \/ Yoast SEO plugin. -->","yoast_head_json":{"title":"La vie de Saint Vincent de Paul, instituteur de la Congr\u00e9gation de la Mission et des Filles de la Charit\u00e9 (010) - Nous Sommes Vincentiens","robots":{"index":"index","follow":"follow","max-snippet":"max-snippet:-1","max-image-preview":"max-image-preview:large","max-video-preview":"max-video-preview:-1"},"canonical":"https:\/\/vincentians.com\/fr\/la-vie-de-saint-vincent-de-paul-instituteur-de-la-congregation-de-la-mission-et-des-filles-de-la-charite-010\/","og_locale":"fr_FR","og_type":"article","og_title":"La vie de Saint Vincent de Paul, instituteur de la Congr\u00e9gation de la Mission et des Filles de la Charit\u00e9 (010) - Nous Sommes Vincentiens","og_description":"Livre premier 10. Vincent sort de la Maison de Gondi ; il est pourvu de la Cure de\u00a0Ch\u00e2tillon ; affliction de la Maison de Gondi ; lettre du G\u00e9n\u00e9ral des Gal\u00e8res ; sentimens de son ... Read More","og_url":"https:\/\/vincentians.com\/fr\/la-vie-de-saint-vincent-de-paul-instituteur-de-la-congregation-de-la-mission-et-des-filles-de-la-charite-010\/","og_site_name":"Nous Sommes Vincentiens","article_publisher":"https:\/\/www.facebook.com\/WeAreVincentians\/","article_author":"https:\/\/www.facebook.com\/JavierChento","article_published_time":"2014-02-06T05:53:56+00:00","author":"Francisco Javier Fern\u00e1ndez Chento","twitter_card":"summary_large_image","twitter_creator":"@https:\/\/twitter.com\/javierchento","twitter_site":"@WeVincentians","twitter_misc":{"\u00c9crit par":"Francisco Javier Fern\u00e1ndez Chento","Dur\u00e9e de lecture estim\u00e9e":"24 minutes"},"schema":{"@context":"https:\/\/schema.org","@graph":[{"@type":"WebPage","@id":"https:\/\/vincentians.com\/fr\/la-vie-de-saint-vincent-de-paul-instituteur-de-la-congregation-de-la-mission-et-des-filles-de-la-charite-010\/","url":"https:\/\/vincentians.com\/fr\/la-vie-de-saint-vincent-de-paul-instituteur-de-la-congregation-de-la-mission-et-des-filles-de-la-charite-010\/","name":"La vie de Saint Vincent de Paul, instituteur de la Congr\u00e9gation de la Mission et des Filles de la Charit\u00e9 (010) - Nous Sommes Vincentiens","isPartOf":{"@id":"http:\/\/vincentians.com\/fr\/#website"},"primaryImageOfPage":{"@id":"https:\/\/vincentians.com\/fr\/la-vie-de-saint-vincent-de-paul-instituteur-de-la-congregation-de-la-mission-et-des-filles-de-la-charite-010\/#primaryimage"},"image":{"@id":"https:\/\/vincentians.com\/fr\/la-vie-de-saint-vincent-de-paul-instituteur-de-la-congregation-de-la-mission-et-des-filles-de-la-charite-010\/#primaryimage"},"thumbnailUrl":"","datePublished":"2014-02-06T05:53:56+00:00","author":{"@id":"http:\/\/vincentians.com\/fr\/#\/schema\/person\/9623ef4d9aa3b2dfb8c061f1499288f2"},"breadcrumb":{"@id":"https:\/\/vincentians.com\/fr\/la-vie-de-saint-vincent-de-paul-instituteur-de-la-congregation-de-la-mission-et-des-filles-de-la-charite-010\/#breadcrumb"},"inLanguage":"fr-FR","potentialAction":[{"@type":"ReadAction","target":["https:\/\/vincentians.com\/fr\/la-vie-de-saint-vincent-de-paul-instituteur-de-la-congregation-de-la-mission-et-des-filles-de-la-charite-010\/"]}]},{"@type":"ImageObject","inLanguage":"fr-FR","@id":"https:\/\/vincentians.com\/fr\/la-vie-de-saint-vincent-de-paul-instituteur-de-la-congregation-de-la-mission-et-des-filles-de-la-charite-010\/#primaryimage","url":"","contentUrl":""},{"@type":"BreadcrumbList","@id":"https:\/\/vincentians.com\/fr\/la-vie-de-saint-vincent-de-paul-instituteur-de-la-congregation-de-la-mission-et-des-filles-de-la-charite-010\/#breadcrumb","itemListElement":[{"@type":"ListItem","position":1,"name":"Portada","item":"http:\/\/vincentians.com\/fr\/"},{"@type":"ListItem","position":2,"name":"La vie de Saint Vincent de Paul, instituteur de la Congr\u00e9gation de la Mission et des Filles de la Charit\u00e9 (010)"}]},{"@type":"WebSite","@id":"http:\/\/vincentians.com\/fr\/#website","url":"http:\/\/vincentians.com\/fr\/","name":"Nous Sommes Vincentiens","description":"Know more to serve more","potentialAction":[{"@type":"SearchAction","target":{"@type":"EntryPoint","urlTemplate":"http:\/\/vincentians.com\/fr\/?s={search_term_string}"},"query-input":{"@type":"PropertyValueSpecification","valueRequired":true,"valueName":"search_term_string"}}],"inLanguage":"fr-FR"},{"@type":"Person","@id":"http:\/\/vincentians.com\/fr\/#\/schema\/person\/9623ef4d9aa3b2dfb8c061f1499288f2","name":"Francisco Javier Fern\u00e1ndez Chento","image":{"@type":"ImageObject","inLanguage":"fr-FR","@id":"http:\/\/vincentians.com\/fr\/#\/schema\/person\/image\/","url":"https:\/\/secure.gravatar.com\/avatar\/497d5cde87b4c3d097d0315953521681ba2cd523ee66e5077c3711f7021e65de?s=96&d=mm&r=g","contentUrl":"https:\/\/secure.gravatar.com\/avatar\/497d5cde87b4c3d097d0315953521681ba2cd523ee66e5077c3711f7021e65de?s=96&d=mm&r=g","caption":"Francisco Javier Fern\u00e1ndez Chento"},"description":"Director General y cofundador de La Red de Formaci\u00f3n Vicenciana. Javier es laico vicenciano, afiliado a la Congregaci\u00f3n de la Misi\u00f3n y miembro del Equipo de Misiones Populares de la provincia can\u00f3nica de Zaragoza (Espa\u00f1a) de la Congregaci\u00f3n de la Misi\u00f3n. Graduado en la Universidad Oberta de Catalunya con cuatro grados (Asistente de direcci\u00f3n, Gesti\u00f3n Administrativa, Recursos Humanos y Contabilidad Avanzada). Bil\u00edng\u00fce Espa\u00f1ol\/Ingl\u00e9s. gestiona y mantiene varias p\u00e1ginas web cristianas y vicencianas, incluida including La Red de Formaci\u00f3n Vicenciana, de la que es cofundador. Actualmente es responsable del \u00e1rea de Espa\u00f1ol de .famvin, la Red de Noticias de la Familia Vicenciana. Tambi\u00e9n es m\u00fasico cat\u00f3lico y ha editado varios discos. Es Director General y cofundador de Trovador, una reconocida compa\u00f1\u00eda discogr\u00e1fica critiana de Espa\u00f1a. Trabaja en las Tecnolog\u00edas de la Informaci\u00f3n, ofreciendo servicios de alojamiento, dise\u00f1o y mantenimiento Web, as\u00ed como asesoramiento, formaci\u00f3n y soluciones inform\u00e1ticas, gesti\u00f3n documental y digitalizaci\u00f3n de textos, edici\u00f3n y maquetaci\u00f3n de libros, revistas, flyers, etc.","sameAs":["http:\/\/chento.org","https:\/\/www.facebook.com\/JavierChento","https:\/\/x.com\/https:\/\/twitter.com\/javierchento"],"url":"https:\/\/vincentians.com\/fr\/author\/chento\/"}]}},"jetpack_publicize_connections":[],"jetpack_featured_media_url":"","jetpack_sharing_enabled":true,"jetpack_shortlink":"https:\/\/wp.me\/p7ETMP-s7F","jetpack-related-posts":[{"id":52031,"url":"https:\/\/vincentians.com\/fr\/saint-vincent-de-paul-et-sa-mission-sociale-i-la-vocation-3\/","url_meta":{"origin":108107,"position":0},"title":"Saint Vincent De Paul Et Sa Mission Sociale. I &#8211; La vocation (3)","author":"Francisco Javier Fern\u00e1ndez Chento","date":"20\/12\/2014","format":false,"excerpt":"L\u2019APOSTOLAT DE LA CHARIT\u00c9. Les pr\u00e9mices du dix-septi\u00e8me si\u00e8cle. \u2014 Vincent de Paul et le P. de B\u00e9rulle. \u2014 Vincent est nomm\u00e9 cur\u00e9 de Clichy. \u2014 Ses premiers travaux. \u2014 Son entr\u00e9e dans la maison de Gondi. - Les pauvres gens des campagnes. \u2014 Premi\u00e8re mission \u00e0 Folleville. \u2014 Vincent\u2026","rel":"","context":"Dans &quot;Vincent de Paul&quot;","block_context":{"text":"Vincent de Paul","link":"https:\/\/vincentians.com\/fr\/category\/the-vincentian-family\/founders\/vincent-de-paul\/"},"img":{"alt_text":"","src":"https:\/\/i0.wp.com\/vincentians.com\/fr\/wp-content\/uploads\/sites\/10\/2016\/07\/vincent-et-sa-action-sociale.jpg?fit=1160%2C630&ssl=1&resize=350%2C200","width":350,"height":200,"srcset":"https:\/\/i0.wp.com\/vincentians.com\/fr\/wp-content\/uploads\/sites\/10\/2016\/07\/vincent-et-sa-action-sociale.jpg?fit=1160%2C630&ssl=1&resize=350%2C200 1x, https:\/\/i0.wp.com\/vincentians.com\/fr\/wp-content\/uploads\/sites\/10\/2016\/07\/vincent-et-sa-action-sociale.jpg?fit=1160%2C630&ssl=1&resize=525%2C300 1.5x, https:\/\/i0.wp.com\/vincentians.com\/fr\/wp-content\/uploads\/sites\/10\/2016\/07\/vincent-et-sa-action-sociale.jpg?fit=1160%2C630&ssl=1&resize=700%2C400 2x, https:\/\/i0.wp.com\/vincentians.com\/fr\/wp-content\/uploads\/sites\/10\/2016\/07\/vincent-et-sa-action-sociale.jpg?fit=1160%2C630&ssl=1&resize=1050%2C600 3x"},"classes":[]},{"id":52033,"url":"https:\/\/vincentians.com\/fr\/saint-vincent-de-paul-et-sa-mission-sociale-ii-les-oeuvres-1\/","url_meta":{"origin":108107,"position":1},"title":"Saint Vincent De Paul Et Sa Mission Sociale. II &#8211; Les \u0152uvres (1)","author":"Francisco Javier Fern\u00e1ndez Chento","date":"21\/12\/2014","format":false,"excerpt":"LES CONFR\u00c9RIES DE LA CHARIT\u00c9. Organisation et d\u00e9veloppement de la confr\u00e9rie de la Charit\u00e9. \u2014 Les domaines du seigneur de Gondi. \u2014 Premi\u00e8re id\u00e9e de la congr\u00e9gation de la Mission. \u2014 Vincent de Paul devient aum\u00f4nier royal des gal\u00e8res et sup\u00e9rieur des religieuses de la Visitation. \u2014 Saint Fran\u00e7ois de\u2026","rel":"","context":"Dans &quot;Vincent de Paul&quot;","block_context":{"text":"Vincent de Paul","link":"https:\/\/vincentians.com\/fr\/category\/the-vincentian-family\/founders\/vincent-de-paul\/"},"img":{"alt_text":"","src":"https:\/\/i0.wp.com\/vincentians.com\/fr\/wp-content\/uploads\/sites\/10\/2016\/07\/vincent-et-sa-action-sociale.jpg?fit=1160%2C630&ssl=1&resize=350%2C200","width":350,"height":200,"srcset":"https:\/\/i0.wp.com\/vincentians.com\/fr\/wp-content\/uploads\/sites\/10\/2016\/07\/vincent-et-sa-action-sociale.jpg?fit=1160%2C630&ssl=1&resize=350%2C200 1x, https:\/\/i0.wp.com\/vincentians.com\/fr\/wp-content\/uploads\/sites\/10\/2016\/07\/vincent-et-sa-action-sociale.jpg?fit=1160%2C630&ssl=1&resize=525%2C300 1.5x, https:\/\/i0.wp.com\/vincentians.com\/fr\/wp-content\/uploads\/sites\/10\/2016\/07\/vincent-et-sa-action-sociale.jpg?fit=1160%2C630&ssl=1&resize=700%2C400 2x, https:\/\/i0.wp.com\/vincentians.com\/fr\/wp-content\/uploads\/sites\/10\/2016\/07\/vincent-et-sa-action-sociale.jpg?fit=1160%2C630&ssl=1&resize=1050%2C600 3x"},"classes":[]},{"id":52035,"url":"https:\/\/vincentians.com\/fr\/saint-vincent-de-paul-et-sa-mission-sociale-ii-les-oeuvres-2\/","url_meta":{"origin":108107,"position":2},"title":"Saint Vincent De Paul Et Sa Mission Sociale. II &#8211; Les \u0152uvres (2)","author":"Francisco Javier Fern\u00e1ndez Chento","date":"22\/12\/2014","format":false,"excerpt":"LA CONGR\u00c9GATION DE LA MISSION. \u2014 Fondation de la Mission. \u2014 Madame de Gondi. \u2014 Vincent de Paul est nomm\u00e9 sup\u00e9rieur du coll\u00e8ge des Bons-Enfants. \u2014 Les fondateurs d\u2019ordre. \u2014 But de la Congr\u00e9gation de la Mission. \u2014 L\u2019\u00e9vang\u00e9lisation des pauvres. \u2014 \u00c9tablissement \u00e0 Saint-Lazare. \u2014 Premiers travaux des missionnaires.\u2026","rel":"","context":"Dans &quot;Vincent de Paul&quot;","block_context":{"text":"Vincent de Paul","link":"https:\/\/vincentians.com\/fr\/category\/the-vincentian-family\/founders\/vincent-de-paul\/"},"img":{"alt_text":"","src":"https:\/\/i0.wp.com\/vincentians.com\/fr\/wp-content\/uploads\/sites\/10\/2016\/07\/vincent-et-sa-action-sociale.jpg?fit=1160%2C630&ssl=1&resize=350%2C200","width":350,"height":200,"srcset":"https:\/\/i0.wp.com\/vincentians.com\/fr\/wp-content\/uploads\/sites\/10\/2016\/07\/vincent-et-sa-action-sociale.jpg?fit=1160%2C630&ssl=1&resize=350%2C200 1x, https:\/\/i0.wp.com\/vincentians.com\/fr\/wp-content\/uploads\/sites\/10\/2016\/07\/vincent-et-sa-action-sociale.jpg?fit=1160%2C630&ssl=1&resize=525%2C300 1.5x, https:\/\/i0.wp.com\/vincentians.com\/fr\/wp-content\/uploads\/sites\/10\/2016\/07\/vincent-et-sa-action-sociale.jpg?fit=1160%2C630&ssl=1&resize=700%2C400 2x, https:\/\/i0.wp.com\/vincentians.com\/fr\/wp-content\/uploads\/sites\/10\/2016\/07\/vincent-et-sa-action-sociale.jpg?fit=1160%2C630&ssl=1&resize=1050%2C600 3x"},"classes":[]},{"id":107721,"url":"https:\/\/vincentians.com\/fr\/vincent-de-paul-lettre-0008-a-madame-de-gondi\/","url_meta":{"origin":108107,"position":3},"title":"Vincent de Paul, Lettre 0008. A Madame De Gondi","author":"Francisco Javier Fern\u00e1ndez Chento","date":"22\/08\/2016","format":false,"excerpt":"Septembre ou octobre 1617. Vincent de Paul console et encourage Mme de Gondi, tout en l'invitant \u00e0 se soumettre au bon plaisir de Dieu.","rel":"","context":"Dans &quot;\u00c9crits de Vincent de Paul&quot;","block_context":{"text":"\u00c9crits de Vincent de Paul","link":"https:\/\/vincentians.com\/fr\/category\/ecrits-de-vincent-de-paul\/"},"img":{"alt_text":"","src":"https:\/\/i0.wp.com\/vincentians.com\/fr\/wp-content\/uploads\/sites\/10\/2016\/07\/cartas-vicente-de-paul.jpg?fit=1200%2C630&ssl=1&resize=350%2C200","width":350,"height":200,"srcset":"https:\/\/i0.wp.com\/vincentians.com\/fr\/wp-content\/uploads\/sites\/10\/2016\/07\/cartas-vicente-de-paul.jpg?fit=1200%2C630&ssl=1&resize=350%2C200 1x, https:\/\/i0.wp.com\/vincentians.com\/fr\/wp-content\/uploads\/sites\/10\/2016\/07\/cartas-vicente-de-paul.jpg?fit=1200%2C630&ssl=1&resize=525%2C300 1.5x, https:\/\/i0.wp.com\/vincentians.com\/fr\/wp-content\/uploads\/sites\/10\/2016\/07\/cartas-vicente-de-paul.jpg?fit=1200%2C630&ssl=1&resize=700%2C400 2x, https:\/\/i0.wp.com\/vincentians.com\/fr\/wp-content\/uploads\/sites\/10\/2016\/07\/cartas-vicente-de-paul.jpg?fit=1200%2C630&ssl=1&resize=1050%2C600 3x"},"classes":[]},{"id":107722,"url":"https:\/\/vincentians.com\/fr\/vincent-de-paul-lettre-0010-a-charles-du-fresne-secretaire-de-philippe-emmanuel-de-gondi\/","url_meta":{"origin":108107,"position":4},"title":"Vincent de Paul, Lettre 0010. A Charles Du Fresne Secr\u00e9taire De Philippe-Emmanuel De Gondi","author":"Francisco Javier Fern\u00e1ndez Chento","date":"05\/09\/2016","format":false,"excerpt":"Octobre 1617. Saint Vincent informe son ami qu'il esp\u00e8re faire un voyage \u00e0 Paris dans deux mois ; l\u00e0, suivant les lumi\u00e8res que Dieu lui donnera, il prendra une d\u00e9cision d\u00e9finitive sur son retour \u00e0 Ch\u00e2tillon-les-Dombes ou sa rentr\u00e9e dans la famille des Gondi.","rel":"","context":"Dans &quot;\u00c9crits de Vincent de Paul&quot;","block_context":{"text":"\u00c9crits de Vincent de Paul","link":"https:\/\/vincentians.com\/fr\/category\/ecrits-de-vincent-de-paul\/"},"img":{"alt_text":"","src":"https:\/\/i0.wp.com\/vincentians.com\/fr\/wp-content\/uploads\/sites\/10\/2016\/07\/cartas-vicente-de-paul.jpg?fit=1200%2C630&ssl=1&resize=350%2C200","width":350,"height":200,"srcset":"https:\/\/i0.wp.com\/vincentians.com\/fr\/wp-content\/uploads\/sites\/10\/2016\/07\/cartas-vicente-de-paul.jpg?fit=1200%2C630&ssl=1&resize=350%2C200 1x, https:\/\/i0.wp.com\/vincentians.com\/fr\/wp-content\/uploads\/sites\/10\/2016\/07\/cartas-vicente-de-paul.jpg?fit=1200%2C630&ssl=1&resize=525%2C300 1.5x, https:\/\/i0.wp.com\/vincentians.com\/fr\/wp-content\/uploads\/sites\/10\/2016\/07\/cartas-vicente-de-paul.jpg?fit=1200%2C630&ssl=1&resize=700%2C400 2x, https:\/\/i0.wp.com\/vincentians.com\/fr\/wp-content\/uploads\/sites\/10\/2016\/07\/cartas-vicente-de-paul.jpg?fit=1200%2C630&ssl=1&resize=1050%2C600 3x"},"classes":[]},{"id":42756,"url":"https:\/\/vincentians.com\/fr\/saint-vincent-de-paul-maitre-doraison-lettre-preface\/","url_meta":{"origin":108107,"position":5},"title":"Saint Vincent De Paul, Ma\u00eetre d\u2019Oraison. Lettre pr\u00e9face","author":"Francisco Javier Fern\u00e1ndez Chento","date":"10\/05\/2015","format":false,"excerpt":"Paris, le 7 octobre 1928 MON CHER ABB\u00c9, Ecrivant le 8 avril 1933 \u00e0 M. Coste, pr\u00eatre de la Mission, \u00e9diteur des entretiens de saint Vincent, c'est \u00e0 savoir : les conf\u00e9rences aux missionnaires et aux Filles de la Charit\u00e9, les r\u00e9p\u00e9titions d\u2019oraison, les conseils, avis et lignes de conduite,\u2026","rel":"","context":"Dans &quot;Vincent de Paul&quot;","block_context":{"text":"Vincent de Paul","link":"https:\/\/vincentians.com\/fr\/category\/the-vincentian-family\/founders\/vincent-de-paul\/"},"img":{"alt_text":"","src":"https:\/\/i0.wp.com\/vincentians.com\/fr\/wp-content\/uploads\/sites\/10\/2016\/07\/vincent-maitre-d-oraison.jpg?fit=1200%2C630&ssl=1&resize=350%2C200","width":350,"height":200,"srcset":"https:\/\/i0.wp.com\/vincentians.com\/fr\/wp-content\/uploads\/sites\/10\/2016\/07\/vincent-maitre-d-oraison.jpg?fit=1200%2C630&ssl=1&resize=350%2C200 1x, https:\/\/i0.wp.com\/vincentians.com\/fr\/wp-content\/uploads\/sites\/10\/2016\/07\/vincent-maitre-d-oraison.jpg?fit=1200%2C630&ssl=1&resize=525%2C300 1.5x, https:\/\/i0.wp.com\/vincentians.com\/fr\/wp-content\/uploads\/sites\/10\/2016\/07\/vincent-maitre-d-oraison.jpg?fit=1200%2C630&ssl=1&resize=700%2C400 2x, https:\/\/i0.wp.com\/vincentians.com\/fr\/wp-content\/uploads\/sites\/10\/2016\/07\/vincent-maitre-d-oraison.jpg?fit=1200%2C630&ssl=1&resize=1050%2C600 3x"},"classes":[]}],"_links":{"self":[{"href":"https:\/\/vincentians.com\/fr\/wp-json\/wp\/v2\/posts\/108107","targetHints":{"allow":["GET"]}}],"collection":[{"href":"https:\/\/vincentians.com\/fr\/wp-json\/wp\/v2\/posts"}],"about":[{"href":"https:\/\/vincentians.com\/fr\/wp-json\/wp\/v2\/types\/post"}],"author":[{"embeddable":true,"href":"https:\/\/vincentians.com\/fr\/wp-json\/wp\/v2\/users\/4"}],"replies":[{"embeddable":true,"href":"https:\/\/vincentians.com\/fr\/wp-json\/wp\/v2\/comments?post=108107"}],"version-history":[{"count":0,"href":"https:\/\/vincentians.com\/fr\/wp-json\/wp\/v2\/posts\/108107\/revisions"}],"wp:featuredmedia":[{"embeddable":true,"href":"https:\/\/vincentians.com\/fr\/wp-json\/"}],"wp:attachment":[{"href":"https:\/\/vincentians.com\/fr\/wp-json\/wp\/v2\/media?parent=108107"}],"wp:term":[{"taxonomy":"category","embeddable":true,"href":"https:\/\/vincentians.com\/fr\/wp-json\/wp\/v2\/categories?post=108107"},{"taxonomy":"post_tag","embeddable":true,"href":"https:\/\/vincentians.com\/fr\/wp-json\/wp\/v2\/tags?post=108107"}],"curies":[{"name":"wp","href":"https:\/\/api.w.org\/{rel}","templated":true}]}}