{"id":108106,"date":"2014-02-07T06:53:56","date_gmt":"2014-02-07T05:53:56","guid":{"rendered":"http:\/\/vincentiens.org\/?p=108106"},"modified":"2014-02-07T06:53:56","modified_gmt":"2014-02-07T05:53:56","slug":"la-vie-de-saint-vincent-de-paul-instituteur-de-la-congregation-de-la-mission-et-des-filles-de-la-charite-011","status":"publish","type":"post","link":"https:\/\/vincentians.com\/fr\/la-vie-de-saint-vincent-de-paul-instituteur-de-la-congregation-de-la-mission-et-des-filles-de-la-charite-011\/","title":{"rendered":"La vie de Saint Vincent de Paul, instituteur de la Congr\u00e9gation de la Mission et des Filles de la Charit\u00e9 (011)"},"content":{"rendered":"<h2>Livre premier<\/h2>\n<h3>11. Ses travaux \u00e0 Ch\u00e2tillon, il r\u00e9forme son Clerg\u00e9; Ses autres succ\u00e8s dans cette ville; changement de deux femmes de con\u00addition.<\/h3>\n<p><a href=\"https:\/\/i0.wp.com\/vincentiens.org\/wp-content\/uploads\/2014\/01\/collet.jpg\"><img data-recalc-dims=\"1\" loading=\"lazy\" decoding=\"async\" class=\"alignright\" alt=\"collet\" src=\"https:\/\/i0.wp.com\/vincentiens.org\/wp-content\/uploads\/2014\/01\/collet-248x300.jpg?resize=248%2C300\" width=\"248\" height=\"300\" \/><\/a>Le portrait, qu&rsquo;on lui avait fait de ce Pays, ne pouvait \u00eatre plus ressemblant. A Dieu ne plaise que nous exag\u00e9rions le mal, dans la vue d&rsquo;honorer celui dont Dieu s&rsquo;est servi pour en arr\u00eater le cours ; nous le diminuerons au contraire, et nous ne donnerons ici qu&rsquo;un extrait tr\u00e8s mod\u00e9r\u00e9 du Proc\u00e8s (a) Verbal fait \u00e0 Ch\u00e2tillon, et sign\u00e9 par les principaux habitants du lieu. C&rsquo;est d&rsquo;eux-m\u00eames que nous avons appris, que, lorsque Vincent entra dans cette ville, tout y \u00e9tait dans un \u00e9tat pitoyable. Chacun y donnait du scandale \u00e0 sa mani\u00e8re. Plusieurs Familles, et surtout celles qui \u00e9taient les plus consid\u00e9rables, se sentaient du voisinage de Gen\u00e8ve, et \u00e9taient infect\u00e9es des nouvelles h\u00e9r\u00e9sies. Ceux des habitants, qui s&rsquo;\u00e9taient soutenus dans la puret\u00e9 de la Foi, la d\u00e9mentaient pour la plupart par la corruption de leurs m\u0153urs. Six vieux eccl\u00e9siastiques, qui composaient tout le Clerg\u00e9 de Ch\u00e2tillon, au lieu de s&rsquo;opposer au torrent du d\u00e9sordre, le rendaient plus rapide et plus contagieux par leur mauvais exemple. Ils vivaient tous dans un grand libertinage, et ils ne pensaient m\u00eame pas \u00e0 sauver les apparences. C&rsquo;\u00e9tait l\u00e0 toute la ressource de deux mille habitants, car il n&rsquo;y avait point alors de Communaut\u00e9 religieuse dans Ch\u00e2tillon.<\/p>\n<p>D\u00e8s que Vincent y fut arriv\u00e9, il s&rsquo;appliqua \u00e0 conna\u00eetre l&rsquo;\u00e9tat de son troupeau. Ce qu&rsquo;il en d\u00e9couvrit et par ses propres yeux, et par le rapport de quelques personnes qui s&rsquo;\u00e9taient soutenues dans la pi\u00e9t\u00e9, le saisit et l&rsquo;effraya. Comme son z\u00e8le \u00e9tait \u00e9clair\u00e9, il jugea bien qu&rsquo;il ne pourrait rien faire de solide, s&rsquo;il n&rsquo;\u00e9tait puissamment second\u00e9. Il retourna donc \u00e0 Lyon, pour y chercher quelques eccl\u00e9siastiques propres \u00e0 concourir \u00e0 ses pieux desseins, et dispos\u00e9s \u00e0 entreprendre de d\u00e9fricher avec lui une Vigne, qui depuis tant d&rsquo;ann\u00e9es \u00e9tait la proie d&rsquo;un sanglier furieux, et des b\u00eates les plus f\u00e9roces.<\/p>\n<p>La providence ne l&rsquo;abandonna pas. S&rsquo;il ne fut pas assez heureux pour trouver, comme le P\u00e8re de famille, un grand nombre d&rsquo;ouvriers, qui ne demandassent qu&rsquo;\u00e0 \u00eatre employ\u00e9s, il en trouva au moins un qui pouvait lui tenir lieu de plusieurs autres. Il se nommait Louis Girard ; il \u00e9tait Docteur en Th\u00e9ologie ; son m\u00e9rite et sa vertu \u00e9taient estim\u00e9s dans la Bresse, dont il \u00e9tait originaire ; et peut-\u00eatre y eut-il occup\u00e9 depuis longtemps une place distingu\u00e9e, si le Pays qui donne la naissance, n&rsquo;\u00e9tait pas celui, o\u00f9 il est plus difficile d&rsquo;\u00eatre Proph\u00e8te. Ce digne pr\u00eatre ne trompa pas les esp\u00e9rances que Vincent avait con\u00e7ues de lui. Ils travaill\u00e8rent tous deux d\u00e8s le commencement du mois d&rsquo;Ao\u00fbt (b) avec un z\u00e8le infatigable, et avec cet heureux concert, sans lequel les meilleurs ouvriers ne r\u00e9ussiront jamais. Vincent suivit \u00e0 Ch\u00e2tillon la m\u00e9thode, qui quelques ann\u00e9es auparavant, lui avait si bien r\u00e9ussi \u00e0 Clichy. Il commen\u00e7a par r\u00e9gler la maison de celui chez qui il demeurait, comme il e\u00fbt r\u00e9gl\u00e9 la sienne propre. On s&rsquo;y levait \u00e0 cinq heures, on y faisait ensuite une demi-heure d&rsquo;oraison : l&rsquo;Office et la sainte Messe se disaient \u00e0 une heure marqu\u00e9e, et on ne s&rsquo;en \u00e9cartait point sans n\u00e9cessit\u00e9. Nos deux pr\u00eatres faisaient eux-m\u00eames leurs chambres. Il n&rsquo;y avait ni fille ni femme qui servissent dans la maison, Vincent ne le voulut pas souffrir ; et la belle-s\u0153ur de son H\u00f4te, pour ne pas troubler un si bel ordre, eut la g\u00e9n\u00e9rosit\u00e9 de s&rsquo;y conformer la premi\u00e8re.<\/p>\n<p>Le nouveau Pasteur visitait r\u00e9guli\u00e8rement deux fois par jour une partie de son troupeau. Le reste du temps \u00e9tait donn\u00e9 \u00e0 l&rsquo;\u00e9tude, ou au confessionnal. Le d\u00e9sir de se rendre \u00e9galement utile et aux petits et aux grands, le porta \u00e0 faire une \u00e9tude particuli\u00e8re de l&rsquo;esp\u00e8ce de Patois, qui est en usage chez le petit peuple. Il l&rsquo;apprit en peu de temps, et il s&rsquo;en servait quelquefois pour faire les Cat\u00e9chismes. Il fit c\u00e9l\u00e9brer l&rsquo;Office divin avec toute la d\u00e9cence possible. Il bannit les danses, et les exc\u00e8s scandaleux, qui d\u00e9shonoraient les F\u00eates, et surtout celle de l&rsquo;Ascension de Notre-Seigneur ; et pour augmenter un peu le revenu de son B\u00e9n\u00e9fice, il fonda deux Messes \u00e0 perp\u00e9tuit\u00e9, l&rsquo;une pour le jour de S. Vincent, l&rsquo;autre pour celui de Saint Paul.<\/p>\n<p>Comme le mauvais exemple d&rsquo;un seul eccl\u00e9siastique fait souvent plus de mal, que ne peut faire de bien la conduite \u00e9difiante de plusieurs autres, qui vivent dans la r\u00e9gularit\u00e9 ; Vincent ne n\u00e9gligea rien pour r\u00e9former les pr\u00eatres de sa paroisse. Il retrancha le vice, pour \u00e9tablir plus s\u00fbrement la vertu ; il porta ceux d&rsquo;entre eux qui avaient dans leurs maisons des personnes suspectes, \u00e0 les en bannir pour toujours. Il leur persuada de n&rsquo;entrer jamais ni dans les cabarets, ni dans les jeux publics. Il supprima des abus, qui, pour \u00eatre anciens, n&rsquo;en \u00e9taient pas moins ridicules, et si ridicules, que la gravit\u00e9 de l&rsquo;histoire ne nous permet pas de les rapporter. Il abolit le mauvais usage d&rsquo;exiger, et de recevoir de l&rsquo;argent pour l&rsquo;administration du sacrement de P\u00e9nitence. Il \u00e9tait toujours content des r\u00e9tributions qu&rsquo;on lui donnait, et il n&rsquo;e\u00fbt jamais de contestation pour ses droits. Il d\u00e9fendit qu&rsquo;on continu\u00e2t de confesser les enfants, comme on avait fait jusqu&rsquo;alors ; c&rsquo;est \u00e0 dire, en les rassemblant dans des Chapelles, o\u00f9 on les obligeait de s&rsquo;accuser \u00e0 haute voix les uns devant les autres. Il fit sentir les inconv\u00e9nients de cette conduite, qui en effet ne s&rsquo;accorde ni avec la libert\u00e9 de P\u00e9nitent, ni avec le secret inviolable de la confession. Le S. homme ne se contenta pas de retrancher tous ces abus ; il s&rsquo;effor\u00e7a de faire r\u00e9gner l&rsquo;ordre et la justice dans le m\u00eame lieu, ou le trouble et la confusion avaient si longtemps r\u00e9gn\u00e9. Il engagea tous les pr\u00eatres \u00e0 vivre en Communaut\u00e9, et \u00e0 donner plus de temps \u00e0 la pi\u00e9t\u00e9, et au travail, qu&rsquo;ils n&rsquo;en donnaient auparavant \u00e0 l&rsquo;oisivet\u00e9, et \u00e0 la bagatelle. Il mania les esprits et les c\u0153urs avec tant de force, de m\u00e9nagement et d&rsquo;adresse, que tout lui r\u00e9ussi. Toute la ville fut surprise et \u00e9difi\u00e9e d&rsquo;un changement si prompt et si parfait ; et les plus sages jug\u00e8rent qu&rsquo;un homme, \u00e0 qui la r\u00e9forme d&rsquo;un Clerg\u00e9 comme le sien, avait si peu co\u00fbt\u00e9, serait assez heureux pour gagner \u00e0 Dieu sa paroisse toute enti\u00e8re.<\/p>\n<p>L&rsquo;\u00e9v\u00e9nement v\u00e9rifia la conjecture. Apr\u00e8s les arrangements, dont nous venons de parler, Vincent commen\u00e7a \u00e0 travailler avec son z\u00e8le ordinaire \u00e0 l&rsquo;instruction du peuple, et \u00e0 la conversion des p\u00e9cheurs. Il parla avec plus de force et d&rsquo;onction que jamais. Il fit entrer dans les discours, tout ce que l&rsquo;Ecriture a de plus propre \u00e0 faire na\u00eetre la crainte des jugements de Dieu, et la douleur de l&rsquo;avoir offens\u00e9. Il ouvrit aux yeux de ses Auditeurs, cet \u00e9tang de feu et de soufre, dans lequel les impies sont pr\u00e9cipit\u00e9s tout vivants. Il d\u00e9tailla ces peines \u00e9ternelles, qui sont la funeste r\u00e9compense des faux plaisirs qui enivrent les enfants du si\u00e8cle. Il pr\u00e9senta le bonheur et la paix dont jouissent les serviteurs de Dieu ; le peu de proportion qui est entre leurs combats, et la couronne qui leur est pr\u00e9par\u00e9e ; la facilit\u00e9 de gagner ce Royaume, dont tant d&rsquo;autres, qui \u00e9taient aussi faibles que nous, ont d\u00e9j\u00e0 fait la conqu\u00eate.<\/p>\n<p>Pour ne pas d\u00e9truire par l&rsquo;exemple ce qu&rsquo;ils s&rsquo;effor\u00e7ait d&rsquo;\u00e9tablir par ses paroles, il avait toujours devant les yeux cette grande v\u00e9rit\u00e9, qu&rsquo;un pr\u00eatre, et plus encore un Pasteur, est oblig\u00e9 de joindre les \u0153uvres \u00e0 la lumi\u00e8re, et que toute la conduite ext\u00e9rieure doit porter ceux qui en sont les t\u00e9moins, \u00e0 glorifier Dieu. C&rsquo;est sur ce principe qu&rsquo;\u00e0 Ch\u00e2tillon, comme partout ailleurs, on ne voyait rien en sa personne, qui n&rsquo;inspir\u00e2t la pi\u00e9t\u00e9, et qui ne f\u00fbt une le\u00e7on continuelle de vertu, il se rendait pauvre lui-m\u00eame \u00e0 force de les soulager : il inspirait aux enfants m\u00eames, les sentiments de z\u00e8le et d&rsquo;affection qu&rsquo;il avait eus d\u00e8s sa jeunesse pour ces membres souffrants de J.C. et un d&rsquo;eux a d\u00e9pos\u00e9 qu&rsquo;il ne passait presqu&rsquo;aucun jour, sans lui faire quelque le\u00e7on sur l&rsquo;aum\u00f4ne. Du reste, il \u00e9tait v\u00eatu tr\u00e8s simplement ; il portait toujours l&rsquo;habit long, et les cheveux fort courts ; et il s&rsquo;\u00e9loignait absolument de tous ces usages profanes, auxquels les mauvais eccl\u00e9siastiques donnent le nom de modes, et les saints Canons celui de mondanit\u00e9s. Je sais que tous ces faits se pr\u00e9supposent ais\u00e9ment dans un homme tel que Vincent de Paul ; aussi dois-je avouer de bonne foi, que je ne les ai rapport\u00e9s, que parce qu&rsquo;ils se trouvent dans les t\u00e9moignages rendus par le Baron de Chastenai, et qu&rsquo;il est ais\u00e9 d&rsquo;en conclure, que, quoiqu&rsquo;en pensent bien des gens, les s\u00e9culiers font attention \u00e0 toutes les d\u00e9marches des pr\u00eatres, et qu&rsquo;ils regardent comme importantes bien des choses, que nous traitons trop ais\u00e9ment de minuties.<\/p>\n<p>Apr\u00e8s tant de pr\u00e9cautions, il \u00e9tait difficile que Vincent ne r\u00e9ussit pas. Mais, quelque succ\u00e8s qu&rsquo;il p\u00fbt attendre de la mis\u00e9ricorde de Dieu, il y a bien l&rsquo;apparence, que les b\u00e9n\u00e9dictions dont son travail fut suivi, pass\u00e8rent ses esp\u00e9rances. L&rsquo;Esprit, qui parlait par sa bouche, renouvela en tr\u00e8s peu de temps la face de sa paroisse. Quatre mois n&rsquo;\u00e9taient pas \u00e9coul\u00e9s, qu&rsquo;on ne trouvait plus Ch\u00e2tillon dans Ch\u00e2tillon m\u00eame, tant tout y \u00e9tait chang\u00e9. Les plus grands p\u00e9cheurs se pr\u00e9sentaient en foule au tribunal de la p\u00e9nitence ; et comme le saint ne renvoyait jamais personne, on \u00e9tait assez souvent oblig\u00e9 de l&rsquo;aller retirer du confessionnal, o\u00f9 tout occup\u00e9 du besoin spirituel de ses fr\u00e8res, il oubliait les plus pressants besoins de la nature.<\/p>\n<p>Parmi les conversions que Dieu op\u00e9ra par son minist\u00e8re, on remarque celle de deux (c) jeunes personnes de condition, qui pleines de l&rsquo;esprit, et des maximes du si\u00e8cle, n&rsquo;avaient jusqu&rsquo;alors fait qu&rsquo;un assez mauvais usage des agr\u00e9ments de leur sexe, et des avantages de la fortune. Leurs m\u0153urs se ressentaient de la corruption du grand monde, dans lequel elles avaient \u00e9t\u00e9 \u00e9lev\u00e9es. Esclaves du luxe et des modes, elles ignoraient ces justes bornes que prescrit S. Paul \u00e0 ceux qui ont embrass\u00e9 l&rsquo;Evangile. Leurs occupations les plus ordinaires \u00e9taient les danses, les festins et les jeux. D\u00e8s le premier discours que le S. pr\u00eatre fit en public, elles con\u00e7urent une haute id\u00e9e de son m\u00e9rite. Son style tout de feu les \u00e9branla, et elles s&rsquo;arrang\u00e8rent pour lui rendre visite. C&rsquo;\u00c8tait l\u2021 que la gr\u00e2ce les attendait. Vincent, qui s&rsquo;aper\u00e7ut du trouble qu&rsquo;il avait fait na\u00eetre dans leurs consciences, leur parla avec tant de force, et tant d&rsquo;onction, qu&rsquo;elles prirent sur le champ leur parti ; et sans se mettre en peine de ce que le monde pourrait en dire, elles form\u00e8rent la r\u00e9solution de renoncer \u00e0 ses amusements, et de se consacrer sans r\u00e9serve au service de J.C. et des pauvres qui sont ses membres. Elles l&rsquo;entreprirent, et l&rsquo;ex\u00e9cut\u00e8rent avec une facilit\u00e9, qui les surprit elles-m\u00eames, et leur z\u00e8le les rendit dignes d&rsquo;\u00eatre les premi\u00e8res pierres de l&rsquo;Edifice Spirituel que le S. homme \u00e9leva quelque temps apr\u00e8s en faveur des malades, et qui, sous le nom de Confr\u00e9rie de la Charit\u00e9, a depuis servi de mod\u00e8le \u00e0 une infinit\u00e9 d&rsquo;autres, comme nous le dirons un peu plus bas.<\/p>\n<p>L&rsquo;\u00e9loignement du Pasteur, qui manqua \u00e0 ces g\u00e9n\u00e9reuses femmes plut\u00f4t qu&rsquo;elles n&rsquo;avaient cru, ne ralentit point leur ferveur ; et il se pr\u00e9senta dans la suite de f\u00e2cheuses conjonctures, qui firent \u00e9clater toute leur vertu. Peu de temps apr\u00e8s le retour de Vincent \u00e0 Paris, la ville de Ch\u00e2tillon fut visit\u00e9e de Dieu par une famine extraordinaire. La faim et la mort annon\u00e7aient d\u00e9j\u00e0 leurs ravages ; et tout \u00e9tait \u00e0 craindre pour les pauvres. Mais l&rsquo;esprit de fermet\u00e9 et de vigilance, que les \u00e9l\u00e8ves de notre saint avaient puis\u00e9 dans ses le\u00e7ons, vint au secours de la mis\u00e8re et de l&rsquo;indigence. M. Beinier s&rsquo;associa aux deux dames dont nous parlons. Elles lou\u00e8rent avec lui un Grenier commun, elles y mirent une partie de leur bled, elles y ajout\u00e8rent celui qu&rsquo;elles purent ramasser dans une Qu\u00eate g\u00e9n\u00e9rale, qu&rsquo;elles firent chez ceux de la ville et des environs, qui \u00e9taient en \u00e9tat d&rsquo;y contribuer ; et sans se rebuter ni du travail, ni de la d\u00e9pense, elles le distribu\u00e8rent elles-m\u00eames \u00e0 ceux qui n&rsquo;en avaient pas.<\/p>\n<p>Un fl\u00e9au plus redoutable que la famine, la suivit de pr\u00e9s. La peste d\u00e9sola Ch\u00e2tillon. La crainte d&rsquo;un mal si contagieux et si terrible, effrayait les hommes les plus courageux. Le sexe le plus faible et le plus timide, parut ne l&rsquo;appr\u00e9hender pas. Que l&rsquo;on est fort, quand on est anim\u00e9 de la charit\u00e9 de J.C. Ces m\u00eames dames, qui auraient pu se mettre \u00e0 l&rsquo;abri de l&rsquo;orage dans leurs maisons de campagne, ne voulurent pas abandonner les pauvres et les malades. Le trouble et les alarmes publiques, ne leur \u00f4t\u00e8rent rien de la pr\u00e9sence d&rsquo;esprit si n\u00e9cessaire, mais si rare dans ces tristes occasions. Sans vouloir tenter Dieu, elles mirent en lui leur confiance. Elles firent dresser des cabanes aupr\u00e8s de la ville, et elles s&rsquo;y log\u00e8rent. C&rsquo;est l\u00e0 qu&rsquo;on pr\u00e9parait des vivres pour les pauvres, et des rem\u00e8des pour ceux que le mal avait attaqu\u00e9s : des mains fid\u00e8les \u00e9taient charg\u00e9es de les porter \u00e0 ceux qui en avaient besoin. La ville de Ch\u00e2tillon fut attendrie du spectacle, que lui donnaient deux personnes si distingu\u00e9es dans la Bresse ; et on avait peine \u00e0 retenir les larmes, quand on les voyait passer les jours et les nuits dans des chaumi\u00e8res, o\u00f9 expos\u00e9es \u00e0 la corruption de l&rsquo;air, elles essuyaient encore les incommodit\u00e9s de ces mis\u00e9rables r\u00e9duits. La fin du mal ne fut pas le terme de leur charit\u00e9. Les instructions, que notre saint leur avait donn\u00e9es, leur furent toujours pr\u00e9sentes ; et comme tout ce qu&rsquo;elle avaient fait jusqu&rsquo;alors, ne suffisait pas \u00e0 l&rsquo;\u00e9tendue de leur z\u00e8le, elles contribu\u00e8rent \u00e0 l&rsquo;\u00e9tablissement des PP. Capucins en la ville de Ch\u00e2tillon, pour multiplier, par le moyen de ces saints Religieux le bien qu&rsquo;elles ne pouvaient faire par elles-m\u00eames.<\/p>\n","protected":false},"excerpt":{"rendered":"<p>Livre premier 11. Ses travaux \u00e0 Ch\u00e2tillon, il r\u00e9forme son Clerg\u00e9; Ses autres succ\u00e8s dans cette ville; changement de deux femmes de con\u00addition. Le portrait, qu&rsquo;on lui avait fait de ce Pays, ne pouvait \u00eatre &#8230; <a href=\"https:\/\/vincentians.com\/fr\/la-vie-de-saint-vincent-de-paul-instituteur-de-la-congregation-de-la-mission-et-des-filles-de-la-charite-011\/\" class=\"more-link\">Read More<\/a><\/p>\n","protected":false},"author":4,"featured_media":107739,"comment_status":"open","ping_status":"open","sticky":false,"template":"","format":"standard","meta":{"jetpack_post_was_ever_published":false,"_jetpack_newsletter_access":"","_jetpack_dont_email_post_to_subs":false,"_jetpack_newsletter_tier_id":0,"_jetpack_memberships_contains_paywalled_content":false,"_jetpack_memberships_contains_paid_content":false,"footnotes":"","jetpack_publicize_message":"","jetpack_publicize_feature_enabled":true,"jetpack_social_post_already_shared":true,"jetpack_social_options":{"image_generator_settings":{"template":"highway","default_image_id":0,"font":"","enabled":false},"version":2}},"categories":[5],"tags":[],"class_list":["post-108106","post","type-post","status-publish","format-standard","has-post-thumbnail","hentry","category-vincent-de-paul"],"yoast_head":"<!-- This site is optimized with the Yoast SEO plugin v26.3 - https:\/\/yoast.com\/wordpress\/plugins\/seo\/ -->\n<title>La vie de Saint Vincent de Paul, instituteur de la Congr\u00e9gation de la Mission et des Filles de la Charit\u00e9 (011) - Nous Sommes Vincentiens<\/title>\n<meta name=\"robots\" content=\"index, follow, max-snippet:-1, max-image-preview:large, max-video-preview:-1\" \/>\n<link rel=\"canonical\" href=\"https:\/\/vincentians.com\/fr\/la-vie-de-saint-vincent-de-paul-instituteur-de-la-congregation-de-la-mission-et-des-filles-de-la-charite-011\/\" \/>\n<meta property=\"og:locale\" content=\"fr_FR\" \/>\n<meta property=\"og:type\" content=\"article\" \/>\n<meta property=\"og:title\" content=\"La vie de Saint Vincent de Paul, instituteur de la Congr\u00e9gation de la Mission et des Filles de la Charit\u00e9 (011) - Nous Sommes Vincentiens\" \/>\n<meta property=\"og:description\" content=\"Livre premier 11. Ses travaux \u00e0 Ch\u00e2tillon, il r\u00e9forme son Clerg\u00e9; Ses autres succ\u00e8s dans cette ville; changement de deux femmes de con\u00addition. Le portrait, qu&rsquo;on lui avait fait de ce Pays, ne pouvait \u00eatre ... Read More\" \/>\n<meta property=\"og:url\" content=\"https:\/\/vincentians.com\/fr\/la-vie-de-saint-vincent-de-paul-instituteur-de-la-congregation-de-la-mission-et-des-filles-de-la-charite-011\/\" \/>\n<meta property=\"og:site_name\" content=\"Nous Sommes Vincentiens\" \/>\n<meta property=\"article:publisher\" content=\"https:\/\/www.facebook.com\/WeAreVincentians\/\" \/>\n<meta property=\"article:author\" content=\"https:\/\/www.facebook.com\/JavierChento\" \/>\n<meta property=\"article:published_time\" content=\"2014-02-07T05:53:56+00:00\" \/>\n<meta name=\"author\" content=\"Francisco Javier Fern\u00e1ndez Chento\" \/>\n<meta name=\"twitter:card\" content=\"summary_large_image\" \/>\n<meta name=\"twitter:creator\" content=\"@https:\/\/twitter.com\/javierchento\" \/>\n<meta name=\"twitter:site\" content=\"@WeVincentians\" \/>\n<meta name=\"twitter:label1\" content=\"\u00c9crit par\" \/>\n\t<meta name=\"twitter:data1\" content=\"Francisco Javier Fern\u00e1ndez Chento\" \/>\n\t<meta name=\"twitter:label2\" content=\"Dur\u00e9e de lecture estim\u00e9e\" \/>\n\t<meta name=\"twitter:data2\" content=\"13 minutes\" \/>\n<script type=\"application\/ld+json\" class=\"yoast-schema-graph\">{\"@context\":\"https:\/\/schema.org\",\"@graph\":[{\"@type\":\"WebPage\",\"@id\":\"https:\/\/vincentians.com\/fr\/la-vie-de-saint-vincent-de-paul-instituteur-de-la-congregation-de-la-mission-et-des-filles-de-la-charite-011\/\",\"url\":\"https:\/\/vincentians.com\/fr\/la-vie-de-saint-vincent-de-paul-instituteur-de-la-congregation-de-la-mission-et-des-filles-de-la-charite-011\/\",\"name\":\"La vie de Saint Vincent de Paul, instituteur de la Congr\u00e9gation de la Mission et des Filles de la Charit\u00e9 (011) - Nous Sommes Vincentiens\",\"isPartOf\":{\"@id\":\"http:\/\/vincentians.com\/fr\/#website\"},\"primaryImageOfPage\":{\"@id\":\"https:\/\/vincentians.com\/fr\/la-vie-de-saint-vincent-de-paul-instituteur-de-la-congregation-de-la-mission-et-des-filles-de-la-charite-011\/#primaryimage\"},\"image\":{\"@id\":\"https:\/\/vincentians.com\/fr\/la-vie-de-saint-vincent-de-paul-instituteur-de-la-congregation-de-la-mission-et-des-filles-de-la-charite-011\/#primaryimage\"},\"thumbnailUrl\":\"\",\"datePublished\":\"2014-02-07T05:53:56+00:00\",\"author\":{\"@id\":\"http:\/\/vincentians.com\/fr\/#\/schema\/person\/9623ef4d9aa3b2dfb8c061f1499288f2\"},\"breadcrumb\":{\"@id\":\"https:\/\/vincentians.com\/fr\/la-vie-de-saint-vincent-de-paul-instituteur-de-la-congregation-de-la-mission-et-des-filles-de-la-charite-011\/#breadcrumb\"},\"inLanguage\":\"fr-FR\",\"potentialAction\":[{\"@type\":\"ReadAction\",\"target\":[\"https:\/\/vincentians.com\/fr\/la-vie-de-saint-vincent-de-paul-instituteur-de-la-congregation-de-la-mission-et-des-filles-de-la-charite-011\/\"]}]},{\"@type\":\"ImageObject\",\"inLanguage\":\"fr-FR\",\"@id\":\"https:\/\/vincentians.com\/fr\/la-vie-de-saint-vincent-de-paul-instituteur-de-la-congregation-de-la-mission-et-des-filles-de-la-charite-011\/#primaryimage\",\"url\":\"\",\"contentUrl\":\"\"},{\"@type\":\"BreadcrumbList\",\"@id\":\"https:\/\/vincentians.com\/fr\/la-vie-de-saint-vincent-de-paul-instituteur-de-la-congregation-de-la-mission-et-des-filles-de-la-charite-011\/#breadcrumb\",\"itemListElement\":[{\"@type\":\"ListItem\",\"position\":1,\"name\":\"Portada\",\"item\":\"http:\/\/vincentians.com\/fr\/\"},{\"@type\":\"ListItem\",\"position\":2,\"name\":\"La vie de Saint Vincent de Paul, instituteur de la Congr\u00e9gation de la Mission et des Filles de la Charit\u00e9 (011)\"}]},{\"@type\":\"WebSite\",\"@id\":\"http:\/\/vincentians.com\/fr\/#website\",\"url\":\"http:\/\/vincentians.com\/fr\/\",\"name\":\"Nous Sommes Vincentiens\",\"description\":\"Know more to serve more\",\"potentialAction\":[{\"@type\":\"SearchAction\",\"target\":{\"@type\":\"EntryPoint\",\"urlTemplate\":\"http:\/\/vincentians.com\/fr\/?s={search_term_string}\"},\"query-input\":{\"@type\":\"PropertyValueSpecification\",\"valueRequired\":true,\"valueName\":\"search_term_string\"}}],\"inLanguage\":\"fr-FR\"},{\"@type\":\"Person\",\"@id\":\"http:\/\/vincentians.com\/fr\/#\/schema\/person\/9623ef4d9aa3b2dfb8c061f1499288f2\",\"name\":\"Francisco Javier Fern\u00e1ndez Chento\",\"image\":{\"@type\":\"ImageObject\",\"inLanguage\":\"fr-FR\",\"@id\":\"http:\/\/vincentians.com\/fr\/#\/schema\/person\/image\/\",\"url\":\"https:\/\/secure.gravatar.com\/avatar\/497d5cde87b4c3d097d0315953521681ba2cd523ee66e5077c3711f7021e65de?s=96&d=mm&r=g\",\"contentUrl\":\"https:\/\/secure.gravatar.com\/avatar\/497d5cde87b4c3d097d0315953521681ba2cd523ee66e5077c3711f7021e65de?s=96&d=mm&r=g\",\"caption\":\"Francisco Javier Fern\u00e1ndez Chento\"},\"description\":\"Director General y cofundador de La Red de Formaci\u00f3n Vicenciana. Javier es laico vicenciano, afiliado a la Congregaci\u00f3n de la Misi\u00f3n y miembro del Equipo de Misiones Populares de la provincia can\u00f3nica de Zaragoza (Espa\u00f1a) de la Congregaci\u00f3n de la Misi\u00f3n. Graduado en la Universidad Oberta de Catalunya con cuatro grados (Asistente de direcci\u00f3n, Gesti\u00f3n Administrativa, Recursos Humanos y Contabilidad Avanzada). Bil\u00edng\u00fce Espa\u00f1ol\/Ingl\u00e9s. gestiona y mantiene varias p\u00e1ginas web cristianas y vicencianas, incluida including La Red de Formaci\u00f3n Vicenciana, de la que es cofundador. Actualmente es responsable del \u00e1rea de Espa\u00f1ol de .famvin, la Red de Noticias de la Familia Vicenciana. Tambi\u00e9n es m\u00fasico cat\u00f3lico y ha editado varios discos. Es Director General y cofundador de Trovador, una reconocida compa\u00f1\u00eda discogr\u00e1fica critiana de Espa\u00f1a. Trabaja en las Tecnolog\u00edas de la Informaci\u00f3n, ofreciendo servicios de alojamiento, dise\u00f1o y mantenimiento Web, as\u00ed como asesoramiento, formaci\u00f3n y soluciones inform\u00e1ticas, gesti\u00f3n documental y digitalizaci\u00f3n de textos, edici\u00f3n y maquetaci\u00f3n de libros, revistas, flyers, etc.\",\"sameAs\":[\"http:\/\/chento.org\",\"https:\/\/www.facebook.com\/JavierChento\",\"https:\/\/x.com\/https:\/\/twitter.com\/javierchento\"],\"url\":\"https:\/\/vincentians.com\/fr\/author\/chento\/\"}]}<\/script>\n<!-- \/ Yoast SEO plugin. -->","yoast_head_json":{"title":"La vie de Saint Vincent de Paul, instituteur de la Congr\u00e9gation de la Mission et des Filles de la Charit\u00e9 (011) - Nous Sommes Vincentiens","robots":{"index":"index","follow":"follow","max-snippet":"max-snippet:-1","max-image-preview":"max-image-preview:large","max-video-preview":"max-video-preview:-1"},"canonical":"https:\/\/vincentians.com\/fr\/la-vie-de-saint-vincent-de-paul-instituteur-de-la-congregation-de-la-mission-et-des-filles-de-la-charite-011\/","og_locale":"fr_FR","og_type":"article","og_title":"La vie de Saint Vincent de Paul, instituteur de la Congr\u00e9gation de la Mission et des Filles de la Charit\u00e9 (011) - Nous Sommes Vincentiens","og_description":"Livre premier 11. Ses travaux \u00e0 Ch\u00e2tillon, il r\u00e9forme son Clerg\u00e9; Ses autres succ\u00e8s dans cette ville; changement de deux femmes de con\u00addition. Le portrait, qu&rsquo;on lui avait fait de ce Pays, ne pouvait \u00eatre ... Read More","og_url":"https:\/\/vincentians.com\/fr\/la-vie-de-saint-vincent-de-paul-instituteur-de-la-congregation-de-la-mission-et-des-filles-de-la-charite-011\/","og_site_name":"Nous Sommes Vincentiens","article_publisher":"https:\/\/www.facebook.com\/WeAreVincentians\/","article_author":"https:\/\/www.facebook.com\/JavierChento","article_published_time":"2014-02-07T05:53:56+00:00","author":"Francisco Javier Fern\u00e1ndez Chento","twitter_card":"summary_large_image","twitter_creator":"@https:\/\/twitter.com\/javierchento","twitter_site":"@WeVincentians","twitter_misc":{"\u00c9crit par":"Francisco Javier Fern\u00e1ndez Chento","Dur\u00e9e de lecture estim\u00e9e":"13 minutes"},"schema":{"@context":"https:\/\/schema.org","@graph":[{"@type":"WebPage","@id":"https:\/\/vincentians.com\/fr\/la-vie-de-saint-vincent-de-paul-instituteur-de-la-congregation-de-la-mission-et-des-filles-de-la-charite-011\/","url":"https:\/\/vincentians.com\/fr\/la-vie-de-saint-vincent-de-paul-instituteur-de-la-congregation-de-la-mission-et-des-filles-de-la-charite-011\/","name":"La vie de Saint Vincent de Paul, instituteur de la Congr\u00e9gation de la Mission et des Filles de la Charit\u00e9 (011) - Nous Sommes Vincentiens","isPartOf":{"@id":"http:\/\/vincentians.com\/fr\/#website"},"primaryImageOfPage":{"@id":"https:\/\/vincentians.com\/fr\/la-vie-de-saint-vincent-de-paul-instituteur-de-la-congregation-de-la-mission-et-des-filles-de-la-charite-011\/#primaryimage"},"image":{"@id":"https:\/\/vincentians.com\/fr\/la-vie-de-saint-vincent-de-paul-instituteur-de-la-congregation-de-la-mission-et-des-filles-de-la-charite-011\/#primaryimage"},"thumbnailUrl":"","datePublished":"2014-02-07T05:53:56+00:00","author":{"@id":"http:\/\/vincentians.com\/fr\/#\/schema\/person\/9623ef4d9aa3b2dfb8c061f1499288f2"},"breadcrumb":{"@id":"https:\/\/vincentians.com\/fr\/la-vie-de-saint-vincent-de-paul-instituteur-de-la-congregation-de-la-mission-et-des-filles-de-la-charite-011\/#breadcrumb"},"inLanguage":"fr-FR","potentialAction":[{"@type":"ReadAction","target":["https:\/\/vincentians.com\/fr\/la-vie-de-saint-vincent-de-paul-instituteur-de-la-congregation-de-la-mission-et-des-filles-de-la-charite-011\/"]}]},{"@type":"ImageObject","inLanguage":"fr-FR","@id":"https:\/\/vincentians.com\/fr\/la-vie-de-saint-vincent-de-paul-instituteur-de-la-congregation-de-la-mission-et-des-filles-de-la-charite-011\/#primaryimage","url":"","contentUrl":""},{"@type":"BreadcrumbList","@id":"https:\/\/vincentians.com\/fr\/la-vie-de-saint-vincent-de-paul-instituteur-de-la-congregation-de-la-mission-et-des-filles-de-la-charite-011\/#breadcrumb","itemListElement":[{"@type":"ListItem","position":1,"name":"Portada","item":"http:\/\/vincentians.com\/fr\/"},{"@type":"ListItem","position":2,"name":"La vie de Saint Vincent de Paul, instituteur de la Congr\u00e9gation de la Mission et des Filles de la Charit\u00e9 (011)"}]},{"@type":"WebSite","@id":"http:\/\/vincentians.com\/fr\/#website","url":"http:\/\/vincentians.com\/fr\/","name":"Nous Sommes Vincentiens","description":"Know more to serve more","potentialAction":[{"@type":"SearchAction","target":{"@type":"EntryPoint","urlTemplate":"http:\/\/vincentians.com\/fr\/?s={search_term_string}"},"query-input":{"@type":"PropertyValueSpecification","valueRequired":true,"valueName":"search_term_string"}}],"inLanguage":"fr-FR"},{"@type":"Person","@id":"http:\/\/vincentians.com\/fr\/#\/schema\/person\/9623ef4d9aa3b2dfb8c061f1499288f2","name":"Francisco Javier Fern\u00e1ndez Chento","image":{"@type":"ImageObject","inLanguage":"fr-FR","@id":"http:\/\/vincentians.com\/fr\/#\/schema\/person\/image\/","url":"https:\/\/secure.gravatar.com\/avatar\/497d5cde87b4c3d097d0315953521681ba2cd523ee66e5077c3711f7021e65de?s=96&d=mm&r=g","contentUrl":"https:\/\/secure.gravatar.com\/avatar\/497d5cde87b4c3d097d0315953521681ba2cd523ee66e5077c3711f7021e65de?s=96&d=mm&r=g","caption":"Francisco Javier Fern\u00e1ndez Chento"},"description":"Director General y cofundador de La Red de Formaci\u00f3n Vicenciana. Javier es laico vicenciano, afiliado a la Congregaci\u00f3n de la Misi\u00f3n y miembro del Equipo de Misiones Populares de la provincia can\u00f3nica de Zaragoza (Espa\u00f1a) de la Congregaci\u00f3n de la Misi\u00f3n. Graduado en la Universidad Oberta de Catalunya con cuatro grados (Asistente de direcci\u00f3n, Gesti\u00f3n Administrativa, Recursos Humanos y Contabilidad Avanzada). Bil\u00edng\u00fce Espa\u00f1ol\/Ingl\u00e9s. gestiona y mantiene varias p\u00e1ginas web cristianas y vicencianas, incluida including La Red de Formaci\u00f3n Vicenciana, de la que es cofundador. Actualmente es responsable del \u00e1rea de Espa\u00f1ol de .famvin, la Red de Noticias de la Familia Vicenciana. Tambi\u00e9n es m\u00fasico cat\u00f3lico y ha editado varios discos. Es Director General y cofundador de Trovador, una reconocida compa\u00f1\u00eda discogr\u00e1fica critiana de Espa\u00f1a. Trabaja en las Tecnolog\u00edas de la Informaci\u00f3n, ofreciendo servicios de alojamiento, dise\u00f1o y mantenimiento Web, as\u00ed como asesoramiento, formaci\u00f3n y soluciones inform\u00e1ticas, gesti\u00f3n documental y digitalizaci\u00f3n de textos, edici\u00f3n y maquetaci\u00f3n de libros, revistas, flyers, etc.","sameAs":["http:\/\/chento.org","https:\/\/www.facebook.com\/JavierChento","https:\/\/x.com\/https:\/\/twitter.com\/javierchento"],"url":"https:\/\/vincentians.com\/fr\/author\/chento\/"}]}},"jetpack_publicize_connections":[],"jetpack_featured_media_url":"","jetpack_sharing_enabled":true,"jetpack_shortlink":"https:\/\/wp.me\/p7ETMP-s7E","jetpack-related-posts":[{"id":52031,"url":"https:\/\/vincentians.com\/fr\/saint-vincent-de-paul-et-sa-mission-sociale-i-la-vocation-3\/","url_meta":{"origin":108106,"position":0},"title":"Saint Vincent De Paul Et Sa Mission Sociale. I &#8211; La vocation (3)","author":"Francisco Javier Fern\u00e1ndez Chento","date":"20\/12\/2014","format":false,"excerpt":"L\u2019APOSTOLAT DE LA CHARIT\u00c9. Les pr\u00e9mices du dix-septi\u00e8me si\u00e8cle. \u2014 Vincent de Paul et le P. de B\u00e9rulle. \u2014 Vincent est nomm\u00e9 cur\u00e9 de Clichy. \u2014 Ses premiers travaux. \u2014 Son entr\u00e9e dans la maison de Gondi. - Les pauvres gens des campagnes. \u2014 Premi\u00e8re mission \u00e0 Folleville. \u2014 Vincent\u2026","rel":"","context":"Dans &quot;Vincent de Paul&quot;","block_context":{"text":"Vincent de Paul","link":"https:\/\/vincentians.com\/fr\/category\/the-vincentian-family\/founders\/vincent-de-paul\/"},"img":{"alt_text":"","src":"https:\/\/i0.wp.com\/vincentians.com\/fr\/wp-content\/uploads\/sites\/10\/2016\/07\/vincent-et-sa-action-sociale.jpg?fit=1160%2C630&ssl=1&resize=350%2C200","width":350,"height":200,"srcset":"https:\/\/i0.wp.com\/vincentians.com\/fr\/wp-content\/uploads\/sites\/10\/2016\/07\/vincent-et-sa-action-sociale.jpg?fit=1160%2C630&ssl=1&resize=350%2C200 1x, https:\/\/i0.wp.com\/vincentians.com\/fr\/wp-content\/uploads\/sites\/10\/2016\/07\/vincent-et-sa-action-sociale.jpg?fit=1160%2C630&ssl=1&resize=525%2C300 1.5x, https:\/\/i0.wp.com\/vincentians.com\/fr\/wp-content\/uploads\/sites\/10\/2016\/07\/vincent-et-sa-action-sociale.jpg?fit=1160%2C630&ssl=1&resize=700%2C400 2x, https:\/\/i0.wp.com\/vincentians.com\/fr\/wp-content\/uploads\/sites\/10\/2016\/07\/vincent-et-sa-action-sociale.jpg?fit=1160%2C630&ssl=1&resize=1050%2C600 3x"},"classes":[]},{"id":52033,"url":"https:\/\/vincentians.com\/fr\/saint-vincent-de-paul-et-sa-mission-sociale-ii-les-oeuvres-1\/","url_meta":{"origin":108106,"position":1},"title":"Saint Vincent De Paul Et Sa Mission Sociale. II &#8211; Les \u0152uvres (1)","author":"Francisco Javier Fern\u00e1ndez Chento","date":"21\/12\/2014","format":false,"excerpt":"LES CONFR\u00c9RIES DE LA CHARIT\u00c9. Organisation et d\u00e9veloppement de la confr\u00e9rie de la Charit\u00e9. \u2014 Les domaines du seigneur de Gondi. \u2014 Premi\u00e8re id\u00e9e de la congr\u00e9gation de la Mission. \u2014 Vincent de Paul devient aum\u00f4nier royal des gal\u00e8res et sup\u00e9rieur des religieuses de la Visitation. \u2014 Saint Fran\u00e7ois de\u2026","rel":"","context":"Dans &quot;Vincent de Paul&quot;","block_context":{"text":"Vincent de Paul","link":"https:\/\/vincentians.com\/fr\/category\/the-vincentian-family\/founders\/vincent-de-paul\/"},"img":{"alt_text":"","src":"https:\/\/i0.wp.com\/vincentians.com\/fr\/wp-content\/uploads\/sites\/10\/2016\/07\/vincent-et-sa-action-sociale.jpg?fit=1160%2C630&ssl=1&resize=350%2C200","width":350,"height":200,"srcset":"https:\/\/i0.wp.com\/vincentians.com\/fr\/wp-content\/uploads\/sites\/10\/2016\/07\/vincent-et-sa-action-sociale.jpg?fit=1160%2C630&ssl=1&resize=350%2C200 1x, https:\/\/i0.wp.com\/vincentians.com\/fr\/wp-content\/uploads\/sites\/10\/2016\/07\/vincent-et-sa-action-sociale.jpg?fit=1160%2C630&ssl=1&resize=525%2C300 1.5x, https:\/\/i0.wp.com\/vincentians.com\/fr\/wp-content\/uploads\/sites\/10\/2016\/07\/vincent-et-sa-action-sociale.jpg?fit=1160%2C630&ssl=1&resize=700%2C400 2x, https:\/\/i0.wp.com\/vincentians.com\/fr\/wp-content\/uploads\/sites\/10\/2016\/07\/vincent-et-sa-action-sociale.jpg?fit=1160%2C630&ssl=1&resize=1050%2C600 3x"},"classes":[]},{"id":38477,"url":"https:\/\/vincentians.com\/fr\/le-directeur-provincial-animateur-des-filles-de-la-charite\/","url_meta":{"origin":108106,"position":2},"title":"Le Directeur Provincial \u201canimateur\u201d des Filles de la Charit\u00e9","author":"Francisco Javier Fern\u00e1ndez Chento","date":"03\/10\/2012","format":false,"excerpt":"Dans les Constitutions des Filles de la Charit\u00e9, nous trouvons \u00e0 l\u2019article 3.38: le Directeur Provincial est un pr\u00eatre de la Congr\u00e9gation de la Mission, nomm\u00e9 par le Sup\u00e9rieur G\u00e9n\u00e9ral; \u201cil partage avec la Visitatrice et son Conseil la responsabilit\u00e9 de promouvoir l\u2019esprit vincentien dans la Province\u201d Missionnaire, le directeur\u2026","rel":"","context":"Dans &quot;Congr\u00e9gation de la Mission&quot;","block_context":{"text":"Congr\u00e9gation de la Mission","link":"https:\/\/vincentians.com\/fr\/category\/congregation-de-la-mission\/"},"img":{"alt_text":"","src":"https:\/\/i0.wp.com\/vincentiens.org\/wp-content\/uploads\/2011\/05\/filles_charite-228x300.jpg?resize=350%2C200","width":350,"height":200},"classes":[]},{"id":104977,"url":"https:\/\/vincentians.com\/fr\/la-vie-du-venerable-serviteur-de-dieu-vincent-de-paul-livre-premier-chapitre-xi\/","url_meta":{"origin":108106,"position":3},"title":"La vie du v\u00e9n\u00e9rable serviteur de Dieu Vincent de Paul, Livre premier, Chapitre XI","author":"Francisco Javier Fern\u00e1ndez Chento","date":"08\/12\/2012","format":false,"excerpt":"Ce qui se passa en la conversion de quelques h\u00e9r\u00e9tiques que M. Vincent ramena heureusement \u00e0 l'Eglise catholique. Ce fut pendant le temps qu'il travaillait \u00e0 Ch\u00e2tillon que Dieu se servit de son z\u00e8le et de sa prudence pour d\u00e9sabuser quelques esprits engag\u00e9s dans l'h\u00e9r\u00e9sie et les remettre dans le\u2026","rel":"","context":"Dans &quot;Vincent de Paul&quot;","block_context":{"text":"Vincent de Paul","link":"https:\/\/vincentians.com\/fr\/category\/the-vincentian-family\/founders\/vincent-de-paul\/"},"img":{"alt_text":"","src":"https:\/\/i0.wp.com\/vincentians.com\/fr\/wp-content\/uploads\/sites\/10\/2016\/07\/abelly-feat.jpg?fit=1200%2C630&ssl=1&resize=350%2C200","width":350,"height":200,"srcset":"https:\/\/i0.wp.com\/vincentians.com\/fr\/wp-content\/uploads\/sites\/10\/2016\/07\/abelly-feat.jpg?fit=1200%2C630&ssl=1&resize=350%2C200 1x, https:\/\/i0.wp.com\/vincentians.com\/fr\/wp-content\/uploads\/sites\/10\/2016\/07\/abelly-feat.jpg?fit=1200%2C630&ssl=1&resize=525%2C300 1.5x, https:\/\/i0.wp.com\/vincentians.com\/fr\/wp-content\/uploads\/sites\/10\/2016\/07\/abelly-feat.jpg?fit=1200%2C630&ssl=1&resize=700%2C400 2x, https:\/\/i0.wp.com\/vincentians.com\/fr\/wp-content\/uploads\/sites\/10\/2016\/07\/abelly-feat.jpg?fit=1200%2C630&ssl=1&resize=1050%2C600 3x"},"classes":[]},{"id":108125,"url":"https:\/\/vincentians.com\/fr\/la-vie-de-saint-vincent-de-paul-instituteur-de-la-congregation-de-la-mission-et-des-filles-de-la-charite-017\/","url_meta":{"origin":108106,"position":4},"title":"La vie de Saint Vincent de Paul, instituteur de la Congr\u00e9gation de la Mission et des Filles de la Charit\u00e9 (017)","author":"Francisco Javier Fern\u00e1ndez Chento","date":"13\/02\/2014","format":false,"excerpt":"Livre Second 2. Il quitte Ch\u00e2tillon ; consternation de cette ville ; bel \u00e9loge qu\u2019elle fait des vertus du saint Pr\u00eatre. S'il est permis \u00e0 un Pasteur de go\u00fbter le plaisir d'\u00eatre tendrement aim\u00e9 de son peuple, Vincent dut \u00eatre bien consol\u00e9. Il n'eut pas plut\u00f4t annonc\u00e9 son d\u00e9part, que\u2026","rel":"","context":"Dans &quot;Vincent de Paul&quot;","block_context":{"text":"Vincent de Paul","link":"https:\/\/vincentians.com\/fr\/category\/the-vincentian-family\/founders\/vincent-de-paul\/"},"img":{"alt_text":"collet","src":"https:\/\/i0.wp.com\/vincentiens.org\/wp-content\/uploads\/2014\/01\/collet-248x300.jpg?resize=350%2C200","width":350,"height":200},"classes":[]},{"id":108104,"url":"https:\/\/vincentians.com\/fr\/la-vie-de-saint-vincent-de-paul-instituteur-de-la-congregation-de-la-mission-et-des-filles-de-la-charite-013\/","url_meta":{"origin":108106,"position":5},"title":"La vie de Saint Vincent de Paul, instituteur de la Congr\u00e9gation de la Mission et des Filles de la Charit\u00e9 (013)","author":"Francisco Javier Fern\u00e1ndez Chento","date":"09\/02\/2014","format":false,"excerpt":"Livre premier 13. Conversion de plusieurs H\u00e9r\u00e9tiques; abjuration de Messieurs Beynier et Garron. Vincent ne borna pas son z\u00e8le \u00e0 ceux que S. Paul appelle les domestiques de la Foi ; il l'\u00e9tendit \u00e0 ceux que les nouvelles h\u00e9r\u00e9sies avaient s\u00e9par\u00e9s de l'Eglise. Un des premiers, dont il entreprit la\u2026","rel":"","context":"Dans &quot;Vincent de Paul&quot;","block_context":{"text":"Vincent de Paul","link":"https:\/\/vincentians.com\/fr\/category\/the-vincentian-family\/founders\/vincent-de-paul\/"},"img":{"alt_text":"collet","src":"https:\/\/i0.wp.com\/vincentiens.org\/wp-content\/uploads\/2014\/01\/collet-248x300.jpg?resize=350%2C200","width":350,"height":200},"classes":[]}],"_links":{"self":[{"href":"https:\/\/vincentians.com\/fr\/wp-json\/wp\/v2\/posts\/108106","targetHints":{"allow":["GET"]}}],"collection":[{"href":"https:\/\/vincentians.com\/fr\/wp-json\/wp\/v2\/posts"}],"about":[{"href":"https:\/\/vincentians.com\/fr\/wp-json\/wp\/v2\/types\/post"}],"author":[{"embeddable":true,"href":"https:\/\/vincentians.com\/fr\/wp-json\/wp\/v2\/users\/4"}],"replies":[{"embeddable":true,"href":"https:\/\/vincentians.com\/fr\/wp-json\/wp\/v2\/comments?post=108106"}],"version-history":[{"count":0,"href":"https:\/\/vincentians.com\/fr\/wp-json\/wp\/v2\/posts\/108106\/revisions"}],"wp:featuredmedia":[{"embeddable":true,"href":"https:\/\/vincentians.com\/fr\/wp-json\/"}],"wp:attachment":[{"href":"https:\/\/vincentians.com\/fr\/wp-json\/wp\/v2\/media?parent=108106"}],"wp:term":[{"taxonomy":"category","embeddable":true,"href":"https:\/\/vincentians.com\/fr\/wp-json\/wp\/v2\/categories?post=108106"},{"taxonomy":"post_tag","embeddable":true,"href":"https:\/\/vincentians.com\/fr\/wp-json\/wp\/v2\/tags?post=108106"}],"curies":[{"name":"wp","href":"https:\/\/api.w.org\/{rel}","templated":true}]}}