{"id":108105,"date":"2014-02-08T06:53:56","date_gmt":"2014-02-08T05:53:56","guid":{"rendered":"http:\/\/vincentiens.org\/?p=108105"},"modified":"2014-02-08T06:53:56","modified_gmt":"2014-02-08T05:53:56","slug":"la-vie-de-saint-vincent-de-paul-instituteur-de-la-congregation-de-la-mission-et-des-filles-de-la-charite-012","status":"publish","type":"post","link":"https:\/\/vincentians.com\/fr\/la-vie-de-saint-vincent-de-paul-instituteur-de-la-congregation-de-la-mission-et-des-filles-de-la-charite-012\/","title":{"rendered":"La vie de Saint Vincent de Paul, instituteur de la Congr\u00e9gation de la Mission et des Filles de la Charit\u00e9 (012)"},"content":{"rendered":"<h2>Livre premier<\/h2>\n<h3>12. Conversion \u00e9clatante du Comte de Rougemont ; vertus de ce Seigneur ; son d\u00e9tachement des cr\u00e9atures ; sa sainte mort.<\/h3>\n<p><a href=\"https:\/\/i0.wp.com\/vincentiens.org\/wp-content\/uploads\/2014\/01\/collet.jpg\"><img data-recalc-dims=\"1\" loading=\"lazy\" decoding=\"async\" class=\"alignright\" alt=\"collet\" src=\"https:\/\/i0.wp.com\/vincentiens.org\/wp-content\/uploads\/2014\/01\/collet-248x300.jpg?resize=248%2C300\" width=\"248\" height=\"300\" \/><\/a>La conversion de ces deux dames donna dans tout le pays beaucoup de cr\u00e9dit au S. pr\u00eatre ; mais il n&rsquo;y en eut point de plus \u00e9clatante, ni de plus capable d&rsquo;honorer ses travaux, que celle du Comte de Rougemont. C&rsquo;\u00e9tait un Seigneur de Savoie retir\u00e9 en France, lorsque Henri IV unit la Bresse \u00e0 son Royaume. Il avait pass\u00e9 toute sa vie \u00e0 la Cour, et il en avait pris, comme il n&rsquo;arrive que trop ordinairement \u00e0 ceux qui la fr\u00e9quentent, les sentiments et les maximes. Comme les duels \u00e9taient alors la passion dominante des gens de condition, et le moyen le plus propre \u00e0 leur acqu\u00e9rir cette fausse r\u00e9putation, dont ils sont si jaloux, le Comte de Rougemont, qui aimait la gloire, et qui ne savait ni pardonner ni dissimuler une injure, \u00e9tait un des plus grands duellistes de son si\u00e8cle. Il \u00e9tait toujours pr\u00eat \u00e0 mettre l&rsquo;\u00e9p\u00e9e \u00e0 la main, soit pour venger ceux de ses amis qui lui demandaient du secours, soit pour terminer ses querelles personnelles. Comme il \u00e9tait grand, souple et vigoureux, il avait toujours l&rsquo;avantage. On aurait peine \u00e0 croire, disait notre saint, en parlant de lui, combien il avait maltrait\u00e9, bless\u00e9 et tu\u00e9 de monde. Il s&rsquo;\u00e9tait rendu la terreur de tout le pays ; et quiconque ne marchait pas droit avec lui, \u00e9tait s\u00fbr d&rsquo;\u00eatre promptement exp\u00e9di\u00e9. La r\u00e9putation de Vincent s&rsquo;\u00e9tant bient\u00f4t r\u00e9pandue dans toute la Bresse, le Comte voulut conna\u00eetre par lui-m\u00eame un homme, dont on lui disait tant de choses extraordinaires. Il le fut voir plusieurs fois \u00e0 Ch\u00e2tillon. Il lui parla souvent des affaires de son salut, et de sa conscience ; et il s&rsquo;ouvrit sans peine, m\u00eame dans la conversation, sur des exc\u00e8s, dont jusques-l\u00e0 il s&rsquo;\u00e9tait fait gloire, et qui d&rsquo;ailleurs n&rsquo;\u00e9taient ignor\u00e9s de personne. La parole du serviteur de Dieu, fut pour lui ce glaive \u00e0 deux tranchants, dont parle l&rsquo;Ecriture ; elle entra, elle p\u00e9n\u00e9tra jusques dans les replis de son \u00e2me, jusques dans les jointures et les moelles. Cet homme, qui en avait fait trembler tant d&rsquo;autres, commen\u00e7a \u00e0 craindre lui-m\u00eame. Sa conscience lui fit horreur, et pour la calmer au plus t\u00f4t, il prit le parti de se mettre sous la conduite du saint, et de se livrer \u00e0 lui sans mesure et sans r\u00e9serve. Son retour \u00e0 Dieu fut aussi entier, qu&rsquo;il fut rapide ; il ne passa presque point par ces degr\u00e9s de faiblesse et d&rsquo;imperfection, qu&rsquo;on ne remarque que trop souvent dans la conversion de la plupart des p\u00e9nitents ; Vincent eut plus de peine \u00e0 mod\u00e9rer sa ferveur, que les autres directeurs n&rsquo;en ont d&rsquo;ordinaire \u00e0 l&rsquo;inspirer \u00e0 ceux qui en sont d\u00e9pourvus. Toute la province fut surprise de voir un homme vindicatif, sensible jusqu&rsquo;\u00e0 l&rsquo;exc\u00e8s, et qui ne connaissait d&rsquo;autres lois que celles des biens\u00e9ances du si\u00e8cle, embrasser, en moins de quinze jours, les plus rigoureux exercices d&rsquo;une vie parfaitement chr\u00e9tienne.<\/p>\n<p>Il commen\u00e7a d&rsquo;abord par vendre sa Terre de Rougemont ; et de plus de trente mille \u00e9cus qu&rsquo;il en retira, il n&rsquo;y eut pas une obole qui ne f\u00fbt employ\u00e9e, soit \u00e0 fonder des Monast\u00e8res, soit \u00e0 soulager ceux qui \u00e9taient dans l&rsquo;indigence. Le Ch\u00e2teau de Chandes, o\u00f9 il faisait sa demeure ordinaire, \u00e9tait comme un Hospice commun pour les religieux, et une esp\u00e8ce d&rsquo;H\u00f4pital pour tous les pauvres : sains et malades, ils y \u00e9taient trait\u00e9s avec toute l&rsquo;attention, toute la charit\u00e9 possible. Rien ne leur manquait, ni pour les besoins du corps, ni pour ceux de l&rsquo;\u00e2me ; parce que le Comte entretenait des eccl\u00e9siastiques, qui n&rsquo;avaient d&rsquo;autre occupation que celle de les consoler, et de leur rendre tous les services dont ils \u00e9taient capables. Il animait par son exemple ceux de ses gens, qu&rsquo;il avait charg\u00e9 de cette bonne \u0153uvre ; il ne leur laissait faire que ce qu&rsquo;il ne pouvait faire lui-m\u00eame. Il n&rsquo;y avait dans toute l&rsquo;\u00e9tendue de ses terres aucun pauvre malade, qu&rsquo;il n&rsquo;all\u00e2t visiter et servir en personne ; et lorsqu&rsquo;il \u00e9tait oblig\u00e9 de s&rsquo;absenter, ce qui \u00e9tait assez rare, il les faisait visiter et servir par ses domestiques.<\/p>\n<p>Il avait une si haute id\u00e9e de la pauvret\u00e9, que, quoiqu&rsquo;il poss\u00e9d\u00e2t son bien, moins en ma\u00eetre, qu&rsquo;en \u00e9conome charg\u00e9 de le faire valoir au profit des malheureux, il voulait absolument y renoncer, pour se conformer \u00e0 la conduite de celui qui \u00e9tant riche, s&rsquo;est fait pauvre pour nous. Vincent eut besoin de toute son autorit\u00e9 pour l&#8217;emp\u00eacher de faire cette d\u00e9marche ; et le comte eut besoin de toute sa soumission, pour c\u00e9der \u00e0 ses avis. C&rsquo;est le P. Desmoulins, de l&rsquo;Oratoire, qui nous a transmis tous ces faits ; et son t\u00e9moignage ne peut-\u00eatre suspect, puisqu&rsquo;il n&rsquo;a rien dit, dont il n&rsquo;ait \u00e9t\u00e9 t\u00e9moin. Ah\u00a0! Mon p\u00e8re, lui disait un jour le Comte de Rougemont, les yeux baign\u00e9s de larmes, faut-il que je sois toujours trait\u00e9 de seigneur, et que je poss\u00e8de tant de biens ? Pourquoi M. Vincent m&rsquo;impose-t-il cette dure n\u00e9cessit\u00e9 ? Que ne me laisse-t-il faire ? Je vous assure, ajoutait-il, que s&rsquo;il me l\u00e2chait la main, avant qu&rsquo;il f\u00fbt un mois, je ne poss\u00e9derais pas un pouce de terre ; et je ne puis comprendre comment un Chr\u00e9tien peut rien poss\u00e9der en propre, en voyant le fils de Dieu si pauvre sur la terre.<\/p>\n<p>Comme la lumi\u00e8re des Justes, quelque vive qu&rsquo;elle soit d\u00e8s le commencement, cro\u00eet toujours, et s&rsquo;augmente jusqu&rsquo;\u00e0 ce qu&rsquo;elle forme un jour parfait, le Comte faisait chaque jour de nouveaux progr\u00e8s. Il obtint de l&rsquo;Archev\u00eaque de Lyon la permission de tenir le S. Sacrement en sa Chapelle, afin de ranimer plus souvent sa foi, et son amour. C&rsquo;est l\u00e0 que, prostern\u00e9 aux pieds de son Sauveur, il repassait dans l&rsquo;amertume d&rsquo;une juste douleur les ignorances de sa jeunesse, et les exc\u00e8s d&rsquo;un \u00e2ge plus avanc\u00e9 ; il pleurait avec des larmes de sang la perte irr\u00e9parable de tant d&rsquo;\u00e2mes, que l&rsquo;amour d&rsquo;une fausse gloire lui avait fait pr\u00e9cipiter dans l&rsquo;ab\u00eeme ; et il mettait, comme le Proph\u00e8te, sa bouche dans la poussi\u00e8re, pour concevoir un rayon d&rsquo;esp\u00e9rance. Il donnait r\u00e9guli\u00e8rement au moins trois heures par jour, et quelquefois quatre, \u00e0 la m\u00e9ditation. Il la faisait toujours t\u00eate nue, \u00e0 genoux, et sans s&rsquo;appuyer. La passion et les souffrances de J.C. \u00e9taient le grand objet de ses r\u00e9flexions. Sa pi\u00e9t\u00e9 le porta un jour \u00e0 savoir combien le Fils de Dieu avait re\u00e7u de coups dans sa flagellation ; il se regarda, en jetant la vue sur ses anciens d\u00e9sordres, comme un des principaux ministres de cette sanglante ex\u00e9cution ; et pour racheter ses p\u00e9ch\u00e9s par une aum\u00f4ne, qui e\u00fbt quelque rapport avec leur nombre, il donna \u00e0 la maison de l&rsquo;Oratoire de Lyon autant d&rsquo;\u00e9cus, qu&rsquo;il crut avoir fait de plaies \u00e0 son Divin Sauveur.<\/p>\n<p>Vincent, pour lequel il n&rsquo;avait rien de secret, \u00e9tant all\u00e9 une fois lui rendre visite, le Comte lui d\u00e9clara que tous ses exercices de pi\u00e9t\u00e9 n&rsquo;avaient d&rsquo;autre but, que celui du parfait d\u00e9tachement des cr\u00e9atures. Car, ajouta-t-il, je suis persuad\u00e9 que si je ne tiens plus au monde, je serai tout \u00e0 Dieu ; et c&rsquo;est pour cela que j&rsquo;examine avec soin, si l&rsquo;amiti\u00e9 d&rsquo;un voisin, d&rsquo;un parent, d&rsquo;un homme de consid\u00e9ration, ne m&rsquo;arr\u00eate pas ; ou si mes biens, mes passions, la vanit\u00e9, et l&rsquo;amour de moi-m\u00eame ne sont pas des obstacles au progr\u00e8s que je dois faire dans la perfection ; et d\u00e8s que j&rsquo;aper\u00e7ois que quelque chose me d\u00e9tourne de mon souverain bien, j&rsquo;ai recours \u00e0 la pri\u00e8re, et, sans balancer un moment, je romps, je coupe, je brise le lien funeste, qui ne pourrait m&rsquo;attacher \u00e0 la terre, sans m&rsquo;\u00e9loigner du ciel.<\/p>\n<p>Ce d\u00e9tail p\u00e9n\u00e9trait notre saint de la plus douce consolation ; mais ce qu&rsquo;ajouta le Comte, ne lui en donna pas moins. Il lui raconta donc, qu&rsquo;\u00e9tant un jour en voyage, et s&rsquo;occupant de Dieu le long du chemin \u00e0 son ordinaire, il se mit \u00e0 examiner avec une attention nouvelle, si depuis le temps qu&rsquo;il avait form\u00e9 le dessein de renoncer aux affections du si\u00e8cle, il y en avait encore quelqu&rsquo;une qui ne f\u00fbt bannie de son c\u0153ur. Il parcourut les affaires, les alliances, les id\u00e9es de r\u00e9putation et d&rsquo;honneur, et cette foule infinie d&rsquo;amusements, qui captivent l&rsquo;homme presque sans qu&rsquo;il s&rsquo;en aper\u00e7oive. Au milieu de cette discussion, qui l&rsquo;occupa longtemps, il jeta les yeux sur son \u00e9p\u00e9e : il se demanda \u00e0 lui-m\u00eame, pourquoi il la portait encore. Son esprit agit\u00e9 lui offrit des raisons pour et contre. Il lui pr\u00e9sentait que s&rsquo;il venait \u00e0 \u00eatre attaqu\u00e9, il serait perdu, s&rsquo;il ne l&rsquo;avait pas ; mais il lui pr\u00e9sentait aussi que la facilit\u00e9 de s&rsquo;en servir, pourrait encore lui \u00eatre funeste. Ce combat int\u00e9rieur lui fit sentir que les serviteurs de Dieu, sont toujours hommes par quelque endroit ; et que tel qui a sacrifi\u00e9 ce qu&rsquo;il avait de plus consid\u00e9rable, peut encore tenir \u00e0 une bagatelle. Que ferai-je donc, \u00f4 mon Dieu\u00a0! s&rsquo;\u00c8cria-t-il ? Un tel instrument de ma honte et de mon p\u00e9ch\u00e9, est-il encore capable de me tenir au c\u0153ur ? Je ne trouve que cette \u00e9p\u00e9e qui m&#8217;embarrasse. C&rsquo;en est fait, je n&rsquo;aurai plus la faiblesse ni de m&rsquo;en servir, ni de la porter jamais. A ces mots, il descendit de cheval, il brisa contre une pierre cette \u00e9p\u00e9e qui lui \u00e9tait si ch\u00e8re ; et apr\u00e8s l&rsquo;avoir mise en pi\u00e8ces, il continua sa route. Il tombait d&rsquo;accord que ce sacrifice lui avait beaucoup co\u00fbt\u00e9 ; mais il avouait aussi, qu&rsquo;apr\u00e8s l&rsquo;avoir fait, il \u00e9prouva une paix, une libert\u00e9, un d\u00e9gagement si entier et si parfait, qu&rsquo;il esp\u00e9rait \u00eatre d\u00e9sormais tout \u00e0 Dieu, et n&rsquo;\u00eatre qu&rsquo;\u00e0 lui seul.<\/p>\n<p>Cette confiance, qui n&rsquo;\u00e9tait fond\u00e9e que sur les m\u00e9rites infinis du Fils de Dieu, ne fut pas confondue. Le Comte de Rougemont marcha jusqu&rsquo;au dernier moment dans la voie, o\u00f9 son directeur l&rsquo;avait fait entrer. Il fut \u00e9prouv\u00e9 sur la fin de ses jours par une longue et f\u00e2cheuse maladie ; mais son amour et sa fid\u00e9lit\u00e9 furent plus constantes, que ses douleurs ne furent continuelles. Enfin pr\u00eat \u00e0 partir pour l&rsquo;\u00e9ternit\u00e9, il demanda avec instance aux PP. Capucins, et il re\u00e7ut avec respect, l&rsquo;humble habit de S. Fran\u00e7ois. Ce sac de p\u00e9nitence lui parut plus glorieux que toutes les dignit\u00e9s dont il avait \u00e9t\u00e9 rev\u00eatu. Personne ne douta que sa mort ne fut pr\u00e9cieuse aux yeux du Seigneur, chacun le combla de b\u00e9n\u00e9dictions ; mais on ne lui en donna jamais, sans les faire remonter jusqu&rsquo;\u00e0 Vincent de Paul, \u00e0 qui le Comte \u00e9tait, apr\u00e8s Dieu, redevable de sa conversion, et sans lequel il e\u00fbt bien pu mourir, comme il avait si longtemps v\u00e9cu, c&rsquo;est \u00e0 dire, dans le d\u00e9sordre, et l&rsquo;imp\u00e9nitence.<\/p>\n","protected":false},"excerpt":{"rendered":"<p>Livre premier 12. Conversion \u00e9clatante du Comte de Rougemont ; vertus de ce Seigneur ; son d\u00e9tachement des cr\u00e9atures ; sa sainte mort. La conversion de ces deux dames donna dans tout le pays beaucoup &#8230; <a href=\"https:\/\/vincentians.com\/fr\/la-vie-de-saint-vincent-de-paul-instituteur-de-la-congregation-de-la-mission-et-des-filles-de-la-charite-012\/\" class=\"more-link\">Read More<\/a><\/p>\n","protected":false},"author":4,"featured_media":107739,"comment_status":"open","ping_status":"open","sticky":false,"template":"","format":"standard","meta":{"jetpack_post_was_ever_published":false,"_jetpack_newsletter_access":"","_jetpack_dont_email_post_to_subs":false,"_jetpack_newsletter_tier_id":0,"_jetpack_memberships_contains_paywalled_content":false,"_jetpack_memberships_contains_paid_content":false,"footnotes":"","jetpack_publicize_message":"","jetpack_publicize_feature_enabled":true,"jetpack_social_post_already_shared":true,"jetpack_social_options":{"image_generator_settings":{"template":"highway","default_image_id":0,"font":"","enabled":false},"version":2}},"categories":[5],"tags":[],"class_list":["post-108105","post","type-post","status-publish","format-standard","has-post-thumbnail","hentry","category-vincent-de-paul"],"yoast_head":"<!-- This site is optimized with the Yoast SEO plugin v26.3 - https:\/\/yoast.com\/wordpress\/plugins\/seo\/ -->\n<title>La vie de Saint Vincent de Paul, instituteur de la Congr\u00e9gation de la Mission et des Filles de la Charit\u00e9 (012) - Nous Sommes Vincentiens<\/title>\n<meta name=\"robots\" content=\"index, follow, max-snippet:-1, max-image-preview:large, max-video-preview:-1\" \/>\n<link rel=\"canonical\" href=\"https:\/\/vincentians.com\/fr\/la-vie-de-saint-vincent-de-paul-instituteur-de-la-congregation-de-la-mission-et-des-filles-de-la-charite-012\/\" \/>\n<meta property=\"og:locale\" content=\"fr_FR\" \/>\n<meta property=\"og:type\" content=\"article\" \/>\n<meta property=\"og:title\" content=\"La vie de Saint Vincent de Paul, instituteur de la Congr\u00e9gation de la Mission et des Filles de la Charit\u00e9 (012) - Nous Sommes Vincentiens\" \/>\n<meta property=\"og:description\" content=\"Livre premier 12. Conversion \u00e9clatante du Comte de Rougemont ; vertus de ce Seigneur ; son d\u00e9tachement des cr\u00e9atures ; sa sainte mort. La conversion de ces deux dames donna dans tout le pays beaucoup ... Read More\" \/>\n<meta property=\"og:url\" content=\"https:\/\/vincentians.com\/fr\/la-vie-de-saint-vincent-de-paul-instituteur-de-la-congregation-de-la-mission-et-des-filles-de-la-charite-012\/\" \/>\n<meta property=\"og:site_name\" content=\"Nous Sommes Vincentiens\" \/>\n<meta property=\"article:publisher\" content=\"https:\/\/www.facebook.com\/WeAreVincentians\/\" \/>\n<meta property=\"article:author\" content=\"https:\/\/www.facebook.com\/JavierChento\" \/>\n<meta property=\"article:published_time\" content=\"2014-02-08T05:53:56+00:00\" \/>\n<meta name=\"author\" content=\"Francisco Javier Fern\u00e1ndez Chento\" \/>\n<meta name=\"twitter:card\" content=\"summary_large_image\" \/>\n<meta name=\"twitter:creator\" content=\"@https:\/\/twitter.com\/javierchento\" \/>\n<meta name=\"twitter:site\" content=\"@WeVincentians\" \/>\n<meta name=\"twitter:label1\" content=\"\u00c9crit par\" \/>\n\t<meta name=\"twitter:data1\" content=\"Francisco Javier Fern\u00e1ndez Chento\" \/>\n\t<meta name=\"twitter:label2\" content=\"Dur\u00e9e de lecture estim\u00e9e\" \/>\n\t<meta name=\"twitter:data2\" content=\"9 minutes\" \/>\n<script type=\"application\/ld+json\" class=\"yoast-schema-graph\">{\"@context\":\"https:\/\/schema.org\",\"@graph\":[{\"@type\":\"WebPage\",\"@id\":\"https:\/\/vincentians.com\/fr\/la-vie-de-saint-vincent-de-paul-instituteur-de-la-congregation-de-la-mission-et-des-filles-de-la-charite-012\/\",\"url\":\"https:\/\/vincentians.com\/fr\/la-vie-de-saint-vincent-de-paul-instituteur-de-la-congregation-de-la-mission-et-des-filles-de-la-charite-012\/\",\"name\":\"La vie de Saint Vincent de Paul, instituteur de la Congr\u00e9gation de la Mission et des Filles de la Charit\u00e9 (012) - Nous Sommes Vincentiens\",\"isPartOf\":{\"@id\":\"http:\/\/vincentians.com\/fr\/#website\"},\"primaryImageOfPage\":{\"@id\":\"https:\/\/vincentians.com\/fr\/la-vie-de-saint-vincent-de-paul-instituteur-de-la-congregation-de-la-mission-et-des-filles-de-la-charite-012\/#primaryimage\"},\"image\":{\"@id\":\"https:\/\/vincentians.com\/fr\/la-vie-de-saint-vincent-de-paul-instituteur-de-la-congregation-de-la-mission-et-des-filles-de-la-charite-012\/#primaryimage\"},\"thumbnailUrl\":\"\",\"datePublished\":\"2014-02-08T05:53:56+00:00\",\"author\":{\"@id\":\"http:\/\/vincentians.com\/fr\/#\/schema\/person\/9623ef4d9aa3b2dfb8c061f1499288f2\"},\"breadcrumb\":{\"@id\":\"https:\/\/vincentians.com\/fr\/la-vie-de-saint-vincent-de-paul-instituteur-de-la-congregation-de-la-mission-et-des-filles-de-la-charite-012\/#breadcrumb\"},\"inLanguage\":\"fr-FR\",\"potentialAction\":[{\"@type\":\"ReadAction\",\"target\":[\"https:\/\/vincentians.com\/fr\/la-vie-de-saint-vincent-de-paul-instituteur-de-la-congregation-de-la-mission-et-des-filles-de-la-charite-012\/\"]}]},{\"@type\":\"ImageObject\",\"inLanguage\":\"fr-FR\",\"@id\":\"https:\/\/vincentians.com\/fr\/la-vie-de-saint-vincent-de-paul-instituteur-de-la-congregation-de-la-mission-et-des-filles-de-la-charite-012\/#primaryimage\",\"url\":\"\",\"contentUrl\":\"\"},{\"@type\":\"BreadcrumbList\",\"@id\":\"https:\/\/vincentians.com\/fr\/la-vie-de-saint-vincent-de-paul-instituteur-de-la-congregation-de-la-mission-et-des-filles-de-la-charite-012\/#breadcrumb\",\"itemListElement\":[{\"@type\":\"ListItem\",\"position\":1,\"name\":\"Portada\",\"item\":\"http:\/\/vincentians.com\/fr\/\"},{\"@type\":\"ListItem\",\"position\":2,\"name\":\"La vie de Saint Vincent de Paul, instituteur de la Congr\u00e9gation de la Mission et des Filles de la Charit\u00e9 (012)\"}]},{\"@type\":\"WebSite\",\"@id\":\"http:\/\/vincentians.com\/fr\/#website\",\"url\":\"http:\/\/vincentians.com\/fr\/\",\"name\":\"Nous Sommes Vincentiens\",\"description\":\"Know more to serve more\",\"potentialAction\":[{\"@type\":\"SearchAction\",\"target\":{\"@type\":\"EntryPoint\",\"urlTemplate\":\"http:\/\/vincentians.com\/fr\/?s={search_term_string}\"},\"query-input\":{\"@type\":\"PropertyValueSpecification\",\"valueRequired\":true,\"valueName\":\"search_term_string\"}}],\"inLanguage\":\"fr-FR\"},{\"@type\":\"Person\",\"@id\":\"http:\/\/vincentians.com\/fr\/#\/schema\/person\/9623ef4d9aa3b2dfb8c061f1499288f2\",\"name\":\"Francisco Javier Fern\u00e1ndez Chento\",\"image\":{\"@type\":\"ImageObject\",\"inLanguage\":\"fr-FR\",\"@id\":\"http:\/\/vincentians.com\/fr\/#\/schema\/person\/image\/\",\"url\":\"https:\/\/secure.gravatar.com\/avatar\/497d5cde87b4c3d097d0315953521681ba2cd523ee66e5077c3711f7021e65de?s=96&d=mm&r=g\",\"contentUrl\":\"https:\/\/secure.gravatar.com\/avatar\/497d5cde87b4c3d097d0315953521681ba2cd523ee66e5077c3711f7021e65de?s=96&d=mm&r=g\",\"caption\":\"Francisco Javier Fern\u00e1ndez Chento\"},\"description\":\"Director General y cofundador de La Red de Formaci\u00f3n Vicenciana. Javier es laico vicenciano, afiliado a la Congregaci\u00f3n de la Misi\u00f3n y miembro del Equipo de Misiones Populares de la provincia can\u00f3nica de Zaragoza (Espa\u00f1a) de la Congregaci\u00f3n de la Misi\u00f3n. Graduado en la Universidad Oberta de Catalunya con cuatro grados (Asistente de direcci\u00f3n, Gesti\u00f3n Administrativa, Recursos Humanos y Contabilidad Avanzada). Bil\u00edng\u00fce Espa\u00f1ol\/Ingl\u00e9s. gestiona y mantiene varias p\u00e1ginas web cristianas y vicencianas, incluida including La Red de Formaci\u00f3n Vicenciana, de la que es cofundador. Actualmente es responsable del \u00e1rea de Espa\u00f1ol de .famvin, la Red de Noticias de la Familia Vicenciana. Tambi\u00e9n es m\u00fasico cat\u00f3lico y ha editado varios discos. Es Director General y cofundador de Trovador, una reconocida compa\u00f1\u00eda discogr\u00e1fica critiana de Espa\u00f1a. Trabaja en las Tecnolog\u00edas de la Informaci\u00f3n, ofreciendo servicios de alojamiento, dise\u00f1o y mantenimiento Web, as\u00ed como asesoramiento, formaci\u00f3n y soluciones inform\u00e1ticas, gesti\u00f3n documental y digitalizaci\u00f3n de textos, edici\u00f3n y maquetaci\u00f3n de libros, revistas, flyers, etc.\",\"sameAs\":[\"http:\/\/chento.org\",\"https:\/\/www.facebook.com\/JavierChento\",\"https:\/\/x.com\/https:\/\/twitter.com\/javierchento\"],\"url\":\"https:\/\/vincentians.com\/fr\/author\/chento\/\"}]}<\/script>\n<!-- \/ Yoast SEO plugin. -->","yoast_head_json":{"title":"La vie de Saint Vincent de Paul, instituteur de la Congr\u00e9gation de la Mission et des Filles de la Charit\u00e9 (012) - Nous Sommes Vincentiens","robots":{"index":"index","follow":"follow","max-snippet":"max-snippet:-1","max-image-preview":"max-image-preview:large","max-video-preview":"max-video-preview:-1"},"canonical":"https:\/\/vincentians.com\/fr\/la-vie-de-saint-vincent-de-paul-instituteur-de-la-congregation-de-la-mission-et-des-filles-de-la-charite-012\/","og_locale":"fr_FR","og_type":"article","og_title":"La vie de Saint Vincent de Paul, instituteur de la Congr\u00e9gation de la Mission et des Filles de la Charit\u00e9 (012) - Nous Sommes Vincentiens","og_description":"Livre premier 12. Conversion \u00e9clatante du Comte de Rougemont ; vertus de ce Seigneur ; son d\u00e9tachement des cr\u00e9atures ; sa sainte mort. La conversion de ces deux dames donna dans tout le pays beaucoup ... Read More","og_url":"https:\/\/vincentians.com\/fr\/la-vie-de-saint-vincent-de-paul-instituteur-de-la-congregation-de-la-mission-et-des-filles-de-la-charite-012\/","og_site_name":"Nous Sommes Vincentiens","article_publisher":"https:\/\/www.facebook.com\/WeAreVincentians\/","article_author":"https:\/\/www.facebook.com\/JavierChento","article_published_time":"2014-02-08T05:53:56+00:00","author":"Francisco Javier Fern\u00e1ndez Chento","twitter_card":"summary_large_image","twitter_creator":"@https:\/\/twitter.com\/javierchento","twitter_site":"@WeVincentians","twitter_misc":{"\u00c9crit par":"Francisco Javier Fern\u00e1ndez Chento","Dur\u00e9e de lecture estim\u00e9e":"9 minutes"},"schema":{"@context":"https:\/\/schema.org","@graph":[{"@type":"WebPage","@id":"https:\/\/vincentians.com\/fr\/la-vie-de-saint-vincent-de-paul-instituteur-de-la-congregation-de-la-mission-et-des-filles-de-la-charite-012\/","url":"https:\/\/vincentians.com\/fr\/la-vie-de-saint-vincent-de-paul-instituteur-de-la-congregation-de-la-mission-et-des-filles-de-la-charite-012\/","name":"La vie de Saint Vincent de Paul, instituteur de la Congr\u00e9gation de la Mission et des Filles de la Charit\u00e9 (012) - Nous Sommes Vincentiens","isPartOf":{"@id":"http:\/\/vincentians.com\/fr\/#website"},"primaryImageOfPage":{"@id":"https:\/\/vincentians.com\/fr\/la-vie-de-saint-vincent-de-paul-instituteur-de-la-congregation-de-la-mission-et-des-filles-de-la-charite-012\/#primaryimage"},"image":{"@id":"https:\/\/vincentians.com\/fr\/la-vie-de-saint-vincent-de-paul-instituteur-de-la-congregation-de-la-mission-et-des-filles-de-la-charite-012\/#primaryimage"},"thumbnailUrl":"","datePublished":"2014-02-08T05:53:56+00:00","author":{"@id":"http:\/\/vincentians.com\/fr\/#\/schema\/person\/9623ef4d9aa3b2dfb8c061f1499288f2"},"breadcrumb":{"@id":"https:\/\/vincentians.com\/fr\/la-vie-de-saint-vincent-de-paul-instituteur-de-la-congregation-de-la-mission-et-des-filles-de-la-charite-012\/#breadcrumb"},"inLanguage":"fr-FR","potentialAction":[{"@type":"ReadAction","target":["https:\/\/vincentians.com\/fr\/la-vie-de-saint-vincent-de-paul-instituteur-de-la-congregation-de-la-mission-et-des-filles-de-la-charite-012\/"]}]},{"@type":"ImageObject","inLanguage":"fr-FR","@id":"https:\/\/vincentians.com\/fr\/la-vie-de-saint-vincent-de-paul-instituteur-de-la-congregation-de-la-mission-et-des-filles-de-la-charite-012\/#primaryimage","url":"","contentUrl":""},{"@type":"BreadcrumbList","@id":"https:\/\/vincentians.com\/fr\/la-vie-de-saint-vincent-de-paul-instituteur-de-la-congregation-de-la-mission-et-des-filles-de-la-charite-012\/#breadcrumb","itemListElement":[{"@type":"ListItem","position":1,"name":"Portada","item":"http:\/\/vincentians.com\/fr\/"},{"@type":"ListItem","position":2,"name":"La vie de Saint Vincent de Paul, instituteur de la Congr\u00e9gation de la Mission et des Filles de la Charit\u00e9 (012)"}]},{"@type":"WebSite","@id":"http:\/\/vincentians.com\/fr\/#website","url":"http:\/\/vincentians.com\/fr\/","name":"Nous Sommes Vincentiens","description":"Know more to serve more","potentialAction":[{"@type":"SearchAction","target":{"@type":"EntryPoint","urlTemplate":"http:\/\/vincentians.com\/fr\/?s={search_term_string}"},"query-input":{"@type":"PropertyValueSpecification","valueRequired":true,"valueName":"search_term_string"}}],"inLanguage":"fr-FR"},{"@type":"Person","@id":"http:\/\/vincentians.com\/fr\/#\/schema\/person\/9623ef4d9aa3b2dfb8c061f1499288f2","name":"Francisco Javier Fern\u00e1ndez Chento","image":{"@type":"ImageObject","inLanguage":"fr-FR","@id":"http:\/\/vincentians.com\/fr\/#\/schema\/person\/image\/","url":"https:\/\/secure.gravatar.com\/avatar\/497d5cde87b4c3d097d0315953521681ba2cd523ee66e5077c3711f7021e65de?s=96&d=mm&r=g","contentUrl":"https:\/\/secure.gravatar.com\/avatar\/497d5cde87b4c3d097d0315953521681ba2cd523ee66e5077c3711f7021e65de?s=96&d=mm&r=g","caption":"Francisco Javier Fern\u00e1ndez Chento"},"description":"Director General y cofundador de La Red de Formaci\u00f3n Vicenciana. Javier es laico vicenciano, afiliado a la Congregaci\u00f3n de la Misi\u00f3n y miembro del Equipo de Misiones Populares de la provincia can\u00f3nica de Zaragoza (Espa\u00f1a) de la Congregaci\u00f3n de la Misi\u00f3n. Graduado en la Universidad Oberta de Catalunya con cuatro grados (Asistente de direcci\u00f3n, Gesti\u00f3n Administrativa, Recursos Humanos y Contabilidad Avanzada). Bil\u00edng\u00fce Espa\u00f1ol\/Ingl\u00e9s. gestiona y mantiene varias p\u00e1ginas web cristianas y vicencianas, incluida including La Red de Formaci\u00f3n Vicenciana, de la que es cofundador. Actualmente es responsable del \u00e1rea de Espa\u00f1ol de .famvin, la Red de Noticias de la Familia Vicenciana. Tambi\u00e9n es m\u00fasico cat\u00f3lico y ha editado varios discos. Es Director General y cofundador de Trovador, una reconocida compa\u00f1\u00eda discogr\u00e1fica critiana de Espa\u00f1a. Trabaja en las Tecnolog\u00edas de la Informaci\u00f3n, ofreciendo servicios de alojamiento, dise\u00f1o y mantenimiento Web, as\u00ed como asesoramiento, formaci\u00f3n y soluciones inform\u00e1ticas, gesti\u00f3n documental y digitalizaci\u00f3n de textos, edici\u00f3n y maquetaci\u00f3n de libros, revistas, flyers, etc.","sameAs":["http:\/\/chento.org","https:\/\/www.facebook.com\/JavierChento","https:\/\/x.com\/https:\/\/twitter.com\/javierchento"],"url":"https:\/\/vincentians.com\/fr\/author\/chento\/"}]}},"jetpack_publicize_connections":[],"jetpack_featured_media_url":"","jetpack_sharing_enabled":true,"jetpack_shortlink":"https:\/\/wp.me\/p7ETMP-s7D","jetpack-related-posts":[{"id":52031,"url":"https:\/\/vincentians.com\/fr\/saint-vincent-de-paul-et-sa-mission-sociale-i-la-vocation-3\/","url_meta":{"origin":108105,"position":0},"title":"Saint Vincent De Paul Et Sa Mission Sociale. I &#8211; La vocation (3)","author":"Francisco Javier Fern\u00e1ndez Chento","date":"20\/12\/2014","format":false,"excerpt":"L\u2019APOSTOLAT DE LA CHARIT\u00c9. Les pr\u00e9mices du dix-septi\u00e8me si\u00e8cle. \u2014 Vincent de Paul et le P. de B\u00e9rulle. \u2014 Vincent est nomm\u00e9 cur\u00e9 de Clichy. \u2014 Ses premiers travaux. \u2014 Son entr\u00e9e dans la maison de Gondi. - Les pauvres gens des campagnes. \u2014 Premi\u00e8re mission \u00e0 Folleville. \u2014 Vincent\u2026","rel":"","context":"Dans &quot;Vincent de Paul&quot;","block_context":{"text":"Vincent de Paul","link":"https:\/\/vincentians.com\/fr\/category\/the-vincentian-family\/founders\/vincent-de-paul\/"},"img":{"alt_text":"","src":"https:\/\/i0.wp.com\/vincentians.com\/fr\/wp-content\/uploads\/sites\/10\/2016\/07\/vincent-et-sa-action-sociale.jpg?fit=1160%2C630&ssl=1&resize=350%2C200","width":350,"height":200,"srcset":"https:\/\/i0.wp.com\/vincentians.com\/fr\/wp-content\/uploads\/sites\/10\/2016\/07\/vincent-et-sa-action-sociale.jpg?fit=1160%2C630&ssl=1&resize=350%2C200 1x, https:\/\/i0.wp.com\/vincentians.com\/fr\/wp-content\/uploads\/sites\/10\/2016\/07\/vincent-et-sa-action-sociale.jpg?fit=1160%2C630&ssl=1&resize=525%2C300 1.5x, https:\/\/i0.wp.com\/vincentians.com\/fr\/wp-content\/uploads\/sites\/10\/2016\/07\/vincent-et-sa-action-sociale.jpg?fit=1160%2C630&ssl=1&resize=700%2C400 2x, https:\/\/i0.wp.com\/vincentians.com\/fr\/wp-content\/uploads\/sites\/10\/2016\/07\/vincent-et-sa-action-sociale.jpg?fit=1160%2C630&ssl=1&resize=1050%2C600 3x"},"classes":[]},{"id":104979,"url":"https:\/\/vincentians.com\/fr\/la-vie-du-venerable-serviteur-de-dieu-vincent-de-paul-livre-premier-chapitre-xii\/","url_meta":{"origin":108105,"position":1},"title":"La vie du v\u00e9n\u00e9rable serviteur de Dieu Vincent de Paul, Livre premier, Chapitre XII","author":"Francisco Javier Fern\u00e1ndez Chento","date":"10\/12\/2012","format":false,"excerpt":"Changement merveilleux arriv\u00e9 en la personne d'un grand seigneur qui se mit sous la direction de M. Vincent La r\u00e9putation de M. Vincent, pendant qu'il fut en Bresse, se r\u00e9pandant en divers lieux, et M. le Comte de Rougemont qui demeurait en cette province-l\u00e0, en ayant ou\u00ef parler, cela le\u2026","rel":"","context":"Dans &quot;Vincent de Paul&quot;","block_context":{"text":"Vincent de Paul","link":"https:\/\/vincentians.com\/fr\/category\/the-vincentian-family\/founders\/vincent-de-paul\/"},"img":{"alt_text":"","src":"https:\/\/i0.wp.com\/vincentians.com\/fr\/wp-content\/uploads\/sites\/10\/2016\/07\/abelly-feat.jpg?fit=1200%2C630&ssl=1&resize=350%2C200","width":350,"height":200,"srcset":"https:\/\/i0.wp.com\/vincentians.com\/fr\/wp-content\/uploads\/sites\/10\/2016\/07\/abelly-feat.jpg?fit=1200%2C630&ssl=1&resize=350%2C200 1x, https:\/\/i0.wp.com\/vincentians.com\/fr\/wp-content\/uploads\/sites\/10\/2016\/07\/abelly-feat.jpg?fit=1200%2C630&ssl=1&resize=525%2C300 1.5x, https:\/\/i0.wp.com\/vincentians.com\/fr\/wp-content\/uploads\/sites\/10\/2016\/07\/abelly-feat.jpg?fit=1200%2C630&ssl=1&resize=700%2C400 2x, https:\/\/i0.wp.com\/vincentians.com\/fr\/wp-content\/uploads\/sites\/10\/2016\/07\/abelly-feat.jpg?fit=1200%2C630&ssl=1&resize=1050%2C600 3x"},"classes":[]},{"id":52035,"url":"https:\/\/vincentians.com\/fr\/saint-vincent-de-paul-et-sa-mission-sociale-ii-les-oeuvres-2\/","url_meta":{"origin":108105,"position":2},"title":"Saint Vincent De Paul Et Sa Mission Sociale. II &#8211; Les \u0152uvres (2)","author":"Francisco Javier Fern\u00e1ndez Chento","date":"22\/12\/2014","format":false,"excerpt":"LA CONGR\u00c9GATION DE LA MISSION. \u2014 Fondation de la Mission. \u2014 Madame de Gondi. \u2014 Vincent de Paul est nomm\u00e9 sup\u00e9rieur du coll\u00e8ge des Bons-Enfants. \u2014 Les fondateurs d\u2019ordre. \u2014 But de la Congr\u00e9gation de la Mission. \u2014 L\u2019\u00e9vang\u00e9lisation des pauvres. \u2014 \u00c9tablissement \u00e0 Saint-Lazare. \u2014 Premiers travaux des missionnaires.\u2026","rel":"","context":"Dans &quot;Vincent de Paul&quot;","block_context":{"text":"Vincent de Paul","link":"https:\/\/vincentians.com\/fr\/category\/the-vincentian-family\/founders\/vincent-de-paul\/"},"img":{"alt_text":"","src":"https:\/\/i0.wp.com\/vincentians.com\/fr\/wp-content\/uploads\/sites\/10\/2016\/07\/vincent-et-sa-action-sociale.jpg?fit=1160%2C630&ssl=1&resize=350%2C200","width":350,"height":200,"srcset":"https:\/\/i0.wp.com\/vincentians.com\/fr\/wp-content\/uploads\/sites\/10\/2016\/07\/vincent-et-sa-action-sociale.jpg?fit=1160%2C630&ssl=1&resize=350%2C200 1x, https:\/\/i0.wp.com\/vincentians.com\/fr\/wp-content\/uploads\/sites\/10\/2016\/07\/vincent-et-sa-action-sociale.jpg?fit=1160%2C630&ssl=1&resize=525%2C300 1.5x, https:\/\/i0.wp.com\/vincentians.com\/fr\/wp-content\/uploads\/sites\/10\/2016\/07\/vincent-et-sa-action-sociale.jpg?fit=1160%2C630&ssl=1&resize=700%2C400 2x, https:\/\/i0.wp.com\/vincentians.com\/fr\/wp-content\/uploads\/sites\/10\/2016\/07\/vincent-et-sa-action-sociale.jpg?fit=1160%2C630&ssl=1&resize=1050%2C600 3x"},"classes":[]},{"id":52038,"url":"https:\/\/vincentians.com\/fr\/saint-vincent-de-paul-et-sa-mission-sociale-ii-les-oeuvres-3\/","url_meta":{"origin":108105,"position":3},"title":"Saint Vincent De Paul Et Sa Mission Sociale. II &#8211; Les \u0152uvres (3)","author":"Francisco Javier Fern\u00e1ndez Chento","date":"23\/12\/2014","format":false,"excerpt":"LA S\u0152UR DE CHARIT\u00c9. \u2014 Mademoiselle Le Gras et Vincent de Paul. \u2014 Premiers rapports ; premi\u00e8res \u0153uvres. \u2014 Institution des Filles de la Charit\u00e9, servantes des pauvres. \u2014 Une nouvelle religieuse. \u2014 Conf\u00e9rences. \u2014 R\u00e8gles. \u2014 L\u2019H\u00f4tel de Rambouillet et l\u2019H\u00f4tel-Dieu. \u2014 Les Dames de la Charit\u00e9. Madame Goussault.\u2026","rel":"","context":"Dans &quot;Vincent de Paul&quot;","block_context":{"text":"Vincent de Paul","link":"https:\/\/vincentians.com\/fr\/category\/the-vincentian-family\/founders\/vincent-de-paul\/"},"img":{"alt_text":"","src":"https:\/\/i0.wp.com\/vincentians.com\/fr\/wp-content\/uploads\/sites\/10\/2016\/07\/vincent-et-sa-action-sociale.jpg?fit=1160%2C630&ssl=1&resize=350%2C200","width":350,"height":200,"srcset":"https:\/\/i0.wp.com\/vincentians.com\/fr\/wp-content\/uploads\/sites\/10\/2016\/07\/vincent-et-sa-action-sociale.jpg?fit=1160%2C630&ssl=1&resize=350%2C200 1x, https:\/\/i0.wp.com\/vincentians.com\/fr\/wp-content\/uploads\/sites\/10\/2016\/07\/vincent-et-sa-action-sociale.jpg?fit=1160%2C630&ssl=1&resize=525%2C300 1.5x, https:\/\/i0.wp.com\/vincentians.com\/fr\/wp-content\/uploads\/sites\/10\/2016\/07\/vincent-et-sa-action-sociale.jpg?fit=1160%2C630&ssl=1&resize=700%2C400 2x, https:\/\/i0.wp.com\/vincentians.com\/fr\/wp-content\/uploads\/sites\/10\/2016\/07\/vincent-et-sa-action-sociale.jpg?fit=1160%2C630&ssl=1&resize=1050%2C600 3x"},"classes":[]},{"id":52061,"url":"https:\/\/vincentians.com\/fr\/saint-vincent-de-paul-et-sa-mission-sociale-iv-le-saint\/","url_meta":{"origin":108105,"position":4},"title":"Saint Vincent De Paul Et Sa Mission Sociale. IV &#8211; Le Saint","author":"Francisco Javier Fern\u00e1ndez Chento","date":"28\/12\/2014","format":false,"excerpt":"La charit\u00e9 ; ses sources, ses effets. \u2014 Foi, humilit\u00e9, douceur de Vincent de Paul. \u2014 Traits de ses vertus. \u2014 Les miracles. \u2014 La vision des deux globes. \u2014 La journ\u00e9e de Vincent ; occupations et aust\u00e9rit\u00e9s. \u2014 Les derniers temps de sa vie. \u2014 Mort et canonisation. \u2014\u2026","rel":"","context":"Dans &quot;Vincent de Paul&quot;","block_context":{"text":"Vincent de Paul","link":"https:\/\/vincentians.com\/fr\/category\/the-vincentian-family\/founders\/vincent-de-paul\/"},"img":{"alt_text":"","src":"https:\/\/i0.wp.com\/vincentians.com\/fr\/wp-content\/uploads\/sites\/10\/2016\/07\/vincent-et-sa-action-sociale.jpg?fit=1160%2C630&ssl=1&resize=350%2C200","width":350,"height":200,"srcset":"https:\/\/i0.wp.com\/vincentians.com\/fr\/wp-content\/uploads\/sites\/10\/2016\/07\/vincent-et-sa-action-sociale.jpg?fit=1160%2C630&ssl=1&resize=350%2C200 1x, https:\/\/i0.wp.com\/vincentians.com\/fr\/wp-content\/uploads\/sites\/10\/2016\/07\/vincent-et-sa-action-sociale.jpg?fit=1160%2C630&ssl=1&resize=525%2C300 1.5x, https:\/\/i0.wp.com\/vincentians.com\/fr\/wp-content\/uploads\/sites\/10\/2016\/07\/vincent-et-sa-action-sociale.jpg?fit=1160%2C630&ssl=1&resize=700%2C400 2x, https:\/\/i0.wp.com\/vincentians.com\/fr\/wp-content\/uploads\/sites\/10\/2016\/07\/vincent-et-sa-action-sociale.jpg?fit=1160%2C630&ssl=1&resize=1050%2C600 3x"},"classes":[]},{"id":52016,"url":"https:\/\/vincentians.com\/fr\/saint-vincent-de-paul-et-sa-mission-sociale-introduction\/","url_meta":{"origin":108105,"position":5},"title":"Saint Vincent De Paul Et Sa Mission Sociale. Introduction","author":"Francisco Javier Fern\u00e1ndez Chento","date":"17\/12\/2014","format":false,"excerpt":"Les antiennes que l\u2019on chante aux premi\u00e8res v\u00eapres de saint Vincent de Paul sont le portrait et l\u2019\u00e9loge le plus exact que l\u2019on puisse faire de ce h\u00e9ros de la charit\u00e9 : Les indigents et les pauvres cherchent de l\u2019eau et n\u2019en trouvent pas ; moi, dit le Seigneur, je\u2026","rel":"","context":"Dans &quot;Vincent de Paul&quot;","block_context":{"text":"Vincent de Paul","link":"https:\/\/vincentians.com\/fr\/category\/the-vincentian-family\/founders\/vincent-de-paul\/"},"img":{"alt_text":"","src":"https:\/\/i0.wp.com\/vincentians.com\/fr\/wp-content\/uploads\/sites\/10\/2016\/07\/vincent-et-sa-action-sociale.jpg?fit=1160%2C630&ssl=1&resize=350%2C200","width":350,"height":200,"srcset":"https:\/\/i0.wp.com\/vincentians.com\/fr\/wp-content\/uploads\/sites\/10\/2016\/07\/vincent-et-sa-action-sociale.jpg?fit=1160%2C630&ssl=1&resize=350%2C200 1x, https:\/\/i0.wp.com\/vincentians.com\/fr\/wp-content\/uploads\/sites\/10\/2016\/07\/vincent-et-sa-action-sociale.jpg?fit=1160%2C630&ssl=1&resize=525%2C300 1.5x, https:\/\/i0.wp.com\/vincentians.com\/fr\/wp-content\/uploads\/sites\/10\/2016\/07\/vincent-et-sa-action-sociale.jpg?fit=1160%2C630&ssl=1&resize=700%2C400 2x, https:\/\/i0.wp.com\/vincentians.com\/fr\/wp-content\/uploads\/sites\/10\/2016\/07\/vincent-et-sa-action-sociale.jpg?fit=1160%2C630&ssl=1&resize=1050%2C600 3x"},"classes":[]}],"_links":{"self":[{"href":"https:\/\/vincentians.com\/fr\/wp-json\/wp\/v2\/posts\/108105","targetHints":{"allow":["GET"]}}],"collection":[{"href":"https:\/\/vincentians.com\/fr\/wp-json\/wp\/v2\/posts"}],"about":[{"href":"https:\/\/vincentians.com\/fr\/wp-json\/wp\/v2\/types\/post"}],"author":[{"embeddable":true,"href":"https:\/\/vincentians.com\/fr\/wp-json\/wp\/v2\/users\/4"}],"replies":[{"embeddable":true,"href":"https:\/\/vincentians.com\/fr\/wp-json\/wp\/v2\/comments?post=108105"}],"version-history":[{"count":0,"href":"https:\/\/vincentians.com\/fr\/wp-json\/wp\/v2\/posts\/108105\/revisions"}],"wp:featuredmedia":[{"embeddable":true,"href":"https:\/\/vincentians.com\/fr\/wp-json\/"}],"wp:attachment":[{"href":"https:\/\/vincentians.com\/fr\/wp-json\/wp\/v2\/media?parent=108105"}],"wp:term":[{"taxonomy":"category","embeddable":true,"href":"https:\/\/vincentians.com\/fr\/wp-json\/wp\/v2\/categories?post=108105"},{"taxonomy":"post_tag","embeddable":true,"href":"https:\/\/vincentians.com\/fr\/wp-json\/wp\/v2\/tags?post=108105"}],"curies":[{"name":"wp","href":"https:\/\/api.w.org\/{rel}","templated":true}]}}